{"id":81369,"date":"2015-05-07T09:11:41","date_gmt":"2015-05-07T07:11:41","guid":{"rendered":"https:\/\/centcols.org\/12-au-16-aout-2008-concentration-internationale-du-club-des-cent-cols-a-areches-73\/"},"modified":"2025-07-07T01:00:55","modified_gmt":"2025-07-06T23:00:55","slug":"12-bis-16-august-2008-internationale-konzentration-des-club-des-cent-cols-in-areches-73","status":"publish","type":"post","link":"https:\/\/centcols.org\/de\/12-au-16-aout-2008-concentration-internationale-du-club-des-cent-cols-a-areches-73\/","title":{"rendered":"12. bis 16. August 2008: Internationale Konzentration des Club des Cent Cols in Ar\u00eaches (73)"},"content":{"rendered":"<h2>Ansprache auf dem Col du Joly, Samstag, 16. August 2008<\/h2>\n<hr \/>\n<p>Sind alle da? Adieu an alle! Hallo und willkommen im Land der Savoyen.<br \/>\nHallo an unsere franz\u00f6sischsprachigen Freunde in der Schweiz, Belgien und Luxemburg.<br \/>\nGuten Morgen an unsere englischen Freunde.<br \/>\nGuten Tag und Willkommen an unsere deutschen Freunde.<br \/>\nGoeden dag en welkom aan onze vlaamse vrienden.<br \/>\nBuon giorno e benvenuto a nostre amigi d'Italia.<\/p>\n<p>Ich m\u00f6chte auch zwei tschechische Mitbr\u00fcder begr\u00fc\u00dfen, die bereits heute wieder unterwegs sind: Sie hatten am Aufenthalt in Ar\u00eaches teilgenommen und ihre Anwesenheit verdeutlicht das wachsende internationale Publikum unserer Bruderschaft.<\/p>\n<p>Wie ich letztes Jahr in Le Laouzas sagte, ist es eine gro\u00dfe Freude, sich zu unserem j\u00e4hrlichen Treffen zu versammeln, das traditionell am 15. August stattfindet. Der Zufall wollte es, dass wir es dieses Jahr auf den 16. verschoben haben, und wir waren angesichts des Wetters, das gestern \u00fcber unseren Bergen herrschte, gut beraten. Und wir profitieren von der wei\u00dfen Pracht, die \u00fcber alle Gipfel ab 2200 m H\u00f6he gezogen ist.<\/p>\n<p>Der Col du Joly, eine breite Schneise, die das Val Montjoie mit dem oberen Tal von Hauteluce, dem Vall\u00e9e du Dorinet, verbindet, ist ein ganz bemerkenswerter Ort. Ich m\u00f6chte Sie zun\u00e4chst einladen, den Himmel zu bewundern, wie er sich Ihren Augen pr\u00e4sentiert, wenn Sie den Pass erreichen. Jedem Pass kann man ein St\u00fcck Himmel zuordnen, das sich wie ein Keil in die Aussparung eines V-f\u00f6rmigen Passes bohrt oder das den Schnitt, den die Rundung der Passmulde bildet, mit Azurblau f\u00fcllt. Wenn Sie sich an Ihre Aufstiege erinnern oder sich Fotos ansehen, werden Sie immer ein St\u00fcck Himmel finden, dessen Bild mit dem des Passes verbunden ist, mit unendlich vielen Nuancen je nach Wetter und Jahreszeit. Schlie\u00dflich k\u00f6nnte unser Club auch der Club der Hundert Himmel sein!<\/p>\n<p>Bewundern Sie dann die Landschaft, die von der imposanten Pr\u00e4senz des Mont Blanc gepr\u00e4gt ist, dessen Hauptdom mit seinen Eisgr\u00e4ben und nat\u00fcrlichen Felsw\u00e4llen wie eine wei\u00dfe Festung erscheint. N\u00e4her an uns liegen die Aiguille Croche und die Aiguille de Roselette. Eine interessante geologische Besonderheit sind die Gipsaufschl\u00fcsse s\u00fcdlich des Passes, wo sich Aufl\u00f6sungstrichter gebildet haben, die kleine Seen wie den Lac de Roselette beherbergen.<\/p>\n<p>Trotz seiner respektablen H\u00f6he von 1989 m, trotz seines H\u00f6henunterschieds und seiner anstrengenden Steigung mit hohen Prozents\u00e4tzen, die Sie zu \u00aberfahrenen\u00bb Kletterern machen, wurde diesem Col du Joly noch nie die Ehre der Tour de France zuteil, und er bleibt abseits der gro\u00dfen Medienorganisationen. Dennoch sind wir nicht die ersten, die hier eine Radsportveranstaltung organisieren: In der Vergangenheit hat der ber\u00fchmte Raid Lyon Chamonix Lyon diesen Pass auf der Seite von Contamines Montjoie \u00fcberquert. Das Rennen wurde damals in einem St\u00fcck absolviert, und weder die Distanz noch die Maultierpassagen schreckten die Radfahrer damals ab. Mit weitaus bescheideneren sportlichen Ambitionen kn\u00fcpft unser Zusammenschluss an die alte Tradition an, den Col du Joly mit dem Fahrrad zu erklimmen.<\/p>\n<p>Eine andere sehr alte Tradition in den Bergen, die in vielen L\u00e4ndern \u00fcblich ist, besteht darin, auf den Passh\u00f6hen kleine Steinpyramiden zu errichten. In Frankreich werden sie Cairn genannt, ein Wort mit g\u00e4lischen Wurzeln, das von den Schotten \u00fcbernommen wurde. Die Deutschen sprechen von Kar. Man findet sie auch auf anderen Kontinenten, von den Anden bis zum Himalaya, unter verschiedenen Namen: In Tibet zum Beispiel hei\u00dft es Chorten. Die Katalanen in der Provinz Tarragona nennen sie \u00abmontjoia\u00bb. Diese lateinische Wurzel findet sich auch in einem altfranz\u00f6sischen Wort, mont joie, wieder. Die allgemein anerkannte Etymologie des Namens \u00abMontjoie\u00bb, der erst seit 1949 mit dem Namen Les Contamines verbunden ist, lautet Mons Jovis, Mont de Jupiter. Eine Verbindung zu den Montjoies ist jedoch nicht von der Hand zu weisen, da wir uns hier auf der Trasse eines alten, sogenannten R\u00f6merwegs befinden, der das Tal von Chamonix mit Italien verband und \u00fcber den der Salzhandel abgewickelt wurde. Auf der heutigen Trasse des GR, der den Mont Blanc umrundet, findet man beispielsweise am Col de la Fen\u00eatre oder am Col du Bonhomme Cairns.<\/p>\n<p>Deshalb haben wir Sie nach unserem Treffen auf dem Col du Joly, bei dem wir Ihnen ein lokales Souvenir in Form eines Opinel mit dem Logo der Cent Cols \u00fcberreicht haben, mit dem Sie Brot und Tomme de Beaufort schneiden k\u00f6nnen, und um die Freundschaft zwischen uns nicht zu unterbrechen, um einen Beitrag gebeten, indem wir Ihnen vorschlagen, sich an der Errichtung eines kleinen Steinhaufens an der Kreuzung der asphaltierten Stra\u00dfe und der verschiedenen Wege, die zum Pass f\u00fchren, zu beteiligen. Bisher geh\u00f6rt dieser Stein dem Club des Cent Cols. Was wird aus ihm werden? Es handelt sich um eine \u00e4u\u00dferst unsichere Konstruktion. Vielleicht kehren die Steine in den Berg zur\u00fcck, aus dem sie stammen. Vielleicht werden auch andere Wanderer ihren Stein zu den von uns gelegten Steinen hinzuf\u00fcgen und so diesen Steinhaufen, der zum Steinhaufen des Col du Joly wird, weiter festigen. Auf jeden Fall wird uns sein Schicksal von nun an entgleiten.<\/p>\n<p>Der Steinhaufen markiert den \u00dcbergang \u00fcber den Pass, er dient als Wegweiser oder Orientierungshilfe bei Nebel, er kann eine religi\u00f6se Konnotation zum Schutz haben, insbesondere auf Pilgerwegen, und oft signalisiert der Kletterer oder Wanderer seinen \u00dcbergang, indem er seinen eigenen Stein zum Geb\u00e4ude hinzuf\u00fcgt. Wenn man dar\u00fcber nachdenkt, wird der Wanderer durch diese Geste seinerseits durch die \u00dcberquerung des Passes gepr\u00e4gt: Es ist ein besonderer Moment, in dem man in Gedanken an die Orte zur\u00fcckkehrt, die man auf dem Weg zum Pass durchquert hat, und sich auf die Orte projiziert, die man auf der anderen Seite entdecken wird. Wer seinen Stein auf einen Steinhaufen legt, muss unweigerlich an alle denken, die zuvor am selben Ort die gleiche Geste gemacht haben: Es entsteht eine subtile Verbindung, wie eine unsichtbare Kette, zwischen diesen Akteuren, die sich nicht kennen.<\/p>\n<p>Deshalb haben diejenigen, die wie wir mehr als genug P\u00e4sse \u00fcberqueren, das Bed\u00fcrfnis, einander kennenzulernen und sich zu treffen. Die Gr\u00fcndung unseres Clubs hat diesem Bed\u00fcrfnis durch verschiedene Aktionsmittel entsprochen, von denen das internationale Treffen am 15. August nicht das geringste ist. Seit 36 Jahren gibt es unsere Bruderschaft, auf einer Geburtstagstorte w\u00e4ren das 36 Kerzen zum Auspusten! Es ist uns eine gro\u00dfe Freude, Jean Perdoux, den Gr\u00fcnder des Clubs, zu begr\u00fc\u00dfen, dem wir es zu verdanken haben, dass wir heute hier sind. Bevor ich ihm das Wort \u00fcbergebe, m\u00f6chte ich Sie auf den Sommer 2009 einstimmen, irgendwo in den Pyren\u00e4en, mit einem m\u00f6glichen Abstecher nach Spanien.<\/p>\n<p>Ich danke euch allen f\u00fcr eure Anwesenheit und eure Aufmerksamkeit. Auf dich, Jean.<\/p>\n<p>Claude B\u00e9nistrand<\/p>\n<p>Vorsitzender des \"Club des Cent Cols\" (Club der hundert P\u00e4sse).<\/p>","protected":false},"excerpt":{"rendered":"<p>Allocution au col du Joly, samedi 16 ao\u00fbt 2008 Tout le monde sont l\u00e0 ? Adieu \u00e0 tous ! Bonjour et bienvenue en pays de Savoie. Bonjour \u00e0 nos amis francophones de Suisse, Belgique et Luxembourg. Good morning to our english friends. Guten Tag und Willkommen an unsere deutsche Freunde. Goeden dag en welkom aan [&hellip;]<\/p>\n","protected":false},"author":2,"featured_media":0,"comment_status":"closed","ping_status":"closed","sticky":false,"template":"","format":"standard","meta":{"_acf_changed":false,"footnotes":""},"categories":[135,252,216],"tags":[],"class_list":["post-81369","post","type-post","status-publish","format-standard","hentry","category-calendrier","category-les-rassemblements-de-2008","category-rencontres-regionales"],"acf":[],"yoast_head":"<!-- This site is optimized with the Yoast SEO plugin v27.2 - https:\/\/yoast.com\/product\/yoast-seo-wordpress\/ -->\n<title>12 au 16 ao\u00fbt 2008 : concentration internationale du Club des Cent Cols \u00e0 Ar\u00eaches (73) - Club des Cent Cols<\/title>\n<meta name=\"robots\" content=\"index, follow, max-snippet:-1, max-image-preview:large, max-video-preview:-1\" \/>\n<link rel=\"canonical\" href=\"https:\/\/centcols.org\/de\/12-bis-16-august-2008-internationale-konzentration-des-club-des-cent-cols-in-areches-73\/\" \/>\n<meta property=\"og:locale\" content=\"de_DE\" \/>\n<meta property=\"og:type\" content=\"article\" \/>\n<meta property=\"og:title\" content=\"12 au 16 ao\u00fbt 2008 : concentration internationale du Club des Cent Cols \u00e0 Ar\u00eaches (73) - Club des Cent Cols\" \/>\n<meta property=\"og:description\" content=\"Allocution au col du Joly, samedi 16 ao\u00fbt 2008 Tout le monde sont l\u00e0 ? Adieu \u00e0 tous ! Bonjour et bienvenue en pays de Savoie. Bonjour \u00e0 nos amis francophones de Suisse, Belgique et Luxembourg. Good morning to our english friends. Guten Tag und Willkommen an unsere deutsche Freunde. Goeden dag en welkom aan [&hellip;]\" \/>\n<meta property=\"og:url\" content=\"https:\/\/centcols.org\/de\/12-bis-16-august-2008-internationale-konzentration-des-club-des-cent-cols-in-areches-73\/\" \/>\n<meta property=\"og:site_name\" content=\"Club des Cent Cols\" \/>\n<meta property=\"article:publisher\" content=\"https:\/\/www.facebook.com\/groups\/5261880558\/?locale=fr_FR\" \/>\n<meta property=\"article:published_time\" content=\"2015-05-07T07:11:41+00:00\" \/>\n<meta property=\"article:modified_time\" content=\"2025-07-06T23:00:55+00:00\" \/>\n<meta name=\"author\" content=\"fabien\" \/>\n<meta name=\"twitter:card\" content=\"summary_large_image\" \/>\n<meta name=\"twitter:label1\" content=\"Verfasst von\" \/>\n\t<meta name=\"twitter:data1\" content=\"fabien\" \/>\n\t<meta name=\"twitter:label2\" content=\"Gesch\u00e4tzte Lesezeit\" \/>\n\t<meta name=\"twitter:data2\" content=\"6\u00a0Minuten\" \/>\n<script type=\"application\/ld+json\" class=\"yoast-schema-graph\">{\"@context\":\"https:\/\/schema.org\",\"@graph\":[{\"@type\":\"Article\",\"@id\":\"https:\/\/centcols.org\/12-au-16-aout-2008-concentration-internationale-du-club-des-cent-cols-a-areches-73\/#article\",\"isPartOf\":{\"@id\":\"https:\/\/centcols.org\/12-au-16-aout-2008-concentration-internationale-du-club-des-cent-cols-a-areches-73\/\"},\"author\":{\"name\":\"fabien\",\"@id\":\"https:\/\/centcols.org\/#\/schema\/person\/fcdb31e57ffa95295c9683ffdda82afa\"},\"headline\":\"12 au 16 ao\u00fbt 2008 : concentration internationale du Club des Cent Cols \u00e0 Ar\u00eaches (73)\",\"datePublished\":\"2015-05-07T07:11:41+00:00\",\"dateModified\":\"2025-07-06T23:00:55+00:00\",\"mainEntityOfPage\":{\"@id\":\"https:\/\/centcols.org\/12-au-16-aout-2008-concentration-internationale-du-club-des-cent-cols-a-areches-73\/\"},\"wordCount\":1224,\"publisher\":{\"@id\":\"https:\/\/centcols.org\/#organization\"},\"articleSection\":[\"Calendrier\",\"2008-rassemblements\",\"Rencontres r\u00e9gionales\"],\"inLanguage\":\"de\"},{\"@type\":\"WebPage\",\"@id\":\"https:\/\/centcols.org\/12-au-16-aout-2008-concentration-internationale-du-club-des-cent-cols-a-areches-73\/\",\"url\":\"https:\/\/centcols.org\/12-au-16-aout-2008-concentration-internationale-du-club-des-cent-cols-a-areches-73\/\",\"name\":\"12 au 16 ao\u00fbt 2008 : concentration internationale du Club des Cent Cols \u00e0 Ar\u00eaches (73) - Club des Cent Cols\",\"isPartOf\":{\"@id\":\"https:\/\/centcols.org\/#website\"},\"datePublished\":\"2015-05-07T07:11:41+00:00\",\"dateModified\":\"2025-07-06T23:00:55+00:00\",\"breadcrumb\":{\"@id\":\"https:\/\/centcols.org\/12-au-16-aout-2008-concentration-internationale-du-club-des-cent-cols-a-areches-73\/#breadcrumb\"},\"inLanguage\":\"de\",\"potentialAction\":[{\"@type\":\"ReadAction\",\"target\":[\"https:\/\/centcols.org\/12-au-16-aout-2008-concentration-internationale-du-club-des-cent-cols-a-areches-73\/\"]}]},{\"@type\":\"BreadcrumbList\",\"@id\":\"https:\/\/centcols.org\/12-au-16-aout-2008-concentration-internationale-du-club-des-cent-cols-a-areches-73\/#breadcrumb\",\"itemListElement\":[{\"@type\":\"ListItem\",\"position\":1,\"name\":\"Accueil\",\"item\":\"https:\/\/centcols.org\/\"},{\"@type\":\"ListItem\",\"position\":2,\"name\":\"Rencontres r\u00e9gionales\",\"item\":\"https:\/\/centcols.org\/rubrique\/rencontres-regionales\/\"},{\"@type\":\"ListItem\",\"position\":3,\"name\":\"2008-rassemblements\",\"item\":\"https:\/\/centcols.org\/rubrique\/rencontres-regionales\/les-rassemblements-de-2008\/\"},{\"@type\":\"ListItem\",\"position\":4,\"name\":\"12 au 16 ao\u00fbt 2008 : concentration internationale du Club des Cent Cols \u00e0 Ar\u00eaches (73)\"}]},{\"@type\":\"WebSite\",\"@id\":\"https:\/\/centcols.org\/#website\",\"url\":\"https:\/\/centcols.org\/\",\"name\":\"Club des Cent Cols\",\"description\":\"\",\"publisher\":{\"@id\":\"https:\/\/centcols.org\/#organization\"},\"potentialAction\":[{\"@type\":\"SearchAction\",\"target\":{\"@type\":\"EntryPoint\",\"urlTemplate\":\"https:\/\/centcols.org\/?s={search_term_string}\"},\"query-input\":{\"@type\":\"PropertyValueSpecification\",\"valueRequired\":true,\"valueName\":\"search_term_string\"}}],\"inLanguage\":\"de\"},{\"@type\":\"Organization\",\"@id\":\"https:\/\/centcols.org\/#organization\",\"name\":\"Club des Cent Cols\",\"url\":\"https:\/\/centcols.org\/\",\"logo\":{\"@type\":\"ImageObject\",\"inLanguage\":\"de\",\"@id\":\"https:\/\/centcols.org\/#\/schema\/logo\/image\/\",\"url\":\"https:\/\/centcols.org\/wp-content\/uploads\/2025\/01\/carte-icone.png\",\"contentUrl\":\"https:\/\/centcols.org\/wp-content\/uploads\/2025\/01\/carte-icone.png\",\"width\":250,\"height\":250,\"caption\":\"Club des Cent Cols\"},\"image\":{\"@id\":\"https:\/\/centcols.org\/#\/schema\/logo\/image\/\"},\"sameAs\":[\"https:\/\/www.facebook.com\/groups\/5261880558\/?locale=fr_FR\"]},{\"@type\":\"Person\",\"@id\":\"https:\/\/centcols.org\/#\/schema\/person\/fcdb31e57ffa95295c9683ffdda82afa\",\"name\":\"fabien\",\"image\":{\"@type\":\"ImageObject\",\"inLanguage\":\"de\",\"@id\":\"https:\/\/centcols.org\/wp-content\/litespeed\/avatar\/9065528d4c1ba02f0faf2b7616b2a195.jpg?ver=1777225983\",\"url\":\"https:\/\/centcols.org\/wp-content\/litespeed\/avatar\/9065528d4c1ba02f0faf2b7616b2a195.jpg?ver=1777225983\",\"contentUrl\":\"https:\/\/centcols.org\/wp-content\/litespeed\/avatar\/9065528d4c1ba02f0faf2b7616b2a195.jpg?ver=1777225983\",\"caption\":\"fabien\"},\"url\":\"https:\/\/centcols.org\/de\/author\/fabien\/\"}]}<\/script>\n<!-- \/ Yoast SEO plugin. -->","yoast_head_json":{"title":"12. bis 16. August 2008: Internationale Konzentration des Club des Cent Cols in Ar\u00eaches (73) - Club des Cent Cols","robots":{"index":"index","follow":"follow","max-snippet":"max-snippet:-1","max-image-preview":"max-image-preview:large","max-video-preview":"max-video-preview:-1"},"canonical":"https:\/\/centcols.org\/de\/12-bis-16-august-2008-internationale-konzentration-des-club-des-cent-cols-in-areches-73\/","og_locale":"de_DE","og_type":"article","og_title":"12 au 16 ao\u00fbt 2008 : concentration internationale du Club des Cent Cols \u00e0 Ar\u00eaches (73) - Club des Cent Cols","og_description":"Allocution au col du Joly, samedi 16 ao\u00fbt 2008 Tout le monde sont l\u00e0 ? Adieu \u00e0 tous ! Bonjour et bienvenue en pays de Savoie. Bonjour \u00e0 nos amis francophones de Suisse, Belgique et Luxembourg. Good morning to our english friends. Guten Tag und Willkommen an unsere deutsche Freunde. Goeden dag en welkom aan [&hellip;]","og_url":"https:\/\/centcols.org\/de\/12-bis-16-august-2008-internationale-konzentration-des-club-des-cent-cols-in-areches-73\/","og_site_name":"Club des Cent Cols","article_publisher":"https:\/\/www.facebook.com\/groups\/5261880558\/?locale=fr_FR","article_published_time":"2015-05-07T07:11:41+00:00","article_modified_time":"2025-07-06T23:00:55+00:00","author":"fabien","twitter_card":"summary_large_image","twitter_misc":{"Verfasst von":"fabien","Gesch\u00e4tzte Lesezeit":"6\u00a0Minuten"},"schema":{"@context":"https:\/\/schema.org","@graph":[{"@type":"Article","@id":"https:\/\/centcols.org\/12-au-16-aout-2008-concentration-internationale-du-club-des-cent-cols-a-areches-73\/#article","isPartOf":{"@id":"https:\/\/centcols.org\/12-au-16-aout-2008-concentration-internationale-du-club-des-cent-cols-a-areches-73\/"},"author":{"name":"fabien","@id":"https:\/\/centcols.org\/#\/schema\/person\/fcdb31e57ffa95295c9683ffdda82afa"},"headline":"12 au 16 ao\u00fbt 2008 : concentration internationale du Club des Cent Cols \u00e0 Ar\u00eaches (73)","datePublished":"2015-05-07T07:11:41+00:00","dateModified":"2025-07-06T23:00:55+00:00","mainEntityOfPage":{"@id":"https:\/\/centcols.org\/12-au-16-aout-2008-concentration-internationale-du-club-des-cent-cols-a-areches-73\/"},"wordCount":1224,"publisher":{"@id":"https:\/\/centcols.org\/#organization"},"articleSection":["Calendrier","2008-rassemblements","Rencontres r\u00e9gionales"],"inLanguage":"de"},{"@type":"WebPage","@id":"https:\/\/centcols.org\/12-au-16-aout-2008-concentration-internationale-du-club-des-cent-cols-a-areches-73\/","url":"https:\/\/centcols.org\/12-au-16-aout-2008-concentration-internationale-du-club-des-cent-cols-a-areches-73\/","name":"12. bis 16. August 2008: Internationale Konzentration des Club des Cent Cols in Ar\u00eaches (73) - Club des Cent Cols","isPartOf":{"@id":"https:\/\/centcols.org\/#website"},"datePublished":"2015-05-07T07:11:41+00:00","dateModified":"2025-07-06T23:00:55+00:00","breadcrumb":{"@id":"https:\/\/centcols.org\/12-au-16-aout-2008-concentration-internationale-du-club-des-cent-cols-a-areches-73\/#breadcrumb"},"inLanguage":"de","potentialAction":[{"@type":"ReadAction","target":["https:\/\/centcols.org\/12-au-16-aout-2008-concentration-internationale-du-club-des-cent-cols-a-areches-73\/"]}]},{"@type":"BreadcrumbList","@id":"https:\/\/centcols.org\/12-au-16-aout-2008-concentration-internationale-du-club-des-cent-cols-a-areches-73\/#breadcrumb","itemListElement":[{"@type":"ListItem","position":1,"name":"Accueil","item":"https:\/\/centcols.org\/"},{"@type":"ListItem","position":2,"name":"Rencontres r\u00e9gionales","item":"https:\/\/centcols.org\/rubrique\/rencontres-regionales\/"},{"@type":"ListItem","position":3,"name":"2008-rassemblements","item":"https:\/\/centcols.org\/rubrique\/rencontres-regionales\/les-rassemblements-de-2008\/"},{"@type":"ListItem","position":4,"name":"12 au 16 ao\u00fbt 2008 : concentration internationale du Club des Cent Cols \u00e0 Ar\u00eaches (73)"}]},{"@type":"WebSite","@id":"https:\/\/centcols.org\/#website","url":"https:\/\/centcols.org\/","name":"Club des Cent Cols","description":"","publisher":{"@id":"https:\/\/centcols.org\/#organization"},"potentialAction":[{"@type":"SearchAction","target":{"@type":"EntryPoint","urlTemplate":"https:\/\/centcols.org\/?s={search_term_string}"},"query-input":{"@type":"PropertyValueSpecification","valueRequired":true,"valueName":"search_term_string"}}],"inLanguage":"de"},{"@type":"Organization","@id":"https:\/\/centcols.org\/#organization","name":"Club des Cent Cols","url":"https:\/\/centcols.org\/","logo":{"@type":"ImageObject","inLanguage":"de","@id":"https:\/\/centcols.org\/#\/schema\/logo\/image\/","url":"https:\/\/centcols.org\/wp-content\/uploads\/2025\/01\/carte-icone.png","contentUrl":"https:\/\/centcols.org\/wp-content\/uploads\/2025\/01\/carte-icone.png","width":250,"height":250,"caption":"Club des Cent Cols"},"image":{"@id":"https:\/\/centcols.org\/#\/schema\/logo\/image\/"},"sameAs":["https:\/\/www.facebook.com\/groups\/5261880558\/?locale=fr_FR"]},{"@type":"Person","@id":"https:\/\/centcols.org\/#\/schema\/person\/fcdb31e57ffa95295c9683ffdda82afa","name":"fabien","image":{"@type":"ImageObject","inLanguage":"de","@id":"https:\/\/centcols.org\/wp-content\/litespeed\/avatar\/9065528d4c1ba02f0faf2b7616b2a195.jpg?ver=1777225983","url":"https:\/\/centcols.org\/wp-content\/litespeed\/avatar\/9065528d4c1ba02f0faf2b7616b2a195.jpg?ver=1777225983","contentUrl":"https:\/\/centcols.org\/wp-content\/litespeed\/avatar\/9065528d4c1ba02f0faf2b7616b2a195.jpg?ver=1777225983","caption":"fabien"},"url":"https:\/\/centcols.org\/de\/author\/fabien\/"}]}},"_links":{"self":[{"href":"https:\/\/centcols.org\/de\/wp-json\/wp\/v2\/posts\/81369","targetHints":{"allow":["GET"]}}],"collection":[{"href":"https:\/\/centcols.org\/de\/wp-json\/wp\/v2\/posts"}],"about":[{"href":"https:\/\/centcols.org\/de\/wp-json\/wp\/v2\/types\/post"}],"author":[{"embeddable":true,"href":"https:\/\/centcols.org\/de\/wp-json\/wp\/v2\/users\/2"}],"replies":[{"embeddable":true,"href":"https:\/\/centcols.org\/de\/wp-json\/wp\/v2\/comments?post=81369"}],"version-history":[{"count":0,"href":"https:\/\/centcols.org\/de\/wp-json\/wp\/v2\/posts\/81369\/revisions"}],"wp:attachment":[{"href":"https:\/\/centcols.org\/de\/wp-json\/wp\/v2\/media?parent=81369"}],"wp:term":[{"taxonomy":"category","embeddable":true,"href":"https:\/\/centcols.org\/de\/wp-json\/wp\/v2\/categories?post=81369"},{"taxonomy":"post_tag","embeddable":true,"href":"https:\/\/centcols.org\/de\/wp-json\/wp\/v2\/tags?post=81369"}],"curies":[{"name":"wp","href":"https:\/\/api.w.org\/{rel}","templated":true}]}}