{"id":81384,"date":"2015-04-10T17:25:08","date_gmt":"2015-04-10T15:25:08","guid":{"rendered":"https:\/\/centcols.org\/sejour-estival-a-villefort-lozere-du-22-au-30-aout-2015\/"},"modified":"2025-09-01T18:32:14","modified_gmt":"2025-09-01T16:32:14","slug":"aufenthalt-2015-villefort","status":"publish","type":"post","link":"https:\/\/centcols.org\/de\/sejour-2015-villefort\/","title":{"rendered":"Sommeraufenthalt in Villefort (Loz\u00e8re) vom 22. bis 30. August 2015"},"content":{"rendered":"<h2 class=\"wp-block-heading\">Fotoalben<\/h2>\n\n\n\n<p><a href=\"#album\">Klicken, um Alben zu sehen<\/a><\/p>\n\n\n\n<h2 class=\"wp-block-heading\">Erkl\u00e4rungen<\/h2>\n\n\n\n<p>Der Sommeraufenthalt 2015 wird vom 22. bis 30. August im \u00ab<a href=\"http:\/\/www.sedaries.com\/www.sedaries.com\/SEDARIES.htm\" target=\"_blank\" rel=\"noopener\">Mas des S\u00e9dari\u00e8s<\/a>\u00bb in der Gemeinde Villefort.<\/p>\n\n\n\n<p>Die Region Villefort liegt im S\u00fcden des G\u00e9vaudan, nur wenige Arpents vom Gard und der Ard\u00e8che entfernt. Sie zeigt das Gesicht der C\u00e9venne von Loz\u00e8re. Es handelt sich um ein Gewirr aus \u00abSerres\u00bb und \u00abValats\u00bb, das relativ stark gepr\u00e4gt ist; ein schwieriges und raues Land. Nach Jahren der Landflucht bereichert sich die heutige Bev\u00f6lkerung durch Zuz\u00fcge von au\u00dfen, die durch die heutigen Technologien gef\u00f6rdert werden. Die jahrhundertealten Kastanienb\u00e4ume sind noch da und zeugen von einem mittlerweile vergangenen landwirtschaftlichen Epos. Weiter im S\u00fcden erinnern Seidenspinnereien und \u00dcberreste von Kohlebergwerken an die Bl\u00fctezeit der Arbeit, die alle Generationen ern\u00e4hrte.<\/p>\n\n\n\n<p>Die Wasserscheide auf dem Gipfel des Mont Loz\u00e8re teilt die Niederschl\u00e4ge auf; die Fl\u00fcsse Tarn und Lot flie\u00dfen nach Westen, w\u00e4hrend die Fl\u00fcsse C\u00e8ze und Gardon ins Mittelmeer flie\u00dfen. Die riesigen Granitfelsen auf den Hochebenen verleihen diesem Land, das sich im Himmel verliert, einen landschaftlichen Reichtum. Im Fr\u00fchling entflammen die Ginsterheiden die H\u00e4nge dieses kahlen Berges. Aber im Sp\u00e4tsommer sind es die Malven- und Rosat\u00f6ne des Heidekrauts, die das gierige Auge des Fahrradtouristen erfreuen. Die Wanzen der Kastanie (P\u00e9loux) werden bald ihre Reife erreichen und die \u00c4ste dieses seit Urzeiten verehrten Baumes, der auch \u00abBrotbaum\u00bb genannt wird, schwer beschweren.<\/p>\n\n\n\n<p>Es ist ein geschichtstr\u00e4chtiges Land. Der Weg der Regordane verlieh ihm schon im Mittelalter eine nicht zu untersch\u00e4tzende Bedeutung. Auch wenn heute in den D\u00f6rfern Ruhe und Frieden herrschen, haben die Religionskriege dieses Volk verw\u00fcstet. In Pont-de-Montvert brach der Konflikt 1702 mit der Ermordung des Abb\u00e9 du Chayla aus. Wie in jedem B\u00fcrgerkrieg dauerte es sehr lange, bis der angerichtete Schaden und die erlittenen Beeintr\u00e4chtigungen in der Erinnerung verblassten. Toleranz und Gewissensfreiheit sind mit diesem Land in den Cevennen eng verbunden. Die Geschichte wiederholte sich w\u00e4hrend des Zweiten Weltkriegs. Der Widerstand fand von den ersten Stunden des Konflikts an ein positives Echo. Er organisierte sich im Laufe der Zeit und wurde zur \u00abArmee der Schatten\u00bb. \u00abUn homme de trop\u00bb, der Roman von Jean-Pierre Chabrol, der von Costa-Gavras verfilmt wurde, beleuchtet diese dunkle Periode unserer Geschichte. Der Schriftsteller aus Pont-de-Rastel verstand es meisterhaft, die Flamme des Kampfes der Hugenotten mit \u00abLes fous de Dieu\u00bb und des Kampfes der Bergarbeiter in der unteren Cevennen mit \u00abLa Gueuse\u00bb wiederzubeleben. Als Romancier, Erz\u00e4hler, aber auch als Radiomann hat Jean-Pierre Chabrol mit all seinem Talent die Cevennen ins rechte Licht ger\u00fcckt.<\/p>\n\n\n\n<p>Sie sind also herzlich eingeladen, sie Ende August zu entdecken. Die Stra\u00dfe wird sch\u00f6n sein, der Weg steinig, der Akzent singend und die Sonne gro\u00dfz\u00fcgig... Willkommen.<\/p>\n\n\n\n<p>Guy Camb\u00e9ss\u00e8des (CC 1420)<\/p>\n\n\n\n<figure class=\"wp-block-gallery has-nested-images columns-3 is-cropped wp-block-gallery-1 is-layout-flex wp-block-gallery-is-layout-flex\">\n<figure class=\"wp-block-image size-full\"><img loading=\"lazy\" decoding=\"async\" width=\"240\" height=\"180\" data-id=\"88768\" src=\"https:\/\/centcols.org\/wp-content\/uploads\/2015\/04\/vialas-mini.jpg\" alt=\"\" class=\"wp-image-88768\"\/><\/figure>\n\n\n\n<figure class=\"wp-block-image size-full\"><img loading=\"lazy\" decoding=\"async\" width=\"200\" height=\"220\" data-id=\"88769\" src=\"https:\/\/centcols.org\/wp-content\/uploads\/2015\/04\/villefort.png\" alt=\"\" class=\"wp-image-88769\"\/><\/figure>\n\n\n\n<figure class=\"wp-block-image size-full\"><img loading=\"lazy\" decoding=\"async\" width=\"240\" height=\"180\" data-id=\"88770\" src=\"https:\/\/centcols.org\/wp-content\/uploads\/2015\/04\/cassini-mini.jpg\" alt=\"\" class=\"wp-image-88770\"\/><\/figure>\n<\/figure>\n\n\n\n<h2 class=\"wp-block-heading\">Die Schaltkreise<\/h2>\n\n\n\n<p>Wie immer sind die <a href=\"\/de\/membres\/cctours\/tours.php\/?lieu=Villefort&amp;an=2015&amp;genre=R\">Stra\u00dfenrouten<\/a> einen gr\u00f6\u00dferen Aktionsradius nutzen werden als ihre Gegenst\u00fccke <a href=\"\/de\/membres\/cctours\/tours.php\/?lieu=Villefort&amp;an=2015&amp;genre=V\">Maultiertreiber<\/a>. Der Mont Loz\u00e8re und seine angrenzenden T\u00e4ler stehen im Mittelpunkt dieses Aufenthalts in den Cevennen. Insgesamt werden wir uns zwischen 500 und 800 m H\u00f6he bewegen, nur einige P\u00e4sse auf dem Boug\u00e8s, dem Mont Loz\u00e8re oder dem Berg Goulet werden die 1000 m-Marke \u00fcberschreiten.<\/p>\n\n\n\n<p>Die meisten Routen sind modular aufgebaut, sodass jeder nach Lust und Laune wandern kann. Sie wurden bewusst mit einer angemessenen Kilometerzahl geplant. Es steht jedem frei, sich einen Zusatz zu g\u00f6nnen, eine Sehensw\u00fcrdigkeit zu besuchen oder einen BPF in der N\u00e4he der Route aufzusuchen.<\/p>\n\n\n\n<p>Die Mountainbike-Routen werden mit einem bescheidenen H\u00f6henunterschied angeboten, damit jeder die Landschaft voll und ganz genie\u00dfen kann und so diese s\u00fcdliche Gegend zu sch\u00e4tzen wei\u00df. Neben den P\u00e4ssen in mittlerer H\u00f6he erm\u00f6glichen diese Touren eine feinere Ann\u00e4herung an den Mont Loz\u00e8re, insbesondere mit einer kompletten Rundfahrt um den Gipfel von Finiels (1699 m). Am letzten Tag wird auch der Col de l'Aigle in unmittelbarer N\u00e4he des Pic Cassini (1680 m) bestiegen. Die heftigen Regenf\u00e4lle des letzten Herbstes haben m\u00f6glicherweise die Wege und Waldpfade verschlechtert; dies ist ein Parameter, den Sie nicht vernachl\u00e4ssigen sollten...<\/p>\n\n\n\n<p>Wenn Sie planen, die Region weiter zu erkunden, haben wir eine <a href=\"https:\/\/centcols.org\/wp-content\/uploads\/2025\/09\/reglementation-cevennes.pdf\" target=\"_blank\" rel=\"noreferrer noopener\">Liste der Strecken oder Streckenabschnitte, die in den Cevennen nicht mit dem Fahrrad befahren werden d\u00fcrfen<\/a><\/p>\n\n\n\n<h2 class=\"wp-block-heading\">Unterkunft<\/h2>\n\n\n\n<p>Das Ferienzentrum \u00abLes S\u00e9dari\u00e8s\u00bb in den H\u00fcgeln oberhalb der Stadt wird uns empfangen. Diese Einrichtung, die nur wenige Schritte vom Collet de Villefort entfernt an den Bergh\u00e4ngen liegt, erm\u00f6glicht es, fast alle Teilnehmer zusammenzubringen. Sie verf\u00fcgt \u00fcber eine hochwertige Hotelanlage, die allen Komfort bietet, und einen schattigen Campingplatz mit mehreren Terrassen, auf denen zahlreiche Mobilheime vermietet werden. Ein privater Swimmingpool und eine Cr\u00eaperie runden diese Freiluftausr\u00fcstung perfekt ab.<\/p>\n\n\n\n<p>Die Gemeinde hat auf ihrem Gebiet auch Hotels, G\u00e4stezimmer, Ferienwohnungen und zwei weitere Campingpl\u00e4tze am Seeufer.<\/p>\n\n\n\n<ul class=\"wp-block-list\">\n<li>&nbsp;Ferienzentrum \u00abLes S\u00e9dari\u00e8s\u00bb - Tel.: 04 66 46 25 20 oder 06 52 36 91 49 Website : <a href=\"http:\/\/www.sedaries.com\">www.sedaries.com<\/a><\/li>\n\n\n\n<li>&nbsp;Office de Tourisme de Villefort : Tel. 04 66 46 87 30 - Site : <a href=\"http:\/\/www.villefort-cevennes.com\">www.villefort-cevennes.com<\/a><\/li>\n<\/ul>\n\n\n\n<h2 class=\"wp-block-heading\">N\u00fctzliche Tipps<\/h2>\n\n\n\n<p>Obwohl dieser Aufenthalt im Sommer stattfindet, ist es ratsam, warme Kleidung und Ausr\u00fcstung im Gep\u00e4ck zu haben. Auch f\u00fcr die Wartung des Fahrrads (Reifen, Schl\u00e4uche usw.) sollten Sie alles Notwendige einpacken, da wir vor Ort kein Fachgesch\u00e4ft haben werden.<\/p>\n\n\n\n<h2 class=\"wp-block-heading\">F\u00fcr \u00abAfter\u00bb oder die Zeit nach dem Radfahren<\/h2>\n\n\n\n<p>Der k\u00fcnstliche See am Fluss Altier wird eine ideale Erg\u00e4nzung zu unserer Aktivit\u00e4t sein, um am sp\u00e4ten Nachmittag zu baden, an seinen Ufern spazieren zu gehen oder einfach ein paar Augenblicke zu entspannen.<\/p>\n\n\n\n<p>Das Dorf La Garde-Gu\u00e9rin, das nur wenige Kilometer entfernt liegt, wird Liebhaber alter Steine begeistern. Die Kirchen von Concoules und Saint-Andr\u00e9-Capc\u00e8ze enth\u00fcllen die romanische Kunst in ihrer ganzen Pracht. F\u00fcr Naturliebhaber wird der Ort Mas de la Barque ein beliebter Ausgangspunkt f\u00fcr Wanderungen sein. Der Nachtmarkt in Villefort jeden Montagabend ist eine gute Gelegenheit, die Vielfalt der lokalen Produkte zu entdecken.<\/p>\n\n\n\n<h2 class=\"wp-block-heading\">Anmeldung<\/h2>\n\n\n\n<p>Um sich anzumelden, laden Sie das PDF-Anmeldeformular herunter und folgen Sie den darin enthaltenen Anweisungen.<\/p>\n\n\n\n<h2 class=\"wp-block-heading\" id=\"album\">Fotoalben<\/h2>\n\n\n\n<figure class=\"wp-block-gallery has-nested-images columns-default is-cropped wp-block-gallery-2 is-layout-flex wp-block-gallery-is-layout-flex\">\n<figure class=\"wp-block-image size-full\"><a href=\"https:\/\/photos.google.com\/share\/AF1QipOO207Pyc4WPRzIhbbIM0GbOMNpCKz3llaNRJdifw5kW4YlVp5PlxDcv9jyUxudnA?key=MklsQkttZnVqdWNvWU1lQlBVQUJHVng4ZE9fX29B\" target=\"_blank\" rel=\"noreferrer noopener\"><img loading=\"lazy\" decoding=\"async\" width=\"1200\" height=\"900\" data-id=\"88775\" src=\"https:\/\/centcols.org\/wp-content\/uploads\/2015\/04\/villefort_gc.jpg\" alt=\"\" class=\"wp-image-88775\" srcset=\"https:\/\/centcols.org\/wp-content\/uploads\/2015\/04\/villefort_gc.jpg 1200w, https:\/\/centcols.org\/wp-content\/uploads\/2015\/04\/villefort_gc-768x576.jpg 768w\" sizes=\"auto, (max-width: 1200px) 100vw, 1200px\" \/><\/a><figcaption class=\"wp-element-caption\">Album von Gerald Cowhan<\/figcaption><\/figure>\n\n\n\n<figure class=\"wp-block-image size-full\"><a href=\"https:\/\/photos.google.com\/share\/AF1QipOO207Pyc4WPRzIhbbIM0GbOMNpCKz3llaNRJdifw5kW4YlVp5PlxDcv9jyUxudnA?key=MklsQkttZnVqdWNvWU1lQlBVQUJHVng4ZE9fX29B\" target=\"_blank\" rel=\"noreferrer noopener\"><img loading=\"lazy\" decoding=\"async\" width=\"1200\" height=\"900\" data-id=\"88776\" src=\"https:\/\/centcols.org\/wp-content\/uploads\/2015\/04\/Villefort_gg.jpg\" alt=\"\" class=\"wp-image-88776\" srcset=\"https:\/\/centcols.org\/wp-content\/uploads\/2015\/04\/Villefort_gg.jpg 1200w, https:\/\/centcols.org\/wp-content\/uploads\/2015\/04\/Villefort_gg-768x576.jpg 768w\" sizes=\"auto, (max-width: 1200px) 100vw, 1200px\" \/><\/a><figcaption class=\"wp-element-caption\">Album von Guy Garcin und Rezension auf seiner Website<\/figcaption><\/figure>\n<\/figure>\n\n\n\n<p><\/p>","protected":false},"excerpt":{"rendered":"<p>Albums Photos Cliquer pour voir les albums Pr\u00e9sentation Le s\u00e9jour d&rsquo;\u00e9t\u00e9 2015 se d\u00e9roulera du 22 au 30 ao\u00fbt au \u00abMas des S\u00e9dari\u00e8s\u00bb sur la commune de Villefort. La r\u00e9gion de Villefort est situ\u00e9e au sud du G\u00e9vaudan, \u00e0 quelques arpents du Gard et l\u2019Ard\u00e8che. Elle d\u00e9voile le visage de la C\u00e9venne loz\u00e9rienne. C\u2019est un [&hellip;]<\/p>\n","protected":false},"author":3,"featured_media":81385,"comment_status":"closed","ping_status":"closed","sticky":false,"template":"","format":"standard","meta":{"_acf_changed":false,"footnotes":""},"categories":[349,384,135,363,398,414,231],"tags":[],"class_list":["post-81384","post","type-post","status-publish","format-standard","has-post-thumbnail","hentry","category-france-pays-sejours","category-occitanie-region-sejours","category-calendrier","category-massif-central-massif-sejours","category-cevennes-massif","category-48-lozere-departement-sejours","category-sejours"],"acf":[],"yoast_head":"<!-- This site is optimized with the Yoast SEO plugin v27.2 - https:\/\/yoast.com\/product\/yoast-seo-wordpress\/ -->\n<title>S\u00e9jour estival \u00e0 Villefort (Loz\u00e8re) du 22 au 30 ao\u00fbt 2015 - Club des Cent Cols<\/title>\n<meta name=\"robots\" content=\"index, follow, max-snippet:-1, max-image-preview:large, max-video-preview:-1\" \/>\n<link rel=\"canonical\" href=\"https:\/\/centcols.org\/de\/aufenthalt-2015-villefort\/\" \/>\n<meta property=\"og:locale\" content=\"de_DE\" \/>\n<meta property=\"og:type\" content=\"article\" \/>\n<meta property=\"og:title\" content=\"S\u00e9jour estival \u00e0 Villefort (Loz\u00e8re) du 22 au 30 ao\u00fbt 2015 - Club des Cent Cols\" \/>\n<meta property=\"og:description\" content=\"Albums Photos Cliquer pour voir les albums Pr\u00e9sentation Le s\u00e9jour d&rsquo;\u00e9t\u00e9 2015 se d\u00e9roulera du 22 au 30 ao\u00fbt au \u00abMas des S\u00e9dari\u00e8s\u00bb sur la commune de Villefort. La r\u00e9gion de Villefort est situ\u00e9e au sud du G\u00e9vaudan, \u00e0 quelques arpents du Gard et l\u2019Ard\u00e8che. Elle d\u00e9voile le visage de la C\u00e9venne loz\u00e9rienne. C\u2019est un [&hellip;]\" \/>\n<meta property=\"og:url\" content=\"https:\/\/centcols.org\/de\/aufenthalt-2015-villefort\/\" \/>\n<meta property=\"og:site_name\" content=\"Club des Cent Cols\" \/>\n<meta property=\"article:publisher\" content=\"https:\/\/www.facebook.com\/groups\/5261880558\/?locale=fr_FR\" \/>\n<meta property=\"article:published_time\" content=\"2015-04-10T15:25:08+00:00\" \/>\n<meta property=\"article:modified_time\" content=\"2025-09-01T16:32:14+00:00\" \/>\n<meta property=\"og:image\" content=\"https:\/\/centcols.org\/wp-content\/uploads\/2025\/05\/vialas-mini.jpg\" \/>\n\t<meta property=\"og:image:width\" content=\"240\" \/>\n\t<meta property=\"og:image:height\" content=\"180\" \/>\n\t<meta property=\"og:image:type\" content=\"image\/jpeg\" \/>\n<meta name=\"author\" content=\"Webmestre\" \/>\n<meta name=\"twitter:card\" content=\"summary_large_image\" \/>\n<meta name=\"twitter:label1\" content=\"Verfasst von\" \/>\n\t<meta name=\"twitter:data1\" content=\"Webmestre\" \/>\n\t<meta name=\"twitter:label2\" content=\"Gesch\u00e4tzte Lesezeit\" \/>\n\t<meta name=\"twitter:data2\" content=\"7\u00a0Minuten\" \/>\n<script type=\"application\/ld+json\" class=\"yoast-schema-graph\">{\"@context\":\"https:\/\/schema.org\",\"@graph\":[{\"@type\":\"Article\",\"@id\":\"https:\/\/centcols.org\/sejour-2015-villefort\/#article\",\"isPartOf\":{\"@id\":\"https:\/\/centcols.org\/sejour-2015-villefort\/\"},\"author\":{\"name\":\"Webmestre\",\"@id\":\"https:\/\/centcols.org\/#\/schema\/person\/911b404fb133d8c913dd27cdcf71c8e5\"},\"headline\":\"S\u00e9jour estival \u00e0 Villefort (Loz\u00e8re) du 22 au 30 ao\u00fbt 2015\",\"datePublished\":\"2015-04-10T15:25:08+00:00\",\"dateModified\":\"2025-09-01T16:32:14+00:00\",\"mainEntityOfPage\":{\"@id\":\"https:\/\/centcols.org\/sejour-2015-villefort\/\"},\"wordCount\":1206,\"publisher\":{\"@id\":\"https:\/\/centcols.org\/#organization\"},\"image\":{\"@id\":\"https:\/\/centcols.org\/sejour-2015-villefort\/#primaryimage\"},\"thumbnailUrl\":\"https:\/\/centcols.org\/wp-content\/uploads\/2025\/05\/vialas-mini.jpg\",\"articleSection\":[\"France\",\"Occitanie\",\"Calendrier\",\"Massif Central\",\"C\u00e9vennes\",\"48-Loz\u00e8re\",\"S\u00e9jours du Club des Cent Cols\"],\"inLanguage\":\"de\"},{\"@type\":\"WebPage\",\"@id\":\"https:\/\/centcols.org\/sejour-2015-villefort\/\",\"url\":\"https:\/\/centcols.org\/sejour-2015-villefort\/\",\"name\":\"S\u00e9jour estival \u00e0 Villefort (Loz\u00e8re) du 22 au 30 ao\u00fbt 2015 - Club des Cent Cols\",\"isPartOf\":{\"@id\":\"https:\/\/centcols.org\/#website\"},\"primaryImageOfPage\":{\"@id\":\"https:\/\/centcols.org\/sejour-2015-villefort\/#primaryimage\"},\"image\":{\"@id\":\"https:\/\/centcols.org\/sejour-2015-villefort\/#primaryimage\"},\"thumbnailUrl\":\"https:\/\/centcols.org\/wp-content\/uploads\/2025\/05\/vialas-mini.jpg\",\"datePublished\":\"2015-04-10T15:25:08+00:00\",\"dateModified\":\"2025-09-01T16:32:14+00:00\",\"breadcrumb\":{\"@id\":\"https:\/\/centcols.org\/sejour-2015-villefort\/#breadcrumb\"},\"inLanguage\":\"de\",\"potentialAction\":[{\"@type\":\"ReadAction\",\"target\":[\"https:\/\/centcols.org\/sejour-2015-villefort\/\"]}]},{\"@type\":\"ImageObject\",\"inLanguage\":\"de\",\"@id\":\"https:\/\/centcols.org\/sejour-2015-villefort\/#primaryimage\",\"url\":\"https:\/\/centcols.org\/wp-content\/uploads\/2025\/05\/vialas-mini.jpg\",\"contentUrl\":\"https:\/\/centcols.org\/wp-content\/uploads\/2025\/05\/vialas-mini.jpg\",\"width\":240,\"height\":180},{\"@type\":\"BreadcrumbList\",\"@id\":\"https:\/\/centcols.org\/sejour-2015-villefort\/#breadcrumb\",\"itemListElement\":[{\"@type\":\"ListItem\",\"position\":1,\"name\":\"Accueil\",\"item\":\"https:\/\/centcols.org\/\"},{\"@type\":\"ListItem\",\"position\":2,\"name\":\"S\u00e9jours du Club des Cent Cols\",\"item\":\"https:\/\/centcols.org\/rubrique\/sejours\/\"},{\"@type\":\"ListItem\",\"position\":3,\"name\":\"Pays\",\"item\":\"https:\/\/centcols.org\/rubrique\/sejours\/pays-sejours\/\"},{\"@type\":\"ListItem\",\"position\":4,\"name\":\"France\",\"item\":\"https:\/\/centcols.org\/rubrique\/sejours\/pays-sejours\/france-pays-sejours\/\"},{\"@type\":\"ListItem\",\"position\":5,\"name\":\"S\u00e9jour estival \u00e0 Villefort (Loz\u00e8re) du 22 au 30 ao\u00fbt 2015\"}]},{\"@type\":\"WebSite\",\"@id\":\"https:\/\/centcols.org\/#website\",\"url\":\"https:\/\/centcols.org\/\",\"name\":\"Club des Cent Cols\",\"description\":\"\",\"publisher\":{\"@id\":\"https:\/\/centcols.org\/#organization\"},\"potentialAction\":[{\"@type\":\"SearchAction\",\"target\":{\"@type\":\"EntryPoint\",\"urlTemplate\":\"https:\/\/centcols.org\/?s={search_term_string}\"},\"query-input\":{\"@type\":\"PropertyValueSpecification\",\"valueRequired\":true,\"valueName\":\"search_term_string\"}}],\"inLanguage\":\"de\"},{\"@type\":\"Organization\",\"@id\":\"https:\/\/centcols.org\/#organization\",\"name\":\"Club des Cent Cols\",\"url\":\"https:\/\/centcols.org\/\",\"logo\":{\"@type\":\"ImageObject\",\"inLanguage\":\"de\",\"@id\":\"https:\/\/centcols.org\/#\/schema\/logo\/image\/\",\"url\":\"https:\/\/centcols.org\/wp-content\/uploads\/2025\/01\/carte-icone.png\",\"contentUrl\":\"https:\/\/centcols.org\/wp-content\/uploads\/2025\/01\/carte-icone.png\",\"width\":250,\"height\":250,\"caption\":\"Club des Cent Cols\"},\"image\":{\"@id\":\"https:\/\/centcols.org\/#\/schema\/logo\/image\/\"},\"sameAs\":[\"https:\/\/www.facebook.com\/groups\/5261880558\/?locale=fr_FR\"]},{\"@type\":\"Person\",\"@id\":\"https:\/\/centcols.org\/#\/schema\/person\/911b404fb133d8c913dd27cdcf71c8e5\",\"name\":\"Webmestre\",\"image\":{\"@type\":\"ImageObject\",\"inLanguage\":\"de\",\"@id\":\"https:\/\/centcols.org\/wp-content\/litespeed\/avatar\/2d246e4b6b4f773e08515e1ffc53690b.jpg?ver=1777222892\",\"url\":\"https:\/\/centcols.org\/wp-content\/litespeed\/avatar\/2d246e4b6b4f773e08515e1ffc53690b.jpg?ver=1777222892\",\"contentUrl\":\"https:\/\/centcols.org\/wp-content\/litespeed\/avatar\/2d246e4b6b4f773e08515e1ffc53690b.jpg?ver=1777222892\",\"caption\":\"Webmestre\"},\"url\":\"https:\/\/centcols.org\/de\/author\/webmestre\/\"}]}<\/script>\n<!-- \/ Yoast SEO plugin. -->","yoast_head_json":{"title":"Sommeraufenthalt in Villefort (Loz\u00e8re) vom 22. bis 30. August 2015 - Club des Cent Cols","robots":{"index":"index","follow":"follow","max-snippet":"max-snippet:-1","max-image-preview":"max-image-preview:large","max-video-preview":"max-video-preview:-1"},"canonical":"https:\/\/centcols.org\/de\/aufenthalt-2015-villefort\/","og_locale":"de_DE","og_type":"article","og_title":"S\u00e9jour estival \u00e0 Villefort (Loz\u00e8re) du 22 au 30 ao\u00fbt 2015 - Club des Cent Cols","og_description":"Albums Photos Cliquer pour voir les albums Pr\u00e9sentation Le s\u00e9jour d&rsquo;\u00e9t\u00e9 2015 se d\u00e9roulera du 22 au 30 ao\u00fbt au \u00abMas des S\u00e9dari\u00e8s\u00bb sur la commune de Villefort. La r\u00e9gion de Villefort est situ\u00e9e au sud du G\u00e9vaudan, \u00e0 quelques arpents du Gard et l\u2019Ard\u00e8che. Elle d\u00e9voile le visage de la C\u00e9venne loz\u00e9rienne. C\u2019est un [&hellip;]","og_url":"https:\/\/centcols.org\/de\/aufenthalt-2015-villefort\/","og_site_name":"Club des Cent Cols","article_publisher":"https:\/\/www.facebook.com\/groups\/5261880558\/?locale=fr_FR","article_published_time":"2015-04-10T15:25:08+00:00","article_modified_time":"2025-09-01T16:32:14+00:00","og_image":[{"width":240,"height":180,"url":"https:\/\/centcols.org\/wp-content\/uploads\/2025\/05\/vialas-mini.jpg","type":"image\/jpeg"}],"author":"Webmestre","twitter_card":"summary_large_image","twitter_misc":{"Verfasst von":"Webmestre","Gesch\u00e4tzte Lesezeit":"7\u00a0Minuten"},"schema":{"@context":"https:\/\/schema.org","@graph":[{"@type":"Article","@id":"https:\/\/centcols.org\/sejour-2015-villefort\/#article","isPartOf":{"@id":"https:\/\/centcols.org\/sejour-2015-villefort\/"},"author":{"name":"Webmestre","@id":"https:\/\/centcols.org\/#\/schema\/person\/911b404fb133d8c913dd27cdcf71c8e5"},"headline":"S\u00e9jour estival \u00e0 Villefort (Loz\u00e8re) du 22 au 30 ao\u00fbt 2015","datePublished":"2015-04-10T15:25:08+00:00","dateModified":"2025-09-01T16:32:14+00:00","mainEntityOfPage":{"@id":"https:\/\/centcols.org\/sejour-2015-villefort\/"},"wordCount":1206,"publisher":{"@id":"https:\/\/centcols.org\/#organization"},"image":{"@id":"https:\/\/centcols.org\/sejour-2015-villefort\/#primaryimage"},"thumbnailUrl":"https:\/\/centcols.org\/wp-content\/uploads\/2025\/05\/vialas-mini.jpg","articleSection":["France","Occitanie","Calendrier","Massif Central","C\u00e9vennes","48-Loz\u00e8re","S\u00e9jours du Club des Cent Cols"],"inLanguage":"de"},{"@type":"WebPage","@id":"https:\/\/centcols.org\/sejour-2015-villefort\/","url":"https:\/\/centcols.org\/sejour-2015-villefort\/","name":"Sommeraufenthalt in Villefort (Loz\u00e8re) vom 22. bis 30. August 2015 - Club des Cent Cols","isPartOf":{"@id":"https:\/\/centcols.org\/#website"},"primaryImageOfPage":{"@id":"https:\/\/centcols.org\/sejour-2015-villefort\/#primaryimage"},"image":{"@id":"https:\/\/centcols.org\/sejour-2015-villefort\/#primaryimage"},"thumbnailUrl":"https:\/\/centcols.org\/wp-content\/uploads\/2025\/05\/vialas-mini.jpg","datePublished":"2015-04-10T15:25:08+00:00","dateModified":"2025-09-01T16:32:14+00:00","breadcrumb":{"@id":"https:\/\/centcols.org\/sejour-2015-villefort\/#breadcrumb"},"inLanguage":"de","potentialAction":[{"@type":"ReadAction","target":["https:\/\/centcols.org\/sejour-2015-villefort\/"]}]},{"@type":"ImageObject","inLanguage":"de","@id":"https:\/\/centcols.org\/sejour-2015-villefort\/#primaryimage","url":"https:\/\/centcols.org\/wp-content\/uploads\/2025\/05\/vialas-mini.jpg","contentUrl":"https:\/\/centcols.org\/wp-content\/uploads\/2025\/05\/vialas-mini.jpg","width":240,"height":180},{"@type":"BreadcrumbList","@id":"https:\/\/centcols.org\/sejour-2015-villefort\/#breadcrumb","itemListElement":[{"@type":"ListItem","position":1,"name":"Accueil","item":"https:\/\/centcols.org\/"},{"@type":"ListItem","position":2,"name":"S\u00e9jours du Club des Cent Cols","item":"https:\/\/centcols.org\/rubrique\/sejours\/"},{"@type":"ListItem","position":3,"name":"Pays","item":"https:\/\/centcols.org\/rubrique\/sejours\/pays-sejours\/"},{"@type":"ListItem","position":4,"name":"France","item":"https:\/\/centcols.org\/rubrique\/sejours\/pays-sejours\/france-pays-sejours\/"},{"@type":"ListItem","position":5,"name":"S\u00e9jour estival \u00e0 Villefort (Loz\u00e8re) du 22 au 30 ao\u00fbt 2015"}]},{"@type":"WebSite","@id":"https:\/\/centcols.org\/#website","url":"https:\/\/centcols.org\/","name":"Club des Cent Cols","description":"","publisher":{"@id":"https:\/\/centcols.org\/#organization"},"potentialAction":[{"@type":"SearchAction","target":{"@type":"EntryPoint","urlTemplate":"https:\/\/centcols.org\/?s={search_term_string}"},"query-input":{"@type":"PropertyValueSpecification","valueRequired":true,"valueName":"search_term_string"}}],"inLanguage":"de"},{"@type":"Organization","@id":"https:\/\/centcols.org\/#organization","name":"Club des Cent Cols","url":"https:\/\/centcols.org\/","logo":{"@type":"ImageObject","inLanguage":"de","@id":"https:\/\/centcols.org\/#\/schema\/logo\/image\/","url":"https:\/\/centcols.org\/wp-content\/uploads\/2025\/01\/carte-icone.png","contentUrl":"https:\/\/centcols.org\/wp-content\/uploads\/2025\/01\/carte-icone.png","width":250,"height":250,"caption":"Club des Cent Cols"},"image":{"@id":"https:\/\/centcols.org\/#\/schema\/logo\/image\/"},"sameAs":["https:\/\/www.facebook.com\/groups\/5261880558\/?locale=fr_FR"]},{"@type":"Person","@id":"https:\/\/centcols.org\/#\/schema\/person\/911b404fb133d8c913dd27cdcf71c8e5","name":"Webmaster","image":{"@type":"ImageObject","inLanguage":"de","@id":"https:\/\/centcols.org\/wp-content\/litespeed\/avatar\/2d246e4b6b4f773e08515e1ffc53690b.jpg?ver=1777222892","url":"https:\/\/centcols.org\/wp-content\/litespeed\/avatar\/2d246e4b6b4f773e08515e1ffc53690b.jpg?ver=1777222892","contentUrl":"https:\/\/centcols.org\/wp-content\/litespeed\/avatar\/2d246e4b6b4f773e08515e1ffc53690b.jpg?ver=1777222892","caption":"Webmestre"},"url":"https:\/\/centcols.org\/de\/author\/webmestre\/"}]}},"_links":{"self":[{"href":"https:\/\/centcols.org\/de\/wp-json\/wp\/v2\/posts\/81384","targetHints":{"allow":["GET"]}}],"collection":[{"href":"https:\/\/centcols.org\/de\/wp-json\/wp\/v2\/posts"}],"about":[{"href":"https:\/\/centcols.org\/de\/wp-json\/wp\/v2\/types\/post"}],"author":[{"embeddable":true,"href":"https:\/\/centcols.org\/de\/wp-json\/wp\/v2\/users\/3"}],"replies":[{"embeddable":true,"href":"https:\/\/centcols.org\/de\/wp-json\/wp\/v2\/comments?post=81384"}],"version-history":[{"count":0,"href":"https:\/\/centcols.org\/de\/wp-json\/wp\/v2\/posts\/81384\/revisions"}],"wp:featuredmedia":[{"embeddable":true,"href":"https:\/\/centcols.org\/de\/wp-json\/wp\/v2\/media\/81385"}],"wp:attachment":[{"href":"https:\/\/centcols.org\/de\/wp-json\/wp\/v2\/media?parent=81384"}],"wp:term":[{"taxonomy":"category","embeddable":true,"href":"https:\/\/centcols.org\/de\/wp-json\/wp\/v2\/categories?post=81384"},{"taxonomy":"post_tag","embeddable":true,"href":"https:\/\/centcols.org\/de\/wp-json\/wp\/v2\/tags?post=81384"}],"curies":[{"name":"wp","href":"https:\/\/api.w.org\/{rel}","templated":true}]}}