{"id":81476,"date":"2014-01-23T10:16:53","date_gmt":"2014-01-23T08:16:53","guid":{"rendered":"https:\/\/centcols.org\/sejour-de-printemps-a-digne-alpes-de-haute-provence-du-27-avril-au-4-mai-2014\/"},"modified":"2025-09-10T16:45:47","modified_gmt":"2025-09-10T14:45:47","slug":"aufenthalt-2014-wurdig","status":"publish","type":"post","link":"https:\/\/centcols.org\/de\/sejour-2014-digne\/","title":{"rendered":"Fr\u00fchlingsaufenthalt in Digne (Alpes-de-Haute-Provence) vom 27. April bis zum 4. Mai 2014"},"content":{"rendered":"<h2 class=\"wp-block-heading\">Erkl\u00e4rungen<\/h2>\n\n\n\n<p>In Digne organisieren wir unseren Fr\u00fchjahrsaufenthalt 2014 vom 27. April bis zum 4. Mai in der Residenz \u00abLe Richelme\u00bb von Renouveu Vacances.<br>Das Pays dignois, in dem wir untergebracht werden, beherbergt hohe Gipfel, die Lavendelfelder \u00fcberragen, im gr\u00f6\u00dften geologischen Reservat Europas. Digne-les-Bains, eine Stadt mit 19.000 Einwohnern, liegt auf 600 m H\u00f6he am Zusammenfluss von drei T\u00e4lern. Die umliegenden D\u00f6rfer und vor allem die zahlreichen Kapellen, die die Stadt \u00fcberragen, sind Ausgangspunkt f\u00fcr zahlreiche Wanderungen.<br>Digne ist vor allem f\u00fcr die Qualit\u00e4t seiner Thermalquellen und geologischen Sehensw\u00fcrdigkeiten bekannt und ist auch eine Kulturstadt, in der sich unter anderem das Museum des Philosophen und Astronomen Pierre Gassendi und das Wohnhaus (das man besichtigen kann) der ber\u00fchmten Forscherin Alexandra David Neel befinden.<\/p>\n\n\n\n<h2 class=\"wp-block-heading\">Unterkunft<\/h2>\n\n\n\n<p>Wir werden in der R\u00e9sidence Renouveau Vacances \u00abLe Richelme\u00bb, 04000 Digne, empfangen. Es befindet sich am s\u00fcd\u00f6stlichen Stadtrand von Digne auf der Stra\u00dfe zum Col de Corobin. Die Residenz besteht aus 79 Zimmern mit 1 bis 4 Betten (insgesamt maximal 144 Pl\u00e4tze), darunter ein Zimmer f\u00fcr Personen mit eingeschr\u00e4nkter Mobilit\u00e4t, die sich auf 4 Etagen verteilen, die mit einem Aufzug erreichbar sind. Alle Zimmer sind mit einer Toilette (Dusche, WC), einem Fernseher und einem Telefon ausgestattet. Bettw\u00e4sche und Handt\u00fccher werden zur Verf\u00fcgung gestellt und das Wohnheim reinigt die Zimmer nach der Abreise.<\/p>\n\n\n\n<h2 class=\"wp-block-heading\">Details zum Programm<\/h2>\n\n\n\n<p>Auf acht Mountainbike- und sechs Stra\u00dfenstrecken k\u00f6nnen Sie die so unterschiedlichen Landschaften des Pays Dignois entdecken. Wir bewegen uns von der nach Thymian duftenden Provence bis zu den Ausl\u00e4ufern der Berge im Tal von Seyne-les-Alpes. Abgesehen von einem kleinen (Stra\u00dfen-)Ausflug in die Hautes-Alpes (05) liegen alle vorgeschlagenen P\u00e4sse im D\u00e9partement Alpes-de-Haute-Provence (04).<br>Von den Stra\u00dfenstrecken k\u00f6nnen drei als leicht, eine als mittelschwer eingestuft werden und zwei sind \u00fcber 100 km lang, mit einem maximalen H\u00f6henunterschied von 1600 m bergauf. Die eine H\u00e4lfte f\u00e4hrt vom Aufenthaltsort aus mit dem Fahrrad, die andere erfordert eine Autofahrt.<br>Wenn man die optionalen P\u00e4sse au\u00dfer Acht l\u00e4sst, sind drei Mountainbike-Touren einfach, die anderen f\u00fcnf etwas anstrengender. Alle sind \u00fcberwiegend fahrbar, mit einigen Einspurstrecken, auch Schieben, aber keine Tragepassagen. Drei Touren beginnen an unserer Unterkunft, die anderen erfordern kurze Autofahrten. Zwei Touren sind am selben Tag und in derselben Region geplant, aber mit unterschiedlichen Startpunkten. Eine letzte hat kein festes Datum vorgesehen, so dass jeder selbst entscheiden kann, ob und wann er sie machen m\u00f6chte.<br>Die Liste von <a href=\"\/de\/membres\/cctours\/tours.php\/?lieu=Digne&amp;an=2014\">alle Touren<\/a> ist verf\u00fcgbar, ebenso wie separate Listen f\u00fcr die <a href=\"\/de\/membres\/cctours\/tours.php\/?lieu=Digne&amp;an=2014&amp;genre=R\">Stra\u00dfenrouten<\/a> und die&nbsp;<a href=\"\/de\/membres\/cctours\/tours.php\/?lieu=Digne&amp;an=2014&amp;genre=V\">Mountainbike-Routen<\/a>. Ausgehend von diesen Listen sind f\u00fcr jede Strecke auch interaktive Karten, Wegbeschreibungen und H\u00f6henprofile sowie Geolokalisierungsdateien verf\u00fcgbar. Es ist auch m\u00f6glich, die gesamte <a href=\"https:\/\/centcols.org\/wp-content\/uploads\/2025\/09\/plaquette_Digne.pdf\">Plakette<\/a> des Aufenthalts (2.6 MB).<\/p>\n\n\n\n<h2 class=\"wp-block-heading\">Sicherheitshinweise<\/h2>\n\n\n\n<p><strong>Warnhinweis:<\/strong> die Schaltungen sind Vorschl\u00e4ge, die vorgeschlagene Reihenfolge soll die Organisation informeller Gruppen erleichtern, ist aber nicht verbindlich.<\/p>\n\n\n\n<p>Der Club des Cent Cols stellt seinen Mitgliedern keine diplomierten Lehrer zur Verf\u00fcgung, daher muss sich jeder Teilnehmer auf einem pers\u00f6nlichen Ausflug betrachten, auch wenn wir Ihnen empfehlen, sich entsprechend Ihrer Affinit\u00e4ten, Ihres Tempos oder Ihrer kontemplativen oder sportlichen Praxis zusammenzuschlie\u00dfen..., um eine Clubatmosph\u00e4re zu schaffen. Kehren Sie fr\u00fch genug zur\u00fcck, um das Gemeinschaftsleben zu f\u00f6rdern.<\/p>\n\n\n\n<p><strong>Da die Aktivit\u00e4t eine Reihe von Risiken birgt, bitten wir Sie, die folgenden Hinweise zu beachten:<\/strong><\/p>\n\n\n\n<ul class=\"wp-block-list\">\n<li>Ber\u00fccksichtigen Sie Ihre k\u00f6rperliche Verfassung oder die Wetterbedingungen, bevor Sie sich auf eine Tour begeben. Seien Sie sich bewusst, dass Sie sie gegebenenfalls verk\u00fcrzen oder aufgeben m\u00fcssen.<\/li>\n\n\n\n<li>Respektieren Sie die Stra\u00dfenverkehrsordnung, andere Verkehrsteilnehmer, die Umwelt und halten Sie sich an die Anweisungen des Veranstalters.<\/li>\n\n\n\n<li>Mit dem Mountainbike: Schlie\u00dfen Sie die Absperrungen nach der Durchfahrt und halten Sie sich an die Verbote und die vom Streckenplaner vorgeschlagene Richtung, um Zusammenst\u00f6\u00dfe zu vermeiden. Eine Mountainbike-Strecke, die in die entgegengesetzte Richtung f\u00fchrt, kann sehr viel schwieriger sein.<\/li>\n<\/ul>\n\n\n\n<h2 class=\"wp-block-heading\">F\u00fcr Begleitpersonen, die nicht in die Pedale treten<\/h2>\n\n\n\n<p>F\u00fcr Begleitpersonen, die nicht zu Fu\u00df gehen, ist ein Aktivit\u00e4tenprogramm vorgesehen, das einige kleine Wanderungen umfasst. Wir bitten sie, Wanderschuhe mitzubringen.<\/p>\n\n\n\n<h2 class=\"wp-block-heading\">Fotoalben<\/h2>\n\n\n\n<figure class=\"wp-block-gallery has-nested-images columns-4 is-cropped wp-block-gallery-1 is-layout-flex wp-block-gallery-is-layout-flex\">\n<figure class=\"wp-block-image size-full\"><a href=\"https:\/\/centcols.org\/de\/util\/visuAlbum.php\/?album=1420-009\" target=\"_blank\" rel=\"noreferrer noopener\"><img loading=\"lazy\" decoding=\"async\" width=\"1024\" height=\"768\" data-id=\"89561\" src=\"https:\/\/centcols.org\/wp-content\/uploads\/2014\/01\/L0021.jpg\" alt=\"\" class=\"wp-image-89561\" srcset=\"https:\/\/centcols.org\/wp-content\/uploads\/2014\/01\/L0021.jpg 1024w, https:\/\/centcols.org\/wp-content\/uploads\/2014\/01\/L0021-768x576.jpg 768w, https:\/\/centcols.org\/wp-content\/uploads\/2014\/01\/L0021-16x12.jpg 16w\" sizes=\"auto, (max-width: 1024px) 100vw, 1024px\" \/><\/a><figcaption class=\"wp-element-caption\">Album von Guy Cambess\u00e8d\u00e8s<\/figcaption><\/figure>\n\n\n\n<figure class=\"wp-block-image size-full\"><a href=\"https:\/\/centcols.org\/de\/util\/visuAlbum.php\/?album=5173-006\" target=\"_blank\" rel=\"noreferrer noopener\"><img loading=\"lazy\" decoding=\"async\" width=\"800\" height=\"600\" data-id=\"89563\" src=\"https:\/\/centcols.org\/wp-content\/uploads\/2014\/01\/digne-singla.jpg\" alt=\"\" class=\"wp-image-89563\" srcset=\"https:\/\/centcols.org\/wp-content\/uploads\/2014\/01\/digne-singla.jpg 800w, https:\/\/centcols.org\/wp-content\/uploads\/2014\/01\/digne-singla-768x576.jpg 768w, https:\/\/centcols.org\/wp-content\/uploads\/2014\/01\/digne-singla-16x12.jpg 16w\" sizes=\"auto, (max-width: 800px) 100vw, 800px\" \/><\/a><figcaption class=\"wp-element-caption\">Album von Fr\u00e9d\u00e9ric Singla<\/figcaption><\/figure>\n\n\n\n<figure class=\"wp-block-image size-full\"><a href=\"https:\/\/centcols.org\/de\/util\/visuAlbum.php\/?album=6862-005\" target=\"_blank\" rel=\"noreferrer noopener\"><img loading=\"lazy\" decoding=\"async\" width=\"800\" height=\"600\" data-id=\"89564\" src=\"https:\/\/centcols.org\/wp-content\/uploads\/2014\/01\/digne-marquet.jpg\" alt=\"\" class=\"wp-image-89564\" srcset=\"https:\/\/centcols.org\/wp-content\/uploads\/2014\/01\/digne-marquet.jpg 800w, https:\/\/centcols.org\/wp-content\/uploads\/2014\/01\/digne-marquet-768x576.jpg 768w, https:\/\/centcols.org\/wp-content\/uploads\/2014\/01\/digne-marquet-16x12.jpg 16w\" sizes=\"auto, (max-width: 800px) 100vw, 800px\" \/><\/a><figcaption class=\"wp-element-caption\">Album von Philippe Marquet<\/figcaption><\/figure>\n\n\n\n<figure class=\"wp-block-image size-full\"><a href=\"https:\/\/centcols.org\/de\/util\/visuAlbum.php\/?album=5065-006\" target=\"_blank\" rel=\"noreferrer noopener\"><img loading=\"lazy\" decoding=\"async\" width=\"800\" height=\"600\" data-id=\"89565\" src=\"https:\/\/centcols.org\/wp-content\/uploads\/2014\/01\/igne-alberini.jpg\" alt=\"\" class=\"wp-image-89565\" srcset=\"https:\/\/centcols.org\/wp-content\/uploads\/2014\/01\/igne-alberini.jpg 800w, https:\/\/centcols.org\/wp-content\/uploads\/2014\/01\/igne-alberini-768x576.jpg 768w, https:\/\/centcols.org\/wp-content\/uploads\/2014\/01\/igne-alberini-16x12.jpg 16w\" sizes=\"auto, (max-width: 800px) 100vw, 800px\" \/><\/a><figcaption class=\"wp-element-caption\">Album von Enrico Alberini<\/figcaption><\/figure>\n\n\n\n<figure class=\"wp-block-image size-full\"><a href=\"https:\/\/centcols.org\/de\/util\/visuAlbum.php\/?album=6820-001\" target=\"_blank\" rel=\"noreferrer noopener\"><img loading=\"lazy\" decoding=\"async\" width=\"200\" height=\"150\" data-id=\"89567\" src=\"https:\/\/centcols.org\/wp-content\/uploads\/2014\/01\/S047.jpg\" alt=\"\" class=\"wp-image-89567\" srcset=\"https:\/\/centcols.org\/wp-content\/uploads\/2014\/01\/S047.jpg 200w, https:\/\/centcols.org\/wp-content\/uploads\/2014\/01\/S047-16x12.jpg 16w\" sizes=\"auto, (max-width: 200px) 100vw, 200px\" \/><\/a><figcaption class=\"wp-element-caption\">Album von Denis Mathieu<\/figcaption><\/figure>\n\n\n\n<figure class=\"wp-block-image size-full\"><a href=\"https:\/\/centcols.org\/de\/util\/visuAlbum.php\/?album=3872-003\" target=\"_blank\" rel=\"noreferrer noopener\"><img loading=\"lazy\" decoding=\"async\" width=\"800\" height=\"600\" data-id=\"89569\" src=\"https:\/\/centcols.org\/wp-content\/uploads\/2014\/01\/Digne-Giraudeau.jpg\" alt=\"\" class=\"wp-image-89569\" srcset=\"https:\/\/centcols.org\/wp-content\/uploads\/2014\/01\/Digne-Giraudeau.jpg 800w, https:\/\/centcols.org\/wp-content\/uploads\/2014\/01\/Digne-Giraudeau-768x576.jpg 768w, https:\/\/centcols.org\/wp-content\/uploads\/2014\/01\/Digne-Giraudeau-16x12.jpg 16w\" sizes=\"auto, (max-width: 800px) 100vw, 800px\" \/><\/a><figcaption class=\"wp-element-caption\">Album von Bernard Giraudeau<\/figcaption><\/figure>\n\n\n\n<figure class=\"wp-block-image size-full\"><a href=\"https:\/\/centcols.org\/de\/util\/visuAlbum.php\/?album=5756-003\" target=\"_blank\" rel=\"noreferrer noopener\"><img loading=\"lazy\" decoding=\"async\" width=\"800\" height=\"600\" data-id=\"89571\" src=\"https:\/\/centcols.org\/wp-content\/uploads\/2014\/01\/Digne-Cowhan.jpg\" alt=\"\" class=\"wp-image-89571\" srcset=\"https:\/\/centcols.org\/wp-content\/uploads\/2014\/01\/Digne-Cowhan.jpg 800w, https:\/\/centcols.org\/wp-content\/uploads\/2014\/01\/Digne-Cowhan-768x576.jpg 768w, https:\/\/centcols.org\/wp-content\/uploads\/2014\/01\/Digne-Cowhan-16x12.jpg 16w\" sizes=\"auto, (max-width: 800px) 100vw, 800px\" \/><\/a><figcaption class=\"wp-element-caption\">Album von Gerald Cowhan<\/figcaption><\/figure>\n\n\n\n<figure class=\"wp-block-image size-full\"><a href=\"https:\/\/centcols.org\/de\/util\/visuAlbum.php\/?album=2880-008\" target=\"_blank\" rel=\"noreferrer noopener\"><img loading=\"lazy\" decoding=\"async\" width=\"800\" height=\"800\" data-id=\"89572\" src=\"https:\/\/centcols.org\/wp-content\/uploads\/2014\/01\/Digne-Garcin.jpg\" alt=\"\" class=\"wp-image-89572\" srcset=\"https:\/\/centcols.org\/wp-content\/uploads\/2014\/01\/Digne-Garcin.jpg 800w, https:\/\/centcols.org\/wp-content\/uploads\/2014\/01\/Digne-Garcin-150x150.jpg 150w, https:\/\/centcols.org\/wp-content\/uploads\/2014\/01\/Digne-Garcin-768x768.jpg 768w, https:\/\/centcols.org\/wp-content\/uploads\/2014\/01\/Digne-Garcin-12x12.jpg 12w\" sizes=\"auto, (max-width: 800px) 100vw, 800px\" \/><\/a><figcaption class=\"wp-element-caption\">Album von Guy garcin<\/figcaption><\/figure>\n\n\n\n<figure class=\"wp-block-image size-full\"><a href=\"https:\/\/centcols.org\/de\/util\/visuAlbum.php\/?album=6028-012\" target=\"_blank\" rel=\"noreferrer noopener\"><img loading=\"lazy\" decoding=\"async\" width=\"800\" height=\"450\" data-id=\"89574\" src=\"https:\/\/centcols.org\/wp-content\/uploads\/2014\/01\/digne-jpl.jpg\" alt=\"\" class=\"wp-image-89574\" srcset=\"https:\/\/centcols.org\/wp-content\/uploads\/2014\/01\/digne-jpl.jpg 800w, https:\/\/centcols.org\/wp-content\/uploads\/2014\/01\/digne-jpl-768x432.jpg 768w, https:\/\/centcols.org\/wp-content\/uploads\/2014\/01\/digne-jpl-18x10.jpg 18w\" sizes=\"auto, (max-width: 800px) 100vw, 800px\" \/><\/a><figcaption class=\"wp-element-caption\"><a href=\"https:\/\/centcols.org\/de\/util\/visuAlbum.php\/?album=6028-012\" target=\"_blank\" rel=\"noreferrer noopener\">Album von Jean-Pierre Lambert<\/a><\/figcaption><\/figure>\n\n\n\n<figure class=\"wp-block-image size-full\"><a href=\"https:\/\/centcols.org\/de\/util\/visuAlbum.php\/?album=5684-001\" target=\"_blank\" rel=\"noreferrer noopener\"><img loading=\"lazy\" decoding=\"async\" width=\"800\" height=\"599\" data-id=\"89575\" src=\"https:\/\/centcols.org\/wp-content\/uploads\/2014\/01\/Dine-Millet.jpg\" alt=\"\" class=\"wp-image-89575\" srcset=\"https:\/\/centcols.org\/wp-content\/uploads\/2014\/01\/Dine-Millet.jpg 800w, https:\/\/centcols.org\/wp-content\/uploads\/2014\/01\/Dine-Millet-768x575.jpg 768w, https:\/\/centcols.org\/wp-content\/uploads\/2014\/01\/Dine-Millet-16x12.jpg 16w\" sizes=\"auto, (max-width: 800px) 100vw, 800px\" \/><\/a><figcaption class=\"wp-element-caption\">Album von Nicole Millet<\/figcaption><\/figure>\n\n\n\n<figure class=\"wp-block-image size-full\"><a href=\"https:\/\/centcols.org\/de\/util\/visuAlbum.php\/?album=4373-001\" target=\"_blank\" rel=\"noreferrer noopener\"><img loading=\"lazy\" decoding=\"async\" width=\"800\" height=\"600\" data-id=\"89577\" src=\"https:\/\/centcols.org\/wp-content\/uploads\/2014\/01\/Digne-Racois.jpg\" alt=\"\" class=\"wp-image-89577\" srcset=\"https:\/\/centcols.org\/wp-content\/uploads\/2014\/01\/Digne-Racois.jpg 800w, https:\/\/centcols.org\/wp-content\/uploads\/2014\/01\/Digne-Racois-768x576.jpg 768w, https:\/\/centcols.org\/wp-content\/uploads\/2014\/01\/Digne-Racois-16x12.jpg 16w\" sizes=\"auto, (max-width: 800px) 100vw, 800px\" \/><\/a><figcaption class=\"wp-element-caption\">Album von Michel Racois<\/figcaption><\/figure>\n\n\n\n<figure class=\"wp-block-image size-full\"><a href=\"https:\/\/centcols.org\/de\/util\/visuAlbum.php\/?album=3310-001\" target=\"_blank\" rel=\"noreferrer noopener\"><img loading=\"lazy\" decoding=\"async\" width=\"800\" height=\"600\" data-id=\"89579\" src=\"https:\/\/centcols.org\/wp-content\/uploads\/2014\/01\/Digne-Braquemeont.jpg\" alt=\"\" class=\"wp-image-89579\" srcset=\"https:\/\/centcols.org\/wp-content\/uploads\/2014\/01\/Digne-Braquemeont.jpg 800w, https:\/\/centcols.org\/wp-content\/uploads\/2014\/01\/Digne-Braquemeont-768x576.jpg 768w, https:\/\/centcols.org\/wp-content\/uploads\/2014\/01\/Digne-Braquemeont-16x12.jpg 16w\" sizes=\"auto, (max-width: 800px) 100vw, 800px\" \/><\/a><figcaption class=\"wp-element-caption\">Album von Bernard Bracquemont<\/figcaption><\/figure>\n\n\n\n<figure class=\"wp-block-image size-full\"><a href=\"https:\/\/centcols.org\/de\/util\/visuAlbum.php\/?album=5497-003\" target=\"_blank\" rel=\"noreferrer noopener\"><img loading=\"lazy\" decoding=\"async\" width=\"800\" height=\"600\" data-id=\"89581\" src=\"https:\/\/centcols.org\/wp-content\/uploads\/2014\/01\/Digne-Ruffie.jpg\" alt=\"\" class=\"wp-image-89581\" srcset=\"https:\/\/centcols.org\/wp-content\/uploads\/2014\/01\/Digne-Ruffie.jpg 800w, https:\/\/centcols.org\/wp-content\/uploads\/2014\/01\/Digne-Ruffie-768x576.jpg 768w, https:\/\/centcols.org\/wp-content\/uploads\/2014\/01\/Digne-Ruffie-16x12.jpg 16w\" sizes=\"auto, (max-width: 800px) 100vw, 800px\" \/><\/a><figcaption class=\"wp-element-caption\">Album von Guy Ruffi\u00e9<\/figcaption><\/figure>\n\n\n\n<figure class=\"wp-block-image size-full\"><a href=\"https:\/\/centcols.org\/de\/util\/visuAlbum.php\/?album=6785-004\" target=\"_blank\" rel=\"noreferrer noopener\"><img loading=\"lazy\" decoding=\"async\" width=\"800\" height=\"639\" data-id=\"89582\" src=\"https:\/\/centcols.org\/wp-content\/uploads\/2014\/01\/Digne-Tissot.jpg\" alt=\"\" class=\"wp-image-89582\" srcset=\"https:\/\/centcols.org\/wp-content\/uploads\/2014\/01\/Digne-Tissot.jpg 800w, https:\/\/centcols.org\/wp-content\/uploads\/2014\/01\/Digne-Tissot-768x613.jpg 768w, https:\/\/centcols.org\/wp-content\/uploads\/2014\/01\/Digne-Tissot-15x12.jpg 15w\" sizes=\"auto, (max-width: 800px) 100vw, 800px\" \/><\/a><figcaption class=\"wp-element-caption\">Album von Max Tissot<\/figcaption><\/figure>\n\n\n\n<figure class=\"wp-block-image size-full\"><a href=\"https:\/\/centcols.org\/de\/util\/visuAlbum.php\/?album=6796-006\" target=\"_blank\" rel=\"noreferrer noopener\"><img loading=\"lazy\" decoding=\"async\" width=\"800\" height=\"598\" data-id=\"89584\" src=\"https:\/\/centcols.org\/wp-content\/uploads\/2014\/01\/Digne-Andurand.jpg\" alt=\"\" class=\"wp-image-89584\" srcset=\"https:\/\/centcols.org\/wp-content\/uploads\/2014\/01\/Digne-Andurand.jpg 800w, https:\/\/centcols.org\/wp-content\/uploads\/2014\/01\/Digne-Andurand-768x574.jpg 768w, https:\/\/centcols.org\/wp-content\/uploads\/2014\/01\/Digne-Andurand-16x12.jpg 16w\" sizes=\"auto, (max-width: 800px) 100vw, 800px\" \/><\/a><figcaption class=\"wp-element-caption\">Album von Michel Andurand<\/figcaption><\/figure>\n<\/figure>","protected":false},"excerpt":{"rendered":"<p>Pr\u00e9sentation C&rsquo;est \u00e0 Digne que nous organisons notre s\u00e9jour de printemps 2014 du 27 avril au 4 mai, \u00e0 la r\u00e9sidence \u00abLe Richelme\u00bb de Renouveu Vacances.Le pays dignois, o\u00f9 nous allons \u00eatre h\u00e9berg\u00e9s, abrite de hauts sommets dominant des champs de lavande, dans la plus grande r\u00e9serve g\u00e9ologique d&rsquo;Europe. Digne-les-Bains, ville de 19 000 habitants, [&hellip;]<\/p>\n","protected":false},"author":3,"featured_media":81477,"comment_status":"closed","ping_status":"closed","sticky":false,"template":"","format":"standard","meta":{"_acf_changed":false,"footnotes":""},"categories":[349,381,353,355,135,231],"tags":[],"class_list":["post-81476","post","type-post","status-publish","format-standard","has-post-thumbnail","hentry","category-france-pays-sejours","category-04-alpes-de-haute-provence","category-alpes-francaises-du-sud-massif-sejours","category-provence-alpes-cote-dazur-region-sejours","category-calendrier","category-sejours"],"acf":[],"yoast_head":"<!-- This site is optimized with the Yoast SEO plugin v27.2 - https:\/\/yoast.com\/product\/yoast-seo-wordpress\/ -->\n<title>S\u00e9jour de printemps \u00e0 Digne (Alpes-de-Haute-Provence) du 27 avril au 4 mai 2014 - Club des Cent Cols<\/title>\n<meta name=\"robots\" content=\"index, follow, max-snippet:-1, max-image-preview:large, max-video-preview:-1\" \/>\n<link rel=\"canonical\" href=\"https:\/\/centcols.org\/de\/aufenthalt-2014-wurdig\/\" \/>\n<meta property=\"og:locale\" content=\"de_DE\" \/>\n<meta property=\"og:type\" content=\"article\" \/>\n<meta property=\"og:title\" content=\"S\u00e9jour de printemps \u00e0 Digne (Alpes-de-Haute-Provence) du 27 avril au 4 mai 2014 - Club des Cent Cols\" \/>\n<meta property=\"og:description\" content=\"Pr\u00e9sentation C&rsquo;est \u00e0 Digne que nous organisons notre s\u00e9jour de printemps 2014 du 27 avril au 4 mai, \u00e0 la r\u00e9sidence \u00abLe Richelme\u00bb de Renouveu Vacances.Le pays dignois, o\u00f9 nous allons \u00eatre h\u00e9berg\u00e9s, abrite de hauts sommets dominant des champs de lavande, dans la plus grande r\u00e9serve g\u00e9ologique d&rsquo;Europe. Digne-les-Bains, ville de 19 000 habitants, [&hellip;]\" \/>\n<meta property=\"og:url\" content=\"https:\/\/centcols.org\/de\/aufenthalt-2014-wurdig\/\" \/>\n<meta property=\"og:site_name\" content=\"Club des Cent Cols\" \/>\n<meta property=\"article:publisher\" content=\"https:\/\/www.facebook.com\/groups\/5261880558\/?locale=fr_FR\" \/>\n<meta property=\"article:published_time\" content=\"2014-01-23T08:16:53+00:00\" \/>\n<meta property=\"article:modified_time\" content=\"2025-09-10T14:45:47+00:00\" \/>\n<meta property=\"og:image\" content=\"https:\/\/centcols.org\/wp-content\/uploads\/2025\/05\/L00831-e1443267820261.jpg\" \/>\n\t<meta property=\"og:image:width\" content=\"800\" \/>\n\t<meta property=\"og:image:height\" content=\"450\" \/>\n\t<meta property=\"og:image:type\" content=\"image\/jpeg\" \/>\n<meta name=\"author\" content=\"Webmestre\" \/>\n<meta name=\"twitter:card\" content=\"summary_large_image\" \/>\n<meta name=\"twitter:label1\" content=\"Verfasst von\" \/>\n\t<meta name=\"twitter:data1\" content=\"Webmestre\" \/>\n\t<meta name=\"twitter:label2\" content=\"Gesch\u00e4tzte Lesezeit\" \/>\n\t<meta name=\"twitter:data2\" content=\"8\u00a0Minuten\" \/>\n<script type=\"application\/ld+json\" class=\"yoast-schema-graph\">{\"@context\":\"https:\/\/schema.org\",\"@graph\":[{\"@type\":\"Article\",\"@id\":\"https:\/\/centcols.org\/sejour-2014-digne\/#article\",\"isPartOf\":{\"@id\":\"https:\/\/centcols.org\/sejour-2014-digne\/\"},\"author\":{\"name\":\"Webmestre\",\"@id\":\"https:\/\/centcols.org\/#\/schema\/person\/911b404fb133d8c913dd27cdcf71c8e5\"},\"headline\":\"S\u00e9jour de printemps \u00e0 Digne (Alpes-de-Haute-Provence) du 27 avril au 4 mai 2014\",\"datePublished\":\"2014-01-23T08:16:53+00:00\",\"dateModified\":\"2025-09-10T14:45:47+00:00\",\"mainEntityOfPage\":{\"@id\":\"https:\/\/centcols.org\/sejour-2014-digne\/\"},\"wordCount\":828,\"publisher\":{\"@id\":\"https:\/\/centcols.org\/#organization\"},\"image\":{\"@id\":\"https:\/\/centcols.org\/sejour-2014-digne\/#primaryimage\"},\"thumbnailUrl\":\"https:\/\/centcols.org\/wp-content\/uploads\/2025\/05\/L00831-e1443267820261.jpg\",\"articleSection\":[\"France\",\"04-Alpes-de-Haute-Provence\",\"Alpes fran\u00e7aises du sud\",\"Provence-Alpes-C\u00f4te d'Azur\",\"Calendrier\",\"S\u00e9jours du Club des Cent Cols\"],\"inLanguage\":\"de\"},{\"@type\":\"WebPage\",\"@id\":\"https:\/\/centcols.org\/sejour-2014-digne\/\",\"url\":\"https:\/\/centcols.org\/sejour-2014-digne\/\",\"name\":\"S\u00e9jour de printemps \u00e0 Digne (Alpes-de-Haute-Provence) du 27 avril au 4 mai 2014 - Club des Cent Cols\",\"isPartOf\":{\"@id\":\"https:\/\/centcols.org\/#website\"},\"primaryImageOfPage\":{\"@id\":\"https:\/\/centcols.org\/sejour-2014-digne\/#primaryimage\"},\"image\":{\"@id\":\"https:\/\/centcols.org\/sejour-2014-digne\/#primaryimage\"},\"thumbnailUrl\":\"https:\/\/centcols.org\/wp-content\/uploads\/2025\/05\/L00831-e1443267820261.jpg\",\"datePublished\":\"2014-01-23T08:16:53+00:00\",\"dateModified\":\"2025-09-10T14:45:47+00:00\",\"breadcrumb\":{\"@id\":\"https:\/\/centcols.org\/sejour-2014-digne\/#breadcrumb\"},\"inLanguage\":\"de\",\"potentialAction\":[{\"@type\":\"ReadAction\",\"target\":[\"https:\/\/centcols.org\/sejour-2014-digne\/\"]}]},{\"@type\":\"ImageObject\",\"inLanguage\":\"de\",\"@id\":\"https:\/\/centcols.org\/sejour-2014-digne\/#primaryimage\",\"url\":\"https:\/\/centcols.org\/wp-content\/uploads\/2025\/05\/L00831-e1443267820261.jpg\",\"contentUrl\":\"https:\/\/centcols.org\/wp-content\/uploads\/2025\/05\/L00831-e1443267820261.jpg\",\"width\":800,\"height\":450},{\"@type\":\"BreadcrumbList\",\"@id\":\"https:\/\/centcols.org\/sejour-2014-digne\/#breadcrumb\",\"itemListElement\":[{\"@type\":\"ListItem\",\"position\":1,\"name\":\"Accueil\",\"item\":\"https:\/\/centcols.org\/\"},{\"@type\":\"ListItem\",\"position\":2,\"name\":\"S\u00e9jours du Club des Cent Cols\",\"item\":\"https:\/\/centcols.org\/rubrique\/sejours\/\"},{\"@type\":\"ListItem\",\"position\":3,\"name\":\"Pays\",\"item\":\"https:\/\/centcols.org\/rubrique\/sejours\/pays-sejours\/\"},{\"@type\":\"ListItem\",\"position\":4,\"name\":\"France\",\"item\":\"https:\/\/centcols.org\/rubrique\/sejours\/pays-sejours\/france-pays-sejours\/\"},{\"@type\":\"ListItem\",\"position\":5,\"name\":\"S\u00e9jour de printemps \u00e0 Digne (Alpes-de-Haute-Provence) du 27 avril au 4 mai 2014\"}]},{\"@type\":\"WebSite\",\"@id\":\"https:\/\/centcols.org\/#website\",\"url\":\"https:\/\/centcols.org\/\",\"name\":\"Club des Cent Cols\",\"description\":\"\",\"publisher\":{\"@id\":\"https:\/\/centcols.org\/#organization\"},\"potentialAction\":[{\"@type\":\"SearchAction\",\"target\":{\"@type\":\"EntryPoint\",\"urlTemplate\":\"https:\/\/centcols.org\/?s={search_term_string}\"},\"query-input\":{\"@type\":\"PropertyValueSpecification\",\"valueRequired\":true,\"valueName\":\"search_term_string\"}}],\"inLanguage\":\"de\"},{\"@type\":\"Organization\",\"@id\":\"https:\/\/centcols.org\/#organization\",\"name\":\"Club des Cent Cols\",\"url\":\"https:\/\/centcols.org\/\",\"logo\":{\"@type\":\"ImageObject\",\"inLanguage\":\"de\",\"@id\":\"https:\/\/centcols.org\/#\/schema\/logo\/image\/\",\"url\":\"https:\/\/centcols.org\/wp-content\/uploads\/2025\/01\/carte-icone.png\",\"contentUrl\":\"https:\/\/centcols.org\/wp-content\/uploads\/2025\/01\/carte-icone.png\",\"width\":250,\"height\":250,\"caption\":\"Club des Cent Cols\"},\"image\":{\"@id\":\"https:\/\/centcols.org\/#\/schema\/logo\/image\/\"},\"sameAs\":[\"https:\/\/www.facebook.com\/groups\/5261880558\/?locale=fr_FR\"]},{\"@type\":\"Person\",\"@id\":\"https:\/\/centcols.org\/#\/schema\/person\/911b404fb133d8c913dd27cdcf71c8e5\",\"name\":\"Webmestre\",\"image\":{\"@type\":\"ImageObject\",\"inLanguage\":\"de\",\"@id\":\"https:\/\/centcols.org\/wp-content\/litespeed\/avatar\/2d246e4b6b4f773e08515e1ffc53690b.jpg?ver=1777222892\",\"url\":\"https:\/\/centcols.org\/wp-content\/litespeed\/avatar\/2d246e4b6b4f773e08515e1ffc53690b.jpg?ver=1777222892\",\"contentUrl\":\"https:\/\/centcols.org\/wp-content\/litespeed\/avatar\/2d246e4b6b4f773e08515e1ffc53690b.jpg?ver=1777222892\",\"caption\":\"Webmestre\"},\"url\":\"https:\/\/centcols.org\/de\/author\/webmestre\/\"}]}<\/script>\n<!-- \/ Yoast SEO plugin. -->","yoast_head_json":{"title":"Fr\u00fchlingsaufenthalt in Digne (Alpes-de-Haute-Provence) vom 27. April bis zum 4. Mai 2014 - Club des Cent Cols","robots":{"index":"index","follow":"follow","max-snippet":"max-snippet:-1","max-image-preview":"max-image-preview:large","max-video-preview":"max-video-preview:-1"},"canonical":"https:\/\/centcols.org\/de\/aufenthalt-2014-wurdig\/","og_locale":"de_DE","og_type":"article","og_title":"S\u00e9jour de printemps \u00e0 Digne (Alpes-de-Haute-Provence) du 27 avril au 4 mai 2014 - Club des Cent Cols","og_description":"Pr\u00e9sentation C&rsquo;est \u00e0 Digne que nous organisons notre s\u00e9jour de printemps 2014 du 27 avril au 4 mai, \u00e0 la r\u00e9sidence \u00abLe Richelme\u00bb de Renouveu Vacances.Le pays dignois, o\u00f9 nous allons \u00eatre h\u00e9berg\u00e9s, abrite de hauts sommets dominant des champs de lavande, dans la plus grande r\u00e9serve g\u00e9ologique d&rsquo;Europe. Digne-les-Bains, ville de 19 000 habitants, [&hellip;]","og_url":"https:\/\/centcols.org\/de\/aufenthalt-2014-wurdig\/","og_site_name":"Club des Cent Cols","article_publisher":"https:\/\/www.facebook.com\/groups\/5261880558\/?locale=fr_FR","article_published_time":"2014-01-23T08:16:53+00:00","article_modified_time":"2025-09-10T14:45:47+00:00","og_image":[{"width":800,"height":450,"url":"https:\/\/centcols.org\/wp-content\/uploads\/2025\/05\/L00831-e1443267820261.jpg","type":"image\/jpeg"}],"author":"Webmestre","twitter_card":"summary_large_image","twitter_misc":{"Verfasst von":"Webmestre","Gesch\u00e4tzte Lesezeit":"8\u00a0Minuten"},"schema":{"@context":"https:\/\/schema.org","@graph":[{"@type":"Article","@id":"https:\/\/centcols.org\/sejour-2014-digne\/#article","isPartOf":{"@id":"https:\/\/centcols.org\/sejour-2014-digne\/"},"author":{"name":"Webmestre","@id":"https:\/\/centcols.org\/#\/schema\/person\/911b404fb133d8c913dd27cdcf71c8e5"},"headline":"S\u00e9jour de printemps \u00e0 Digne (Alpes-de-Haute-Provence) du 27 avril au 4 mai 2014","datePublished":"2014-01-23T08:16:53+00:00","dateModified":"2025-09-10T14:45:47+00:00","mainEntityOfPage":{"@id":"https:\/\/centcols.org\/sejour-2014-digne\/"},"wordCount":828,"publisher":{"@id":"https:\/\/centcols.org\/#organization"},"image":{"@id":"https:\/\/centcols.org\/sejour-2014-digne\/#primaryimage"},"thumbnailUrl":"https:\/\/centcols.org\/wp-content\/uploads\/2025\/05\/L00831-e1443267820261.jpg","articleSection":["France","04-Alpes-de-Haute-Provence","Alpes fran\u00e7aises du sud","Provence-Alpes-C\u00f4te d'Azur","Calendrier","S\u00e9jours du Club des Cent Cols"],"inLanguage":"de"},{"@type":"WebPage","@id":"https:\/\/centcols.org\/sejour-2014-digne\/","url":"https:\/\/centcols.org\/sejour-2014-digne\/","name":"Fr\u00fchlingsaufenthalt in Digne (Alpes-de-Haute-Provence) vom 27. April bis zum 4. Mai 2014 - Club des Cent Cols","isPartOf":{"@id":"https:\/\/centcols.org\/#website"},"primaryImageOfPage":{"@id":"https:\/\/centcols.org\/sejour-2014-digne\/#primaryimage"},"image":{"@id":"https:\/\/centcols.org\/sejour-2014-digne\/#primaryimage"},"thumbnailUrl":"https:\/\/centcols.org\/wp-content\/uploads\/2025\/05\/L00831-e1443267820261.jpg","datePublished":"2014-01-23T08:16:53+00:00","dateModified":"2025-09-10T14:45:47+00:00","breadcrumb":{"@id":"https:\/\/centcols.org\/sejour-2014-digne\/#breadcrumb"},"inLanguage":"de","potentialAction":[{"@type":"ReadAction","target":["https:\/\/centcols.org\/sejour-2014-digne\/"]}]},{"@type":"ImageObject","inLanguage":"de","@id":"https:\/\/centcols.org\/sejour-2014-digne\/#primaryimage","url":"https:\/\/centcols.org\/wp-content\/uploads\/2025\/05\/L00831-e1443267820261.jpg","contentUrl":"https:\/\/centcols.org\/wp-content\/uploads\/2025\/05\/L00831-e1443267820261.jpg","width":800,"height":450},{"@type":"BreadcrumbList","@id":"https:\/\/centcols.org\/sejour-2014-digne\/#breadcrumb","itemListElement":[{"@type":"ListItem","position":1,"name":"Accueil","item":"https:\/\/centcols.org\/"},{"@type":"ListItem","position":2,"name":"S\u00e9jours du Club des Cent Cols","item":"https:\/\/centcols.org\/rubrique\/sejours\/"},{"@type":"ListItem","position":3,"name":"Pays","item":"https:\/\/centcols.org\/rubrique\/sejours\/pays-sejours\/"},{"@type":"ListItem","position":4,"name":"France","item":"https:\/\/centcols.org\/rubrique\/sejours\/pays-sejours\/france-pays-sejours\/"},{"@type":"ListItem","position":5,"name":"S\u00e9jour de printemps \u00e0 Digne (Alpes-de-Haute-Provence) du 27 avril au 4 mai 2014"}]},{"@type":"WebSite","@id":"https:\/\/centcols.org\/#website","url":"https:\/\/centcols.org\/","name":"Club des Cent Cols","description":"","publisher":{"@id":"https:\/\/centcols.org\/#organization"},"potentialAction":[{"@type":"SearchAction","target":{"@type":"EntryPoint","urlTemplate":"https:\/\/centcols.org\/?s={search_term_string}"},"query-input":{"@type":"PropertyValueSpecification","valueRequired":true,"valueName":"search_term_string"}}],"inLanguage":"de"},{"@type":"Organization","@id":"https:\/\/centcols.org\/#organization","name":"Club des Cent Cols","url":"https:\/\/centcols.org\/","logo":{"@type":"ImageObject","inLanguage":"de","@id":"https:\/\/centcols.org\/#\/schema\/logo\/image\/","url":"https:\/\/centcols.org\/wp-content\/uploads\/2025\/01\/carte-icone.png","contentUrl":"https:\/\/centcols.org\/wp-content\/uploads\/2025\/01\/carte-icone.png","width":250,"height":250,"caption":"Club des Cent Cols"},"image":{"@id":"https:\/\/centcols.org\/#\/schema\/logo\/image\/"},"sameAs":["https:\/\/www.facebook.com\/groups\/5261880558\/?locale=fr_FR"]},{"@type":"Person","@id":"https:\/\/centcols.org\/#\/schema\/person\/911b404fb133d8c913dd27cdcf71c8e5","name":"Webmaster","image":{"@type":"ImageObject","inLanguage":"de","@id":"https:\/\/centcols.org\/wp-content\/litespeed\/avatar\/2d246e4b6b4f773e08515e1ffc53690b.jpg?ver=1777222892","url":"https:\/\/centcols.org\/wp-content\/litespeed\/avatar\/2d246e4b6b4f773e08515e1ffc53690b.jpg?ver=1777222892","contentUrl":"https:\/\/centcols.org\/wp-content\/litespeed\/avatar\/2d246e4b6b4f773e08515e1ffc53690b.jpg?ver=1777222892","caption":"Webmestre"},"url":"https:\/\/centcols.org\/de\/author\/webmestre\/"}]}},"_links":{"self":[{"href":"https:\/\/centcols.org\/de\/wp-json\/wp\/v2\/posts\/81476","targetHints":{"allow":["GET"]}}],"collection":[{"href":"https:\/\/centcols.org\/de\/wp-json\/wp\/v2\/posts"}],"about":[{"href":"https:\/\/centcols.org\/de\/wp-json\/wp\/v2\/types\/post"}],"author":[{"embeddable":true,"href":"https:\/\/centcols.org\/de\/wp-json\/wp\/v2\/users\/3"}],"replies":[{"embeddable":true,"href":"https:\/\/centcols.org\/de\/wp-json\/wp\/v2\/comments?post=81476"}],"version-history":[{"count":0,"href":"https:\/\/centcols.org\/de\/wp-json\/wp\/v2\/posts\/81476\/revisions"}],"wp:featuredmedia":[{"embeddable":true,"href":"https:\/\/centcols.org\/de\/wp-json\/wp\/v2\/media\/81477"}],"wp:attachment":[{"href":"https:\/\/centcols.org\/de\/wp-json\/wp\/v2\/media?parent=81476"}],"wp:term":[{"taxonomy":"category","embeddable":true,"href":"https:\/\/centcols.org\/de\/wp-json\/wp\/v2\/categories?post=81476"},{"taxonomy":"post_tag","embeddable":true,"href":"https:\/\/centcols.org\/de\/wp-json\/wp\/v2\/tags?post=81476"}],"curies":[{"name":"wp","href":"https:\/\/api.w.org\/{rel}","templated":true}]}}