{"id":81508,"date":"2014-04-23T10:17:17","date_gmt":"2014-04-23T08:17:17","guid":{"rendered":"https:\/\/centcols.org\/sejour-estival-a-bussang-vosges-du-13-au-20-juillet-2014\/"},"modified":"2025-09-08T19:22:49","modified_gmt":"2025-09-08T17:22:49","slug":"aufenthalt-2014-bussang","status":"publish","type":"post","link":"https:\/\/centcols.org\/de\/sejour-2014-bussang\/","title":{"rendered":"Sommeraufenthalt in Bussang (Vogesen) vom 13. bis 20. Juli 2014"},"content":{"rendered":"<h2 class=\"wp-block-heading\">Erkl\u00e4rungen<\/h2>\n\n\n\n<p>Das Sommertreffen des Club des Cent Cols findet im Herzen des Naturparks Ballons des Hautes Vosges statt. Der 1989 gegr\u00fcndete Park erstreckt sich \u00fcber drei Regionen (Elsass, Franche-Comt\u00e9 und Lothringen) und vier Departements (Haut-Rhin, Haute-Sa\u00f4ne, Vosges und Territoire de Belfort). Mit 208 Gemeinden und 256000 Einwohnern auf 3000 km2 ist er einer der gr\u00f6\u00dften und bev\u00f6lkerungsreichsten unter den regionalen Naturparks in Frankreich.<br>Die Vogesen bieten eine Abfolge von Berglandschaften, Ballons mit abgerundeten Gipfeln und hochgelegenen Weidefl\u00e4chen, den sogenannten Hochstaudenfluren. Der h\u00f6chste Punkt dieses gesch\u00fctzten Gebiets befindet sich auf dem Grand Ballon mit 1424 m H\u00f6he.<\/p>\n\n\n\n<p>Der Park umfasst vielf\u00e4ltige Gebiete wie die Hautes-Vosges, die T\u00e4ler der Vogesen, des Haut-Rhin und der Comtoises, das Plateau des Mille \u00c9tangs, das Untervogesenland und das els\u00e4ssische Weinanbaugebiet. Es birgt auch seltene nat\u00fcrliche Lebensr\u00e4ume wie Hochmoore, Torfmoore, Buchen- und Tannenw\u00e4lder etc. Diese sehr unterschiedlichen Lebensr\u00e4ume beherbergen die emblematische Fauna und Flora unseres Massivs: Luchs, Auerhahn, Moosbeere, Sonnentau... F\u00fcnf Naturschutzgebiete tragen zum Schutz der wertvollsten Lebensr\u00e4ume des Gebirgskamms bei.<br>Der Parc des ballons des Vosges ist ein lebendiges Gebiet, in dem die Menschen schon fr\u00fch Wasser, Holz, Stein und den Untergrund genutzt haben, um Industrie und Handwerk zu entwickeln. Es ist auch das Erbe einer bewegten Geschichte, die mit den Weltkriegen verbunden ist. Rund 60 Museen, Kulturerbest\u00e4tten, historische Rundwege und Interpretationszentren bieten die M\u00f6glichkeit, das reiche Erbe des Parks zu entdecken.<\/p>\n\n\n\n<p>Entdecken Sie einen Artikel \u00fcber <a href=\"https:\/\/centcols.org\/wp-content\/uploads\/2025\/09\/mdv45-54-57.pdf\">Bussang<\/a> (1,5 MB) aus dem Magazin Massif des Vosges (Ausgabe 45), oder ein anderer \u00fcber <a href=\"https:\/\/centcols.org\/wp-content\/uploads\/2025\/09\/mdv45-63.pdf\">Spazierg\u00e4nge in der Umgebung von Bussang<\/a> (2,3 MB). Diese Artikel werden freundlicherweise von der Groupe Alsace M\u00e9dias als PDF zur Verf\u00fcgung gestellt.<\/p>\n\n\n\n<figure class=\"wp-block-gallery has-nested-images columns-4 is-cropped wp-block-gallery-1 is-layout-flex wp-block-gallery-is-layout-flex\">\n<figure class=\"wp-block-image size-full\"><img loading=\"lazy\" decoding=\"async\" width=\"240\" height=\"160\" data-id=\"88783\" src=\"https:\/\/centcols.org\/wp-content\/uploads\/2014\/04\/ves.jpg\" alt=\"\" class=\"wp-image-88783\"\/><figcaption class=\"wp-element-caption\">Kapelle des Ves<\/figcaption><\/figure>\n\n\n\n<figure class=\"wp-block-image size-full\"><img loading=\"lazy\" decoding=\"async\" width=\"200\" height=\"220\" data-id=\"88784\" src=\"https:\/\/centcols.org\/wp-content\/uploads\/2014\/04\/vosges.png\" alt=\"\" class=\"wp-image-88784\"\/><figcaption class=\"wp-element-caption\">Vogesen<\/figcaption><\/figure>\n\n\n\n<figure class=\"wp-block-image size-full\"><img loading=\"lazy\" decoding=\"async\" width=\"200\" height=\"220\" data-id=\"88786\" src=\"https:\/\/centcols.org\/wp-content\/uploads\/2014\/04\/bussang.png\" alt=\"\" class=\"wp-image-88786\"\/><figcaption class=\"wp-element-caption\">Bussang<\/figcaption><\/figure>\n\n\n\n<figure class=\"wp-block-image size-full\"><img loading=\"lazy\" decoding=\"async\" width=\"240\" height=\"160\" data-id=\"88785\" src=\"https:\/\/centcols.org\/wp-content\/uploads\/2014\/04\/gerardmer.jpg\" alt=\"\" class=\"wp-image-88785\"\/><figcaption class=\"wp-element-caption\">G\u00e9rardmer<\/figcaption><\/figure>\n<\/figure>\n\n\n\n<h2 class=\"wp-block-heading\">Unterkunft<\/h2>\n\n\n\n<p>Wir werden im Feriendorf Azureva Bussang untergebracht, das 3 km vom Dorf und seinen Gesch\u00e4ften entfernt im Ort Larcenaire liegt. Es besteht aus einem zentralen Geb\u00e4ude (Bar, Wifi, Restaurant, Versammlungsraum), einem Hallenbad und neuen Unterk\u00fcnften mit den Zimmern f\u00fcr zwei Personen.<\/p>\n\n\n\n<p>Weitere Informationen \u00fcber das Feriendorf finden Sie auf der Seite <a href=\"\/de\/H\u00e9bergement%20 Nous serons h\u00e9berg\u00e9s au village de vacances Azureva Bussang situ\u00e9 \u00e0 3 km du village et de ses commerces, au lieu-dit du Larcenaire. Il comprend un b\u00e2timent central (bar, wifi, salle de restaurant, salle de r\u00e9union), une piscine couverte et des logements neufs avec les chambres pour deux personnes. Pour plus de d\u00e9tails sur le village de vacances, voyez la page Azureva Bussang.\/\" target=\"_blank\" rel=\"noopener\">Azureva Bussang<\/a>.<\/p>\n\n\n\n<h2 class=\"wp-block-heading\">Die Schaltkreise<\/h2>\n\n\n\n<p>Jeden Tag werden Ihnen eine Stra\u00dfenroute und eine Mountainbike-Route angeboten. Auf diesen Strecken k\u00f6nnen Sie die Landschaft und die kulturellen Reicht\u00fcmer voll und ganz genie\u00dfen. Es handelt sich um Vorschl\u00e4ge, die jeder je nach seiner Form und seinen W\u00fcnschen anpassen kann. Die vorgesehenen Daten sind angegeben, bleiben aber je nach Wetterlage flexibel. Einige Touren haben \u00fcbrigens kein festes Datum und jeder kann sie machen, wenn und wann er will. Die Liste der <a href=\"\/de\/membres\/cctours\/tours.php\/?lieu=Bussang&amp;an=2014\">alle Touren<\/a> ist verf\u00fcgbar, ebenso wie separate Listen f\u00fcr die <a href=\"\/de\/membres\/cctours\/tours.php\/?lieu=Bussang&amp;an=2014&amp;genre=R\">Stra\u00dfenrouten<\/a> und&nbsp;<a href=\"\/de\/membres\/cctours\/tours.php\/?lieu=Bussang&amp;an=2014&amp;genre=V\">die Mountainbike-Routen<\/a>. Von diesen Listen aus sind die H\u00f6henprofile und interaktiven Karten f\u00fcr jede Strecke verf\u00fcgbar. Au\u00dferdem k\u00f6nnen Routenpl\u00e4ne und Geotagsdateien von diesen Seiten heruntergeladen werden.<\/p>\n\n\n\n<h2 class=\"wp-block-heading\">Aktivit\u00e4ten f\u00fcr Nicht-Pedalisten<\/h2>\n\n\n\n<p>Einige Vorschl\u00e4ge:<\/p>\n\n\n\n<ul class=\"wp-block-list\">\n<li>das Volkstheater in Bussang<\/li>\n\n\n\n<li>les hautes mynes in Le Thillot, ehemalige Kupferminen<\/li>\n\n\n\n<li>die Weinstra\u00dfe (Riquewihr, Turckheim, Ribeauvill\u00e9, Eguisheim)<\/li>\n\n\n\n<li>die Quelle der Mosel am Fu\u00df des Drumonts<\/li>\n\n\n\n<li>die Quelle Marie, eisenhaltiges Wasser, das der \u00d6ffentlichkeit zug\u00e4nglich ist<\/li>\n\n\n\n<li>zahlreiche vom Vogesenclub markierte Wanderwege<\/li>\n\n\n\n<li>der Park von Wesserling, der ein \u00d6komuseum f\u00fcr Textilien und bemerkenswerte G\u00e4rten umfasst<\/li>\n<\/ul>\n\n\n\n<hr class=\"wp-block-separator has-alpha-channel-opacity\"\/>\n\n\n\n<h3 class=\"wp-block-heading\">Kontakt aufnehmen<\/h3>\n\n\n\n<h2 class=\"wp-block-heading\">DOMAINE DE CHAMPE<\/h2>\n\n\n\n<p>14 rue des champs nav\u00e9s<br>88540 BUSSANG<br>Tel.: +33 3 29 61 61 51<br>Preis: 31 Euro pro Tag (2 Erwachsene + 1 Auto + 1 Stellplatz + Strom + Abwasser)<br>Entfernung zum Zentrum: 3 km<\/p>\n\n\n\n<h2 class=\"wp-block-heading\">CAMPING LES DEUX BALLONS<\/h2>\n\n\n\n<p>17 rue du stade<br>88560 SAINT MAURICE SUR MOSELLE<br>Tel.: +33 3 29 25 17 14<br>Courriel: &#x73;&#116;a&#x6e;&#48;&#50;&#x36;&#x38;&#64;o&#x72;&#97;n&#x67;&#x65;&#46;f&#x72;<br>Tarif: 26 Euro pro Tag + Strom (2 Erwachsene + 1 Auto + 1 Stellplatz)<br>Entfernung zum Zentrum: 8 km<\/p>\n\n\n\n<h2 class=\"wp-block-heading\">CAMPING MUNICIPAL AU BON ACCUEIL<\/h2>\n\n\n\n<p>36 t rue de lorraine<br>88160 FRESSE SUR MOSELLE<br>Tel.: +33 3 29 25 08 98<br>Courriel: &#99;&#x61;&#109;&#x70;&#105;&#x6e;&#103;&#x2e;&#98;&#x6f;&#110;&#x61;c&#x63;u&#x65;i&#x6c;&#64;&#x6f;r&#x61;n&#103;&#x65;&#46;&#x66;&#114;<br>Preis: 6,41 Euro pro Tag (2 Erwachsene + 1 Auto + 1 Stellplatz)<br>Entfernung zum Zentrum: 12 km<\/p>\n\n\n\n<h2 class=\"wp-block-heading\">ST\u00c4DTISCHER CAMPINGPLATZ DU CLOS DE CHAUME<\/h2>\n\n\n\n<p>36 rue de la Chaume<br>88160 LE THILLOT<br>Tel.: +33 6 30 23 50 05<br>Courriel: &#99;&#x61;&#109;&#x70;&#105;&#x6e;&#103;&#x6d;&#117;&#x6e;&#105;&#x63;i&#x70;a&#x6c;&#64;&#x76;i&#x6c;l&#x65;-&#108;&#x65;&#116;&#x68;&#105;&#x6c;&#108;&#x6f;&#116;&#x38;&#56;&#x2e;&#102;&#x72;<br>Entfernung zum Zentrum: 14 km<\/p>\n\n\n\n<h2 class=\"wp-block-heading\">ST\u00c4DTISCHER CAMPINGPLATZ BENELUX BALE<\/h2>\n\n\n\n<p>Stra\u00dfe des S\u00e4gewerks<br>68121 URBES<br>Tel.: +33 3 89 82 78 76<br>Preis: 8,60 Euro pro Tag (2 Erwachsene + 1 Auto + 1 Stellplatz)<br>Entfernung zum Zentrum: 14 km<\/p>\n\n\n\n<hr class=\"wp-block-separator has-alpha-channel-opacity\"\/>\n\n\n\n<h2 class=\"wp-block-heading\">Presseartikel<\/h2>\n\n\n\n<h4 class=\"wp-block-heading\">Vosges-Matin und L'Echo des Vosges<\/h4>\n\n\n\n<figure class=\"wp-block-image size-full\"><img loading=\"lazy\" decoding=\"async\" width=\"1032\" height=\"834\" src=\"https:\/\/centcols.org\/wp-content\/uploads\/2014\/04\/Vosges-Matin21.jpg\" alt=\"\" class=\"wp-image-88794\" srcset=\"https:\/\/centcols.org\/wp-content\/uploads\/2014\/04\/Vosges-Matin21.jpg 1032w, https:\/\/centcols.org\/wp-content\/uploads\/2014\/04\/Vosges-Matin21-768x621.jpg 768w\" sizes=\"auto, (max-width: 1032px) 100vw, 1032px\" \/><\/figure>\n\n\n\n<figure class=\"wp-block-image size-full\"><img loading=\"lazy\" decoding=\"async\" width=\"1000\" height=\"1112\" src=\"https:\/\/centcols.org\/wp-content\/uploads\/2014\/04\/l-Echo-des-Vosges.jpg\" alt=\"\" class=\"wp-image-88796\" srcset=\"https:\/\/centcols.org\/wp-content\/uploads\/2014\/04\/l-Echo-des-Vosges.jpg 1000w, https:\/\/centcols.org\/wp-content\/uploads\/2014\/04\/l-Echo-des-Vosges-768x854.jpg 768w\" sizes=\"auto, (max-width: 1000px) 100vw, 1000px\" \/><\/figure>\n\n\n\n<h2 class=\"wp-block-heading\">Fotoalben<\/h2>\n\n\n\n<figure class=\"wp-block-gallery has-nested-images columns-3 is-cropped wp-block-gallery-2 is-layout-flex wp-block-gallery-is-layout-flex\">\n<figure class=\"wp-block-image size-full\"><a href=\"https:\/\/centcols.org\/de\/util\/visuAlbum.php\/?album=0550-004\" target=\"_blank\" rel=\"noreferrer noopener\"><img loading=\"lazy\" decoding=\"async\" width=\"1600\" height=\"1200\" data-id=\"88990\" src=\"https:\/\/centcols.org\/wp-content\/uploads\/2014\/04\/bussang-besson-L038.jpg\" alt=\"\" class=\"wp-image-88990\" srcset=\"https:\/\/centcols.org\/wp-content\/uploads\/2014\/04\/bussang-besson-L038.jpg 1600w, https:\/\/centcols.org\/wp-content\/uploads\/2014\/04\/bussang-besson-L038-1200x900.jpg 1200w, https:\/\/centcols.org\/wp-content\/uploads\/2014\/04\/bussang-besson-L038-768x576.jpg 768w, https:\/\/centcols.org\/wp-content\/uploads\/2014\/04\/bussang-besson-L038-1536x1152.jpg 1536w, https:\/\/centcols.org\/wp-content\/uploads\/2014\/04\/bussang-besson-L038-16x12.jpg 16w\" sizes=\"auto, (max-width: 1600px) 100vw, 1600px\" \/><\/a><figcaption class=\"wp-element-caption\">Album von Bernard Besson<\/figcaption><\/figure>\n\n\n\n<figure class=\"wp-block-image size-full\"><a href=\"https:\/\/centcols.org\/de\/util\/visuAlbum.php\/?album=0396-005\" target=\"_blank\" rel=\"noreferrer noopener\"><img loading=\"lazy\" decoding=\"async\" width=\"800\" height=\"468\" data-id=\"89001\" src=\"https:\/\/centcols.org\/wp-content\/uploads\/2014\/04\/bussang-beaujoin-1.jpg\" alt=\"\" class=\"wp-image-89001\" srcset=\"https:\/\/centcols.org\/wp-content\/uploads\/2014\/04\/bussang-beaujoin-1.jpg 800w, https:\/\/centcols.org\/wp-content\/uploads\/2014\/04\/bussang-beaujoin-1-768x449.jpg 768w, https:\/\/centcols.org\/wp-content\/uploads\/2014\/04\/bussang-beaujoin-1-18x12.jpg 18w\" sizes=\"auto, (max-width: 800px) 100vw, 800px\" \/><\/a><figcaption class=\"wp-element-caption\">Album von Daniel Beaujoin<\/figcaption><\/figure>\n\n\n\n<figure class=\"wp-block-image size-full\"><a href=\"https:\/\/centcols.org\/de\/util\/visuAlbum.php\/?album=6441-003\" target=\"_blank\" rel=\"noreferrer noopener\"><img loading=\"lazy\" decoding=\"async\" width=\"1600\" height=\"1200\" data-id=\"88999\" src=\"https:\/\/centcols.org\/wp-content\/uploads\/2014\/04\/bussang-renaud.jpg\" alt=\"\" class=\"wp-image-88999\" srcset=\"https:\/\/centcols.org\/wp-content\/uploads\/2014\/04\/bussang-renaud.jpg 1600w, https:\/\/centcols.org\/wp-content\/uploads\/2014\/04\/bussang-renaud-1200x900.jpg 1200w, https:\/\/centcols.org\/wp-content\/uploads\/2014\/04\/bussang-renaud-768x576.jpg 768w, https:\/\/centcols.org\/wp-content\/uploads\/2014\/04\/bussang-renaud-1536x1152.jpg 1536w, https:\/\/centcols.org\/wp-content\/uploads\/2014\/04\/bussang-renaud-16x12.jpg 16w\" sizes=\"auto, (max-width: 1600px) 100vw, 1600px\" \/><\/a><figcaption class=\"wp-element-caption\">Album von Maryse Renaud<\/figcaption><\/figure>\n\n\n\n<figure class=\"wp-block-image size-full\"><a href=\"https:\/\/centcols.org\/de\/util\/visuAlbum.php\/?album=6375-001\" target=\"_blank\" rel=\"noreferrer noopener\"><img loading=\"lazy\" decoding=\"async\" width=\"800\" height=\"600\" data-id=\"89003\" src=\"https:\/\/centcols.org\/wp-content\/uploads\/2014\/04\/bussang-weibel-L034.jpg\" alt=\"\" class=\"wp-image-89003\" srcset=\"https:\/\/centcols.org\/wp-content\/uploads\/2014\/04\/bussang-weibel-L034.jpg 800w, https:\/\/centcols.org\/wp-content\/uploads\/2014\/04\/bussang-weibel-L034-768x576.jpg 768w, https:\/\/centcols.org\/wp-content\/uploads\/2014\/04\/bussang-weibel-L034-16x12.jpg 16w\" sizes=\"auto, (max-width: 800px) 100vw, 800px\" \/><\/a><figcaption class=\"wp-element-caption\">Album von Bernard Weibel<\/figcaption><\/figure>\n\n\n\n<figure class=\"wp-block-image size-full\"><a href=\"https:\/\/centcols.org\/de\/util\/visuAlbum.php\/?album=7038-007\" target=\"_blank\" rel=\"noreferrer noopener\"><img loading=\"lazy\" decoding=\"async\" width=\"800\" height=\"600\" data-id=\"89005\" src=\"https:\/\/centcols.org\/wp-content\/uploads\/2014\/04\/bussang-moreau.jpg\" alt=\"\" class=\"wp-image-89005\" srcset=\"https:\/\/centcols.org\/wp-content\/uploads\/2014\/04\/bussang-moreau.jpg 800w, https:\/\/centcols.org\/wp-content\/uploads\/2014\/04\/bussang-moreau-768x576.jpg 768w, https:\/\/centcols.org\/wp-content\/uploads\/2014\/04\/bussang-moreau-16x12.jpg 16w\" sizes=\"auto, (max-width: 800px) 100vw, 800px\" \/><\/a><figcaption class=\"wp-element-caption\">Album von Guy Moreau<\/figcaption><\/figure>\n\n\n\n<figure class=\"wp-block-image size-full\"><a href=\"https:\/\/centcols.org\/de\/util\/visuAlbum.php\/?album=3872-004\" target=\"_blank\" rel=\"noreferrer noopener\"><img loading=\"lazy\" decoding=\"async\" width=\"800\" height=\"600\" data-id=\"89007\" src=\"https:\/\/centcols.org\/wp-content\/uploads\/2014\/04\/bussang-giraudeau.jpg\" alt=\"\" class=\"wp-image-89007\" srcset=\"https:\/\/centcols.org\/wp-content\/uploads\/2014\/04\/bussang-giraudeau.jpg 800w, https:\/\/centcols.org\/wp-content\/uploads\/2014\/04\/bussang-giraudeau-768x576.jpg 768w, https:\/\/centcols.org\/wp-content\/uploads\/2014\/04\/bussang-giraudeau-16x12.jpg 16w\" sizes=\"auto, (max-width: 800px) 100vw, 800px\" \/><\/a><figcaption class=\"wp-element-caption\">Album von Bernard Giraudeau<\/figcaption><\/figure>\n\n\n\n<figure class=\"wp-block-image size-full\"><a href=\"https:\/\/centcols.org\/de\/util\/visuAlbum.php\/?album=5480-003\" target=\"_blank\" rel=\"noreferrer noopener\"><img loading=\"lazy\" decoding=\"async\" width=\"800\" height=\"600\" data-id=\"89009\" src=\"https:\/\/centcols.org\/wp-content\/uploads\/2014\/04\/bussang-rial.jpg\" alt=\"\" class=\"wp-image-89009\" srcset=\"https:\/\/centcols.org\/wp-content\/uploads\/2014\/04\/bussang-rial.jpg 800w, https:\/\/centcols.org\/wp-content\/uploads\/2014\/04\/bussang-rial-768x576.jpg 768w, https:\/\/centcols.org\/wp-content\/uploads\/2014\/04\/bussang-rial-16x12.jpg 16w\" sizes=\"auto, (max-width: 800px) 100vw, 800px\" \/><\/a><figcaption class=\"wp-element-caption\">Album von Ren\u00e9 Rial<\/figcaption><\/figure>\n\n\n\n<figure class=\"wp-block-image size-full\"><a href=\"https:\/\/centcols.org\/de\/util\/visuAlbum.php\/?album=5600-005\" target=\"_blank\" rel=\"noreferrer noopener\"><img loading=\"lazy\" decoding=\"async\" width=\"800\" height=\"600\" data-id=\"89011\" src=\"https:\/\/centcols.org\/wp-content\/uploads\/2014\/04\/bussang-court.jpg\" alt=\"\" class=\"wp-image-89011\" srcset=\"https:\/\/centcols.org\/wp-content\/uploads\/2014\/04\/bussang-court.jpg 800w, https:\/\/centcols.org\/wp-content\/uploads\/2014\/04\/bussang-court-768x576.jpg 768w, https:\/\/centcols.org\/wp-content\/uploads\/2014\/04\/bussang-court-16x12.jpg 16w\" sizes=\"auto, (max-width: 800px) 100vw, 800px\" \/><\/a><figcaption class=\"wp-element-caption\">Album von Hubert Court<\/figcaption><\/figure>\n\n\n\n<figure class=\"wp-block-image size-full\"><a href=\"https:\/\/centcols.org\/de\/util\/visuAlbum.php\/?album=2880-009\" target=\"_blank\" rel=\"noreferrer noopener\"><img loading=\"lazy\" decoding=\"async\" width=\"800\" height=\"450\" data-id=\"89012\" src=\"https:\/\/centcols.org\/wp-content\/uploads\/2014\/04\/bussang-garcin.jpg\" alt=\"\" class=\"wp-image-89012\" srcset=\"https:\/\/centcols.org\/wp-content\/uploads\/2014\/04\/bussang-garcin.jpg 800w, https:\/\/centcols.org\/wp-content\/uploads\/2014\/04\/bussang-garcin-768x432.jpg 768w, https:\/\/centcols.org\/wp-content\/uploads\/2014\/04\/bussang-garcin-18x10.jpg 18w\" sizes=\"auto, (max-width: 800px) 100vw, 800px\" \/><\/a><figcaption class=\"wp-element-caption\">Album von Guy Garcin<\/figcaption><\/figure>\n<\/figure>","protected":false},"excerpt":{"rendered":"<p>Pr\u00e9sentation Le rendez-vous estival du Club des Cent Cols se fera au c\u0153ur du Parc naturel des ballons des hautes Vosges. Cr\u00e9e en 1989, le parc est situ\u00e9 sur trois r\u00e9gions (l&rsquo;Alsace, la Franche-Comt\u00e9 et la Lorraine) et quatre d\u00e9partements (le Haut-Rhin, la Haute-Sa\u00f4ne, les Vosges et le territoire de Belfort). Avec 208 communes et [&hellip;]<\/p>\n","protected":false},"author":3,"featured_media":82971,"comment_status":"closed","ping_status":"closed","sticky":false,"template":"","format":"standard","meta":{"_acf_changed":false,"footnotes":""},"categories":[349,386,135,400,385,231],"tags":[],"class_list":["post-81508","post","type-post","status-publish","format-standard","has-post-thumbnail","hentry","category-france-pays-sejours","category-grand-est-region-sejours","category-calendrier","category-vosges-massif-sejours","category-88-vosges","category-sejours"],"acf":[],"yoast_head":"<!-- This site is optimized with the Yoast SEO plugin v27.2 - https:\/\/yoast.com\/product\/yoast-seo-wordpress\/ -->\n<title>S\u00e9jour estival \u00e0 Bussang (Vosges) du 13 au 20 juillet 2014 - Club des Cent Cols<\/title>\n<meta name=\"robots\" content=\"index, follow, max-snippet:-1, max-image-preview:large, max-video-preview:-1\" \/>\n<link rel=\"canonical\" href=\"https:\/\/centcols.org\/de\/aufenthalt-2014-bussang\/\" \/>\n<meta property=\"og:locale\" content=\"de_DE\" \/>\n<meta property=\"og:type\" content=\"article\" \/>\n<meta property=\"og:title\" content=\"S\u00e9jour estival \u00e0 Bussang (Vosges) du 13 au 20 juillet 2014 - Club des Cent Cols\" \/>\n<meta property=\"og:description\" content=\"Pr\u00e9sentation Le rendez-vous estival du Club des Cent Cols se fera au c\u0153ur du Parc naturel des ballons des hautes Vosges. Cr\u00e9e en 1989, le parc est situ\u00e9 sur trois r\u00e9gions (l&rsquo;Alsace, la Franche-Comt\u00e9 et la Lorraine) et quatre d\u00e9partements (le Haut-Rhin, la Haute-Sa\u00f4ne, les Vosges et le territoire de Belfort). Avec 208 communes et [&hellip;]\" \/>\n<meta property=\"og:url\" content=\"https:\/\/centcols.org\/de\/aufenthalt-2014-bussang\/\" \/>\n<meta property=\"og:site_name\" content=\"Club des Cent Cols\" \/>\n<meta property=\"article:publisher\" content=\"https:\/\/www.facebook.com\/groups\/5261880558\/?locale=fr_FR\" \/>\n<meta property=\"article:published_time\" content=\"2014-04-23T08:17:17+00:00\" \/>\n<meta property=\"article:modified_time\" content=\"2025-09-08T17:22:49+00:00\" \/>\n<meta property=\"og:image\" content=\"https:\/\/centcols.org\/wp-content\/uploads\/2015\/04\/ves1.jpg\" \/>\n\t<meta property=\"og:image:width\" content=\"240\" \/>\n\t<meta property=\"og:image:height\" content=\"160\" \/>\n\t<meta property=\"og:image:type\" content=\"image\/jpeg\" \/>\n<meta name=\"author\" content=\"Webmestre\" \/>\n<meta name=\"twitter:card\" content=\"summary_large_image\" \/>\n<meta name=\"twitter:label1\" content=\"Verfasst von\" \/>\n\t<meta name=\"twitter:data1\" content=\"Webmestre\" \/>\n\t<meta name=\"twitter:label2\" content=\"Gesch\u00e4tzte Lesezeit\" \/>\n\t<meta name=\"twitter:data2\" content=\"8\u00a0Minuten\" \/>\n<script type=\"application\/ld+json\" class=\"yoast-schema-graph\">{\"@context\":\"https:\/\/schema.org\",\"@graph\":[{\"@type\":\"Article\",\"@id\":\"https:\/\/centcols.org\/sejour-2014-bussang\/#article\",\"isPartOf\":{\"@id\":\"https:\/\/centcols.org\/sejour-2014-bussang\/\"},\"author\":{\"name\":\"Webmestre\",\"@id\":\"https:\/\/centcols.org\/#\/schema\/person\/911b404fb133d8c913dd27cdcf71c8e5\"},\"headline\":\"S\u00e9jour estival \u00e0 Bussang (Vosges) du 13 au 20 juillet 2014\",\"datePublished\":\"2014-04-23T08:17:17+00:00\",\"dateModified\":\"2025-09-08T17:22:49+00:00\",\"mainEntityOfPage\":{\"@id\":\"https:\/\/centcols.org\/sejour-2014-bussang\/\"},\"wordCount\":809,\"publisher\":{\"@id\":\"https:\/\/centcols.org\/#organization\"},\"image\":{\"@id\":\"https:\/\/centcols.org\/sejour-2014-bussang\/#primaryimage\"},\"thumbnailUrl\":\"https:\/\/centcols.org\/wp-content\/uploads\/2015\/04\/ves1.jpg\",\"articleSection\":[\"France\",\"Grand-Est\",\"Calendrier\",\"Vosges\",\"88-Vosges\",\"S\u00e9jours du Club des Cent Cols\"],\"inLanguage\":\"de\"},{\"@type\":\"WebPage\",\"@id\":\"https:\/\/centcols.org\/sejour-2014-bussang\/\",\"url\":\"https:\/\/centcols.org\/sejour-2014-bussang\/\",\"name\":\"S\u00e9jour estival \u00e0 Bussang (Vosges) du 13 au 20 juillet 2014 - Club des Cent Cols\",\"isPartOf\":{\"@id\":\"https:\/\/centcols.org\/#website\"},\"primaryImageOfPage\":{\"@id\":\"https:\/\/centcols.org\/sejour-2014-bussang\/#primaryimage\"},\"image\":{\"@id\":\"https:\/\/centcols.org\/sejour-2014-bussang\/#primaryimage\"},\"thumbnailUrl\":\"https:\/\/centcols.org\/wp-content\/uploads\/2015\/04\/ves1.jpg\",\"datePublished\":\"2014-04-23T08:17:17+00:00\",\"dateModified\":\"2025-09-08T17:22:49+00:00\",\"breadcrumb\":{\"@id\":\"https:\/\/centcols.org\/sejour-2014-bussang\/#breadcrumb\"},\"inLanguage\":\"de\",\"potentialAction\":[{\"@type\":\"ReadAction\",\"target\":[\"https:\/\/centcols.org\/sejour-2014-bussang\/\"]}]},{\"@type\":\"ImageObject\",\"inLanguage\":\"de\",\"@id\":\"https:\/\/centcols.org\/sejour-2014-bussang\/#primaryimage\",\"url\":\"https:\/\/centcols.org\/wp-content\/uploads\/2015\/04\/ves1.jpg\",\"contentUrl\":\"https:\/\/centcols.org\/wp-content\/uploads\/2015\/04\/ves1.jpg\",\"width\":240,\"height\":160},{\"@type\":\"BreadcrumbList\",\"@id\":\"https:\/\/centcols.org\/sejour-2014-bussang\/#breadcrumb\",\"itemListElement\":[{\"@type\":\"ListItem\",\"position\":1,\"name\":\"Accueil\",\"item\":\"https:\/\/centcols.org\/\"},{\"@type\":\"ListItem\",\"position\":2,\"name\":\"S\u00e9jours du Club des Cent Cols\",\"item\":\"https:\/\/centcols.org\/rubrique\/sejours\/\"},{\"@type\":\"ListItem\",\"position\":3,\"name\":\"Pays\",\"item\":\"https:\/\/centcols.org\/rubrique\/sejours\/pays-sejours\/\"},{\"@type\":\"ListItem\",\"position\":4,\"name\":\"France\",\"item\":\"https:\/\/centcols.org\/rubrique\/sejours\/pays-sejours\/france-pays-sejours\/\"},{\"@type\":\"ListItem\",\"position\":5,\"name\":\"S\u00e9jour estival \u00e0 Bussang (Vosges) du 13 au 20 juillet 2014\"}]},{\"@type\":\"WebSite\",\"@id\":\"https:\/\/centcols.org\/#website\",\"url\":\"https:\/\/centcols.org\/\",\"name\":\"Club des Cent Cols\",\"description\":\"\",\"publisher\":{\"@id\":\"https:\/\/centcols.org\/#organization\"},\"potentialAction\":[{\"@type\":\"SearchAction\",\"target\":{\"@type\":\"EntryPoint\",\"urlTemplate\":\"https:\/\/centcols.org\/?s={search_term_string}\"},\"query-input\":{\"@type\":\"PropertyValueSpecification\",\"valueRequired\":true,\"valueName\":\"search_term_string\"}}],\"inLanguage\":\"de\"},{\"@type\":\"Organization\",\"@id\":\"https:\/\/centcols.org\/#organization\",\"name\":\"Club des Cent Cols\",\"url\":\"https:\/\/centcols.org\/\",\"logo\":{\"@type\":\"ImageObject\",\"inLanguage\":\"de\",\"@id\":\"https:\/\/centcols.org\/#\/schema\/logo\/image\/\",\"url\":\"https:\/\/centcols.org\/wp-content\/uploads\/2025\/01\/carte-icone.png\",\"contentUrl\":\"https:\/\/centcols.org\/wp-content\/uploads\/2025\/01\/carte-icone.png\",\"width\":250,\"height\":250,\"caption\":\"Club des Cent Cols\"},\"image\":{\"@id\":\"https:\/\/centcols.org\/#\/schema\/logo\/image\/\"},\"sameAs\":[\"https:\/\/www.facebook.com\/groups\/5261880558\/?locale=fr_FR\"]},{\"@type\":\"Person\",\"@id\":\"https:\/\/centcols.org\/#\/schema\/person\/911b404fb133d8c913dd27cdcf71c8e5\",\"name\":\"Webmestre\",\"image\":{\"@type\":\"ImageObject\",\"inLanguage\":\"de\",\"@id\":\"https:\/\/centcols.org\/wp-content\/litespeed\/avatar\/2d246e4b6b4f773e08515e1ffc53690b.jpg?ver=1777222892\",\"url\":\"https:\/\/centcols.org\/wp-content\/litespeed\/avatar\/2d246e4b6b4f773e08515e1ffc53690b.jpg?ver=1777222892\",\"contentUrl\":\"https:\/\/centcols.org\/wp-content\/litespeed\/avatar\/2d246e4b6b4f773e08515e1ffc53690b.jpg?ver=1777222892\",\"caption\":\"Webmestre\"},\"url\":\"https:\/\/centcols.org\/de\/author\/webmestre\/\"}]}<\/script>\n<!-- \/ Yoast SEO plugin. -->","yoast_head_json":{"title":"Sommeraufenthalt in Bussang (Vogesen) vom 13. bis 20. Juli 2014 - Club des Cent Cols","robots":{"index":"index","follow":"follow","max-snippet":"max-snippet:-1","max-image-preview":"max-image-preview:large","max-video-preview":"max-video-preview:-1"},"canonical":"https:\/\/centcols.org\/de\/aufenthalt-2014-bussang\/","og_locale":"de_DE","og_type":"article","og_title":"S\u00e9jour estival \u00e0 Bussang (Vosges) du 13 au 20 juillet 2014 - Club des Cent Cols","og_description":"Pr\u00e9sentation Le rendez-vous estival du Club des Cent Cols se fera au c\u0153ur du Parc naturel des ballons des hautes Vosges. Cr\u00e9e en 1989, le parc est situ\u00e9 sur trois r\u00e9gions (l&rsquo;Alsace, la Franche-Comt\u00e9 et la Lorraine) et quatre d\u00e9partements (le Haut-Rhin, la Haute-Sa\u00f4ne, les Vosges et le territoire de Belfort). Avec 208 communes et [&hellip;]","og_url":"https:\/\/centcols.org\/de\/aufenthalt-2014-bussang\/","og_site_name":"Club des Cent Cols","article_publisher":"https:\/\/www.facebook.com\/groups\/5261880558\/?locale=fr_FR","article_published_time":"2014-04-23T08:17:17+00:00","article_modified_time":"2025-09-08T17:22:49+00:00","og_image":[{"width":240,"height":160,"url":"https:\/\/centcols.org\/wp-content\/uploads\/2015\/04\/ves1.jpg","type":"image\/jpeg"}],"author":"Webmestre","twitter_card":"summary_large_image","twitter_misc":{"Verfasst von":"Webmestre","Gesch\u00e4tzte Lesezeit":"8\u00a0Minuten"},"schema":{"@context":"https:\/\/schema.org","@graph":[{"@type":"Article","@id":"https:\/\/centcols.org\/sejour-2014-bussang\/#article","isPartOf":{"@id":"https:\/\/centcols.org\/sejour-2014-bussang\/"},"author":{"name":"Webmestre","@id":"https:\/\/centcols.org\/#\/schema\/person\/911b404fb133d8c913dd27cdcf71c8e5"},"headline":"S\u00e9jour estival \u00e0 Bussang (Vosges) du 13 au 20 juillet 2014","datePublished":"2014-04-23T08:17:17+00:00","dateModified":"2025-09-08T17:22:49+00:00","mainEntityOfPage":{"@id":"https:\/\/centcols.org\/sejour-2014-bussang\/"},"wordCount":809,"publisher":{"@id":"https:\/\/centcols.org\/#organization"},"image":{"@id":"https:\/\/centcols.org\/sejour-2014-bussang\/#primaryimage"},"thumbnailUrl":"https:\/\/centcols.org\/wp-content\/uploads\/2015\/04\/ves1.jpg","articleSection":["France","Grand-Est","Calendrier","Vosges","88-Vosges","S\u00e9jours du Club des Cent Cols"],"inLanguage":"de"},{"@type":"WebPage","@id":"https:\/\/centcols.org\/sejour-2014-bussang\/","url":"https:\/\/centcols.org\/sejour-2014-bussang\/","name":"Sommeraufenthalt in Bussang (Vogesen) vom 13. bis 20. Juli 2014 - Club des Cent Cols","isPartOf":{"@id":"https:\/\/centcols.org\/#website"},"primaryImageOfPage":{"@id":"https:\/\/centcols.org\/sejour-2014-bussang\/#primaryimage"},"image":{"@id":"https:\/\/centcols.org\/sejour-2014-bussang\/#primaryimage"},"thumbnailUrl":"https:\/\/centcols.org\/wp-content\/uploads\/2015\/04\/ves1.jpg","datePublished":"2014-04-23T08:17:17+00:00","dateModified":"2025-09-08T17:22:49+00:00","breadcrumb":{"@id":"https:\/\/centcols.org\/sejour-2014-bussang\/#breadcrumb"},"inLanguage":"de","potentialAction":[{"@type":"ReadAction","target":["https:\/\/centcols.org\/sejour-2014-bussang\/"]}]},{"@type":"ImageObject","inLanguage":"de","@id":"https:\/\/centcols.org\/sejour-2014-bussang\/#primaryimage","url":"https:\/\/centcols.org\/wp-content\/uploads\/2015\/04\/ves1.jpg","contentUrl":"https:\/\/centcols.org\/wp-content\/uploads\/2015\/04\/ves1.jpg","width":240,"height":160},{"@type":"BreadcrumbList","@id":"https:\/\/centcols.org\/sejour-2014-bussang\/#breadcrumb","itemListElement":[{"@type":"ListItem","position":1,"name":"Accueil","item":"https:\/\/centcols.org\/"},{"@type":"ListItem","position":2,"name":"S\u00e9jours du Club des Cent Cols","item":"https:\/\/centcols.org\/rubrique\/sejours\/"},{"@type":"ListItem","position":3,"name":"Pays","item":"https:\/\/centcols.org\/rubrique\/sejours\/pays-sejours\/"},{"@type":"ListItem","position":4,"name":"France","item":"https:\/\/centcols.org\/rubrique\/sejours\/pays-sejours\/france-pays-sejours\/"},{"@type":"ListItem","position":5,"name":"S\u00e9jour estival \u00e0 Bussang (Vosges) du 13 au 20 juillet 2014"}]},{"@type":"WebSite","@id":"https:\/\/centcols.org\/#website","url":"https:\/\/centcols.org\/","name":"Club des Cent Cols","description":"","publisher":{"@id":"https:\/\/centcols.org\/#organization"},"potentialAction":[{"@type":"SearchAction","target":{"@type":"EntryPoint","urlTemplate":"https:\/\/centcols.org\/?s={search_term_string}"},"query-input":{"@type":"PropertyValueSpecification","valueRequired":true,"valueName":"search_term_string"}}],"inLanguage":"de"},{"@type":"Organization","@id":"https:\/\/centcols.org\/#organization","name":"Club des Cent Cols","url":"https:\/\/centcols.org\/","logo":{"@type":"ImageObject","inLanguage":"de","@id":"https:\/\/centcols.org\/#\/schema\/logo\/image\/","url":"https:\/\/centcols.org\/wp-content\/uploads\/2025\/01\/carte-icone.png","contentUrl":"https:\/\/centcols.org\/wp-content\/uploads\/2025\/01\/carte-icone.png","width":250,"height":250,"caption":"Club des Cent Cols"},"image":{"@id":"https:\/\/centcols.org\/#\/schema\/logo\/image\/"},"sameAs":["https:\/\/www.facebook.com\/groups\/5261880558\/?locale=fr_FR"]},{"@type":"Person","@id":"https:\/\/centcols.org\/#\/schema\/person\/911b404fb133d8c913dd27cdcf71c8e5","name":"Webmaster","image":{"@type":"ImageObject","inLanguage":"de","@id":"https:\/\/centcols.org\/wp-content\/litespeed\/avatar\/2d246e4b6b4f773e08515e1ffc53690b.jpg?ver=1777222892","url":"https:\/\/centcols.org\/wp-content\/litespeed\/avatar\/2d246e4b6b4f773e08515e1ffc53690b.jpg?ver=1777222892","contentUrl":"https:\/\/centcols.org\/wp-content\/litespeed\/avatar\/2d246e4b6b4f773e08515e1ffc53690b.jpg?ver=1777222892","caption":"Webmestre"},"url":"https:\/\/centcols.org\/de\/author\/webmestre\/"}]}},"_links":{"self":[{"href":"https:\/\/centcols.org\/de\/wp-json\/wp\/v2\/posts\/81508","targetHints":{"allow":["GET"]}}],"collection":[{"href":"https:\/\/centcols.org\/de\/wp-json\/wp\/v2\/posts"}],"about":[{"href":"https:\/\/centcols.org\/de\/wp-json\/wp\/v2\/types\/post"}],"author":[{"embeddable":true,"href":"https:\/\/centcols.org\/de\/wp-json\/wp\/v2\/users\/3"}],"replies":[{"embeddable":true,"href":"https:\/\/centcols.org\/de\/wp-json\/wp\/v2\/comments?post=81508"}],"version-history":[{"count":0,"href":"https:\/\/centcols.org\/de\/wp-json\/wp\/v2\/posts\/81508\/revisions"}],"wp:featuredmedia":[{"embeddable":true,"href":"https:\/\/centcols.org\/de\/wp-json\/wp\/v2\/media\/82971"}],"wp:attachment":[{"href":"https:\/\/centcols.org\/de\/wp-json\/wp\/v2\/media?parent=81508"}],"wp:term":[{"taxonomy":"category","embeddable":true,"href":"https:\/\/centcols.org\/de\/wp-json\/wp\/v2\/categories?post=81508"},{"taxonomy":"post_tag","embeddable":true,"href":"https:\/\/centcols.org\/de\/wp-json\/wp\/v2\/tags?post=81508"}],"curies":[{"name":"wp","href":"https:\/\/api.w.org\/{rel}","templated":true}]}}