{"id":81529,"date":"2012-01-23T10:10:40","date_gmt":"2012-01-23T08:10:40","guid":{"rendered":"https:\/\/centcols.org\/sejour-de-printemps-a-remuzat-drome-du-22-au-28-avril-2012\/"},"modified":"2025-10-02T16:52:03","modified_gmt":"2025-10-02T14:52:03","slug":"aufenthalt-2012-remuzat","status":"publish","type":"post","link":"https:\/\/centcols.org\/de\/sejour-2012-remuzat\/","title":{"rendered":"Fr\u00fchlingsaufenthalt in R\u00e9muzat (Dr\u00f4me) vom 22. bis 28. April 2012"},"content":{"rendered":"<h2 class=\"wp-block-heading\">Erkl\u00e4rungen<\/h2>\n\n\n\n<p>Das Fr\u00fchjahrstreffen findet 2012 in R\u00e9muzat in der Drome proven\u00e7ale (62 km von Mont\u00e9limar und 26 km von Nyons entfernt) vom 22. bis 28. April statt.<br>R\u00e9muzat erstreckt sich am linken Ufer des Flusses Oule, inmitten von Obstg\u00e4rten mit Pflaumenb\u00e4umen \u00abPrune fleurie\u00bb. R\u00e9muzat ist die ganze Provence, mit einem Hauch von Alpen. Es ist diskreter und weniger bekannt als andere Gegenden, doch seine Sch\u00f6nheit bleibt dadurch authentischer, wilder mit seinen Steinh\u00e4usern und ihren Tonziegeln.<br>Rund um das Dorf (447 m \u00fc. M.) zeichnen sich die s\u00fcdlichen Voralpen, deren Gipfel \u00fcber 1000 m hoch sind, vor einem Himmel ab, dessen Helligkeit unvergleichlich ist. Der Rocher du Caire, der das Gebiet dominiert, ist eine lange, nach Osten ausgerichtete Klippe. Die Morgensonne erw\u00e4rmt die Luft schnell.<br>Am Ende der Seite finden Sie einen ausf\u00fchrlicheren kulturellen \u00dcberblick \u00fcber die Region, ihre Geschichte, Geografie und ihr Terroir.<\/p>\n\n\n\n<figure class=\"wp-block-gallery has-nested-images columns-3 is-cropped wp-block-gallery-1 is-layout-flex wp-block-gallery-is-layout-flex\">\n<figure class=\"wp-block-image size-full\"><img loading=\"lazy\" decoding=\"async\" width=\"150\" height=\"181\" data-id=\"88898\" src=\"https:\/\/centcols.org\/wp-content\/uploads\/2012\/01\/remuzat.png\" alt=\"\" class=\"wp-image-88898\"\/><\/figure>\n\n\n\n<figure class=\"wp-block-image size-full\"><img loading=\"lazy\" decoding=\"async\" width=\"200\" height=\"150\" data-id=\"88899\" src=\"https:\/\/centcols.org\/wp-content\/uploads\/2012\/01\/lesLavandes.jpg\" alt=\"\" class=\"wp-image-88899\"\/><\/figure>\n\n\n\n<figure class=\"wp-block-image size-full\"><img loading=\"lazy\" decoding=\"async\" width=\"150\" height=\"165\" data-id=\"88937\" src=\"https:\/\/centcols.org\/wp-content\/uploads\/2012\/01\/drome-1.png\" alt=\"\" class=\"wp-image-88937\"\/><\/figure>\n<\/figure>\n\n\n\n<h2 class=\"wp-block-heading\">Anmeldung<\/h2>\n\n\n\n<p><span class=\"flett\">P<\/span>m Ihnen die Teilnahme an seinem Fr\u00fchjahrstreffen und den dort angebotenen Aktivit\u00e4ten zu erm\u00f6glichen, hat der Club des Cent Cols mit der Association Tern\u00e9lia Chemins, die \u00fcber eine Reisegenehmigung verf\u00fcgt, Unterkunftsleistungen ausgehandelt. Dadurch k\u00f6nnen wir die Bestimmungen des Tourismusgesetzes einhalten und von Gruppentarifen profitieren.  Im Gegensatz zu fr\u00fcheren Aufenthalten werden die Anmeldungen und die finanzielle Abwicklung direkt von der Association Tern\u00e9lia Chemins \u00fcbernommen, w\u00e4hrend sich der Club des Cent Cols nur um das Freizeitprogramm (Rundreisen, Animationen) k\u00fcmmert.<\/p>\n\n\n\n<p>Anbei finden Sie die Preise f\u00fcr die Leistungen und die allgemeinen Gesch\u00e4ftsbedingungen f\u00fcr den Verkauf des Aufenthalts durch Tern\u00e9lia sowie ein Anmeldeformular.<\/p>\n\n\n\n<p>Sie m\u00fcssen sich direkt beim Zentrum anmelden. <a href=\"https:\/\/centcols.org\/les_rendez-vous\/2012\/Remuzat\/inscription.pdf\" target=\"_blank\" rel=\"noopener\">Laden Sie die Anmeldeunterlagen herunter<\/a><\/p>\n\n\n\n<h2 class=\"wp-block-heading\">Die Unterkunft<\/h2>\n\n\n\n<p>Wir bieten Unterkunft im Ferienzentrum Les Lavandes an, das sich im Herzen des Dorfes befindet. Das Zentrum verf\u00fcgt \u00fcber 88 Zwei- und Dreibettzimmer mit Balkonen, privaten Sanit\u00e4ranlagen und WiFi-Verbindung sowie 2 Zweibettzimmer f\u00fcr Personen mit eingeschr\u00e4nkter Mobilit\u00e4t. Es verf\u00fcgt au\u00dferdem gegen Aufpreis \u00fcber eine Sauna und ein Dampfbad.<\/p>\n\n\n\n<p>Weitere Informationen finden Sie auf der Website des Zentrums, <a href=\"http:\/\/www.ternelia-chemins.com\/ete\/village-vacances-les-lavandes-remuzat.html\">http:\/\/www.ternelia-chemins.com\/ete\/village-vacances-les-lavandes-remuzat.html<\/a><\/p>\n\n\n\n<figure class=\"wp-block-gallery has-nested-images columns-2 is-cropped wp-block-gallery-2 is-layout-flex wp-block-gallery-is-layout-flex\">\n<figure class=\"wp-block-image size-full\"><a href=\"https:\/\/centcols.org\/wp-content\/uploads\/2012\/01\/bar-1.jpg\"><img loading=\"lazy\" decoding=\"async\" width=\"200\" height=\"150\" data-id=\"88903\" src=\"https:\/\/centcols.org\/wp-content\/uploads\/2012\/01\/bar-1.jpg\" alt=\"\" class=\"wp-image-88903\"\/><\/a><\/figure>\n\n\n\n<figure class=\"wp-block-image size-full\"><a href=\"https:\/\/centcols.org\/wp-content\/uploads\/2012\/01\/chambre2lits.jpg\"><img loading=\"lazy\" decoding=\"async\" width=\"200\" height=\"150\" data-id=\"88904\" src=\"https:\/\/centcols.org\/wp-content\/uploads\/2012\/01\/chambre2lits.jpg\" alt=\"\" class=\"wp-image-88904\"\/><\/a><\/figure>\n<\/figure>\n\n\n\n<p>Wenn Sie die angebotene Unterkunft nutzen m\u00f6chten, m\u00fcssen Sie sich direkt beim Zentrum anmelden, indem Sie die im vorherigen Abschnitt erw\u00e4hnten Anmeldeunterlagen herunterladen.<\/p>\n\n\n\n<p class=\"has-text-align-center\">Der st\u00e4dtische Campingplatz ist zu dieser Zeit geschlossen. Es gibt einen Campingplatz auf dem Bauernhof mit 6 Stellpl\u00e4tzen auf den H\u00f6hen von R\u00e9muzat :<\/p>\n\n\n<div class=\"wp-block-image\">\n<figure class=\"aligncenter size-full\"><a href=\"https:\/\/centcols.org\/wp-content\/uploads\/2025\/09\/perriere.jpg\"><img loading=\"lazy\" decoding=\"async\" width=\"200\" height=\"150\" src=\"https:\/\/centcols.org\/wp-content\/uploads\/2025\/09\/perriere.jpg\" alt=\"\" class=\"wp-image-88905\"\/><\/a><\/figure>\n<\/div>\n\n\n<p class=\"has-text-align-center\">Ferme de la Perri\u00e8re (Bauernhof)<br>La Combe<br>26510 REMUZAT<\/p>\n\n\n\n<p class=\"has-text-align-center\">Telefon: +33 (0)4.26.66.90.09<br>Handy: +33 (0)6.13.57.83.60<br><a href=\"\/de\/&\/#x6d;&#x61;&#x69;&#x6c;&#x74;&#111;&#58;&#105;&#110;fo&#64;&#x63;&#x61;&#x6d;&#x70;&#x69;&#x6e;&#103;&#45;&#103;ite&#x2d;&#x66;&#x65;&#x72;&#x6d;&#x65;&#45;&#114;&#101;&#109;uza&#x74;&#x2e;&#x66;&#x72;\">info@camping-gite-ferme-remuzat.fr<\/a><br><a href=\"http:\/\/www.camping-gite-ferme-remuzat.fr\/\" target=\"_blank\" rel=\"noopener\">www.camping-gite-ferme-remuzat.fr\/<\/a><\/p>\n\n\n\n<h2 class=\"wp-block-heading\">Details zum Programm<\/h2>\n\n\n\n<h3 class=\"wp-block-heading\">Fahrradprogramm<\/h3>\n\n\n\n<p>Die Liste der P\u00e4sse auf den Touren, interaktive Karten, Fahrpl\u00e4ne und H\u00f6henprofile finden Sie hier :<\/p>\n\n\n\n<ul class=\"wp-block-list\">\n<li>Liste der <a href=\"\/de\/membres\/cctours\/tours.php\/?lieu=R\u00e9muzat&amp;an=2012&amp;genre=R\">Stra\u00dfenrouten<\/a><\/li>\n\n\n\n<li>Liste der <a href=\"\/de\/membres\/cctours\/tours.php\/?lieu=R\u00e9muzat&amp;an=2012&amp;genre=V\">Mountainbike-Routen<\/a><\/li>\n<\/ul>\n\n\n\n<p>F\u00fcr diejenigen, die mit GPS navigieren oder Geolokalisierungssoftware verwenden, k\u00f6nnen Sie auch alle <a href=\"\/de\/membres\/cctours\/tours.php\/?lieu=R\u00e9muzat&amp;an=2012\">Geolokalisierungsdateien<\/a><\/p>\n\n\n\n<p>Die lokalen Organisatoren wollten sicherstellen, dass alle Stra\u00dfen, Wege und Pfade f\u00fcr Ihren Besuch in einem einwandfreien Zustand sind. Daher haben sie ein gro\u00dfes <a href=\"https:\/\/centcols.org\/de\/util\/visuAlbum.php\/?album=5925-4\" target=\"_blank\" rel=\"noreferrer noopener\">Baustelle Entbuschung<\/a> von fast 2 km auf einer der Mountainbike-Strecken am 31. M\u00e4rz!<\/p>\n\n\n\n<figure class=\"wp-block-gallery has-nested-images columns-4 is-cropped wp-block-gallery-3 is-layout-flex wp-block-gallery-is-layout-flex\">\n<figure class=\"wp-block-image size-full\"><a href=\"https:\/\/centcols.org\/wp-content\/uploads\/2012\/01\/M00113.jpg\"><img loading=\"lazy\" decoding=\"async\" width=\"800\" height=\"600\" data-id=\"88906\" src=\"https:\/\/centcols.org\/wp-content\/uploads\/2012\/01\/M00113.jpg\" alt=\"\" class=\"wp-image-88906\" srcset=\"https:\/\/centcols.org\/wp-content\/uploads\/2012\/01\/M00113.jpg 800w, https:\/\/centcols.org\/wp-content\/uploads\/2012\/01\/M00113-768x576.jpg 768w\" sizes=\"auto, (max-width: 800px) 100vw, 800px\" \/><\/a><\/figure>\n\n\n\n<figure class=\"wp-block-image size-full\"><a href=\"https:\/\/centcols.org\/wp-content\/uploads\/2012\/01\/M00213.jpg\"><img loading=\"lazy\" decoding=\"async\" width=\"800\" height=\"600\" data-id=\"88907\" src=\"https:\/\/centcols.org\/wp-content\/uploads\/2012\/01\/M00213.jpg\" alt=\"\" class=\"wp-image-88907\" srcset=\"https:\/\/centcols.org\/wp-content\/uploads\/2012\/01\/M00213.jpg 800w, https:\/\/centcols.org\/wp-content\/uploads\/2012\/01\/M00213-768x576.jpg 768w\" sizes=\"auto, (max-width: 800px) 100vw, 800px\" \/><\/a><\/figure>\n\n\n\n<figure class=\"wp-block-image size-full\"><a href=\"https:\/\/centcols.org\/wp-content\/uploads\/2012\/01\/M00313.jpg\"><img loading=\"lazy\" decoding=\"async\" width=\"800\" height=\"600\" data-id=\"88908\" src=\"https:\/\/centcols.org\/wp-content\/uploads\/2012\/01\/M00313.jpg\" alt=\"\" class=\"wp-image-88908\" srcset=\"https:\/\/centcols.org\/wp-content\/uploads\/2012\/01\/M00313.jpg 800w, https:\/\/centcols.org\/wp-content\/uploads\/2012\/01\/M00313-768x576.jpg 768w\" sizes=\"auto, (max-width: 800px) 100vw, 800px\" \/><\/a><\/figure>\n\n\n\n<figure class=\"wp-block-image size-full\"><a href=\"https:\/\/centcols.org\/wp-content\/uploads\/2012\/01\/M00413.jpg\"><img loading=\"lazy\" decoding=\"async\" width=\"800\" height=\"601\" data-id=\"88909\" src=\"https:\/\/centcols.org\/wp-content\/uploads\/2012\/01\/M00413.jpg\" alt=\"\" class=\"wp-image-88909\" srcset=\"https:\/\/centcols.org\/wp-content\/uploads\/2012\/01\/M00413.jpg 800w, https:\/\/centcols.org\/wp-content\/uploads\/2012\/01\/M00413-768x577.jpg 768w\" sizes=\"auto, (max-width: 800px) 100vw, 800px\" \/><\/a><\/figure>\n\n\n\n<figure class=\"wp-block-image size-full\"><a href=\"https:\/\/centcols.org\/wp-content\/uploads\/2012\/01\/M00513.jpg\"><img loading=\"lazy\" decoding=\"async\" width=\"800\" height=\"600\" data-id=\"88910\" src=\"https:\/\/centcols.org\/wp-content\/uploads\/2012\/01\/M00513.jpg\" alt=\"\" class=\"wp-image-88910\" srcset=\"https:\/\/centcols.org\/wp-content\/uploads\/2012\/01\/M00513.jpg 800w, https:\/\/centcols.org\/wp-content\/uploads\/2012\/01\/M00513-768x576.jpg 768w\" sizes=\"auto, (max-width: 800px) 100vw, 800px\" \/><\/a><\/figure>\n\n\n\n<figure class=\"wp-block-image size-full\"><a href=\"https:\/\/centcols.org\/wp-content\/uploads\/2012\/01\/M00613.jpg\"><img loading=\"lazy\" decoding=\"async\" width=\"800\" height=\"601\" data-id=\"88911\" src=\"https:\/\/centcols.org\/wp-content\/uploads\/2012\/01\/M00613.jpg\" alt=\"\" class=\"wp-image-88911\" srcset=\"https:\/\/centcols.org\/wp-content\/uploads\/2012\/01\/M00613.jpg 800w, https:\/\/centcols.org\/wp-content\/uploads\/2012\/01\/M00613-768x577.jpg 768w\" sizes=\"auto, (max-width: 800px) 100vw, 800px\" \/><\/a><\/figure>\n\n\n\n<figure class=\"wp-block-image size-full\"><a href=\"https:\/\/centcols.org\/wp-content\/uploads\/2012\/01\/M00713.jpg\"><img loading=\"lazy\" decoding=\"async\" width=\"800\" height=\"601\" data-id=\"88912\" src=\"https:\/\/centcols.org\/wp-content\/uploads\/2012\/01\/M00713.jpg\" alt=\"\" class=\"wp-image-88912\" srcset=\"https:\/\/centcols.org\/wp-content\/uploads\/2012\/01\/M00713.jpg 800w, https:\/\/centcols.org\/wp-content\/uploads\/2012\/01\/M00713-768x577.jpg 768w\" sizes=\"auto, (max-width: 800px) 100vw, 800px\" \/><\/a><\/figure>\n<\/figure>\n\n\n\n<h2 class=\"wp-block-heading\">Programm Animationen<\/h2>\n\n\n\n<ul class=\"wp-block-list\">\n<li>Sonntag 22 - 18.00 Uhr: Begr\u00fc\u00dfungsgetr\u00e4nk; 21.00 Uhr: Vorstellung der Touren.<\/li>\n\n\n\n<li>Montag, 23. - 21.00 Uhr: Geierabend<\/li>\n\n\n\n<li>Dienstag 24 - 21.00 Uhr: Digitaler Kartografie-Abend<\/li>\n\n\n\n<li>Mittwoch, 25. - 21.00 Uhr: Diashow der Tour de la France aus dem Jahr 2011 von R\u00e9gis Paraz<\/li>\n\n\n\n<li>Donnerstag, 26. - 21.00 Uhr: Quiz von Didier R\u00e9mond<\/li>\n\n\n\n<li>Freitag, 27. - 21.00 Uhr: Tanzabend<\/li>\n\n\n\n<li>Samstag, 28. - 12:30 Uhr: Abschiedstrunk<\/li>\n<\/ul>\n\n\n\n<h2 class=\"wp-block-heading\">F\u00fcr diejenigen, die nicht Fahrrad fahren<\/h2>\n\n\n\n<h3 class=\"wp-block-heading\">Begeben Sie sich in luftige H\u00f6hen, entdecken Sie die hochgelegenen D\u00f6rfer<\/h3>\n\n\n\n<p>\u2665\u2665 Saint May, die Abtei von Bodon und das Panorama des Rocher du Caire. 5 Minuten mit dem Auto entfernt.<\/p>\n\n\n\n<p>\u2665\u2665 Villeperdrix: restaurierte alte Kirche (17. Jh.), Ruinen des Priorats, \u00dcberreste der befestigten Stadtmauer des mittelalterlichen Dorfes. 10 Minuten mit dem Auto entfernt.<\/p>\n\n\n\n<p>\u2665\u2665 Rochebrune: mittelalterliches, hochgelegenes Dorf (12. Jh.), Turm des alten Schlosses, Kirche (11. - 15. Jh.). 30 Minuten mit dem Auto entfernt.<\/p>\n\n\n\n<p>\u2665\u2665 Pommerol und seine au\u00dfergew\u00f6hnliche Umgebung. Altes, restauriertes und privates Dorf mit reguliertem oder sogar verbotenem Zugang (Juli-August). 30 Minuten mit dem Auto entfernt.<\/p>\n\n\n\n<p>\u2665\u2665 Aubres: kleine, hoch gelegene Ecke des Paradieses in der N\u00e4he von Nyons. 30 Minuten mit dem Auto entfernt.<\/p>\n\n\n\n<p>\u2665 Montaulieu, le Po\u00ebt Sigillat, Chaudebonne usw. 30 Minuten mit dem Auto entfernt.<\/p>\n\n\n\n<h3 class=\"wp-block-heading\">Absolut die Geier<\/h3>\n\n\n\n<p>\u2665\u2665 Feldbeobachtungswanderung mit kostenpflichtigem F\u00fchrer. Ab dem Zentrum.<\/p>\n\n\n\n<h3 class=\"wp-block-heading\">Die nette Sache<\/h3>\n\n\n\n<p>\u2665\u2665 Besuch des provenzalischen Marktes in Nyons am Donnerstagmorgen. 30 Minuten mit dem Auto entfernt.<\/p>\n\n\n\n<h3 class=\"wp-block-heading\">Die Unerl\u00e4sslichen<\/h3>\n\n\n\n<p>\u2665\u2665 Oliven, Wein, Honig, K\u00e4se, Saisonfr\u00fcchte, Lavendel...<\/p>\n\n\n\n<h3 class=\"wp-block-heading\">Vorschlag<\/h3>\n\n\n\n<p>\u2665\u2665 Folgen Sie Ihrem Instinkt ... improvisieren Sie.<\/p>\n\n\n\n<h2 class=\"wp-block-heading\">Kulturelle und touristische Notizen<\/h2>\n\n\n\n<p>Es gibt Pfade, die entlang der Stra\u00dfen gleiten und halb unter dem Gras verborgen auf der Lauer liegen. Sie sagen nichts. Sie sind einfach da. Sie sehen sie, sie schauen dich an, manchmal ganz sanft, sie greifen nach deinem Fu\u00df und wenn du ihnen auch nur einen Schritt nachgibst, ziehen sie dich von der Stra\u00dfe weg, Gott wei\u00df wohin!<br>Henri Bosc<\/p>\n\n\n\n<h2 class=\"wp-block-heading\">Einf\u00fchrung<\/h2>\n\n\n<div class=\"wp-block-image\">\n<figure class=\"aligncenter size-full\"><img loading=\"lazy\" decoding=\"async\" width=\"200\" height=\"150\" src=\"https:\/\/centcols.org\/wp-content\/uploads\/2012\/01\/pic0_al.jpg\" alt=\"\" class=\"wp-image-88913\"\/><\/figure>\n<\/div>\n\n\n<p class=\"has-text-align-left\">R\u00e9muzat ist ein kleines, friedliches Dorf in der Dr\u00f4me Proven\u00e7ale, einer Gemeinde der Baronnies. Es erstreckt sich am linken Ufer des Flusses Oule und wird von der beeindruckenden, nach Osten ausgerichteten Felswand des Rocher du Caire \u00fcberragt. Die Morgensonne heizt dort die Luft schnell auf. Dies erm\u00f6glichte 1995 die Wiederansiedlung einer Kolonie von G\u00e4nsegeiern und sp\u00e4ter von M\u00f6nchsgeiern, die in Frankreich praktisch ausgestorben waren. Seitdem ist der viel seltenere Perlgeier dort spontan wieder aufgetaucht. Heute gibt es dort mehr als 300 Individuen, die auf einer Fl\u00e4che von \u00fcber 6000 Quadratkilometern Nahrung suchen.<\/p>\n\n\n\n<h2 class=\"wp-block-heading\">Geografie<\/h2>\n\n\n<div class=\"wp-block-image\">\n<figure class=\"aligncenter size-full\"><img loading=\"lazy\" decoding=\"async\" width=\"200\" height=\"150\" src=\"https:\/\/centcols.org\/wp-content\/uploads\/2012\/01\/pic1_al.jpg\" alt=\"\" class=\"wp-image-88914\"\/><\/figure>\n<\/div>\n\n\n<p class=\"has-text-align-left\">Die Baronnies sind eine nat\u00fcrliche und historische Region zwischen dem S\u00fcden des Departements Dr\u00f4me, dem Westen des Departements Hautes-Alpes und dem Norden des Departements Vaucluse.<br>Mittelgebirgsland (H\u00f6he unter 1600 m) mit einem zerkl\u00fcfteten Relief, das sich von Westen nach Osten von der Ebene von Valr\u00e9as bis zum mittleren Durance-Tal und von S\u00fcden nach Norden vom Mont Ventoux bis zu den R\u00e4ndern des Diois erstreckt.<\/p>\n\n\n\n<p class=\"has-text-align-left\">Ein Land, das in T\u00e4ler unterteilt ist, die hier und da von weiten synklinalen Senken oder engen Becken unterbrochen werden. Die Verbindungen von einem Tal zum anderen waren trotz der vielen P\u00e4sse in mittleren H\u00f6hen nie einfach.<\/p>\n\n\n\n<p>Ein kontrastreiches Land mit Weinbergen in der Ebene, Kirsch-, Aprikosen- und Olivenb\u00e4umen auf den H\u00fcgeln, Lavendelfeldern auf den Hochebenen, aber auch mit riesigen Fl\u00e4chen, die mit Eichen-, Wacholder-, Buchsbaum- und Ginsterdickichten bedeckt sind, und, so weit das Auge reicht, mit steilen H\u00e4ngen, die von Kiefernkolonien oder Schwarzkiefernpflanzungen befestigt werden. Ein Land mit bevorzugter Sonneneinstrahlung, leuchtenden Landschaften, hochgelegenen D\u00f6rfern und abgelegenen Bauernh\u00f6fen, das unter dem doppelten Einfluss des mediterranen Klimas und der alpinen K\u00fchle einen erstaunlichen Reichtum an Blumen und Tieren hervorbringt.<\/p>\n\n\n\n<h2 class=\"wp-block-heading\">Geschichte<\/h2>\n\n\n\n<p>Fr\u00fcher war der Ort Castrum Remusaco (die erste schriftliche Erw\u00e4hnung stammt aus dem Jahr 1270) am rechten Ufer des Flusses Oule erbaut. Dort sind noch Reste der Stadtmauer und die alte Kirche Saint-Michel zu sehen. R\u00e9muzat war fr\u00fcher ein Lehen der Baronie M\u00e9vouillon und stand unter der Oberherrschaft der Abtei Bodon (die 556 vom Heiligen Marius gegr\u00fcndet wurde) und sp\u00e4ter der Abtei Ile Barbe. 1305 wurde es von Baron Raymond V und dem Abt von Ile Barbe an Karl II, K\u00f6nig von Sizilien und Graf der Provence, verkauft. Von da an geh\u00f6rte es zur Claverie de l'Oule und unterstand bis zur Revolution der Regierung der Provence, der Viguerie von Sisteron und dem Parlament von Aix. Mit dem Gesetz vom Juli 1790 wurde es zu einer Gemeinde des Departements Dr\u00f4me und mit der Verwaltungsreorganisation des Jahres VIII zu einem Kantonshauptort.<\/p>\n\n\n\n<h2 class=\"wp-block-heading\">Herkunft und Terroir<\/h2>\n\n\n\n<p>Dieses Gebiet, das seit der Vorgeschichte besiedelt ist, wurde durch den gallischen (Voconces) und den r\u00f6mischen Einfluss tief gepr\u00e4gt. Die Baronnies haben ihren Namen von den Baronen von M\u00e9vouillon und Montauban. Diese beiden Herrschaften wurden endg\u00fcltig dem Dauphin\u00e9 angegliedert, bevor sie als Teil dieses F\u00fcrstentums 1349 an das K\u00f6nigreich Frankreich abgetreten wurden. Nebent\u00e4tigkeiten wie die Aufzucht von Kokons, die f\u00fcr die Seidenspinnereien und -m\u00fchlen der Region bestimmt waren, stellten wichtige Einkommensquellen dar und verbesserten das Los der Bauern. Jahrhunderts entwickelten sich neue Kulturen wie Linden und Lavendel.<\/p>\n\n\n\n<p>Die Region ist stark von den Ereignissen im Zusammenhang mit dem Zweiten Weltkrieg gepr\u00e4gt, von der R\u00e9sistance, die in der Region sehr aktiv ist.<\/p>\n\n\n\n<p>Die Landwirtschaft ist nach wie vor vorherrschend und besch\u00e4ftigt fast ein Drittel der Erwerbst\u00e4tigen. Die traditionelle Polykultur in Verbindung mit einer kleinen Viehzucht ist zugunsten von Obstb\u00e4umen verschwunden, die sich in den T\u00e4lern von Eygues und Ouv\u00e8ze (Aprikosen- und Kirschb\u00e4ume) oder von C\u00e9ans und M\u00e9ouge (Apfel- und Birnb\u00e4ume) weiter ins Landesinnere ausbreiten.<\/p>\n\n\n<div class=\"wp-block-image\">\n<figure class=\"aligncenter size-full\"><img loading=\"lazy\" decoding=\"async\" width=\"200\" height=\"150\" src=\"https:\/\/centcols.org\/wp-content\/uploads\/2012\/01\/pic2_al.jpg\" alt=\"\" class=\"wp-image-88915\"\/><\/figure>\n<\/div>\n\n\n<p>In der Region Nyons - Buis-les-Baronnies bleiben die Olivenb\u00e4ume wichtig (A.O.P. Oliven und \u00d6l aus Nyons) sowie der Weinbau, A.O.C. C\u00f4tes du Rh\u00f4ne im Bereich Nyons - Vinsobres und Weine aus den Coteaux des Baronnies (Buis-les-Baronnies - Sainte-Jalle).<\/p>\n\n\n\n<p>Schlie\u00dflich verf\u00fcgt die Region \u00fcber einen bedeutenden Sektor f\u00fcr Duftpflanzen (Lavendel, Lavandin), Heil- und Aromapflanzen, der zu einem regen Handel mit getrockneten Blumen und \u00e4therischem \u00d6l aus der Haute-Provence AOC f\u00fchrt.<\/p>\n\n\n\n<p>Die Schafzucht wird wie in der Nachbarregion Pays du Bu\u00ebch weitergef\u00fchrt, haupts\u00e4chlich zur Herstellung von Sisteron-L\u00e4mmern, jedoch in geringerem Umfang. Die Milch aus der Ziegenhaltung wird zur Herstellung des ber\u00fchmten \u00abPicodon\u00bb verwendet.\u00bb<\/p>\n\n\n\n<h2 class=\"wp-block-heading\">Mit der Gemeinde verbundene Pers\u00f6nlichkeiten<\/h2>\n\n\n\n<p>Abb\u00e9 Lucien Van Damme (1901-1989), der in Belgien geboren wurde und aus einer alten Br\u00fcsseler Familie stammte, erhielt aus gesundheitlichen Gr\u00fcnden die Erlaubnis, sein Amt im sonnigen Klima der s\u00fcdlichen Voralpen auszu\u00fcben. Er war \u00fcber 54 Jahre lang (1933-1987) Pfarrer in R\u00e9muzat und ein gelehrter Mann, der \u00fcber sein Dorf und die lokale Geschichte zahlreiche Artikel und Ver\u00f6ffentlichungen schrieb, die f\u00fcr Forscher, Linguisten und Soziologen wertvoll sind.<\/p>\n\n\n\n<h2 class=\"wp-block-heading\">Regionaler Naturpark der provenzalischen Baronnies<\/h2>\n\n\n\n<p>Die Idee, in den provenzalischen Baronnies, die sich \u00fcber zwei Departements (Hautes-Alpes und Dr\u00f4me) und zwei Regionen (Rh\u00f4ne-Alpes und Provence-Alpes-C\u00f4te d'Azur) erstrecken, einen regionalen Naturpark zu gr\u00fcnden, stammt aus den sp\u00e4ten 1990er Jahren.<\/p>\n\n\n\n<p>Auf lokaler Ebene wurde sie vom Groupement pour la Promotion et l'Expansion du Nyonsais Baronnies und lokalen Abgeordneten ins Leben gerufen, die sich der wirtschaftlichen Schwierigkeiten dieser sehr l\u00e4ndlichen Region bewusst waren, in der die Landwirtschaft weiterhin bedroht ist und eine schwache Entwicklung aufweist.<\/p>\n\n\n\n<p>Im Jahr 2003 beschlossen die beiden Regionalr\u00e4te, eine Zweckm\u00e4\u00dfigkeits- und Machbarkeitsstudie zu finanzieren, die es ihnen erm\u00f6glichte, am 17. Dezember 2004 einen gemeinsamen Beschluss zu fassen, in dem ein Perimeter (130 betroffene Gemeinden) und Organisationsprinzipien festgelegt wurden.<\/p>\n\n\n\n<p>Am 30. M\u00e4rz 2007 ver\u00f6ffentlichte der Pr\u00e4fekt des Departements Dr\u00f4me, nachdem er festgestellt hatte, dass eine Mehrheit der betroffenen Gemeinden und Gemeindeverb\u00e4nde ihre Zustimmung gegeben hatte, einen Erlass zur Gr\u00fcndung eines Syndicat Mixte de pr\u00e9figuration d'un parc naturel r\u00e9gional et d'am\u00e9nagement des Baronnies Proven\u00e7ales (gemischtes Syndikat zur Vorbereitung eines regionalen Naturparks und zur Gestaltung der Baronnies Proven\u00e7ales). Er hat seinen Sitz in Sahune und seine Hauptaufgabe besteht darin, die Charta des k\u00fcnftigen Parks zu verfassen, die allen Gemeinden des betroffenen Gebiets zur Abstimmung vorgelegt wird.<\/p>\n\n\n\n<p>Diese Charta soll 2011 fertiggestellt und 2012 das Label \u00abNaturpark\u00bb verliehen werden. Das Parkprojekt wurde vom 20. Juni bis zum 22. Juli 2011 einer \u00f6ffentlichen Anh\u00f6rung unterzogen und k\u00f6nnte 130 Gemeinden umfassen. Seine Ziele w\u00e4ren der Schutz der Umwelt, die Unterst\u00fctzung landwirtschaftlicher Aktivit\u00e4ten und die F\u00f6rderung des Naturtourismus.<\/p>\n\n\n\n<p>Die Bezeichnung \u00abBaronnies proven\u00e7ales\u00bb war Gegenstand von Diskussionen \u00fcber ihre Legitimit\u00e4t, da diese Gebiete zur Dauphin\u00e9 geh\u00f6rten. Einige angrenzende L\u00e4ndereien der Provence existierten 1789 als Enklaven in der Dauphin\u00e9, aber ihre Ausdehnung war gering. Wenn man sich jedoch die Karte der Aufteilung der Provence im Jahr 1125 ansieht, kann man davon ausgehen, dass die Baronnies eine Zeit lang zur Provence geh\u00f6rten.<\/p>\n\n\n\n<p><em>&nbsp; &nbsp; &nbsp; &nbsp;Alf\u00e9o Lotto <\/em>Dokumentation aus dem Artikel <a href=\"http:\/\/fr.wikipedia.org\/wiki\/R%C3%A9muzat\" target=\"_blank\" rel=\"noreferrer noopener\"><em>R\u00e9muzat<\/em><\/a> von Wikipedia.<\/p>\n\n\n\n<p>Wir laden Sie au\u00dferdem ein, sich einen <a href=\"https:\/\/centcols.org\/de\/util\/visuAlbum.php\/?album=05650-008\" target=\"_blank\" rel=\"noreferrer noopener\">Diashow \u00fcber die Region um R\u00e9muzat<\/a> Diese Diashow, die am 26. November bei der Generalversammlung in Canet-en-Roussillon gezeigt wurde, ist das Werk von Alf\u00e9o Lotto, einem der \u00abRegionalen der Etappe\u00bb.<\/p>\n\n\n\n<p>Eine weitere Diashow \u00fcber die Region, ein Werk von Didier R\u00e9mond, beschreibt eine <a href=\"https:\/\/centcols.org\/de\/util\/visuAlbum.php\/?album=1202-1\" target=\"_blank\" rel=\"noreferrer noopener\">Mountainbike-Ausflug im Jahr 2009<\/a> in der Umgebung von R\u00e9muzat.<a href=\"https:\/\/centcols.org\/de\/util\/visuAlbum.php\/?album=3199-002\">https:\/\/centcols.org\/util\/visuAlbum.php?album=3199-002<\/a><\/p>\n\n\n\n<figure class=\"wp-block-gallery has-nested-images columns-4 is-cropped wp-block-gallery-4 is-layout-flex wp-block-gallery-is-layout-flex\">\n<figure class=\"wp-block-image size-full\"><a href=\"https:\/\/centcols.org\/de\/util\/visuAlbum.php\/?album=0722-004\" target=\"_blank\" rel=\"noreferrer noopener\"><img loading=\"lazy\" decoding=\"async\" width=\"1200\" height=\"900\" data-id=\"88916\" src=\"https:\/\/centcols.org\/wp-content\/uploads\/2012\/01\/L00332-1.jpg\" alt=\"\" class=\"wp-image-88916\" srcset=\"https:\/\/centcols.org\/wp-content\/uploads\/2012\/01\/L00332-1.jpg 1200w, https:\/\/centcols.org\/wp-content\/uploads\/2012\/01\/L00332-1-768x576.jpg 768w\" sizes=\"auto, (max-width: 1200px) 100vw, 1200px\" \/><\/a><figcaption class=\"wp-element-caption\">Album von Alain Gillodes<\/figcaption><\/figure>\n\n\n\n<figure class=\"wp-block-image size-full\"><a href=\"https:\/\/centcols.org\/de\/util\/visuAlbum.php\/?album=6785-006\" target=\"_blank\" rel=\"noreferrer noopener\"><img loading=\"lazy\" decoding=\"async\" width=\"1200\" height=\"900\" data-id=\"88917\" src=\"https:\/\/centcols.org\/wp-content\/uploads\/2012\/01\/L0823-1.jpg\" alt=\"\" class=\"wp-image-88917\" srcset=\"https:\/\/centcols.org\/wp-content\/uploads\/2012\/01\/L0823-1.jpg 1200w, https:\/\/centcols.org\/wp-content\/uploads\/2012\/01\/L0823-1-768x576.jpg 768w\" sizes=\"auto, (max-width: 1200px) 100vw, 1200px\" \/><\/a><figcaption class=\"wp-element-caption\">Album von Max Tissot<\/figcaption><\/figure>\n\n\n\n<figure class=\"wp-block-image size-full\"><a href=\"https:\/\/centcols.org\/de\/util\/visuAlbum.php\/?album=3199-002\" target=\"_blank\" rel=\"noreferrer noopener\"><img loading=\"lazy\" decoding=\"async\" width=\"640\" height=\"480\" data-id=\"88918\" src=\"https:\/\/centcols.org\/wp-content\/uploads\/2012\/01\/M01013.jpg\" alt=\"\" class=\"wp-image-88918\"\/><\/a><figcaption class=\"wp-element-caption\">Album von Fran\u00e7oise Grimaud<\/figcaption><\/figure>\n\n\n\n<figure class=\"wp-block-image size-full\"><a href=\"https:\/\/centcols.org\/de\/util\/visuAlbum.php\/?album=3237-002\" target=\"_blank\" rel=\"noreferrer noopener\"><img loading=\"lazy\" decoding=\"async\" width=\"1200\" height=\"900\" data-id=\"88919\" src=\"https:\/\/centcols.org\/wp-content\/uploads\/2012\/01\/L02826-1.jpg\" alt=\"\" class=\"wp-image-88919\" srcset=\"https:\/\/centcols.org\/wp-content\/uploads\/2012\/01\/L02826-1.jpg 1200w, https:\/\/centcols.org\/wp-content\/uploads\/2012\/01\/L02826-1-768x576.jpg 768w\" sizes=\"auto, (max-width: 1200px) 100vw, 1200px\" \/><\/a><figcaption class=\"wp-element-caption\">Album von Jean-Claude Prast<\/figcaption><\/figure>\n\n\n\n<figure class=\"wp-block-image size-full\"><a href=\"https:\/\/centcols.org\/de\/util\/visuAlbum.php\/?album=6028-006\" target=\"_blank\" rel=\"noreferrer noopener\"><img loading=\"lazy\" decoding=\"async\" width=\"1200\" height=\"900\" data-id=\"88921\" src=\"https:\/\/centcols.org\/wp-content\/uploads\/2012\/01\/L03822-1.jpg\" alt=\"\" class=\"wp-image-88921\" srcset=\"https:\/\/centcols.org\/wp-content\/uploads\/2012\/01\/L03822-1.jpg 1200w, https:\/\/centcols.org\/wp-content\/uploads\/2012\/01\/L03822-1-768x576.jpg 768w\" sizes=\"auto, (max-width: 1200px) 100vw, 1200px\" \/><\/a><figcaption class=\"wp-element-caption\">Album von Jean-Pierre Lambert<\/figcaption><\/figure>\n\n\n\n<figure class=\"wp-block-image size-full\"><a href=\"https:\/\/centcols.org\/de\/util\/visuAlbum.php\/?album=6028-006\" target=\"_blank\" rel=\"noreferrer noopener\"><img loading=\"lazy\" decoding=\"async\" width=\"1200\" height=\"800\" data-id=\"88922\" src=\"https:\/\/centcols.org\/wp-content\/uploads\/2012\/01\/L00634-1.jpg\" alt=\"\" class=\"wp-image-88922\" srcset=\"https:\/\/centcols.org\/wp-content\/uploads\/2012\/01\/L00634-1.jpg 1200w, https:\/\/centcols.org\/wp-content\/uploads\/2012\/01\/L00634-1-768x512.jpg 768w\" sizes=\"auto, (max-width: 1200px) 100vw, 1200px\" \/><\/a><figcaption class=\"wp-element-caption\">Album von Alf\u00e9o Lotto<\/figcaption><\/figure>\n\n\n\n<figure class=\"wp-block-image size-full\"><a href=\"https:\/\/centcols.org\/de\/util\/visuAlbum.php\/?album=5600-004\" target=\"_blank\" rel=\"noreferrer noopener\"><img loading=\"lazy\" decoding=\"async\" width=\"1200\" height=\"900\" data-id=\"88924\" src=\"https:\/\/centcols.org\/wp-content\/uploads\/2012\/01\/L04914-1.jpg\" alt=\"\" class=\"wp-image-88924\" srcset=\"https:\/\/centcols.org\/wp-content\/uploads\/2012\/01\/L04914-1.jpg 1200w, https:\/\/centcols.org\/wp-content\/uploads\/2012\/01\/L04914-1-768x576.jpg 768w\" sizes=\"auto, (max-width: 1200px) 100vw, 1200px\" \/><\/a><figcaption class=\"wp-element-caption\">Album von Hubert Court<\/figcaption><\/figure>\n\n\n\n<figure class=\"wp-block-image size-full\"><a href=\"https:\/\/centcols.org\/de\/util\/visuAlbum.php\/?album=5756-001\" target=\"_blank\" rel=\"noreferrer noopener\"><img loading=\"lazy\" decoding=\"async\" width=\"1200\" height=\"900\" data-id=\"88925\" src=\"https:\/\/centcols.org\/wp-content\/uploads\/2012\/01\/L00532-1.jpg\" alt=\"\" class=\"wp-image-88925\" srcset=\"https:\/\/centcols.org\/wp-content\/uploads\/2012\/01\/L00532-1.jpg 1200w, https:\/\/centcols.org\/wp-content\/uploads\/2012\/01\/L00532-1-768x576.jpg 768w\" sizes=\"auto, (max-width: 1200px) 100vw, 1200px\" \/><\/a><figcaption class=\"wp-element-caption\">Album von Gerald Cowham<\/figcaption><\/figure>\n\n\n\n<figure class=\"wp-block-image size-full\"><a href=\"https:\/\/centcols.org\/de\/util\/visuAlbum.php\/?album=3225-006\" target=\"_blank\" rel=\"noreferrer noopener\"><img loading=\"lazy\" decoding=\"async\" width=\"1200\" height=\"675\" data-id=\"88926\" src=\"https:\/\/centcols.org\/wp-content\/uploads\/2012\/01\/L00131-1.jpg\" alt=\"\" class=\"wp-image-88926\" srcset=\"https:\/\/centcols.org\/wp-content\/uploads\/2012\/01\/L00131-1.jpg 1200w, https:\/\/centcols.org\/wp-content\/uploads\/2012\/01\/L00131-1-768x432.jpg 768w\" sizes=\"auto, (max-width: 1200px) 100vw, 1200px\" \/><\/a><figcaption class=\"wp-element-caption\">Album von R\u00e9gis Paraz<\/figcaption><\/figure>\n\n\n\n<figure class=\"wp-block-image size-full\"><a href=\"https:\/\/centcols.org\/de\/util\/visuAlbum.php\/?album=5173-003\" target=\"_blank\" rel=\"noreferrer noopener\"><img loading=\"lazy\" decoding=\"async\" width=\"1200\" height=\"900\" data-id=\"88927\" src=\"https:\/\/centcols.org\/wp-content\/uploads\/2012\/01\/L1101-1.jpg\" alt=\"\" class=\"wp-image-88927\" srcset=\"https:\/\/centcols.org\/wp-content\/uploads\/2012\/01\/L1101-1.jpg 1200w, https:\/\/centcols.org\/wp-content\/uploads\/2012\/01\/L1101-1-768x576.jpg 768w\" sizes=\"auto, (max-width: 1200px) 100vw, 1200px\" \/><\/a><figcaption class=\"wp-element-caption\">Album von Fr\u00e9d\u00e9ric Singla<\/figcaption><\/figure>\n\n\n\n<figure class=\"wp-block-image size-full\"><a href=\"https:\/\/centcols.org\/de\/util\/visuAlbum.php\/?album=2880-004\" target=\"_blank\" rel=\"noreferrer noopener\"><img loading=\"lazy\" decoding=\"async\" width=\"1200\" height=\"674\" data-id=\"88928\" src=\"https:\/\/centcols.org\/wp-content\/uploads\/2012\/01\/L1071-1.jpg\" alt=\"\" class=\"wp-image-88928\" srcset=\"https:\/\/centcols.org\/wp-content\/uploads\/2012\/01\/L1071-1.jpg 1200w, https:\/\/centcols.org\/wp-content\/uploads\/2012\/01\/L1071-1-768x431.jpg 768w\" sizes=\"auto, (max-width: 1200px) 100vw, 1200px\" \/><\/a><figcaption class=\"wp-element-caption\">Album von Guy Garcin<\/figcaption><\/figure>\n\n\n\n<figure class=\"wp-block-image size-full\"><a href=\"https:\/\/centcols.org\/de\/util\/visuAlbum.php\/?album=3848-002\" target=\"_blank\" rel=\"noreferrer noopener\"><img loading=\"lazy\" decoding=\"async\" width=\"1200\" height=\"900\" data-id=\"88929\" src=\"https:\/\/centcols.org\/wp-content\/uploads\/2012\/01\/L04915-1.jpg\" alt=\"\" class=\"wp-image-88929\" srcset=\"https:\/\/centcols.org\/wp-content\/uploads\/2012\/01\/L04915-1.jpg 1200w, https:\/\/centcols.org\/wp-content\/uploads\/2012\/01\/L04915-1-768x576.jpg 768w\" sizes=\"auto, (max-width: 1200px) 100vw, 1200px\" \/><\/a><figcaption class=\"wp-element-caption\">Album von Michel Boni<\/figcaption><\/figure>\n\n\n\n<figure class=\"wp-block-image size-full\"><a href=\"https:\/\/centcols.org\/de\/util\/visuAlbum.php\/?album=5913-001\" target=\"_blank\" rel=\"noreferrer noopener\"><img loading=\"lazy\" decoding=\"async\" width=\"1200\" height=\"900\" data-id=\"88931\" src=\"https:\/\/centcols.org\/wp-content\/uploads\/2012\/01\/L0843-1.jpg\" alt=\"\" class=\"wp-image-88931\" srcset=\"https:\/\/centcols.org\/wp-content\/uploads\/2012\/01\/L0843-1.jpg 1200w, https:\/\/centcols.org\/wp-content\/uploads\/2012\/01\/L0843-1-768x576.jpg 768w\" sizes=\"auto, (max-width: 1200px) 100vw, 1200px\" \/><\/a><figcaption class=\"wp-element-caption\">Album von Jaime Monter<\/figcaption><\/figure>\n\n\n\n<figure class=\"wp-block-image size-full\"><a href=\"https:\/\/centcols.org\/de\/util\/visuAlbum.php\/?album=1202-009\" target=\"_blank\" rel=\"noreferrer noopener\"><img loading=\"lazy\" decoding=\"async\" width=\"1200\" height=\"800\" data-id=\"88933\" src=\"https:\/\/centcols.org\/wp-content\/uploads\/2012\/01\/L05410-1.jpg\" alt=\"\" class=\"wp-image-88933\" srcset=\"https:\/\/centcols.org\/wp-content\/uploads\/2012\/01\/L05410-1.jpg 1200w, https:\/\/centcols.org\/wp-content\/uploads\/2012\/01\/L05410-1-768x512.jpg 768w\" sizes=\"auto, (max-width: 1200px) 100vw, 1200px\" \/><\/a><figcaption class=\"wp-element-caption\">Album von Didier R\u00e9mond<\/figcaption><\/figure>\n\n\n\n<figure class=\"wp-block-image size-full\"><a href=\"https:\/\/centcols.org\/de\/util\/visuAlbum.php\/?album=6796-002\" target=\"_blank\" rel=\"noreferrer noopener\"><img loading=\"lazy\" decoding=\"async\" width=\"1200\" height=\"896\" data-id=\"88934\" src=\"https:\/\/centcols.org\/wp-content\/uploads\/2012\/01\/L02328-1.jpg\" alt=\"\" class=\"wp-image-88934\" srcset=\"https:\/\/centcols.org\/wp-content\/uploads\/2012\/01\/L02328-1.jpg 1200w, https:\/\/centcols.org\/wp-content\/uploads\/2012\/01\/L02328-1-768x573.jpg 768w\" sizes=\"auto, (max-width: 1200px) 100vw, 1200px\" \/><\/a><figcaption class=\"wp-element-caption\">Album von Michel Andurand<\/figcaption><\/figure>\n\n\n\n<figure class=\"wp-block-image size-full\"><a href=\"https:\/\/centcols.org\/de\/util\/visuAlbum.php\/?album=3092-005\" target=\"_blank\" rel=\"noreferrer noopener\"><img loading=\"lazy\" decoding=\"async\" width=\"1200\" height=\"900\" data-id=\"88935\" src=\"https:\/\/centcols.org\/wp-content\/uploads\/2012\/01\/L03322-1.jpg\" alt=\"\" class=\"wp-image-88935\" srcset=\"https:\/\/centcols.org\/wp-content\/uploads\/2012\/01\/L03322-1.jpg 1200w, https:\/\/centcols.org\/wp-content\/uploads\/2012\/01\/L03322-1-768x576.jpg 768w\" sizes=\"auto, (max-width: 1200px) 100vw, 1200px\" \/><\/a><figcaption class=\"wp-element-caption\">Album von Philippe Carrez<\/figcaption><\/figure>\n<\/figure>","protected":false},"excerpt":{"rendered":"<p>Pr\u00e9sentation Le rassemblement de printemps se d\u00e9roulera en 2012 \u00e0 R\u00e9muzat en Drome proven\u00e7ale (situ\u00e9 \u00e0 62 km de Mont\u00e9limar et \u00e0 26 km de Nyons) du 22 au 28 avril.R\u00e9muzat s&rsquo;\u00e9tend sur la rive gauche de l&rsquo;Oule, au milieu des vergers de pruniers \u00ab\u00a0prune fleurie\u00a0\u00bb. R\u00e9muzat c&rsquo;est toute la Provence, avec un soup\u00e7on alpin. [&hellip;]<\/p>\n","protected":false},"author":3,"featured_media":81530,"comment_status":"closed","ping_status":"closed","sticky":false,"template":"","format":"standard","meta":{"_acf_changed":false,"footnotes":""},"categories":[367,349,404,389,135,231],"tags":[],"class_list":["post-81529","post","type-post","status-publish","format-standard","has-post-thumbnail","hentry","category-auvergne-rhone-alpes-region-sejours","category-france-pays-sejours","category-baronnies-provencales","category-26-drome","category-calendrier","category-sejours"],"acf":[],"yoast_head":"<!-- This site is optimized with the Yoast SEO plugin v27.2 - https:\/\/yoast.com\/product\/yoast-seo-wordpress\/ -->\n<title>S\u00e9jour de printemps \u00e0 R\u00e9muzat (Dr\u00f4me) du 22 au 28 avril 2012 - Club des Cent Cols<\/title>\n<meta name=\"robots\" content=\"index, follow, max-snippet:-1, max-image-preview:large, max-video-preview:-1\" \/>\n<link rel=\"canonical\" href=\"https:\/\/centcols.org\/de\/aufenthalt-2012-remuzat\/\" \/>\n<meta property=\"og:locale\" content=\"de_DE\" \/>\n<meta property=\"og:type\" content=\"article\" \/>\n<meta property=\"og:title\" content=\"S\u00e9jour de printemps \u00e0 R\u00e9muzat (Dr\u00f4me) du 22 au 28 avril 2012 - Club des Cent Cols\" \/>\n<meta property=\"og:description\" content=\"Pr\u00e9sentation Le rassemblement de printemps se d\u00e9roulera en 2012 \u00e0 R\u00e9muzat en Drome proven\u00e7ale (situ\u00e9 \u00e0 62 km de Mont\u00e9limar et \u00e0 26 km de Nyons) du 22 au 28 avril.R\u00e9muzat s&rsquo;\u00e9tend sur la rive gauche de l&rsquo;Oule, au milieu des vergers de pruniers \u00ab\u00a0prune fleurie\u00a0\u00bb. R\u00e9muzat c&rsquo;est toute la Provence, avec un soup\u00e7on alpin. [&hellip;]\" \/>\n<meta property=\"og:url\" content=\"https:\/\/centcols.org\/de\/aufenthalt-2012-remuzat\/\" \/>\n<meta property=\"og:site_name\" content=\"Club des Cent Cols\" \/>\n<meta property=\"article:publisher\" content=\"https:\/\/www.facebook.com\/groups\/5261880558\/?locale=fr_FR\" \/>\n<meta property=\"article:published_time\" content=\"2012-01-23T08:10:40+00:00\" \/>\n<meta property=\"article:modified_time\" content=\"2025-10-02T14:52:03+00:00\" \/>\n<meta property=\"og:image\" content=\"https:\/\/centcols.org\/wp-content\/uploads\/2025\/05\/L00332-e1443449716141.jpg\" \/>\n\t<meta property=\"og:image:width\" content=\"640\" \/>\n\t<meta property=\"og:image:height\" content=\"480\" \/>\n\t<meta property=\"og:image:type\" content=\"image\/jpeg\" \/>\n<meta name=\"author\" content=\"Webmestre\" \/>\n<meta name=\"twitter:card\" content=\"summary_large_image\" \/>\n<meta name=\"twitter:label1\" content=\"Verfasst von\" \/>\n\t<meta name=\"twitter:data1\" content=\"Webmestre\" \/>\n\t<meta name=\"twitter:label2\" content=\"Gesch\u00e4tzte Lesezeit\" \/>\n\t<meta name=\"twitter:data2\" content=\"17\u00a0Minuten\" \/>\n<script type=\"application\/ld+json\" class=\"yoast-schema-graph\">{\"@context\":\"https:\/\/schema.org\",\"@graph\":[{\"@type\":\"Article\",\"@id\":\"https:\/\/centcols.org\/sejour-2012-remuzat\/#article\",\"isPartOf\":{\"@id\":\"https:\/\/centcols.org\/sejour-2012-remuzat\/\"},\"author\":{\"name\":\"Webmestre\",\"@id\":\"https:\/\/centcols.org\/#\/schema\/person\/911b404fb133d8c913dd27cdcf71c8e5\"},\"headline\":\"S\u00e9jour de printemps \u00e0 R\u00e9muzat (Dr\u00f4me) du 22 au 28 avril 2012\",\"datePublished\":\"2012-01-23T08:10:40+00:00\",\"dateModified\":\"2025-10-02T14:52:03+00:00\",\"mainEntityOfPage\":{\"@id\":\"https:\/\/centcols.org\/sejour-2012-remuzat\/\"},\"wordCount\":2305,\"publisher\":{\"@id\":\"https:\/\/centcols.org\/#organization\"},\"image\":{\"@id\":\"https:\/\/centcols.org\/sejour-2012-remuzat\/#primaryimage\"},\"thumbnailUrl\":\"https:\/\/centcols.org\/wp-content\/uploads\/2025\/05\/L00332-e1443449716141.jpg\",\"articleSection\":[\"Auvergne-Rh\u00f4ne-Alpes\",\"France\",\"Baronnies proven\u00e7ales\",\"26-Dr\u00f4me\",\"Calendrier\",\"S\u00e9jours du Club des Cent Cols\"],\"inLanguage\":\"de\"},{\"@type\":\"WebPage\",\"@id\":\"https:\/\/centcols.org\/sejour-2012-remuzat\/\",\"url\":\"https:\/\/centcols.org\/sejour-2012-remuzat\/\",\"name\":\"S\u00e9jour de printemps \u00e0 R\u00e9muzat (Dr\u00f4me) du 22 au 28 avril 2012 - Club des Cent Cols\",\"isPartOf\":{\"@id\":\"https:\/\/centcols.org\/#website\"},\"primaryImageOfPage\":{\"@id\":\"https:\/\/centcols.org\/sejour-2012-remuzat\/#primaryimage\"},\"image\":{\"@id\":\"https:\/\/centcols.org\/sejour-2012-remuzat\/#primaryimage\"},\"thumbnailUrl\":\"https:\/\/centcols.org\/wp-content\/uploads\/2025\/05\/L00332-e1443449716141.jpg\",\"datePublished\":\"2012-01-23T08:10:40+00:00\",\"dateModified\":\"2025-10-02T14:52:03+00:00\",\"breadcrumb\":{\"@id\":\"https:\/\/centcols.org\/sejour-2012-remuzat\/#breadcrumb\"},\"inLanguage\":\"de\",\"potentialAction\":[{\"@type\":\"ReadAction\",\"target\":[\"https:\/\/centcols.org\/sejour-2012-remuzat\/\"]}]},{\"@type\":\"ImageObject\",\"inLanguage\":\"de\",\"@id\":\"https:\/\/centcols.org\/sejour-2012-remuzat\/#primaryimage\",\"url\":\"https:\/\/centcols.org\/wp-content\/uploads\/2025\/05\/L00332-e1443449716141.jpg\",\"contentUrl\":\"https:\/\/centcols.org\/wp-content\/uploads\/2025\/05\/L00332-e1443449716141.jpg\",\"width\":640,\"height\":480},{\"@type\":\"BreadcrumbList\",\"@id\":\"https:\/\/centcols.org\/sejour-2012-remuzat\/#breadcrumb\",\"itemListElement\":[{\"@type\":\"ListItem\",\"position\":1,\"name\":\"Accueil\",\"item\":\"https:\/\/centcols.org\/\"},{\"@type\":\"ListItem\",\"position\":2,\"name\":\"S\u00e9jours du Club des Cent Cols\",\"item\":\"https:\/\/centcols.org\/rubrique\/sejours\/\"},{\"@type\":\"ListItem\",\"position\":3,\"name\":\"Pays\",\"item\":\"https:\/\/centcols.org\/rubrique\/sejours\/pays-sejours\/\"},{\"@type\":\"ListItem\",\"position\":4,\"name\":\"France\",\"item\":\"https:\/\/centcols.org\/rubrique\/sejours\/pays-sejours\/france-pays-sejours\/\"},{\"@type\":\"ListItem\",\"position\":5,\"name\":\"S\u00e9jour de printemps \u00e0 R\u00e9muzat (Dr\u00f4me) du 22 au 28 avril 2012\"}]},{\"@type\":\"WebSite\",\"@id\":\"https:\/\/centcols.org\/#website\",\"url\":\"https:\/\/centcols.org\/\",\"name\":\"Club des Cent Cols\",\"description\":\"\",\"publisher\":{\"@id\":\"https:\/\/centcols.org\/#organization\"},\"potentialAction\":[{\"@type\":\"SearchAction\",\"target\":{\"@type\":\"EntryPoint\",\"urlTemplate\":\"https:\/\/centcols.org\/?s={search_term_string}\"},\"query-input\":{\"@type\":\"PropertyValueSpecification\",\"valueRequired\":true,\"valueName\":\"search_term_string\"}}],\"inLanguage\":\"de\"},{\"@type\":\"Organization\",\"@id\":\"https:\/\/centcols.org\/#organization\",\"name\":\"Club des Cent Cols\",\"url\":\"https:\/\/centcols.org\/\",\"logo\":{\"@type\":\"ImageObject\",\"inLanguage\":\"de\",\"@id\":\"https:\/\/centcols.org\/#\/schema\/logo\/image\/\",\"url\":\"https:\/\/centcols.org\/wp-content\/uploads\/2025\/01\/carte-icone.png\",\"contentUrl\":\"https:\/\/centcols.org\/wp-content\/uploads\/2025\/01\/carte-icone.png\",\"width\":250,\"height\":250,\"caption\":\"Club des Cent Cols\"},\"image\":{\"@id\":\"https:\/\/centcols.org\/#\/schema\/logo\/image\/\"},\"sameAs\":[\"https:\/\/www.facebook.com\/groups\/5261880558\/?locale=fr_FR\"]},{\"@type\":\"Person\",\"@id\":\"https:\/\/centcols.org\/#\/schema\/person\/911b404fb133d8c913dd27cdcf71c8e5\",\"name\":\"Webmestre\",\"image\":{\"@type\":\"ImageObject\",\"inLanguage\":\"de\",\"@id\":\"https:\/\/centcols.org\/wp-content\/litespeed\/avatar\/2d246e4b6b4f773e08515e1ffc53690b.jpg?ver=1777222892\",\"url\":\"https:\/\/centcols.org\/wp-content\/litespeed\/avatar\/2d246e4b6b4f773e08515e1ffc53690b.jpg?ver=1777222892\",\"contentUrl\":\"https:\/\/centcols.org\/wp-content\/litespeed\/avatar\/2d246e4b6b4f773e08515e1ffc53690b.jpg?ver=1777222892\",\"caption\":\"Webmestre\"},\"url\":\"https:\/\/centcols.org\/de\/author\/webmestre\/\"}]}<\/script>\n<!-- \/ Yoast SEO plugin. -->","yoast_head_json":{"title":"Fr\u00fchlingsaufenthalt in R\u00e9muzat (Dr\u00f4me) vom 22. bis 28. April 2012 - Club des Cent Cols","robots":{"index":"index","follow":"follow","max-snippet":"max-snippet:-1","max-image-preview":"max-image-preview:large","max-video-preview":"max-video-preview:-1"},"canonical":"https:\/\/centcols.org\/de\/aufenthalt-2012-remuzat\/","og_locale":"de_DE","og_type":"article","og_title":"S\u00e9jour de printemps \u00e0 R\u00e9muzat (Dr\u00f4me) du 22 au 28 avril 2012 - Club des Cent Cols","og_description":"Pr\u00e9sentation Le rassemblement de printemps se d\u00e9roulera en 2012 \u00e0 R\u00e9muzat en Drome proven\u00e7ale (situ\u00e9 \u00e0 62 km de Mont\u00e9limar et \u00e0 26 km de Nyons) du 22 au 28 avril.R\u00e9muzat s&rsquo;\u00e9tend sur la rive gauche de l&rsquo;Oule, au milieu des vergers de pruniers \u00ab\u00a0prune fleurie\u00a0\u00bb. R\u00e9muzat c&rsquo;est toute la Provence, avec un soup\u00e7on alpin. [&hellip;]","og_url":"https:\/\/centcols.org\/de\/aufenthalt-2012-remuzat\/","og_site_name":"Club des Cent Cols","article_publisher":"https:\/\/www.facebook.com\/groups\/5261880558\/?locale=fr_FR","article_published_time":"2012-01-23T08:10:40+00:00","article_modified_time":"2025-10-02T14:52:03+00:00","og_image":[{"width":640,"height":480,"url":"https:\/\/centcols.org\/wp-content\/uploads\/2025\/05\/L00332-e1443449716141.jpg","type":"image\/jpeg"}],"author":"Webmestre","twitter_card":"summary_large_image","twitter_misc":{"Verfasst von":"Webmestre","Gesch\u00e4tzte Lesezeit":"17\u00a0Minuten"},"schema":{"@context":"https:\/\/schema.org","@graph":[{"@type":"Article","@id":"https:\/\/centcols.org\/sejour-2012-remuzat\/#article","isPartOf":{"@id":"https:\/\/centcols.org\/sejour-2012-remuzat\/"},"author":{"name":"Webmestre","@id":"https:\/\/centcols.org\/#\/schema\/person\/911b404fb133d8c913dd27cdcf71c8e5"},"headline":"S\u00e9jour de printemps \u00e0 R\u00e9muzat (Dr\u00f4me) du 22 au 28 avril 2012","datePublished":"2012-01-23T08:10:40+00:00","dateModified":"2025-10-02T14:52:03+00:00","mainEntityOfPage":{"@id":"https:\/\/centcols.org\/sejour-2012-remuzat\/"},"wordCount":2305,"publisher":{"@id":"https:\/\/centcols.org\/#organization"},"image":{"@id":"https:\/\/centcols.org\/sejour-2012-remuzat\/#primaryimage"},"thumbnailUrl":"https:\/\/centcols.org\/wp-content\/uploads\/2025\/05\/L00332-e1443449716141.jpg","articleSection":["Auvergne-Rh\u00f4ne-Alpes","France","Baronnies proven\u00e7ales","26-Dr\u00f4me","Calendrier","S\u00e9jours du Club des Cent Cols"],"inLanguage":"de"},{"@type":"WebPage","@id":"https:\/\/centcols.org\/sejour-2012-remuzat\/","url":"https:\/\/centcols.org\/sejour-2012-remuzat\/","name":"Fr\u00fchlingsaufenthalt in R\u00e9muzat (Dr\u00f4me) vom 22. bis 28. April 2012 - Club des Cent Cols","isPartOf":{"@id":"https:\/\/centcols.org\/#website"},"primaryImageOfPage":{"@id":"https:\/\/centcols.org\/sejour-2012-remuzat\/#primaryimage"},"image":{"@id":"https:\/\/centcols.org\/sejour-2012-remuzat\/#primaryimage"},"thumbnailUrl":"https:\/\/centcols.org\/wp-content\/uploads\/2025\/05\/L00332-e1443449716141.jpg","datePublished":"2012-01-23T08:10:40+00:00","dateModified":"2025-10-02T14:52:03+00:00","breadcrumb":{"@id":"https:\/\/centcols.org\/sejour-2012-remuzat\/#breadcrumb"},"inLanguage":"de","potentialAction":[{"@type":"ReadAction","target":["https:\/\/centcols.org\/sejour-2012-remuzat\/"]}]},{"@type":"ImageObject","inLanguage":"de","@id":"https:\/\/centcols.org\/sejour-2012-remuzat\/#primaryimage","url":"https:\/\/centcols.org\/wp-content\/uploads\/2025\/05\/L00332-e1443449716141.jpg","contentUrl":"https:\/\/centcols.org\/wp-content\/uploads\/2025\/05\/L00332-e1443449716141.jpg","width":640,"height":480},{"@type":"BreadcrumbList","@id":"https:\/\/centcols.org\/sejour-2012-remuzat\/#breadcrumb","itemListElement":[{"@type":"ListItem","position":1,"name":"Accueil","item":"https:\/\/centcols.org\/"},{"@type":"ListItem","position":2,"name":"S\u00e9jours du Club des Cent Cols","item":"https:\/\/centcols.org\/rubrique\/sejours\/"},{"@type":"ListItem","position":3,"name":"Pays","item":"https:\/\/centcols.org\/rubrique\/sejours\/pays-sejours\/"},{"@type":"ListItem","position":4,"name":"France","item":"https:\/\/centcols.org\/rubrique\/sejours\/pays-sejours\/france-pays-sejours\/"},{"@type":"ListItem","position":5,"name":"S\u00e9jour de printemps \u00e0 R\u00e9muzat (Dr\u00f4me) du 22 au 28 avril 2012"}]},{"@type":"WebSite","@id":"https:\/\/centcols.org\/#website","url":"https:\/\/centcols.org\/","name":"Club des Cent Cols","description":"","publisher":{"@id":"https:\/\/centcols.org\/#organization"},"potentialAction":[{"@type":"SearchAction","target":{"@type":"EntryPoint","urlTemplate":"https:\/\/centcols.org\/?s={search_term_string}"},"query-input":{"@type":"PropertyValueSpecification","valueRequired":true,"valueName":"search_term_string"}}],"inLanguage":"de"},{"@type":"Organization","@id":"https:\/\/centcols.org\/#organization","name":"Club des Cent Cols","url":"https:\/\/centcols.org\/","logo":{"@type":"ImageObject","inLanguage":"de","@id":"https:\/\/centcols.org\/#\/schema\/logo\/image\/","url":"https:\/\/centcols.org\/wp-content\/uploads\/2025\/01\/carte-icone.png","contentUrl":"https:\/\/centcols.org\/wp-content\/uploads\/2025\/01\/carte-icone.png","width":250,"height":250,"caption":"Club des Cent Cols"},"image":{"@id":"https:\/\/centcols.org\/#\/schema\/logo\/image\/"},"sameAs":["https:\/\/www.facebook.com\/groups\/5261880558\/?locale=fr_FR"]},{"@type":"Person","@id":"https:\/\/centcols.org\/#\/schema\/person\/911b404fb133d8c913dd27cdcf71c8e5","name":"Webmaster","image":{"@type":"ImageObject","inLanguage":"de","@id":"https:\/\/centcols.org\/wp-content\/litespeed\/avatar\/2d246e4b6b4f773e08515e1ffc53690b.jpg?ver=1777222892","url":"https:\/\/centcols.org\/wp-content\/litespeed\/avatar\/2d246e4b6b4f773e08515e1ffc53690b.jpg?ver=1777222892","contentUrl":"https:\/\/centcols.org\/wp-content\/litespeed\/avatar\/2d246e4b6b4f773e08515e1ffc53690b.jpg?ver=1777222892","caption":"Webmestre"},"url":"https:\/\/centcols.org\/de\/author\/webmestre\/"}]}},"_links":{"self":[{"href":"https:\/\/centcols.org\/de\/wp-json\/wp\/v2\/posts\/81529","targetHints":{"allow":["GET"]}}],"collection":[{"href":"https:\/\/centcols.org\/de\/wp-json\/wp\/v2\/posts"}],"about":[{"href":"https:\/\/centcols.org\/de\/wp-json\/wp\/v2\/types\/post"}],"author":[{"embeddable":true,"href":"https:\/\/centcols.org\/de\/wp-json\/wp\/v2\/users\/3"}],"replies":[{"embeddable":true,"href":"https:\/\/centcols.org\/de\/wp-json\/wp\/v2\/comments?post=81529"}],"version-history":[{"count":0,"href":"https:\/\/centcols.org\/de\/wp-json\/wp\/v2\/posts\/81529\/revisions"}],"wp:featuredmedia":[{"embeddable":true,"href":"https:\/\/centcols.org\/de\/wp-json\/wp\/v2\/media\/81530"}],"wp:attachment":[{"href":"https:\/\/centcols.org\/de\/wp-json\/wp\/v2\/media?parent=81529"}],"wp:term":[{"taxonomy":"category","embeddable":true,"href":"https:\/\/centcols.org\/de\/wp-json\/wp\/v2\/categories?post=81529"},{"taxonomy":"post_tag","embeddable":true,"href":"https:\/\/centcols.org\/de\/wp-json\/wp\/v2\/tags?post=81529"}],"curies":[{"name":"wp","href":"https:\/\/api.w.org\/{rel}","templated":true}]}}