{"id":81561,"date":"2013-01-23T10:12:09","date_gmt":"2013-01-23T08:12:09","guid":{"rendered":"https:\/\/centcols.org\/sejour-de-printemps-a-belgodere-lozari-haute-corse-du-21-au-27-avril-2013\/"},"modified":"2025-09-02T08:52:44","modified_gmt":"2025-09-02T06:52:44","slug":"aufenthalt-2013-lozari","status":"publish","type":"post","link":"https:\/\/centcols.org\/de\/sejour-2013-lozari\/","title":{"rendered":"Fr\u00fchlingsaufenthalt in Belgod\u00e8re \/ Lozari (Haute-Corse) vom 21. bis 27. April 2013"},"content":{"rendered":"<h2 class=\"wp-block-heading\">Erkl\u00e4rungen<\/h2>\n\n\n\n<p>Nach Porticcio und dem S\u00fcdufer des Golfs von Ajaccio im Jahr 2010 sind es nun Lozari und die Balagne, die den Club des cent Cols zu seinem Fr\u00fchjahrstreffen vom 21. bis 27. April 2013 begr\u00fc\u00dfen.<br>Die Balagne ist eine gro\u00dfe Muschel, die sich im Nordwesten zum Mittelmeer hin \u00f6ffnet und von einer Reihe von Gipfeln dominiert wird, von denen einige \u00fcber 2000 m hoch und im April oft schneebedeckt sind. Das Relief wird von einem Netz von Nebenrinnsalen gepr\u00e4gt, auf denen sich zahlreiche sch\u00f6ne und alte D\u00f6rfer erheben, die von einer uralten menschlichen Pr\u00e4senz zeugen.<br>Calvi (5400 Einwohner im Winter) und L'\u00cele-Rousse (2800 Einwohner) sind die beiden Gemeinden, die die Wirtschaft der Region ankurbeln, die haupts\u00e4chlich auf dem Tourismus basiert. Jede von ihnen verf\u00fcgt \u00fcber einen Hafen, der mit den H\u00e4fen von Nizza, Toulon, Marseille, Savona oder Genua in Italien verbunden ist.<br>Die Landwirtschaft ist das andere Gegenst\u00fcck zur Wirtschaft, dank der Schaf-, Schweine- und Rinderzucht und vor allem dank des Weinbaus, der hier einige Weing\u00fcter von gro\u00dfem Ruf besitzt.<br>Man kann die Balagne nur auf seltenen \u00dcberg\u00e4ngen verlassen, immer \u00fcber P\u00e4sse, das wesentliche Objekt unserer Begierde, au\u00dfer im \u00e4u\u00dfersten Norden der Balagne, 8 km von L'\u00cele-Rousse entfernt auf der N197, wo sich der Weiler Lozari in der Gemeinde Belgod\u00e8re zwischen Meer und Bergen eingenistet hat, der Ort unserer Unterkunft.<br>Um die Region in Bildern zu entdecken, sehen Sie sich diese Diashow von Nadine Giraudeau an (5633)<\/p>\n\n\n\n<h2 class=\"wp-block-heading\">Unterkunft und Anmeldung<\/h2>\n\n\n\n<p>Wir werden im Belambra-Club (ex VVF) \u00abGolfe de Lozari\u00bb empfangen. Das Feriendorf besteht aus einer Reihe kleiner, maximal einst\u00f6ckiger Geb\u00e4ude, die in einem Pinienwald verstreut liegen und durch einen goldenen Sandstrand vom Meer getrennt sind. Ein Traum!<\/p>\n\n\n\n<p>Weitere Informationen finden Sie auf der Website des Clubs : <a href=\"http:\/\/www.belambra.fr\/Corse-Belgodere__Location_-Golfe_de_Lozari\/Ete\" target=\"_blank\" rel=\"noopener\">http:\/\/www.belambra.fr\/Corse-Belgodere__Location_-Golfe_de_Lozari\/Ete<\/a><\/p>\n\n\n\n<p>Der Aufenthalt beginnt am Sonntag, den 21. April, und endet am Samstag, den 27. April. Das Mittagessen am Sonntag ist inbegriffen und wird in Form eines Lunchpakets ausgegeben, da ab diesem Tag eine Radtour und eine Mountainbike-Tour geplant sind. Dasselbe gilt f\u00fcr Samstag, den 27. April, dem Ende des Aufenthalts, an dem ein Lunchpaket f\u00fcr das Mittagessen und auch f\u00fcr das Abendessen f\u00fcr diejenigen, die ein Schiff f\u00fcr ihre R\u00fcckkehr auf den Kontinent erreichen m\u00fcssen, serviert wird.<\/p>\n\n\n\n<hr class=\"wp-block-separator has-alpha-channel-opacity\"\/>\n\n\n\n<h2 class=\"wp-block-heading\">Seetransport<\/h2>\n\n\n\n<p><strong>Jeder muss sich um seinen Seetransport k\u00fcmmern<\/strong> die von verschiedenen H\u00e4fen in Frankreich (Marseille, Toulon, Nizza) oder Italien (Savona, Genova, etc.) aus erfolgen kann. Die H\u00e4fen f\u00fcr die Einreise nach Korsika sind in der Reihenfolge ihrer Bedeutung: Bastia 62 km, Calvi 32 km und L'\u00cele-Rousse 8 km vom Club entfernt. Die Rotationen der Boote werden gegen Ende des Jahres geplant. Je fr\u00fcher das Ticket gebucht wird, desto g\u00fcnstiger ist es!<\/p>\n\n\n\n<p>Die Gesellschaften, die diese H\u00e4fen von Frankreich aus anlaufen, sind die folgenden:<\/p>\n\n\n\n<ul class=\"wp-block-list\">\n<li>La M\u00e9ridionale : <a href=\"http:\/\/www.lameridionale.fr\/\" target=\"_blank\" rel=\"noreferrer noopener\">www.lameridionale.fr\/<\/a><\/li>\n\n\n\n<li>SNCM : <a href=\"http:\/\/www.sncm.fr\/\" target=\"_blank\" rel=\"noreferrer noopener\">www.sncm.fr\/<\/a><\/li>\n\n\n\n<li>Corsica Ferries : <a href=\"http:\/\/www.corsica-ferries.fr\/\" target=\"_blank\" rel=\"noreferrer noopener\">www.corsica-ferries.fr\/<\/a><\/li>\n<\/ul>\n\n\n\n<h2 class=\"wp-block-heading\">Details zum Programm<\/h2>\n\n\n\n<p>Die Liste aller <a href=\"\/de\/membres\/cctours\/tours.php\/?lieu=Lozari&amp;an=2013\">Schaltungen<\/a> ist verf\u00fcgbar, ebenso wie separate Listen f\u00fcr die <a href=\"\/de\/membres\/cctours\/tours.php\/?lieu=Lozari&amp;an=2013&amp;genre=R\">Stra\u00dfenrouten<\/a> und die <a href=\"\/de\/membres\/cctours\/tours.php\/?lieu=Lozari&amp;an=2013&amp;genre=V\">Mountainbike-Routen<\/a>. Ausgehend von diesen Listen sind auch interaktive Karten, Wegbeschreibungen und H\u00f6henprofile f\u00fcr jede Strecke verf\u00fcgbar. F\u00fcr diejenigen, die ein GPS oder eine Kartensoftware auf ihrem Computer verwenden, k\u00f6nnen die Geolokalisierungsdateien heruntergeladen werden. Je nach Wetterlage kann es bis zum letzten Moment zu Termin\u00e4nderungen kommen.<\/p>\n\n\n\n<h2 class=\"wp-block-heading\">Allgemeine Bemerkungen<\/h2>\n\n\n\n<h3 class=\"wp-block-heading\">Einige allgemeine Aussagen zum Autofahren oder Radfahren auf Stra\u00dfen :<\/h3>\n\n\n\n<ul class=\"wp-block-list\">\n<li>Fast alle Rundfahrten oder Strecken erfordern einen sp\u00e4teren Start. Die am h\u00e4ufigsten genutzten Stra\u00dfen sind die N197 zwischen Lozari und L'\u00cele-Rousse und die N1197 zwischen Lozari und Ponte- Leccia. Dies sind moderne Stra\u00dfen, die erst vor kurzem gebaut wurden und daher schnell befahrbar sind. Die Fahrzeit mit dem Auto ist daher geringer. Was f\u00fcr die Fahrt zu den Ausgangspunkten von Vorteil ist, wird bei der Fahrt mit dem Fahrrad zur Gefahr. Der Verkehr ist jedoch nicht sehr dicht.<\/li>\n\n\n\n<li>Anders ist es auf der Achse Corte Ponte Leccia oder Ponte Leccia Bastia, der N193, der Hauptstra\u00dfe der Insel mit dichtem, schnellem Verkehr und mit Schwerlastverkehr. Seien Sie auf diesen Stra\u00dfenabschnitten vorsichtig und wachsam.<\/li>\n\n\n\n<li>Die anderen Stra\u00dfen sind wenig bis sehr wenig befahren. Die Reisezeiten mit dem Auto sind l\u00e4nger, aber mit dem Fahrrad ist es viel ruhiger.<br>Die meisten Maultierp\u00e4sse sind mit dem Fahrrad befahrbar, und die Vegetation ist weniger aggressiv als im S\u00fcden Korsikas. Dennoch sind einige Ann\u00e4herungen zu Fu\u00df zu bew\u00e4ltigen, wobei man je nach den F\u00e4higkeiten des Einzelnen schieben oder tragen muss.<\/li>\n\n\n\n<li>Es werden Ihnen insgesamt 7 Stra\u00dfenrundfahrten und 8 Mountainbike-Strecken angeboten. Jede Strecke (mit einer einzigen Ausnahme) bzw. jeder Parcours ist auf einem einzigen Streckenverlauf aufgebaut. Es wird jedoch vorgeschlagen, \u2019mehr zu tun\u00ab, indem Sie einige nahegelegene P\u00e4sse aufsuchen, oder \u00bbweniger zu tun\u2019, indem Sie einige Hin- und R\u00fcckfahrten vermeiden. In den meisten D\u00f6rfern, die Sie durchqueren, finden Sie Wasser, vorausgesetzt, Sie erkundigen sich nach dem Standort des Brunnens. Achtung: In manchen Gegenden gibt es keine Siedlungen und somit auch keine Wasserstellen.<\/li>\n<\/ul>\n\n\n\n<h2 class=\"wp-block-heading\">Fotoalben<\/h2>\n\n\n\n<figure class=\"wp-block-gallery has-nested-images columns-4 is-cropped wp-block-gallery-1 is-layout-flex wp-block-gallery-is-layout-flex\">\n<figure class=\"wp-block-image size-full\"><a href=\"https:\/\/centcols.org\/de\/util\/visuAlbum.php\/?album=5650-013\" target=\"_blank\" rel=\"noreferrer noopener\"><img loading=\"lazy\" decoding=\"async\" width=\"1200\" height=\"900\" data-id=\"88839\" src=\"https:\/\/centcols.org\/wp-content\/uploads\/2013\/01\/L04715.jpg\" alt=\"\" class=\"wp-image-88839\" srcset=\"https:\/\/centcols.org\/wp-content\/uploads\/2013\/01\/L04715.jpg 1200w, https:\/\/centcols.org\/wp-content\/uploads\/2013\/01\/L04715-768x576.jpg 768w\" sizes=\"auto, (max-width: 1200px) 100vw, 1200px\" \/><\/a><figcaption class=\"wp-element-caption\">Album von Alf\u00e9o Lotto<\/figcaption><\/figure>\n\n\n\n<figure class=\"wp-block-image size-full\"><a href=\"https:\/\/centcols.org\/de\/util\/visuAlbum.php\/?album=3225-009\" target=\"_blank\" rel=\"noreferrer noopener\"><img loading=\"lazy\" decoding=\"async\" width=\"1024\" height=\"768\" data-id=\"88840\" src=\"https:\/\/centcols.org\/wp-content\/uploads\/2013\/01\/L02128.jpg\" alt=\"\" class=\"wp-image-88840\" srcset=\"https:\/\/centcols.org\/wp-content\/uploads\/2013\/01\/L02128.jpg 1024w, https:\/\/centcols.org\/wp-content\/uploads\/2013\/01\/L02128-768x576.jpg 768w\" sizes=\"auto, (max-width: 1024px) 100vw, 1024px\" \/><\/a><figcaption class=\"wp-element-caption\">Album von R\u00e9gis Paraz<\/figcaption><\/figure>\n\n\n\n<figure class=\"wp-block-image size-full\"><a href=\"https:\/\/centcols.org\/de\/util\/visuAlbum.php\/?album=6785-002\" target=\"_blank\" rel=\"noreferrer noopener\"><img loading=\"lazy\" decoding=\"async\" width=\"1200\" height=\"900\" data-id=\"88842\" src=\"https:\/\/centcols.org\/wp-content\/uploads\/2013\/01\/L04217.jpg\" alt=\"\" class=\"wp-image-88842\" srcset=\"https:\/\/centcols.org\/wp-content\/uploads\/2013\/01\/L04217.jpg 1200w, https:\/\/centcols.org\/wp-content\/uploads\/2013\/01\/L04217-768x576.jpg 768w\" sizes=\"auto, (max-width: 1200px) 100vw, 1200px\" \/><\/a><figcaption class=\"wp-element-caption\">Album von Max Tissot<\/figcaption><\/figure>\n\n\n\n<figure class=\"wp-block-image size-full\"><a href=\"https:\/\/centcols.org\/de\/util\/visuAlbum.php\/?album=5065-003\" target=\"_blank\" rel=\"noreferrer noopener\"><img loading=\"lazy\" decoding=\"async\" width=\"1094\" height=\"821\" data-id=\"88843\" src=\"https:\/\/centcols.org\/wp-content\/uploads\/2013\/01\/L02329.jpg\" alt=\"\" class=\"wp-image-88843\" srcset=\"https:\/\/centcols.org\/wp-content\/uploads\/2013\/01\/L02329.jpg 1094w, https:\/\/centcols.org\/wp-content\/uploads\/2013\/01\/L02329-768x576.jpg 768w\" sizes=\"auto, (max-width: 1094px) 100vw, 1094px\" \/><\/a><figcaption class=\"wp-element-caption\">Album von Enrico Alberini<\/figcaption><\/figure>\n\n\n\n<figure class=\"wp-block-image size-full\"><a href=\"https:\/\/centcols.org\/de\/util\/visuAlbum.php\/?album=5193-006\" target=\"_blank\" rel=\"noreferrer noopener\"><img loading=\"lazy\" decoding=\"async\" width=\"1200\" height=\"676\" data-id=\"88845\" src=\"https:\/\/centcols.org\/wp-content\/uploads\/2013\/01\/L02628.jpg\" alt=\"\" class=\"wp-image-88845\" srcset=\"https:\/\/centcols.org\/wp-content\/uploads\/2013\/01\/L02628.jpg 1200w, https:\/\/centcols.org\/wp-content\/uploads\/2013\/01\/L02628-768x433.jpg 768w\" sizes=\"auto, (max-width: 1200px) 100vw, 1200px\" \/><\/a><figcaption class=\"wp-element-caption\">Album von Guy Harl\u00e9<\/figcaption><\/figure>\n\n\n\n<figure class=\"wp-block-image size-full\"><a href=\"https:\/\/centcols.org\/de\/util\/visuAlbum.php\/?album=3237-003\" target=\"_blank\" rel=\"noreferrer noopener\"><img loading=\"lazy\" decoding=\"async\" width=\"1200\" height=\"900\" data-id=\"88846\" src=\"https:\/\/centcols.org\/wp-content\/uploads\/2013\/01\/L01231.jpg\" alt=\"\" class=\"wp-image-88846\" srcset=\"https:\/\/centcols.org\/wp-content\/uploads\/2013\/01\/L01231.jpg 1200w, https:\/\/centcols.org\/wp-content\/uploads\/2013\/01\/L01231-768x576.jpg 768w\" sizes=\"auto, (max-width: 1200px) 100vw, 1200px\" \/><\/a><figcaption class=\"wp-element-caption\">Album von Jean-Claude Prast<\/figcaption><\/figure>\n\n\n\n<figure class=\"wp-block-image size-full\"><a href=\"https:\/\/centcols.org\/de\/util\/visuAlbum.php\/?album=5600-003\" target=\"_blank\" rel=\"noreferrer noopener\"><img loading=\"lazy\" decoding=\"async\" width=\"1200\" height=\"900\" data-id=\"88847\" src=\"https:\/\/centcols.org\/wp-content\/uploads\/2013\/01\/L03323.jpg\" alt=\"\" class=\"wp-image-88847\" srcset=\"https:\/\/centcols.org\/wp-content\/uploads\/2013\/01\/L03323.jpg 1200w, https:\/\/centcols.org\/wp-content\/uploads\/2013\/01\/L03323-768x576.jpg 768w\" sizes=\"auto, (max-width: 1200px) 100vw, 1200px\" \/><\/a><figcaption class=\"wp-element-caption\">Album von Hubert Court<\/figcaption><\/figure>\n\n\n\n<figure class=\"wp-block-image size-full\"><a href=\"https:\/\/centcols.org\/de\/util\/visuAlbum.php\/?album=2880-007\" target=\"_blank\" rel=\"noreferrer noopener\"><img loading=\"lazy\" decoding=\"async\" width=\"1200\" height=\"675\" data-id=\"88848\" src=\"https:\/\/centcols.org\/wp-content\/uploads\/2013\/01\/L0599.jpg\" alt=\"\" class=\"wp-image-88848\" srcset=\"https:\/\/centcols.org\/wp-content\/uploads\/2013\/01\/L0599.jpg 1200w, https:\/\/centcols.org\/wp-content\/uploads\/2013\/01\/L0599-768x432.jpg 768w\" sizes=\"auto, (max-width: 1200px) 100vw, 1200px\" \/><\/a><figcaption class=\"wp-element-caption\">Album von Guy Garcin<\/figcaption><\/figure>\n\n\n\n<figure class=\"wp-block-image size-full\"><a href=\"https:\/\/centcols.org\/de\/util\/visuAlbum.php\/?album=3693-005\" target=\"_blank\" rel=\"noreferrer noopener\"><img loading=\"lazy\" decoding=\"async\" width=\"1200\" height=\"900\" data-id=\"88850\" src=\"https:\/\/centcols.org\/wp-content\/uploads\/2013\/01\/L00234.jpg\" alt=\"\" class=\"wp-image-88850\" srcset=\"https:\/\/centcols.org\/wp-content\/uploads\/2013\/01\/L00234.jpg 1200w, https:\/\/centcols.org\/wp-content\/uploads\/2013\/01\/L00234-768x576.jpg 768w\" sizes=\"auto, (max-width: 1200px) 100vw, 1200px\" \/><\/a><figcaption class=\"wp-element-caption\">Album von Alain Brault<\/figcaption><\/figure>\n\n\n\n<figure class=\"wp-block-image size-full\"><a href=\"https:\/\/centcols.org\/de\/util\/visuAlbum.php\/?album=6796-004\" target=\"_blank\" rel=\"noreferrer noopener\"><img loading=\"lazy\" decoding=\"async\" width=\"1200\" height=\"896\" data-id=\"88851\" src=\"https:\/\/centcols.org\/wp-content\/uploads\/2013\/01\/L04121.jpg\" alt=\"\" class=\"wp-image-88851\" srcset=\"https:\/\/centcols.org\/wp-content\/uploads\/2013\/01\/L04121.jpg 1200w, https:\/\/centcols.org\/wp-content\/uploads\/2013\/01\/L04121-768x573.jpg 768w\" sizes=\"auto, (max-width: 1200px) 100vw, 1200px\" \/><\/a><figcaption class=\"wp-element-caption\">Album von Michel Andurand<\/figcaption><\/figure>\n\n\n\n<figure class=\"wp-block-image size-full\"><a href=\"https:\/\/centcols.org\/de\/util\/visuAlbum.php\/?album=5925-006\" target=\"_blank\" rel=\"noreferrer noopener\"><img loading=\"lazy\" decoding=\"async\" width=\"1200\" height=\"797\" data-id=\"88852\" src=\"https:\/\/centcols.org\/wp-content\/uploads\/2013\/01\/L00534.jpg\" alt=\"\" class=\"wp-image-88852\" srcset=\"https:\/\/centcols.org\/wp-content\/uploads\/2013\/01\/L00534.jpg 1200w, https:\/\/centcols.org\/wp-content\/uploads\/2013\/01\/L00534-768x510.jpg 768w\" sizes=\"auto, (max-width: 1200px) 100vw, 1200px\" \/><\/a><figcaption class=\"wp-element-caption\">Album von Thierry Labour<\/figcaption><\/figure>\n\n\n\n<figure class=\"wp-block-image size-full\"><a href=\"https:\/\/centcols.org\/de\/util\/visuAlbum.php\/?album=6643-010\" target=\"_blank\" rel=\"noreferrer noopener\"><img loading=\"lazy\" decoding=\"async\" width=\"1920\" height=\"1440\" data-id=\"88853\" src=\"https:\/\/centcols.org\/wp-content\/uploads\/2013\/01\/L00335.jpg\" alt=\"\" class=\"wp-image-88853\" srcset=\"https:\/\/centcols.org\/wp-content\/uploads\/2013\/01\/L00335.jpg 1920w, https:\/\/centcols.org\/wp-content\/uploads\/2013\/01\/L00335-1200x900.jpg 1200w, https:\/\/centcols.org\/wp-content\/uploads\/2013\/01\/L00335-768x576.jpg 768w, https:\/\/centcols.org\/wp-content\/uploads\/2013\/01\/L00335-1536x1152.jpg 1536w\" sizes=\"auto, (max-width: 1920px) 100vw, 1920px\" \/><\/a><figcaption class=\"wp-element-caption\">Album von Nathalie Mauret<\/figcaption><\/figure>\n<\/figure>","protected":false},"excerpt":{"rendered":"<p>Pr\u00e9sentation Apr\u00e8s Porticcio et la Rive Sud du Golfe d&rsquo;Ajaccio en 2010, c&rsquo;est Lozari et la Balagne qui accueillent le Club des cent Cols pour son rendez-vous de printemps du 21 au 27 avril 2013.La Balagne est une vaste conque, ouverte au nord-ouest sur la M\u00e9diterran\u00e9e et domin\u00e9e par un ensemble de sommets dont quelques [&hellip;]<\/p>\n","protected":false},"author":3,"featured_media":83264,"comment_status":"closed","ping_status":"closed","sticky":false,"template":"","format":"standard","meta":{"_acf_changed":false,"footnotes":""},"categories":[349,368,366,399,135,231],"tags":[],"class_list":["post-81561","post","type-post","status-publish","format-standard","has-post-thumbnail","hentry","category-france-pays-sejours","category-corse-region-sejours","category-20-corse","category-corse-massif-sejours","category-calendrier","category-sejours"],"acf":[],"yoast_head":"<!-- This site is optimized with the Yoast SEO plugin v27.2 - https:\/\/yoast.com\/product\/yoast-seo-wordpress\/ -->\n<title>S\u00e9jour de printemps \u00e0 Belgod\u00e8re \/ Lozari (Haute-Corse) du 21 au 27 avril 2013 - Club des Cent Cols<\/title>\n<meta name=\"robots\" content=\"index, follow, max-snippet:-1, max-image-preview:large, max-video-preview:-1\" \/>\n<link rel=\"canonical\" href=\"https:\/\/centcols.org\/de\/aufenthalt-2013-lozari\/\" \/>\n<meta property=\"og:locale\" content=\"de_DE\" \/>\n<meta property=\"og:type\" content=\"article\" \/>\n<meta property=\"og:title\" content=\"S\u00e9jour de printemps \u00e0 Belgod\u00e8re \/ Lozari (Haute-Corse) du 21 au 27 avril 2013 - Club des Cent Cols\" \/>\n<meta property=\"og:description\" content=\"Pr\u00e9sentation Apr\u00e8s Porticcio et la Rive Sud du Golfe d&rsquo;Ajaccio en 2010, c&rsquo;est Lozari et la Balagne qui accueillent le Club des cent Cols pour son rendez-vous de printemps du 21 au 27 avril 2013.La Balagne est une vaste conque, ouverte au nord-ouest sur la M\u00e9diterran\u00e9e et domin\u00e9e par un ensemble de sommets dont quelques [&hellip;]\" \/>\n<meta property=\"og:url\" content=\"https:\/\/centcols.org\/de\/aufenthalt-2013-lozari\/\" \/>\n<meta property=\"og:site_name\" content=\"Club des Cent Cols\" \/>\n<meta property=\"article:publisher\" content=\"https:\/\/www.facebook.com\/groups\/5261880558\/?locale=fr_FR\" \/>\n<meta property=\"article:published_time\" content=\"2013-01-23T08:12:09+00:00\" \/>\n<meta property=\"article:modified_time\" content=\"2025-09-02T06:52:44+00:00\" \/>\n<meta property=\"og:image\" content=\"https:\/\/centcols.org\/wp-content\/uploads\/2015\/04\/lozari01.jpg\" \/>\n\t<meta property=\"og:image:width\" content=\"1600\" \/>\n\t<meta property=\"og:image:height\" content=\"1200\" \/>\n\t<meta property=\"og:image:type\" content=\"image\/jpeg\" \/>\n<meta name=\"author\" content=\"Webmestre\" \/>\n<meta name=\"twitter:card\" content=\"summary_large_image\" \/>\n<meta name=\"twitter:label1\" content=\"Verfasst von\" \/>\n\t<meta name=\"twitter:data1\" content=\"Webmestre\" \/>\n\t<meta name=\"twitter:label2\" content=\"Gesch\u00e4tzte Lesezeit\" \/>\n\t<meta name=\"twitter:data2\" content=\"8\u00a0Minuten\" \/>\n<script type=\"application\/ld+json\" class=\"yoast-schema-graph\">{\"@context\":\"https:\/\/schema.org\",\"@graph\":[{\"@type\":\"Article\",\"@id\":\"https:\/\/centcols.org\/sejour-2013-lozari\/#article\",\"isPartOf\":{\"@id\":\"https:\/\/centcols.org\/sejour-2013-lozari\/\"},\"author\":{\"name\":\"Webmestre\",\"@id\":\"https:\/\/centcols.org\/#\/schema\/person\/911b404fb133d8c913dd27cdcf71c8e5\"},\"headline\":\"S\u00e9jour de printemps \u00e0 Belgod\u00e8re \/ Lozari (Haute-Corse) du 21 au 27 avril 2013\",\"datePublished\":\"2013-01-23T08:12:09+00:00\",\"dateModified\":\"2025-09-02T06:52:44+00:00\",\"mainEntityOfPage\":{\"@id\":\"https:\/\/centcols.org\/sejour-2013-lozari\/\"},\"wordCount\":989,\"publisher\":{\"@id\":\"https:\/\/centcols.org\/#organization\"},\"image\":{\"@id\":\"https:\/\/centcols.org\/sejour-2013-lozari\/#primaryimage\"},\"thumbnailUrl\":\"https:\/\/centcols.org\/wp-content\/uploads\/2015\/04\/lozari01.jpg\",\"articleSection\":[\"France\",\"Corse\",\"20-Corse\",\"Corse\",\"Calendrier\",\"S\u00e9jours du Club des Cent Cols\"],\"inLanguage\":\"de\"},{\"@type\":\"WebPage\",\"@id\":\"https:\/\/centcols.org\/sejour-2013-lozari\/\",\"url\":\"https:\/\/centcols.org\/sejour-2013-lozari\/\",\"name\":\"S\u00e9jour de printemps \u00e0 Belgod\u00e8re \/ Lozari (Haute-Corse) du 21 au 27 avril 2013 - Club des Cent Cols\",\"isPartOf\":{\"@id\":\"https:\/\/centcols.org\/#website\"},\"primaryImageOfPage\":{\"@id\":\"https:\/\/centcols.org\/sejour-2013-lozari\/#primaryimage\"},\"image\":{\"@id\":\"https:\/\/centcols.org\/sejour-2013-lozari\/#primaryimage\"},\"thumbnailUrl\":\"https:\/\/centcols.org\/wp-content\/uploads\/2015\/04\/lozari01.jpg\",\"datePublished\":\"2013-01-23T08:12:09+00:00\",\"dateModified\":\"2025-09-02T06:52:44+00:00\",\"breadcrumb\":{\"@id\":\"https:\/\/centcols.org\/sejour-2013-lozari\/#breadcrumb\"},\"inLanguage\":\"de\",\"potentialAction\":[{\"@type\":\"ReadAction\",\"target\":[\"https:\/\/centcols.org\/sejour-2013-lozari\/\"]}]},{\"@type\":\"ImageObject\",\"inLanguage\":\"de\",\"@id\":\"https:\/\/centcols.org\/sejour-2013-lozari\/#primaryimage\",\"url\":\"https:\/\/centcols.org\/wp-content\/uploads\/2015\/04\/lozari01.jpg\",\"contentUrl\":\"https:\/\/centcols.org\/wp-content\/uploads\/2015\/04\/lozari01.jpg\",\"width\":1600,\"height\":1200},{\"@type\":\"BreadcrumbList\",\"@id\":\"https:\/\/centcols.org\/sejour-2013-lozari\/#breadcrumb\",\"itemListElement\":[{\"@type\":\"ListItem\",\"position\":1,\"name\":\"Accueil\",\"item\":\"https:\/\/centcols.org\/\"},{\"@type\":\"ListItem\",\"position\":2,\"name\":\"S\u00e9jours du Club des Cent Cols\",\"item\":\"https:\/\/centcols.org\/rubrique\/sejours\/\"},{\"@type\":\"ListItem\",\"position\":3,\"name\":\"Pays\",\"item\":\"https:\/\/centcols.org\/rubrique\/sejours\/pays-sejours\/\"},{\"@type\":\"ListItem\",\"position\":4,\"name\":\"France\",\"item\":\"https:\/\/centcols.org\/rubrique\/sejours\/pays-sejours\/france-pays-sejours\/\"},{\"@type\":\"ListItem\",\"position\":5,\"name\":\"S\u00e9jour de printemps \u00e0 Belgod\u00e8re \/ Lozari (Haute-Corse) du 21 au 27 avril 2013\"}]},{\"@type\":\"WebSite\",\"@id\":\"https:\/\/centcols.org\/#website\",\"url\":\"https:\/\/centcols.org\/\",\"name\":\"Club des Cent Cols\",\"description\":\"\",\"publisher\":{\"@id\":\"https:\/\/centcols.org\/#organization\"},\"potentialAction\":[{\"@type\":\"SearchAction\",\"target\":{\"@type\":\"EntryPoint\",\"urlTemplate\":\"https:\/\/centcols.org\/?s={search_term_string}\"},\"query-input\":{\"@type\":\"PropertyValueSpecification\",\"valueRequired\":true,\"valueName\":\"search_term_string\"}}],\"inLanguage\":\"de\"},{\"@type\":\"Organization\",\"@id\":\"https:\/\/centcols.org\/#organization\",\"name\":\"Club des Cent Cols\",\"url\":\"https:\/\/centcols.org\/\",\"logo\":{\"@type\":\"ImageObject\",\"inLanguage\":\"de\",\"@id\":\"https:\/\/centcols.org\/#\/schema\/logo\/image\/\",\"url\":\"https:\/\/centcols.org\/wp-content\/uploads\/2025\/01\/carte-icone.png\",\"contentUrl\":\"https:\/\/centcols.org\/wp-content\/uploads\/2025\/01\/carte-icone.png\",\"width\":250,\"height\":250,\"caption\":\"Club des Cent Cols\"},\"image\":{\"@id\":\"https:\/\/centcols.org\/#\/schema\/logo\/image\/\"},\"sameAs\":[\"https:\/\/www.facebook.com\/groups\/5261880558\/?locale=fr_FR\"]},{\"@type\":\"Person\",\"@id\":\"https:\/\/centcols.org\/#\/schema\/person\/911b404fb133d8c913dd27cdcf71c8e5\",\"name\":\"Webmestre\",\"image\":{\"@type\":\"ImageObject\",\"inLanguage\":\"de\",\"@id\":\"https:\/\/centcols.org\/wp-content\/litespeed\/avatar\/2d246e4b6b4f773e08515e1ffc53690b.jpg?ver=1777222892\",\"url\":\"https:\/\/centcols.org\/wp-content\/litespeed\/avatar\/2d246e4b6b4f773e08515e1ffc53690b.jpg?ver=1777222892\",\"contentUrl\":\"https:\/\/centcols.org\/wp-content\/litespeed\/avatar\/2d246e4b6b4f773e08515e1ffc53690b.jpg?ver=1777222892\",\"caption\":\"Webmestre\"},\"url\":\"https:\/\/centcols.org\/de\/author\/webmestre\/\"}]}<\/script>\n<!-- \/ Yoast SEO plugin. -->","yoast_head_json":{"title":"Fr\u00fchlingsaufenthalt in Belgod\u00e8re \/ Lozari (Haute-Corse) vom 21. bis 27. April 2013 - Club des Cent Cols","robots":{"index":"index","follow":"follow","max-snippet":"max-snippet:-1","max-image-preview":"max-image-preview:large","max-video-preview":"max-video-preview:-1"},"canonical":"https:\/\/centcols.org\/de\/aufenthalt-2013-lozari\/","og_locale":"de_DE","og_type":"article","og_title":"S\u00e9jour de printemps \u00e0 Belgod\u00e8re \/ Lozari (Haute-Corse) du 21 au 27 avril 2013 - Club des Cent Cols","og_description":"Pr\u00e9sentation Apr\u00e8s Porticcio et la Rive Sud du Golfe d&rsquo;Ajaccio en 2010, c&rsquo;est Lozari et la Balagne qui accueillent le Club des cent Cols pour son rendez-vous de printemps du 21 au 27 avril 2013.La Balagne est une vaste conque, ouverte au nord-ouest sur la M\u00e9diterran\u00e9e et domin\u00e9e par un ensemble de sommets dont quelques [&hellip;]","og_url":"https:\/\/centcols.org\/de\/aufenthalt-2013-lozari\/","og_site_name":"Club des Cent Cols","article_publisher":"https:\/\/www.facebook.com\/groups\/5261880558\/?locale=fr_FR","article_published_time":"2013-01-23T08:12:09+00:00","article_modified_time":"2025-09-02T06:52:44+00:00","og_image":[{"width":1600,"height":1200,"url":"https:\/\/centcols.org\/wp-content\/uploads\/2015\/04\/lozari01.jpg","type":"image\/jpeg"}],"author":"Webmestre","twitter_card":"summary_large_image","twitter_misc":{"Verfasst von":"Webmestre","Gesch\u00e4tzte Lesezeit":"8\u00a0Minuten"},"schema":{"@context":"https:\/\/schema.org","@graph":[{"@type":"Article","@id":"https:\/\/centcols.org\/sejour-2013-lozari\/#article","isPartOf":{"@id":"https:\/\/centcols.org\/sejour-2013-lozari\/"},"author":{"name":"Webmestre","@id":"https:\/\/centcols.org\/#\/schema\/person\/911b404fb133d8c913dd27cdcf71c8e5"},"headline":"S\u00e9jour de printemps \u00e0 Belgod\u00e8re \/ Lozari (Haute-Corse) du 21 au 27 avril 2013","datePublished":"2013-01-23T08:12:09+00:00","dateModified":"2025-09-02T06:52:44+00:00","mainEntityOfPage":{"@id":"https:\/\/centcols.org\/sejour-2013-lozari\/"},"wordCount":989,"publisher":{"@id":"https:\/\/centcols.org\/#organization"},"image":{"@id":"https:\/\/centcols.org\/sejour-2013-lozari\/#primaryimage"},"thumbnailUrl":"https:\/\/centcols.org\/wp-content\/uploads\/2015\/04\/lozari01.jpg","articleSection":["France","Corse","20-Corse","Corse","Calendrier","S\u00e9jours du Club des Cent Cols"],"inLanguage":"de"},{"@type":"WebPage","@id":"https:\/\/centcols.org\/sejour-2013-lozari\/","url":"https:\/\/centcols.org\/sejour-2013-lozari\/","name":"Fr\u00fchlingsaufenthalt in Belgod\u00e8re \/ Lozari (Haute-Corse) vom 21. bis 27. April 2013 - Club des Cent Cols","isPartOf":{"@id":"https:\/\/centcols.org\/#website"},"primaryImageOfPage":{"@id":"https:\/\/centcols.org\/sejour-2013-lozari\/#primaryimage"},"image":{"@id":"https:\/\/centcols.org\/sejour-2013-lozari\/#primaryimage"},"thumbnailUrl":"https:\/\/centcols.org\/wp-content\/uploads\/2015\/04\/lozari01.jpg","datePublished":"2013-01-23T08:12:09+00:00","dateModified":"2025-09-02T06:52:44+00:00","breadcrumb":{"@id":"https:\/\/centcols.org\/sejour-2013-lozari\/#breadcrumb"},"inLanguage":"de","potentialAction":[{"@type":"ReadAction","target":["https:\/\/centcols.org\/sejour-2013-lozari\/"]}]},{"@type":"ImageObject","inLanguage":"de","@id":"https:\/\/centcols.org\/sejour-2013-lozari\/#primaryimage","url":"https:\/\/centcols.org\/wp-content\/uploads\/2015\/04\/lozari01.jpg","contentUrl":"https:\/\/centcols.org\/wp-content\/uploads\/2015\/04\/lozari01.jpg","width":1600,"height":1200},{"@type":"BreadcrumbList","@id":"https:\/\/centcols.org\/sejour-2013-lozari\/#breadcrumb","itemListElement":[{"@type":"ListItem","position":1,"name":"Accueil","item":"https:\/\/centcols.org\/"},{"@type":"ListItem","position":2,"name":"S\u00e9jours du Club des Cent Cols","item":"https:\/\/centcols.org\/rubrique\/sejours\/"},{"@type":"ListItem","position":3,"name":"Pays","item":"https:\/\/centcols.org\/rubrique\/sejours\/pays-sejours\/"},{"@type":"ListItem","position":4,"name":"France","item":"https:\/\/centcols.org\/rubrique\/sejours\/pays-sejours\/france-pays-sejours\/"},{"@type":"ListItem","position":5,"name":"S\u00e9jour de printemps \u00e0 Belgod\u00e8re \/ Lozari (Haute-Corse) du 21 au 27 avril 2013"}]},{"@type":"WebSite","@id":"https:\/\/centcols.org\/#website","url":"https:\/\/centcols.org\/","name":"Club des Cent Cols","description":"","publisher":{"@id":"https:\/\/centcols.org\/#organization"},"potentialAction":[{"@type":"SearchAction","target":{"@type":"EntryPoint","urlTemplate":"https:\/\/centcols.org\/?s={search_term_string}"},"query-input":{"@type":"PropertyValueSpecification","valueRequired":true,"valueName":"search_term_string"}}],"inLanguage":"de"},{"@type":"Organization","@id":"https:\/\/centcols.org\/#organization","name":"Club des Cent Cols","url":"https:\/\/centcols.org\/","logo":{"@type":"ImageObject","inLanguage":"de","@id":"https:\/\/centcols.org\/#\/schema\/logo\/image\/","url":"https:\/\/centcols.org\/wp-content\/uploads\/2025\/01\/carte-icone.png","contentUrl":"https:\/\/centcols.org\/wp-content\/uploads\/2025\/01\/carte-icone.png","width":250,"height":250,"caption":"Club des Cent Cols"},"image":{"@id":"https:\/\/centcols.org\/#\/schema\/logo\/image\/"},"sameAs":["https:\/\/www.facebook.com\/groups\/5261880558\/?locale=fr_FR"]},{"@type":"Person","@id":"https:\/\/centcols.org\/#\/schema\/person\/911b404fb133d8c913dd27cdcf71c8e5","name":"Webmaster","image":{"@type":"ImageObject","inLanguage":"de","@id":"https:\/\/centcols.org\/wp-content\/litespeed\/avatar\/2d246e4b6b4f773e08515e1ffc53690b.jpg?ver=1777222892","url":"https:\/\/centcols.org\/wp-content\/litespeed\/avatar\/2d246e4b6b4f773e08515e1ffc53690b.jpg?ver=1777222892","contentUrl":"https:\/\/centcols.org\/wp-content\/litespeed\/avatar\/2d246e4b6b4f773e08515e1ffc53690b.jpg?ver=1777222892","caption":"Webmestre"},"url":"https:\/\/centcols.org\/de\/author\/webmestre\/"}]}},"_links":{"self":[{"href":"https:\/\/centcols.org\/de\/wp-json\/wp\/v2\/posts\/81561","targetHints":{"allow":["GET"]}}],"collection":[{"href":"https:\/\/centcols.org\/de\/wp-json\/wp\/v2\/posts"}],"about":[{"href":"https:\/\/centcols.org\/de\/wp-json\/wp\/v2\/types\/post"}],"author":[{"embeddable":true,"href":"https:\/\/centcols.org\/de\/wp-json\/wp\/v2\/users\/3"}],"replies":[{"embeddable":true,"href":"https:\/\/centcols.org\/de\/wp-json\/wp\/v2\/comments?post=81561"}],"version-history":[{"count":0,"href":"https:\/\/centcols.org\/de\/wp-json\/wp\/v2\/posts\/81561\/revisions"}],"wp:featuredmedia":[{"embeddable":true,"href":"https:\/\/centcols.org\/de\/wp-json\/wp\/v2\/media\/83264"}],"wp:attachment":[{"href":"https:\/\/centcols.org\/de\/wp-json\/wp\/v2\/media?parent=81561"}],"wp:term":[{"taxonomy":"category","embeddable":true,"href":"https:\/\/centcols.org\/de\/wp-json\/wp\/v2\/categories?post=81561"},{"taxonomy":"post_tag","embeddable":true,"href":"https:\/\/centcols.org\/de\/wp-json\/wp\/v2\/tags?post=81561"}],"curies":[{"name":"wp","href":"https:\/\/api.w.org\/{rel}","templated":true}]}}