{"id":81574,"date":"2013-04-23T10:13:39","date_gmt":"2013-04-23T08:13:39","guid":{"rendered":"https:\/\/centcols.org\/sejour-estival-cerdan-au-village-club-dyravals-a-latour-de-carol-pyrenees-orientales-du-16-au-20-juillet-2013\/"},"modified":"2025-09-02T08:57:01","modified_gmt":"2025-09-02T06:57:01","slug":"aufenthalt-2013-yravals","status":"publish","type":"post","link":"https:\/\/centcols.org\/de\/sejour-2013-yravals\/","title":{"rendered":"Cerdan-Sommeraufenthalt im Yravals-Klubdorf in Latour-de-Carol (Pyr\u00e9n\u00e9es-Orientales) vom 16. bis 20. Juli 2013"},"content":{"rendered":"<h2 class=\"wp-block-heading\"><span class=\"flett\">Lage <\/span><\/h2>\n\n\n\n<p><span class=\"flett\">L<\/span>ie Cerdanya ist eine Hochebene mit einer durchschnittlichen H\u00f6he von 1200 m, die das Becken eines ehemaligen Gletschersees einnimmt.<\/p>\n\n\n\n<p>Die Stadt ist von Gipfeln und Massiven umgeben, die bis zu 3 000 m hoch sind, im Norden die Carlit-Kette (2 921 m) und im S\u00fcden die Cadi-Moixero- und Puigmal-Kette (2 910 m). Im Norden dominieren die Granitfelsen, w\u00e4hrend im S\u00fcden die Schieferklippen vorherrschen: Dieses Material wurde f\u00fcr den Bau der H\u00e4user in den Cerdan-D\u00f6rfern verwendet. Die Region profitiert von einer au\u00dfergew\u00f6hnlichen Helligkeit und Sonneneinstrahlung an etwa 300 Tagen im Jahr.<\/p>\n\n\n\n<p>Die Cerdanya, die fr\u00fcher vollst\u00e4ndig zum K\u00f6nigreich Aragonien geh\u00f6rte, verdankt ihre heutige Aufteilung dem Pyren\u00e4envertrag, der 1659 zwischen Frankreich unter Ludwig XIV. und Spanien unter Philipp IV. geschlossen wurde. Frankreich erhielt einen Teil der Cerdanya (33 D\u00f6rfer, zu denen das zur Stadt erhobene Llivia nicht geh\u00f6rte), das Conflent und das Roussillon. Llivia ist somit eine spanische Enklave auf franz\u00f6sischem Gebiet.<\/p>\n\n\n\n<p>Der spanische Teil, der Basse Cerdagne genannt wird, grenzt im Norden an das F\u00fcrstentum Andorra und die Cerdanya Francaise, im Osten an Ripoll\u00e8s, im S\u00fcden an Bergued\u00e0 und im Westen an Alt Urgell.<\/p>\n\n\n\n<p>Der franz\u00f6sische Teil oder Haute Cerdagne grenzt an die Comarques Ripoll\u00e8s, Cerdanya und an das F\u00fcrstentum Andorra.<\/p>\n\n\n\n<p>Die Cerdanya war schon in der Vorgeschichte besiedelt, und man kann Siedlungsreste aus der Jungsteinzeit sowie zahlreiche Menhire und Dolmen sehen.<\/p>\n\n\n\n<p>J\u00fcnger, aber zahlreich sind die romanischen Kirchen aus dem XI.<sup>sten<\/sup> und XII<sup>sten<\/sup> Jahrhunderten, die Kunstwerke von Fresken (XII.<sup>sten<\/sup> Jahrhundert) bis zum barocken Altarbild (XVIII.<sup>sten<\/sup> Jahrhundert).<\/p>\n\n\n\n<figure class=\"wp-block-gallery has-nested-images columns-3 is-cropped wp-block-gallery-1 is-layout-flex wp-block-gallery-is-layout-flex\">\n<figure class=\"wp-block-image size-full\"><img loading=\"lazy\" decoding=\"async\" width=\"164\" height=\"180\" data-id=\"88806\" src=\"https:\/\/centcols.org\/wp-content\/uploads\/2013\/04\/b_cerdanya-1.png\" alt=\"\" class=\"wp-image-88806\"\/><\/figure>\n\n\n\n<figure class=\"wp-block-image size-full\"><img loading=\"lazy\" decoding=\"async\" width=\"164\" height=\"180\" data-id=\"88807\" src=\"https:\/\/centcols.org\/wp-content\/uploads\/2013\/04\/b_66.png\" alt=\"\" class=\"wp-image-88807\"\/><\/figure>\n\n\n\n<figure class=\"wp-block-image size-full\"><img loading=\"lazy\" decoding=\"async\" width=\"164\" height=\"180\" data-id=\"88808\" src=\"https:\/\/centcols.org\/wp-content\/uploads\/2013\/04\/b_latour.png\" alt=\"\" class=\"wp-image-88808\"\/><\/figure>\n<\/figure>\n\n\n\n<figure class=\"wp-block-gallery has-nested-images columns-2 is-cropped wp-block-gallery-2 is-layout-flex wp-block-gallery-is-layout-flex\">\n<figure class=\"wp-block-image size-full\"><img loading=\"lazy\" decoding=\"async\" width=\"200\" height=\"150\" data-id=\"88809\" src=\"https:\/\/centcols.org\/wp-content\/uploads\/2013\/04\/cadi.jpg\" alt=\"\" class=\"wp-image-88809\"\/><\/figure>\n\n\n\n<figure class=\"wp-block-image size-full\"><img loading=\"lazy\" decoding=\"async\" width=\"200\" height=\"150\" data-id=\"88810\" src=\"https:\/\/centcols.org\/wp-content\/uploads\/2013\/04\/vivers.jpg\" alt=\"\" class=\"wp-image-88810\"\/><\/figure>\n<\/figure>\n\n\n\n<h2 class=\"wp-block-heading\">Unterkunft und Anmeldung<\/h2>\n\n\n\n<p>Die Unterkunft wird im Yravals-Klubdorf sein, das in der Gemeinde Latour-de-Carol auf 1250 m H\u00f6he liegt. Es besteht aus einem zentralen Geb\u00e4ude mit Lounge, Bar, Wifi, Restaurant und Versammlungsraum sowie Pavillons rundherum mit Zimmern.<br>Um sich anzumelden, laden Sie bitte das Anmeldeformular herunter, f\u00fcllen Sie es aus und schicken Sie es zusammen mit Ihrer Zahlung an den Verantwortlichen des Aufenthalts, dessen Adresse Sie auf dem Formular finden, bis zum <strong>15. Juni 2013.<\/strong><\/p>\n\n\n\n<p>Der Club hat einen Gruppentarif und ein Pauschalangebot f\u00fcr den geplanten Zeitraum ausgehandelt und verwaltet keine zus\u00e4tzlichen N\u00e4chte.<\/p>\n\n\n\n<p>F\u00fcr alle Anfragen bez\u00fcglich einer fr\u00fcheren Ankunft oder einer sp\u00e4teren Abreise wenden Sie sich bitte direkt an die Reservierungsabteilung: Barbara unter +33 (0)4 68 30 64 00 oder&nbsp;<a href=\"\/de\/&\/#x6d;&#97;&#105;l&#x74;&#x6f;&#58;c&#x6f;&#x6e;&#116;a&#x63;&#x74;&#64;y&#x72;&#x61;&#118;a&#x6c;&#x73;&#46;c&#x6f;&#x6d;\">contact@yravals.com<\/a> (Geben Sie die Gruppe Cent Cols an, um einen Vorzugspreis zu erhalten).<\/p>\n\n\n\n<p>Weitere Informationen finden Sie auf der Website des Club-Resorts : <a href=\"http:\/\/www.yravals.com\/\" target=\"_blank\" rel=\"noopener\">http:\/\/www.yravals.com\/<\/a><\/p>\n\n\n\n<figure class=\"wp-block-gallery has-nested-images columns-3 is-cropped wp-block-gallery-3 is-layout-flex wp-block-gallery-is-layout-flex\">\n<figure class=\"wp-block-image size-full\"><img loading=\"lazy\" decoding=\"async\" width=\"100\" height=\"100\" data-id=\"88811\" src=\"https:\/\/centcols.org\/wp-content\/uploads\/2013\/04\/club_chambre1-100x100-1.jpg\" alt=\"\" class=\"wp-image-88811\" srcset=\"https:\/\/centcols.org\/wp-content\/uploads\/2013\/04\/club_chambre1-100x100-1.jpg 100w, https:\/\/centcols.org\/wp-content\/uploads\/2013\/04\/club_chambre1-100x100-1-12x12.jpg 12w\" sizes=\"auto, (max-width: 100px) 100vw, 100px\" \/><\/figure>\n\n\n\n<figure class=\"wp-block-image size-full\"><img loading=\"lazy\" decoding=\"async\" width=\"200\" height=\"150\" data-id=\"88812\" src=\"https:\/\/centcols.org\/wp-content\/uploads\/2013\/04\/clubExt.jpg\" alt=\"\" class=\"wp-image-88812\"\/><\/figure>\n\n\n\n<figure class=\"wp-block-image size-full\"><img loading=\"lazy\" decoding=\"async\" width=\"200\" height=\"150\" data-id=\"88813\" src=\"https:\/\/centcols.org\/wp-content\/uploads\/2013\/04\/clubResto.jpg\" alt=\"\" class=\"wp-image-88813\"\/><\/figure>\n<\/figure>\n\n\n\n<h2 class=\"wp-block-heading\">Details zum Programm<\/h2>\n\n\n\n<p>Es gibt gen\u00fcgend Rundreisen f\u00fcr diejenigen, die eine ganze Woche bleiben m\u00f6chten.<br>Jeden Tag werden Ihnen eine Stra\u00dfen- und eine Maultierroute angeboten, die Sie durch wundersch\u00f6ne Landschaften f\u00fchren und, wenn Sie sich die M\u00fche machen wollen, das reiche lokale Erbe entdecken lassen.<\/p>\n\n\n\n<p>Sie k\u00f6nnen entweder die Liste der <a href=\"\/de\/membres\/cctours\/tours.php\/?lieu=Yravals&amp;an=2013\">alle Touren<\/a>, oder separate Listen f\u00fcr die Schaltkreise <a href=\"\/de\/membres\/cctours\/tours.php\/?lieu=Yravals&amp;an=2013&amp;genre=R\">Stra\u00dfenverkehr<\/a> und <a href=\"\/de\/membres\/cctours\/tours.php\/?lieu=Yravals&amp;an=2013&amp;genre=V\">MOUNTAINBIKE<\/a>. Ausgehend von diesen Listen sind auch interaktive Karten, Fahrpl\u00e4ne und H\u00f6henprofile f\u00fcr jede Tour verf\u00fcgbar.<br>F\u00fcr diejenigen, die ein GPS oder eine Kartensoftware auf ihrem Computer verwenden, k\u00f6nnen Geotagging-Dateien heruntergeladen werden.<\/p>\n\n\n\n<p><strong>Achtung :<\/strong> Obwohl es f\u00fcr alle Touren Carto Exploreur-Geolokalisierungsdateien gibt, sind sie nur f\u00fcr Touren ganz in Frankreich n\u00fctzlich, da die Kartografie dieser Software an den Grenzen endet. F\u00fcr Touren in Andorra und Spanien m\u00fcssen Sie eine andere Software verwenden.<br>Je nach Wetterlage kann es bis zum letzten Moment zu Termin\u00e4nderungen kommen.<br>Diese Touren wurden von <strong>Alain Gillodes<\/strong> und geplottet von <strong>R\u00e9gis Paraz<\/strong>. Die Liste der Touren, die statischen und interaktiven Karten, die H\u00f6henprofile und die Geolokalisierungsdateien wurden erstellt von <strong>Patrick Schleppi<\/strong>.<\/p>\n\n\n\n<h2 class=\"wp-block-heading\">Plakette<\/h2>\n\n\n\n<p>Die <a href=\"https:\/\/centcols.org\/wp-content\/uploads\/2025\/09\/Yravals13.pdf\">Plakette<\/a> des Aufenthalts steht im PDF-Format zum Herunterladen zur Verf\u00fcgung. Sie enth\u00e4lt Informationen \u00fcber die Region und das Programm, einschlie\u00dflich der Reisebl\u00e4tter und zahlreicher Fotos.<\/p>\n\n\n\n<h2 class=\"wp-block-heading\">Aktivit\u00e4ten f\u00fcr Begleitpersonen<\/h2>\n\n\n\n<p>F\u00fcr die Begleitpersonen werden zahlreiche Besichtigungen oder Spazierg\u00e4nge angeboten:<\/p>\n\n\n\n<ul class=\"wp-block-list\">\n<li>Die romanischen Kirchen der Cerdanya<\/li>\n\n\n\n<li>Solarofen in Odeillo und Themis-Kraftwerk in Targasonne<\/li>\n\n\n\n<li>Eremitage von Belloc und die r\u00f6mischen B\u00e4der von Dorres (42\u00b0C warmes Wasser)<\/li>\n\n\n\n<li>Der kleine gelbe Zug: Besichtigungen der St\u00e4dte Mont Louis (Sonnenofen) und Villefranche de Conflent, die zum UNESCO-Weltkulturerbe geh\u00f6ren.<\/li>\n\n\n\n<li>Der Gelbe ZugSainte-Marie de Belloc<\/li>\n\n\n\n<li>Die klassifizierte St\u00e4tte Les Bouillouses (BPF)<\/li>\n\n\n\n<li>Die Enklave Llivi\u00e0 und ihre Apotheke<\/li>\n\n\n\n<li>Der Tierpark von Les Angles<\/li>\n\n\n\n<li>Das Naturreservat von Eyne, das Tal der Blumen<\/li>\n<\/ul>\n\n\n\n<h2 class=\"wp-block-heading\">Fotoalben<\/h2>\n\n\n\n<figure class=\"wp-block-gallery has-nested-images columns-4 is-cropped wp-block-gallery-4 is-layout-flex wp-block-gallery-is-layout-flex\">\n<figure class=\"wp-block-image size-full\"><a href=\"https:\/\/centcols.org\/de\/util\/visuAlbum.php\/?album=1420-007\" target=\"_blank\" rel=\" noreferrer noopener\"><img loading=\"lazy\" decoding=\"async\" width=\"800\" height=\"600\" data-id=\"88816\" src=\"https:\/\/centcols.org\/wp-content\/uploads\/2013\/04\/M00214.jpg\" alt=\"\" class=\"wp-image-88816\" srcset=\"https:\/\/centcols.org\/wp-content\/uploads\/2013\/04\/M00214.jpg 800w, https:\/\/centcols.org\/wp-content\/uploads\/2013\/04\/M00214-768x576.jpg 768w\" sizes=\"auto, (max-width: 800px) 100vw, 800px\" \/><\/a><figcaption class=\"wp-element-caption\">Album von Guy Cambess\u00e8d\u00e8s<\/figcaption><\/figure>\n\n\n\n<figure class=\"wp-block-image size-full\"><a href=\"https:\/\/centcols.org\/de\/util\/visuAlbum.php\/?album=3848-005\" target=\"_blank\" rel=\" noreferrer noopener\"><img loading=\"lazy\" decoding=\"async\" width=\"1366\" height=\"1024\" data-id=\"88817\" src=\"https:\/\/centcols.org\/wp-content\/uploads\/2013\/04\/L02627.jpg\" alt=\"\" class=\"wp-image-88817\" srcset=\"https:\/\/centcols.org\/wp-content\/uploads\/2013\/04\/L02627.jpg 1366w, https:\/\/centcols.org\/wp-content\/uploads\/2013\/04\/L02627-1200x900.jpg 1200w, https:\/\/centcols.org\/wp-content\/uploads\/2013\/04\/L02627-768x576.jpg 768w\" sizes=\"auto, (max-width: 1366px) 100vw, 1366px\" \/><\/a><figcaption class=\"wp-element-caption\">Album von Michel Boni<\/figcaption><\/figure>\n\n\n\n<figure class=\"wp-block-image size-full\"><a href=\"https:\/\/centcols.org\/de\/util\/visuAlbum.php\/?album=3092-008\" target=\"_blank\" rel=\" noreferrer noopener\"><img loading=\"lazy\" decoding=\"async\" width=\"1920\" height=\"1440\" data-id=\"88818\" src=\"https:\/\/centcols.org\/wp-content\/uploads\/2013\/04\/L00334.jpg\" alt=\"\" class=\"wp-image-88818\" srcset=\"https:\/\/centcols.org\/wp-content\/uploads\/2013\/04\/L00334.jpg 1920w, https:\/\/centcols.org\/wp-content\/uploads\/2013\/04\/L00334-1200x900.jpg 1200w, https:\/\/centcols.org\/wp-content\/uploads\/2013\/04\/L00334-768x576.jpg 768w, https:\/\/centcols.org\/wp-content\/uploads\/2013\/04\/L00334-1536x1152.jpg 1536w\" sizes=\"auto, (max-width: 1920px) 100vw, 1920px\" \/><\/a><figcaption class=\"wp-element-caption\">Album von Philippe Carrez<\/figcaption><\/figure>\n\n\n\n<figure class=\"wp-block-image size-full\"><a href=\"https:\/\/centcols.org\/de\/util\/visuAlbum.php\/?album=1825-001\" target=\"_blank\" rel=\" noreferrer noopener\"><img loading=\"lazy\" decoding=\"async\" width=\"1920\" height=\"1082\" data-id=\"88819\" src=\"https:\/\/centcols.org\/wp-content\/uploads\/2013\/04\/L00832.jpg\" alt=\"\" class=\"wp-image-88819\" srcset=\"https:\/\/centcols.org\/wp-content\/uploads\/2013\/04\/L00832.jpg 1920w, https:\/\/centcols.org\/wp-content\/uploads\/2013\/04\/L00832-1200x676.jpg 1200w, https:\/\/centcols.org\/wp-content\/uploads\/2013\/04\/L00832-768x433.jpg 768w, https:\/\/centcols.org\/wp-content\/uploads\/2013\/04\/L00832-1536x866.jpg 1536w\" sizes=\"auto, (max-width: 1920px) 100vw, 1920px\" \/><\/a><figcaption class=\"wp-element-caption\">Album von Alain Darget<\/figcaption><\/figure>\n\n\n\n<figure class=\"wp-block-image size-full\"><a href=\"https:\/\/centcols.org\/de\/util\/visuAlbum.php\/?album=3848-005\" target=\"_blank\" rel=\" noreferrer noopener\"><img loading=\"lazy\" decoding=\"async\" width=\"1920\" height=\"1440\" data-id=\"88820\" src=\"https:\/\/centcols.org\/wp-content\/uploads\/2013\/04\/L00233.jpg\" alt=\"\" class=\"wp-image-88820\" srcset=\"https:\/\/centcols.org\/wp-content\/uploads\/2013\/04\/L00233.jpg 1920w, https:\/\/centcols.org\/wp-content\/uploads\/2013\/04\/L00233-1200x900.jpg 1200w, https:\/\/centcols.org\/wp-content\/uploads\/2013\/04\/L00233-768x576.jpg 768w, https:\/\/centcols.org\/wp-content\/uploads\/2013\/04\/L00233-1536x1152.jpg 1536w\" sizes=\"auto, (max-width: 1920px) 100vw, 1920px\" \/><\/a><figcaption class=\"wp-element-caption\">Album von Max Tissot<\/figcaption><\/figure>\n\n\n\n<figure class=\"wp-block-image size-full\"><a href=\"https:\/\/centcols.org\/de\/util\/visuAlbum.php\/?album=676-003\" target=\"_blank\" rel=\" noreferrer noopener\"><img loading=\"lazy\" decoding=\"async\" width=\"600\" height=\"450\" data-id=\"88821\" src=\"https:\/\/centcols.org\/wp-content\/uploads\/2013\/04\/M0258.jpg\" alt=\"\" class=\"wp-image-88821\"\/><\/a><figcaption class=\"wp-element-caption\">Album von Alain S\u00e9venier<\/figcaption><\/figure>\n\n\n\n<figure class=\"wp-block-image size-full\"><a href=\"https:\/\/centcols.org\/de\/util\/visuAlbum.php\/?album=5065-005\" target=\"_blank\" rel=\" noreferrer noopener\"><img loading=\"lazy\" decoding=\"async\" width=\"1920\" height=\"1440\" data-id=\"88822\" src=\"https:\/\/centcols.org\/wp-content\/uploads\/2013\/04\/L010210.jpg\" alt=\"\" class=\"wp-image-88822\" srcset=\"https:\/\/centcols.org\/wp-content\/uploads\/2013\/04\/L010210.jpg 1920w, https:\/\/centcols.org\/wp-content\/uploads\/2013\/04\/L010210-1200x900.jpg 1200w, https:\/\/centcols.org\/wp-content\/uploads\/2013\/04\/L010210-768x576.jpg 768w, https:\/\/centcols.org\/wp-content\/uploads\/2013\/04\/L010210-1536x1152.jpg 1536w\" sizes=\"auto, (max-width: 1920px) 100vw, 1920px\" \/><\/a><figcaption class=\"wp-element-caption\">Album von Enrico Alberini<\/figcaption><\/figure>\n\n\n\n<figure class=\"wp-block-image size-full\"><a href=\"https:\/\/centcols.org\/de\/util\/visuAlbum.php\/?album=6796-005\" target=\"_blank\" rel=\" noreferrer noopener\"><img loading=\"lazy\" decoding=\"async\" width=\"1280\" height=\"960\" data-id=\"88823\" src=\"https:\/\/centcols.org\/wp-content\/uploads\/2013\/04\/L01132.jpg\" alt=\"\" class=\"wp-image-88823\" srcset=\"https:\/\/centcols.org\/wp-content\/uploads\/2013\/04\/L01132.jpg 1280w, https:\/\/centcols.org\/wp-content\/uploads\/2013\/04\/L01132-1200x900.jpg 1200w, https:\/\/centcols.org\/wp-content\/uploads\/2013\/04\/L01132-768x576.jpg 768w\" sizes=\"auto, (max-width: 1280px) 100vw, 1280px\" \/><\/a><figcaption class=\"wp-element-caption\">Album von Michel Andurand<\/figcaption><\/figure>\n\n\n\n<figure class=\"wp-block-image size-full\"><a href=\"https:\/\/centcols.org\/de\/util\/visuAlbum.php\/?album=5756-002\" target=\"_blank\" rel=\" noreferrer noopener\"><img loading=\"lazy\" decoding=\"async\" width=\"1920\" height=\"1440\" data-id=\"88824\" src=\"https:\/\/centcols.org\/wp-content\/uploads\/2013\/04\/L00932.jpg\" alt=\"\" class=\"wp-image-88824\" srcset=\"https:\/\/centcols.org\/wp-content\/uploads\/2013\/04\/L00932.jpg 1920w, https:\/\/centcols.org\/wp-content\/uploads\/2013\/04\/L00932-1200x900.jpg 1200w, https:\/\/centcols.org\/wp-content\/uploads\/2013\/04\/L00932-768x576.jpg 768w, https:\/\/centcols.org\/wp-content\/uploads\/2013\/04\/L00932-1536x1152.jpg 1536w\" sizes=\"auto, (max-width: 1920px) 100vw, 1920px\" \/><\/a><figcaption class=\"wp-element-caption\">Album von Gerald Cowham<\/figcaption><\/figure>\n\n\n\n<figure class=\"wp-block-image size-full\"><a href=\"https:\/\/centcols.org\/de\/util\/visuAlbum.php\/?album=3693-006\" target=\"_blank\" rel=\" noreferrer noopener\"><img loading=\"lazy\" decoding=\"async\" width=\"986\" height=\"657\" data-id=\"88830\" src=\"https:\/\/centcols.org\/wp-content\/uploads\/2013\/04\/latour_111.jpg\" alt=\"\" class=\"wp-image-88830\" srcset=\"https:\/\/centcols.org\/wp-content\/uploads\/2013\/04\/latour_111.jpg 986w, https:\/\/centcols.org\/wp-content\/uploads\/2013\/04\/latour_111-768x512.jpg 768w\" sizes=\"auto, (max-width: 986px) 100vw, 986px\" \/><\/a><figcaption class=\"wp-element-caption\">Album von Alain Brault<\/figcaption><\/figure>\n\n\n\n<figure class=\"wp-block-image size-full\"><a href=\"https:\/\/centcols.org\/de\/util\/visuAlbum.php\/?album=0396-003\" target=\"_blank\" rel=\" noreferrer noopener\"><img loading=\"lazy\" decoding=\"async\" width=\"1080\" height=\"720\" data-id=\"88826\" src=\"https:\/\/centcols.org\/wp-content\/uploads\/2013\/04\/L01431.jpg\" alt=\"\" class=\"wp-image-88826\" srcset=\"https:\/\/centcols.org\/wp-content\/uploads\/2013\/04\/L01431.jpg 1080w, https:\/\/centcols.org\/wp-content\/uploads\/2013\/04\/L01431-768x512.jpg 768w\" sizes=\"auto, (max-width: 1080px) 100vw, 1080px\" \/><\/a><figcaption class=\"wp-element-caption\">Album von Daniel Beaujoin<\/figcaption><\/figure>\n\n\n\n<figure class=\"wp-block-image size-full\"><a href=\"https:\/\/centcols.org\/de\/util\/visuAlbum.php\/?album=4889-003\" target=\"_blank\" rel=\" noreferrer noopener\"><img loading=\"lazy\" decoding=\"async\" width=\"1600\" height=\"1200\" data-id=\"88827\" src=\"https:\/\/centcols.org\/wp-content\/uploads\/2013\/04\/L0725.jpg\" alt=\"\" class=\"wp-image-88827\" srcset=\"https:\/\/centcols.org\/wp-content\/uploads\/2013\/04\/L0725.jpg 1600w, https:\/\/centcols.org\/wp-content\/uploads\/2013\/04\/L0725-1200x900.jpg 1200w, https:\/\/centcols.org\/wp-content\/uploads\/2013\/04\/L0725-768x576.jpg 768w, https:\/\/centcols.org\/wp-content\/uploads\/2013\/04\/L0725-1536x1152.jpg 1536w\" sizes=\"auto, (max-width: 1600px) 100vw, 1600px\" \/><\/a><figcaption class=\"wp-element-caption\">Album von Mario Labelle<\/figcaption><\/figure>\n\n\n\n<figure class=\"wp-block-image size-full\"><a href=\"https:\/\/centcols.org\/de\/util\/visuAlbum.php\/?album=5650-016\" target=\"_blank\" rel=\" noreferrer noopener\"><img loading=\"lazy\" decoding=\"async\" width=\"1920\" height=\"1440\" data-id=\"88828\" src=\"https:\/\/centcols.org\/wp-content\/uploads\/2013\/04\/L04516.jpg\" alt=\"\" class=\"wp-image-88828\" srcset=\"https:\/\/centcols.org\/wp-content\/uploads\/2013\/04\/L04516.jpg 1920w, https:\/\/centcols.org\/wp-content\/uploads\/2013\/04\/L04516-1200x900.jpg 1200w, https:\/\/centcols.org\/wp-content\/uploads\/2013\/04\/L04516-768x576.jpg 768w, https:\/\/centcols.org\/wp-content\/uploads\/2013\/04\/L04516-1536x1152.jpg 1536w\" sizes=\"auto, (max-width: 1920px) 100vw, 1920px\" \/><\/a><figcaption class=\"wp-element-caption\">Album von Alf\u00e9o Lotto<\/figcaption><\/figure>\n\n\n\n<figure class=\"wp-block-image size-full\"><a href=\"https:\/\/centcols.org\/de\/util\/visuAlbum.php\/?album=0-3\"><img loading=\"lazy\" decoding=\"async\" width=\"1920\" height=\"1440\" data-id=\"88829\" src=\"https:\/\/centcols.org\/wp-content\/uploads\/2013\/04\/L01032.jpg\" alt=\"\" class=\"wp-image-88829\" srcset=\"https:\/\/centcols.org\/wp-content\/uploads\/2013\/04\/L01032.jpg 1920w, https:\/\/centcols.org\/wp-content\/uploads\/2013\/04\/L01032-1200x900.jpg 1200w, https:\/\/centcols.org\/wp-content\/uploads\/2013\/04\/L01032-768x576.jpg 768w, https:\/\/centcols.org\/wp-content\/uploads\/2013\/04\/L01032-1536x1152.jpg 1536w\" sizes=\"auto, (max-width: 1920px) 100vw, 1920px\" \/><\/a><figcaption class=\"wp-element-caption\">Album von Marie-Rose Brault<\/figcaption><\/figure>\n\n\n\n<figure class=\"wp-block-image size-full\"><a href=\"https:\/\/centcols.org\/de\/les_rendez-vous\/2013\/Yravals\/album_5642\/\" target=\"_blank\" rel=\" noreferrer noopener\"><img loading=\"lazy\" decoding=\"async\" width=\"986\" height=\"657\" data-id=\"88830\" src=\"https:\/\/centcols.org\/wp-content\/uploads\/2013\/04\/latour_111.jpg\" alt=\"\" class=\"wp-image-88830\" srcset=\"https:\/\/centcols.org\/wp-content\/uploads\/2013\/04\/latour_111.jpg 986w, https:\/\/centcols.org\/wp-content\/uploads\/2013\/04\/latour_111-768x512.jpg 768w\" sizes=\"auto, (max-width: 986px) 100vw, 986px\" \/><\/a><figcaption class=\"wp-element-caption\">Album von Hubert Becker<\/figcaption><\/figure>\n<\/figure>","protected":false},"excerpt":{"rendered":"<p>Situation La Cerdagne se pr\u00e9sente comme un haut plateau d\u2019une altitude moyenne de 1200 m occupant le bassin d\u2019un ancien lac glaciaire. Elle est entour\u00e9e de pics et de massifs tutoyant les 3 000 m, au nord la cha\u00eene du Carlit (2 921 m) et au sud celles de Cadi-Moixero et du Puigmal (2 910 [&hellip;]<\/p>\n","protected":false},"author":3,"featured_media":81575,"comment_status":"closed","ping_status":"closed","sticky":false,"template":"","format":"standard","meta":{"_acf_changed":false,"footnotes":""},"categories":[349,384,135,388,411,231],"tags":[],"class_list":["post-81574","post","type-post","status-publish","format-standard","has-post-thumbnail","hentry","category-france-pays-sejours","category-occitanie-region-sejours","category-calendrier","category-66-pyrenees-orientales","category-pyrenees-cerdanes","category-sejours"],"acf":[],"yoast_head":"<!-- This site is optimized with the Yoast SEO plugin v27.2 - https:\/\/yoast.com\/product\/yoast-seo-wordpress\/ -->\n<title>S\u00e9jour estival cerdan au village-club d&#039;Yravals \u00e0 Latour-de-Carol (Pyr\u00e9n\u00e9es-Orientales) du 16 au 20 juillet 2013 - Club des Cent Cols<\/title>\n<meta name=\"robots\" content=\"index, follow, max-snippet:-1, max-image-preview:large, max-video-preview:-1\" \/>\n<link rel=\"canonical\" href=\"https:\/\/centcols.org\/de\/aufenthalt-2013-yravals\/\" \/>\n<meta property=\"og:locale\" content=\"de_DE\" \/>\n<meta property=\"og:type\" content=\"article\" \/>\n<meta property=\"og:title\" content=\"S\u00e9jour estival cerdan au village-club d&#039;Yravals \u00e0 Latour-de-Carol (Pyr\u00e9n\u00e9es-Orientales) du 16 au 20 juillet 2013 - Club des Cent Cols\" \/>\n<meta property=\"og:description\" content=\"Situation La Cerdagne se pr\u00e9sente comme un haut plateau d\u2019une altitude moyenne de 1200 m occupant le bassin d\u2019un ancien lac glaciaire. Elle est entour\u00e9e de pics et de massifs tutoyant les 3 000 m, au nord la cha\u00eene du Carlit (2 921 m) et au sud celles de Cadi-Moixero et du Puigmal (2 910 [&hellip;]\" \/>\n<meta property=\"og:url\" content=\"https:\/\/centcols.org\/de\/aufenthalt-2013-yravals\/\" \/>\n<meta property=\"og:site_name\" content=\"Club des Cent Cols\" \/>\n<meta property=\"article:publisher\" content=\"https:\/\/www.facebook.com\/groups\/5261880558\/?locale=fr_FR\" \/>\n<meta property=\"article:published_time\" content=\"2013-04-23T08:13:39+00:00\" \/>\n<meta property=\"article:modified_time\" content=\"2025-09-02T06:57:01+00:00\" \/>\n<meta property=\"og:image\" content=\"https:\/\/centcols.org\/wp-content\/uploads\/2025\/05\/L01032-e1443428212658.jpg\" \/>\n\t<meta property=\"og:image:width\" content=\"640\" \/>\n\t<meta property=\"og:image:height\" content=\"480\" \/>\n\t<meta property=\"og:image:type\" content=\"image\/jpeg\" \/>\n<meta name=\"author\" content=\"Webmestre\" \/>\n<meta name=\"twitter:card\" content=\"summary_large_image\" \/>\n<meta name=\"twitter:label1\" content=\"Verfasst von\" \/>\n\t<meta name=\"twitter:data1\" content=\"Webmestre\" \/>\n\t<meta name=\"twitter:label2\" content=\"Gesch\u00e4tzte Lesezeit\" \/>\n\t<meta name=\"twitter:data2\" content=\"9\u00a0Minuten\" \/>\n<script type=\"application\/ld+json\" class=\"yoast-schema-graph\">{\"@context\":\"https:\/\/schema.org\",\"@graph\":[{\"@type\":\"Article\",\"@id\":\"https:\/\/centcols.org\/sejour-2013-yravals\/#article\",\"isPartOf\":{\"@id\":\"https:\/\/centcols.org\/sejour-2013-yravals\/\"},\"author\":{\"name\":\"Webmestre\",\"@id\":\"https:\/\/centcols.org\/#\/schema\/person\/911b404fb133d8c913dd27cdcf71c8e5\"},\"headline\":\"S\u00e9jour estival cerdan au village-club d&rsquo;Yravals \u00e0 Latour-de-Carol (Pyr\u00e9n\u00e9es-Orientales) du 16 au 20 juillet 2013\",\"datePublished\":\"2013-04-23T08:13:39+00:00\",\"dateModified\":\"2025-09-02T06:57:01+00:00\",\"mainEntityOfPage\":{\"@id\":\"https:\/\/centcols.org\/sejour-2013-yravals\/\"},\"wordCount\":929,\"publisher\":{\"@id\":\"https:\/\/centcols.org\/#organization\"},\"image\":{\"@id\":\"https:\/\/centcols.org\/sejour-2013-yravals\/#primaryimage\"},\"thumbnailUrl\":\"https:\/\/centcols.org\/wp-content\/uploads\/2025\/05\/L01032-e1443428212658.jpg\",\"articleSection\":[\"France\",\"Occitanie\",\"Calendrier\",\"66-Pyr\u00e9n\u00e9es-Orientales\",\"Pyr\u00e9n\u00e9es cerdanes\",\"S\u00e9jours du Club des Cent Cols\"],\"inLanguage\":\"de\"},{\"@type\":\"WebPage\",\"@id\":\"https:\/\/centcols.org\/sejour-2013-yravals\/\",\"url\":\"https:\/\/centcols.org\/sejour-2013-yravals\/\",\"name\":\"S\u00e9jour estival cerdan au village-club d'Yravals \u00e0 Latour-de-Carol (Pyr\u00e9n\u00e9es-Orientales) du 16 au 20 juillet 2013 - Club des Cent Cols\",\"isPartOf\":{\"@id\":\"https:\/\/centcols.org\/#website\"},\"primaryImageOfPage\":{\"@id\":\"https:\/\/centcols.org\/sejour-2013-yravals\/#primaryimage\"},\"image\":{\"@id\":\"https:\/\/centcols.org\/sejour-2013-yravals\/#primaryimage\"},\"thumbnailUrl\":\"https:\/\/centcols.org\/wp-content\/uploads\/2025\/05\/L01032-e1443428212658.jpg\",\"datePublished\":\"2013-04-23T08:13:39+00:00\",\"dateModified\":\"2025-09-02T06:57:01+00:00\",\"breadcrumb\":{\"@id\":\"https:\/\/centcols.org\/sejour-2013-yravals\/#breadcrumb\"},\"inLanguage\":\"de\",\"potentialAction\":[{\"@type\":\"ReadAction\",\"target\":[\"https:\/\/centcols.org\/sejour-2013-yravals\/\"]}]},{\"@type\":\"ImageObject\",\"inLanguage\":\"de\",\"@id\":\"https:\/\/centcols.org\/sejour-2013-yravals\/#primaryimage\",\"url\":\"https:\/\/centcols.org\/wp-content\/uploads\/2025\/05\/L01032-e1443428212658.jpg\",\"contentUrl\":\"https:\/\/centcols.org\/wp-content\/uploads\/2025\/05\/L01032-e1443428212658.jpg\",\"width\":640,\"height\":480},{\"@type\":\"BreadcrumbList\",\"@id\":\"https:\/\/centcols.org\/sejour-2013-yravals\/#breadcrumb\",\"itemListElement\":[{\"@type\":\"ListItem\",\"position\":1,\"name\":\"Accueil\",\"item\":\"https:\/\/centcols.org\/\"},{\"@type\":\"ListItem\",\"position\":2,\"name\":\"S\u00e9jours du Club des Cent Cols\",\"item\":\"https:\/\/centcols.org\/rubrique\/sejours\/\"},{\"@type\":\"ListItem\",\"position\":3,\"name\":\"Pays\",\"item\":\"https:\/\/centcols.org\/rubrique\/sejours\/pays-sejours\/\"},{\"@type\":\"ListItem\",\"position\":4,\"name\":\"France\",\"item\":\"https:\/\/centcols.org\/rubrique\/sejours\/pays-sejours\/france-pays-sejours\/\"},{\"@type\":\"ListItem\",\"position\":5,\"name\":\"S\u00e9jour estival cerdan au village-club d&rsquo;Yravals \u00e0 Latour-de-Carol (Pyr\u00e9n\u00e9es-Orientales) du 16 au 20 juillet 2013\"}]},{\"@type\":\"WebSite\",\"@id\":\"https:\/\/centcols.org\/#website\",\"url\":\"https:\/\/centcols.org\/\",\"name\":\"Club des Cent Cols\",\"description\":\"\",\"publisher\":{\"@id\":\"https:\/\/centcols.org\/#organization\"},\"potentialAction\":[{\"@type\":\"SearchAction\",\"target\":{\"@type\":\"EntryPoint\",\"urlTemplate\":\"https:\/\/centcols.org\/?s={search_term_string}\"},\"query-input\":{\"@type\":\"PropertyValueSpecification\",\"valueRequired\":true,\"valueName\":\"search_term_string\"}}],\"inLanguage\":\"de\"},{\"@type\":\"Organization\",\"@id\":\"https:\/\/centcols.org\/#organization\",\"name\":\"Club des Cent Cols\",\"url\":\"https:\/\/centcols.org\/\",\"logo\":{\"@type\":\"ImageObject\",\"inLanguage\":\"de\",\"@id\":\"https:\/\/centcols.org\/#\/schema\/logo\/image\/\",\"url\":\"https:\/\/centcols.org\/wp-content\/uploads\/2025\/01\/carte-icone.png\",\"contentUrl\":\"https:\/\/centcols.org\/wp-content\/uploads\/2025\/01\/carte-icone.png\",\"width\":250,\"height\":250,\"caption\":\"Club des Cent Cols\"},\"image\":{\"@id\":\"https:\/\/centcols.org\/#\/schema\/logo\/image\/\"},\"sameAs\":[\"https:\/\/www.facebook.com\/groups\/5261880558\/?locale=fr_FR\"]},{\"@type\":\"Person\",\"@id\":\"https:\/\/centcols.org\/#\/schema\/person\/911b404fb133d8c913dd27cdcf71c8e5\",\"name\":\"Webmestre\",\"image\":{\"@type\":\"ImageObject\",\"inLanguage\":\"de\",\"@id\":\"https:\/\/centcols.org\/wp-content\/litespeed\/avatar\/2d246e4b6b4f773e08515e1ffc53690b.jpg?ver=1777222892\",\"url\":\"https:\/\/centcols.org\/wp-content\/litespeed\/avatar\/2d246e4b6b4f773e08515e1ffc53690b.jpg?ver=1777222892\",\"contentUrl\":\"https:\/\/centcols.org\/wp-content\/litespeed\/avatar\/2d246e4b6b4f773e08515e1ffc53690b.jpg?ver=1777222892\",\"caption\":\"Webmestre\"},\"url\":\"https:\/\/centcols.org\/de\/author\/webmestre\/\"}]}<\/script>\n<!-- \/ Yoast SEO plugin. -->","yoast_head_json":{"title":"Cerdan-Sommeraufenthalt im Club-Dorf Yravals in Latour-de-Carol (Pyr\u00e9n\u00e9es-Orientales) vom 16. bis 20. Juli 2013 - Club des Cent Cols","robots":{"index":"index","follow":"follow","max-snippet":"max-snippet:-1","max-image-preview":"max-image-preview:large","max-video-preview":"max-video-preview:-1"},"canonical":"https:\/\/centcols.org\/de\/aufenthalt-2013-yravals\/","og_locale":"de_DE","og_type":"article","og_title":"S\u00e9jour estival cerdan au village-club d'Yravals \u00e0 Latour-de-Carol (Pyr\u00e9n\u00e9es-Orientales) du 16 au 20 juillet 2013 - Club des Cent Cols","og_description":"Situation La Cerdagne se pr\u00e9sente comme un haut plateau d\u2019une altitude moyenne de 1200 m occupant le bassin d\u2019un ancien lac glaciaire. Elle est entour\u00e9e de pics et de massifs tutoyant les 3 000 m, au nord la cha\u00eene du Carlit (2 921 m) et au sud celles de Cadi-Moixero et du Puigmal (2 910 [&hellip;]","og_url":"https:\/\/centcols.org\/de\/aufenthalt-2013-yravals\/","og_site_name":"Club des Cent Cols","article_publisher":"https:\/\/www.facebook.com\/groups\/5261880558\/?locale=fr_FR","article_published_time":"2013-04-23T08:13:39+00:00","article_modified_time":"2025-09-02T06:57:01+00:00","og_image":[{"width":640,"height":480,"url":"https:\/\/centcols.org\/wp-content\/uploads\/2025\/05\/L01032-e1443428212658.jpg","type":"image\/jpeg"}],"author":"Webmestre","twitter_card":"summary_large_image","twitter_misc":{"Verfasst von":"Webmestre","Gesch\u00e4tzte Lesezeit":"9\u00a0Minuten"},"schema":{"@context":"https:\/\/schema.org","@graph":[{"@type":"Article","@id":"https:\/\/centcols.org\/sejour-2013-yravals\/#article","isPartOf":{"@id":"https:\/\/centcols.org\/sejour-2013-yravals\/"},"author":{"name":"Webmestre","@id":"https:\/\/centcols.org\/#\/schema\/person\/911b404fb133d8c913dd27cdcf71c8e5"},"headline":"S\u00e9jour estival cerdan au village-club d&rsquo;Yravals \u00e0 Latour-de-Carol (Pyr\u00e9n\u00e9es-Orientales) du 16 au 20 juillet 2013","datePublished":"2013-04-23T08:13:39+00:00","dateModified":"2025-09-02T06:57:01+00:00","mainEntityOfPage":{"@id":"https:\/\/centcols.org\/sejour-2013-yravals\/"},"wordCount":929,"publisher":{"@id":"https:\/\/centcols.org\/#organization"},"image":{"@id":"https:\/\/centcols.org\/sejour-2013-yravals\/#primaryimage"},"thumbnailUrl":"https:\/\/centcols.org\/wp-content\/uploads\/2025\/05\/L01032-e1443428212658.jpg","articleSection":["France","Occitanie","Calendrier","66-Pyr\u00e9n\u00e9es-Orientales","Pyr\u00e9n\u00e9es cerdanes","S\u00e9jours du Club des Cent Cols"],"inLanguage":"de"},{"@type":"WebPage","@id":"https:\/\/centcols.org\/sejour-2013-yravals\/","url":"https:\/\/centcols.org\/sejour-2013-yravals\/","name":"Cerdan-Sommeraufenthalt im Club-Dorf Yravals in Latour-de-Carol (Pyr\u00e9n\u00e9es-Orientales) vom 16. bis 20. Juli 2013 - Club des Cent Cols","isPartOf":{"@id":"https:\/\/centcols.org\/#website"},"primaryImageOfPage":{"@id":"https:\/\/centcols.org\/sejour-2013-yravals\/#primaryimage"},"image":{"@id":"https:\/\/centcols.org\/sejour-2013-yravals\/#primaryimage"},"thumbnailUrl":"https:\/\/centcols.org\/wp-content\/uploads\/2025\/05\/L01032-e1443428212658.jpg","datePublished":"2013-04-23T08:13:39+00:00","dateModified":"2025-09-02T06:57:01+00:00","breadcrumb":{"@id":"https:\/\/centcols.org\/sejour-2013-yravals\/#breadcrumb"},"inLanguage":"de","potentialAction":[{"@type":"ReadAction","target":["https:\/\/centcols.org\/sejour-2013-yravals\/"]}]},{"@type":"ImageObject","inLanguage":"de","@id":"https:\/\/centcols.org\/sejour-2013-yravals\/#primaryimage","url":"https:\/\/centcols.org\/wp-content\/uploads\/2025\/05\/L01032-e1443428212658.jpg","contentUrl":"https:\/\/centcols.org\/wp-content\/uploads\/2025\/05\/L01032-e1443428212658.jpg","width":640,"height":480},{"@type":"BreadcrumbList","@id":"https:\/\/centcols.org\/sejour-2013-yravals\/#breadcrumb","itemListElement":[{"@type":"ListItem","position":1,"name":"Accueil","item":"https:\/\/centcols.org\/"},{"@type":"ListItem","position":2,"name":"S\u00e9jours du Club des Cent Cols","item":"https:\/\/centcols.org\/rubrique\/sejours\/"},{"@type":"ListItem","position":3,"name":"Pays","item":"https:\/\/centcols.org\/rubrique\/sejours\/pays-sejours\/"},{"@type":"ListItem","position":4,"name":"France","item":"https:\/\/centcols.org\/rubrique\/sejours\/pays-sejours\/france-pays-sejours\/"},{"@type":"ListItem","position":5,"name":"S\u00e9jour estival cerdan au village-club d&rsquo;Yravals \u00e0 Latour-de-Carol (Pyr\u00e9n\u00e9es-Orientales) du 16 au 20 juillet 2013"}]},{"@type":"WebSite","@id":"https:\/\/centcols.org\/#website","url":"https:\/\/centcols.org\/","name":"Club des Cent Cols","description":"","publisher":{"@id":"https:\/\/centcols.org\/#organization"},"potentialAction":[{"@type":"SearchAction","target":{"@type":"EntryPoint","urlTemplate":"https:\/\/centcols.org\/?s={search_term_string}"},"query-input":{"@type":"PropertyValueSpecification","valueRequired":true,"valueName":"search_term_string"}}],"inLanguage":"de"},{"@type":"Organization","@id":"https:\/\/centcols.org\/#organization","name":"Club des Cent Cols","url":"https:\/\/centcols.org\/","logo":{"@type":"ImageObject","inLanguage":"de","@id":"https:\/\/centcols.org\/#\/schema\/logo\/image\/","url":"https:\/\/centcols.org\/wp-content\/uploads\/2025\/01\/carte-icone.png","contentUrl":"https:\/\/centcols.org\/wp-content\/uploads\/2025\/01\/carte-icone.png","width":250,"height":250,"caption":"Club des Cent Cols"},"image":{"@id":"https:\/\/centcols.org\/#\/schema\/logo\/image\/"},"sameAs":["https:\/\/www.facebook.com\/groups\/5261880558\/?locale=fr_FR"]},{"@type":"Person","@id":"https:\/\/centcols.org\/#\/schema\/person\/911b404fb133d8c913dd27cdcf71c8e5","name":"Webmaster","image":{"@type":"ImageObject","inLanguage":"de","@id":"https:\/\/centcols.org\/wp-content\/litespeed\/avatar\/2d246e4b6b4f773e08515e1ffc53690b.jpg?ver=1777222892","url":"https:\/\/centcols.org\/wp-content\/litespeed\/avatar\/2d246e4b6b4f773e08515e1ffc53690b.jpg?ver=1777222892","contentUrl":"https:\/\/centcols.org\/wp-content\/litespeed\/avatar\/2d246e4b6b4f773e08515e1ffc53690b.jpg?ver=1777222892","caption":"Webmestre"},"url":"https:\/\/centcols.org\/de\/author\/webmestre\/"}]}},"_links":{"self":[{"href":"https:\/\/centcols.org\/de\/wp-json\/wp\/v2\/posts\/81574","targetHints":{"allow":["GET"]}}],"collection":[{"href":"https:\/\/centcols.org\/de\/wp-json\/wp\/v2\/posts"}],"about":[{"href":"https:\/\/centcols.org\/de\/wp-json\/wp\/v2\/types\/post"}],"author":[{"embeddable":true,"href":"https:\/\/centcols.org\/de\/wp-json\/wp\/v2\/users\/3"}],"replies":[{"embeddable":true,"href":"https:\/\/centcols.org\/de\/wp-json\/wp\/v2\/comments?post=81574"}],"version-history":[{"count":0,"href":"https:\/\/centcols.org\/de\/wp-json\/wp\/v2\/posts\/81574\/revisions"}],"wp:featuredmedia":[{"embeddable":true,"href":"https:\/\/centcols.org\/de\/wp-json\/wp\/v2\/media\/81575"}],"wp:attachment":[{"href":"https:\/\/centcols.org\/de\/wp-json\/wp\/v2\/media?parent=81574"}],"wp:term":[{"taxonomy":"category","embeddable":true,"href":"https:\/\/centcols.org\/de\/wp-json\/wp\/v2\/categories?post=81574"},{"taxonomy":"post_tag","embeddable":true,"href":"https:\/\/centcols.org\/de\/wp-json\/wp\/v2\/tags?post=81574"}],"curies":[{"name":"wp","href":"https:\/\/api.w.org\/{rel}","templated":true}]}}