{"id":81590,"date":"2011-04-23T10:09:44","date_gmt":"2011-04-23T08:09:44","guid":{"rendered":"https:\/\/centcols.org\/sejour-estival-a-saint-sauveur-camprieu-gard-du-16-au-20-aout-2011\/"},"modified":"2025-09-02T11:24:10","modified_gmt":"2025-09-02T09:24:10","slug":"aufenthalt-2011-camprieu","status":"publish","type":"post","link":"https:\/\/centcols.org\/de\/sejour-2011-camprieu\/","title":{"rendered":"Sommeraufenthalt in Saint-Sauveur-Camprieu (Gard) vom 16. bis 20. August 2011"},"content":{"rendered":"<h2 class=\"wp-block-heading\">Erkl\u00e4rungen<\/h2>\n\n\n\n<p>Das Massif de l'Aigoual liegt im \u00e4u\u00dfersten Westen der Cevennen und ist unser \u00abSpielplatz\u00bb f\u00fcr diesen Sommerurlaub 2011. Der Mont Aigoual (1567 m) ist f\u00fcr seine Wetterkapriolen bekannt. Die Ausstellungen von M\u00e9t\u00e9o-France, die im Observatorium auf dem Gipfel angeboten werden, vermitteln Ihnen das n\u00f6tige Wissen, um dieses besondere Klima zu verstehen.<\/p>\n\n\n\n<p>Eine andere, weniger bekannte Facette des Massivs wird ebenfalls beleuchtet, n\u00e4mlich der Staatswald von Aigoual. Er verdient einen historischen Ansatz, bevor man ihn durchwandert. Er ist der konkrete Ausdruck des menschlichen Einflusses auf die Natur - im Schlimmsten wie im Besten. Mitte des 19.<sup>sten<\/sup> Jahrhundert schrumpft der Wald des Aigoual unter dem doppelten Effekt der \u00fcberm\u00e4\u00dfigen Beweidung und der ma\u00dflosen Ausbeutung durch die Glasmacher, die immer mehr f\u00fcr ihre \u00d6fen verlangen, wie eine Kahmhaut. In den T\u00e4lern kommt es vermehrt zu schweren \u00dcberschwemmungen mit betr\u00e4chtlichen, ja sogar dramatischen Folgen. Die Forstverwaltung versucht, die W\u00e4lder wieder aufzuforsten, was jedoch zu zahlreichen Widerst\u00e4nden f\u00fchrt, da man sich zwischen Wald und Weidefl\u00e4chen entscheiden muss.<\/p>\n\n\n\n<p>Schlie\u00dflich gelang es dem Forstwirt Georges FABRE und dem Botaniker Charles FLAHAULT dank ihres au\u00dfergew\u00f6hnlichen Engagements, Tausende Hektar Wald wieder wachsen zu lassen. Die am st\u00e4rksten vertretenen Baumarten sind: Fichte, L\u00e4rche, \u00f6sterreichische Schwarzkiefer, Hakenkiefer, Buche (okzitanisch: le faou), Traubeneiche und Kastanie. Auf dem steilsten S\u00fcdhang sind die Vegetationsstufen gut zu erkennen. Aus dieser Zeit sind vier Arboreten erhalten geblieben, echte Freiluftlabore.<\/p>\n\n\n\n<p>Granit ist im Massiv allgegenw\u00e4rtig, die Causses sind das Reich des Kalksteins, und Schiefer ist auf die T\u00e4ler der Cevennen beschr\u00e4nkt. Diese drei Gesteine bilden die Grundlage dieses Landes und pr\u00e4gen die herrlichen Landschaften. Die Causses bieten weite, karge und n\u00fcchterne Fl\u00e4chen, auf denen die Vegetation seltener wird. Aufgrund des durchl\u00e4ssigen Bodens, auf dem das Gestein sehr oft an die Oberfl\u00e4che tritt, ist Wasser hier selten. Die Flora hingegen ist sehr reich. Gro\u00dfe Greifv\u00f6gel sch\u00e4tzen diese riesigen Fl\u00e4chen mit sehr geringer menschlicher Dichte, der Himmel ist ihr Revier.<\/p>\n\n\n\n<p>Die T\u00e4ler der Cevennen, ein Land der \u00abSerres\u00bb und \u00abValats\u00bb, sind Orte des Lebens. Die D\u00f6rfer und Weiler sind entlang der Wasserl\u00e4ufe gebaut oder thronen auf Felsvorspr\u00fcngen. Diese Berge waren der Schauplatz des Kamisardenkriegs. Frauen und M\u00e4nner der sogenannten \u00abangeblich reformierten\u00bb Religion k\u00e4mpften gegen den k\u00f6niglichen Willen, seinen Untertanen eine einzige Religion aufzuzwingen. Massaker, Deportationen auf die Galeeren und Inhaftierungen waren das Schicksal derjenigen, die sich f\u00fcr den Kampf entschieden hatten, andere zogen es vor, mit ihrem Reichtum und ihrem Know-how in die Zufluchtsl\u00e4nder (Schweiz, Holland, Deutschland ...) zu fliehen. Hier, an diesem Ort, sind Meinungsfreiheit und Toleranz heilige Werte. \u00dcbrigens nahm sp\u00e4ter Pastor Rabault St. Etienne an den Debatten teil, die zur Abfassung der Erkl\u00e4rung der Menschen- und B\u00fcrgerrechte f\u00fchrten. W\u00e4hrend des Zweiten Weltkriegs fand der Widerstand hier ein bevorzugtes Terrain. Die Topographie des Gel\u00e4ndes bot sich zwar an, aber M\u00e4nner und Frauen kamen auf der Suche nach Freiheit schnell aus ihrer Reserve.<\/p>\n\n\n\n<figure class=\"wp-block-gallery has-nested-images columns-4 is-cropped wp-block-gallery-1 is-layout-flex wp-block-gallery-is-layout-flex\">\n<figure class=\"wp-block-image size-full\"><a href=\"https:\/\/centcols.org\/wp-content\/uploads\/2011\/04\/prevert.jpg\"><img loading=\"lazy\" decoding=\"async\" width=\"200\" height=\"150\" data-id=\"88939\" src=\"https:\/\/centcols.org\/wp-content\/uploads\/2011\/04\/prevert.jpg\" alt=\"\" class=\"wp-image-88939\"\/><\/a><\/figure>\n\n\n\n<figure class=\"wp-block-image size-full\"><a href=\"https:\/\/centcols.org\/wp-content\/uploads\/2011\/04\/piste2.jpg\"><img loading=\"lazy\" decoding=\"async\" width=\"200\" height=\"150\" data-id=\"88940\" src=\"https:\/\/centcols.org\/wp-content\/uploads\/2011\/04\/piste2.jpg\" alt=\"\" class=\"wp-image-88940\"\/><\/a><\/figure>\n\n\n\n<figure class=\"wp-block-image size-full\"><a href=\"https:\/\/centcols.org\/wp-content\/uploads\/2011\/04\/causses.jpg\"><img loading=\"lazy\" decoding=\"async\" width=\"200\" height=\"150\" data-id=\"88941\" src=\"https:\/\/centcols.org\/wp-content\/uploads\/2011\/04\/causses.jpg\" alt=\"\" class=\"wp-image-88941\"\/><\/a><\/figure>\n\n\n\n<figure class=\"wp-block-image size-full\"><a href=\"https:\/\/centcols.org\/wp-content\/uploads\/2011\/04\/genets.jpg\"><img loading=\"lazy\" decoding=\"async\" width=\"200\" height=\"150\" data-id=\"88942\" src=\"https:\/\/centcols.org\/wp-content\/uploads\/2011\/04\/genets.jpg\" alt=\"\" class=\"wp-image-88942\"\/><\/a><\/figure>\n<\/figure>\n\n\n\n<h2 class=\"wp-block-heading\">Internationaler Zusammenschluss am Cap de C\u00f4te (FR-30-1189)<\/h2>\n\n\n\n<p><span class=\"flett\">L<\/span>as j\u00e4hrliche Treffen findet am Samstag, den 20. August 2011, in der N\u00e4he des Col de Cap de C\u00f4te (<a href=\"https:\/\/centcols.org\/de\/util\/geo\/visuGP.php\/?code=FR-30-1189\" target=\"_blank\" rel=\"noopener\">DE-30-1189<\/a>) an den H\u00e4ngen des gef\u00fcrchteten Col de la Lusette (FR-30-1351). Der Pass ist nach S\u00fcden ausgerichtet und verf\u00fcgt \u00fcber eine raue und holprige Stra\u00dfe. Er weist alle Merkmale eines harten Passes auf. Seine Steigung ist unregelm\u00e4\u00dfig und birgt schwierige Passagen mit kurzen Abschnitten bei 15 oder sogar 17%. Ein Pass, der niemanden gleichg\u00fcltig l\u00e4sst und der f\u00fcr viele Jahre einen bleibenden Eindruck hinterl\u00e4sst!!!!<\/p>\n\n\n\n<p>Wir werden in der N\u00e4he der Unterkunft auf einer Wiese mit einem schattigen W\u00e4ldchen empfangen, das uns freundlicherweise zur Verf\u00fcgung gestellt wurde. Von hier aus f\u00fchrt uns ein betonierter Weg von einigen hundert Metern zum \u00abSerre de la Toureille\u00bb. Ein wunderbarer Aussichtspunkt, der die gesamten s\u00fcdlichen Cevennen und weit dar\u00fcber hinaus (vom Mt Ventoux bis zum Canigou) \u00fcberblickt. Von diesem Ort aus h\u00e4lt die Feuerwehr w\u00e4hrend der gesamten Trockenzeit eine pr\u00e4ventive Wache.<\/p>\n\n\n\n<h2 class=\"wp-block-heading\">Das Wetter<\/h2>\n\n\n\n<p>Zu dieser Jahreszeit sind die Temperaturen im Allgemeinen sehr angenehm, aber die Ausr\u00fcstung des perfekten Radtouristen ist erforderlich, denn der Aigoual kann immer eine b\u00f6se \u00dcberraschung bereithalten!<\/p>\n\n\n\n<h2 class=\"wp-block-heading\">Die Schaltkreise<\/h2>\n\n\n\n<p><span class=\"flett\">N<\/span>nser Sammelpunkt befindet sich in St Sauveur Camprieu auf 1000 m H\u00f6he am Rande der D986 zwischen L'Esp\u00e9rou und Meyrueis. Das charmante Bergdorf ist von Wiesen und W\u00e4ldern umgeben und verf\u00fcgt \u00fcber einen k\u00fcnstlichen See und vor allem \u00fcber den Abgrund von Bramabiau (okzitanisch: le boeuf qui brame), aus dem der Bonheur-Bach nach einem kurzen unterirdischen Weg wieder entspringt.<\/p>\n\n\n\n<p>Wir werden uns im Nationalpark Cevennen bewegen, wo das Fahren abseits der Pisten strengstens verboten ist. Insbesondere Mountainbiker sollten die Wege und Pisten nicht verlassen. Dar\u00fcber hinaus d\u00fcrfen Sie nur zu Fu\u00df weitergehen. Das Pfl\u00fccken von Blumen ist strengstens untersagt.<\/p>\n\n\n\n<p>Die <a href=\"\/de\/membres\/cctours\/tours.php\/?lieu=Camprieu&amp;an=2011\">vorgeschlagene Routen<\/a> werden so gebaut, dass m\u00f6glichst viele Mitglieder der Bruderschaft teilnehmen k\u00f6nnen. Es wird immer die M\u00f6glichkeit geben, abzuk\u00fcrzen, oder es wird eine kleinere Strecke angeboten. Etwa 60 P\u00e4sse werden w\u00e4hrend dieses Aufenthalts zug\u00e4nglich sein sowie einige BPF-Standorte. Einige P\u00e4sse tauchen auf mehreren Touren auf und werden daher wiederholt. Wenn ein Pass hingegen mehr als einmal auf einer bestimmten Tour \u00fcberquert wird, erscheint er nur beim ersten Mal. Die P\u00e4sse werden in der Reihenfolge ihrer \u00dcberquerung in jeder Rundreise angegeben.<\/p>\n\n\n\n<p>Diejenigen, die nicht zu Fu\u00df gehen, werden mit zahlreichen Wanderungen nicht vergessen, aber auch Besichtigungen von Sehensw\u00fcrdigkeiten wie der Jonte- und Tarnschlucht, dem Aven Armand, Millau und seinem Viadukt, den Roquefort-Kellern, etc ...<\/p>\n\n\n\n<h2 class=\"wp-block-heading\">Unterk\u00fcnfte<\/h2>\n\n\n\n<p>Der Schwerpunkt wird auf dem Feriendorf \u00abLe Pont du Moulin\u00bb in Saint-Sauveur-Camprieu liegen. Diese Einrichtung verf\u00fcgt \u00fcber die notwendigen Einrichtungen f\u00fcr einen erfolgreichen Aufenthalt. Der Campingplatz \u00abT\u00e9rondel\u00bb, der an das Ferienzentrum angrenzt, vermietet ebenfalls Mobilheime. Die Gemeinde, in der wir untergebracht sind, verf\u00fcgt \u00fcber einen Parkplatz und Stellpl\u00e4tze f\u00fcr Wohnmobile.<br>Die meisten Zimmer im Zentrum Pont du Moulin sind als \u00abMini-Appartements\u00bb mit zwei Zimmern eingerichtet, eines mit zwei Betten und das andere mit drei Betten (davon ein Etagenbett), mit gemeinsamen Sanit\u00e4ranlagen f\u00fcr beide Zimmer (siehe nebenstehenden typischen Plan). Wir werden vorrangig Paare in den Zweibettzimmern und Einzelpersonen in den Dreibettzimmern unterbringen.<\/p>\n\n\n\n<p>Vor Ort gibt es auch ein Hotel (l'auberge du Bonheur) und zahlreiche Ferienunterk\u00fcnfte. Das 7 km entfernte Dorf L'Esp\u00e9rou ist durch eine ausgezeichnete Stra\u00dfe erschlossen und bietet zwei Hotels und vier Etappenunterk\u00fcnfte. Viele Wanderwege f\u00fchren durch dieses Dorf.<\/p>\n\n\n\n<h2 class=\"wp-block-heading\">Fotoalben<\/h2>\n\n\n\n<figure class=\"wp-block-gallery has-nested-images columns-4 is-cropped wp-block-gallery-2 is-layout-flex wp-block-gallery-is-layout-flex\">\n<figure class=\"wp-block-image size-full\"><a href=\"https:\/\/centcols.org\/de\/util\/visuAlbum.php\/?album=06028-002\" target=\"_blank\" rel=\"noreferrer noopener\"><img loading=\"lazy\" decoding=\"async\" width=\"1200\" height=\"674\" data-id=\"88944\" src=\"https:\/\/centcols.org\/wp-content\/uploads\/2011\/04\/L00316-1.jpg\" alt=\"\" class=\"wp-image-88944\" srcset=\"https:\/\/centcols.org\/wp-content\/uploads\/2011\/04\/L00316-1.jpg 1200w, https:\/\/centcols.org\/wp-content\/uploads\/2011\/04\/L00316-1-768x431.jpg 768w\" sizes=\"auto, (max-width: 1200px) 100vw, 1200px\" \/><\/a><figcaption class=\"wp-element-caption\">Fotoalbum von Jean-Pierre Lambert<\/figcaption><\/figure>\n\n\n\n<figure class=\"wp-block-image size-full\"><a href=\"https:\/\/centcols.org\/les_rendez-vous\/2011\/Camprieu\/albums\/1420\/album.htm\" target=\"_blank\" rel=\"noreferrer noopener\"><img loading=\"lazy\" decoding=\"async\" width=\"1200\" height=\"806\" data-id=\"88945\" src=\"https:\/\/centcols.org\/wp-content\/uploads\/2011\/04\/L02613-1.jpg\" alt=\"\" class=\"wp-image-88945\" srcset=\"https:\/\/centcols.org\/wp-content\/uploads\/2011\/04\/L02613-1.jpg 1200w, https:\/\/centcols.org\/wp-content\/uploads\/2011\/04\/L02613-1-768x516.jpg 768w\" sizes=\"auto, (max-width: 1200px) 100vw, 1200px\" \/><\/a><figcaption class=\"wp-element-caption\">Fotoalbum von Alain Minard (stellvertretender B\u00fcrgermeister von Camprieu)<\/figcaption><\/figure>\n\n\n\n<figure class=\"wp-block-image size-full\"><a href=\"https:\/\/centcols.org\/de\/util\/visuAlbum.php\/?album=03225-002\" target=\"_blank\" rel=\"noreferrer noopener\"><img loading=\"lazy\" decoding=\"async\" width=\"1200\" height=\"806\" data-id=\"88946\" src=\"https:\/\/centcols.org\/wp-content\/uploads\/2011\/04\/L03324-1.jpg\" alt=\"\" class=\"wp-image-88946\" srcset=\"https:\/\/centcols.org\/wp-content\/uploads\/2011\/04\/L03324-1.jpg 1200w, https:\/\/centcols.org\/wp-content\/uploads\/2011\/04\/L03324-1-768x516.jpg 768w\" sizes=\"auto, (max-width: 1200px) 100vw, 1200px\" \/><\/a><figcaption class=\"wp-element-caption\">Fotoalbum von Alain Minard (stellvertretender B\u00fcrgermeister von Camprieu)<\/figcaption><\/figure>\n\n\n\n<figure class=\"wp-block-image size-full\"><a href=\"https:\/\/centcols.org\/de\/les_rendez-vous\/2011\/Camprieu\/albums\/5642\/\" target=\"_blank\" rel=\"noreferrer noopener\"><img loading=\"lazy\" decoding=\"async\" width=\"868\" height=\"579\" data-id=\"88948\" src=\"https:\/\/centcols.org\/wp-content\/uploads\/2011\/04\/camprieu14.jpg\" alt=\"\" class=\"wp-image-88948\" srcset=\"https:\/\/centcols.org\/wp-content\/uploads\/2011\/04\/camprieu14.jpg 868w, https:\/\/centcols.org\/wp-content\/uploads\/2011\/04\/camprieu14-768x512.jpg 768w\" sizes=\"auto, (max-width: 868px) 100vw, 868px\" \/><\/a><figcaption class=\"wp-element-caption\">Fotoalbum von Hubert Becker<\/figcaption><\/figure>\n\n\n\n<figure class=\"wp-block-image size-full\"><a href=\"https:\/\/centcols.org\/de\/util\/visuAlbum.php\/?album=03019-001\" target=\"_blank\" rel=\"noreferrer noopener\"><img loading=\"lazy\" decoding=\"async\" width=\"640\" height=\"425\" data-id=\"88950\" src=\"https:\/\/centcols.org\/wp-content\/uploads\/2011\/04\/L02014-e1.jpg\" alt=\"\" class=\"wp-image-88950\"\/><\/a><figcaption class=\"wp-element-caption\">Fotoalbum von Ghislain Molitor<\/figcaption><\/figure>\n\n\n\n<figure class=\"wp-block-image size-full\"><a href=\"https:\/\/centcols.org\/de\/util\/visuAlbum.php\/?album=06862-002\" target=\"_blank\" rel=\"noreferrer noopener\"><img loading=\"lazy\" decoding=\"async\" width=\"640\" height=\"480\" data-id=\"88951\" src=\"https:\/\/centcols.org\/wp-content\/uploads\/2011\/04\/L01215-1.jpg\" alt=\"\" class=\"wp-image-88951\"\/><\/a><figcaption class=\"wp-element-caption\">Fotoalbum von Philippe Marquet<\/figcaption><\/figure>\n\n\n\n<figure class=\"wp-block-image size-full\"><a href=\"https:\/\/centcols.org\/de\/util\/visuAlbum.php\/?album=06642-003\" target=\"_blank\" rel=\"noreferrer noopener\"><img loading=\"lazy\" decoding=\"async\" width=\"1200\" height=\"900\" data-id=\"88952\" src=\"https:\/\/centcols.org\/wp-content\/uploads\/2011\/04\/L02813-1.jpg\" alt=\"\" class=\"wp-image-88952\" srcset=\"https:\/\/centcols.org\/wp-content\/uploads\/2011\/04\/L02813-1.jpg 1200w, https:\/\/centcols.org\/wp-content\/uploads\/2011\/04\/L02813-1-768x576.jpg 768w\" sizes=\"auto, (max-width: 1200px) 100vw, 1200px\" \/><\/a><figcaption class=\"wp-element-caption\">Fotoalbum von Jo\u00eblle De Rudder-Bonnel<\/figcaption><\/figure>\n\n\n\n<figure class=\"wp-block-image size-full\"><a href=\"https:\/\/centcols.org\/de\/util\/visuAlbum.php\/?album=04782-001\" target=\"_blank\" rel=\"noreferrer noopener\"><img loading=\"lazy\" decoding=\"async\" width=\"1365\" height=\"1024\" data-id=\"88953\" src=\"https:\/\/centcols.org\/wp-content\/uploads\/2011\/04\/L01415.jpg\" alt=\"\" class=\"wp-image-88953\" srcset=\"https:\/\/centcols.org\/wp-content\/uploads\/2011\/04\/L01415.jpg 1365w, https:\/\/centcols.org\/wp-content\/uploads\/2011\/04\/L01415-1200x900.jpg 1200w, https:\/\/centcols.org\/wp-content\/uploads\/2011\/04\/L01415-768x576.jpg 768w\" sizes=\"auto, (max-width: 1365px) 100vw, 1365px\" \/><\/a><figcaption class=\"wp-element-caption\">Fotoalbum von Serge Polloni<\/figcaption><\/figure>\n\n\n\n<figure class=\"wp-block-image size-full\"><a href=\"https:\/\/centcols.org\/de\/util\/visuAlbum.php\/?album=05650-005\" target=\"_blank\" rel=\"noreferrer noopener\"><img loading=\"lazy\" decoding=\"async\" width=\"1200\" height=\"900\" data-id=\"88956\" src=\"https:\/\/centcols.org\/wp-content\/uploads\/2011\/04\/L02913-1.jpg\" alt=\"\" class=\"wp-image-88956\" srcset=\"https:\/\/centcols.org\/wp-content\/uploads\/2011\/04\/L02913-1.jpg 1200w, https:\/\/centcols.org\/wp-content\/uploads\/2011\/04\/L02913-1-768x576.jpg 768w\" sizes=\"auto, (max-width: 1200px) 100vw, 1200px\" \/><\/a><figcaption class=\"wp-element-caption\">Fotoalbum von Alf\u00e9o Lotto<\/figcaption><\/figure>\n\n\n\n<figure class=\"wp-block-image size-full\"><img loading=\"lazy\" decoding=\"async\" width=\"800\" height=\"600\" data-id=\"88957\" src=\"https:\/\/centcols.org\/wp-content\/uploads\/2011\/04\/Camprieu-021.jpg\" alt=\"\" class=\"wp-image-88957\" srcset=\"https:\/\/centcols.org\/wp-content\/uploads\/2011\/04\/Camprieu-021.jpg 800w, https:\/\/centcols.org\/wp-content\/uploads\/2011\/04\/Camprieu-021-768x576.jpg 768w\" sizes=\"auto, (max-width: 800px) 100vw, 800px\" \/><figcaption class=\"wp-element-caption\">Fotoalbum von Guy Cambess\u00e8d\u00e8s<\/figcaption><\/figure>\n\n\n\n<figure class=\"wp-block-image size-full\"><a href=\"https:\/\/centcols.org\/de\/util\/visuAlbum.php\/?album=03225-004\" target=\"_blank\" rel=\"noreferrer noopener\"><img loading=\"lazy\" decoding=\"async\" width=\"1200\" height=\"900\" data-id=\"88958\" src=\"https:\/\/centcols.org\/wp-content\/uploads\/2011\/04\/L01914-1.jpg\" alt=\"\" class=\"wp-image-88958\" srcset=\"https:\/\/centcols.org\/wp-content\/uploads\/2011\/04\/L01914-1.jpg 1200w, https:\/\/centcols.org\/wp-content\/uploads\/2011\/04\/L01914-1-768x576.jpg 768w\" sizes=\"auto, (max-width: 1200px) 100vw, 1200px\" \/><\/a><figcaption class=\"wp-element-caption\">Fotoalbum von R\u00e9gis Paraz<\/figcaption><\/figure>\n\n\n\n<figure class=\"wp-block-image size-full\"><a href=\"https:\/\/centcols.org\/les_rendez-vous\/2011\/Camprieu\/albums\/3239\/album.htm\" target=\"_blank\" rel=\"noreferrer noopener\"><img loading=\"lazy\" decoding=\"async\" width=\"800\" height=\"600\" data-id=\"88960\" src=\"https:\/\/centcols.org\/wp-content\/uploads\/2011\/04\/P1050259.jpg\" alt=\"\" class=\"wp-image-88960\" srcset=\"https:\/\/centcols.org\/wp-content\/uploads\/2011\/04\/P1050259.jpg 800w, https:\/\/centcols.org\/wp-content\/uploads\/2011\/04\/P1050259-768x576.jpg 768w\" sizes=\"auto, (max-width: 800px) 100vw, 800px\" \/><\/a><figcaption class=\"wp-element-caption\">Fotoalbum von Alain Dabe<\/figcaption><\/figure>\n\n\n\n<figure class=\"wp-block-image size-full\"><a href=\"https:\/\/centcols.org\/de\/util\/visuAlbum.php\/?album=00722-005\" target=\"_blank\" rel=\"noreferrer noopener\"><img loading=\"lazy\" decoding=\"async\" width=\"500\" height=\"390\" data-id=\"88962\" src=\"https:\/\/centcols.org\/wp-content\/uploads\/2011\/04\/L00216-500x390-1.jpg\" alt=\"\" class=\"wp-image-88962\"\/><\/a><figcaption class=\"wp-element-caption\">Fotoalbum von Alain Gillodes<\/figcaption><\/figure>\n\n\n\n<figure class=\"wp-block-image size-full\"><a href=\"https:\/\/centcols.org\/de\/util\/visuAlbum.php\/?album=03092-003\" target=\"_blank\" rel=\"noreferrer noopener\"><img loading=\"lazy\" decoding=\"async\" width=\"1200\" height=\"900\" data-id=\"88963\" src=\"https:\/\/centcols.org\/wp-content\/uploads\/2011\/04\/L0881-1.jpg\" alt=\"\" class=\"wp-image-88963\" srcset=\"https:\/\/centcols.org\/wp-content\/uploads\/2011\/04\/L0881-1.jpg 1200w, https:\/\/centcols.org\/wp-content\/uploads\/2011\/04\/L0881-1-768x576.jpg 768w\" sizes=\"auto, (max-width: 1200px) 100vw, 1200px\" \/><\/a><figcaption class=\"wp-element-caption\">Fotoalbum von Phillipe Carrez<\/figcaption><\/figure>\n\n\n\n<figure class=\"wp-block-image size-full\"><a href=\"https:\/\/centcols.org\/de\/util\/visuAlbum.php\/?album=06441-001\" target=\"_blank\" rel=\"noreferrer noopener\"><img loading=\"lazy\" decoding=\"async\" width=\"1200\" height=\"900\" data-id=\"88964\" src=\"https:\/\/centcols.org\/wp-content\/uploads\/2011\/04\/L00915-1.jpg\" alt=\"\" class=\"wp-image-88964\" srcset=\"https:\/\/centcols.org\/wp-content\/uploads\/2011\/04\/L00915-1.jpg 1200w, https:\/\/centcols.org\/wp-content\/uploads\/2011\/04\/L00915-1-768x576.jpg 768w\" sizes=\"auto, (max-width: 1200px) 100vw, 1200px\" \/><\/a><figcaption class=\"wp-element-caption\">Fotoalbum von Maryse Renaud<\/figcaption><\/figure>\n\n\n\n<figure class=\"wp-block-image size-full\"><a href=\"https:\/\/centcols.org\/de\/util\/visuAlbum.php\/?album=01420-003\" target=\"_blank\" rel=\"noreferrer noopener\"><img loading=\"lazy\" decoding=\"async\" width=\"800\" height=\"600\" data-id=\"88965\" src=\"https:\/\/centcols.org\/wp-content\/uploads\/2011\/04\/M0238.jpg\" alt=\"\" class=\"wp-image-88965\" srcset=\"https:\/\/centcols.org\/wp-content\/uploads\/2011\/04\/M0238.jpg 800w, https:\/\/centcols.org\/wp-content\/uploads\/2011\/04\/M0238-768x576.jpg 768w\" sizes=\"auto, (max-width: 800px) 100vw, 800px\" \/><\/a><figcaption class=\"wp-element-caption\">Fotoalbum von Guy Cambess\u00e8d\u00e8s<\/figcaption><\/figure>\n\n\n\n<figure class=\"wp-block-image size-full\"><a href=\"https:\/\/centcols.org\/de\/util\/visuAlbum.php\/?album=03848-001\" target=\"_blank\" rel=\"noreferrer noopener\"><img loading=\"lazy\" decoding=\"async\" width=\"1200\" height=\"900\" data-id=\"88967\" src=\"https:\/\/centcols.org\/wp-content\/uploads\/2011\/04\/L1041-1.jpg\" alt=\"\" class=\"wp-image-88967\" srcset=\"https:\/\/centcols.org\/wp-content\/uploads\/2011\/04\/L1041-1.jpg 1200w, https:\/\/centcols.org\/wp-content\/uploads\/2011\/04\/L1041-1-768x576.jpg 768w\" sizes=\"auto, (max-width: 1200px) 100vw, 1200px\" \/><\/a><figcaption class=\"wp-element-caption\">Fotoalbum von Michel Boni<\/figcaption><\/figure>\n<\/figure>","protected":false},"excerpt":{"rendered":"<p>Pr\u00e9sentation Situ\u00e9 \u00e0 l\u2019extr\u00eame Ouest des C\u00e9vennes, le massif de l\u2019Aigoual sera notre \u00ab terrain de jeu \u00bb pour ce s\u00e9jour estival 2011. Le Mont Aigoual (1567m) est connu pour ses \u00ab caprices \u00bb m\u00e9t\u00e9orologiques, les expositions de M\u00e9t\u00e9o-France propos\u00e9es dans l\u2019observatoire sommital sauront vous apporter les connaissances n\u00e9cessaires pour bien comprendre ce climat si [&hellip;]<\/p>\n","protected":false},"author":3,"featured_media":82978,"comment_status":"closed","ping_status":"closed","sticky":false,"template":"","format":"standard","meta":{"_acf_changed":false,"footnotes":""},"categories":[349,384,135,363,393,231],"tags":[],"class_list":["post-81590","post","type-post","status-publish","format-standard","has-post-thumbnail","hentry","category-france-pays-sejours","category-occitanie-region-sejours","category-calendrier","category-massif-central-massif-sejours","category-30-gard","category-sejours"],"acf":[],"yoast_head":"<!-- This site is optimized with the Yoast SEO plugin v27.2 - https:\/\/yoast.com\/product\/yoast-seo-wordpress\/ -->\n<title>S\u00e9jour estival \u00e0 Saint-Sauveur-Camprieu (Gard) du 16 au 20 ao\u00fbt 2011 - Club des Cent Cols<\/title>\n<meta name=\"robots\" content=\"index, follow, max-snippet:-1, max-image-preview:large, max-video-preview:-1\" \/>\n<link rel=\"canonical\" href=\"https:\/\/centcols.org\/de\/aufenthalt-2011-camprieu\/\" \/>\n<meta property=\"og:locale\" content=\"de_DE\" \/>\n<meta property=\"og:type\" content=\"article\" \/>\n<meta property=\"og:title\" content=\"S\u00e9jour estival \u00e0 Saint-Sauveur-Camprieu (Gard) du 16 au 20 ao\u00fbt 2011 - Club des Cent Cols\" \/>\n<meta property=\"og:description\" content=\"Pr\u00e9sentation Situ\u00e9 \u00e0 l\u2019extr\u00eame Ouest des C\u00e9vennes, le massif de l\u2019Aigoual sera notre \u00ab terrain de jeu \u00bb pour ce s\u00e9jour estival 2011. Le Mont Aigoual (1567m) est connu pour ses \u00ab caprices \u00bb m\u00e9t\u00e9orologiques, les expositions de M\u00e9t\u00e9o-France propos\u00e9es dans l\u2019observatoire sommital sauront vous apporter les connaissances n\u00e9cessaires pour bien comprendre ce climat si [&hellip;]\" \/>\n<meta property=\"og:url\" content=\"https:\/\/centcols.org\/de\/aufenthalt-2011-camprieu\/\" \/>\n<meta property=\"og:site_name\" content=\"Club des Cent Cols\" \/>\n<meta property=\"article:publisher\" content=\"https:\/\/www.facebook.com\/groups\/5261880558\/?locale=fr_FR\" \/>\n<meta property=\"article:published_time\" content=\"2011-04-23T08:09:44+00:00\" \/>\n<meta property=\"article:modified_time\" content=\"2025-09-02T09:24:10+00:00\" \/>\n<meta property=\"og:image\" content=\"https:\/\/centcols.org\/wp-content\/uploads\/2015\/04\/genets1.jpg\" \/>\n\t<meta property=\"og:image:width\" content=\"200\" \/>\n\t<meta property=\"og:image:height\" content=\"150\" \/>\n\t<meta property=\"og:image:type\" content=\"image\/jpeg\" \/>\n<meta name=\"author\" content=\"Webmestre\" \/>\n<meta name=\"twitter:card\" content=\"summary_large_image\" \/>\n<meta name=\"twitter:label1\" content=\"Verfasst von\" \/>\n\t<meta name=\"twitter:data1\" content=\"Webmestre\" \/>\n\t<meta name=\"twitter:label2\" content=\"Gesch\u00e4tzte Lesezeit\" \/>\n\t<meta name=\"twitter:data2\" content=\"11\u00a0Minuten\" \/>\n<script type=\"application\/ld+json\" class=\"yoast-schema-graph\">{\"@context\":\"https:\/\/schema.org\",\"@graph\":[{\"@type\":\"Article\",\"@id\":\"https:\/\/centcols.org\/sejour-2011-camprieu\/#article\",\"isPartOf\":{\"@id\":\"https:\/\/centcols.org\/sejour-2011-camprieu\/\"},\"author\":{\"name\":\"Webmestre\",\"@id\":\"https:\/\/centcols.org\/#\/schema\/person\/911b404fb133d8c913dd27cdcf71c8e5\"},\"headline\":\"S\u00e9jour estival \u00e0 Saint-Sauveur-Camprieu (Gard) du 16 au 20 ao\u00fbt 2011\",\"datePublished\":\"2011-04-23T08:09:44+00:00\",\"dateModified\":\"2025-09-02T09:24:10+00:00\",\"mainEntityOfPage\":{\"@id\":\"https:\/\/centcols.org\/sejour-2011-camprieu\/\"},\"wordCount\":1390,\"publisher\":{\"@id\":\"https:\/\/centcols.org\/#organization\"},\"image\":{\"@id\":\"https:\/\/centcols.org\/sejour-2011-camprieu\/#primaryimage\"},\"thumbnailUrl\":\"https:\/\/centcols.org\/wp-content\/uploads\/2015\/04\/genets1.jpg\",\"articleSection\":[\"France\",\"Occitanie\",\"Calendrier\",\"Massif Central\",\"30-Gard\",\"S\u00e9jours du Club des Cent Cols\"],\"inLanguage\":\"de\"},{\"@type\":\"WebPage\",\"@id\":\"https:\/\/centcols.org\/sejour-2011-camprieu\/\",\"url\":\"https:\/\/centcols.org\/sejour-2011-camprieu\/\",\"name\":\"S\u00e9jour estival \u00e0 Saint-Sauveur-Camprieu (Gard) du 16 au 20 ao\u00fbt 2011 - Club des Cent Cols\",\"isPartOf\":{\"@id\":\"https:\/\/centcols.org\/#website\"},\"primaryImageOfPage\":{\"@id\":\"https:\/\/centcols.org\/sejour-2011-camprieu\/#primaryimage\"},\"image\":{\"@id\":\"https:\/\/centcols.org\/sejour-2011-camprieu\/#primaryimage\"},\"thumbnailUrl\":\"https:\/\/centcols.org\/wp-content\/uploads\/2015\/04\/genets1.jpg\",\"datePublished\":\"2011-04-23T08:09:44+00:00\",\"dateModified\":\"2025-09-02T09:24:10+00:00\",\"breadcrumb\":{\"@id\":\"https:\/\/centcols.org\/sejour-2011-camprieu\/#breadcrumb\"},\"inLanguage\":\"de\",\"potentialAction\":[{\"@type\":\"ReadAction\",\"target\":[\"https:\/\/centcols.org\/sejour-2011-camprieu\/\"]}]},{\"@type\":\"ImageObject\",\"inLanguage\":\"de\",\"@id\":\"https:\/\/centcols.org\/sejour-2011-camprieu\/#primaryimage\",\"url\":\"https:\/\/centcols.org\/wp-content\/uploads\/2015\/04\/genets1.jpg\",\"contentUrl\":\"https:\/\/centcols.org\/wp-content\/uploads\/2015\/04\/genets1.jpg\",\"width\":200,\"height\":150},{\"@type\":\"BreadcrumbList\",\"@id\":\"https:\/\/centcols.org\/sejour-2011-camprieu\/#breadcrumb\",\"itemListElement\":[{\"@type\":\"ListItem\",\"position\":1,\"name\":\"Accueil\",\"item\":\"https:\/\/centcols.org\/\"},{\"@type\":\"ListItem\",\"position\":2,\"name\":\"S\u00e9jours du Club des Cent Cols\",\"item\":\"https:\/\/centcols.org\/rubrique\/sejours\/\"},{\"@type\":\"ListItem\",\"position\":3,\"name\":\"Pays\",\"item\":\"https:\/\/centcols.org\/rubrique\/sejours\/pays-sejours\/\"},{\"@type\":\"ListItem\",\"position\":4,\"name\":\"France\",\"item\":\"https:\/\/centcols.org\/rubrique\/sejours\/pays-sejours\/france-pays-sejours\/\"},{\"@type\":\"ListItem\",\"position\":5,\"name\":\"S\u00e9jour estival \u00e0 Saint-Sauveur-Camprieu (Gard) du 16 au 20 ao\u00fbt 2011\"}]},{\"@type\":\"WebSite\",\"@id\":\"https:\/\/centcols.org\/#website\",\"url\":\"https:\/\/centcols.org\/\",\"name\":\"Club des Cent Cols\",\"description\":\"\",\"publisher\":{\"@id\":\"https:\/\/centcols.org\/#organization\"},\"potentialAction\":[{\"@type\":\"SearchAction\",\"target\":{\"@type\":\"EntryPoint\",\"urlTemplate\":\"https:\/\/centcols.org\/?s={search_term_string}\"},\"query-input\":{\"@type\":\"PropertyValueSpecification\",\"valueRequired\":true,\"valueName\":\"search_term_string\"}}],\"inLanguage\":\"de\"},{\"@type\":\"Organization\",\"@id\":\"https:\/\/centcols.org\/#organization\",\"name\":\"Club des Cent Cols\",\"url\":\"https:\/\/centcols.org\/\",\"logo\":{\"@type\":\"ImageObject\",\"inLanguage\":\"de\",\"@id\":\"https:\/\/centcols.org\/#\/schema\/logo\/image\/\",\"url\":\"https:\/\/centcols.org\/wp-content\/uploads\/2025\/01\/carte-icone.png\",\"contentUrl\":\"https:\/\/centcols.org\/wp-content\/uploads\/2025\/01\/carte-icone.png\",\"width\":250,\"height\":250,\"caption\":\"Club des Cent Cols\"},\"image\":{\"@id\":\"https:\/\/centcols.org\/#\/schema\/logo\/image\/\"},\"sameAs\":[\"https:\/\/www.facebook.com\/groups\/5261880558\/?locale=fr_FR\"]},{\"@type\":\"Person\",\"@id\":\"https:\/\/centcols.org\/#\/schema\/person\/911b404fb133d8c913dd27cdcf71c8e5\",\"name\":\"Webmestre\",\"image\":{\"@type\":\"ImageObject\",\"inLanguage\":\"de\",\"@id\":\"https:\/\/centcols.org\/wp-content\/litespeed\/avatar\/2d246e4b6b4f773e08515e1ffc53690b.jpg?ver=1777222892\",\"url\":\"https:\/\/centcols.org\/wp-content\/litespeed\/avatar\/2d246e4b6b4f773e08515e1ffc53690b.jpg?ver=1777222892\",\"contentUrl\":\"https:\/\/centcols.org\/wp-content\/litespeed\/avatar\/2d246e4b6b4f773e08515e1ffc53690b.jpg?ver=1777222892\",\"caption\":\"Webmestre\"},\"url\":\"https:\/\/centcols.org\/de\/author\/webmestre\/\"}]}<\/script>\n<!-- \/ Yoast SEO plugin. -->","yoast_head_json":{"title":"Sommeraufenthalt in Saint-Sauveur-Camprieu (Gard) vom 16. bis 20. August 2011 - Club des Cent Cols","robots":{"index":"index","follow":"follow","max-snippet":"max-snippet:-1","max-image-preview":"max-image-preview:large","max-video-preview":"max-video-preview:-1"},"canonical":"https:\/\/centcols.org\/de\/aufenthalt-2011-camprieu\/","og_locale":"de_DE","og_type":"article","og_title":"S\u00e9jour estival \u00e0 Saint-Sauveur-Camprieu (Gard) du 16 au 20 ao\u00fbt 2011 - Club des Cent Cols","og_description":"Pr\u00e9sentation Situ\u00e9 \u00e0 l\u2019extr\u00eame Ouest des C\u00e9vennes, le massif de l\u2019Aigoual sera notre \u00ab terrain de jeu \u00bb pour ce s\u00e9jour estival 2011. Le Mont Aigoual (1567m) est connu pour ses \u00ab caprices \u00bb m\u00e9t\u00e9orologiques, les expositions de M\u00e9t\u00e9o-France propos\u00e9es dans l\u2019observatoire sommital sauront vous apporter les connaissances n\u00e9cessaires pour bien comprendre ce climat si [&hellip;]","og_url":"https:\/\/centcols.org\/de\/aufenthalt-2011-camprieu\/","og_site_name":"Club des Cent Cols","article_publisher":"https:\/\/www.facebook.com\/groups\/5261880558\/?locale=fr_FR","article_published_time":"2011-04-23T08:09:44+00:00","article_modified_time":"2025-09-02T09:24:10+00:00","og_image":[{"width":200,"height":150,"url":"https:\/\/centcols.org\/wp-content\/uploads\/2015\/04\/genets1.jpg","type":"image\/jpeg"}],"author":"Webmestre","twitter_card":"summary_large_image","twitter_misc":{"Verfasst von":"Webmestre","Gesch\u00e4tzte Lesezeit":"11\u00a0Minuten"},"schema":{"@context":"https:\/\/schema.org","@graph":[{"@type":"Article","@id":"https:\/\/centcols.org\/sejour-2011-camprieu\/#article","isPartOf":{"@id":"https:\/\/centcols.org\/sejour-2011-camprieu\/"},"author":{"name":"Webmestre","@id":"https:\/\/centcols.org\/#\/schema\/person\/911b404fb133d8c913dd27cdcf71c8e5"},"headline":"S\u00e9jour estival \u00e0 Saint-Sauveur-Camprieu (Gard) du 16 au 20 ao\u00fbt 2011","datePublished":"2011-04-23T08:09:44+00:00","dateModified":"2025-09-02T09:24:10+00:00","mainEntityOfPage":{"@id":"https:\/\/centcols.org\/sejour-2011-camprieu\/"},"wordCount":1390,"publisher":{"@id":"https:\/\/centcols.org\/#organization"},"image":{"@id":"https:\/\/centcols.org\/sejour-2011-camprieu\/#primaryimage"},"thumbnailUrl":"https:\/\/centcols.org\/wp-content\/uploads\/2015\/04\/genets1.jpg","articleSection":["France","Occitanie","Calendrier","Massif Central","30-Gard","S\u00e9jours du Club des Cent Cols"],"inLanguage":"de"},{"@type":"WebPage","@id":"https:\/\/centcols.org\/sejour-2011-camprieu\/","url":"https:\/\/centcols.org\/sejour-2011-camprieu\/","name":"Sommeraufenthalt in Saint-Sauveur-Camprieu (Gard) vom 16. bis 20. August 2011 - Club des Cent Cols","isPartOf":{"@id":"https:\/\/centcols.org\/#website"},"primaryImageOfPage":{"@id":"https:\/\/centcols.org\/sejour-2011-camprieu\/#primaryimage"},"image":{"@id":"https:\/\/centcols.org\/sejour-2011-camprieu\/#primaryimage"},"thumbnailUrl":"https:\/\/centcols.org\/wp-content\/uploads\/2015\/04\/genets1.jpg","datePublished":"2011-04-23T08:09:44+00:00","dateModified":"2025-09-02T09:24:10+00:00","breadcrumb":{"@id":"https:\/\/centcols.org\/sejour-2011-camprieu\/#breadcrumb"},"inLanguage":"de","potentialAction":[{"@type":"ReadAction","target":["https:\/\/centcols.org\/sejour-2011-camprieu\/"]}]},{"@type":"ImageObject","inLanguage":"de","@id":"https:\/\/centcols.org\/sejour-2011-camprieu\/#primaryimage","url":"https:\/\/centcols.org\/wp-content\/uploads\/2015\/04\/genets1.jpg","contentUrl":"https:\/\/centcols.org\/wp-content\/uploads\/2015\/04\/genets1.jpg","width":200,"height":150},{"@type":"BreadcrumbList","@id":"https:\/\/centcols.org\/sejour-2011-camprieu\/#breadcrumb","itemListElement":[{"@type":"ListItem","position":1,"name":"Accueil","item":"https:\/\/centcols.org\/"},{"@type":"ListItem","position":2,"name":"S\u00e9jours du Club des Cent Cols","item":"https:\/\/centcols.org\/rubrique\/sejours\/"},{"@type":"ListItem","position":3,"name":"Pays","item":"https:\/\/centcols.org\/rubrique\/sejours\/pays-sejours\/"},{"@type":"ListItem","position":4,"name":"France","item":"https:\/\/centcols.org\/rubrique\/sejours\/pays-sejours\/france-pays-sejours\/"},{"@type":"ListItem","position":5,"name":"S\u00e9jour estival \u00e0 Saint-Sauveur-Camprieu (Gard) du 16 au 20 ao\u00fbt 2011"}]},{"@type":"WebSite","@id":"https:\/\/centcols.org\/#website","url":"https:\/\/centcols.org\/","name":"Club des Cent Cols","description":"","publisher":{"@id":"https:\/\/centcols.org\/#organization"},"potentialAction":[{"@type":"SearchAction","target":{"@type":"EntryPoint","urlTemplate":"https:\/\/centcols.org\/?s={search_term_string}"},"query-input":{"@type":"PropertyValueSpecification","valueRequired":true,"valueName":"search_term_string"}}],"inLanguage":"de"},{"@type":"Organization","@id":"https:\/\/centcols.org\/#organization","name":"Club des Cent Cols","url":"https:\/\/centcols.org\/","logo":{"@type":"ImageObject","inLanguage":"de","@id":"https:\/\/centcols.org\/#\/schema\/logo\/image\/","url":"https:\/\/centcols.org\/wp-content\/uploads\/2025\/01\/carte-icone.png","contentUrl":"https:\/\/centcols.org\/wp-content\/uploads\/2025\/01\/carte-icone.png","width":250,"height":250,"caption":"Club des Cent Cols"},"image":{"@id":"https:\/\/centcols.org\/#\/schema\/logo\/image\/"},"sameAs":["https:\/\/www.facebook.com\/groups\/5261880558\/?locale=fr_FR"]},{"@type":"Person","@id":"https:\/\/centcols.org\/#\/schema\/person\/911b404fb133d8c913dd27cdcf71c8e5","name":"Webmaster","image":{"@type":"ImageObject","inLanguage":"de","@id":"https:\/\/centcols.org\/wp-content\/litespeed\/avatar\/2d246e4b6b4f773e08515e1ffc53690b.jpg?ver=1777222892","url":"https:\/\/centcols.org\/wp-content\/litespeed\/avatar\/2d246e4b6b4f773e08515e1ffc53690b.jpg?ver=1777222892","contentUrl":"https:\/\/centcols.org\/wp-content\/litespeed\/avatar\/2d246e4b6b4f773e08515e1ffc53690b.jpg?ver=1777222892","caption":"Webmestre"},"url":"https:\/\/centcols.org\/de\/author\/webmestre\/"}]}},"_links":{"self":[{"href":"https:\/\/centcols.org\/de\/wp-json\/wp\/v2\/posts\/81590","targetHints":{"allow":["GET"]}}],"collection":[{"href":"https:\/\/centcols.org\/de\/wp-json\/wp\/v2\/posts"}],"about":[{"href":"https:\/\/centcols.org\/de\/wp-json\/wp\/v2\/types\/post"}],"author":[{"embeddable":true,"href":"https:\/\/centcols.org\/de\/wp-json\/wp\/v2\/users\/3"}],"replies":[{"embeddable":true,"href":"https:\/\/centcols.org\/de\/wp-json\/wp\/v2\/comments?post=81590"}],"version-history":[{"count":0,"href":"https:\/\/centcols.org\/de\/wp-json\/wp\/v2\/posts\/81590\/revisions"}],"wp:featuredmedia":[{"embeddable":true,"href":"https:\/\/centcols.org\/de\/wp-json\/wp\/v2\/media\/82978"}],"wp:attachment":[{"href":"https:\/\/centcols.org\/de\/wp-json\/wp\/v2\/media?parent=81590"}],"wp:term":[{"taxonomy":"category","embeddable":true,"href":"https:\/\/centcols.org\/de\/wp-json\/wp\/v2\/categories?post=81590"},{"taxonomy":"post_tag","embeddable":true,"href":"https:\/\/centcols.org\/de\/wp-json\/wp\/v2\/tags?post=81590"}],"curies":[{"name":"wp","href":"https:\/\/api.w.org\/{rel}","templated":true}]}}