{"id":81608,"date":"2011-01-23T10:08:27","date_gmt":"2011-01-23T08:08:27","guid":{"rendered":"https:\/\/centcols.org\/sejour-de-printemps-en-catalogne-espagnole-a-ripoll-gi-du-9-au-16-avril-2011\/"},"modified":"2025-09-15T13:01:28","modified_gmt":"2025-09-15T11:01:28","slug":"aufenthalt-2011-ripoll","status":"publish","type":"post","link":"https:\/\/centcols.org\/de\/sejour-2011-ripoll\/","title":{"rendered":"Fr\u00fchjahrsreise nach Ripoll (GI) im spanischen Katalonien vom 9. bis 16. April 2011"},"content":{"rendered":"<h2 class=\"wp-block-heading\">Erkl\u00e4rungen<\/h2>\n\n\n\n<p><strong>Zum ersten Mal wird ein Aufenthalt des \"Club des Cent Cols\" au\u00dferhalb Frankreichs stattfinden. Unser Aufenthalt im Fr\u00fchjahr 2011 wird in Ripoll (65 km s\u00fcdlich von Bourg-Madame und 80 km westlich der Costa Brava) in der Provinz Girona in Katalonien stattfinden.<\/strong><\/p>\n\n\n\n<p>Ripoll\u00e8s ist eine Comarca (eine der 41 Verwaltungsbezirke Kataloniens), die von Bergen umgeben ist (Pyren\u00e4en im Norden und zahlreiche \u00abSerra\u00bb rundherum), von T\u00e4lern durchzogen ist (Vall de Ribes, de Camprodon und de Baix Ripoll\u00e8s) und von Norden nach S\u00fcden den Freser und den Ter durchflie\u00dft: Berge, Fl\u00fcsse, T\u00e4ler und D\u00f6rfer, die gr\u00f6\u00dftenteils aus dem Mittelalter stammen, lassen uns ihre Sch\u00f6nheit sch\u00e4tzen.<\/p>\n\n\n\n<p>Es ist eine Region, die ein gro\u00dfes Netz an Stra\u00dfen, Pisten, Wegen und Pfaden bietet, von P\u00e4ssen durchzogen ist und daher sehr g\u00fcnstig f\u00fcr die Aus\u00fcbung unserer Aktivit\u00e4t ist.<\/p>\n\n\n\n<p>Es ist auch eine der Regionen mit den meisten romanischen Geb\u00e4uden in Europa: 98 Denkm\u00e4ler in den 19 D\u00f6rfern der Comarca: Kl\u00f6ster, Einsiedeleien, Kirchen, mittelalterliche Br\u00fccken, die Sie auf Ihren Rad- oder Mountainbike-Touren unbedingt besichtigen sollten.<\/p>\n\n\n\n<p>Das Benediktinerkloster Santa Maria de Ripoll, das 880 von Guifred dem Kahlen gegr\u00fcndet wurde, entwickelte sich zu einem der wichtigsten Klosterzentren Kataloniens und blieb es bis zum 15. Dieses Bauwerk von gro\u00dfem historischen und kulturellen Interesse ist eines der sch\u00f6nsten Beispiele f\u00fcr die katalanische Romanik.<\/p>\n\n\n\n<p>Alain GILLODES ( CC Nr. 722) und Chantal SALA (CC Nr. 3674)<\/p>\n\n\n\n<figure class=\"wp-block-gallery has-nested-images columns-3 is-cropped wp-block-gallery-1 is-layout-flex wp-block-gallery-is-layout-flex\">\n<figure class=\"wp-block-image size-full\"><img loading=\"lazy\" decoding=\"async\" width=\"200\" height=\"150\" data-id=\"89083\" src=\"https:\/\/centcols.org\/wp-content\/uploads\/2011\/01\/santJaume.jpg\" alt=\"\" class=\"wp-image-89083\" srcset=\"https:\/\/centcols.org\/wp-content\/uploads\/2011\/01\/santJaume.jpg 200w, https:\/\/centcols.org\/wp-content\/uploads\/2011\/01\/santJaume-16x12.jpg 16w\" sizes=\"auto, (max-width: 200px) 100vw, 200px\" \/><\/figure>\n\n\n\n<figure class=\"wp-block-image size-full\"><img loading=\"lazy\" decoding=\"async\" width=\"418\" height=\"386\" data-id=\"89084\" src=\"https:\/\/centcols.org\/wp-content\/uploads\/2011\/01\/ripolles.jpg\" alt=\"\" class=\"wp-image-89084\" srcset=\"https:\/\/centcols.org\/wp-content\/uploads\/2011\/01\/ripolles.jpg 418w, https:\/\/centcols.org\/wp-content\/uploads\/2011\/01\/ripolles-13x12.jpg 13w\" sizes=\"auto, (max-width: 418px) 100vw, 418px\" \/><\/figure>\n\n\n\n<figure class=\"wp-block-image size-full\"><img loading=\"lazy\" decoding=\"async\" width=\"200\" height=\"150\" data-id=\"89085\" src=\"https:\/\/centcols.org\/wp-content\/uploads\/2011\/01\/rupit.jpg\" alt=\"\" class=\"wp-image-89085\" srcset=\"https:\/\/centcols.org\/wp-content\/uploads\/2011\/01\/rupit.jpg 200w, https:\/\/centcols.org\/wp-content\/uploads\/2011\/01\/rupit-16x12.jpg 16w\" sizes=\"auto, (max-width: 200px) 100vw, 200px\" \/><\/figure>\n<\/figure>\n\n\n\n<h2 class=\"wp-block-heading\">Wichtige praktische Informationen<\/h2>\n\n\n\n<h3 class=\"wp-block-heading\">Praktische Organisation<\/h3>\n\n\n\n<p>Die beiden Hotels, in denen wir untergebracht werden, liegen 3 km voneinander entfernt.<br>Bei der Ankunft in Ripoll erh\u00e4lt jeder von Ihnen (auch die Camper) eine Karte, die alle Informationen \u00fcber die gew\u00e4hlte Unterkunftsform und die bezahlten Leistungen enth\u00e4lt. Bitte tragen Sie diese Karte immer bei sich, vor allem bei Ihren Besuchen im Restaurant. Die Karte wird Ihnen im Hotel, in dem Sie untergebracht sind, ausgeh\u00e4ndigt, entweder am Samstag, den 9. April, zwischen 16.00 und 17.45 Uhr w\u00e4hrend der Sprechstunde, die wir abhalten werden, oder au\u00dferhalb dieser Zeit an der Rezeption Ihres Hotels. Alle Teilnehmer treffen sich dann um 18 Uhr im Hotel La SOLANA del TER zum Begr\u00fc\u00dfungsgetr\u00e4nk.<br>Jedes der Hotels stellt uns einen Fahrradraum zur Verf\u00fcgung.<\/p>\n\n\n\n<h3 class=\"wp-block-heading\">Zeitpl\u00e4ne f\u00fcr die Mahlzeiten<\/h3>\n\n\n\n<ul class=\"wp-block-list\">\n<li>Fr\u00fchst\u00fcck (und Abholung des Picknicks) um 7:30 Uhr<\/li>\n\n\n\n<li>Abendessen um 20 Uhr<\/li>\n<\/ul>\n\n\n\n<h3 class=\"wp-block-heading\">Start der Wanderungen<\/h3>\n\n\n\n<p>9.00 Uhr am tats\u00e4chlichen Startort, nach eventueller Ann\u00e4herung mit dem Auto.<\/p>\n\n\n\n<p>Das detaillierte Programm gibt f\u00fcr jede Tour den tats\u00e4chlichen Abfahrtsort und den gew\u00e4hlten Parkplatz an; auf der interaktiven Karte jeder Tour k\u00f6nnen Sie sich den Abfahrtsort genau anzeigen lassen (siehe rechts); au\u00dferdem wird die Entfernung von Ripoll angegeben, die in der Regel 35 km oder weniger betr\u00e4gt, und es werden die Sehensw\u00fcrdigkeiten angegeben. Diese werden in den kulturellen und touristischen Hinweisen ausf\u00fchrlich beschrieben.<\/p>\n\n\n\n<h3 class=\"wp-block-heading\">Programm der Animationen<\/h3>\n\n\n\n<ul class=\"wp-block-list\">\n<li>Samstag, 9. April 2011\n<ul class=\"wp-block-list\">\n<li>Ab 16 Uhr Empfang der Teilnehmer in jedem Hotel, Aush\u00e4ndigung der individuellen Karten f\u00fcr den Aufenthalt<\/li>\n\n\n\n<li>Um 18 Uhr: Vorstellung des Aufenthalts und des Programms durch den Pr\u00e4sidenten R\u00e9gis Paraz; Willkommensaperitif in Anwesenheit der B\u00fcrgermeisterin von Ripoll, Frau Jorda y Roura.<\/li>\n<\/ul>\n<\/li>\n\n\n\n<li>Montag, 11. April 2011\n<ul class=\"wp-block-list\">\n<li>Um 18 Uhr Kurzer Vortrag \u00fcber die Geschichte Kataloniens, gehalten von Mich\u00e8le, Lehrerin in Ripoll.<\/li>\n<\/ul>\n<\/li>\n\n\n\n<li>Mittwoch, 13. April 2011\n<ul class=\"wp-block-list\">\n<li>Um 18.30 Uhr Vortrag \u00fcber Herz-Kreislauf-Erkrankungen und Risiken bei der Aus\u00fcbung unseres Sports von Dr. Bernard Corbet (CC Nr. 5364)<\/li>\n<\/ul>\n<\/li>\n\n\n\n<li>Freitag, 15. April 2011\n<ul class=\"wp-block-list\">\n<li>Um 18 Uhr Kleines Konzert mit katalanischer Musik, das von Frau Jorda y Roura, B\u00fcrgermeisterin von Ripoll, angeboten wird.<\/li>\n\n\n\n<li>Um 19 Uhr Aperitif zum Abschluss des Aufenthalts im Hotel LA TROBADA<\/li>\n<\/ul>\n<\/li>\n<\/ul>\n\n\n\n<p>Die Boutique steht Ihnen an zwei Abenden (die Tage und der Ort werden vor Ort festgelegt) von 18 bis 20 Uhr zur Verf\u00fcgung.<\/p>\n\n\n\n<h3 class=\"wp-block-heading\">Pinnw\u00e4nde<\/h3>\n\n\n\n<p>In jedem Hotel gibt es ein schwarzes Brett mit den n\u00f6tigen Informationen - vergessen Sie nicht, es zu beachten.<\/p>\n\n\n\n<h2 class=\"wp-block-heading\">Die Schaltkreise<\/h2>\n\n\n\n<p><a href=\"\/de\/membres\/cctours\/tours.php\/?lieu=Ripoll&amp;an=2011&amp;genre=R\">Sieben Stra\u00dfentouren<\/a> und <a href=\"\/de\/membres\/cctours\/tours.php\/?lieu=Ripoll&amp;an=2011&amp;genre=V\">sieben Mountainbike-Routen<\/a> werden angeboten. Vier der Stra\u00dfenrouten beginnen in Ripoll und drei erfordern Vorspr\u00fcnge mit dem Auto zwischen 12 und 37 km. Zwei der Mountainbike-Routen beginnen in Ripoll, die anderen m\u00fcssen um 12 bis 26 km versetzt werden.<\/p>\n\n\n\n<p>Im April ist das Wetter in dieser Region, die auf der Mittelmeerseite der Wasserscheide und s\u00fcdlich der Pyren\u00e4enkette liegt, normalerweise mild. Denken Sie jedoch daran, dass Ripoll in einem Tal auf 700 m H\u00f6he liegt und dass sich alle Touren in gr\u00f6\u00dferer H\u00f6he befinden werden, wobei eine der Stra\u00dfentouren bis auf 2104 m H\u00f6he f\u00fchrt. Planen Sie daher geeignete Kleidung ein.<\/p>\n\n\n\n<figure class=\"wp-block-gallery has-nested-images columns-2 is-cropped wp-block-gallery-2 is-layout-flex wp-block-gallery-is-layout-flex\">\n<figure class=\"wp-block-image size-full\"><img loading=\"lazy\" decoding=\"async\" width=\"200\" height=\"150\" data-id=\"90349\" src=\"https:\/\/centcols.org\/wp-content\/uploads\/2011\/01\/vidra.jpg\" alt=\"\" class=\"wp-image-90349\" srcset=\"https:\/\/centcols.org\/wp-content\/uploads\/2011\/01\/vidra.jpg 200w, https:\/\/centcols.org\/wp-content\/uploads\/2011\/01\/vidra-16x12.jpg 16w\" sizes=\"auto, (max-width: 200px) 100vw, 200px\" \/><\/figure>\n\n\n\n<figure class=\"wp-block-image size-full\"><img loading=\"lazy\" decoding=\"async\" width=\"200\" height=\"150\" data-id=\"90350\" src=\"https:\/\/centcols.org\/wp-content\/uploads\/2011\/01\/pal.jpg\" alt=\"\" class=\"wp-image-90350\" srcset=\"https:\/\/centcols.org\/wp-content\/uploads\/2011\/01\/pal.jpg 200w, https:\/\/centcols.org\/wp-content\/uploads\/2011\/01\/pal-16x12.jpg 16w\" sizes=\"auto, (max-width: 200px) 100vw, 200px\" \/><\/figure>\n<\/figure>\n\n\n\n<h6 class=\"wp-block-heading\">Die Stra\u00dfentouren wurden von Alain Gillodes und Chantal Sala entworfen und von Mario Labelle nachgezeichnet.<br>Laden Sie eine <a href=\"https:\/\/centcols.org\/wp-content\/uploads\/2025\/09\/routiers_papier.jpg\" target=\"_blank\" rel=\"noreferrer noopener\">\u00dcbersichtskarte<\/a> druckbare Version aller Stra\u00dfenrouten (1,9 MB) - Dank an G\u00e9rard Birelli.<\/h6>\n\n\n\n<h6 class=\"wp-block-heading\">Die Mountainbike-Routen wurden von Alain Gillodes und Chantal Sala entworfen und von G\u00e9rard Birelli nachgezeichnet.<\/h6>\n\n\n\n<figure class=\"wp-block-gallery has-nested-images columns-8 is-cropped wp-block-gallery-3 is-layout-flex wp-block-gallery-is-layout-flex\">\n<figure class=\"wp-block-image size-full\"><a href=\"https:\/\/centcols.org\/wp-content\/uploads\/2011\/01\/trobada.jpg\"><img loading=\"lazy\" decoding=\"async\" width=\"200\" height=\"150\" data-id=\"89087\" src=\"https:\/\/centcols.org\/wp-content\/uploads\/2011\/01\/trobada.jpg\" alt=\"\" class=\"wp-image-89087\" srcset=\"https:\/\/centcols.org\/wp-content\/uploads\/2011\/01\/trobada.jpg 200w, https:\/\/centcols.org\/wp-content\/uploads\/2011\/01\/trobada-16x12.jpg 16w\" sizes=\"auto, (max-width: 200px) 100vw, 200px\" \/><\/a><\/figure>\n\n\n\n<figure class=\"wp-block-image size-full\"><a href=\"https:\/\/centcols.org\/wp-content\/uploads\/2011\/01\/elRipolles.png\"><img loading=\"lazy\" decoding=\"async\" width=\"200\" height=\"62\" data-id=\"89088\" src=\"https:\/\/centcols.org\/wp-content\/uploads\/2011\/01\/elRipolles.png\" alt=\"\" class=\"wp-image-89088\" srcset=\"https:\/\/centcols.org\/wp-content\/uploads\/2011\/01\/elRipolles.png 200w, https:\/\/centcols.org\/wp-content\/uploads\/2011\/01\/elRipolles-18x6.png 18w\" sizes=\"auto, (max-width: 200px) 100vw, 200px\" \/><\/a><\/figure>\n\n\n\n<figure class=\"wp-block-image size-full\"><a href=\"https:\/\/centcols.org\/wp-content\/uploads\/2011\/01\/espanya.png\"><img loading=\"lazy\" decoding=\"async\" width=\"200\" height=\"133\" data-id=\"89090\" src=\"https:\/\/centcols.org\/wp-content\/uploads\/2011\/01\/espanya.png\" alt=\"\" class=\"wp-image-89090\" srcset=\"https:\/\/centcols.org\/wp-content\/uploads\/2011\/01\/espanya.png 200w, https:\/\/centcols.org\/wp-content\/uploads\/2011\/01\/espanya-18x12.png 18w\" sizes=\"auto, (max-width: 200px) 100vw, 200px\" \/><\/a><\/figure>\n\n\n\n<figure class=\"wp-block-image size-full\"><a href=\"https:\/\/centcols.org\/wp-content\/uploads\/2011\/01\/girona.png\"><img loading=\"lazy\" decoding=\"async\" width=\"200\" height=\"133\" data-id=\"89091\" src=\"https:\/\/centcols.org\/wp-content\/uploads\/2011\/01\/girona.png\" alt=\"\" class=\"wp-image-89091\" srcset=\"https:\/\/centcols.org\/wp-content\/uploads\/2011\/01\/girona.png 200w, https:\/\/centcols.org\/wp-content\/uploads\/2011\/01\/girona-18x12.png 18w\" sizes=\"auto, (max-width: 200px) 100vw, 200px\" \/><\/a><\/figure>\n\n\n\n<figure class=\"wp-block-image size-full\"><a href=\"https:\/\/centcols.org\/wp-content\/uploads\/2011\/01\/ripoll.png\"><img loading=\"lazy\" decoding=\"async\" width=\"200\" height=\"133\" data-id=\"89092\" src=\"https:\/\/centcols.org\/wp-content\/uploads\/2011\/01\/ripoll.png\" alt=\"\" class=\"wp-image-89092\" srcset=\"https:\/\/centcols.org\/wp-content\/uploads\/2011\/01\/ripoll.png 200w, https:\/\/centcols.org\/wp-content\/uploads\/2011\/01\/ripoll-18x12.png 18w\" sizes=\"auto, (max-width: 200px) 100vw, 200px\" \/><\/a><\/figure>\n\n\n\n<figure class=\"wp-block-image size-full\"><a href=\"https:\/\/centcols.org\/wp-content\/uploads\/2011\/01\/senyera.png\"><img loading=\"lazy\" decoding=\"async\" width=\"200\" height=\"135\" data-id=\"89093\" src=\"https:\/\/centcols.org\/wp-content\/uploads\/2011\/01\/senyera.png\" alt=\"\" class=\"wp-image-89093\" srcset=\"https:\/\/centcols.org\/wp-content\/uploads\/2011\/01\/senyera.png 200w, https:\/\/centcols.org\/wp-content\/uploads\/2011\/01\/senyera-18x12.png 18w\" sizes=\"auto, (max-width: 200px) 100vw, 200px\" \/><\/a><\/figure>\n\n\n\n<figure class=\"wp-block-image size-full\"><a href=\"https:\/\/centcols.org\/wp-content\/uploads\/2011\/01\/solana.jpg\"><img loading=\"lazy\" decoding=\"async\" width=\"200\" height=\"150\" data-id=\"89094\" src=\"https:\/\/centcols.org\/wp-content\/uploads\/2011\/01\/solana.jpg\" alt=\"\" class=\"wp-image-89094\" srcset=\"https:\/\/centcols.org\/wp-content\/uploads\/2011\/01\/solana.jpg 200w, https:\/\/centcols.org\/wp-content\/uploads\/2011\/01\/solana-16x12.jpg 16w\" sizes=\"auto, (max-width: 200px) 100vw, 200px\" \/><\/a><\/figure>\n<\/figure>\n\n\n\n<h2 class=\"wp-block-heading\">Unterk\u00fcnfte<\/h2>\n\n\n\n<p>Die Teilnehmer werden in zwei Hotels in Ripoll untergebracht, da diese kleine Stadt mit 11.000 Einwohnern nicht \u00fcber ein einziges Hotel verf\u00fcgt, das unsere gro\u00dfe Anzahl an Radfahrern aufnehmen kann. Die Leistungen der beiden Hotels sind \u00e4hnlich und eines der beiden Hotels wurde Ihnen nach der Anmeldung zur Reise zugeteilt. Die beiden Hotels sind La Solana del Ter (S-Pin auf der Karte unten) und La Trobada (T-Pin).<\/p>\n\n\n\n<p>Die im Anmeldeformular angegebene Vollpensionspauschale deckt die Unterkunft f\u00fcr 7 N\u00e4chte vom 09.04. bis 15.04. einschlie\u00dflich und alle Mahlzeiten vom Abendessen am Samstagabend, den 09.04. bis zum Fr\u00fchst\u00fcck am Samstagmorgen, den 16.04. einschlie\u00dflich ab.<\/p>\n\n\n\n<h2 class=\"wp-block-heading\">Kulturelle und touristische Notizen<\/h2>\n\n\n\n<p>Auf diesem Dokument finden Sie <a href=\"https:\/\/centcols.org\/wp-content\/uploads\/2025\/09\/sites.pdf\">PDF<\/a> einige kulturelle und touristische Notizen zu einigen Orten in den Comarques Ripoll\u00e8s und Garrotxa, die Sie auf den Rundreisen des Aufenthalts durchqueren werden oder die sich in der N\u00e4he befinden und einen Besuch wert sind.<\/p>\n\n\n\n<h2 class=\"wp-block-heading\">Fotoalben<\/h2>\n\n\n\n<figure class=\"wp-block-gallery has-nested-images columns-default is-cropped wp-block-gallery-4 is-layout-flex wp-block-gallery-is-layout-flex\">\n<figure class=\"wp-block-image size-full\"><a href=\"https:\/\/centcols.org\/de\/util\/visuAlbum.php\/?album=00722-003\" target=\"_blank\" rel=\"noreferrer noopener\"><img loading=\"lazy\" decoding=\"async\" width=\"800\" height=\"600\" data-id=\"89099\" src=\"https:\/\/centcols.org\/wp-content\/uploads\/2011\/01\/ripoll-gillodes.jpg\" alt=\"\" class=\"wp-image-89099\" srcset=\"https:\/\/centcols.org\/wp-content\/uploads\/2011\/01\/ripoll-gillodes.jpg 800w, https:\/\/centcols.org\/wp-content\/uploads\/2011\/01\/ripoll-gillodes-768x576.jpg 768w, https:\/\/centcols.org\/wp-content\/uploads\/2011\/01\/ripoll-gillodes-16x12.jpg 16w\" sizes=\"auto, (max-width: 800px) 100vw, 800px\" \/><\/a><figcaption class=\"wp-element-caption\">Album von Alain Gillodes<\/figcaption><\/figure>\n\n\n\n<figure class=\"wp-block-image size-full\"><a href=\"https:\/\/centcols.org\/de\/util\/visuAlbum.php\/?album=06028-001\" target=\"_blank\" rel=\"noreferrer noopener\"><img loading=\"lazy\" decoding=\"async\" width=\"800\" height=\"450\" data-id=\"89101\" src=\"https:\/\/centcols.org\/wp-content\/uploads\/2011\/01\/ripoll-L01315.jpg\" alt=\"\" class=\"wp-image-89101\" srcset=\"https:\/\/centcols.org\/wp-content\/uploads\/2011\/01\/ripoll-L01315.jpg 800w, https:\/\/centcols.org\/wp-content\/uploads\/2011\/01\/ripoll-L01315-768x432.jpg 768w, https:\/\/centcols.org\/wp-content\/uploads\/2011\/01\/ripoll-L01315-18x10.jpg 18w\" sizes=\"auto, (max-width: 800px) 100vw, 800px\" \/><\/a><figcaption class=\"wp-element-caption\">sie schaut auf uns herab!<\/figcaption><\/figure>\n\n\n\n<figure class=\"wp-block-image size-full\"><a href=\"https:\/\/centcols.org\/de\/util\/visuAlbum.php\/?album=02880-001\" target=\"_blank\" rel=\"noreferrer noopener\"><img loading=\"lazy\" decoding=\"async\" width=\"800\" height=\"600\" data-id=\"89102\" src=\"https:\/\/centcols.org\/wp-content\/uploads\/2011\/01\/ripoll-garcin.jpg\" alt=\"\" class=\"wp-image-89102\" srcset=\"https:\/\/centcols.org\/wp-content\/uploads\/2011\/01\/ripoll-garcin.jpg 800w, https:\/\/centcols.org\/wp-content\/uploads\/2011\/01\/ripoll-garcin-768x576.jpg 768w, https:\/\/centcols.org\/wp-content\/uploads\/2011\/01\/ripoll-garcin-16x12.jpg 16w\" sizes=\"auto, (max-width: 800px) 100vw, 800px\" \/><\/a><figcaption class=\"wp-element-caption\">Villers St Paul auf dem Bergkamm<\/figcaption><\/figure>\n\n\n\n<figure class=\"wp-block-image size-full\"><a href=\"https:\/\/centcols.org\/de\/util\/visuAlbum.php\/?album=06642-001\" target=\"_blank\" rel=\"noreferrer noopener\"><img loading=\"lazy\" decoding=\"async\" width=\"800\" height=\"600\" data-id=\"89103\" src=\"https:\/\/centcols.org\/wp-content\/uploads\/2011\/01\/ripoll-derudder.jpg\" alt=\"\" class=\"wp-image-89103\" srcset=\"https:\/\/centcols.org\/wp-content\/uploads\/2011\/01\/ripoll-derudder.jpg 800w, https:\/\/centcols.org\/wp-content\/uploads\/2011\/01\/ripoll-derudder-768x576.jpg 768w, https:\/\/centcols.org\/wp-content\/uploads\/2011\/01\/ripoll-derudder-16x12.jpg 16w\" sizes=\"auto, (max-width: 800px) 100vw, 800px\" \/><\/a><figcaption class=\"wp-element-caption\">Album von Joelle De Rudder-Bonnel<\/figcaption><\/figure>\n\n\n\n<figure class=\"wp-block-image size-full\"><a href=\"https:\/\/centcols.org\/de\/util\/visuAlbum.php\/?album=03237-001\" target=\"_blank\" rel=\"noreferrer noopener\"><img loading=\"lazy\" decoding=\"async\" width=\"800\" height=\"600\" data-id=\"89104\" src=\"https:\/\/centcols.org\/wp-content\/uploads\/2011\/01\/ripoll-L00815.jpg\" alt=\"\" class=\"wp-image-89104\" srcset=\"https:\/\/centcols.org\/wp-content\/uploads\/2011\/01\/ripoll-L00815.jpg 800w, https:\/\/centcols.org\/wp-content\/uploads\/2011\/01\/ripoll-L00815-768x576.jpg 768w, https:\/\/centcols.org\/wp-content\/uploads\/2011\/01\/ripoll-L00815-16x12.jpg 16w\" sizes=\"auto, (max-width: 800px) 100vw, 800px\" \/><\/a><figcaption class=\"wp-element-caption\">Album von Jean-Claude Prast<\/figcaption><\/figure>\n\n\n\n<figure class=\"wp-block-image size-full\"><a href=\"https:\/\/centcols.org\/de\/util\/visuAlbum.php\/?album=00550-008\" target=\"_blank\" rel=\"noreferrer noopener\"><img loading=\"lazy\" decoding=\"async\" width=\"800\" height=\"600\" data-id=\"89105\" src=\"https:\/\/centcols.org\/wp-content\/uploads\/2011\/01\/ripoll-besson.jpg\" alt=\"\" class=\"wp-image-89105\" srcset=\"https:\/\/centcols.org\/wp-content\/uploads\/2011\/01\/ripoll-besson.jpg 800w, https:\/\/centcols.org\/wp-content\/uploads\/2011\/01\/ripoll-besson-768x576.jpg 768w, https:\/\/centcols.org\/wp-content\/uploads\/2011\/01\/ripoll-besson-16x12.jpg 16w\" sizes=\"auto, (max-width: 800px) 100vw, 800px\" \/><\/a><figcaption class=\"wp-element-caption\">Album von Bernard Besson<\/figcaption><\/figure>\n\n\n\n<figure class=\"wp-block-image size-full\"><a href=\"https:\/\/centcols.org\/de\/util\/visuAlbum.php\/?album=03092-002\" target=\"_blank\" rel=\"noreferrer noopener\"><img loading=\"lazy\" decoding=\"async\" width=\"800\" height=\"600\" data-id=\"89107\" src=\"https:\/\/centcols.org\/wp-content\/uploads\/2011\/01\/ripoll-carrez.jpg\" alt=\"\" class=\"wp-image-89107\" srcset=\"https:\/\/centcols.org\/wp-content\/uploads\/2011\/01\/ripoll-carrez.jpg 800w, https:\/\/centcols.org\/wp-content\/uploads\/2011\/01\/ripoll-carrez-768x576.jpg 768w, https:\/\/centcols.org\/wp-content\/uploads\/2011\/01\/ripoll-carrez-16x12.jpg 16w\" sizes=\"auto, (max-width: 800px) 100vw, 800px\" \/><\/a><figcaption class=\"wp-element-caption\">Album von Philippe Carrez<\/figcaption><\/figure>\n\n\n\n<figure class=\"wp-block-image size-full\"><a href=\"https:\/\/centcols.org\/de\/util\/visuAlbum.php\/?album=06796-001\" target=\"_blank\" rel=\"noreferrer noopener\"><img loading=\"lazy\" decoding=\"async\" width=\"800\" height=\"600\" data-id=\"89108\" src=\"https:\/\/centcols.org\/wp-content\/uploads\/2011\/01\/ripoll-andurand.jpg\" alt=\"\" class=\"wp-image-89108\" srcset=\"https:\/\/centcols.org\/wp-content\/uploads\/2011\/01\/ripoll-andurand.jpg 800w, https:\/\/centcols.org\/wp-content\/uploads\/2011\/01\/ripoll-andurand-768x576.jpg 768w, https:\/\/centcols.org\/wp-content\/uploads\/2011\/01\/ripoll-andurand-16x12.jpg 16w\" sizes=\"auto, (max-width: 800px) 100vw, 800px\" \/><\/a><figcaption class=\"wp-element-caption\">Album von Michel Andurand<\/figcaption><\/figure>\n\n\n\n<figure class=\"wp-block-image size-full\"><a href=\"https:\/\/centcols.org\/de\/util\/visuAlbum.php\/?album=05600-002\" target=\"_blank\" rel=\"noreferrer noopener\"><img loading=\"lazy\" decoding=\"async\" width=\"800\" height=\"508\" data-id=\"89111\" src=\"https:\/\/centcols.org\/wp-content\/uploads\/2011\/01\/ripoll-court.jpg\" alt=\"\" class=\"wp-image-89111\" srcset=\"https:\/\/centcols.org\/wp-content\/uploads\/2011\/01\/ripoll-court.jpg 800w, https:\/\/centcols.org\/wp-content\/uploads\/2011\/01\/ripoll-court-768x488.jpg 768w, https:\/\/centcols.org\/wp-content\/uploads\/2011\/01\/ripoll-court-18x12.jpg 18w\" sizes=\"auto, (max-width: 800px) 100vw, 800px\" \/><\/a><figcaption class=\"wp-element-caption\">Album von Hubert Court<\/figcaption><\/figure>\n<\/figure>\n\n\n\n<p><\/p>","protected":false},"excerpt":{"rendered":"<p>Pr\u00e9sentation Pour la premi\u00e8re fois, un s\u00e9jour du Club des Cent Cols se situera hors de France. En effet, notre s\u00e9jour de printemps 2011 se d\u00e9roulera \u00e0 Ripoll (situ\u00e9 \u00e0 65 km au sud de Bourg-Madame et \u00e0 80 km \u00e0 l\u2019ouest de la Costa Brava), en terre catalane, dans la province de Girona. Le [&hellip;]<\/p>\n","protected":false},"author":3,"featured_media":81609,"comment_status":"closed","ping_status":"closed","sticky":false,"template":"","format":"standard","meta":{"_acf_changed":false,"footnotes":""},"categories":[360,135,403,412,231],"tags":[],"class_list":["post-81608","post","type-post","status-publish","format-standard","has-post-thumbnail","hentry","category-espagne-pays-sejours","category-calendrier","category-catalogne","category-pyrenees-catalanes","category-sejours"],"acf":[],"yoast_head":"<!-- This site is optimized with the Yoast SEO plugin v27.2 - https:\/\/yoast.com\/product\/yoast-seo-wordpress\/ -->\n<title>S\u00e9jour de printemps en Catalogne espagnole \u00e0 Ripoll (GI) du 9 au 16 avril 2011 - Club des Cent Cols<\/title>\n<meta name=\"robots\" content=\"index, follow, max-snippet:-1, max-image-preview:large, max-video-preview:-1\" \/>\n<link rel=\"canonical\" href=\"https:\/\/centcols.org\/de\/aufenthalt-2011-ripoll\/\" \/>\n<meta property=\"og:locale\" content=\"de_DE\" \/>\n<meta property=\"og:type\" content=\"article\" \/>\n<meta property=\"og:title\" content=\"S\u00e9jour de printemps en Catalogne espagnole \u00e0 Ripoll (GI) du 9 au 16 avril 2011 - Club des Cent Cols\" \/>\n<meta property=\"og:description\" content=\"Pr\u00e9sentation Pour la premi\u00e8re fois, un s\u00e9jour du Club des Cent Cols se situera hors de France. En effet, notre s\u00e9jour de printemps 2011 se d\u00e9roulera \u00e0 Ripoll (situ\u00e9 \u00e0 65 km au sud de Bourg-Madame et \u00e0 80 km \u00e0 l\u2019ouest de la Costa Brava), en terre catalane, dans la province de Girona. Le [&hellip;]\" \/>\n<meta property=\"og:url\" content=\"https:\/\/centcols.org\/de\/aufenthalt-2011-ripoll\/\" \/>\n<meta property=\"og:site_name\" content=\"Club des Cent Cols\" \/>\n<meta property=\"article:publisher\" content=\"https:\/\/www.facebook.com\/groups\/5261880558\/?locale=fr_FR\" \/>\n<meta property=\"article:published_time\" content=\"2011-01-23T08:08:27+00:00\" \/>\n<meta property=\"article:modified_time\" content=\"2025-09-15T11:01:28+00:00\" \/>\n<meta property=\"og:image\" content=\"https:\/\/centcols.org\/wp-content\/uploads\/2025\/05\/banner.jpg\" \/>\n\t<meta property=\"og:image:width\" content=\"1000\" \/>\n\t<meta property=\"og:image:height\" content=\"150\" \/>\n\t<meta property=\"og:image:type\" content=\"image\/jpeg\" \/>\n<meta name=\"author\" content=\"Webmestre\" \/>\n<meta name=\"twitter:card\" content=\"summary_large_image\" \/>\n<meta name=\"twitter:label1\" content=\"Verfasst von\" \/>\n\t<meta name=\"twitter:data1\" content=\"Webmestre\" \/>\n\t<meta name=\"twitter:label2\" content=\"Gesch\u00e4tzte Lesezeit\" \/>\n\t<meta name=\"twitter:data2\" content=\"10\u00a0Minuten\" \/>\n<script type=\"application\/ld+json\" class=\"yoast-schema-graph\">{\"@context\":\"https:\/\/schema.org\",\"@graph\":[{\"@type\":\"Article\",\"@id\":\"https:\/\/centcols.org\/sejour-2011-ripoll\/#article\",\"isPartOf\":{\"@id\":\"https:\/\/centcols.org\/sejour-2011-ripoll\/\"},\"author\":{\"name\":\"Webmestre\",\"@id\":\"https:\/\/centcols.org\/#\/schema\/person\/911b404fb133d8c913dd27cdcf71c8e5\"},\"headline\":\"S\u00e9jour de printemps en Catalogne espagnole \u00e0 Ripoll (GI) du 9 au 16 avril 2011\",\"datePublished\":\"2011-01-23T08:08:27+00:00\",\"dateModified\":\"2025-09-15T11:01:28+00:00\",\"mainEntityOfPage\":{\"@id\":\"https:\/\/centcols.org\/sejour-2011-ripoll\/\"},\"wordCount\":1126,\"publisher\":{\"@id\":\"https:\/\/centcols.org\/#organization\"},\"image\":{\"@id\":\"https:\/\/centcols.org\/sejour-2011-ripoll\/#primaryimage\"},\"thumbnailUrl\":\"https:\/\/centcols.org\/wp-content\/uploads\/2025\/05\/banner.jpg\",\"articleSection\":[\"Espagne\",\"Calendrier\",\"Catalogne\",\"Pyr\u00e9n\u00e9es catalanes\",\"S\u00e9jours du Club des Cent Cols\"],\"inLanguage\":\"de\"},{\"@type\":\"WebPage\",\"@id\":\"https:\/\/centcols.org\/sejour-2011-ripoll\/\",\"url\":\"https:\/\/centcols.org\/sejour-2011-ripoll\/\",\"name\":\"S\u00e9jour de printemps en Catalogne espagnole \u00e0 Ripoll (GI) du 9 au 16 avril 2011 - Club des Cent Cols\",\"isPartOf\":{\"@id\":\"https:\/\/centcols.org\/#website\"},\"primaryImageOfPage\":{\"@id\":\"https:\/\/centcols.org\/sejour-2011-ripoll\/#primaryimage\"},\"image\":{\"@id\":\"https:\/\/centcols.org\/sejour-2011-ripoll\/#primaryimage\"},\"thumbnailUrl\":\"https:\/\/centcols.org\/wp-content\/uploads\/2025\/05\/banner.jpg\",\"datePublished\":\"2011-01-23T08:08:27+00:00\",\"dateModified\":\"2025-09-15T11:01:28+00:00\",\"breadcrumb\":{\"@id\":\"https:\/\/centcols.org\/sejour-2011-ripoll\/#breadcrumb\"},\"inLanguage\":\"de\",\"potentialAction\":[{\"@type\":\"ReadAction\",\"target\":[\"https:\/\/centcols.org\/sejour-2011-ripoll\/\"]}]},{\"@type\":\"ImageObject\",\"inLanguage\":\"de\",\"@id\":\"https:\/\/centcols.org\/sejour-2011-ripoll\/#primaryimage\",\"url\":\"https:\/\/centcols.org\/wp-content\/uploads\/2025\/05\/banner.jpg\",\"contentUrl\":\"https:\/\/centcols.org\/wp-content\/uploads\/2025\/05\/banner.jpg\",\"width\":1000,\"height\":150},{\"@type\":\"BreadcrumbList\",\"@id\":\"https:\/\/centcols.org\/sejour-2011-ripoll\/#breadcrumb\",\"itemListElement\":[{\"@type\":\"ListItem\",\"position\":1,\"name\":\"Accueil\",\"item\":\"https:\/\/centcols.org\/\"},{\"@type\":\"ListItem\",\"position\":2,\"name\":\"S\u00e9jours du Club des Cent Cols\",\"item\":\"https:\/\/centcols.org\/rubrique\/sejours\/\"},{\"@type\":\"ListItem\",\"position\":3,\"name\":\"Pays\",\"item\":\"https:\/\/centcols.org\/rubrique\/sejours\/pays-sejours\/\"},{\"@type\":\"ListItem\",\"position\":4,\"name\":\"Espagne\",\"item\":\"https:\/\/centcols.org\/rubrique\/sejours\/pays-sejours\/espagne-pays-sejours\/\"},{\"@type\":\"ListItem\",\"position\":5,\"name\":\"S\u00e9jour de printemps en Catalogne espagnole \u00e0 Ripoll (GI) du 9 au 16 avril 2011\"}]},{\"@type\":\"WebSite\",\"@id\":\"https:\/\/centcols.org\/#website\",\"url\":\"https:\/\/centcols.org\/\",\"name\":\"Club des Cent Cols\",\"description\":\"\",\"publisher\":{\"@id\":\"https:\/\/centcols.org\/#organization\"},\"potentialAction\":[{\"@type\":\"SearchAction\",\"target\":{\"@type\":\"EntryPoint\",\"urlTemplate\":\"https:\/\/centcols.org\/?s={search_term_string}\"},\"query-input\":{\"@type\":\"PropertyValueSpecification\",\"valueRequired\":true,\"valueName\":\"search_term_string\"}}],\"inLanguage\":\"de\"},{\"@type\":\"Organization\",\"@id\":\"https:\/\/centcols.org\/#organization\",\"name\":\"Club des Cent Cols\",\"url\":\"https:\/\/centcols.org\/\",\"logo\":{\"@type\":\"ImageObject\",\"inLanguage\":\"de\",\"@id\":\"https:\/\/centcols.org\/#\/schema\/logo\/image\/\",\"url\":\"https:\/\/centcols.org\/wp-content\/uploads\/2025\/01\/carte-icone.png\",\"contentUrl\":\"https:\/\/centcols.org\/wp-content\/uploads\/2025\/01\/carte-icone.png\",\"width\":250,\"height\":250,\"caption\":\"Club des Cent Cols\"},\"image\":{\"@id\":\"https:\/\/centcols.org\/#\/schema\/logo\/image\/\"},\"sameAs\":[\"https:\/\/www.facebook.com\/groups\/5261880558\/?locale=fr_FR\"]},{\"@type\":\"Person\",\"@id\":\"https:\/\/centcols.org\/#\/schema\/person\/911b404fb133d8c913dd27cdcf71c8e5\",\"name\":\"Webmestre\",\"image\":{\"@type\":\"ImageObject\",\"inLanguage\":\"de\",\"@id\":\"https:\/\/centcols.org\/wp-content\/litespeed\/avatar\/2d246e4b6b4f773e08515e1ffc53690b.jpg?ver=1777222892\",\"url\":\"https:\/\/centcols.org\/wp-content\/litespeed\/avatar\/2d246e4b6b4f773e08515e1ffc53690b.jpg?ver=1777222892\",\"contentUrl\":\"https:\/\/centcols.org\/wp-content\/litespeed\/avatar\/2d246e4b6b4f773e08515e1ffc53690b.jpg?ver=1777222892\",\"caption\":\"Webmestre\"},\"url\":\"https:\/\/centcols.org\/de\/author\/webmestre\/\"}]}<\/script>\n<!-- \/ Yoast SEO plugin. -->","yoast_head_json":{"title":"Fr\u00fchlingsferien in Katalonien, Spanien in Ripoll (GI) vom 9. bis 16. April 2011 - Club des Cent Cols","robots":{"index":"index","follow":"follow","max-snippet":"max-snippet:-1","max-image-preview":"max-image-preview:large","max-video-preview":"max-video-preview:-1"},"canonical":"https:\/\/centcols.org\/de\/aufenthalt-2011-ripoll\/","og_locale":"de_DE","og_type":"article","og_title":"S\u00e9jour de printemps en Catalogne espagnole \u00e0 Ripoll (GI) du 9 au 16 avril 2011 - Club des Cent Cols","og_description":"Pr\u00e9sentation Pour la premi\u00e8re fois, un s\u00e9jour du Club des Cent Cols se situera hors de France. En effet, notre s\u00e9jour de printemps 2011 se d\u00e9roulera \u00e0 Ripoll (situ\u00e9 \u00e0 65 km au sud de Bourg-Madame et \u00e0 80 km \u00e0 l\u2019ouest de la Costa Brava), en terre catalane, dans la province de Girona. Le [&hellip;]","og_url":"https:\/\/centcols.org\/de\/aufenthalt-2011-ripoll\/","og_site_name":"Club des Cent Cols","article_publisher":"https:\/\/www.facebook.com\/groups\/5261880558\/?locale=fr_FR","article_published_time":"2011-01-23T08:08:27+00:00","article_modified_time":"2025-09-15T11:01:28+00:00","og_image":[{"width":1000,"height":150,"url":"https:\/\/centcols.org\/wp-content\/uploads\/2025\/05\/banner.jpg","type":"image\/jpeg"}],"author":"Webmestre","twitter_card":"summary_large_image","twitter_misc":{"Verfasst von":"Webmestre","Gesch\u00e4tzte Lesezeit":"10\u00a0Minuten"},"schema":{"@context":"https:\/\/schema.org","@graph":[{"@type":"Article","@id":"https:\/\/centcols.org\/sejour-2011-ripoll\/#article","isPartOf":{"@id":"https:\/\/centcols.org\/sejour-2011-ripoll\/"},"author":{"name":"Webmestre","@id":"https:\/\/centcols.org\/#\/schema\/person\/911b404fb133d8c913dd27cdcf71c8e5"},"headline":"S\u00e9jour de printemps en Catalogne espagnole \u00e0 Ripoll (GI) du 9 au 16 avril 2011","datePublished":"2011-01-23T08:08:27+00:00","dateModified":"2025-09-15T11:01:28+00:00","mainEntityOfPage":{"@id":"https:\/\/centcols.org\/sejour-2011-ripoll\/"},"wordCount":1126,"publisher":{"@id":"https:\/\/centcols.org\/#organization"},"image":{"@id":"https:\/\/centcols.org\/sejour-2011-ripoll\/#primaryimage"},"thumbnailUrl":"https:\/\/centcols.org\/wp-content\/uploads\/2025\/05\/banner.jpg","articleSection":["Espagne","Calendrier","Catalogne","Pyr\u00e9n\u00e9es catalanes","S\u00e9jours du Club des Cent Cols"],"inLanguage":"de"},{"@type":"WebPage","@id":"https:\/\/centcols.org\/sejour-2011-ripoll\/","url":"https:\/\/centcols.org\/sejour-2011-ripoll\/","name":"Fr\u00fchlingsferien in Katalonien, Spanien in Ripoll (GI) vom 9. bis 16. April 2011 - Club des Cent Cols","isPartOf":{"@id":"https:\/\/centcols.org\/#website"},"primaryImageOfPage":{"@id":"https:\/\/centcols.org\/sejour-2011-ripoll\/#primaryimage"},"image":{"@id":"https:\/\/centcols.org\/sejour-2011-ripoll\/#primaryimage"},"thumbnailUrl":"https:\/\/centcols.org\/wp-content\/uploads\/2025\/05\/banner.jpg","datePublished":"2011-01-23T08:08:27+00:00","dateModified":"2025-09-15T11:01:28+00:00","breadcrumb":{"@id":"https:\/\/centcols.org\/sejour-2011-ripoll\/#breadcrumb"},"inLanguage":"de","potentialAction":[{"@type":"ReadAction","target":["https:\/\/centcols.org\/sejour-2011-ripoll\/"]}]},{"@type":"ImageObject","inLanguage":"de","@id":"https:\/\/centcols.org\/sejour-2011-ripoll\/#primaryimage","url":"https:\/\/centcols.org\/wp-content\/uploads\/2025\/05\/banner.jpg","contentUrl":"https:\/\/centcols.org\/wp-content\/uploads\/2025\/05\/banner.jpg","width":1000,"height":150},{"@type":"BreadcrumbList","@id":"https:\/\/centcols.org\/sejour-2011-ripoll\/#breadcrumb","itemListElement":[{"@type":"ListItem","position":1,"name":"Accueil","item":"https:\/\/centcols.org\/"},{"@type":"ListItem","position":2,"name":"S\u00e9jours du Club des Cent Cols","item":"https:\/\/centcols.org\/rubrique\/sejours\/"},{"@type":"ListItem","position":3,"name":"Pays","item":"https:\/\/centcols.org\/rubrique\/sejours\/pays-sejours\/"},{"@type":"ListItem","position":4,"name":"Espagne","item":"https:\/\/centcols.org\/rubrique\/sejours\/pays-sejours\/espagne-pays-sejours\/"},{"@type":"ListItem","position":5,"name":"S\u00e9jour de printemps en Catalogne espagnole \u00e0 Ripoll (GI) du 9 au 16 avril 2011"}]},{"@type":"WebSite","@id":"https:\/\/centcols.org\/#website","url":"https:\/\/centcols.org\/","name":"Club des Cent Cols","description":"","publisher":{"@id":"https:\/\/centcols.org\/#organization"},"potentialAction":[{"@type":"SearchAction","target":{"@type":"EntryPoint","urlTemplate":"https:\/\/centcols.org\/?s={search_term_string}"},"query-input":{"@type":"PropertyValueSpecification","valueRequired":true,"valueName":"search_term_string"}}],"inLanguage":"de"},{"@type":"Organization","@id":"https:\/\/centcols.org\/#organization","name":"Club des Cent Cols","url":"https:\/\/centcols.org\/","logo":{"@type":"ImageObject","inLanguage":"de","@id":"https:\/\/centcols.org\/#\/schema\/logo\/image\/","url":"https:\/\/centcols.org\/wp-content\/uploads\/2025\/01\/carte-icone.png","contentUrl":"https:\/\/centcols.org\/wp-content\/uploads\/2025\/01\/carte-icone.png","width":250,"height":250,"caption":"Club des Cent Cols"},"image":{"@id":"https:\/\/centcols.org\/#\/schema\/logo\/image\/"},"sameAs":["https:\/\/www.facebook.com\/groups\/5261880558\/?locale=fr_FR"]},{"@type":"Person","@id":"https:\/\/centcols.org\/#\/schema\/person\/911b404fb133d8c913dd27cdcf71c8e5","name":"Webmaster","image":{"@type":"ImageObject","inLanguage":"de","@id":"https:\/\/centcols.org\/wp-content\/litespeed\/avatar\/2d246e4b6b4f773e08515e1ffc53690b.jpg?ver=1777222892","url":"https:\/\/centcols.org\/wp-content\/litespeed\/avatar\/2d246e4b6b4f773e08515e1ffc53690b.jpg?ver=1777222892","contentUrl":"https:\/\/centcols.org\/wp-content\/litespeed\/avatar\/2d246e4b6b4f773e08515e1ffc53690b.jpg?ver=1777222892","caption":"Webmestre"},"url":"https:\/\/centcols.org\/de\/author\/webmestre\/"}]}},"_links":{"self":[{"href":"https:\/\/centcols.org\/de\/wp-json\/wp\/v2\/posts\/81608","targetHints":{"allow":["GET"]}}],"collection":[{"href":"https:\/\/centcols.org\/de\/wp-json\/wp\/v2\/posts"}],"about":[{"href":"https:\/\/centcols.org\/de\/wp-json\/wp\/v2\/types\/post"}],"author":[{"embeddable":true,"href":"https:\/\/centcols.org\/de\/wp-json\/wp\/v2\/users\/3"}],"replies":[{"embeddable":true,"href":"https:\/\/centcols.org\/de\/wp-json\/wp\/v2\/comments?post=81608"}],"version-history":[{"count":0,"href":"https:\/\/centcols.org\/de\/wp-json\/wp\/v2\/posts\/81608\/revisions"}],"wp:featuredmedia":[{"embeddable":true,"href":"https:\/\/centcols.org\/de\/wp-json\/wp\/v2\/media\/81609"}],"wp:attachment":[{"href":"https:\/\/centcols.org\/de\/wp-json\/wp\/v2\/media?parent=81608"}],"wp:term":[{"taxonomy":"category","embeddable":true,"href":"https:\/\/centcols.org\/de\/wp-json\/wp\/v2\/categories?post=81608"},{"taxonomy":"post_tag","embeddable":true,"href":"https:\/\/centcols.org\/de\/wp-json\/wp\/v2\/tags?post=81608"}],"curies":[{"name":"wp","href":"https:\/\/api.w.org\/{rel}","templated":true}]}}