{"id":81619,"date":"2009-04-23T10:06:00","date_gmt":"2009-04-23T08:06:00","guid":{"rendered":"https:\/\/centcols.org\/sejour-estival-du-club-des-cent-cols-a-val-louron-hautes-pyrenees-du-11-au-15-aout-2009\/"},"modified":"2025-10-02T11:25:38","modified_gmt":"2025-10-02T09:25:38","slug":"sommeraufenthalt-des-club-des-cent-cols-in-val-louron-hautes-pyrenees-vom-11-bis-15-august-2009","status":"publish","type":"post","link":"https:\/\/centcols.org\/de\/sejour-estival-du-club-des-cent-cols-a-val-louron-hautes-pyrenees-du-11-au-15-aout-2009\/","title":{"rendered":"Sommeraufenthalt des \"Club des Cent Cols\" in Val-Louron (Hautes-Pyr\u00e9n\u00e9es) vom 11. bis 15. August 2009"},"content":{"rendered":"<h2 class=\"wp-block-heading\">Erkl\u00e4rungen<\/h2>\n\n\n\n<p>Wie jedes Jahr l\u00e4dt der Club des Cent Cols seine Mitglieder Mitte August zu einem internationalen Treffen auf einem Passgipfel ein. Am Samstag, den 15. August 2009, werden wir uns auf dem Gipfel des Col d'Azet (FR-65-1580) in den Pyren\u00e4en treffen.<\/p>\n\n\n\n<p>Dieses Treffen wird von einem Aufenthalt begleitet (vom 11.8. abends bis zum 15.8. mittags). Unsere Unterkunft wird im \u00abLustou\u00bb in der Station Val Louron ausgew\u00e4hlt. Jeden Tag werden den Teilnehmern eine Stra\u00dfen- und eine Mountainbike-Route angeboten.<\/p>\n\n\n\n<figure class=\"wp-block-gallery has-nested-images columns-4 is-cropped wp-block-gallery-1 is-layout-flex wp-block-gallery-is-layout-flex\">\n<figure class=\"wp-block-image size-full\"><a href=\"https:\/\/centcols.org\/wp-content\/uploads\/2009\/04\/Val-Louron-01.jpg\"><img loading=\"lazy\" decoding=\"async\" width=\"800\" height=\"600\" data-id=\"89457\" src=\"https:\/\/centcols.org\/wp-content\/uploads\/2009\/04\/Val-Louron-01.jpg\" alt=\"\" class=\"wp-image-89457\" srcset=\"https:\/\/centcols.org\/wp-content\/uploads\/2009\/04\/Val-Louron-01.jpg 800w, https:\/\/centcols.org\/wp-content\/uploads\/2009\/04\/Val-Louron-01-768x576.jpg 768w, https:\/\/centcols.org\/wp-content\/uploads\/2009\/04\/Val-Louron-01-16x12.jpg 16w\" sizes=\"auto, (max-width: 800px) 100vw, 800px\" \/><\/a><\/figure>\n\n\n\n<figure class=\"wp-block-image size-full\"><a href=\"https:\/\/centcols.org\/wp-content\/uploads\/2009\/04\/Val-Louron-02.jpg\"><img loading=\"lazy\" decoding=\"async\" width=\"800\" height=\"600\" data-id=\"89458\" src=\"https:\/\/centcols.org\/wp-content\/uploads\/2009\/04\/Val-Louron-02.jpg\" alt=\"\" class=\"wp-image-89458\" srcset=\"https:\/\/centcols.org\/wp-content\/uploads\/2009\/04\/Val-Louron-02.jpg 800w, https:\/\/centcols.org\/wp-content\/uploads\/2009\/04\/Val-Louron-02-768x576.jpg 768w, https:\/\/centcols.org\/wp-content\/uploads\/2009\/04\/Val-Louron-02-16x12.jpg 16w\" sizes=\"auto, (max-width: 800px) 100vw, 800px\" \/><\/a><\/figure>\n\n\n\n<figure class=\"wp-block-image size-full\"><a href=\"https:\/\/centcols.org\/wp-content\/uploads\/2009\/04\/Val-Louron-03.jpg\"><img loading=\"lazy\" decoding=\"async\" width=\"800\" height=\"600\" data-id=\"89459\" src=\"https:\/\/centcols.org\/wp-content\/uploads\/2009\/04\/Val-Louron-03.jpg\" alt=\"\" class=\"wp-image-89459\" srcset=\"https:\/\/centcols.org\/wp-content\/uploads\/2009\/04\/Val-Louron-03.jpg 800w, https:\/\/centcols.org\/wp-content\/uploads\/2009\/04\/Val-Louron-03-768x576.jpg 768w, https:\/\/centcols.org\/wp-content\/uploads\/2009\/04\/Val-Louron-03-16x12.jpg 16w\" sizes=\"auto, (max-width: 800px) 100vw, 800px\" \/><\/a><\/figure>\n\n\n\n<figure class=\"wp-block-image size-full\"><a href=\"https:\/\/centcols.org\/wp-content\/uploads\/2009\/04\/Val-Louron-04.jpg\"><img loading=\"lazy\" decoding=\"async\" width=\"800\" height=\"600\" data-id=\"89460\" src=\"https:\/\/centcols.org\/wp-content\/uploads\/2009\/04\/Val-Louron-04.jpg\" alt=\"\" class=\"wp-image-89460\" srcset=\"https:\/\/centcols.org\/wp-content\/uploads\/2009\/04\/Val-Louron-04.jpg 800w, https:\/\/centcols.org\/wp-content\/uploads\/2009\/04\/Val-Louron-04-768x576.jpg 768w, https:\/\/centcols.org\/wp-content\/uploads\/2009\/04\/Val-Louron-04-16x12.jpg 16w\" sizes=\"auto, (max-width: 800px) 100vw, 800px\" \/><\/a><\/figure>\n<\/figure>\n\n\n\n<h2 class=\"wp-block-heading\">Die P\u00e4sse<\/h2>\n\n\n\n<p>Achtung: Diese Liste weicht leicht von der Liste in der Zeitschrift ab; diese Liste ist die offizielle Version.<\/p>\n\n\n\n<h3 class=\"wp-block-heading\">Stra\u00dfenrundfahrten<\/h3>\n\n\n\n<p>Am Freitag, den 14. August, haben Sie die Wahl zwischen zwei Touren. <i>(Klicken Sie auf den Namen der Tour f\u00fcr Details)<\/i><\/p>\n\n\n\n<figure class=\"wp-block-table aligncenter\"><table class=\"has-fixed-layout\"><thead><tr><th><strong>Mittwoch, 12. August<\/strong><br><strong>\u00ab&nbsp;<\/strong><a href=\"https:\/\/centcols.org\/les_rendez-vous\/2009\/Val-Louron\/R1.htm\">Val-Louron Nordosten<\/a><strong>&nbsp;\u00bb<\/strong><br><strong>Start: Val Louron<\/strong><\/th><th><strong>Donnerstag, 13. August<\/strong><br><strong>\u00ab&nbsp;<\/strong><a href=\"https:\/\/centcols.org\/les_rendez-vous\/2009\/Val-Louron\/R2.htm\">Luchon<\/a><strong>&nbsp;\u00bb<\/strong><br><strong>Start: Luchon<\/strong><\/th><th><strong>Freitag, 14. August<\/strong><br><strong>\u00ab&nbsp;<\/strong><a href=\"https:\/\/centcols.org\/les_rendez-vous\/2009\/Val-Louron\/R3.htm\">Arreau<\/a><strong>&nbsp;\u00bb<\/strong><br><strong>Start: Arreau<\/strong><\/th><th><strong>Freitag, 14. August<\/strong><br><strong>\u00ab&nbsp;<\/strong><a href=\"https:\/\/centcols.org\/les_rendez-vous\/2009\/Val-Louron\/R4.htm\">Val-Louron Nordwesten<\/a><strong>&nbsp;\u00bb<\/strong><br><strong>Start: Val Louron<\/strong><\/th><\/tr><\/thead><tbody><tr><td><a href=\"https:\/\/centcols.org\/de\/util\/geo\/visuGP.php\/?c=31156900\" target=\"_BLANK\" rel=\"noreferrer noopener\">DE-31-1569<\/a><br>Peyresourde-Pass<br><a href=\"https:\/\/centcols.org\/de\/util\/geo\/visuGP.php\/?c=31175500\" target=\"_BLANK\" rel=\"noreferrer noopener\">FR-31-1755<\/a><br>Hafen von Bal\u00e8s<br>(Anmerkung 1)<br><a href=\"https:\/\/centcols.org\/de\/util\/geo\/visuGP.php\/?c=65063100\" target=\"_BLANK\" rel=\"noreferrer noopener\">DE-65-0631<\/a><br>Mazouau-Pass<br><a href=\"https:\/\/centcols.org\/de\/util\/geo\/visuGP.php\/?c=65158000\" target=\"_BLANK\" rel=\"noreferrer noopener\">DE-65-1580<\/a><br>Val Louron-Azet-Pass<br><a href=\"https:\/\/centcols.org\/de\/util\/geo\/visuGP.php\/?c=65158500\" target=\"_BLANK\" rel=\"noreferrer noopener\">DE-65-1585<\/a><br>Couret de Latuhe<br>(Anmerkung 2)<\/td><td><a href=\"https:\/\/centcols.org\/de\/util\/geo\/visuGP.php\/?c=31129300\" target=\"_BLANK\" rel=\"noreferrer noopener\">DE-31-1293<\/a> Burbes Gatter<br><a href=\"https:\/\/centcols.org\/de\/util\/geo\/visuGP.php\/?c=31138200\" target=\"_BLANK\" rel=\"noreferrer noopener\">DE-31-1382<\/a> Col d'Artigaux<br><a href=\"https:\/\/centcols.org\/de\/util\/geo\/visuGP.php\/?c=31134500\" target=\"_BLANK\" rel=\"noreferrer noopener\">DE-31-1345<\/a> Col d'Artigascou<br><a href=\"https:\/\/centcols.org\/de\/util\/geo\/visuGP.php\/?c=31140501\" target=\"_BLANK\" rel=\"noreferrer noopener\">FR-31-1405a<\/a> Col de Lagues (Note 3)<br><a href=\"https:\/\/centcols.org\/de\/util\/geo\/visuGP.php\/?c=31134900\" target=\"_BLANK\" rel=\"noreferrer noopener\">DE-31-1349<\/a> Ment\u00e9-Pass<br><a href=\"https:\/\/centcols.org\/de\/util\/geo\/visuGP.php\/?c=31124600\" target=\"_BLANK\" rel=\"noreferrer noopener\">DE-31-1246<\/a> Col de la Clin<br><a href=\"https:\/\/centcols.org\/de\/util\/geo\/visuGP.php\/?c=31059900\" target=\"_BLANK\" rel=\"noreferrer noopener\">DE-31-0599<\/a> Buret-Pass<br><a href=\"https:\/\/centcols.org\/de\/util\/geo\/visuGP.php\/?c=31071501\" target=\"_BLANK\" rel=\"noreferrer noopener\">DE-31-0715a<\/a> Bech-Pass<br><a href=\"https:\/\/centcols.org\/de\/util\/geo\/visuGP.php\/?c=31079700\" target=\"_BLANK\" rel=\"noreferrer noopener\">DE-31-0797<\/a> Col des Ares<\/td><td><a href=\"https:\/\/centcols.org\/de\/util\/geo\/visuGP.php\/?c=65148900\" target=\"_BLANK\" rel=\"noreferrer noopener\">DE-65-1489<\/a><br>Col d'Aspin<br><a href=\"https:\/\/centcols.org\/de\/util\/geo\/visuGP.php\/?c=65081000\" target=\"_BLANK\" rel=\"noreferrer noopener\">DE-65-0810<\/a><br>Col des Palomi\u00e8res<br><a href=\"https:\/\/centcols.org\/de\/util\/geo\/visuGP.php\/?c=65068700\" target=\"_BLANK\" rel=\"noreferrer noopener\">DE-65-0687<\/a><br>Col de la P\u00e8de<br><a href=\"https:\/\/centcols.org\/de\/util\/geo\/visuGP.php\/?c=65055700\" target=\"_BLANK\" rel=\"noreferrer noopener\">DE-65-0557<\/a><br>Cot det Hoo<br><a href=\"https:\/\/centcols.org\/de\/util\/geo\/visuGP.php\/?c=65058400\" target=\"_BLANK\" rel=\"noreferrer noopener\">DE-65-0584<\/a><br>Pla de Couret<br><a href=\"https:\/\/centcols.org\/de\/util\/geo\/visuGP.php\/?c=65065200\" target=\"_BLANK\" rel=\"noreferrer noopener\">DE-65-0652<\/a><br>Escots<br><a href=\"https:\/\/centcols.org\/de\/util\/geo\/visuGP.php\/?c=65061900\" target=\"_BLANK\" rel=\"noreferrer noopener\">DE-65-0619<\/a><br>Couret d'Asque<br><a href=\"https:\/\/centcols.org\/de\/util\/geo\/visuGP.php\/?c=65058900\" target=\"_BLANK\" rel=\"noreferrer noopener\">DE-65-0589<\/a><br>Cot de Sir\u00e8s<br><a href=\"https:\/\/centcols.org\/de\/util\/geo\/visuGP.php\/?c=65073200\" target=\"_BLANK\" rel=\"noreferrer noopener\">DE-65-0732<\/a><br>Schnittkragen<br><a href=\"https:\/\/centcols.org\/de\/util\/geo\/visuGP.php\/?c=65065900\" target=\"_BLANK\" rel=\"noreferrer noopener\">DE-65-0659<\/a><br>Col de Luquet<\/td><td><a href=\"https:\/\/centcols.org\/de\/util\/geo\/visuGP.php\/?c=65141700\" target=\"_BLANK\" rel=\"noreferrer noopener\">DE-65-1417<\/a><br>Beyr\u00e8de-Pass<br>(Anmerkung 4)<br><a href=\"https:\/\/centcols.org\/de\/util\/geo\/visuGP.php\/?c=65156400\" target=\"_BLANK\" rel=\"noreferrer noopener\">DE-65-1564<\/a><br>Hourquette d'Ancizan<br><a href=\"https:\/\/centcols.org\/de\/util\/geo\/visuGP.php\/?c=65153800\" target=\"_BLANK\" rel=\"noreferrer noopener\">DE-65-1538<\/a><br>Hourquette d'Arreau<br><a href=\"https:\/\/centcols.org\/de\/util\/geo\/visuGP.php\/?c=65158000\" target=\"_BLANK\" rel=\"noreferrer noopener\">DE-65-1580<\/a><br>Val Louron-Azet-Pass<\/td><\/tr><\/tbody><\/table><\/figure>\n\n\n\n<hr class=\"wp-block-separator has-alpha-channel-opacity\"\/>\n\n\n\n<p>Optional ab Port de Bal\u00e8s: FR-31-1855b Port de Pierrefite<\/p>\n\n\n\n<ul class=\"wp-block-list\">\n<li>R1 auf 300 Metern<\/li>\n\n\n\n<li>3 km nicht gepflasterter, aber fahrradfreundlicher Weg zwischen dem Col d'Artigascou und dem Col de Lagues<\/li>\n\n\n\n<li>3 km nicht gepflasterter, aber fahrradfreundlicher Weg (Route Foresti\u00e8re de Coumelade) zwischen dem Col de Beyr\u00e8de und der Stra\u00dfe zum Col d'Aspin<\/li>\n<\/ul>\n\n\n\n<h3 class=\"wp-block-heading\">Mountainbike-Routen<\/h3>\n\n\n\n<p>Sie k\u00f6nnen die <a href=\"https:\/\/centcols.org\/les_rendez-vous\/2009\/Val-Louron\/geo.htm\" target=\"_blank\" rel=\"noopener\">Geolokalisierungsdateien<\/a> GPX, Google Earth und Carto Explorer dieser Schaltungen.<\/p>\n\n\n\n<div>Am Mittwoch, dem 12. August, haben Sie die Wahl zwischen zwei Touren.<br>Am 13. August umfasst der Schaltkreis eine wichtige Variante und kann als zwei Schaltkreise betrachtet werden.<br>Die Tour \u00abSaint Lary\u00bb ist nicht f\u00fcr ein bestimmtes Datum geplant.<br><i>(Klicken Sie auf den Namen der Tour f\u00fcr Details)<\/i><\/div>\n\n\n\n<div>&nbsp;<\/div>\n\n\n\n<div>\n<table style=\"width: 104.02%;\">\n<tbody>\n<tr>\n<td style=\"width: 96.2406%;\">\n<table>\n<thead>\n<tr>\n<th>Mittwoch, 12. August<br>\u00ab <a class=\"iframe-fancybox\" href=\"https:\/\/centcols.org\/les_rendez-vous\/2009\/Val-Louron\/V1.htm\">Sarrancolin<\/a> \u00bb<br>Start: Sarrancolin<\/th>\n<th>Mittwoch, 12. August<br>\u00ab <a class=\"iframe-fancybox\" href=\"https:\/\/centcols.org\/les_rendez-vous\/2009\/Val-Louron\/V2.htm\">Fahnenstangen<\/a> \u00bb<br>Start: H\u00e8ches<\/th>\n<th>Donnerstag, 13. August<br>\u00ab <a class=\"iframe-fancybox\" href=\"https:\/\/centcols.org\/les_rendez-vous\/2009\/Val-Louron\/V3.htm\">Luchon<\/a> \u00bb<br>Start: Luchon<\/th>\n<th>Freitag, 14. August<br>\u00ab <a class=\"iframe-fancybox\" href=\"https:\/\/centcols.org\/les_rendez-vous\/2009\/Val-Louron\/V4.htm\">Garin<\/a> \u00bb<br>Start: Garin <span class=\"note\">(Anmerkung 8)<\/span><\/th>\n<th>Freie Wahl<br>\u00ab Saint Lary \u00bb<br>Start: Saint Lary<\/th>\n<\/tr>\n<\/thead>\n<tbody>\n<tr>\n<td>\n<ol>\n<li><a class=\"iframe-fancybox\" href=\"https:\/\/centcols.org\/de\/util\/geo\/visuGP.php\/?c=65121700\" target=\"_BLANK\" rel=\"noopener\">DE-65-1217<\/a><br>Col d'Estiv\u00e8re<\/li>\n<li><a class=\"iframe-fancybox\" href=\"https:\/\/centcols.org\/de\/util\/geo\/visuGP.php\/?c=65127800\" target=\"_BLANK\" rel=\"noopener\">DE-65-1278<\/a><br>M\u00e8nes-Pass<\/li>\n<li><a class=\"iframe-fancybox\" href=\"https:\/\/centcols.org\/de\/util\/geo\/visuGP.php\/?c=65120700\" target=\"_BLANK\" rel=\"noopener\">DE-65-1207<\/a><br>Col d'Artiguette<\/li>\n<li><a class=\"iframe-fancybox\" href=\"https:\/\/centcols.org\/de\/util\/geo\/visuGP.php\/?c=65145900\" target=\"_BLANK\" rel=\"noopener\">DE-65-1459<\/a><br>Loyos-Pass<\/li>\n<li><a class=\"iframe-fancybox\" href=\"https:\/\/centcols.org\/de\/util\/geo\/visuGP.php\/?c=65151200\" target=\"_BLANK\" rel=\"noopener\">DE-65-1512<\/a><br>Parreu-Pass<\/li>\n<li><a class=\"iframe-fancybox\" href=\"https:\/\/centcols.org\/de\/util\/geo\/visuGP.php\/?c=65145400\" target=\"_BLANK\" rel=\"noopener\">DE-65-1454<\/a><br>Strumpfhals<\/li>\n<li><a class=\"iframe-fancybox\" href=\"https:\/\/centcols.org\/de\/util\/geo\/visuGP.php\/?c=65165500\" target=\"_BLANK\" rel=\"noopener\">DE-65-1655<\/a><br>Col de la Lit<\/li>\n<li><a class=\"iframe-fancybox\" href=\"https:\/\/centcols.org\/de\/util\/geo\/visuGP.php\/?c=65168501\" target=\"_BLANK\" rel=\"noopener\">DE-65-1685a<\/a><br>Pass von Cap Nest\u00e8s<\/li>\n<li><a class=\"iframe-fancybox\" href=\"https:\/\/centcols.org\/de\/util\/geo\/visuGP.php\/?c=65173501\" target=\"_BLANK\" rel=\"noopener\">DE-65-1735a<\/a><br>Col de l'Aouet<\/li>\n<li><a class=\"iframe-fancybox\" href=\"https:\/\/centcols.org\/de\/util\/geo\/visuGP.php\/?c=65182400\" target=\"_BLANK\" rel=\"noopener\">DE-65-1824<\/a><br>Humenes Hourquette<\/li>\n<li><a class=\"iframe-fancybox\" href=\"https:\/\/centcols.org\/de\/util\/geo\/visuGP.php\/?c=65163500\" target=\"_BLANK\" rel=\"noopener\">DE-65-1635<\/a><br>Gembre-Pass<\/li>\n<li><a class=\"iframe-fancybox\" href=\"https:\/\/centcols.org\/de\/util\/geo\/visuGP.php\/?c=65168502\" target=\"_BLANK\" rel=\"noopener\">DE-65-1685b<\/a><br>Son\u00e8res-Pass<\/li>\n<\/ol>\n<\/td>\n<td style=\"vertical-align: top;\">\n<ol>\n<li><a class=\"iframe-fancybox\" href=\"https:\/\/centcols.org\/de\/util\/geo\/visuGP.php\/?c=65065900\" target=\"_BLANK\" rel=\"noopener\">DE-65-0659<\/a><br>Col de Luquet<\/li>\n<li><a class=\"iframe-fancybox\" href=\"https:\/\/centcols.org\/de\/util\/geo\/visuGP.php\/?c=65073200\" target=\"_BLANK\" rel=\"noopener\">DE-65-0732<\/a><br>Schnittkragen<\/li>\n<li><a class=\"iframe-fancybox\" href=\"https:\/\/centcols.org\/de\/util\/geo\/visuGP.php\/?c=65102800\" target=\"_BLANK\" rel=\"noopener\">DE-65-1028<\/a><br>Couradabat-Pass<\/li>\n<li><a class=\"iframe-fancybox\" href=\"https:\/\/centcols.org\/de\/util\/geo\/visuGP.php\/?c=65100000\" target=\"_BLANK\" rel=\"noopener\">DE-65-1000<\/a><br>Couret de Berdou<\/li>\n<li><a class=\"iframe-fancybox\" href=\"https:\/\/centcols.org\/de\/util\/geo\/visuGP.php\/?c=65116800\" target=\"_BLANK\" rel=\"noopener\">DE-65-1168<\/a><br>Col des Estrets<\/li>\n<li><a class=\"iframe-fancybox\" href=\"https:\/\/centcols.org\/de\/util\/geo\/visuGP.php\/?c=65123700\" target=\"_BLANK\" rel=\"noopener\">DE-65-1237<\/a><br>Col de Oueil Lusent<br><span class=\"note\">(Anmerkung 5)<\/span><\/li>\n<li><a class=\"iframe-fancybox\" href=\"https:\/\/centcols.org\/de\/util\/geo\/visuGP.php\/?c=65114500\" target=\"_BLANK\" rel=\"noopener\">DE-65-1145<\/a><br>Ar\u00e8s-Pass<\/li>\n<li><a class=\"iframe-fancybox\" href=\"https:\/\/centcols.org\/de\/util\/geo\/visuGP.php\/?c=65098600\" target=\"_BLANK\" rel=\"noopener\">DE-65-0986<\/a><br>Couret-Pass<\/li>\n<li><a class=\"iframe-fancybox\" href=\"https:\/\/centcols.org\/de\/util\/geo\/visuGP.php\/?c=65104200\" target=\"_BLANK\" rel=\"noopener\">DE-65-1042<\/a><br>Moum\u00e8de-Pass<br><span class=\"note\">(Anmerkung 6)<\/span><\/li>\n<\/ol>\n<\/td>\n<td style=\"vertical-align: top;\">\n<ol>\n<li><a class=\"iframe-fancybox\" href=\"https:\/\/centcols.org\/de\/util\/geo\/visuGP.php\/?c=31129300\" target=\"_BLANK\" rel=\"noopener\">DE-31-1293<\/a><br>Col du Portillon de Burbe<br><span class=\"note\">(Anmerkung 7)<\/span><\/li>\n<li><a class=\"iframe-fancybox\" href=\"https:\/\/centcols.org\/de\/util\/geo\/visuICC.php\/?code=L-1337\" target=\"_BLANK\" rel=\"noopener\">ES-L-1337<\/a><br>Coret dera Artigueta<\/li>\n<li><a class=\"iframe-fancybox\" href=\"https:\/\/centcols.org\/de\/util\/geo\/visuGP.php\/?c=31174900\" target=\"_BLANK\" rel=\"noopener\">DE-31-1749<\/a><br>Col de Bar\u00e8ges<\/li>\n<li><span class=\"c2k\"><a class=\"iframe-fancybox\" href=\"https:\/\/centcols.org\/de\/util\/geo\/visuGP.php\/?c=31204801\" target=\"_BLANK\" rel=\"noopener\">DE-31-2048a<\/a><br>Passada d'era Trona<\/span><\/li>\n<li><span class=\"c2k\"><a class=\"iframe-fancybox\" href=\"https:\/\/centcols.org\/de\/util\/geo\/visuGP.php\/?c=31211400\" target=\"_BLANK\" rel=\"noopener\">DE-31-2114<\/a><br>Passage d'Arr\u00e8s<\/span><\/li>\n<li><span class=\"c2k\"><a class=\"iframe-fancybox\" href=\"https:\/\/centcols.org\/de\/util\/geo\/visuGP.php\/?c=31210500\" target=\"_BLANK\" rel=\"noopener\">DE-31-2105<\/a><br>Passage von Arrou<\/span><\/li>\n<li><span class=\"c2k\"><a class=\"iframe-fancybox\" href=\"https:\/\/centcols.org\/de\/util\/geo\/visuGP.php\/?c=31204800\" target=\"_BLANK\" rel=\"noopener\">DE-31-2048<\/a><br>Kein Vilamos<\/span><\/li>\n<li><span class=\"c2k\"><a class=\"iframe-fancybox\" href=\"https:\/\/centcols.org\/de\/util\/geo\/visuICC.php\/?code=L-2013\" target=\"_BLANK\" rel=\"noopener\">ES-L-2013<\/a><br>Cot de Poilan\u00e8r<\/span><\/li>\n<li><span class=\"c2k\"><a class=\"iframe-fancybox\" href=\"https:\/\/centcols.org\/de\/util\/geo\/visuGP.php\/?c=31206900\" target=\"_BLANK\" rel=\"noopener\">DE-31-2069<\/a><br>Pas de la Montjoi<\/span><\/li>\n<\/ol>\n<\/td>\n<td style=\"vertical-align: top;\">\n<ol>\n<li><a class=\"iframe-fancybox\" href=\"https:\/\/centcols.org\/de\/util\/geo\/visuGP.php\/?c=31168300\" target=\"_BLANK\" rel=\"noopener\">FR-31-1683<\/a><br>Hafen von Court<\/li>\n<li><a class=\"iframe-fancybox\" href=\"https:\/\/centcols.org\/de\/util\/geo\/visuGP.php\/?c=31175500\" target=\"_BLANK\" rel=\"noopener\">FR-31-1755<\/a><br>Hafen von Bal\u00e8s<\/li>\n<li><a class=\"iframe-fancybox\" href=\"https:\/\/centcols.org\/de\/util\/geo\/visuGP.php\/?c=65165600\" target=\"_BLANK\" rel=\"noopener\">DE-65-1656<\/a><br>Pradaus-Pass<\/li>\n<li><a class=\"iframe-fancybox\" href=\"https:\/\/centcols.org\/de\/util\/geo\/visuGP.php\/?c=65171000\" target=\"_BLANK\" rel=\"noopener\">DE-65-1710<\/a><br>Couret de St Martin<\/li>\n<li><a class=\"iframe-fancybox\" href=\"https:\/\/centcols.org\/de\/util\/geo\/visuGP.php\/?c=65164501\" target=\"_BLANK\" rel=\"noopener\">DE-65-1645a<\/a><br>Passage de la Courbe<\/li>\n<li><a class=\"iframe-fancybox\" href=\"https:\/\/centcols.org\/de\/util\/geo\/visuGP.php\/?c=31185502\" target=\"_BLANK\" rel=\"noopener\">DE-31-1855b<\/a><br>Hafen von Pierrefite<\/li>\n<li><span class=\"c2k\"><a class=\"iframe-fancybox\" href=\"https:\/\/centcols.org\/de\/util\/geo\/visuGP.php\/?c=65203500\" target=\"_BLANK\" rel=\"noopener\">DE-65-2035<\/a><br>L\u00f6wenpass<\/span><\/li>\n<li><span class=\"c2k\"><a class=\"iframe-fancybox\" href=\"https:\/\/centcols.org\/de\/util\/geo\/visuGP.php\/?c=31200100\" target=\"_BLANK\" rel=\"noopener\">FR-31-2001<\/a><br>Louron-Pass<\/span><\/li>\n<li><span class=\"c2k\"><a class=\"iframe-fancybox\" href=\"https:\/\/centcols.org\/de\/util\/geo\/visuGP.php\/?c=31201500\" target=\"_BLANK\" rel=\"noopener\">FR-31-2015<\/a><br>Sahiestre-Pass<\/span><\/li>\n<li><a class=\"iframe-fancybox\" href=\"https:\/\/centcols.org\/de\/util\/geo\/visuGP.php\/?c=31199200\" target=\"_BLANK\" rel=\"noopener\">FR-31-1992<\/a><br>Hafen von Pinate<\/li>\n<\/ol>\n<\/td>\n<td style=\"vertical-align: top;\">\n<ol>\n<li><span class=\"c2k\"><a class=\"iframe-fancybox\" href=\"https:\/\/centcols.org\/de\/util\/geo\/visuGP.php\/?c=65221501\" target=\"_BLANK\" rel=\"noopener\">DE-65-2215a<\/a><br>Portet-Pass<br><span class=\"note\">(Anmerkung 9)<\/span><\/span><\/li>\n<li><span class=\"c2k\"><a class=\"iframe-fancybox\" href=\"https:\/\/centcols.org\/de\/util\/geo\/visuGP.php\/?c=65227400\" target=\"_BLANK\" rel=\"noopener\">DE-65-2274<\/a><br>Col de Terre N\u00e8re<\/span><\/li>\n<\/ol>\n<\/td>\n<\/tr>\n<\/tbody>\n<\/table>\n<\/td>\n<td style=\"width: 0.601504%;\">&nbsp;<\/td>\n<td style=\"width: 1.80451%;\">&nbsp;<\/td>\n<td style=\"width: 1.50376%;\">&nbsp;<\/td>\n<td style=\"width: 1.95489%;\">&nbsp;<\/td>\n<\/tr>\n<\/tbody>\n<\/table>\n<\/div>\n\n\n\n<ul class=\"wp-block-list\">\n<li>Optional ab dem Col de Oueil Lusent :&nbsp;<a class=\"iframe-fancybox\" href=\"https:\/\/centcols.org\/de\/util\/geo\/visuGP.php\/?c=65139500\" target=\"_BLANK\" rel=\"noopener\">DE-65-1395<\/a> Col de Castillon (S3-S4) auf dem Hin- und R\u00fcckweg.<\/li>\n\n\n\n<li>Optional nach dem Col de Moum\u00e8de, vor der R\u00fcckkehr nach H\u00e8ches :&nbsp;<a class=\"iframe-fancybox\" href=\"https:\/\/centcols.org\/de\/util\/geo\/visuGP.php\/?c=65111400\" target=\"_blank\" rel=\"noopener\">DE-65-1114<\/a> Pas du Moun\u00e9 auf dem Hin- und R\u00fcckweg.<\/li>\n\n\n\n<li>Optional ab Portillon de Burbe :<a class=\"iframe-fancybox\" href=\"https:\/\/centcols.org\/de\/util\/geo\/visuICC.php\/?code=L-1355\" target=\"_BLANK\" rel=\"noopener\">ES-L-1355<\/a> Coret dera Cl\u00f2ta und <a class=\"iframe-fancybox\" href=\"https:\/\/centcols.org\/de\/util\/geo\/visuICC.php\/?code=L-1404\" target=\"_BLANK\" rel=\"noopener\">ES-L-1404<\/a> Coret von Samorera.<br>Schwierigkeit des Parkens.<\/li>\n\n\n\n<li>Optional :&nbsp;<span class=\"c2k\"><a class=\"iframe-fancybox\" href=\"https:\/\/centcols.org\/de\/util\/geo\/visuGP.php\/?c=65242500\" target=\"_BLANK\" rel=\"noopener\">DE-65-2425<\/a><\/span> Jetas-Pass<\/li>\n<\/ul>\n\n\n\n<h2 class=\"wp-block-heading\">Das Protokoll<\/h2>\n\n\n\n<h3 class=\"wp-block-heading\">Ein Aufenthalt in Aure<\/h3>\n\n\n\n<p>Nun sind wir also wieder in den Pyren\u00e4en, zwischen dem Aure-Tal und dem Louron-Tal, an der Grenze zwischen Comminges, Bigorre und Spanien...<br>Wir waren etwas weniger zahlreich als 2008, etwa 150, aber die Stimmung entsprach weiterhin dem Geist der Cent Cols: Freundschaft, gegenseitige Unterst\u00fctzung, gute Laune.<\/p>\n\n\n\n<p>Nat\u00fcrlich hatte jeder schon die benachbarten P\u00e4sse \u00fcberquert, aber Alain Gillodes, der Regionaldelegierte, hatte es verstanden, mehr oder weniger geheime P\u00e4sse ausfindig zu machen, die von Ren\u00e9 Poty vertont und von Mario Labelle in \u00abBildern\u00bb festgehalten wurden. Ich habe geh\u00f6rt, dass einige P\u00e4sse mit einer H\u00f6he von mehr oder weniger als 2000 Metern nicht einfach angeboten wurden. Man musste den Lenker bei den H\u00f6rnern packen! Normal in den pastoralen Gebieten, die wir durchquert haben. Wir sa\u00dfen sogar im mit Kuhfladen \u00fcbers\u00e4ten Gras und nahmen - wohlweislich - an der offiziellen Zeremonie w\u00e4hrend der Konzentration auf dem Col d'Azet teil, in deren Verlauf Claude B\u00e9nistrand seine letzte Rede als Pr\u00e4sident hielt. Es war noch etwas zu fr\u00fch, um dem Team zu danken, das bei der n\u00e4chsten Hauptversammlung die F\u00fchrung \u00fcbernehmen wird, aber wir haben alle daran gedacht!<\/p>\n\n\n\n<p>Auch wenn das diesj\u00e4hrige Erinnerungsgeschenk ein Erste-Hilfe-Kasten war, kann man davon ausgehen, dass der Club nicht in Gefahr ist!<br>Der immer noch sehr internationale Aufenthalt brachte neben vielen Franzosen auch Italiener, Schweizer, Engl\u00e4nder und zwei Australier zusammen, die auf einer Wanderreise von Amsterdam aus angereist waren. Hut ab! Was die Schweizer betrifft, so habe ich erfahren, dass zwei von ihnen ihren Aufenthalt in der Region verl\u00e4ngert haben.<\/p>\n\n\n\n<p>F\u00fcr 2010 geht es nach Nordosten, in die Vogesen...<\/p>\n\n\n\n<p><strong>Georges Golse<\/strong><\/p>\n\n\n\n<h2 class=\"wp-block-heading\">Fotoalben<\/h2>\n\n\n\n<figure class=\"wp-block-gallery has-nested-images columns-4 is-cropped wp-block-gallery-2 is-layout-flex wp-block-gallery-is-layout-flex\">\n<figure class=\"wp-block-image size-full\"><a href=\"https:\/\/centcols.org\/les_rendez-vous\/2009\/Val-Louron\/Albums\/01.htm\" target=\"_blank\" rel=\"noreferrer noopener\"><img loading=\"lazy\" decoding=\"async\" width=\"640\" height=\"480\" data-id=\"89186\" src=\"https:\/\/centcols.org\/wp-content\/uploads\/2009\/04\/4889_17.jpg\" alt=\"\" class=\"wp-image-89186\" srcset=\"https:\/\/centcols.org\/wp-content\/uploads\/2009\/04\/4889_17.jpg 640w, https:\/\/centcols.org\/wp-content\/uploads\/2009\/04\/4889_17-16x12.jpg 16w\" sizes=\"auto, (max-width: 640px) 100vw, 640px\" \/><\/a><figcaption class=\"wp-element-caption\">Album von Mario Labelle<\/figcaption><\/figure>\n\n\n\n<figure class=\"wp-block-image size-full\"><a href=\"https:\/\/centcols.org\/les_rendez-vous\/2009\/Val-Louron\/Albums\/03.htm\" target=\"_blank\" rel=\"noreferrer noopener\"><img loading=\"lazy\" decoding=\"async\" width=\"642\" height=\"482\" data-id=\"89188\" src=\"https:\/\/centcols.org\/wp-content\/uploads\/2009\/04\/rg39.jpg\" alt=\"\" class=\"wp-image-89188\" srcset=\"https:\/\/centcols.org\/wp-content\/uploads\/2009\/04\/rg39.jpg 642w, https:\/\/centcols.org\/wp-content\/uploads\/2009\/04\/rg39-16x12.jpg 16w\" sizes=\"auto, (max-width: 642px) 100vw, 642px\" \/><\/a><figcaption class=\"wp-element-caption\">Album von Guy Ruffi\u00e9<\/figcaption><\/figure>\n\n\n\n<figure class=\"wp-block-image size-full\"><a href=\"https:\/\/centcols.org\/les_rendez-vous\/2009\/Val-Louron\/Albums\/04.htm\" target=\"_blank\" rel=\"noreferrer noopener\"><img loading=\"lazy\" decoding=\"async\" width=\"642\" height=\"482\" data-id=\"89190\" src=\"https:\/\/centcols.org\/wp-content\/uploads\/2009\/04\/jplambert-085.jpg\" alt=\"\" class=\"wp-image-89190\" srcset=\"https:\/\/centcols.org\/wp-content\/uploads\/2009\/04\/jplambert-085.jpg 642w, https:\/\/centcols.org\/wp-content\/uploads\/2009\/04\/jplambert-085-16x12.jpg 16w\" sizes=\"auto, (max-width: 642px) 100vw, 642px\" \/><\/a><figcaption class=\"wp-element-caption\">Album von Jean-Pierre Lambert<\/figcaption><\/figure>\n\n\n\n<figure class=\"wp-block-image size-full\"><a href=\"https:\/\/centcols.org\/les_rendez-vous\/2009\/Val-Louron\/Albums\/05.htm\" target=\"_blank\" rel=\"noreferrer noopener\"><img loading=\"lazy\" decoding=\"async\" width=\"642\" height=\"482\" data-id=\"89191\" src=\"https:\/\/centcols.org\/wp-content\/uploads\/2009\/04\/jbernauer-776.jpg\" alt=\"\" class=\"wp-image-89191\" srcset=\"https:\/\/centcols.org\/wp-content\/uploads\/2009\/04\/jbernauer-776.jpg 642w, https:\/\/centcols.org\/wp-content\/uploads\/2009\/04\/jbernauer-776-16x12.jpg 16w\" sizes=\"auto, (max-width: 642px) 100vw, 642px\" \/><\/a><figcaption class=\"wp-element-caption\">Album von Jean Bernauer<\/figcaption><\/figure>\n\n\n\n<figure class=\"wp-block-image size-full\"><a href=\"https:\/\/centcols.org\/les_rendez-vous\/2009\/Val-Louron\/Albums\/06.htm\" target=\"_blank\" rel=\"noreferrer noopener\"><img loading=\"lazy\" decoding=\"async\" width=\"642\" height=\"482\" data-id=\"89193\" src=\"https:\/\/centcols.org\/wp-content\/uploads\/2009\/04\/alotto-001.jpg\" alt=\"\" class=\"wp-image-89193\" srcset=\"https:\/\/centcols.org\/wp-content\/uploads\/2009\/04\/alotto-001.jpg 642w, https:\/\/centcols.org\/wp-content\/uploads\/2009\/04\/alotto-001-16x12.jpg 16w\" sizes=\"auto, (max-width: 642px) 100vw, 642px\" \/><\/a><figcaption class=\"wp-element-caption\">Album von Alf\u00e9o Lotto<\/figcaption><\/figure>\n\n\n\n<figure class=\"wp-block-image size-full\"><a href=\"https:\/\/centcols.org\/les_rendez-vous\/2009\/Val-Louron\/Albums\/07.htm\" target=\"_blank\" rel=\"noreferrer noopener\"><img loading=\"lazy\" decoding=\"async\" width=\"640\" height=\"480\" data-id=\"89194\" src=\"https:\/\/centcols.org\/wp-content\/uploads\/2009\/04\/5925-13.jpg\" alt=\"\" class=\"wp-image-89194\" srcset=\"https:\/\/centcols.org\/wp-content\/uploads\/2009\/04\/5925-13.jpg 640w, https:\/\/centcols.org\/wp-content\/uploads\/2009\/04\/5925-13-16x12.jpg 16w\" sizes=\"auto, (max-width: 640px) 100vw, 640px\" \/><\/a><figcaption class=\"wp-element-caption\">Album von Thierry Labour<\/figcaption><\/figure>\n\n\n\n<figure class=\"wp-block-image size-full\"><img loading=\"lazy\" decoding=\"async\" width=\"640\" height=\"480\" data-id=\"89195\" src=\"https:\/\/centcols.org\/wp-content\/uploads\/2009\/04\/5065-04.jpg\" alt=\"\" class=\"wp-image-89195\" srcset=\"https:\/\/centcols.org\/wp-content\/uploads\/2009\/04\/5065-04.jpg 640w, https:\/\/centcols.org\/wp-content\/uploads\/2009\/04\/5065-04-16x12.jpg 16w\" sizes=\"auto, (max-width: 640px) 100vw, 640px\" \/><figcaption class=\"wp-element-caption\">Album von Enrico Alberini<\/figcaption><\/figure>\n\n\n\n<figure class=\"wp-block-image size-full\"><a href=\"https:\/\/centcols.org\/les_rendez-vous\/2009\/Val-Louron\/Albums\/09.htm\" target=\"_blank\" rel=\"noreferrer noopener\"><img loading=\"lazy\" decoding=\"async\" width=\"640\" height=\"480\" data-id=\"89196\" src=\"https:\/\/centcols.org\/wp-content\/uploads\/2009\/04\/touzeau-23.jpg\" alt=\"\" class=\"wp-image-89196\" srcset=\"https:\/\/centcols.org\/wp-content\/uploads\/2009\/04\/touzeau-23.jpg 640w, https:\/\/centcols.org\/wp-content\/uploads\/2009\/04\/touzeau-23-16x12.jpg 16w\" sizes=\"auto, (max-width: 640px) 100vw, 640px\" \/><\/a><figcaption class=\"wp-element-caption\"><a href=\"https:\/\/centcols.org\/les_rendez-vous\/2009\/Val-Louron\/Albums\/09.htm\" target=\"_blank\" rel=\"noreferrer noopener\">Album von Francis Touzeau<\/a><\/figcaption><\/figure>\n\n\n\n<figure class=\"wp-block-image size-full\"><a href=\"https:\/\/centcols.org\/les_rendez-vous\/2009\/Val-Louron\/Albums\/10.htm\" target=\"_blank\" rel=\"noreferrer noopener\"><img loading=\"lazy\" decoding=\"async\" width=\"640\" height=\"427\" data-id=\"89198\" src=\"https:\/\/centcols.org\/wp-content\/uploads\/2009\/04\/3956-11.jpg\" alt=\"\" class=\"wp-image-89198\" srcset=\"https:\/\/centcols.org\/wp-content\/uploads\/2009\/04\/3956-11.jpg 640w, https:\/\/centcols.org\/wp-content\/uploads\/2009\/04\/3956-11-18x12.jpg 18w\" sizes=\"auto, (max-width: 640px) 100vw, 640px\" \/><\/a><figcaption class=\"wp-element-caption\">Album von Agn\u00e8s M\u00e9oulet-Morieux<\/figcaption><\/figure>\n\n\n\n<figure class=\"wp-block-image size-full\"><a href=\"https:\/\/centcols.org\/les_rendez-vous\/2009\/Val-Louron\/Albums\/11.htm\" target=\"_blank\" rel=\"noreferrer noopener\"><img loading=\"lazy\" decoding=\"async\" width=\"640\" height=\"480\" data-id=\"89199\" src=\"https:\/\/centcols.org\/wp-content\/uploads\/2009\/04\/Cowham-13-06-1.jpg\" alt=\"\" class=\"wp-image-89199\" srcset=\"https:\/\/centcols.org\/wp-content\/uploads\/2009\/04\/Cowham-13-06-1.jpg 640w, https:\/\/centcols.org\/wp-content\/uploads\/2009\/04\/Cowham-13-06-1-16x12.jpg 16w\" sizes=\"auto, (max-width: 640px) 100vw, 640px\" \/><\/a><figcaption class=\"wp-element-caption\">Album von Gerald Cowham<\/figcaption><\/figure>\n\n\n\n<figure class=\"wp-block-image size-full\"><a href=\"https:\/\/centcols.org\/les_rendez-vous\/2009\/Val-Louron\/Albums\/12.htm\" target=\"_blank\" rel=\"noreferrer noopener\"><img loading=\"lazy\" decoding=\"async\" width=\"648\" height=\"486\" data-id=\"89200\" src=\"https:\/\/centcols.org\/wp-content\/uploads\/2009\/04\/5480-04a.jpg\" alt=\"\" class=\"wp-image-89200\" srcset=\"https:\/\/centcols.org\/wp-content\/uploads\/2009\/04\/5480-04a.jpg 648w, https:\/\/centcols.org\/wp-content\/uploads\/2009\/04\/5480-04a-16x12.jpg 16w\" sizes=\"auto, (max-width: 648px) 100vw, 648px\" \/><\/a><figcaption class=\"wp-element-caption\">Album von Ren\u00e9 Rial<\/figcaption><\/figure>\n\n\n\n<figure class=\"wp-block-image size-full\"><a href=\"https:\/\/centcols.org\/les_rendez-vous\/2009\/Val-Louron\/Albums\/13.htm\" target=\"_blank\" rel=\"noreferrer noopener\"><img loading=\"lazy\" decoding=\"async\" width=\"642\" height=\"482\" data-id=\"89201\" src=\"https:\/\/centcols.org\/wp-content\/uploads\/2009\/04\/harle-64.jpg\" alt=\"\" class=\"wp-image-89201\" srcset=\"https:\/\/centcols.org\/wp-content\/uploads\/2009\/04\/harle-64.jpg 642w, https:\/\/centcols.org\/wp-content\/uploads\/2009\/04\/harle-64-16x12.jpg 16w\" sizes=\"auto, (max-width: 642px) 100vw, 642px\" \/><\/a><figcaption class=\"wp-element-caption\">Album von Guy Harl\u00e9<\/figcaption><\/figure>\n\n\n\n<figure class=\"wp-block-image size-full\"><a href=\"https:\/\/centcols.org\/les_rendez-vous\/2009\/Val-Louron\/Albums\/14.htm\" target=\"_blank\" rel=\"noreferrer noopener\"><img loading=\"lazy\" decoding=\"async\" width=\"642\" height=\"520\" data-id=\"89202\" src=\"https:\/\/centcols.org\/wp-content\/uploads\/2009\/04\/poty-29.jpg\" alt=\"\" class=\"wp-image-89202\" srcset=\"https:\/\/centcols.org\/wp-content\/uploads\/2009\/04\/poty-29.jpg 642w, https:\/\/centcols.org\/wp-content\/uploads\/2009\/04\/poty-29-15x12.jpg 15w\" sizes=\"auto, (max-width: 642px) 100vw, 642px\" \/><\/a><figcaption class=\"wp-element-caption\">Album von Nicole und Ren\u00e9 Poty<\/figcaption><\/figure>\n\n\n\n<figure class=\"wp-block-image size-full\"><a href=\"https:\/\/centcols.org\/les_rendez-vous\/2009\/Val-Louron\/Albums\/15.htm\" target=\"_blank\" rel=\"noreferrer noopener\"><img loading=\"lazy\" decoding=\"async\" width=\"640\" height=\"480\" data-id=\"89203\" src=\"https:\/\/centcols.org\/wp-content\/uploads\/2009\/04\/gillodes-133.jpg\" alt=\"\" class=\"wp-image-89203\" srcset=\"https:\/\/centcols.org\/wp-content\/uploads\/2009\/04\/gillodes-133.jpg 640w, https:\/\/centcols.org\/wp-content\/uploads\/2009\/04\/gillodes-133-16x12.jpg 16w\" sizes=\"auto, (max-width: 640px) 100vw, 640px\" \/><\/a><figcaption class=\"wp-element-caption\">Album von Alain Gillodes<\/figcaption><\/figure>\n\n\n\n<figure class=\"wp-block-image size-full\"><a href=\"https:\/\/centcols.org\/les_rendez-vous\/2009\/Val-Louron\/Albums\/02.htm\" target=\"_blank\" rel=\"noreferrer noopener\"><img loading=\"lazy\" decoding=\"async\" width=\"640\" height=\"480\" data-id=\"89204\" src=\"https:\/\/centcols.org\/wp-content\/uploads\/2009\/04\/4889_24.jpg\" alt=\"\" class=\"wp-image-89204\" srcset=\"https:\/\/centcols.org\/wp-content\/uploads\/2009\/04\/4889_24.jpg 640w, https:\/\/centcols.org\/wp-content\/uploads\/2009\/04\/4889_24-16x12.jpg 16w\" sizes=\"auto, (max-width: 640px) 100vw, 640px\" \/><\/a><figcaption class=\"wp-element-caption\">Album von Mario Labelle<\/figcaption><\/figure>\n<\/figure>","protected":false},"excerpt":{"rendered":"<p>Pr\u00e9sentation Comme chaque ann\u00e9e, \u00e0 la mi-ao\u00fbt, le Club des Cent Cols convie ses adh\u00e9rents \u00e0 un rassemblement international au sommet d&rsquo;un col. Le samedi 15 ao\u00fbt 2009, nous nous retrouverons au sommet du col d&rsquo;Azet (FR-65-1580) dans les Pyr\u00e9n\u00e9es. Ce rassemblement s&rsquo;accompagnera d&rsquo;un s\u00e9jour (du 11\/08 au soir au 15\/08 \u00e0 midi). Notre h\u00e9bergement [&hellip;]<\/p>\n","protected":false},"author":3,"featured_media":81620,"comment_status":"closed","ping_status":"closed","sticky":false,"template":"","format":"standard","meta":{"_acf_changed":false,"footnotes":""},"categories":[349,384,135,421,379,231],"tags":[],"class_list":["post-81619","post","type-post","status-publish","format-standard","has-post-thumbnail","hentry","category-france-pays-sejours","category-occitanie-region-sejours","category-calendrier","category-65-hautes-pyrenees-departement-sejours","category-pyrenees-massif-sejours","category-sejours"],"acf":[],"yoast_head":"<!-- This site is optimized with the Yoast SEO plugin v27.2 - https:\/\/yoast.com\/product\/yoast-seo-wordpress\/ -->\n<title>S\u00e9jour estival du Club des Cent Cols \u00e0 Val-Louron (Hautes-Pyr\u00e9n\u00e9es) du 11 au 15 ao\u00fbt 2009 - Club des Cent Cols<\/title>\n<meta name=\"robots\" content=\"index, follow, max-snippet:-1, max-image-preview:large, max-video-preview:-1\" \/>\n<link rel=\"canonical\" href=\"https:\/\/centcols.org\/de\/sommeraufenthalt-des-club-des-cent-cols-in-val-louron-hautes-pyrenees-vom-11-bis-15-august-2009\/\" \/>\n<meta property=\"og:locale\" content=\"de_DE\" \/>\n<meta property=\"og:type\" content=\"article\" \/>\n<meta property=\"og:title\" content=\"S\u00e9jour estival du Club des Cent Cols \u00e0 Val-Louron (Hautes-Pyr\u00e9n\u00e9es) du 11 au 15 ao\u00fbt 2009 - Club des Cent Cols\" \/>\n<meta property=\"og:description\" content=\"Pr\u00e9sentation Comme chaque ann\u00e9e, \u00e0 la mi-ao\u00fbt, le Club des Cent Cols convie ses adh\u00e9rents \u00e0 un rassemblement international au sommet d&rsquo;un col. Le samedi 15 ao\u00fbt 2009, nous nous retrouverons au sommet du col d&rsquo;Azet (FR-65-1580) dans les Pyr\u00e9n\u00e9es. Ce rassemblement s&rsquo;accompagnera d&rsquo;un s\u00e9jour (du 11\/08 au soir au 15\/08 \u00e0 midi). Notre h\u00e9bergement [&hellip;]\" \/>\n<meta property=\"og:url\" content=\"https:\/\/centcols.org\/de\/sommeraufenthalt-des-club-des-cent-cols-in-val-louron-hautes-pyrenees-vom-11-bis-15-august-2009\/\" \/>\n<meta property=\"og:site_name\" content=\"Club des Cent Cols\" \/>\n<meta property=\"article:publisher\" content=\"https:\/\/www.facebook.com\/groups\/5261880558\/?locale=fr_FR\" \/>\n<meta property=\"article:published_time\" content=\"2009-04-23T08:06:00+00:00\" \/>\n<meta property=\"article:modified_time\" content=\"2025-10-02T09:25:38+00:00\" \/>\n<meta property=\"og:image\" content=\"https:\/\/centcols.org\/wp-content\/uploads\/2025\/05\/Cowham-13-06-1.jpg\" \/>\n\t<meta property=\"og:image:width\" content=\"640\" \/>\n\t<meta property=\"og:image:height\" content=\"480\" \/>\n\t<meta property=\"og:image:type\" content=\"image\/jpeg\" \/>\n<meta name=\"author\" content=\"Webmestre\" \/>\n<meta name=\"twitter:card\" content=\"summary_large_image\" \/>\n<meta name=\"twitter:label1\" content=\"Verfasst von\" \/>\n\t<meta name=\"twitter:data1\" content=\"Webmestre\" \/>\n\t<meta name=\"twitter:label2\" content=\"Gesch\u00e4tzte Lesezeit\" \/>\n\t<meta name=\"twitter:data2\" content=\"10\u00a0Minuten\" \/>\n<script type=\"application\/ld+json\" class=\"yoast-schema-graph\">{\"@context\":\"https:\/\/schema.org\",\"@graph\":[{\"@type\":\"Article\",\"@id\":\"https:\/\/centcols.org\/sejour-estival-du-club-des-cent-cols-a-val-louron-hautes-pyrenees-du-11-au-15-aout-2009\/#article\",\"isPartOf\":{\"@id\":\"https:\/\/centcols.org\/sejour-estival-du-club-des-cent-cols-a-val-louron-hautes-pyrenees-du-11-au-15-aout-2009\/\"},\"author\":{\"name\":\"Webmestre\",\"@id\":\"https:\/\/centcols.org\/#\/schema\/person\/911b404fb133d8c913dd27cdcf71c8e5\"},\"headline\":\"S\u00e9jour estival du Club des Cent Cols \u00e0 Val-Louron (Hautes-Pyr\u00e9n\u00e9es) du 11 au 15 ao\u00fbt 2009\",\"datePublished\":\"2009-04-23T08:06:00+00:00\",\"dateModified\":\"2025-10-02T09:25:38+00:00\",\"mainEntityOfPage\":{\"@id\":\"https:\/\/centcols.org\/sejour-estival-du-club-des-cent-cols-a-val-louron-hautes-pyrenees-du-11-au-15-aout-2009\/\"},\"wordCount\":1191,\"publisher\":{\"@id\":\"https:\/\/centcols.org\/#organization\"},\"image\":{\"@id\":\"https:\/\/centcols.org\/sejour-estival-du-club-des-cent-cols-a-val-louron-hautes-pyrenees-du-11-au-15-aout-2009\/#primaryimage\"},\"thumbnailUrl\":\"https:\/\/centcols.org\/wp-content\/uploads\/2025\/05\/Cowham-13-06-1.jpg\",\"articleSection\":[\"France\",\"Occitanie\",\"Calendrier\",\"65-Hautes-Pyr\u00e9n\u00e9es\",\"Pyr\u00e9n\u00e9es\",\"S\u00e9jours du Club des Cent Cols\"],\"inLanguage\":\"de\"},{\"@type\":\"WebPage\",\"@id\":\"https:\/\/centcols.org\/sejour-estival-du-club-des-cent-cols-a-val-louron-hautes-pyrenees-du-11-au-15-aout-2009\/\",\"url\":\"https:\/\/centcols.org\/sejour-estival-du-club-des-cent-cols-a-val-louron-hautes-pyrenees-du-11-au-15-aout-2009\/\",\"name\":\"S\u00e9jour estival du Club des Cent Cols \u00e0 Val-Louron (Hautes-Pyr\u00e9n\u00e9es) du 11 au 15 ao\u00fbt 2009 - Club des Cent Cols\",\"isPartOf\":{\"@id\":\"https:\/\/centcols.org\/#website\"},\"primaryImageOfPage\":{\"@id\":\"https:\/\/centcols.org\/sejour-estival-du-club-des-cent-cols-a-val-louron-hautes-pyrenees-du-11-au-15-aout-2009\/#primaryimage\"},\"image\":{\"@id\":\"https:\/\/centcols.org\/sejour-estival-du-club-des-cent-cols-a-val-louron-hautes-pyrenees-du-11-au-15-aout-2009\/#primaryimage\"},\"thumbnailUrl\":\"https:\/\/centcols.org\/wp-content\/uploads\/2025\/05\/Cowham-13-06-1.jpg\",\"datePublished\":\"2009-04-23T08:06:00+00:00\",\"dateModified\":\"2025-10-02T09:25:38+00:00\",\"breadcrumb\":{\"@id\":\"https:\/\/centcols.org\/sejour-estival-du-club-des-cent-cols-a-val-louron-hautes-pyrenees-du-11-au-15-aout-2009\/#breadcrumb\"},\"inLanguage\":\"de\",\"potentialAction\":[{\"@type\":\"ReadAction\",\"target\":[\"https:\/\/centcols.org\/sejour-estival-du-club-des-cent-cols-a-val-louron-hautes-pyrenees-du-11-au-15-aout-2009\/\"]}]},{\"@type\":\"ImageObject\",\"inLanguage\":\"de\",\"@id\":\"https:\/\/centcols.org\/sejour-estival-du-club-des-cent-cols-a-val-louron-hautes-pyrenees-du-11-au-15-aout-2009\/#primaryimage\",\"url\":\"https:\/\/centcols.org\/wp-content\/uploads\/2025\/05\/Cowham-13-06-1.jpg\",\"contentUrl\":\"https:\/\/centcols.org\/wp-content\/uploads\/2025\/05\/Cowham-13-06-1.jpg\",\"width\":640,\"height\":480},{\"@type\":\"BreadcrumbList\",\"@id\":\"https:\/\/centcols.org\/sejour-estival-du-club-des-cent-cols-a-val-louron-hautes-pyrenees-du-11-au-15-aout-2009\/#breadcrumb\",\"itemListElement\":[{\"@type\":\"ListItem\",\"position\":1,\"name\":\"Accueil\",\"item\":\"https:\/\/centcols.org\/\"},{\"@type\":\"ListItem\",\"position\":2,\"name\":\"S\u00e9jours du Club des Cent Cols\",\"item\":\"https:\/\/centcols.org\/rubrique\/sejours\/\"},{\"@type\":\"ListItem\",\"position\":3,\"name\":\"Pays\",\"item\":\"https:\/\/centcols.org\/rubrique\/sejours\/pays-sejours\/\"},{\"@type\":\"ListItem\",\"position\":4,\"name\":\"France\",\"item\":\"https:\/\/centcols.org\/rubrique\/sejours\/pays-sejours\/france-pays-sejours\/\"},{\"@type\":\"ListItem\",\"position\":5,\"name\":\"S\u00e9jour estival du Club des Cent Cols \u00e0 Val-Louron (Hautes-Pyr\u00e9n\u00e9es) du 11 au 15 ao\u00fbt 2009\"}]},{\"@type\":\"WebSite\",\"@id\":\"https:\/\/centcols.org\/#website\",\"url\":\"https:\/\/centcols.org\/\",\"name\":\"Club des Cent Cols\",\"description\":\"\",\"publisher\":{\"@id\":\"https:\/\/centcols.org\/#organization\"},\"potentialAction\":[{\"@type\":\"SearchAction\",\"target\":{\"@type\":\"EntryPoint\",\"urlTemplate\":\"https:\/\/centcols.org\/?s={search_term_string}\"},\"query-input\":{\"@type\":\"PropertyValueSpecification\",\"valueRequired\":true,\"valueName\":\"search_term_string\"}}],\"inLanguage\":\"de\"},{\"@type\":\"Organization\",\"@id\":\"https:\/\/centcols.org\/#organization\",\"name\":\"Club des Cent Cols\",\"url\":\"https:\/\/centcols.org\/\",\"logo\":{\"@type\":\"ImageObject\",\"inLanguage\":\"de\",\"@id\":\"https:\/\/centcols.org\/#\/schema\/logo\/image\/\",\"url\":\"https:\/\/centcols.org\/wp-content\/uploads\/2025\/01\/carte-icone.png\",\"contentUrl\":\"https:\/\/centcols.org\/wp-content\/uploads\/2025\/01\/carte-icone.png\",\"width\":250,\"height\":250,\"caption\":\"Club des Cent Cols\"},\"image\":{\"@id\":\"https:\/\/centcols.org\/#\/schema\/logo\/image\/\"},\"sameAs\":[\"https:\/\/www.facebook.com\/groups\/5261880558\/?locale=fr_FR\"]},{\"@type\":\"Person\",\"@id\":\"https:\/\/centcols.org\/#\/schema\/person\/911b404fb133d8c913dd27cdcf71c8e5\",\"name\":\"Webmestre\",\"image\":{\"@type\":\"ImageObject\",\"inLanguage\":\"de\",\"@id\":\"https:\/\/centcols.org\/wp-content\/litespeed\/avatar\/2d246e4b6b4f773e08515e1ffc53690b.jpg?ver=1777222892\",\"url\":\"https:\/\/centcols.org\/wp-content\/litespeed\/avatar\/2d246e4b6b4f773e08515e1ffc53690b.jpg?ver=1777222892\",\"contentUrl\":\"https:\/\/centcols.org\/wp-content\/litespeed\/avatar\/2d246e4b6b4f773e08515e1ffc53690b.jpg?ver=1777222892\",\"caption\":\"Webmestre\"},\"url\":\"https:\/\/centcols.org\/de\/author\/webmestre\/\"}]}<\/script>\n<!-- \/ Yoast SEO plugin. -->","yoast_head_json":{"title":"Sommeraufenthalt des Club des Cent Cols in Val-Louron (Hautes-Pyr\u00e9n\u00e9es) vom 11. bis 15. August 2009 - Club des Cent Cols","robots":{"index":"index","follow":"follow","max-snippet":"max-snippet:-1","max-image-preview":"max-image-preview:large","max-video-preview":"max-video-preview:-1"},"canonical":"https:\/\/centcols.org\/de\/sommeraufenthalt-des-club-des-cent-cols-in-val-louron-hautes-pyrenees-vom-11-bis-15-august-2009\/","og_locale":"de_DE","og_type":"article","og_title":"S\u00e9jour estival du Club des Cent Cols \u00e0 Val-Louron (Hautes-Pyr\u00e9n\u00e9es) du 11 au 15 ao\u00fbt 2009 - Club des Cent Cols","og_description":"Pr\u00e9sentation Comme chaque ann\u00e9e, \u00e0 la mi-ao\u00fbt, le Club des Cent Cols convie ses adh\u00e9rents \u00e0 un rassemblement international au sommet d&rsquo;un col. Le samedi 15 ao\u00fbt 2009, nous nous retrouverons au sommet du col d&rsquo;Azet (FR-65-1580) dans les Pyr\u00e9n\u00e9es. Ce rassemblement s&rsquo;accompagnera d&rsquo;un s\u00e9jour (du 11\/08 au soir au 15\/08 \u00e0 midi). Notre h\u00e9bergement [&hellip;]","og_url":"https:\/\/centcols.org\/de\/sommeraufenthalt-des-club-des-cent-cols-in-val-louron-hautes-pyrenees-vom-11-bis-15-august-2009\/","og_site_name":"Club des Cent Cols","article_publisher":"https:\/\/www.facebook.com\/groups\/5261880558\/?locale=fr_FR","article_published_time":"2009-04-23T08:06:00+00:00","article_modified_time":"2025-10-02T09:25:38+00:00","og_image":[{"width":640,"height":480,"url":"https:\/\/centcols.org\/wp-content\/uploads\/2025\/05\/Cowham-13-06-1.jpg","type":"image\/jpeg"}],"author":"Webmestre","twitter_card":"summary_large_image","twitter_misc":{"Verfasst von":"Webmestre","Gesch\u00e4tzte Lesezeit":"10\u00a0Minuten"},"schema":{"@context":"https:\/\/schema.org","@graph":[{"@type":"Article","@id":"https:\/\/centcols.org\/sejour-estival-du-club-des-cent-cols-a-val-louron-hautes-pyrenees-du-11-au-15-aout-2009\/#article","isPartOf":{"@id":"https:\/\/centcols.org\/sejour-estival-du-club-des-cent-cols-a-val-louron-hautes-pyrenees-du-11-au-15-aout-2009\/"},"author":{"name":"Webmestre","@id":"https:\/\/centcols.org\/#\/schema\/person\/911b404fb133d8c913dd27cdcf71c8e5"},"headline":"S\u00e9jour estival du Club des Cent Cols \u00e0 Val-Louron (Hautes-Pyr\u00e9n\u00e9es) du 11 au 15 ao\u00fbt 2009","datePublished":"2009-04-23T08:06:00+00:00","dateModified":"2025-10-02T09:25:38+00:00","mainEntityOfPage":{"@id":"https:\/\/centcols.org\/sejour-estival-du-club-des-cent-cols-a-val-louron-hautes-pyrenees-du-11-au-15-aout-2009\/"},"wordCount":1191,"publisher":{"@id":"https:\/\/centcols.org\/#organization"},"image":{"@id":"https:\/\/centcols.org\/sejour-estival-du-club-des-cent-cols-a-val-louron-hautes-pyrenees-du-11-au-15-aout-2009\/#primaryimage"},"thumbnailUrl":"https:\/\/centcols.org\/wp-content\/uploads\/2025\/05\/Cowham-13-06-1.jpg","articleSection":["France","Occitanie","Calendrier","65-Hautes-Pyr\u00e9n\u00e9es","Pyr\u00e9n\u00e9es","S\u00e9jours du Club des Cent Cols"],"inLanguage":"de"},{"@type":"WebPage","@id":"https:\/\/centcols.org\/sejour-estival-du-club-des-cent-cols-a-val-louron-hautes-pyrenees-du-11-au-15-aout-2009\/","url":"https:\/\/centcols.org\/sejour-estival-du-club-des-cent-cols-a-val-louron-hautes-pyrenees-du-11-au-15-aout-2009\/","name":"Sommeraufenthalt des Club des Cent Cols in Val-Louron (Hautes-Pyr\u00e9n\u00e9es) vom 11. bis 15. August 2009 - Club des Cent Cols","isPartOf":{"@id":"https:\/\/centcols.org\/#website"},"primaryImageOfPage":{"@id":"https:\/\/centcols.org\/sejour-estival-du-club-des-cent-cols-a-val-louron-hautes-pyrenees-du-11-au-15-aout-2009\/#primaryimage"},"image":{"@id":"https:\/\/centcols.org\/sejour-estival-du-club-des-cent-cols-a-val-louron-hautes-pyrenees-du-11-au-15-aout-2009\/#primaryimage"},"thumbnailUrl":"https:\/\/centcols.org\/wp-content\/uploads\/2025\/05\/Cowham-13-06-1.jpg","datePublished":"2009-04-23T08:06:00+00:00","dateModified":"2025-10-02T09:25:38+00:00","breadcrumb":{"@id":"https:\/\/centcols.org\/sejour-estival-du-club-des-cent-cols-a-val-louron-hautes-pyrenees-du-11-au-15-aout-2009\/#breadcrumb"},"inLanguage":"de","potentialAction":[{"@type":"ReadAction","target":["https:\/\/centcols.org\/sejour-estival-du-club-des-cent-cols-a-val-louron-hautes-pyrenees-du-11-au-15-aout-2009\/"]}]},{"@type":"ImageObject","inLanguage":"de","@id":"https:\/\/centcols.org\/sejour-estival-du-club-des-cent-cols-a-val-louron-hautes-pyrenees-du-11-au-15-aout-2009\/#primaryimage","url":"https:\/\/centcols.org\/wp-content\/uploads\/2025\/05\/Cowham-13-06-1.jpg","contentUrl":"https:\/\/centcols.org\/wp-content\/uploads\/2025\/05\/Cowham-13-06-1.jpg","width":640,"height":480},{"@type":"BreadcrumbList","@id":"https:\/\/centcols.org\/sejour-estival-du-club-des-cent-cols-a-val-louron-hautes-pyrenees-du-11-au-15-aout-2009\/#breadcrumb","itemListElement":[{"@type":"ListItem","position":1,"name":"Accueil","item":"https:\/\/centcols.org\/"},{"@type":"ListItem","position":2,"name":"S\u00e9jours du Club des Cent Cols","item":"https:\/\/centcols.org\/rubrique\/sejours\/"},{"@type":"ListItem","position":3,"name":"Pays","item":"https:\/\/centcols.org\/rubrique\/sejours\/pays-sejours\/"},{"@type":"ListItem","position":4,"name":"France","item":"https:\/\/centcols.org\/rubrique\/sejours\/pays-sejours\/france-pays-sejours\/"},{"@type":"ListItem","position":5,"name":"S\u00e9jour estival du Club des Cent Cols \u00e0 Val-Louron (Hautes-Pyr\u00e9n\u00e9es) du 11 au 15 ao\u00fbt 2009"}]},{"@type":"WebSite","@id":"https:\/\/centcols.org\/#website","url":"https:\/\/centcols.org\/","name":"Club des Cent Cols","description":"","publisher":{"@id":"https:\/\/centcols.org\/#organization"},"potentialAction":[{"@type":"SearchAction","target":{"@type":"EntryPoint","urlTemplate":"https:\/\/centcols.org\/?s={search_term_string}"},"query-input":{"@type":"PropertyValueSpecification","valueRequired":true,"valueName":"search_term_string"}}],"inLanguage":"de"},{"@type":"Organization","@id":"https:\/\/centcols.org\/#organization","name":"Club des Cent Cols","url":"https:\/\/centcols.org\/","logo":{"@type":"ImageObject","inLanguage":"de","@id":"https:\/\/centcols.org\/#\/schema\/logo\/image\/","url":"https:\/\/centcols.org\/wp-content\/uploads\/2025\/01\/carte-icone.png","contentUrl":"https:\/\/centcols.org\/wp-content\/uploads\/2025\/01\/carte-icone.png","width":250,"height":250,"caption":"Club des Cent Cols"},"image":{"@id":"https:\/\/centcols.org\/#\/schema\/logo\/image\/"},"sameAs":["https:\/\/www.facebook.com\/groups\/5261880558\/?locale=fr_FR"]},{"@type":"Person","@id":"https:\/\/centcols.org\/#\/schema\/person\/911b404fb133d8c913dd27cdcf71c8e5","name":"Webmaster","image":{"@type":"ImageObject","inLanguage":"de","@id":"https:\/\/centcols.org\/wp-content\/litespeed\/avatar\/2d246e4b6b4f773e08515e1ffc53690b.jpg?ver=1777222892","url":"https:\/\/centcols.org\/wp-content\/litespeed\/avatar\/2d246e4b6b4f773e08515e1ffc53690b.jpg?ver=1777222892","contentUrl":"https:\/\/centcols.org\/wp-content\/litespeed\/avatar\/2d246e4b6b4f773e08515e1ffc53690b.jpg?ver=1777222892","caption":"Webmestre"},"url":"https:\/\/centcols.org\/de\/author\/webmestre\/"}]}},"_links":{"self":[{"href":"https:\/\/centcols.org\/de\/wp-json\/wp\/v2\/posts\/81619","targetHints":{"allow":["GET"]}}],"collection":[{"href":"https:\/\/centcols.org\/de\/wp-json\/wp\/v2\/posts"}],"about":[{"href":"https:\/\/centcols.org\/de\/wp-json\/wp\/v2\/types\/post"}],"author":[{"embeddable":true,"href":"https:\/\/centcols.org\/de\/wp-json\/wp\/v2\/users\/3"}],"replies":[{"embeddable":true,"href":"https:\/\/centcols.org\/de\/wp-json\/wp\/v2\/comments?post=81619"}],"version-history":[{"count":0,"href":"https:\/\/centcols.org\/de\/wp-json\/wp\/v2\/posts\/81619\/revisions"}],"wp:featuredmedia":[{"embeddable":true,"href":"https:\/\/centcols.org\/de\/wp-json\/wp\/v2\/media\/81620"}],"wp:attachment":[{"href":"https:\/\/centcols.org\/de\/wp-json\/wp\/v2\/media?parent=81619"}],"wp:term":[{"taxonomy":"category","embeddable":true,"href":"https:\/\/centcols.org\/de\/wp-json\/wp\/v2\/categories?post=81619"},{"taxonomy":"post_tag","embeddable":true,"href":"https:\/\/centcols.org\/de\/wp-json\/wp\/v2\/tags?post=81619"}],"curies":[{"name":"wp","href":"https:\/\/api.w.org\/{rel}","templated":true}]}}