{"id":81635,"date":"2009-01-23T08:59:11","date_gmt":"2009-01-23T06:59:11","guid":{"rendered":"https:\/\/centcols.org\/sejour-de-printemps-corbieres-a-tuchan-aude-du-14-au-21-mars-2009\/"},"modified":"2025-10-02T10:22:14","modified_gmt":"2025-10-02T08:22:14","slug":"fruhlingsaufenthalt-corbieres-a-tuchan-aude-vom-14-bis-21-marz-2009","status":"publish","type":"post","link":"https:\/\/centcols.org\/de\/sejour-de-printemps-corbieres-a-tuchan-aude-du-14-au-21-mars-2009\/","title":{"rendered":"Fr\u00fchlingsaufenthalt \u00abCorbi\u00e8res\u00bb in Tuchan (Aude) vom 14. bis 21. M\u00e4rz 2009"},"content":{"rendered":"<h2 class=\"wp-block-heading\">Das Programm<\/h2>\n\n\n\n<p>Wir treffen uns am 14. M\u00e4rz 2009 am sp\u00e4ten Nachmittag im \u00abRelais d'Aguilar\u00bb in Tuchan. Gegen 19:30 Uhr ist ein Begr\u00fc\u00dfungsgetr\u00e4nk vorgesehen, gefolgt vom Abendessen um 20:00 Uhr (erste Leistung der Vollpension). An den anderen Tagen findet das Abendessen um 19.30 Uhr statt.<br>Es werden zwei Aufenthaltsformeln angeboten:<\/p>\n\n\n\n<ul class=\"wp-block-list\">\n<li>Vom 14. bis 18. M\u00e4rz<\/li>\n\n\n\n<li>Vom 14. bis 21. M\u00e4rz<\/li>\n<\/ul>\n\n\n\n<p>In beiden F\u00e4llen ist die letzte Leistung der Vollpension das Mittagspicknick am letzten Tag.<\/p>\n\n\n\n<hr class=\"wp-block-separator has-alpha-channel-opacity\"\/>\n\n\n<div class=\"wp-block-image\">\n<figure class=\"aligncenter size-full\"><img loading=\"lazy\" decoding=\"async\" width=\"764\" height=\"160\" src=\"https:\/\/centcols.org\/wp-content\/uploads\/2009\/01\/A.jpg\" alt=\"\" class=\"wp-image-89975\" srcset=\"https:\/\/centcols.org\/wp-content\/uploads\/2009\/01\/A.jpg 764w, https:\/\/centcols.org\/wp-content\/uploads\/2009\/01\/A-18x4.jpg 18w\" sizes=\"auto, (max-width: 764px) 100vw, 764px\" \/><\/figure>\n<\/div>\n\n\n<h3 class=\"wp-block-heading\">Stundenplan:<\/h3>\n\n\n\n<ul class=\"wp-block-list\">\n<li>Fr\u00fchst\u00fcck ab 7:30 Uhr<\/li>\n\n\n\n<li>Verteilung der Picknickk\u00f6rbe am Ende der Fr\u00fchst\u00fccke<\/li>\n\n\n\n<li>Abfahrt der Rundg\u00e4nge um 8:30 Uhr<\/li>\n\n\n\n<li>Abendessen um 19:30 Uhr<\/li>\n<\/ul>\n\n\n\n<p>Montag, 16. M\u00e4rz, 18.30 Uhr: Treffpunkt im Weinkeller von Mont Tauch; Treffen mit dem B\u00fcrgermeister, Tourismusverantwortlichen und Weinbauern. Verkostung der besten Produkte des Fitou.<\/p>\n\n\n\n<p>Es werden vier Besichtigungen angeboten: zwei kulturelle (Ch\u00e2teaux d'Aguilar und Peyrepertuse), eine nat\u00fcrliche (Gorges de Galamus) und eine \u00abgeschmackliche\u00bb (Caves du Mont Tauch). Die Anmeldung f\u00fcr diese Besuche findet vor Ort statt.<\/p>\n\n\n\n<h2 class=\"wp-block-heading\">Die Strecken<\/h2>\n\n\n\n<p>Von Sonntag, dem 15. M\u00e4rz, bis Freitag, dem 20. M\u00e4rz, werden jeden Tag zwei Strecken, eine Stra\u00dfenstrecke und eine Mountainbike-Strecke, angeboten. Sie sind mit R1 bis R6 f\u00fcr die Stra\u00dfenstrecken und V1 bis V6 f\u00fcr die Mountainbike-Strecken nummeriert. Diese Nummern sind in den detaillierten Beschreibungen enthalten.<\/p>\n\n\n\n<figure class=\"wp-block-table aligncenter\"><table><tbody><tr><td>&nbsp;<\/td><td>Stra\u00dfe<\/td><td>&nbsp;<\/td><td>&nbsp;<\/td><td>&nbsp;<\/td><td>&nbsp;<\/td><td>&nbsp;<\/td><\/tr><tr><td>\n<p>&nbsp;<\/p>\n<p>Datum<\/p>\n<p>&nbsp;<\/p>\n<\/td><td>\n<p>&nbsp;<\/p>\n<p>Name des Rundgangs<\/p>\n<p>&nbsp;<\/p>\n<\/td><td>\n<p>&nbsp;<\/p>\n<p>km<\/p>\n<p>&nbsp;<\/p>\n<\/td><td>\n<p>&nbsp;<\/p>\n<p>Kragen<\/p>\n<p>&nbsp;<\/p>\n<\/td><td>\n<p>&nbsp;<\/p>\n<p>Name des Rundgangs<\/p>\n<p>&nbsp;<\/p>\n<\/td><td>\n<p>&nbsp;<\/p>\n<p>km<\/p>\n<p>&nbsp;<\/p>\n<\/td><td>\n<p>&nbsp;<\/p>\n<p>Kragen<\/p>\n<p>&nbsp;<\/p>\n<\/td><\/tr><tr><td>Sonntag, 15. M\u00e4rz<\/td><td><a class=\"iframe-fancybox\" href=\"https:\/\/centcols.org\/les_rendez-vous\/2009\/Tuchan\/R1.htm\" target=\"_blank\" rel=\"noopener\">R1 Tuchan Ost<\/a><\/td><td>180<\/td><td>13<\/td><td><a class=\"iframe-fancybox\" href=\"https:\/\/centcols.org\/les_rendez-vous\/2009\/Tuchan\/V1.htm\" target=\"_blank\" rel=\"noopener\">V1 Tuchan Ost<\/a><\/td><td>70<\/td><td>15<\/td><\/tr><tr><td>Montag, 16. M\u00e4rz<\/td><td><a class=\"iframe-fancybox\" href=\"https:\/\/centcols.org\/les_rendez-vous\/2009\/Tuchan\/R4.htm\" target=\"_blank\" rel=\"noopener\">R4 Massac<\/a><\/td><td>95<\/td><td>16<\/td><td><a class=\"iframe-fancybox\" href=\"https:\/\/centcols.org\/les_rendez-vous\/2009\/Tuchan\/V2.htm\" target=\"_blank\" rel=\"noopener\">V2 Caudi\u00e8s-en-Fenouill\u00e8des<\/a><\/td><td>59<\/td><td>13<\/td><\/tr><tr><td>Dienstag, 117. M\u00e4rz<\/td><td><a class=\"iframe-fancybox\" href=\"https:\/\/centcols.org\/les_rendez-vous\/2009\/Tuchan\/R3.htm\" target=\"_blank\" rel=\"noopener\">R3 Estagel<\/a><\/td><td>83<\/td><td>12<\/td><td><a class=\"iframe-fancybox\" href=\"https:\/\/centcols.org\/les_rendez-vous\/2009\/Tuchan\/V4.htm\" target=\"_blank\" rel=\"noopener\">V4 Lapradelle-Puilaurens<\/a><\/td><td>58<\/td><td>11<\/td><\/tr><tr><td>Mittwoch, 18. M\u00e4rz<\/td><td><a href=\"https:\/\/centcols.org\/les_rendez-vous\/2009\/Tuchan\/R2.htm\" target=\"_blank\" rel=\"noopener\">R2 Tuchan Nord<\/a><\/td><td>76<\/td><td>12<\/td><td><a class=\"iframe-fancybox\" href=\"https:\/\/centcols.org\/les_rendez-vous\/2009\/Tuchan\/V3.htm\" target=\"_blank\" rel=\"noopener\">V3 H\u00e4user<\/a><\/td><td>33<\/td><td>12<\/td><\/tr><tr><td>Donnerstag, 19. M\u00e4rz<\/td><td><a class=\"iframe-fancybox\" href=\"https:\/\/centcols.org\/les_rendez-vous\/2009\/Tuchan\/R5.htm\" target=\"_blank\" rel=\"noopener\">R5 Cucugnan<\/a><\/td><td>94<\/td><td>19<\/td><td><a class=\"iframe-fancybox\" href=\"https:\/\/centcols.org\/les_rendez-vous\/2009\/Tuchan\/V5.htm\" target=\"_blank\" rel=\"noopener\">V5 Galamus-Peyrepertuse<\/a><\/td><td>46<\/td><td>11<\/td><\/tr><tr><td>Freitag, 20. M\u00e4rz<\/td><td><a class=\"iframe-fancybox\" href=\"https:\/\/centcols.org\/les_rendez-vous\/2009\/Tuchan\/R6.htm\" target=\"_blank\" rel=\"noopener\">R6 Tuchan<\/a><\/td><td>145<\/td><td>23<\/td><td><a href=\"https:\/\/centcols.org\/les_rendez-vous\/2009\/Tuchan\/V6.htm\" target=\"_blank\" rel=\"noopener\">V6 Qu\u00e9ribus-Paziols-Tautavel <\/a><\/td><td>52<\/td><td>12<\/td><\/tr><tr><td>\n<p>&nbsp;<\/p>\n<p>Gesamt<\/p>\n<\/td><td>&nbsp;<\/td><td>\n<p>&nbsp;<\/p>\n<p>601<\/p>\n<\/td><td>\n<p>&nbsp;<\/p>\n<p>95*<\/p>\n<\/td><td>&nbsp;<\/td><td>\n<p>&nbsp;<\/p>\n<p>318<\/p>\n<\/td><td>\n<p>&nbsp;<\/p>\n<p>74*<\/p>\n<\/td><\/tr><\/tbody><\/table><\/figure>\n\n\n\n<p>(Klicken Sie auf die Namen der Strecken, um ihre detaillierten Eigenschaften anzuzeigen)<\/p>\n\n\n\n<p>(*) Einige P\u00e4sse sind mehreren Rundreisen gemeinsam. Die Anzahl der verschiedenen P\u00e4sse betr\u00e4gt 64.<\/p>\n\n\n\n<p>Von <a class=\"iframe-fancybox\" href=\"https:\/\/centcols.org\/de\/les_rendez-vous\/2009\/Tuchan\/geo\/\" target=\"_blank\" rel=\"noopener\">Geolokalisierungsdateien<\/a> (Carto Explorer, GPX und Google Earth) f\u00fcr alle Strecken sind ebenfalls verf\u00fcgbar.<br>Die Entfernungen k\u00f6nnen sich geringf\u00fcgig von denen unterscheiden, die in den detaillierten Beschreibungen der Touren angezeigt werden.<br>Die von Roger Colombo und Ren\u00e9 Poty gezeichneten Stra\u00dfen- und Maultierrouten decken haupts\u00e4chlich das Massiv der Corbi\u00e8res ab.<br>Am Samstag, dem 21. M\u00e4rz, dem Tag der Abreise, ist keine Rundfahrt vorgesehen. Teilnehmer, die keine lange Heimreise haben, k\u00f6nnen eine Strecke ihrer Wahl in der Kategorie \u00abStra\u00dfe\u00bb oder \u00abMountainbike\u00bb fahren oder den Vormittag f\u00fcr einen Besuch des reichen historischen Erbes der Region nutzen: Katharerburgen oder die pr\u00e4historischen Museen von Tautavel oder Belesta.<\/p>\n\n\n\n<h2 class=\"wp-block-heading\">Die P\u00e4sse<\/h2>\n\n\n\n<p>Die P\u00e4sse des Aufenthalts sind die folgenden. Beachten Sie, dass einige optionale Maultierp\u00e4sse auf den Stra\u00dfenrouten nicht in der Tabelle aufgef\u00fchrt sind; sie erscheinen jedoch in den detaillierten Beschreibungen der Touren.<\/p>\n\n\n\n<h2 class=\"wp-block-heading has-text-align-center\">Stra\u00dfenrundfahrten<\/h2>\n\n\n<table class=\"lst\" style=\"width: 100%; height: 1066px;\">\n<thead>\n<tr style=\"height: 50px;\">\n<td style=\"width: 12.9762%; height: 30px;\">\n<p><span style=\"font-family: arial, helvetica, sans-serif;\">Chauvot-Code<\/span><\/p>\n<\/td>\n<td style=\"width: 20.2381%; height: 30px;\">\n<p><span style=\"font-family: arial, helvetica, sans-serif;\">Name des Passes<\/span><\/p>\n<\/td>\n<td style=\"width: 12.9762%; height: 30px;\">\n<p><span style=\"font-family: arial, helvetica, sans-serif;\">Chauvot-Code<\/span><\/p>\n<\/td>\n<td style=\"width: 18.3333%; height: 30px;\">\n<p><span style=\"font-family: arial, helvetica, sans-serif;\">Name des Passes<\/span><\/p>\n<\/td>\n<td style=\"width: 12.9762%; height: 30px;\">\n<p><span style=\"font-family: arial, helvetica, sans-serif;\">Chauvot-Code<\/span><\/p>\n<\/td>\n<td style=\"width: 21.0714%; height: 30px;\">\n<p><span style=\"font-family: arial, helvetica, sans-serif;\">Name des Passes<\/span><\/p>\n<\/td>\n<\/tr>\n<\/thead>\n<tbody>\n<tr style=\"height: 24px;\">\n<td style=\"width: 12.9762%; height: 24px;\"><span style=\"font-family: arial, helvetica, sans-serif;\">\u00a0<\/span><\/td>\n<td style=\"width: 20.2381%; height: 24px;\"><span style=\"font-family: arial, helvetica, sans-serif;\">\u00a0<\/span><\/td>\n<td style=\"width: 12.9762%; height: 24px;\"><span style=\"font-family: arial, helvetica, sans-serif;\">\u00a0<\/span><\/td>\n<td style=\"width: 18.3333%; height: 24px;\"><span style=\"font-family: arial, helvetica, sans-serif;\">\u00a0<\/span><\/td>\n<td style=\"width: 12.9762%; height: 24px;\"><span style=\"font-family: arial, helvetica, sans-serif;\">\u00a0<\/span><\/td>\n<td style=\"width: 21.0714%; height: 24px;\"><span style=\"font-family: arial, helvetica, sans-serif;\">\u00a0<\/span><\/td>\n<\/tr>\n<tr style=\"height: 46px;\">\n<td style=\"height: 46px; width: 12.9762%;\"><span style=\"font-family: arial, helvetica, sans-serif;\">FR-11-0140<\/span><\/td>\n<td style=\"height: 46px; width: 20.2381%;\"><span style=\"font-family: arial, helvetica, sans-serif;\">Col des I\u00e8res<\/span><\/td>\n<td style=\"height: 46px; width: 12.9762%;\"><span style=\"font-family: arial, helvetica, sans-serif;\">DE-11-0406a<\/span><\/td>\n<td style=\"height: 46px; width: 18.3333%;\"><span style=\"font-family: arial, helvetica, sans-serif;\">Col de Gr\u00e8s<\/span><\/td>\n<td style=\"height: 46px; width: 12.9762%;\"><span style=\"font-family: arial, helvetica, sans-serif;\">DE-11-0756<\/span><\/td>\n<td style=\"height: 46px; width: 21.0714%;\"><span style=\"font-family: arial, helvetica, sans-serif;\">Col Marty<\/span><\/td>\n<\/tr>\n<tr style=\"height: 46px;\">\n<td style=\"height: 46px; width: 12.9762%;\"><span style=\"font-family: arial, helvetica, sans-serif;\">DE-11-0162<\/span><\/td>\n<td style=\"height: 46px; width: 20.2381%;\"><span style=\"font-family: arial, helvetica, sans-serif;\">Col de Mandourelle<\/span><\/td>\n<td style=\"height: 46px; width: 12.9762%;\"><span style=\"font-family: arial, helvetica, sans-serif;\">DE-11-0406b<\/span><\/td>\n<td style=\"height: 46px; width: 18.3333%;\"><span style=\"font-family: arial, helvetica, sans-serif;\">Col des Liges<\/span><\/td>\n<td style=\"height: 46px; width: 12.9762%;\"><span style=\"font-family: arial, helvetica, sans-serif;\">DE-66-0135a<\/span><\/td>\n<td style=\"height: 46px; width: 21.0714%;\"><span style=\"font-family: arial, helvetica, sans-serif;\">Alzines-Pass<\/span><\/td>\n<\/tr>\n<tr style=\"height: 46px;\">\n<td style=\"height: 46px; width: 12.9762%;\"><span style=\"font-family: arial, helvetica, sans-serif;\">DE-11-0169<\/span><\/td>\n<td style=\"height: 46px; width: 20.2381%;\"><span style=\"font-family: arial, helvetica, sans-serif;\">Col des Maures<\/span><\/td>\n<td style=\"height: 46px; width: 12.9762%;\"><span style=\"font-family: arial, helvetica, sans-serif;\">DE-11-0416<\/span><\/td>\n<td style=\"height: 46px; width: 18.3333%;\"><span style=\"font-family: arial, helvetica, sans-serif;\">Col de la Gineste<\/span><\/td>\n<td style=\"height: 46px; width: 12.9762%;\"><span style=\"font-family: arial, helvetica, sans-serif;\">DE-66-0199a<\/span><\/td>\n<td style=\"height: 46px; width: 21.0714%;\"><span style=\"font-family: arial, helvetica, sans-serif;\">Col del Loup<\/span><\/td>\n<\/tr>\n<tr style=\"height: 46px;\">\n<td style=\"height: 46px; width: 12.9762%;\"><span style=\"font-family: arial, helvetica, sans-serif;\">DE-11-0185<\/span><\/td>\n<td style=\"height: 46px; width: 20.2381%;\"><span style=\"font-family: arial, helvetica, sans-serif;\">Col des Moulins<\/span><\/td>\n<td style=\"height: 46px; width: 12.9762%;\"><span style=\"font-family: arial, helvetica, sans-serif;\">FR-11-0430<\/span><\/td>\n<td style=\"height: 46px; width: 18.3333%;\"><span style=\"font-family: arial, helvetica, sans-serif;\">Col d'En Gleizes<\/span><\/td>\n<td style=\"height: 46px; width: 12.9762%;\"><span style=\"font-family: arial, helvetica, sans-serif;\">DE-66-0208<\/span><\/td>\n<td style=\"height: 46px; width: 21.0714%;\"><span style=\"font-family: arial, helvetica, sans-serif;\">Col del Bouix<\/span><\/td>\n<\/tr>\n<tr style=\"height: 46px;\">\n<td style=\"height: 46px; width: 12.9762%;\"><span style=\"font-family: arial, helvetica, sans-serif;\">DE-11-0193<\/span><\/td>\n<td style=\"height: 46px; width: 20.2381%;\"><span style=\"font-family: arial, helvetica, sans-serif;\">Col de la Serre<\/span><\/td>\n<td style=\"height: 46px; width: 12.9762%;\"><span style=\"font-family: arial, helvetica, sans-serif;\">DE-11-0431<\/span><\/td>\n<td style=\"height: 46px; width: 18.3333%;\"><span style=\"font-family: arial, helvetica, sans-serif;\">Ferr\u00e9ol-Pass<\/span><\/td>\n<td style=\"height: 46px; width: 12.9762%;\"><span style=\"font-family: arial, helvetica, sans-serif;\">DE-66-0233<\/span><\/td>\n<td style=\"height: 46px; width: 21.0714%;\"><span style=\"font-family: arial, helvetica, sans-serif;\">Col de Tern\u00e8re<\/span><\/td>\n<\/tr>\n<tr style=\"height: 46px;\">\n<td style=\"height: 46px; width: 12.9762%;\"><span style=\"font-family: arial, helvetica, sans-serif;\">DE-11-0225<\/span><\/td>\n<td style=\"height: 46px; width: 20.2381%;\"><span style=\"font-family: arial, helvetica, sans-serif;\">Col de Combe<\/span><\/td>\n<td style=\"height: 46px; width: 12.9762%;\"><span style=\"font-family: arial, helvetica, sans-serif;\">DE-11-0432<\/span><\/td>\n<td style=\"height: 46px; width: 18.3333%;\"><span style=\"font-family: arial, helvetica, sans-serif;\">Grau de Maury<\/span><\/td>\n<td style=\"height: 46px; width: 12.9762%;\"><span style=\"font-family: arial, helvetica, sans-serif;\">DE-66-0234<\/span><\/td>\n<td style=\"height: 46px; width: 21.0714%;\"><span style=\"font-family: arial, helvetica, sans-serif;\">Bose-Pass<\/span><\/td>\n<\/tr>\n<tr style=\"height: 46px;\">\n<td style=\"height: 46px; width: 12.9762%;\"><span style=\"font-family: arial, helvetica, sans-serif;\">DE-11-0243<\/span><\/td>\n<td style=\"height: 46px; width: 20.2381%;\"><span style=\"font-family: arial, helvetica, sans-serif;\">Canteloup-Pass<\/span><\/td>\n<td style=\"height: 46px; width: 12.9762%;\"><span style=\"font-family: arial, helvetica, sans-serif;\">DE-11-0441<\/span><\/td>\n<td style=\"height: 46px; width: 18.3333%;\"><span style=\"font-family: arial, helvetica, sans-serif;\">Col des Bancs<\/span><\/td>\n<td style=\"height: 46px; width: 12.9762%;\"><span style=\"font-family: arial, helvetica, sans-serif;\">DE-66-0252<\/span><\/td>\n<td style=\"height: 46px; width: 21.0714%;\"><span style=\"font-family: arial, helvetica, sans-serif;\">Sybille-Pass<\/span><\/td>\n<\/tr>\n<tr style=\"height: 46px;\">\n<td style=\"height: 46px; width: 12.9762%;\"><span style=\"font-family: arial, helvetica, sans-serif;\">DE-11-0243b<\/span><\/td>\n<td style=\"height: 46px; width: 20.2381%;\"><span style=\"font-family: arial, helvetica, sans-serif;\">Peira Dreita-Pass<\/span><\/td>\n<td style=\"height: 46px; width: 12.9762%;\"><span style=\"font-family: arial, helvetica, sans-serif;\">DE-11-0455a<\/span><\/td>\n<td style=\"height: 46px; width: 18.3333%;\"><span style=\"font-family: arial, helvetica, sans-serif;\">Col du Prat<\/span><\/td>\n<td style=\"height: 46px; width: 12.9762%;\"><span style=\"font-family: arial, helvetica, sans-serif;\">DE-66-0259<\/span><\/td>\n<td style=\"height: 46px; width: 21.0714%;\"><span style=\"font-family: arial, helvetica, sans-serif;\">Souls-Pass<\/span><\/td>\n<\/tr>\n<tr style=\"height: 46px;\">\n<td style=\"height: 46px; width: 12.9762%;\"><span style=\"font-family: arial, helvetica, sans-serif;\">DE-11-0245b<\/span><\/td>\n<td style=\"height: 46px; width: 20.2381%;\"><span style=\"font-family: arial, helvetica, sans-serif;\">P\u00e9reille-Pass<\/span><\/td>\n<td style=\"height: 46px; width: 12.9762%;\"><span style=\"font-family: arial, helvetica, sans-serif;\">DE-11-0472<\/span><\/td>\n<td style=\"height: 46px; width: 18.3333%;\"><span style=\"font-family: arial, helvetica, sans-serif;\">Caroun-Pass<\/span><\/td>\n<td style=\"height: 46px; width: 12.9762%;\"><span style=\"font-family: arial, helvetica, sans-serif;\">DE-66-0265a<\/span><\/td>\n<td style=\"height: 46px; width: 21.0714%;\"><span style=\"font-family: arial, helvetica, sans-serif;\">Col de la Bataille<\/span><\/td>\n<\/tr>\n<tr style=\"height: 46px;\">\n<td style=\"height: 46px; width: 12.9762%;\"><span style=\"font-family: arial, helvetica, sans-serif;\">DE-11-0249<\/span><\/td>\n<td style=\"height: 46px; width: 20.2381%;\"><span style=\"font-family: arial, helvetica, sans-serif;\">Pas de l'Abeille (Bienenschritt)<\/span><\/td>\n<td style=\"height: 46px; width: 12.9762%;\"><span style=\"font-family: arial, helvetica, sans-serif;\">DE-11-0481a<\/span><\/td>\n<td style=\"height: 46px; width: 18.3333%;\"><span style=\"font-family: arial, helvetica, sans-serif;\">Col de la Croix<\/span><\/td>\n<td style=\"height: 46px; width: 12.9762%;\"><span style=\"font-family: arial, helvetica, sans-serif;\">DE-66-0293<\/span><\/td>\n<td style=\"height: 46px; width: 21.0714%;\"><span style=\"font-family: arial, helvetica, sans-serif;\">Col del Moutou<\/span><\/td>\n<\/tr>\n<tr style=\"height: 46px;\">\n<td style=\"height: 46px; width: 12.9762%;\"><span style=\"font-family: arial, helvetica, sans-serif;\">FR-11-0250a<\/span><\/td>\n<td style=\"height: 46px; width: 20.2381%;\"><span style=\"font-family: arial, helvetica, sans-serif;\">Feuilla-Pass<\/span><\/td>\n<td style=\"height: 46px; width: 12.9762%;\"><span style=\"font-family: arial, helvetica, sans-serif;\">DE-11-0485<\/span><\/td>\n<td style=\"height: 46px; width: 18.3333%;\"><span style=\"font-family: arial, helvetica, sans-serif;\">Bedos-Pass<\/span><\/td>\n<td style=\"height: 46px; width: 12.9762%;\"><span style=\"font-family: arial, helvetica, sans-serif;\">DE-66-0322<\/span><\/td>\n<td style=\"height: 46px; width: 21.0714%;\"><span style=\"font-family: arial, helvetica, sans-serif;\">Col del Bou<\/span><\/td>\n<\/tr>\n<tr style=\"height: 46px;\">\n<td style=\"height: 46px; width: 12.9762%;\"><span style=\"font-family: arial, helvetica, sans-serif;\">DE-11-0251<\/span><\/td>\n<td style=\"height: 46px; width: 20.2381%;\"><span style=\"font-family: arial, helvetica, sans-serif;\">Col d'Extr\u00eame<\/span><\/td>\n<td style=\"height: 46px; width: 12.9762%;\"><span style=\"font-family: arial, helvetica, sans-serif;\">DE-11-0492<\/span><\/td>\n<td style=\"height: 46px; width: 18.3333%;\"><span style=\"font-family: arial, helvetica, sans-serif;\">Col St Martin<\/span><\/td>\n<td style=\"height: 46px; width: 12.9762%;\"><span style=\"font-family: arial, helvetica, sans-serif;\">DE-66-0331<\/span><\/td>\n<td style=\"height: 46px; width: 21.0714%;\"><span style=\"font-family: arial, helvetica, sans-serif;\">Col de l'Arque<\/span><\/td>\n<\/tr>\n<tr style=\"height: 46px;\">\n<td style=\"height: 46px; width: 12.9762%;\"><span style=\"font-family: arial, helvetica, sans-serif;\">DE-11-0265a<\/span><\/td>\n<td style=\"height: 46px; width: 20.2381%;\"><span style=\"font-family: arial, helvetica, sans-serif;\">Bent-Pass<\/span><\/td>\n<td style=\"height: 46px; width: 12.9762%;\"><span style=\"font-family: arial, helvetica, sans-serif;\">DE-11-0496<\/span><\/td>\n<td style=\"height: 46px; width: 18.3333%;\"><span style=\"font-family: arial, helvetica, sans-serif;\">Bancarel-Pass<\/span><\/td>\n<td style=\"height: 46px; width: 12.9762%;\"><span style=\"font-family: arial, helvetica, sans-serif;\">DE-66-0357c<\/span><\/td>\n<td style=\"height: 46px; width: 21.0714%;\"><span style=\"font-family: arial, helvetica, sans-serif;\">Pourteil-Pass<\/span><\/td>\n<\/tr>\n<tr style=\"height: 46px;\">\n<td style=\"height: 46px; width: 12.9762%;\"><span style=\"font-family: arial, helvetica, sans-serif;\">DE-11-0267<\/span><\/td>\n<td style=\"height: 46px; width: 20.2381%;\"><span style=\"font-family: arial, helvetica, sans-serif;\">Souil-Pass<\/span><\/td>\n<td style=\"height: 46px; width: 12.9762%;\"><span style=\"font-family: arial, helvetica, sans-serif;\">DE-11-0498a<\/span><\/td>\n<td style=\"height: 46px; width: 18.3333%;\"><span style=\"font-family: arial, helvetica, sans-serif;\">Col d'Enguilhem<\/span><\/td>\n<td style=\"height: 46px; width: 12.9762%;\"><span style=\"font-family: arial, helvetica, sans-serif;\">DE-66-0365c<\/span><\/td>\n<td style=\"height: 46px; width: 21.0714%;\"><span style=\"font-family: arial, helvetica, sans-serif;\">Coll del Tauc<\/span><\/td>\n<\/tr>\n<tr style=\"height: 46px;\">\n<td style=\"height: 46px; width: 12.9762%;\"><span style=\"font-family: arial, helvetica, sans-serif;\">DE-11-0285a<\/span><\/td>\n<td style=\"height: 46px; width: 20.2381%;\"><span style=\"font-family: arial, helvetica, sans-serif;\">Laval-Pass<\/span><\/td>\n<td style=\"height: 46px; width: 12.9762%;\"><span style=\"font-family: arial, helvetica, sans-serif;\">DE-11-0507<\/span><\/td>\n<td style=\"height: 46px; width: 18.3333%;\"><span style=\"font-family: arial, helvetica, sans-serif;\">Col de Couisse<\/span><\/td>\n<td style=\"height: 46px; width: 12.9762%;\"><span style=\"font-family: arial, helvetica, sans-serif;\">DE-66-0373<\/span><\/td>\n<td style=\"height: 46px; width: 21.0714%;\"><span style=\"font-family: arial, helvetica, sans-serif;\">Col de la Sabine<\/span><\/td>\n<\/tr>\n<tr style=\"height: 46px;\">\n<td style=\"height: 46px; width: 12.9762%;\"><span style=\"font-family: arial, helvetica, sans-serif;\">DE-11-0335a<\/span><\/td>\n<td style=\"height: 46px; width: 20.2381%;\"><span style=\"font-family: arial, helvetica, sans-serif;\">Col de l'Auzine<\/span><\/td>\n<td style=\"height: 46px; width: 12.9762%;\"><span style=\"font-family: arial, helvetica, sans-serif;\">DE-11-0515<\/span><\/td>\n<td style=\"height: 46px; width: 18.3333%;\"><span style=\"font-family: arial, helvetica, sans-serif;\">Col de Termes<\/span><\/td>\n<td style=\"height: 46px; width: 12.9762%;\"><span style=\"font-family: arial, helvetica, sans-serif;\">DE-66-0383<\/span><\/td>\n<td style=\"height: 46px; width: 21.0714%;\"><span style=\"font-family: arial, helvetica, sans-serif;\">Col de Maury<\/span><\/td>\n<\/tr>\n<tr style=\"height: 46px;\">\n<td style=\"height: 46px; width: 12.9762%;\"><span style=\"font-family: arial, helvetica, sans-serif;\">DE-11-0344<\/span><\/td>\n<td style=\"height: 46px; width: 20.2381%;\"><span style=\"font-family: arial, helvetica, sans-serif;\">Triby-Pass<\/span><\/td>\n<td style=\"height: 46px; width: 12.9762%;\"><span style=\"font-family: arial, helvetica, sans-serif;\">DE-11-0575a<\/span><\/td>\n<td style=\"height: 46px; width: 18.3333%;\"><span style=\"font-family: arial, helvetica, sans-serif;\">Col des Fourches<\/span><\/td>\n<td style=\"height: 46px; width: 12.9762%;\"><span style=\"font-family: arial, helvetica, sans-serif;\">DE-66-0385<\/span><\/td>\n<td style=\"height: 46px; width: 21.0714%;\"><span style=\"font-family: arial, helvetica, sans-serif;\">Lacroux-Pass<\/span><\/td>\n<\/tr>\n<tr style=\"height: 46px;\">\n<td style=\"height: 46px; width: 12.9762%;\"><span style=\"font-family: arial, helvetica, sans-serif;\">DE-11-0366<\/span><\/td>\n<td style=\"height: 46px; width: 20.2381%;\"><span style=\"font-family: arial, helvetica, sans-serif;\">Col du Prat<\/span><\/td>\n<td style=\"height: 46px; width: 12.9762%;\"><span style=\"font-family: arial, helvetica, sans-serif;\">DE-11-0594<\/span><\/td>\n<td style=\"height: 46px; width: 18.3333%;\"><span style=\"font-family: arial, helvetica, sans-serif;\">C\u00e9deillan-Pass<\/span><\/td>\n<td style=\"height: 46px; width: 12.9762%;\"><span style=\"font-family: arial, helvetica, sans-serif;\">DE-66-0418<\/span><\/td>\n<td style=\"height: 46px; width: 21.0714%;\"><span style=\"font-family: arial, helvetica, sans-serif;\">Peralbe-Pass<\/span><\/td>\n<\/tr>\n<tr style=\"height: 46px;\">\n<td style=\"height: 46px; width: 12.9762%;\"><span style=\"font-family: arial, helvetica, sans-serif;\">DE-11-0372<\/span><\/td>\n<td style=\"height: 46px; width: 20.2381%;\"><span style=\"font-family: arial, helvetica, sans-serif;\">Grabenpass<\/span><\/td>\n<td style=\"height: 46px; width: 12.9762%;\"><span style=\"font-family: arial, helvetica, sans-serif;\">DE-11-0623<\/span><\/td>\n<td style=\"height: 46px; width: 18.3333%;\"><span style=\"font-family: arial, helvetica, sans-serif;\">Col de la Cascagne<\/span><\/td>\n<td style=\"height: 46px; width: 12.9762%;\"><span style=\"font-family: arial, helvetica, sans-serif;\">DE-66-0606<\/span><\/td>\n<td style=\"height: 46px; width: 21.0714%;\"><span style=\"font-family: arial, helvetica, sans-serif;\">Col des Auzines<\/span><\/td>\n<\/tr>\n<tr style=\"height: 46px;\">\n<td style=\"height: 46px; width: 12.9762%;\"><span style=\"font-family: arial, helvetica, sans-serif;\">DE-11-0378<\/span><\/td>\n<td style=\"height: 46px; width: 20.2381%;\"><span style=\"font-family: arial, helvetica, sans-serif;\">Amiel-Pass<\/span><\/td>\n<td style=\"height: 46px; width: 12.9762%;\"><span style=\"font-family: arial, helvetica, sans-serif;\">DE-11-0667<\/span><\/td>\n<td style=\"height: 46px; width: 18.3333%;\"><span style=\"font-family: arial, helvetica, sans-serif;\">Linas-Pass<\/span><\/td>\n<td style=\"height: 46px; width: 12.9762%;\"><span style=\"font-family: arial, helvetica, sans-serif;\">DE-66-0652<\/span><\/td>\n<td style=\"height: 46px; width: 21.0714%;\"><span style=\"font-family: arial, helvetica, sans-serif;\">Col de las Couloumines<\/span><\/td>\n<\/tr>\n<tr style=\"height: 46px;\">\n<td style=\"height: 46px; width: 12.9762%;\"><span style=\"font-family: arial, helvetica, sans-serif;\">FR-11-0403b<\/span><\/td>\n<td style=\"height: 46px; width: 20.2381%;\"><span style=\"font-family: arial, helvetica, sans-serif;\">Col de la Croix Dessus<\/span><\/td>\n<td style=\"height: 46px; width: 12.9762%;\"><span style=\"font-family: arial, helvetica, sans-serif;\">DE-11-0696<\/span><\/td>\n<td style=\"height: 46px; width: 18.3333%;\"><span style=\"font-family: arial, helvetica, sans-serif;\">St. Louis-Pass<\/span><\/td>\n<td style=\"height: 46px; width: 12.9762%;\">\u00a0<\/td>\n<td style=\"height: 46px; width: 21.0714%;\">\u00a0<\/td>\n<\/tr>\n<tr style=\"height: 46px;\">\n<td style=\"height: 46px; width: 12.9762%;\"><span style=\"font-family: arial, helvetica, sans-serif;\">DE-11-0404<\/span><\/td>\n<td style=\"height: 46px; width: 20.2381%;\"><span style=\"font-family: arial, helvetica, sans-serif;\">Villerouge-Pass<\/span><\/td>\n<td style=\"height: 46px; width: 12.9762%;\"><span style=\"font-family: arial, helvetica, sans-serif;\">DE-11-0705<\/span><\/td>\n<td style=\"height: 46px; width: 18.3333%;\"><span style=\"font-family: arial, helvetica, sans-serif;\">Col de la Redoulade<\/span><\/td>\n<td style=\"height: 46px; width: 12.9762%;\">\u00a0<\/td>\n<td style=\"height: 46px; width: 21.0714%;\">\u00a0<\/td>\n<\/tr>\n<\/tbody>\n<\/table>\n\n\n<h2 class=\"wp-block-heading has-text-align-center\">Maultierrouten<\/h2>\n\n\n<table class=\"lst\" style=\"width: 100%; height: 1301px;\">\n<thead>\n<tr style=\"height: 30px;\">\n<td style=\"width: 12.5%; height: 30px;\">\n<p><span style=\"font-family: arial, helvetica, sans-serif;\">Chauvot-Code<\/span><\/p>\n<\/td>\n<td style=\"width: 19.8438%; height: 30px;\"><span style=\"font-family: arial, helvetica, sans-serif;\">Name des Passes<\/span><\/td>\n<td style=\"width: 12.5%; height: 30px;\"><span style=\"font-family: arial, helvetica, sans-serif;\">Chauvot-Code<\/span><\/td>\n<td style=\"width: 2.65625%; height: 30px;\"><span style=\"font-family: arial, helvetica, sans-serif;\">Name des Passes<\/span><\/td>\n<td style=\"width: 28.9062%; height: 30px;\"><span style=\"font-family: arial, helvetica, sans-serif;\">Chauvot-Code<\/span><\/td>\n<td style=\"width: 21.5625%; height: 30px;\"><span style=\"font-family: arial, helvetica, sans-serif;\">Name des Passes<\/span><\/td>\n<\/tr>\n<\/thead>\n<tbody>\n<tr>\n<td style=\"width: 12.5%;\"><span style=\"font-family: arial, helvetica, sans-serif;\">\u00a0<\/span><\/td>\n<td style=\"width: 19.8438%;\"><span style=\"font-family: arial, helvetica, sans-serif;\">\u00a0<\/span><\/td>\n<td style=\"width: 12.5%;\"><span style=\"font-family: arial, helvetica, sans-serif;\">\u00a0<\/span><\/td>\n<td style=\"width: 2.65625%;\"><span style=\"font-family: arial, helvetica, sans-serif;\">\u00a0<\/span><\/td>\n<td style=\"width: 28.9062%;\"><span style=\"font-family: arial, helvetica, sans-serif;\">\u00a0<\/span><\/td>\n<td style=\"width: 21.5625%;\"><span style=\"font-family: arial, helvetica, sans-serif;\">\u00a0<\/span><\/td>\n<\/tr>\n<tr style=\"height: 46px;\">\n<td style=\"height: 46px; width: 12.5%;\"><span style=\"font-family: arial, helvetica, sans-serif;\">DE-11-0193<\/span><\/td>\n<td style=\"height: 46px; width: 19.8438%;\"><span style=\"font-family: arial, helvetica, sans-serif;\">Col de la Serre<\/span><\/td>\n<td style=\"height: 46px; width: 12.5%;\"><span style=\"font-family: arial, helvetica, sans-serif;\">DE-11-0448<\/span><\/td>\n<td style=\"height: 46px; width: 2.65625%;\"><span style=\"font-family: arial, helvetica, sans-serif;\">Col Lemercier<\/span><\/td>\n<td style=\"height: 46px; width: 28.9062%;\"><span style=\"font-family: arial, helvetica, sans-serif;\">DE-11-0990<\/span><\/td>\n<td style=\"height: 46px; width: 21.5625%;\"><span style=\"font-family: arial, helvetica, sans-serif;\">Die P\u00e4sse<\/span><\/td>\n<\/tr>\n<tr style=\"height: 46px;\">\n<td style=\"height: 46px; width: 12.5%;\"><span style=\"font-family: arial, helvetica, sans-serif;\">DE-11-0207<\/span><\/td>\n<td style=\"height: 46px; width: 19.8438%;\"><span style=\"font-family: arial, helvetica, sans-serif;\">Pass de la Porte<\/span><\/td>\n<td style=\"height: 46px; width: 12.5%;\"><span style=\"font-family: arial, helvetica, sans-serif;\">DE-11-0458<\/span><\/td>\n<td style=\"height: 46px; width: 2.65625%;\"><span style=\"font-family: arial, helvetica, sans-serif;\">Barrou-Pass<\/span><\/td>\n<td style=\"height: 46px; width: 28.9062%;\"><span style=\"font-family: arial, helvetica, sans-serif;\">DE-11-1015<\/span><\/td>\n<td style=\"height: 46px; width: 21.5625%;\"><span style=\"font-family: arial, helvetica, sans-serif;\">Frayche-Pass<\/span><\/td>\n<\/tr>\n<tr style=\"height: 46px;\">\n<td style=\"height: 46px; width: 12.5%;\"><span style=\"font-family: arial, helvetica, sans-serif;\">DE-11-0235<\/span><\/td>\n<td style=\"height: 46px; width: 19.8438%;\"><span style=\"font-family: arial, helvetica, sans-serif;\">La Couillade<\/span><\/td>\n<td style=\"height: 46px; width: 12.5%;\"><span style=\"font-family: arial, helvetica, sans-serif;\">DE-11-0470a<\/span><\/td>\n<td style=\"height: 46px; width: 2.65625%;\"><span style=\"font-family: arial, helvetica, sans-serif;\">Pas de la Serre<\/span><\/td>\n<td style=\"height: 46px; width: 28.9062%;\"><span style=\"font-family: arial, helvetica, sans-serif;\">DE-11-1020<\/span><\/td>\n<td style=\"height: 46px; width: 21.5625%;\"><span style=\"font-family: arial, helvetica, sans-serif;\">Col d'Aussi\u00e8res<\/span><\/td>\n<\/tr>\n<tr style=\"height: 46px;\">\n<td style=\"height: 46px; width: 12.5%;\"><span style=\"font-family: arial, helvetica, sans-serif;\">DE-11-0243<\/span><\/td>\n<td style=\"height: 46px; width: 19.8438%;\"><span style=\"font-family: arial, helvetica, sans-serif;\">Canteloup-Pass<\/span><\/td>\n<td style=\"height: 46px; width: 12.5%;\"><span style=\"font-family: arial, helvetica, sans-serif;\">DE-11-0475a<\/span><\/td>\n<td style=\"height: 46px; width: 2.65625%;\"><span style=\"font-family: arial, helvetica, sans-serif;\">Caumilles-Pass<\/span><\/td>\n<td style=\"height: 46px; width: 28.9062%;\"><span style=\"font-family: arial, helvetica, sans-serif;\">DE-11-1049<\/span><\/td>\n<td style=\"height: 46px; width: 21.5625%;\"><span style=\"font-family: arial, helvetica, sans-serif;\">Couillade von Prat d'Aille<\/span><\/td>\n<\/tr>\n<tr style=\"height: 46px;\">\n<td style=\"height: 46px; width: 12.5%;\"><span style=\"font-family: arial, helvetica, sans-serif;\">FR-11-0250b<\/span><\/td>\n<td style=\"height: 46px; width: 19.8438%;\"><span style=\"font-family: arial, helvetica, sans-serif;\">Col de la Lauze<\/span><\/td>\n<td style=\"height: 46px; width: 12.5%;\"><span style=\"font-family: arial, helvetica, sans-serif;\">DE-11-0496<\/span><\/td>\n<td style=\"height: 46px; width: 2.65625%;\"><span style=\"font-family: arial, helvetica, sans-serif;\">Bancarel-Pass<\/span><\/td>\n<td style=\"height: 46px; width: 28.9062%;\"><span style=\"font-family: arial, helvetica, sans-serif;\">DE-11-1076<\/span><\/td>\n<td style=\"height: 46px; width: 21.5625%;\"><span style=\"font-family: arial, helvetica, sans-serif;\">Bene-Pass<\/span><\/td>\n<\/tr>\n<tr style=\"height: 46px;\">\n<td style=\"height: 46px; width: 12.5%;\"><span style=\"font-family: arial, helvetica, sans-serif;\">DE-11-0251<\/span><\/td>\n<td style=\"height: 46px; width: 19.8438%;\"><span style=\"font-family: arial, helvetica, sans-serif;\">Col d'Extr\u00e8me<\/span><\/td>\n<td style=\"height: 46px; width: 12.5%;\"><span style=\"font-family: arial, helvetica, sans-serif;\">DE-11-0498a<\/span><\/td>\n<td style=\"height: 46px; width: 2.65625%;\"><span style=\"font-family: arial, helvetica, sans-serif;\">Col d'Enguilhem<\/span><\/td>\n<td style=\"height: 46px; width: 28.9062%;\"><span style=\"font-family: arial, helvetica, sans-serif;\">DE-11-1087<\/span><\/td>\n<td style=\"height: 46px; width: 21.5625%;\"><span style=\"font-family: arial, helvetica, sans-serif;\">Lhadet-Pass<\/span><\/td>\n<\/tr>\n<tr style=\"height: 46px;\">\n<td style=\"height: 46px; width: 12.5%;\"><span style=\"font-family: arial, helvetica, sans-serif;\">DE-11-0265a<\/span><\/td>\n<td style=\"height: 46px; width: 19.8438%;\"><span style=\"font-family: arial, helvetica, sans-serif;\">Bent-Pass<\/span><\/td>\n<td style=\"height: 46px; width: 12.5%;\"><span style=\"font-family: arial, helvetica, sans-serif;\">DE-11-0506<\/span><\/td>\n<td style=\"height: 46px; width: 2.65625%;\"><span style=\"font-family: arial, helvetica, sans-serif;\">Col de la Croix de Pierre<\/span><\/td>\n<td style=\"height: 46px; width: 28.9062%;\"><span style=\"font-family: arial, helvetica, sans-serif;\">DE-11-1109a<\/span><\/td>\n<td style=\"height: 46px; width: 21.5625%;\"><span style=\"font-family: arial, helvetica, sans-serif;\">Al Bouich-Pass<\/span><\/td>\n<\/tr>\n<tr style=\"height: 46px;\">\n<td style=\"height: 46px; width: 12.5%;\"><span style=\"font-family: arial, helvetica, sans-serif;\">DE-11-0265b<\/span><\/td>\n<td style=\"height: 46px; width: 19.8438%;\"><span style=\"font-family: arial, helvetica, sans-serif;\">Col de la Croix de l'Auzine (Pass des Kreuzes von Auzine)<\/span><\/td>\n<td style=\"height: 46px; width: 12.5%;\"><span style=\"font-family: arial, helvetica, sans-serif;\">DE-11-0507<\/span><\/td>\n<td style=\"height: 46px; width: 2.65625%;\"><span style=\"font-family: arial, helvetica, sans-serif;\">Couise-Pass<\/span><\/td>\n<td style=\"height: 46px; width: 28.9062%;\"><span style=\"font-family: arial, helvetica, sans-serif;\">DE-11-1189<\/span><\/td>\n<td style=\"height: 46px; width: 21.5625%;\"><span style=\"font-family: arial, helvetica, sans-serif;\">Mateplane-Pass<\/span><\/td>\n<\/tr>\n<tr style=\"height: 46px;\">\n<td style=\"height: 46px; width: 12.5%;\"><span style=\"font-family: arial, helvetica, sans-serif;\">DE-11-0280<\/span><\/td>\n<td style=\"height: 46px; width: 19.8438%;\"><span style=\"font-family: arial, helvetica, sans-serif;\">Col de L\u00e8s<\/span><\/td>\n<td style=\"height: 46px; width: 12.5%;\"><span style=\"font-family: arial, helvetica, sans-serif;\">DE-11-0511<\/span><\/td>\n<td style=\"height: 46px; width: 2.65625%;\"><span style=\"font-family: arial, helvetica, sans-serif;\">Col de l'I\u00e8re<\/span><\/td>\n<td style=\"height: 46px; width: 28.9062%;\"><span style=\"font-family: arial, helvetica, sans-serif;\">DE-11-1322<\/span><\/td>\n<td style=\"height: 46px; width: 21.5625%;\"><span style=\"font-family: arial, helvetica, sans-serif;\">Col de L'Hommenadel<\/span><\/td>\n<\/tr>\n<tr style=\"height: 46px;\">\n<td style=\"height: 46px; width: 12.5%;\"><span style=\"font-family: arial, helvetica, sans-serif;\">DE-11-0285a<\/span><\/td>\n<td style=\"height: 46px; width: 19.8438%;\"><span style=\"font-family: arial, helvetica, sans-serif;\">Laval-Pass<\/span><\/td>\n<td style=\"height: 46px; width: 12.5%;\"><span style=\"font-family: arial, helvetica, sans-serif;\">DE-11-0512<\/span><\/td>\n<td style=\"height: 46px; width: 2.65625%;\"><span style=\"font-family: arial, helvetica, sans-serif;\">Col de la Garde<\/span><\/td>\n<td style=\"height: 46px; width: 28.9062%;\"><span style=\"font-family: arial, helvetica, sans-serif;\">DE-11-1369<\/span><\/td>\n<td style=\"height: 46px; width: 21.5625%;\"><span style=\"font-family: arial, helvetica, sans-serif;\">Hommenet-Pass<\/span><\/td>\n<\/tr>\n<tr style=\"height: 46px;\">\n<td style=\"height: 46px; width: 12.5%;\"><span style=\"font-family: arial, helvetica, sans-serif;\">DE-11-0285c<\/span><\/td>\n<td style=\"height: 46px; width: 19.8438%;\"><span style=\"font-family: arial, helvetica, sans-serif;\">Taupelette-Pass<\/span><\/td>\n<td style=\"height: 46px; width: 12.5%;\"><span style=\"font-family: arial, helvetica, sans-serif;\">DE-11-0514<\/span><\/td>\n<td style=\"height: 46px; width: 2.65625%;\"><span style=\"font-family: arial, helvetica, sans-serif;\">Camp\u00e9ri\u00e9-Pass<\/span><\/td>\n<td style=\"height: 46px; width: 28.9062%;\"><span style=\"font-family: arial, helvetica, sans-serif;\">DE-66-0135a<\/span><\/td>\n<td style=\"height: 46px; width: 21.5625%;\"><span style=\"font-family: arial, helvetica, sans-serif;\">Col de les Alzines<\/span><\/td>\n<\/tr>\n<tr style=\"height: 46px;\">\n<td style=\"height: 46px; width: 12.5%;\"><span style=\"font-family: arial, helvetica, sans-serif;\">DE-11-0305b<\/span><\/td>\n<td style=\"height: 46px; width: 19.8438%;\"><span style=\"font-family: arial, helvetica, sans-serif;\">Massac-Schritt<\/span><\/td>\n<td style=\"height: 46px; width: 12.5%;\"><span style=\"font-family: arial, helvetica, sans-serif;\">DE-11-0516<\/span><\/td>\n<td style=\"height: 46px; width: 2.65625%;\"><span style=\"font-family: arial, helvetica, sans-serif;\">Col du Teil<\/span><\/td>\n<td style=\"height: 46px; width: 28.9062%;\"><span style=\"font-family: arial, helvetica, sans-serif;\">DE-66-0208<\/span><\/td>\n<td style=\"height: 46px; width: 21.5625%;\"><span style=\"font-family: arial, helvetica, sans-serif;\">Col del Bouix<\/span><\/td>\n<\/tr>\n<tr style=\"height: 46px;\">\n<td style=\"height: 46px; width: 12.5%;\"><span style=\"font-family: arial, helvetica, sans-serif;\">DE-11-0335a<\/span><\/td>\n<td style=\"height: 46px; width: 19.8438%;\"><span style=\"font-family: arial, helvetica, sans-serif;\">Col de l'Auzine<\/span><\/td>\n<td style=\"height: 46px; width: 12.5%;\"><span style=\"font-family: arial, helvetica, sans-serif;\">DE-11-0535c<\/span><\/td>\n<td style=\"height: 46px; width: 2.65625%;\"><span style=\"font-family: arial, helvetica, sans-serif;\">Col d'en Couloum<\/span><\/td>\n<td style=\"height: 46px; width: 28.9062%;\"><span style=\"font-family: arial, helvetica, sans-serif;\">DE-66-0217a<\/span><\/td>\n<td style=\"height: 46px; width: 21.5625%;\"><span style=\"font-family: arial, helvetica, sans-serif;\">Col de Jasse en Biell<\/span><\/td>\n<\/tr>\n<tr style=\"height: 46px;\">\n<td style=\"height: 46px; width: 12.5%;\"><span style=\"font-family: arial, helvetica, sans-serif;\">DE-11-0344<\/span><\/td>\n<td style=\"height: 46px; width: 19.8438%;\"><span style=\"font-family: arial, helvetica, sans-serif;\">Triby-Pass<\/span><\/td>\n<td style=\"height: 46px; width: 12.5%;\"><span style=\"font-family: arial, helvetica, sans-serif;\">DE-11-0544<\/span><\/td>\n<td style=\"height: 46px; width: 2.65625%;\"><span style=\"font-family: arial, helvetica, sans-serif;\">Col de l'Estagnol<\/span><\/td>\n<td style=\"height: 46px; width: 28.9062%;\"><span style=\"font-family: arial, helvetica, sans-serif;\">DE-66-0419<\/span><\/td>\n<td style=\"height: 46px; width: 21.5625%;\"><span style=\"font-family: arial, helvetica, sans-serif;\">Col de Corbasse<\/span><\/td>\n<\/tr>\n<tr style=\"height: 46px;\">\n<td style=\"height: 46px; width: 12.5%;\"><span style=\"font-family: arial, helvetica, sans-serif;\">DE-11-0354<\/span><\/td>\n<td style=\"height: 46px; width: 19.8438%;\"><span style=\"font-family: arial, helvetica, sans-serif;\">Col de l'I\u00e8re<\/span><\/td>\n<td style=\"height: 46px; width: 12.5%;\"><span style=\"font-family: arial, helvetica, sans-serif;\">DE-11-0575b<\/span><\/td>\n<td style=\"height: 46px; width: 2.65625%;\"><span style=\"font-family: arial, helvetica, sans-serif;\">Garb\u00e8s-Pass<\/span><\/td>\n<td style=\"height: 46px; width: 28.9062%;\"><span style=\"font-family: arial, helvetica, sans-serif;\">DE-66-0554<\/span><\/td>\n<td style=\"height: 46px; width: 21.5625%;\"><span style=\"font-family: arial, helvetica, sans-serif;\">Col del Mas<\/span><\/td>\n<\/tr>\n<tr style=\"height: 46px;\">\n<td style=\"height: 46px; width: 12.5%;\"><span style=\"font-family: arial, helvetica, sans-serif;\">DE-11-0365<\/span><\/td>\n<td style=\"height: 46px; width: 19.8438%;\"><span style=\"font-family: arial, helvetica, sans-serif;\">Hi\u00e9ro-Kol<\/span><\/td>\n<td style=\"height: 46px; width: 12.5%;\"><span style=\"font-family: arial, helvetica, sans-serif;\">DE-11-0575c<\/span><\/td>\n<td style=\"height: 46px; width: 2.65625%;\"><span style=\"font-family: arial, helvetica, sans-serif;\">Col de l'Homme Mort<\/span><\/td>\n<td style=\"height: 46px; width: 28.9062%;\"><span style=\"font-family: arial, helvetica, sans-serif;\">DE-66-0580<\/span><\/td>\n<td style=\"height: 46px; width: 21.5625%;\"><span style=\"font-family: arial, helvetica, sans-serif;\">Pressilas-Pass<\/span><\/td>\n<\/tr>\n<tr style=\"height: 46px;\">\n<td style=\"height: 46px; width: 12.5%;\"><span style=\"font-family: arial, helvetica, sans-serif;\">DE-11-0378<\/span><\/td>\n<td style=\"height: 46px; width: 19.8438%;\"><span style=\"font-family: arial, helvetica, sans-serif;\">Amiel-Pass<\/span><\/td>\n<td style=\"height: 46px; width: 12.5%;\"><span style=\"font-family: arial, helvetica, sans-serif;\">DE-11-0575d<\/span><\/td>\n<td style=\"height: 46px; width: 2.65625%;\"><span style=\"font-family: arial, helvetica, sans-serif;\">Col de la Sagette<\/span><\/td>\n<td style=\"height: 46px; width: 28.9062%;\"><span style=\"font-family: arial, helvetica, sans-serif;\">DE-66-0642<\/span><\/td>\n<td style=\"height: 46px; width: 21.5625%;\"><span style=\"font-family: arial, helvetica, sans-serif;\">Col de la Croix de Fer<\/span><\/td>\n<\/tr>\n<tr style=\"height: 46px;\">\n<td style=\"height: 46px; width: 12.5%;\"><span style=\"font-family: arial, helvetica, sans-serif;\">FR-11-0403b<\/span><\/td>\n<td style=\"height: 46px; width: 19.8438%;\"><span style=\"font-family: arial, helvetica, sans-serif;\">Col de la Croix Dessus<\/span><\/td>\n<td style=\"height: 46px; width: 12.5%;\"><span style=\"font-family: arial, helvetica, sans-serif;\">DE-11-0585<\/span><\/td>\n<td style=\"height: 46px; width: 2.65625%;\"><span style=\"font-family: arial, helvetica, sans-serif;\">Pas d'en Crab\u00e8re<\/span><\/td>\n<td style=\"height: 46px; width: 28.9062%;\"><span style=\"font-family: arial, helvetica, sans-serif;\">DE-66-0759<\/span><\/td>\n<td style=\"height: 46px; width: 21.5625%;\"><span style=\"font-family: arial, helvetica, sans-serif;\">Guza-Pass<\/span><\/td>\n<\/tr>\n<tr style=\"height: 46px;\">\n<td style=\"height: 46px; width: 12.5%;\"><span style=\"font-family: arial, helvetica, sans-serif;\">FR-11-0405c<\/span><\/td>\n<td style=\"height: 46px; width: 19.8438%;\"><span style=\"font-family: arial, helvetica, sans-serif;\">Col de l'Espignasse<\/span><\/td>\n<td style=\"height: 46px; width: 12.5%;\"><span style=\"font-family: arial, helvetica, sans-serif;\">DE-11-0590<\/span><\/td>\n<td style=\"height: 46px; width: 2.65625%;\"><span style=\"font-family: arial, helvetica, sans-serif;\">Die P\u00e4sse<\/span><\/td>\n<td style=\"height: 46px; width: 28.9062%;\"><span style=\"font-family: arial, helvetica, sans-serif;\">DE-66-0840<\/span><\/td>\n<td style=\"height: 46px; width: 21.5625%;\"><span style=\"font-family: arial, helvetica, sans-serif;\">Col de l'Ours (B\u00e4renpass)<\/span><\/td>\n<\/tr>\n<tr style=\"height: 46px;\">\n<td style=\"height: 46px; width: 12.5%;\"><span style=\"font-family: arial, helvetica, sans-serif;\">DE-11-0406a<\/span><\/td>\n<td style=\"height: 46px; width: 19.8438%;\"><span style=\"font-family: arial, helvetica, sans-serif;\">Col de Gr\u00e8s<\/span><\/td>\n<td style=\"height: 46px; width: 12.5%;\"><span style=\"font-family: arial, helvetica, sans-serif;\">DE-11-0601a<\/span><\/td>\n<td style=\"height: 46px; width: 2.65625%;\"><span style=\"font-family: arial, helvetica, sans-serif;\">Lapres-Pass<\/span><\/td>\n<td style=\"height: 46px; width: 28.9062%;\"><span style=\"font-family: arial, helvetica, sans-serif;\">DE-66-0862<\/span><\/td>\n<td style=\"height: 46px; width: 21.5625%;\"><span style=\"font-family: arial, helvetica, sans-serif;\">Col de Boire<\/span><\/td>\n<\/tr>\n<tr style=\"height: 46px;\">\n<td style=\"height: 46px; width: 12.5%;\"><span style=\"font-family: arial, helvetica, sans-serif;\">DE-11-0415<\/span><\/td>\n<td style=\"height: 46px; width: 19.8438%;\"><span style=\"font-family: arial, helvetica, sans-serif;\">Matte Retonde-Pass<\/span><\/td>\n<td style=\"height: 46px; width: 12.5%;\"><span style=\"font-family: arial, helvetica, sans-serif;\">DE-11-0644<\/span><\/td>\n<td style=\"height: 46px; width: 2.65625%;\"><span style=\"font-family: arial, helvetica, sans-serif;\">Begue-Pass<\/span><\/td>\n<td style=\"height: 46px; width: 28.9062%;\"><span style=\"font-family: arial, helvetica, sans-serif;\">DE-66-0955a<\/span><\/td>\n<td style=\"height: 46px; width: 21.5625%;\"><span style=\"font-family: arial, helvetica, sans-serif;\">Benta-Fride-Pass<\/span><\/td>\n<\/tr>\n<tr style=\"height: 46px;\">\n<td style=\"height: 46px; width: 12.5%;\"><span style=\"font-family: arial, helvetica, sans-serif;\">DE-11-0416<\/span><\/td>\n<td style=\"height: 46px; width: 19.8438%;\"><span style=\"font-family: arial, helvetica, sans-serif;\">Col de la Gineste<\/span><\/td>\n<td style=\"height: 46px; width: 12.5%;\"><span style=\"font-family: arial, helvetica, sans-serif;\">DE-11-0645a<\/span><\/td>\n<td style=\"height: 46px; width: 2.65625%;\"><span style=\"font-family: arial, helvetica, sans-serif;\">Quit-Pass<\/span><\/td>\n<td style=\"height: 46px; width: 28.9062%;\"><span style=\"font-family: arial, helvetica, sans-serif;\">DE-66-0963<\/span><\/td>\n<td style=\"height: 46px; width: 21.5625%;\"><span style=\"font-family: arial, helvetica, sans-serif;\">Coll Bas<\/span><\/td>\n<\/tr>\n<tr style=\"height: 46px;\">\n<td style=\"height: 46px; width: 12.5%;\"><span style=\"font-family: arial, helvetica, sans-serif;\">DE-11-0431<\/span><\/td>\n<td style=\"height: 46px; width: 19.8438%;\"><span style=\"font-family: arial, helvetica, sans-serif;\">Ferr\u00e9ol-Pass<\/span><\/td>\n<td style=\"height: 46px; width: 12.5%;\"><span style=\"font-family: arial, helvetica, sans-serif;\">DE-11-0665c<\/span><\/td>\n<td style=\"height: 46px; width: 2.65625%;\"><span style=\"font-family: arial, helvetica, sans-serif;\">Br\u00e9zou-Pass<\/span><\/td>\n<td style=\"height: 46px; width: 28.9062%;\"><span style=\"font-family: arial, helvetica, sans-serif;\">DE-66-1005a<\/span><\/td>\n<td style=\"height: 46px; width: 21.5625%;\"><span style=\"font-family: arial, helvetica, sans-serif;\">Col de l'Espinas<\/span><\/td>\n<\/tr>\n<tr style=\"height: 46px;\">\n<td style=\"height: 46px; width: 12.5%;\"><span style=\"font-family: arial, helvetica, sans-serif;\">DE-11-0434<\/span><\/td>\n<td style=\"height: 46px; width: 19.8438%;\"><span style=\"font-family: arial, helvetica, sans-serif;\">Mairolles-Pass<\/span><\/td>\n<td style=\"height: 46px; width: 12.5%;\"><span style=\"font-family: arial, helvetica, sans-serif;\">DE-11-0887<\/span><\/td>\n<td style=\"height: 46px; width: 2.65625%;\"><span style=\"font-family: arial, helvetica, sans-serif;\">Pourteille<\/span><\/td>\n<td style=\"height: 46px; width: 28.9062%;\"><span style=\"font-family: arial, helvetica, sans-serif;\">DE-66-1035<\/span><\/td>\n<td style=\"height: 46px; width: 21.5625%;\"><span style=\"font-family: arial, helvetica, sans-serif;\">Niedriger Kragen<\/span><\/td>\n<\/tr>\n<tr style=\"height: 46px;\">\n<td style=\"height: 46px; width: 12.5%;\"><span style=\"font-family: arial, helvetica, sans-serif;\">DE-11-0445<\/span><\/td>\n<td style=\"height: 46px; width: 19.8438%;\"><span style=\"font-family: arial, helvetica, sans-serif;\">Col de la Garrigue<\/span><\/td>\n<td style=\"height: 46px; width: 12.5%;\"><span style=\"font-family: arial, helvetica, sans-serif;\">DE-11-0932b<\/span><\/td>\n<td style=\"height: 46px; width: 2.65625%;\"><span style=\"font-family: arial, helvetica, sans-serif;\">Tulla-Pass<\/span><\/td>\n<td style=\"height: 46px; width: 28.9062%;\">\u00a0<\/td>\n<td style=\"height: 46px; width: 21.5625%;\">\u00a0<\/td>\n<\/tr>\n<\/tbody>\n<\/table>\n\n\n<h2 class=\"wp-block-heading\">Fotoalben<\/h2>\n\n\n\n<figure class=\"wp-block-gallery has-nested-images columns-4 is-cropped wp-block-gallery-1 is-layout-flex wp-block-gallery-is-layout-flex\">\n<figure class=\"wp-block-image size-full\"><a href=\"https:\/\/centcols.org\/les_rendez-vous\/2009\/Tuchan\/photos\/album-photos-tuchan-01.htm\" target=\"_blank\" rel=\"noreferrer noopener\"><img loading=\"lazy\" decoding=\"async\" width=\"640\" height=\"480\" data-id=\"89207\" src=\"https:\/\/centcols.org\/wp-content\/uploads\/2009\/01\/phc-18.jpg\" alt=\"\" class=\"wp-image-89207\" srcset=\"https:\/\/centcols.org\/wp-content\/uploads\/2009\/01\/phc-18.jpg 640w, https:\/\/centcols.org\/wp-content\/uploads\/2009\/01\/phc-18-16x12.jpg 16w\" sizes=\"auto, (max-width: 640px) 100vw, 640px\" \/><\/a><figcaption class=\"wp-element-caption\">Album von Philippe Carrez<\/figcaption><\/figure>\n\n\n\n<figure class=\"wp-block-image size-full\"><a href=\"https:\/\/centcols.org\/les_rendez-vous\/2009\/Tuchan\/photos\/album-photos-tuchan-06.htm\" target=\"_blank\" rel=\"noreferrer noopener\"><img loading=\"lazy\" decoding=\"async\" width=\"640\" height=\"480\" data-id=\"89208\" src=\"https:\/\/centcols.org\/wp-content\/uploads\/2009\/01\/alotto-0016.jpg\" alt=\"\" class=\"wp-image-89208\" srcset=\"https:\/\/centcols.org\/wp-content\/uploads\/2009\/01\/alotto-0016.jpg 640w, https:\/\/centcols.org\/wp-content\/uploads\/2009\/01\/alotto-0016-16x12.jpg 16w\" sizes=\"auto, (max-width: 640px) 100vw, 640px\" \/><\/a><figcaption class=\"wp-element-caption\">Album von Alf\u00e9o Lotto<\/figcaption><\/figure>\n\n\n\n<figure class=\"wp-block-image size-full\"><a href=\"https:\/\/centcols.org\/les_rendez-vous\/2009\/Tuchan\/photos\/album-photos-tuchan-02.htm\" target=\"_blank\" rel=\"noreferrer noopener\"><img loading=\"lazy\" decoding=\"async\" width=\"640\" height=\"480\" data-id=\"89209\" src=\"https:\/\/centcols.org\/wp-content\/uploads\/2009\/01\/jpl-011.jpg\" alt=\"\" class=\"wp-image-89209\" srcset=\"https:\/\/centcols.org\/wp-content\/uploads\/2009\/01\/jpl-011.jpg 640w, https:\/\/centcols.org\/wp-content\/uploads\/2009\/01\/jpl-011-16x12.jpg 16w\" sizes=\"auto, (max-width: 640px) 100vw, 640px\" \/><\/a><figcaption class=\"wp-element-caption\">Album von Jean-Pierre Lambert<\/figcaption><\/figure>\n\n\n\n<figure class=\"wp-block-image size-full\"><a href=\"https:\/\/centcols.org\/les_rendez-vous\/2009\/Tuchan\/photos\/album-photos-tuchan-03.htm\" target=\"_blank\" rel=\"noreferrer noopener\"><img loading=\"lazy\" decoding=\"async\" width=\"640\" height=\"480\" data-id=\"89210\" src=\"https:\/\/centcols.org\/wp-content\/uploads\/2009\/01\/TL06_2756m.jpg\" alt=\"\" class=\"wp-image-89210\" srcset=\"https:\/\/centcols.org\/wp-content\/uploads\/2009\/01\/TL06_2756m.jpg 640w, https:\/\/centcols.org\/wp-content\/uploads\/2009\/01\/TL06_2756m-16x12.jpg 16w\" sizes=\"auto, (max-width: 640px) 100vw, 640px\" \/><\/a><figcaption class=\"wp-element-caption\">Album von Thierry Labour<\/figcaption><\/figure>\n\n\n\n<figure class=\"wp-block-image size-full\"><a href=\"https:\/\/centcols.org\/les_rendez-vous\/2009\/Tuchan\/photos\/album-photos-tuchan-04.htm\" target=\"_blank\" rel=\"noreferrer noopener\"><img loading=\"lazy\" decoding=\"async\" width=\"640\" height=\"360\" data-id=\"89212\" src=\"https:\/\/centcols.org\/wp-content\/uploads\/2009\/01\/RP38.jpg\" alt=\"\" class=\"wp-image-89212\" srcset=\"https:\/\/centcols.org\/wp-content\/uploads\/2009\/01\/RP38.jpg 640w, https:\/\/centcols.org\/wp-content\/uploads\/2009\/01\/RP38-18x10.jpg 18w\" sizes=\"auto, (max-width: 640px) 100vw, 640px\" \/><\/a><figcaption class=\"wp-element-caption\">Album von Ren\u00e9 Poty<\/figcaption><\/figure>\n\n\n\n<figure class=\"wp-block-image size-full\"><a href=\"https:\/\/centcols.org\/les_rendez-vous\/2009\/Tuchan\/photos\/album-photos-tuchan-05.htm\" target=\"_blank\" rel=\"noreferrer noopener\"><img loading=\"lazy\" decoding=\"async\" width=\"640\" height=\"480\" data-id=\"89213\" src=\"https:\/\/centcols.org\/wp-content\/uploads\/2009\/01\/esola-04.jpg\" alt=\"\" class=\"wp-image-89213\" srcset=\"https:\/\/centcols.org\/wp-content\/uploads\/2009\/01\/esola-04.jpg 640w, https:\/\/centcols.org\/wp-content\/uploads\/2009\/01\/esola-04-16x12.jpg 16w\" sizes=\"auto, (max-width: 640px) 100vw, 640px\" \/><\/a><figcaption class=\"wp-element-caption\">Album von Elie Sola<\/figcaption><\/figure>\n\n\n\n<figure class=\"wp-block-image size-full\"><a href=\"https:\/\/centcols.org\/les_rendez-vous\/2009\/Tuchan\/photos\/album-photos-tuchan-08.htm\" target=\"_blank\" rel=\"noreferrer noopener\"><img loading=\"lazy\" decoding=\"async\" width=\"640\" height=\"480\" data-id=\"89214\" src=\"https:\/\/centcols.org\/wp-content\/uploads\/2009\/01\/sp-12.jpg\" alt=\"\" class=\"wp-image-89214\" srcset=\"https:\/\/centcols.org\/wp-content\/uploads\/2009\/01\/sp-12.jpg 640w, https:\/\/centcols.org\/wp-content\/uploads\/2009\/01\/sp-12-16x12.jpg 16w\" sizes=\"auto, (max-width: 640px) 100vw, 640px\" \/><\/a><figcaption class=\"wp-element-caption\">Album von Serge Polloni<\/figcaption><\/figure>\n\n\n\n<figure class=\"wp-block-image size-full\"><a href=\"https:\/\/centcols.org\/les_rendez-vous\/2009\/Tuchan\/photos\/album-photos-tuchan-09.htm\" target=\"_blank\" rel=\"noreferrer noopener\"><img loading=\"lazy\" decoding=\"async\" width=\"640\" height=\"480\" data-id=\"89215\" src=\"https:\/\/centcols.org\/wp-content\/uploads\/2009\/01\/cm-39.jpg\" alt=\"\" class=\"wp-image-89215\" srcset=\"https:\/\/centcols.org\/wp-content\/uploads\/2009\/01\/cm-39.jpg 640w, https:\/\/centcols.org\/wp-content\/uploads\/2009\/01\/cm-39-16x12.jpg 16w\" sizes=\"auto, (max-width: 640px) 100vw, 640px\" \/><\/a><figcaption class=\"wp-element-caption\">Album von Francine und Claude Mabillot<\/figcaption><\/figure>\n\n\n\n<figure class=\"wp-block-image size-full\"><a href=\"https:\/\/centcols.org\/les_rendez-vous\/2009\/Tuchan\/photos\/album-photos-tuchan-10.htm\" target=\"_blank\" rel=\"noreferrer noopener\"><img loading=\"lazy\" decoding=\"async\" width=\"640\" height=\"480\" data-id=\"89217\" src=\"https:\/\/centcols.org\/wp-content\/uploads\/2009\/01\/campenon-08.jpg\" alt=\"\" class=\"wp-image-89217\" srcset=\"https:\/\/centcols.org\/wp-content\/uploads\/2009\/01\/campenon-08.jpg 640w, https:\/\/centcols.org\/wp-content\/uploads\/2009\/01\/campenon-08-16x12.jpg 16w\" sizes=\"auto, (max-width: 640px) 100vw, 640px\" \/><\/a><figcaption class=\"wp-element-caption\">Album von Claude Camp\u00e9non<\/figcaption><\/figure>\n\n\n\n<figure class=\"wp-block-image size-full\"><a href=\"https:\/\/centcols.org\/les_rendez-vous\/2009\/Tuchan\/photos\/album-photos-tuchan-11.htm\" target=\"_blank\" rel=\"noreferrer noopener\"><img loading=\"lazy\" decoding=\"async\" width=\"640\" height=\"480\" data-id=\"89218\" src=\"https:\/\/centcols.org\/wp-content\/uploads\/2009\/01\/pmai-04Dimanche4.jpg\" alt=\"\" class=\"wp-image-89218\" srcset=\"https:\/\/centcols.org\/wp-content\/uploads\/2009\/01\/pmai-04Dimanche4.jpg 640w, https:\/\/centcols.org\/wp-content\/uploads\/2009\/01\/pmai-04Dimanche4-16x12.jpg 16w\" sizes=\"auto, (max-width: 640px) 100vw, 640px\" \/><\/a><figcaption class=\"wp-element-caption\">Album von Pierre Mai<\/figcaption><\/figure>\n\n\n\n<figure class=\"wp-block-image size-full\"><a href=\"https:\/\/centcols.org\/les_rendez-vous\/2009\/Tuchan\/photos\/album-photos-tuchan-12.htm\" target=\"_blank\" rel=\"noreferrer noopener\"><img loading=\"lazy\" decoding=\"async\" width=\"640\" height=\"480\" data-id=\"89219\" src=\"https:\/\/centcols.org\/wp-content\/uploads\/2009\/01\/jmt-02.jpg\" alt=\"\" class=\"wp-image-89219\" srcset=\"https:\/\/centcols.org\/wp-content\/uploads\/2009\/01\/jmt-02.jpg 640w, https:\/\/centcols.org\/wp-content\/uploads\/2009\/01\/jmt-02-16x12.jpg 16w\" sizes=\"auto, (max-width: 640px) 100vw, 640px\" \/><\/a><figcaption class=\"wp-element-caption\">Album von Jean-Marie Taudin<\/figcaption><\/figure>\n\n\n\n<figure class=\"wp-block-image size-full\"><a href=\"https:\/\/centcols.org\/les_rendez-vous\/2009\/Tuchan\/photos\/album-photos-tuchan-13.htm\" target=\"_blank\" rel=\"noreferrer noopener\"><img loading=\"lazy\" decoding=\"async\" width=\"640\" height=\"440\" data-id=\"89220\" src=\"https:\/\/centcols.org\/wp-content\/uploads\/2009\/01\/gg-07.jpg\" alt=\"\" class=\"wp-image-89220\" srcset=\"https:\/\/centcols.org\/wp-content\/uploads\/2009\/01\/gg-07.jpg 640w, https:\/\/centcols.org\/wp-content\/uploads\/2009\/01\/gg-07-18x12.jpg 18w\" sizes=\"auto, (max-width: 640px) 100vw, 640px\" \/><\/a><figcaption class=\"wp-element-caption\">Album von Guy Garcin<\/figcaption><\/figure>\n\n\n\n<figure class=\"wp-block-image size-full\"><a href=\"https:\/\/centcols.org\/les_rendez-vous\/2009\/Tuchan\/photos\/album-photos-tuchan-14.htm\" target=\"_blank\" rel=\"noreferrer noopener\"><img loading=\"lazy\" decoding=\"async\" width=\"640\" height=\"480\" data-id=\"89222\" src=\"https:\/\/centcols.org\/wp-content\/uploads\/2009\/01\/gh-17.jpg\" alt=\"\" class=\"wp-image-89222\" srcset=\"https:\/\/centcols.org\/wp-content\/uploads\/2009\/01\/gh-17.jpg 640w, https:\/\/centcols.org\/wp-content\/uploads\/2009\/01\/gh-17-16x12.jpg 16w\" sizes=\"auto, (max-width: 640px) 100vw, 640px\" \/><\/a><figcaption class=\"wp-element-caption\">Album von Guy Harl\u00e9<\/figcaption><\/figure>\n\n\n\n<figure class=\"wp-block-image size-full\"><a href=\"https:\/\/centcols.org\/les_rendez-vous\/2009\/Tuchan\/photos\/album-photos-tuchan-15.htm\" target=\"_blank\" rel=\"noreferrer noopener\"><img loading=\"lazy\" decoding=\"async\" width=\"640\" height=\"480\" data-id=\"89223\" src=\"https:\/\/centcols.org\/wp-content\/uploads\/2009\/01\/jcd-031.jpg\" alt=\"\" class=\"wp-image-89223\" srcset=\"https:\/\/centcols.org\/wp-content\/uploads\/2009\/01\/jcd-031.jpg 640w, https:\/\/centcols.org\/wp-content\/uploads\/2009\/01\/jcd-031-16x12.jpg 16w\" sizes=\"auto, (max-width: 640px) 100vw, 640px\" \/><\/a><figcaption class=\"wp-element-caption\">Album von Jean-Claude Durand<\/figcaption><\/figure>\n\n\n\n<figure class=\"wp-block-image size-full\"><a href=\"https:\/\/centcols.org\/les_rendez-vous\/2009\/Tuchan\/photos\/album-photos-tuchan-16.htm\" target=\"_blank\" rel=\"noreferrer noopener\"><img loading=\"lazy\" decoding=\"async\" width=\"640\" height=\"480\" data-id=\"89224\" src=\"https:\/\/centcols.org\/wp-content\/uploads\/2009\/01\/ad10.jpg\" alt=\"\" class=\"wp-image-89224\" srcset=\"https:\/\/centcols.org\/wp-content\/uploads\/2009\/01\/ad10.jpg 640w, https:\/\/centcols.org\/wp-content\/uploads\/2009\/01\/ad10-16x12.jpg 16w\" sizes=\"auto, (max-width: 640px) 100vw, 640px\" \/><\/a><figcaption class=\"wp-element-caption\">Album von Alain Dabe<\/figcaption><\/figure>\n\n\n\n<figure class=\"wp-block-image size-full\"><a href=\"https:\/\/centcols.org\/les_rendez-vous\/2009\/Tuchan\/photos\/album-photos-tuchan-17.htm\" target=\"_blank\" rel=\"noreferrer noopener\"><img loading=\"lazy\" decoding=\"async\" width=\"640\" height=\"480\" data-id=\"89226\" src=\"https:\/\/centcols.org\/wp-content\/uploads\/2009\/01\/l-alberici-03.jpg\" alt=\"\" class=\"wp-image-89226\" srcset=\"https:\/\/centcols.org\/wp-content\/uploads\/2009\/01\/l-alberici-03.jpg 640w, https:\/\/centcols.org\/wp-content\/uploads\/2009\/01\/l-alberici-03-16x12.jpg 16w\" sizes=\"auto, (max-width: 640px) 100vw, 640px\" \/><\/a><figcaption class=\"wp-element-caption\">Album von Louis Alberici<\/figcaption><\/figure>\n<\/figure>","protected":false},"excerpt":{"rendered":"<p>Le programme Rendez-vous au \u00ab Relais d\u2019Aguilar \u00bb \u00e0 Tuchan le 14 mars 2009 en fin d\u2019apr\u00e8s-midi. Un pot d\u2019accueil est pr\u00e9vu vers 19h30, suivi du d\u00eener \u00e0 20h (premi\u00e8re prestation de la pension compl\u00e8te). Les autres jours, d\u00eener \u00e0 19h30.Deux formules de s\u00e9jour sont propos\u00e9es: Dans les deux cas, la derni\u00e8re prestation de la [&hellip;]<\/p>\n","protected":false},"author":3,"featured_media":89207,"comment_status":"closed","ping_status":"closed","sticky":false,"template":"","format":"standard","meta":{"_acf_changed":false,"footnotes":""},"categories":[349,415,384,135,379,231],"tags":[],"class_list":["post-81635","post","type-post","status-publish","format-standard","has-post-thumbnail","hentry","category-france-pays-sejours","category-11-aude-departement-sejours","category-occitanie-region-sejours","category-calendrier","category-pyrenees-massif-sejours","category-sejours"],"acf":[],"yoast_head":"<!-- This site is optimized with the Yoast SEO plugin v27.2 - https:\/\/yoast.com\/product\/yoast-seo-wordpress\/ -->\n<title>S\u00e9jour de printemps &quot;Corbi\u00e8res&quot; \u00e0 Tuchan (Aude) du 14 au 21 mars 2009 - Club des Cent Cols<\/title>\n<meta name=\"robots\" content=\"index, follow, max-snippet:-1, max-image-preview:large, max-video-preview:-1\" \/>\n<link rel=\"canonical\" href=\"https:\/\/centcols.org\/de\/fruhlingsaufenthalt-corbieres-a-tuchan-aude-vom-14-bis-21-marz-2009\/\" \/>\n<meta property=\"og:locale\" content=\"de_DE\" \/>\n<meta property=\"og:type\" content=\"article\" \/>\n<meta property=\"og:title\" content=\"S\u00e9jour de printemps &quot;Corbi\u00e8res&quot; \u00e0 Tuchan (Aude) du 14 au 21 mars 2009 - Club des Cent Cols\" \/>\n<meta property=\"og:description\" content=\"Le programme Rendez-vous au \u00ab Relais d\u2019Aguilar \u00bb \u00e0 Tuchan le 14 mars 2009 en fin d\u2019apr\u00e8s-midi. Un pot d\u2019accueil est pr\u00e9vu vers 19h30, suivi du d\u00eener \u00e0 20h (premi\u00e8re prestation de la pension compl\u00e8te). Les autres jours, d\u00eener \u00e0 19h30.Deux formules de s\u00e9jour sont propos\u00e9es: Dans les deux cas, la derni\u00e8re prestation de la [&hellip;]\" \/>\n<meta property=\"og:url\" content=\"https:\/\/centcols.org\/de\/fruhlingsaufenthalt-corbieres-a-tuchan-aude-vom-14-bis-21-marz-2009\/\" \/>\n<meta property=\"og:site_name\" content=\"Club des Cent Cols\" \/>\n<meta property=\"article:publisher\" content=\"https:\/\/www.facebook.com\/groups\/5261880558\/?locale=fr_FR\" \/>\n<meta property=\"article:published_time\" content=\"2009-01-23T06:59:11+00:00\" \/>\n<meta property=\"article:modified_time\" content=\"2025-10-02T08:22:14+00:00\" \/>\n<meta property=\"og:image\" content=\"https:\/\/centcols.org\/wp-content\/uploads\/2009\/01\/phc-18.jpg\" \/>\n\t<meta property=\"og:image:width\" content=\"640\" \/>\n\t<meta property=\"og:image:height\" content=\"480\" \/>\n\t<meta property=\"og:image:type\" content=\"image\/jpeg\" \/>\n<meta name=\"author\" content=\"Webmestre\" \/>\n<meta name=\"twitter:card\" content=\"summary_large_image\" \/>\n<meta name=\"twitter:label1\" content=\"Verfasst von\" \/>\n\t<meta name=\"twitter:data1\" content=\"Webmestre\" \/>\n\t<meta name=\"twitter:label2\" content=\"Gesch\u00e4tzte Lesezeit\" \/>\n\t<meta name=\"twitter:data2\" content=\"10\u00a0Minuten\" \/>\n<script type=\"application\/ld+json\" class=\"yoast-schema-graph\">{\"@context\":\"https:\/\/schema.org\",\"@graph\":[{\"@type\":\"Article\",\"@id\":\"https:\/\/centcols.org\/sejour-de-printemps-corbieres-a-tuchan-aude-du-14-au-21-mars-2009\/#article\",\"isPartOf\":{\"@id\":\"https:\/\/centcols.org\/sejour-de-printemps-corbieres-a-tuchan-aude-du-14-au-21-mars-2009\/\"},\"author\":{\"name\":\"Webmestre\",\"@id\":\"https:\/\/centcols.org\/#\/schema\/person\/911b404fb133d8c913dd27cdcf71c8e5\"},\"headline\":\"S\u00e9jour de printemps \u00ab\u00a0Corbi\u00e8res\u00a0\u00bb \u00e0 Tuchan (Aude) du 14 au 21 mars 2009\",\"datePublished\":\"2009-01-23T06:59:11+00:00\",\"dateModified\":\"2025-10-02T08:22:14+00:00\",\"mainEntityOfPage\":{\"@id\":\"https:\/\/centcols.org\/sejour-de-printemps-corbieres-a-tuchan-aude-du-14-au-21-mars-2009\/\"},\"wordCount\":1418,\"publisher\":{\"@id\":\"https:\/\/centcols.org\/#organization\"},\"image\":{\"@id\":\"https:\/\/centcols.org\/sejour-de-printemps-corbieres-a-tuchan-aude-du-14-au-21-mars-2009\/#primaryimage\"},\"thumbnailUrl\":\"https:\/\/centcols.org\/wp-content\/uploads\/2009\/01\/phc-18.jpg\",\"articleSection\":[\"France\",\"11-Aude\",\"Occitanie\",\"Calendrier\",\"Pyr\u00e9n\u00e9es\",\"S\u00e9jours du Club des Cent Cols\"],\"inLanguage\":\"de\"},{\"@type\":\"WebPage\",\"@id\":\"https:\/\/centcols.org\/sejour-de-printemps-corbieres-a-tuchan-aude-du-14-au-21-mars-2009\/\",\"url\":\"https:\/\/centcols.org\/sejour-de-printemps-corbieres-a-tuchan-aude-du-14-au-21-mars-2009\/\",\"name\":\"S\u00e9jour de printemps \\\"Corbi\u00e8res\\\" \u00e0 Tuchan (Aude) du 14 au 21 mars 2009 - Club des Cent Cols\",\"isPartOf\":{\"@id\":\"https:\/\/centcols.org\/#website\"},\"primaryImageOfPage\":{\"@id\":\"https:\/\/centcols.org\/sejour-de-printemps-corbieres-a-tuchan-aude-du-14-au-21-mars-2009\/#primaryimage\"},\"image\":{\"@id\":\"https:\/\/centcols.org\/sejour-de-printemps-corbieres-a-tuchan-aude-du-14-au-21-mars-2009\/#primaryimage\"},\"thumbnailUrl\":\"https:\/\/centcols.org\/wp-content\/uploads\/2009\/01\/phc-18.jpg\",\"datePublished\":\"2009-01-23T06:59:11+00:00\",\"dateModified\":\"2025-10-02T08:22:14+00:00\",\"breadcrumb\":{\"@id\":\"https:\/\/centcols.org\/sejour-de-printemps-corbieres-a-tuchan-aude-du-14-au-21-mars-2009\/#breadcrumb\"},\"inLanguage\":\"de\",\"potentialAction\":[{\"@type\":\"ReadAction\",\"target\":[\"https:\/\/centcols.org\/sejour-de-printemps-corbieres-a-tuchan-aude-du-14-au-21-mars-2009\/\"]}]},{\"@type\":\"ImageObject\",\"inLanguage\":\"de\",\"@id\":\"https:\/\/centcols.org\/sejour-de-printemps-corbieres-a-tuchan-aude-du-14-au-21-mars-2009\/#primaryimage\",\"url\":\"https:\/\/centcols.org\/wp-content\/uploads\/2009\/01\/phc-18.jpg\",\"contentUrl\":\"https:\/\/centcols.org\/wp-content\/uploads\/2009\/01\/phc-18.jpg\",\"width\":640,\"height\":480},{\"@type\":\"BreadcrumbList\",\"@id\":\"https:\/\/centcols.org\/sejour-de-printemps-corbieres-a-tuchan-aude-du-14-au-21-mars-2009\/#breadcrumb\",\"itemListElement\":[{\"@type\":\"ListItem\",\"position\":1,\"name\":\"Accueil\",\"item\":\"https:\/\/centcols.org\/\"},{\"@type\":\"ListItem\",\"position\":2,\"name\":\"S\u00e9jours du Club des Cent Cols\",\"item\":\"https:\/\/centcols.org\/rubrique\/sejours\/\"},{\"@type\":\"ListItem\",\"position\":3,\"name\":\"Pays\",\"item\":\"https:\/\/centcols.org\/rubrique\/sejours\/pays-sejours\/\"},{\"@type\":\"ListItem\",\"position\":4,\"name\":\"France\",\"item\":\"https:\/\/centcols.org\/rubrique\/sejours\/pays-sejours\/france-pays-sejours\/\"},{\"@type\":\"ListItem\",\"position\":5,\"name\":\"S\u00e9jour de printemps \u00ab\u00a0Corbi\u00e8res\u00a0\u00bb \u00e0 Tuchan (Aude) du 14 au 21 mars 2009\"}]},{\"@type\":\"WebSite\",\"@id\":\"https:\/\/centcols.org\/#website\",\"url\":\"https:\/\/centcols.org\/\",\"name\":\"Club des Cent Cols\",\"description\":\"\",\"publisher\":{\"@id\":\"https:\/\/centcols.org\/#organization\"},\"potentialAction\":[{\"@type\":\"SearchAction\",\"target\":{\"@type\":\"EntryPoint\",\"urlTemplate\":\"https:\/\/centcols.org\/?s={search_term_string}\"},\"query-input\":{\"@type\":\"PropertyValueSpecification\",\"valueRequired\":true,\"valueName\":\"search_term_string\"}}],\"inLanguage\":\"de\"},{\"@type\":\"Organization\",\"@id\":\"https:\/\/centcols.org\/#organization\",\"name\":\"Club des Cent Cols\",\"url\":\"https:\/\/centcols.org\/\",\"logo\":{\"@type\":\"ImageObject\",\"inLanguage\":\"de\",\"@id\":\"https:\/\/centcols.org\/#\/schema\/logo\/image\/\",\"url\":\"https:\/\/centcols.org\/wp-content\/uploads\/2025\/01\/carte-icone.png\",\"contentUrl\":\"https:\/\/centcols.org\/wp-content\/uploads\/2025\/01\/carte-icone.png\",\"width\":250,\"height\":250,\"caption\":\"Club des Cent Cols\"},\"image\":{\"@id\":\"https:\/\/centcols.org\/#\/schema\/logo\/image\/\"},\"sameAs\":[\"https:\/\/www.facebook.com\/groups\/5261880558\/?locale=fr_FR\"]},{\"@type\":\"Person\",\"@id\":\"https:\/\/centcols.org\/#\/schema\/person\/911b404fb133d8c913dd27cdcf71c8e5\",\"name\":\"Webmestre\",\"image\":{\"@type\":\"ImageObject\",\"inLanguage\":\"de\",\"@id\":\"https:\/\/centcols.org\/wp-content\/litespeed\/avatar\/2d246e4b6b4f773e08515e1ffc53690b.jpg?ver=1777222892\",\"url\":\"https:\/\/centcols.org\/wp-content\/litespeed\/avatar\/2d246e4b6b4f773e08515e1ffc53690b.jpg?ver=1777222892\",\"contentUrl\":\"https:\/\/centcols.org\/wp-content\/litespeed\/avatar\/2d246e4b6b4f773e08515e1ffc53690b.jpg?ver=1777222892\",\"caption\":\"Webmestre\"},\"url\":\"https:\/\/centcols.org\/de\/author\/webmestre\/\"}]}<\/script>\n<!-- \/ Yoast SEO plugin. -->","yoast_head_json":{"title":"Fr\u00fchlingsaufenthalt \"Corbi\u00e8res\" in Tuchan (Aude) vom 14. bis 21. M\u00e4rz 2009 - Club des Cent Cols","robots":{"index":"index","follow":"follow","max-snippet":"max-snippet:-1","max-image-preview":"max-image-preview:large","max-video-preview":"max-video-preview:-1"},"canonical":"https:\/\/centcols.org\/de\/fruhlingsaufenthalt-corbieres-a-tuchan-aude-vom-14-bis-21-marz-2009\/","og_locale":"de_DE","og_type":"article","og_title":"S\u00e9jour de printemps \"Corbi\u00e8res\" \u00e0 Tuchan (Aude) du 14 au 21 mars 2009 - Club des Cent Cols","og_description":"Le programme Rendez-vous au \u00ab Relais d\u2019Aguilar \u00bb \u00e0 Tuchan le 14 mars 2009 en fin d\u2019apr\u00e8s-midi. Un pot d\u2019accueil est pr\u00e9vu vers 19h30, suivi du d\u00eener \u00e0 20h (premi\u00e8re prestation de la pension compl\u00e8te). Les autres jours, d\u00eener \u00e0 19h30.Deux formules de s\u00e9jour sont propos\u00e9es: Dans les deux cas, la derni\u00e8re prestation de la [&hellip;]","og_url":"https:\/\/centcols.org\/de\/fruhlingsaufenthalt-corbieres-a-tuchan-aude-vom-14-bis-21-marz-2009\/","og_site_name":"Club des Cent Cols","article_publisher":"https:\/\/www.facebook.com\/groups\/5261880558\/?locale=fr_FR","article_published_time":"2009-01-23T06:59:11+00:00","article_modified_time":"2025-10-02T08:22:14+00:00","og_image":[{"width":640,"height":480,"url":"https:\/\/centcols.org\/wp-content\/uploads\/2009\/01\/phc-18.jpg","type":"image\/jpeg"}],"author":"Webmestre","twitter_card":"summary_large_image","twitter_misc":{"Verfasst von":"Webmestre","Gesch\u00e4tzte Lesezeit":"10\u00a0Minuten"},"schema":{"@context":"https:\/\/schema.org","@graph":[{"@type":"Article","@id":"https:\/\/centcols.org\/sejour-de-printemps-corbieres-a-tuchan-aude-du-14-au-21-mars-2009\/#article","isPartOf":{"@id":"https:\/\/centcols.org\/sejour-de-printemps-corbieres-a-tuchan-aude-du-14-au-21-mars-2009\/"},"author":{"name":"Webmestre","@id":"https:\/\/centcols.org\/#\/schema\/person\/911b404fb133d8c913dd27cdcf71c8e5"},"headline":"S\u00e9jour de printemps \u00ab\u00a0Corbi\u00e8res\u00a0\u00bb \u00e0 Tuchan (Aude) du 14 au 21 mars 2009","datePublished":"2009-01-23T06:59:11+00:00","dateModified":"2025-10-02T08:22:14+00:00","mainEntityOfPage":{"@id":"https:\/\/centcols.org\/sejour-de-printemps-corbieres-a-tuchan-aude-du-14-au-21-mars-2009\/"},"wordCount":1418,"publisher":{"@id":"https:\/\/centcols.org\/#organization"},"image":{"@id":"https:\/\/centcols.org\/sejour-de-printemps-corbieres-a-tuchan-aude-du-14-au-21-mars-2009\/#primaryimage"},"thumbnailUrl":"https:\/\/centcols.org\/wp-content\/uploads\/2009\/01\/phc-18.jpg","articleSection":["France","11-Aude","Occitanie","Calendrier","Pyr\u00e9n\u00e9es","S\u00e9jours du Club des Cent Cols"],"inLanguage":"de"},{"@type":"WebPage","@id":"https:\/\/centcols.org\/sejour-de-printemps-corbieres-a-tuchan-aude-du-14-au-21-mars-2009\/","url":"https:\/\/centcols.org\/sejour-de-printemps-corbieres-a-tuchan-aude-du-14-au-21-mars-2009\/","name":"Fr\u00fchlingsaufenthalt \"Corbi\u00e8res\" in Tuchan (Aude) vom 14. bis 21. M\u00e4rz 2009 - Club des Cent Cols","isPartOf":{"@id":"https:\/\/centcols.org\/#website"},"primaryImageOfPage":{"@id":"https:\/\/centcols.org\/sejour-de-printemps-corbieres-a-tuchan-aude-du-14-au-21-mars-2009\/#primaryimage"},"image":{"@id":"https:\/\/centcols.org\/sejour-de-printemps-corbieres-a-tuchan-aude-du-14-au-21-mars-2009\/#primaryimage"},"thumbnailUrl":"https:\/\/centcols.org\/wp-content\/uploads\/2009\/01\/phc-18.jpg","datePublished":"2009-01-23T06:59:11+00:00","dateModified":"2025-10-02T08:22:14+00:00","breadcrumb":{"@id":"https:\/\/centcols.org\/sejour-de-printemps-corbieres-a-tuchan-aude-du-14-au-21-mars-2009\/#breadcrumb"},"inLanguage":"de","potentialAction":[{"@type":"ReadAction","target":["https:\/\/centcols.org\/sejour-de-printemps-corbieres-a-tuchan-aude-du-14-au-21-mars-2009\/"]}]},{"@type":"ImageObject","inLanguage":"de","@id":"https:\/\/centcols.org\/sejour-de-printemps-corbieres-a-tuchan-aude-du-14-au-21-mars-2009\/#primaryimage","url":"https:\/\/centcols.org\/wp-content\/uploads\/2009\/01\/phc-18.jpg","contentUrl":"https:\/\/centcols.org\/wp-content\/uploads\/2009\/01\/phc-18.jpg","width":640,"height":480},{"@type":"BreadcrumbList","@id":"https:\/\/centcols.org\/sejour-de-printemps-corbieres-a-tuchan-aude-du-14-au-21-mars-2009\/#breadcrumb","itemListElement":[{"@type":"ListItem","position":1,"name":"Accueil","item":"https:\/\/centcols.org\/"},{"@type":"ListItem","position":2,"name":"S\u00e9jours du Club des Cent Cols","item":"https:\/\/centcols.org\/rubrique\/sejours\/"},{"@type":"ListItem","position":3,"name":"Pays","item":"https:\/\/centcols.org\/rubrique\/sejours\/pays-sejours\/"},{"@type":"ListItem","position":4,"name":"France","item":"https:\/\/centcols.org\/rubrique\/sejours\/pays-sejours\/france-pays-sejours\/"},{"@type":"ListItem","position":5,"name":"S\u00e9jour de printemps \u00ab\u00a0Corbi\u00e8res\u00a0\u00bb \u00e0 Tuchan (Aude) du 14 au 21 mars 2009"}]},{"@type":"WebSite","@id":"https:\/\/centcols.org\/#website","url":"https:\/\/centcols.org\/","name":"Club des Cent Cols","description":"","publisher":{"@id":"https:\/\/centcols.org\/#organization"},"potentialAction":[{"@type":"SearchAction","target":{"@type":"EntryPoint","urlTemplate":"https:\/\/centcols.org\/?s={search_term_string}"},"query-input":{"@type":"PropertyValueSpecification","valueRequired":true,"valueName":"search_term_string"}}],"inLanguage":"de"},{"@type":"Organization","@id":"https:\/\/centcols.org\/#organization","name":"Club des Cent Cols","url":"https:\/\/centcols.org\/","logo":{"@type":"ImageObject","inLanguage":"de","@id":"https:\/\/centcols.org\/#\/schema\/logo\/image\/","url":"https:\/\/centcols.org\/wp-content\/uploads\/2025\/01\/carte-icone.png","contentUrl":"https:\/\/centcols.org\/wp-content\/uploads\/2025\/01\/carte-icone.png","width":250,"height":250,"caption":"Club des Cent Cols"},"image":{"@id":"https:\/\/centcols.org\/#\/schema\/logo\/image\/"},"sameAs":["https:\/\/www.facebook.com\/groups\/5261880558\/?locale=fr_FR"]},{"@type":"Person","@id":"https:\/\/centcols.org\/#\/schema\/person\/911b404fb133d8c913dd27cdcf71c8e5","name":"Webmaster","image":{"@type":"ImageObject","inLanguage":"de","@id":"https:\/\/centcols.org\/wp-content\/litespeed\/avatar\/2d246e4b6b4f773e08515e1ffc53690b.jpg?ver=1777222892","url":"https:\/\/centcols.org\/wp-content\/litespeed\/avatar\/2d246e4b6b4f773e08515e1ffc53690b.jpg?ver=1777222892","contentUrl":"https:\/\/centcols.org\/wp-content\/litespeed\/avatar\/2d246e4b6b4f773e08515e1ffc53690b.jpg?ver=1777222892","caption":"Webmestre"},"url":"https:\/\/centcols.org\/de\/author\/webmestre\/"}]}},"_links":{"self":[{"href":"https:\/\/centcols.org\/de\/wp-json\/wp\/v2\/posts\/81635","targetHints":{"allow":["GET"]}}],"collection":[{"href":"https:\/\/centcols.org\/de\/wp-json\/wp\/v2\/posts"}],"about":[{"href":"https:\/\/centcols.org\/de\/wp-json\/wp\/v2\/types\/post"}],"author":[{"embeddable":true,"href":"https:\/\/centcols.org\/de\/wp-json\/wp\/v2\/users\/3"}],"replies":[{"embeddable":true,"href":"https:\/\/centcols.org\/de\/wp-json\/wp\/v2\/comments?post=81635"}],"version-history":[{"count":0,"href":"https:\/\/centcols.org\/de\/wp-json\/wp\/v2\/posts\/81635\/revisions"}],"wp:featuredmedia":[{"embeddable":true,"href":"https:\/\/centcols.org\/de\/wp-json\/wp\/v2\/media\/89207"}],"wp:attachment":[{"href":"https:\/\/centcols.org\/de\/wp-json\/wp\/v2\/media?parent=81635"}],"wp:term":[{"taxonomy":"category","embeddable":true,"href":"https:\/\/centcols.org\/de\/wp-json\/wp\/v2\/categories?post=81635"},{"taxonomy":"post_tag","embeddable":true,"href":"https:\/\/centcols.org\/de\/wp-json\/wp\/v2\/tags?post=81635"}],"curies":[{"name":"wp","href":"https:\/\/api.w.org\/{rel}","templated":true}]}}