{"id":81684,"date":"2015-04-20T14:45:17","date_gmt":"2015-04-20T12:45:17","guid":{"rendered":"https:\/\/centcols.org\/assemblee-generale-du-club-des-cent-cols-a-vogue-ardeche-les-29-et-30-novembre-2014\/"},"modified":"2025-11-06T09:43:49","modified_gmt":"2025-11-06T07:43:49","slug":"ag-2014-vogue","status":"publish","type":"post","link":"https:\/\/centcols.org\/de\/ag-2014-vogue\/","title":{"rendered":"Generalversammlung des \"Club des Cent Cols\" in Vog\u00fc\u00e9 (Ard\u00e8che) am 29. und 30. November 2014"},"content":{"rendered":"<h2 class=\"wp-block-heading\">Erkl\u00e4rungen<\/h2>\n\n\n\n<p>F\u00fcr diese GA 2014 wird sich die Bruderschaft einem zentraleren Ort anschlie\u00dfen, dem Dorf Vog\u00fc\u00e9, das als eines der sch\u00f6nsten D\u00f6rfer Frankreichs klassifiziert ist. Wir werden in der Domaine de \u00abLou Capitelle\u00bb empfangen. Die Versammlung findet am Samstag ab 15 Uhr statt.<\/p>\n\n\n\n<p>Vog\u00fc\u00e9 ist ein Dorf mit 940 Einwohnern, das auf einer durchschnittlichen H\u00f6he von 160 m im unteren Tal der Ard\u00e8che liegt. Das in einem Amphitheater an den Ufern der Ard\u00e8che erbaute, mittelalterliche Dorf Vog\u00fc\u00e9 war bis 1982 ein wichtiger Eisenbahnknotenpunkt. Einige Schienen werden noch f\u00fcr den Touristenzug \u00abPicasso\u00bb verwendet, der vom Viadukt aus einen atemberaubenden Ausblick bietet. Die \u00e4ltesten Teile des Dorfes stammen aus dem XI.<sup>sten<\/sup> Jahrhundert und des 17.<sup>sten<\/sup>. Die Burg aus dem Mittelalter und umgebaut im 17.<sup>sten<\/sup>, Das Dorf geh\u00f6rt dem Marquis Pierre de Vog\u00fc\u00e9. La Tourasse im Zentrum des Dorfes ist die \u00e4lteste Behausung des Ortes. Ein Benediktinerpriorat hat der Kirche Sainte Marie Platz gemacht. Das Dorf lebt haupts\u00e4chlich vom Tourismus und dem Anbau von Weinreben. Ein bekannter Radtourismus, die Ard\u00e9choise, belebt das Dorf jedes Jahr. Die Anh\u00f6hen \u00fcber dem Dorf sind als \u00abZone naturelle d'int\u00e9r\u00eat \u00e9cologique faunistique et floristique\u00bb klassifiziert. Das Dorf hat das Label \u00abStation verte de vacances\u00bb (Gr\u00fcner Ferienort) erhalten.<\/p>\n\n\n\n<figure class=\"wp-block-gallery has-nested-images columns-3 is-cropped wp-block-gallery-1 is-layout-flex wp-block-gallery-is-layout-flex\">\n<figure class=\"wp-block-image size-full\"><a href=\"https:\/\/centcols.org\/wp-content\/uploads\/2015\/04\/ardeche.jpg\"><img loading=\"lazy\" decoding=\"async\" width=\"240\" height=\"180\" data-id=\"91861\" src=\"https:\/\/centcols.org\/wp-content\/uploads\/2015\/04\/ardeche.jpg\" alt=\"\" class=\"wp-image-91861\" srcset=\"https:\/\/centcols.org\/wp-content\/uploads\/2015\/04\/ardeche.jpg 240w, https:\/\/centcols.org\/wp-content\/uploads\/2015\/04\/ardeche-16x12.jpg 16w\" sizes=\"auto, (max-width: 240px) 100vw, 240px\" \/><\/a><\/figure>\n\n\n\n<figure class=\"wp-block-image size-full\"><a href=\"https:\/\/centcols.org\/wp-content\/uploads\/2015\/04\/ardeche.png\"><img loading=\"lazy\" decoding=\"async\" width=\"200\" height=\"220\" data-id=\"91862\" src=\"https:\/\/centcols.org\/wp-content\/uploads\/2015\/04\/ardeche.png\" alt=\"\" class=\"wp-image-91862\" srcset=\"https:\/\/centcols.org\/wp-content\/uploads\/2015\/04\/ardeche.png 200w, https:\/\/centcols.org\/wp-content\/uploads\/2015\/04\/ardeche-11x12.png 11w\" sizes=\"auto, (max-width: 200px) 100vw, 200px\" \/><\/a><\/figure>\n\n\n\n<figure class=\"wp-block-image size-full\"><a href=\"https:\/\/centcols.org\/wp-content\/uploads\/2015\/04\/pontdarc.jpg\"><img loading=\"lazy\" decoding=\"async\" width=\"240\" height=\"180\" data-id=\"91863\" src=\"https:\/\/centcols.org\/wp-content\/uploads\/2015\/04\/pontdarc.jpg\" alt=\"\" class=\"wp-image-91863\" srcset=\"https:\/\/centcols.org\/wp-content\/uploads\/2015\/04\/pontdarc.jpg 240w, https:\/\/centcols.org\/wp-content\/uploads\/2015\/04\/pontdarc-16x12.jpg 16w\" sizes=\"auto, (max-width: 240px) 100vw, 240px\" \/><\/a><\/figure>\n\n\n\n<figure class=\"wp-block-image size-full\"><a href=\"https:\/\/centcols.org\/wp-content\/uploads\/2015\/04\/viaduc.jpg\"><img loading=\"lazy\" decoding=\"async\" width=\"240\" height=\"180\" data-id=\"91864\" src=\"https:\/\/centcols.org\/wp-content\/uploads\/2015\/04\/viaduc.jpg\" alt=\"\" class=\"wp-image-91864\" srcset=\"https:\/\/centcols.org\/wp-content\/uploads\/2015\/04\/viaduc.jpg 240w, https:\/\/centcols.org\/wp-content\/uploads\/2015\/04\/viaduc-16x12.jpg 16w\" sizes=\"auto, (max-width: 240px) 100vw, 240px\" \/><\/a><\/figure>\n\n\n\n<figure class=\"wp-block-image size-large\"><img loading=\"lazy\" decoding=\"async\" width=\"200\" height=\"220\" data-id=\"91869\" src=\"https:\/\/centcols.org\/wp-content\/uploads\/2015\/04\/vogue.png\" alt=\"\" class=\"wp-image-91869\" srcset=\"https:\/\/centcols.org\/wp-content\/uploads\/2015\/04\/vogue.png 200w, https:\/\/centcols.org\/wp-content\/uploads\/2015\/04\/vogue-11x12.png 11w\" sizes=\"auto, (max-width: 200px) 100vw, 200px\" \/><\/figure>\n\n\n\n<figure class=\"wp-block-image size-full\"><a href=\"https:\/\/centcols.org\/wp-content\/uploads\/2015\/04\/vogue.jpg\"><img loading=\"lazy\" decoding=\"async\" width=\"240\" height=\"180\" data-id=\"91865\" src=\"https:\/\/centcols.org\/wp-content\/uploads\/2015\/04\/vogue.jpg\" alt=\"\" class=\"wp-image-91865\" srcset=\"https:\/\/centcols.org\/wp-content\/uploads\/2015\/04\/vogue.jpg 240w, https:\/\/centcols.org\/wp-content\/uploads\/2015\/04\/vogue-16x12.jpg 16w\" sizes=\"auto, (max-width: 240px) 100vw, 240px\" \/><\/a><\/figure>\n<\/figure>\n\n\n\n<h2 class=\"wp-block-heading\">Unterkunft<\/h2>\n\n\n\n<p>Feriendorf : Domaine de Lou Capitelle - 07200 Vog\u00fc\u00e9<br>Tel. +33 (0)4 75 37 81 90 - - <a href=\"http:\/\/www.loucapitelle.com\/\" target=\"_blank\" rel=\"noopener\">http:\/\/www.loucapitelle.com<\/a><br>132 Zimmer Formel Komfort, 50 Zimmer Grand Komfort: Bettw\u00e4sche und Handt\u00fccher werden gestellt, Reinigung zu Lasten der Bewohner. Einzelzimmer gegen Aufpreis m\u00f6glich.<\/p>\n\n\n\n<h3 class=\"wp-block-heading\">Kontakt aufnehmen<\/h3>\n\n\n\n<p>Fremdenverkehrsamt, Le Village, 07200 Vog\u00fc\u00e9 - +33 (0)4 75 37 01 17 - -.&nbsp; <a href=\"http:\/\/www.vogue-tourisme.com\/\" target=\"_blank\" rel=\"noopener\">http:\/\/www.vogue-tourisme.com<\/a><\/p>\n\n\n\n<h2 class=\"wp-block-heading\">Die Schaltkreise<\/h2>\n\n\n\n<p>Sowohl am Samstag, den 29. als auch am Sonntag, den 30. werden Stra\u00dfen- und Mountainbike-Strecken angeboten. Es handelt sich um Vorschl\u00e4ge, die jeder nach seiner Form und dem Wetter anpassen kann. Nat\u00fcrlich m\u00fcssen Sie am Samstag fr\u00fch genug losfahren, um rechtzeitig zur Versammlung zur\u00fcck zu sein: Die Abfahrt mit dem Fahrrad ist f\u00fcr 8:30 Uhr geplant. Diejenigen, die die Strecke mit dem Mountainbike zur\u00fccklegen, m\u00fcssen eine halbe Stunde fr\u00fcher losfahren, um mit dem Auto von Vog\u00fc\u00e9 nach Largenti\u00e8re zu gelangen. Die Liste der <a href=\"https:\/\/centcols.org\/de\/membres\/cctours\/tours.php\/?lieu=Vog\u00fc\u00e9&amp;an=2014\">alle Touren<\/a> ist verf\u00fcgbar, ebenso wie separate Listen f\u00fcr die <a href=\"https:\/\/centcols.org\/de\/membres\/cctours\/tours.php\/?lieu=Vog\u00fc\u00e9&amp;an=2014&amp;genre=R\" target=\"_blank\" rel=\"noreferrer noopener\">Stra\u00dfenrouten<\/a> und <a href=\"https:\/\/centcols.org\/de\/membres\/cctours\/tours.php\/?lieu=Vog\u00fc\u00e9&amp;an=2014&amp;genre=V\" target=\"_blank\" rel=\"noreferrer noopener\">die Mountainbike-Routen<\/a>. Ausgehend von diesen Listen sind f\u00fcr jede Strecke H\u00f6henprofile und interaktive Karten verf\u00fcgbar.<\/p>\n\n\n\n<p>F\u00fcr diejenigen, die ein GPS oder eine Kartensoftware auf ihrem Computer verwenden, gibt es <a href=\"https:\/\/centcols.org\/de\/membres\/cctours\/tours.php\/?lieu=Vog\u00fc\u00e9&amp;an=2014\" target=\"_blank\" rel=\"noreferrer noopener\">Geolokalisierungsdateien<\/a> k\u00f6nnen heruntergeladen werden.<\/p>\n\n\n\n<h2 class=\"wp-block-heading\">Andere Aktivit\u00e4ten<\/h2>\n\n\n\n<ul class=\"wp-block-list\">\n<li>Canyoning, Maison du Plein-Air, 07200 Aubenas<\/li>\n\n\n\n<li>H\u00f6hlenforschung, 07150 Vallon-Pont-d'Arc<\/li>\n\n\n\n<li>Kanu und Kajak, Les Salles, 07120 Balazuc<\/li>\n<\/ul>\n\n\n\n<h2 class=\"wp-block-heading\">Besuche<\/h2>\n\n\n\n<ul class=\"wp-block-list\">\n<li>Schloss Vog\u00fc\u00e9 (romanische Kapelle, Kerker, h\u00e4ngender Garten), das aus dem Mittelalter stammt und im 17. Jahrhundert restauriert wurde<\/li>\n\n\n\n<li>Kirche Saint-Pierre de Sauveplantade (die kleinste romanische Kirche aus dem 9. und 11. Jahrhundert)<\/li>\n\n\n\n<li>Dorf Saint-Sernin, sehr fr\u00fch von Menschen besiedelt (Feuerstein, mit dem Kreuz von Espinasse, Gegenstand von Prozessionen zur Abwendung der D\u00fcrre)<\/li>\n<\/ul>\n\n\n\n<h2 class=\"wp-block-heading\">Verkostungen<\/h2>\n\n\n\n<ul class=\"wp-block-list\">\n<li>Propri\u00e9t\u00e9 Claude Gascon, Weine, 07200 Rochecolombe: Gris de Grenache, Chardonnay<\/li>\n\n\n\n<li>Metzgerei Moulin, 07200 Saint-Etienne-de-Fontbellon: Spezialit\u00e4ten aus der Ard\u00e8che seit 1946<\/li>\n\n\n\n<li>Le Petit Ard\u00e9chois, 07200 Saint-Etienne-de-Fontbellon: handgemachter Nougat, Calissons, Pralinen<\/li>\n\n\n\n<li>Le Gen\u00eat d'Or, 07200 Vog\u00fc\u00e9: Nougat aus der Ard\u00e8che mit verschiedenen Honigsorten<\/li>\n<\/ul>\n\n\n\n<h2 class=\"wp-block-heading\">Fahrr\u00e4der f\u00fcr Afrika<\/h2>\n\n\n\n<p>Diese Aktion war von unserem verstorbenen Freund Roland Grimaud am Rande der Generalversammlungen des Club des Cent Cols 2008 in Ch\u00e2teau-Arnoux und 2009 in Yenne erfolgreich ins Leben gerufen worden. Ich hatte vorgeschlagen, die Aktion anl\u00e4sslich der Hauptversammlung 2012 in Annecy fortzusetzen, und Sie haben erneut sehr zahlreich daran teilgenommen. Die Aktion wird dieses Jahr am 29. November in Vog\u00fc\u00e9 fortgesetzt.<\/p>\n\n\n\n<p>Diese Aktion wird seit 2001 von der in Grenoble ans\u00e4ssigen Organisation \u00abREPERAGES\u00bb durchgef\u00fchrt.<\/p>\n\n\n\n<p><strong>Eine Solidarit\u00e4tsaktion<\/strong>REPERAGES sammelt alle Fahrr\u00e4der, ob gro\u00df oder klein, in gutem oder schlechtem Zustand, auch wenn sie unvollst\u00e4ndig sind, und setzt sie in seiner Werkstatt wieder instand, um sie nach Afrika, insbesondere nach Burkina Faso und Mali, zu bringen, wo die Aktion von Dorfvereinen weitergef\u00fchrt wird. Die Nutzung von Fahrr\u00e4dern f\u00f6rdert dort den Schulbesuch von Kindern, verringert die Schwere der Arbeit...<\/p>\n\n\n\n<p><strong>Eine Hilfe zur Eingliederung<\/strong>In Grenoble hat die Struktur zur Schaffung von Arbeitspl\u00e4tzen gef\u00fchrt, die durch die Eingliederungsma\u00dfnahmen betreut und begleitet werden. Zu diesem Zweck werden j\u00e4hrlich 3000 bis 3500 Fahrr\u00e4der gesammelt.<\/p>\n\n\n\n<p><strong>Eine Umweltma\u00dfnahme<\/strong>Fahrrad: Als umweltfreundliches Fortbewegungsmittel kann ein Fahrrad bei REPERAGES erworben werden.<\/p>\n\n\n\n<p>Die Struktur in Grenoble wird von der Allgemeinheit - Staat - Region - Departement - Stadt - unterst\u00fctzt. Viele Gemeinden, Vereine und Freiwillige arbeiten im Bereich der Sammlung zusammen.<\/p>\n\n\n\n<p>In Vog\u00fc\u00e9 wird ein (noch anzugebender) Abgabeort zur Verf\u00fcgung gestellt. Er wird am Samstag, den 29. November, von 9 bis 13 Uhr ge\u00f6ffnet sein.<\/p>\n\n\n\n<p>Bitte informieren Sie mich vorab \u00fcber die Anzahl und Gr\u00f6\u00dfe der Fahrr\u00e4der, damit ich die Abholung durch REPERAGES besser organisieren kann. Selbstverst\u00e4ndlich wird auch Fahrradzubeh\u00f6r abgeholt.<\/p>\n\n\n\n<p>Vielen Dank f\u00fcr Ihre Gro\u00dfz\u00fcgigkeit...<\/p>\n\n\n\n<p><em>Robert YONNET<\/em>, CC 5292,&nbsp;<a href=\"javascript:;\">robert.yonnet@orange.fr<\/a>,+33 (0)6 81 85 54 71.<\/p>\n\n\n\n<h2 class=\"wp-block-heading\">Fotoalben :<\/h2>\n\n\n\n<p><a href=\"https:\/\/centcols.org\/de\/util\/visuAlbum.php\/?album=06502-002\" target=\"_blank\" rel=\"noreferrer noopener\">Fotoalbum von S\u00e9bastien Vadot<\/a><\/p>\n\n\n\n<p><a href=\"https:\/\/centcols.org\/de\/backup\/ag-2014-vogue\/\"><\/a><\/p>\n\n\n\n<p><a href=\"https:\/\/centcols.org\/de\/util\/visuAlbum.php\/?album=03872-005\" target=\"_blank\" rel=\"noreferrer noopener\">Fotoalbum von Bernard Giraudeau<\/a><\/p>\n\n\n\n<p><a href=\"https:\/\/centcols.org\/backup\/wp-content\/uploads\/2015\/04\/M004251.jpg\"><\/a><\/p>\n\n\n\n<p><a href=\"https:\/\/centcols.org\/de\/util\/visuAlbum.php\/?album=03693-007\" target=\"_blank\" rel=\"noreferrer noopener\">Fotoalbum von Alain Brault<\/a><\/p>\n\n\n\n<p><a href=\"https:\/\/centcols.org\/backup\/wp-content\/uploads\/2015\/04\/M006261.jpg\"><\/a><\/p>\n\n\n\n<p><a href=\"https:\/\/centcols.org\/de\/util\/visuAlbum.php\/?album=07279-001\" target=\"_blank\" rel=\"noreferrer noopener\">Fotoalbum von Andr\u00e9 Liotier<\/a><\/p>","protected":false},"excerpt":{"rendered":"<p>Pr\u00e9sentation Pour cette AG 2014, la confr\u00e9rie rejoindra un lieu plus central, le village de Vog\u00fc\u00e9, class\u00e9 parmi les plus beaux de France. Nous serons accueillis au domaine de \u00abLou Capitelle\u00bb. L&rsquo;assembl\u00e9e se tiendra le samedi \u00e0 partir de 15 heures. Vog\u00fc\u00e9 est un village de 940 habitants, situ\u00e9 \u00e0 une altitude moyenne de 160&nbsp;m, [&hellip;]<\/p>\n","protected":false},"author":3,"featured_media":81685,"comment_status":"closed","ping_status":"closed","sticky":false,"template":"","format":"standard","meta":{"_acf_changed":false,"footnotes":""},"categories":[217,135],"tags":[],"class_list":["post-81684","post","type-post","status-publish","format-standard","has-post-thumbnail","hentry","category-assemblees-generales","category-calendrier"],"acf":[],"yoast_head":"<!-- This site is optimized with the Yoast SEO plugin v27.2 - https:\/\/yoast.com\/product\/yoast-seo-wordpress\/ -->\n<title>Assembl\u00e9e g\u00e9n\u00e9rale du Club des Cent Cols \u00e0 Vog\u00fc\u00e9 (Ard\u00e8che) les 29 et 30 novembre 2014 - Club des Cent Cols<\/title>\n<meta name=\"robots\" content=\"index, follow, max-snippet:-1, max-image-preview:large, max-video-preview:-1\" \/>\n<link rel=\"canonical\" href=\"https:\/\/centcols.org\/de\/ag-2014-vogue\/\" \/>\n<meta property=\"og:locale\" content=\"de_DE\" \/>\n<meta property=\"og:type\" content=\"article\" \/>\n<meta property=\"og:title\" content=\"Assembl\u00e9e g\u00e9n\u00e9rale du Club des Cent Cols \u00e0 Vog\u00fc\u00e9 (Ard\u00e8che) les 29 et 30 novembre 2014 - Club des Cent Cols\" \/>\n<meta property=\"og:description\" content=\"Pr\u00e9sentation Pour cette AG 2014, la confr\u00e9rie rejoindra un lieu plus central, le village de Vog\u00fc\u00e9, class\u00e9 parmi les plus beaux de France. Nous serons accueillis au domaine de \u00abLou Capitelle\u00bb. L&rsquo;assembl\u00e9e se tiendra le samedi \u00e0 partir de 15 heures. Vog\u00fc\u00e9 est un village de 940 habitants, situ\u00e9 \u00e0 une altitude moyenne de 160&nbsp;m, [&hellip;]\" \/>\n<meta property=\"og:url\" content=\"https:\/\/centcols.org\/de\/ag-2014-vogue\/\" \/>\n<meta property=\"og:site_name\" content=\"Club des Cent Cols\" \/>\n<meta property=\"article:publisher\" content=\"https:\/\/www.facebook.com\/groups\/5261880558\/?locale=fr_FR\" \/>\n<meta property=\"article:published_time\" content=\"2015-04-20T12:45:17+00:00\" \/>\n<meta property=\"article:modified_time\" content=\"2025-11-06T07:43:49+00:00\" \/>\n<meta property=\"og:image\" content=\"https:\/\/centcols.org\/wp-content\/uploads\/2025\/05\/M006261.jpg\" \/>\n\t<meta property=\"og:image:width\" content=\"800\" \/>\n\t<meta property=\"og:image:height\" content=\"600\" \/>\n\t<meta property=\"og:image:type\" content=\"image\/jpeg\" \/>\n<meta name=\"author\" content=\"Webmestre\" \/>\n<meta name=\"twitter:card\" content=\"summary_large_image\" \/>\n<meta name=\"twitter:label1\" content=\"Verfasst von\" \/>\n\t<meta name=\"twitter:data1\" content=\"Webmestre\" \/>\n\t<meta name=\"twitter:label2\" content=\"Gesch\u00e4tzte Lesezeit\" \/>\n\t<meta name=\"twitter:data2\" content=\"6\u00a0Minuten\" \/>\n<script type=\"application\/ld+json\" class=\"yoast-schema-graph\">{\"@context\":\"https:\/\/schema.org\",\"@graph\":[{\"@type\":\"Article\",\"@id\":\"https:\/\/centcols.org\/ag-2014-vogue\/#article\",\"isPartOf\":{\"@id\":\"https:\/\/centcols.org\/ag-2014-vogue\/\"},\"author\":{\"name\":\"Webmestre\",\"@id\":\"https:\/\/centcols.org\/#\/schema\/person\/911b404fb133d8c913dd27cdcf71c8e5\"},\"headline\":\"Assembl\u00e9e g\u00e9n\u00e9rale du Club des Cent Cols \u00e0 Vog\u00fc\u00e9 (Ard\u00e8che) les 29 et 30 novembre 2014\",\"datePublished\":\"2015-04-20T12:45:17+00:00\",\"dateModified\":\"2025-11-06T07:43:49+00:00\",\"mainEntityOfPage\":{\"@id\":\"https:\/\/centcols.org\/ag-2014-vogue\/\"},\"wordCount\":912,\"publisher\":{\"@id\":\"https:\/\/centcols.org\/#organization\"},\"image\":{\"@id\":\"https:\/\/centcols.org\/ag-2014-vogue\/#primaryimage\"},\"thumbnailUrl\":\"https:\/\/centcols.org\/wp-content\/uploads\/2025\/05\/M006261.jpg\",\"articleSection\":[\"Assembl\u00e9es g\u00e9n\u00e9rales\",\"Calendrier\"],\"inLanguage\":\"de\"},{\"@type\":\"WebPage\",\"@id\":\"https:\/\/centcols.org\/ag-2014-vogue\/\",\"url\":\"https:\/\/centcols.org\/ag-2014-vogue\/\",\"name\":\"Assembl\u00e9e g\u00e9n\u00e9rale du Club des Cent Cols \u00e0 Vog\u00fc\u00e9 (Ard\u00e8che) les 29 et 30 novembre 2014 - Club des Cent Cols\",\"isPartOf\":{\"@id\":\"https:\/\/centcols.org\/#website\"},\"primaryImageOfPage\":{\"@id\":\"https:\/\/centcols.org\/ag-2014-vogue\/#primaryimage\"},\"image\":{\"@id\":\"https:\/\/centcols.org\/ag-2014-vogue\/#primaryimage\"},\"thumbnailUrl\":\"https:\/\/centcols.org\/wp-content\/uploads\/2025\/05\/M006261.jpg\",\"datePublished\":\"2015-04-20T12:45:17+00:00\",\"dateModified\":\"2025-11-06T07:43:49+00:00\",\"breadcrumb\":{\"@id\":\"https:\/\/centcols.org\/ag-2014-vogue\/#breadcrumb\"},\"inLanguage\":\"de\",\"potentialAction\":[{\"@type\":\"ReadAction\",\"target\":[\"https:\/\/centcols.org\/ag-2014-vogue\/\"]}]},{\"@type\":\"ImageObject\",\"inLanguage\":\"de\",\"@id\":\"https:\/\/centcols.org\/ag-2014-vogue\/#primaryimage\",\"url\":\"https:\/\/centcols.org\/wp-content\/uploads\/2025\/05\/M006261.jpg\",\"contentUrl\":\"https:\/\/centcols.org\/wp-content\/uploads\/2025\/05\/M006261.jpg\",\"width\":800,\"height\":600},{\"@type\":\"BreadcrumbList\",\"@id\":\"https:\/\/centcols.org\/ag-2014-vogue\/#breadcrumb\",\"itemListElement\":[{\"@type\":\"ListItem\",\"position\":1,\"name\":\"Accueil\",\"item\":\"https:\/\/centcols.org\/\"},{\"@type\":\"ListItem\",\"position\":2,\"name\":\"Assembl\u00e9es g\u00e9n\u00e9rales\",\"item\":\"https:\/\/centcols.org\/rubrique\/assemblees-generales\/\"},{\"@type\":\"ListItem\",\"position\":3,\"name\":\"Assembl\u00e9e g\u00e9n\u00e9rale du Club des Cent Cols \u00e0 Vog\u00fc\u00e9 (Ard\u00e8che) les 29 et 30 novembre 2014\"}]},{\"@type\":\"WebSite\",\"@id\":\"https:\/\/centcols.org\/#website\",\"url\":\"https:\/\/centcols.org\/\",\"name\":\"Club des Cent Cols\",\"description\":\"\",\"publisher\":{\"@id\":\"https:\/\/centcols.org\/#organization\"},\"potentialAction\":[{\"@type\":\"SearchAction\",\"target\":{\"@type\":\"EntryPoint\",\"urlTemplate\":\"https:\/\/centcols.org\/?s={search_term_string}\"},\"query-input\":{\"@type\":\"PropertyValueSpecification\",\"valueRequired\":true,\"valueName\":\"search_term_string\"}}],\"inLanguage\":\"de\"},{\"@type\":\"Organization\",\"@id\":\"https:\/\/centcols.org\/#organization\",\"name\":\"Club des Cent Cols\",\"url\":\"https:\/\/centcols.org\/\",\"logo\":{\"@type\":\"ImageObject\",\"inLanguage\":\"de\",\"@id\":\"https:\/\/centcols.org\/#\/schema\/logo\/image\/\",\"url\":\"https:\/\/centcols.org\/wp-content\/uploads\/2025\/01\/carte-icone.png\",\"contentUrl\":\"https:\/\/centcols.org\/wp-content\/uploads\/2025\/01\/carte-icone.png\",\"width\":250,\"height\":250,\"caption\":\"Club des Cent Cols\"},\"image\":{\"@id\":\"https:\/\/centcols.org\/#\/schema\/logo\/image\/\"},\"sameAs\":[\"https:\/\/www.facebook.com\/groups\/5261880558\/?locale=fr_FR\"]},{\"@type\":\"Person\",\"@id\":\"https:\/\/centcols.org\/#\/schema\/person\/911b404fb133d8c913dd27cdcf71c8e5\",\"name\":\"Webmestre\",\"image\":{\"@type\":\"ImageObject\",\"inLanguage\":\"de\",\"@id\":\"https:\/\/centcols.org\/wp-content\/litespeed\/avatar\/2d246e4b6b4f773e08515e1ffc53690b.jpg?ver=1777222892\",\"url\":\"https:\/\/centcols.org\/wp-content\/litespeed\/avatar\/2d246e4b6b4f773e08515e1ffc53690b.jpg?ver=1777222892\",\"contentUrl\":\"https:\/\/centcols.org\/wp-content\/litespeed\/avatar\/2d246e4b6b4f773e08515e1ffc53690b.jpg?ver=1777222892\",\"caption\":\"Webmestre\"},\"url\":\"https:\/\/centcols.org\/de\/author\/webmestre\/\"}]}<\/script>\n<!-- \/ Yoast SEO plugin. -->","yoast_head_json":{"title":"Generalversammlung des Club des Cent Cols in Vog\u00fc\u00e9 (Ard\u00e8che) am 29. und 30. November 2014 - Club des Cent Cols","robots":{"index":"index","follow":"follow","max-snippet":"max-snippet:-1","max-image-preview":"max-image-preview:large","max-video-preview":"max-video-preview:-1"},"canonical":"https:\/\/centcols.org\/de\/ag-2014-vogue\/","og_locale":"de_DE","og_type":"article","og_title":"Assembl\u00e9e g\u00e9n\u00e9rale du Club des Cent Cols \u00e0 Vog\u00fc\u00e9 (Ard\u00e8che) les 29 et 30 novembre 2014 - Club des Cent Cols","og_description":"Pr\u00e9sentation Pour cette AG 2014, la confr\u00e9rie rejoindra un lieu plus central, le village de Vog\u00fc\u00e9, class\u00e9 parmi les plus beaux de France. Nous serons accueillis au domaine de \u00abLou Capitelle\u00bb. L&rsquo;assembl\u00e9e se tiendra le samedi \u00e0 partir de 15 heures. Vog\u00fc\u00e9 est un village de 940 habitants, situ\u00e9 \u00e0 une altitude moyenne de 160&nbsp;m, [&hellip;]","og_url":"https:\/\/centcols.org\/de\/ag-2014-vogue\/","og_site_name":"Club des Cent Cols","article_publisher":"https:\/\/www.facebook.com\/groups\/5261880558\/?locale=fr_FR","article_published_time":"2015-04-20T12:45:17+00:00","article_modified_time":"2025-11-06T07:43:49+00:00","og_image":[{"width":800,"height":600,"url":"https:\/\/centcols.org\/wp-content\/uploads\/2025\/05\/M006261.jpg","type":"image\/jpeg"}],"author":"Webmestre","twitter_card":"summary_large_image","twitter_misc":{"Verfasst von":"Webmestre","Gesch\u00e4tzte Lesezeit":"6\u00a0Minuten"},"schema":{"@context":"https:\/\/schema.org","@graph":[{"@type":"Article","@id":"https:\/\/centcols.org\/ag-2014-vogue\/#article","isPartOf":{"@id":"https:\/\/centcols.org\/ag-2014-vogue\/"},"author":{"name":"Webmestre","@id":"https:\/\/centcols.org\/#\/schema\/person\/911b404fb133d8c913dd27cdcf71c8e5"},"headline":"Assembl\u00e9e g\u00e9n\u00e9rale du Club des Cent Cols \u00e0 Vog\u00fc\u00e9 (Ard\u00e8che) les 29 et 30 novembre 2014","datePublished":"2015-04-20T12:45:17+00:00","dateModified":"2025-11-06T07:43:49+00:00","mainEntityOfPage":{"@id":"https:\/\/centcols.org\/ag-2014-vogue\/"},"wordCount":912,"publisher":{"@id":"https:\/\/centcols.org\/#organization"},"image":{"@id":"https:\/\/centcols.org\/ag-2014-vogue\/#primaryimage"},"thumbnailUrl":"https:\/\/centcols.org\/wp-content\/uploads\/2025\/05\/M006261.jpg","articleSection":["Assembl\u00e9es g\u00e9n\u00e9rales","Calendrier"],"inLanguage":"de"},{"@type":"WebPage","@id":"https:\/\/centcols.org\/ag-2014-vogue\/","url":"https:\/\/centcols.org\/ag-2014-vogue\/","name":"Generalversammlung des Club des Cent Cols in Vog\u00fc\u00e9 (Ard\u00e8che) am 29. und 30. November 2014 - Club des Cent Cols","isPartOf":{"@id":"https:\/\/centcols.org\/#website"},"primaryImageOfPage":{"@id":"https:\/\/centcols.org\/ag-2014-vogue\/#primaryimage"},"image":{"@id":"https:\/\/centcols.org\/ag-2014-vogue\/#primaryimage"},"thumbnailUrl":"https:\/\/centcols.org\/wp-content\/uploads\/2025\/05\/M006261.jpg","datePublished":"2015-04-20T12:45:17+00:00","dateModified":"2025-11-06T07:43:49+00:00","breadcrumb":{"@id":"https:\/\/centcols.org\/ag-2014-vogue\/#breadcrumb"},"inLanguage":"de","potentialAction":[{"@type":"ReadAction","target":["https:\/\/centcols.org\/ag-2014-vogue\/"]}]},{"@type":"ImageObject","inLanguage":"de","@id":"https:\/\/centcols.org\/ag-2014-vogue\/#primaryimage","url":"https:\/\/centcols.org\/wp-content\/uploads\/2025\/05\/M006261.jpg","contentUrl":"https:\/\/centcols.org\/wp-content\/uploads\/2025\/05\/M006261.jpg","width":800,"height":600},{"@type":"BreadcrumbList","@id":"https:\/\/centcols.org\/ag-2014-vogue\/#breadcrumb","itemListElement":[{"@type":"ListItem","position":1,"name":"Accueil","item":"https:\/\/centcols.org\/"},{"@type":"ListItem","position":2,"name":"Assembl\u00e9es g\u00e9n\u00e9rales","item":"https:\/\/centcols.org\/rubrique\/assemblees-generales\/"},{"@type":"ListItem","position":3,"name":"Assembl\u00e9e g\u00e9n\u00e9rale du Club des Cent Cols \u00e0 Vog\u00fc\u00e9 (Ard\u00e8che) les 29 et 30 novembre 2014"}]},{"@type":"WebSite","@id":"https:\/\/centcols.org\/#website","url":"https:\/\/centcols.org\/","name":"Club des Cent Cols","description":"","publisher":{"@id":"https:\/\/centcols.org\/#organization"},"potentialAction":[{"@type":"SearchAction","target":{"@type":"EntryPoint","urlTemplate":"https:\/\/centcols.org\/?s={search_term_string}"},"query-input":{"@type":"PropertyValueSpecification","valueRequired":true,"valueName":"search_term_string"}}],"inLanguage":"de"},{"@type":"Organization","@id":"https:\/\/centcols.org\/#organization","name":"Club des Cent Cols","url":"https:\/\/centcols.org\/","logo":{"@type":"ImageObject","inLanguage":"de","@id":"https:\/\/centcols.org\/#\/schema\/logo\/image\/","url":"https:\/\/centcols.org\/wp-content\/uploads\/2025\/01\/carte-icone.png","contentUrl":"https:\/\/centcols.org\/wp-content\/uploads\/2025\/01\/carte-icone.png","width":250,"height":250,"caption":"Club des Cent Cols"},"image":{"@id":"https:\/\/centcols.org\/#\/schema\/logo\/image\/"},"sameAs":["https:\/\/www.facebook.com\/groups\/5261880558\/?locale=fr_FR"]},{"@type":"Person","@id":"https:\/\/centcols.org\/#\/schema\/person\/911b404fb133d8c913dd27cdcf71c8e5","name":"Webmaster","image":{"@type":"ImageObject","inLanguage":"de","@id":"https:\/\/centcols.org\/wp-content\/litespeed\/avatar\/2d246e4b6b4f773e08515e1ffc53690b.jpg?ver=1777222892","url":"https:\/\/centcols.org\/wp-content\/litespeed\/avatar\/2d246e4b6b4f773e08515e1ffc53690b.jpg?ver=1777222892","contentUrl":"https:\/\/centcols.org\/wp-content\/litespeed\/avatar\/2d246e4b6b4f773e08515e1ffc53690b.jpg?ver=1777222892","caption":"Webmestre"},"url":"https:\/\/centcols.org\/de\/author\/webmestre\/"}]}},"_links":{"self":[{"href":"https:\/\/centcols.org\/de\/wp-json\/wp\/v2\/posts\/81684","targetHints":{"allow":["GET"]}}],"collection":[{"href":"https:\/\/centcols.org\/de\/wp-json\/wp\/v2\/posts"}],"about":[{"href":"https:\/\/centcols.org\/de\/wp-json\/wp\/v2\/types\/post"}],"author":[{"embeddable":true,"href":"https:\/\/centcols.org\/de\/wp-json\/wp\/v2\/users\/3"}],"replies":[{"embeddable":true,"href":"https:\/\/centcols.org\/de\/wp-json\/wp\/v2\/comments?post=81684"}],"version-history":[{"count":0,"href":"https:\/\/centcols.org\/de\/wp-json\/wp\/v2\/posts\/81684\/revisions"}],"wp:featuredmedia":[{"embeddable":true,"href":"https:\/\/centcols.org\/de\/wp-json\/wp\/v2\/media\/81685"}],"wp:attachment":[{"href":"https:\/\/centcols.org\/de\/wp-json\/wp\/v2\/media?parent=81684"}],"wp:term":[{"taxonomy":"category","embeddable":true,"href":"https:\/\/centcols.org\/de\/wp-json\/wp\/v2\/categories?post=81684"},{"taxonomy":"post_tag","embeddable":true,"href":"https:\/\/centcols.org\/de\/wp-json\/wp\/v2\/tags?post=81684"}],"curies":[{"name":"wp","href":"https:\/\/api.w.org\/{rel}","templated":true}]}}