{"id":81687,"date":"2015-04-16T09:20:55","date_gmt":"2015-04-16T07:20:55","guid":{"rendered":"https:\/\/centcols.org\/assemblee-generale-dexception-pour-le-40e-anniversaire-de-la-confrerie-a-annecy-les-1-et-2-decembre-2012\/"},"modified":"2025-11-06T04:54:56","modified_gmt":"2025-11-06T02:54:56","slug":"ag-2012-annecy","status":"publish","type":"post","link":"https:\/\/centcols.org\/de\/ag-2012-annecy\/","title":{"rendered":"Au\u00dfergew\u00f6hnliche Generalversammlung zum 40. Jubil\u00e4um der Bruderschaft in Annecy am 1. und 2. Dezember 2012"},"content":{"rendered":"<h2 class=\"wp-block-heading\">Erkl\u00e4rungen<\/h2>\n\n\n\n<p>2012 ist ein au\u00dfergew\u00f6hnliches Jahr f\u00fcr Annecy. Diese sch\u00f6ne Stadt sieht ihr Engagement f\u00fcr nachhaltige Entwicklung und den Erhalt der Natur durch den Titel Europ\u00e4ische Alpenstadt des Jahres 2012 belohnt und au\u00dfergew\u00f6hnlich auch durch Ihr Kommen, um mit uns das 40-j\u00e4hrige Bestehen unserer Bruderschaft zu feiern. St\u00e4dte, wie auch die Menschen, die sie geschaffen haben, ver\u00e4ndern sich, wenn sie \u00e4lter werden. Sie ver\u00e4ndern sich mit ihrer Geschichte, mit den Moden oder den Fortschritten der Zivilisation.<\/p>\n\n\n\n<p>Das Annecy von einst ist reich genug an Poesie, Malerei und menschlichen Ereignissen, um dem Annecy von heute zu dienen. Wie ein Diamant im Schrein seiner Berge, die wiedergefundene Reinheit des Wassers seines Sees, ist Annecy heute nicht dieses Symbol der Ewigkeit?<\/p>\n\n\n\n<p>Unsere Generalversammlung findet im Kongresszentrum l'Imp\u00e9rial statt, das am Ufer des Sees in Annecy liegt. Das Imperial Palace, ein ehemaliges Luxushotel, das 1913 erbaut wurde, ist ein bemerkenswerter Ort, der vor einigen Jahren renoviert wurde und f\u00fcr viele gekr\u00f6nte H\u00e4upter wie Churchill, Charlie Chaplin, Edith Piaf und K\u00f6nig Georg VI. interessant war.<\/p>\n\n\n\n<p>Heute bietet das Imperial drei M\u00f6glichkeiten: Hotel, Kasino und Kongresszentrum. Unsere GV findet ab 15 Uhr am Samstag, den 1.<sup>er<\/sup> Dezember im Europasaal.<br>Anschlie\u00dfend findet ein Aperitif in den Salons des Hotels statt, der von der Stadtverwaltung von Annecy in Anwesenheit des B\u00fcrgermeisters angeboten wird.<br>W\u00e4hrend Ihres gesamten Aufenthalts werden Sie von den Mitgliedern des V\u00e9lo-Club d'Annecy betreut und verw\u00f6hnt. Dieser Radsportverein, einer der \u00e4ltesten in Frankreich, wurde 1888 gegr\u00fcndet.<\/p>\n\n\n\n<p>Heute ist der V.C. Annecy nach wie vor einer der aktivsten Radtouristenvereine des Hexagons, was die Zahl seiner Mitglieder betrifft, aber auch die zahlreichen organisierten Aktivit\u00e4ten und Veranstaltungen (wie das f\u00fcr den 16. und 17. Juni geplante B.C.M.F. des Aravis).<\/p>\n\n\n\n<p>Jean PERDOUX (CC Nr. 1)<\/p>\n\n\n\n<h2 class=\"wp-block-heading\">Das Protokoll<\/h2>\n\n\n\n<p><a href=\"https:\/\/centcols.org\/wp-content\/uploads\/2025\/08\/compte_rendu.pdf\" target=\"_blank\" rel=\"noreferrer noopener\">Laden Sie das Protokoll als PDF herunter<\/a><\/p>\n\n\n\n<h2 class=\"wp-block-heading\">Interventionen<\/h2>\n\n\n\n<h3 class=\"wp-block-heading\">Rede von Jean Perdoux<\/h3>\n\n\n\n<p><a href=\"https:\/\/centcols.org\/wp-content\/uploads\/2025\/08\/intervention1.pdf\" target=\"_blank\" rel=\"noreferrer noopener\">Rede als PDF herunterladen<\/a><\/p>\n\n\n\n<h3 class=\"wp-block-heading\">Redebeitrag von Jean-Luc Rigaut<\/h3>\n\n\n\n<p><a href=\"https:\/\/centcols.org\/wp-content\/uploads\/2025\/08\/discours_rigaut.pdf\" target=\"_blank\" rel=\"noreferrer noopener\">Rede als PDF herunterladen<\/a><\/p>\n\n\n\n<h3 class=\"wp-block-heading\">Zeugnis von Henri Dusseau<\/h3>\n\n\n\n<p><a href=\"https:\/\/centcols.org\/wp-content\/uploads\/2025\/08\/intervention2.pdf\" target=\"_blank\" rel=\"noreferrer noopener\">Zeugnis als PDF herunterladen<\/a><\/p>\n\n\n\n<h2 class=\"wp-block-heading\">Audio-Aufnahmen<\/h2>\n\n\n\n<p><a class=\"iframe-fancybox\" href=\"http:\/\/centcols.org\/de\/les_rendez-vous\/2012\/Annecy\/discours_perdoux.mp3\/\" target=\"_blank\" rel=\"noopener noreferrer\">Ansprache von Jean Perdoux<\/a><\/p>\n\n\n\n<p>Ansprachen von Henri Dusseau : <a class=\"iframe-fancybox\" href=\"http:\/\/centcols.org\/de\/les_rendez-vous\/2012\/Annecy\/discours_dusseau_1.mp3\/\" target=\"_blank\" rel=\"noopener noreferrer\">1. Teil<\/a> - <a class=\"iframe-fancybox\" href=\"http:\/\/centcols.org\/de\/les_rendez-vous\/2012\/Annecy\/discours_dusseau_2.mp3\/\" target=\"_blank\" rel=\"noopener noreferrer\">2. Teil<\/a><\/p>\n\n\n\n<h2 class=\"wp-block-heading\">Presseartikel<\/h2>\n\n\n\n<p>Artikel in der Dauphin\u00e9 Lib\u00e9r\u00e9: vom <a href=\"https:\/\/centcols.org\/wp-content\/uploads\/2025\/08\/DL_20121202.jpg\" target=\"_blank\" rel=\"noreferrer noopener\">2. Dezember<\/a> - vom <a href=\"https:\/\/centcols.org\/wp-content\/uploads\/2025\/08\/DL_20121205a.jpg\" target=\"_blank\" rel=\"noreferrer noopener\">5. Dezember (1)<\/a> - vom <a href=\"https:\/\/centcols.org\/wp-content\/uploads\/2025\/08\/DL_20121205b.jpg\" target=\"_blank\" rel=\"noreferrer noopener\">5. Dezember (2)<\/a><\/p>\n\n\n\n<h2 class=\"wp-block-heading\">Unterkunft und Anmeldung<\/h2>\n\n\n\n<p>Die Unterkunft ist in der Ferienresidenz \u00abLes Balcons du Lac\u00bb vorgesehen, die 8 km von Annecy entfernt auf der Stra\u00dfe zum Col de Leschaux liegt.<br>Das Feriendorf \u00fcberragt den See von Annecy und seine Bergwelt.<\/p>\n\n\n\n<p>Wir haben Zweibettzimmer mit eigenem Bad reserviert. Die Betten sind bei der Ankunft bezogen und Handt\u00fccher werden gestellt. Eine Belegung im Einzelzimmer ist je nach Verf\u00fcgbarkeit m\u00f6glich (gegen Aufpreis).<br>Es wird ein festliches Essen angeboten: Wir haben 200 Pl\u00e4tze reserviert und Sie k\u00f6nnen sich ab sofort mit dem unten stehenden Anmeldeformular anmelden.<\/p>\n\n\n\n<p>Da diese Generalversammlung sehr speziell ist, f\u00e4llt es uns schwer, die potenzielle Teilnehmerzahl abzusch\u00e4tzen. Aus diesem Grund bitten wir Sie, sich so schnell wie m\u00f6glich anzumelden (Schecks werden erst nach der GV abgebucht), sp\u00e4testens jedoch bis zum 30. September 2012, damit wir die Leistungen anpassen k\u00f6nnen und uns die Organisation dieser Veranstaltung erheblich erleichtert wird. Wir bitten auch diejenigen, die nur an der GV teilnehmen und keine Leistungen in Anspruch nehmen wollen, sich anzumelden, damit wir auch den Begr\u00fc\u00dfungsumtrunk und die Einrichtung des Saals entsprechend planen k\u00f6nnen.<\/p>\n\n\n\n<h3 class=\"wp-block-heading\">Ferienresidenz \u00abLes Balcons du Lac\u00bb (Die Balkone des Sees)\u00bb<\/h3>","protected":false},"excerpt":{"rendered":"<p>Pr\u00e9sentation 2012 est une ann\u00e9e exceptionnelle pour Annecy. Cette belle ville voit son engagement en faveur du d\u00e9veloppement durable et de la pr\u00e9servation de la nature r\u00e9compens\u00e9 par le titre de Ville europ\u00e9enne des Alpes de l&rsquo;ann\u00e9e 2012 et exceptionnelle aussi par votre venue pour f\u00eater avec nous les 40 ans de notre Confr\u00e9rie. Les [&hellip;]<\/p>\n","protected":false},"author":3,"featured_media":81688,"comment_status":"closed","ping_status":"open","sticky":false,"template":"","format":"standard","meta":{"_acf_changed":false,"footnotes":""},"categories":[217,135],"tags":[],"class_list":["post-81687","post","type-post","status-publish","format-standard","has-post-thumbnail","hentry","category-assemblees-generales","category-calendrier"],"acf":[],"yoast_head":"<!-- This site is optimized with the Yoast SEO plugin v27.2 - https:\/\/yoast.com\/product\/yoast-seo-wordpress\/ -->\n<title>Assembl\u00e9e g\u00e9n\u00e9rale d&#039;exception pour le 40e anniversaire de la Confr\u00e9rie \u00e0 Annecy les 1 et 2 d\u00e9cembre 2012 - Club des Cent Cols<\/title>\n<meta name=\"robots\" content=\"index, follow, max-snippet:-1, max-image-preview:large, max-video-preview:-1\" \/>\n<link rel=\"canonical\" href=\"https:\/\/centcols.org\/de\/ag-2012-annecy\/\" \/>\n<meta property=\"og:locale\" content=\"de_DE\" \/>\n<meta property=\"og:type\" content=\"article\" \/>\n<meta property=\"og:title\" content=\"Assembl\u00e9e g\u00e9n\u00e9rale d&#039;exception pour le 40e anniversaire de la Confr\u00e9rie \u00e0 Annecy les 1 et 2 d\u00e9cembre 2012 - Club des Cent Cols\" \/>\n<meta property=\"og:description\" content=\"Pr\u00e9sentation 2012 est une ann\u00e9e exceptionnelle pour Annecy. Cette belle ville voit son engagement en faveur du d\u00e9veloppement durable et de la pr\u00e9servation de la nature r\u00e9compens\u00e9 par le titre de Ville europ\u00e9enne des Alpes de l&rsquo;ann\u00e9e 2012 et exceptionnelle aussi par votre venue pour f\u00eater avec nous les 40 ans de notre Confr\u00e9rie. Les [&hellip;]\" \/>\n<meta property=\"og:url\" content=\"https:\/\/centcols.org\/de\/ag-2012-annecy\/\" \/>\n<meta property=\"og:site_name\" content=\"Club des Cent Cols\" \/>\n<meta property=\"article:publisher\" content=\"https:\/\/www.facebook.com\/groups\/5261880558\/?locale=fr_FR\" \/>\n<meta property=\"article:published_time\" content=\"2015-04-16T07:20:55+00:00\" \/>\n<meta property=\"article:modified_time\" content=\"2025-11-06T02:54:56+00:00\" \/>\n<meta property=\"og:image\" content=\"https:\/\/centcols.org\/wp-content\/uploads\/2025\/05\/M015138.jpg\" \/>\n\t<meta property=\"og:image:width\" content=\"800\" \/>\n\t<meta property=\"og:image:height\" content=\"450\" \/>\n\t<meta property=\"og:image:type\" content=\"image\/jpeg\" \/>\n<meta name=\"author\" content=\"Webmestre\" \/>\n<meta name=\"twitter:card\" content=\"summary_large_image\" \/>\n<meta name=\"twitter:label1\" content=\"Verfasst von\" \/>\n\t<meta name=\"twitter:data1\" content=\"Webmestre\" \/>\n\t<meta name=\"twitter:label2\" content=\"Gesch\u00e4tzte Lesezeit\" \/>\n\t<meta name=\"twitter:data2\" content=\"4\u00a0Minuten\" \/>\n<script type=\"application\/ld+json\" class=\"yoast-schema-graph\">{\"@context\":\"https:\/\/schema.org\",\"@graph\":[{\"@type\":\"Article\",\"@id\":\"https:\/\/centcols.org\/ag-2012-annecy\/#article\",\"isPartOf\":{\"@id\":\"https:\/\/centcols.org\/ag-2012-annecy\/\"},\"author\":{\"name\":\"Webmestre\",\"@id\":\"https:\/\/centcols.org\/#\/schema\/person\/911b404fb133d8c913dd27cdcf71c8e5\"},\"headline\":\"Assembl\u00e9e g\u00e9n\u00e9rale d&rsquo;exception pour le 40e anniversaire de la Confr\u00e9rie \u00e0 Annecy les 1 et 2 d\u00e9cembre 2012\",\"datePublished\":\"2015-04-16T07:20:55+00:00\",\"dateModified\":\"2025-11-06T02:54:56+00:00\",\"mainEntityOfPage\":{\"@id\":\"https:\/\/centcols.org\/ag-2012-annecy\/\"},\"wordCount\":690,\"publisher\":{\"@id\":\"https:\/\/centcols.org\/#organization\"},\"image\":{\"@id\":\"https:\/\/centcols.org\/ag-2012-annecy\/#primaryimage\"},\"thumbnailUrl\":\"https:\/\/centcols.org\/wp-content\/uploads\/2025\/05\/M015138.jpg\",\"articleSection\":[\"Assembl\u00e9es g\u00e9n\u00e9rales\",\"Calendrier\"],\"inLanguage\":\"de\"},{\"@type\":\"WebPage\",\"@id\":\"https:\/\/centcols.org\/ag-2012-annecy\/\",\"url\":\"https:\/\/centcols.org\/ag-2012-annecy\/\",\"name\":\"Assembl\u00e9e g\u00e9n\u00e9rale d'exception pour le 40e anniversaire de la Confr\u00e9rie \u00e0 Annecy les 1 et 2 d\u00e9cembre 2012 - Club des Cent Cols\",\"isPartOf\":{\"@id\":\"https:\/\/centcols.org\/#website\"},\"primaryImageOfPage\":{\"@id\":\"https:\/\/centcols.org\/ag-2012-annecy\/#primaryimage\"},\"image\":{\"@id\":\"https:\/\/centcols.org\/ag-2012-annecy\/#primaryimage\"},\"thumbnailUrl\":\"https:\/\/centcols.org\/wp-content\/uploads\/2025\/05\/M015138.jpg\",\"datePublished\":\"2015-04-16T07:20:55+00:00\",\"dateModified\":\"2025-11-06T02:54:56+00:00\",\"breadcrumb\":{\"@id\":\"https:\/\/centcols.org\/ag-2012-annecy\/#breadcrumb\"},\"inLanguage\":\"de\",\"potentialAction\":[{\"@type\":\"ReadAction\",\"target\":[\"https:\/\/centcols.org\/ag-2012-annecy\/\"]}]},{\"@type\":\"ImageObject\",\"inLanguage\":\"de\",\"@id\":\"https:\/\/centcols.org\/ag-2012-annecy\/#primaryimage\",\"url\":\"https:\/\/centcols.org\/wp-content\/uploads\/2025\/05\/M015138.jpg\",\"contentUrl\":\"https:\/\/centcols.org\/wp-content\/uploads\/2025\/05\/M015138.jpg\",\"width\":800,\"height\":450},{\"@type\":\"BreadcrumbList\",\"@id\":\"https:\/\/centcols.org\/ag-2012-annecy\/#breadcrumb\",\"itemListElement\":[{\"@type\":\"ListItem\",\"position\":1,\"name\":\"Accueil\",\"item\":\"https:\/\/centcols.org\/\"},{\"@type\":\"ListItem\",\"position\":2,\"name\":\"Assembl\u00e9es g\u00e9n\u00e9rales\",\"item\":\"https:\/\/centcols.org\/rubrique\/assemblees-generales\/\"},{\"@type\":\"ListItem\",\"position\":3,\"name\":\"Assembl\u00e9e g\u00e9n\u00e9rale d&rsquo;exception pour le 40e anniversaire de la Confr\u00e9rie \u00e0 Annecy les 1 et 2 d\u00e9cembre 2012\"}]},{\"@type\":\"WebSite\",\"@id\":\"https:\/\/centcols.org\/#website\",\"url\":\"https:\/\/centcols.org\/\",\"name\":\"Club des Cent Cols\",\"description\":\"\",\"publisher\":{\"@id\":\"https:\/\/centcols.org\/#organization\"},\"potentialAction\":[{\"@type\":\"SearchAction\",\"target\":{\"@type\":\"EntryPoint\",\"urlTemplate\":\"https:\/\/centcols.org\/?s={search_term_string}\"},\"query-input\":{\"@type\":\"PropertyValueSpecification\",\"valueRequired\":true,\"valueName\":\"search_term_string\"}}],\"inLanguage\":\"de\"},{\"@type\":\"Organization\",\"@id\":\"https:\/\/centcols.org\/#organization\",\"name\":\"Club des Cent Cols\",\"url\":\"https:\/\/centcols.org\/\",\"logo\":{\"@type\":\"ImageObject\",\"inLanguage\":\"de\",\"@id\":\"https:\/\/centcols.org\/#\/schema\/logo\/image\/\",\"url\":\"https:\/\/centcols.org\/wp-content\/uploads\/2025\/01\/carte-icone.png\",\"contentUrl\":\"https:\/\/centcols.org\/wp-content\/uploads\/2025\/01\/carte-icone.png\",\"width\":250,\"height\":250,\"caption\":\"Club des Cent Cols\"},\"image\":{\"@id\":\"https:\/\/centcols.org\/#\/schema\/logo\/image\/\"},\"sameAs\":[\"https:\/\/www.facebook.com\/groups\/5261880558\/?locale=fr_FR\"]},{\"@type\":\"Person\",\"@id\":\"https:\/\/centcols.org\/#\/schema\/person\/911b404fb133d8c913dd27cdcf71c8e5\",\"name\":\"Webmestre\",\"image\":{\"@type\":\"ImageObject\",\"inLanguage\":\"de\",\"@id\":\"https:\/\/centcols.org\/wp-content\/litespeed\/avatar\/2d246e4b6b4f773e08515e1ffc53690b.jpg?ver=1777222892\",\"url\":\"https:\/\/centcols.org\/wp-content\/litespeed\/avatar\/2d246e4b6b4f773e08515e1ffc53690b.jpg?ver=1777222892\",\"contentUrl\":\"https:\/\/centcols.org\/wp-content\/litespeed\/avatar\/2d246e4b6b4f773e08515e1ffc53690b.jpg?ver=1777222892\",\"caption\":\"Webmestre\"},\"url\":\"https:\/\/centcols.org\/de\/author\/webmestre\/\"}]}<\/script>\n<!-- \/ Yoast SEO plugin. -->","yoast_head_json":{"title":"Au\u00dfergew\u00f6hnliche Generalversammlung zum 40. Jahrestag der Bruderschaft in Annecy am 1. und 2. Dezember 2012 - Club des Cent Cols","robots":{"index":"index","follow":"follow","max-snippet":"max-snippet:-1","max-image-preview":"max-image-preview:large","max-video-preview":"max-video-preview:-1"},"canonical":"https:\/\/centcols.org\/de\/ag-2012-annecy\/","og_locale":"de_DE","og_type":"article","og_title":"Assembl\u00e9e g\u00e9n\u00e9rale d'exception pour le 40e anniversaire de la Confr\u00e9rie \u00e0 Annecy les 1 et 2 d\u00e9cembre 2012 - Club des Cent Cols","og_description":"Pr\u00e9sentation 2012 est une ann\u00e9e exceptionnelle pour Annecy. Cette belle ville voit son engagement en faveur du d\u00e9veloppement durable et de la pr\u00e9servation de la nature r\u00e9compens\u00e9 par le titre de Ville europ\u00e9enne des Alpes de l&rsquo;ann\u00e9e 2012 et exceptionnelle aussi par votre venue pour f\u00eater avec nous les 40 ans de notre Confr\u00e9rie. Les [&hellip;]","og_url":"https:\/\/centcols.org\/de\/ag-2012-annecy\/","og_site_name":"Club des Cent Cols","article_publisher":"https:\/\/www.facebook.com\/groups\/5261880558\/?locale=fr_FR","article_published_time":"2015-04-16T07:20:55+00:00","article_modified_time":"2025-11-06T02:54:56+00:00","og_image":[{"width":800,"height":450,"url":"https:\/\/centcols.org\/wp-content\/uploads\/2025\/05\/M015138.jpg","type":"image\/jpeg"}],"author":"Webmestre","twitter_card":"summary_large_image","twitter_misc":{"Verfasst von":"Webmestre","Gesch\u00e4tzte Lesezeit":"4\u00a0Minuten"},"schema":{"@context":"https:\/\/schema.org","@graph":[{"@type":"Article","@id":"https:\/\/centcols.org\/ag-2012-annecy\/#article","isPartOf":{"@id":"https:\/\/centcols.org\/ag-2012-annecy\/"},"author":{"name":"Webmestre","@id":"https:\/\/centcols.org\/#\/schema\/person\/911b404fb133d8c913dd27cdcf71c8e5"},"headline":"Assembl\u00e9e g\u00e9n\u00e9rale d&rsquo;exception pour le 40e anniversaire de la Confr\u00e9rie \u00e0 Annecy les 1 et 2 d\u00e9cembre 2012","datePublished":"2015-04-16T07:20:55+00:00","dateModified":"2025-11-06T02:54:56+00:00","mainEntityOfPage":{"@id":"https:\/\/centcols.org\/ag-2012-annecy\/"},"wordCount":690,"publisher":{"@id":"https:\/\/centcols.org\/#organization"},"image":{"@id":"https:\/\/centcols.org\/ag-2012-annecy\/#primaryimage"},"thumbnailUrl":"https:\/\/centcols.org\/wp-content\/uploads\/2025\/05\/M015138.jpg","articleSection":["Assembl\u00e9es g\u00e9n\u00e9rales","Calendrier"],"inLanguage":"de"},{"@type":"WebPage","@id":"https:\/\/centcols.org\/ag-2012-annecy\/","url":"https:\/\/centcols.org\/ag-2012-annecy\/","name":"Au\u00dfergew\u00f6hnliche Generalversammlung zum 40. Jahrestag der Bruderschaft in Annecy am 1. und 2. Dezember 2012 - Club des Cent Cols","isPartOf":{"@id":"https:\/\/centcols.org\/#website"},"primaryImageOfPage":{"@id":"https:\/\/centcols.org\/ag-2012-annecy\/#primaryimage"},"image":{"@id":"https:\/\/centcols.org\/ag-2012-annecy\/#primaryimage"},"thumbnailUrl":"https:\/\/centcols.org\/wp-content\/uploads\/2025\/05\/M015138.jpg","datePublished":"2015-04-16T07:20:55+00:00","dateModified":"2025-11-06T02:54:56+00:00","breadcrumb":{"@id":"https:\/\/centcols.org\/ag-2012-annecy\/#breadcrumb"},"inLanguage":"de","potentialAction":[{"@type":"ReadAction","target":["https:\/\/centcols.org\/ag-2012-annecy\/"]}]},{"@type":"ImageObject","inLanguage":"de","@id":"https:\/\/centcols.org\/ag-2012-annecy\/#primaryimage","url":"https:\/\/centcols.org\/wp-content\/uploads\/2025\/05\/M015138.jpg","contentUrl":"https:\/\/centcols.org\/wp-content\/uploads\/2025\/05\/M015138.jpg","width":800,"height":450},{"@type":"BreadcrumbList","@id":"https:\/\/centcols.org\/ag-2012-annecy\/#breadcrumb","itemListElement":[{"@type":"ListItem","position":1,"name":"Accueil","item":"https:\/\/centcols.org\/"},{"@type":"ListItem","position":2,"name":"Assembl\u00e9es g\u00e9n\u00e9rales","item":"https:\/\/centcols.org\/rubrique\/assemblees-generales\/"},{"@type":"ListItem","position":3,"name":"Assembl\u00e9e g\u00e9n\u00e9rale d&rsquo;exception pour le 40e anniversaire de la Confr\u00e9rie \u00e0 Annecy les 1 et 2 d\u00e9cembre 2012"}]},{"@type":"WebSite","@id":"https:\/\/centcols.org\/#website","url":"https:\/\/centcols.org\/","name":"Club des Cent Cols","description":"","publisher":{"@id":"https:\/\/centcols.org\/#organization"},"potentialAction":[{"@type":"SearchAction","target":{"@type":"EntryPoint","urlTemplate":"https:\/\/centcols.org\/?s={search_term_string}"},"query-input":{"@type":"PropertyValueSpecification","valueRequired":true,"valueName":"search_term_string"}}],"inLanguage":"de"},{"@type":"Organization","@id":"https:\/\/centcols.org\/#organization","name":"Club des Cent Cols","url":"https:\/\/centcols.org\/","logo":{"@type":"ImageObject","inLanguage":"de","@id":"https:\/\/centcols.org\/#\/schema\/logo\/image\/","url":"https:\/\/centcols.org\/wp-content\/uploads\/2025\/01\/carte-icone.png","contentUrl":"https:\/\/centcols.org\/wp-content\/uploads\/2025\/01\/carte-icone.png","width":250,"height":250,"caption":"Club des Cent Cols"},"image":{"@id":"https:\/\/centcols.org\/#\/schema\/logo\/image\/"},"sameAs":["https:\/\/www.facebook.com\/groups\/5261880558\/?locale=fr_FR"]},{"@type":"Person","@id":"https:\/\/centcols.org\/#\/schema\/person\/911b404fb133d8c913dd27cdcf71c8e5","name":"Webmaster","image":{"@type":"ImageObject","inLanguage":"de","@id":"https:\/\/centcols.org\/wp-content\/litespeed\/avatar\/2d246e4b6b4f773e08515e1ffc53690b.jpg?ver=1777222892","url":"https:\/\/centcols.org\/wp-content\/litespeed\/avatar\/2d246e4b6b4f773e08515e1ffc53690b.jpg?ver=1777222892","contentUrl":"https:\/\/centcols.org\/wp-content\/litespeed\/avatar\/2d246e4b6b4f773e08515e1ffc53690b.jpg?ver=1777222892","caption":"Webmestre"},"url":"https:\/\/centcols.org\/de\/author\/webmestre\/"}]}},"_links":{"self":[{"href":"https:\/\/centcols.org\/de\/wp-json\/wp\/v2\/posts\/81687","targetHints":{"allow":["GET"]}}],"collection":[{"href":"https:\/\/centcols.org\/de\/wp-json\/wp\/v2\/posts"}],"about":[{"href":"https:\/\/centcols.org\/de\/wp-json\/wp\/v2\/types\/post"}],"author":[{"embeddable":true,"href":"https:\/\/centcols.org\/de\/wp-json\/wp\/v2\/users\/3"}],"replies":[{"embeddable":true,"href":"https:\/\/centcols.org\/de\/wp-json\/wp\/v2\/comments?post=81687"}],"version-history":[{"count":0,"href":"https:\/\/centcols.org\/de\/wp-json\/wp\/v2\/posts\/81687\/revisions"}],"wp:featuredmedia":[{"embeddable":true,"href":"https:\/\/centcols.org\/de\/wp-json\/wp\/v2\/media\/81688"}],"wp:attachment":[{"href":"https:\/\/centcols.org\/de\/wp-json\/wp\/v2\/media?parent=81687"}],"wp:term":[{"taxonomy":"category","embeddable":true,"href":"https:\/\/centcols.org\/de\/wp-json\/wp\/v2\/categories?post=81687"},{"taxonomy":"post_tag","embeddable":true,"href":"https:\/\/centcols.org\/de\/wp-json\/wp\/v2\/tags?post=81687"}],"curies":[{"name":"wp","href":"https:\/\/api.w.org\/{rel}","templated":true}]}}