{"id":81750,"date":"2015-04-29T07:23:41","date_gmt":"2015-04-29T05:23:41","guid":{"rendered":"https:\/\/centcols.org\/sortie-vtt-plus-de-2000-des-cent-cols-de-suisse-au-depart-du-chable-vs-le-samedi-3-aout-2013\/"},"modified":"2025-09-12T22:58:46","modified_gmt":"2025-09-12T20:58:46","slug":"mountainbike-ausfahrt-uber-2000-der-hundert-schweizpasse-ab-le-chable-vs-am-samstag-3-august-2013","status":"publish","type":"post","link":"https:\/\/centcols.org\/de\/sortie-vtt-plus-de-2000-des-cent-cols-de-suisse-au-depart-du-chable-vs-le-samedi-3-aout-2013\/","title":{"rendered":"Mountainbike-Ausfahrt \u00ab \u00fcber 2000 \u00bb der Cent Cols de Suisse ab Le Ch\u00e2ble (VS) am Samstag, 3. August 2013"},"content":{"rendered":"\n<h2 class=\"wp-block-heading\">Pr\u00e9sentation<\/h2>\n\n\n\n<p>Un seul col cette ann\u00e9e mais pas un petit puisque je vous propose&nbsp; le col des Gentianes (<a class=\"iframe-fancybox\" href=\"https:\/\/centcols.org\/util\/geo\/visuCH.php?code=CH-VS-2890\" target=\"_blank\" rel=\"noopener\">CH-VS-2890<\/a>) \u00e0 2 894 m. En descendant possibilit\u00e9 de passer par le col de M\u00e9dran (<a class=\"iframe-fancybox\" href=\"https:\/\/centcols.org\/util\/geo\/visuCH.php?code=CH-VS-2485a\" target=\"_blank\" rel=\"noopener\">CH-VS-2485a<\/a>) 2 465 m. 1 500 m de d\u00e9nivellation.<\/p>\n\n\n\n<p>Rendez-vous 8h00 au Ch\u00e2ble sur le parking de la t\u00e9l\u00e9cabine. Le caf\u00e9 sera servi de 8 heures \u00e0 8h20 et nous prendrons ensuite la t\u00e9l\u00e9cabine pour Verbier (10 francs y compris le v\u00e9lo). D\u00e9part en v\u00e9lo de Verbier \u00e0 9 heures. Vous pouvez aussi monter en voiture \u00e0 Verbier et nous attendre \u00e0 l\u2019arriv\u00e9e de la t\u00e9l\u00e9cabine.<\/p>\n\n\n\n<h3 class=\"wp-block-heading\">Contact<\/h3>\n\n\n\n<p>Pierre Mai, route du Signal 22, 1165 Allaman.<\/p>\n\n\n\n<p>T\u00e9l : +41 21 807 34 17<\/p>\n\n\n\n<p>Natel : +41 76 498 58 73<\/p>\n\n\n\n<p>Email : [email]&#x70;&#x6d;&#x61;&#x69;&#x40;&#x62;&#x6c;&#x75;&#101;&#119;&#105;&#110;&#46;&#99;&#104;[\/email]<\/p>\n\n\n\n<figure class=\"wp-block-image size-full\"><img loading=\"lazy\" decoding=\"async\" width=\"750\" height=\"487\" src=\"https:\/\/centcols.org\/wp-content\/uploads\/2015\/04\/leChable_depart1.jpg\" alt=\"\" class=\"wp-image-90013\" srcset=\"https:\/\/centcols.org\/wp-content\/uploads\/2015\/04\/leChable_depart1.jpg 750w, https:\/\/centcols.org\/wp-content\/uploads\/2015\/04\/leChable_depart1-18x12.jpg 18w\" sizes=\"auto, (max-width: 750px) 100vw, 750px\" \/><\/figure>\n\n\n\n<p><\/p>\n\n\n\n<h2 class=\"wp-block-heading\">Compte-rendu<\/h2>\n\n\n\n<p>La sortie du samedi 3 ao\u00fbt au d\u00e9part de Verbier c\u2019est super bien d\u00e9roul\u00e9e. Quelques nuages et gouttes de pluie le matin nous ont fait juste un peu peur de ne pouvoir aller \u00e0 3000 m\u00e8tres.<\/p>\n\n\n\n<p>18 participants au d\u00e9part \u00e0 9 heures tapant, 17 km de mont\u00e9e sur un R1, en passant par les Ruinettes 2200m, La Chaux 2300m, la cabane du Mont Fort 2500m et enfin arriv\u00e9e au sommet du col des Gentianes \u00e0 2890 m \u00e0 12h30. G\u00e9rald qui f\u00eatait son 500\u00e8me col nous \u00e0 servi une petite Clairette de Die au pied du glacier de Tortin. En descendant quelques participants ont fait un petit d\u00e9tour par le col de M\u00e9dran pendant que le reste de l\u2019\u00e9quipe buvait une petite bi\u00e8re au Ruinettes.<\/p>\n\n\n\n<p>Magnifique journ\u00e9e dans une excellente ambiance comme d\u2019habitude.<\/p>\n\n\n\n<figure class=\"wp-block-image size-large\"><a href=\"https:\/\/centcols.org\/util\/visuAlbum.php?album=4906-8\"><img decoding=\"async\" src=\"http:\/\/centcols.org\/albums\/04906\/008\/S\/S015.jpg\" alt=\"\"\/><\/a><figcaption class=\"wp-element-caption\">Album photo de Pierre Mai<\/figcaption><\/figure>\n\n\n\n<p>Salutations sportives<\/p>\n\n\n\n<p>Votre animateur et DT<br>Pierre Mai<\/p>\n","protected":false},"excerpt":{"rendered":"<p>Pr\u00e9sentation Un seul col cette ann\u00e9e mais pas un petit puisque je vous propose&nbsp; le col des Gentianes (CH-VS-2890) \u00e0 2 894 m. En descendant possibilit\u00e9 de passer par le col de M\u00e9dran (CH-VS-2485a) 2 465 m. 1 500 m de d\u00e9nivellation. Rendez-vous 8h00 au Ch\u00e2ble sur le parking de la t\u00e9l\u00e9cabine. Le caf\u00e9 sera [&hellip;]<\/p>\n","protected":false},"author":3,"featured_media":81751,"comment_status":"closed","ping_status":"open","sticky":false,"template":"","format":"standard","meta":{"_acf_changed":false,"footnotes":""},"categories":[135,233,216],"tags":[],"class_list":["post-81750","post","type-post","status-publish","format-standard","has-post-thumbnail","hentry","category-calendrier","category-les-rassemblements-de-2014","category-rencontres-regionales"],"acf":[],"yoast_head":"<!-- This site is optimized with the Yoast SEO plugin v27.2 - https:\/\/yoast.com\/product\/yoast-seo-wordpress\/ -->\n<title>Sortie VTT \u00ab plus de 2000 \u00bb des Cent Cols de Suisse au d\u00e9part du Ch\u00e2ble (VS) le samedi 3 ao\u00fbt 2013 - Club des Cent Cols<\/title>\n<meta name=\"robots\" content=\"index, follow, max-snippet:-1, max-image-preview:large, max-video-preview:-1\" \/>\n<link rel=\"canonical\" href=\"https:\/\/centcols.org\/de\/mountainbike-ausfahrt-uber-2000-der-hundert-schweizpasse-ab-le-chable-vs-am-samstag-3-august-2013\/\" \/>\n<meta property=\"og:locale\" content=\"de_DE\" \/>\n<meta property=\"og:type\" content=\"article\" \/>\n<meta property=\"og:title\" content=\"Sortie VTT \u00ab plus de 2000 \u00bb des Cent Cols de Suisse au d\u00e9part du Ch\u00e2ble (VS) le samedi 3 ao\u00fbt 2013 - Club des Cent Cols\" \/>\n<meta property=\"og:description\" content=\"Pr\u00e9sentation Un seul col cette ann\u00e9e mais pas un petit puisque je vous propose&nbsp; le col des Gentianes (CH-VS-2890) \u00e0 2 894 m. En descendant possibilit\u00e9 de passer par le col de M\u00e9dran (CH-VS-2485a) 2 465 m. 1 500 m de d\u00e9nivellation. Rendez-vous 8h00 au Ch\u00e2ble sur le parking de la t\u00e9l\u00e9cabine. Le caf\u00e9 sera [&hellip;]\" \/>\n<meta property=\"og:url\" content=\"https:\/\/centcols.org\/de\/mountainbike-ausfahrt-uber-2000-der-hundert-schweizpasse-ab-le-chable-vs-am-samstag-3-august-2013\/\" \/>\n<meta property=\"og:site_name\" content=\"Club des Cent Cols\" \/>\n<meta property=\"article:publisher\" content=\"https:\/\/www.facebook.com\/groups\/5261880558\/?locale=fr_FR\" \/>\n<meta property=\"article:published_time\" content=\"2015-04-29T05:23:41+00:00\" \/>\n<meta property=\"article:modified_time\" content=\"2025-09-12T20:58:46+00:00\" \/>\n<meta property=\"og:image\" content=\"https:\/\/centcols.org\/wp-content\/uploads\/2025\/05\/L024-1-e1443877372699.jpg\" \/>\n\t<meta property=\"og:image:width\" content=\"640\" \/>\n\t<meta property=\"og:image:height\" content=\"480\" \/>\n\t<meta property=\"og:image:type\" content=\"image\/jpeg\" \/>\n<meta name=\"author\" content=\"Webmestre\" \/>\n<meta name=\"twitter:card\" content=\"summary_large_image\" \/>\n<meta name=\"twitter:label1\" content=\"Verfasst von\" \/>\n\t<meta name=\"twitter:data1\" content=\"Webmestre\" \/>\n\t<meta name=\"twitter:label2\" content=\"Gesch\u00e4tzte Lesezeit\" \/>\n\t<meta name=\"twitter:data2\" content=\"2\u00a0Minuten\" \/>\n<script type=\"application\/ld+json\" class=\"yoast-schema-graph\">{\"@context\":\"https:\/\/schema.org\",\"@graph\":[{\"@type\":\"Article\",\"@id\":\"https:\/\/centcols.org\/sortie-vtt-plus-de-2000-des-cent-cols-de-suisse-au-depart-du-chable-vs-le-samedi-3-aout-2013\/#article\",\"isPartOf\":{\"@id\":\"https:\/\/centcols.org\/sortie-vtt-plus-de-2000-des-cent-cols-de-suisse-au-depart-du-chable-vs-le-samedi-3-aout-2013\/\"},\"author\":{\"name\":\"Webmestre\",\"@id\":\"https:\/\/centcols.org\/#\/schema\/person\/911b404fb133d8c913dd27cdcf71c8e5\"},\"headline\":\"Sortie VTT \u00ab plus de 2000 \u00bb des Cent Cols de Suisse au d\u00e9part du Ch\u00e2ble (VS) le samedi 3 ao\u00fbt 2013\",\"datePublished\":\"2015-04-29T05:23:41+00:00\",\"dateModified\":\"2025-09-12T20:58:46+00:00\",\"mainEntityOfPage\":{\"@id\":\"https:\/\/centcols.org\/sortie-vtt-plus-de-2000-des-cent-cols-de-suisse-au-depart-du-chable-vs-le-samedi-3-aout-2013\/\"},\"wordCount\":292,\"publisher\":{\"@id\":\"https:\/\/centcols.org\/#organization\"},\"image\":{\"@id\":\"https:\/\/centcols.org\/sortie-vtt-plus-de-2000-des-cent-cols-de-suisse-au-depart-du-chable-vs-le-samedi-3-aout-2013\/#primaryimage\"},\"thumbnailUrl\":\"https:\/\/centcols.org\/wp-content\/uploads\/2025\/05\/L024-1-e1443877372699.jpg\",\"articleSection\":[\"Calendrier\",\"2014-rassemblements\",\"Rencontres r\u00e9gionales\"],\"inLanguage\":\"de\"},{\"@type\":\"WebPage\",\"@id\":\"https:\/\/centcols.org\/sortie-vtt-plus-de-2000-des-cent-cols-de-suisse-au-depart-du-chable-vs-le-samedi-3-aout-2013\/\",\"url\":\"https:\/\/centcols.org\/sortie-vtt-plus-de-2000-des-cent-cols-de-suisse-au-depart-du-chable-vs-le-samedi-3-aout-2013\/\",\"name\":\"Sortie VTT \u00ab plus de 2000 \u00bb des Cent Cols de Suisse au d\u00e9part du Ch\u00e2ble (VS) le samedi 3 ao\u00fbt 2013 - Club des Cent Cols\",\"isPartOf\":{\"@id\":\"https:\/\/centcols.org\/#website\"},\"primaryImageOfPage\":{\"@id\":\"https:\/\/centcols.org\/sortie-vtt-plus-de-2000-des-cent-cols-de-suisse-au-depart-du-chable-vs-le-samedi-3-aout-2013\/#primaryimage\"},\"image\":{\"@id\":\"https:\/\/centcols.org\/sortie-vtt-plus-de-2000-des-cent-cols-de-suisse-au-depart-du-chable-vs-le-samedi-3-aout-2013\/#primaryimage\"},\"thumbnailUrl\":\"https:\/\/centcols.org\/wp-content\/uploads\/2025\/05\/L024-1-e1443877372699.jpg\",\"datePublished\":\"2015-04-29T05:23:41+00:00\",\"dateModified\":\"2025-09-12T20:58:46+00:00\",\"breadcrumb\":{\"@id\":\"https:\/\/centcols.org\/sortie-vtt-plus-de-2000-des-cent-cols-de-suisse-au-depart-du-chable-vs-le-samedi-3-aout-2013\/#breadcrumb\"},\"inLanguage\":\"de\",\"potentialAction\":[{\"@type\":\"ReadAction\",\"target\":[\"https:\/\/centcols.org\/sortie-vtt-plus-de-2000-des-cent-cols-de-suisse-au-depart-du-chable-vs-le-samedi-3-aout-2013\/\"]}]},{\"@type\":\"ImageObject\",\"inLanguage\":\"de\",\"@id\":\"https:\/\/centcols.org\/sortie-vtt-plus-de-2000-des-cent-cols-de-suisse-au-depart-du-chable-vs-le-samedi-3-aout-2013\/#primaryimage\",\"url\":\"https:\/\/centcols.org\/wp-content\/uploads\/2025\/05\/L024-1-e1443877372699.jpg\",\"contentUrl\":\"https:\/\/centcols.org\/wp-content\/uploads\/2025\/05\/L024-1-e1443877372699.jpg\",\"width\":640,\"height\":480},{\"@type\":\"BreadcrumbList\",\"@id\":\"https:\/\/centcols.org\/sortie-vtt-plus-de-2000-des-cent-cols-de-suisse-au-depart-du-chable-vs-le-samedi-3-aout-2013\/#breadcrumb\",\"itemListElement\":[{\"@type\":\"ListItem\",\"position\":1,\"name\":\"Accueil\",\"item\":\"https:\/\/centcols.org\/\"},{\"@type\":\"ListItem\",\"position\":2,\"name\":\"Calendrier\",\"item\":\"https:\/\/centcols.org\/rubrique\/calendrier\/\"},{\"@type\":\"ListItem\",\"position\":3,\"name\":\"Sortie VTT \u00ab plus de 2000 \u00bb des Cent Cols de Suisse au d\u00e9part du Ch\u00e2ble (VS) le samedi 3 ao\u00fbt 2013\"}]},{\"@type\":\"WebSite\",\"@id\":\"https:\/\/centcols.org\/#website\",\"url\":\"https:\/\/centcols.org\/\",\"name\":\"Club des Cent Cols\",\"description\":\"\",\"publisher\":{\"@id\":\"https:\/\/centcols.org\/#organization\"},\"potentialAction\":[{\"@type\":\"SearchAction\",\"target\":{\"@type\":\"EntryPoint\",\"urlTemplate\":\"https:\/\/centcols.org\/?s={search_term_string}\"},\"query-input\":{\"@type\":\"PropertyValueSpecification\",\"valueRequired\":true,\"valueName\":\"search_term_string\"}}],\"inLanguage\":\"de\"},{\"@type\":\"Organization\",\"@id\":\"https:\/\/centcols.org\/#organization\",\"name\":\"Club des Cent Cols\",\"url\":\"https:\/\/centcols.org\/\",\"logo\":{\"@type\":\"ImageObject\",\"inLanguage\":\"de\",\"@id\":\"https:\/\/centcols.org\/#\/schema\/logo\/image\/\",\"url\":\"https:\/\/centcols.org\/wp-content\/uploads\/2025\/01\/carte-icone.png\",\"contentUrl\":\"https:\/\/centcols.org\/wp-content\/uploads\/2025\/01\/carte-icone.png\",\"width\":250,\"height\":250,\"caption\":\"Club des Cent Cols\"},\"image\":{\"@id\":\"https:\/\/centcols.org\/#\/schema\/logo\/image\/\"},\"sameAs\":[\"https:\/\/www.facebook.com\/groups\/5261880558\/?locale=fr_FR\"]},{\"@type\":\"Person\",\"@id\":\"https:\/\/centcols.org\/#\/schema\/person\/911b404fb133d8c913dd27cdcf71c8e5\",\"name\":\"Webmestre\",\"image\":{\"@type\":\"ImageObject\",\"inLanguage\":\"de\",\"@id\":\"https:\/\/centcols.org\/wp-content\/litespeed\/avatar\/2d246e4b6b4f773e08515e1ffc53690b.jpg?ver=1777222892\",\"url\":\"https:\/\/centcols.org\/wp-content\/litespeed\/avatar\/2d246e4b6b4f773e08515e1ffc53690b.jpg?ver=1777222892\",\"contentUrl\":\"https:\/\/centcols.org\/wp-content\/litespeed\/avatar\/2d246e4b6b4f773e08515e1ffc53690b.jpg?ver=1777222892\",\"caption\":\"Webmestre\"},\"url\":\"https:\/\/centcols.org\/de\/author\/webmestre\/\"}]}<\/script>\n<!-- \/ Yoast SEO plugin. -->","yoast_head_json":{"title":"Mountainbike-Ausfahrt \u00ab \u00fcber 2000 \u00bb der Cent Cols de Suisse ab Le Ch\u00e2ble (VS) am Samstag, 3. August 2013 - Club des Cent Cols","robots":{"index":"index","follow":"follow","max-snippet":"max-snippet:-1","max-image-preview":"max-image-preview:large","max-video-preview":"max-video-preview:-1"},"canonical":"https:\/\/centcols.org\/de\/mountainbike-ausfahrt-uber-2000-der-hundert-schweizpasse-ab-le-chable-vs-am-samstag-3-august-2013\/","og_locale":"de_DE","og_type":"article","og_title":"Sortie VTT \u00ab plus de 2000 \u00bb des Cent Cols de Suisse au d\u00e9part du Ch\u00e2ble (VS) le samedi 3 ao\u00fbt 2013 - Club des Cent Cols","og_description":"Pr\u00e9sentation Un seul col cette ann\u00e9e mais pas un petit puisque je vous propose&nbsp; le col des Gentianes (CH-VS-2890) \u00e0 2 894 m. En descendant possibilit\u00e9 de passer par le col de M\u00e9dran (CH-VS-2485a) 2 465 m. 1 500 m de d\u00e9nivellation. Rendez-vous 8h00 au Ch\u00e2ble sur le parking de la t\u00e9l\u00e9cabine. Le caf\u00e9 sera [&hellip;]","og_url":"https:\/\/centcols.org\/de\/mountainbike-ausfahrt-uber-2000-der-hundert-schweizpasse-ab-le-chable-vs-am-samstag-3-august-2013\/","og_site_name":"Club des Cent Cols","article_publisher":"https:\/\/www.facebook.com\/groups\/5261880558\/?locale=fr_FR","article_published_time":"2015-04-29T05:23:41+00:00","article_modified_time":"2025-09-12T20:58:46+00:00","og_image":[{"width":640,"height":480,"url":"https:\/\/centcols.org\/wp-content\/uploads\/2025\/05\/L024-1-e1443877372699.jpg","type":"image\/jpeg"}],"author":"Webmestre","twitter_card":"summary_large_image","twitter_misc":{"Verfasst von":"Webmestre","Gesch\u00e4tzte Lesezeit":"2\u00a0Minuten"},"schema":{"@context":"https:\/\/schema.org","@graph":[{"@type":"Article","@id":"https:\/\/centcols.org\/sortie-vtt-plus-de-2000-des-cent-cols-de-suisse-au-depart-du-chable-vs-le-samedi-3-aout-2013\/#article","isPartOf":{"@id":"https:\/\/centcols.org\/sortie-vtt-plus-de-2000-des-cent-cols-de-suisse-au-depart-du-chable-vs-le-samedi-3-aout-2013\/"},"author":{"name":"Webmestre","@id":"https:\/\/centcols.org\/#\/schema\/person\/911b404fb133d8c913dd27cdcf71c8e5"},"headline":"Sortie VTT \u00ab plus de 2000 \u00bb des Cent Cols de Suisse au d\u00e9part du Ch\u00e2ble (VS) le samedi 3 ao\u00fbt 2013","datePublished":"2015-04-29T05:23:41+00:00","dateModified":"2025-09-12T20:58:46+00:00","mainEntityOfPage":{"@id":"https:\/\/centcols.org\/sortie-vtt-plus-de-2000-des-cent-cols-de-suisse-au-depart-du-chable-vs-le-samedi-3-aout-2013\/"},"wordCount":292,"publisher":{"@id":"https:\/\/centcols.org\/#organization"},"image":{"@id":"https:\/\/centcols.org\/sortie-vtt-plus-de-2000-des-cent-cols-de-suisse-au-depart-du-chable-vs-le-samedi-3-aout-2013\/#primaryimage"},"thumbnailUrl":"https:\/\/centcols.org\/wp-content\/uploads\/2025\/05\/L024-1-e1443877372699.jpg","articleSection":["Calendrier","2014-rassemblements","Rencontres r\u00e9gionales"],"inLanguage":"de"},{"@type":"WebPage","@id":"https:\/\/centcols.org\/sortie-vtt-plus-de-2000-des-cent-cols-de-suisse-au-depart-du-chable-vs-le-samedi-3-aout-2013\/","url":"https:\/\/centcols.org\/sortie-vtt-plus-de-2000-des-cent-cols-de-suisse-au-depart-du-chable-vs-le-samedi-3-aout-2013\/","name":"Mountainbike-Ausfahrt \u00ab \u00fcber 2000 \u00bb der Cent Cols de Suisse ab Le Ch\u00e2ble (VS) am Samstag, 3. August 2013 - Club des Cent Cols","isPartOf":{"@id":"https:\/\/centcols.org\/#website"},"primaryImageOfPage":{"@id":"https:\/\/centcols.org\/sortie-vtt-plus-de-2000-des-cent-cols-de-suisse-au-depart-du-chable-vs-le-samedi-3-aout-2013\/#primaryimage"},"image":{"@id":"https:\/\/centcols.org\/sortie-vtt-plus-de-2000-des-cent-cols-de-suisse-au-depart-du-chable-vs-le-samedi-3-aout-2013\/#primaryimage"},"thumbnailUrl":"https:\/\/centcols.org\/wp-content\/uploads\/2025\/05\/L024-1-e1443877372699.jpg","datePublished":"2015-04-29T05:23:41+00:00","dateModified":"2025-09-12T20:58:46+00:00","breadcrumb":{"@id":"https:\/\/centcols.org\/sortie-vtt-plus-de-2000-des-cent-cols-de-suisse-au-depart-du-chable-vs-le-samedi-3-aout-2013\/#breadcrumb"},"inLanguage":"de","potentialAction":[{"@type":"ReadAction","target":["https:\/\/centcols.org\/sortie-vtt-plus-de-2000-des-cent-cols-de-suisse-au-depart-du-chable-vs-le-samedi-3-aout-2013\/"]}]},{"@type":"ImageObject","inLanguage":"de","@id":"https:\/\/centcols.org\/sortie-vtt-plus-de-2000-des-cent-cols-de-suisse-au-depart-du-chable-vs-le-samedi-3-aout-2013\/#primaryimage","url":"https:\/\/centcols.org\/wp-content\/uploads\/2025\/05\/L024-1-e1443877372699.jpg","contentUrl":"https:\/\/centcols.org\/wp-content\/uploads\/2025\/05\/L024-1-e1443877372699.jpg","width":640,"height":480},{"@type":"BreadcrumbList","@id":"https:\/\/centcols.org\/sortie-vtt-plus-de-2000-des-cent-cols-de-suisse-au-depart-du-chable-vs-le-samedi-3-aout-2013\/#breadcrumb","itemListElement":[{"@type":"ListItem","position":1,"name":"Accueil","item":"https:\/\/centcols.org\/"},{"@type":"ListItem","position":2,"name":"Calendrier","item":"https:\/\/centcols.org\/rubrique\/calendrier\/"},{"@type":"ListItem","position":3,"name":"Sortie VTT \u00ab plus de 2000 \u00bb des Cent Cols de Suisse au d\u00e9part du Ch\u00e2ble (VS) le samedi 3 ao\u00fbt 2013"}]},{"@type":"WebSite","@id":"https:\/\/centcols.org\/#website","url":"https:\/\/centcols.org\/","name":"Club des Cent Cols","description":"","publisher":{"@id":"https:\/\/centcols.org\/#organization"},"potentialAction":[{"@type":"SearchAction","target":{"@type":"EntryPoint","urlTemplate":"https:\/\/centcols.org\/?s={search_term_string}"},"query-input":{"@type":"PropertyValueSpecification","valueRequired":true,"valueName":"search_term_string"}}],"inLanguage":"de"},{"@type":"Organization","@id":"https:\/\/centcols.org\/#organization","name":"Club des Cent Cols","url":"https:\/\/centcols.org\/","logo":{"@type":"ImageObject","inLanguage":"de","@id":"https:\/\/centcols.org\/#\/schema\/logo\/image\/","url":"https:\/\/centcols.org\/wp-content\/uploads\/2025\/01\/carte-icone.png","contentUrl":"https:\/\/centcols.org\/wp-content\/uploads\/2025\/01\/carte-icone.png","width":250,"height":250,"caption":"Club des Cent Cols"},"image":{"@id":"https:\/\/centcols.org\/#\/schema\/logo\/image\/"},"sameAs":["https:\/\/www.facebook.com\/groups\/5261880558\/?locale=fr_FR"]},{"@type":"Person","@id":"https:\/\/centcols.org\/#\/schema\/person\/911b404fb133d8c913dd27cdcf71c8e5","name":"Webmaster","image":{"@type":"ImageObject","inLanguage":"de","@id":"https:\/\/centcols.org\/wp-content\/litespeed\/avatar\/2d246e4b6b4f773e08515e1ffc53690b.jpg?ver=1777222892","url":"https:\/\/centcols.org\/wp-content\/litespeed\/avatar\/2d246e4b6b4f773e08515e1ffc53690b.jpg?ver=1777222892","contentUrl":"https:\/\/centcols.org\/wp-content\/litespeed\/avatar\/2d246e4b6b4f773e08515e1ffc53690b.jpg?ver=1777222892","caption":"Webmestre"},"url":"https:\/\/centcols.org\/de\/author\/webmestre\/"}]}},"_links":{"self":[{"href":"https:\/\/centcols.org\/de\/wp-json\/wp\/v2\/posts\/81750","targetHints":{"allow":["GET"]}}],"collection":[{"href":"https:\/\/centcols.org\/de\/wp-json\/wp\/v2\/posts"}],"about":[{"href":"https:\/\/centcols.org\/de\/wp-json\/wp\/v2\/types\/post"}],"author":[{"embeddable":true,"href":"https:\/\/centcols.org\/de\/wp-json\/wp\/v2\/users\/3"}],"replies":[{"embeddable":true,"href":"https:\/\/centcols.org\/de\/wp-json\/wp\/v2\/comments?post=81750"}],"version-history":[{"count":0,"href":"https:\/\/centcols.org\/de\/wp-json\/wp\/v2\/posts\/81750\/revisions"}],"wp:featuredmedia":[{"embeddable":true,"href":"https:\/\/centcols.org\/de\/wp-json\/wp\/v2\/media\/81751"}],"wp:attachment":[{"href":"https:\/\/centcols.org\/de\/wp-json\/wp\/v2\/media?parent=81750"}],"wp:term":[{"taxonomy":"category","embeddable":true,"href":"https:\/\/centcols.org\/de\/wp-json\/wp\/v2\/categories?post=81750"},{"taxonomy":"post_tag","embeddable":true,"href":"https:\/\/centcols.org\/de\/wp-json\/wp\/v2\/tags?post=81750"}],"curies":[{"name":"wp","href":"https:\/\/api.w.org\/{rel}","templated":true}]}}