{"id":81752,"date":"2015-04-20T13:26:03","date_gmt":"2015-04-20T11:26:03","guid":{"rendered":"https:\/\/centcols.org\/assemblee-generale-du-club-des-cent-cols-et-mini-sejour-a-la-bastide-de-serou-ariege-les-30-novembre-et-1er-decembre-2013\/"},"modified":"2025-11-06T09:58:47","modified_gmt":"2025-11-06T07:58:47","slug":"generalversammlung-des-club-des-cent-cols-und-miniaufenthalt-in-der-bastide-de-serou-ariege-am-30-november-und-1-dezember-2013","status":"publish","type":"post","link":"https:\/\/centcols.org\/de\/assemblee-generale-du-club-des-cent-cols-et-mini-sejour-a-la-bastide-de-serou-ariege-les-30-novembre-et-1er-decembre-2013\/","title":{"rendered":"Generalversammlung des Club des Cent Cols und Mini-Urlaub in La Bastide-de-S\u00e9rou (Ari\u00e8ge) am 30. November und 1. Dezember 2013"},"content":{"rendered":"\n<h2 class=\"wp-block-heading\">Pr\u00e9sentation<\/h2>\n\n\n\n<p><span class=\"flett\">A<\/span>pr\u00e8s les Alpes et la superbe Assembl\u00e9e g\u00e9n\u00e9rale \u00e0 Annecy pour le quaranti\u00e8me anniversaire du club, petite escapade dans les Pyr\u00e9n\u00e9es, en Ari\u00e8ge plus pr\u00e9cis\u00e9ment, o\u00f9 nous serons accueillis par le club de Vernajoul et son pr\u00e9sident Alain Bucher (\u00e9galement pr\u00e9sident du Codep 09).<\/p>\n\n\n\n<p>Ce club compte une soixantaine de membres dont une quarantaine de jeunes \u00e0 l\u2019\u00c9cole de Cyclotourisme.<\/p>\n\n\n\n<p>Tous les membres de la Confr\u00e9rie sont cordialement invit\u00e9s.<\/p>\n\n\n\n<h2 class=\"wp-block-heading\">La Bastide de S\u00e9rou<\/h2>\n\n\n\n<figure class=\"wp-block-gallery has-nested-images columns-3 is-cropped wp-block-gallery-1 is-layout-flex wp-block-gallery-is-layout-flex\">\n<figure class=\"wp-block-image size-large\"><img loading=\"lazy\" decoding=\"async\" width=\"150\" height=\"165\" data-id=\"91877\" src=\"https:\/\/centcols.org\/wp-content\/uploads\/2015\/04\/blason_lbs.jpg\" alt=\"\" class=\"wp-image-91877\" srcset=\"https:\/\/centcols.org\/wp-content\/uploads\/2015\/04\/blason_lbs.jpg 150w, https:\/\/centcols.org\/wp-content\/uploads\/2015\/04\/blason_lbs-11x12.jpg 11w\" sizes=\"auto, (max-width: 150px) 100vw, 150px\" \/><\/figure>\n\n\n\n<figure class=\"wp-block-image size-large\"><img loading=\"lazy\" decoding=\"async\" width=\"150\" height=\"165\" data-id=\"91878\" src=\"https:\/\/centcols.org\/wp-content\/uploads\/2015\/04\/blason_09.jpg\" alt=\"\" class=\"wp-image-91878\" srcset=\"https:\/\/centcols.org\/wp-content\/uploads\/2015\/04\/blason_09.jpg 150w, https:\/\/centcols.org\/wp-content\/uploads\/2015\/04\/blason_09-11x12.jpg 11w\" sizes=\"auto, (max-width: 150px) 100vw, 150px\" \/><\/figure>\n<\/figure>\n\n\n\n<p>(977 habitants \u2013 altitude 405 m \u00e0 la gare). C\u2019est une commune situ\u00e9e au c\u0153ur du S\u00e9ronais dans le massif du Plantaurel entre Foix et Saint-Girons. Elle fait partie du parc naturel r\u00e9gional des Pyr\u00e9n\u00e9es ari\u00e9geoises. Elle est travers\u00e9e par l\u2019Arize qui prend sa source dans le Massif de l\u2019Arize au col de P\u00e9gu\u00e8re (1375 m) et qui poursuit sa route vers le Mas d\u2019Azil.<br>Au centre de la commune se trouve une halle construite en 1830 et qui abrite trois mesures \u00e0 grains du XIX<sup>e<\/sup> si\u00e8cle.<br>Une quinzaine de moulins ont fonctionn\u00e9 aux alentours de La Bastide de S\u00e9rou, sur l\u2019Arize. Leur activit\u00e9 principale \u00e0 long temps \u00e9t\u00e9 la filature de lin pour fabriquer des draps puis ils ont servi \u00e0 la fabrication de la farine.<br>Il y a eu extraction de cuivre et d\u2019argent jusqu\u2019au XVI<sup>e<\/sup> si\u00e8cle.<br>Mais c\u2019est \u00e0 Unjat, sur le site du Pouech, que s\u2019est d\u00e9velopp\u00e9e l\u2019extraction de la bauxite avec un arr\u00eat de l\u2019activit\u00e9 en 1980.<br>Actuellement l\u2019\u00e9conomie de la commune repose sur de nombreux artisans et producteurs \u00ab\u00a0bio\u00a0\u00bb .<\/p>\n\n\n\n<h2 class=\"wp-block-heading\">H\u00e9bergement et inscription<\/h2>\n\n\n\n<p>Au village vacances \u00ab\u00a0Les Lambrilles\u00a0\u00bb compos\u00e9 de 24 chalets (tout \u00e9quip\u00e9s, de 4 places chacun) et situ\u00e9 au c\u0153ur du village le long de l\u2019Arize, dans un cadre naturel et familial.<br><\/p>\n\n\n\n<h4 class=\"wp-block-heading\">Contact<\/h4>\n\n\n\n<p>Office de Tourisme du S\u00e9ronais, C\u00f4tes,<br>09240 La Bastide de S\u00e9rou :<br>T\u00e9l : +33 (0)5. 61.64.53.53<br>[email]tou&#114;&#105;&#115;&#x6d;&#x65;&#x40;&#x73;&#x65;&#x72;ona&#105;&#115;&#46;&#99;&#x6f;&#x6d;[\/email]<br><a href=\"http:\/\/www.tourisme-seronais.com\/\" target=\"_blank\" rel=\"noopener\">www.seronais.com<\/a><\/p>\n\n\n\n<p>Ou, \u00e0 moins de deux kilom\u00e8tres du centre de vacances, au camping l\u2019Arize :<br><\/p>\n\n\n\n<h4 class=\"wp-block-heading\">Contact<\/h4>\n\n\n\n<p>Route de Nescus \u2013 D15<br>09240 La Bastide-de-S\u00e9rou<br>T\u00e9l : +33 (0)5.61.65.81.51<br>[email]mail&#64;c&#97;&#109;&#112;&#105;&#110;&#103;&#45;&#x61;&#x72;&#x69;&#x7a;&#x65;&#x2e;&#x63;&#x6f;&#x6d;[\/email]<br><a href=\"http:\/\/www.camping-arize.com\/\" target=\"_blank\" rel=\"noopener\">www.camping-arize.com<\/a><br>Si vous ne l&rsquo;avez pas encore fait, merci de vous inscrire <span style=\"text-decoration: underline;\">avant le 30 octobre 2013<\/span> en remplissant le bulletin d&rsquo;inscription et en l&rsquo;envoyant avec votre r\u00e8glement au responsable des s\u00e9jours (coordonn\u00e9es sur le bulletin d&rsquo;inscription).<\/p>\n","protected":false},"excerpt":{"rendered":"<p>Pr\u00e9sentation Apr\u00e8s les Alpes et la superbe Assembl\u00e9e g\u00e9n\u00e9rale \u00e0 Annecy pour le quaranti\u00e8me anniversaire du club, petite escapade dans les Pyr\u00e9n\u00e9es, en Ari\u00e8ge plus pr\u00e9cis\u00e9ment, o\u00f9 nous serons accueillis par le club de Vernajoul et son pr\u00e9sident Alain Bucher (\u00e9galement pr\u00e9sident du Codep 09). Ce club compte une soixantaine de membres dont une quarantaine [&hellip;]<\/p>\n","protected":false},"author":3,"featured_media":81753,"comment_status":"closed","ping_status":"closed","sticky":false,"template":"","format":"standard","meta":{"_acf_changed":false,"footnotes":""},"categories":[217,135],"tags":[],"class_list":["post-81752","post","type-post","status-publish","format-standard","has-post-thumbnail","hentry","category-assemblees-generales","category-calendrier"],"acf":[],"yoast_head":"<!-- This site is optimized with the Yoast SEO plugin v27.2 - https:\/\/yoast.com\/product\/yoast-seo-wordpress\/ -->\n<title>Assembl\u00e9e g\u00e9n\u00e9rale du Club des Cent Cols et mini-s\u00e9jour \u00e0 La Bastide-de-S\u00e9rou (Ari\u00e8ge) les 30 novembre et 1er d\u00e9cembre 2013 - Club des Cent Cols<\/title>\n<meta name=\"robots\" content=\"index, follow, max-snippet:-1, max-image-preview:large, max-video-preview:-1\" \/>\n<link rel=\"canonical\" href=\"https:\/\/centcols.org\/de\/generalversammlung-des-club-des-cent-cols-und-miniaufenthalt-in-der-bastide-de-serou-ariege-am-30-november-und-1-dezember-2013\/\" \/>\n<meta property=\"og:locale\" content=\"de_DE\" \/>\n<meta property=\"og:type\" content=\"article\" \/>\n<meta property=\"og:title\" content=\"Assembl\u00e9e g\u00e9n\u00e9rale du Club des Cent Cols et mini-s\u00e9jour \u00e0 La Bastide-de-S\u00e9rou (Ari\u00e8ge) les 30 novembre et 1er d\u00e9cembre 2013 - Club des Cent Cols\" \/>\n<meta property=\"og:description\" content=\"Pr\u00e9sentation Apr\u00e8s les Alpes et la superbe Assembl\u00e9e g\u00e9n\u00e9rale \u00e0 Annecy pour le quaranti\u00e8me anniversaire du club, petite escapade dans les Pyr\u00e9n\u00e9es, en Ari\u00e8ge plus pr\u00e9cis\u00e9ment, o\u00f9 nous serons accueillis par le club de Vernajoul et son pr\u00e9sident Alain Bucher (\u00e9galement pr\u00e9sident du Codep 09). Ce club compte une soixantaine de membres dont une quarantaine [&hellip;]\" \/>\n<meta property=\"og:url\" content=\"https:\/\/centcols.org\/de\/generalversammlung-des-club-des-cent-cols-und-miniaufenthalt-in-der-bastide-de-serou-ariege-am-30-november-und-1-dezember-2013\/\" \/>\n<meta property=\"og:site_name\" content=\"Club des Cent Cols\" \/>\n<meta property=\"article:publisher\" content=\"https:\/\/www.facebook.com\/groups\/5261880558\/?locale=fr_FR\" \/>\n<meta property=\"article:published_time\" content=\"2015-04-20T11:26:03+00:00\" \/>\n<meta property=\"article:modified_time\" content=\"2025-11-06T07:58:47+00:00\" \/>\n<meta property=\"og:image\" content=\"https:\/\/centcols.org\/wp-content\/uploads\/2025\/05\/L0137-e1443878289394.jpg\" \/>\n\t<meta property=\"og:image:width\" content=\"640\" \/>\n\t<meta property=\"og:image:height\" content=\"480\" \/>\n\t<meta property=\"og:image:type\" content=\"image\/jpeg\" \/>\n<meta name=\"author\" content=\"Webmestre\" \/>\n<meta name=\"twitter:card\" content=\"summary_large_image\" \/>\n<meta name=\"twitter:label1\" content=\"Verfasst von\" \/>\n\t<meta name=\"twitter:data1\" content=\"Webmestre\" \/>\n\t<meta name=\"twitter:label2\" content=\"Gesch\u00e4tzte Lesezeit\" \/>\n\t<meta name=\"twitter:data2\" content=\"3\u00a0Minuten\" \/>\n<script type=\"application\/ld+json\" class=\"yoast-schema-graph\">{\"@context\":\"https:\/\/schema.org\",\"@graph\":[{\"@type\":\"Article\",\"@id\":\"https:\/\/centcols.org\/assemblee-generale-du-club-des-cent-cols-et-mini-sejour-a-la-bastide-de-serou-ariege-les-30-novembre-et-1er-decembre-2013\/#article\",\"isPartOf\":{\"@id\":\"https:\/\/centcols.org\/assemblee-generale-du-club-des-cent-cols-et-mini-sejour-a-la-bastide-de-serou-ariege-les-30-novembre-et-1er-decembre-2013\/\"},\"author\":{\"name\":\"Webmestre\",\"@id\":\"https:\/\/centcols.org\/#\/schema\/person\/911b404fb133d8c913dd27cdcf71c8e5\"},\"headline\":\"Assembl\u00e9e g\u00e9n\u00e9rale du Club des Cent Cols et mini-s\u00e9jour \u00e0 La Bastide-de-S\u00e9rou (Ari\u00e8ge) les 30 novembre et 1er d\u00e9cembre 2013\",\"datePublished\":\"2015-04-20T11:26:03+00:00\",\"dateModified\":\"2025-11-06T07:58:47+00:00\",\"mainEntityOfPage\":{\"@id\":\"https:\/\/centcols.org\/assemblee-generale-du-club-des-cent-cols-et-mini-sejour-a-la-bastide-de-serou-ariege-les-30-novembre-et-1er-decembre-2013\/\"},\"wordCount\":436,\"publisher\":{\"@id\":\"https:\/\/centcols.org\/#organization\"},\"image\":{\"@id\":\"https:\/\/centcols.org\/assemblee-generale-du-club-des-cent-cols-et-mini-sejour-a-la-bastide-de-serou-ariege-les-30-novembre-et-1er-decembre-2013\/#primaryimage\"},\"thumbnailUrl\":\"https:\/\/centcols.org\/wp-content\/uploads\/2025\/05\/L0137-e1443878289394.jpg\",\"articleSection\":[\"Assembl\u00e9es g\u00e9n\u00e9rales\",\"Calendrier\"],\"inLanguage\":\"de\"},{\"@type\":\"WebPage\",\"@id\":\"https:\/\/centcols.org\/assemblee-generale-du-club-des-cent-cols-et-mini-sejour-a-la-bastide-de-serou-ariege-les-30-novembre-et-1er-decembre-2013\/\",\"url\":\"https:\/\/centcols.org\/assemblee-generale-du-club-des-cent-cols-et-mini-sejour-a-la-bastide-de-serou-ariege-les-30-novembre-et-1er-decembre-2013\/\",\"name\":\"Assembl\u00e9e g\u00e9n\u00e9rale du Club des Cent Cols et mini-s\u00e9jour \u00e0 La Bastide-de-S\u00e9rou (Ari\u00e8ge) les 30 novembre et 1er d\u00e9cembre 2013 - Club des Cent Cols\",\"isPartOf\":{\"@id\":\"https:\/\/centcols.org\/#website\"},\"primaryImageOfPage\":{\"@id\":\"https:\/\/centcols.org\/assemblee-generale-du-club-des-cent-cols-et-mini-sejour-a-la-bastide-de-serou-ariege-les-30-novembre-et-1er-decembre-2013\/#primaryimage\"},\"image\":{\"@id\":\"https:\/\/centcols.org\/assemblee-generale-du-club-des-cent-cols-et-mini-sejour-a-la-bastide-de-serou-ariege-les-30-novembre-et-1er-decembre-2013\/#primaryimage\"},\"thumbnailUrl\":\"https:\/\/centcols.org\/wp-content\/uploads\/2025\/05\/L0137-e1443878289394.jpg\",\"datePublished\":\"2015-04-20T11:26:03+00:00\",\"dateModified\":\"2025-11-06T07:58:47+00:00\",\"breadcrumb\":{\"@id\":\"https:\/\/centcols.org\/assemblee-generale-du-club-des-cent-cols-et-mini-sejour-a-la-bastide-de-serou-ariege-les-30-novembre-et-1er-decembre-2013\/#breadcrumb\"},\"inLanguage\":\"de\",\"potentialAction\":[{\"@type\":\"ReadAction\",\"target\":[\"https:\/\/centcols.org\/assemblee-generale-du-club-des-cent-cols-et-mini-sejour-a-la-bastide-de-serou-ariege-les-30-novembre-et-1er-decembre-2013\/\"]}]},{\"@type\":\"ImageObject\",\"inLanguage\":\"de\",\"@id\":\"https:\/\/centcols.org\/assemblee-generale-du-club-des-cent-cols-et-mini-sejour-a-la-bastide-de-serou-ariege-les-30-novembre-et-1er-decembre-2013\/#primaryimage\",\"url\":\"https:\/\/centcols.org\/wp-content\/uploads\/2025\/05\/L0137-e1443878289394.jpg\",\"contentUrl\":\"https:\/\/centcols.org\/wp-content\/uploads\/2025\/05\/L0137-e1443878289394.jpg\",\"width\":640,\"height\":480},{\"@type\":\"BreadcrumbList\",\"@id\":\"https:\/\/centcols.org\/assemblee-generale-du-club-des-cent-cols-et-mini-sejour-a-la-bastide-de-serou-ariege-les-30-novembre-et-1er-decembre-2013\/#breadcrumb\",\"itemListElement\":[{\"@type\":\"ListItem\",\"position\":1,\"name\":\"Accueil\",\"item\":\"https:\/\/centcols.org\/\"},{\"@type\":\"ListItem\",\"position\":2,\"name\":\"Assembl\u00e9es g\u00e9n\u00e9rales\",\"item\":\"https:\/\/centcols.org\/rubrique\/assemblees-generales\/\"},{\"@type\":\"ListItem\",\"position\":3,\"name\":\"Assembl\u00e9e g\u00e9n\u00e9rale du Club des Cent Cols et mini-s\u00e9jour \u00e0 La Bastide-de-S\u00e9rou (Ari\u00e8ge) les 30 novembre et 1er d\u00e9cembre 2013\"}]},{\"@type\":\"WebSite\",\"@id\":\"https:\/\/centcols.org\/#website\",\"url\":\"https:\/\/centcols.org\/\",\"name\":\"Club des Cent Cols\",\"description\":\"\",\"publisher\":{\"@id\":\"https:\/\/centcols.org\/#organization\"},\"potentialAction\":[{\"@type\":\"SearchAction\",\"target\":{\"@type\":\"EntryPoint\",\"urlTemplate\":\"https:\/\/centcols.org\/?s={search_term_string}\"},\"query-input\":{\"@type\":\"PropertyValueSpecification\",\"valueRequired\":true,\"valueName\":\"search_term_string\"}}],\"inLanguage\":\"de\"},{\"@type\":\"Organization\",\"@id\":\"https:\/\/centcols.org\/#organization\",\"name\":\"Club des Cent Cols\",\"url\":\"https:\/\/centcols.org\/\",\"logo\":{\"@type\":\"ImageObject\",\"inLanguage\":\"de\",\"@id\":\"https:\/\/centcols.org\/#\/schema\/logo\/image\/\",\"url\":\"https:\/\/centcols.org\/wp-content\/uploads\/2025\/01\/carte-icone.png\",\"contentUrl\":\"https:\/\/centcols.org\/wp-content\/uploads\/2025\/01\/carte-icone.png\",\"width\":250,\"height\":250,\"caption\":\"Club des Cent Cols\"},\"image\":{\"@id\":\"https:\/\/centcols.org\/#\/schema\/logo\/image\/\"},\"sameAs\":[\"https:\/\/www.facebook.com\/groups\/5261880558\/?locale=fr_FR\"]},{\"@type\":\"Person\",\"@id\":\"https:\/\/centcols.org\/#\/schema\/person\/911b404fb133d8c913dd27cdcf71c8e5\",\"name\":\"Webmestre\",\"image\":{\"@type\":\"ImageObject\",\"inLanguage\":\"de\",\"@id\":\"https:\/\/centcols.org\/wp-content\/litespeed\/avatar\/2d246e4b6b4f773e08515e1ffc53690b.jpg?ver=1777222892\",\"url\":\"https:\/\/centcols.org\/wp-content\/litespeed\/avatar\/2d246e4b6b4f773e08515e1ffc53690b.jpg?ver=1777222892\",\"contentUrl\":\"https:\/\/centcols.org\/wp-content\/litespeed\/avatar\/2d246e4b6b4f773e08515e1ffc53690b.jpg?ver=1777222892\",\"caption\":\"Webmestre\"},\"url\":\"https:\/\/centcols.org\/de\/author\/webmestre\/\"}]}<\/script>\n<!-- \/ Yoast SEO plugin. -->","yoast_head_json":{"title":"Generalversammlung des Club des Cent Cols und Mini-Urlaub in La Bastide-de-S\u00e9rou (Ari\u00e8ge) am 30. November und 1. Dezember 2013 - Club des Cent Cols","robots":{"index":"index","follow":"follow","max-snippet":"max-snippet:-1","max-image-preview":"max-image-preview:large","max-video-preview":"max-video-preview:-1"},"canonical":"https:\/\/centcols.org\/de\/generalversammlung-des-club-des-cent-cols-und-miniaufenthalt-in-der-bastide-de-serou-ariege-am-30-november-und-1-dezember-2013\/","og_locale":"de_DE","og_type":"article","og_title":"Assembl\u00e9e g\u00e9n\u00e9rale du Club des Cent Cols et mini-s\u00e9jour \u00e0 La Bastide-de-S\u00e9rou (Ari\u00e8ge) les 30 novembre et 1er d\u00e9cembre 2013 - Club des Cent Cols","og_description":"Pr\u00e9sentation Apr\u00e8s les Alpes et la superbe Assembl\u00e9e g\u00e9n\u00e9rale \u00e0 Annecy pour le quaranti\u00e8me anniversaire du club, petite escapade dans les Pyr\u00e9n\u00e9es, en Ari\u00e8ge plus pr\u00e9cis\u00e9ment, o\u00f9 nous serons accueillis par le club de Vernajoul et son pr\u00e9sident Alain Bucher (\u00e9galement pr\u00e9sident du Codep 09). Ce club compte une soixantaine de membres dont une quarantaine [&hellip;]","og_url":"https:\/\/centcols.org\/de\/generalversammlung-des-club-des-cent-cols-und-miniaufenthalt-in-der-bastide-de-serou-ariege-am-30-november-und-1-dezember-2013\/","og_site_name":"Club des Cent Cols","article_publisher":"https:\/\/www.facebook.com\/groups\/5261880558\/?locale=fr_FR","article_published_time":"2015-04-20T11:26:03+00:00","article_modified_time":"2025-11-06T07:58:47+00:00","og_image":[{"width":640,"height":480,"url":"https:\/\/centcols.org\/wp-content\/uploads\/2025\/05\/L0137-e1443878289394.jpg","type":"image\/jpeg"}],"author":"Webmestre","twitter_card":"summary_large_image","twitter_misc":{"Verfasst von":"Webmestre","Gesch\u00e4tzte Lesezeit":"3\u00a0Minuten"},"schema":{"@context":"https:\/\/schema.org","@graph":[{"@type":"Article","@id":"https:\/\/centcols.org\/assemblee-generale-du-club-des-cent-cols-et-mini-sejour-a-la-bastide-de-serou-ariege-les-30-novembre-et-1er-decembre-2013\/#article","isPartOf":{"@id":"https:\/\/centcols.org\/assemblee-generale-du-club-des-cent-cols-et-mini-sejour-a-la-bastide-de-serou-ariege-les-30-novembre-et-1er-decembre-2013\/"},"author":{"name":"Webmestre","@id":"https:\/\/centcols.org\/#\/schema\/person\/911b404fb133d8c913dd27cdcf71c8e5"},"headline":"Assembl\u00e9e g\u00e9n\u00e9rale du Club des Cent Cols et mini-s\u00e9jour \u00e0 La Bastide-de-S\u00e9rou (Ari\u00e8ge) les 30 novembre et 1er d\u00e9cembre 2013","datePublished":"2015-04-20T11:26:03+00:00","dateModified":"2025-11-06T07:58:47+00:00","mainEntityOfPage":{"@id":"https:\/\/centcols.org\/assemblee-generale-du-club-des-cent-cols-et-mini-sejour-a-la-bastide-de-serou-ariege-les-30-novembre-et-1er-decembre-2013\/"},"wordCount":436,"publisher":{"@id":"https:\/\/centcols.org\/#organization"},"image":{"@id":"https:\/\/centcols.org\/assemblee-generale-du-club-des-cent-cols-et-mini-sejour-a-la-bastide-de-serou-ariege-les-30-novembre-et-1er-decembre-2013\/#primaryimage"},"thumbnailUrl":"https:\/\/centcols.org\/wp-content\/uploads\/2025\/05\/L0137-e1443878289394.jpg","articleSection":["Assembl\u00e9es g\u00e9n\u00e9rales","Calendrier"],"inLanguage":"de"},{"@type":"WebPage","@id":"https:\/\/centcols.org\/assemblee-generale-du-club-des-cent-cols-et-mini-sejour-a-la-bastide-de-serou-ariege-les-30-novembre-et-1er-decembre-2013\/","url":"https:\/\/centcols.org\/assemblee-generale-du-club-des-cent-cols-et-mini-sejour-a-la-bastide-de-serou-ariege-les-30-novembre-et-1er-decembre-2013\/","name":"Generalversammlung des Club des Cent Cols und Mini-Urlaub in La Bastide-de-S\u00e9rou (Ari\u00e8ge) am 30. November und 1. Dezember 2013 - Club des Cent Cols","isPartOf":{"@id":"https:\/\/centcols.org\/#website"},"primaryImageOfPage":{"@id":"https:\/\/centcols.org\/assemblee-generale-du-club-des-cent-cols-et-mini-sejour-a-la-bastide-de-serou-ariege-les-30-novembre-et-1er-decembre-2013\/#primaryimage"},"image":{"@id":"https:\/\/centcols.org\/assemblee-generale-du-club-des-cent-cols-et-mini-sejour-a-la-bastide-de-serou-ariege-les-30-novembre-et-1er-decembre-2013\/#primaryimage"},"thumbnailUrl":"https:\/\/centcols.org\/wp-content\/uploads\/2025\/05\/L0137-e1443878289394.jpg","datePublished":"2015-04-20T11:26:03+00:00","dateModified":"2025-11-06T07:58:47+00:00","breadcrumb":{"@id":"https:\/\/centcols.org\/assemblee-generale-du-club-des-cent-cols-et-mini-sejour-a-la-bastide-de-serou-ariege-les-30-novembre-et-1er-decembre-2013\/#breadcrumb"},"inLanguage":"de","potentialAction":[{"@type":"ReadAction","target":["https:\/\/centcols.org\/assemblee-generale-du-club-des-cent-cols-et-mini-sejour-a-la-bastide-de-serou-ariege-les-30-novembre-et-1er-decembre-2013\/"]}]},{"@type":"ImageObject","inLanguage":"de","@id":"https:\/\/centcols.org\/assemblee-generale-du-club-des-cent-cols-et-mini-sejour-a-la-bastide-de-serou-ariege-les-30-novembre-et-1er-decembre-2013\/#primaryimage","url":"https:\/\/centcols.org\/wp-content\/uploads\/2025\/05\/L0137-e1443878289394.jpg","contentUrl":"https:\/\/centcols.org\/wp-content\/uploads\/2025\/05\/L0137-e1443878289394.jpg","width":640,"height":480},{"@type":"BreadcrumbList","@id":"https:\/\/centcols.org\/assemblee-generale-du-club-des-cent-cols-et-mini-sejour-a-la-bastide-de-serou-ariege-les-30-novembre-et-1er-decembre-2013\/#breadcrumb","itemListElement":[{"@type":"ListItem","position":1,"name":"Accueil","item":"https:\/\/centcols.org\/"},{"@type":"ListItem","position":2,"name":"Assembl\u00e9es g\u00e9n\u00e9rales","item":"https:\/\/centcols.org\/rubrique\/assemblees-generales\/"},{"@type":"ListItem","position":3,"name":"Assembl\u00e9e g\u00e9n\u00e9rale du Club des Cent Cols et mini-s\u00e9jour \u00e0 La Bastide-de-S\u00e9rou (Ari\u00e8ge) les 30 novembre et 1er d\u00e9cembre 2013"}]},{"@type":"WebSite","@id":"https:\/\/centcols.org\/#website","url":"https:\/\/centcols.org\/","name":"Club des Cent Cols","description":"","publisher":{"@id":"https:\/\/centcols.org\/#organization"},"potentialAction":[{"@type":"SearchAction","target":{"@type":"EntryPoint","urlTemplate":"https:\/\/centcols.org\/?s={search_term_string}"},"query-input":{"@type":"PropertyValueSpecification","valueRequired":true,"valueName":"search_term_string"}}],"inLanguage":"de"},{"@type":"Organization","@id":"https:\/\/centcols.org\/#organization","name":"Club des Cent Cols","url":"https:\/\/centcols.org\/","logo":{"@type":"ImageObject","inLanguage":"de","@id":"https:\/\/centcols.org\/#\/schema\/logo\/image\/","url":"https:\/\/centcols.org\/wp-content\/uploads\/2025\/01\/carte-icone.png","contentUrl":"https:\/\/centcols.org\/wp-content\/uploads\/2025\/01\/carte-icone.png","width":250,"height":250,"caption":"Club des Cent Cols"},"image":{"@id":"https:\/\/centcols.org\/#\/schema\/logo\/image\/"},"sameAs":["https:\/\/www.facebook.com\/groups\/5261880558\/?locale=fr_FR"]},{"@type":"Person","@id":"https:\/\/centcols.org\/#\/schema\/person\/911b404fb133d8c913dd27cdcf71c8e5","name":"Webmaster","image":{"@type":"ImageObject","inLanguage":"de","@id":"https:\/\/centcols.org\/wp-content\/litespeed\/avatar\/2d246e4b6b4f773e08515e1ffc53690b.jpg?ver=1777222892","url":"https:\/\/centcols.org\/wp-content\/litespeed\/avatar\/2d246e4b6b4f773e08515e1ffc53690b.jpg?ver=1777222892","contentUrl":"https:\/\/centcols.org\/wp-content\/litespeed\/avatar\/2d246e4b6b4f773e08515e1ffc53690b.jpg?ver=1777222892","caption":"Webmestre"},"url":"https:\/\/centcols.org\/de\/author\/webmestre\/"}]}},"_links":{"self":[{"href":"https:\/\/centcols.org\/de\/wp-json\/wp\/v2\/posts\/81752","targetHints":{"allow":["GET"]}}],"collection":[{"href":"https:\/\/centcols.org\/de\/wp-json\/wp\/v2\/posts"}],"about":[{"href":"https:\/\/centcols.org\/de\/wp-json\/wp\/v2\/types\/post"}],"author":[{"embeddable":true,"href":"https:\/\/centcols.org\/de\/wp-json\/wp\/v2\/users\/3"}],"replies":[{"embeddable":true,"href":"https:\/\/centcols.org\/de\/wp-json\/wp\/v2\/comments?post=81752"}],"version-history":[{"count":0,"href":"https:\/\/centcols.org\/de\/wp-json\/wp\/v2\/posts\/81752\/revisions"}],"wp:featuredmedia":[{"embeddable":true,"href":"https:\/\/centcols.org\/de\/wp-json\/wp\/v2\/media\/81753"}],"wp:attachment":[{"href":"https:\/\/centcols.org\/de\/wp-json\/wp\/v2\/media?parent=81752"}],"wp:term":[{"taxonomy":"category","embeddable":true,"href":"https:\/\/centcols.org\/de\/wp-json\/wp\/v2\/categories?post=81752"},{"taxonomy":"post_tag","embeddable":true,"href":"https:\/\/centcols.org\/de\/wp-json\/wp\/v2\/tags?post=81752"}],"curies":[{"name":"wp","href":"https:\/\/api.w.org\/{rel}","templated":true}]}}