{"id":81754,"date":"2015-04-15T15:02:53","date_gmt":"2015-04-15T13:02:53","guid":{"rendered":"https:\/\/centcols.org\/assemblee-generale-du-club-des-cent-cols-a-parent-puy-de-dome-les-27-et-28-novembre-2010\/"},"modified":"2025-11-06T04:59:48","modified_gmt":"2025-11-06T02:59:48","slug":"generalversammlung-des-club-des-cent-cols-a-parent-puy-de-dome-am-27-und-28-november-2010","status":"publish","type":"post","link":"https:\/\/centcols.org\/de\/assemblee-generale-du-club-des-cent-cols-a-parent-puy-de-dome-les-27-et-28-novembre-2010\/","title":{"rendered":"Generalversammlung des \"Club des Cent Cols\" in Parent (Puy-de-D\u00f4me) am 27. und 28. November 2010"},"content":{"rendered":"<div class=\"wp-block-image\">\n<figure class=\"aligncenter size-full\"><img loading=\"lazy\" decoding=\"async\" width=\"774\" height=\"143\" src=\"https:\/\/centcols.org\/wp-content\/uploads\/2025\/06\/puys21.jpg\" alt=\"\" class=\"wp-image-83372\" srcset=\"https:\/\/centcols.org\/wp-content\/uploads\/2025\/06\/puys21.jpg 774w, https:\/\/centcols.org\/wp-content\/uploads\/2025\/06\/puys21-768x142.jpg 768w\" sizes=\"auto, (max-width: 774px) 100vw, 774px\" \/><\/figure>\n<\/div>\n\n\n<div style=\"height:50px\" aria-hidden=\"true\" class=\"wp-block-spacer\"><\/div>\n\n\n<div class=\"wp-block-image\">\n<figure class=\"aligncenter size-full\"><img loading=\"lazy\" decoding=\"async\" width=\"150\" height=\"167\" src=\"https:\/\/centcols.org\/wp-content\/uploads\/2025\/06\/blason631.png\" alt=\"\" class=\"wp-image-83375\"\/><\/figure>\n<\/div>\n\n\n<p><strong>Die Amicale Cyclo Clermontoise l\u00e4dt Sie zur Generalversammlung 2010 des \"Club des Cent Cols\" im Val d'Allier in der Gemeinde Parent ein. F\u00fcr Unterkunft und Verpflegung sorgt das Feriendorf Parent, das von VAL auf VVF umgestellt wurde und seit langem Partner der FFCT ist.<\/strong><\/p>\n\n\n\n<p>Der Allier, der letzte gro\u00dfe Wildfluss Europas, bildet von seiner Quelle in den Cevennen in Loz\u00e8re bis zu seinem Zusammenfluss mit der Loire am bec d'Allier in Nivernais das R\u00fcckgrat der Auvergne.<\/p>\n\n\n\n<p>Sein Tal trennt das Plateau du Dev\u00e8s von den Bergen der Margeride, die Puys-Kette von den Bergen des Livradois und die Combrailles von den Bergen der Madeleine. Sein Lauf bew\u00e4ssert die Limagnes von Brioude, Issoire und Riom, die auf dem traditionellen Wappen der Provinz Auvergne durch die drei Zungen symbolisiert werden.<\/p>\n\n\n\n<p>Claude BENISTRAND<br>CC Nr. 284<\/p>\n\n\n\n<h2 class=\"wp-block-heading\">Programm<\/h2>\n\n\n\n<p>Der Empfang wird bereits am Freitagabend f\u00fcr diejenigen ge\u00f6ffnet, die von weit her kommen und am Samstagmorgen ihr Bike ausfahren m\u00f6chten. Der Samstagnachmittag ist der eigentlichen Versammlung gewidmet, an die sich ein festliches Essen anschlie\u00dft.<\/p>\n\n\n\n<p>Am Sonntagmorgen stehen auf dem Programm: eine Rennrad- oder Mountainbike-Tour oder eine gef\u00fchrte Wanderung mit Besuch eines Weinkellers, bevor am Mittag das Abschlussessen stattfindet.<\/p>\n\n\n\n<figure class=\"wp-block-gallery has-nested-images columns-default is-cropped wp-block-gallery-1 is-layout-flex wp-block-gallery-is-layout-flex\">\n<figure class=\"wp-block-image size-large\"><img loading=\"lazy\" decoding=\"async\" width=\"300\" height=\"225\" data-id=\"83373\" src=\"https:\/\/centcols.org\/wp-content\/uploads\/2025\/06\/vvf1.jpg\" alt=\"\" class=\"wp-image-83373\"\/><\/figure>\n\n\n\n<figure class=\"wp-block-image size-large\"><img loading=\"lazy\" decoding=\"async\" width=\"300\" height=\"225\" data-id=\"83374\" src=\"https:\/\/centcols.org\/wp-content\/uploads\/2025\/06\/billom1.jpg\" alt=\"\" class=\"wp-image-83374\"\/><\/figure>\n\n\n\n<figure class=\"wp-block-image size-large\"><img loading=\"lazy\" decoding=\"async\" width=\"300\" height=\"225\" data-id=\"83376\" src=\"https:\/\/centcols.org\/wp-content\/uploads\/2025\/06\/colorado1.jpg\" alt=\"\" class=\"wp-image-83376\"\/><\/figure>\n<\/figure>\n\n\n\n<h2 class=\"wp-block-heading\">Die Strecken<\/h2>\n\n\n\n<p>Die Strecken werden \u00fcber beide Ufer des Allier verteilt sein. Die Stra\u00dfenstrecken werden etwa 60 km lang sein, die Mountainbike-Strecken sind f\u00fcr einen halben Tag geeignet.<\/p>\n\n\n\n<ul class=\"wp-block-list\">\n<li>Rechtes Ufer: die Schl\u00f6sserroute: Yronde-et-Buron, Saint-Babel, Chauriat, Mezel, Buss\u00e9ol, mit Durchfahrt durch die Hauptstadt des Knoblauchs, die mittelalterliche Stadt Billom und durch Vic-le-Comte, die ehemalige Hauptstadt der Grafen der Auvergne. Drei P\u00e4sse auf dieser Strecke: der Col de la Croix des Gardes, der Col de Potey und der Col de Jallat.<\/li>\n\n\n\n<li>Linkes Ufer: der Rundweg der Oppida: drei Kletterpartien, um drei hoch gelegene Orte zu entdecken, an denen arch\u00e4ologische Ausgrabungen ein gallisches Oppidum ans Licht gebracht haben: Corent, Gondole und das bekannteste Gergovie, mit 717 m der h\u00f6chste Punkt der Strecke, an dessen Flanken sich der einzige Pass der Strecke befindet: der Col des Goules (FR-63-698). Auf dem R\u00fcckweg passieren Sie die Weind\u00f6rfer Veyre-Monton, La Sauvetat, Authezat und das Dorf Montpeyroux, das sich durch seinen Turm und seine Arkose-Bauten auszeichnet.<\/li>\n\n\n\n<li>Gef\u00fchrte Wanderung am Sonntagmorgen: Planen Sie eine Fahrgemeinschaft bis zum Dorf Boudes in der Region Lembronnais. Auf einer zweist\u00fcndigen Wanderung (Wanderschuhe mitbringen) k\u00f6nnen Sie den \u00abColorado auvergnat\u00bb entdecken: das Tal der Heiligen, das aus Feenkaminen besteht, die aus rotem Laterit-Ton geformt wurden. Auf dem R\u00fcckweg besuchen Sie einen Weinkeller bei einem Produzenten in Boudes.<\/li>\n<\/ul>\n\n\n\n<h2 class=\"wp-block-heading\">Die Schaltkreise<\/h2>\n\n\n\n<p>Am Samstag, den 27. und Sonntag, den 28. November werden Ihnen zwei Stra\u00dfen- und Mountainbike-Routen angeboten, die mit R1, R2, V1 und V2 nummeriert sind. Alle Strecken beginnen am VVF von Parent und werden gegen den Uhrzeigersinn gefahren.<\/p>\n\n\n\n<h3 class=\"wp-block-heading\">Stra\u00dfenrundfahrten<\/h3>\n\n\n\n<p>(Klicken Sie auf den Namen der Tour f\u00fcr Details)<\/p>\n\n\n\n<h4 class=\"wp-block-heading\">Samstag, 27. November<\/h4>\n\n\n\n<p><a class=\"iframe-fancybox\" href=\"https:\/\/centcols.org\/de\/les_rendez-vous\/2010\/Parent\/circuit.php\/?id=R1\" target=\"_blank\" rel=\"noopener\">Schl\u00f6sser-Rundgang<\/a><\/p>\n\n\n\n<p>Entfernung: 69 km<br>H\u00f6henunterschied: 1.000 m<br>Abfahrt: VVF Parent um 08:30 Uhr<\/p>\n\n\n\n<ol class=\"wp-block-list\">\n<li><a class=\"iframe-fancybox\" href=\"https:\/\/centcols.org\/de\/util\/geo\/visuGP.php\/?c=63065400\" target=\"_blank\" rel=\"noopener\">DE-63-0654<\/a> : Col de la Croix des Gardes<\/li>\n\n\n\n<li><a class=\"iframe-fancybox\" href=\"https:\/\/centcols.org\/de\/util\/geo\/visuGP.php\/?c=63058300\" target=\"_blank\" rel=\"noopener\">DE-63-0583<\/a> : Col de Potey<\/li>\n\n\n\n<li><a class=\"iframe-fancybox\" href=\"https:\/\/centcols.org\/de\/util\/geo\/visuGP.php\/?c=63049900\" target=\"_blank\" rel=\"noopener\">DE-63-0499<\/a> : Jallat-Pass<\/li>\n<\/ol>\n\n\n\n<h4 class=\"wp-block-heading\">Sonntag, 28. November<\/h4>\n\n\n\n<p><a class=\"iframe-fancybox\" href=\"https:\/\/centcols.org\/de\/les_rendez-vous\/2010\/Parent\/circuit.php\/?id=R2\" target=\"_blank\" rel=\"noopener\">Oppida-Rundreise<\/a><\/p>\n\n\n\n<p>Entfernung: 55 km<br>H\u00f6henunterschied: 970 m<br>Abfahrt: VVF Parent um 08:30 Uhr<\/p>\n\n\n\n<ol class=\"wp-block-list\">\n<li><a class=\"iframe-fancybox\" href=\"https:\/\/centcols.org\/de\/util\/geo\/visuGP.php\/?c=63069800\" target=\"_blank\" rel=\"noopener\">DE-63-0698<\/a> : Col des Goules<\/li>\n<\/ol>\n\n\n\n<h3 class=\"wp-block-heading\">Mountainbike-Routen<\/h3>\n\n\n\n<p>(Klicken Sie auf den Namen der Tour f\u00fcr Details)<\/p>\n\n\n\n<h4 class=\"wp-block-heading\">Samstag, 27. November<\/h4>\n\n\n\n<p><a class=\"iframe-fancybox\" href=\"https:\/\/centcols.org\/de\/les_rendez-vous\/2010\/Parent\/circuit.php\/?id=V1\" target=\"_blank\" rel=\"noopener\">Rechtes Ufer <\/a><\/p>\n\n\n\n<p>Entfernung: 29 km<br>H\u00f6henunterschied: 600 m<br>Abfahrt: VVF Parent um 08:30 Uhr<\/p>\n\n\n\n<ol class=\"wp-block-list\">\n<li><a class=\"iframe-fancybox\" href=\"https:\/\/centcols.org\/de\/util\/geo\/visuGP.php\/?c=63065400\" target=\"_blank\" rel=\"noopener\">DE-63-0654<\/a> : Col de la Croix des Gardes<\/li>\n\n\n\n<li><a class=\"iframe-fancybox\" href=\"https:\/\/centcols.org\/de\/util\/geo\/visuGP.php\/?c=63058300\" target=\"_blank\" rel=\"noopener\">DE-63-0583<\/a> : Col de Potey<\/li>\n<\/ol>\n\n\n\n<h4 class=\"wp-block-heading\">Sonntag, 28. November<\/h4>\n\n\n\n<p><a class=\"iframe-fancybox\" href=\"https:\/\/centcols.org\/de\/les_rendez-vous\/2010\/Parent\/circuit.php\/?id=V2\" target=\"_blank\" rel=\"noopener\">Linkes Ufer<\/a><\/p>\n\n\n\n<p>Entfernung: 23 km<br>H\u00f6henunterschied: 440 m<br>Abfahrt: VVF Parent um 08:30 Uhr<\/p>\n\n\n\n<p>Begleiter: Jacques JUILLARD<\/p>\n\n\n\n<h2 class=\"wp-block-heading\">Geolokalisierungsdateien<\/h2>\n\n\n\n<p><a class=\"iframe-fancybox\" href=\"https:\/\/centcols.org\/les_rendez-vous\/2010\/Parent\/geo.htm\" target=\"_blank\" rel=\"noopener\">Auf dieser Seite<\/a> finden Sie GPX-, KML- und Carto-Explorer-Dateien der Strecken zur Verwendung in Geolokalisierungssoftware und GPS-Empf\u00e4ngern.<\/p>\n\n\n\n<h2 class=\"wp-block-heading\">Anmeldung<\/h2>\n\n\n\n<p>Um an der GV selbst am 27. teilzunehmen und am Morgen des 28. mit den Mitbr\u00fcdern zu fahren, m\u00fcssen Sie sich nicht anmelden. Wenn Sie jedoch Unterkunft und\/oder Verpflegung w\u00fcnschen, ist eine Anmeldung erforderlich. Bitte f\u00fcllen Sie also das Anmeldeformular aus und schicken Sie es zusammen mit Ihrer Zahlung unbedingt bis zum 10. November an die auf dem Formular angegebene Adresse.<\/p>\n\n\n\n<h2 class=\"wp-block-heading\">Abstimmungsmaterial<\/h2>\n\n\n\n<p>Einige Exemplare von Infos Cent Cols wurden offenbar ohne Stimmzettel verschickt (die Umschl\u00e4ge hingegen sind beigef\u00fcgt).<\/p>\n\n\n\n<h2 class=\"wp-block-heading\">Zugang zum VVF \u00abLes Balcons du Sancy\u00bb in Parent<\/h2>","protected":false},"excerpt":{"rendered":"<p>C\u2019est dans le Val d\u2019Allier sur la commune de Parent que l\u2019Amicale Cyclo Clermontoise vous convie \u00e0 l\u2019Assembl\u00e9e g\u00e9n\u00e9rale 2010 du Club des Cent Cols. L\u2019h\u00e9bergement et la restauration seront assur\u00e9s par la structure du Village de Vacances de Parent, pass\u00e9 du giron de VAL \u00e0 celui de VVF et partenaire de longue date de [&hellip;]<\/p>\n","protected":false},"author":3,"featured_media":83372,"comment_status":"closed","ping_status":"open","sticky":false,"template":"","format":"standard","meta":{"_acf_changed":false,"footnotes":""},"categories":[217,135],"tags":[],"class_list":["post-81754","post","type-post","status-publish","format-standard","has-post-thumbnail","hentry","category-assemblees-generales","category-calendrier"],"acf":[],"yoast_head":"<!-- This site is optimized with the Yoast SEO plugin v27.2 - https:\/\/yoast.com\/product\/yoast-seo-wordpress\/ -->\n<title>Assembl\u00e9e g\u00e9n\u00e9rale du Club des Cent Cols \u00e0 Parent (Puy-de-D\u00f4me) les 27 et 28 novembre 2010 - Club des Cent Cols<\/title>\n<meta name=\"robots\" content=\"index, follow, max-snippet:-1, max-image-preview:large, max-video-preview:-1\" \/>\n<link rel=\"canonical\" href=\"https:\/\/centcols.org\/de\/generalversammlung-des-club-des-cent-cols-a-parent-puy-de-dome-am-27-und-28-november-2010\/\" \/>\n<meta property=\"og:locale\" content=\"de_DE\" \/>\n<meta property=\"og:type\" content=\"article\" \/>\n<meta property=\"og:title\" content=\"Assembl\u00e9e g\u00e9n\u00e9rale du Club des Cent Cols \u00e0 Parent (Puy-de-D\u00f4me) les 27 et 28 novembre 2010 - Club des Cent Cols\" \/>\n<meta property=\"og:description\" content=\"C\u2019est dans le Val d\u2019Allier sur la commune de Parent que l\u2019Amicale Cyclo Clermontoise vous convie \u00e0 l\u2019Assembl\u00e9e g\u00e9n\u00e9rale 2010 du Club des Cent Cols. L\u2019h\u00e9bergement et la restauration seront assur\u00e9s par la structure du Village de Vacances de Parent, pass\u00e9 du giron de VAL \u00e0 celui de VVF et partenaire de longue date de [&hellip;]\" \/>\n<meta property=\"og:url\" content=\"https:\/\/centcols.org\/de\/generalversammlung-des-club-des-cent-cols-a-parent-puy-de-dome-am-27-und-28-november-2010\/\" \/>\n<meta property=\"og:site_name\" content=\"Club des Cent Cols\" \/>\n<meta property=\"article:publisher\" content=\"https:\/\/www.facebook.com\/groups\/5261880558\/?locale=fr_FR\" \/>\n<meta property=\"article:published_time\" content=\"2015-04-15T13:02:53+00:00\" \/>\n<meta property=\"article:modified_time\" content=\"2025-11-06T02:59:48+00:00\" \/>\n<meta property=\"og:image\" content=\"https:\/\/centcols.org\/wp-content\/uploads\/2025\/06\/puys21.jpg\" \/>\n\t<meta property=\"og:image:width\" content=\"774\" \/>\n\t<meta property=\"og:image:height\" content=\"143\" \/>\n\t<meta property=\"og:image:type\" content=\"image\/jpeg\" \/>\n<meta name=\"author\" content=\"Webmestre\" \/>\n<meta name=\"twitter:card\" content=\"summary_large_image\" \/>\n<meta name=\"twitter:label1\" content=\"Verfasst von\" \/>\n\t<meta name=\"twitter:data1\" content=\"Webmestre\" \/>\n\t<meta name=\"twitter:label2\" content=\"Gesch\u00e4tzte Lesezeit\" \/>\n\t<meta name=\"twitter:data2\" content=\"5\u00a0Minuten\" \/>\n<script type=\"application\/ld+json\" class=\"yoast-schema-graph\">{\"@context\":\"https:\/\/schema.org\",\"@graph\":[{\"@type\":\"Article\",\"@id\":\"https:\/\/centcols.org\/assemblee-generale-du-club-des-cent-cols-a-parent-puy-de-dome-les-27-et-28-novembre-2010\/#article\",\"isPartOf\":{\"@id\":\"https:\/\/centcols.org\/assemblee-generale-du-club-des-cent-cols-a-parent-puy-de-dome-les-27-et-28-novembre-2010\/\"},\"author\":{\"name\":\"Webmestre\",\"@id\":\"https:\/\/centcols.org\/#\/schema\/person\/911b404fb133d8c913dd27cdcf71c8e5\"},\"headline\":\"Assembl\u00e9e g\u00e9n\u00e9rale du Club des Cent Cols \u00e0 Parent (Puy-de-D\u00f4me) les 27 et 28 novembre 2010\",\"datePublished\":\"2015-04-15T13:02:53+00:00\",\"dateModified\":\"2025-11-06T02:59:48+00:00\",\"mainEntityOfPage\":{\"@id\":\"https:\/\/centcols.org\/assemblee-generale-du-club-des-cent-cols-a-parent-puy-de-dome-les-27-et-28-novembre-2010\/\"},\"wordCount\":777,\"publisher\":{\"@id\":\"https:\/\/centcols.org\/#organization\"},\"image\":{\"@id\":\"https:\/\/centcols.org\/assemblee-generale-du-club-des-cent-cols-a-parent-puy-de-dome-les-27-et-28-novembre-2010\/#primaryimage\"},\"thumbnailUrl\":\"https:\/\/centcols.org\/wp-content\/uploads\/2025\/06\/puys21.jpg\",\"articleSection\":[\"Assembl\u00e9es g\u00e9n\u00e9rales\",\"Calendrier\"],\"inLanguage\":\"de\"},{\"@type\":\"WebPage\",\"@id\":\"https:\/\/centcols.org\/assemblee-generale-du-club-des-cent-cols-a-parent-puy-de-dome-les-27-et-28-novembre-2010\/\",\"url\":\"https:\/\/centcols.org\/assemblee-generale-du-club-des-cent-cols-a-parent-puy-de-dome-les-27-et-28-novembre-2010\/\",\"name\":\"Assembl\u00e9e g\u00e9n\u00e9rale du Club des Cent Cols \u00e0 Parent (Puy-de-D\u00f4me) les 27 et 28 novembre 2010 - Club des Cent Cols\",\"isPartOf\":{\"@id\":\"https:\/\/centcols.org\/#website\"},\"primaryImageOfPage\":{\"@id\":\"https:\/\/centcols.org\/assemblee-generale-du-club-des-cent-cols-a-parent-puy-de-dome-les-27-et-28-novembre-2010\/#primaryimage\"},\"image\":{\"@id\":\"https:\/\/centcols.org\/assemblee-generale-du-club-des-cent-cols-a-parent-puy-de-dome-les-27-et-28-novembre-2010\/#primaryimage\"},\"thumbnailUrl\":\"https:\/\/centcols.org\/wp-content\/uploads\/2025\/06\/puys21.jpg\",\"datePublished\":\"2015-04-15T13:02:53+00:00\",\"dateModified\":\"2025-11-06T02:59:48+00:00\",\"breadcrumb\":{\"@id\":\"https:\/\/centcols.org\/assemblee-generale-du-club-des-cent-cols-a-parent-puy-de-dome-les-27-et-28-novembre-2010\/#breadcrumb\"},\"inLanguage\":\"de\",\"potentialAction\":[{\"@type\":\"ReadAction\",\"target\":[\"https:\/\/centcols.org\/assemblee-generale-du-club-des-cent-cols-a-parent-puy-de-dome-les-27-et-28-novembre-2010\/\"]}]},{\"@type\":\"ImageObject\",\"inLanguage\":\"de\",\"@id\":\"https:\/\/centcols.org\/assemblee-generale-du-club-des-cent-cols-a-parent-puy-de-dome-les-27-et-28-novembre-2010\/#primaryimage\",\"url\":\"https:\/\/centcols.org\/wp-content\/uploads\/2025\/06\/puys21.jpg\",\"contentUrl\":\"https:\/\/centcols.org\/wp-content\/uploads\/2025\/06\/puys21.jpg\",\"width\":774,\"height\":143},{\"@type\":\"BreadcrumbList\",\"@id\":\"https:\/\/centcols.org\/assemblee-generale-du-club-des-cent-cols-a-parent-puy-de-dome-les-27-et-28-novembre-2010\/#breadcrumb\",\"itemListElement\":[{\"@type\":\"ListItem\",\"position\":1,\"name\":\"Accueil\",\"item\":\"https:\/\/centcols.org\/\"},{\"@type\":\"ListItem\",\"position\":2,\"name\":\"Assembl\u00e9es g\u00e9n\u00e9rales\",\"item\":\"https:\/\/centcols.org\/rubrique\/assemblees-generales\/\"},{\"@type\":\"ListItem\",\"position\":3,\"name\":\"Assembl\u00e9e g\u00e9n\u00e9rale du Club des Cent Cols \u00e0 Parent (Puy-de-D\u00f4me) les 27 et 28 novembre 2010\"}]},{\"@type\":\"WebSite\",\"@id\":\"https:\/\/centcols.org\/#website\",\"url\":\"https:\/\/centcols.org\/\",\"name\":\"Club des Cent Cols\",\"description\":\"\",\"publisher\":{\"@id\":\"https:\/\/centcols.org\/#organization\"},\"potentialAction\":[{\"@type\":\"SearchAction\",\"target\":{\"@type\":\"EntryPoint\",\"urlTemplate\":\"https:\/\/centcols.org\/?s={search_term_string}\"},\"query-input\":{\"@type\":\"PropertyValueSpecification\",\"valueRequired\":true,\"valueName\":\"search_term_string\"}}],\"inLanguage\":\"de\"},{\"@type\":\"Organization\",\"@id\":\"https:\/\/centcols.org\/#organization\",\"name\":\"Club des Cent Cols\",\"url\":\"https:\/\/centcols.org\/\",\"logo\":{\"@type\":\"ImageObject\",\"inLanguage\":\"de\",\"@id\":\"https:\/\/centcols.org\/#\/schema\/logo\/image\/\",\"url\":\"https:\/\/centcols.org\/wp-content\/uploads\/2025\/01\/carte-icone.png\",\"contentUrl\":\"https:\/\/centcols.org\/wp-content\/uploads\/2025\/01\/carte-icone.png\",\"width\":250,\"height\":250,\"caption\":\"Club des Cent Cols\"},\"image\":{\"@id\":\"https:\/\/centcols.org\/#\/schema\/logo\/image\/\"},\"sameAs\":[\"https:\/\/www.facebook.com\/groups\/5261880558\/?locale=fr_FR\"]},{\"@type\":\"Person\",\"@id\":\"https:\/\/centcols.org\/#\/schema\/person\/911b404fb133d8c913dd27cdcf71c8e5\",\"name\":\"Webmestre\",\"image\":{\"@type\":\"ImageObject\",\"inLanguage\":\"de\",\"@id\":\"https:\/\/centcols.org\/wp-content\/litespeed\/avatar\/2d246e4b6b4f773e08515e1ffc53690b.jpg?ver=1777222892\",\"url\":\"https:\/\/centcols.org\/wp-content\/litespeed\/avatar\/2d246e4b6b4f773e08515e1ffc53690b.jpg?ver=1777222892\",\"contentUrl\":\"https:\/\/centcols.org\/wp-content\/litespeed\/avatar\/2d246e4b6b4f773e08515e1ffc53690b.jpg?ver=1777222892\",\"caption\":\"Webmestre\"},\"url\":\"https:\/\/centcols.org\/de\/author\/webmestre\/\"}]}<\/script>\n<!-- \/ Yoast SEO plugin. -->","yoast_head_json":{"title":"Generalversammlung des Club des Cent Cols in Parent (Puy-de-D\u00f4me) am 27. und 28. November 2010 - Club des Cent Cols","robots":{"index":"index","follow":"follow","max-snippet":"max-snippet:-1","max-image-preview":"max-image-preview:large","max-video-preview":"max-video-preview:-1"},"canonical":"https:\/\/centcols.org\/de\/generalversammlung-des-club-des-cent-cols-a-parent-puy-de-dome-am-27-und-28-november-2010\/","og_locale":"de_DE","og_type":"article","og_title":"Assembl\u00e9e g\u00e9n\u00e9rale du Club des Cent Cols \u00e0 Parent (Puy-de-D\u00f4me) les 27 et 28 novembre 2010 - Club des Cent Cols","og_description":"C\u2019est dans le Val d\u2019Allier sur la commune de Parent que l\u2019Amicale Cyclo Clermontoise vous convie \u00e0 l\u2019Assembl\u00e9e g\u00e9n\u00e9rale 2010 du Club des Cent Cols. L\u2019h\u00e9bergement et la restauration seront assur\u00e9s par la structure du Village de Vacances de Parent, pass\u00e9 du giron de VAL \u00e0 celui de VVF et partenaire de longue date de [&hellip;]","og_url":"https:\/\/centcols.org\/de\/generalversammlung-des-club-des-cent-cols-a-parent-puy-de-dome-am-27-und-28-november-2010\/","og_site_name":"Club des Cent Cols","article_publisher":"https:\/\/www.facebook.com\/groups\/5261880558\/?locale=fr_FR","article_published_time":"2015-04-15T13:02:53+00:00","article_modified_time":"2025-11-06T02:59:48+00:00","og_image":[{"width":774,"height":143,"url":"https:\/\/centcols.org\/wp-content\/uploads\/2025\/06\/puys21.jpg","type":"image\/jpeg"}],"author":"Webmestre","twitter_card":"summary_large_image","twitter_misc":{"Verfasst von":"Webmestre","Gesch\u00e4tzte Lesezeit":"5\u00a0Minuten"},"schema":{"@context":"https:\/\/schema.org","@graph":[{"@type":"Article","@id":"https:\/\/centcols.org\/assemblee-generale-du-club-des-cent-cols-a-parent-puy-de-dome-les-27-et-28-novembre-2010\/#article","isPartOf":{"@id":"https:\/\/centcols.org\/assemblee-generale-du-club-des-cent-cols-a-parent-puy-de-dome-les-27-et-28-novembre-2010\/"},"author":{"name":"Webmestre","@id":"https:\/\/centcols.org\/#\/schema\/person\/911b404fb133d8c913dd27cdcf71c8e5"},"headline":"Assembl\u00e9e g\u00e9n\u00e9rale du Club des Cent Cols \u00e0 Parent (Puy-de-D\u00f4me) les 27 et 28 novembre 2010","datePublished":"2015-04-15T13:02:53+00:00","dateModified":"2025-11-06T02:59:48+00:00","mainEntityOfPage":{"@id":"https:\/\/centcols.org\/assemblee-generale-du-club-des-cent-cols-a-parent-puy-de-dome-les-27-et-28-novembre-2010\/"},"wordCount":777,"publisher":{"@id":"https:\/\/centcols.org\/#organization"},"image":{"@id":"https:\/\/centcols.org\/assemblee-generale-du-club-des-cent-cols-a-parent-puy-de-dome-les-27-et-28-novembre-2010\/#primaryimage"},"thumbnailUrl":"https:\/\/centcols.org\/wp-content\/uploads\/2025\/06\/puys21.jpg","articleSection":["Assembl\u00e9es g\u00e9n\u00e9rales","Calendrier"],"inLanguage":"de"},{"@type":"WebPage","@id":"https:\/\/centcols.org\/assemblee-generale-du-club-des-cent-cols-a-parent-puy-de-dome-les-27-et-28-novembre-2010\/","url":"https:\/\/centcols.org\/assemblee-generale-du-club-des-cent-cols-a-parent-puy-de-dome-les-27-et-28-novembre-2010\/","name":"Generalversammlung des Club des Cent Cols in Parent (Puy-de-D\u00f4me) am 27. und 28. November 2010 - Club des Cent Cols","isPartOf":{"@id":"https:\/\/centcols.org\/#website"},"primaryImageOfPage":{"@id":"https:\/\/centcols.org\/assemblee-generale-du-club-des-cent-cols-a-parent-puy-de-dome-les-27-et-28-novembre-2010\/#primaryimage"},"image":{"@id":"https:\/\/centcols.org\/assemblee-generale-du-club-des-cent-cols-a-parent-puy-de-dome-les-27-et-28-novembre-2010\/#primaryimage"},"thumbnailUrl":"https:\/\/centcols.org\/wp-content\/uploads\/2025\/06\/puys21.jpg","datePublished":"2015-04-15T13:02:53+00:00","dateModified":"2025-11-06T02:59:48+00:00","breadcrumb":{"@id":"https:\/\/centcols.org\/assemblee-generale-du-club-des-cent-cols-a-parent-puy-de-dome-les-27-et-28-novembre-2010\/#breadcrumb"},"inLanguage":"de","potentialAction":[{"@type":"ReadAction","target":["https:\/\/centcols.org\/assemblee-generale-du-club-des-cent-cols-a-parent-puy-de-dome-les-27-et-28-novembre-2010\/"]}]},{"@type":"ImageObject","inLanguage":"de","@id":"https:\/\/centcols.org\/assemblee-generale-du-club-des-cent-cols-a-parent-puy-de-dome-les-27-et-28-novembre-2010\/#primaryimage","url":"https:\/\/centcols.org\/wp-content\/uploads\/2025\/06\/puys21.jpg","contentUrl":"https:\/\/centcols.org\/wp-content\/uploads\/2025\/06\/puys21.jpg","width":774,"height":143},{"@type":"BreadcrumbList","@id":"https:\/\/centcols.org\/assemblee-generale-du-club-des-cent-cols-a-parent-puy-de-dome-les-27-et-28-novembre-2010\/#breadcrumb","itemListElement":[{"@type":"ListItem","position":1,"name":"Accueil","item":"https:\/\/centcols.org\/"},{"@type":"ListItem","position":2,"name":"Assembl\u00e9es g\u00e9n\u00e9rales","item":"https:\/\/centcols.org\/rubrique\/assemblees-generales\/"},{"@type":"ListItem","position":3,"name":"Assembl\u00e9e g\u00e9n\u00e9rale du Club des Cent Cols \u00e0 Parent (Puy-de-D\u00f4me) les 27 et 28 novembre 2010"}]},{"@type":"WebSite","@id":"https:\/\/centcols.org\/#website","url":"https:\/\/centcols.org\/","name":"Club des Cent Cols","description":"","publisher":{"@id":"https:\/\/centcols.org\/#organization"},"potentialAction":[{"@type":"SearchAction","target":{"@type":"EntryPoint","urlTemplate":"https:\/\/centcols.org\/?s={search_term_string}"},"query-input":{"@type":"PropertyValueSpecification","valueRequired":true,"valueName":"search_term_string"}}],"inLanguage":"de"},{"@type":"Organization","@id":"https:\/\/centcols.org\/#organization","name":"Club des Cent Cols","url":"https:\/\/centcols.org\/","logo":{"@type":"ImageObject","inLanguage":"de","@id":"https:\/\/centcols.org\/#\/schema\/logo\/image\/","url":"https:\/\/centcols.org\/wp-content\/uploads\/2025\/01\/carte-icone.png","contentUrl":"https:\/\/centcols.org\/wp-content\/uploads\/2025\/01\/carte-icone.png","width":250,"height":250,"caption":"Club des Cent Cols"},"image":{"@id":"https:\/\/centcols.org\/#\/schema\/logo\/image\/"},"sameAs":["https:\/\/www.facebook.com\/groups\/5261880558\/?locale=fr_FR"]},{"@type":"Person","@id":"https:\/\/centcols.org\/#\/schema\/person\/911b404fb133d8c913dd27cdcf71c8e5","name":"Webmaster","image":{"@type":"ImageObject","inLanguage":"de","@id":"https:\/\/centcols.org\/wp-content\/litespeed\/avatar\/2d246e4b6b4f773e08515e1ffc53690b.jpg?ver=1777222892","url":"https:\/\/centcols.org\/wp-content\/litespeed\/avatar\/2d246e4b6b4f773e08515e1ffc53690b.jpg?ver=1777222892","contentUrl":"https:\/\/centcols.org\/wp-content\/litespeed\/avatar\/2d246e4b6b4f773e08515e1ffc53690b.jpg?ver=1777222892","caption":"Webmestre"},"url":"https:\/\/centcols.org\/de\/author\/webmestre\/"}]}},"_links":{"self":[{"href":"https:\/\/centcols.org\/de\/wp-json\/wp\/v2\/posts\/81754","targetHints":{"allow":["GET"]}}],"collection":[{"href":"https:\/\/centcols.org\/de\/wp-json\/wp\/v2\/posts"}],"about":[{"href":"https:\/\/centcols.org\/de\/wp-json\/wp\/v2\/types\/post"}],"author":[{"embeddable":true,"href":"https:\/\/centcols.org\/de\/wp-json\/wp\/v2\/users\/3"}],"replies":[{"embeddable":true,"href":"https:\/\/centcols.org\/de\/wp-json\/wp\/v2\/comments?post=81754"}],"version-history":[{"count":0,"href":"https:\/\/centcols.org\/de\/wp-json\/wp\/v2\/posts\/81754\/revisions"}],"wp:featuredmedia":[{"embeddable":true,"href":"https:\/\/centcols.org\/de\/wp-json\/wp\/v2\/media\/83372"}],"wp:attachment":[{"href":"https:\/\/centcols.org\/de\/wp-json\/wp\/v2\/media?parent=81754"}],"wp:term":[{"taxonomy":"category","embeddable":true,"href":"https:\/\/centcols.org\/de\/wp-json\/wp\/v2\/categories?post=81754"},{"taxonomy":"post_tag","embeddable":true,"href":"https:\/\/centcols.org\/de\/wp-json\/wp\/v2\/tags?post=81754"}],"curies":[{"name":"wp","href":"https:\/\/api.w.org\/{rel}","templated":true}]}}