{"id":81757,"date":"2016-01-16T06:00:04","date_gmt":"2016-01-16T04:00:04","guid":{"rendered":"https:\/\/centcols.org\/sejour-de-printemps-a-ghisonaccia-corse-du-24-au-30-avril-2016\/"},"modified":"2025-08-29T18:03:18","modified_gmt":"2025-08-29T16:03:18","slug":"aufenthalt-2016-ghisonaccia","status":"publish","type":"post","link":"https:\/\/centcols.org\/de\/sejour-2016-ghisonaccia\/","title":{"rendered":"Fr\u00fchlingsaufenthalt in Ghisonaccia (Korsika) vom 24. bis 30. April 2016"},"content":{"rendered":"<p>Es ist nicht \u00fcblich, dass sich die Mitglieder des \u00abClub des Cent Cols\u00bb in der \u00abEbene\u00bb verabreden, au\u00dferhalb ihrer geliebten Berge, wo es viele gew\u00f6hnliche, kleine, harte oder mythische P\u00e4sse gibt, und dann auch noch in der \"\u00f6stlichen Ebene\", die eher an die trockenen W\u00fcsten der s\u00fcdlichen oder \u00f6stlichen L\u00e4nder oder sogar an die kalten Steppen der gro\u00dfen borealen R\u00e4ume erinnert. Ja, wir haben uns tats\u00e4chlich in der \"Plaine orientale\" verabredet, allerdings von Korsika aus, das weder trocken noch kalt ist!<\/p>\n\n\n\n<h2 class=\"wp-block-heading\">Erkl\u00e4rungen<\/h2>\n\n\n\n<p>Die Unterkunft des Aufenthalts wird im Feriendorf und Campingplatz von <a href=\"http:\/\/www.camping-corse.fr\/\" target=\"_blank\" rel=\"noopener\">die Arinella Bianca<\/a> in der Gemeinde Ghisonaccia (Haute-Corse). Diese Gemeinde liegt am Meeresrand der weiten \u00f6stlichen Ebene im Osten Korsikas und im s\u00fcdlichen Teil. Einige Kilometer weiter westlich erheben sich jedoch die ersten abgestuften Stufen des riesigen nat\u00fcrlichen Amphitheaters, das die ersten Ausl\u00e4ufer der korsischen Berge bilden. Al\u00e9ria, die bekannte antike Stadt, liegt f\u00fcnfzehn Kilometer weiter n\u00f6rdlich.<br>Ghisonaccia liegt im Zentrum eines gro\u00dfen Produktionsgebiets f\u00fcr Landwirtschaft, Wein, Muscheln und Austern. Es ist auch ein wichtiges Tourismuszentrum, zu dessen Aush\u00e4ngeschildern das Dorf Arinella Bianca geh\u00f6rt.<br>Es empfiehlt sich, die Insel \u00fcber den Hafen von Bastia zu erreichen, der 90 km weiter n\u00f6rdlich liegt und \u00fcber sch\u00f6ne, breite und gerade Stra\u00dfen mit Ghisonaccia verbunden ist. Die Einschiffungsh\u00e4fen sind Marseille f\u00fcr die Meridionale, Toulon oder Nizza f\u00fcr Corsica Ferries. Auch Genua und Savona f\u00fcr einige italienische Gesellschaften sind zu erw\u00e4hnen. Sie sollten jedoch wissen, dass der Preis umso g\u00fcnstiger sein kann, je fr\u00fcher Sie Ihr Ticket buchen.<br>Ein neues Unternehmen, das die SNCM ersetzt, soll im Winter 2015-2016 gegr\u00fcndet werden. Feuilleton wird fortgesetzt!<\/p>\n\n\n\n<ul class=\"wp-block-list\">\n<li><a href=\"http:\/\/www.lameridionale.fr\/\">http:\/\/www.lameridionale.fr\/<\/a><\/li>\n\n\n\n<li><a href=\"http:\/\/www.corsica-ferries.fr\/\">http:\/\/www.corsica-ferries.fr\/<\/a><\/li>\n<\/ul>\n\n\n\n<figure class=\"wp-block-gallery has-nested-images columns-3 is-cropped wp-block-gallery-1 is-layout-flex wp-block-gallery-is-layout-flex\">\n<figure class=\"wp-block-image size-full\"><a href=\"https:\/\/centcols.org\/wp-content\/uploads\/2025\/08\/Photo-122-e.jpg\"><img loading=\"lazy\" decoding=\"async\" width=\"800\" height=\"600\" data-id=\"88541\" src=\"https:\/\/centcols.org\/wp-content\/uploads\/2025\/08\/Photo-122-e.jpg\" alt=\"\" class=\"wp-image-88541\" srcset=\"https:\/\/centcols.org\/wp-content\/uploads\/2025\/08\/Photo-122-e.jpg 800w, https:\/\/centcols.org\/wp-content\/uploads\/2025\/08\/Photo-122-e-768x576.jpg 768w\" sizes=\"auto, (max-width: 800px) 100vw, 800px\" \/><\/a><\/figure>\n\n\n\n<figure class=\"wp-block-image size-full\"><a href=\"https:\/\/centcols.org\/wp-content\/uploads\/2025\/08\/blason-corse-e.jpg\"><img loading=\"lazy\" decoding=\"async\" width=\"350\" height=\"388\" data-id=\"88542\" src=\"https:\/\/centcols.org\/wp-content\/uploads\/2025\/08\/blason-corse-e.jpg\" alt=\"\" class=\"wp-image-88542\"\/><\/a><\/figure>\n\n\n\n<figure class=\"wp-block-image size-full\"><a href=\"https:\/\/centcols.org\/wp-content\/uploads\/2025\/08\/Corse-2006-029-1200x900-1.jpg\"><img loading=\"lazy\" decoding=\"async\" width=\"1200\" height=\"900\" data-id=\"88544\" src=\"https:\/\/centcols.org\/wp-content\/uploads\/2025\/08\/Corse-2006-029-1200x900-1.jpg\" alt=\"\" class=\"wp-image-88544\" srcset=\"https:\/\/centcols.org\/wp-content\/uploads\/2025\/08\/Corse-2006-029-1200x900-1.jpg 1200w, https:\/\/centcols.org\/wp-content\/uploads\/2025\/08\/Corse-2006-029-1200x900-1-768x576.jpg 768w\" sizes=\"auto, (max-width: 1200px) 100vw, 1200px\" \/><\/a><\/figure>\n<\/figure>\n\n\n\n<h2 class=\"wp-block-heading\">Die Schaltkreise<\/h2>\n\n\n\n<p>Am Ende des Winters 2015\/2016 werden unsere Beine noch nicht die F\u00fclle ihrer M\u00f6glichkeiten erreicht haben. Die <a class=\"iframe-fancybox\" href=\"\/de\/membres\/cctours\/tours.php\/?lieu=Ghisonaccia&amp;an=2016\">Strecke<\/a> werden daher mit diesem \u00dcbergangszustand in Verbindung stehen. Die Entfernung von den <a class=\"iframe-fancybox\" href=\"\/de\/membres\/cctours\/tours.php\/?lieu=Ghisonaccia&amp;an=2016&amp;genre=R\">Stra\u00dfenrouten<\/a> wird zwischen 50 und 150 km betragen und einen H\u00f6henunterschied von 850 m bis 2260 m \u00fcberwinden. Die <a class=\"iframe-fancybox\" href=\"\/de\/membres\/cctours\/tours.php\/?lieu=Ghisonaccia&amp;an=2016&amp;genre=V\">Maultierpfade<\/a> wird zwischen 18 und 67 km lang sein und einen H\u00f6henunterschied zwischen 800 und 1700 m aufweisen. Anhand der Karten und Streckenverl\u00e4ufe kann jeder seine Route nach Belieben gestalten.<br>Auf den sieben Stra\u00dfen- und acht Maultierrouten k\u00f6nnen Sie die Ostseite Korsikas erkunden. Die Castagniccia schlie\u00dft die Ebene im Norden ab. Die zahlreichen D\u00f6rfer mit ihren eng aneinander gebauten Steinh\u00e4usern und Schieferd\u00e4chern ragen aus den dunklen, weitl\u00e4ufigen Kastanienw\u00e4ldern heraus. Weiter s\u00fcdlich erstrecken sich die T\u00e4ler, die alle nach Osten gerichtet sind und die \u00f6stliche Ebene bew\u00e4ssern. Auch hier liegen die D\u00f6rfer auf den Bergk\u00e4mmen und bilden Aussichtspunkte auf die \u00f6stliche Ebene, das Tyrrhenische Meer, den toskanischen Archipel und sogar die Toskana in der Ferne, die von den schneebedeckten Gipfeln des Apennins \u00fcberragt wird. Den Raum weiter s\u00fcdlich schlie\u00dfen die Massive von Bavella und Paliri ab, Granitbastionen, die von den Jahrtausenden gemei\u00dfelt wurden. Im \u00e4u\u00dfersten S\u00fcden Korsikas schlie\u00dflich wechselt das K\u00fcstenrelief zwischen von Str\u00e4nden ges\u00e4umten Buchten und felsigen Landzungen. Bonifacio, das zwischen dem Fjord und den wei\u00dfen Klippen liegt, wird ebenfalls einen Besuch wert sein.<br>Alle Touren erfordern eine vorherige Anfahrt mit dem Auto, die im Durchschnitt 25 km auf geraden Stra\u00dfen betr\u00e4gt. Oft, aber nicht immer, befinden sich die Abfahrtsorte der Stra\u00dfen- und Maultierrouten im selben geografischen Gebiet.<br>Insgesamt wird unsere CO2-Bilanz weiterhin weitgehend zu unserem Vorteil sein!<\/p>\n\n\n\n<h2 class=\"wp-block-heading\">Die P\u00e4sse<\/h2>\n\n\n\n<p>Sie alle hier aufzuz\u00e4hlen w\u00e4re m\u00fchsam, aber einige verdienen dennoch besondere Aufmerksamkeit.<\/p>\n\n\n\n<ul class=\"wp-block-list\">\n<li>Der Col de Bavella: Bekannt als einer der sch\u00f6nsten P\u00e4sse Frankreichs.<\/li>\n\n\n\n<li>Der Col de Verde: dritth\u00f6chster Stra\u00dfenpass S\u00fcdkorsikas, 30 km lange Stra\u00dfen, die von Laricio-Kiefernw\u00e4ldern ges\u00e4umt sind.<\/li>\n\n\n\n<li>Der Sorba-Pass: Der h\u00f6chste Stra\u00dfenpass der Haute-Corse, der auf der gleichen Route wie der vorherige Pass zu finden ist. Auch der alpinste!<\/li>\n\n\n\n<li>Der Illarata-Pass: im wundersch\u00f6nen Wald von Ospedale. Kiefernwald, aber auch W\u00e4lder mit Granitmonolithen. Der lange Abstieg erfolgt gegen\u00fcber den K\u00fcstengolfen der \u00abStadt des Salzes\u00bb, Porto-Vecchio.<\/li>\n\n\n\n<li>Wage ich es, Ihnen von der Rundreise R4, \u00abDer gro\u00dfe S\u00fcden\u00bb, zu erz\u00e4hlen, die 12 P\u00e4sse aneinanderreiht, von denen 7 unter 100 m H\u00f6he, 3 unter 200 m H\u00f6he und 2 unter 300 m H\u00f6he liegen! Sch\u00e4ndlich f\u00fcr P\u00e4ssekletterer?<\/li>\n\n\n\n<li>Andere lokale Ruhmestaten: Bocca di a Guardia, 19 m vor der Abflachung der Stra\u00dfe. Col Saint-Roch, der s\u00fcdlichste Pass Frankreichs.<\/li>\n<\/ul>\n\n\n\n<p>Die Maultierp\u00e4sse sind unauff\u00e4lliger und weniger bekannt. Die meisten befinden sich am Ende eines Pfades, der sich durch ausgedehnte Laricio-Kiefernw\u00e4lder schl\u00e4ngelt. Sie verlaufen gerade und m\u00e4chtig im Schutz der T\u00e4ler, die bei der Ann\u00e4herung an einige windige P\u00e4sse gequ\u00e4lt werden. Einige andere Passagen erfordern ein wenig Geschick oder Geduld, um sie am Ende eines Pfades zu erreichen.<\/p>\n\n\n\n<p>Viele von uns haben Korsika bereits auf seinen Stra\u00dfen und Wegen durchstreift. Aber zweifellos verbirgt sie noch einige Juwelen, die abseits der klassischen Hauptwanderrouten liegen. Vierundsiebzig Stra\u00dfenp\u00e4sse befinden sich auf den Stra\u00dfenrouten und vierundsiebzig P\u00e4sse auf den Maultierrouten.<\/p>\n\n\n\n<h2 class=\"wp-block-heading\">Unterkunft<\/h2>\n\n\n\n<p>Das Feriendorf, <a href=\"http:\/\/www.camping-corse.fr\/\" target=\"_blank\" rel=\"noopener\">die Arinella Bianca<\/a>, Der Strand von Arinella befindet sich viereinhalb Kilometer \u00f6stlich der Stadt Ghisonaccia. Arinella bianca bedeutet \u00fcbersetzt wei\u00dfer Strand. Und es ist genau ein wei\u00dfer Strand, der sich nur wenige Schritte vom Speisesaal des Zentrums entfernt befindet.<br>Die Unterbringung erfolgt in Mobilheimen (NDT: mobile home): 32 m<sup>2<\/sup>, Zwei Schlafzimmer, eines davon mit einem Doppelbett und das andere mit zwei Einzelbetten. Belegung nur mit zwei Personen. Bettw\u00e4sche und Handt\u00fccher werden gestellt. Kleine ausgestattete K\u00fcche und sch\u00f6ne Terrasse. Endreinigung inklusive.<\/p>\n\n\n\n<figure class=\"wp-block-gallery has-nested-images columns-3 is-cropped wp-block-gallery-2 is-layout-flex wp-block-gallery-is-layout-flex\">\n<figure class=\"wp-block-image size-full\"><a href=\"https:\/\/centcols.org\/wp-content\/uploads\/2025\/08\/DSC04558-1200x900-1.jpg\"><img loading=\"lazy\" decoding=\"async\" width=\"1200\" height=\"900\" data-id=\"88545\" src=\"https:\/\/centcols.org\/wp-content\/uploads\/2025\/08\/DSC04558-1200x900-1.jpg\" alt=\"\" class=\"wp-image-88545\" srcset=\"https:\/\/centcols.org\/wp-content\/uploads\/2025\/08\/DSC04558-1200x900-1.jpg 1200w, https:\/\/centcols.org\/wp-content\/uploads\/2025\/08\/DSC04558-1200x900-1-768x576.jpg 768w\" sizes=\"auto, (max-width: 1200px) 100vw, 1200px\" \/><\/a><\/figure>\n\n\n\n<figure class=\"wp-block-image size-full\"><a href=\"https:\/\/centcols.org\/wp-content\/uploads\/2025\/08\/Photo-079-e.jpg\"><img loading=\"lazy\" decoding=\"async\" width=\"800\" height=\"600\" data-id=\"88546\" src=\"https:\/\/centcols.org\/wp-content\/uploads\/2025\/08\/Photo-079-e.jpg\" alt=\"\" class=\"wp-image-88546\" srcset=\"https:\/\/centcols.org\/wp-content\/uploads\/2025\/08\/Photo-079-e.jpg 800w, https:\/\/centcols.org\/wp-content\/uploads\/2025\/08\/Photo-079-e-768x576.jpg 768w\" sizes=\"auto, (max-width: 800px) 100vw, 800px\" \/><\/a><\/figure>\n\n\n\n<figure class=\"wp-block-image size-full\"><a href=\"https:\/\/centcols.org\/wp-content\/uploads\/2025\/08\/Photo-101-e.jpg\"><img loading=\"lazy\" decoding=\"async\" width=\"800\" height=\"600\" data-id=\"88547\" src=\"https:\/\/centcols.org\/wp-content\/uploads\/2025\/08\/Photo-101-e.jpg\" alt=\"\" class=\"wp-image-88547\" srcset=\"https:\/\/centcols.org\/wp-content\/uploads\/2025\/08\/Photo-101-e.jpg 800w, https:\/\/centcols.org\/wp-content\/uploads\/2025\/08\/Photo-101-e-768x576.jpg 768w\" sizes=\"auto, (max-width: 800px) 100vw, 800px\" \/><\/a><\/figure>\n<\/figure>\n\n\n\n<p>F\u00fcr Camper: Ausgehandelte \u00abACSI\u00bb-Tarife f\u00fcr alle. 19 \u20ac + 0.65 \u20ac (Steuern)\/Person\/Tag. Reservierung muss individuell erfolgen.<br>Es besteht die M\u00f6glichkeit, die Ankunft vorzuverlegen oder den Aufenthalt zu verl\u00e4ngern. Die Kosten betragen 49 \u20ac pro Unterkunft f\u00fcr zwei Personen pro Tag. Die Buchung erfolgt direkt beim Ferienzentrum.<\/p>\n\n\n\n<p>Der Aufenthalt beginnt am Sonntagmorgen, den 24.04.2016, bei der Ankunft der Teilnehmer. Die Reisetaschen werden abgegeben und die Abfahrt zu den Touren R1 oder V1 erfolgt um 11 Uhr. Die Schl\u00fcssel\u00fcbergabe f\u00fcr die Unterkunft findet in der Regel bei der R\u00fcckkehr statt.<br>Der Samstagabend (30.04.) markiert das Ende des Aufenthalts nach der Tageswanderung. Jeder bekommt ein Lunchpaket f\u00fcr den Abend.<\/p>\n\n\n\n<p>L'Arinella Bianca, Route de la mer, 20240 GHISONACCIA<br>Kontakt: MARTINA - Tel.: +33 (0)4 95 56 04 78 - E-Mail:&nbsp; <a href=\"\/de\/&\/#109;&#x61;&#105;&#x6c;t&#x6f;:&#97;&#x72;&#105;&#x6e;e&#x6c;l&#97;&#x40;&#97;&#x72;i&#x6e;e&#108;&#x6c;&#97;&#x62;i&#x61;n&#99;&#x61;&#46;&#x63;o&#x6d;\">arinella@arinellabianca.com<\/a><br>Lat. 42.0168 Long. 9.4040 (siehe Karte unten)<\/p>\n\n\n\n<h2 class=\"wp-block-heading\">N\u00fctzliche Tipps<\/h2>\n\n\n\n<p>Wetter: Der Fr\u00fchling ist auf Korsika eine regenreiche Jahreszeit, aber es kann auch schon hei\u00df sein.  Planen Sie ad-hoc-Ausr\u00fcstung ein.<\/p>\n\n\n\n<p>Stra\u00dfen: sind nicht nur f\u00fcr Radfahrer gedacht und werden das ganze Jahr \u00fcber von Einheimischen benutzt, die sie f\u00fcr ihre Reisen und ihre Arbeit nutzen. Versuchen wir, sie zu respektieren! Dasselbe gilt f\u00fcr Parkpl\u00e4tze!<\/p>\n\n\n\n<p>Gerade die Einheimischen: Sie freuen sich, wenn Sie sich f\u00fcr sie interessieren, indem Sie sie gr\u00fc\u00dfen, wenn Sie ihnen begegnen, mit ihnen sprechen oder sie \u00fcber ihr Land befragen.<\/p>\n\n\n\n<p>In Ghisonaccia gibt es keine Fahrradh\u00e4ndler, aber im 56 km entfernten Porto-Vecchio.<\/p>\n\n\n\n<h2 class=\"wp-block-heading\">Tourismus<\/h2>\n\n\n\n<h3 class=\"wp-block-heading\">&nbsp;Informationsstandorte :<\/h3>\n\n\n\n<ul class=\"wp-block-list\">\n<li><a href=\"http:\/\/www.corsica-costaserena.com\" target=\"_blank\" rel=\"noopener\">http:\/\/www.corsica-costaserena.com<\/a><\/li>\n\n\n\n<li><a href=\"http:\/\/www.oriente-corsica.com\" target=\"_blank\" rel=\"noopener\">http:\/\/www.oriente-corsica.com <\/a><\/li>\n<\/ul>\n\n\n\n<h3 class=\"wp-block-heading\">Was man in der Umgebung sehen oder unternehmen kann :<\/h3>\n\n\n\n<ul class=\"wp-block-list\">\n<li>Das Museum von Al\u00e9ria, das in der Festung von Matra untergebracht ist, erz\u00e4hlt zehn Jahrhunderte korsischer Geschichte, vom 10. Jahrhundert v. Chr. bis zum 5. Jahrhundert unserer Zeitrechnung.<\/li>\n\n\n\n<li>Die antike St\u00e4tte von Al\u00e9ria, \u00dcberreste der r\u00f6mischen Besiedlung.<\/li>\n\n\n\n<li>Das Museum Mnemosina in Prunelli di Fium'Orbu, Heraufbeschw\u00f6rung der Geschichte des Fium'Orbu im Laufe der Zeit.<\/li>\n\n\n\n<li>Die D\u00f6rfer am Osthang, die auf den Bergr\u00fccken thronen und die Flusst\u00e4ler und die \u00f6stliche Ebene \u00fcberblicken, und ihr bauliches Erbe.<\/li>\n\n\n\n<li>Die Produktion von lokalen Handwerkern und Landwirten. Besuchen Sie ihre Werkst\u00e4tten, Labore oder Betriebe.<\/li>\n\n\n\n<li>Wandern Sie auf den Spazierwegen um die D\u00f6rfer oder entlang der K\u00fcstenseen, die an die nat\u00fcrlichen Lebensr\u00e4ume erinnern.<\/li>\n<\/ul>\n\n\n\n<p>Das Tourismusb\u00fcro von Ghisonaccia wird uns ein t\u00e4gliches Programm f\u00fcr Besichtigungen oder Wanderungen in der Umgebung vorschlagen. Eine Kulturf\u00fchrerin wird Ihnen ebenfalls zur Verf\u00fcgung stehen, um die charakteristischen Orte der Mikroregion zu besichtigen.<\/p>\n\n\n\n<p>Bernard Giraudeau CC 3872<\/p>\n\n\n\n<h2 class=\"wp-block-heading\">Anmeldung<\/h2>\n\n\n\n<p>Um sich anzumelden, laden Sie das PDF-Anmeldeformular herunter und folgen Sie den darin enthaltenen Anweisungen.<\/p>","protected":false},"excerpt":{"rendered":"<p>Ce n\u2019est pas courant que les membres du Club des Cent Cols se donnent rendez-vous en \u00ab&nbsp;plaine&nbsp;\u00bb, en dehors de leurs ch\u00e8res montagnes o\u00f9 se cueillent \u00e0 foison le col commun, le petit col, le col dur ou le col mythique&nbsp;et en \u00ab Plaine orientale&nbsp;\u00bb de surcro\u00eet, qui \u00e9voque plut\u00f4t les d\u00e9serts arides des contr\u00e9es [&hellip;]<\/p>\n","protected":false},"author":3,"featured_media":82966,"comment_status":"closed","ping_status":"closed","sticky":false,"template":"","format":"standard","meta":{"_acf_changed":false,"footnotes":""},"categories":[349,368,366,399,135,231],"tags":[],"class_list":["post-81757","post","type-post","status-publish","format-standard","has-post-thumbnail","hentry","category-france-pays-sejours","category-corse-region-sejours","category-20-corse","category-corse-massif-sejours","category-calendrier","category-sejours"],"acf":[],"yoast_head":"<!-- This site is optimized with the Yoast SEO plugin v27.2 - https:\/\/yoast.com\/product\/yoast-seo-wordpress\/ -->\n<title>S\u00e9jour de printemps \u00e0 Ghisonaccia (Corse) du 24 au 30 avril 2016 - Club des Cent Cols<\/title>\n<meta name=\"robots\" content=\"index, follow, max-snippet:-1, max-image-preview:large, max-video-preview:-1\" \/>\n<link rel=\"canonical\" href=\"https:\/\/centcols.org\/de\/aufenthalt-2016-ghisonaccia\/\" \/>\n<meta property=\"og:locale\" content=\"de_DE\" \/>\n<meta property=\"og:type\" content=\"article\" \/>\n<meta property=\"og:title\" content=\"S\u00e9jour de printemps \u00e0 Ghisonaccia (Corse) du 24 au 30 avril 2016 - Club des Cent Cols\" \/>\n<meta property=\"og:description\" content=\"Ce n\u2019est pas courant que les membres du Club des Cent Cols se donnent rendez-vous en \u00ab&nbsp;plaine&nbsp;\u00bb, en dehors de leurs ch\u00e8res montagnes o\u00f9 se cueillent \u00e0 foison le col commun, le petit col, le col dur ou le col mythique&nbsp;et en \u00ab Plaine orientale&nbsp;\u00bb de surcro\u00eet, qui \u00e9voque plut\u00f4t les d\u00e9serts arides des contr\u00e9es [&hellip;]\" \/>\n<meta property=\"og:url\" content=\"https:\/\/centcols.org\/de\/aufenthalt-2016-ghisonaccia\/\" \/>\n<meta property=\"og:site_name\" content=\"Club des Cent Cols\" \/>\n<meta property=\"article:publisher\" content=\"https:\/\/www.facebook.com\/groups\/5261880558\/?locale=fr_FR\" \/>\n<meta property=\"article:published_time\" content=\"2016-01-16T04:00:04+00:00\" \/>\n<meta property=\"article:modified_time\" content=\"2025-08-29T16:03:18+00:00\" \/>\n<meta property=\"og:image\" content=\"https:\/\/centcols.org\/wp-content\/uploads\/2015\/10\/DSC04558-1200x9001-1.jpg\" \/>\n\t<meta property=\"og:image:width\" content=\"1200\" \/>\n\t<meta property=\"og:image:height\" content=\"900\" \/>\n\t<meta property=\"og:image:type\" content=\"image\/jpeg\" \/>\n<meta name=\"author\" content=\"Webmestre\" \/>\n<meta name=\"twitter:card\" content=\"summary_large_image\" \/>\n<meta name=\"twitter:label1\" content=\"Verfasst von\" \/>\n\t<meta name=\"twitter:data1\" content=\"Webmestre\" \/>\n\t<meta name=\"twitter:label2\" content=\"Gesch\u00e4tzte Lesezeit\" \/>\n\t<meta name=\"twitter:data2\" content=\"9\u00a0Minuten\" \/>\n<script type=\"application\/ld+json\" class=\"yoast-schema-graph\">{\"@context\":\"https:\/\/schema.org\",\"@graph\":[{\"@type\":\"Article\",\"@id\":\"https:\/\/centcols.org\/sejour-2016-ghisonaccia\/#article\",\"isPartOf\":{\"@id\":\"https:\/\/centcols.org\/sejour-2016-ghisonaccia\/\"},\"author\":{\"name\":\"Webmestre\",\"@id\":\"https:\/\/centcols.org\/#\/schema\/person\/911b404fb133d8c913dd27cdcf71c8e5\"},\"headline\":\"S\u00e9jour de printemps \u00e0 Ghisonaccia (Corse) du 24 au 30 avril 2016\",\"datePublished\":\"2016-01-16T04:00:04+00:00\",\"dateModified\":\"2025-08-29T16:03:18+00:00\",\"mainEntityOfPage\":{\"@id\":\"https:\/\/centcols.org\/sejour-2016-ghisonaccia\/\"},\"wordCount\":1547,\"publisher\":{\"@id\":\"https:\/\/centcols.org\/#organization\"},\"image\":{\"@id\":\"https:\/\/centcols.org\/sejour-2016-ghisonaccia\/#primaryimage\"},\"thumbnailUrl\":\"https:\/\/centcols.org\/wp-content\/uploads\/2015\/10\/DSC04558-1200x9001-1.jpg\",\"articleSection\":[\"France\",\"Corse\",\"20-Corse\",\"Corse\",\"Calendrier\",\"S\u00e9jours du Club des Cent Cols\"],\"inLanguage\":\"de\"},{\"@type\":\"WebPage\",\"@id\":\"https:\/\/centcols.org\/sejour-2016-ghisonaccia\/\",\"url\":\"https:\/\/centcols.org\/sejour-2016-ghisonaccia\/\",\"name\":\"S\u00e9jour de printemps \u00e0 Ghisonaccia (Corse) du 24 au 30 avril 2016 - Club des Cent Cols\",\"isPartOf\":{\"@id\":\"https:\/\/centcols.org\/#website\"},\"primaryImageOfPage\":{\"@id\":\"https:\/\/centcols.org\/sejour-2016-ghisonaccia\/#primaryimage\"},\"image\":{\"@id\":\"https:\/\/centcols.org\/sejour-2016-ghisonaccia\/#primaryimage\"},\"thumbnailUrl\":\"https:\/\/centcols.org\/wp-content\/uploads\/2015\/10\/DSC04558-1200x9001-1.jpg\",\"datePublished\":\"2016-01-16T04:00:04+00:00\",\"dateModified\":\"2025-08-29T16:03:18+00:00\",\"breadcrumb\":{\"@id\":\"https:\/\/centcols.org\/sejour-2016-ghisonaccia\/#breadcrumb\"},\"inLanguage\":\"de\",\"potentialAction\":[{\"@type\":\"ReadAction\",\"target\":[\"https:\/\/centcols.org\/sejour-2016-ghisonaccia\/\"]}]},{\"@type\":\"ImageObject\",\"inLanguage\":\"de\",\"@id\":\"https:\/\/centcols.org\/sejour-2016-ghisonaccia\/#primaryimage\",\"url\":\"https:\/\/centcols.org\/wp-content\/uploads\/2015\/10\/DSC04558-1200x9001-1.jpg\",\"contentUrl\":\"https:\/\/centcols.org\/wp-content\/uploads\/2015\/10\/DSC04558-1200x9001-1.jpg\",\"width\":1200,\"height\":900},{\"@type\":\"BreadcrumbList\",\"@id\":\"https:\/\/centcols.org\/sejour-2016-ghisonaccia\/#breadcrumb\",\"itemListElement\":[{\"@type\":\"ListItem\",\"position\":1,\"name\":\"Accueil\",\"item\":\"https:\/\/centcols.org\/\"},{\"@type\":\"ListItem\",\"position\":2,\"name\":\"S\u00e9jours du Club des Cent Cols\",\"item\":\"https:\/\/centcols.org\/rubrique\/sejours\/\"},{\"@type\":\"ListItem\",\"position\":3,\"name\":\"Pays\",\"item\":\"https:\/\/centcols.org\/rubrique\/sejours\/pays-sejours\/\"},{\"@type\":\"ListItem\",\"position\":4,\"name\":\"France\",\"item\":\"https:\/\/centcols.org\/rubrique\/sejours\/pays-sejours\/france-pays-sejours\/\"},{\"@type\":\"ListItem\",\"position\":5,\"name\":\"S\u00e9jour de printemps \u00e0 Ghisonaccia (Corse) du 24 au 30 avril 2016\"}]},{\"@type\":\"WebSite\",\"@id\":\"https:\/\/centcols.org\/#website\",\"url\":\"https:\/\/centcols.org\/\",\"name\":\"Club des Cent Cols\",\"description\":\"\",\"publisher\":{\"@id\":\"https:\/\/centcols.org\/#organization\"},\"potentialAction\":[{\"@type\":\"SearchAction\",\"target\":{\"@type\":\"EntryPoint\",\"urlTemplate\":\"https:\/\/centcols.org\/?s={search_term_string}\"},\"query-input\":{\"@type\":\"PropertyValueSpecification\",\"valueRequired\":true,\"valueName\":\"search_term_string\"}}],\"inLanguage\":\"de\"},{\"@type\":\"Organization\",\"@id\":\"https:\/\/centcols.org\/#organization\",\"name\":\"Club des Cent Cols\",\"url\":\"https:\/\/centcols.org\/\",\"logo\":{\"@type\":\"ImageObject\",\"inLanguage\":\"de\",\"@id\":\"https:\/\/centcols.org\/#\/schema\/logo\/image\/\",\"url\":\"https:\/\/centcols.org\/wp-content\/uploads\/2025\/01\/carte-icone.png\",\"contentUrl\":\"https:\/\/centcols.org\/wp-content\/uploads\/2025\/01\/carte-icone.png\",\"width\":250,\"height\":250,\"caption\":\"Club des Cent Cols\"},\"image\":{\"@id\":\"https:\/\/centcols.org\/#\/schema\/logo\/image\/\"},\"sameAs\":[\"https:\/\/www.facebook.com\/groups\/5261880558\/?locale=fr_FR\"]},{\"@type\":\"Person\",\"@id\":\"https:\/\/centcols.org\/#\/schema\/person\/911b404fb133d8c913dd27cdcf71c8e5\",\"name\":\"Webmestre\",\"image\":{\"@type\":\"ImageObject\",\"inLanguage\":\"de\",\"@id\":\"https:\/\/centcols.org\/wp-content\/litespeed\/avatar\/2d246e4b6b4f773e08515e1ffc53690b.jpg?ver=1777222892\",\"url\":\"https:\/\/centcols.org\/wp-content\/litespeed\/avatar\/2d246e4b6b4f773e08515e1ffc53690b.jpg?ver=1777222892\",\"contentUrl\":\"https:\/\/centcols.org\/wp-content\/litespeed\/avatar\/2d246e4b6b4f773e08515e1ffc53690b.jpg?ver=1777222892\",\"caption\":\"Webmestre\"},\"url\":\"https:\/\/centcols.org\/de\/author\/webmestre\/\"}]}<\/script>\n<!-- \/ Yoast SEO plugin. -->","yoast_head_json":{"title":"Fr\u00fchlingsaufenthalt in Ghisonaccia (Korsika) vom 24. bis 30. April 2016 - Club des Cent Cols","robots":{"index":"index","follow":"follow","max-snippet":"max-snippet:-1","max-image-preview":"max-image-preview:large","max-video-preview":"max-video-preview:-1"},"canonical":"https:\/\/centcols.org\/de\/aufenthalt-2016-ghisonaccia\/","og_locale":"de_DE","og_type":"article","og_title":"S\u00e9jour de printemps \u00e0 Ghisonaccia (Corse) du 24 au 30 avril 2016 - Club des Cent Cols","og_description":"Ce n\u2019est pas courant que les membres du Club des Cent Cols se donnent rendez-vous en \u00ab&nbsp;plaine&nbsp;\u00bb, en dehors de leurs ch\u00e8res montagnes o\u00f9 se cueillent \u00e0 foison le col commun, le petit col, le col dur ou le col mythique&nbsp;et en \u00ab Plaine orientale&nbsp;\u00bb de surcro\u00eet, qui \u00e9voque plut\u00f4t les d\u00e9serts arides des contr\u00e9es [&hellip;]","og_url":"https:\/\/centcols.org\/de\/aufenthalt-2016-ghisonaccia\/","og_site_name":"Club des Cent Cols","article_publisher":"https:\/\/www.facebook.com\/groups\/5261880558\/?locale=fr_FR","article_published_time":"2016-01-16T04:00:04+00:00","article_modified_time":"2025-08-29T16:03:18+00:00","og_image":[{"width":1200,"height":900,"url":"https:\/\/centcols.org\/wp-content\/uploads\/2015\/10\/DSC04558-1200x9001-1.jpg","type":"image\/jpeg"}],"author":"Webmestre","twitter_card":"summary_large_image","twitter_misc":{"Verfasst von":"Webmestre","Gesch\u00e4tzte Lesezeit":"9\u00a0Minuten"},"schema":{"@context":"https:\/\/schema.org","@graph":[{"@type":"Article","@id":"https:\/\/centcols.org\/sejour-2016-ghisonaccia\/#article","isPartOf":{"@id":"https:\/\/centcols.org\/sejour-2016-ghisonaccia\/"},"author":{"name":"Webmestre","@id":"https:\/\/centcols.org\/#\/schema\/person\/911b404fb133d8c913dd27cdcf71c8e5"},"headline":"S\u00e9jour de printemps \u00e0 Ghisonaccia (Corse) du 24 au 30 avril 2016","datePublished":"2016-01-16T04:00:04+00:00","dateModified":"2025-08-29T16:03:18+00:00","mainEntityOfPage":{"@id":"https:\/\/centcols.org\/sejour-2016-ghisonaccia\/"},"wordCount":1547,"publisher":{"@id":"https:\/\/centcols.org\/#organization"},"image":{"@id":"https:\/\/centcols.org\/sejour-2016-ghisonaccia\/#primaryimage"},"thumbnailUrl":"https:\/\/centcols.org\/wp-content\/uploads\/2015\/10\/DSC04558-1200x9001-1.jpg","articleSection":["France","Corse","20-Corse","Corse","Calendrier","S\u00e9jours du Club des Cent Cols"],"inLanguage":"de"},{"@type":"WebPage","@id":"https:\/\/centcols.org\/sejour-2016-ghisonaccia\/","url":"https:\/\/centcols.org\/sejour-2016-ghisonaccia\/","name":"Fr\u00fchlingsaufenthalt in Ghisonaccia (Korsika) vom 24. bis 30. April 2016 - Club des Cent Cols","isPartOf":{"@id":"https:\/\/centcols.org\/#website"},"primaryImageOfPage":{"@id":"https:\/\/centcols.org\/sejour-2016-ghisonaccia\/#primaryimage"},"image":{"@id":"https:\/\/centcols.org\/sejour-2016-ghisonaccia\/#primaryimage"},"thumbnailUrl":"https:\/\/centcols.org\/wp-content\/uploads\/2015\/10\/DSC04558-1200x9001-1.jpg","datePublished":"2016-01-16T04:00:04+00:00","dateModified":"2025-08-29T16:03:18+00:00","breadcrumb":{"@id":"https:\/\/centcols.org\/sejour-2016-ghisonaccia\/#breadcrumb"},"inLanguage":"de","potentialAction":[{"@type":"ReadAction","target":["https:\/\/centcols.org\/sejour-2016-ghisonaccia\/"]}]},{"@type":"ImageObject","inLanguage":"de","@id":"https:\/\/centcols.org\/sejour-2016-ghisonaccia\/#primaryimage","url":"https:\/\/centcols.org\/wp-content\/uploads\/2015\/10\/DSC04558-1200x9001-1.jpg","contentUrl":"https:\/\/centcols.org\/wp-content\/uploads\/2015\/10\/DSC04558-1200x9001-1.jpg","width":1200,"height":900},{"@type":"BreadcrumbList","@id":"https:\/\/centcols.org\/sejour-2016-ghisonaccia\/#breadcrumb","itemListElement":[{"@type":"ListItem","position":1,"name":"Accueil","item":"https:\/\/centcols.org\/"},{"@type":"ListItem","position":2,"name":"S\u00e9jours du Club des Cent Cols","item":"https:\/\/centcols.org\/rubrique\/sejours\/"},{"@type":"ListItem","position":3,"name":"Pays","item":"https:\/\/centcols.org\/rubrique\/sejours\/pays-sejours\/"},{"@type":"ListItem","position":4,"name":"France","item":"https:\/\/centcols.org\/rubrique\/sejours\/pays-sejours\/france-pays-sejours\/"},{"@type":"ListItem","position":5,"name":"S\u00e9jour de printemps \u00e0 Ghisonaccia (Corse) du 24 au 30 avril 2016"}]},{"@type":"WebSite","@id":"https:\/\/centcols.org\/#website","url":"https:\/\/centcols.org\/","name":"Club des Cent Cols","description":"","publisher":{"@id":"https:\/\/centcols.org\/#organization"},"potentialAction":[{"@type":"SearchAction","target":{"@type":"EntryPoint","urlTemplate":"https:\/\/centcols.org\/?s={search_term_string}"},"query-input":{"@type":"PropertyValueSpecification","valueRequired":true,"valueName":"search_term_string"}}],"inLanguage":"de"},{"@type":"Organization","@id":"https:\/\/centcols.org\/#organization","name":"Club des Cent Cols","url":"https:\/\/centcols.org\/","logo":{"@type":"ImageObject","inLanguage":"de","@id":"https:\/\/centcols.org\/#\/schema\/logo\/image\/","url":"https:\/\/centcols.org\/wp-content\/uploads\/2025\/01\/carte-icone.png","contentUrl":"https:\/\/centcols.org\/wp-content\/uploads\/2025\/01\/carte-icone.png","width":250,"height":250,"caption":"Club des Cent Cols"},"image":{"@id":"https:\/\/centcols.org\/#\/schema\/logo\/image\/"},"sameAs":["https:\/\/www.facebook.com\/groups\/5261880558\/?locale=fr_FR"]},{"@type":"Person","@id":"https:\/\/centcols.org\/#\/schema\/person\/911b404fb133d8c913dd27cdcf71c8e5","name":"Webmaster","image":{"@type":"ImageObject","inLanguage":"de","@id":"https:\/\/centcols.org\/wp-content\/litespeed\/avatar\/2d246e4b6b4f773e08515e1ffc53690b.jpg?ver=1777222892","url":"https:\/\/centcols.org\/wp-content\/litespeed\/avatar\/2d246e4b6b4f773e08515e1ffc53690b.jpg?ver=1777222892","contentUrl":"https:\/\/centcols.org\/wp-content\/litespeed\/avatar\/2d246e4b6b4f773e08515e1ffc53690b.jpg?ver=1777222892","caption":"Webmestre"},"url":"https:\/\/centcols.org\/de\/author\/webmestre\/"}]}},"_links":{"self":[{"href":"https:\/\/centcols.org\/de\/wp-json\/wp\/v2\/posts\/81757","targetHints":{"allow":["GET"]}}],"collection":[{"href":"https:\/\/centcols.org\/de\/wp-json\/wp\/v2\/posts"}],"about":[{"href":"https:\/\/centcols.org\/de\/wp-json\/wp\/v2\/types\/post"}],"author":[{"embeddable":true,"href":"https:\/\/centcols.org\/de\/wp-json\/wp\/v2\/users\/3"}],"replies":[{"embeddable":true,"href":"https:\/\/centcols.org\/de\/wp-json\/wp\/v2\/comments?post=81757"}],"version-history":[{"count":0,"href":"https:\/\/centcols.org\/de\/wp-json\/wp\/v2\/posts\/81757\/revisions"}],"wp:featuredmedia":[{"embeddable":true,"href":"https:\/\/centcols.org\/de\/wp-json\/wp\/v2\/media\/82966"}],"wp:attachment":[{"href":"https:\/\/centcols.org\/de\/wp-json\/wp\/v2\/media?parent=81757"}],"wp:term":[{"taxonomy":"category","embeddable":true,"href":"https:\/\/centcols.org\/de\/wp-json\/wp\/v2\/categories?post=81757"},{"taxonomy":"post_tag","embeddable":true,"href":"https:\/\/centcols.org\/de\/wp-json\/wp\/v2\/tags?post=81757"}],"curies":[{"name":"wp","href":"https:\/\/api.w.org\/{rel}","templated":true}]}}