{"id":81768,"date":"2016-05-04T11:18:45","date_gmt":"2016-05-04T09:18:45","guid":{"rendered":"https:\/\/centcols.org\/sejour-estival-a-vassieux-en-vercors-drome-du-16-au-24-juillet-2016\/"},"modified":"2025-09-01T18:06:16","modified_gmt":"2025-09-01T16:06:16","slug":"aufenthalt-2016-vassieux","status":"publish","type":"post","link":"https:\/\/centcols.org\/de\/sejour-2016-vassieux\/","title":{"rendered":"Sommeraufenthalt in Vassieux-en-Vercors (Dr\u00f4me) vom 16. bis 24. Juli 2016"},"content":{"rendered":"<h2 class=\"wp-block-heading\">Erkl\u00e4rungen<\/h2>\n\n\n\n<p>Der Sommeraufenthalt 2016 findet vom 16. bis 24. Juli im <a href=\"http:\/\/www.lepiroulet.com\/spip\/Vassieux-en-Vercors.html\" target=\"_blank\" rel=\"noreferrer noopener\">Piroulet<\/a> in der Gemeinde Vassieux-en-Vercors.<\/p>\n\n\n\n<p>Die Fotos auf dieser Seite (Landschaften, Fauna, Flora) wurden haupts\u00e4chlich von Mich\u00e8le Sassoulas zur Verf\u00fcgung gestellt.<\/p>\n\n\n\n<figure class=\"wp-block-gallery has-nested-images columns-3 is-cropped wp-block-gallery-1 is-layout-flex wp-block-gallery-is-layout-flex\">\n<figure class=\"wp-block-image size-full\"><a href=\"https:\/\/centcols.org\/wp-content\/uploads\/2016\/05\/200_blason_vassieux00001.png\"><img loading=\"lazy\" decoding=\"async\" width=\"200\" height=\"220\" data-id=\"88731\" src=\"https:\/\/centcols.org\/wp-content\/uploads\/2016\/05\/200_blason_vassieux00001.png\" alt=\"\" class=\"wp-image-88731\"\/><\/a><figcaption class=\"wp-element-caption\">Vassieux<\/figcaption><\/figure>\n\n\n\n<figure class=\"wp-block-image size-full\"><a href=\"https:\/\/centcols.org\/wp-content\/uploads\/2016\/05\/villagevassieux.jpg\"><img loading=\"lazy\" decoding=\"async\" width=\"1024\" height=\"768\" data-id=\"88732\" src=\"https:\/\/centcols.org\/wp-content\/uploads\/2016\/05\/villagevassieux.jpg\" alt=\"\" class=\"wp-image-88732\" srcset=\"https:\/\/centcols.org\/wp-content\/uploads\/2016\/05\/villagevassieux.jpg 1024w, https:\/\/centcols.org\/wp-content\/uploads\/2016\/05\/villagevassieux-768x576.jpg 768w\" sizes=\"auto, (max-width: 1024px) 100vw, 1024px\" \/><\/a><figcaption class=\"wp-element-caption\">das Dorf Vassieux-en-Vercors von den Felsen von Beausi\u00e8re aus<\/figcaption><\/figure>\n\n\n\n<figure class=\"wp-block-image size-full\"><a href=\"https:\/\/centcols.org\/wp-content\/uploads\/2016\/05\/Blason_province_fr_Dauphine.svg_.png\"><img loading=\"lazy\" decoding=\"async\" width=\"200\" height=\"220\" data-id=\"88733\" src=\"https:\/\/centcols.org\/wp-content\/uploads\/2016\/05\/Blason_province_fr_Dauphine.svg_.png\" alt=\"\" class=\"wp-image-88733\"\/><\/a><figcaption class=\"wp-element-caption\">Dauphin\u00e9<\/figcaption><\/figure>\n<\/figure>\n\n\n\n<figure class=\"wp-block-gallery has-nested-images columns-3 is-cropped wp-block-gallery-2 is-layout-flex wp-block-gallery-is-layout-flex\">\n<figure class=\"wp-block-image size-full\"><a href=\"https:\/\/centcols.org\/wp-content\/uploads\/2016\/05\/DSCN2366.jpg\"><img loading=\"lazy\" decoding=\"async\" width=\"1024\" height=\"768\" data-id=\"88734\" src=\"https:\/\/centcols.org\/wp-content\/uploads\/2016\/05\/DSCN2366.jpg\" alt=\"\" class=\"wp-image-88734\" srcset=\"https:\/\/centcols.org\/wp-content\/uploads\/2016\/05\/DSCN2366.jpg 1024w, https:\/\/centcols.org\/wp-content\/uploads\/2016\/05\/DSCN2366-768x576.jpg 768w\" sizes=\"auto, (max-width: 1024px) 100vw, 1024px\" \/><\/a><figcaption class=\"wp-element-caption\">die Windm\u00fchlen von Vassieux<\/figcaption><\/figure>\n\n\n\n<figure class=\"wp-block-image size-full\"><a href=\"https:\/\/centcols.org\/wp-content\/uploads\/2016\/05\/DSCN1420.jpg\"><img loading=\"lazy\" decoding=\"async\" width=\"1024\" height=\"768\" data-id=\"88735\" src=\"https:\/\/centcols.org\/wp-content\/uploads\/2016\/05\/DSCN1420.jpg\" alt=\"\" class=\"wp-image-88735\" srcset=\"https:\/\/centcols.org\/wp-content\/uploads\/2016\/05\/DSCN1420.jpg 1024w, https:\/\/centcols.org\/wp-content\/uploads\/2016\/05\/DSCN1420-768x576.jpg 768w\" sizes=\"auto, (max-width: 1024px) 100vw, 1024px\" \/><\/a><figcaption class=\"wp-element-caption\">die Gedenkst\u00e4tte des Widerstands auf dem Col de la Chau<\/figcaption><\/figure>\n\n\n\n<figure class=\"wp-block-image size-full\"><a href=\"https:\/\/centcols.org\/wp-content\/uploads\/2016\/05\/Bataille.jpg\"><img loading=\"lazy\" decoding=\"async\" width=\"1024\" height=\"768\" data-id=\"88736\" src=\"https:\/\/centcols.org\/wp-content\/uploads\/2016\/05\/Bataille.jpg\" alt=\"\" class=\"wp-image-88736\" srcset=\"https:\/\/centcols.org\/wp-content\/uploads\/2016\/05\/Bataille.jpg 1024w, https:\/\/centcols.org\/wp-content\/uploads\/2016\/05\/Bataille-768x576.jpg 768w\" sizes=\"auto, (max-width: 1024px) 100vw, 1024px\" \/><\/a><figcaption class=\"wp-element-caption\">Nebelschal am Col de la Bataille<\/figcaption><\/figure>\n<\/figure>\n\n\n\n<div class=\"wp-block-columns is-layout-flex wp-container-core-columns-is-layout-9d6595d7 wp-block-columns-is-layout-flex\">\n<div class=\"wp-block-column is-layout-flow wp-block-column-is-layout-flow\" style=\"flex-basis:66.66%\">\n<h2 class=\"wp-block-heading\">Vorstellung der Region<\/h2>\n\n\n\n<p>Der Vercors ist ein Voralpenmassiv im S\u00fcdosten Frankreichs, das sich zwischen den Departements Is\u00e8re und Dr\u00f4me erstreckt und am Grand Veymont eine H\u00f6he von 2341 m erreicht. Der Teil des Departements Is\u00e8re ist dank des Bekanntheitsgrads, den die Olympischen Spiele 1968 in Grenoble mit sich brachten, viel mehr f\u00fcr den Tourismus, insbesondere den Wintertourismus, bekannt. In Autrans, Villard-de-Lans und Saint-Nizier-du-Moucherotte wurden die nordischen Wettk\u00e4mpfe (Langlauf, Skispringen) ausgetragen. Der Teil des Massivs in der Region Dr\u00f4me ist viel wilder und wird unser Sommerziel sein.<\/p>\n\n\n\n<p>Die Geografie des Vercors wird oft mit dem Begriff \u00abPlateau\u00bb zusammengefasst. Aus der Ferne betrachtet erscheint sie einfach: Der H\u00f6henunterschied zwischen dem Massiv und den T\u00e4lern betr\u00e4gt mehrere hundert Meter, um die bewohnten Gebiete zu erreichen, die sich zwischen 800 und 1200 Metern H\u00f6he befinden. Der f\u00fcnfzig Kilometer lange Kamm der Ostflanke weist mehrere Gipfel auf, die \u00fcber 2.000 Meter hoch sind, w\u00e4hrend das Innere des Massivs zwischen 800 und 1.500 Metern schwankt.<\/p>\n\n\n\n<p>Das besondere Relief des Vercors hat ihm zwei Spitznamen eingebracht. Der Name \u00abFestung\u00bb weist auf den schwierigen Zugang von der Ebene zum Vercors hin: Meist muss man durch Schluchten von Kalksteinfelsen oder \u00fcber nur f\u00fcr Wanderer zug\u00e4ngliche Schritte gehen; der Name \u00abFranz\u00f6sische Dolomiten\u00bb bezieht sich auf das italienische Kalksteinmassiv, das f\u00fcr seine besonderen Felsformen bekannt ist.<\/p>\n\n\n\n<p>Aufgrund dieses besonderen Reliefs ist das Zentrum des Vercors in mehrere unterschiedliche Regionen aufgeteilt.<\/p>\n\n\n\n<p>Les Coulmes im Nordwesten war schon immer der am st\u00e4rksten bewaldete Teil des Massivs. Der Wald wurde im 19.<sup>sten<\/sup> Jahrhundert zur Herstellung von Holzkohle, insbesondere von Menschen italienischer Herkunft. In dieser Region \u00e4hnelt das Vercors eher einem Berg als einer Abfolge von Plateaus, da die Falten des urgonischen Kalksteins abgerundeter sind. Es gibt mehrere beeindruckende Stra\u00dfen, die in die Coulmes f\u00fchren, insbesondere die Stra\u00dfe durch die Nan-Schlucht und die Stra\u00dfe durch die \u00c9couges-Schlucht. Auf einer Stra\u00dfenroute k\u00f6nnen sie entdeckt werden.<\/p>\n\n\n\n<p>Die Quatre Montagnes sind heute das am weitesten entwickelte Gebiet des Vercors f\u00fcr den Tourismus, insbesondere f\u00fcr Langlauf und alpinen Skisport. Dennoch gibt es in den Quatre Montagnes immer noch traditionelle Aktivit\u00e4ten, insbesondere die Milchviehhaltung und die K\u00e4seherstellung. Die vier Hauptd\u00f6rfer (Autrans, M\u00e9audre, Lans-en-Vercors und Villard-de-Lans) verteilen sich auf zwei Hochebenen, die durch bewaldete Berge voneinander getrennt sind. Diese vier D\u00f6rfer sind Skiorte, besitzen aber noch aktive Bauernh\u00f6fe.<\/p>\n\n\n\n<p>Bei genauerem Hinsehen sind die Kontraste gro\u00df: Breite T\u00e4ler (Val de Lans-en-Vercors, Regionen Autrans, La Chapelle-en-Vercors etc.) und Hochebenen (Wald von Coulmes, Wald von Lente und die riesigen Hauts-Plateaux du Vercors) werden durch tiefe Schluchten (Schluchten der Bourne, des Furon usw.) und imposante Klippen, die \u00fcber 400 Meter hoch sein k\u00f6nnen (Klippen von Presles, der Combe Laval, des Cirque d'Archiane usw.), voneinander getrennt. Der Mont Aiguille ist vom Rest des Massivs durch Erosion isoliert, die ihn an allen seinen Flanken eingeschnitten hat.<\/p>\n\n\n\n<p>Aufgrund dieses Reliefs sind mehrere Teile des Vercors besonders stark vom Rest des Massivs isoliert. Gresse-en-Vercors ist nicht mit dem Inneren des Massivs verbunden. Um \u00fcber den Col de Rousset in den S\u00fcden des Vercors zu gelangen, m\u00fcssen Sie etwa 100 km zur\u00fccklegen, und um \u00fcber Saint-Nizier-du-Moucherotte in den Norden des Vercors zu gelangen, m\u00fcssen Sie ebenfalls etwa 70 km zur\u00fccklegen.<\/p>\n\n\n\n<p>Das Vercors der Dr\u00f4me besteht aus kleineren, aber zahlreicheren Plateaus. Einige dieser Plateaus sind spektakul\u00e4r (Ambel, Font d'Urle) und bieten sch\u00f6ne Ausblicke von einem zum anderen oder auf die umliegenden Ebenen. Im Norden des Vercors dr\u00f4mois befinden sich mehrere Schluchten, die von beeindruckenden, in den Fels gehauenen Stra\u00dfen durchzogen werden. Die grasbewachsenen Hochebenen des Vercors dr\u00f4mois werden im Sommer als Almen genutzt. Der Almauftrieb ist Anlass f\u00fcr ein Fest in Die.<\/p>\n\n\n\n<figure class=\"wp-block-gallery has-nested-images columns-default is-cropped wp-block-gallery-3 is-layout-flex wp-block-gallery-is-layout-flex\">\n<figure class=\"wp-block-image size-full\"><a href=\"https:\/\/centcols.org\/wp-content\/uploads\/2016\/05\/DSC04657.jpg\"><img loading=\"lazy\" decoding=\"async\" width=\"1024\" height=\"768\" data-id=\"88739\" src=\"https:\/\/centcols.org\/wp-content\/uploads\/2016\/05\/DSC04657.jpg\" alt=\"\" class=\"wp-image-88739\" srcset=\"https:\/\/centcols.org\/wp-content\/uploads\/2016\/05\/DSC04657.jpg 1024w, https:\/\/centcols.org\/wp-content\/uploads\/2016\/05\/DSC04657-768x576.jpg 768w\" sizes=\"auto, (max-width: 1024px) 100vw, 1024px\" \/><\/a><figcaption class=\"wp-element-caption\">pas de l'Echelette <\/figcaption><\/figure>\n\n\n\n<figure class=\"wp-block-image size-full\"><a href=\"https:\/\/centcols.org\/wp-content\/uploads\/2016\/05\/DSCN2383.jpg\"><img loading=\"lazy\" decoding=\"async\" width=\"1024\" height=\"768\" data-id=\"88740\" src=\"https:\/\/centcols.org\/wp-content\/uploads\/2016\/05\/DSCN2383.jpg\" alt=\"\" class=\"wp-image-88740\" srcset=\"https:\/\/centcols.org\/wp-content\/uploads\/2016\/05\/DSCN2383.jpg 1024w, https:\/\/centcols.org\/wp-content\/uploads\/2016\/05\/DSCN2383-768x576.jpg 768w\" sizes=\"auto, (max-width: 1024px) 100vw, 1024px\" \/><\/a><figcaption class=\"wp-element-caption\">puy de la Gag\u00e8re und Klippen des Cirque de Quint<\/figcaption><\/figure>\n<figcaption class=\"blocks-gallery-caption wp-element-caption\">Mich\u00e8le Sassoulas<\/figcaption><\/figure>\n<\/div>\n\n\n\n<div class=\"wp-block-column is-layout-flow wp-block-column-is-layout-flow\" style=\"flex-basis:33.33%\">\n<h2 class=\"wp-block-heading\">Das Pferd von Vercors<\/h2>\n\n\n<div class=\"wp-block-image\">\n<figure class=\"aligncenter size-full is-resized\"><img loading=\"lazy\" decoding=\"async\" width=\"800\" height=\"600\" src=\"https:\/\/centcols.org\/wp-content\/uploads\/2016\/05\/urle00005.jpg\" alt=\"\" class=\"wp-image-88738\" style=\"aspect-ratio:1;object-fit:cover;width:801px\" srcset=\"https:\/\/centcols.org\/wp-content\/uploads\/2016\/05\/urle00005.jpg 800w, https:\/\/centcols.org\/wp-content\/uploads\/2016\/05\/urle00005-768x576.jpg 768w\" sizes=\"auto, (max-width: 800px) 100vw, 800px\" \/><figcaption class=\"wp-element-caption\">Foto auf dem Plateau des Gag\u00e8res aufgenommen (R.Paraz)<\/figcaption><\/figure>\n<\/div>\n\n\n<div style=\"height:25px\" aria-hidden=\"true\" class=\"wp-block-spacer\"><\/div>\n\n\n\n<div style=\"height:25px\" aria-hidden=\"true\" class=\"wp-block-spacer\"><\/div>\n\n\n\n<p>Auf dem <strong>Gag\u00e8res-Plateau<\/strong>, Die Stimmung ist besonders gut, vor allem bei Nebel, wenn nur die Markierungen f\u00fcr die Schneer\u00e4umung zu sehen sind. Oder wenn der Raureif seine feinen horizontalen Streifen \u00fcber die Pflanzen und Masten zieht, wenn der Wind \u00fcber die Lapiaz und die Wiesen fegt, wenn der Sturm heult ... in der <strong>Porte d'Urle<\/strong>.<\/p>\n\n\n\n<p>Die Hochebene ist im Fr\u00fchling wundersch\u00f6n, wenn die Pflanzendecke zwischen den geriffelten Lapiazplatten, Felsbarrieren und Scialets mit Narzissen und Orchideen geschm\u00fcckt ist.<\/p>\n\n\n\n<p>Dies ist der Bereich der Weiden des<strong> Pferd aus dem Vercors<\/strong>, Sie kehren von der Ebene der Crau zur\u00fcck, um ihre Sommerweiden im Vercors zu beziehen.<\/p>\n\n\n\n<p>Dieses Pferd wird auch Barraquand genannt, nach dem Namen des ersten Z\u00fcchters Jules Barraquand, einem Bauern aus Ambel, der die Rasenfl\u00e4chen von Font d'Urle 1919 f\u00fcr seine Schafe und 100 seiner Pferde kaufte. Die gro\u00dfe Transhumanz fand damals zwischen dem Mas de Beauchamp in der Crau und dem s\u00fcdlichen Vercors statt.<\/p>\n\n\n\n<p>Das Vercors-Pferd war nach dem Krieg in den 1950er Jahren fast ausgestorben. Seine Erhaltung verdankt es passionierten Z\u00fcchtern und der Unterst\u00fctzung des Parc du Vercors. Vor kurzem hat Michel Chapoutier die Bearbeitung seiner ber\u00fchmten Weinberge in Tain-l'Hermitage mit tierischem Antrieb getestet: Vielleicht wird sich das Vercors-Pferd auch in die Weinlandschaften der Rh\u00f4ne einschreiben!<\/p>\n\n\n\n<p>Es ist ein kleines, rustikales und ausdauerndes Pferd, energisch und geschmeidig, mit braunem Fell, ausdrucksvollen Augen und einer schwarzen und falben M\u00e4hne. Man trifft ihn fast frei von der Serre Montu\u00e9 bis zum Puy de la Gag\u00e8re an.<\/p>\n\n\n\n<p>Oder an den Klippen des Cirque de Quint... Im Juli 1994 wurden die Pferde durch ein heftiges Gewitter in Panik versetzt und st\u00fcrzten in die Tiefe. 47 Pferde starben und es war schwierig, die Kadaver aus den Ger\u00f6llhalden und Felsw\u00e4nden unterhalb des Flusses zu bergen.<\/p>\n\n\n\n<p>Mich\u00e8le Sassoulas (cc 1430)<\/p>\n<\/div>\n<\/div>\n\n\n\n<h3 class=\"wp-block-heading\"><strong>&nbsp;Die Hochplateaus von Vercors<\/strong><\/h3>\n\n\n\n<p>Mit seiner Gr\u00f6\u00dfe von 17000 Hektar ist das R\u00e9serve des Hauts-Plateaux einzigartig und erstreckt sich \u00fcber 10% des Territoriums des regionalen Naturparks Vercors. Es ist heute das gr\u00f6\u00dfte terrestrische Schutzgebiet des franz\u00f6sischen Mutterlandes.<\/p>\n\n\n\n<p>Heute ist das Reservat durch einen Wechsel von Almen und W\u00e4ldern gepr\u00e4gt. Es besitzt den gr\u00f6\u00dften Hakenkiefernwald der Kalkalpen und eine reiche Flora mit rund 738 Arten. Das Tierleben ist unauff\u00e4llig, aber \u00fcppig.<\/p>\n\n\n\n<p>Man kann die meisten der in den Bergen vorkommenden Arten beobachten: Murmeltier, Birkhuhn, Steinadler, G\u00e4mse... sowie seltenere Arten wie Alpenschneehuhn, Schneehase, Wolf, Steinkauz oder Raufu\u00dfkauz. Einige Arten wie der Alpensteinbock, der G\u00e4nsegeier, der Bartgeier oder das Murmeltier wurden in den letzten Jahren wieder angesiedelt.<\/p>\n\n\n\n<figure class=\"wp-block-gallery has-nested-images columns-2 is-cropped wp-block-gallery-4 is-layout-flex wp-block-gallery-is-layout-flex\">\n<figure class=\"wp-block-image size-full\"><a href=\"https:\/\/centcols.org\/wp-content\/uploads\/2016\/05\/DSCN1336.jpg\"><img loading=\"lazy\" decoding=\"async\" width=\"1024\" height=\"768\" data-id=\"88741\" src=\"https:\/\/centcols.org\/wp-content\/uploads\/2016\/05\/DSCN1336.jpg\" alt=\"\" class=\"wp-image-88741\" srcset=\"https:\/\/centcols.org\/wp-content\/uploads\/2016\/05\/DSCN1336.jpg 1024w, https:\/\/centcols.org\/wp-content\/uploads\/2016\/05\/DSCN1336-768x576.jpg 768w\" sizes=\"auto, (max-width: 1024px) 100vw, 1024px\" \/><\/a><\/figure>\n\n\n\n<figure class=\"wp-block-image size-full\"><a href=\"https:\/\/centcols.org\/wp-content\/uploads\/2016\/05\/DSCF3373_1.jpg\"><img loading=\"lazy\" decoding=\"async\" width=\"1024\" height=\"768\" data-id=\"88742\" src=\"https:\/\/centcols.org\/wp-content\/uploads\/2016\/05\/DSCF3373_1.jpg\" alt=\"\" class=\"wp-image-88742\" srcset=\"https:\/\/centcols.org\/wp-content\/uploads\/2016\/05\/DSCF3373_1.jpg 1024w, https:\/\/centcols.org\/wp-content\/uploads\/2016\/05\/DSCF3373_1-768x576.jpg 768w\" sizes=\"auto, (max-width: 1024px) 100vw, 1024px\" \/><\/a><\/figure>\n<\/figure>\n\n\n\n<p>Botaniker oder Blumenliebhaber werden eine sehr reiche Flora entdecken, in der die Farbe Wei\u00df vor Rot\/Rosa an erster Stelle steht, mit mehreren Orchideenarten, Enzian, Disteln ... Siehe auch die Website : <em><a href=\"http:\/\/www.fleursduvercors.com\/\" target=\"_blank\" rel=\"noreferrer noopener\">http:\/\/www.fleursduvercors.com\/<\/a> <\/em>wo Sie dies feststellen k\u00f6nnen, wenn Sie die Sortierung nach Farbe w\u00e4hlen.<\/p>\n\n\n\n<figure class=\"wp-block-gallery has-nested-images columns-3 is-cropped wp-block-gallery-5 is-layout-flex wp-block-gallery-is-layout-flex\">\n<figure class=\"wp-block-image size-full\"><a href=\"https:\/\/centcols.org\/wp-content\/uploads\/2016\/05\/DSC03684_1.jpg\"><img loading=\"lazy\" decoding=\"async\" width=\"1024\" height=\"768\" data-id=\"88743\" src=\"https:\/\/centcols.org\/wp-content\/uploads\/2016\/05\/DSC03684_1.jpg\" alt=\"\" class=\"wp-image-88743\" srcset=\"https:\/\/centcols.org\/wp-content\/uploads\/2016\/05\/DSC03684_1.jpg 1024w, https:\/\/centcols.org\/wp-content\/uploads\/2016\/05\/DSC03684_1-768x576.jpg 768w\" sizes=\"auto, (max-width: 1024px) 100vw, 1024px\" \/><\/a><figcaption class=\"wp-element-caption\">im Fr\u00fchling Scilla und Krokus<\/figcaption><\/figure>\n\n\n\n<figure class=\"wp-block-image size-full\"><a href=\"https:\/\/centcols.org\/wp-content\/uploads\/2016\/05\/DSCN1362.jpg\"><img loading=\"lazy\" decoding=\"async\" width=\"1024\" height=\"768\" data-id=\"88745\" src=\"https:\/\/centcols.org\/wp-content\/uploads\/2016\/05\/DSCN1362.jpg\" alt=\"\" class=\"wp-image-88745\" srcset=\"https:\/\/centcols.org\/wp-content\/uploads\/2016\/05\/DSCN1362.jpg 1024w, https:\/\/centcols.org\/wp-content\/uploads\/2016\/05\/DSCN1362-768x576.jpg 768w\" sizes=\"auto, (max-width: 1024px) 100vw, 1024px\" \/><\/a><figcaption class=\"wp-element-caption\">Nelke<\/figcaption><\/figure>\n\n\n\n<figure class=\"wp-block-image size-full\"><a href=\"https:\/\/centcols.org\/wp-content\/uploads\/2016\/05\/DSCF3411_1.jpg\"><img loading=\"lazy\" decoding=\"async\" width=\"576\" height=\"768\" data-id=\"88747\" src=\"https:\/\/centcols.org\/wp-content\/uploads\/2016\/05\/DSCF3411_1.jpg\" alt=\"\" class=\"wp-image-88747\"\/><\/a><figcaption class=\"wp-element-caption\">Orchis Holunder<\/figcaption><\/figure>\n\n\n\n<figure class=\"wp-block-image size-full\"><a href=\"https:\/\/centcols.org\/wp-content\/uploads\/2016\/05\/DSCN1309.jpg\"><img loading=\"lazy\" decoding=\"async\" width=\"1024\" height=\"768\" data-id=\"88746\" src=\"https:\/\/centcols.org\/wp-content\/uploads\/2016\/05\/DSCN1309.jpg\" alt=\"\" class=\"wp-image-88746\" srcset=\"https:\/\/centcols.org\/wp-content\/uploads\/2016\/05\/DSCN1309.jpg 1024w, https:\/\/centcols.org\/wp-content\/uploads\/2016\/05\/DSCN1309-768x576.jpg 768w\" sizes=\"auto, (max-width: 1024px) 100vw, 1024px\" \/><\/a><figcaption class=\"wp-element-caption\">edelweiss<\/figcaption><\/figure>\n\n\n\n<figure class=\"wp-block-image size-full\"><a href=\"https:\/\/centcols.org\/wp-content\/uploads\/2016\/05\/DSCF3091_1.jpg\"><img loading=\"lazy\" decoding=\"async\" width=\"576\" height=\"768\" data-id=\"88748\" src=\"https:\/\/centcols.org\/wp-content\/uploads\/2016\/05\/DSCF3091_1.jpg\" alt=\"\" class=\"wp-image-88748\"\/><\/a><figcaption class=\"wp-element-caption\">Hundezahn<\/figcaption><\/figure>\n\n\n\n<figure class=\"wp-block-image size-full\"><a href=\"https:\/\/centcols.org\/wp-content\/uploads\/2016\/05\/DSC03820_1.jpg\"><img loading=\"lazy\" decoding=\"async\" width=\"1024\" height=\"768\" data-id=\"88744\" src=\"https:\/\/centcols.org\/wp-content\/uploads\/2016\/05\/DSC03820_1.jpg\" alt=\"\" class=\"wp-image-88744\" srcset=\"https:\/\/centcols.org\/wp-content\/uploads\/2016\/05\/DSC03820_1.jpg 1024w, https:\/\/centcols.org\/wp-content\/uploads\/2016\/05\/DSC03820_1-768x576.jpg 768w\" sizes=\"auto, (max-width: 1024px) 100vw, 1024px\" \/><\/a><figcaption class=\"wp-element-caption\">Enzian<\/figcaption><\/figure>\n<\/figure>\n\n\n\n<h2 class=\"wp-block-heading\">Die Schaltkreise<\/h2>\n\n\n\n<p>Die <a href=\"\/de\/membres\/cctours\/tours.php\/?lieu=Vassieux&amp;an=2016&amp;genre=V\">Maultierrouten<\/a> wurden von Alf\u00e9o Lotto (CC Nr. 5650),Jean-Marie Gilouin (CC Nr. 5699) und Alain Benoist (CC Nr. 5663) erarbeitet und die <a href=\"\/de\/membres\/cctours\/tours.php\/?lieu=Vassieux&amp;an=2016&amp;genre=R\">Stra\u00dfenrouten<\/a> von R\u00e9gis Paraz (CC Nr. 3225).<\/p>\n\n\n\n<p>Das Aufenthaltszentrum befindet sich bereits in gro\u00dfer H\u00f6he. Dennoch wurden die meisten Routen so angelegt, dass Sie die spektakul\u00e4rsten Zufahrtsstra\u00dfen zur Hochebene entdecken k\u00f6nnen. Manchmal m\u00fcssen Sie zuerst ins Tal hinunterfahren, bevor Sie wieder auf die Hochebene gelangen. Es w\u00e4re m\u00f6glich gewesen, einige P\u00e4sse hin und zur\u00fcck zu fahren, wie z. B. zum Col de Tourniol. Das w\u00e4re wirklich schade gewesen: erstens um die Ethik, einen Pass zu erobern, und zweitens, weil die bemerkenswertesten Landschaften auf der Talseite liegen. Dasselbe gilt f\u00fcr den Col de Romey\u00e8re. Leider war es beim Col du Rousset nicht m\u00f6glich, einen Rundkurs von angemessener L\u00e4nge zu planen, um ihn \u00fcber seine S\u00fcdseite und seine herrlichen Serpentinen zu erklimmen.<\/p>\n\n\n\n<p>Die wenigen Stra\u00dfenrouten, die auf der Hochebene verbleiben, weisen jedoch relativ gro\u00dfe H\u00f6henunterschiede auf. Nach dem Motto \u00abWer mehr kann, kann weniger\u00bb (wobei das Gegenteil nicht stimmt) und um m\u00f6glichst vielen Mitgliedern Spa\u00df zu erm\u00f6glichen, weisen einige der Stra\u00dfen- und Maultierrouten eine angemessene Kilometerzahl oder H\u00f6henunterschiede auf. Es steht den \u00abkr\u00e4ftigeren\u00bb Mitgliedern frei, die Strecken zu versch\u00e4rfen.<\/p>\n\n\n\n<p><a href=\"https:\/\/centcols.org\/wp-content\/uploads\/2025\/09\/Plaquette_Vassieux_br.pdf\">Laden Sie die Brosch\u00fcre zum Aufenthalt herunter<\/a><\/p>\n\n\n\n<p><a href=\"https:\/\/centcols.org\/wp-content\/uploads\/2025\/09\/Circuitspedestres.zip\">Wanderwege von Mich\u00e8le Sassoulas herunterladen<\/a><\/p>\n\n\n\n<div class=\"wp-block-columns is-layout-flex wp-container-core-columns-is-layout-9d6595d7 wp-block-columns-is-layout-flex\">\n<div class=\"wp-block-column is-layout-flow wp-block-column-is-layout-flow\" style=\"flex-basis:66.66%\">\n<h2 class=\"wp-block-heading\">Unterkunft<\/h2>\n\n\n\n<p>Das Dorf Vassieux-en-Vercors liegt am S\u00fcdrand des Vercors-Massivs auf einer offenen, windigen Ebene und z\u00e4hlt heute 344 Einwohner. Es lebt haupts\u00e4chlich von der Landwirtschaft und dem Tourismus, wobei der Piroulet eine der Hauptst\u00fctzen ist.<\/p>\n\n\n\n<p>Das ist das Feriendorf <a href=\"http:\/\/www.lepiroulet.com\/spip\/Vassieux-en-Vercors.html\" target=\"_blank\" rel=\"noreferrer noopener\">der Piroulet<\/a> der uns willkommen hei\u00dfen wird. Das Wort \u00abPiroulet\u00bb bedeutet \u00abder Mann, der die M\u00fchle dreht\u00bb. Es ist mit dem Namen des Ortes, Les Pr\u00e9s du Moulin, verkn\u00fcpft und bezieht sich auf eine Wasserm\u00fchle aus dem XVIII.<sup>sten<\/sup> dessen Standort sich 300 m vom Feriendorf entfernt befand. Das Feriendorf verf\u00fcgt \u00fcber 140 Betten, die sich auf vier Etagen mit Zimmern verteilen: 11 im Gartengeschoss, 22 im Erdgeschoss, davon zwei behindertengerecht, 22 in Maisonette-Wohnungen im ersten und zweiten Stock. Le Piroulet verf\u00fcgt \u00fcber vier Klassen- und\/oder Aktivit\u00e4tsr\u00e4ume, einen gro\u00dfen Animationsraum, zwei weitere Aktivit\u00e4tsr\u00e4ume, drei Restaurantr\u00e4ume, einen Aufenthaltsraum, eine Bar und ein beheiztes Hallenbad.<\/p>\n<\/div>\n\n\n\n<div class=\"wp-block-column is-layout-flow wp-block-column-is-layout-flow\" style=\"flex-basis:33.33%\">\n<h2 class=\"wp-block-heading\">Anmerkung des Verwaltungsrats<\/h2>\n\n\n\n<p>Wenn Sie f\u00fcr Ihre Unterkunft anderswo als im Feriendorf Le Piroulet sorgen, bitten wir Sie trotzdem, uns \u00fcber Ihre Teilnahme am Aufenthalt zu informieren, und zwar aus drei Gr\u00fcnden:<\/p>\n\n\n\n<ol class=\"wp-block-list\">\n<li>Um gemeinsame Veranstaltungen (Informationsveranstaltungen, Begr\u00fc\u00dfungs- und Abschiedstrinken) richtig dimensionieren zu k\u00f6nnen.<\/li>\n\n\n\n<li>Um eine Aufteilung in mehrere Gruppen auf den Strecken vorsehen zu k\u00f6nnen, um die Sicherheit jedes Einzelnen zu verbessern.<\/li>\n\n\n\n<li>Zur besseren Einsch\u00e4tzung aller unvorhergesehenen Ereignisse durch die Organisatoren.<\/li>\n<\/ol>\n<\/div>\n<\/div>\n\n\n\n<figure class=\"wp-block-gallery has-nested-images columns-2 is-cropped wp-block-gallery-6 is-layout-flex wp-block-gallery-is-layout-flex\">\n<figure class=\"wp-block-image size-full\"><a href=\"https:\/\/centcols.org\/wp-content\/uploads\/2016\/05\/P1020967.jpg\"><img loading=\"lazy\" decoding=\"async\" width=\"1024\" height=\"768\" data-id=\"88751\" src=\"https:\/\/centcols.org\/wp-content\/uploads\/2016\/05\/P1020967.jpg\" alt=\"\" class=\"wp-image-88751\" srcset=\"https:\/\/centcols.org\/wp-content\/uploads\/2016\/05\/P1020967.jpg 1024w, https:\/\/centcols.org\/wp-content\/uploads\/2016\/05\/P1020967-768x576.jpg 768w\" sizes=\"auto, (max-width: 1024px) 100vw, 1024px\" \/><\/a><figcaption class=\"wp-element-caption\">Der Piroulet<\/figcaption><\/figure>\n\n\n\n<figure class=\"wp-block-image size-full\"><a href=\"https:\/\/centcols.org\/wp-content\/uploads\/2016\/05\/P1020970.jpg\"><img loading=\"lazy\" decoding=\"async\" width=\"1024\" height=\"768\" data-id=\"88752\" src=\"https:\/\/centcols.org\/wp-content\/uploads\/2016\/05\/P1020970.jpg\" alt=\"\" class=\"wp-image-88752\" srcset=\"https:\/\/centcols.org\/wp-content\/uploads\/2016\/05\/P1020970.jpg 1024w, https:\/\/centcols.org\/wp-content\/uploads\/2016\/05\/P1020970-768x576.jpg 768w\" sizes=\"auto, (max-width: 1024px) 100vw, 1024px\" \/><\/a><figcaption class=\"wp-element-caption\">Der Piroulet<\/figcaption><\/figure>\n<\/figure>\n\n\n\n<p>Ein Wohnmobilstellplatz befindet sich etwa 300 m von Piroulet entfernt.<\/p>\n\n\n\n<p>Campingplatz: Ein Campingplatz befindet sich ca. 3 km von Le Piroulet entfernt.<\/p>\n\n\n\n<p><a href=\"http:\/\/lespins-vassieux-en-vercors.e-monsite.com\/\" target=\"_blank\" rel=\"noreferrer noopener\">Campingplatz les Pins<\/a><br>Les Granges<br>26420 Vassieux-en-Vercors<\/p>\n\n\n\n<p>Telefon: + 33 650 11 98 35<br>Adresse mail :&nbsp;&#108;&#x65;s&#112;&#x69;n&#x73;&#x76;&#97;&#x73;s&#105;&#x65;u&#120;&#x40;&#103;&#x6d;a&#105;&#x6c;&#46;&#99;&#x6f;&#109;<\/p>\n\n\n\n<p>Grand G\u00eete des Loubi\u00e8res<\/p>\n\n\n\n<p>Ein gro\u00dfes Ferienhaus mit drei Zimmern, das zwischen 6 und 12 Personen beherbergen kann.<\/p>\n\n\n\n<p>Wenn einige, die zu dieser Zeit noch eine Unterkunft in Vassieux suchen, sich die G\u00eete teilen m\u00f6chten, ist das eine L\u00f6sung. Die G\u00eete liegt 2 km vom Dorf (und vom Piroulet) entfernt und in gleicher Entfernung zum Campingplatz.  Die Bereiche K\u00fcche\/Wohnzimmer\/Terrasse m\u00fcssen geteilt werden, sind aber ger\u00e4umig.  Es gibt eine Garage zum Abstellen von Fahrr\u00e4dern und einen Parkplatz f\u00fcr Autos.<\/p>\n\n\n\n<p>Siehe auf der Seite <a href=\"http:\/\/www.lespinsvassieuxenvercors.fr\/\" target=\"_blank\" rel=\"noreferrer noopener\">http:\/\/www.lespinsvassieuxenvercors.fr\/<\/a> und klicken Sie im oberen Banner der Seite auf Grand G\u00eetes des Loubi\u00e8res.<\/p>\n\n\n\n<h2 class=\"wp-block-heading\">Andere Aktivit\u00e4ten oder Besuche<\/h2>\n\n\n\n<p>Nekropole, Gedenkst\u00e4tte \u00abLa R\u00e9sistance\u00bb, Park, Museum f\u00fcr Vorgeschichte, angelegte H\u00f6hlen.<\/p>\n\n\n\n<p>Mich\u00e8le Sassoulas (CC Nr. 1430), eine Regionale der Etappe, erarbeitet Vorschl\u00e4ge f\u00fcr Wanderungen f\u00fcr alle Niveaus.<\/p>\n\n\n\n<h2 class=\"wp-block-heading\">N\u00fctzliche Tipps<\/h2>\n\n\n\n<h4 class=\"wp-block-heading\"><strong>Den Aufenthalt verl\u00e4ngern :<\/strong><\/h4>\n\n\n\n<p>Wie bereits in der Vorstellung der Region geschrieben, sind einige Teile des Vercors von anderen isoliert. Es ist daher m\u00f6glich, ein paar zus\u00e4tzliche Tage einzuplanen, um andere Ecken zu erkunden, die im Rahmen des Aufenthalts nicht erkundet werden.<\/p>\n\n\n\n<p>Achtung! Wenn Sie Ihren Aufenthalt verl\u00e4ngern, <strong>Mountainbiking ist auf eine einzige Route beschr\u00e4nkt: die Variante der Grande Travers\u00e9e du Vercors (Variante GTV).<\/strong><\/p>\n\n\n\n<p><strong>Vorschl\u00e4ge :<\/strong><\/p>\n\n\n\n<ul class=\"wp-block-list\">\n<li>Eine Schleife von Vif nach Gresse-en-Vercors \u00fcber den Col de l'Arzelier, den Col des Deux und den Col de Serre-Monet, dann zur\u00fcck \u00fcber den Col de l\u2019 Allimas, den Col du Fau und den Collet de Sinard erm\u00f6glicht es, die Ostseite des Massivs zu entdecken (Der Pas du Serpaton als Option hin und zur\u00fcck ist einen Umweg wert).<\/li>\n<\/ul>\n\n\n<div class=\"wp-block-image\">\n<figure class=\"aligncenter size-full is-resized\"><a href=\"https:\/\/centcols.org\/wp-content\/uploads\/2016\/05\/DSCN1342.jpg\"><img loading=\"lazy\" decoding=\"async\" width=\"1024\" height=\"768\" src=\"https:\/\/centcols.org\/wp-content\/uploads\/2016\/05\/DSCN1342.jpg\" alt=\"\" class=\"wp-image-88753\" style=\"width:800px\" srcset=\"https:\/\/centcols.org\/wp-content\/uploads\/2016\/05\/DSCN1342.jpg 1024w, https:\/\/centcols.org\/wp-content\/uploads\/2016\/05\/DSCN1342-768x576.jpg 768w\" sizes=\"auto, (max-width: 1024px) 100vw, 1024px\" \/><\/a><figcaption class=\"wp-element-caption\">Ostklippe des Vercors, vom Grand Veymont aus<\/figcaption><\/figure>\n<\/div>\n\n\n<p>Eine Rundreise durch das Tri\u00e8ves zwischen Vercors und Devoluy f\u00fchrt Sie \u00fcber zahlreiche P\u00e4sse mit dem Mont Aiguille im Hintergrund und eine Rundreise Col de Men\u00e9e - Chatillon-en-Diois - Col de Grimone - Col de la Croix-Haute f\u00fchrt Sie durch das Diois und den S\u00fcdhang des Massivs.<\/p>\n\n\n\n<h2 class=\"wp-block-heading\">Anmeldung<\/h2>\n\n\n\n<p>Um sich anzumelden, laden Sie das PDF-Anmeldeformular herunter und folgen Sie den darin enthaltenen Anweisungen.<\/p>\n\n\n\n<h2 class=\"wp-block-heading\">Fotoalbum von Mich\u00e8le Sassoulas<\/h2>\n\n\n\n<figure class=\"wp-block-gallery has-nested-images columns-4 is-cropped wp-block-gallery-7 is-layout-flex wp-block-gallery-is-layout-flex\">\n<figure class=\"wp-block-image size-full\"><a href=\"https:\/\/centcols.org\/wp-content\/uploads\/2016\/05\/DSCN2387.jpg\"><img loading=\"lazy\" decoding=\"async\" width=\"576\" height=\"768\" data-id=\"88755\" src=\"https:\/\/centcols.org\/wp-content\/uploads\/2016\/05\/DSCN2387.jpg\" alt=\"\" class=\"wp-image-88755\"\/><\/a><figcaption class=\"wp-element-caption\">Gletscher von Font d'Urle (500 m von der Porte d'Urle entfernt)<\/figcaption><\/figure>\n\n\n\n<figure class=\"wp-block-image size-full\"><a href=\"https:\/\/centcols.org\/wp-content\/uploads\/2016\/05\/DSCF3416_1.jpg\"><img loading=\"lazy\" decoding=\"async\" width=\"576\" height=\"768\" data-id=\"88760\" src=\"https:\/\/centcols.org\/wp-content\/uploads\/2016\/05\/DSCF3416_1.jpg\" alt=\"\" class=\"wp-image-88760\"\/><\/a><figcaption class=\"wp-element-caption\">nat\u00fcrlicher Pass 1367 m Tunnel 1255 m!<\/figcaption><\/figure>\n\n\n\n<figure class=\"wp-block-image size-full\"><a href=\"https:\/\/centcols.org\/wp-content\/uploads\/2016\/05\/DSCN1475_1.jpg\"><img loading=\"lazy\" decoding=\"async\" width=\"576\" height=\"768\" data-id=\"88756\" src=\"https:\/\/centcols.org\/wp-content\/uploads\/2016\/05\/DSCN1475_1.jpg\" alt=\"\" class=\"wp-image-88756\"\/><\/a><figcaption class=\"wp-element-caption\">B\u00e4renstein auf dem Plateau von Ambel<\/figcaption><\/figure>\n\n\n\n<figure class=\"wp-block-image size-full\"><a href=\"https:\/\/centcols.org\/wp-content\/uploads\/2016\/05\/DSCN1418.jpg\"><img loading=\"lazy\" decoding=\"async\" width=\"1024\" height=\"768\" data-id=\"88758\" src=\"https:\/\/centcols.org\/wp-content\/uploads\/2016\/05\/DSCN1418.jpg\" alt=\"\" class=\"wp-image-88758\" srcset=\"https:\/\/centcols.org\/wp-content\/uploads\/2016\/05\/DSCN1418.jpg 1024w, https:\/\/centcols.org\/wp-content\/uploads\/2016\/05\/DSCN1418-768x576.jpg 768w\" sizes=\"auto, (max-width: 1024px) 100vw, 1024px\" \/><\/a><figcaption class=\"wp-element-caption\">but de l'Aiglette vom but de N\u00e8ve aus gesehen und col de Chironne darunter<\/figcaption><\/figure>\n\n\n\n<figure class=\"wp-block-image size-full\"><a href=\"https:\/\/centcols.org\/wp-content\/uploads\/2016\/05\/DSCN1404.jpg\"><img loading=\"lazy\" decoding=\"async\" width=\"1024\" height=\"768\" data-id=\"88759\" src=\"https:\/\/centcols.org\/wp-content\/uploads\/2016\/05\/DSCN1404.jpg\" alt=\"\" class=\"wp-image-88759\" srcset=\"https:\/\/centcols.org\/wp-content\/uploads\/2016\/05\/DSCN1404.jpg 1024w, https:\/\/centcols.org\/wp-content\/uploads\/2016\/05\/DSCN1404-768x576.jpg 768w\" sizes=\"auto, (max-width: 1024px) 100vw, 1024px\" \/><\/a><figcaption class=\"wp-element-caption\">Orientierungstafeln (Punkt 1532m) vor dem Collet de Sapiau. Im Hintergrund, Ziel von Sapiau<\/figcaption><\/figure>\n\n\n\n<figure class=\"wp-block-image size-full\"><a href=\"https:\/\/centcols.org\/wp-content\/uploads\/2016\/05\/DSCF3436_1.jpg\"><img loading=\"lazy\" decoding=\"async\" width=\"1024\" height=\"768\" data-id=\"88761\" src=\"https:\/\/centcols.org\/wp-content\/uploads\/2016\/05\/DSCF3436_1.jpg\" alt=\"\" class=\"wp-image-88761\" srcset=\"https:\/\/centcols.org\/wp-content\/uploads\/2016\/05\/DSCF3436_1.jpg 1024w, https:\/\/centcols.org\/wp-content\/uploads\/2016\/05\/DSCF3436_1-768x576.jpg 768w\" sizes=\"auto, (max-width: 1024px) 100vw, 1024px\" \/><\/a><figcaption class=\"wp-element-caption\">der Serre Montu\u00e9 und die Infernet-K\u00e4mme von Les Gag\u00e8res aus gesehen. Wald von Steinm\u00e4nnchen auf den Lapiaz<\/figcaption><\/figure>\n\n\n\n<figure class=\"wp-block-image size-full\"><a href=\"https:\/\/centcols.org\/wp-content\/uploads\/2016\/05\/DSCF3159_1.jpg\"><img loading=\"lazy\" decoding=\"async\" width=\"1024\" height=\"768\" data-id=\"88762\" src=\"https:\/\/centcols.org\/wp-content\/uploads\/2016\/05\/DSCF3159_1.jpg\" alt=\"\" class=\"wp-image-88762\" srcset=\"https:\/\/centcols.org\/wp-content\/uploads\/2016\/05\/DSCF3159_1.jpg 1024w, https:\/\/centcols.org\/wp-content\/uploads\/2016\/05\/DSCF3159_1-768x576.jpg 768w\" sizes=\"auto, (max-width: 1024px) 100vw, 1024px\" \/><\/a><figcaption class=\"wp-element-caption\">Serre Montu\u00e9 und die K\u00e4mme des Infernet vom Pas d'Ambel aus gesehen<\/figcaption><\/figure>\n\n\n\n<figure class=\"wp-block-image size-full\"><a href=\"https:\/\/centcols.org\/wp-content\/uploads\/2016\/05\/DSC04645.jpg\"><img loading=\"lazy\" decoding=\"async\" width=\"1024\" height=\"768\" data-id=\"88763\" src=\"https:\/\/centcols.org\/wp-content\/uploads\/2016\/05\/DSC04645.jpg\" alt=\"\" class=\"wp-image-88763\" srcset=\"https:\/\/centcols.org\/wp-content\/uploads\/2016\/05\/DSC04645.jpg 1024w, https:\/\/centcols.org\/wp-content\/uploads\/2016\/05\/DSC04645-768x576.jpg 768w\" sizes=\"auto, (max-width: 1024px) 100vw, 1024px\" \/><\/a><figcaption class=\"wp-element-caption\">Ankunft am Collet de Sapiau<\/figcaption><\/figure>\n\n\n\n<figure class=\"wp-block-image size-full\"><a href=\"https:\/\/centcols.org\/wp-content\/uploads\/2016\/05\/DSC04640-1.jpg\"><img loading=\"lazy\" decoding=\"async\" width=\"1024\" height=\"768\" data-id=\"88765\" src=\"https:\/\/centcols.org\/wp-content\/uploads\/2016\/05\/DSC04640-1.jpg\" alt=\"\" class=\"wp-image-88765\" srcset=\"https:\/\/centcols.org\/wp-content\/uploads\/2016\/05\/DSC04640-1.jpg 1024w, https:\/\/centcols.org\/wp-content\/uploads\/2016\/05\/DSC04640-1-768x576.jpg 768w\" sizes=\"auto, (max-width: 1024px) 100vw, 1024px\" \/><\/a><figcaption class=\"wp-element-caption\">den Veymont, indem Sie zum Sapiau Collet aufsteigen<\/figcaption><\/figure>\n\n\n\n<figure class=\"wp-block-image size-full\"><a href=\"https:\/\/centcols.org\/wp-content\/uploads\/2016\/05\/DSC04579.jpg\"><img loading=\"lazy\" decoding=\"async\" width=\"1024\" height=\"768\" data-id=\"88766\" src=\"https:\/\/centcols.org\/wp-content\/uploads\/2016\/05\/DSC04579.jpg\" alt=\"\" class=\"wp-image-88766\" srcset=\"https:\/\/centcols.org\/wp-content\/uploads\/2016\/05\/DSC04579.jpg 1024w, https:\/\/centcols.org\/wp-content\/uploads\/2016\/05\/DSC04579-768x576.jpg 768w\" sizes=\"auto, (max-width: 1024px) 100vw, 1024px\" \/><\/a><figcaption class=\"wp-element-caption\">unter dem Wolkenmeer, das Tal der Dr\u00f4me vom Col de Vassieux aus gesehen. In der Sonne die Trois Becs.<\/figcaption><\/figure>\n<\/figure>","protected":false},"excerpt":{"rendered":"<p>Pr\u00e9sentation Le s\u00e9jour d&rsquo;\u00e9t\u00e9 2016 se d\u00e9roulera du 16 au 24 juillet au Piroulet sur la commune de Vassieux-en-Vercors. Les photos de cette page (paysages, faune, flore) ont \u00e9t\u00e9 essentiellement fournies par Mich\u00e8le Sassoulas. Pr\u00e9sentation de la r\u00e9gion Le Vercors est un massif des Pr\u00e9alpes situ\u00e9 dans le sud-est de la France, \u00e0 cheval entre [&hellip;]<\/p>\n","protected":false},"author":3,"featured_media":82964,"comment_status":"closed","ping_status":"open","sticky":false,"template":"","format":"standard","meta":{"_acf_changed":false,"footnotes":""},"categories":[349,367,373,410,135,389,231],"tags":[],"class_list":["post-81768","post","type-post","status-publish","format-standard","has-post-thumbnail","hentry","category-france-pays-sejours","category-auvergne-rhone-alpes-region-sejours","category-alpes-francaises-du-nord-massif-sejours","category-vercors","category-calendrier","category-26-drome","category-sejours"],"acf":[],"yoast_head":"<!-- This site is optimized with the Yoast SEO plugin v27.2 - https:\/\/yoast.com\/product\/yoast-seo-wordpress\/ -->\n<title>S\u00e9jour estival \u00e0 Vassieux-en-Vercors (Dr\u00f4me) du 16 au 24 juillet 2016 - Club des Cent Cols<\/title>\n<meta name=\"robots\" content=\"index, follow, max-snippet:-1, max-image-preview:large, max-video-preview:-1\" \/>\n<link rel=\"canonical\" href=\"https:\/\/centcols.org\/de\/aufenthalt-2016-vassieux\/\" \/>\n<meta property=\"og:locale\" content=\"de_DE\" \/>\n<meta property=\"og:type\" content=\"article\" \/>\n<meta property=\"og:title\" content=\"S\u00e9jour estival \u00e0 Vassieux-en-Vercors (Dr\u00f4me) du 16 au 24 juillet 2016 - Club des Cent Cols\" \/>\n<meta property=\"og:description\" content=\"Pr\u00e9sentation Le s\u00e9jour d&rsquo;\u00e9t\u00e9 2016 se d\u00e9roulera du 16 au 24 juillet au Piroulet sur la commune de Vassieux-en-Vercors. Les photos de cette page (paysages, faune, flore) ont \u00e9t\u00e9 essentiellement fournies par Mich\u00e8le Sassoulas. Pr\u00e9sentation de la r\u00e9gion Le Vercors est un massif des Pr\u00e9alpes situ\u00e9 dans le sud-est de la France, \u00e0 cheval entre [&hellip;]\" \/>\n<meta property=\"og:url\" content=\"https:\/\/centcols.org\/de\/aufenthalt-2016-vassieux\/\" \/>\n<meta property=\"og:site_name\" content=\"Club des Cent Cols\" \/>\n<meta property=\"article:publisher\" content=\"https:\/\/www.facebook.com\/groups\/5261880558\/?locale=fr_FR\" \/>\n<meta property=\"article:published_time\" content=\"2016-05-04T09:18:45+00:00\" \/>\n<meta property=\"article:modified_time\" content=\"2025-09-01T16:06:16+00:00\" \/>\n<meta property=\"og:image\" content=\"https:\/\/centcols.org\/wp-content\/uploads\/2016\/05\/villagevassieux1.jpg\" \/>\n\t<meta property=\"og:image:width\" content=\"1024\" \/>\n\t<meta property=\"og:image:height\" content=\"768\" \/>\n\t<meta property=\"og:image:type\" content=\"image\/jpeg\" \/>\n<meta name=\"author\" content=\"Webmestre\" \/>\n<meta name=\"twitter:card\" content=\"summary_large_image\" \/>\n<meta name=\"twitter:label1\" content=\"Verfasst von\" \/>\n\t<meta name=\"twitter:data1\" content=\"Webmestre\" \/>\n\t<meta name=\"twitter:label2\" content=\"Gesch\u00e4tzte Lesezeit\" \/>\n\t<meta name=\"twitter:data2\" content=\"18\u00a0Minuten\" \/>\n<script type=\"application\/ld+json\" class=\"yoast-schema-graph\">{\"@context\":\"https:\/\/schema.org\",\"@graph\":[{\"@type\":\"Article\",\"@id\":\"https:\/\/centcols.org\/sejour-2016-vassieux\/#article\",\"isPartOf\":{\"@id\":\"https:\/\/centcols.org\/sejour-2016-vassieux\/\"},\"author\":{\"name\":\"Webmestre\",\"@id\":\"https:\/\/centcols.org\/#\/schema\/person\/911b404fb133d8c913dd27cdcf71c8e5\"},\"headline\":\"S\u00e9jour estival \u00e0 Vassieux-en-Vercors (Dr\u00f4me) du 16 au 24 juillet 2016\",\"datePublished\":\"2016-05-04T09:18:45+00:00\",\"dateModified\":\"2025-09-01T16:06:16+00:00\",\"mainEntityOfPage\":{\"@id\":\"https:\/\/centcols.org\/sejour-2016-vassieux\/\"},\"wordCount\":2479,\"publisher\":{\"@id\":\"https:\/\/centcols.org\/#organization\"},\"image\":{\"@id\":\"https:\/\/centcols.org\/sejour-2016-vassieux\/#primaryimage\"},\"thumbnailUrl\":\"https:\/\/centcols.org\/wp-content\/uploads\/2016\/05\/villagevassieux1.jpg\",\"articleSection\":[\"France\",\"Auvergne-Rh\u00f4ne-Alpes\",\"Alpes fran\u00e7aises du Nord\",\"Vercors\",\"Calendrier\",\"26-Dr\u00f4me\",\"S\u00e9jours du Club des Cent Cols\"],\"inLanguage\":\"de\"},{\"@type\":\"WebPage\",\"@id\":\"https:\/\/centcols.org\/sejour-2016-vassieux\/\",\"url\":\"https:\/\/centcols.org\/sejour-2016-vassieux\/\",\"name\":\"S\u00e9jour estival \u00e0 Vassieux-en-Vercors (Dr\u00f4me) du 16 au 24 juillet 2016 - Club des Cent Cols\",\"isPartOf\":{\"@id\":\"https:\/\/centcols.org\/#website\"},\"primaryImageOfPage\":{\"@id\":\"https:\/\/centcols.org\/sejour-2016-vassieux\/#primaryimage\"},\"image\":{\"@id\":\"https:\/\/centcols.org\/sejour-2016-vassieux\/#primaryimage\"},\"thumbnailUrl\":\"https:\/\/centcols.org\/wp-content\/uploads\/2016\/05\/villagevassieux1.jpg\",\"datePublished\":\"2016-05-04T09:18:45+00:00\",\"dateModified\":\"2025-09-01T16:06:16+00:00\",\"breadcrumb\":{\"@id\":\"https:\/\/centcols.org\/sejour-2016-vassieux\/#breadcrumb\"},\"inLanguage\":\"de\",\"potentialAction\":[{\"@type\":\"ReadAction\",\"target\":[\"https:\/\/centcols.org\/sejour-2016-vassieux\/\"]}]},{\"@type\":\"ImageObject\",\"inLanguage\":\"de\",\"@id\":\"https:\/\/centcols.org\/sejour-2016-vassieux\/#primaryimage\",\"url\":\"https:\/\/centcols.org\/wp-content\/uploads\/2016\/05\/villagevassieux1.jpg\",\"contentUrl\":\"https:\/\/centcols.org\/wp-content\/uploads\/2016\/05\/villagevassieux1.jpg\",\"width\":1024,\"height\":768},{\"@type\":\"BreadcrumbList\",\"@id\":\"https:\/\/centcols.org\/sejour-2016-vassieux\/#breadcrumb\",\"itemListElement\":[{\"@type\":\"ListItem\",\"position\":1,\"name\":\"Accueil\",\"item\":\"https:\/\/centcols.org\/\"},{\"@type\":\"ListItem\",\"position\":2,\"name\":\"S\u00e9jours du Club des Cent Cols\",\"item\":\"https:\/\/centcols.org\/rubrique\/sejours\/\"},{\"@type\":\"ListItem\",\"position\":3,\"name\":\"Pays\",\"item\":\"https:\/\/centcols.org\/rubrique\/sejours\/pays-sejours\/\"},{\"@type\":\"ListItem\",\"position\":4,\"name\":\"France\",\"item\":\"https:\/\/centcols.org\/rubrique\/sejours\/pays-sejours\/france-pays-sejours\/\"},{\"@type\":\"ListItem\",\"position\":5,\"name\":\"S\u00e9jour estival \u00e0 Vassieux-en-Vercors (Dr\u00f4me) du 16 au 24 juillet 2016\"}]},{\"@type\":\"WebSite\",\"@id\":\"https:\/\/centcols.org\/#website\",\"url\":\"https:\/\/centcols.org\/\",\"name\":\"Club des Cent Cols\",\"description\":\"\",\"publisher\":{\"@id\":\"https:\/\/centcols.org\/#organization\"},\"potentialAction\":[{\"@type\":\"SearchAction\",\"target\":{\"@type\":\"EntryPoint\",\"urlTemplate\":\"https:\/\/centcols.org\/?s={search_term_string}\"},\"query-input\":{\"@type\":\"PropertyValueSpecification\",\"valueRequired\":true,\"valueName\":\"search_term_string\"}}],\"inLanguage\":\"de\"},{\"@type\":\"Organization\",\"@id\":\"https:\/\/centcols.org\/#organization\",\"name\":\"Club des Cent Cols\",\"url\":\"https:\/\/centcols.org\/\",\"logo\":{\"@type\":\"ImageObject\",\"inLanguage\":\"de\",\"@id\":\"https:\/\/centcols.org\/#\/schema\/logo\/image\/\",\"url\":\"https:\/\/centcols.org\/wp-content\/uploads\/2025\/01\/carte-icone.png\",\"contentUrl\":\"https:\/\/centcols.org\/wp-content\/uploads\/2025\/01\/carte-icone.png\",\"width\":250,\"height\":250,\"caption\":\"Club des Cent Cols\"},\"image\":{\"@id\":\"https:\/\/centcols.org\/#\/schema\/logo\/image\/\"},\"sameAs\":[\"https:\/\/www.facebook.com\/groups\/5261880558\/?locale=fr_FR\"]},{\"@type\":\"Person\",\"@id\":\"https:\/\/centcols.org\/#\/schema\/person\/911b404fb133d8c913dd27cdcf71c8e5\",\"name\":\"Webmestre\",\"image\":{\"@type\":\"ImageObject\",\"inLanguage\":\"de\",\"@id\":\"https:\/\/centcols.org\/wp-content\/litespeed\/avatar\/2d246e4b6b4f773e08515e1ffc53690b.jpg?ver=1777222892\",\"url\":\"https:\/\/centcols.org\/wp-content\/litespeed\/avatar\/2d246e4b6b4f773e08515e1ffc53690b.jpg?ver=1777222892\",\"contentUrl\":\"https:\/\/centcols.org\/wp-content\/litespeed\/avatar\/2d246e4b6b4f773e08515e1ffc53690b.jpg?ver=1777222892\",\"caption\":\"Webmestre\"},\"url\":\"https:\/\/centcols.org\/de\/author\/webmestre\/\"}]}<\/script>\n<!-- \/ Yoast SEO plugin. -->","yoast_head_json":{"title":"Sommeraufenthalt in Vassieux-en-Vercors (Dr\u00f4me) vom 16. bis 24. Juli 2016 - Club des Cent Cols","robots":{"index":"index","follow":"follow","max-snippet":"max-snippet:-1","max-image-preview":"max-image-preview:large","max-video-preview":"max-video-preview:-1"},"canonical":"https:\/\/centcols.org\/de\/aufenthalt-2016-vassieux\/","og_locale":"de_DE","og_type":"article","og_title":"S\u00e9jour estival \u00e0 Vassieux-en-Vercors (Dr\u00f4me) du 16 au 24 juillet 2016 - Club des Cent Cols","og_description":"Pr\u00e9sentation Le s\u00e9jour d&rsquo;\u00e9t\u00e9 2016 se d\u00e9roulera du 16 au 24 juillet au Piroulet sur la commune de Vassieux-en-Vercors. Les photos de cette page (paysages, faune, flore) ont \u00e9t\u00e9 essentiellement fournies par Mich\u00e8le Sassoulas. Pr\u00e9sentation de la r\u00e9gion Le Vercors est un massif des Pr\u00e9alpes situ\u00e9 dans le sud-est de la France, \u00e0 cheval entre [&hellip;]","og_url":"https:\/\/centcols.org\/de\/aufenthalt-2016-vassieux\/","og_site_name":"Club des Cent Cols","article_publisher":"https:\/\/www.facebook.com\/groups\/5261880558\/?locale=fr_FR","article_published_time":"2016-05-04T09:18:45+00:00","article_modified_time":"2025-09-01T16:06:16+00:00","og_image":[{"width":1024,"height":768,"url":"https:\/\/centcols.org\/wp-content\/uploads\/2016\/05\/villagevassieux1.jpg","type":"image\/jpeg"}],"author":"Webmestre","twitter_card":"summary_large_image","twitter_misc":{"Verfasst von":"Webmestre","Gesch\u00e4tzte Lesezeit":"18\u00a0Minuten"},"schema":{"@context":"https:\/\/schema.org","@graph":[{"@type":"Article","@id":"https:\/\/centcols.org\/sejour-2016-vassieux\/#article","isPartOf":{"@id":"https:\/\/centcols.org\/sejour-2016-vassieux\/"},"author":{"name":"Webmestre","@id":"https:\/\/centcols.org\/#\/schema\/person\/911b404fb133d8c913dd27cdcf71c8e5"},"headline":"S\u00e9jour estival \u00e0 Vassieux-en-Vercors (Dr\u00f4me) du 16 au 24 juillet 2016","datePublished":"2016-05-04T09:18:45+00:00","dateModified":"2025-09-01T16:06:16+00:00","mainEntityOfPage":{"@id":"https:\/\/centcols.org\/sejour-2016-vassieux\/"},"wordCount":2479,"publisher":{"@id":"https:\/\/centcols.org\/#organization"},"image":{"@id":"https:\/\/centcols.org\/sejour-2016-vassieux\/#primaryimage"},"thumbnailUrl":"https:\/\/centcols.org\/wp-content\/uploads\/2016\/05\/villagevassieux1.jpg","articleSection":["France","Auvergne-Rh\u00f4ne-Alpes","Alpes fran\u00e7aises du Nord","Vercors","Calendrier","26-Dr\u00f4me","S\u00e9jours du Club des Cent Cols"],"inLanguage":"de"},{"@type":"WebPage","@id":"https:\/\/centcols.org\/sejour-2016-vassieux\/","url":"https:\/\/centcols.org\/sejour-2016-vassieux\/","name":"Sommeraufenthalt in Vassieux-en-Vercors (Dr\u00f4me) vom 16. bis 24. Juli 2016 - Club des Cent Cols","isPartOf":{"@id":"https:\/\/centcols.org\/#website"},"primaryImageOfPage":{"@id":"https:\/\/centcols.org\/sejour-2016-vassieux\/#primaryimage"},"image":{"@id":"https:\/\/centcols.org\/sejour-2016-vassieux\/#primaryimage"},"thumbnailUrl":"https:\/\/centcols.org\/wp-content\/uploads\/2016\/05\/villagevassieux1.jpg","datePublished":"2016-05-04T09:18:45+00:00","dateModified":"2025-09-01T16:06:16+00:00","breadcrumb":{"@id":"https:\/\/centcols.org\/sejour-2016-vassieux\/#breadcrumb"},"inLanguage":"de","potentialAction":[{"@type":"ReadAction","target":["https:\/\/centcols.org\/sejour-2016-vassieux\/"]}]},{"@type":"ImageObject","inLanguage":"de","@id":"https:\/\/centcols.org\/sejour-2016-vassieux\/#primaryimage","url":"https:\/\/centcols.org\/wp-content\/uploads\/2016\/05\/villagevassieux1.jpg","contentUrl":"https:\/\/centcols.org\/wp-content\/uploads\/2016\/05\/villagevassieux1.jpg","width":1024,"height":768},{"@type":"BreadcrumbList","@id":"https:\/\/centcols.org\/sejour-2016-vassieux\/#breadcrumb","itemListElement":[{"@type":"ListItem","position":1,"name":"Accueil","item":"https:\/\/centcols.org\/"},{"@type":"ListItem","position":2,"name":"S\u00e9jours du Club des Cent Cols","item":"https:\/\/centcols.org\/rubrique\/sejours\/"},{"@type":"ListItem","position":3,"name":"Pays","item":"https:\/\/centcols.org\/rubrique\/sejours\/pays-sejours\/"},{"@type":"ListItem","position":4,"name":"France","item":"https:\/\/centcols.org\/rubrique\/sejours\/pays-sejours\/france-pays-sejours\/"},{"@type":"ListItem","position":5,"name":"S\u00e9jour estival \u00e0 Vassieux-en-Vercors (Dr\u00f4me) du 16 au 24 juillet 2016"}]},{"@type":"WebSite","@id":"https:\/\/centcols.org\/#website","url":"https:\/\/centcols.org\/","name":"Club des Cent Cols","description":"","publisher":{"@id":"https:\/\/centcols.org\/#organization"},"potentialAction":[{"@type":"SearchAction","target":{"@type":"EntryPoint","urlTemplate":"https:\/\/centcols.org\/?s={search_term_string}"},"query-input":{"@type":"PropertyValueSpecification","valueRequired":true,"valueName":"search_term_string"}}],"inLanguage":"de"},{"@type":"Organization","@id":"https:\/\/centcols.org\/#organization","name":"Club des Cent Cols","url":"https:\/\/centcols.org\/","logo":{"@type":"ImageObject","inLanguage":"de","@id":"https:\/\/centcols.org\/#\/schema\/logo\/image\/","url":"https:\/\/centcols.org\/wp-content\/uploads\/2025\/01\/carte-icone.png","contentUrl":"https:\/\/centcols.org\/wp-content\/uploads\/2025\/01\/carte-icone.png","width":250,"height":250,"caption":"Club des Cent Cols"},"image":{"@id":"https:\/\/centcols.org\/#\/schema\/logo\/image\/"},"sameAs":["https:\/\/www.facebook.com\/groups\/5261880558\/?locale=fr_FR"]},{"@type":"Person","@id":"https:\/\/centcols.org\/#\/schema\/person\/911b404fb133d8c913dd27cdcf71c8e5","name":"Webmaster","image":{"@type":"ImageObject","inLanguage":"de","@id":"https:\/\/centcols.org\/wp-content\/litespeed\/avatar\/2d246e4b6b4f773e08515e1ffc53690b.jpg?ver=1777222892","url":"https:\/\/centcols.org\/wp-content\/litespeed\/avatar\/2d246e4b6b4f773e08515e1ffc53690b.jpg?ver=1777222892","contentUrl":"https:\/\/centcols.org\/wp-content\/litespeed\/avatar\/2d246e4b6b4f773e08515e1ffc53690b.jpg?ver=1777222892","caption":"Webmestre"},"url":"https:\/\/centcols.org\/de\/author\/webmestre\/"}]}},"_links":{"self":[{"href":"https:\/\/centcols.org\/de\/wp-json\/wp\/v2\/posts\/81768","targetHints":{"allow":["GET"]}}],"collection":[{"href":"https:\/\/centcols.org\/de\/wp-json\/wp\/v2\/posts"}],"about":[{"href":"https:\/\/centcols.org\/de\/wp-json\/wp\/v2\/types\/post"}],"author":[{"embeddable":true,"href":"https:\/\/centcols.org\/de\/wp-json\/wp\/v2\/users\/3"}],"replies":[{"embeddable":true,"href":"https:\/\/centcols.org\/de\/wp-json\/wp\/v2\/comments?post=81768"}],"version-history":[{"count":0,"href":"https:\/\/centcols.org\/de\/wp-json\/wp\/v2\/posts\/81768\/revisions"}],"wp:featuredmedia":[{"embeddable":true,"href":"https:\/\/centcols.org\/de\/wp-json\/wp\/v2\/media\/82964"}],"wp:attachment":[{"href":"https:\/\/centcols.org\/de\/wp-json\/wp\/v2\/media?parent=81768"}],"wp:term":[{"taxonomy":"category","embeddable":true,"href":"https:\/\/centcols.org\/de\/wp-json\/wp\/v2\/categories?post=81768"},{"taxonomy":"post_tag","embeddable":true,"href":"https:\/\/centcols.org\/de\/wp-json\/wp\/v2\/tags?post=81768"}],"curies":[{"name":"wp","href":"https:\/\/api.w.org\/{rel}","templated":true}]}}