{"id":81802,"date":"2016-02-03T15:00:09","date_gmt":"2016-02-03T13:00:09","guid":{"rendered":"https:\/\/centcols.org\/concentration-regionale-alpes-du-sud-souvenir-roland-grimaud-au-col-de-pontis-le-3-septembre-2016\/"},"modified":"2025-09-12T22:02:15","modified_gmt":"2025-09-12T20:02:15","slug":"regionale-konzentration-sudalpen-gedenken-roland-grimaud-auf-dem-col-de-pontis-am-3-september-2016","status":"publish","type":"post","link":"https:\/\/centcols.org\/de\/concentration-regionale-alpes-du-sud-souvenir-roland-grimaud-au-col-de-pontis-le-3-septembre-2016\/","title":{"rendered":"Regionalkonkurrenz S\u00fcdalpen (Erinnerung an Roland Grimaud) am Col de Pontis am 3. September 2016."},"content":{"rendered":"\n<p>Samedi 3 septembre 2016, Alpes Sud<br>Col de Pontis, 1301 m (Alpes de Haute Provence)<\/p>\n\n\n\n<p>Rassemblement commun avec le comit\u00e9 d\u00e9partemental des Hautes Alpes<\/p>\n\n\n\n<figure class=\"wp-block-image size-full\"><img loading=\"lazy\" decoding=\"async\" width=\"752\" height=\"584\" src=\"https:\/\/centcols.org\/wp-content\/uploads\/2025\/05\/pontis.jpg\" alt=\"\" class=\"wp-image-81803\"\/><\/figure>\n\n\n\n<h3 class=\"wp-block-heading\">Contact<\/h3>\n\n\n\n<p>Bernard Henry<br>04 92 44 09 02 &#8211; 06 08 74 29 59<br>[email]bernar&#100;&#46;&#104;&#101;&#110;&#114;&#121;&#x40;&#x6c;&#x61;&#x70;&#x6f;&#x73;&#x74;&#x65;&#x2e;&#x6e;&#x65;&#x74;[\/email]<\/p>\n","protected":false},"excerpt":{"rendered":"<p>Samedi 3 septembre 2016, Alpes SudCol de Pontis, 1301 m (Alpes de Haute Provence) Rassemblement commun avec le comit\u00e9 d\u00e9partemental des Hautes Alpes Contact Bernard Henry04 92 44 09 02 &#8211; 06 08 74 29 59[email]&#x62;&#101;&#x72;&#110;a&#x72;&#100;&#46;&#x68;&#101;&#x6e;&#x72;y&#x40;&#108;a&#x70;&#111;&#x73;&#x74;e&#x2e;&#110;e&#x74;[\/email]<\/p>\n","protected":false},"author":136,"featured_media":81803,"comment_status":"closed","ping_status":"open","sticky":false,"template":"","format":"standard","meta":{"_acf_changed":false,"footnotes":""},"categories":[135,270,216],"tags":[],"class_list":["post-81802","post","type-post","status-publish","format-standard","has-post-thumbnail","hentry","category-calendrier","category-les-rassemblements-de-2016","category-rencontres-regionales"],"acf":[],"yoast_head":"<!-- This site is optimized with the Yoast SEO plugin v27.2 - https:\/\/yoast.com\/product\/yoast-seo-wordpress\/ -->\n<title>Concentration r\u00e9gionale Alpes du Sud (souvenir Roland Grimaud) au col de Pontis le 3 septembre 2016 - Club des Cent Cols<\/title>\n<meta name=\"robots\" content=\"index, follow, max-snippet:-1, max-image-preview:large, max-video-preview:-1\" \/>\n<link rel=\"canonical\" href=\"https:\/\/centcols.org\/de\/regionale-konzentration-sudalpen-gedenken-roland-grimaud-auf-dem-col-de-pontis-am-3-september-2016\/\" \/>\n<meta property=\"og:locale\" content=\"de_DE\" \/>\n<meta property=\"og:type\" content=\"article\" \/>\n<meta property=\"og:title\" content=\"Concentration r\u00e9gionale Alpes du Sud (souvenir Roland Grimaud) au col de Pontis le 3 septembre 2016 - Club des Cent Cols\" \/>\n<meta property=\"og:description\" content=\"Samedi 3 septembre 2016, Alpes SudCol de Pontis, 1301 m (Alpes de Haute Provence) Rassemblement commun avec le comit\u00e9 d\u00e9partemental des Hautes Alpes Contact Bernard Henry04 92 44 09 02 &#8211; 06 08 74 29 59[email]&#x62;&#x65;&#x72;&#x6e;&#x61;&#x72;&#x64;&#x2e;&#104;&#101;&#110;&#114;&#121;&#064;&#108;apos&#x74;&#x65;&#x2e;&#x6e;&#x65;&#x74;[\/email]\" \/>\n<meta property=\"og:url\" content=\"https:\/\/centcols.org\/de\/regionale-konzentration-sudalpen-gedenken-roland-grimaud-auf-dem-col-de-pontis-am-3-september-2016\/\" \/>\n<meta property=\"og:site_name\" content=\"Club des Cent Cols\" \/>\n<meta property=\"article:publisher\" content=\"https:\/\/www.facebook.com\/groups\/5261880558\/?locale=fr_FR\" \/>\n<meta property=\"article:published_time\" content=\"2016-02-03T13:00:09+00:00\" \/>\n<meta property=\"article:modified_time\" content=\"2025-09-12T20:02:15+00:00\" \/>\n<meta property=\"og:image\" content=\"https:\/\/centcols.org\/wp-content\/uploads\/2025\/05\/pontis.jpg\" \/>\n\t<meta property=\"og:image:width\" content=\"752\" \/>\n\t<meta property=\"og:image:height\" content=\"584\" \/>\n\t<meta property=\"og:image:type\" content=\"image\/jpeg\" \/>\n<meta name=\"author\" content=\"Guy Harl\u00e9\" \/>\n<meta name=\"twitter:card\" content=\"summary_large_image\" \/>\n<meta name=\"twitter:label1\" content=\"Verfasst von\" \/>\n\t<meta name=\"twitter:data1\" content=\"Guy Harl\u00e9\" \/>\n\t<meta name=\"twitter:label2\" content=\"Gesch\u00e4tzte Lesezeit\" \/>\n\t<meta name=\"twitter:data2\" content=\"1\u00a0Minute\" \/>\n<script type=\"application\/ld+json\" class=\"yoast-schema-graph\">{\"@context\":\"https:\/\/schema.org\",\"@graph\":[{\"@type\":\"Article\",\"@id\":\"https:\/\/centcols.org\/concentration-regionale-alpes-du-sud-souvenir-roland-grimaud-au-col-de-pontis-le-3-septembre-2016\/#article\",\"isPartOf\":{\"@id\":\"https:\/\/centcols.org\/concentration-regionale-alpes-du-sud-souvenir-roland-grimaud-au-col-de-pontis-le-3-septembre-2016\/\"},\"author\":{\"name\":\"Guy Harl\u00e9\",\"@id\":\"https:\/\/centcols.org\/#\/schema\/person\/377f00da2793c0363246869bb3a344d0\"},\"headline\":\"Concentration r\u00e9gionale Alpes du Sud (souvenir Roland Grimaud) au col de Pontis le 3 septembre 2016\",\"datePublished\":\"2016-02-03T13:00:09+00:00\",\"dateModified\":\"2025-09-12T20:02:15+00:00\",\"mainEntityOfPage\":{\"@id\":\"https:\/\/centcols.org\/concentration-regionale-alpes-du-sud-souvenir-roland-grimaud-au-col-de-pontis-le-3-septembre-2016\/\"},\"wordCount\":46,\"publisher\":{\"@id\":\"https:\/\/centcols.org\/#organization\"},\"image\":{\"@id\":\"https:\/\/centcols.org\/concentration-regionale-alpes-du-sud-souvenir-roland-grimaud-au-col-de-pontis-le-3-septembre-2016\/#primaryimage\"},\"thumbnailUrl\":\"https:\/\/centcols.org\/wp-content\/uploads\/2025\/05\/pontis.jpg\",\"articleSection\":[\"Calendrier\",\"2016-rassemblements\",\"Rencontres r\u00e9gionales\"],\"inLanguage\":\"de\"},{\"@type\":\"WebPage\",\"@id\":\"https:\/\/centcols.org\/concentration-regionale-alpes-du-sud-souvenir-roland-grimaud-au-col-de-pontis-le-3-septembre-2016\/\",\"url\":\"https:\/\/centcols.org\/concentration-regionale-alpes-du-sud-souvenir-roland-grimaud-au-col-de-pontis-le-3-septembre-2016\/\",\"name\":\"Concentration r\u00e9gionale Alpes du Sud (souvenir Roland Grimaud) au col de Pontis le 3 septembre 2016 - Club des Cent Cols\",\"isPartOf\":{\"@id\":\"https:\/\/centcols.org\/#website\"},\"primaryImageOfPage\":{\"@id\":\"https:\/\/centcols.org\/concentration-regionale-alpes-du-sud-souvenir-roland-grimaud-au-col-de-pontis-le-3-septembre-2016\/#primaryimage\"},\"image\":{\"@id\":\"https:\/\/centcols.org\/concentration-regionale-alpes-du-sud-souvenir-roland-grimaud-au-col-de-pontis-le-3-septembre-2016\/#primaryimage\"},\"thumbnailUrl\":\"https:\/\/centcols.org\/wp-content\/uploads\/2025\/05\/pontis.jpg\",\"datePublished\":\"2016-02-03T13:00:09+00:00\",\"dateModified\":\"2025-09-12T20:02:15+00:00\",\"breadcrumb\":{\"@id\":\"https:\/\/centcols.org\/concentration-regionale-alpes-du-sud-souvenir-roland-grimaud-au-col-de-pontis-le-3-septembre-2016\/#breadcrumb\"},\"inLanguage\":\"de\",\"potentialAction\":[{\"@type\":\"ReadAction\",\"target\":[\"https:\/\/centcols.org\/concentration-regionale-alpes-du-sud-souvenir-roland-grimaud-au-col-de-pontis-le-3-septembre-2016\/\"]}]},{\"@type\":\"ImageObject\",\"inLanguage\":\"de\",\"@id\":\"https:\/\/centcols.org\/concentration-regionale-alpes-du-sud-souvenir-roland-grimaud-au-col-de-pontis-le-3-septembre-2016\/#primaryimage\",\"url\":\"https:\/\/centcols.org\/wp-content\/uploads\/2025\/05\/pontis.jpg\",\"contentUrl\":\"https:\/\/centcols.org\/wp-content\/uploads\/2025\/05\/pontis.jpg\",\"width\":752,\"height\":584},{\"@type\":\"BreadcrumbList\",\"@id\":\"https:\/\/centcols.org\/concentration-regionale-alpes-du-sud-souvenir-roland-grimaud-au-col-de-pontis-le-3-septembre-2016\/#breadcrumb\",\"itemListElement\":[{\"@type\":\"ListItem\",\"position\":1,\"name\":\"Accueil\",\"item\":\"https:\/\/centcols.org\/\"},{\"@type\":\"ListItem\",\"position\":2,\"name\":\"Calendrier\",\"item\":\"https:\/\/centcols.org\/rubrique\/calendrier\/\"},{\"@type\":\"ListItem\",\"position\":3,\"name\":\"Concentration r\u00e9gionale Alpes du Sud (souvenir Roland Grimaud) au col de Pontis le 3 septembre 2016\"}]},{\"@type\":\"WebSite\",\"@id\":\"https:\/\/centcols.org\/#website\",\"url\":\"https:\/\/centcols.org\/\",\"name\":\"Club des Cent Cols\",\"description\":\"\",\"publisher\":{\"@id\":\"https:\/\/centcols.org\/#organization\"},\"potentialAction\":[{\"@type\":\"SearchAction\",\"target\":{\"@type\":\"EntryPoint\",\"urlTemplate\":\"https:\/\/centcols.org\/?s={search_term_string}\"},\"query-input\":{\"@type\":\"PropertyValueSpecification\",\"valueRequired\":true,\"valueName\":\"search_term_string\"}}],\"inLanguage\":\"de\"},{\"@type\":\"Organization\",\"@id\":\"https:\/\/centcols.org\/#organization\",\"name\":\"Club des Cent Cols\",\"url\":\"https:\/\/centcols.org\/\",\"logo\":{\"@type\":\"ImageObject\",\"inLanguage\":\"de\",\"@id\":\"https:\/\/centcols.org\/#\/schema\/logo\/image\/\",\"url\":\"https:\/\/centcols.org\/wp-content\/uploads\/2025\/01\/carte-icone.png\",\"contentUrl\":\"https:\/\/centcols.org\/wp-content\/uploads\/2025\/01\/carte-icone.png\",\"width\":250,\"height\":250,\"caption\":\"Club des Cent Cols\"},\"image\":{\"@id\":\"https:\/\/centcols.org\/#\/schema\/logo\/image\/\"},\"sameAs\":[\"https:\/\/www.facebook.com\/groups\/5261880558\/?locale=fr_FR\"]},{\"@type\":\"Person\",\"@id\":\"https:\/\/centcols.org\/#\/schema\/person\/377f00da2793c0363246869bb3a344d0\",\"name\":\"Guy Harl\u00e9\",\"image\":{\"@type\":\"ImageObject\",\"inLanguage\":\"de\",\"@id\":\"https:\/\/centcols.org\/wp-content\/litespeed\/avatar\/94c4de37e46cf090f296d42ab3e8d6a6.jpg?ver=1777238144\",\"url\":\"https:\/\/centcols.org\/wp-content\/litespeed\/avatar\/94c4de37e46cf090f296d42ab3e8d6a6.jpg?ver=1777238144\",\"contentUrl\":\"https:\/\/centcols.org\/wp-content\/litespeed\/avatar\/94c4de37e46cf090f296d42ab3e8d6a6.jpg?ver=1777238144\",\"caption\":\"Guy Harl\u00e9\"},\"url\":\"https:\/\/centcols.org\/de\/author\/5193\/\"}]}<\/script>\n<!-- \/ Yoast SEO plugin. -->","yoast_head_json":{"title":"Regionalkonkurrenz S\u00fcdalpen (Erinnerung an Roland Grimaud) am Col de Pontis am 3. September 2016 - Club des Cent Cols","robots":{"index":"index","follow":"follow","max-snippet":"max-snippet:-1","max-image-preview":"max-image-preview:large","max-video-preview":"max-video-preview:-1"},"canonical":"https:\/\/centcols.org\/de\/regionale-konzentration-sudalpen-gedenken-roland-grimaud-auf-dem-col-de-pontis-am-3-september-2016\/","og_locale":"de_DE","og_type":"article","og_title":"Concentration r\u00e9gionale Alpes du Sud (souvenir Roland Grimaud) au col de Pontis le 3 septembre 2016 - Club des Cent Cols","og_description":"Samedi 3 septembre 2016, Alpes SudCol de Pontis, 1301 m (Alpes de Haute Provence) Rassemblement commun avec le comit\u00e9 d\u00e9partemental des Hautes Alpes Contact Bernard Henry04 92 44 09 02 &#8211; 06 08 74 29 59[email]&#x62;&#x65;&#x72;&#x6e;&#x61;&#x72;&#x64;&#x2e;&#104;&#101;&#110;&#114;&#121;&#64;&#108;apos&#x74;&#x65;&#x2e;&#x6e;&#x65;&#x74;[\/email]","og_url":"https:\/\/centcols.org\/de\/regionale-konzentration-sudalpen-gedenken-roland-grimaud-auf-dem-col-de-pontis-am-3-september-2016\/","og_site_name":"Club des Cent Cols","article_publisher":"https:\/\/www.facebook.com\/groups\/5261880558\/?locale=fr_FR","article_published_time":"2016-02-03T13:00:09+00:00","article_modified_time":"2025-09-12T20:02:15+00:00","og_image":[{"width":752,"height":584,"url":"https:\/\/centcols.org\/wp-content\/uploads\/2025\/05\/pontis.jpg","type":"image\/jpeg"}],"author":"Guy Harl\u00e9","twitter_card":"summary_large_image","twitter_misc":{"Verfasst von":"Guy Harl\u00e9","Gesch\u00e4tzte Lesezeit":"1\u00a0Minute"},"schema":{"@context":"https:\/\/schema.org","@graph":[{"@type":"Article","@id":"https:\/\/centcols.org\/concentration-regionale-alpes-du-sud-souvenir-roland-grimaud-au-col-de-pontis-le-3-septembre-2016\/#article","isPartOf":{"@id":"https:\/\/centcols.org\/concentration-regionale-alpes-du-sud-souvenir-roland-grimaud-au-col-de-pontis-le-3-septembre-2016\/"},"author":{"name":"Guy Harl\u00e9","@id":"https:\/\/centcols.org\/#\/schema\/person\/377f00da2793c0363246869bb3a344d0"},"headline":"Concentration r\u00e9gionale Alpes du Sud (souvenir Roland Grimaud) au col de Pontis le 3 septembre 2016","datePublished":"2016-02-03T13:00:09+00:00","dateModified":"2025-09-12T20:02:15+00:00","mainEntityOfPage":{"@id":"https:\/\/centcols.org\/concentration-regionale-alpes-du-sud-souvenir-roland-grimaud-au-col-de-pontis-le-3-septembre-2016\/"},"wordCount":46,"publisher":{"@id":"https:\/\/centcols.org\/#organization"},"image":{"@id":"https:\/\/centcols.org\/concentration-regionale-alpes-du-sud-souvenir-roland-grimaud-au-col-de-pontis-le-3-septembre-2016\/#primaryimage"},"thumbnailUrl":"https:\/\/centcols.org\/wp-content\/uploads\/2025\/05\/pontis.jpg","articleSection":["Calendrier","2016-rassemblements","Rencontres r\u00e9gionales"],"inLanguage":"de"},{"@type":"WebPage","@id":"https:\/\/centcols.org\/concentration-regionale-alpes-du-sud-souvenir-roland-grimaud-au-col-de-pontis-le-3-septembre-2016\/","url":"https:\/\/centcols.org\/concentration-regionale-alpes-du-sud-souvenir-roland-grimaud-au-col-de-pontis-le-3-septembre-2016\/","name":"Regionalkonkurrenz S\u00fcdalpen (Erinnerung an Roland Grimaud) am Col de Pontis am 3. September 2016 - Club des Cent Cols","isPartOf":{"@id":"https:\/\/centcols.org\/#website"},"primaryImageOfPage":{"@id":"https:\/\/centcols.org\/concentration-regionale-alpes-du-sud-souvenir-roland-grimaud-au-col-de-pontis-le-3-septembre-2016\/#primaryimage"},"image":{"@id":"https:\/\/centcols.org\/concentration-regionale-alpes-du-sud-souvenir-roland-grimaud-au-col-de-pontis-le-3-septembre-2016\/#primaryimage"},"thumbnailUrl":"https:\/\/centcols.org\/wp-content\/uploads\/2025\/05\/pontis.jpg","datePublished":"2016-02-03T13:00:09+00:00","dateModified":"2025-09-12T20:02:15+00:00","breadcrumb":{"@id":"https:\/\/centcols.org\/concentration-regionale-alpes-du-sud-souvenir-roland-grimaud-au-col-de-pontis-le-3-septembre-2016\/#breadcrumb"},"inLanguage":"de","potentialAction":[{"@type":"ReadAction","target":["https:\/\/centcols.org\/concentration-regionale-alpes-du-sud-souvenir-roland-grimaud-au-col-de-pontis-le-3-septembre-2016\/"]}]},{"@type":"ImageObject","inLanguage":"de","@id":"https:\/\/centcols.org\/concentration-regionale-alpes-du-sud-souvenir-roland-grimaud-au-col-de-pontis-le-3-septembre-2016\/#primaryimage","url":"https:\/\/centcols.org\/wp-content\/uploads\/2025\/05\/pontis.jpg","contentUrl":"https:\/\/centcols.org\/wp-content\/uploads\/2025\/05\/pontis.jpg","width":752,"height":584},{"@type":"BreadcrumbList","@id":"https:\/\/centcols.org\/concentration-regionale-alpes-du-sud-souvenir-roland-grimaud-au-col-de-pontis-le-3-septembre-2016\/#breadcrumb","itemListElement":[{"@type":"ListItem","position":1,"name":"Accueil","item":"https:\/\/centcols.org\/"},{"@type":"ListItem","position":2,"name":"Calendrier","item":"https:\/\/centcols.org\/rubrique\/calendrier\/"},{"@type":"ListItem","position":3,"name":"Concentration r\u00e9gionale Alpes du Sud (souvenir Roland Grimaud) au col de Pontis le 3 septembre 2016"}]},{"@type":"WebSite","@id":"https:\/\/centcols.org\/#website","url":"https:\/\/centcols.org\/","name":"Club des Cent Cols","description":"","publisher":{"@id":"https:\/\/centcols.org\/#organization"},"potentialAction":[{"@type":"SearchAction","target":{"@type":"EntryPoint","urlTemplate":"https:\/\/centcols.org\/?s={search_term_string}"},"query-input":{"@type":"PropertyValueSpecification","valueRequired":true,"valueName":"search_term_string"}}],"inLanguage":"de"},{"@type":"Organization","@id":"https:\/\/centcols.org\/#organization","name":"Club des Cent Cols","url":"https:\/\/centcols.org\/","logo":{"@type":"ImageObject","inLanguage":"de","@id":"https:\/\/centcols.org\/#\/schema\/logo\/image\/","url":"https:\/\/centcols.org\/wp-content\/uploads\/2025\/01\/carte-icone.png","contentUrl":"https:\/\/centcols.org\/wp-content\/uploads\/2025\/01\/carte-icone.png","width":250,"height":250,"caption":"Club des Cent Cols"},"image":{"@id":"https:\/\/centcols.org\/#\/schema\/logo\/image\/"},"sameAs":["https:\/\/www.facebook.com\/groups\/5261880558\/?locale=fr_FR"]},{"@type":"Person","@id":"https:\/\/centcols.org\/#\/schema\/person\/377f00da2793c0363246869bb3a344d0","name":"Guy Harl\u00e9","image":{"@type":"ImageObject","inLanguage":"de","@id":"https:\/\/centcols.org\/wp-content\/litespeed\/avatar\/94c4de37e46cf090f296d42ab3e8d6a6.jpg?ver=1777238144","url":"https:\/\/centcols.org\/wp-content\/litespeed\/avatar\/94c4de37e46cf090f296d42ab3e8d6a6.jpg?ver=1777238144","contentUrl":"https:\/\/centcols.org\/wp-content\/litespeed\/avatar\/94c4de37e46cf090f296d42ab3e8d6a6.jpg?ver=1777238144","caption":"Guy Harl\u00e9"},"url":"https:\/\/centcols.org\/de\/author\/5193\/"}]}},"_links":{"self":[{"href":"https:\/\/centcols.org\/de\/wp-json\/wp\/v2\/posts\/81802","targetHints":{"allow":["GET"]}}],"collection":[{"href":"https:\/\/centcols.org\/de\/wp-json\/wp\/v2\/posts"}],"about":[{"href":"https:\/\/centcols.org\/de\/wp-json\/wp\/v2\/types\/post"}],"author":[{"embeddable":true,"href":"https:\/\/centcols.org\/de\/wp-json\/wp\/v2\/users\/136"}],"replies":[{"embeddable":true,"href":"https:\/\/centcols.org\/de\/wp-json\/wp\/v2\/comments?post=81802"}],"version-history":[{"count":0,"href":"https:\/\/centcols.org\/de\/wp-json\/wp\/v2\/posts\/81802\/revisions"}],"wp:featuredmedia":[{"embeddable":true,"href":"https:\/\/centcols.org\/de\/wp-json\/wp\/v2\/media\/81803"}],"wp:attachment":[{"href":"https:\/\/centcols.org\/de\/wp-json\/wp\/v2\/media?parent=81802"}],"wp:term":[{"taxonomy":"category","embeddable":true,"href":"https:\/\/centcols.org\/de\/wp-json\/wp\/v2\/categories?post=81802"},{"taxonomy":"post_tag","embeddable":true,"href":"https:\/\/centcols.org\/de\/wp-json\/wp\/v2\/tags?post=81802"}],"curies":[{"name":"wp","href":"https:\/\/api.w.org\/{rel}","templated":true}]}}