{"id":81857,"date":"2016-10-05T18:55:20","date_gmt":"2016-10-05T16:55:20","guid":{"rendered":"https:\/\/centcols.org\/sejour-de-printemps-a-ceriale-en-ligurie-italie-du-8-au-15-mai-2017\/"},"modified":"2025-09-01T17:40:50","modified_gmt":"2025-09-01T15:40:50","slug":"aufenthalt-2017-ceriale","status":"publish","type":"post","link":"https:\/\/centcols.org\/de\/sejour-2017-ceriale\/","title":{"rendered":"Fr\u00fchlingsaufenthalt in Ceriale in Ligurien (Italien) vom 8. bis 15. Mai 2017"},"content":{"rendered":"<p>Die Ver\u00f6ffentlichung des neuen Katalogs der P\u00e4sse Italiens im Jahr 2016 war der Ausl\u00f6ser f\u00fcr die Durchf\u00fchrung eines Fr\u00fchjahrsaufenthalts in Italien. Aus Gr\u00fcnden der N\u00e4he f\u00fcr die Clubmitglieder und des Klimas wurde Ligurien dem zu dieser Zeit noch schneebedeckten Piemont vorgezogen.<\/p>\n\n\n\n<p>Die Termine vom 8. bis 15. Mai sind ungew\u00f6hnlich und auf die Pr\u00e4sidentschaftswahlen in Frankreich und die Osterferien in Italien zur\u00fcckzuf\u00fchren.<\/p>\n\n\n\n<h2 class=\"wp-block-heading\">Erkl\u00e4rungen<\/h2>\n\n\n\n<p>Ligurien ist eine der 20 Regionen, die die\u2019<em>Italien<\/em>. Es ist ein Landstreifen in Form eines Mondviertels, der zwischen dem Mittelmeer und der Gebirgskette des Apennin liegt.<\/p>\n\n\n\n<p>Sie erstreckt sich zwischen Menton und La Spezia (Ventimiglia, San Remo, Albenga, Savona, Genua, Portofino, La Spezia sind die wichtigsten K\u00fcstenst\u00e4dte). Die Gemeinde Ceriale liegt zwischen Sanremo und Savona in der N\u00e4he der Stadt Albenga, die den wichtigsten Blumenmarkt in Ligurien beherbergt.<\/p>\n\n\n\n<figure class=\"wp-block-gallery has-nested-images columns-3 is-cropped wp-block-gallery-1 is-layout-flex wp-block-gallery-is-layout-flex\">\n<figure class=\"wp-block-image size-full\"><a href=\"https:\/\/centcols.org\/wp-content\/uploads\/2016\/10\/Ligurie.png\"><img loading=\"lazy\" decoding=\"async\" width=\"800\" height=\"533\" data-id=\"88726\" src=\"https:\/\/centcols.org\/wp-content\/uploads\/2016\/10\/Ligurie.png\" alt=\"\" class=\"wp-image-88726\" srcset=\"https:\/\/centcols.org\/wp-content\/uploads\/2016\/10\/Ligurie.png 800w, https:\/\/centcols.org\/wp-content\/uploads\/2016\/10\/Ligurie-768x512.png 768w\" sizes=\"auto, (max-width: 800px) 100vw, 800px\" \/><\/a><\/figure>\n\n\n\n<figure class=\"wp-block-image size-full\"><a href=\"https:\/\/centcols.org\/wp-content\/uploads\/2016\/10\/Image1.jpg\"><img loading=\"lazy\" decoding=\"async\" width=\"677\" height=\"510\" data-id=\"88727\" src=\"https:\/\/centcols.org\/wp-content\/uploads\/2016\/10\/Image1.jpg\" alt=\"\" class=\"wp-image-88727\"\/><\/a><\/figure>\n\n\n\n<figure class=\"wp-block-image size-full\"><a href=\"https:\/\/centcols.org\/wp-content\/uploads\/2016\/10\/City_icon_Noun_Project.svg_-768x768-1.png\"><img loading=\"lazy\" decoding=\"async\" width=\"768\" height=\"768\" data-id=\"88728\" src=\"https:\/\/centcols.org\/wp-content\/uploads\/2016\/10\/City_icon_Noun_Project.svg_-768x768-1.png\" alt=\"\" class=\"wp-image-88728\" srcset=\"https:\/\/centcols.org\/wp-content\/uploads\/2016\/10\/City_icon_Noun_Project.svg_-768x768-1.png 768w, https:\/\/centcols.org\/wp-content\/uploads\/2016\/10\/City_icon_Noun_Project.svg_-768x768-1-150x150.png 150w\" sizes=\"auto, (max-width: 768px) 100vw, 768px\" \/><\/a><\/figure>\n<\/figure>\n\n\n\n<h2 class=\"wp-block-heading\"><a href=\"\/de\/les_rendez-vous\/2017\/Ceriale\/geo\/\">Die Schaltkreise<\/a><\/h2>\n\n\n\n<p>Da der Aufenthalt Anfang Mai stattfinden wird, haben die Beine der Teilnehmer bereits einige Stunden Training hinter sich. Die T\u00e4ler verlaufen senkrecht zur K\u00fcste und sind kaum miteinander verbunden, au\u00dferdem f\u00e4llt der Apennin abrupt ins Meer, was zu erheblichen H\u00f6henunterschieden f\u00fchrt. Wie Velocio schon sagte: \u00abEs gibt keine schlechten Steigungen, es gibt nur schlechte \u00dcbersetzungen. Aufgrund der Beschaffenheit Liguriens ist es nicht m\u00f6glich, sternf\u00f6rmige Strecken anzubieten. Es wird also mehrere Fahrten zwischen den Unterk\u00fcnften und den Startpunkten der Touren geben. So bietet sich die Gelegenheit, die italienische Riviera und die oben genannten geschichtstr\u00e4chtigen St\u00e4dte zu besuchen.<\/p>\n\n\n\n<p>Es werden 6 <a href=\"\/de\/membres\/cctours\/tours.php\/?lieu=Ceriale&amp;an=2017&amp;genre=R\">Stra\u00dfenrouten<\/a> mit langen oder kurzen Varianten, die es erm\u00f6glichen, 55 P\u00e4sse zu \u00fcberqueren. Eine Extratour wird angeboten, um den ber\u00fchmten Poggio zu besteigen. Die <a href=\"\/de\/membres\/cctours\/tours.php\/?lieu=Ceriale&amp;an=2017&amp;genre=V\">Maultierpfade<\/a> sind k\u00f6rperlich und technisch deutlich weniger anspruchsvoll als in Gilette. Auf den 6 Strecken werden 85 P\u00e4sse \u00fcberquert, einige davon auf den ehemaligen Milit\u00e4rpisten an der franz\u00f6sisch-italienischen Grenze.<\/p>\n\n\n\n<h2 class=\"wp-block-heading\">Unterkunft<\/h2>\n\n\n\n<p>Die Hauptunterkunft ist das Bungalowdorf \u00abIl Paese di Ciribi\u00bb in der Gemeinde Ceriale mit 62 Bungalows in Massivbauweise. (Via Asti 50, 17023 Ceriale SV, Italien, +39 0182 992411). Die Bungalows sind unterschiedlich gro\u00df und bieten Platz f\u00fcr 3 bis 6 Personen.  Mitglieder k\u00f6nnen die Website <a href=\"http:\/\/www.ciribi.it\/it\" target=\"_blank\" rel=\"noopener\">http:\/\/www.ciribi.it\/it<\/a> um es virtuell zu besuchen. Er befindet sich in einem alten Olivenhain in der N\u00e4he des Wasserparks Le Caravelle. Wir haben die Preise f\u00fcr Vollpension auf der Basis von 3 Personen pro Bungalow ausgehandelt, um eine gewisse Privatsph\u00e4re zu wahren und gleichzeitig die zahlreichen Anfragen zu befriedigen.<\/p>\n\n\n\n<p>F\u00fcr diejenigen, die mit dem Wohnwagen oder Wohnmobil anreisen m\u00f6chten, bietet der Ort einige Pl\u00e4tze, aber es ist besser, den benachbarten Campingplatz \u00abCamping Baciccia\u00bb (Via Torino 19, 17023 Ceriale SV, Italien, +39 0182 990743) aufzusuchen. Er liegt weniger als 500 m von der Hauptunterkunft entfernt und verf\u00fcgt \u00fcber 90 Campingpl\u00e4tze, Bungalows und Mobilheime. Der Club k\u00fcmmert sich nicht um die Reservierungen, die individuell und direkt beim Campingplatz vorgenommen werden m\u00fcssen. F\u00fcr diejenigen, die sich f\u00fcr diese L\u00f6sung entschieden haben, haben wir die Preise f\u00fcr Mahlzeiten und Picknicks mit der Hauptunterkunft ausgehandelt, um die Geselligkeit zu f\u00f6rdern.<\/p>\n\n\n\n<p>G\u00e9rard Birelli, CC 5553<\/p>\n\n\n\n<p><a href=\"https:\/\/centcols.org\/wp-content\/uploads\/2025\/09\/Ceriale2017.pdf\">Laden Sie die Brosch\u00fcre zum Aufenthalt herunter<\/a><\/p>\n\n\n\n<h2 class=\"wp-block-heading\">Anmeldung<\/h2>\n\n\n\n<p>Um sich anzumelden, laden Sie das PDF-Anmeldeformular herunter und folgen Sie den darin enthaltenen Anweisungen.<\/p>","protected":false},"excerpt":{"rendered":"<p>La publication du nouveau catalogue des cols d\u2019Italie en 2016 a \u00e9t\u00e9 \u00e0 l\u2019origine de la mise en \u0153uvre d\u2019un s\u00e9jour de printemps en Italie. Pour des raisons de proximit\u00e9 pour les adh\u00e9rents du club et de climat, la Ligurie a \u00e9t\u00e9 choisie plut\u00f4t que le Pi\u00e9mont encore enneig\u00e9 \u00e0 cette \u00e9poque. Les dates retenues [&hellip;]<\/p>\n","protected":false},"author":3,"featured_media":83259,"comment_status":"closed","ping_status":"open","sticky":false,"template":"","format":"standard","meta":{"_acf_changed":false,"footnotes":""},"categories":[358,135,357,416,231],"tags":[],"class_list":["post-81857","post","type-post","status-publish","format-standard","has-post-thumbnail","hentry","category-italie-pays-sejours","category-calendrier","category-ligurie","category-apennins-ligures","category-sejours"],"acf":[],"yoast_head":"<!-- This site is optimized with the Yoast SEO plugin v27.2 - https:\/\/yoast.com\/product\/yoast-seo-wordpress\/ -->\n<title>S\u00e9jour de printemps \u00e0 Ceriale en Ligurie (Italie) du 8 au 15 mai 2017 - Club des Cent Cols<\/title>\n<meta name=\"robots\" content=\"index, follow, max-snippet:-1, max-image-preview:large, max-video-preview:-1\" \/>\n<link rel=\"canonical\" href=\"https:\/\/centcols.org\/de\/aufenthalt-2017-ceriale\/\" \/>\n<meta property=\"og:locale\" content=\"de_DE\" \/>\n<meta property=\"og:type\" content=\"article\" \/>\n<meta property=\"og:title\" content=\"S\u00e9jour de printemps \u00e0 Ceriale en Ligurie (Italie) du 8 au 15 mai 2017 - Club des Cent Cols\" \/>\n<meta property=\"og:description\" content=\"La publication du nouveau catalogue des cols d\u2019Italie en 2016 a \u00e9t\u00e9 \u00e0 l\u2019origine de la mise en \u0153uvre d\u2019un s\u00e9jour de printemps en Italie. Pour des raisons de proximit\u00e9 pour les adh\u00e9rents du club et de climat, la Ligurie a \u00e9t\u00e9 choisie plut\u00f4t que le Pi\u00e9mont encore enneig\u00e9 \u00e0 cette \u00e9poque. Les dates retenues [&hellip;]\" \/>\n<meta property=\"og:url\" content=\"https:\/\/centcols.org\/de\/aufenthalt-2017-ceriale\/\" \/>\n<meta property=\"og:site_name\" content=\"Club des Cent Cols\" \/>\n<meta property=\"article:publisher\" content=\"https:\/\/www.facebook.com\/groups\/5261880558\/?locale=fr_FR\" \/>\n<meta property=\"article:published_time\" content=\"2016-10-05T16:55:20+00:00\" \/>\n<meta property=\"article:modified_time\" content=\"2025-09-01T15:40:50+00:00\" \/>\n<meta property=\"og:image\" content=\"https:\/\/centcols.org\/wp-content\/uploads\/2016\/10\/Image11.jpg\" \/>\n\t<meta property=\"og:image:width\" content=\"677\" \/>\n\t<meta property=\"og:image:height\" content=\"510\" \/>\n\t<meta property=\"og:image:type\" content=\"image\/jpeg\" \/>\n<meta name=\"author\" content=\"Webmestre\" \/>\n<meta name=\"twitter:card\" content=\"summary_large_image\" \/>\n<meta name=\"twitter:label1\" content=\"Verfasst von\" \/>\n\t<meta name=\"twitter:data1\" content=\"Webmestre\" \/>\n\t<meta name=\"twitter:label2\" content=\"Gesch\u00e4tzte Lesezeit\" \/>\n\t<meta name=\"twitter:data2\" content=\"4\u00a0Minuten\" \/>\n<script type=\"application\/ld+json\" class=\"yoast-schema-graph\">{\"@context\":\"https:\/\/schema.org\",\"@graph\":[{\"@type\":\"Article\",\"@id\":\"https:\/\/centcols.org\/sejour-2017-ceriale\/#article\",\"isPartOf\":{\"@id\":\"https:\/\/centcols.org\/sejour-2017-ceriale\/\"},\"author\":{\"name\":\"Webmestre\",\"@id\":\"https:\/\/centcols.org\/#\/schema\/person\/911b404fb133d8c913dd27cdcf71c8e5\"},\"headline\":\"S\u00e9jour de printemps \u00e0 Ceriale en Ligurie (Italie) du 8 au 15 mai 2017\",\"datePublished\":\"2016-10-05T16:55:20+00:00\",\"dateModified\":\"2025-09-01T15:40:50+00:00\",\"mainEntityOfPage\":{\"@id\":\"https:\/\/centcols.org\/sejour-2017-ceriale\/\"},\"wordCount\":625,\"publisher\":{\"@id\":\"https:\/\/centcols.org\/#organization\"},\"image\":{\"@id\":\"https:\/\/centcols.org\/sejour-2017-ceriale\/#primaryimage\"},\"thumbnailUrl\":\"https:\/\/centcols.org\/wp-content\/uploads\/2016\/10\/Image11.jpg\",\"articleSection\":[\"Italie\",\"Calendrier\",\"Ligurie\",\"Apennins Ligures\",\"S\u00e9jours du Club des Cent Cols\"],\"inLanguage\":\"de\"},{\"@type\":\"WebPage\",\"@id\":\"https:\/\/centcols.org\/sejour-2017-ceriale\/\",\"url\":\"https:\/\/centcols.org\/sejour-2017-ceriale\/\",\"name\":\"S\u00e9jour de printemps \u00e0 Ceriale en Ligurie (Italie) du 8 au 15 mai 2017 - Club des Cent Cols\",\"isPartOf\":{\"@id\":\"https:\/\/centcols.org\/#website\"},\"primaryImageOfPage\":{\"@id\":\"https:\/\/centcols.org\/sejour-2017-ceriale\/#primaryimage\"},\"image\":{\"@id\":\"https:\/\/centcols.org\/sejour-2017-ceriale\/#primaryimage\"},\"thumbnailUrl\":\"https:\/\/centcols.org\/wp-content\/uploads\/2016\/10\/Image11.jpg\",\"datePublished\":\"2016-10-05T16:55:20+00:00\",\"dateModified\":\"2025-09-01T15:40:50+00:00\",\"breadcrumb\":{\"@id\":\"https:\/\/centcols.org\/sejour-2017-ceriale\/#breadcrumb\"},\"inLanguage\":\"de\",\"potentialAction\":[{\"@type\":\"ReadAction\",\"target\":[\"https:\/\/centcols.org\/sejour-2017-ceriale\/\"]}]},{\"@type\":\"ImageObject\",\"inLanguage\":\"de\",\"@id\":\"https:\/\/centcols.org\/sejour-2017-ceriale\/#primaryimage\",\"url\":\"https:\/\/centcols.org\/wp-content\/uploads\/2016\/10\/Image11.jpg\",\"contentUrl\":\"https:\/\/centcols.org\/wp-content\/uploads\/2016\/10\/Image11.jpg\",\"width\":677,\"height\":510},{\"@type\":\"BreadcrumbList\",\"@id\":\"https:\/\/centcols.org\/sejour-2017-ceriale\/#breadcrumb\",\"itemListElement\":[{\"@type\":\"ListItem\",\"position\":1,\"name\":\"Accueil\",\"item\":\"https:\/\/centcols.org\/\"},{\"@type\":\"ListItem\",\"position\":2,\"name\":\"S\u00e9jours du Club des Cent Cols\",\"item\":\"https:\/\/centcols.org\/rubrique\/sejours\/\"},{\"@type\":\"ListItem\",\"position\":3,\"name\":\"Pays\",\"item\":\"https:\/\/centcols.org\/rubrique\/sejours\/pays-sejours\/\"},{\"@type\":\"ListItem\",\"position\":4,\"name\":\"Italie\",\"item\":\"https:\/\/centcols.org\/rubrique\/sejours\/pays-sejours\/italie-pays-sejours\/\"},{\"@type\":\"ListItem\",\"position\":5,\"name\":\"S\u00e9jour de printemps \u00e0 Ceriale en Ligurie (Italie) du 8 au 15 mai 2017\"}]},{\"@type\":\"WebSite\",\"@id\":\"https:\/\/centcols.org\/#website\",\"url\":\"https:\/\/centcols.org\/\",\"name\":\"Club des Cent Cols\",\"description\":\"\",\"publisher\":{\"@id\":\"https:\/\/centcols.org\/#organization\"},\"potentialAction\":[{\"@type\":\"SearchAction\",\"target\":{\"@type\":\"EntryPoint\",\"urlTemplate\":\"https:\/\/centcols.org\/?s={search_term_string}\"},\"query-input\":{\"@type\":\"PropertyValueSpecification\",\"valueRequired\":true,\"valueName\":\"search_term_string\"}}],\"inLanguage\":\"de\"},{\"@type\":\"Organization\",\"@id\":\"https:\/\/centcols.org\/#organization\",\"name\":\"Club des Cent Cols\",\"url\":\"https:\/\/centcols.org\/\",\"logo\":{\"@type\":\"ImageObject\",\"inLanguage\":\"de\",\"@id\":\"https:\/\/centcols.org\/#\/schema\/logo\/image\/\",\"url\":\"https:\/\/centcols.org\/wp-content\/uploads\/2025\/01\/carte-icone.png\",\"contentUrl\":\"https:\/\/centcols.org\/wp-content\/uploads\/2025\/01\/carte-icone.png\",\"width\":250,\"height\":250,\"caption\":\"Club des Cent Cols\"},\"image\":{\"@id\":\"https:\/\/centcols.org\/#\/schema\/logo\/image\/\"},\"sameAs\":[\"https:\/\/www.facebook.com\/groups\/5261880558\/?locale=fr_FR\"]},{\"@type\":\"Person\",\"@id\":\"https:\/\/centcols.org\/#\/schema\/person\/911b404fb133d8c913dd27cdcf71c8e5\",\"name\":\"Webmestre\",\"image\":{\"@type\":\"ImageObject\",\"inLanguage\":\"de\",\"@id\":\"https:\/\/centcols.org\/wp-content\/litespeed\/avatar\/2d246e4b6b4f773e08515e1ffc53690b.jpg?ver=1777222892\",\"url\":\"https:\/\/centcols.org\/wp-content\/litespeed\/avatar\/2d246e4b6b4f773e08515e1ffc53690b.jpg?ver=1777222892\",\"contentUrl\":\"https:\/\/centcols.org\/wp-content\/litespeed\/avatar\/2d246e4b6b4f773e08515e1ffc53690b.jpg?ver=1777222892\",\"caption\":\"Webmestre\"},\"url\":\"https:\/\/centcols.org\/de\/author\/webmestre\/\"}]}<\/script>\n<!-- \/ Yoast SEO plugin. -->","yoast_head_json":{"title":"Fr\u00fchlingsaufenthalt in Ceriale in Ligurien (Italien) vom 8. bis 15. Mai 2017 - Club des Cent Cols","robots":{"index":"index","follow":"follow","max-snippet":"max-snippet:-1","max-image-preview":"max-image-preview:large","max-video-preview":"max-video-preview:-1"},"canonical":"https:\/\/centcols.org\/de\/aufenthalt-2017-ceriale\/","og_locale":"de_DE","og_type":"article","og_title":"S\u00e9jour de printemps \u00e0 Ceriale en Ligurie (Italie) du 8 au 15 mai 2017 - Club des Cent Cols","og_description":"La publication du nouveau catalogue des cols d\u2019Italie en 2016 a \u00e9t\u00e9 \u00e0 l\u2019origine de la mise en \u0153uvre d\u2019un s\u00e9jour de printemps en Italie. Pour des raisons de proximit\u00e9 pour les adh\u00e9rents du club et de climat, la Ligurie a \u00e9t\u00e9 choisie plut\u00f4t que le Pi\u00e9mont encore enneig\u00e9 \u00e0 cette \u00e9poque. Les dates retenues [&hellip;]","og_url":"https:\/\/centcols.org\/de\/aufenthalt-2017-ceriale\/","og_site_name":"Club des Cent Cols","article_publisher":"https:\/\/www.facebook.com\/groups\/5261880558\/?locale=fr_FR","article_published_time":"2016-10-05T16:55:20+00:00","article_modified_time":"2025-09-01T15:40:50+00:00","og_image":[{"width":677,"height":510,"url":"https:\/\/centcols.org\/wp-content\/uploads\/2016\/10\/Image11.jpg","type":"image\/jpeg"}],"author":"Webmestre","twitter_card":"summary_large_image","twitter_misc":{"Verfasst von":"Webmestre","Gesch\u00e4tzte Lesezeit":"4\u00a0Minuten"},"schema":{"@context":"https:\/\/schema.org","@graph":[{"@type":"Article","@id":"https:\/\/centcols.org\/sejour-2017-ceriale\/#article","isPartOf":{"@id":"https:\/\/centcols.org\/sejour-2017-ceriale\/"},"author":{"name":"Webmestre","@id":"https:\/\/centcols.org\/#\/schema\/person\/911b404fb133d8c913dd27cdcf71c8e5"},"headline":"S\u00e9jour de printemps \u00e0 Ceriale en Ligurie (Italie) du 8 au 15 mai 2017","datePublished":"2016-10-05T16:55:20+00:00","dateModified":"2025-09-01T15:40:50+00:00","mainEntityOfPage":{"@id":"https:\/\/centcols.org\/sejour-2017-ceriale\/"},"wordCount":625,"publisher":{"@id":"https:\/\/centcols.org\/#organization"},"image":{"@id":"https:\/\/centcols.org\/sejour-2017-ceriale\/#primaryimage"},"thumbnailUrl":"https:\/\/centcols.org\/wp-content\/uploads\/2016\/10\/Image11.jpg","articleSection":["Italie","Calendrier","Ligurie","Apennins Ligures","S\u00e9jours du Club des Cent Cols"],"inLanguage":"de"},{"@type":"WebPage","@id":"https:\/\/centcols.org\/sejour-2017-ceriale\/","url":"https:\/\/centcols.org\/sejour-2017-ceriale\/","name":"Fr\u00fchlingsaufenthalt in Ceriale in Ligurien (Italien) vom 8. bis 15. Mai 2017 - Club des Cent Cols","isPartOf":{"@id":"https:\/\/centcols.org\/#website"},"primaryImageOfPage":{"@id":"https:\/\/centcols.org\/sejour-2017-ceriale\/#primaryimage"},"image":{"@id":"https:\/\/centcols.org\/sejour-2017-ceriale\/#primaryimage"},"thumbnailUrl":"https:\/\/centcols.org\/wp-content\/uploads\/2016\/10\/Image11.jpg","datePublished":"2016-10-05T16:55:20+00:00","dateModified":"2025-09-01T15:40:50+00:00","breadcrumb":{"@id":"https:\/\/centcols.org\/sejour-2017-ceriale\/#breadcrumb"},"inLanguage":"de","potentialAction":[{"@type":"ReadAction","target":["https:\/\/centcols.org\/sejour-2017-ceriale\/"]}]},{"@type":"ImageObject","inLanguage":"de","@id":"https:\/\/centcols.org\/sejour-2017-ceriale\/#primaryimage","url":"https:\/\/centcols.org\/wp-content\/uploads\/2016\/10\/Image11.jpg","contentUrl":"https:\/\/centcols.org\/wp-content\/uploads\/2016\/10\/Image11.jpg","width":677,"height":510},{"@type":"BreadcrumbList","@id":"https:\/\/centcols.org\/sejour-2017-ceriale\/#breadcrumb","itemListElement":[{"@type":"ListItem","position":1,"name":"Accueil","item":"https:\/\/centcols.org\/"},{"@type":"ListItem","position":2,"name":"S\u00e9jours du Club des Cent Cols","item":"https:\/\/centcols.org\/rubrique\/sejours\/"},{"@type":"ListItem","position":3,"name":"Pays","item":"https:\/\/centcols.org\/rubrique\/sejours\/pays-sejours\/"},{"@type":"ListItem","position":4,"name":"Italie","item":"https:\/\/centcols.org\/rubrique\/sejours\/pays-sejours\/italie-pays-sejours\/"},{"@type":"ListItem","position":5,"name":"S\u00e9jour de printemps \u00e0 Ceriale en Ligurie (Italie) du 8 au 15 mai 2017"}]},{"@type":"WebSite","@id":"https:\/\/centcols.org\/#website","url":"https:\/\/centcols.org\/","name":"Club des Cent Cols","description":"","publisher":{"@id":"https:\/\/centcols.org\/#organization"},"potentialAction":[{"@type":"SearchAction","target":{"@type":"EntryPoint","urlTemplate":"https:\/\/centcols.org\/?s={search_term_string}"},"query-input":{"@type":"PropertyValueSpecification","valueRequired":true,"valueName":"search_term_string"}}],"inLanguage":"de"},{"@type":"Organization","@id":"https:\/\/centcols.org\/#organization","name":"Club des Cent Cols","url":"https:\/\/centcols.org\/","logo":{"@type":"ImageObject","inLanguage":"de","@id":"https:\/\/centcols.org\/#\/schema\/logo\/image\/","url":"https:\/\/centcols.org\/wp-content\/uploads\/2025\/01\/carte-icone.png","contentUrl":"https:\/\/centcols.org\/wp-content\/uploads\/2025\/01\/carte-icone.png","width":250,"height":250,"caption":"Club des Cent Cols"},"image":{"@id":"https:\/\/centcols.org\/#\/schema\/logo\/image\/"},"sameAs":["https:\/\/www.facebook.com\/groups\/5261880558\/?locale=fr_FR"]},{"@type":"Person","@id":"https:\/\/centcols.org\/#\/schema\/person\/911b404fb133d8c913dd27cdcf71c8e5","name":"Webmaster","image":{"@type":"ImageObject","inLanguage":"de","@id":"https:\/\/centcols.org\/wp-content\/litespeed\/avatar\/2d246e4b6b4f773e08515e1ffc53690b.jpg?ver=1777222892","url":"https:\/\/centcols.org\/wp-content\/litespeed\/avatar\/2d246e4b6b4f773e08515e1ffc53690b.jpg?ver=1777222892","contentUrl":"https:\/\/centcols.org\/wp-content\/litespeed\/avatar\/2d246e4b6b4f773e08515e1ffc53690b.jpg?ver=1777222892","caption":"Webmestre"},"url":"https:\/\/centcols.org\/de\/author\/webmestre\/"}]}},"_links":{"self":[{"href":"https:\/\/centcols.org\/de\/wp-json\/wp\/v2\/posts\/81857","targetHints":{"allow":["GET"]}}],"collection":[{"href":"https:\/\/centcols.org\/de\/wp-json\/wp\/v2\/posts"}],"about":[{"href":"https:\/\/centcols.org\/de\/wp-json\/wp\/v2\/types\/post"}],"author":[{"embeddable":true,"href":"https:\/\/centcols.org\/de\/wp-json\/wp\/v2\/users\/3"}],"replies":[{"embeddable":true,"href":"https:\/\/centcols.org\/de\/wp-json\/wp\/v2\/comments?post=81857"}],"version-history":[{"count":0,"href":"https:\/\/centcols.org\/de\/wp-json\/wp\/v2\/posts\/81857\/revisions"}],"wp:featuredmedia":[{"embeddable":true,"href":"https:\/\/centcols.org\/de\/wp-json\/wp\/v2\/media\/83259"}],"wp:attachment":[{"href":"https:\/\/centcols.org\/de\/wp-json\/wp\/v2\/media?parent=81857"}],"wp:term":[{"taxonomy":"category","embeddable":true,"href":"https:\/\/centcols.org\/de\/wp-json\/wp\/v2\/categories?post=81857"},{"taxonomy":"post_tag","embeddable":true,"href":"https:\/\/centcols.org\/de\/wp-json\/wp\/v2\/tags?post=81857"}],"curies":[{"name":"wp","href":"https:\/\/api.w.org\/{rel}","templated":true}]}}