{"id":81872,"date":"2016-12-15T13:24:47","date_gmt":"2016-12-15T11:24:47","guid":{"rendered":"https:\/\/centcols.org\/henri-dusseau-recompense\/"},"modified":"2025-08-28T13:01:21","modified_gmt":"2025-08-28T11:01:21","slug":"henri-dusseau-ausgezeichnet","status":"publish","type":"post","link":"https:\/\/centcols.org\/de\/henri-dusseau-recompense\/","title":{"rendered":"Goldmedaille \"Jugend &amp; Sport\" an Henri Dusseau !"},"content":{"rendered":"<p><strong>Henri Dusseau erhielt die Goldmedaille f\u00fcr Jugend und Sport in Anerkennung seiner langj\u00e4hrigen T\u00e4tigkeit in der Vereinswelt.<\/strong><strong>. Der Club des Cent Cols schlie\u00dft sich den zahlreichen Zeugnissen an, die er bei dieser Gelegenheit erhalten hat.<br><\/strong><\/p>\n\n\n<div class=\"wp-block-image\">\n<figure class=\"aligncenter size-full\"><img loading=\"lazy\" decoding=\"async\" width=\"800\" height=\"600\" src=\"https:\/\/centcols.org\/wp-content\/uploads\/2025\/08\/henridusseau.jpg\" alt=\"\" class=\"wp-image-88495\" srcset=\"https:\/\/centcols.org\/wp-content\/uploads\/2025\/08\/henridusseau.jpg 800w, https:\/\/centcols.org\/wp-content\/uploads\/2025\/08\/henridusseau-768x576.jpg 768w\" sizes=\"auto, (max-width: 800px) 100vw, 800px\" \/><figcaption class=\"wp-element-caption\">Henri Dusseau, zwischen Brigitte und Dominique Lamouller, l\u00e4sst die bei der Generalversammlung anwesenden Vertreter der f\u00f6deralen Strukturen an seinen Gef\u00fchlen teilhaben.<\/figcaption><\/figure>\n<\/div>\n\n\n<p>In Colmar erhielt Henri Dusseau w\u00e4hrend der Generalversammlung der F\u00e9d\u00e9ration Fran\u00e7aise de Cyclotourisme aus den H\u00e4nden von Dominique Lamouller die Goldmedaille f\u00fcr Jugend, Sport und Vereinsengagement. Diese nationale Auszeichnung, die vom Minister verliehen wird, belohnt jahrelangen ehrenamtlichen Einsatz im Dienste seiner Mitb\u00fcrger.<\/p>\n\n\n\n<p>Unser Bundesvorsitzender hat Henri Dusseaus Engagement in den nationalen Instanzen der FFCT hervorgehoben, doch wir werden uns an sein Wirken im Club des Cent Cols erinnern. Sein Name taucht 1981 in der Geschichte unserer Bruderschaft auf, als er zum Sekret\u00e4r ernannt wurde. 1983 wurde ihm der Titel \u00abGeneralsekret\u00e4r\u00bb (!!!) verliehen.<\/p>\n\n\n\n<p>Im Jahr 2003 wurde er zum Pr\u00e4sidenten \u00abHonoris causa\u00bb des \u00abClub des Cent Cols\u00bb ernannt. Ganz selbstverst\u00e4ndlich findet man seinen Namen 2012 anl\u00e4sslich des 40-j\u00e4hrigen Bestehens der Bruderschaft wieder. Zusammen mit Jean Perdoux organisieren sie die Generalversammlung in Annecy und bringen das Buch \"1972 - 2012, 40 Jahre Geschichte!\" heraus.<\/p>\n\n\n\n<p>Heute begr\u00fc\u00dft Henri Dusseau gerne Menschen, die den Radtourismus f\u00fcr sich entdecken, und hilft ihnen, damit anzufangen. Er ist immer bereit, sich zu engagieren.<\/p>\n\n\n\n<p>Georges Golse<\/p>","protected":false},"excerpt":{"rendered":"<p>La m\u00e9daille d\u2019or de la jeunesse et des sports a \u00e9t\u00e9 attribu\u00e9e \u00e0 Henri Dusseau en reconnaissance de son long pass\u00e9 dans le monde associatif. Le Club des Cent Cols s\u2019associe aux nombreux t\u00e9moignages qu\u2019il a re\u00e7us \u00e0 cette occasion. A Colmar, au cours de l\u2019Assembl\u00e9e g\u00e9n\u00e9rale de la F\u00e9d\u00e9ration Fran\u00e7aise de Cyclotourisme, Henri Dusseau [&hellip;]<\/p>\n","protected":false},"author":3,"featured_media":81873,"comment_status":"closed","ping_status":"open","sticky":false,"template":"","format":"standard","meta":{"_acf_changed":false,"footnotes":""},"categories":[133,81,277],"tags":[],"class_list":["post-81872","post","type-post","status-publish","format-standard","has-post-thumbnail","hentry","category-revue-de-presse","category-articles-de-presse-et-videos","category-277"],"acf":[],"yoast_head":"<!-- This site is optimized with the Yoast SEO plugin v27.2 - https:\/\/yoast.com\/product\/yoast-seo-wordpress\/ -->\n<title>Henri Dusseau r\u00e9compens\u00e9 - Club des Cent Cols<\/title>\n<meta name=\"robots\" content=\"index, follow, max-snippet:-1, max-image-preview:large, max-video-preview:-1\" \/>\n<link rel=\"canonical\" href=\"https:\/\/centcols.org\/de\/henri-dusseau-ausgezeichnet\/\" \/>\n<meta property=\"og:locale\" content=\"de_DE\" \/>\n<meta property=\"og:type\" content=\"article\" \/>\n<meta property=\"og:title\" content=\"Henri Dusseau r\u00e9compens\u00e9 - Club des Cent Cols\" \/>\n<meta property=\"og:description\" content=\"La m\u00e9daille d\u2019or de la jeunesse et des sports a \u00e9t\u00e9 attribu\u00e9e \u00e0 Henri Dusseau en reconnaissance de son long pass\u00e9 dans le monde associatif. Le Club des Cent Cols s\u2019associe aux nombreux t\u00e9moignages qu\u2019il a re\u00e7us \u00e0 cette occasion. A Colmar, au cours de l\u2019Assembl\u00e9e g\u00e9n\u00e9rale de la F\u00e9d\u00e9ration Fran\u00e7aise de Cyclotourisme, Henri Dusseau [&hellip;]\" \/>\n<meta property=\"og:url\" content=\"https:\/\/centcols.org\/de\/henri-dusseau-ausgezeichnet\/\" \/>\n<meta property=\"og:site_name\" content=\"Club des Cent Cols\" \/>\n<meta property=\"article:publisher\" content=\"https:\/\/www.facebook.com\/groups\/5261880558\/?locale=fr_FR\" \/>\n<meta property=\"article:published_time\" content=\"2016-12-15T11:24:47+00:00\" \/>\n<meta property=\"article:modified_time\" content=\"2025-08-28T11:01:21+00:00\" \/>\n<meta property=\"og:image\" content=\"https:\/\/centcols.org\/wp-content\/uploads\/2025\/05\/henridusseau.jpg\" \/>\n\t<meta property=\"og:image:width\" content=\"800\" \/>\n\t<meta property=\"og:image:height\" content=\"600\" \/>\n\t<meta property=\"og:image:type\" content=\"image\/jpeg\" \/>\n<meta name=\"author\" content=\"Webmestre\" \/>\n<meta name=\"twitter:card\" content=\"summary_large_image\" \/>\n<meta name=\"twitter:label1\" content=\"Verfasst von\" \/>\n\t<meta name=\"twitter:data1\" content=\"Webmestre\" \/>\n\t<meta name=\"twitter:label2\" content=\"Gesch\u00e4tzte Lesezeit\" \/>\n\t<meta name=\"twitter:data2\" content=\"2\u00a0Minuten\" \/>\n<script type=\"application\/ld+json\" class=\"yoast-schema-graph\">{\"@context\":\"https:\/\/schema.org\",\"@graph\":[{\"@type\":\"Article\",\"@id\":\"https:\/\/centcols.org\/henri-dusseau-recompense\/#article\",\"isPartOf\":{\"@id\":\"https:\/\/centcols.org\/henri-dusseau-recompense\/\"},\"author\":{\"name\":\"Webmestre\",\"@id\":\"https:\/\/centcols.org\/#\/schema\/person\/911b404fb133d8c913dd27cdcf71c8e5\"},\"headline\":\"Henri Dusseau r\u00e9compens\u00e9\",\"datePublished\":\"2016-12-15T11:24:47+00:00\",\"dateModified\":\"2025-08-28T11:01:21+00:00\",\"mainEntityOfPage\":{\"@id\":\"https:\/\/centcols.org\/henri-dusseau-recompense\/\"},\"wordCount\":293,\"publisher\":{\"@id\":\"https:\/\/centcols.org\/#organization\"},\"image\":{\"@id\":\"https:\/\/centcols.org\/henri-dusseau-recompense\/#primaryimage\"},\"thumbnailUrl\":\"https:\/\/centcols.org\/wp-content\/uploads\/2025\/05\/henridusseau.jpg\",\"articleSection\":[\"Revue de presse\",\"Articles de presse et vid\u00e9os\",\"2016\"],\"inLanguage\":\"de\"},{\"@type\":\"WebPage\",\"@id\":\"https:\/\/centcols.org\/henri-dusseau-recompense\/\",\"url\":\"https:\/\/centcols.org\/henri-dusseau-recompense\/\",\"name\":\"Henri Dusseau r\u00e9compens\u00e9 - Club des Cent Cols\",\"isPartOf\":{\"@id\":\"https:\/\/centcols.org\/#website\"},\"primaryImageOfPage\":{\"@id\":\"https:\/\/centcols.org\/henri-dusseau-recompense\/#primaryimage\"},\"image\":{\"@id\":\"https:\/\/centcols.org\/henri-dusseau-recompense\/#primaryimage\"},\"thumbnailUrl\":\"https:\/\/centcols.org\/wp-content\/uploads\/2025\/05\/henridusseau.jpg\",\"datePublished\":\"2016-12-15T11:24:47+00:00\",\"dateModified\":\"2025-08-28T11:01:21+00:00\",\"breadcrumb\":{\"@id\":\"https:\/\/centcols.org\/henri-dusseau-recompense\/#breadcrumb\"},\"inLanguage\":\"de\",\"potentialAction\":[{\"@type\":\"ReadAction\",\"target\":[\"https:\/\/centcols.org\/henri-dusseau-recompense\/\"]}]},{\"@type\":\"ImageObject\",\"inLanguage\":\"de\",\"@id\":\"https:\/\/centcols.org\/henri-dusseau-recompense\/#primaryimage\",\"url\":\"https:\/\/centcols.org\/wp-content\/uploads\/2025\/05\/henridusseau.jpg\",\"contentUrl\":\"https:\/\/centcols.org\/wp-content\/uploads\/2025\/05\/henridusseau.jpg\",\"width\":800,\"height\":600},{\"@type\":\"BreadcrumbList\",\"@id\":\"https:\/\/centcols.org\/henri-dusseau-recompense\/#breadcrumb\",\"itemListElement\":[{\"@type\":\"ListItem\",\"position\":1,\"name\":\"Accueil\",\"item\":\"https:\/\/centcols.org\/\"},{\"@type\":\"ListItem\",\"position\":2,\"name\":\"Articles de presse et vid\u00e9os\",\"item\":\"https:\/\/centcols.org\/rubrique\/articles-de-presse-et-videos\/\"},{\"@type\":\"ListItem\",\"position\":3,\"name\":\"2016\",\"item\":\"https:\/\/centcols.org\/rubrique\/articles-de-presse-et-videos\/2016\/\"},{\"@type\":\"ListItem\",\"position\":4,\"name\":\"Henri Dusseau r\u00e9compens\u00e9\"}]},{\"@type\":\"WebSite\",\"@id\":\"https:\/\/centcols.org\/#website\",\"url\":\"https:\/\/centcols.org\/\",\"name\":\"Club des Cent Cols\",\"description\":\"\",\"publisher\":{\"@id\":\"https:\/\/centcols.org\/#organization\"},\"potentialAction\":[{\"@type\":\"SearchAction\",\"target\":{\"@type\":\"EntryPoint\",\"urlTemplate\":\"https:\/\/centcols.org\/?s={search_term_string}\"},\"query-input\":{\"@type\":\"PropertyValueSpecification\",\"valueRequired\":true,\"valueName\":\"search_term_string\"}}],\"inLanguage\":\"de\"},{\"@type\":\"Organization\",\"@id\":\"https:\/\/centcols.org\/#organization\",\"name\":\"Club des Cent Cols\",\"url\":\"https:\/\/centcols.org\/\",\"logo\":{\"@type\":\"ImageObject\",\"inLanguage\":\"de\",\"@id\":\"https:\/\/centcols.org\/#\/schema\/logo\/image\/\",\"url\":\"https:\/\/centcols.org\/wp-content\/uploads\/2025\/01\/carte-icone.png\",\"contentUrl\":\"https:\/\/centcols.org\/wp-content\/uploads\/2025\/01\/carte-icone.png\",\"width\":250,\"height\":250,\"caption\":\"Club des Cent Cols\"},\"image\":{\"@id\":\"https:\/\/centcols.org\/#\/schema\/logo\/image\/\"},\"sameAs\":[\"https:\/\/www.facebook.com\/groups\/5261880558\/?locale=fr_FR\"]},{\"@type\":\"Person\",\"@id\":\"https:\/\/centcols.org\/#\/schema\/person\/911b404fb133d8c913dd27cdcf71c8e5\",\"name\":\"Webmestre\",\"image\":{\"@type\":\"ImageObject\",\"inLanguage\":\"de\",\"@id\":\"https:\/\/centcols.org\/wp-content\/litespeed\/avatar\/2d246e4b6b4f773e08515e1ffc53690b.jpg?ver=1777222892\",\"url\":\"https:\/\/centcols.org\/wp-content\/litespeed\/avatar\/2d246e4b6b4f773e08515e1ffc53690b.jpg?ver=1777222892\",\"contentUrl\":\"https:\/\/centcols.org\/wp-content\/litespeed\/avatar\/2d246e4b6b4f773e08515e1ffc53690b.jpg?ver=1777222892\",\"caption\":\"Webmestre\"},\"url\":\"https:\/\/centcols.org\/de\/author\/webmestre\/\"}]}<\/script>\n<!-- \/ Yoast SEO plugin. -->","yoast_head_json":{"title":"Henri Dusseau ausgezeichnet - Club des Cent Cols","robots":{"index":"index","follow":"follow","max-snippet":"max-snippet:-1","max-image-preview":"max-image-preview:large","max-video-preview":"max-video-preview:-1"},"canonical":"https:\/\/centcols.org\/de\/henri-dusseau-ausgezeichnet\/","og_locale":"de_DE","og_type":"article","og_title":"Henri Dusseau r\u00e9compens\u00e9 - Club des Cent Cols","og_description":"La m\u00e9daille d\u2019or de la jeunesse et des sports a \u00e9t\u00e9 attribu\u00e9e \u00e0 Henri Dusseau en reconnaissance de son long pass\u00e9 dans le monde associatif. Le Club des Cent Cols s\u2019associe aux nombreux t\u00e9moignages qu\u2019il a re\u00e7us \u00e0 cette occasion. A Colmar, au cours de l\u2019Assembl\u00e9e g\u00e9n\u00e9rale de la F\u00e9d\u00e9ration Fran\u00e7aise de Cyclotourisme, Henri Dusseau [&hellip;]","og_url":"https:\/\/centcols.org\/de\/henri-dusseau-ausgezeichnet\/","og_site_name":"Club des Cent Cols","article_publisher":"https:\/\/www.facebook.com\/groups\/5261880558\/?locale=fr_FR","article_published_time":"2016-12-15T11:24:47+00:00","article_modified_time":"2025-08-28T11:01:21+00:00","og_image":[{"width":800,"height":600,"url":"https:\/\/centcols.org\/wp-content\/uploads\/2025\/05\/henridusseau.jpg","type":"image\/jpeg"}],"author":"Webmestre","twitter_card":"summary_large_image","twitter_misc":{"Verfasst von":"Webmestre","Gesch\u00e4tzte Lesezeit":"2\u00a0Minuten"},"schema":{"@context":"https:\/\/schema.org","@graph":[{"@type":"Article","@id":"https:\/\/centcols.org\/henri-dusseau-recompense\/#article","isPartOf":{"@id":"https:\/\/centcols.org\/henri-dusseau-recompense\/"},"author":{"name":"Webmestre","@id":"https:\/\/centcols.org\/#\/schema\/person\/911b404fb133d8c913dd27cdcf71c8e5"},"headline":"Henri Dusseau r\u00e9compens\u00e9","datePublished":"2016-12-15T11:24:47+00:00","dateModified":"2025-08-28T11:01:21+00:00","mainEntityOfPage":{"@id":"https:\/\/centcols.org\/henri-dusseau-recompense\/"},"wordCount":293,"publisher":{"@id":"https:\/\/centcols.org\/#organization"},"image":{"@id":"https:\/\/centcols.org\/henri-dusseau-recompense\/#primaryimage"},"thumbnailUrl":"https:\/\/centcols.org\/wp-content\/uploads\/2025\/05\/henridusseau.jpg","articleSection":["Revue de presse","Articles de presse et vid\u00e9os","2016"],"inLanguage":"de"},{"@type":"WebPage","@id":"https:\/\/centcols.org\/henri-dusseau-recompense\/","url":"https:\/\/centcols.org\/henri-dusseau-recompense\/","name":"Henri Dusseau ausgezeichnet - Club des Cent Cols","isPartOf":{"@id":"https:\/\/centcols.org\/#website"},"primaryImageOfPage":{"@id":"https:\/\/centcols.org\/henri-dusseau-recompense\/#primaryimage"},"image":{"@id":"https:\/\/centcols.org\/henri-dusseau-recompense\/#primaryimage"},"thumbnailUrl":"https:\/\/centcols.org\/wp-content\/uploads\/2025\/05\/henridusseau.jpg","datePublished":"2016-12-15T11:24:47+00:00","dateModified":"2025-08-28T11:01:21+00:00","breadcrumb":{"@id":"https:\/\/centcols.org\/henri-dusseau-recompense\/#breadcrumb"},"inLanguage":"de","potentialAction":[{"@type":"ReadAction","target":["https:\/\/centcols.org\/henri-dusseau-recompense\/"]}]},{"@type":"ImageObject","inLanguage":"de","@id":"https:\/\/centcols.org\/henri-dusseau-recompense\/#primaryimage","url":"https:\/\/centcols.org\/wp-content\/uploads\/2025\/05\/henridusseau.jpg","contentUrl":"https:\/\/centcols.org\/wp-content\/uploads\/2025\/05\/henridusseau.jpg","width":800,"height":600},{"@type":"BreadcrumbList","@id":"https:\/\/centcols.org\/henri-dusseau-recompense\/#breadcrumb","itemListElement":[{"@type":"ListItem","position":1,"name":"Accueil","item":"https:\/\/centcols.org\/"},{"@type":"ListItem","position":2,"name":"Articles de presse et vid\u00e9os","item":"https:\/\/centcols.org\/rubrique\/articles-de-presse-et-videos\/"},{"@type":"ListItem","position":3,"name":"2016","item":"https:\/\/centcols.org\/rubrique\/articles-de-presse-et-videos\/2016\/"},{"@type":"ListItem","position":4,"name":"Henri Dusseau r\u00e9compens\u00e9"}]},{"@type":"WebSite","@id":"https:\/\/centcols.org\/#website","url":"https:\/\/centcols.org\/","name":"Club des Cent Cols","description":"","publisher":{"@id":"https:\/\/centcols.org\/#organization"},"potentialAction":[{"@type":"SearchAction","target":{"@type":"EntryPoint","urlTemplate":"https:\/\/centcols.org\/?s={search_term_string}"},"query-input":{"@type":"PropertyValueSpecification","valueRequired":true,"valueName":"search_term_string"}}],"inLanguage":"de"},{"@type":"Organization","@id":"https:\/\/centcols.org\/#organization","name":"Club des Cent Cols","url":"https:\/\/centcols.org\/","logo":{"@type":"ImageObject","inLanguage":"de","@id":"https:\/\/centcols.org\/#\/schema\/logo\/image\/","url":"https:\/\/centcols.org\/wp-content\/uploads\/2025\/01\/carte-icone.png","contentUrl":"https:\/\/centcols.org\/wp-content\/uploads\/2025\/01\/carte-icone.png","width":250,"height":250,"caption":"Club des Cent Cols"},"image":{"@id":"https:\/\/centcols.org\/#\/schema\/logo\/image\/"},"sameAs":["https:\/\/www.facebook.com\/groups\/5261880558\/?locale=fr_FR"]},{"@type":"Person","@id":"https:\/\/centcols.org\/#\/schema\/person\/911b404fb133d8c913dd27cdcf71c8e5","name":"Webmaster","image":{"@type":"ImageObject","inLanguage":"de","@id":"https:\/\/centcols.org\/wp-content\/litespeed\/avatar\/2d246e4b6b4f773e08515e1ffc53690b.jpg?ver=1777222892","url":"https:\/\/centcols.org\/wp-content\/litespeed\/avatar\/2d246e4b6b4f773e08515e1ffc53690b.jpg?ver=1777222892","contentUrl":"https:\/\/centcols.org\/wp-content\/litespeed\/avatar\/2d246e4b6b4f773e08515e1ffc53690b.jpg?ver=1777222892","caption":"Webmestre"},"url":"https:\/\/centcols.org\/de\/author\/webmestre\/"}]}},"_links":{"self":[{"href":"https:\/\/centcols.org\/de\/wp-json\/wp\/v2\/posts\/81872","targetHints":{"allow":["GET"]}}],"collection":[{"href":"https:\/\/centcols.org\/de\/wp-json\/wp\/v2\/posts"}],"about":[{"href":"https:\/\/centcols.org\/de\/wp-json\/wp\/v2\/types\/post"}],"author":[{"embeddable":true,"href":"https:\/\/centcols.org\/de\/wp-json\/wp\/v2\/users\/3"}],"replies":[{"embeddable":true,"href":"https:\/\/centcols.org\/de\/wp-json\/wp\/v2\/comments?post=81872"}],"version-history":[{"count":0,"href":"https:\/\/centcols.org\/de\/wp-json\/wp\/v2\/posts\/81872\/revisions"}],"wp:featuredmedia":[{"embeddable":true,"href":"https:\/\/centcols.org\/de\/wp-json\/wp\/v2\/media\/81873"}],"wp:attachment":[{"href":"https:\/\/centcols.org\/de\/wp-json\/wp\/v2\/media?parent=81872"}],"wp:term":[{"taxonomy":"category","embeddable":true,"href":"https:\/\/centcols.org\/de\/wp-json\/wp\/v2\/categories?post=81872"},{"taxonomy":"post_tag","embeddable":true,"href":"https:\/\/centcols.org\/de\/wp-json\/wp\/v2\/tags?post=81872"}],"curies":[{"name":"wp","href":"https:\/\/api.w.org\/{rel}","templated":true}]}}