{"id":81907,"date":"2017-03-07T16:21:57","date_gmt":"2017-03-07T14:21:57","guid":{"rendered":"https:\/\/centcols.org\/concentration-regionale-drome-ardeche-vaucluse-au-col-de-la-chaine-le-3-septembre-2017\/"},"modified":"2025-09-09T16:43:27","modified_gmt":"2025-09-09T14:43:27","slug":"regionale-konzentration-drome-ardeche-vaucluse-auf-dem-col-de-la-chaine-am-3-september-2017","status":"publish","type":"post","link":"https:\/\/centcols.org\/de\/concentration-regionale-drome-ardeche-vaucluse-au-col-de-la-chaine-le-3-septembre-2017\/","title":{"rendered":"Concentration r\u00e9gionale Dr\u00f4me Ard\u00e8che Vaucluse auf dem Col de la Cha\u00eene am 3. September 2017."},"content":{"rendered":"\n<p>Dimanche 3 septembre 2017, Dr\u00f4me, Ard\u00e8che, Vaucluse<br>Col de la Cha\u00eene, 472 m (Vaucluse)<\/p>\n\n\n\n<h3 class=\"wp-block-heading\">Parcours<\/h3>\n\n\n\n<p>Parcours routier 6 cols, 27 km, d\u00e9nivel\u00e9 700 m ; sens horaire ; parcours facile<br>D\u00e9part recommand\u00e9 de Malauc\u00e8ne (peu de place au col de la Cha\u00eene), parking \u00e0 l\u2019entr\u00e9e en<br>arrivant de Vaison ou dans la rue principale aux multiples bars, restaurants, p\u00e2tisseries\u2026 qui<br>pourront compl\u00e9ter le pot d\u2019accueil de votre serviteur.<br>A voir Malauc\u00e8ne, Le Barroux, La Roque Alric.<br>Un d\u00e9part \u00e0 10h permet d\u2019\u00eatre au col de la Cha\u00eene avant 12h.<\/p>\n\n\n\n<p>Parcours VTT 9 cols, 34 km, d\u00e9nivel\u00e9 1360 m ; sens Anti horaire<br>D\u00e9part possible au col de la Cha\u00eene pour les premiers arrivants. Pri\u00e8re de laisser libre<br>quelques m\u00e8tres c\u00f4t\u00e9 poubelle. Parcours cyclable sur pistes et routes sauf A\/R au FR-84-<br>0455 qui comporte un passage sur sentiers voire final dans le bois.<br>Point de vue sur la face nord des Dentelles de Montmirail.<br>Un d\u00e9part \u00e0 9 h permet un retour au col de la Cha\u00eene avant 13 h.<\/p>\n\n\n\n<h3 class=\"wp-block-heading\">&nbsp;Traces<\/h3>\n\n\n\n<p><a href=\"https:\/\/centcols.org\/wp-content\/uploads\/2025\/09\/Routier-et-cols.zip\" target=\"_blank\" rel=\"noreferrer noopener\">Routier et cols<\/a><\/p>\n\n\n\n<p><a href=\"https:\/\/centcols.org\/wp-content\/uploads\/2025\/09\/VTT-et-cols.zip\" target=\"_blank\" rel=\"noreferrer noopener\">VTT et cols<\/a><\/p>\n\n\n\n<h3 class=\"wp-block-heading\">Contact<\/h3>\n\n\n\n<p>Jean-Marie Gilouin<br>06 31 79 01 06<br>[email]b&#106;&#x6d;&#x2e;c&#101;&#x6e;&#x74;c&#111;&#x6c;&#x73;&#64;&#103;&#x6d;&#x61;i&#108;&#x2e;&#x63;o&#109;[\/email]<\/p>\n","protected":false},"excerpt":{"rendered":"<p>Dimanche 3 septembre 2017, Dr\u00f4me, Ard\u00e8che, VaucluseCol de la Cha\u00eene, 472 m (Vaucluse) Parcours Parcours routier 6 cols, 27 km, d\u00e9nivel\u00e9 700 m ; sens horaire ; parcours facileD\u00e9part recommand\u00e9 de Malauc\u00e8ne (peu de place au col de la Cha\u00eene), parking \u00e0 l\u2019entr\u00e9e enarrivant de Vaison ou dans la rue principale aux multiples bars, restaurants, [&hellip;]<\/p>\n","protected":false},"author":136,"featured_media":81908,"comment_status":"closed","ping_status":"open","sticky":false,"template":"","format":"standard","meta":{"_acf_changed":false,"footnotes":""},"categories":[135,280,216],"tags":[],"class_list":["post-81907","post","type-post","status-publish","format-standard","has-post-thumbnail","hentry","category-calendrier","category-les-rassemblements-de-2017","category-rencontres-regionales"],"acf":[],"yoast_head":"<!-- This site is optimized with the Yoast SEO plugin v27.2 - https:\/\/yoast.com\/product\/yoast-seo-wordpress\/ -->\n<title>Concentration r\u00e9gionale Dr\u00f4me Ard\u00e8che Vaucluse au col de la Cha\u00eene le 3 septembre 2017 - Club des Cent Cols<\/title>\n<meta name=\"robots\" content=\"index, follow, max-snippet:-1, max-image-preview:large, max-video-preview:-1\" \/>\n<link rel=\"canonical\" href=\"https:\/\/centcols.org\/de\/regionale-konzentration-drome-ardeche-vaucluse-auf-dem-col-de-la-chaine-am-3-september-2017\/\" \/>\n<meta property=\"og:locale\" content=\"de_DE\" \/>\n<meta property=\"og:type\" content=\"article\" \/>\n<meta property=\"og:title\" content=\"Concentration r\u00e9gionale Dr\u00f4me Ard\u00e8che Vaucluse au col de la Cha\u00eene le 3 septembre 2017 - Club des Cent Cols\" \/>\n<meta property=\"og:description\" content=\"Dimanche 3 septembre 2017, Dr\u00f4me, Ard\u00e8che, VaucluseCol de la Cha\u00eene, 472 m (Vaucluse) Parcours Parcours routier 6 cols, 27 km, d\u00e9nivel\u00e9 700 m ; sens horaire ; parcours facileD\u00e9part recommand\u00e9 de Malauc\u00e8ne (peu de place au col de la Cha\u00eene), parking \u00e0 l\u2019entr\u00e9e enarrivant de Vaison ou dans la rue principale aux multiples bars, restaurants, [&hellip;]\" \/>\n<meta property=\"og:url\" content=\"https:\/\/centcols.org\/de\/regionale-konzentration-drome-ardeche-vaucluse-auf-dem-col-de-la-chaine-am-3-september-2017\/\" \/>\n<meta property=\"og:site_name\" content=\"Club des Cent Cols\" \/>\n<meta property=\"article:publisher\" content=\"https:\/\/www.facebook.com\/groups\/5261880558\/?locale=fr_FR\" \/>\n<meta property=\"article:published_time\" content=\"2017-03-07T14:21:57+00:00\" \/>\n<meta property=\"article:modified_time\" content=\"2025-09-09T14:43:27+00:00\" \/>\n<meta name=\"author\" content=\"Guy Harl\u00e9\" \/>\n<meta name=\"twitter:card\" content=\"summary_large_image\" \/>\n<meta name=\"twitter:label1\" content=\"Verfasst von\" \/>\n\t<meta name=\"twitter:data1\" content=\"Guy Harl\u00e9\" \/>\n\t<meta name=\"twitter:label2\" content=\"Gesch\u00e4tzte Lesezeit\" \/>\n\t<meta name=\"twitter:data2\" content=\"2\u00a0Minuten\" \/>\n<script type=\"application\/ld+json\" class=\"yoast-schema-graph\">{\"@context\":\"https:\/\/schema.org\",\"@graph\":[{\"@type\":\"Article\",\"@id\":\"https:\/\/centcols.org\/concentration-regionale-drome-ardeche-vaucluse-au-col-de-la-chaine-le-3-septembre-2017\/#article\",\"isPartOf\":{\"@id\":\"https:\/\/centcols.org\/concentration-regionale-drome-ardeche-vaucluse-au-col-de-la-chaine-le-3-septembre-2017\/\"},\"author\":{\"name\":\"Guy Harl\u00e9\",\"@id\":\"https:\/\/centcols.org\/#\/schema\/person\/377f00da2793c0363246869bb3a344d0\"},\"headline\":\"Concentration r\u00e9gionale Dr\u00f4me Ard\u00e8che Vaucluse au col de la Cha\u00eene le 3 septembre 2017\",\"datePublished\":\"2017-03-07T14:21:57+00:00\",\"dateModified\":\"2025-09-09T14:43:27+00:00\",\"mainEntityOfPage\":{\"@id\":\"https:\/\/centcols.org\/concentration-regionale-drome-ardeche-vaucluse-au-col-de-la-chaine-le-3-septembre-2017\/\"},\"wordCount\":205,\"publisher\":{\"@id\":\"https:\/\/centcols.org\/#organization\"},\"image\":{\"@id\":\"https:\/\/centcols.org\/concentration-regionale-drome-ardeche-vaucluse-au-col-de-la-chaine-le-3-septembre-2017\/#primaryimage\"},\"thumbnailUrl\":\"https:\/\/centcols.org\/wp-content\/uploads\/2025\/05\/Concentration-CC-Col-de-la-Chaine-scaled-1.bmp\",\"articleSection\":[\"Calendrier\",\"2017-rassemblements\",\"Rencontres r\u00e9gionales\"],\"inLanguage\":\"de\"},{\"@type\":\"WebPage\",\"@id\":\"https:\/\/centcols.org\/concentration-regionale-drome-ardeche-vaucluse-au-col-de-la-chaine-le-3-septembre-2017\/\",\"url\":\"https:\/\/centcols.org\/concentration-regionale-drome-ardeche-vaucluse-au-col-de-la-chaine-le-3-septembre-2017\/\",\"name\":\"Concentration r\u00e9gionale Dr\u00f4me Ard\u00e8che Vaucluse au col de la Cha\u00eene le 3 septembre 2017 - Club des Cent Cols\",\"isPartOf\":{\"@id\":\"https:\/\/centcols.org\/#website\"},\"primaryImageOfPage\":{\"@id\":\"https:\/\/centcols.org\/concentration-regionale-drome-ardeche-vaucluse-au-col-de-la-chaine-le-3-septembre-2017\/#primaryimage\"},\"image\":{\"@id\":\"https:\/\/centcols.org\/concentration-regionale-drome-ardeche-vaucluse-au-col-de-la-chaine-le-3-septembre-2017\/#primaryimage\"},\"thumbnailUrl\":\"https:\/\/centcols.org\/wp-content\/uploads\/2025\/05\/Concentration-CC-Col-de-la-Chaine-scaled-1.bmp\",\"datePublished\":\"2017-03-07T14:21:57+00:00\",\"dateModified\":\"2025-09-09T14:43:27+00:00\",\"breadcrumb\":{\"@id\":\"https:\/\/centcols.org\/concentration-regionale-drome-ardeche-vaucluse-au-col-de-la-chaine-le-3-septembre-2017\/#breadcrumb\"},\"inLanguage\":\"de\",\"potentialAction\":[{\"@type\":\"ReadAction\",\"target\":[\"https:\/\/centcols.org\/concentration-regionale-drome-ardeche-vaucluse-au-col-de-la-chaine-le-3-septembre-2017\/\"]}]},{\"@type\":\"ImageObject\",\"inLanguage\":\"de\",\"@id\":\"https:\/\/centcols.org\/concentration-regionale-drome-ardeche-vaucluse-au-col-de-la-chaine-le-3-septembre-2017\/#primaryimage\",\"url\":\"https:\/\/centcols.org\/wp-content\/uploads\/2025\/05\/Concentration-CC-Col-de-la-Chaine-scaled-1.bmp\",\"contentUrl\":\"https:\/\/centcols.org\/wp-content\/uploads\/2025\/05\/Concentration-CC-Col-de-la-Chaine-scaled-1.bmp\",\"width\":2560,\"height\":1920},{\"@type\":\"BreadcrumbList\",\"@id\":\"https:\/\/centcols.org\/concentration-regionale-drome-ardeche-vaucluse-au-col-de-la-chaine-le-3-septembre-2017\/#breadcrumb\",\"itemListElement\":[{\"@type\":\"ListItem\",\"position\":1,\"name\":\"Accueil\",\"item\":\"https:\/\/centcols.org\/\"},{\"@type\":\"ListItem\",\"position\":2,\"name\":\"Calendrier\",\"item\":\"https:\/\/centcols.org\/rubrique\/calendrier\/\"},{\"@type\":\"ListItem\",\"position\":3,\"name\":\"Concentration r\u00e9gionale Dr\u00f4me Ard\u00e8che Vaucluse au col de la Cha\u00eene le 3 septembre 2017\"}]},{\"@type\":\"WebSite\",\"@id\":\"https:\/\/centcols.org\/#website\",\"url\":\"https:\/\/centcols.org\/\",\"name\":\"Club des Cent Cols\",\"description\":\"\",\"publisher\":{\"@id\":\"https:\/\/centcols.org\/#organization\"},\"potentialAction\":[{\"@type\":\"SearchAction\",\"target\":{\"@type\":\"EntryPoint\",\"urlTemplate\":\"https:\/\/centcols.org\/?s={search_term_string}\"},\"query-input\":{\"@type\":\"PropertyValueSpecification\",\"valueRequired\":true,\"valueName\":\"search_term_string\"}}],\"inLanguage\":\"de\"},{\"@type\":\"Organization\",\"@id\":\"https:\/\/centcols.org\/#organization\",\"name\":\"Club des Cent Cols\",\"url\":\"https:\/\/centcols.org\/\",\"logo\":{\"@type\":\"ImageObject\",\"inLanguage\":\"de\",\"@id\":\"https:\/\/centcols.org\/#\/schema\/logo\/image\/\",\"url\":\"https:\/\/centcols.org\/wp-content\/uploads\/2025\/01\/carte-icone.png\",\"contentUrl\":\"https:\/\/centcols.org\/wp-content\/uploads\/2025\/01\/carte-icone.png\",\"width\":250,\"height\":250,\"caption\":\"Club des Cent Cols\"},\"image\":{\"@id\":\"https:\/\/centcols.org\/#\/schema\/logo\/image\/\"},\"sameAs\":[\"https:\/\/www.facebook.com\/groups\/5261880558\/?locale=fr_FR\"]},{\"@type\":\"Person\",\"@id\":\"https:\/\/centcols.org\/#\/schema\/person\/377f00da2793c0363246869bb3a344d0\",\"name\":\"Guy Harl\u00e9\",\"image\":{\"@type\":\"ImageObject\",\"inLanguage\":\"de\",\"@id\":\"https:\/\/centcols.org\/wp-content\/litespeed\/avatar\/94c4de37e46cf090f296d42ab3e8d6a6.jpg?ver=1777238144\",\"url\":\"https:\/\/centcols.org\/wp-content\/litespeed\/avatar\/94c4de37e46cf090f296d42ab3e8d6a6.jpg?ver=1777238144\",\"contentUrl\":\"https:\/\/centcols.org\/wp-content\/litespeed\/avatar\/94c4de37e46cf090f296d42ab3e8d6a6.jpg?ver=1777238144\",\"caption\":\"Guy Harl\u00e9\"},\"url\":\"https:\/\/centcols.org\/de\/author\/5193\/\"}]}<\/script>\n<!-- \/ Yoast SEO plugin. -->","yoast_head_json":{"title":"Regionalkonkurrenz Dr\u00f4me Ard\u00e8che Vaucluse auf dem Col de la Cha\u00eene am 3. September 2017 - Club des Cent Cols","robots":{"index":"index","follow":"follow","max-snippet":"max-snippet:-1","max-image-preview":"max-image-preview:large","max-video-preview":"max-video-preview:-1"},"canonical":"https:\/\/centcols.org\/de\/regionale-konzentration-drome-ardeche-vaucluse-auf-dem-col-de-la-chaine-am-3-september-2017\/","og_locale":"de_DE","og_type":"article","og_title":"Concentration r\u00e9gionale Dr\u00f4me Ard\u00e8che Vaucluse au col de la Cha\u00eene le 3 septembre 2017 - Club des Cent Cols","og_description":"Dimanche 3 septembre 2017, Dr\u00f4me, Ard\u00e8che, VaucluseCol de la Cha\u00eene, 472 m (Vaucluse) Parcours Parcours routier 6 cols, 27 km, d\u00e9nivel\u00e9 700 m ; sens horaire ; parcours facileD\u00e9part recommand\u00e9 de Malauc\u00e8ne (peu de place au col de la Cha\u00eene), parking \u00e0 l\u2019entr\u00e9e enarrivant de Vaison ou dans la rue principale aux multiples bars, restaurants, [&hellip;]","og_url":"https:\/\/centcols.org\/de\/regionale-konzentration-drome-ardeche-vaucluse-auf-dem-col-de-la-chaine-am-3-september-2017\/","og_site_name":"Club des Cent Cols","article_publisher":"https:\/\/www.facebook.com\/groups\/5261880558\/?locale=fr_FR","article_published_time":"2017-03-07T14:21:57+00:00","article_modified_time":"2025-09-09T14:43:27+00:00","author":"Guy Harl\u00e9","twitter_card":"summary_large_image","twitter_misc":{"Verfasst von":"Guy Harl\u00e9","Gesch\u00e4tzte Lesezeit":"2\u00a0Minuten"},"schema":{"@context":"https:\/\/schema.org","@graph":[{"@type":"Article","@id":"https:\/\/centcols.org\/concentration-regionale-drome-ardeche-vaucluse-au-col-de-la-chaine-le-3-septembre-2017\/#article","isPartOf":{"@id":"https:\/\/centcols.org\/concentration-regionale-drome-ardeche-vaucluse-au-col-de-la-chaine-le-3-septembre-2017\/"},"author":{"name":"Guy Harl\u00e9","@id":"https:\/\/centcols.org\/#\/schema\/person\/377f00da2793c0363246869bb3a344d0"},"headline":"Concentration r\u00e9gionale Dr\u00f4me Ard\u00e8che Vaucluse au col de la Cha\u00eene le 3 septembre 2017","datePublished":"2017-03-07T14:21:57+00:00","dateModified":"2025-09-09T14:43:27+00:00","mainEntityOfPage":{"@id":"https:\/\/centcols.org\/concentration-regionale-drome-ardeche-vaucluse-au-col-de-la-chaine-le-3-septembre-2017\/"},"wordCount":205,"publisher":{"@id":"https:\/\/centcols.org\/#organization"},"image":{"@id":"https:\/\/centcols.org\/concentration-regionale-drome-ardeche-vaucluse-au-col-de-la-chaine-le-3-septembre-2017\/#primaryimage"},"thumbnailUrl":"https:\/\/centcols.org\/wp-content\/uploads\/2025\/05\/Concentration-CC-Col-de-la-Chaine-scaled-1.bmp","articleSection":["Calendrier","2017-rassemblements","Rencontres r\u00e9gionales"],"inLanguage":"de"},{"@type":"WebPage","@id":"https:\/\/centcols.org\/concentration-regionale-drome-ardeche-vaucluse-au-col-de-la-chaine-le-3-septembre-2017\/","url":"https:\/\/centcols.org\/concentration-regionale-drome-ardeche-vaucluse-au-col-de-la-chaine-le-3-septembre-2017\/","name":"Regionalkonkurrenz Dr\u00f4me Ard\u00e8che Vaucluse auf dem Col de la Cha\u00eene am 3. September 2017 - Club des Cent Cols","isPartOf":{"@id":"https:\/\/centcols.org\/#website"},"primaryImageOfPage":{"@id":"https:\/\/centcols.org\/concentration-regionale-drome-ardeche-vaucluse-au-col-de-la-chaine-le-3-septembre-2017\/#primaryimage"},"image":{"@id":"https:\/\/centcols.org\/concentration-regionale-drome-ardeche-vaucluse-au-col-de-la-chaine-le-3-septembre-2017\/#primaryimage"},"thumbnailUrl":"https:\/\/centcols.org\/wp-content\/uploads\/2025\/05\/Concentration-CC-Col-de-la-Chaine-scaled-1.bmp","datePublished":"2017-03-07T14:21:57+00:00","dateModified":"2025-09-09T14:43:27+00:00","breadcrumb":{"@id":"https:\/\/centcols.org\/concentration-regionale-drome-ardeche-vaucluse-au-col-de-la-chaine-le-3-septembre-2017\/#breadcrumb"},"inLanguage":"de","potentialAction":[{"@type":"ReadAction","target":["https:\/\/centcols.org\/concentration-regionale-drome-ardeche-vaucluse-au-col-de-la-chaine-le-3-septembre-2017\/"]}]},{"@type":"ImageObject","inLanguage":"de","@id":"https:\/\/centcols.org\/concentration-regionale-drome-ardeche-vaucluse-au-col-de-la-chaine-le-3-septembre-2017\/#primaryimage","url":"https:\/\/centcols.org\/wp-content\/uploads\/2025\/05\/Concentration-CC-Col-de-la-Chaine-scaled-1.bmp","contentUrl":"https:\/\/centcols.org\/wp-content\/uploads\/2025\/05\/Concentration-CC-Col-de-la-Chaine-scaled-1.bmp","width":2560,"height":1920},{"@type":"BreadcrumbList","@id":"https:\/\/centcols.org\/concentration-regionale-drome-ardeche-vaucluse-au-col-de-la-chaine-le-3-septembre-2017\/#breadcrumb","itemListElement":[{"@type":"ListItem","position":1,"name":"Accueil","item":"https:\/\/centcols.org\/"},{"@type":"ListItem","position":2,"name":"Calendrier","item":"https:\/\/centcols.org\/rubrique\/calendrier\/"},{"@type":"ListItem","position":3,"name":"Concentration r\u00e9gionale Dr\u00f4me Ard\u00e8che Vaucluse au col de la Cha\u00eene le 3 septembre 2017"}]},{"@type":"WebSite","@id":"https:\/\/centcols.org\/#website","url":"https:\/\/centcols.org\/","name":"Club des Cent Cols","description":"","publisher":{"@id":"https:\/\/centcols.org\/#organization"},"potentialAction":[{"@type":"SearchAction","target":{"@type":"EntryPoint","urlTemplate":"https:\/\/centcols.org\/?s={search_term_string}"},"query-input":{"@type":"PropertyValueSpecification","valueRequired":true,"valueName":"search_term_string"}}],"inLanguage":"de"},{"@type":"Organization","@id":"https:\/\/centcols.org\/#organization","name":"Club des Cent Cols","url":"https:\/\/centcols.org\/","logo":{"@type":"ImageObject","inLanguage":"de","@id":"https:\/\/centcols.org\/#\/schema\/logo\/image\/","url":"https:\/\/centcols.org\/wp-content\/uploads\/2025\/01\/carte-icone.png","contentUrl":"https:\/\/centcols.org\/wp-content\/uploads\/2025\/01\/carte-icone.png","width":250,"height":250,"caption":"Club des Cent Cols"},"image":{"@id":"https:\/\/centcols.org\/#\/schema\/logo\/image\/"},"sameAs":["https:\/\/www.facebook.com\/groups\/5261880558\/?locale=fr_FR"]},{"@type":"Person","@id":"https:\/\/centcols.org\/#\/schema\/person\/377f00da2793c0363246869bb3a344d0","name":"Guy Harl\u00e9","image":{"@type":"ImageObject","inLanguage":"de","@id":"https:\/\/centcols.org\/wp-content\/litespeed\/avatar\/94c4de37e46cf090f296d42ab3e8d6a6.jpg?ver=1777238144","url":"https:\/\/centcols.org\/wp-content\/litespeed\/avatar\/94c4de37e46cf090f296d42ab3e8d6a6.jpg?ver=1777238144","contentUrl":"https:\/\/centcols.org\/wp-content\/litespeed\/avatar\/94c4de37e46cf090f296d42ab3e8d6a6.jpg?ver=1777238144","caption":"Guy Harl\u00e9"},"url":"https:\/\/centcols.org\/de\/author\/5193\/"}]}},"_links":{"self":[{"href":"https:\/\/centcols.org\/de\/wp-json\/wp\/v2\/posts\/81907","targetHints":{"allow":["GET"]}}],"collection":[{"href":"https:\/\/centcols.org\/de\/wp-json\/wp\/v2\/posts"}],"about":[{"href":"https:\/\/centcols.org\/de\/wp-json\/wp\/v2\/types\/post"}],"author":[{"embeddable":true,"href":"https:\/\/centcols.org\/de\/wp-json\/wp\/v2\/users\/136"}],"replies":[{"embeddable":true,"href":"https:\/\/centcols.org\/de\/wp-json\/wp\/v2\/comments?post=81907"}],"version-history":[{"count":0,"href":"https:\/\/centcols.org\/de\/wp-json\/wp\/v2\/posts\/81907\/revisions"}],"wp:featuredmedia":[{"embeddable":true,"href":"https:\/\/centcols.org\/de\/wp-json\/wp\/v2\/media\/81908"}],"wp:attachment":[{"href":"https:\/\/centcols.org\/de\/wp-json\/wp\/v2\/media?parent=81907"}],"wp:term":[{"taxonomy":"category","embeddable":true,"href":"https:\/\/centcols.org\/de\/wp-json\/wp\/v2\/categories?post=81907"},{"taxonomy":"post_tag","embeddable":true,"href":"https:\/\/centcols.org\/de\/wp-json\/wp\/v2\/tags?post=81907"}],"curies":[{"name":"wp","href":"https:\/\/api.w.org\/{rel}","templated":true}]}}