{"id":81953,"date":"2018-01-30T16:31:44","date_gmt":"2018-01-30T14:31:44","guid":{"rendered":"https:\/\/centcols.org\/rassemblement-international-pas-de-morgins-le-18-aout-2018\/"},"modified":"2025-07-07T00:50:27","modified_gmt":"2025-07-06T22:50:27","slug":"internationale-versammlung-pas-de-morgins-am-18-august-2018","status":"publish","type":"post","link":"https:\/\/centcols.org\/de\/rassemblement-international-pas-de-morgins-le-18-aout-2018\/","title":{"rendered":"Internationales Treffen, nicht in Morgins am 18. August 2018"},"content":{"rendered":"<p>Samedi 18 ao\u00fbt 2018, rassemblement international<br \/>\nPas de Morgins (FR-74-1370)<br \/>\nDans le cadre du s\u00e9jour d&rsquo;\u00e9t\u00e9 \u00e0 Saint-Maurice (Suisse), le rassemblement international se tiendra \u00e0 la fronti\u00e8re franco-suisse (Chablais)<\/p>\n\n<p>Rendez-vous \u00e0 partir de 11 h 00 au bord du lac du Pas de Morgins<\/p>\n<p>Sont invit\u00e9s \u00e0 ce rassemblement international, les participants au s\u00e9jour de Saint-Maurice, les adh\u00e9rents du Club des Cent Cols qui voudront se joindre \u00e0 nous, mais aussi les membres des clubs locaux qui auront envie de venir \u00e0 notre rencontre, ils seront les bienvenus pour partager avec nous le pain, le fromage et le verre de l&rsquo;amiti\u00e9.<\/p>\n<p><strong>Seule condition, pr\u00e9venir au moins 10 jours avant afin que l&rsquo;intendance puisse \u00eatre assur\u00e9e.<\/strong><\/p>\n<h3>Contact<\/h3>\n<p>Guy Harl\u00e9<br \/>\n04 50 60 67 27 &#8211; 06 77 11 17 03<br \/>\n[email]&#x67;u&#x79;&#46;&#x68;&#97;r&#x6c;e&#x40;&#103;&#x6d;&#97;i&#x6c;&#46;&#x63;&#111;m[\/email]<\/p>\n","protected":false},"excerpt":{"rendered":"<p>Samedi 18 ao\u00fbt 2018, rassemblement international Pas de Morgins (FR-74-1370) Dans le cadre du s\u00e9jour d&rsquo;\u00e9t\u00e9 \u00e0 Saint-Maurice (Suisse), le rassemblement international se tiendra \u00e0 la fronti\u00e8re franco-suisse (Chablais) Rendez-vous \u00e0 partir de 11 h 00 au bord du lac du Pas de Morgins Sont invit\u00e9s \u00e0 ce rassemblement international, les participants au s\u00e9jour de [&hellip;]<\/p>\n","protected":false},"author":136,"featured_media":81954,"comment_status":"closed","ping_status":"closed","sticky":false,"template":"","format":"standard","meta":{"_acf_changed":false,"footnotes":""},"categories":[135,282,216],"tags":[],"class_list":["post-81953","post","type-post","status-publish","format-standard","has-post-thumbnail","hentry","category-calendrier","category-les-rassemblements-de-2018","category-rencontres-regionales"],"acf":[],"yoast_head":"<!-- This site is optimized with the Yoast SEO plugin v27.2 - https:\/\/yoast.com\/product\/yoast-seo-wordpress\/ -->\n<title>Rassemblement international, pas de Morgins le 18 ao\u00fbt 2018 - Club des Cent Cols<\/title>\n<meta name=\"robots\" content=\"index, follow, max-snippet:-1, max-image-preview:large, max-video-preview:-1\" \/>\n<link rel=\"canonical\" href=\"https:\/\/centcols.org\/de\/internationale-versammlung-pas-de-morgins-am-18-august-2018\/\" \/>\n<meta property=\"og:locale\" content=\"de_DE\" \/>\n<meta property=\"og:type\" content=\"article\" \/>\n<meta property=\"og:title\" content=\"Rassemblement international, pas de Morgins le 18 ao\u00fbt 2018 - Club des Cent Cols\" \/>\n<meta property=\"og:description\" content=\"Samedi 18 ao\u00fbt 2018, rassemblement international Pas de Morgins (FR-74-1370) Dans le cadre du s\u00e9jour d&rsquo;\u00e9t\u00e9 \u00e0 Saint-Maurice (Suisse), le rassemblement international se tiendra \u00e0 la fronti\u00e8re franco-suisse (Chablais) Rendez-vous \u00e0 partir de 11 h 00 au bord du lac du Pas de Morgins Sont invit\u00e9s \u00e0 ce rassemblement international, les participants au s\u00e9jour de [&hellip;]\" \/>\n<meta property=\"og:url\" content=\"https:\/\/centcols.org\/de\/internationale-versammlung-pas-de-morgins-am-18-august-2018\/\" \/>\n<meta property=\"og:site_name\" content=\"Club des Cent Cols\" \/>\n<meta property=\"article:publisher\" content=\"https:\/\/www.facebook.com\/groups\/5261880558\/?locale=fr_FR\" \/>\n<meta property=\"article:published_time\" content=\"2018-01-30T14:31:44+00:00\" \/>\n<meta property=\"article:modified_time\" content=\"2025-07-06T22:50:27+00:00\" \/>\n<meta property=\"og:image\" content=\"https:\/\/centcols.org\/wp-content\/uploads\/2025\/05\/137000060.jpg\" \/>\n\t<meta property=\"og:image:width\" content=\"800\" \/>\n\t<meta property=\"og:image:height\" content=\"600\" \/>\n\t<meta property=\"og:image:type\" content=\"image\/jpeg\" \/>\n<meta name=\"author\" content=\"Guy Harl\u00e9\" \/>\n<meta name=\"twitter:card\" content=\"summary_large_image\" \/>\n<meta name=\"twitter:label1\" content=\"Verfasst von\" \/>\n\t<meta name=\"twitter:data1\" content=\"Guy Harl\u00e9\" \/>\n\t<meta name=\"twitter:label2\" content=\"Gesch\u00e4tzte Lesezeit\" \/>\n\t<meta name=\"twitter:data2\" content=\"1\u00a0Minute\" \/>\n<script type=\"application\/ld+json\" class=\"yoast-schema-graph\">{\"@context\":\"https:\/\/schema.org\",\"@graph\":[{\"@type\":\"Article\",\"@id\":\"https:\/\/centcols.org\/rassemblement-international-pas-de-morgins-le-18-aout-2018\/#article\",\"isPartOf\":{\"@id\":\"https:\/\/centcols.org\/rassemblement-international-pas-de-morgins-le-18-aout-2018\/\"},\"author\":{\"name\":\"Guy Harl\u00e9\",\"@id\":\"https:\/\/centcols.org\/#\/schema\/person\/377f00da2793c0363246869bb3a344d0\"},\"headline\":\"Rassemblement international, pas de Morgins le 18 ao\u00fbt 2018\",\"datePublished\":\"2018-01-30T14:31:44+00:00\",\"dateModified\":\"2025-07-06T22:50:27+00:00\",\"mainEntityOfPage\":{\"@id\":\"https:\/\/centcols.org\/rassemblement-international-pas-de-morgins-le-18-aout-2018\/\"},\"wordCount\":205,\"publisher\":{\"@id\":\"https:\/\/centcols.org\/#organization\"},\"image\":{\"@id\":\"https:\/\/centcols.org\/rassemblement-international-pas-de-morgins-le-18-aout-2018\/#primaryimage\"},\"thumbnailUrl\":\"https:\/\/centcols.org\/wp-content\/uploads\/2025\/05\/137000060.jpg\",\"articleSection\":[\"Calendrier\",\"2018-rassemblements\",\"Rencontres r\u00e9gionales\"],\"inLanguage\":\"de\"},{\"@type\":\"WebPage\",\"@id\":\"https:\/\/centcols.org\/rassemblement-international-pas-de-morgins-le-18-aout-2018\/\",\"url\":\"https:\/\/centcols.org\/rassemblement-international-pas-de-morgins-le-18-aout-2018\/\",\"name\":\"Rassemblement international, pas de Morgins le 18 ao\u00fbt 2018 - Club des Cent Cols\",\"isPartOf\":{\"@id\":\"https:\/\/centcols.org\/#website\"},\"primaryImageOfPage\":{\"@id\":\"https:\/\/centcols.org\/rassemblement-international-pas-de-morgins-le-18-aout-2018\/#primaryimage\"},\"image\":{\"@id\":\"https:\/\/centcols.org\/rassemblement-international-pas-de-morgins-le-18-aout-2018\/#primaryimage\"},\"thumbnailUrl\":\"https:\/\/centcols.org\/wp-content\/uploads\/2025\/05\/137000060.jpg\",\"datePublished\":\"2018-01-30T14:31:44+00:00\",\"dateModified\":\"2025-07-06T22:50:27+00:00\",\"breadcrumb\":{\"@id\":\"https:\/\/centcols.org\/rassemblement-international-pas-de-morgins-le-18-aout-2018\/#breadcrumb\"},\"inLanguage\":\"de\",\"potentialAction\":[{\"@type\":\"ReadAction\",\"target\":[\"https:\/\/centcols.org\/rassemblement-international-pas-de-morgins-le-18-aout-2018\/\"]}]},{\"@type\":\"ImageObject\",\"inLanguage\":\"de\",\"@id\":\"https:\/\/centcols.org\/rassemblement-international-pas-de-morgins-le-18-aout-2018\/#primaryimage\",\"url\":\"https:\/\/centcols.org\/wp-content\/uploads\/2025\/05\/137000060.jpg\",\"contentUrl\":\"https:\/\/centcols.org\/wp-content\/uploads\/2025\/05\/137000060.jpg\",\"width\":800,\"height\":600},{\"@type\":\"BreadcrumbList\",\"@id\":\"https:\/\/centcols.org\/rassemblement-international-pas-de-morgins-le-18-aout-2018\/#breadcrumb\",\"itemListElement\":[{\"@type\":\"ListItem\",\"position\":1,\"name\":\"Accueil\",\"item\":\"https:\/\/centcols.org\/\"},{\"@type\":\"ListItem\",\"position\":2,\"name\":\"Calendrier\",\"item\":\"https:\/\/centcols.org\/rubrique\/calendrier\/\"},{\"@type\":\"ListItem\",\"position\":3,\"name\":\"Rassemblement international, pas de Morgins le 18 ao\u00fbt 2018\"}]},{\"@type\":\"WebSite\",\"@id\":\"https:\/\/centcols.org\/#website\",\"url\":\"https:\/\/centcols.org\/\",\"name\":\"Club des Cent Cols\",\"description\":\"\",\"publisher\":{\"@id\":\"https:\/\/centcols.org\/#organization\"},\"potentialAction\":[{\"@type\":\"SearchAction\",\"target\":{\"@type\":\"EntryPoint\",\"urlTemplate\":\"https:\/\/centcols.org\/?s={search_term_string}\"},\"query-input\":{\"@type\":\"PropertyValueSpecification\",\"valueRequired\":true,\"valueName\":\"search_term_string\"}}],\"inLanguage\":\"de\"},{\"@type\":\"Organization\",\"@id\":\"https:\/\/centcols.org\/#organization\",\"name\":\"Club des Cent Cols\",\"url\":\"https:\/\/centcols.org\/\",\"logo\":{\"@type\":\"ImageObject\",\"inLanguage\":\"de\",\"@id\":\"https:\/\/centcols.org\/#\/schema\/logo\/image\/\",\"url\":\"https:\/\/centcols.org\/wp-content\/uploads\/2025\/01\/carte-icone.png\",\"contentUrl\":\"https:\/\/centcols.org\/wp-content\/uploads\/2025\/01\/carte-icone.png\",\"width\":250,\"height\":250,\"caption\":\"Club des Cent Cols\"},\"image\":{\"@id\":\"https:\/\/centcols.org\/#\/schema\/logo\/image\/\"},\"sameAs\":[\"https:\/\/www.facebook.com\/groups\/5261880558\/?locale=fr_FR\"]},{\"@type\":\"Person\",\"@id\":\"https:\/\/centcols.org\/#\/schema\/person\/377f00da2793c0363246869bb3a344d0\",\"name\":\"Guy Harl\u00e9\",\"image\":{\"@type\":\"ImageObject\",\"inLanguage\":\"de\",\"@id\":\"https:\/\/centcols.org\/wp-content\/litespeed\/avatar\/94c4de37e46cf090f296d42ab3e8d6a6.jpg?ver=1777238144\",\"url\":\"https:\/\/centcols.org\/wp-content\/litespeed\/avatar\/94c4de37e46cf090f296d42ab3e8d6a6.jpg?ver=1777238144\",\"contentUrl\":\"https:\/\/centcols.org\/wp-content\/litespeed\/avatar\/94c4de37e46cf090f296d42ab3e8d6a6.jpg?ver=1777238144\",\"caption\":\"Guy Harl\u00e9\"},\"url\":\"https:\/\/centcols.org\/de\/author\/5193\/\"}]}<\/script>\n<!-- \/ Yoast SEO plugin. -->","yoast_head_json":{"title":"Internationales Rassemblement, pas de Morgins am 18. August 2018 - Club des Cent Cols","robots":{"index":"index","follow":"follow","max-snippet":"max-snippet:-1","max-image-preview":"max-image-preview:large","max-video-preview":"max-video-preview:-1"},"canonical":"https:\/\/centcols.org\/de\/internationale-versammlung-pas-de-morgins-am-18-august-2018\/","og_locale":"de_DE","og_type":"article","og_title":"Rassemblement international, pas de Morgins le 18 ao\u00fbt 2018 - Club des Cent Cols","og_description":"Samedi 18 ao\u00fbt 2018, rassemblement international Pas de Morgins (FR-74-1370) Dans le cadre du s\u00e9jour d&rsquo;\u00e9t\u00e9 \u00e0 Saint-Maurice (Suisse), le rassemblement international se tiendra \u00e0 la fronti\u00e8re franco-suisse (Chablais) Rendez-vous \u00e0 partir de 11 h 00 au bord du lac du Pas de Morgins Sont invit\u00e9s \u00e0 ce rassemblement international, les participants au s\u00e9jour de [&hellip;]","og_url":"https:\/\/centcols.org\/de\/internationale-versammlung-pas-de-morgins-am-18-august-2018\/","og_site_name":"Club des Cent Cols","article_publisher":"https:\/\/www.facebook.com\/groups\/5261880558\/?locale=fr_FR","article_published_time":"2018-01-30T14:31:44+00:00","article_modified_time":"2025-07-06T22:50:27+00:00","og_image":[{"width":800,"height":600,"url":"https:\/\/centcols.org\/wp-content\/uploads\/2025\/05\/137000060.jpg","type":"image\/jpeg"}],"author":"Guy Harl\u00e9","twitter_card":"summary_large_image","twitter_misc":{"Verfasst von":"Guy Harl\u00e9","Gesch\u00e4tzte Lesezeit":"1\u00a0Minute"},"schema":{"@context":"https:\/\/schema.org","@graph":[{"@type":"Article","@id":"https:\/\/centcols.org\/rassemblement-international-pas-de-morgins-le-18-aout-2018\/#article","isPartOf":{"@id":"https:\/\/centcols.org\/rassemblement-international-pas-de-morgins-le-18-aout-2018\/"},"author":{"name":"Guy Harl\u00e9","@id":"https:\/\/centcols.org\/#\/schema\/person\/377f00da2793c0363246869bb3a344d0"},"headline":"Rassemblement international, pas de Morgins le 18 ao\u00fbt 2018","datePublished":"2018-01-30T14:31:44+00:00","dateModified":"2025-07-06T22:50:27+00:00","mainEntityOfPage":{"@id":"https:\/\/centcols.org\/rassemblement-international-pas-de-morgins-le-18-aout-2018\/"},"wordCount":205,"publisher":{"@id":"https:\/\/centcols.org\/#organization"},"image":{"@id":"https:\/\/centcols.org\/rassemblement-international-pas-de-morgins-le-18-aout-2018\/#primaryimage"},"thumbnailUrl":"https:\/\/centcols.org\/wp-content\/uploads\/2025\/05\/137000060.jpg","articleSection":["Calendrier","2018-rassemblements","Rencontres r\u00e9gionales"],"inLanguage":"de"},{"@type":"WebPage","@id":"https:\/\/centcols.org\/rassemblement-international-pas-de-morgins-le-18-aout-2018\/","url":"https:\/\/centcols.org\/rassemblement-international-pas-de-morgins-le-18-aout-2018\/","name":"Internationales Rassemblement, pas de Morgins am 18. August 2018 - Club des Cent Cols","isPartOf":{"@id":"https:\/\/centcols.org\/#website"},"primaryImageOfPage":{"@id":"https:\/\/centcols.org\/rassemblement-international-pas-de-morgins-le-18-aout-2018\/#primaryimage"},"image":{"@id":"https:\/\/centcols.org\/rassemblement-international-pas-de-morgins-le-18-aout-2018\/#primaryimage"},"thumbnailUrl":"https:\/\/centcols.org\/wp-content\/uploads\/2025\/05\/137000060.jpg","datePublished":"2018-01-30T14:31:44+00:00","dateModified":"2025-07-06T22:50:27+00:00","breadcrumb":{"@id":"https:\/\/centcols.org\/rassemblement-international-pas-de-morgins-le-18-aout-2018\/#breadcrumb"},"inLanguage":"de","potentialAction":[{"@type":"ReadAction","target":["https:\/\/centcols.org\/rassemblement-international-pas-de-morgins-le-18-aout-2018\/"]}]},{"@type":"ImageObject","inLanguage":"de","@id":"https:\/\/centcols.org\/rassemblement-international-pas-de-morgins-le-18-aout-2018\/#primaryimage","url":"https:\/\/centcols.org\/wp-content\/uploads\/2025\/05\/137000060.jpg","contentUrl":"https:\/\/centcols.org\/wp-content\/uploads\/2025\/05\/137000060.jpg","width":800,"height":600},{"@type":"BreadcrumbList","@id":"https:\/\/centcols.org\/rassemblement-international-pas-de-morgins-le-18-aout-2018\/#breadcrumb","itemListElement":[{"@type":"ListItem","position":1,"name":"Accueil","item":"https:\/\/centcols.org\/"},{"@type":"ListItem","position":2,"name":"Calendrier","item":"https:\/\/centcols.org\/rubrique\/calendrier\/"},{"@type":"ListItem","position":3,"name":"Rassemblement international, pas de Morgins le 18 ao\u00fbt 2018"}]},{"@type":"WebSite","@id":"https:\/\/centcols.org\/#website","url":"https:\/\/centcols.org\/","name":"Club des Cent Cols","description":"","publisher":{"@id":"https:\/\/centcols.org\/#organization"},"potentialAction":[{"@type":"SearchAction","target":{"@type":"EntryPoint","urlTemplate":"https:\/\/centcols.org\/?s={search_term_string}"},"query-input":{"@type":"PropertyValueSpecification","valueRequired":true,"valueName":"search_term_string"}}],"inLanguage":"de"},{"@type":"Organization","@id":"https:\/\/centcols.org\/#organization","name":"Club des Cent Cols","url":"https:\/\/centcols.org\/","logo":{"@type":"ImageObject","inLanguage":"de","@id":"https:\/\/centcols.org\/#\/schema\/logo\/image\/","url":"https:\/\/centcols.org\/wp-content\/uploads\/2025\/01\/carte-icone.png","contentUrl":"https:\/\/centcols.org\/wp-content\/uploads\/2025\/01\/carte-icone.png","width":250,"height":250,"caption":"Club des Cent Cols"},"image":{"@id":"https:\/\/centcols.org\/#\/schema\/logo\/image\/"},"sameAs":["https:\/\/www.facebook.com\/groups\/5261880558\/?locale=fr_FR"]},{"@type":"Person","@id":"https:\/\/centcols.org\/#\/schema\/person\/377f00da2793c0363246869bb3a344d0","name":"Guy Harl\u00e9","image":{"@type":"ImageObject","inLanguage":"de","@id":"https:\/\/centcols.org\/wp-content\/litespeed\/avatar\/94c4de37e46cf090f296d42ab3e8d6a6.jpg?ver=1777238144","url":"https:\/\/centcols.org\/wp-content\/litespeed\/avatar\/94c4de37e46cf090f296d42ab3e8d6a6.jpg?ver=1777238144","contentUrl":"https:\/\/centcols.org\/wp-content\/litespeed\/avatar\/94c4de37e46cf090f296d42ab3e8d6a6.jpg?ver=1777238144","caption":"Guy Harl\u00e9"},"url":"https:\/\/centcols.org\/de\/author\/5193\/"}]}},"_links":{"self":[{"href":"https:\/\/centcols.org\/de\/wp-json\/wp\/v2\/posts\/81953","targetHints":{"allow":["GET"]}}],"collection":[{"href":"https:\/\/centcols.org\/de\/wp-json\/wp\/v2\/posts"}],"about":[{"href":"https:\/\/centcols.org\/de\/wp-json\/wp\/v2\/types\/post"}],"author":[{"embeddable":true,"href":"https:\/\/centcols.org\/de\/wp-json\/wp\/v2\/users\/136"}],"replies":[{"embeddable":true,"href":"https:\/\/centcols.org\/de\/wp-json\/wp\/v2\/comments?post=81953"}],"version-history":[{"count":0,"href":"https:\/\/centcols.org\/de\/wp-json\/wp\/v2\/posts\/81953\/revisions"}],"wp:featuredmedia":[{"embeddable":true,"href":"https:\/\/centcols.org\/de\/wp-json\/wp\/v2\/media\/81954"}],"wp:attachment":[{"href":"https:\/\/centcols.org\/de\/wp-json\/wp\/v2\/media?parent=81953"}],"wp:term":[{"taxonomy":"category","embeddable":true,"href":"https:\/\/centcols.org\/de\/wp-json\/wp\/v2\/categories?post=81953"},{"taxonomy":"post_tag","embeddable":true,"href":"https:\/\/centcols.org\/de\/wp-json\/wp\/v2\/tags?post=81953"}],"curies":[{"name":"wp","href":"https:\/\/api.w.org\/{rel}","templated":true}]}}