{"id":81957,"date":"2018-01-29T08:56:41","date_gmt":"2018-01-29T06:56:41","guid":{"rendered":"https:\/\/centcols.org\/le-velo-club-dannecy-fete-ses-130-ans-le-4-mars-2018\/"},"modified":"2025-09-13T10:32:34","modified_gmt":"2025-09-13T08:32:34","slug":"der-velo-club-dannecy-feiert-am-4-marz-2018-seinen-130-geburtstag","status":"publish","type":"post","link":"https:\/\/centcols.org\/de\/le-velo-club-dannecy-fete-ses-130-ans-le-4-mars-2018\/","title":{"rendered":"Der V\u00e9lo Club d'Annecy feiert am 4. M\u00e4rz 2018 sein 130-j\u00e4hriges Bestehen."},"content":{"rendered":"<p>Sonntag, 4. M\u00e4rz 2018, 130. Geburtstag des VC Annecy<\/p>\n\n\n\n<h3 class=\"wp-block-heading\"><strong>&nbsp;130-j\u00e4hriges Jubil\u00e4um des V\u00e9lo Club d'Annecy<\/strong><\/h3>\n\n\n\n<p>&nbsp;<\/p>\n\n\n\n<p>Am 4. M\u00e4rz 2018 feiert der Velo-Club von Annecy sein 130-j\u00e4hriges Bestehen. Ein gutes Beispiel f\u00fcr Langlebigkeit!<br>Zu diesem Anlass wurden alle umliegenden Clubs zu einer Rundfahrt um den See von Annecy mit anschlie\u00dfendem Umtrunk eingeladen.<br>Der Club des cent Cols, der aus dem Fahrradclub von Annecy hervorgegangen ist, beteiligte sich nat\u00fcrlich mit einer gro\u00dfen Anzahl von Teilnehmern an dieser Veranstaltung.<br>Die Wetterbedingungen an den Tagen vor dem Termin waren besonders ung\u00fcnstig. Da der Radweg auf einem gro\u00dfen Teil der Strecke vereist war, wurde die offizielle Seerundfahrt abgesagt. Nur einige wenige machten die Tour, blieben dabei aber auf der Fahrbahn.<\/p>\n\n\n\n<figure class=\"wp-block-gallery has-nested-images columns-2 is-cropped wp-block-gallery-1 is-layout-flex wp-block-gallery-is-layout-flex\">\n<figure class=\"wp-block-image size-large\"><img loading=\"lazy\" decoding=\"async\" width=\"1200\" height=\"800\" data-id=\"81958\" src=\"https:\/\/centcols.org\/wp-content\/uploads\/2025\/05\/DSCF9472.jpg\" alt=\"\" class=\"wp-image-81958\" srcset=\"https:\/\/centcols.org\/wp-content\/uploads\/2025\/05\/DSCF9472.jpg 1200w, https:\/\/centcols.org\/wp-content\/uploads\/2025\/05\/DSCF9472-768x512.jpg 768w\" sizes=\"auto, (max-width: 1200px) 100vw, 1200px\" \/><figcaption class=\"wp-element-caption\">Beim Start auf der P\u00e2quier (Foto Lionel David, VCA)<br><\/figcaption><\/figure>\n\n\n\n<figure class=\"wp-block-image size-large\"><img loading=\"lazy\" decoding=\"async\" width=\"1200\" height=\"800\" data-id=\"81959\" src=\"https:\/\/centcols.org\/wp-content\/uploads\/2025\/05\/DSCF9484.jpg\" alt=\"\" class=\"wp-image-81959\" srcset=\"https:\/\/centcols.org\/wp-content\/uploads\/2025\/05\/DSCF9484.jpg 1200w, https:\/\/centcols.org\/wp-content\/uploads\/2025\/05\/DSCF9484-768x512.jpg 768w\" sizes=\"auto, (max-width: 1200px) 100vw, 1200px\" \/><figcaption class=\"wp-element-caption\">Unpassierbarer Radweg (Foto: Lionel David, VCA)<\/figcaption><\/figure>\n<\/figure>\n\n\n\n<p>Nach dem Treffen auf dem P\u00e2quier trafen sich die Teilnehmer zu einem Umtrunk, den der Fahrradclub von Annecy spendierte. Die Gespr\u00e4che waren angeregt, zumal sich alle nach der Winterpause auf ein Wiedersehen freuten.<\/p>\n\n\n\n<figure class=\"wp-block-gallery has-nested-images columns-2 is-cropped wp-block-gallery-2 is-layout-flex wp-block-gallery-is-layout-flex\">\n<figure class=\"wp-block-image size-large\"><img loading=\"lazy\" decoding=\"async\" width=\"1200\" height=\"800\" data-id=\"81961\" src=\"https:\/\/centcols.org\/wp-content\/uploads\/2025\/05\/DSCF9511.jpg\" alt=\"\" class=\"wp-image-81961\" srcset=\"https:\/\/centcols.org\/wp-content\/uploads\/2025\/05\/DSCF9511.jpg 1200w, https:\/\/centcols.org\/wp-content\/uploads\/2025\/05\/DSCF9511-768x512.jpg 768w\" sizes=\"auto, (max-width: 1200px) 100vw, 1200px\" \/><figcaption class=\"wp-element-caption\">Die vertretenen Vereine mit Martine Cano, Pr\u00e4sidentin der FFCT, und Catherine Borgeais-Rouet, Pr\u00e4sidentin des Departementsausschusses (Foto Lionel David, VCA)<br><\/figcaption><\/figure>\n\n\n\n<figure class=\"wp-block-image size-large\"><img loading=\"lazy\" decoding=\"async\" width=\"1820\" height=\"1024\" data-id=\"81963\" src=\"https:\/\/centcols.org\/wp-content\/uploads\/2025\/05\/20180304_120710.jpg\" alt=\"\" class=\"wp-image-81963\" srcset=\"https:\/\/centcols.org\/wp-content\/uploads\/2025\/05\/20180304_120710.jpg 1820w, https:\/\/centcols.org\/wp-content\/uploads\/2025\/05\/20180304_120710-1200x675.jpg 1200w, https:\/\/centcols.org\/wp-content\/uploads\/2025\/05\/20180304_120710-768x432.jpg 768w, https:\/\/centcols.org\/wp-content\/uploads\/2025\/05\/20180304_120710-1536x864.jpg 1536w\" sizes=\"auto, (max-width: 1820px) 100vw, 1820px\" \/><figcaption class=\"wp-element-caption\">Foto, Lucien Descoins<\/figcaption><\/figure>\n<\/figure>\n\n\n<div class=\"wp-block-image\">\n<figure class=\"aligncenter size-full\"><img loading=\"lazy\" decoding=\"async\" width=\"1200\" height=\"800\" src=\"https:\/\/centcols.org\/wp-content\/uploads\/2025\/05\/DSCF9505.jpg\" alt=\"\" class=\"wp-image-81960\" srcset=\"https:\/\/centcols.org\/wp-content\/uploads\/2025\/05\/DSCF9505.jpg 1200w, https:\/\/centcols.org\/wp-content\/uploads\/2025\/05\/DSCF9505-768x512.jpg 768w\" sizes=\"auto, (max-width: 1200px) 100vw, 1200px\" \/><figcaption class=\"wp-element-caption\">Gute Stimmung am Buffet (Foto: Lionel David, VCA)<\/figcaption><\/figure>\n<\/div>\n\n\n<h3 class=\"wp-block-heading\">Vollst\u00e4ndige Reportage auf der Website des V\u00e9lo-Club d'Annecy<\/h3>\n\n\n<div class=\"wp-block-image\">\n<figure class=\"aligncenter size-full\"><img loading=\"lazy\" decoding=\"async\" width=\"768\" height=\"512\" src=\"https:\/\/centcols.org\/wp-content\/uploads\/2025\/05\/reportage-vca.jpg\" alt=\"\" class=\"wp-image-81962\"\/><\/figure>\n<\/div>\n\n\n<p class=\"has-text-align-center\"><a href=\"https:\/\/photos.google.com\/share\/AF1QipMOzQSx68sBmSpORYdle8VVC0-erN4r9leqfCaWIZXpwfKWh6Se-YypkwyK3EGESw?key=bmVNUThUd3YwbWN5bnU0RURMZ0cxSDkycVRPTVNR\" target=\"_blank\" rel=\"noopener\"><br>Zugang zur Reportage (Foto Lionel David, VCA)<\/a><\/p>\n\n\n\n<p>&nbsp;<\/p>\n\n\n\n<p>&nbsp;<\/p>\n\n\n\n<p>&nbsp;<\/p>\n\n\n\n<p>&nbsp;<\/p>","protected":false},"excerpt":{"rendered":"<p>Dimanche 4 mars 2018, 130 \u00e9me anniversaire du VC Annecy &nbsp;Anniversaire des 130 ans du V\u00e9lo Club d\u2019Annecy &nbsp; Le 4 mars 2018, le v\u00e9lo-club d&rsquo;Annecy f\u00eate le 130 \u00e9me anniversaire de sa cr\u00e9ation. Bel exemple de long\u00e9vit\u00e9!&#8230;Pour cette occasion, tous les clubs alentour ont \u00e9t\u00e9 convi\u00e9s \u00e0 un tour du lac d&rsquo;Annecy, suivi d&rsquo;un [&hellip;]<\/p>\n","protected":false},"author":136,"featured_media":81958,"comment_status":"closed","ping_status":"open","sticky":false,"template":"","format":"standard","meta":{"_acf_changed":false,"footnotes":""},"categories":[135,282,216],"tags":[],"class_list":["post-81957","post","type-post","status-publish","format-standard","has-post-thumbnail","hentry","category-calendrier","category-les-rassemblements-de-2018","category-rencontres-regionales"],"acf":[],"yoast_head":"<!-- This site is optimized with the Yoast SEO plugin v27.2 - https:\/\/yoast.com\/product\/yoast-seo-wordpress\/ -->\n<title>Le V\u00e9lo Club d&#039;Annecy f\u00eate ses 130 ans le 4 mars 2018 - Club des Cent Cols<\/title>\n<meta name=\"robots\" content=\"index, follow, max-snippet:-1, max-image-preview:large, max-video-preview:-1\" \/>\n<link rel=\"canonical\" href=\"https:\/\/centcols.org\/de\/der-velo-club-dannecy-feiert-am-4-marz-2018-seinen-130-geburtstag\/\" \/>\n<meta property=\"og:locale\" content=\"de_DE\" \/>\n<meta property=\"og:type\" content=\"article\" \/>\n<meta property=\"og:title\" content=\"Le V\u00e9lo Club d&#039;Annecy f\u00eate ses 130 ans le 4 mars 2018 - Club des Cent Cols\" \/>\n<meta property=\"og:description\" content=\"Dimanche 4 mars 2018, 130 \u00e9me anniversaire du VC Annecy &nbsp;Anniversaire des 130 ans du V\u00e9lo Club d\u2019Annecy &nbsp; Le 4 mars 2018, le v\u00e9lo-club d&rsquo;Annecy f\u00eate le 130 \u00e9me anniversaire de sa cr\u00e9ation. Bel exemple de long\u00e9vit\u00e9!&#8230;Pour cette occasion, tous les clubs alentour ont \u00e9t\u00e9 convi\u00e9s \u00e0 un tour du lac d&rsquo;Annecy, suivi d&rsquo;un [&hellip;]\" \/>\n<meta property=\"og:url\" content=\"https:\/\/centcols.org\/de\/der-velo-club-dannecy-feiert-am-4-marz-2018-seinen-130-geburtstag\/\" \/>\n<meta property=\"og:site_name\" content=\"Club des Cent Cols\" \/>\n<meta property=\"article:publisher\" content=\"https:\/\/www.facebook.com\/groups\/5261880558\/?locale=fr_FR\" \/>\n<meta property=\"article:published_time\" content=\"2018-01-29T06:56:41+00:00\" \/>\n<meta property=\"article:modified_time\" content=\"2025-09-13T08:32:34+00:00\" \/>\n<meta property=\"og:image\" content=\"https:\/\/centcols.org\/wp-content\/uploads\/2025\/05\/DSCF9472.jpg\" \/>\n\t<meta property=\"og:image:width\" content=\"1200\" \/>\n\t<meta property=\"og:image:height\" content=\"800\" \/>\n\t<meta property=\"og:image:type\" content=\"image\/jpeg\" \/>\n<meta name=\"author\" content=\"Guy Harl\u00e9\" \/>\n<meta name=\"twitter:card\" content=\"summary_large_image\" \/>\n<meta name=\"twitter:label1\" content=\"Verfasst von\" \/>\n\t<meta name=\"twitter:data1\" content=\"Guy Harl\u00e9\" \/>\n\t<meta name=\"twitter:label2\" content=\"Gesch\u00e4tzte Lesezeit\" \/>\n\t<meta name=\"twitter:data2\" content=\"3\u00a0Minuten\" \/>\n<script type=\"application\/ld+json\" class=\"yoast-schema-graph\">{\"@context\":\"https:\/\/schema.org\",\"@graph\":[{\"@type\":\"Article\",\"@id\":\"https:\/\/centcols.org\/le-velo-club-dannecy-fete-ses-130-ans-le-4-mars-2018\/#article\",\"isPartOf\":{\"@id\":\"https:\/\/centcols.org\/le-velo-club-dannecy-fete-ses-130-ans-le-4-mars-2018\/\"},\"author\":{\"name\":\"Guy Harl\u00e9\",\"@id\":\"https:\/\/centcols.org\/#\/schema\/person\/377f00da2793c0363246869bb3a344d0\"},\"headline\":\"Le V\u00e9lo Club d&rsquo;Annecy f\u00eate ses 130 ans le 4 mars 2018\",\"datePublished\":\"2018-01-29T06:56:41+00:00\",\"dateModified\":\"2025-09-13T08:32:34+00:00\",\"mainEntityOfPage\":{\"@id\":\"https:\/\/centcols.org\/le-velo-club-dannecy-fete-ses-130-ans-le-4-mars-2018\/\"},\"wordCount\":279,\"publisher\":{\"@id\":\"https:\/\/centcols.org\/#organization\"},\"image\":{\"@id\":\"https:\/\/centcols.org\/le-velo-club-dannecy-fete-ses-130-ans-le-4-mars-2018\/#primaryimage\"},\"thumbnailUrl\":\"https:\/\/centcols.org\/wp-content\/uploads\/2025\/05\/DSCF9472.jpg\",\"articleSection\":[\"Calendrier\",\"2018-rassemblements\",\"Rencontres r\u00e9gionales\"],\"inLanguage\":\"de\"},{\"@type\":\"WebPage\",\"@id\":\"https:\/\/centcols.org\/le-velo-club-dannecy-fete-ses-130-ans-le-4-mars-2018\/\",\"url\":\"https:\/\/centcols.org\/le-velo-club-dannecy-fete-ses-130-ans-le-4-mars-2018\/\",\"name\":\"Le V\u00e9lo Club d'Annecy f\u00eate ses 130 ans le 4 mars 2018 - Club des Cent Cols\",\"isPartOf\":{\"@id\":\"https:\/\/centcols.org\/#website\"},\"primaryImageOfPage\":{\"@id\":\"https:\/\/centcols.org\/le-velo-club-dannecy-fete-ses-130-ans-le-4-mars-2018\/#primaryimage\"},\"image\":{\"@id\":\"https:\/\/centcols.org\/le-velo-club-dannecy-fete-ses-130-ans-le-4-mars-2018\/#primaryimage\"},\"thumbnailUrl\":\"https:\/\/centcols.org\/wp-content\/uploads\/2025\/05\/DSCF9472.jpg\",\"datePublished\":\"2018-01-29T06:56:41+00:00\",\"dateModified\":\"2025-09-13T08:32:34+00:00\",\"breadcrumb\":{\"@id\":\"https:\/\/centcols.org\/le-velo-club-dannecy-fete-ses-130-ans-le-4-mars-2018\/#breadcrumb\"},\"inLanguage\":\"de\",\"potentialAction\":[{\"@type\":\"ReadAction\",\"target\":[\"https:\/\/centcols.org\/le-velo-club-dannecy-fete-ses-130-ans-le-4-mars-2018\/\"]}]},{\"@type\":\"ImageObject\",\"inLanguage\":\"de\",\"@id\":\"https:\/\/centcols.org\/le-velo-club-dannecy-fete-ses-130-ans-le-4-mars-2018\/#primaryimage\",\"url\":\"https:\/\/centcols.org\/wp-content\/uploads\/2025\/05\/DSCF9472.jpg\",\"contentUrl\":\"https:\/\/centcols.org\/wp-content\/uploads\/2025\/05\/DSCF9472.jpg\",\"width\":1200,\"height\":800},{\"@type\":\"BreadcrumbList\",\"@id\":\"https:\/\/centcols.org\/le-velo-club-dannecy-fete-ses-130-ans-le-4-mars-2018\/#breadcrumb\",\"itemListElement\":[{\"@type\":\"ListItem\",\"position\":1,\"name\":\"Accueil\",\"item\":\"https:\/\/centcols.org\/\"},{\"@type\":\"ListItem\",\"position\":2,\"name\":\"Calendrier\",\"item\":\"https:\/\/centcols.org\/rubrique\/calendrier\/\"},{\"@type\":\"ListItem\",\"position\":3,\"name\":\"Le V\u00e9lo Club d&rsquo;Annecy f\u00eate ses 130 ans le 4 mars 2018\"}]},{\"@type\":\"WebSite\",\"@id\":\"https:\/\/centcols.org\/#website\",\"url\":\"https:\/\/centcols.org\/\",\"name\":\"Club des Cent Cols\",\"description\":\"\",\"publisher\":{\"@id\":\"https:\/\/centcols.org\/#organization\"},\"potentialAction\":[{\"@type\":\"SearchAction\",\"target\":{\"@type\":\"EntryPoint\",\"urlTemplate\":\"https:\/\/centcols.org\/?s={search_term_string}\"},\"query-input\":{\"@type\":\"PropertyValueSpecification\",\"valueRequired\":true,\"valueName\":\"search_term_string\"}}],\"inLanguage\":\"de\"},{\"@type\":\"Organization\",\"@id\":\"https:\/\/centcols.org\/#organization\",\"name\":\"Club des Cent Cols\",\"url\":\"https:\/\/centcols.org\/\",\"logo\":{\"@type\":\"ImageObject\",\"inLanguage\":\"de\",\"@id\":\"https:\/\/centcols.org\/#\/schema\/logo\/image\/\",\"url\":\"https:\/\/centcols.org\/wp-content\/uploads\/2025\/01\/carte-icone.png\",\"contentUrl\":\"https:\/\/centcols.org\/wp-content\/uploads\/2025\/01\/carte-icone.png\",\"width\":250,\"height\":250,\"caption\":\"Club des Cent Cols\"},\"image\":{\"@id\":\"https:\/\/centcols.org\/#\/schema\/logo\/image\/\"},\"sameAs\":[\"https:\/\/www.facebook.com\/groups\/5261880558\/?locale=fr_FR\"]},{\"@type\":\"Person\",\"@id\":\"https:\/\/centcols.org\/#\/schema\/person\/377f00da2793c0363246869bb3a344d0\",\"name\":\"Guy Harl\u00e9\",\"image\":{\"@type\":\"ImageObject\",\"inLanguage\":\"de\",\"@id\":\"https:\/\/centcols.org\/wp-content\/litespeed\/avatar\/94c4de37e46cf090f296d42ab3e8d6a6.jpg?ver=1777238144\",\"url\":\"https:\/\/centcols.org\/wp-content\/litespeed\/avatar\/94c4de37e46cf090f296d42ab3e8d6a6.jpg?ver=1777238144\",\"contentUrl\":\"https:\/\/centcols.org\/wp-content\/litespeed\/avatar\/94c4de37e46cf090f296d42ab3e8d6a6.jpg?ver=1777238144\",\"caption\":\"Guy Harl\u00e9\"},\"url\":\"https:\/\/centcols.org\/de\/author\/5193\/\"}]}<\/script>\n<!-- \/ Yoast SEO plugin. -->","yoast_head_json":{"title":"Der V\u00e9lo Club d'Annecy feiert am 4. M\u00e4rz 2018 seinen 130. Geburtstag - Club des Cent Cols","robots":{"index":"index","follow":"follow","max-snippet":"max-snippet:-1","max-image-preview":"max-image-preview:large","max-video-preview":"max-video-preview:-1"},"canonical":"https:\/\/centcols.org\/de\/der-velo-club-dannecy-feiert-am-4-marz-2018-seinen-130-geburtstag\/","og_locale":"de_DE","og_type":"article","og_title":"Le V\u00e9lo Club d'Annecy f\u00eate ses 130 ans le 4 mars 2018 - Club des Cent Cols","og_description":"Dimanche 4 mars 2018, 130 \u00e9me anniversaire du VC Annecy &nbsp;Anniversaire des 130 ans du V\u00e9lo Club d\u2019Annecy &nbsp; Le 4 mars 2018, le v\u00e9lo-club d&rsquo;Annecy f\u00eate le 130 \u00e9me anniversaire de sa cr\u00e9ation. Bel exemple de long\u00e9vit\u00e9!&#8230;Pour cette occasion, tous les clubs alentour ont \u00e9t\u00e9 convi\u00e9s \u00e0 un tour du lac d&rsquo;Annecy, suivi d&rsquo;un [&hellip;]","og_url":"https:\/\/centcols.org\/de\/der-velo-club-dannecy-feiert-am-4-marz-2018-seinen-130-geburtstag\/","og_site_name":"Club des Cent Cols","article_publisher":"https:\/\/www.facebook.com\/groups\/5261880558\/?locale=fr_FR","article_published_time":"2018-01-29T06:56:41+00:00","article_modified_time":"2025-09-13T08:32:34+00:00","og_image":[{"width":1200,"height":800,"url":"https:\/\/centcols.org\/wp-content\/uploads\/2025\/05\/DSCF9472.jpg","type":"image\/jpeg"}],"author":"Guy Harl\u00e9","twitter_card":"summary_large_image","twitter_misc":{"Verfasst von":"Guy Harl\u00e9","Gesch\u00e4tzte Lesezeit":"3\u00a0Minuten"},"schema":{"@context":"https:\/\/schema.org","@graph":[{"@type":"Article","@id":"https:\/\/centcols.org\/le-velo-club-dannecy-fete-ses-130-ans-le-4-mars-2018\/#article","isPartOf":{"@id":"https:\/\/centcols.org\/le-velo-club-dannecy-fete-ses-130-ans-le-4-mars-2018\/"},"author":{"name":"Guy Harl\u00e9","@id":"https:\/\/centcols.org\/#\/schema\/person\/377f00da2793c0363246869bb3a344d0"},"headline":"Le V\u00e9lo Club d&rsquo;Annecy f\u00eate ses 130 ans le 4 mars 2018","datePublished":"2018-01-29T06:56:41+00:00","dateModified":"2025-09-13T08:32:34+00:00","mainEntityOfPage":{"@id":"https:\/\/centcols.org\/le-velo-club-dannecy-fete-ses-130-ans-le-4-mars-2018\/"},"wordCount":279,"publisher":{"@id":"https:\/\/centcols.org\/#organization"},"image":{"@id":"https:\/\/centcols.org\/le-velo-club-dannecy-fete-ses-130-ans-le-4-mars-2018\/#primaryimage"},"thumbnailUrl":"https:\/\/centcols.org\/wp-content\/uploads\/2025\/05\/DSCF9472.jpg","articleSection":["Calendrier","2018-rassemblements","Rencontres r\u00e9gionales"],"inLanguage":"de"},{"@type":"WebPage","@id":"https:\/\/centcols.org\/le-velo-club-dannecy-fete-ses-130-ans-le-4-mars-2018\/","url":"https:\/\/centcols.org\/le-velo-club-dannecy-fete-ses-130-ans-le-4-mars-2018\/","name":"Der V\u00e9lo Club d'Annecy feiert am 4. M\u00e4rz 2018 seinen 130. Geburtstag - Club des Cent Cols","isPartOf":{"@id":"https:\/\/centcols.org\/#website"},"primaryImageOfPage":{"@id":"https:\/\/centcols.org\/le-velo-club-dannecy-fete-ses-130-ans-le-4-mars-2018\/#primaryimage"},"image":{"@id":"https:\/\/centcols.org\/le-velo-club-dannecy-fete-ses-130-ans-le-4-mars-2018\/#primaryimage"},"thumbnailUrl":"https:\/\/centcols.org\/wp-content\/uploads\/2025\/05\/DSCF9472.jpg","datePublished":"2018-01-29T06:56:41+00:00","dateModified":"2025-09-13T08:32:34+00:00","breadcrumb":{"@id":"https:\/\/centcols.org\/le-velo-club-dannecy-fete-ses-130-ans-le-4-mars-2018\/#breadcrumb"},"inLanguage":"de","potentialAction":[{"@type":"ReadAction","target":["https:\/\/centcols.org\/le-velo-club-dannecy-fete-ses-130-ans-le-4-mars-2018\/"]}]},{"@type":"ImageObject","inLanguage":"de","@id":"https:\/\/centcols.org\/le-velo-club-dannecy-fete-ses-130-ans-le-4-mars-2018\/#primaryimage","url":"https:\/\/centcols.org\/wp-content\/uploads\/2025\/05\/DSCF9472.jpg","contentUrl":"https:\/\/centcols.org\/wp-content\/uploads\/2025\/05\/DSCF9472.jpg","width":1200,"height":800},{"@type":"BreadcrumbList","@id":"https:\/\/centcols.org\/le-velo-club-dannecy-fete-ses-130-ans-le-4-mars-2018\/#breadcrumb","itemListElement":[{"@type":"ListItem","position":1,"name":"Accueil","item":"https:\/\/centcols.org\/"},{"@type":"ListItem","position":2,"name":"Calendrier","item":"https:\/\/centcols.org\/rubrique\/calendrier\/"},{"@type":"ListItem","position":3,"name":"Le V\u00e9lo Club d&rsquo;Annecy f\u00eate ses 130 ans le 4 mars 2018"}]},{"@type":"WebSite","@id":"https:\/\/centcols.org\/#website","url":"https:\/\/centcols.org\/","name":"Club des Cent Cols","description":"","publisher":{"@id":"https:\/\/centcols.org\/#organization"},"potentialAction":[{"@type":"SearchAction","target":{"@type":"EntryPoint","urlTemplate":"https:\/\/centcols.org\/?s={search_term_string}"},"query-input":{"@type":"PropertyValueSpecification","valueRequired":true,"valueName":"search_term_string"}}],"inLanguage":"de"},{"@type":"Organization","@id":"https:\/\/centcols.org\/#organization","name":"Club des Cent Cols","url":"https:\/\/centcols.org\/","logo":{"@type":"ImageObject","inLanguage":"de","@id":"https:\/\/centcols.org\/#\/schema\/logo\/image\/","url":"https:\/\/centcols.org\/wp-content\/uploads\/2025\/01\/carte-icone.png","contentUrl":"https:\/\/centcols.org\/wp-content\/uploads\/2025\/01\/carte-icone.png","width":250,"height":250,"caption":"Club des Cent Cols"},"image":{"@id":"https:\/\/centcols.org\/#\/schema\/logo\/image\/"},"sameAs":["https:\/\/www.facebook.com\/groups\/5261880558\/?locale=fr_FR"]},{"@type":"Person","@id":"https:\/\/centcols.org\/#\/schema\/person\/377f00da2793c0363246869bb3a344d0","name":"Guy Harl\u00e9","image":{"@type":"ImageObject","inLanguage":"de","@id":"https:\/\/centcols.org\/wp-content\/litespeed\/avatar\/94c4de37e46cf090f296d42ab3e8d6a6.jpg?ver=1777238144","url":"https:\/\/centcols.org\/wp-content\/litespeed\/avatar\/94c4de37e46cf090f296d42ab3e8d6a6.jpg?ver=1777238144","contentUrl":"https:\/\/centcols.org\/wp-content\/litespeed\/avatar\/94c4de37e46cf090f296d42ab3e8d6a6.jpg?ver=1777238144","caption":"Guy Harl\u00e9"},"url":"https:\/\/centcols.org\/de\/author\/5193\/"}]}},"_links":{"self":[{"href":"https:\/\/centcols.org\/de\/wp-json\/wp\/v2\/posts\/81957","targetHints":{"allow":["GET"]}}],"collection":[{"href":"https:\/\/centcols.org\/de\/wp-json\/wp\/v2\/posts"}],"about":[{"href":"https:\/\/centcols.org\/de\/wp-json\/wp\/v2\/types\/post"}],"author":[{"embeddable":true,"href":"https:\/\/centcols.org\/de\/wp-json\/wp\/v2\/users\/136"}],"replies":[{"embeddable":true,"href":"https:\/\/centcols.org\/de\/wp-json\/wp\/v2\/comments?post=81957"}],"version-history":[{"count":0,"href":"https:\/\/centcols.org\/de\/wp-json\/wp\/v2\/posts\/81957\/revisions"}],"wp:featuredmedia":[{"embeddable":true,"href":"https:\/\/centcols.org\/de\/wp-json\/wp\/v2\/media\/81958"}],"wp:attachment":[{"href":"https:\/\/centcols.org\/de\/wp-json\/wp\/v2\/media?parent=81957"}],"wp:term":[{"taxonomy":"category","embeddable":true,"href":"https:\/\/centcols.org\/de\/wp-json\/wp\/v2\/categories?post=81957"},{"taxonomy":"post_tag","embeddable":true,"href":"https:\/\/centcols.org\/de\/wp-json\/wp\/v2\/tags?post=81957"}],"curies":[{"name":"wp","href":"https:\/\/api.w.org\/{rel}","templated":true}]}}