{"id":81971,"date":"2018-03-06T09:04:06","date_gmt":"2018-03-06T07:04:06","guid":{"rendered":"https:\/\/centcols.org\/assemblee-generale-du-club-des-cent-cols-a-bedoin-vaucluse-le-10-novembre-2018\/"},"modified":"2025-09-02T11:09:58","modified_gmt":"2025-09-02T09:09:58","slug":"ag-2018-bedoin","status":"publish","type":"post","link":"https:\/\/centcols.org\/de\/ag-2018-bedoin\/","title":{"rendered":"Generalversammlung des \"Club des Cent Cols\" in B\u00e9doin (Vaucluse) am 10. November 2018."},"content":{"rendered":"<h2 class=\"wp-block-heading\">Erkl\u00e4rungen<\/h2>\n\n\n\n<p>GA 2018, B\u00e9doin, Samstag, 10. November 2018 um 14.30 Uhr<\/p>\n\n\n\n<p>Sie k\u00f6nnen sich ab Juni 2018 f\u00fcr die Unterkunft anmelden :<\/p>\n\n\n<div class=\"wp-block-image\">\n<figure class=\"aligncenter size-full is-resized\"><img loading=\"lazy\" decoding=\"async\" width=\"1200\" height=\"797\" src=\"https:\/\/centcols.org\/wp-content\/uploads\/2018\/03\/Ventoux-13.jpg\" alt=\"\" class=\"wp-image-88974\" style=\"width:800px\" srcset=\"https:\/\/centcols.org\/wp-content\/uploads\/2018\/03\/Ventoux-13.jpg 1200w, https:\/\/centcols.org\/wp-content\/uploads\/2018\/03\/Ventoux-13-768x510.jpg 768w\" sizes=\"auto, (max-width: 1200px) 100vw, 1200px\" \/><figcaption class=\"wp-element-caption\">Der Mont Ventoux (Foto: T Labour)<\/figcaption><\/figure>\n<\/div>\n\n\n<p>In diesem sympathischen Dorf am Fu\u00dfe des G\u00e9ant de Provence, 50 km \u00f6stlich von Avignon und 15 km von Carpentras entfernt, werden wir unsere Generalversammlung 2018 abhalten. Alle Aktivit\u00e4ten, au\u00dfer Radfahren nat\u00fcrlich, (Generalversammlung selbst, Abstimmungen vor Ort, Mahlzeiten und Unterkunft) werden im Feriendorf \u00abLes Florans\u00bb in B\u00e9doin im Departement Vaucluse stattfinden. Diese Einrichtung wird von der Firma VTF verwaltet und bleibt nach den Schulferien im Herbst ausnahmsweise ge\u00f6ffnet, um uns zu empfangen.<br>Viele Centcolisten kennen dieses Dorf gut, da es der Ausgangspunkt f\u00fcr den Aufstieg auf den Mont Ventoux \u00fcber seine S\u00fcdseite ist, eine Route, die als die schwierigste gilt. Obwohl unser Aufenthalt im November stattfindet, ist es keineswegs unm\u00f6glich, dass einige den Berg besteigen k\u00f6nnen, wenn sie Lust dazu haben, bei Sonne und milden Temperaturen.<br>Wie \u00fcblich werden wir zwei <a href=\"\/de\/membres\/cctours\/tours.php\/?lieu=B\u00e9doin&amp;an=2018&amp;genre=R\">Stra\u00dfenkurse<\/a> und zwei <a href=\"\/de\/membres\/cctours\/tours.php\/?lieu=B\u00e9doin&amp;an=2018&amp;genre=V\">Mountainbike-Routen<\/a> in der Umgebung, wahrscheinlich vom Zentrum aus, f\u00fcr die Vormittage am Samstag und Sonntag.<\/p>\n\n\n<div class=\"wp-block-image wp-image-33269\">\n<figure class=\"aligncenter size-full is-resized\"><img loading=\"lazy\" decoding=\"async\" width=\"1200\" height=\"797\" src=\"https:\/\/centcols.org\/wp-content\/uploads\/2018\/03\/Gorges-de-la-Nesque-1.jpg\" alt=\"\" class=\"wp-image-88976\" style=\"width:800px\" srcset=\"https:\/\/centcols.org\/wp-content\/uploads\/2018\/03\/Gorges-de-la-Nesque-1.jpg 1200w, https:\/\/centcols.org\/wp-content\/uploads\/2018\/03\/Gorges-de-la-Nesque-1-768x510.jpg 768w\" sizes=\"auto, (max-width: 1200px) 100vw, 1200px\" \/><figcaption class=\"wp-element-caption\">Schluchten der Nesque (Foto: T Labour)<\/figcaption><\/figure>\n<\/div>\n\n\n<p>Die Umgebung von B\u00e9doin ist sehr reich an wundersch\u00f6nen Orten und Landschaften, die unsere Aufmerksamkeit verdienen, zumal es an P\u00e4ssen nicht mangelt. Also Dentelles de Montmirail, Gorges de la Nesque usw., wir werden sehen, was unsere Freunde vom Club Vaison Cyclo Nature (VCN) vorschlagen werden, denen wir schon jetzt herzlich f\u00fcr ihre Hilfe bei der Vorbereitung der GV und des Aufenthalts danken k\u00f6nnen.<\/p>\n\n\n\n<p>BEDOIN<br>Es ist ein charmantes Bauerndorf am Mont Ventoux. Es erstreckt sich \u00fcber ein gro\u00dfes Gebiet und umfasst mehrere Weiler, die alle das mediterrane Klima mit der fast t\u00e4glichen Sonne gemeinsam haben. Hier wird ein\u00a0<a href=\"https:\/\/www.provenceweb.fr\/f\/mag\/terroir\/vin\/vignobles\/ventoux.htm\">klassifizierter Wein AOC<\/a>\u00a0von ausgezeichneter Qualit\u00e4t sowie Obst und Spargel. B\u00e9doin hat das Gl\u00fcck, einen der gr\u00f6\u00dften Gemeindew\u00e4lder Frankreichs zu beherbergen. Er erstreckt sich \u00fcber mehr als 6.300 Hektar, was einem Drittel der Waldfl\u00e4che des Mont Ventoux entspricht. Mit \u00fcber 1200 verschiedenen Pflanzenarten ist er der vielf\u00e4ltigste Wald in der Region Vaucluse. Das Dorf hat eine sehr lange Geschichte, die bis in die Vorgeschichte zur\u00fcckreicht. F\u00fcr Neugierige ist es interessant zu lesen<a href=\"https:\/\/fr.wikipedia.org\/wiki\/B%C3%A9doin\"> der Artikel aus Wikipedia<\/a> im Internet.<\/p>\n\n\n\n<p>UNTERKUNFT, VERPFLEGUNG und Ort der GV<\/p>\n\n\n\n<figure class=\"wp-block-image size-full is-resized alignnone wp-image-33268\"><img loading=\"lazy\" decoding=\"async\" width=\"1200\" height=\"755\" src=\"https:\/\/centcols.org\/wp-content\/uploads\/2018\/03\/Bedoin-les-florans.jpg\" alt=\"\" class=\"wp-image-88977\" style=\"aspect-ratio:1;width:840px;height:auto\" srcset=\"https:\/\/centcols.org\/wp-content\/uploads\/2018\/03\/Bedoin-les-florans.jpg 1200w, https:\/\/centcols.org\/wp-content\/uploads\/2018\/03\/Bedoin-les-florans-768x483.jpg 768w\" sizes=\"auto, (max-width: 1200px) 100vw, 1200px\" \/><figcaption class=\"wp-element-caption\">B\u00e9doin Les Florans (Foto: VTF)<\/figcaption><\/figure>\n\n\n\n<p>VTF-Feriendorf \u00abLes Florans\u00bb (Die Florans)\u00bb<br>Weg der Florans<br>BP 02, 84410 B\u00c9DOIN<br>Tel: +33 4 90 65 60 10<br><a href=\"https:\/\/www.vtf-vacances.com\/fr\/village-vacances-familles\/provence-alpes-cote-d-azur\/vaucluse\/bedoin\/417\" target=\"_blank\" rel=\"noopener\">Website<\/a><\/p>\n\n\n\n<h2 class=\"wp-block-heading\">Fahrradtouren<\/h2>\n\n\n\n<p>Es wurden vier Rundg\u00e4nge vorbereitet.<\/p>\n\n\n\n<p>Am Samstagmorgen starten die Stra\u00dfenroute (ca. 45 km) und die Mountainbike-Route (27 km, mit Stra\u00dfen, R1\/R2 und einer S3-Passage) in M\u00e9thamis, das ca. 25 Autominuten von B\u00e9doin entfernt liegt. Die Abfahrt in M\u00e9thamis ist f\u00fcr 8:30 Uhr geplant, die Abfahrt mit dem Auto von B\u00e9doin aus um 8 Uhr. Beide Strecken werden von einheimischen Radfahrern begleitet.<\/p>\n\n\n\n<p>F\u00fcr den Sonntagmorgen startet der Stra\u00dfenrundkurs (ca. 45 km) vom Ferienzentrum aus. Der Treffpunkt ist f\u00fcr 8 Uhr angesetzt. Die Mountainbike-Tour (23 km, mit Stra\u00dfen und haupts\u00e4chlich R1\/R2 und einer R3-Passage) f\u00fchrt Sie von Lafare aus in die Dentelles de Montmirail. Der Treffpunkt vor Ort ist um 8:30 Uhr (Abfahrt von B\u00e9doin mit dem Auto um 7:50 Uhr). Diese beiden Touren werden auch von lokalen Radfahrern begleitet.<\/p>\n\n\n\n<h3 class=\"wp-block-heading\">Rundreisen Stra\u00dfe<\/h3>\n\n\n\n<p>Zwei <a href=\"\/de\/membres\/cctours\/tours.php\/?lieu=B\u00e9doin&amp;an=2018&amp;genre=R\">Stra\u00dfenrouten<\/a> gehen werden angeboten, eine f\u00fcr den Samstag und eine f\u00fcr den Sonntag.<\/p>\n\n\n\n<h3 class=\"wp-block-heading\">Mountainbike-Routen<\/h3>\n\n\n\n<p>Sie sind auch zwei <a href=\"\/de\/membres\/cctours\/tours.php\/?lieu=B\u00e9doin&amp;an=2018&amp;genre=V\">Mountainbike-Strecke<\/a> die f\u00fcr Samstag und Sonntag vorgeschlagen werden.<\/p>\n\n\n\n<p>&nbsp;<\/p>","protected":false},"excerpt":{"rendered":"<p>Pr\u00e9sentation AG 2018, B\u00e9doin, samedi 10 novembre 2018 \u00e0 14 h 30 Vous pourrez vous inscrire pour l\u2019h\u00e9bergement \u00e0 partir de juin 2018 : C&rsquo;est dans ce sympathique village, au pied du G\u00e9ant de Provence, \u00e0 50 km \u00e0 l&rsquo;est d&rsquo;Avignon et 15 km de Carpentras, que nous tiendrons notre assembl\u00e9e g\u00e9n\u00e9rale 2018. L&rsquo;ensemble des [&hellip;]<\/p>\n","protected":false},"author":270,"featured_media":81972,"comment_status":"closed","ping_status":"closed","sticky":false,"template":"","format":"standard","meta":{"_acf_changed":false,"footnotes":""},"categories":[217,135],"tags":[],"class_list":["post-81971","post","type-post","status-publish","format-standard","has-post-thumbnail","hentry","category-assemblees-generales","category-calendrier"],"acf":[],"yoast_head":"<!-- This site is optimized with the Yoast SEO plugin v27.2 - https:\/\/yoast.com\/product\/yoast-seo-wordpress\/ -->\n<title>Assembl\u00e9e g\u00e9n\u00e9rale du Club des Cent Cols \u00e0 B\u00e9doin (Vaucluse) le 10 novembre 2018 - Club des Cent Cols<\/title>\n<meta name=\"robots\" content=\"index, follow, max-snippet:-1, max-image-preview:large, max-video-preview:-1\" \/>\n<link rel=\"canonical\" href=\"https:\/\/centcols.org\/de\/ag-2018-bedoin\/\" \/>\n<meta property=\"og:locale\" content=\"de_DE\" \/>\n<meta property=\"og:type\" content=\"article\" \/>\n<meta property=\"og:title\" content=\"Assembl\u00e9e g\u00e9n\u00e9rale du Club des Cent Cols \u00e0 B\u00e9doin (Vaucluse) le 10 novembre 2018 - Club des Cent Cols\" \/>\n<meta property=\"og:description\" content=\"Pr\u00e9sentation AG 2018, B\u00e9doin, samedi 10 novembre 2018 \u00e0 14 h 30 Vous pourrez vous inscrire pour l\u2019h\u00e9bergement \u00e0 partir de juin 2018 : C&rsquo;est dans ce sympathique village, au pied du G\u00e9ant de Provence, \u00e0 50 km \u00e0 l&rsquo;est d&rsquo;Avignon et 15 km de Carpentras, que nous tiendrons notre assembl\u00e9e g\u00e9n\u00e9rale 2018. L&rsquo;ensemble des [&hellip;]\" \/>\n<meta property=\"og:url\" content=\"https:\/\/centcols.org\/de\/ag-2018-bedoin\/\" \/>\n<meta property=\"og:site_name\" content=\"Club des Cent Cols\" \/>\n<meta property=\"article:publisher\" content=\"https:\/\/www.facebook.com\/groups\/5261880558\/?locale=fr_FR\" \/>\n<meta property=\"article:published_time\" content=\"2018-03-06T07:04:06+00:00\" \/>\n<meta property=\"article:modified_time\" content=\"2025-09-02T09:09:58+00:00\" \/>\n<meta property=\"og:image\" content=\"https:\/\/centcols.org\/wp-content\/uploads\/2025\/05\/Bedoin-les-florans2.jpg\" \/>\n\t<meta property=\"og:image:width\" content=\"1628\" \/>\n\t<meta property=\"og:image:height\" content=\"1024\" \/>\n\t<meta property=\"og:image:type\" content=\"image\/jpeg\" \/>\n<meta name=\"author\" content=\"Thierry Labour\" \/>\n<meta name=\"twitter:card\" content=\"summary_large_image\" \/>\n<meta name=\"twitter:label1\" content=\"Verfasst von\" \/>\n\t<meta name=\"twitter:data1\" content=\"Thierry Labour\" \/>\n\t<meta name=\"twitter:label2\" content=\"Gesch\u00e4tzte Lesezeit\" \/>\n\t<meta name=\"twitter:data2\" content=\"4\u00a0Minuten\" \/>\n<script type=\"application\/ld+json\" class=\"yoast-schema-graph\">{\"@context\":\"https:\/\/schema.org\",\"@graph\":[{\"@type\":\"Article\",\"@id\":\"https:\/\/centcols.org\/ag-2018-bedoin\/#article\",\"isPartOf\":{\"@id\":\"https:\/\/centcols.org\/ag-2018-bedoin\/\"},\"author\":{\"name\":\"Thierry Labour\",\"@id\":\"https:\/\/centcols.org\/#\/schema\/person\/19badcd698057e2dc29340586080b94f\"},\"headline\":\"Assembl\u00e9e g\u00e9n\u00e9rale du Club des Cent Cols \u00e0 B\u00e9doin (Vaucluse) le 10 novembre 2018\",\"datePublished\":\"2018-03-06T07:04:06+00:00\",\"dateModified\":\"2025-09-02T09:09:58+00:00\",\"mainEntityOfPage\":{\"@id\":\"https:\/\/centcols.org\/ag-2018-bedoin\/\"},\"wordCount\":668,\"publisher\":{\"@id\":\"https:\/\/centcols.org\/#organization\"},\"image\":{\"@id\":\"https:\/\/centcols.org\/ag-2018-bedoin\/#primaryimage\"},\"thumbnailUrl\":\"https:\/\/centcols.org\/wp-content\/uploads\/2025\/05\/Bedoin-les-florans2.jpg\",\"articleSection\":[\"Assembl\u00e9es g\u00e9n\u00e9rales\",\"Calendrier\"],\"inLanguage\":\"de\"},{\"@type\":\"WebPage\",\"@id\":\"https:\/\/centcols.org\/ag-2018-bedoin\/\",\"url\":\"https:\/\/centcols.org\/ag-2018-bedoin\/\",\"name\":\"Assembl\u00e9e g\u00e9n\u00e9rale du Club des Cent Cols \u00e0 B\u00e9doin (Vaucluse) le 10 novembre 2018 - Club des Cent Cols\",\"isPartOf\":{\"@id\":\"https:\/\/centcols.org\/#website\"},\"primaryImageOfPage\":{\"@id\":\"https:\/\/centcols.org\/ag-2018-bedoin\/#primaryimage\"},\"image\":{\"@id\":\"https:\/\/centcols.org\/ag-2018-bedoin\/#primaryimage\"},\"thumbnailUrl\":\"https:\/\/centcols.org\/wp-content\/uploads\/2025\/05\/Bedoin-les-florans2.jpg\",\"datePublished\":\"2018-03-06T07:04:06+00:00\",\"dateModified\":\"2025-09-02T09:09:58+00:00\",\"breadcrumb\":{\"@id\":\"https:\/\/centcols.org\/ag-2018-bedoin\/#breadcrumb\"},\"inLanguage\":\"de\",\"potentialAction\":[{\"@type\":\"ReadAction\",\"target\":[\"https:\/\/centcols.org\/ag-2018-bedoin\/\"]}]},{\"@type\":\"ImageObject\",\"inLanguage\":\"de\",\"@id\":\"https:\/\/centcols.org\/ag-2018-bedoin\/#primaryimage\",\"url\":\"https:\/\/centcols.org\/wp-content\/uploads\/2025\/05\/Bedoin-les-florans2.jpg\",\"contentUrl\":\"https:\/\/centcols.org\/wp-content\/uploads\/2025\/05\/Bedoin-les-florans2.jpg\",\"width\":1628,\"height\":1024},{\"@type\":\"BreadcrumbList\",\"@id\":\"https:\/\/centcols.org\/ag-2018-bedoin\/#breadcrumb\",\"itemListElement\":[{\"@type\":\"ListItem\",\"position\":1,\"name\":\"Accueil\",\"item\":\"https:\/\/centcols.org\/\"},{\"@type\":\"ListItem\",\"position\":2,\"name\":\"Assembl\u00e9es g\u00e9n\u00e9rales\",\"item\":\"https:\/\/centcols.org\/rubrique\/assemblees-generales\/\"},{\"@type\":\"ListItem\",\"position\":3,\"name\":\"Assembl\u00e9e g\u00e9n\u00e9rale du Club des Cent Cols \u00e0 B\u00e9doin (Vaucluse) le 10 novembre 2018\"}]},{\"@type\":\"WebSite\",\"@id\":\"https:\/\/centcols.org\/#website\",\"url\":\"https:\/\/centcols.org\/\",\"name\":\"Club des Cent Cols\",\"description\":\"\",\"publisher\":{\"@id\":\"https:\/\/centcols.org\/#organization\"},\"potentialAction\":[{\"@type\":\"SearchAction\",\"target\":{\"@type\":\"EntryPoint\",\"urlTemplate\":\"https:\/\/centcols.org\/?s={search_term_string}\"},\"query-input\":{\"@type\":\"PropertyValueSpecification\",\"valueRequired\":true,\"valueName\":\"search_term_string\"}}],\"inLanguage\":\"de\"},{\"@type\":\"Organization\",\"@id\":\"https:\/\/centcols.org\/#organization\",\"name\":\"Club des Cent Cols\",\"url\":\"https:\/\/centcols.org\/\",\"logo\":{\"@type\":\"ImageObject\",\"inLanguage\":\"de\",\"@id\":\"https:\/\/centcols.org\/#\/schema\/logo\/image\/\",\"url\":\"https:\/\/centcols.org\/wp-content\/uploads\/2025\/01\/carte-icone.png\",\"contentUrl\":\"https:\/\/centcols.org\/wp-content\/uploads\/2025\/01\/carte-icone.png\",\"width\":250,\"height\":250,\"caption\":\"Club des Cent Cols\"},\"image\":{\"@id\":\"https:\/\/centcols.org\/#\/schema\/logo\/image\/\"},\"sameAs\":[\"https:\/\/www.facebook.com\/groups\/5261880558\/?locale=fr_FR\"]},{\"@type\":\"Person\",\"@id\":\"https:\/\/centcols.org\/#\/schema\/person\/19badcd698057e2dc29340586080b94f\",\"name\":\"Thierry Labour\",\"image\":{\"@type\":\"ImageObject\",\"inLanguage\":\"de\",\"@id\":\"https:\/\/centcols.org\/wp-content\/litespeed\/avatar\/0f2ad73ca12dd8b37b8d6dc4b7ca1e71.jpg?ver=1777205821\",\"url\":\"https:\/\/centcols.org\/wp-content\/litespeed\/avatar\/0f2ad73ca12dd8b37b8d6dc4b7ca1e71.jpg?ver=1777205821\",\"contentUrl\":\"https:\/\/centcols.org\/wp-content\/litespeed\/avatar\/0f2ad73ca12dd8b37b8d6dc4b7ca1e71.jpg?ver=1777205821\",\"caption\":\"Thierry Labour\"},\"url\":\"https:\/\/centcols.org\/de\/author\/5925\/\"}]}<\/script>\n<!-- \/ Yoast SEO plugin. -->","yoast_head_json":{"title":"Generalversammlung des Club des Cent Cols in B\u00e9doin (Vaucluse) am 10. November 2018 - Club des Cent Cols","robots":{"index":"index","follow":"follow","max-snippet":"max-snippet:-1","max-image-preview":"max-image-preview:large","max-video-preview":"max-video-preview:-1"},"canonical":"https:\/\/centcols.org\/de\/ag-2018-bedoin\/","og_locale":"de_DE","og_type":"article","og_title":"Assembl\u00e9e g\u00e9n\u00e9rale du Club des Cent Cols \u00e0 B\u00e9doin (Vaucluse) le 10 novembre 2018 - Club des Cent Cols","og_description":"Pr\u00e9sentation AG 2018, B\u00e9doin, samedi 10 novembre 2018 \u00e0 14 h 30 Vous pourrez vous inscrire pour l\u2019h\u00e9bergement \u00e0 partir de juin 2018 : C&rsquo;est dans ce sympathique village, au pied du G\u00e9ant de Provence, \u00e0 50 km \u00e0 l&rsquo;est d&rsquo;Avignon et 15 km de Carpentras, que nous tiendrons notre assembl\u00e9e g\u00e9n\u00e9rale 2018. L&rsquo;ensemble des [&hellip;]","og_url":"https:\/\/centcols.org\/de\/ag-2018-bedoin\/","og_site_name":"Club des Cent Cols","article_publisher":"https:\/\/www.facebook.com\/groups\/5261880558\/?locale=fr_FR","article_published_time":"2018-03-06T07:04:06+00:00","article_modified_time":"2025-09-02T09:09:58+00:00","og_image":[{"width":1628,"height":1024,"url":"https:\/\/centcols.org\/wp-content\/uploads\/2025\/05\/Bedoin-les-florans2.jpg","type":"image\/jpeg"}],"author":"Thierry Labour","twitter_card":"summary_large_image","twitter_misc":{"Verfasst von":"Thierry Labour","Gesch\u00e4tzte Lesezeit":"4\u00a0Minuten"},"schema":{"@context":"https:\/\/schema.org","@graph":[{"@type":"Article","@id":"https:\/\/centcols.org\/ag-2018-bedoin\/#article","isPartOf":{"@id":"https:\/\/centcols.org\/ag-2018-bedoin\/"},"author":{"name":"Thierry Labour","@id":"https:\/\/centcols.org\/#\/schema\/person\/19badcd698057e2dc29340586080b94f"},"headline":"Assembl\u00e9e g\u00e9n\u00e9rale du Club des Cent Cols \u00e0 B\u00e9doin (Vaucluse) le 10 novembre 2018","datePublished":"2018-03-06T07:04:06+00:00","dateModified":"2025-09-02T09:09:58+00:00","mainEntityOfPage":{"@id":"https:\/\/centcols.org\/ag-2018-bedoin\/"},"wordCount":668,"publisher":{"@id":"https:\/\/centcols.org\/#organization"},"image":{"@id":"https:\/\/centcols.org\/ag-2018-bedoin\/#primaryimage"},"thumbnailUrl":"https:\/\/centcols.org\/wp-content\/uploads\/2025\/05\/Bedoin-les-florans2.jpg","articleSection":["Assembl\u00e9es g\u00e9n\u00e9rales","Calendrier"],"inLanguage":"de"},{"@type":"WebPage","@id":"https:\/\/centcols.org\/ag-2018-bedoin\/","url":"https:\/\/centcols.org\/ag-2018-bedoin\/","name":"Generalversammlung des Club des Cent Cols in B\u00e9doin (Vaucluse) am 10. November 2018 - Club des Cent Cols","isPartOf":{"@id":"https:\/\/centcols.org\/#website"},"primaryImageOfPage":{"@id":"https:\/\/centcols.org\/ag-2018-bedoin\/#primaryimage"},"image":{"@id":"https:\/\/centcols.org\/ag-2018-bedoin\/#primaryimage"},"thumbnailUrl":"https:\/\/centcols.org\/wp-content\/uploads\/2025\/05\/Bedoin-les-florans2.jpg","datePublished":"2018-03-06T07:04:06+00:00","dateModified":"2025-09-02T09:09:58+00:00","breadcrumb":{"@id":"https:\/\/centcols.org\/ag-2018-bedoin\/#breadcrumb"},"inLanguage":"de","potentialAction":[{"@type":"ReadAction","target":["https:\/\/centcols.org\/ag-2018-bedoin\/"]}]},{"@type":"ImageObject","inLanguage":"de","@id":"https:\/\/centcols.org\/ag-2018-bedoin\/#primaryimage","url":"https:\/\/centcols.org\/wp-content\/uploads\/2025\/05\/Bedoin-les-florans2.jpg","contentUrl":"https:\/\/centcols.org\/wp-content\/uploads\/2025\/05\/Bedoin-les-florans2.jpg","width":1628,"height":1024},{"@type":"BreadcrumbList","@id":"https:\/\/centcols.org\/ag-2018-bedoin\/#breadcrumb","itemListElement":[{"@type":"ListItem","position":1,"name":"Accueil","item":"https:\/\/centcols.org\/"},{"@type":"ListItem","position":2,"name":"Assembl\u00e9es g\u00e9n\u00e9rales","item":"https:\/\/centcols.org\/rubrique\/assemblees-generales\/"},{"@type":"ListItem","position":3,"name":"Assembl\u00e9e g\u00e9n\u00e9rale du Club des Cent Cols \u00e0 B\u00e9doin (Vaucluse) le 10 novembre 2018"}]},{"@type":"WebSite","@id":"https:\/\/centcols.org\/#website","url":"https:\/\/centcols.org\/","name":"Club des Cent Cols","description":"","publisher":{"@id":"https:\/\/centcols.org\/#organization"},"potentialAction":[{"@type":"SearchAction","target":{"@type":"EntryPoint","urlTemplate":"https:\/\/centcols.org\/?s={search_term_string}"},"query-input":{"@type":"PropertyValueSpecification","valueRequired":true,"valueName":"search_term_string"}}],"inLanguage":"de"},{"@type":"Organization","@id":"https:\/\/centcols.org\/#organization","name":"Club des Cent Cols","url":"https:\/\/centcols.org\/","logo":{"@type":"ImageObject","inLanguage":"de","@id":"https:\/\/centcols.org\/#\/schema\/logo\/image\/","url":"https:\/\/centcols.org\/wp-content\/uploads\/2025\/01\/carte-icone.png","contentUrl":"https:\/\/centcols.org\/wp-content\/uploads\/2025\/01\/carte-icone.png","width":250,"height":250,"caption":"Club des Cent Cols"},"image":{"@id":"https:\/\/centcols.org\/#\/schema\/logo\/image\/"},"sameAs":["https:\/\/www.facebook.com\/groups\/5261880558\/?locale=fr_FR"]},{"@type":"Person","@id":"https:\/\/centcols.org\/#\/schema\/person\/19badcd698057e2dc29340586080b94f","name":"Thierry Labour","image":{"@type":"ImageObject","inLanguage":"de","@id":"https:\/\/centcols.org\/wp-content\/litespeed\/avatar\/0f2ad73ca12dd8b37b8d6dc4b7ca1e71.jpg?ver=1777205821","url":"https:\/\/centcols.org\/wp-content\/litespeed\/avatar\/0f2ad73ca12dd8b37b8d6dc4b7ca1e71.jpg?ver=1777205821","contentUrl":"https:\/\/centcols.org\/wp-content\/litespeed\/avatar\/0f2ad73ca12dd8b37b8d6dc4b7ca1e71.jpg?ver=1777205821","caption":"Thierry Labour"},"url":"https:\/\/centcols.org\/de\/author\/5925\/"}]}},"_links":{"self":[{"href":"https:\/\/centcols.org\/de\/wp-json\/wp\/v2\/posts\/81971","targetHints":{"allow":["GET"]}}],"collection":[{"href":"https:\/\/centcols.org\/de\/wp-json\/wp\/v2\/posts"}],"about":[{"href":"https:\/\/centcols.org\/de\/wp-json\/wp\/v2\/types\/post"}],"author":[{"embeddable":true,"href":"https:\/\/centcols.org\/de\/wp-json\/wp\/v2\/users\/270"}],"replies":[{"embeddable":true,"href":"https:\/\/centcols.org\/de\/wp-json\/wp\/v2\/comments?post=81971"}],"version-history":[{"count":0,"href":"https:\/\/centcols.org\/de\/wp-json\/wp\/v2\/posts\/81971\/revisions"}],"wp:featuredmedia":[{"embeddable":true,"href":"https:\/\/centcols.org\/de\/wp-json\/wp\/v2\/media\/81972"}],"wp:attachment":[{"href":"https:\/\/centcols.org\/de\/wp-json\/wp\/v2\/media?parent=81971"}],"wp:term":[{"taxonomy":"category","embeddable":true,"href":"https:\/\/centcols.org\/de\/wp-json\/wp\/v2\/categories?post=81971"},{"taxonomy":"post_tag","embeddable":true,"href":"https:\/\/centcols.org\/de\/wp-json\/wp\/v2\/tags?post=81971"}],"curies":[{"name":"wp","href":"https:\/\/api.w.org\/{rel}","templated":true}]}}