{"id":82030,"date":"2018-10-10T05:11:43","date_gmt":"2018-10-10T03:11:43","guid":{"rendered":"https:\/\/centcols.org\/sejour-de-printemps-a-propriano-11-au-18-mai-2019\/"},"modified":"2025-08-26T16:03:28","modified_gmt":"2025-08-26T14:03:28","slug":"aufenthalt-2019-propriano","status":"publish","type":"post","link":"https:\/\/centcols.org\/de\/sejour-2019-propriano\/","title":{"rendered":"Fr\u00fchlingsaufenthalt in Propriano 11. bis 18. Mai 2019"},"content":{"rendered":"\n<blockquote class=\"wp-block-quote is-layout-flow wp-block-quote-is-layout-flow\">\n<p><span style=\"color: #808080;\">Ont contribu\u00e9 \u00e0 cette page de pr\u00e9sentation du s\u00e9jour Nadine et Bernard Giraudeau, les responsables informatique et s\u00e9jours.<\/span><\/p>\n<\/blockquote>\n\n\n<div class=\"wp-block-image wp-image-33839\">\n<figure class=\"aligncenter size-full is-resized\"><img loading=\"lazy\" decoding=\"async\" width=\"1545\" height=\"1024\" src=\"https:\/\/centcols.org\/wp-content\/uploads\/2025\/05\/Image2.jpg\" alt=\"\" class=\"wp-image-82031\" style=\"width:800px\" srcset=\"https:\/\/centcols.org\/wp-content\/uploads\/2025\/05\/Image2.jpg 1545w, https:\/\/centcols.org\/wp-content\/uploads\/2025\/05\/Image2-1200x795.jpg 1200w, https:\/\/centcols.org\/wp-content\/uploads\/2025\/05\/Image2-768x509.jpg 768w, https:\/\/centcols.org\/wp-content\/uploads\/2025\/05\/Image2-1536x1018.jpg 1536w\" sizes=\"auto, (max-width: 1545px) 100vw, 1545px\" \/><figcaption class=\"wp-element-caption\">Sart\u00e8ne sous ciel d&rsquo;orage. Photo B&amp;N Giraudeau<\/figcaption><\/figure>\n<\/div>\n\n\n<p><span style=\"color: #000000;\">Apr\u00e8s trois s\u00e9jours tout \u00e0 fait r\u00e9ussis et qui ont s\u00e9duit un grand nombre de nos membres, Nadine et Bernard Giraudeau nous proposent de passer une semaine sur la c\u00f4te sud ouest de l&rsquo;<strong>Ile de Beaut\u00e9<\/strong>.<\/span><\/p>\n\n\n\n<p><span style=\"color: #000000;\">Propriano est \u00e0 une soixantaine de kilom\u00e8tres au sud d&rsquo;Ajaccio, au fond du profond golfe du Valinco. Les premi\u00e8res pentes pouvant nous mener vers une nu\u00e9e de charmants petits villages et, bien entendu, des cols \u00e0 franchir, commencent d\u00e8s la sortie de la ville. Il faut donc s&rsquo;attendre \u00e0 de belles mont\u00e9es au cours du s\u00e9jour. Sart\u00e8ne est \u00e0 une dizaine de kilom\u00e8tre et \u00e9tend son urbanisation sur les pentes raides de la montagne, offrant une vue magnifique sur la Grande Bleue. On trouve \u00e9galement \u00e0 proximit\u00e9 de Propriano quelques sites pr\u00e9historiques qui m\u00e9ritent le d\u00e9tour. Pour les accompagnants peu sensibles aux charmes de la petite reine, des sentiers de pays et celui le long du littoral pourront satisfaire les marcheurs.<\/span><\/p>\n\n\n\n<p><span style=\"color: #000000;\">Nous s\u00e9journerons dans un tr\u00e8s bel \u00e9tablissement situ\u00e9 au bord de l&rsquo;eau \u00e0 un kilom\u00e8tre de la ville. Il s&rsquo;agit de l&rsquo;h\u00f4tel Arena Bianca&nbsp;qui appartient \u00e0 la chaine Belambra Clubs (qui nous avait accueillis lors du s\u00e9jour \u00e0 Lozari).<\/span><\/p>\n\n\n\n<p><span style=\"color: #000000;\">Il convient de noter que la compagnie \u00ab\u00a0La M\u00e9ridionale\u00a0\u00bb dispose d&rsquo;un ferry au d\u00e9part de Marseille qui dessert directement Propriano :<\/span><\/p>\n\n\n\n<p><span style=\"color: #000000;\">D\u00e9part de Marseille le vendredi soir, arriv\u00e9e \u00e0 Propriano le samedi matin, et pour le retour, le d\u00e9part se fait le samedi soir pour arriver \u00e0 Marseille le dimanche matin. Chacun fera son affaire de son voyage. Cette opportunit\u00e9 permettra d&rsquo;avoir des circuits d\u00e8s le jour de l&rsquo;arriv\u00e9e ainsi que le dernier jour.<\/span><\/p>\n\n\n\n<div class=\"wp-block-columns is-layout-flex wp-container-core-columns-is-layout-9d6595d7 wp-block-columns-is-layout-flex\">\n<div class=\"wp-block-column is-layout-flow wp-block-column-is-layout-flow\" style=\"flex-basis:33.33%\">\n<p><span style=\"color: #000000;\">Vous trouverez ci-dessous les rubriques :<\/span><\/p>\n\n\n\n<ul class=\"wp-block-list\">\n<li><span style=\"color: #000000;\">Pr\u00e9sentation de la r\u00e9gion<\/span><\/li>\n\n\n\n<li><span style=\"color: #000000;\">Les <a href=\"\/membres\/cctours\/tours.php?lieu=Propriano&amp;an=2019\">circuits<\/a><\/span><\/li>\n\n\n\n<li><span style=\"color: #000000;\">H\u00e9bergement<\/span><\/li>\n\n\n\n<li><span style=\"color: #000000;\">Note du Conseil d&rsquo;Administration<\/span><\/li>\n\n\n\n<li><span style=\"color: #000000;\">Inscription, avec une carte de situation<\/span><\/li>\n\n\n\n<li><span style=\"color: #000000;\">Autres activit\u00e9s ou visites&nbsp; &nbsp;<\/span><\/li>\n<\/ul>\n<\/div>\n\n\n\n<div class=\"wp-block-column is-layout-flow wp-block-column-is-layout-flow\" style=\"flex-basis:66.66%\"><div class=\"wp-block-image wp-image-33917\">\n<figure class=\"alignright size-full\"><a href=\"https:\/\/centcols.org\/wp-content\/uploads\/2018\/10\/NIK_2453r.jpg\"><img loading=\"lazy\" decoding=\"async\" width=\"500\" height=\"332\" src=\"https:\/\/centcols.org\/wp-content\/uploads\/2018\/10\/NIK_2453r.jpg\" alt=\"\" class=\"wp-image-86032\"\/><\/a><figcaption class=\"wp-element-caption\">Golfe du Valinco et Propriano. Photo Ch Labour<\/figcaption><\/figure>\n<\/div><\/div>\n<\/div>\n\n\n\n<h2 class=\"wp-block-heading\">Pr\u00e9sentation de la r\u00e9gion<\/h2>\n\n\n\n<p>&nbsp; &nbsp; &nbsp; &nbsp; &nbsp; &nbsp;Le Club des Cent Cols a choisi la cit\u00e9 baln\u00e9aire de <strong>Propriano <\/strong>comme cadre de son s\u00e9jour de printemps 2019 et c\u2019est <strong>Belambra<\/strong>, comme \u00e0 Lozari en 2013, qui nous h\u00e9berge au sein de son \u00e9tablissement <strong>\u00ab&nbsp;L\u2019Arena Bianca&nbsp;\u00bb.<\/strong><\/p>\n\n\n\n<p><strong>&nbsp;&nbsp; &nbsp; &nbsp; &nbsp; Propriano <\/strong>est situ\u00e9 au fond du golfe \u00e9ponyme, appel\u00e9 \u00e9galement <strong>Golfe du Valinco. <\/strong>Celui-ci est le quatri\u00e8me grand golfe et le plus au sud de la c\u00f4te ouest de la Corse. Il re\u00e7oit les eaux de plusieurs fleuves dont le c\u00e9l\u00e8bre <strong>Taravo <\/strong>qui prend sa source pr\u00e9s du <strong>Col de Verde, <\/strong>le petit <strong>Baraci <\/strong>qui provient du <strong>Col de Saint-Eustache <\/strong>et le tumultueux <strong>Rizzan\u00e8se <\/strong>dont l\u2019estuaire se trouve tout pr\u00e9s, au sud de Belambra ( tr\u00e8s bel endroit !).<\/p>\n\n\n\n<figure class=\"wp-block-gallery has-nested-images columns-default is-cropped wp-block-gallery-1 is-layout-flex wp-block-gallery-is-layout-flex\">\n<figure class=\"wp-block-image size-full\"><a href=\"https:\/\/centcols.org\/wp-content\/uploads\/2018\/10\/P1020847r.jpg\"><img loading=\"lazy\" decoding=\"async\" width=\"1365\" height=\"1024\" data-id=\"86016\" src=\"https:\/\/centcols.org\/wp-content\/uploads\/2018\/10\/P1020847r.jpg\" alt=\"\" class=\"wp-image-86016\" srcset=\"https:\/\/centcols.org\/wp-content\/uploads\/2018\/10\/P1020847r.jpg 1365w, https:\/\/centcols.org\/wp-content\/uploads\/2018\/10\/P1020847r-1200x900.jpg 1200w, https:\/\/centcols.org\/wp-content\/uploads\/2018\/10\/P1020847r-768x576.jpg 768w\" sizes=\"auto, (max-width: 1365px) 100vw, 1365px\" \/><\/a><figcaption class=\"wp-element-caption\">Estuaire du Rizzan\u00e8se. Photo N&amp;B Giraudeau<\/figcaption><\/figure>\n\n\n\n<figure class=\"wp-block-image size-full\"><a href=\"https:\/\/centcols.org\/wp-content\/uploads\/2018\/10\/IMG_1343.jpg\"><img loading=\"lazy\" decoding=\"async\" width=\"1200\" height=\"674\" data-id=\"86017\" src=\"https:\/\/centcols.org\/wp-content\/uploads\/2018\/10\/IMG_1343.jpg\" alt=\"\" class=\"wp-image-86017\" srcset=\"https:\/\/centcols.org\/wp-content\/uploads\/2018\/10\/IMG_1343.jpg 1200w, https:\/\/centcols.org\/wp-content\/uploads\/2018\/10\/IMG_1343-768x431.jpg 768w\" sizes=\"auto, (max-width: 1200px) 100vw, 1200px\" \/><\/a><figcaption class=\"wp-element-caption\">Vall\u00e9e de Varacci et village d&rsquo;Olmeto Photo Th Labour<\/figcaption><\/figure>\n<\/figure>\n\n\n\n<p>&nbsp;&nbsp; &nbsp; &nbsp; &nbsp; Les stations touristiques qui bordent les rives du Golfe sont nombreuses et r\u00e9put\u00e9es, comme <strong>Belv\u00e9d\u00e8re-Campomoro, Olmeto-plage, Abbartello et Porto-Pollo. <\/strong>Les sites culturels sont d\u2019une grande richesse, c\u2019est h\u00e9ritage d\u2019une histoire ancienne et plurielle. &nbsp; Propriano se trouve effectivement au centre de plusieurs grands bassins de civilisation n\u00e9olithique que sont <strong>Filitosa<\/strong> et ses statue-menhirs, <strong>Levie<\/strong> et son village-forteresse de <strong>Cucuruzzu, <\/strong>le <strong>Sartenais-sud <\/strong>et ses alignements et dolmen de <strong>Stantari<\/strong> et <strong>Cauria. <\/strong>Les g\u00e9nois ont contribu\u00e9 \u00e0 la richesse du patrimoine local avec la magnifique tour de <strong>Campomoro <\/strong>et le fr\u00eale mais au combien r\u00e9sistant pont \u00ab&nbsp;<strong>Spin\u2019a Cavallu&nbsp;<\/strong>\u00bb sur le Rizzan\u00e8se.<\/p>\n\n\n\n<p>Du point de vue g\u00e9ologique, c\u2019est le granit qui r\u00e8gne en ma\u00eetre absolu et qui fa\u00e7onne \u00e0 sa guise les reliefs alentours. On peut n\u00e9anmoins distinguer les granits \u00abrouge\u00bb qui s\u2019\u00e9rodent en \u00abt<strong>afoni<\/strong>\u00bb, trous se creusant vers l\u2019arri\u00e8re et le haut en formant des arabesques et des fines volutes sous l\u2019action conjugu\u00e9e de l\u2019air et de l\u2019eau, des granits gris qui font le dos rond et s\u2019\u00e9rodent en boules massives.<\/p>\n\n\n\n<div class=\"wp-block-columns is-layout-flex wp-container-core-columns-is-layout-9d6595d7 wp-block-columns-is-layout-flex\">\n<div class=\"wp-block-column is-layout-flow wp-block-column-is-layout-flow\">\n<div style=\"height:30px\" aria-hidden=\"true\" class=\"wp-block-spacer\"><\/div>\n\n\n\n<p>Ici comme partout dans les contr\u00e9es chaudes, o\u00f9 la vie v\u00e9g\u00e9tale est soumise \u00e0 rudes \u00e9preuves climatiques, il n\u2019est pas question de se laisser brouter par le premier animal venu, La v\u00e9g\u00e9tation a donc recours \u00e0 des moyens d\u00e9fensifs particuli\u00e8rement agressifs pour la peau humaine ! Pour parcourir les sentiers des itin\u00e9raires pr\u00e9vus, profitez-en pour finir d\u2019user les vieux habits qui encombrent les fonds de vos tiroirs !<\/p>\n<\/div>\n\n\n\n<div class=\"wp-block-column is-layout-flow wp-block-column-is-layout-flow\"><div class=\"wp-block-image wp-image-33885\">\n<figure class=\"alignright size-full\"><a href=\"https:\/\/centcols.org\/wp-content\/uploads\/2018\/10\/Image26.jpg\"><img loading=\"lazy\" decoding=\"async\" width=\"500\" height=\"249\" src=\"https:\/\/centcols.org\/wp-content\/uploads\/2018\/10\/Image26.jpg\" alt=\"\" class=\"wp-image-86033\"\/><\/a><figcaption class=\"wp-element-caption\">Les \u00e2nes, c&rsquo;est aussi cela la Corse! Photo N&amp;B Giraudeau<\/figcaption><\/figure>\n<\/div><\/div>\n<\/div>\n\n\n\n<p>Les routes sont calmes, avec peu de circulation mais toujours sinueuses et jamais plates, sauf au fond des golfes. La T40 (T pour Territoriale), axe reliant Ajaccio \u00e0 Bonifacio, est par contre beaucoup plus <strong>dangereuse <\/strong>\u00e0 cause d\u2019une circulation plus intense et d\u2019un respect douteux des chauffeurs envers la gent p\u00e9dalante. ,<\/p>\n\n\n<div class=\"wp-block-image wp-image-33927\">\n<figure class=\"aligncenter size-full\"><a href=\"https:\/\/centcols.org\/wp-content\/uploads\/2018\/10\/NIK_2394r.jpg\"><img loading=\"lazy\" decoding=\"async\" width=\"500\" height=\"214\" src=\"https:\/\/centcols.org\/wp-content\/uploads\/2018\/10\/NIK_2394r.jpg\" alt=\"\" class=\"wp-image-86018\"\/><\/a><figcaption class=\"wp-element-caption\">Vall\u00e9e du Rizzan\u00e8se depuis Sart\u00e8ne. Photo Th Labour<\/figcaption><\/figure>\n<\/div>\n\n\n<h2 class=\"wp-block-heading\"><a href=\"\/membres\/cctours\/tours.php?lieu=Propriano&amp;an=2019\">Les circuits<\/a><\/h2>\n\n\n\n<p>Chaque jour un circuit routier et un circuit VTT vous seront propos\u00e9s, circuits plus l\u00e9gers les deux samedis qui encadrent le s\u00e9jour. Au total, vous d\u00e9couvrirez donc 8 cicuits routiers et 8 circuits pour VTT.<\/p>\n\n\n\n<p>Dans la mesure o\u00f9 Porticcio, sur la rive sud du Golfe d\u2019Ajaccio, est assez proche il est&nbsp; normal que l\u2019on retrouve en 2019 quelques cols gravis lors du premier s\u00e9jour en Corse en 2010. Le s\u00e9jour de Ghisonaccia en 2016 a tellement ratiss\u00e9 large que quelques cols gravis se retrouvent inscrits lors de cette nouvelle session. Mais rassurez-vous, il en reste de nombreux autres !<\/p>\n\n\n\n<p>Dans le livret qui vous sera remis \u00e0 votre arriv\u00e9e (et pour lequel vous avez un lien dans la rubrique \u00ab\u00a0Inscriptions\u00a0\u00bb), vous trouverez toutes les consignes et r\u00e8gles de s\u00e9curit\u00e9 concernant la pratique de notre passion. Nous vous invitons \u00e0 les lire avec attention.<\/p>\n\n\n\n<p>Vous trouverez plus loin le d\u00e9tail des circuits, la liste des cols, les liens pour t\u00e9l\u00e9charger les traces GPS, etc. Et, bien entendu, tout sera dans le livret ! Voici, en attendant, extrait de ce dernier, un petit r\u00e9sum\u00e9 de chacun des circuits, par ordre de programmation dans la semaine.<\/p>\n\n\n\n<p><strong><a href=\"\/membres\/cctours\/tours.php?lieu=Propriano&amp;an=2019&amp;genre=R\">Circuits routiers<\/a> :<\/strong><\/p>\n\n\n\n<div class=\"wp-block-columns is-layout-flex wp-container-core-columns-is-layout-9d6595d7 wp-block-columns-is-layout-flex\">\n<div class=\"wp-block-column is-layout-flow wp-block-column-is-layout-flow\">\n<p><a href=\"\/membres\/cctours\/tours.php?lieu=Propriano&amp;an=2019&amp;id=R1\"><strong>R1-Le Sartenais<\/strong><\/a> :<\/p>\n\n\n\n<p>Un parcours printanier \u00e0 \u00e9chelle humaine dans l\u2019arri\u00e8re pays de Sart\u00e8ne. Plusieurs allers-retours permettent de rejoindre les cols et traversent les hauts quartiers de Sart\u00e8ne avec vues plongeantes sur le Golfe de Propriano.<\/p>\n\n\n\n<p>Il y a bien quelques cols \u00e0 proximit\u00e9 mais ils sont pr\u00e9vus sur le Parcours R2. On peut toutefois ajouter un petit aller-retour de 3 km vers le <strong>Spin\u2019a cavallu<\/strong>, histoire de voir le ph\u00e9nom\u00e8ne qui r\u00e9siste \u00e0 toute les crues du Rizzan\u00e8se alors que s\u2019\u00e9croulent les ponts plus r\u00e9cents !<\/p>\n<\/div>\n\n\n\n<div class=\"wp-block-column is-layout-flow wp-block-column-is-layout-flow\"><div class=\"wp-block-image wp-image-33847\">\n<figure class=\"alignright size-full\"><a href=\"https:\/\/centcols.org\/wp-content\/uploads\/2018\/10\/Image6.jpg\"><img loading=\"lazy\" decoding=\"async\" width=\"500\" height=\"260\" src=\"https:\/\/centcols.org\/wp-content\/uploads\/2018\/10\/Image6.jpg\" alt=\"\" class=\"wp-image-86019\"\/><\/a><figcaption class=\"wp-element-caption\">Sart\u00e8ne et le Golfe de Propriano. Photo N&amp;B Giraudeau.<\/figcaption><\/figure>\n<\/div><\/div>\n<\/div>\n\n\n\n<div class=\"wp-block-columns is-layout-flex wp-container-core-columns-is-layout-9d6595d7 wp-block-columns-is-layout-flex\">\n<div class=\"wp-block-column is-layout-flow wp-block-column-is-layout-flow\"><div class=\"wp-block-image wp-image-33925\">\n<figure class=\"alignleft size-full\"><a href=\"https:\/\/centcols.org\/wp-content\/uploads\/2018\/10\/NIK_2348r.jpg\"><img loading=\"lazy\" decoding=\"async\" width=\"500\" height=\"332\" src=\"https:\/\/centcols.org\/wp-content\/uploads\/2018\/10\/NIK_2348r.jpg\" alt=\"\" class=\"wp-image-86020\"\/><\/a><figcaption class=\"wp-element-caption\">M\u00e9galithes de Cauria. Photo Ch Labour<\/figcaption><\/figure>\n<\/div><\/div>\n\n\n\n<div class=\"wp-block-column is-layout-flow wp-block-column-is-layout-flow\">\n<div style=\"height:40px\" aria-hidden=\"true\" class=\"wp-block-spacer\"><\/div>\n\n\n\n<p><a href=\"\/membres\/cctours\/tours.php?lieu=Propriano&amp;an=2019&amp;id=R2b\"><strong>R2-La rive sud du Golfe de Propriano<\/strong><\/a> :<\/p>\n\n\n\n<p>C\u2019est aussi un petit parcours sympathique qui permet de rejoindre \u00e9galement Sart\u00e8ne par un chemin d\u00e9tourn\u00e9 et nanti de quelques cols. Le retour vers Propriano se fera sur une route beaucoup plus fr\u00e9quent\u00e9e mais en descente. <strong>Prudence<\/strong> ! Une variante en direction des rivages de Tizzano permet l\u2019acc\u00e8s \u00e0 deux cols suppl\u00e9mentaires mais aussi aux <strong>M\u00e9galithes de Cauria<\/strong> (alignements de statues-menhirs et dolmens).<\/p>\n<\/div>\n<\/div>\n\n\n\n<p><a href=\"\/membres\/cctours\/tours.php?lieu=Propriano&amp;an=2019&amp;id=R3\"><strong>R3-L\u2019Ornano<\/strong><\/a> : Parcours un peu plus long mais bien pourvu en cols. Il alterne mer et montagne et permet quelques belles perspectives sur les deux golfes mitoyens d\u2019Ajaccio et de Propriano. Les routes sont peu circulantes et traversent quelques villages de montagne.<\/p>\n\n\n\n<div class=\"wp-block-columns is-layout-flex wp-container-core-columns-is-layout-9d6595d7 wp-block-columns-is-layout-flex\">\n<div class=\"wp-block-column is-layout-flow wp-block-column-is-layout-flow\">\n<p><a href=\"\/membres\/cctours\/tours.php?lieu=Propriano&amp;an=2019&amp;id=R4\"><strong>R4-Le Col de la Vaccia<\/strong><\/a> :&nbsp;<\/p>\n\n\n\n<p>Celui-ci est un parcours de montagne et de for\u00eats pour rejoindre deux cols renomm\u00e9s de Corse. Deux belles mont\u00e9es et une longue descente en dent de scie toutefois forment le profil de cette \u00e9tape.<\/p>\n\n\n\n<p><a href=\"\/membres\/cctours\/tours.php?lieu=Propriano&amp;an=2019&amp;id=R5\"><strong>R5-Filitosa et le Vijanu<\/strong><\/a> : Deux grosses bosses forment le profil de cet itin\u00e9raire entre mer, montagne, plaines agricoles ou viticoles et for\u00eats. <strong>Filitosa<\/strong>, site majeur pr\u00e9historique de Corse, o\u00f9 s\u2019alignent les statues-menhirs est tout proche du circuit. Cet itin\u00e9raire peut faire l\u2019objet de deux parcours distincts. L\u2019un, le plus \u00e0 l\u2019ouest, dans le sens horaire et le second , le plus \u00e0 l\u2019est, dans le sens anti-horaire. <strong>Bocca di a Coppia (2A-0333b)<\/strong> se trouve sur la D157a au dessus de Abbartello et offre une vue unique sur le Golfe du Valinco.<\/p>\n<\/div>\n\n\n\n<div class=\"wp-block-column is-layout-flow wp-block-column-is-layout-flow\"><div class=\"wp-block-image wp-image-33851\">\n<figure class=\"alignright size-full\"><a href=\"https:\/\/centcols.org\/wp-content\/uploads\/2018\/10\/Image8.jpg\"><img loading=\"lazy\" decoding=\"async\" width=\"500\" height=\"380\" src=\"https:\/\/centcols.org\/wp-content\/uploads\/2018\/10\/Image8.jpg\" alt=\"\" class=\"wp-image-86035\"\/><\/a><figcaption class=\"wp-element-caption\">Foce FR-2A-0437. Photo N&amp;B Giraudeau.<\/figcaption><\/figure>\n<\/div><\/div>\n<\/div>\n\n\n\n<p><strong><a href=\"\/membres\/cctours\/tours.php?lieu=Propriano&amp;an=2019&amp;id=R6\">R6-Les hauts cols de l\u2019Alta Rocca<\/a> : <\/strong>Les trois plus hauts cols du s\u00e9jour sont r\u00e9unis dans ce parcours : <strong>Bocca di Chiesola (2A-1422), Bocca di e Croci (2A-1523) <\/strong>et le tr\u00e8s pl\u00e9biscit\u00e9 <strong>Col de Bavella (2A-1218). <\/strong>Ce dernier, gravi sous la pluie, le vent et le froid lors du s\u00e9jour de 2016 ne peut qu\u2019offrir un meilleur accueil. San-Gavinu-di-Carbini, notre point de d\u00e9part est compos\u00e9 de nombreux hameaux r\u00e9partis entre la montagne et la plaine c\u00f4ti\u00e8re \u00e9loign\u00e9e de plus de 40 km mais intimement li\u00e9s par plusieurs si\u00e8cles de transhumances.<\/p>\n\n\n\n<p><a href=\"\/membres\/cctours\/tours.php?lieu=Propriano&amp;an=2019&amp;id=R7\"><strong>R7-Le Grand sud<\/strong><\/a> : C\u2019est exactement le m\u00eame itin\u00e9raire que le R4 de Ghisonaccia en 2016 mais depuis un autre point de d\u00e9part plus \u00e0 l\u2019ouest et beaucoup plus agr\u00e9able. La circulation automobile sera peut \u00eatre assez dense sur la T40 vers Bonifacio et sur la T10 vers Porto-Vecchio. Prudence donc ! Et pour ceux qui ont envie d\u2019aventures hors cadre,quelques possibilit\u00e9s sont propos\u00e9es dans le livret.<\/p>\n\n\n\n<div class=\"wp-block-columns is-layout-flex wp-container-core-columns-is-layout-9d6595d7 wp-block-columns-is-layout-flex\">\n<div class=\"wp-block-column is-layout-flow wp-block-column-is-layout-flow\">\n<p><a href=\"\/membres\/cctours\/tours.php?lieu=Propriano&amp;an=2019&amp;id=R8\"><strong>R8-Les villages de l\u2019Alta Rocca<\/strong><\/a> : les villages ou les hameaux s\u2019\u00e9chelonnent le long de ce parcours comme un collier de perles, au sens propre du terme. Situ\u00e9 en plein c\u0153ur de la Corse m\u00e9ridionale, cet ensemble de communes s\u2019adosse au contreforts des hauts massifs du cha\u00eenon central en une vaste conque ouverte vers le Golfe du Valinco par la vall\u00e9e unique du Fiumicicoli et du Rizzanese.&nbsp;En dehors de cette \u00e9chapp\u00e9e, les autres rares passages sont des cols. Cet itin\u00e9raire peut \u00eatre divis\u00e9 en deux parties homog\u00e8nes en distance et en nombre de cols.<\/p>\n\n\n\n<p><strong><a href=\"\/membres\/cctours\/tours.php?lieu=Propriano&amp;an=2019&amp;genre=V\">Circuits VTT<\/a> :<\/strong><\/p>\n\n\n\n<p><a href=\"\/membres\/cctours\/tours.php?lieu=Propriano&amp;an=2019&amp;id=V1\"><strong>V1: La vall\u00e9e du Taravo<\/strong><\/a>. Cet itin\u00e9raire ne pr\u00e9sente pas de difficult\u00e9s particuli\u00e8res sauf dans le secteur de <strong>Bocca di Feliciolu (2A-0715a)<\/strong> o\u00f9 les sentiers sont des sentes \u00e0 ch\u00e8vres, mais sans v\u00e9g\u00e9tation agressive et sur une distance de 180 m environ.<\/p>\n<\/div>\n\n\n\n<div class=\"wp-block-column is-layout-flow wp-block-column-is-layout-flow\"><div class=\"wp-block-image wp-image-33863\">\n<figure class=\"alignright size-full\"><img loading=\"lazy\" decoding=\"async\" width=\"500\" height=\"386\" src=\"https:\/\/centcols.org\/wp-content\/uploads\/2018\/10\/Image15.jpg\" alt=\"\" class=\"wp-image-86037\"\/><figcaption class=\"wp-element-caption\">Moulin \u00e0 Serra-di-Scopam\u00e8ne. Photo N&amp;B Giraudeau.<\/figcaption><\/figure>\n<\/div><\/div>\n<\/div>\n\n\n\n<p><a href=\"\/membres\/cctours\/tours.php?lieu=Propriano&amp;an=2019&amp;id=V2\"><strong>V2: La for\u00eat de Saint-Eustache<\/strong><\/a>.<\/p>\n\n\n\n<figure class=\"wp-block-gallery has-nested-images columns-default is-cropped wp-block-gallery-2 is-layout-flex wp-block-gallery-is-layout-flex\">\n<figure class=\"wp-block-image size-full\"><a href=\"https:\/\/centcols.org\/wp-content\/uploads\/2018\/10\/Image18.jpg\"><img loading=\"lazy\" decoding=\"async\" width=\"1050\" height=\"679\" data-id=\"86021\" src=\"https:\/\/centcols.org\/wp-content\/uploads\/2018\/10\/Image18.jpg\" alt=\"\" class=\"wp-image-86021\" srcset=\"https:\/\/centcols.org\/wp-content\/uploads\/2018\/10\/Image18.jpg 1050w, https:\/\/centcols.org\/wp-content\/uploads\/2018\/10\/Image18-768x497.jpg 768w\" sizes=\"auto, (max-width: 1050px) 100vw, 1050px\" \/><\/a><figcaption class=\"wp-element-caption\">Au col de Saint Eustache. Photo N&amp;B Giraudeau.<\/figcaption><\/figure>\n\n\n\n<figure class=\"wp-block-image size-full\"><a href=\"https:\/\/centcols.org\/wp-content\/uploads\/2018\/10\/Image19.jpg\"><img loading=\"lazy\" decoding=\"async\" width=\"611\" height=\"460\" data-id=\"86022\" src=\"https:\/\/centcols.org\/wp-content\/uploads\/2018\/10\/Image19.jpg\" alt=\"\" class=\"wp-image-86022\"\/><\/a><figcaption class=\"wp-element-caption\">Au col de Saint Eustache. Photo N&amp;B Giraudeau.<\/figcaption><\/figure>\n<\/figure>\n\n\n\n<p>Ou du moins ce qu\u2019il en reste car elle a brul\u00e9 deux fois en 40 ans. Le dernier incendie date de 2009 et il a parcouru 6 000 ha. Le printemps suivant, ce sont plusieurs tonnes de morilles qui y ont \u00e9t\u00e9 cueillies. Un peu de marche \u00e0 pied sur ce parcours mais sans difficult\u00e9s majeures ou longues.<\/p>\n\n\n\n<div class=\"wp-block-columns is-layout-flex wp-container-core-columns-is-layout-9d6595d7 wp-block-columns-is-layout-flex\">\n<div class=\"wp-block-column is-layout-flow wp-block-column-is-layout-flow\">\n<p><a href=\"\/membres\/cctours\/tours.php?lieu=Propriano&amp;an=2019&amp;id=V3\"><strong>V3: La haute vall\u00e9e de l\u2019Ortolo<\/strong><\/a>.<\/p>\n\n\n\n<p>4 cols muletiers sur ce parcours et 6 cols routiers. Ce circuit est long mais peut se r\u00e9duire en \u00e9vitant un ou plusieurs allers-retours vers certains cols.<br>L\u2019acc\u00e8s \u00e0 <strong>Bocca di Prunettu (2A-0572)<\/strong> est referm\u00e9 par une v\u00e9g\u00e9tation \u00e9pineuse dans sa partie moyenne. Cuissard long et grosses chaussettes conseill\u00e9s !<\/p>\n\n\n\n<p><strong><a href=\"\/membres\/cctours\/tours.php?lieu=Propriano&amp;an=2019&amp;id=V4\">V4: Le Grand sud<\/a>.<\/strong> La r\u00e9gion poss\u00e8de de nombreux cols mais &#8230;. parfois cach\u00e9s dans le maquis, ce qui alt\u00e8re nettement le plaisir de la conqu\u00eate tout de m\u00eame. De plus les chemins sont souvent d\u00e9grad\u00e9s. L\u2019acc\u00e8s \u00e0 Bocca di a Pila (2A-130) nous est autoris\u00e9 par le propri\u00e9taire qui r\u00e9side juste en dessous du col. Parcours assez exigeant. Demeurent tout de m\u00eame les vues depuis&nbsp;<strong>Bocca di Acqua Veschi<\/strong>, col muletier, et celle de <strong>Bocca di Roccapina<\/strong>, col routier. Et surtout cette belle vall\u00e9e quasi inhabit\u00e9e de l\u2019Ortolo.<\/p>\n<\/div>\n\n\n\n<div class=\"wp-block-column is-layout-flow wp-block-column-is-layout-flow\"><div class=\"wp-block-image wp-image-33873\">\n<figure class=\"alignleft size-full\"><a href=\"https:\/\/centcols.org\/wp-content\/uploads\/2018\/10\/Image20.jpg\"><img loading=\"lazy\" decoding=\"async\" width=\"500\" height=\"375\" src=\"https:\/\/centcols.org\/wp-content\/uploads\/2018\/10\/Image20.jpg\" alt=\"\" class=\"wp-image-86023\"\/><\/a><figcaption class=\"wp-element-caption\">Chemin et boules de granit moussues sur le circuit de l&rsquo;Ortolo<\/figcaption><\/figure>\n<\/div><\/div>\n<\/div>\n\n\n\n<p><a href=\"\/membres\/cctours\/tours.php?lieu=Propriano&amp;an=2019&amp;id=V5\"><strong>V5: L\u2019Ornano<\/strong><\/a>. C\u2019est un itin\u00e9raire roulant avec, tout de m\u00eame, quelques rares mauvaises surprises.<\/p>\n\n\n<div class=\"wp-block-image size-medium wp-image-33875\">\n<figure class=\"aligncenter size-full\"><a href=\"https:\/\/centcols.org\/wp-content\/uploads\/2018\/10\/Image21.jpg\"><img loading=\"lazy\" decoding=\"async\" width=\"500\" height=\"348\" src=\"https:\/\/centcols.org\/wp-content\/uploads\/2018\/10\/Image21.jpg\" alt=\"\" class=\"wp-image-86024\"\/><\/a><figcaption class=\"wp-element-caption\">Lauriers sur le circuit de l&rsquo;Ornano<\/figcaption><\/figure>\n<\/div>\n\n\n<p><a href=\"\/membres\/cctours\/tours.php?lieu=Propriano&amp;an=2019&amp;id=V8\"><strong>V8: Le Sartenais<\/strong><\/a>. Il y a beaucoup de route et les cols situ\u00e9s sur l\u2019itin\u00e9raire se font sur le v\u00e9lo. Certains peuvent \u00eatre tent\u00e9s par des cols hors parcours : entre propri\u00e9t\u00e9s priv\u00e9es (en tous cas signalis\u00e9es comme telles), barri\u00e8res, villageoise acari\u00e2tre et maquis infranchissable, la partie sera tr\u00e8s compliqu\u00e9e.<\/p>\n\n\n\n<p><a href=\"\/membres\/cctours\/tours.php?lieu=Propriano&amp;an=2019&amp;id=V6\"><strong>V6: L\u2019Ospedale<\/strong><\/a> La seule grosse difficult\u00e9s de ce parcours est la descente entre le Col de Mela et Carbini, qui se fait \u00e0 pied \u00e0 50%. Le massif de l\u2019Ospedale m\u00e9rite bien une visite !<\/p>\n\n\n\n<p><a href=\"\/membres\/cctours\/tours.php?lieu=Propriano&amp;an=2019&amp;id=V7\"><strong>V7: L\u2019Alta Rocca<\/strong><\/a> Enfin un itin\u00e9raire court et riche en cols. Au printemps 2017, les sentiers \u00e9taient grand ouverts car tout r\u00e9cemment \u00ab\u00a0d\u00e9maquis\u00e9s\u00a0\u00bb. Comment seront-ils au printemps 2019? Et pas un seul col interdit par le maquis ou par une pancarte \u00ab Propri\u00e9t\u00e9 priv\u00e9e \u00bb. Un peu de poussage et de portage est \u00e0 pr\u00e9voir tout de m\u00eame sur ce parcours.<\/p>\n\n\n\n<h2 class=\"wp-block-heading\">H\u00e9bergement<\/h2>\n\n\n\n<div class=\"wp-block-columns is-layout-flex wp-container-core-columns-is-layout-9d6595d7 wp-block-columns-is-layout-flex\">\n<div class=\"wp-block-column is-layout-flow wp-block-column-is-layout-flow\" style=\"flex-basis:66.66%\">\n<p>Nous serons h\u00e9berg\u00e9s \u00e0 l&rsquo;<strong>h\u00f4tel Arena Blanca,<\/strong>&nbsp;(groupe Belambra). Il s&rsquo;agit d&rsquo;un h\u00f4tel 3*, dont nous occuperons l&rsquo;essentiel des chambres. Nous aurons un service h\u00f4telier (draps et serviettes fournies).<\/p>\n\n\n<div class=\"wp-block-image\">\n<figure class=\"aligncenter size-full\"><a href=\"https:\/\/centcols.org\/wp-content\/uploads\/2018\/10\/Image3r.jpg\"><img loading=\"lazy\" decoding=\"async\" width=\"500\" height=\"278\" src=\"https:\/\/centcols.org\/wp-content\/uploads\/2018\/10\/Image3r.jpg\" alt=\"\" class=\"wp-image-86025\"\/><\/a><\/figure>\n<\/div><\/div>\n\n\n\n<div class=\"wp-block-column is-layout-flow wp-block-column-is-layout-flow\" style=\"flex-basis:33.33%\">\n<h2 class=\"wp-block-heading\">Note du Conseil d&rsquo;Administration<\/h2>\n\n\n\n<p>Si vous prenez en charge votre h\u00e9bergement ailleurs qu&rsquo;au village de vacances, merci malgr\u00e9 tout de nous pr\u00e9venir de votre participation au s\u00e9jour, et ceci pour 3 raisons:<\/p>\n\n\n\n<ol class=\"wp-block-list\">\n<li>Pour pouvoir dimensionner correctement les \u00e9v\u00e9nements en commun (s\u00e9ances d&rsquo;informations, pots d&rsquo;accueil et de d\u00e9part).<\/li>\n\n\n\n<li>Pour pouvoir pr\u00e9voir une r\u00e9partition en plusieurs groupes sur les parcours afin d&rsquo;am\u00e9liorer la s\u00e9curit\u00e9 de chacun.<\/li>\n\n\n\n<li>Pour une meilleure appr\u00e9hension de tous les impr\u00e9vus par les organisateurs.<\/li>\n<\/ol>\n<\/div>\n<\/div>\n\n\n\n<p>Selon le directeur de l&rsquo;h\u00f4tel, c&rsquo;est <em>un endroit magique avec une vue panoramique sur le Golfe de Valinco et un acc\u00e9s direct \u00e0 la plage. Au calme mais avec l&rsquo;animation de Propriano \u00e0 800m. Lieu de d\u00e9part id\u00e9al pour d\u00e9couvrir la Corse du Sud<\/em>. Il dispose d&rsquo;un restaurant avec terrasse couverte et vue panoramique donnant sur la mer et le golfe de Valinco.&nbsp;Les chambres sont r\u00e9parties sur deux b\u00e2timents. Le stockage des v\u00e9los sera multiple, ne pas h\u00e9siter \u00e0 emporter un cadenas.<\/p>\n\n\n\n<p><a href=\"http:\/\/www.belambra.fr\/club-propriano-arena-bianca\/ete\">Club Belambra \u00ab\u00a0Arena Bianca\u00a0\u00bb<\/a> ,&nbsp;Chemin des plages,&nbsp;&nbsp;20110 PROPRIANO. Tel :&nbsp;+33 4 95 76 06 01.<\/p>\n\n\n\n<p>Adresse mail :&nbsp;<a href=\"&#109;a&#x69;l&#x74;o&#x3a;c&#x6c;&#117;&#x62;&#46;&#x70;&#114;&#x6f;&#112;r&#105;a&#x6e;o&#x40;b&#x65;&#108;&#x61;&#109;&#x62;&#114;&#x61;&#46;&#x66;&#114;\">&#x63;&#x6c;&#117;b&#x2e;&#x70;&#x72;&#111;p&#x72;&#x69;&#x61;&#110;o&#x40;&#x62;&#x65;&#108;a&#x6d;&#x62;&#x72;&#97;&#46;&#x66;&#x72;<\/a><\/p>\n\n\n<div class=\"wp-block-image wp-image-33891\">\n<figure class=\"aligncenter size-full\"><a href=\"https:\/\/centcols.org\/wp-content\/uploads\/2018\/10\/Image29.jpg\"><img loading=\"lazy\" decoding=\"async\" width=\"500\" height=\"294\" src=\"https:\/\/centcols.org\/wp-content\/uploads\/2018\/10\/Image29.jpg\" alt=\"\" class=\"wp-image-86026\"\/><\/a><figcaption class=\"wp-element-caption\">La terrasse du bar<\/figcaption><\/figure>\n<\/div>\n\n\n<p>Pour ceux qui souhaitent se loger en <strong>camping ou camping-car<\/strong>, deux campings \u00e0 3 ou 4 km peuvent vous accueillir. Ils louent \u00e9galement des bungalows.<\/p>\n\n\n\n<p><a href=\"http:\/\/www.campingtikiti.com\/\"><strong>Camping TIKITI,<\/strong><\/a> Route d&rsquo;Ajaccio, 20110 PROPRIANO. Tel : +33 4 95 76 08 32<\/p>\n\n\n<div class=\"wp-block-image wp-image-33889\">\n<figure class=\"aligncenter size-full\"><a href=\"https:\/\/centcols.org\/wp-content\/uploads\/2018\/10\/Image28.jpg\"><img loading=\"lazy\" decoding=\"async\" width=\"307\" height=\"218\" src=\"https:\/\/centcols.org\/wp-content\/uploads\/2018\/10\/Image28.jpg\" alt=\"\" class=\"wp-image-86027\"\/><\/a><figcaption class=\"wp-element-caption\">Camping Tikiti<\/figcaption><\/figure>\n<\/div>\n\n\n<p>Le Camping Tikiti propose une<a href=\"http:\/\/www.campingtikiti.com\/100cols\/\"> tarification sp\u00e9cifique au Club des Cent Cols<\/a>, disponible \u00e0 partir du 1er novembre 2018.<\/p>\n\n\n\n<p><a href=\"https:\/\/www.camping-milella.com\/\"><strong>Camping MILELLA<\/strong><\/a>, route Baracci, 20110 VIGGIANELLO. Tel : +33 4 95 76 27 27<\/p>\n\n\n<div class=\"wp-block-image wp-image-33887\">\n<figure class=\"aligncenter size-full\"><a href=\"https:\/\/centcols.org\/wp-content\/uploads\/2018\/10\/Image27.jpg\"><img loading=\"lazy\" decoding=\"async\" width=\"500\" height=\"320\" src=\"https:\/\/centcols.org\/wp-content\/uploads\/2018\/10\/Image27.jpg\" alt=\"\" class=\"wp-image-86028\"\/><\/a><figcaption class=\"wp-element-caption\">Camping Milela<\/figcaption><\/figure>\n<\/div>\n\n\n<h2 class=\"wp-block-heading\">Inscriptions<\/h2>\n\n\n\n<p>Pour vous inscrire, t\u00e9l\u00e9chargez le bulletin d\u2019inscription PDF avec le lien ci-dessous et suivez les instructions qui s\u2019y trouvent. La date limite de r\u00e9ception des inscriptions a \u00e9t\u00e9 fix\u00e9e au 31 d\u00e9cembre 2018.<\/p>\n\n\n\n<p>T\u00e9l\u00e9charger le bulletin :<\/p>\n\n\n\n<p>Bulletin d&rsquo;Inscription Propriano<\/p>\n\n\n\n<p>Propriano booking form<\/p>\n\n\n\n<p>Modulo d&rsquo;iscrizione Propriano<\/p>\n\n\n\n<p>Vous pouvez feuilleter<a href=\"https:\/\/centcols.org\/wp-content\/uploads\/2025\/08\/Livret-Propriano-7-reduit.pdf\" target=\"_blank\" rel=\"noreferrer noopener\"><strong>ici<\/strong> l<strong>e livret<\/strong><\/a> qui sera distribu\u00e9 lors du s\u00e9jour et qui contient, outre les messages de bienvenue, des informations sur la r\u00e9gion et sur l&rsquo;acc\u00e8s, des \u00e9l\u00e9ments sur la s\u00e9curit\u00e9 et le descriptif d\u00e9taill\u00e9 des circuits.<\/p>\n\n\n<div class=\"wp-block-image wp-image-33929\">\n<figure class=\"aligncenter size-full\"><img loading=\"lazy\" decoding=\"async\" width=\"498\" height=\"500\" src=\"https:\/\/centcols.org\/wp-content\/uploads\/2018\/10\/Carte-Corse-sud.jpg\" alt=\"\" class=\"wp-image-86030\" srcset=\"https:\/\/centcols.org\/wp-content\/uploads\/2018\/10\/Carte-Corse-sud.jpg 498w, https:\/\/centcols.org\/wp-content\/uploads\/2018\/10\/Carte-Corse-sud-150x150.jpg 150w\" sizes=\"auto, (max-width: 498px) 100vw, 498px\" \/><figcaption class=\"wp-element-caption\">Carte du sud de la Corse<\/figcaption><\/figure>\n<\/div>\n\n\n<p>[osm_map_v3 map_center=\u00a0\u00bb41.6725,8.8916&Prime; zoom=\u00a0\u00bb15.0&Prime; width=\u00a0\u00bb95%\u00a0\u00bb height=\u00a0\u00bb450&Prime; post_markers=\u00a0\u00bb1&Prime; control=\u00a0\u00bbfullscreen,scaleline,mouseposition,overview\u00a0\u00bb]<\/p>\n\n\n\n<h2 class=\"wp-block-heading\">Autres activit\u00e9s ou visites<\/h2>\n\n\n\n<p>Le Club Belambra proposera des activit\u00e9s pour les accompagnants.<\/p>\n\n\n\n<p>Vous pouvez trouver beaucoup de propositions \u00e0 l&rsquo;<a href=\"http:\/\/www.lacorsedesorigines.com\/\">Office du Tourisme de Sart\u00e8ne-Propriano<\/a>.<\/p>\n\n\n\n<p>Et puis, voici quelques id\u00e9es.<\/p>\n\n\n\n<p><strong><u>A d\u00e9couvrir dans le Sartenais-Valinco-Taravo :<\/u><\/strong><\/p>\n\n\n\n<p><strong>La Corse des origines\u2028<\/strong><\/p>\n\n\n\n<ul class=\"wp-block-list\">\n<li>Les alignements et m\u00e9galithes de Cauria et Stantari<\/li>\n\n\n\n<li>Le site de Filitosa<\/li>\n\n\n\n<li>Cucuruzzu et le mus\u00e9e de Levie<\/li>\n<\/ul>\n\n\n\n<p><strong>Les villages de l\u2019Alta Rocca<\/strong><\/p>\n\n\n\n<ul class=\"wp-block-list\">\n<li>Sainte-Lucie-de-Tallano<\/li>\n\n\n\n<li>Levie<\/li>\n<\/ul>\n\n\n\n<p><strong>Les stations baln\u00e9aires<\/strong><\/p>\n\n\n\n<ul class=\"wp-block-list\">\n<li>Campomoro<\/li>\n\n\n\n<li>Propriano<\/li>\n\n\n\n<li>Porto-Pollo<\/li>\n<\/ul>\n\n\n\n<p><strong>Les Bains de Baracci et de Tacana<\/strong><\/p>\n\n\n\n<p><strong>La ville de Sart\u00e8ne<\/strong><\/p>\n\n\n\n<ul class=\"wp-block-list\">\n<li>Ruelles<\/li>\n\n\n\n<li>Mus\u00e9e<\/li>\n<\/ul>\n\n\n\n<p><strong>Ballades en bateau\u2028<\/strong><\/p>\n\n\n\n<ul class=\"wp-block-list\">\n<li>Vers la baie des barbaresques<\/li>\n<\/ul>\n\n\n\n<p><strong>Les nombreux sentiers de d\u00e9couverte<\/strong><\/p>\n\n\n\n<p><strong>Les vignobles du Sartenais\u2028<\/strong><\/p>\n\n\n\n<p><strong>Etc.<\/strong><\/p>\n","protected":false},"excerpt":{"rendered":"<p>Ont contribu\u00e9 \u00e0 cette page de pr\u00e9sentation du s\u00e9jour Nadine et Bernard Giraudeau, les responsables informatique et s\u00e9jours. Apr\u00e8s trois s\u00e9jours tout \u00e0 fait r\u00e9ussis et qui ont s\u00e9duit un grand nombre de nos membres, Nadine et Bernard Giraudeau nous proposent de passer une semaine sur la c\u00f4te sud ouest de l&rsquo;Ile de Beaut\u00e9. Propriano [&hellip;]<\/p>\n","protected":false},"author":3,"featured_media":82031,"comment_status":"closed","ping_status":"open","sticky":false,"template":"","format":"standard","meta":{"_acf_changed":false,"footnotes":""},"categories":[349,368,366,399,135,231],"tags":[],"class_list":["post-82030","post","type-post","status-publish","format-standard","has-post-thumbnail","hentry","category-france-pays-sejours","category-corse-region-sejours","category-20-corse","category-corse-massif-sejours","category-calendrier","category-sejours"],"acf":[],"yoast_head":"<!-- This site is optimized with the Yoast SEO plugin v27.2 - https:\/\/yoast.com\/product\/yoast-seo-wordpress\/ -->\n<title>S\u00e9jour de printemps \u00e0 Propriano 11 au 18 mai 2019 - Club des Cent Cols<\/title>\n<meta name=\"robots\" content=\"index, follow, max-snippet:-1, max-image-preview:large, max-video-preview:-1\" \/>\n<link rel=\"canonical\" href=\"https:\/\/centcols.org\/de\/aufenthalt-2019-propriano\/\" \/>\n<meta property=\"og:locale\" content=\"de_DE\" \/>\n<meta property=\"og:type\" content=\"article\" \/>\n<meta property=\"og:title\" content=\"S\u00e9jour de printemps \u00e0 Propriano 11 au 18 mai 2019 - Club des Cent Cols\" \/>\n<meta property=\"og:description\" content=\"Ont contribu\u00e9 \u00e0 cette page de pr\u00e9sentation du s\u00e9jour Nadine et Bernard Giraudeau, les responsables informatique et s\u00e9jours. Apr\u00e8s trois s\u00e9jours tout \u00e0 fait r\u00e9ussis et qui ont s\u00e9duit un grand nombre de nos membres, Nadine et Bernard Giraudeau nous proposent de passer une semaine sur la c\u00f4te sud ouest de l&rsquo;Ile de Beaut\u00e9. Propriano [&hellip;]\" \/>\n<meta property=\"og:url\" content=\"https:\/\/centcols.org\/de\/aufenthalt-2019-propriano\/\" \/>\n<meta property=\"og:site_name\" content=\"Club des Cent Cols\" \/>\n<meta property=\"article:publisher\" content=\"https:\/\/www.facebook.com\/groups\/5261880558\/?locale=fr_FR\" \/>\n<meta property=\"article:published_time\" content=\"2018-10-10T03:11:43+00:00\" \/>\n<meta property=\"article:modified_time\" content=\"2025-08-26T14:03:28+00:00\" \/>\n<meta property=\"og:image\" content=\"https:\/\/centcols.org\/wp-content\/uploads\/2025\/05\/Image2.jpg\" \/>\n\t<meta property=\"og:image:width\" content=\"1545\" \/>\n\t<meta property=\"og:image:height\" content=\"1024\" \/>\n\t<meta property=\"og:image:type\" content=\"image\/jpeg\" \/>\n<meta name=\"author\" content=\"Webmestre\" \/>\n<meta name=\"twitter:card\" content=\"summary_large_image\" \/>\n<meta name=\"twitter:label1\" content=\"Verfasst von\" \/>\n\t<meta name=\"twitter:data1\" content=\"Webmestre\" \/>\n\t<meta name=\"twitter:label2\" content=\"Gesch\u00e4tzte Lesezeit\" \/>\n\t<meta name=\"twitter:data2\" content=\"17\u00a0Minuten\" \/>\n<script type=\"application\/ld+json\" class=\"yoast-schema-graph\">{\"@context\":\"https:\/\/schema.org\",\"@graph\":[{\"@type\":\"Article\",\"@id\":\"https:\/\/centcols.org\/sejour-2019-propriano\/#article\",\"isPartOf\":{\"@id\":\"https:\/\/centcols.org\/sejour-2019-propriano\/\"},\"author\":{\"name\":\"Webmestre\",\"@id\":\"https:\/\/centcols.org\/#\/schema\/person\/911b404fb133d8c913dd27cdcf71c8e5\"},\"headline\":\"S\u00e9jour de printemps \u00e0 Propriano 11 au 18 mai 2019\",\"datePublished\":\"2018-10-10T03:11:43+00:00\",\"dateModified\":\"2025-08-26T14:03:28+00:00\",\"mainEntityOfPage\":{\"@id\":\"https:\/\/centcols.org\/sejour-2019-propriano\/\"},\"wordCount\":2812,\"publisher\":{\"@id\":\"https:\/\/centcols.org\/#organization\"},\"image\":{\"@id\":\"https:\/\/centcols.org\/sejour-2019-propriano\/#primaryimage\"},\"thumbnailUrl\":\"https:\/\/centcols.org\/wp-content\/uploads\/2025\/05\/Image2.jpg\",\"articleSection\":[\"France\",\"Corse\",\"20-Corse\",\"Corse\",\"Calendrier\",\"S\u00e9jours du Club des Cent Cols\"],\"inLanguage\":\"de\"},{\"@type\":\"WebPage\",\"@id\":\"https:\/\/centcols.org\/sejour-2019-propriano\/\",\"url\":\"https:\/\/centcols.org\/sejour-2019-propriano\/\",\"name\":\"S\u00e9jour de printemps \u00e0 Propriano 11 au 18 mai 2019 - Club des Cent Cols\",\"isPartOf\":{\"@id\":\"https:\/\/centcols.org\/#website\"},\"primaryImageOfPage\":{\"@id\":\"https:\/\/centcols.org\/sejour-2019-propriano\/#primaryimage\"},\"image\":{\"@id\":\"https:\/\/centcols.org\/sejour-2019-propriano\/#primaryimage\"},\"thumbnailUrl\":\"https:\/\/centcols.org\/wp-content\/uploads\/2025\/05\/Image2.jpg\",\"datePublished\":\"2018-10-10T03:11:43+00:00\",\"dateModified\":\"2025-08-26T14:03:28+00:00\",\"breadcrumb\":{\"@id\":\"https:\/\/centcols.org\/sejour-2019-propriano\/#breadcrumb\"},\"inLanguage\":\"de\",\"potentialAction\":[{\"@type\":\"ReadAction\",\"target\":[\"https:\/\/centcols.org\/sejour-2019-propriano\/\"]}]},{\"@type\":\"ImageObject\",\"inLanguage\":\"de\",\"@id\":\"https:\/\/centcols.org\/sejour-2019-propriano\/#primaryimage\",\"url\":\"https:\/\/centcols.org\/wp-content\/uploads\/2025\/05\/Image2.jpg\",\"contentUrl\":\"https:\/\/centcols.org\/wp-content\/uploads\/2025\/05\/Image2.jpg\",\"width\":1545,\"height\":1024},{\"@type\":\"BreadcrumbList\",\"@id\":\"https:\/\/centcols.org\/sejour-2019-propriano\/#breadcrumb\",\"itemListElement\":[{\"@type\":\"ListItem\",\"position\":1,\"name\":\"Accueil\",\"item\":\"https:\/\/centcols.org\/\"},{\"@type\":\"ListItem\",\"position\":2,\"name\":\"S\u00e9jours du Club des Cent Cols\",\"item\":\"https:\/\/centcols.org\/rubrique\/sejours\/\"},{\"@type\":\"ListItem\",\"position\":3,\"name\":\"Pays\",\"item\":\"https:\/\/centcols.org\/rubrique\/sejours\/pays-sejours\/\"},{\"@type\":\"ListItem\",\"position\":4,\"name\":\"France\",\"item\":\"https:\/\/centcols.org\/rubrique\/sejours\/pays-sejours\/france-pays-sejours\/\"},{\"@type\":\"ListItem\",\"position\":5,\"name\":\"S\u00e9jour de printemps \u00e0 Propriano 11 au 18 mai 2019\"}]},{\"@type\":\"WebSite\",\"@id\":\"https:\/\/centcols.org\/#website\",\"url\":\"https:\/\/centcols.org\/\",\"name\":\"Club des Cent Cols\",\"description\":\"\",\"publisher\":{\"@id\":\"https:\/\/centcols.org\/#organization\"},\"potentialAction\":[{\"@type\":\"SearchAction\",\"target\":{\"@type\":\"EntryPoint\",\"urlTemplate\":\"https:\/\/centcols.org\/?s={search_term_string}\"},\"query-input\":{\"@type\":\"PropertyValueSpecification\",\"valueRequired\":true,\"valueName\":\"search_term_string\"}}],\"inLanguage\":\"de\"},{\"@type\":\"Organization\",\"@id\":\"https:\/\/centcols.org\/#organization\",\"name\":\"Club des Cent Cols\",\"url\":\"https:\/\/centcols.org\/\",\"logo\":{\"@type\":\"ImageObject\",\"inLanguage\":\"de\",\"@id\":\"https:\/\/centcols.org\/#\/schema\/logo\/image\/\",\"url\":\"https:\/\/centcols.org\/wp-content\/uploads\/2025\/01\/carte-icone.png\",\"contentUrl\":\"https:\/\/centcols.org\/wp-content\/uploads\/2025\/01\/carte-icone.png\",\"width\":250,\"height\":250,\"caption\":\"Club des Cent Cols\"},\"image\":{\"@id\":\"https:\/\/centcols.org\/#\/schema\/logo\/image\/\"},\"sameAs\":[\"https:\/\/www.facebook.com\/groups\/5261880558\/?locale=fr_FR\"]},{\"@type\":\"Person\",\"@id\":\"https:\/\/centcols.org\/#\/schema\/person\/911b404fb133d8c913dd27cdcf71c8e5\",\"name\":\"Webmestre\",\"image\":{\"@type\":\"ImageObject\",\"inLanguage\":\"de\",\"@id\":\"https:\/\/centcols.org\/wp-content\/litespeed\/avatar\/2d246e4b6b4f773e08515e1ffc53690b.jpg?ver=1777222892\",\"url\":\"https:\/\/centcols.org\/wp-content\/litespeed\/avatar\/2d246e4b6b4f773e08515e1ffc53690b.jpg?ver=1777222892\",\"contentUrl\":\"https:\/\/centcols.org\/wp-content\/litespeed\/avatar\/2d246e4b6b4f773e08515e1ffc53690b.jpg?ver=1777222892\",\"caption\":\"Webmestre\"},\"url\":\"https:\/\/centcols.org\/de\/author\/webmestre\/\"}]}<\/script>\n<!-- \/ Yoast SEO plugin. -->","yoast_head_json":{"title":"Fr\u00fchlingsaufenthalt in Propriano 11. bis 18. Mai 2019 - Club des Cent Cols","robots":{"index":"index","follow":"follow","max-snippet":"max-snippet:-1","max-image-preview":"max-image-preview:large","max-video-preview":"max-video-preview:-1"},"canonical":"https:\/\/centcols.org\/de\/aufenthalt-2019-propriano\/","og_locale":"de_DE","og_type":"article","og_title":"S\u00e9jour de printemps \u00e0 Propriano 11 au 18 mai 2019 - Club des Cent Cols","og_description":"Ont contribu\u00e9 \u00e0 cette page de pr\u00e9sentation du s\u00e9jour Nadine et Bernard Giraudeau, les responsables informatique et s\u00e9jours. Apr\u00e8s trois s\u00e9jours tout \u00e0 fait r\u00e9ussis et qui ont s\u00e9duit un grand nombre de nos membres, Nadine et Bernard Giraudeau nous proposent de passer une semaine sur la c\u00f4te sud ouest de l&rsquo;Ile de Beaut\u00e9. Propriano [&hellip;]","og_url":"https:\/\/centcols.org\/de\/aufenthalt-2019-propriano\/","og_site_name":"Club des Cent Cols","article_publisher":"https:\/\/www.facebook.com\/groups\/5261880558\/?locale=fr_FR","article_published_time":"2018-10-10T03:11:43+00:00","article_modified_time":"2025-08-26T14:03:28+00:00","og_image":[{"width":1545,"height":1024,"url":"https:\/\/centcols.org\/wp-content\/uploads\/2025\/05\/Image2.jpg","type":"image\/jpeg"}],"author":"Webmestre","twitter_card":"summary_large_image","twitter_misc":{"Verfasst von":"Webmestre","Gesch\u00e4tzte Lesezeit":"17\u00a0Minuten"},"schema":{"@context":"https:\/\/schema.org","@graph":[{"@type":"Article","@id":"https:\/\/centcols.org\/sejour-2019-propriano\/#article","isPartOf":{"@id":"https:\/\/centcols.org\/sejour-2019-propriano\/"},"author":{"name":"Webmestre","@id":"https:\/\/centcols.org\/#\/schema\/person\/911b404fb133d8c913dd27cdcf71c8e5"},"headline":"S\u00e9jour de printemps \u00e0 Propriano 11 au 18 mai 2019","datePublished":"2018-10-10T03:11:43+00:00","dateModified":"2025-08-26T14:03:28+00:00","mainEntityOfPage":{"@id":"https:\/\/centcols.org\/sejour-2019-propriano\/"},"wordCount":2812,"publisher":{"@id":"https:\/\/centcols.org\/#organization"},"image":{"@id":"https:\/\/centcols.org\/sejour-2019-propriano\/#primaryimage"},"thumbnailUrl":"https:\/\/centcols.org\/wp-content\/uploads\/2025\/05\/Image2.jpg","articleSection":["France","Corse","20-Corse","Corse","Calendrier","S\u00e9jours du Club des Cent Cols"],"inLanguage":"de"},{"@type":"WebPage","@id":"https:\/\/centcols.org\/sejour-2019-propriano\/","url":"https:\/\/centcols.org\/sejour-2019-propriano\/","name":"Fr\u00fchlingsaufenthalt in Propriano 11. bis 18. Mai 2019 - Club des Cent Cols","isPartOf":{"@id":"https:\/\/centcols.org\/#website"},"primaryImageOfPage":{"@id":"https:\/\/centcols.org\/sejour-2019-propriano\/#primaryimage"},"image":{"@id":"https:\/\/centcols.org\/sejour-2019-propriano\/#primaryimage"},"thumbnailUrl":"https:\/\/centcols.org\/wp-content\/uploads\/2025\/05\/Image2.jpg","datePublished":"2018-10-10T03:11:43+00:00","dateModified":"2025-08-26T14:03:28+00:00","breadcrumb":{"@id":"https:\/\/centcols.org\/sejour-2019-propriano\/#breadcrumb"},"inLanguage":"de","potentialAction":[{"@type":"ReadAction","target":["https:\/\/centcols.org\/sejour-2019-propriano\/"]}]},{"@type":"ImageObject","inLanguage":"de","@id":"https:\/\/centcols.org\/sejour-2019-propriano\/#primaryimage","url":"https:\/\/centcols.org\/wp-content\/uploads\/2025\/05\/Image2.jpg","contentUrl":"https:\/\/centcols.org\/wp-content\/uploads\/2025\/05\/Image2.jpg","width":1545,"height":1024},{"@type":"BreadcrumbList","@id":"https:\/\/centcols.org\/sejour-2019-propriano\/#breadcrumb","itemListElement":[{"@type":"ListItem","position":1,"name":"Accueil","item":"https:\/\/centcols.org\/"},{"@type":"ListItem","position":2,"name":"S\u00e9jours du Club des Cent Cols","item":"https:\/\/centcols.org\/rubrique\/sejours\/"},{"@type":"ListItem","position":3,"name":"Pays","item":"https:\/\/centcols.org\/rubrique\/sejours\/pays-sejours\/"},{"@type":"ListItem","position":4,"name":"France","item":"https:\/\/centcols.org\/rubrique\/sejours\/pays-sejours\/france-pays-sejours\/"},{"@type":"ListItem","position":5,"name":"S\u00e9jour de printemps \u00e0 Propriano 11 au 18 mai 2019"}]},{"@type":"WebSite","@id":"https:\/\/centcols.org\/#website","url":"https:\/\/centcols.org\/","name":"Club des Cent Cols","description":"","publisher":{"@id":"https:\/\/centcols.org\/#organization"},"potentialAction":[{"@type":"SearchAction","target":{"@type":"EntryPoint","urlTemplate":"https:\/\/centcols.org\/?s={search_term_string}"},"query-input":{"@type":"PropertyValueSpecification","valueRequired":true,"valueName":"search_term_string"}}],"inLanguage":"de"},{"@type":"Organization","@id":"https:\/\/centcols.org\/#organization","name":"Club des Cent Cols","url":"https:\/\/centcols.org\/","logo":{"@type":"ImageObject","inLanguage":"de","@id":"https:\/\/centcols.org\/#\/schema\/logo\/image\/","url":"https:\/\/centcols.org\/wp-content\/uploads\/2025\/01\/carte-icone.png","contentUrl":"https:\/\/centcols.org\/wp-content\/uploads\/2025\/01\/carte-icone.png","width":250,"height":250,"caption":"Club des Cent Cols"},"image":{"@id":"https:\/\/centcols.org\/#\/schema\/logo\/image\/"},"sameAs":["https:\/\/www.facebook.com\/groups\/5261880558\/?locale=fr_FR"]},{"@type":"Person","@id":"https:\/\/centcols.org\/#\/schema\/person\/911b404fb133d8c913dd27cdcf71c8e5","name":"Webmaster","image":{"@type":"ImageObject","inLanguage":"de","@id":"https:\/\/centcols.org\/wp-content\/litespeed\/avatar\/2d246e4b6b4f773e08515e1ffc53690b.jpg?ver=1777222892","url":"https:\/\/centcols.org\/wp-content\/litespeed\/avatar\/2d246e4b6b4f773e08515e1ffc53690b.jpg?ver=1777222892","contentUrl":"https:\/\/centcols.org\/wp-content\/litespeed\/avatar\/2d246e4b6b4f773e08515e1ffc53690b.jpg?ver=1777222892","caption":"Webmestre"},"url":"https:\/\/centcols.org\/de\/author\/webmestre\/"}]}},"_links":{"self":[{"href":"https:\/\/centcols.org\/de\/wp-json\/wp\/v2\/posts\/82030","targetHints":{"allow":["GET"]}}],"collection":[{"href":"https:\/\/centcols.org\/de\/wp-json\/wp\/v2\/posts"}],"about":[{"href":"https:\/\/centcols.org\/de\/wp-json\/wp\/v2\/types\/post"}],"author":[{"embeddable":true,"href":"https:\/\/centcols.org\/de\/wp-json\/wp\/v2\/users\/3"}],"replies":[{"embeddable":true,"href":"https:\/\/centcols.org\/de\/wp-json\/wp\/v2\/comments?post=82030"}],"version-history":[{"count":0,"href":"https:\/\/centcols.org\/de\/wp-json\/wp\/v2\/posts\/82030\/revisions"}],"wp:featuredmedia":[{"embeddable":true,"href":"https:\/\/centcols.org\/de\/wp-json\/wp\/v2\/media\/82031"}],"wp:attachment":[{"href":"https:\/\/centcols.org\/de\/wp-json\/wp\/v2\/media?parent=82030"}],"wp:term":[{"taxonomy":"category","embeddable":true,"href":"https:\/\/centcols.org\/de\/wp-json\/wp\/v2\/categories?post=82030"},{"taxonomy":"post_tag","embeddable":true,"href":"https:\/\/centcols.org\/de\/wp-json\/wp\/v2\/tags?post=82030"}],"curies":[{"name":"wp","href":"https:\/\/api.w.org\/{rel}","templated":true}]}}