{"id":82108,"date":"2018-12-16T17:20:37","date_gmt":"2018-12-16T15:20:37","guid":{"rendered":"https:\/\/centcols.org\/massif-central-est-col-de-pavezin-29-septembre-2019\/"},"modified":"2025-09-13T12:59:49","modified_gmt":"2025-09-13T10:59:49","slug":"zentralmassiv-ost-col-de-pavezin-29-september-2019","status":"publish","type":"post","link":"https:\/\/centcols.org\/de\/massif-central-est-col-de-pavezin-29-septembre-2019\/","title":{"rendered":"\u00d6stliches Zentralmassiv, Pavezin-Pass, 29. September 2019"},"content":{"rendered":"\n<p>Dimanche 29 septembre 2019, Massif Central Est<br>Rassemblement au col de Pavezin<\/p>\n\n\n\n<p>Cette ann\u00e9e encore, la Rencontre r\u00e9gionale Massif Central Est, se d\u00e9roulera au col de Pavezin (42-0651) situ\u00e9 dans le d\u00e9partement de la Loire sur les contreforts du Parc r\u00e9gional du Pilat.<br>C\u2019est ce col qu\u2019avait choisi V\u00e9locio (ap\u00f4tre du cyclotourisme) pour se retrouver avec tous ses amis cyclotouristes au mois de septembre de chaque ann\u00e9e.<br>Cet homme, inventeur du mot cyclotourisme (n\u00e9 \u00e0 Pernes-les-Fontaines en 1853 et d\u00e9c\u00e9d\u00e9 \u00e0 St-Etienne en 1930), \u00e9tait tr\u00e8s appr\u00e9ci\u00e9 de tous les amoureux de la petite reine. L\u2019industrie du cycle st\u00e9phanoise lui doit beaucoup.<br>C\u2019est pourquoi, le CODEP 42 de la FFCT, en sa m\u00e9moire, organise une concentration annuelle en ce lieu mythique. Nous profiterons de cette organisation pour se joindre \u00e0 elle, le temps d\u2019une matin\u00e9e automnale.<\/p>\n\n\n\n<figure class=\"wp-block-image size-full\"><img loading=\"lazy\" decoding=\"async\" width=\"800\" height=\"600\" src=\"https:\/\/centcols.org\/wp-content\/uploads\/2025\/05\/col-pavezin.jpg\" alt=\"\" class=\"wp-image-82109\" srcset=\"https:\/\/centcols.org\/wp-content\/uploads\/2025\/05\/col-pavezin.jpg 800w, https:\/\/centcols.org\/wp-content\/uploads\/2025\/05\/col-pavezin-768x576.jpg 768w\" sizes=\"auto, (max-width: 800px) 100vw, 800px\" \/><\/figure>\n\n\n\n<p>Pour les collectionneurs de cols, dans un p\u00e9rim\u00e8tre assez restreint, une multitude de cols vous attend :<\/p>\n\n\n\n<p><strong>15 COLS ROUTIERS :<\/strong>&nbsp;&nbsp;Col de Pavezin (42-0651) ; Croix du Mazet (42-0650) ; Croix de Montvieux (42-0811) ; Collet de Doizieux (42-0946) ; Collet-Royet (42-1050) ;<br>Col de l&rsquo;Oeillon (42-1234) ; Collet de l&rsquo;Oeillon (42-1318) ; Col du Gratteau (42-1205) ; Croix de Chaubouret (42-1201) ; Col de la Barbanche (42-1040);&nbsp;Col du Planil (42-0847) ; Col de la Grenouze (42-0624) ; Col de Chassenoud (69-0557) ; Col de la Croix-R\u00e9gis (69-0501) ; Col du Bourrin (69-0464).<\/p>\n\n\n\n<p><strong>8 COLS MULETIERS :<\/strong> Col des Petites Croix (42-1395) ; Col de la Chomette (42-0986) ; Col de l&rsquo;Etan\u00e7on (42-1370) ; Col du Rachat (42-1375) ;&nbsp;Col de Trente-Sous (42-0643) Col de Botte (42-1335) ; Col du Creux du Loup (42-1219) ; Col du Grand Gouret (42-1164a).<\/p>\n\n\n\n<p><strong>Nota :<\/strong> <a href=\"https:\/\/centcols.org\/annonces\/croix-du-mazet-2019\/\" target=\"_blank\" rel=\"noopener\">Voir en page \u00a0\u00bbpetites annonces\u00a0\u00bb<\/a> la proposition de s\u00e9jour au col de la Croix de Mazet<\/p>\n\n\n\n<h3 class=\"wp-block-heading\">Contact<\/h3>\n\n\n\n<p>Jean-Paul Galambaud<br>06 70 11 16 36<br>[email]&#106;&#x70;g&#97;&#x6c;a&#109;&#x62;a&#117;&#x64;&#64;&#111;&#x72;a&#110;&#x67;e&#46;&#x66;r[\/email]<\/p>\n","protected":false},"excerpt":{"rendered":"<p>Dimanche 29 septembre 2019, Massif Central EstRassemblement au col de Pavezin Cette ann\u00e9e encore, la Rencontre r\u00e9gionale Massif Central Est, se d\u00e9roulera au col de Pavezin (42-0651) situ\u00e9 dans le d\u00e9partement de la Loire sur les contreforts du Parc r\u00e9gional du Pilat.C\u2019est ce col qu\u2019avait choisi V\u00e9locio (ap\u00f4tre du cyclotourisme) pour se retrouver avec tous [&hellip;]<\/p>\n","protected":false},"author":136,"featured_media":82109,"comment_status":"closed","ping_status":"open","sticky":false,"template":"","format":"standard","meta":{"_acf_changed":false,"footnotes":""},"categories":[284,135,216],"tags":[],"class_list":["post-82108","post","type-post","status-publish","format-standard","has-post-thumbnail","hentry","category-les-rassemblements-de-2019","category-calendrier","category-rencontres-regionales"],"acf":[],"yoast_head":"<!-- This site is optimized with the Yoast SEO plugin v27.2 - https:\/\/yoast.com\/product\/yoast-seo-wordpress\/ -->\n<title>Massif Central Est, col de Pavezin, 29 septembre 2019 - Club des Cent Cols<\/title>\n<meta name=\"robots\" content=\"index, follow, max-snippet:-1, max-image-preview:large, max-video-preview:-1\" \/>\n<link rel=\"canonical\" href=\"https:\/\/centcols.org\/de\/zentralmassiv-ost-col-de-pavezin-29-september-2019\/\" \/>\n<meta property=\"og:locale\" content=\"de_DE\" \/>\n<meta property=\"og:type\" content=\"article\" \/>\n<meta property=\"og:title\" content=\"Massif Central Est, col de Pavezin, 29 septembre 2019 - Club des Cent Cols\" \/>\n<meta property=\"og:description\" content=\"Dimanche 29 septembre 2019, Massif Central EstRassemblement au col de Pavezin Cette ann\u00e9e encore, la Rencontre r\u00e9gionale Massif Central Est, se d\u00e9roulera au col de Pavezin (42-0651) situ\u00e9 dans le d\u00e9partement de la Loire sur les contreforts du Parc r\u00e9gional du Pilat.C\u2019est ce col qu\u2019avait choisi V\u00e9locio (ap\u00f4tre du cyclotourisme) pour se retrouver avec tous [&hellip;]\" \/>\n<meta property=\"og:url\" content=\"https:\/\/centcols.org\/de\/zentralmassiv-ost-col-de-pavezin-29-september-2019\/\" \/>\n<meta property=\"og:site_name\" content=\"Club des Cent Cols\" \/>\n<meta property=\"article:publisher\" content=\"https:\/\/www.facebook.com\/groups\/5261880558\/?locale=fr_FR\" \/>\n<meta property=\"article:published_time\" content=\"2018-12-16T15:20:37+00:00\" \/>\n<meta property=\"article:modified_time\" content=\"2025-09-13T10:59:49+00:00\" \/>\n<meta property=\"og:image\" content=\"https:\/\/centcols.org\/wp-content\/uploads\/2025\/05\/col-pavezin.jpg\" \/>\n\t<meta property=\"og:image:width\" content=\"800\" \/>\n\t<meta property=\"og:image:height\" content=\"600\" \/>\n\t<meta property=\"og:image:type\" content=\"image\/jpeg\" \/>\n<meta name=\"author\" content=\"Guy Harl\u00e9\" \/>\n<meta name=\"twitter:card\" content=\"summary_large_image\" \/>\n<meta name=\"twitter:label1\" content=\"Verfasst von\" \/>\n\t<meta name=\"twitter:data1\" content=\"Guy Harl\u00e9\" \/>\n\t<meta name=\"twitter:label2\" content=\"Gesch\u00e4tzte Lesezeit\" \/>\n\t<meta name=\"twitter:data2\" content=\"2\u00a0Minuten\" \/>\n<script type=\"application\/ld+json\" class=\"yoast-schema-graph\">{\"@context\":\"https:\/\/schema.org\",\"@graph\":[{\"@type\":\"Article\",\"@id\":\"https:\/\/centcols.org\/massif-central-est-col-de-pavezin-29-septembre-2019\/#article\",\"isPartOf\":{\"@id\":\"https:\/\/centcols.org\/massif-central-est-col-de-pavezin-29-septembre-2019\/\"},\"author\":{\"name\":\"Guy Harl\u00e9\",\"@id\":\"https:\/\/centcols.org\/#\/schema\/person\/377f00da2793c0363246869bb3a344d0\"},\"headline\":\"Massif Central Est, col de Pavezin, 29 septembre 2019\",\"datePublished\":\"2018-12-16T15:20:37+00:00\",\"dateModified\":\"2025-09-13T10:59:49+00:00\",\"mainEntityOfPage\":{\"@id\":\"https:\/\/centcols.org\/massif-central-est-col-de-pavezin-29-septembre-2019\/\"},\"wordCount\":310,\"publisher\":{\"@id\":\"https:\/\/centcols.org\/#organization\"},\"image\":{\"@id\":\"https:\/\/centcols.org\/massif-central-est-col-de-pavezin-29-septembre-2019\/#primaryimage\"},\"thumbnailUrl\":\"https:\/\/centcols.org\/wp-content\/uploads\/2025\/05\/col-pavezin.jpg\",\"articleSection\":[\"2019-rassemblements\",\"Calendrier\",\"Rencontres r\u00e9gionales\"],\"inLanguage\":\"de\"},{\"@type\":\"WebPage\",\"@id\":\"https:\/\/centcols.org\/massif-central-est-col-de-pavezin-29-septembre-2019\/\",\"url\":\"https:\/\/centcols.org\/massif-central-est-col-de-pavezin-29-septembre-2019\/\",\"name\":\"Massif Central Est, col de Pavezin, 29 septembre 2019 - Club des Cent Cols\",\"isPartOf\":{\"@id\":\"https:\/\/centcols.org\/#website\"},\"primaryImageOfPage\":{\"@id\":\"https:\/\/centcols.org\/massif-central-est-col-de-pavezin-29-septembre-2019\/#primaryimage\"},\"image\":{\"@id\":\"https:\/\/centcols.org\/massif-central-est-col-de-pavezin-29-septembre-2019\/#primaryimage\"},\"thumbnailUrl\":\"https:\/\/centcols.org\/wp-content\/uploads\/2025\/05\/col-pavezin.jpg\",\"datePublished\":\"2018-12-16T15:20:37+00:00\",\"dateModified\":\"2025-09-13T10:59:49+00:00\",\"breadcrumb\":{\"@id\":\"https:\/\/centcols.org\/massif-central-est-col-de-pavezin-29-septembre-2019\/#breadcrumb\"},\"inLanguage\":\"de\",\"potentialAction\":[{\"@type\":\"ReadAction\",\"target\":[\"https:\/\/centcols.org\/massif-central-est-col-de-pavezin-29-septembre-2019\/\"]}]},{\"@type\":\"ImageObject\",\"inLanguage\":\"de\",\"@id\":\"https:\/\/centcols.org\/massif-central-est-col-de-pavezin-29-septembre-2019\/#primaryimage\",\"url\":\"https:\/\/centcols.org\/wp-content\/uploads\/2025\/05\/col-pavezin.jpg\",\"contentUrl\":\"https:\/\/centcols.org\/wp-content\/uploads\/2025\/05\/col-pavezin.jpg\",\"width\":800,\"height\":600},{\"@type\":\"BreadcrumbList\",\"@id\":\"https:\/\/centcols.org\/massif-central-est-col-de-pavezin-29-septembre-2019\/#breadcrumb\",\"itemListElement\":[{\"@type\":\"ListItem\",\"position\":1,\"name\":\"Accueil\",\"item\":\"https:\/\/centcols.org\/\"},{\"@type\":\"ListItem\",\"position\":2,\"name\":\"Calendrier\",\"item\":\"https:\/\/centcols.org\/rubrique\/calendrier\/\"},{\"@type\":\"ListItem\",\"position\":3,\"name\":\"Massif Central Est, col de Pavezin, 29 septembre 2019\"}]},{\"@type\":\"WebSite\",\"@id\":\"https:\/\/centcols.org\/#website\",\"url\":\"https:\/\/centcols.org\/\",\"name\":\"Club des Cent Cols\",\"description\":\"\",\"publisher\":{\"@id\":\"https:\/\/centcols.org\/#organization\"},\"potentialAction\":[{\"@type\":\"SearchAction\",\"target\":{\"@type\":\"EntryPoint\",\"urlTemplate\":\"https:\/\/centcols.org\/?s={search_term_string}\"},\"query-input\":{\"@type\":\"PropertyValueSpecification\",\"valueRequired\":true,\"valueName\":\"search_term_string\"}}],\"inLanguage\":\"de\"},{\"@type\":\"Organization\",\"@id\":\"https:\/\/centcols.org\/#organization\",\"name\":\"Club des Cent Cols\",\"url\":\"https:\/\/centcols.org\/\",\"logo\":{\"@type\":\"ImageObject\",\"inLanguage\":\"de\",\"@id\":\"https:\/\/centcols.org\/#\/schema\/logo\/image\/\",\"url\":\"https:\/\/centcols.org\/wp-content\/uploads\/2025\/01\/carte-icone.png\",\"contentUrl\":\"https:\/\/centcols.org\/wp-content\/uploads\/2025\/01\/carte-icone.png\",\"width\":250,\"height\":250,\"caption\":\"Club des Cent Cols\"},\"image\":{\"@id\":\"https:\/\/centcols.org\/#\/schema\/logo\/image\/\"},\"sameAs\":[\"https:\/\/www.facebook.com\/groups\/5261880558\/?locale=fr_FR\"]},{\"@type\":\"Person\",\"@id\":\"https:\/\/centcols.org\/#\/schema\/person\/377f00da2793c0363246869bb3a344d0\",\"name\":\"Guy Harl\u00e9\",\"image\":{\"@type\":\"ImageObject\",\"inLanguage\":\"de\",\"@id\":\"https:\/\/centcols.org\/wp-content\/litespeed\/avatar\/94c4de37e46cf090f296d42ab3e8d6a6.jpg?ver=1777238144\",\"url\":\"https:\/\/centcols.org\/wp-content\/litespeed\/avatar\/94c4de37e46cf090f296d42ab3e8d6a6.jpg?ver=1777238144\",\"contentUrl\":\"https:\/\/centcols.org\/wp-content\/litespeed\/avatar\/94c4de37e46cf090f296d42ab3e8d6a6.jpg?ver=1777238144\",\"caption\":\"Guy Harl\u00e9\"},\"url\":\"https:\/\/centcols.org\/de\/author\/5193\/\"}]}<\/script>\n<!-- \/ Yoast SEO plugin. -->","yoast_head_json":{"title":"Zentralmassiv Ost, Pavezin-Pass, 29. September 2019 - Club des Cent Cols","robots":{"index":"index","follow":"follow","max-snippet":"max-snippet:-1","max-image-preview":"max-image-preview:large","max-video-preview":"max-video-preview:-1"},"canonical":"https:\/\/centcols.org\/de\/zentralmassiv-ost-col-de-pavezin-29-september-2019\/","og_locale":"de_DE","og_type":"article","og_title":"Massif Central Est, col de Pavezin, 29 septembre 2019 - Club des Cent Cols","og_description":"Dimanche 29 septembre 2019, Massif Central EstRassemblement au col de Pavezin Cette ann\u00e9e encore, la Rencontre r\u00e9gionale Massif Central Est, se d\u00e9roulera au col de Pavezin (42-0651) situ\u00e9 dans le d\u00e9partement de la Loire sur les contreforts du Parc r\u00e9gional du Pilat.C\u2019est ce col qu\u2019avait choisi V\u00e9locio (ap\u00f4tre du cyclotourisme) pour se retrouver avec tous [&hellip;]","og_url":"https:\/\/centcols.org\/de\/zentralmassiv-ost-col-de-pavezin-29-september-2019\/","og_site_name":"Club des Cent Cols","article_publisher":"https:\/\/www.facebook.com\/groups\/5261880558\/?locale=fr_FR","article_published_time":"2018-12-16T15:20:37+00:00","article_modified_time":"2025-09-13T10:59:49+00:00","og_image":[{"width":800,"height":600,"url":"https:\/\/centcols.org\/wp-content\/uploads\/2025\/05\/col-pavezin.jpg","type":"image\/jpeg"}],"author":"Guy Harl\u00e9","twitter_card":"summary_large_image","twitter_misc":{"Verfasst von":"Guy Harl\u00e9","Gesch\u00e4tzte Lesezeit":"2\u00a0Minuten"},"schema":{"@context":"https:\/\/schema.org","@graph":[{"@type":"Article","@id":"https:\/\/centcols.org\/massif-central-est-col-de-pavezin-29-septembre-2019\/#article","isPartOf":{"@id":"https:\/\/centcols.org\/massif-central-est-col-de-pavezin-29-septembre-2019\/"},"author":{"name":"Guy Harl\u00e9","@id":"https:\/\/centcols.org\/#\/schema\/person\/377f00da2793c0363246869bb3a344d0"},"headline":"Massif Central Est, col de Pavezin, 29 septembre 2019","datePublished":"2018-12-16T15:20:37+00:00","dateModified":"2025-09-13T10:59:49+00:00","mainEntityOfPage":{"@id":"https:\/\/centcols.org\/massif-central-est-col-de-pavezin-29-septembre-2019\/"},"wordCount":310,"publisher":{"@id":"https:\/\/centcols.org\/#organization"},"image":{"@id":"https:\/\/centcols.org\/massif-central-est-col-de-pavezin-29-septembre-2019\/#primaryimage"},"thumbnailUrl":"https:\/\/centcols.org\/wp-content\/uploads\/2025\/05\/col-pavezin.jpg","articleSection":["2019-rassemblements","Calendrier","Rencontres r\u00e9gionales"],"inLanguage":"de"},{"@type":"WebPage","@id":"https:\/\/centcols.org\/massif-central-est-col-de-pavezin-29-septembre-2019\/","url":"https:\/\/centcols.org\/massif-central-est-col-de-pavezin-29-septembre-2019\/","name":"Zentralmassiv Ost, Pavezin-Pass, 29. September 2019 - Club des Cent Cols","isPartOf":{"@id":"https:\/\/centcols.org\/#website"},"primaryImageOfPage":{"@id":"https:\/\/centcols.org\/massif-central-est-col-de-pavezin-29-septembre-2019\/#primaryimage"},"image":{"@id":"https:\/\/centcols.org\/massif-central-est-col-de-pavezin-29-septembre-2019\/#primaryimage"},"thumbnailUrl":"https:\/\/centcols.org\/wp-content\/uploads\/2025\/05\/col-pavezin.jpg","datePublished":"2018-12-16T15:20:37+00:00","dateModified":"2025-09-13T10:59:49+00:00","breadcrumb":{"@id":"https:\/\/centcols.org\/massif-central-est-col-de-pavezin-29-septembre-2019\/#breadcrumb"},"inLanguage":"de","potentialAction":[{"@type":"ReadAction","target":["https:\/\/centcols.org\/massif-central-est-col-de-pavezin-29-septembre-2019\/"]}]},{"@type":"ImageObject","inLanguage":"de","@id":"https:\/\/centcols.org\/massif-central-est-col-de-pavezin-29-septembre-2019\/#primaryimage","url":"https:\/\/centcols.org\/wp-content\/uploads\/2025\/05\/col-pavezin.jpg","contentUrl":"https:\/\/centcols.org\/wp-content\/uploads\/2025\/05\/col-pavezin.jpg","width":800,"height":600},{"@type":"BreadcrumbList","@id":"https:\/\/centcols.org\/massif-central-est-col-de-pavezin-29-septembre-2019\/#breadcrumb","itemListElement":[{"@type":"ListItem","position":1,"name":"Accueil","item":"https:\/\/centcols.org\/"},{"@type":"ListItem","position":2,"name":"Calendrier","item":"https:\/\/centcols.org\/rubrique\/calendrier\/"},{"@type":"ListItem","position":3,"name":"Massif Central Est, col de Pavezin, 29 septembre 2019"}]},{"@type":"WebSite","@id":"https:\/\/centcols.org\/#website","url":"https:\/\/centcols.org\/","name":"Club des Cent Cols","description":"","publisher":{"@id":"https:\/\/centcols.org\/#organization"},"potentialAction":[{"@type":"SearchAction","target":{"@type":"EntryPoint","urlTemplate":"https:\/\/centcols.org\/?s={search_term_string}"},"query-input":{"@type":"PropertyValueSpecification","valueRequired":true,"valueName":"search_term_string"}}],"inLanguage":"de"},{"@type":"Organization","@id":"https:\/\/centcols.org\/#organization","name":"Club des Cent Cols","url":"https:\/\/centcols.org\/","logo":{"@type":"ImageObject","inLanguage":"de","@id":"https:\/\/centcols.org\/#\/schema\/logo\/image\/","url":"https:\/\/centcols.org\/wp-content\/uploads\/2025\/01\/carte-icone.png","contentUrl":"https:\/\/centcols.org\/wp-content\/uploads\/2025\/01\/carte-icone.png","width":250,"height":250,"caption":"Club des Cent Cols"},"image":{"@id":"https:\/\/centcols.org\/#\/schema\/logo\/image\/"},"sameAs":["https:\/\/www.facebook.com\/groups\/5261880558\/?locale=fr_FR"]},{"@type":"Person","@id":"https:\/\/centcols.org\/#\/schema\/person\/377f00da2793c0363246869bb3a344d0","name":"Guy Harl\u00e9","image":{"@type":"ImageObject","inLanguage":"de","@id":"https:\/\/centcols.org\/wp-content\/litespeed\/avatar\/94c4de37e46cf090f296d42ab3e8d6a6.jpg?ver=1777238144","url":"https:\/\/centcols.org\/wp-content\/litespeed\/avatar\/94c4de37e46cf090f296d42ab3e8d6a6.jpg?ver=1777238144","contentUrl":"https:\/\/centcols.org\/wp-content\/litespeed\/avatar\/94c4de37e46cf090f296d42ab3e8d6a6.jpg?ver=1777238144","caption":"Guy Harl\u00e9"},"url":"https:\/\/centcols.org\/de\/author\/5193\/"}]}},"_links":{"self":[{"href":"https:\/\/centcols.org\/de\/wp-json\/wp\/v2\/posts\/82108","targetHints":{"allow":["GET"]}}],"collection":[{"href":"https:\/\/centcols.org\/de\/wp-json\/wp\/v2\/posts"}],"about":[{"href":"https:\/\/centcols.org\/de\/wp-json\/wp\/v2\/types\/post"}],"author":[{"embeddable":true,"href":"https:\/\/centcols.org\/de\/wp-json\/wp\/v2\/users\/136"}],"replies":[{"embeddable":true,"href":"https:\/\/centcols.org\/de\/wp-json\/wp\/v2\/comments?post=82108"}],"version-history":[{"count":0,"href":"https:\/\/centcols.org\/de\/wp-json\/wp\/v2\/posts\/82108\/revisions"}],"wp:featuredmedia":[{"embeddable":true,"href":"https:\/\/centcols.org\/de\/wp-json\/wp\/v2\/media\/82109"}],"wp:attachment":[{"href":"https:\/\/centcols.org\/de\/wp-json\/wp\/v2\/media?parent=82108"}],"wp:term":[{"taxonomy":"category","embeddable":true,"href":"https:\/\/centcols.org\/de\/wp-json\/wp\/v2\/categories?post=82108"},{"taxonomy":"post_tag","embeddable":true,"href":"https:\/\/centcols.org\/de\/wp-json\/wp\/v2\/tags?post=82108"}],"curies":[{"name":"wp","href":"https:\/\/api.w.org\/{rel}","templated":true}]}}