{"id":82135,"date":"2019-06-04T21:27:38","date_gmt":"2019-06-04T19:27:38","guid":{"rendered":"https:\/\/centcols.org\/sejour-dautomne-et-assemblee-generale-a-nant-aveyron-8-au-10-novembre-2019\/"},"modified":"2025-09-14T19:38:56","modified_gmt":"2025-09-14T17:38:56","slug":"ag-2019-nant","status":"publish","type":"post","link":"https:\/\/centcols.org\/de\/ag-2019-nant\/","title":{"rendered":"Herbstaufenthalt und Generalversammlung in Nant (Aveyron), 8. bis 10. November 2019."},"content":{"rendered":"<blockquote class=\"wp-block-quote is-layout-flow wp-block-quote-is-layout-flow\">\n<p><span style=\"color: #808080;\">An dieser Seite zur Vorstellung des Aufenthalts haben die Verantwortlichen f\u00fcr Informatik und Aufenthalte mitgewirkt<\/span><\/p>\n<\/blockquote>\n\n\n<div class=\"wp-block-image wp-image-35493\">\n<figure class=\"aligncenter size-full\"><a href=\"https:\/\/centcols.org\/wp-content\/uploads\/2025\/05\/2018.10-Nant-vue-generale017-r.jpg\"><img loading=\"lazy\" decoding=\"async\" width=\"800\" height=\"600\" src=\"https:\/\/centcols.org\/wp-content\/uploads\/2025\/05\/2018.10-Nant-vue-generale017-r.jpg\" alt=\"\" class=\"wp-image-82139\" srcset=\"https:\/\/centcols.org\/wp-content\/uploads\/2025\/05\/2018.10-Nant-vue-generale017-r.jpg 800w, https:\/\/centcols.org\/wp-content\/uploads\/2025\/05\/2018.10-Nant-vue-generale017-r-768x576.jpg 768w\" sizes=\"auto, (max-width: 800px) 100vw, 800px\" \/><\/a><figcaption class=\"wp-element-caption\">Nant - allgemeine Ansicht (Foto Guy Cambess\u00e8d\u00e8s)<\/figcaption><\/figure>\n<\/div>\n\n\n<p><span style=\"color: #000000;\">In Nant im Aveyron werden wir uns f\u00fcr den Herbstaufenthalt und das\u2019<a href=\"https:\/\/centcols.org\/de\/ag-2019-nant\/\" target=\"_blank\" rel=\"noopener noreferrer\"><strong>Generalversammlung<\/strong><\/a> von 2019.<\/span><\/p>\n\n\n\n<h3 class=\"wp-block-heading\"><span style=\"color: #000000;\">Einige Programmpunkte :<\/span><\/h3>\n\n\n\n<p>Ein Empfang wird am Freitag ab 16:30 Uhr vor Ort stattfinden. Die Zimmer stehen ab 17 Uhr zur Verf\u00fcgung<\/p>\n\n\n\n<p>Start des Stra\u00dfenkurses am Samstag: 8:30 Uhr am Ferienzentrum<br>Start der Mountainbike-Strecke am Samstag: 8:30 Uhr in Saucli\u00e8res (Treffpunkt f\u00fcr eventuelle Fahrgemeinschaften um 8 Uhr am Ferienzentrum)<br>Start der Stra\u00dfen- und MTB-Strecken am Sonntag: 8:30 Uhr im Ferienzentrum<\/p>\n\n\n\n<p>Alle Einzelheiten des Programms sind in der ICC enthalten, die Sie erhalten haben oder die Sie auf der Website einsehen k\u00f6nnen.<\/p>\n\n\n\n<h3 class=\"wp-block-heading\"><span style=\"color: #000000; font-size: 1.4em;\">Nachfolgend finden Sie die Rubriken :<\/span><\/h3>\n\n\n\n<ul class=\"wp-block-list\">\n<li><span style=\"color: #000000;\">Vorstellung der Region<\/span><\/li>\n\n\n\n<li><span style=\"color: #000000;\">Die <a href=\"\/de\/membres\/cctours\/tours.php\/?lieu=Nant&amp;an=2019\">Schaltungen<\/a><\/span><\/li>\n\n\n\n<li><span style=\"color: #000000;\">Unterkunft<\/span><\/li>\n\n\n\n<li><span style=\"color: #000000;\">Anmerkung des Verwaltungsrats<\/span><\/li>\n\n\n\n<li><span style=\"color: #000000;\">Anmeldung<\/span><\/li>\n\n\n\n<li><span style=\"color: #000000;\">Generalversammlung des \"Club des Cent Cols&nbsp;<\/span><\/li>\n\n\n\n<li><span style=\"color: #000000;\">Andere Aktivit\u00e4ten oder Besuche<\/span><\/li>\n<\/ul>\n\n\n\n<h2 class=\"wp-block-heading\">Vorstellung von Nant<\/h2>\n\n\n\n<p>Im D\u00e9partement Aveyron veranstalten wir in diesem Jahr unsere Generalversammlung und den damit verbundenen Herbstaufenthalt. Nant liegt an der Grenze, die die gebirgigen Cevennen von den trockenen Hochebenen der Causses trennt. Das mittelalterliche St\u00e4dtchen liegt an der Dourbie, einem rei\u00dfenden Fluss, der seit seiner Quelle in der N\u00e4he des Mont Aigoual auf seinem Weg zum Tarn, den er in Millau erreicht, die Gorges de la Dourbie im Osten und den Canyon de la Dourbie im Norden gegraben hat. Wir werden nicht bis zum Aigoual fahren, einem sch\u00f6nen Berg, den wir 2011 bei unserem Aufenthalt in Camprieu ausgiebig erkundet hatten. Dennoch werden einige P\u00e4sse unseren Durst nach herbstlichen Heldentaten stillen. In einem Umkreis von etwa 40 km gibt es neben der Dourbie und dem Aigoual zahlreiche Sehensw\u00fcrdigkeiten, die unsere touristische Neugier befriedigen k\u00f6nnen: die Schluchten des Tarn, Millau und sein Viadukt, Saint-Affrique, Roquefort, das Chaos von Montpellier-le-Vieux, usw.<\/p>\n\n\n\n<figure class=\"wp-block-gallery has-nested-images columns-3 is-cropped wp-block-gallery-1 is-layout-flex wp-block-gallery-is-layout-flex\">\n<figure class=\"wp-block-image size-full\"><a href=\"https:\/\/centcols.org\/wp-content\/uploads\/2019\/06\/2018.10-Nant-le-vieux-pont008-r.jpg\"><img loading=\"lazy\" decoding=\"async\" width=\"800\" height=\"600\" data-id=\"88588\" src=\"https:\/\/centcols.org\/wp-content\/uploads\/2019\/06\/2018.10-Nant-le-vieux-pont008-r.jpg\" alt=\"\" class=\"wp-image-88588\" srcset=\"https:\/\/centcols.org\/wp-content\/uploads\/2019\/06\/2018.10-Nant-le-vieux-pont008-r.jpg 800w, https:\/\/centcols.org\/wp-content\/uploads\/2019\/06\/2018.10-Nant-le-vieux-pont008-r-768x576.jpg 768w\" sizes=\"auto, (max-width: 800px) 100vw, 800px\" \/><\/a><figcaption class=\"wp-element-caption\">Nant - die alte Br\u00fccke (Foto: Guy Cambessedes)<\/figcaption><\/figure>\n\n\n\n<figure class=\"wp-block-image size-full\"><a href=\"https:\/\/centcols.org\/wp-content\/uploads\/2019\/06\/2018.10-Nant-la-halle-couverte-010-r.jpg\"><img loading=\"lazy\" decoding=\"async\" width=\"800\" height=\"600\" data-id=\"88589\" src=\"https:\/\/centcols.org\/wp-content\/uploads\/2019\/06\/2018.10-Nant-la-halle-couverte-010-r.jpg\" alt=\"\" class=\"wp-image-88589\" srcset=\"https:\/\/centcols.org\/wp-content\/uploads\/2019\/06\/2018.10-Nant-la-halle-couverte-010-r.jpg 800w, https:\/\/centcols.org\/wp-content\/uploads\/2019\/06\/2018.10-Nant-la-halle-couverte-010-r-768x576.jpg 768w\" sizes=\"auto, (max-width: 800px) 100vw, 800px\" \/><\/a><figcaption class=\"wp-element-caption\">Nant - die \u00fcberdachte Halle (Foto: Guy Cambessedes)<\/figcaption><\/figure>\n\n\n\n<figure class=\"wp-block-image size-full\"><a href=\"https:\/\/centcols.org\/wp-content\/uploads\/2019\/06\/Nant-le-roc-nantais-.jpg\"><img loading=\"lazy\" decoding=\"async\" width=\"1200\" height=\"900\" data-id=\"88592\" src=\"https:\/\/centcols.org\/wp-content\/uploads\/2019\/06\/Nant-le-roc-nantais-.jpg\" alt=\"\" class=\"wp-image-88592\" srcset=\"https:\/\/centcols.org\/wp-content\/uploads\/2019\/06\/Nant-le-roc-nantais-.jpg 1200w, https:\/\/centcols.org\/wp-content\/uploads\/2019\/06\/Nant-le-roc-nantais--768x576.jpg 768w\" sizes=\"auto, (max-width: 1200px) 100vw, 1200px\" \/><\/a><figcaption class=\"wp-element-caption\">Nant - der Roc Nantais (Foto: Guy Cambessedes)<\/figcaption><\/figure>\n<\/figure>\n\n\n\n<p>Das Internet bietet uns drei Seiten, auf denen wir etwas mehr \u00fcber Nant und seine Umgebung erfahren k\u00f6nnen:<br>Das Fremdenverkehrsamt (+33 (0)5 65 62 23 64) : <a href=\"https:\/\/www.tourisme-aveyron.com\/fr\/diffusio\/patrimoine-culturel-visites\/village-de-nant-nant_TFO089808464046\" target=\"_blank\" rel=\"noreferrer noopener\">Internetseite<\/a><br>Wikipedia: <a href=\"https:\/\/fr.wikipedia.org\/wiki\/Nant\" target=\"_blank\" rel=\"noreferrer noopener\">Internetseite<\/a><\/p>\n\n\n\n<h2 class=\"wp-block-heading\"><a href=\"https:\/\/centcols.org\/de\/membres\/cctours\/tours.php\/?lieu=Nant&amp;an=2019\">Die Strecken<\/a><\/h2>\n\n\n\n<p>An jedem der beiden Vormittage am Samstag und Sonntag wird Ihnen eine Stra\u00dfen- und eine Mountainbikestrecke angeboten. Sie sind alle in L\u00e4nge, H\u00f6henunterschied und Schwierigkeitsgrad f\u00fcr alle unsere Mitglieder zug\u00e4nglich. Die beiden Mountainbike-Routen wurden vor Ort erkundet.&nbsp;<br>Die P\u00e4sse werden zwar nicht \u00fcberragend sein, aber die Landschaften d\u00fcrften auch die anspruchsvollsten Radtouristen zufriedenstellen. Die Kurzbeschreibung der Strecken sowie die gpx-Tracks werden im Herbst zur Verf\u00fcgung gestellt.<\/p>\n\n\n\n<h4 class=\"wp-block-heading\"><a href=\"https:\/\/centcols.org\/de\/membres\/cctours\/tours.php\/?lieu=Nant&amp;an=2019&amp;genre=R\">Stra\u00dfenrundfahrten<\/a><\/h4>\n\n\n\n<p><strong>R1 : <\/strong>dieser Rundweg \u201cDourbie et Tr\u00e9zevel\u201d von 54 km und 800 m positivem H\u00f6henunterschied f\u00fchrt Sie \u00fcber den Col de La Pierre Plant\u00e9e und den Col de Rhodes.<\/p>\n\n\n\n<p><strong>R2 : <\/strong>in 62 km und 900 m positivem H\u00f6henunterschied f\u00fchrt er Sie \u00fcber die Causses de Campestre und den Larzac und l\u00e4sst Sie 3 P\u00e4sse \u00fcberqueren.<\/p>\n\n\n\n<h4 class=\"wp-block-heading\"><a href=\"https:\/\/centcols.org\/de\/membres\/cctours\/tours.php\/?lieu=Nant&amp;an=2019&amp;genre=V\">Mountainbike-Routen<\/a><\/h4>\n\n\n\n<p><strong>V1 : <\/strong>Vom Ferienzentrum aus f\u00fchrt er Sie auf 26 km und 800 m H\u00f6henunterschied \u00fcber 3 P\u00e4sse zwischen Dourbie und Causse.<\/p>\n\n\n\n<p><strong>V2 : <\/strong>Nach einer Anfahrt mit dem Auto nach 18 km fahren Sie \u201czur Quelle des Burle\u201d! Noch 3 P\u00e4sse auf 23 km und 650 m H\u00f6henunterschied.<\/p>\n\n\n\n<figure class=\"wp-block-gallery has-nested-images columns-3 is-cropped wp-block-gallery-2 is-layout-flex wp-block-gallery-is-layout-flex\">\n<figure class=\"wp-block-image size-full\"><a href=\"https:\/\/centcols.org\/wp-content\/uploads\/2019\/06\/R1-Cantobre-.jpg\"><img loading=\"lazy\" decoding=\"async\" width=\"1200\" height=\"900\" data-id=\"88593\" src=\"https:\/\/centcols.org\/wp-content\/uploads\/2019\/06\/R1-Cantobre-.jpg\" alt=\"\" class=\"wp-image-88593\" srcset=\"https:\/\/centcols.org\/wp-content\/uploads\/2019\/06\/R1-Cantobre-.jpg 1200w, https:\/\/centcols.org\/wp-content\/uploads\/2019\/06\/R1-Cantobre--768x576.jpg 768w\" sizes=\"auto, (max-width: 1200px) 100vw, 1200px\" \/><\/a><figcaption class=\"wp-element-caption\">R1 - Cantobre (Foto G Cambesedes)<\/figcaption><\/figure>\n\n\n\n<figure class=\"wp-block-image size-full\"><a href=\"https:\/\/centcols.org\/wp-content\/uploads\/2019\/06\/R1-la-chapelle-des-Cuns-.jpg\"><img loading=\"lazy\" decoding=\"async\" width=\"1200\" height=\"900\" data-id=\"88594\" src=\"https:\/\/centcols.org\/wp-content\/uploads\/2019\/06\/R1-la-chapelle-des-Cuns-.jpg\" alt=\"\" class=\"wp-image-88594\" srcset=\"https:\/\/centcols.org\/wp-content\/uploads\/2019\/06\/R1-la-chapelle-des-Cuns-.jpg 1200w, https:\/\/centcols.org\/wp-content\/uploads\/2019\/06\/R1-la-chapelle-des-Cuns--768x576.jpg 768w\" sizes=\"auto, (max-width: 1200px) 100vw, 1200px\" \/><\/a><figcaption class=\"wp-element-caption\">R1 - die Kapelle von Cuns (Foto: Guy Cambessedes)<\/figcaption><\/figure>\n\n\n\n<figure class=\"wp-block-image size-full\"><a href=\"https:\/\/centcols.org\/wp-content\/uploads\/2019\/06\/R2-Brebis-sur-le-Larzac-.jpg\"><img loading=\"lazy\" decoding=\"async\" width=\"1200\" height=\"900\" data-id=\"88595\" src=\"https:\/\/centcols.org\/wp-content\/uploads\/2019\/06\/R2-Brebis-sur-le-Larzac-.jpg\" alt=\"\" class=\"wp-image-88595\" srcset=\"https:\/\/centcols.org\/wp-content\/uploads\/2019\/06\/R2-Brebis-sur-le-Larzac-.jpg 1200w, https:\/\/centcols.org\/wp-content\/uploads\/2019\/06\/R2-Brebis-sur-le-Larzac--768x576.jpg 768w\" sizes=\"auto, (max-width: 1200px) 100vw, 1200px\" \/><\/a><figcaption class=\"wp-element-caption\">R2 - Schafe auf dem Larzac (Foto von Guy Cambessedes)<\/figcaption><\/figure>\n\n\n\n<figure class=\"wp-block-image size-full\"><a href=\"https:\/\/centcols.org\/wp-content\/uploads\/2019\/06\/R2-Cardabelle-.jpg\"><img loading=\"lazy\" decoding=\"async\" width=\"1200\" height=\"900\" data-id=\"88596\" src=\"https:\/\/centcols.org\/wp-content\/uploads\/2019\/06\/R2-Cardabelle-.jpg\" alt=\"\" class=\"wp-image-88596\" srcset=\"https:\/\/centcols.org\/wp-content\/uploads\/2019\/06\/R2-Cardabelle-.jpg 1200w, https:\/\/centcols.org\/wp-content\/uploads\/2019\/06\/R2-Cardabelle--768x576.jpg 768w\" sizes=\"auto, (max-width: 1200px) 100vw, 1200px\" \/><\/a><figcaption class=\"wp-element-caption\">R2 - Cardabelle (Foto: Guy Cambessedes)<\/figcaption><\/figure>\n\n\n\n<figure class=\"wp-block-image size-full\"><a href=\"https:\/\/centcols.org\/wp-content\/uploads\/2019\/06\/R2-La-Couvertoirade-.jpg\"><img loading=\"lazy\" decoding=\"async\" width=\"1200\" height=\"900\" data-id=\"88597\" src=\"https:\/\/centcols.org\/wp-content\/uploads\/2019\/06\/R2-La-Couvertoirade-.jpg\" alt=\"\" class=\"wp-image-88597\" srcset=\"https:\/\/centcols.org\/wp-content\/uploads\/2019\/06\/R2-La-Couvertoirade-.jpg 1200w, https:\/\/centcols.org\/wp-content\/uploads\/2019\/06\/R2-La-Couvertoirade--768x576.jpg 768w\" sizes=\"auto, (max-width: 1200px) 100vw, 1200px\" \/><\/a><figcaption class=\"wp-element-caption\">R2 - La Couvertoirade (Foto von Guy Cambessedes)<\/figcaption><\/figure>\n\n\n\n<figure class=\"wp-block-image size-full\"><a href=\"https:\/\/centcols.org\/wp-content\/uploads\/2019\/06\/V1-le-hameau-dAlgues-r.jpg\"><img loading=\"lazy\" decoding=\"async\" width=\"1024\" height=\"345\" data-id=\"88598\" src=\"https:\/\/centcols.org\/wp-content\/uploads\/2019\/06\/V1-le-hameau-dAlgues-r.jpg\" alt=\"\" class=\"wp-image-88598\" srcset=\"https:\/\/centcols.org\/wp-content\/uploads\/2019\/06\/V1-le-hameau-dAlgues-r.jpg 1024w, https:\/\/centcols.org\/wp-content\/uploads\/2019\/06\/V1-le-hameau-dAlgues-r-768x259.jpg 768w\" sizes=\"auto, (max-width: 1024px) 100vw, 1024px\" \/><\/a><figcaption class=\"wp-element-caption\">V1 - der Weiler Algues (Foto: Guy Cambessedes)<\/figcaption><\/figure>\n\n\n\n<figure class=\"wp-block-image size-full\"><a href=\"https:\/\/centcols.org\/wp-content\/uploads\/2025\/05\/V1-Nant-.jpg\"><img loading=\"lazy\" decoding=\"async\" width=\"1200\" height=\"900\" data-id=\"82172\" src=\"https:\/\/centcols.org\/wp-content\/uploads\/2025\/05\/V1-Nant-.jpg\" alt=\"\" class=\"wp-image-82172\" srcset=\"https:\/\/centcols.org\/wp-content\/uploads\/2025\/05\/V1-Nant-.jpg 1200w, https:\/\/centcols.org\/wp-content\/uploads\/2025\/05\/V1-Nant--768x576.jpg 768w\" sizes=\"auto, (max-width: 1200px) 100vw, 1200px\" \/><\/a><figcaption class=\"wp-element-caption\">V1 - Nant (Foto: Guy Cambessedes)<\/figcaption><\/figure>\n\n\n\n<figure class=\"wp-block-image size-full\"><a href=\"https:\/\/centcols.org\/wp-content\/uploads\/2019\/06\/V1-sur-le-causse-Begon-r-500x157-1.jpg\"><img loading=\"lazy\" decoding=\"async\" width=\"500\" height=\"157\" data-id=\"88599\" src=\"https:\/\/centcols.org\/wp-content\/uploads\/2019\/06\/V1-sur-le-causse-Begon-r-500x157-1.jpg\" alt=\"\" class=\"wp-image-88599\"\/><\/a><figcaption class=\"wp-element-caption\">V1 - auf der Causse B\u00e9gon (Foto: Guy Cambessedes)<\/figcaption><\/figure>\n\n\n\n<figure class=\"wp-block-image size-full\"><a href=\"https:\/\/centcols.org\/wp-content\/uploads\/2019\/06\/V2-au-col-de-la-croix-de-la-guerite-r.jpg\"><img loading=\"lazy\" decoding=\"async\" width=\"1280\" height=\"669\" data-id=\"88600\" src=\"https:\/\/centcols.org\/wp-content\/uploads\/2019\/06\/V2-au-col-de-la-croix-de-la-guerite-r.jpg\" alt=\"\" class=\"wp-image-88600\" srcset=\"https:\/\/centcols.org\/wp-content\/uploads\/2019\/06\/V2-au-col-de-la-croix-de-la-guerite-r.jpg 1280w, https:\/\/centcols.org\/wp-content\/uploads\/2019\/06\/V2-au-col-de-la-croix-de-la-guerite-r-1200x627.jpg 1200w, https:\/\/centcols.org\/wp-content\/uploads\/2019\/06\/V2-au-col-de-la-croix-de-la-guerite-r-768x401.jpg 768w\" sizes=\"auto, (max-width: 1280px) 100vw, 1280px\" \/><\/a><figcaption class=\"wp-element-caption\">V2 - am Pass des \"croix de la gu\u00e9rite\" (Foto: Guy Cambessedes)<\/figcaption><\/figure>\n\n\n\n<figure class=\"wp-block-image size-full\"><a href=\"https:\/\/centcols.org\/wp-content\/uploads\/2019\/06\/V2-depuis-les-cretes.jpg\"><img loading=\"lazy\" decoding=\"async\" width=\"1365\" height=\"1024\" data-id=\"88601\" src=\"https:\/\/centcols.org\/wp-content\/uploads\/2019\/06\/V2-depuis-les-cretes.jpg\" alt=\"\" class=\"wp-image-88601\" srcset=\"https:\/\/centcols.org\/wp-content\/uploads\/2019\/06\/V2-depuis-les-cretes.jpg 1365w, https:\/\/centcols.org\/wp-content\/uploads\/2019\/06\/V2-depuis-les-cretes-1200x900.jpg 1200w, https:\/\/centcols.org\/wp-content\/uploads\/2019\/06\/V2-depuis-les-cretes-768x576.jpg 768w\" sizes=\"auto, (max-width: 1365px) 100vw, 1365px\" \/><\/a><figcaption class=\"wp-element-caption\">V2 - von den Bergk\u00e4mmen aus (Foto: Guy Cambessedes)<\/figcaption><\/figure>\n\n\n\n<figure class=\"wp-block-image size-full\"><a href=\"https:\/\/centcols.org\/wp-content\/uploads\/2019\/06\/V2-sur-la-piste-de-la-Barriere-rjpg.jpg\"><img loading=\"lazy\" decoding=\"async\" width=\"1280\" height=\"660\" data-id=\"88602\" src=\"https:\/\/centcols.org\/wp-content\/uploads\/2019\/06\/V2-sur-la-piste-de-la-Barriere-rjpg.jpg\" alt=\"\" class=\"wp-image-88602\" srcset=\"https:\/\/centcols.org\/wp-content\/uploads\/2019\/06\/V2-sur-la-piste-de-la-Barriere-rjpg.jpg 1280w, https:\/\/centcols.org\/wp-content\/uploads\/2019\/06\/V2-sur-la-piste-de-la-Barriere-rjpg-1200x619.jpg 1200w, https:\/\/centcols.org\/wp-content\/uploads\/2019\/06\/V2-sur-la-piste-de-la-Barriere-rjpg-768x396.jpg 768w\" sizes=\"auto, (max-width: 1280px) 100vw, 1280px\" \/><\/a><figcaption class=\"wp-element-caption\">V2 - auf der Piste von La Barri\u00e8re (Foto: Guy Cambessedes)<\/figcaption><\/figure>\n<\/figure>\n\n\n\n<h2 class=\"wp-block-heading\">Unterkunft<\/h2>\n\n\n\n<p><strong><br>Village Soleil Evasion, Domaine du Roc Nantais<\/strong>,Faubourg Bas,12230 NANT<\/p>\n\n\n\n<p>Tel: +33 (0)5 64 13 64 37. E-Mail: <a href=\"\/de\/&\/#109;&#x61;&#105;&#x6c;&#116;&#x6f;&#58;&#x6e;&#97;&#x6e;&#116;&#x40;&#99;&#x61;&#112;&#x66;&#114;&#x61;&#110;&#x63;&#101;&#x2e;&#99;&#x6f;&#109;\">nant@capfrance.com<\/a>&nbsp;<a href=\"http:\/\/www.soleilevasion.fr\/cap-france-roc-nantais.html\">Webseite Roc Nantais<\/a><\/p>\n\n\n\n<div class=\"wp-block-columns is-layout-flex wp-container-core-columns-is-layout-9d6595d7 wp-block-columns-is-layout-flex\">\n<div class=\"wp-block-column is-layout-flow wp-block-column-is-layout-flow\" style=\"flex-basis:66.66%\">\n<p>Es befindet sich im Dorf, weniger als 200m vom Stadtzentrum entfernt in einem 3 ha gro\u00dfen Park. Die Zimmer sind ger\u00e4umig und verf\u00fcgen \u00fcber separate B\u00e4der und WCs. Alle \u00fcblichen Einrichtungen stehen uns zur Verf\u00fcgung (Fahrradraum, Parkplatz, WiFi, etc.).<\/p>\n\n\n\n<figure class=\"wp-block-image size-full\"><img loading=\"lazy\" decoding=\"async\" width=\"1272\" height=\"1064\" src=\"https:\/\/centcols.org\/wp-content\/uploads\/2025\/05\/Nant-Village-de-vacances.jpg\" alt=\"\" class=\"wp-image-82140\" style=\"object-fit:cover\" srcset=\"https:\/\/centcols.org\/wp-content\/uploads\/2025\/05\/Nant-Village-de-vacances.jpg 1272w, https:\/\/centcols.org\/wp-content\/uploads\/2025\/05\/Nant-Village-de-vacances-1200x1004.jpg 1200w, https:\/\/centcols.org\/wp-content\/uploads\/2025\/05\/Nant-Village-de-vacances-768x642.jpg 768w\" sizes=\"auto, (max-width: 1272px) 100vw, 1272px\" \/><\/figure>\n<\/div>\n\n\n\n<div class=\"wp-block-column is-layout-flow wp-block-column-is-layout-flow\" style=\"flex-basis:33.33%\">\n<div style=\"height:80px\" aria-hidden=\"true\" class=\"wp-block-spacer\"><\/div>\n\n\n\n<h2 class=\"wp-block-heading\">Anmerkung des Verwaltungsrats<\/h2>\n\n\n\n<p>Wenn Sie f\u00fcr Ihre Unterkunft anderswo als im Feriendorf sorgen, bitten wir Sie trotzdem, uns \u00fcber Ihre Teilnahme am Aufenthalt zu informieren, und zwar aus drei Gr\u00fcnden:<\/p>\n\n\n\n<ol class=\"wp-block-list\">\n<li>Um gemeinsame Veranstaltungen (Informationsveranstaltungen, Begr\u00fc\u00dfungs- und Abschiedstrinken) richtig dimensionieren zu k\u00f6nnen.<\/li>\n\n\n\n<li>Um eine Aufteilung in mehrere Gruppen auf den Strecken vorsehen zu k\u00f6nnen, um die Sicherheit jedes Einzelnen zu verbessern.<\/li>\n\n\n\n<li>Zur besseren Einsch\u00e4tzung aller unvorhergesehenen Ereignisse durch die Organisatoren.<\/li>\n<\/ol>\n<\/div>\n<\/div>\n\n\n\n<figure class=\"wp-block-gallery has-nested-images columns-2 is-cropped wp-block-gallery-3 is-layout-flex wp-block-gallery-is-layout-flex\">\n<figure class=\"wp-block-image size-full\"><a href=\"https:\/\/centcols.org\/wp-content\/uploads\/2019\/06\/2018.10-Nant-le-roc-nantais-2-014-r.jpg\"><img loading=\"lazy\" decoding=\"async\" width=\"800\" height=\"600\" data-id=\"88590\" src=\"https:\/\/centcols.org\/wp-content\/uploads\/2019\/06\/2018.10-Nant-le-roc-nantais-2-014-r.jpg\" alt=\"\" class=\"wp-image-88590\" srcset=\"https:\/\/centcols.org\/wp-content\/uploads\/2019\/06\/2018.10-Nant-le-roc-nantais-2-014-r.jpg 800w, https:\/\/centcols.org\/wp-content\/uploads\/2019\/06\/2018.10-Nant-le-roc-nantais-2-014-r-768x576.jpg 768w\" sizes=\"auto, (max-width: 800px) 100vw, 800px\" \/><\/a><figcaption class=\"wp-element-caption\">Nant - der Roc Nantais (Foto: Guy Cambessedes)<\/figcaption><\/figure>\n\n\n\n<figure class=\"wp-block-image size-full\"><a href=\"https:\/\/centcols.org\/wp-content\/uploads\/2025\/05\/2018.10-Nant-le-roc-nantais013-r.jpg\"><img loading=\"lazy\" decoding=\"async\" width=\"800\" height=\"600\" data-id=\"82137\" src=\"https:\/\/centcols.org\/wp-content\/uploads\/2025\/05\/2018.10-Nant-le-roc-nantais013-r.jpg\" alt=\"\" class=\"wp-image-82137\" srcset=\"https:\/\/centcols.org\/wp-content\/uploads\/2025\/05\/2018.10-Nant-le-roc-nantais013-r.jpg 800w, https:\/\/centcols.org\/wp-content\/uploads\/2025\/05\/2018.10-Nant-le-roc-nantais013-r-768x576.jpg 768w\" sizes=\"auto, (max-width: 800px) 100vw, 800px\" \/><\/a><figcaption class=\"wp-element-caption\">Nant - der Roc Nantais (Foto: Guy Cambessedes)<\/figcaption><\/figure>\n<\/figure>\n\n\n\n<h4 class=\"wp-block-heading\">Andere Unterkunftsm\u00f6glichkeiten<\/h4>\n\n\n\n<p>In unmittelbarer N\u00e4he der Domaine du Roc Nantais gibt es einen \u00f6ffentlichen Parkplatz: Das Parken von Wohnmobilen ist dort (und auf den anderen Parkpl\u00e4tzen der Gemeinde) erlaubt, es gibt jedoch keine Anschl\u00fcsse (Strom, Wasser usw.).<\/p>\n\n\n\n<h2 class=\"wp-block-heading\">Anmeldungen<\/h2>\n\n\n\n<p>Um sich anzumelden, laden Sie das PDF-Anmeldeformular mit dem untenstehenden Link herunter und folgen Sie den darin enthaltenen Anweisungen.<br>Bitte beachten Sie, dass das Anmeldeformular, das dieser Zeitschrift beiliegt und auf der Website des Clubs verf\u00fcgbar ist, Folgendes beinhaltet <strong>zwei Seiten<\/strong> (Achten Sie darauf, alle f\u00fcr Sie relevanten Rubriken auszuf\u00fcllen und unten auf der Seite zu unterschreiben) und die Bedingungen f\u00fcr den \u201cSolidarit\u00e4tsfonds\u201d, die Sie ebenfalls unterschreiben m\u00f6chten. Wenn Sie vorhaben, sich von Ihrem Partner\/Ihrer Partnerin begleiten zu lassen, achten Sie darauf, ihn\/sie vorher bei Ihrem Territorialen Delegierten als assoziiertes Mitglied anzumelden und vergessen Sie nicht, seine\/ihre Mitgliedsnummer in das daf\u00fcr vorgesehene Feld einzutragen. Wenn, und nur wenn, ein Teilnehmer keine FFCT-Lizenz besitzt, muss zus\u00e4tzlich die obligatorische Versicherung abgeschlossen werden. Der Beitrag zum Solidarit\u00e4tsfonds ist in den Anmeldegeb\u00fchren enthalten.<\/p>\n\n\n\n<p><strong>Je nachdem, wann Sie ankommen und wann Sie abreisen, ist die Pauschale nicht dieselbe:<\/strong><\/p>\n\n\n\n<ul class=\"wp-block-list\">\n<li>Wenn Sie am Freitag zum Abendessen ankommen und am Sonntag nach dem Mittagessen abreisen, nehmen Sie das Paket f\u00fcr 134\u20ac.<\/li>\n\n\n\n<li>Wenn Sie am Samstag zum Mittagessen ankommen und am Sonntagmorgen abreisen, nehmen Sie die Pauschale \u00bd Pension f\u00fcr 61\u20ac plus das Essen am 9. Mittag f\u00fcr 17,50\u20ac.<\/li>\n\n\n\n<li>Wenn Sie am Samstag zum Mittagessen ankommen und am Sonntag nach dem Mittagessen abreisen, nehmen Sie die Pauschalpension f\u00fcr 71\u20ac plus das Mittagessen am 9. Mittag f\u00fcr 17,50\u20ac.<\/li>\n\n\n\n<li>Wenn Sie ohne Unterkunft kommen (entweder AR am Tag oder Unterkunft auf eigene Faust), k\u00f6nnen Sie sich f\u00fcr das Mittagessen am Samstag (17,50\u20ac), das Abendessen am Samstag (21,50\u20ac) und\/oder das Mittagessen am Sonntag (17,50\u20ac) anmelden. Das Essen am Samstagabend wird verbessert.<\/li>\n\n\n\n<li>usw.<\/li>\n<\/ul>\n\n\n\n<p>Einige k\u00f6nnten versucht sein <strong>ihren Aufenthalt bis Montag, den 11. November, verl\u00e4ngern<\/strong>. Wir haben mit dem Gastgeber die M\u00f6glichkeit ausgehandelt, eine weitere Nacht (von Sonntag auf Montag) mit Fr\u00fchst\u00fcck am Montagmorgen zu schlafen. Dies ist der Gegenstand der Zeile \u201cOption\u201d f\u00fcr 33\u20ac. Hingegen wird es am Sonntagabend a priori kein Essen geben, jeder ist daf\u00fcr selbst verantwortlich.<\/p>\n\n\n\n<p>Sie k\u00f6nnen den Anmeldebetrag per Scheck oder per \u00dcberweisung auf das Konto des Clubs begleichen. Aufgrund der zus\u00e4tzlich berechneten Geb\u00fchren nehmen wir keine Zahlungen per PayPal an.<\/p>\n\n\n\n<p>Die Zuordnung der Mitglieder erfolgt in der Reihenfolge, in der Sie den Scheck oder die \u00dcberweisung einreichen. Bei ersterem gilt der Poststempel, bei letzterem achten Sie bitte darauf, uns eine Kopie des \u00dcberweisungsauftrags zu schicken. Wenn der Aufenthalt ausgebucht ist, wird eine Warteliste eingerichtet, f\u00fcr die die gleichen Regeln gelten wie f\u00fcr direkte Anmeldungen.<\/p>\n\n\n\n<h3 class=\"wp-block-heading\"><strong>Newsletter herunterladen :<\/strong><\/h3>\n\n\n\n<ul class=\"wp-block-list\">\n<li>Anmeldeformular Nant<\/li>\n\n\n\n<li>Modulo d'Iscrizione Nant<\/li>\n\n\n\n<li>Anmeldung form Nant<\/li>\n<\/ul>\n\n\n\n<p>Die Frist f\u00fcr den Eingang der Anmeldungen wurde am <strong>30. September 2019.<\/strong><\/p>\n\n\n\n<h3 class=\"wp-block-heading\"><strong>Trombinoskop, das ist neu :<\/strong><\/h3>\n\n\n\n<p>Wenn wir uns bei Aufenthalten (und anderen Veranstaltungen) treffen, treffen wir viele Freunde und bekannte Gesichter, aber wir sind uns nicht sicher, ob wir alle ihre Namen kennen, und wir trauen uns nicht immer, es zuzugeben und danach zu fragen. Um dies zu \u00e4ndern, schlagen wir vor, wie auf der GV in B\u00e9doin angek\u00fcndigt, jedem Teilnehmer an den Aufenthalten ein einfaches Tambinoskop der Anwesenden zu \u00fcberreichen, mit dem Foto, dem Namen und der Mitgliedsnummer all derjenigen, die (entweder vorher oder mit ihrer Anmeldung) ihr Foto und die Erlaubnis zur Ver\u00f6ffentlichung auf der Tambinoskop-Seite der Club-Website \u00fcbermittelt haben. Sie k\u00f6nnen ein digitales Foto Ihres einzigen Gesichts \u00fcbermitteln als <strong>JPG-Datei<\/strong> von guter Aufl\u00f6sung und Qualit\u00e4t, mit einem Verh\u00e4ltnis von Breite zu H\u00f6he von \u00be, mit deutlicher Angabe Ihres Namens und Mitglieds-Nr., an <a href=\"javascript:;\">photodemembre@centcols.org<\/a>, oder direkt an <a href=\"javascript:;\">sejours@centcols.org<\/a> der es weiterleitet. Achten Sie darauf, dass Sie auf dem Anmeldeformular das K\u00e4stchen Ja oder Nein ankreuzen, je nachdem, ob Sie zustimmen oder nicht. Wenn kein K\u00e4stchen angekreuzt ist, gilt die Antwort als negativ. Wenn Sie ein Papierfoto zusammen mit dem Anmeldeformular einreichen, wird dieses nur f\u00fcr das Tambinoskop des Aufenthalts verwendet.<\/p>\n\n\n<div class=\"wp-block-image\">\n<figure class=\"aligncenter size-full\"><a href=\"https:\/\/centcols.org\/wp-content\/uploads\/2019\/06\/2018.10-Nant-templier-moderne012-r.jpg\"><img loading=\"lazy\" decoding=\"async\" width=\"800\" height=\"600\" src=\"https:\/\/centcols.org\/wp-content\/uploads\/2019\/06\/2018.10-Nant-templier-moderne012-r.jpg\" alt=\"\" class=\"wp-image-88591\" srcset=\"https:\/\/centcols.org\/wp-content\/uploads\/2019\/06\/2018.10-Nant-templier-moderne012-r.jpg 800w, https:\/\/centcols.org\/wp-content\/uploads\/2019\/06\/2018.10-Nant-templier-moderne012-r-768x576.jpg 768w\" sizes=\"auto, (max-width: 800px) 100vw, 800px\" \/><\/a><\/figure>\n<\/div>\n\n\n<h2 class=\"wp-block-heading\">Generalversammlung des \"Club des Cent Cols<\/h2>\n\n\n\n<p>Sie wird am Samstagnachmittag vor Ort stattfinden. Weitere Informationen finden Sie auf der Seite&nbsp;<a href=\"https:\/\/centcols.org\/de\/ag-2019-nant\/\" target=\"_blank\" rel=\"noreferrer noopener\"><strong>Generalversammlung<\/strong><\/a>.<\/p>\n\n\n\n<p>Die Einberufung und die satzungsgem\u00e4\u00dfen Dokumente werden wie \u00fcblich \u00fcber ein Info Cent Cols im Oktober verteilt und auf der Website verf\u00fcgbar sein.<\/p>\n\n\n\n<p>Am Ende der Arbeiten wird es einen Umtrunk geben, bei dem wir uns in einer weniger protokollarischen Form treffen k\u00f6nnen.<\/p>\n\n\n\n<h2 class=\"wp-block-heading\">Andere Aktivit\u00e4ten oder Besuche<\/h2>\n\n\n\n<p>F\u00fcr Begleitpersonen k\u00f6nnen wir einige Besichtigungen in der N\u00e4he von Nant vorschlagen.<\/p>\n\n\n\n<ul class=\"wp-block-list\">\n<li>La Couvertoirade und La Cavalerie, Templerst\u00e4dte<\/li>\n\n\n\n<li>Die Weinkeller von Roquefort<\/li>\n\n\n\n<li>Millau und sein Viadukt<\/li>\n\n\n\n<li>Die D\u00f6rfer an der Dourbie (Les Cuns, Cantobre, Saint-V\u00e9ran und La Roque-Sainte-Marguerite)<\/li>\n<\/ul>","protected":false},"excerpt":{"rendered":"<p>Ont contribu\u00e9 \u00e0 cette page de pr\u00e9sentation du s\u00e9jour les responsables informatique et s\u00e9jours C&rsquo;est \u00e0 Nant dans l&rsquo;Aveyron que nous nous retrouverons pour le s\u00e9jour d&rsquo;automne et l&rsquo;Assembl\u00e9e G\u00e9n\u00e9rale de 2019. Quelques \u00e9l\u00e9ments de programme : Un accueil sera assur\u00e9 sur place le vendredi \u00e0 partir de 16h30. Les chambres seront disponibles d\u00e8s 17h [&hellip;]<\/p>\n","protected":false},"author":3,"featured_media":0,"comment_status":"closed","ping_status":"closed","sticky":false,"template":"","format":"standard","meta":{"_acf_changed":false,"footnotes":""},"categories":[349,383,384,363,408,231],"tags":[],"class_list":["post-82135","post","type-post","status-publish","format-standard","hentry","category-france-pays-sejours","category-12-aveyron","category-occitanie-region-sejours","category-massif-central-massif-sejours","category-grands-causses","category-sejours"],"acf":[],"yoast_head":"<!-- This site is optimized with the Yoast SEO plugin v27.2 - https:\/\/yoast.com\/product\/yoast-seo-wordpress\/ -->\n<title>S\u00e9jour d&#039;automne et assembl\u00e9e g\u00e9n\u00e9rale \u00e0 Nant (Aveyron), 8 au 10 novembre 2019 - Club des Cent Cols<\/title>\n<meta name=\"robots\" content=\"index, follow, max-snippet:-1, max-image-preview:large, max-video-preview:-1\" \/>\n<link rel=\"canonical\" href=\"https:\/\/centcols.org\/de\/ag-2019-nant\/\" \/>\n<meta property=\"og:locale\" content=\"de_DE\" \/>\n<meta property=\"og:type\" content=\"article\" \/>\n<meta property=\"og:title\" content=\"S\u00e9jour d&#039;automne et assembl\u00e9e g\u00e9n\u00e9rale \u00e0 Nant (Aveyron), 8 au 10 novembre 2019 - Club des Cent Cols\" \/>\n<meta property=\"og:description\" content=\"Ont contribu\u00e9 \u00e0 cette page de pr\u00e9sentation du s\u00e9jour les responsables informatique et s\u00e9jours C&rsquo;est \u00e0 Nant dans l&rsquo;Aveyron que nous nous retrouverons pour le s\u00e9jour d&rsquo;automne et l&rsquo;Assembl\u00e9e G\u00e9n\u00e9rale de 2019. Quelques \u00e9l\u00e9ments de programme : Un accueil sera assur\u00e9 sur place le vendredi \u00e0 partir de 16h30. Les chambres seront disponibles d\u00e8s 17h [&hellip;]\" \/>\n<meta property=\"og:url\" content=\"https:\/\/centcols.org\/de\/ag-2019-nant\/\" \/>\n<meta property=\"og:site_name\" content=\"Club des Cent Cols\" \/>\n<meta property=\"article:publisher\" content=\"https:\/\/www.facebook.com\/groups\/5261880558\/?locale=fr_FR\" \/>\n<meta property=\"article:published_time\" content=\"2019-06-04T19:27:38+00:00\" \/>\n<meta property=\"article:modified_time\" content=\"2025-09-14T17:38:56+00:00\" \/>\n<meta property=\"og:image\" content=\"https:\/\/centcols.org\/wp-content\/uploads\/2025\/05\/2018.10-Nant-vue-generale017-r.jpg\" \/>\n\t<meta property=\"og:image:width\" content=\"800\" \/>\n\t<meta property=\"og:image:height\" content=\"600\" \/>\n\t<meta property=\"og:image:type\" content=\"image\/jpeg\" \/>\n<meta name=\"author\" content=\"Webmestre\" \/>\n<meta name=\"twitter:card\" content=\"summary_large_image\" \/>\n<meta name=\"twitter:label1\" content=\"Verfasst von\" \/>\n\t<meta name=\"twitter:data1\" content=\"Webmestre\" \/>\n\t<meta name=\"twitter:label2\" content=\"Gesch\u00e4tzte Lesezeit\" \/>\n\t<meta name=\"twitter:data2\" content=\"13\u00a0Minuten\" \/>\n<script type=\"application\/ld+json\" class=\"yoast-schema-graph\">{\"@context\":\"https:\/\/schema.org\",\"@graph\":[{\"@type\":\"Article\",\"@id\":\"https:\/\/centcols.org\/ag-2019-nant\/#article\",\"isPartOf\":{\"@id\":\"https:\/\/centcols.org\/ag-2019-nant\/\"},\"author\":{\"name\":\"Webmestre\",\"@id\":\"https:\/\/centcols.org\/#\/schema\/person\/911b404fb133d8c913dd27cdcf71c8e5\"},\"headline\":\"S\u00e9jour d&rsquo;automne et assembl\u00e9e g\u00e9n\u00e9rale \u00e0 Nant (Aveyron), 8 au 10 novembre 2019\",\"datePublished\":\"2019-06-04T19:27:38+00:00\",\"dateModified\":\"2025-09-14T17:38:56+00:00\",\"mainEntityOfPage\":{\"@id\":\"https:\/\/centcols.org\/ag-2019-nant\/\"},\"wordCount\":1788,\"publisher\":{\"@id\":\"https:\/\/centcols.org\/#organization\"},\"image\":{\"@id\":\"https:\/\/centcols.org\/ag-2019-nant\/#primaryimage\"},\"thumbnailUrl\":\"https:\/\/centcols.org\/wp-content\/uploads\/2025\/05\/2018.10-Nant-vue-generale017-r.jpg\",\"articleSection\":[\"France\",\"12-Aveyron\",\"Occitanie\",\"Massif Central\",\"Grands Causses\",\"S\u00e9jours du Club des Cent Cols\"],\"inLanguage\":\"de\"},{\"@type\":\"WebPage\",\"@id\":\"https:\/\/centcols.org\/ag-2019-nant\/\",\"url\":\"https:\/\/centcols.org\/ag-2019-nant\/\",\"name\":\"S\u00e9jour d'automne et assembl\u00e9e g\u00e9n\u00e9rale \u00e0 Nant (Aveyron), 8 au 10 novembre 2019 - Club des Cent Cols\",\"isPartOf\":{\"@id\":\"https:\/\/centcols.org\/#website\"},\"primaryImageOfPage\":{\"@id\":\"https:\/\/centcols.org\/ag-2019-nant\/#primaryimage\"},\"image\":{\"@id\":\"https:\/\/centcols.org\/ag-2019-nant\/#primaryimage\"},\"thumbnailUrl\":\"https:\/\/centcols.org\/wp-content\/uploads\/2025\/05\/2018.10-Nant-vue-generale017-r.jpg\",\"datePublished\":\"2019-06-04T19:27:38+00:00\",\"dateModified\":\"2025-09-14T17:38:56+00:00\",\"breadcrumb\":{\"@id\":\"https:\/\/centcols.org\/ag-2019-nant\/#breadcrumb\"},\"inLanguage\":\"de\",\"potentialAction\":[{\"@type\":\"ReadAction\",\"target\":[\"https:\/\/centcols.org\/ag-2019-nant\/\"]}]},{\"@type\":\"ImageObject\",\"inLanguage\":\"de\",\"@id\":\"https:\/\/centcols.org\/ag-2019-nant\/#primaryimage\",\"url\":\"https:\/\/centcols.org\/wp-content\/uploads\/2025\/05\/2018.10-Nant-vue-generale017-r.jpg\",\"contentUrl\":\"https:\/\/centcols.org\/wp-content\/uploads\/2025\/05\/2018.10-Nant-vue-generale017-r.jpg\"},{\"@type\":\"BreadcrumbList\",\"@id\":\"https:\/\/centcols.org\/ag-2019-nant\/#breadcrumb\",\"itemListElement\":[{\"@type\":\"ListItem\",\"position\":1,\"name\":\"Accueil\",\"item\":\"https:\/\/centcols.org\/\"},{\"@type\":\"ListItem\",\"position\":2,\"name\":\"S\u00e9jours du Club des Cent Cols\",\"item\":\"https:\/\/centcols.org\/rubrique\/sejours\/\"},{\"@type\":\"ListItem\",\"position\":3,\"name\":\"Pays\",\"item\":\"https:\/\/centcols.org\/rubrique\/sejours\/pays-sejours\/\"},{\"@type\":\"ListItem\",\"position\":4,\"name\":\"France\",\"item\":\"https:\/\/centcols.org\/rubrique\/sejours\/pays-sejours\/france-pays-sejours\/\"},{\"@type\":\"ListItem\",\"position\":5,\"name\":\"S\u00e9jour d&rsquo;automne et assembl\u00e9e g\u00e9n\u00e9rale \u00e0 Nant (Aveyron), 8 au 10 novembre 2019\"}]},{\"@type\":\"WebSite\",\"@id\":\"https:\/\/centcols.org\/#website\",\"url\":\"https:\/\/centcols.org\/\",\"name\":\"Club des Cent Cols\",\"description\":\"\",\"publisher\":{\"@id\":\"https:\/\/centcols.org\/#organization\"},\"potentialAction\":[{\"@type\":\"SearchAction\",\"target\":{\"@type\":\"EntryPoint\",\"urlTemplate\":\"https:\/\/centcols.org\/?s={search_term_string}\"},\"query-input\":{\"@type\":\"PropertyValueSpecification\",\"valueRequired\":true,\"valueName\":\"search_term_string\"}}],\"inLanguage\":\"de\"},{\"@type\":\"Organization\",\"@id\":\"https:\/\/centcols.org\/#organization\",\"name\":\"Club des Cent Cols\",\"url\":\"https:\/\/centcols.org\/\",\"logo\":{\"@type\":\"ImageObject\",\"inLanguage\":\"de\",\"@id\":\"https:\/\/centcols.org\/#\/schema\/logo\/image\/\",\"url\":\"https:\/\/centcols.org\/wp-content\/uploads\/2025\/01\/carte-icone.png\",\"contentUrl\":\"https:\/\/centcols.org\/wp-content\/uploads\/2025\/01\/carte-icone.png\",\"width\":250,\"height\":250,\"caption\":\"Club des Cent Cols\"},\"image\":{\"@id\":\"https:\/\/centcols.org\/#\/schema\/logo\/image\/\"},\"sameAs\":[\"https:\/\/www.facebook.com\/groups\/5261880558\/?locale=fr_FR\"]},{\"@type\":\"Person\",\"@id\":\"https:\/\/centcols.org\/#\/schema\/person\/911b404fb133d8c913dd27cdcf71c8e5\",\"name\":\"Webmestre\",\"image\":{\"@type\":\"ImageObject\",\"inLanguage\":\"de\",\"@id\":\"https:\/\/centcols.org\/wp-content\/litespeed\/avatar\/2d246e4b6b4f773e08515e1ffc53690b.jpg?ver=1777222892\",\"url\":\"https:\/\/centcols.org\/wp-content\/litespeed\/avatar\/2d246e4b6b4f773e08515e1ffc53690b.jpg?ver=1777222892\",\"contentUrl\":\"https:\/\/centcols.org\/wp-content\/litespeed\/avatar\/2d246e4b6b4f773e08515e1ffc53690b.jpg?ver=1777222892\",\"caption\":\"Webmestre\"},\"url\":\"https:\/\/centcols.org\/de\/author\/webmestre\/\"}]}<\/script>\n<!-- \/ Yoast SEO plugin. -->","yoast_head_json":{"title":"Herbstaufenthalt und Generalversammlung in Nant (Aveyron), 8. bis 10. November 2019 - Club des Cent Cols","robots":{"index":"index","follow":"follow","max-snippet":"max-snippet:-1","max-image-preview":"max-image-preview:large","max-video-preview":"max-video-preview:-1"},"canonical":"https:\/\/centcols.org\/de\/ag-2019-nant\/","og_locale":"de_DE","og_type":"article","og_title":"S\u00e9jour d'automne et assembl\u00e9e g\u00e9n\u00e9rale \u00e0 Nant (Aveyron), 8 au 10 novembre 2019 - Club des Cent Cols","og_description":"Ont contribu\u00e9 \u00e0 cette page de pr\u00e9sentation du s\u00e9jour les responsables informatique et s\u00e9jours C&rsquo;est \u00e0 Nant dans l&rsquo;Aveyron que nous nous retrouverons pour le s\u00e9jour d&rsquo;automne et l&rsquo;Assembl\u00e9e G\u00e9n\u00e9rale de 2019. Quelques \u00e9l\u00e9ments de programme : Un accueil sera assur\u00e9 sur place le vendredi \u00e0 partir de 16h30. Les chambres seront disponibles d\u00e8s 17h [&hellip;]","og_url":"https:\/\/centcols.org\/de\/ag-2019-nant\/","og_site_name":"Club des Cent Cols","article_publisher":"https:\/\/www.facebook.com\/groups\/5261880558\/?locale=fr_FR","article_published_time":"2019-06-04T19:27:38+00:00","article_modified_time":"2025-09-14T17:38:56+00:00","og_image":[{"width":800,"height":600,"url":"https:\/\/centcols.org\/wp-content\/uploads\/2025\/05\/2018.10-Nant-vue-generale017-r.jpg","type":"image\/jpeg"}],"author":"Webmestre","twitter_card":"summary_large_image","twitter_misc":{"Verfasst von":"Webmestre","Gesch\u00e4tzte Lesezeit":"13\u00a0Minuten"},"schema":{"@context":"https:\/\/schema.org","@graph":[{"@type":"Article","@id":"https:\/\/centcols.org\/ag-2019-nant\/#article","isPartOf":{"@id":"https:\/\/centcols.org\/ag-2019-nant\/"},"author":{"name":"Webmestre","@id":"https:\/\/centcols.org\/#\/schema\/person\/911b404fb133d8c913dd27cdcf71c8e5"},"headline":"S\u00e9jour d&rsquo;automne et assembl\u00e9e g\u00e9n\u00e9rale \u00e0 Nant (Aveyron), 8 au 10 novembre 2019","datePublished":"2019-06-04T19:27:38+00:00","dateModified":"2025-09-14T17:38:56+00:00","mainEntityOfPage":{"@id":"https:\/\/centcols.org\/ag-2019-nant\/"},"wordCount":1788,"publisher":{"@id":"https:\/\/centcols.org\/#organization"},"image":{"@id":"https:\/\/centcols.org\/ag-2019-nant\/#primaryimage"},"thumbnailUrl":"https:\/\/centcols.org\/wp-content\/uploads\/2025\/05\/2018.10-Nant-vue-generale017-r.jpg","articleSection":["France","12-Aveyron","Occitanie","Massif Central","Grands Causses","S\u00e9jours du Club des Cent Cols"],"inLanguage":"de"},{"@type":"WebPage","@id":"https:\/\/centcols.org\/ag-2019-nant\/","url":"https:\/\/centcols.org\/ag-2019-nant\/","name":"Herbstaufenthalt und Generalversammlung in Nant (Aveyron), 8. bis 10. November 2019 - Club des Cent Cols","isPartOf":{"@id":"https:\/\/centcols.org\/#website"},"primaryImageOfPage":{"@id":"https:\/\/centcols.org\/ag-2019-nant\/#primaryimage"},"image":{"@id":"https:\/\/centcols.org\/ag-2019-nant\/#primaryimage"},"thumbnailUrl":"https:\/\/centcols.org\/wp-content\/uploads\/2025\/05\/2018.10-Nant-vue-generale017-r.jpg","datePublished":"2019-06-04T19:27:38+00:00","dateModified":"2025-09-14T17:38:56+00:00","breadcrumb":{"@id":"https:\/\/centcols.org\/ag-2019-nant\/#breadcrumb"},"inLanguage":"de","potentialAction":[{"@type":"ReadAction","target":["https:\/\/centcols.org\/ag-2019-nant\/"]}]},{"@type":"ImageObject","inLanguage":"de","@id":"https:\/\/centcols.org\/ag-2019-nant\/#primaryimage","url":"https:\/\/centcols.org\/wp-content\/uploads\/2025\/05\/2018.10-Nant-vue-generale017-r.jpg","contentUrl":"https:\/\/centcols.org\/wp-content\/uploads\/2025\/05\/2018.10-Nant-vue-generale017-r.jpg"},{"@type":"BreadcrumbList","@id":"https:\/\/centcols.org\/ag-2019-nant\/#breadcrumb","itemListElement":[{"@type":"ListItem","position":1,"name":"Accueil","item":"https:\/\/centcols.org\/"},{"@type":"ListItem","position":2,"name":"S\u00e9jours du Club des Cent Cols","item":"https:\/\/centcols.org\/rubrique\/sejours\/"},{"@type":"ListItem","position":3,"name":"Pays","item":"https:\/\/centcols.org\/rubrique\/sejours\/pays-sejours\/"},{"@type":"ListItem","position":4,"name":"France","item":"https:\/\/centcols.org\/rubrique\/sejours\/pays-sejours\/france-pays-sejours\/"},{"@type":"ListItem","position":5,"name":"S\u00e9jour d&rsquo;automne et assembl\u00e9e g\u00e9n\u00e9rale \u00e0 Nant (Aveyron), 8 au 10 novembre 2019"}]},{"@type":"WebSite","@id":"https:\/\/centcols.org\/#website","url":"https:\/\/centcols.org\/","name":"Club des Cent Cols","description":"","publisher":{"@id":"https:\/\/centcols.org\/#organization"},"potentialAction":[{"@type":"SearchAction","target":{"@type":"EntryPoint","urlTemplate":"https:\/\/centcols.org\/?s={search_term_string}"},"query-input":{"@type":"PropertyValueSpecification","valueRequired":true,"valueName":"search_term_string"}}],"inLanguage":"de"},{"@type":"Organization","@id":"https:\/\/centcols.org\/#organization","name":"Club des Cent Cols","url":"https:\/\/centcols.org\/","logo":{"@type":"ImageObject","inLanguage":"de","@id":"https:\/\/centcols.org\/#\/schema\/logo\/image\/","url":"https:\/\/centcols.org\/wp-content\/uploads\/2025\/01\/carte-icone.png","contentUrl":"https:\/\/centcols.org\/wp-content\/uploads\/2025\/01\/carte-icone.png","width":250,"height":250,"caption":"Club des Cent Cols"},"image":{"@id":"https:\/\/centcols.org\/#\/schema\/logo\/image\/"},"sameAs":["https:\/\/www.facebook.com\/groups\/5261880558\/?locale=fr_FR"]},{"@type":"Person","@id":"https:\/\/centcols.org\/#\/schema\/person\/911b404fb133d8c913dd27cdcf71c8e5","name":"Webmaster","image":{"@type":"ImageObject","inLanguage":"de","@id":"https:\/\/centcols.org\/wp-content\/litespeed\/avatar\/2d246e4b6b4f773e08515e1ffc53690b.jpg?ver=1777222892","url":"https:\/\/centcols.org\/wp-content\/litespeed\/avatar\/2d246e4b6b4f773e08515e1ffc53690b.jpg?ver=1777222892","contentUrl":"https:\/\/centcols.org\/wp-content\/litespeed\/avatar\/2d246e4b6b4f773e08515e1ffc53690b.jpg?ver=1777222892","caption":"Webmestre"},"url":"https:\/\/centcols.org\/de\/author\/webmestre\/"}]}},"_links":{"self":[{"href":"https:\/\/centcols.org\/de\/wp-json\/wp\/v2\/posts\/82135","targetHints":{"allow":["GET"]}}],"collection":[{"href":"https:\/\/centcols.org\/de\/wp-json\/wp\/v2\/posts"}],"about":[{"href":"https:\/\/centcols.org\/de\/wp-json\/wp\/v2\/types\/post"}],"author":[{"embeddable":true,"href":"https:\/\/centcols.org\/de\/wp-json\/wp\/v2\/users\/3"}],"replies":[{"embeddable":true,"href":"https:\/\/centcols.org\/de\/wp-json\/wp\/v2\/comments?post=82135"}],"version-history":[{"count":0,"href":"https:\/\/centcols.org\/de\/wp-json\/wp\/v2\/posts\/82135\/revisions"}],"wp:attachment":[{"href":"https:\/\/centcols.org\/de\/wp-json\/wp\/v2\/media?parent=82135"}],"wp:term":[{"taxonomy":"category","embeddable":true,"href":"https:\/\/centcols.org\/de\/wp-json\/wp\/v2\/categories?post=82135"},{"taxonomy":"post_tag","embeddable":true,"href":"https:\/\/centcols.org\/de\/wp-json\/wp\/v2\/tags?post=82135"}],"curies":[{"name":"wp","href":"https:\/\/api.w.org\/{rel}","templated":true}]}}