{"id":82184,"date":"2019-11-25T10:43:58","date_gmt":"2019-11-25T08:43:58","guid":{"rendered":"https:\/\/centcols.org\/vosges-col-sainte-genevieve-29-aout-2020\/"},"modified":"2025-10-14T14:28:51","modified_gmt":"2025-10-14T12:28:51","slug":"vosges-col-sainte-genevieve-29-august-2020","status":"publish","type":"post","link":"https:\/\/centcols.org\/de\/vosges-col-sainte-genevieve-29-aout-2020\/","title":{"rendered":"Vogesen, Col Sainte Genevi\u00e8ve, 29. August 2020"},"content":{"rendered":"\n<p>Samedi 29 ao\u00fbt 2020, Vosges<\/p>\n\n\n\n<h3 class=\"wp-block-heading\">Accueil 8 h 00, d\u00e9part \u00e0 9 h 00<\/h3>\n\n\n\n<p class=\"western\"><span style=\"color: #222222;\"><span style=\"font-family: Arial, Helvetica, sans-serif;\"><span style=\"font-size: medium;\">La rencontre se fera au col de Sainte-Genevi\u00e8ve sur la commune de Dommartemont (54310) \u00e0 6 km au Nord-Ouest de Nancy. <\/span><\/span><\/span><span style=\"color: #222222;\"><span style=\"font-family: Arial, Helvetica, sans-serif;\"><span style=\"font-size: medium;\">L&rsquo;accueil, le d\u00e9part et le pot d&rsquo;arriv\u00e9e auront lieu sur le plateau de Dommartemont au bout de la rue du pain de sucre sur le grand parking rep\u00e9r\u00e9 sur la carte avec la fl\u00e8che noire.&nbsp;<\/span><\/span><\/span><\/p>\n\n\n\n<figure class=\"wp-block-image size-full\"><img loading=\"lazy\" decoding=\"async\" width=\"815\" height=\"436\" src=\"https:\/\/centcols.org\/wp-content\/uploads\/2019\/11\/parc.jpg\" alt=\"\" class=\"wp-image-89412\" srcset=\"https:\/\/centcols.org\/wp-content\/uploads\/2019\/11\/parc.jpg 815w, https:\/\/centcols.org\/wp-content\/uploads\/2019\/11\/parc-768x411.jpg 768w, https:\/\/centcols.org\/wp-content\/uploads\/2019\/11\/parc-18x10.jpg 18w\" sizes=\"auto, (max-width: 815px) 100vw, 815px\" \/><\/figure>\n\n\n\n<figure class=\"wp-block-gallery has-nested-images columns-2 is-cropped wp-block-gallery-1 is-layout-flex wp-block-gallery-is-layout-flex\">\n<figure class=\"wp-block-image size-large\"><img loading=\"lazy\" decoding=\"async\" width=\"1007\" height=\"566\" data-id=\"89414\" src=\"https:\/\/centcols.org\/wp-content\/uploads\/2019\/11\/parc1.jpg\" alt=\"\" class=\"wp-image-89414\" srcset=\"https:\/\/centcols.org\/wp-content\/uploads\/2019\/11\/parc1.jpg 1007w, https:\/\/centcols.org\/wp-content\/uploads\/2019\/11\/parc1-768x432.jpg 768w, https:\/\/centcols.org\/wp-content\/uploads\/2019\/11\/parc1-18x10.jpg 18w\" sizes=\"auto, (max-width: 1007px) 100vw, 1007px\" \/><\/figure>\n\n\n\n<figure class=\"wp-block-image size-large\"><img loading=\"lazy\" decoding=\"async\" width=\"1007\" height=\"566\" data-id=\"89413\" src=\"https:\/\/centcols.org\/wp-content\/uploads\/2019\/11\/parc2.jpg\" alt=\"\" class=\"wp-image-89413\" srcset=\"https:\/\/centcols.org\/wp-content\/uploads\/2019\/11\/parc2.jpg 1007w, https:\/\/centcols.org\/wp-content\/uploads\/2019\/11\/parc2-768x432.jpg 768w, https:\/\/centcols.org\/wp-content\/uploads\/2019\/11\/parc2-18x10.jpg 18w\" sizes=\"auto, (max-width: 1007px) 100vw, 1007px\" \/><\/figure>\n<\/figure>\n\n\n\n<h3 class=\"wp-block-heading\">Acc\u00e8s<\/h3>\n\n\n\n<p class=\"western\"><span style=\"color: #222222;\"><span style=\"font-family: Arial, Helvetica, sans-serif;\"><span style=\"font-size: medium;\">&nbsp;&#8211; En venant de l&rsquo;est, l&rsquo;acc\u00e8s&nbsp; se fait par la D674, dans Essey-Les-Nancy, prendre \u00e0 droite la D913 direction Agincourt, puis avant de passer sur la D83, tourner \u00e0 gauche vers Dommartemont.<br>&#8211;&nbsp;<\/span><\/span><\/span><span style=\"color: #222222;\"><span style=\"font-family: Arial, Helvetica, sans-serif;\"><span style=\"font-size: medium;\">En venant du nord, l&rsquo;acc\u00e8s se fait par autoroute A31, sortie Bouxi\u00e8res-Aux-Dames, D321, D322, direction Nomeny, puis Agincourt, apr\u00e8s le passage au-dessus de la D83, continuer vers Dommartemont.<br>&#8211;&nbsp;<\/span><\/span><\/span><span style=\"color: #222222;\"><span style=\"font-family: Arial, Helvetica, sans-serif;\"><span style=\"font-size: medium;\">En venant du sud et l&rsquo;ouest, l&rsquo;acc\u00e8s par se fait par l&rsquo;autoroute A330, prolonger par D674, puis direction Nomeny,puis avant de prendre la D83, rejoindre Essey-Les-Nancy, prendre \u00e0 droite la D913 direction Agincourt, puis avant de passer sur la D83, \u00e0 gauche vers Dommartemont.<\/span><\/span><\/span><\/p>\n\n\n\n<h3 class=\"wp-block-heading\">Parcours :<\/h3>\n\n\n\n<p class=\"western\"><span style=\"color: #222222;\"><span style=\"font-family: Arial, Helvetica, sans-serif;\"><span style=\"font-size: medium;\">&nbsp;&#8211; Le parcours passera par le col de Bratte FR-54-0346, le col de Millery FR-54-0261, le col de serri\u00e8res FR-54-0282, le col de Sivry FR-54-0330, le col de Moivrons FR-54-0359 (tous routiers \u00e0 para\u00eetre dans l&rsquo;additif 2020), le col de Vassuchamps FR-54-0361 (R1) et enfin le col de sainte Genevi\u00e8ve FR-54-0348 routier.<br>&#8211;&nbsp;<\/span><\/span><\/span><span style=\"color: #222222;\"><span style=\"font-family: Arial, Helvetica, sans-serif;\"><span style=\"font-size: medium;\">Le parcours essentiellement routier s&rsquo;effectuera sur des pistes cyclables (grande partie commune route et VTT).<\/span><\/span><\/span><\/p>\n\n\n\n<h3 class=\"wp-block-heading\">Traces GPS :<\/h3>\n\n\n\n<p>A t\u00e9l\u00e9charger ici : <a href=\"https:\/\/centcols.org\/wp-content\/uploads\/2025\/09\/vosges-route.zip\">Route<\/a>&nbsp; &nbsp; <a href=\"https:\/\/centcols.org\/wp-content\/uploads\/2025\/09\/vosges-vtt.zip\">VTT<\/a><\/p>\n\n\n\n<h3 class=\"wp-block-heading\">Contact<\/h3>\n\n\n\n<p>Denis Mathieu<br>06 85 20 02 55<br>[email]&#100;&#x65;&#x6e;i&#46;&#x6d;a&#116;&#x68;i&#101;&#x75;&#64;&#111;&#x72;&#x61;&#110;&#x67;&#x65;&#46;&#102;&#x72;[\/email]<\/p>\n\n\n\n\n\n\n","protected":false},"excerpt":{"rendered":"<p>Samedi 29 ao\u00fbt 2020, Vosges Accueil 8 h 00, d\u00e9part \u00e0 9 h 00 La rencontre se fera au col de Sainte-Genevi\u00e8ve sur la commune de Dommartemont (54310) \u00e0 6 km au Nord-Ouest de Nancy. L&rsquo;accueil, le d\u00e9part et le pot d&rsquo;arriv\u00e9e auront lieu sur le plateau de Dommartemont au bout de la rue du [&hellip;]<\/p>\n","protected":false},"author":136,"featured_media":82185,"comment_status":"closed","ping_status":"closed","sticky":false,"template":"","format":"standard","meta":{"_acf_changed":false,"footnotes":""},"categories":[286,135,216],"tags":[],"class_list":["post-82184","post","type-post","status-publish","format-standard","has-post-thumbnail","hentry","category-les-rassemblements-de-2020","category-calendrier","category-rencontres-regionales"],"acf":[],"yoast_head":"<!-- This site is optimized with the Yoast SEO plugin v27.2 - https:\/\/yoast.com\/product\/yoast-seo-wordpress\/ -->\n<title>Vosges, col Sainte Genevi\u00e8ve, 29 ao\u00fbt 2020 - Club des Cent Cols<\/title>\n<meta name=\"robots\" content=\"index, follow, max-snippet:-1, max-image-preview:large, max-video-preview:-1\" \/>\n<link rel=\"canonical\" href=\"https:\/\/centcols.org\/de\/vosges-col-sainte-genevieve-29-august-2020\/\" \/>\n<meta property=\"og:locale\" content=\"de_DE\" \/>\n<meta property=\"og:type\" content=\"article\" \/>\n<meta property=\"og:title\" content=\"Vosges, col Sainte Genevi\u00e8ve, 29 ao\u00fbt 2020 - Club des Cent Cols\" \/>\n<meta property=\"og:description\" content=\"Samedi 29 ao\u00fbt 2020, Vosges Accueil 8 h 00, d\u00e9part \u00e0 9 h 00 La rencontre se fera au col de Sainte-Genevi\u00e8ve sur la commune de Dommartemont (54310) \u00e0 6 km au Nord-Ouest de Nancy. L&rsquo;accueil, le d\u00e9part et le pot d&rsquo;arriv\u00e9e auront lieu sur le plateau de Dommartemont au bout de la rue du [&hellip;]\" \/>\n<meta property=\"og:url\" content=\"https:\/\/centcols.org\/de\/vosges-col-sainte-genevieve-29-august-2020\/\" \/>\n<meta property=\"og:site_name\" content=\"Club des Cent Cols\" \/>\n<meta property=\"article:publisher\" content=\"https:\/\/www.facebook.com\/groups\/5261880558\/?locale=fr_FR\" \/>\n<meta property=\"article:published_time\" content=\"2019-11-25T08:43:58+00:00\" \/>\n<meta property=\"article:modified_time\" content=\"2025-10-14T12:28:51+00:00\" \/>\n<meta property=\"og:image\" content=\"https:\/\/centcols.org\/wp-content\/uploads\/2025\/05\/parc.jpg\" \/>\n\t<meta property=\"og:image:width\" content=\"815\" \/>\n\t<meta property=\"og:image:height\" content=\"436\" \/>\n\t<meta property=\"og:image:type\" content=\"image\/jpeg\" \/>\n<meta name=\"author\" content=\"Guy Harl\u00e9\" \/>\n<meta name=\"twitter:card\" content=\"summary_large_image\" \/>\n<meta name=\"twitter:label1\" content=\"Verfasst von\" \/>\n\t<meta name=\"twitter:data1\" content=\"Guy Harl\u00e9\" \/>\n\t<meta name=\"twitter:label2\" content=\"Gesch\u00e4tzte Lesezeit\" \/>\n\t<meta name=\"twitter:data2\" content=\"3\u00a0Minuten\" \/>\n<script type=\"application\/ld+json\" class=\"yoast-schema-graph\">{\"@context\":\"https:\/\/schema.org\",\"@graph\":[{\"@type\":\"Article\",\"@id\":\"https:\/\/centcols.org\/vosges-col-sainte-genevieve-29-aout-2020\/#article\",\"isPartOf\":{\"@id\":\"https:\/\/centcols.org\/vosges-col-sainte-genevieve-29-aout-2020\/\"},\"author\":{\"name\":\"Guy Harl\u00e9\",\"@id\":\"https:\/\/centcols.org\/#\/schema\/person\/377f00da2793c0363246869bb3a344d0\"},\"headline\":\"Vosges, col Sainte Genevi\u00e8ve, 29 ao\u00fbt 2020\",\"datePublished\":\"2019-11-25T08:43:58+00:00\",\"dateModified\":\"2025-10-14T12:28:51+00:00\",\"mainEntityOfPage\":{\"@id\":\"https:\/\/centcols.org\/vosges-col-sainte-genevieve-29-aout-2020\/\"},\"wordCount\":308,\"publisher\":{\"@id\":\"https:\/\/centcols.org\/#organization\"},\"image\":{\"@id\":\"https:\/\/centcols.org\/vosges-col-sainte-genevieve-29-aout-2020\/#primaryimage\"},\"thumbnailUrl\":\"https:\/\/centcols.org\/wp-content\/uploads\/2025\/05\/parc.jpg\",\"articleSection\":[\"2020-rassemblements\",\"Calendrier\",\"Rencontres r\u00e9gionales\"],\"inLanguage\":\"de\"},{\"@type\":\"WebPage\",\"@id\":\"https:\/\/centcols.org\/vosges-col-sainte-genevieve-29-aout-2020\/\",\"url\":\"https:\/\/centcols.org\/vosges-col-sainte-genevieve-29-aout-2020\/\",\"name\":\"Vosges, col Sainte Genevi\u00e8ve, 29 ao\u00fbt 2020 - Club des Cent Cols\",\"isPartOf\":{\"@id\":\"https:\/\/centcols.org\/#website\"},\"primaryImageOfPage\":{\"@id\":\"https:\/\/centcols.org\/vosges-col-sainte-genevieve-29-aout-2020\/#primaryimage\"},\"image\":{\"@id\":\"https:\/\/centcols.org\/vosges-col-sainte-genevieve-29-aout-2020\/#primaryimage\"},\"thumbnailUrl\":\"https:\/\/centcols.org\/wp-content\/uploads\/2025\/05\/parc.jpg\",\"datePublished\":\"2019-11-25T08:43:58+00:00\",\"dateModified\":\"2025-10-14T12:28:51+00:00\",\"breadcrumb\":{\"@id\":\"https:\/\/centcols.org\/vosges-col-sainte-genevieve-29-aout-2020\/#breadcrumb\"},\"inLanguage\":\"de\",\"potentialAction\":[{\"@type\":\"ReadAction\",\"target\":[\"https:\/\/centcols.org\/vosges-col-sainte-genevieve-29-aout-2020\/\"]}]},{\"@type\":\"ImageObject\",\"inLanguage\":\"de\",\"@id\":\"https:\/\/centcols.org\/vosges-col-sainte-genevieve-29-aout-2020\/#primaryimage\",\"url\":\"https:\/\/centcols.org\/wp-content\/uploads\/2025\/05\/parc.jpg\",\"contentUrl\":\"https:\/\/centcols.org\/wp-content\/uploads\/2025\/05\/parc.jpg\",\"width\":815,\"height\":436},{\"@type\":\"BreadcrumbList\",\"@id\":\"https:\/\/centcols.org\/vosges-col-sainte-genevieve-29-aout-2020\/#breadcrumb\",\"itemListElement\":[{\"@type\":\"ListItem\",\"position\":1,\"name\":\"Accueil\",\"item\":\"https:\/\/centcols.org\/\"},{\"@type\":\"ListItem\",\"position\":2,\"name\":\"Calendrier\",\"item\":\"https:\/\/centcols.org\/rubrique\/calendrier\/\"},{\"@type\":\"ListItem\",\"position\":3,\"name\":\"Vosges, col Sainte Genevi\u00e8ve, 29 ao\u00fbt 2020\"}]},{\"@type\":\"WebSite\",\"@id\":\"https:\/\/centcols.org\/#website\",\"url\":\"https:\/\/centcols.org\/\",\"name\":\"Club des Cent Cols\",\"description\":\"\",\"publisher\":{\"@id\":\"https:\/\/centcols.org\/#organization\"},\"potentialAction\":[{\"@type\":\"SearchAction\",\"target\":{\"@type\":\"EntryPoint\",\"urlTemplate\":\"https:\/\/centcols.org\/?s={search_term_string}\"},\"query-input\":{\"@type\":\"PropertyValueSpecification\",\"valueRequired\":true,\"valueName\":\"search_term_string\"}}],\"inLanguage\":\"de\"},{\"@type\":\"Organization\",\"@id\":\"https:\/\/centcols.org\/#organization\",\"name\":\"Club des Cent Cols\",\"url\":\"https:\/\/centcols.org\/\",\"logo\":{\"@type\":\"ImageObject\",\"inLanguage\":\"de\",\"@id\":\"https:\/\/centcols.org\/#\/schema\/logo\/image\/\",\"url\":\"https:\/\/centcols.org\/wp-content\/uploads\/2025\/01\/carte-icone.png\",\"contentUrl\":\"https:\/\/centcols.org\/wp-content\/uploads\/2025\/01\/carte-icone.png\",\"width\":250,\"height\":250,\"caption\":\"Club des Cent Cols\"},\"image\":{\"@id\":\"https:\/\/centcols.org\/#\/schema\/logo\/image\/\"},\"sameAs\":[\"https:\/\/www.facebook.com\/groups\/5261880558\/?locale=fr_FR\"]},{\"@type\":\"Person\",\"@id\":\"https:\/\/centcols.org\/#\/schema\/person\/377f00da2793c0363246869bb3a344d0\",\"name\":\"Guy Harl\u00e9\",\"image\":{\"@type\":\"ImageObject\",\"inLanguage\":\"de\",\"@id\":\"https:\/\/centcols.org\/wp-content\/litespeed\/avatar\/94c4de37e46cf090f296d42ab3e8d6a6.jpg?ver=1777238144\",\"url\":\"https:\/\/centcols.org\/wp-content\/litespeed\/avatar\/94c4de37e46cf090f296d42ab3e8d6a6.jpg?ver=1777238144\",\"contentUrl\":\"https:\/\/centcols.org\/wp-content\/litespeed\/avatar\/94c4de37e46cf090f296d42ab3e8d6a6.jpg?ver=1777238144\",\"caption\":\"Guy Harl\u00e9\"},\"url\":\"https:\/\/centcols.org\/de\/author\/5193\/\"}]}<\/script>\n<!-- \/ Yoast SEO plugin. -->","yoast_head_json":{"title":"Vogesen, Col Sainte Genevi\u00e8ve, 29. August 2020 - Club des Cent Cols","robots":{"index":"index","follow":"follow","max-snippet":"max-snippet:-1","max-image-preview":"max-image-preview:large","max-video-preview":"max-video-preview:-1"},"canonical":"https:\/\/centcols.org\/de\/vosges-col-sainte-genevieve-29-august-2020\/","og_locale":"de_DE","og_type":"article","og_title":"Vosges, col Sainte Genevi\u00e8ve, 29 ao\u00fbt 2020 - Club des Cent Cols","og_description":"Samedi 29 ao\u00fbt 2020, Vosges Accueil 8 h 00, d\u00e9part \u00e0 9 h 00 La rencontre se fera au col de Sainte-Genevi\u00e8ve sur la commune de Dommartemont (54310) \u00e0 6 km au Nord-Ouest de Nancy. L&rsquo;accueil, le d\u00e9part et le pot d&rsquo;arriv\u00e9e auront lieu sur le plateau de Dommartemont au bout de la rue du [&hellip;]","og_url":"https:\/\/centcols.org\/de\/vosges-col-sainte-genevieve-29-august-2020\/","og_site_name":"Club des Cent Cols","article_publisher":"https:\/\/www.facebook.com\/groups\/5261880558\/?locale=fr_FR","article_published_time":"2019-11-25T08:43:58+00:00","article_modified_time":"2025-10-14T12:28:51+00:00","og_image":[{"width":815,"height":436,"url":"https:\/\/centcols.org\/wp-content\/uploads\/2025\/05\/parc.jpg","type":"image\/jpeg"}],"author":"Guy Harl\u00e9","twitter_card":"summary_large_image","twitter_misc":{"Verfasst von":"Guy Harl\u00e9","Gesch\u00e4tzte Lesezeit":"3\u00a0Minuten"},"schema":{"@context":"https:\/\/schema.org","@graph":[{"@type":"Article","@id":"https:\/\/centcols.org\/vosges-col-sainte-genevieve-29-aout-2020\/#article","isPartOf":{"@id":"https:\/\/centcols.org\/vosges-col-sainte-genevieve-29-aout-2020\/"},"author":{"name":"Guy Harl\u00e9","@id":"https:\/\/centcols.org\/#\/schema\/person\/377f00da2793c0363246869bb3a344d0"},"headline":"Vosges, col Sainte Genevi\u00e8ve, 29 ao\u00fbt 2020","datePublished":"2019-11-25T08:43:58+00:00","dateModified":"2025-10-14T12:28:51+00:00","mainEntityOfPage":{"@id":"https:\/\/centcols.org\/vosges-col-sainte-genevieve-29-aout-2020\/"},"wordCount":308,"publisher":{"@id":"https:\/\/centcols.org\/#organization"},"image":{"@id":"https:\/\/centcols.org\/vosges-col-sainte-genevieve-29-aout-2020\/#primaryimage"},"thumbnailUrl":"https:\/\/centcols.org\/wp-content\/uploads\/2025\/05\/parc.jpg","articleSection":["2020-rassemblements","Calendrier","Rencontres r\u00e9gionales"],"inLanguage":"de"},{"@type":"WebPage","@id":"https:\/\/centcols.org\/vosges-col-sainte-genevieve-29-aout-2020\/","url":"https:\/\/centcols.org\/vosges-col-sainte-genevieve-29-aout-2020\/","name":"Vogesen, Col Sainte Genevi\u00e8ve, 29. August 2020 - Club des Cent Cols","isPartOf":{"@id":"https:\/\/centcols.org\/#website"},"primaryImageOfPage":{"@id":"https:\/\/centcols.org\/vosges-col-sainte-genevieve-29-aout-2020\/#primaryimage"},"image":{"@id":"https:\/\/centcols.org\/vosges-col-sainte-genevieve-29-aout-2020\/#primaryimage"},"thumbnailUrl":"https:\/\/centcols.org\/wp-content\/uploads\/2025\/05\/parc.jpg","datePublished":"2019-11-25T08:43:58+00:00","dateModified":"2025-10-14T12:28:51+00:00","breadcrumb":{"@id":"https:\/\/centcols.org\/vosges-col-sainte-genevieve-29-aout-2020\/#breadcrumb"},"inLanguage":"de","potentialAction":[{"@type":"ReadAction","target":["https:\/\/centcols.org\/vosges-col-sainte-genevieve-29-aout-2020\/"]}]},{"@type":"ImageObject","inLanguage":"de","@id":"https:\/\/centcols.org\/vosges-col-sainte-genevieve-29-aout-2020\/#primaryimage","url":"https:\/\/centcols.org\/wp-content\/uploads\/2025\/05\/parc.jpg","contentUrl":"https:\/\/centcols.org\/wp-content\/uploads\/2025\/05\/parc.jpg","width":815,"height":436},{"@type":"BreadcrumbList","@id":"https:\/\/centcols.org\/vosges-col-sainte-genevieve-29-aout-2020\/#breadcrumb","itemListElement":[{"@type":"ListItem","position":1,"name":"Accueil","item":"https:\/\/centcols.org\/"},{"@type":"ListItem","position":2,"name":"Calendrier","item":"https:\/\/centcols.org\/rubrique\/calendrier\/"},{"@type":"ListItem","position":3,"name":"Vosges, col Sainte Genevi\u00e8ve, 29 ao\u00fbt 2020"}]},{"@type":"WebSite","@id":"https:\/\/centcols.org\/#website","url":"https:\/\/centcols.org\/","name":"Club des Cent Cols","description":"","publisher":{"@id":"https:\/\/centcols.org\/#organization"},"potentialAction":[{"@type":"SearchAction","target":{"@type":"EntryPoint","urlTemplate":"https:\/\/centcols.org\/?s={search_term_string}"},"query-input":{"@type":"PropertyValueSpecification","valueRequired":true,"valueName":"search_term_string"}}],"inLanguage":"de"},{"@type":"Organization","@id":"https:\/\/centcols.org\/#organization","name":"Club des Cent Cols","url":"https:\/\/centcols.org\/","logo":{"@type":"ImageObject","inLanguage":"de","@id":"https:\/\/centcols.org\/#\/schema\/logo\/image\/","url":"https:\/\/centcols.org\/wp-content\/uploads\/2025\/01\/carte-icone.png","contentUrl":"https:\/\/centcols.org\/wp-content\/uploads\/2025\/01\/carte-icone.png","width":250,"height":250,"caption":"Club des Cent Cols"},"image":{"@id":"https:\/\/centcols.org\/#\/schema\/logo\/image\/"},"sameAs":["https:\/\/www.facebook.com\/groups\/5261880558\/?locale=fr_FR"]},{"@type":"Person","@id":"https:\/\/centcols.org\/#\/schema\/person\/377f00da2793c0363246869bb3a344d0","name":"Guy Harl\u00e9","image":{"@type":"ImageObject","inLanguage":"de","@id":"https:\/\/centcols.org\/wp-content\/litespeed\/avatar\/94c4de37e46cf090f296d42ab3e8d6a6.jpg?ver=1777238144","url":"https:\/\/centcols.org\/wp-content\/litespeed\/avatar\/94c4de37e46cf090f296d42ab3e8d6a6.jpg?ver=1777238144","contentUrl":"https:\/\/centcols.org\/wp-content\/litespeed\/avatar\/94c4de37e46cf090f296d42ab3e8d6a6.jpg?ver=1777238144","caption":"Guy Harl\u00e9"},"url":"https:\/\/centcols.org\/de\/author\/5193\/"}]}},"_links":{"self":[{"href":"https:\/\/centcols.org\/de\/wp-json\/wp\/v2\/posts\/82184","targetHints":{"allow":["GET"]}}],"collection":[{"href":"https:\/\/centcols.org\/de\/wp-json\/wp\/v2\/posts"}],"about":[{"href":"https:\/\/centcols.org\/de\/wp-json\/wp\/v2\/types\/post"}],"author":[{"embeddable":true,"href":"https:\/\/centcols.org\/de\/wp-json\/wp\/v2\/users\/136"}],"replies":[{"embeddable":true,"href":"https:\/\/centcols.org\/de\/wp-json\/wp\/v2\/comments?post=82184"}],"version-history":[{"count":0,"href":"https:\/\/centcols.org\/de\/wp-json\/wp\/v2\/posts\/82184\/revisions"}],"wp:featuredmedia":[{"embeddable":true,"href":"https:\/\/centcols.org\/de\/wp-json\/wp\/v2\/media\/82185"}],"wp:attachment":[{"href":"https:\/\/centcols.org\/de\/wp-json\/wp\/v2\/media?parent=82184"}],"wp:term":[{"taxonomy":"category","embeddable":true,"href":"https:\/\/centcols.org\/de\/wp-json\/wp\/v2\/categories?post=82184"},{"taxonomy":"post_tag","embeddable":true,"href":"https:\/\/centcols.org\/de\/wp-json\/wp\/v2\/tags?post=82184"}],"curies":[{"name":"wp","href":"https:\/\/api.w.org\/{rel}","templated":true}]}}