{"id":82194,"date":"2019-11-28T15:00:47","date_gmt":"2019-11-28T13:00:47","guid":{"rendered":"https:\/\/centcols.org\/alpes-du-sud-col-du-labouret-report-au-19-septembre\/"},"modified":"2025-06-06T10:18:01","modified_gmt":"2025-06-06T08:18:01","slug":"sudalpen-col-du-labouret-verschiebung-auf-den-19-september","status":"publish","type":"post","link":"https:\/\/centcols.org\/de\/alpes-du-sud-col-du-labouret-report-au-19-septembre\/","title":{"rendered":"S\u00fcdalpen, Col du Labouret, Verschiebung auf den 19. September"},"content":{"rendered":"<p>Alpes Sud, Col du Labouret (FR-04-1240a)<\/p>\n<h3>Accueil<\/h3>\n<p>A partir de 8 h 30 sur le parking du parc Demontzey, situ\u00e9 \u00e0 environ 300 m sous le col du Labouret, versant Le Vernet.<br \/>\nBoissons chaudes avant le d\u00e9part.<\/p>\n<p>D\u00e9part vers 9 h 00 pour routiers et v\u00e9t\u00e9tistes.<\/p>\n<h3>Parcours<\/h3>\n<p><strong>-Route :<\/strong>\u00a0 8 cols propos\u00e9s au maximum entre vall\u00e9e de La Blanche et abords du lac de Serre-Pon\u00e7on, dont les traditionnels cols St Jean et du Fanget. 77 km &#8211; D+ 1545 m, avec possibilit\u00e9 de 2 raccourcis\u00a0 : 59 km &#8211; 5 cols (Selonnet &#8211; St Jean direct), et 39 km &#8211; 4 cols (Seyne &#8211; Le Fanget direct).<br \/>\nOpenrunner : CCC Alpes Sud 2020 &#8211; Route<\/p>\n<p><strong>VTT :<\/strong>\u00a0 5 cols au pied du massif de Blayeul dont le bien nomm\u00e9 col de Mal-hiver, 21 km D+ 675 m. Possibilit\u00e9 de se rapprocher au hameau de L&rsquo;Escale: 3 cols &#8211; 10 km.<br \/>\nOpenrunner : CCC Alpes Sud 2020 &#8211; VTT<\/p>\n<p><strong>Acompagnants :<\/strong>\u00a0circuit p\u00e9destre propos\u00e9 sur place.<\/p>\n<p>Retour \u00e0 midi dans le parc Demontzey pour \u00e9changer et partager &#8211; pains, fromages et autres produits locaux. \u00a0\u00bb<\/p>\n\n<p>[mapsmarker marker=\u00a0\u00bb22&Prime;]<\/p>\n<h3>Contact<\/h3>\n<p>Robert Yonnet<br \/>\n+33 4 92 37 23 69\u00a0 &#8211;\u00a0 +33 6 81 85 54 71<br \/>\n[email]&#x72;&#111;&#98;e&#x72;&#x74;&#46;y&#x6f;&#x6e;&#110;et&#x40;&#111;&#114;a&#x6e;&#x67;&#101;&#46;&#x66;&#x72;[\/email]<\/p>\n","protected":false},"excerpt":{"rendered":"<p>Alpes Sud, Col du Labouret (FR-04-1240a) Accueil A partir de 8 h 30 sur le parking du parc Demontzey, situ\u00e9 \u00e0 environ 300 m sous le col du Labouret, versant Le Vernet. Boissons chaudes avant le d\u00e9part. D\u00e9part vers 9 h 00 pour routiers et v\u00e9t\u00e9tistes. Parcours -Route :\u00a0 8 cols propos\u00e9s au maximum entre [&hellip;]<\/p>\n","protected":false},"author":136,"featured_media":82195,"comment_status":"closed","ping_status":"open","sticky":false,"template":"","format":"standard","meta":{"_acf_changed":false,"footnotes":""},"categories":[286,135,216],"tags":[],"class_list":["post-82194","post","type-post","status-publish","format-standard","has-post-thumbnail","hentry","category-les-rassemblements-de-2020","category-calendrier","category-rencontres-regionales"],"acf":[],"yoast_head":"<!-- This site is optimized with the Yoast SEO plugin v27.2 - https:\/\/yoast.com\/product\/yoast-seo-wordpress\/ -->\n<title>Alpes du Sud, col du Labouret, report au 19 septembre - Club des Cent Cols<\/title>\n<meta name=\"robots\" content=\"index, follow, max-snippet:-1, max-image-preview:large, max-video-preview:-1\" \/>\n<link rel=\"canonical\" href=\"https:\/\/centcols.org\/de\/sudalpen-col-du-labouret-verschiebung-auf-den-19-september\/\" \/>\n<meta property=\"og:locale\" content=\"de_DE\" \/>\n<meta property=\"og:type\" content=\"article\" \/>\n<meta property=\"og:title\" content=\"Alpes du Sud, col du Labouret, report au 19 septembre - Club des Cent Cols\" \/>\n<meta property=\"og:description\" content=\"Alpes Sud, Col du Labouret (FR-04-1240a) Accueil A partir de 8 h 30 sur le parking du parc Demontzey, situ\u00e9 \u00e0 environ 300 m sous le col du Labouret, versant Le Vernet. Boissons chaudes avant le d\u00e9part. D\u00e9part vers 9 h 00 pour routiers et v\u00e9t\u00e9tistes. Parcours -Route :\u00a0 8 cols propos\u00e9s au maximum entre [&hellip;]\" \/>\n<meta property=\"og:url\" content=\"https:\/\/centcols.org\/de\/sudalpen-col-du-labouret-verschiebung-auf-den-19-september\/\" \/>\n<meta property=\"og:site_name\" content=\"Club des Cent Cols\" \/>\n<meta property=\"article:publisher\" content=\"https:\/\/www.facebook.com\/groups\/5261880558\/?locale=fr_FR\" \/>\n<meta property=\"article:published_time\" content=\"2019-11-28T13:00:47+00:00\" \/>\n<meta property=\"article:modified_time\" content=\"2025-06-06T08:18:01+00:00\" \/>\n<meta property=\"og:image\" content=\"https:\/\/centcols.org\/wp-content\/uploads\/2025\/05\/col-labouret.jpg\" \/>\n\t<meta property=\"og:image:width\" content=\"1200\" \/>\n\t<meta property=\"og:image:height\" content=\"900\" \/>\n\t<meta property=\"og:image:type\" content=\"image\/jpeg\" \/>\n<meta name=\"author\" content=\"Guy Harl\u00e9\" \/>\n<meta name=\"twitter:card\" content=\"summary_large_image\" \/>\n<meta name=\"twitter:label1\" content=\"Verfasst von\" \/>\n\t<meta name=\"twitter:data1\" content=\"Guy Harl\u00e9\" \/>\n\t<meta name=\"twitter:label2\" content=\"Gesch\u00e4tzte Lesezeit\" \/>\n\t<meta name=\"twitter:data2\" content=\"2\u00a0Minuten\" \/>\n<script type=\"application\/ld+json\" class=\"yoast-schema-graph\">{\"@context\":\"https:\/\/schema.org\",\"@graph\":[{\"@type\":\"Article\",\"@id\":\"https:\/\/centcols.org\/alpes-du-sud-col-du-labouret-report-au-19-septembre\/#article\",\"isPartOf\":{\"@id\":\"https:\/\/centcols.org\/alpes-du-sud-col-du-labouret-report-au-19-septembre\/\"},\"author\":{\"name\":\"Guy Harl\u00e9\",\"@id\":\"https:\/\/centcols.org\/#\/schema\/person\/377f00da2793c0363246869bb3a344d0\"},\"headline\":\"Alpes du Sud, col du Labouret, report au 19 septembre\",\"datePublished\":\"2019-11-28T13:00:47+00:00\",\"dateModified\":\"2025-06-06T08:18:01+00:00\",\"mainEntityOfPage\":{\"@id\":\"https:\/\/centcols.org\/alpes-du-sud-col-du-labouret-report-au-19-septembre\/\"},\"wordCount\":243,\"publisher\":{\"@id\":\"https:\/\/centcols.org\/#organization\"},\"image\":{\"@id\":\"https:\/\/centcols.org\/alpes-du-sud-col-du-labouret-report-au-19-septembre\/#primaryimage\"},\"thumbnailUrl\":\"https:\/\/centcols.org\/wp-content\/uploads\/2025\/05\/col-labouret.jpg\",\"articleSection\":[\"2020-rassemblements\",\"Calendrier\",\"Rencontres r\u00e9gionales\"],\"inLanguage\":\"de\"},{\"@type\":\"WebPage\",\"@id\":\"https:\/\/centcols.org\/alpes-du-sud-col-du-labouret-report-au-19-septembre\/\",\"url\":\"https:\/\/centcols.org\/alpes-du-sud-col-du-labouret-report-au-19-septembre\/\",\"name\":\"Alpes du Sud, col du Labouret, report au 19 septembre - Club des Cent Cols\",\"isPartOf\":{\"@id\":\"https:\/\/centcols.org\/#website\"},\"primaryImageOfPage\":{\"@id\":\"https:\/\/centcols.org\/alpes-du-sud-col-du-labouret-report-au-19-septembre\/#primaryimage\"},\"image\":{\"@id\":\"https:\/\/centcols.org\/alpes-du-sud-col-du-labouret-report-au-19-septembre\/#primaryimage\"},\"thumbnailUrl\":\"https:\/\/centcols.org\/wp-content\/uploads\/2025\/05\/col-labouret.jpg\",\"datePublished\":\"2019-11-28T13:00:47+00:00\",\"dateModified\":\"2025-06-06T08:18:01+00:00\",\"breadcrumb\":{\"@id\":\"https:\/\/centcols.org\/alpes-du-sud-col-du-labouret-report-au-19-septembre\/#breadcrumb\"},\"inLanguage\":\"de\",\"potentialAction\":[{\"@type\":\"ReadAction\",\"target\":[\"https:\/\/centcols.org\/alpes-du-sud-col-du-labouret-report-au-19-septembre\/\"]}]},{\"@type\":\"ImageObject\",\"inLanguage\":\"de\",\"@id\":\"https:\/\/centcols.org\/alpes-du-sud-col-du-labouret-report-au-19-septembre\/#primaryimage\",\"url\":\"https:\/\/centcols.org\/wp-content\/uploads\/2025\/05\/col-labouret.jpg\",\"contentUrl\":\"https:\/\/centcols.org\/wp-content\/uploads\/2025\/05\/col-labouret.jpg\",\"width\":1200,\"height\":900},{\"@type\":\"BreadcrumbList\",\"@id\":\"https:\/\/centcols.org\/alpes-du-sud-col-du-labouret-report-au-19-septembre\/#breadcrumb\",\"itemListElement\":[{\"@type\":\"ListItem\",\"position\":1,\"name\":\"Accueil\",\"item\":\"https:\/\/centcols.org\/\"},{\"@type\":\"ListItem\",\"position\":2,\"name\":\"Calendrier\",\"item\":\"https:\/\/centcols.org\/rubrique\/calendrier\/\"},{\"@type\":\"ListItem\",\"position\":3,\"name\":\"Alpes du Sud, col du Labouret, report au 19 septembre\"}]},{\"@type\":\"WebSite\",\"@id\":\"https:\/\/centcols.org\/#website\",\"url\":\"https:\/\/centcols.org\/\",\"name\":\"Club des Cent Cols\",\"description\":\"\",\"publisher\":{\"@id\":\"https:\/\/centcols.org\/#organization\"},\"potentialAction\":[{\"@type\":\"SearchAction\",\"target\":{\"@type\":\"EntryPoint\",\"urlTemplate\":\"https:\/\/centcols.org\/?s={search_term_string}\"},\"query-input\":{\"@type\":\"PropertyValueSpecification\",\"valueRequired\":true,\"valueName\":\"search_term_string\"}}],\"inLanguage\":\"de\"},{\"@type\":\"Organization\",\"@id\":\"https:\/\/centcols.org\/#organization\",\"name\":\"Club des Cent Cols\",\"url\":\"https:\/\/centcols.org\/\",\"logo\":{\"@type\":\"ImageObject\",\"inLanguage\":\"de\",\"@id\":\"https:\/\/centcols.org\/#\/schema\/logo\/image\/\",\"url\":\"https:\/\/centcols.org\/wp-content\/uploads\/2025\/01\/carte-icone.png\",\"contentUrl\":\"https:\/\/centcols.org\/wp-content\/uploads\/2025\/01\/carte-icone.png\",\"width\":250,\"height\":250,\"caption\":\"Club des Cent Cols\"},\"image\":{\"@id\":\"https:\/\/centcols.org\/#\/schema\/logo\/image\/\"},\"sameAs\":[\"https:\/\/www.facebook.com\/groups\/5261880558\/?locale=fr_FR\"]},{\"@type\":\"Person\",\"@id\":\"https:\/\/centcols.org\/#\/schema\/person\/377f00da2793c0363246869bb3a344d0\",\"name\":\"Guy Harl\u00e9\",\"image\":{\"@type\":\"ImageObject\",\"inLanguage\":\"de\",\"@id\":\"https:\/\/centcols.org\/wp-content\/litespeed\/avatar\/94c4de37e46cf090f296d42ab3e8d6a6.jpg?ver=1777238144\",\"url\":\"https:\/\/centcols.org\/wp-content\/litespeed\/avatar\/94c4de37e46cf090f296d42ab3e8d6a6.jpg?ver=1777238144\",\"contentUrl\":\"https:\/\/centcols.org\/wp-content\/litespeed\/avatar\/94c4de37e46cf090f296d42ab3e8d6a6.jpg?ver=1777238144\",\"caption\":\"Guy Harl\u00e9\"},\"url\":\"https:\/\/centcols.org\/de\/author\/5193\/\"}]}<\/script>\n<!-- \/ Yoast SEO plugin. -->","yoast_head_json":{"title":"S\u00fcdalpen, Col du Labouret, Verschiebung auf den 19. September - Club des Cent Cols","robots":{"index":"index","follow":"follow","max-snippet":"max-snippet:-1","max-image-preview":"max-image-preview:large","max-video-preview":"max-video-preview:-1"},"canonical":"https:\/\/centcols.org\/de\/sudalpen-col-du-labouret-verschiebung-auf-den-19-september\/","og_locale":"de_DE","og_type":"article","og_title":"Alpes du Sud, col du Labouret, report au 19 septembre - Club des Cent Cols","og_description":"Alpes Sud, Col du Labouret (FR-04-1240a) Accueil A partir de 8 h 30 sur le parking du parc Demontzey, situ\u00e9 \u00e0 environ 300 m sous le col du Labouret, versant Le Vernet. Boissons chaudes avant le d\u00e9part. D\u00e9part vers 9 h 00 pour routiers et v\u00e9t\u00e9tistes. Parcours -Route :\u00a0 8 cols propos\u00e9s au maximum entre [&hellip;]","og_url":"https:\/\/centcols.org\/de\/sudalpen-col-du-labouret-verschiebung-auf-den-19-september\/","og_site_name":"Club des Cent Cols","article_publisher":"https:\/\/www.facebook.com\/groups\/5261880558\/?locale=fr_FR","article_published_time":"2019-11-28T13:00:47+00:00","article_modified_time":"2025-06-06T08:18:01+00:00","og_image":[{"width":1200,"height":900,"url":"https:\/\/centcols.org\/wp-content\/uploads\/2025\/05\/col-labouret.jpg","type":"image\/jpeg"}],"author":"Guy Harl\u00e9","twitter_card":"summary_large_image","twitter_misc":{"Verfasst von":"Guy Harl\u00e9","Gesch\u00e4tzte Lesezeit":"2\u00a0Minuten"},"schema":{"@context":"https:\/\/schema.org","@graph":[{"@type":"Article","@id":"https:\/\/centcols.org\/alpes-du-sud-col-du-labouret-report-au-19-septembre\/#article","isPartOf":{"@id":"https:\/\/centcols.org\/alpes-du-sud-col-du-labouret-report-au-19-septembre\/"},"author":{"name":"Guy Harl\u00e9","@id":"https:\/\/centcols.org\/#\/schema\/person\/377f00da2793c0363246869bb3a344d0"},"headline":"Alpes du Sud, col du Labouret, report au 19 septembre","datePublished":"2019-11-28T13:00:47+00:00","dateModified":"2025-06-06T08:18:01+00:00","mainEntityOfPage":{"@id":"https:\/\/centcols.org\/alpes-du-sud-col-du-labouret-report-au-19-septembre\/"},"wordCount":243,"publisher":{"@id":"https:\/\/centcols.org\/#organization"},"image":{"@id":"https:\/\/centcols.org\/alpes-du-sud-col-du-labouret-report-au-19-septembre\/#primaryimage"},"thumbnailUrl":"https:\/\/centcols.org\/wp-content\/uploads\/2025\/05\/col-labouret.jpg","articleSection":["2020-rassemblements","Calendrier","Rencontres r\u00e9gionales"],"inLanguage":"de"},{"@type":"WebPage","@id":"https:\/\/centcols.org\/alpes-du-sud-col-du-labouret-report-au-19-septembre\/","url":"https:\/\/centcols.org\/alpes-du-sud-col-du-labouret-report-au-19-septembre\/","name":"S\u00fcdalpen, Col du Labouret, Verschiebung auf den 19. September - Club des Cent Cols","isPartOf":{"@id":"https:\/\/centcols.org\/#website"},"primaryImageOfPage":{"@id":"https:\/\/centcols.org\/alpes-du-sud-col-du-labouret-report-au-19-septembre\/#primaryimage"},"image":{"@id":"https:\/\/centcols.org\/alpes-du-sud-col-du-labouret-report-au-19-septembre\/#primaryimage"},"thumbnailUrl":"https:\/\/centcols.org\/wp-content\/uploads\/2025\/05\/col-labouret.jpg","datePublished":"2019-11-28T13:00:47+00:00","dateModified":"2025-06-06T08:18:01+00:00","breadcrumb":{"@id":"https:\/\/centcols.org\/alpes-du-sud-col-du-labouret-report-au-19-septembre\/#breadcrumb"},"inLanguage":"de","potentialAction":[{"@type":"ReadAction","target":["https:\/\/centcols.org\/alpes-du-sud-col-du-labouret-report-au-19-septembre\/"]}]},{"@type":"ImageObject","inLanguage":"de","@id":"https:\/\/centcols.org\/alpes-du-sud-col-du-labouret-report-au-19-septembre\/#primaryimage","url":"https:\/\/centcols.org\/wp-content\/uploads\/2025\/05\/col-labouret.jpg","contentUrl":"https:\/\/centcols.org\/wp-content\/uploads\/2025\/05\/col-labouret.jpg","width":1200,"height":900},{"@type":"BreadcrumbList","@id":"https:\/\/centcols.org\/alpes-du-sud-col-du-labouret-report-au-19-septembre\/#breadcrumb","itemListElement":[{"@type":"ListItem","position":1,"name":"Accueil","item":"https:\/\/centcols.org\/"},{"@type":"ListItem","position":2,"name":"Calendrier","item":"https:\/\/centcols.org\/rubrique\/calendrier\/"},{"@type":"ListItem","position":3,"name":"Alpes du Sud, col du Labouret, report au 19 septembre"}]},{"@type":"WebSite","@id":"https:\/\/centcols.org\/#website","url":"https:\/\/centcols.org\/","name":"Club des Cent Cols","description":"","publisher":{"@id":"https:\/\/centcols.org\/#organization"},"potentialAction":[{"@type":"SearchAction","target":{"@type":"EntryPoint","urlTemplate":"https:\/\/centcols.org\/?s={search_term_string}"},"query-input":{"@type":"PropertyValueSpecification","valueRequired":true,"valueName":"search_term_string"}}],"inLanguage":"de"},{"@type":"Organization","@id":"https:\/\/centcols.org\/#organization","name":"Club des Cent Cols","url":"https:\/\/centcols.org\/","logo":{"@type":"ImageObject","inLanguage":"de","@id":"https:\/\/centcols.org\/#\/schema\/logo\/image\/","url":"https:\/\/centcols.org\/wp-content\/uploads\/2025\/01\/carte-icone.png","contentUrl":"https:\/\/centcols.org\/wp-content\/uploads\/2025\/01\/carte-icone.png","width":250,"height":250,"caption":"Club des Cent Cols"},"image":{"@id":"https:\/\/centcols.org\/#\/schema\/logo\/image\/"},"sameAs":["https:\/\/www.facebook.com\/groups\/5261880558\/?locale=fr_FR"]},{"@type":"Person","@id":"https:\/\/centcols.org\/#\/schema\/person\/377f00da2793c0363246869bb3a344d0","name":"Guy Harl\u00e9","image":{"@type":"ImageObject","inLanguage":"de","@id":"https:\/\/centcols.org\/wp-content\/litespeed\/avatar\/94c4de37e46cf090f296d42ab3e8d6a6.jpg?ver=1777238144","url":"https:\/\/centcols.org\/wp-content\/litespeed\/avatar\/94c4de37e46cf090f296d42ab3e8d6a6.jpg?ver=1777238144","contentUrl":"https:\/\/centcols.org\/wp-content\/litespeed\/avatar\/94c4de37e46cf090f296d42ab3e8d6a6.jpg?ver=1777238144","caption":"Guy Harl\u00e9"},"url":"https:\/\/centcols.org\/de\/author\/5193\/"}]}},"_links":{"self":[{"href":"https:\/\/centcols.org\/de\/wp-json\/wp\/v2\/posts\/82194","targetHints":{"allow":["GET"]}}],"collection":[{"href":"https:\/\/centcols.org\/de\/wp-json\/wp\/v2\/posts"}],"about":[{"href":"https:\/\/centcols.org\/de\/wp-json\/wp\/v2\/types\/post"}],"author":[{"embeddable":true,"href":"https:\/\/centcols.org\/de\/wp-json\/wp\/v2\/users\/136"}],"replies":[{"embeddable":true,"href":"https:\/\/centcols.org\/de\/wp-json\/wp\/v2\/comments?post=82194"}],"version-history":[{"count":0,"href":"https:\/\/centcols.org\/de\/wp-json\/wp\/v2\/posts\/82194\/revisions"}],"wp:featuredmedia":[{"embeddable":true,"href":"https:\/\/centcols.org\/de\/wp-json\/wp\/v2\/media\/82195"}],"wp:attachment":[{"href":"https:\/\/centcols.org\/de\/wp-json\/wp\/v2\/media?parent=82194"}],"wp:term":[{"taxonomy":"category","embeddable":true,"href":"https:\/\/centcols.org\/de\/wp-json\/wp\/v2\/categories?post=82194"},{"taxonomy":"post_tag","embeddable":true,"href":"https:\/\/centcols.org\/de\/wp-json\/wp\/v2\/tags?post=82194"}],"curies":[{"name":"wp","href":"https:\/\/api.w.org\/{rel}","templated":true}]}}