{"id":82265,"date":"2021-03-10T07:19:22","date_gmt":"2021-03-10T05:19:22","guid":{"rendered":"https:\/\/centcols.org\/jean-brivet-cc-n-5521\/"},"modified":"2025-10-15T03:20:15","modified_gmt":"2025-10-15T01:20:15","slug":"jean-brivet-cc-n-5521","status":"publish","type":"post","link":"https:\/\/centcols.org\/de\/jean-brivet-cc-n-5521\/","title":{"rendered":"Jean Brivet CC Nr. 5521"},"content":{"rendered":"<p>Jean Brivet hat uns am 24. Februar 2021 verlassen<br>Sein Sohn Pierre, CC Nr. 601, hat uns die folgenden Dokumente zur Verf\u00fcgung gestellt:<\/p>\n\n\n\n<figure class=\"wp-block-gallery has-nested-images columns-2 wp-block-gallery-1 is-layout-flex wp-block-gallery-is-layout-flex\">\n<figure class=\"wp-block-image size-full\"><a href=\"https:\/\/centcols.org\/wp-content\/uploads\/2021\/03\/2021-02-24_Brivet-Jean_Presse-AL.jpg\"><img loading=\"lazy\" decoding=\"async\" width=\"1017\" height=\"562\" data-id=\"88552\" src=\"https:\/\/centcols.org\/wp-content\/uploads\/2021\/03\/2021-02-24_Brivet-Jean_Presse-AL.jpg\" alt=\"\" class=\"wp-image-88552\" srcset=\"https:\/\/centcols.org\/wp-content\/uploads\/2021\/03\/2021-02-24_Brivet-Jean_Presse-AL.jpg 1017w, https:\/\/centcols.org\/wp-content\/uploads\/2021\/03\/2021-02-24_Brivet-Jean_Presse-AL-768x424.jpg 768w\" sizes=\"auto, (max-width: 1017px) 100vw, 1017px\" \/><\/a><\/figure>\n\n\n\n<figure class=\"wp-block-image size-full\"><a href=\"https:\/\/centcols.org\/wp-content\/uploads\/2021\/03\/2021-02-24_Brivet-Jean_Presse-ADC-227x500-1.jpg\"><img loading=\"lazy\" decoding=\"async\" width=\"227\" height=\"500\" data-id=\"88555\" src=\"https:\/\/centcols.org\/wp-content\/uploads\/2021\/03\/2021-02-24_Brivet-Jean_Presse-ADC-227x500-1.jpg\" alt=\"\" class=\"wp-image-88555\"\/><\/a><\/figure>\n<\/figure>\n\n\n\n<p><a href=\"https:\/\/centcols.org\/wp-content\/uploads\/2025\/08\/brivet-jean-ceremonie.pdf\">PDf der Zeremonie<\/a><\/p>\n\n\n\n<p>&nbsp;<\/p>","protected":false},"excerpt":{"rendered":"<p>Jean Brivet hat uns am 24. Februar 2021 verlassenSein Sohn Pierre, CC Nr. 601, hat uns die folgenden Dokumente \u00fcbermittelt: PDf der Zeremonie &nbsp;<\/p>","protected":false},"author":136,"featured_media":82266,"comment_status":"open","ping_status":"open","sticky":false,"template":"","format":"standard","meta":{"_acf_changed":false,"footnotes":""},"categories":[130],"tags":[],"class_list":["post-82265","post","type-post","status-publish","format-standard","has-post-thumbnail","hentry","category-carnet-noir"],"acf":[],"yoast_head":"<!-- This site is optimized with the Yoast SEO plugin v27.2 - https:\/\/yoast.com\/product\/yoast-seo-wordpress\/ -->\n<title>Jean Brivet CC N\u00b0 5521 - Club des Cent Cols<\/title>\n<meta name=\"robots\" content=\"index, follow, max-snippet:-1, max-image-preview:large, max-video-preview:-1\" \/>\n<link rel=\"canonical\" href=\"https:\/\/centcols.org\/de\/jean-brivet-cc-n-5521\/\" \/>\n<meta property=\"og:locale\" content=\"de_DE\" \/>\n<meta property=\"og:type\" content=\"article\" \/>\n<meta property=\"og:title\" content=\"Jean Brivet CC N\u00b0 5521 - Club des Cent Cols\" \/>\n<meta property=\"og:description\" content=\"Jean Brivet nous a quitt\u00e9s le 24 f\u00e9vrier 2021Son fils Pierre, CC N\u00b0 601 nous a communiqu\u00e9 les documents suivants : PDf de la c\u00e9r\u00e9monie &nbsp;\" \/>\n<meta property=\"og:url\" content=\"https:\/\/centcols.org\/de\/jean-brivet-cc-n-5521\/\" \/>\n<meta property=\"og:site_name\" content=\"Club des Cent Cols\" \/>\n<meta property=\"article:publisher\" content=\"https:\/\/www.facebook.com\/groups\/5261880558\/?locale=fr_FR\" \/>\n<meta property=\"article:published_time\" content=\"2021-03-10T05:19:22+00:00\" \/>\n<meta property=\"article:modified_time\" content=\"2025-10-15T01:20:15+00:00\" \/>\n<meta property=\"og:image\" content=\"https:\/\/centcols.org\/wp-content\/uploads\/2025\/05\/2021-02-24_Brivet-Jean_Presse-ADC.jpg\" \/>\n\t<meta property=\"og:image:width\" content=\"375\" \/>\n\t<meta property=\"og:image:height\" content=\"827\" \/>\n\t<meta property=\"og:image:type\" content=\"image\/jpeg\" \/>\n<meta name=\"author\" content=\"Guy Harl\u00e9\" \/>\n<meta name=\"twitter:card\" content=\"summary_large_image\" \/>\n<meta name=\"twitter:label1\" content=\"Verfasst von\" \/>\n\t<meta name=\"twitter:data1\" content=\"Guy Harl\u00e9\" \/>\n\t<meta name=\"twitter:label2\" content=\"Gesch\u00e4tzte Lesezeit\" \/>\n\t<meta name=\"twitter:data2\" content=\"1\u00a0Minute\" \/>\n<script type=\"application\/ld+json\" class=\"yoast-schema-graph\">{\"@context\":\"https:\/\/schema.org\",\"@graph\":[{\"@type\":\"Article\",\"@id\":\"https:\/\/centcols.org\/jean-brivet-cc-n-5521\/#article\",\"isPartOf\":{\"@id\":\"https:\/\/centcols.org\/jean-brivet-cc-n-5521\/\"},\"author\":{\"name\":\"Guy Harl\u00e9\",\"@id\":\"https:\/\/centcols.org\/#\/schema\/person\/377f00da2793c0363246869bb3a344d0\"},\"headline\":\"Jean Brivet CC N\u00b0 5521\",\"datePublished\":\"2021-03-10T05:19:22+00:00\",\"dateModified\":\"2025-10-15T01:20:15+00:00\",\"mainEntityOfPage\":{\"@id\":\"https:\/\/centcols.org\/jean-brivet-cc-n-5521\/\"},\"wordCount\":31,\"commentCount\":0,\"publisher\":{\"@id\":\"https:\/\/centcols.org\/#organization\"},\"image\":{\"@id\":\"https:\/\/centcols.org\/jean-brivet-cc-n-5521\/#primaryimage\"},\"thumbnailUrl\":\"https:\/\/centcols.org\/wp-content\/uploads\/2025\/05\/2021-02-24_Brivet-Jean_Presse-ADC.jpg\",\"articleSection\":[\"Carnet noir\"],\"inLanguage\":\"de\",\"potentialAction\":[{\"@type\":\"CommentAction\",\"name\":\"Comment\",\"target\":[\"https:\/\/centcols.org\/jean-brivet-cc-n-5521\/#respond\"]}]},{\"@type\":\"WebPage\",\"@id\":\"https:\/\/centcols.org\/jean-brivet-cc-n-5521\/\",\"url\":\"https:\/\/centcols.org\/jean-brivet-cc-n-5521\/\",\"name\":\"Jean Brivet CC N\u00b0 5521 - Club des Cent Cols\",\"isPartOf\":{\"@id\":\"https:\/\/centcols.org\/#website\"},\"primaryImageOfPage\":{\"@id\":\"https:\/\/centcols.org\/jean-brivet-cc-n-5521\/#primaryimage\"},\"image\":{\"@id\":\"https:\/\/centcols.org\/jean-brivet-cc-n-5521\/#primaryimage\"},\"thumbnailUrl\":\"https:\/\/centcols.org\/wp-content\/uploads\/2025\/05\/2021-02-24_Brivet-Jean_Presse-ADC.jpg\",\"datePublished\":\"2021-03-10T05:19:22+00:00\",\"dateModified\":\"2025-10-15T01:20:15+00:00\",\"breadcrumb\":{\"@id\":\"https:\/\/centcols.org\/jean-brivet-cc-n-5521\/#breadcrumb\"},\"inLanguage\":\"de\",\"potentialAction\":[{\"@type\":\"ReadAction\",\"target\":[\"https:\/\/centcols.org\/jean-brivet-cc-n-5521\/\"]}]},{\"@type\":\"ImageObject\",\"inLanguage\":\"de\",\"@id\":\"https:\/\/centcols.org\/jean-brivet-cc-n-5521\/#primaryimage\",\"url\":\"https:\/\/centcols.org\/wp-content\/uploads\/2025\/05\/2021-02-24_Brivet-Jean_Presse-ADC.jpg\",\"contentUrl\":\"https:\/\/centcols.org\/wp-content\/uploads\/2025\/05\/2021-02-24_Brivet-Jean_Presse-ADC.jpg\",\"width\":375,\"height\":827},{\"@type\":\"BreadcrumbList\",\"@id\":\"https:\/\/centcols.org\/jean-brivet-cc-n-5521\/#breadcrumb\",\"itemListElement\":[{\"@type\":\"ListItem\",\"position\":1,\"name\":\"Accueil\",\"item\":\"https:\/\/centcols.org\/\"},{\"@type\":\"ListItem\",\"position\":2,\"name\":\"Gazette\",\"item\":\"https:\/\/centcols.org\/rubrique\/gazette\/\"},{\"@type\":\"ListItem\",\"position\":3,\"name\":\"Carnet noir\",\"item\":\"https:\/\/centcols.org\/rubrique\/gazette\/carnet-noir\/\"},{\"@type\":\"ListItem\",\"position\":4,\"name\":\"Jean Brivet CC N\u00b0 5521\"}]},{\"@type\":\"WebSite\",\"@id\":\"https:\/\/centcols.org\/#website\",\"url\":\"https:\/\/centcols.org\/\",\"name\":\"Club des Cent Cols\",\"description\":\"\",\"publisher\":{\"@id\":\"https:\/\/centcols.org\/#organization\"},\"potentialAction\":[{\"@type\":\"SearchAction\",\"target\":{\"@type\":\"EntryPoint\",\"urlTemplate\":\"https:\/\/centcols.org\/?s={search_term_string}\"},\"query-input\":{\"@type\":\"PropertyValueSpecification\",\"valueRequired\":true,\"valueName\":\"search_term_string\"}}],\"inLanguage\":\"de\"},{\"@type\":\"Organization\",\"@id\":\"https:\/\/centcols.org\/#organization\",\"name\":\"Club des Cent Cols\",\"url\":\"https:\/\/centcols.org\/\",\"logo\":{\"@type\":\"ImageObject\",\"inLanguage\":\"de\",\"@id\":\"https:\/\/centcols.org\/#\/schema\/logo\/image\/\",\"url\":\"https:\/\/centcols.org\/wp-content\/uploads\/2025\/01\/carte-icone.png\",\"contentUrl\":\"https:\/\/centcols.org\/wp-content\/uploads\/2025\/01\/carte-icone.png\",\"width\":250,\"height\":250,\"caption\":\"Club des Cent Cols\"},\"image\":{\"@id\":\"https:\/\/centcols.org\/#\/schema\/logo\/image\/\"},\"sameAs\":[\"https:\/\/www.facebook.com\/groups\/5261880558\/?locale=fr_FR\"]},{\"@type\":\"Person\",\"@id\":\"https:\/\/centcols.org\/#\/schema\/person\/377f00da2793c0363246869bb3a344d0\",\"name\":\"Guy Harl\u00e9\",\"image\":{\"@type\":\"ImageObject\",\"inLanguage\":\"de\",\"@id\":\"https:\/\/centcols.org\/wp-content\/litespeed\/avatar\/94c4de37e46cf090f296d42ab3e8d6a6.jpg?ver=1777238144\",\"url\":\"https:\/\/centcols.org\/wp-content\/litespeed\/avatar\/94c4de37e46cf090f296d42ab3e8d6a6.jpg?ver=1777238144\",\"contentUrl\":\"https:\/\/centcols.org\/wp-content\/litespeed\/avatar\/94c4de37e46cf090f296d42ab3e8d6a6.jpg?ver=1777238144\",\"caption\":\"Guy Harl\u00e9\"},\"url\":\"https:\/\/centcols.org\/de\/author\/5193\/\"}]}<\/script>\n<!-- \/ Yoast SEO plugin. -->","yoast_head_json":{"title":"Jean Brivet CC Nr. 5521 - Club des Cent Cols","robots":{"index":"index","follow":"follow","max-snippet":"max-snippet:-1","max-image-preview":"max-image-preview:large","max-video-preview":"max-video-preview:-1"},"canonical":"https:\/\/centcols.org\/de\/jean-brivet-cc-n-5521\/","og_locale":"de_DE","og_type":"article","og_title":"Jean Brivet CC N\u00b0 5521 - Club des Cent Cols","og_description":"Jean Brivet nous a quitt\u00e9s le 24 f\u00e9vrier 2021Son fils Pierre, CC N\u00b0 601 nous a communiqu\u00e9 les documents suivants : PDf de la c\u00e9r\u00e9monie &nbsp;","og_url":"https:\/\/centcols.org\/de\/jean-brivet-cc-n-5521\/","og_site_name":"Club des Cent Cols","article_publisher":"https:\/\/www.facebook.com\/groups\/5261880558\/?locale=fr_FR","article_published_time":"2021-03-10T05:19:22+00:00","article_modified_time":"2025-10-15T01:20:15+00:00","og_image":[{"width":375,"height":827,"url":"https:\/\/centcols.org\/wp-content\/uploads\/2025\/05\/2021-02-24_Brivet-Jean_Presse-ADC.jpg","type":"image\/jpeg"}],"author":"Guy Harl\u00e9","twitter_card":"summary_large_image","twitter_misc":{"Verfasst von":"Guy Harl\u00e9","Gesch\u00e4tzte Lesezeit":"1\u00a0Minute"},"schema":{"@context":"https:\/\/schema.org","@graph":[{"@type":"Article","@id":"https:\/\/centcols.org\/jean-brivet-cc-n-5521\/#article","isPartOf":{"@id":"https:\/\/centcols.org\/jean-brivet-cc-n-5521\/"},"author":{"name":"Guy Harl\u00e9","@id":"https:\/\/centcols.org\/#\/schema\/person\/377f00da2793c0363246869bb3a344d0"},"headline":"Jean Brivet CC N\u00b0 5521","datePublished":"2021-03-10T05:19:22+00:00","dateModified":"2025-10-15T01:20:15+00:00","mainEntityOfPage":{"@id":"https:\/\/centcols.org\/jean-brivet-cc-n-5521\/"},"wordCount":31,"commentCount":0,"publisher":{"@id":"https:\/\/centcols.org\/#organization"},"image":{"@id":"https:\/\/centcols.org\/jean-brivet-cc-n-5521\/#primaryimage"},"thumbnailUrl":"https:\/\/centcols.org\/wp-content\/uploads\/2025\/05\/2021-02-24_Brivet-Jean_Presse-ADC.jpg","articleSection":["Carnet noir"],"inLanguage":"de","potentialAction":[{"@type":"CommentAction","name":"Comment","target":["https:\/\/centcols.org\/jean-brivet-cc-n-5521\/#respond"]}]},{"@type":"WebPage","@id":"https:\/\/centcols.org\/jean-brivet-cc-n-5521\/","url":"https:\/\/centcols.org\/jean-brivet-cc-n-5521\/","name":"Jean Brivet CC Nr. 5521 - Club des Cent Cols","isPartOf":{"@id":"https:\/\/centcols.org\/#website"},"primaryImageOfPage":{"@id":"https:\/\/centcols.org\/jean-brivet-cc-n-5521\/#primaryimage"},"image":{"@id":"https:\/\/centcols.org\/jean-brivet-cc-n-5521\/#primaryimage"},"thumbnailUrl":"https:\/\/centcols.org\/wp-content\/uploads\/2025\/05\/2021-02-24_Brivet-Jean_Presse-ADC.jpg","datePublished":"2021-03-10T05:19:22+00:00","dateModified":"2025-10-15T01:20:15+00:00","breadcrumb":{"@id":"https:\/\/centcols.org\/jean-brivet-cc-n-5521\/#breadcrumb"},"inLanguage":"de","potentialAction":[{"@type":"ReadAction","target":["https:\/\/centcols.org\/jean-brivet-cc-n-5521\/"]}]},{"@type":"ImageObject","inLanguage":"de","@id":"https:\/\/centcols.org\/jean-brivet-cc-n-5521\/#primaryimage","url":"https:\/\/centcols.org\/wp-content\/uploads\/2025\/05\/2021-02-24_Brivet-Jean_Presse-ADC.jpg","contentUrl":"https:\/\/centcols.org\/wp-content\/uploads\/2025\/05\/2021-02-24_Brivet-Jean_Presse-ADC.jpg","width":375,"height":827},{"@type":"BreadcrumbList","@id":"https:\/\/centcols.org\/jean-brivet-cc-n-5521\/#breadcrumb","itemListElement":[{"@type":"ListItem","position":1,"name":"Accueil","item":"https:\/\/centcols.org\/"},{"@type":"ListItem","position":2,"name":"Gazette","item":"https:\/\/centcols.org\/rubrique\/gazette\/"},{"@type":"ListItem","position":3,"name":"Carnet noir","item":"https:\/\/centcols.org\/rubrique\/gazette\/carnet-noir\/"},{"@type":"ListItem","position":4,"name":"Jean Brivet CC N\u00b0 5521"}]},{"@type":"WebSite","@id":"https:\/\/centcols.org\/#website","url":"https:\/\/centcols.org\/","name":"Club des Cent Cols","description":"","publisher":{"@id":"https:\/\/centcols.org\/#organization"},"potentialAction":[{"@type":"SearchAction","target":{"@type":"EntryPoint","urlTemplate":"https:\/\/centcols.org\/?s={search_term_string}"},"query-input":{"@type":"PropertyValueSpecification","valueRequired":true,"valueName":"search_term_string"}}],"inLanguage":"de"},{"@type":"Organization","@id":"https:\/\/centcols.org\/#organization","name":"Club des Cent Cols","url":"https:\/\/centcols.org\/","logo":{"@type":"ImageObject","inLanguage":"de","@id":"https:\/\/centcols.org\/#\/schema\/logo\/image\/","url":"https:\/\/centcols.org\/wp-content\/uploads\/2025\/01\/carte-icone.png","contentUrl":"https:\/\/centcols.org\/wp-content\/uploads\/2025\/01\/carte-icone.png","width":250,"height":250,"caption":"Club des Cent Cols"},"image":{"@id":"https:\/\/centcols.org\/#\/schema\/logo\/image\/"},"sameAs":["https:\/\/www.facebook.com\/groups\/5261880558\/?locale=fr_FR"]},{"@type":"Person","@id":"https:\/\/centcols.org\/#\/schema\/person\/377f00da2793c0363246869bb3a344d0","name":"Guy Harl\u00e9","image":{"@type":"ImageObject","inLanguage":"de","@id":"https:\/\/centcols.org\/wp-content\/litespeed\/avatar\/94c4de37e46cf090f296d42ab3e8d6a6.jpg?ver=1777238144","url":"https:\/\/centcols.org\/wp-content\/litespeed\/avatar\/94c4de37e46cf090f296d42ab3e8d6a6.jpg?ver=1777238144","contentUrl":"https:\/\/centcols.org\/wp-content\/litespeed\/avatar\/94c4de37e46cf090f296d42ab3e8d6a6.jpg?ver=1777238144","caption":"Guy Harl\u00e9"},"url":"https:\/\/centcols.org\/de\/author\/5193\/"}]}},"_links":{"self":[{"href":"https:\/\/centcols.org\/de\/wp-json\/wp\/v2\/posts\/82265","targetHints":{"allow":["GET"]}}],"collection":[{"href":"https:\/\/centcols.org\/de\/wp-json\/wp\/v2\/posts"}],"about":[{"href":"https:\/\/centcols.org\/de\/wp-json\/wp\/v2\/types\/post"}],"author":[{"embeddable":true,"href":"https:\/\/centcols.org\/de\/wp-json\/wp\/v2\/users\/136"}],"replies":[{"embeddable":true,"href":"https:\/\/centcols.org\/de\/wp-json\/wp\/v2\/comments?post=82265"}],"version-history":[{"count":0,"href":"https:\/\/centcols.org\/de\/wp-json\/wp\/v2\/posts\/82265\/revisions"}],"wp:featuredmedia":[{"embeddable":true,"href":"https:\/\/centcols.org\/de\/wp-json\/wp\/v2\/media\/82266"}],"wp:attachment":[{"href":"https:\/\/centcols.org\/de\/wp-json\/wp\/v2\/media?parent=82265"}],"wp:term":[{"taxonomy":"category","embeddable":true,"href":"https:\/\/centcols.org\/de\/wp-json\/wp\/v2\/categories?post=82265"},{"taxonomy":"post_tag","embeddable":true,"href":"https:\/\/centcols.org\/de\/wp-json\/wp\/v2\/tags?post=82265"}],"curies":[{"name":"wp","href":"https:\/\/api.w.org\/{rel}","templated":true}]}}