{"id":82284,"date":"2021-06-06T14:15:39","date_gmt":"2021-06-06T12:15:39","guid":{"rendered":"https:\/\/centcols.org\/sejour-dete-a-meolans-revel-04-au-11-septembre-2021\/"},"modified":"2025-09-09T01:48:41","modified_gmt":"2025-09-08T23:48:41","slug":"aufenthalt-2021-meolans-revel","status":"publish","type":"post","link":"https:\/\/centcols.org\/de\/sejour-2021-meolans-revel\/","title":{"rendered":"Sommeraufenthalt in M\u00e9olans-Revel, 04. bis 11. September 2021"},"content":{"rendered":"<p><span style=\"color: #808080;\">An dieser Seite mit der Pr\u00e4sentation des Aufenthalts haben Enrico Alberini, Christophe Badonnel, Bernard Giraudeau und die IT-Verantwortlichen mitgewirkt.<\/span><\/p>\n\n\n<div class=\"wp-block-image wp-image-57491 size-large\">\n<figure class=\"aligncenter size-full is-resized\"><a href=\"https:\/\/centcols.org\/wp-content\/uploads\/2021\/06\/barcelonette1-2.jpg\"><img loading=\"lazy\" decoding=\"async\" width=\"1200\" height=\"900\" src=\"https:\/\/centcols.org\/wp-content\/uploads\/2021\/06\/barcelonette1-2.jpg\" alt=\"\" class=\"wp-image-85941\" style=\"width:800px\" srcset=\"https:\/\/centcols.org\/wp-content\/uploads\/2021\/06\/barcelonette1-2.jpg 1200w, https:\/\/centcols.org\/wp-content\/uploads\/2021\/06\/barcelonette1-2-768x576.jpg 768w\" sizes=\"auto, (max-width: 1200px) 100vw, 1200px\" \/><\/a><figcaption class=\"wp-element-caption\">Barcelonnette vom Belv\u00e8d\u00e8re aus (\u00a9 Kris Claeys)<\/figcaption><\/figure>\n<\/div>\n\n<div class=\"wp-block-image\">\n<figure class=\"aligncenter size-full is-resized\"><a href=\"https:\/\/centcols.org\/wp-content\/uploads\/2021\/06\/barcelonette2.jpg\"><img loading=\"lazy\" decoding=\"async\" width=\"1200\" height=\"900\" src=\"https:\/\/centcols.org\/wp-content\/uploads\/2021\/06\/barcelonette2.jpg\" alt=\"\" class=\"wp-image-85942\" style=\"width:800px\" srcset=\"https:\/\/centcols.org\/wp-content\/uploads\/2021\/06\/barcelonette2.jpg 1200w, https:\/\/centcols.org\/wp-content\/uploads\/2021\/06\/barcelonette2-768x576.jpg 768w\" sizes=\"auto, (max-width: 1200px) 100vw, 1200px\" \/><\/a><\/figure>\n<\/div>\n\n\n<p><span style=\"color: #000000;\"><br>Der Sommeraufenthalt 2021 wird vom 04. bis 11. September im Departement Alpes de Haute Provence, genauer gesagt in M\u00e9olans-Revel, stattfinden. Er wurde von einem kleinen lokalen Team vorbereitet: Paulette Autric, Robert Yonnet und Philippe Fee.<br><\/span><\/p>\n\n\n\n<p><span style=\"color: #000000;\">M\u00e9olans-Revel liegt in der N\u00e4he von Barcelonnette im Ubaye-Tal.<\/span><\/p>\n\n\n\n<p><span style=\"color: #000000;\">Wir werden im Feriendorf Cap France, Lou Riouclar wohnen, das sich auf 1270 m H\u00f6he befindet.<\/span><\/p>\n\n\n\n<p><span style=\"color: #000000;\">Nachfolgend finden Sie die Rubriken :<\/span><\/p>\n\n\n\n<ul class=\"wp-block-list\">\n<li><span style=\"color: #000000;\">Vorstellung der Region<\/span><\/li>\n\n\n\n<li>Schaltungen, <a href=\"\/de\/membres\/cctours\/tours.php\/?lieu=M\u00e9olans&amp;an=2021&amp;genre=R\" target=\"_blank\" rel=\"noopener\">Stra\u00dfenverkehr<\/a> und <a href=\"\/de\/membres\/cctours\/tours.php\/?lieu=M\u00e9olans&amp;an=2021&amp;genre=V\" target=\"_blank\" rel=\"noopener\">MOUNTAINBIKE<\/a><\/li>\n\n\n\n<li><span style=\"color: #000000;\">Unterkunft<\/span><\/li>\n\n\n\n<li><span style=\"color: #000000;\">Anmerkung des Verwaltungsrats<\/span><\/li>\n\n\n\n<li><span style=\"color: #000000;\">Anmeldungen<\/span><\/li>\n\n\n\n<li><span style=\"color: #000000;\">Andere Aktivit\u00e4ten oder Besuche&nbsp; &nbsp;<\/span><\/li>\n<\/ul>\n\n\n\n<h4 class=\"wp-block-heading\"><strong>Einige Elemente f\u00fcr die Ankunft, den Aufenthalt und die Anweisungen COVID-19 :<\/strong><\/h4>\n\n\n\n<p><strong><u>Achtung COVID-19<\/u><\/strong><\/p>\n\n\n\n<p>Zugangsvoraussetzungen f\u00fcr die Einrichtung: Bisher werden von der Einrichtung, die uns aufnimmt, keine Voraussetzungen verlangt (PCR-Test oder Impfzeugnis).<\/p>\n\n\n\n<p>Der Leiter des Zentrums hat mich heute dar\u00fcber informiert, dass ab dem 07. August die Vorlage des Gesundheitspasses verlangt wird, um Zugang zu seiner Einrichtung zu erhalten.<\/p>\n\n\n\n<p>Am 04. September 2021 wird der Gastgeber bei Ihrer Ankunft Ihren Gesundheitspass kontrollieren.<\/p>\n\n\n\n<p>Welche Beweise gibt es? (Regierungsquellen)<\/p>\n\n\n\n<p>1 Impfung, vorausgesetzt, die Personen verf\u00fcgen \u00fcber ein vollst\u00e4ndiges Impfschema und die erforderliche Zeit nach der letzten Injektion, d. h. :&nbsp;<\/p>\n\n\n\n<ul class=\"wp-block-list\">\n<li>7 Tage nach der zweiten Injektion bei Impfstoffen mit doppelter Injektion (Pfizer, Moderna, AstraZeneca);<\/li>\n\n\n\n<li>4 Wochen nach der Injektion bei Impfstoffen mit nur einer Injektion (Johnson \u00a7 Johnson von Janssen);<\/li>\n\n\n\n<li>7 Tage nach der Injektion f\u00fcr Impfstoffe bei Personen mit Covid in der Anamnese (eine einzige Injektion)<\/li>\n<\/ul>\n\n\n\n<ol start=\"2\" class=\"wp-block-list\">\n<li>Nachweis eines negativen Tests, der nicht \u00e4lter als 48 Stunden ist.<\/li>\n<\/ol>\n\n\n\n<p>Die Kontrolle des Gesundheitspasses erfolgt nur bei Ihrer Ankunft und der PCR-Test bleibt f\u00fcr die gesamte Dauer Ihres Aufenthalts g\u00fcltig.<\/p>\n\n\n\n<p>Im Feriendorf ist das Tragen einer Maske Pflicht. Achten Sie darauf, dass Sie gen\u00fcgend Masken f\u00fcr Ihren Aufenthalt mitbringen.<\/p>\n\n\n\n<p><strong><u>Fahrradh\u00e4ndler :<br><\/u><\/strong><strong>Cycle Ubaye Sport<br><\/strong>ZAC du Pont Long<br>04400 Barcelonnette<br><a href=\"https:\/\/www.google.com\/search?sxsrf=ALeKk02tt83ZcWn0siBzv6sRSzKetPxvGA%3A1592830042786&amp;ei=WqjwXqrEL4Oca4bJosgG&amp;q=loisir+vtt+pollionnay&amp;oq=loisir+vtt+pollionnay&amp;gs_lcp=CgZwc3ktYWIQARgAMgIIADIGCAAQFhAeMgYIABAWEB4yAggmOgQIIxAnOgQIABBDOgUIABCDAToFCAAQsQM6BwgAEBQQhwI6BggAEAoQQzoHCAAQQxCLAzoFCAAQiwM6CAgAEIMBEIsDOgoIABCxAxBDEIsDOgoIABAUEIcCEIsDUIiZDVjFxQ1gt-ENaABwAHgAgAG2AYgB5BCSAQQxNC43mAEAoAEBqgEHZ3dzLXdpergBAg&amp;sclient=psy-ab\">04 92 34 36 15<\/a><br>ge\u00f6ffnet Dienstag bis Samstag 08:00 - 12:00 Uhr und 14:00 - 19:00 Uhr<\/p>\n\n\n\n<h2 class=\"wp-block-heading\">Vorstellung der Region :<\/h2>\n\n\n\n<p>Nach dem Aufenthalt in Digne im Jahr 2014 sind es erneut die Alpes-de-Haute-Provence, die uns f\u00fcr diesen Sommeraufenthalt des Club des Cent Cols empfangen, genauer gesagt das Tal der Ubaye. Wir werden in einer Unterkunft von Cap France \u00abLou Riouclar\u00bb untergebracht, die sich auf den H\u00f6hen der Gemeinde M\u00e9olans-Revel befindet, am rechten Ufer des Flusses, der dem Tal seinen Namen gibt.  Reich an Stra\u00dfen- und Maultierp\u00e4ssen, aber auch reich an verschiedenen Landschaften, sollte die Ubaye die Teilnehmer an diesem Aufenthalt nicht entt\u00e4uschen.  Das Ubaye-Tal liegt im \u00e4u\u00dfersten Nordosten des Departements Alpes-de-Haute-Provence (04) und geh\u00f6rt zur Region Provence-Alpes-C\u00f4te-D'azur. Zwei franz\u00f6sische Departements und eine italienische Region markieren die administrativen Grenzen des Tals, dessen Hauptort Barcelonette (2575 Einwohner) ist. Das Tal verdankt seinen Namen dem Fluss, der es von seiner Quelle am Col de Longet (FR-04-2660 \/IT-CN-2660a) durchflie\u00dft. Der Fluss verl\u00e4uft zun\u00e4chst in s\u00fcdwestlicher und sp\u00e4ter in westlicher Richtung. Der Ubaye m\u00fcndet am Lac de Serre-Pon\u00e7on in die Durance und bildet dabei den \u00f6stlichen Arm des Sees. Der tiefste Punkt des Tals liegt mit 771 m am Lac de Serre-Pon\u00e7on und der h\u00f6chste Punkt mit 3412 m an der Aiguille de Chambeyron. Ein gro\u00dfes Stra\u00dfennetz durchzieht die verschiedenen T\u00e4ler, aus denen diese geografische Einheit besteht, und bietet ihr zahlreiche Ausg\u00e4nge, die fast ausschlie\u00dflich \u00fcber einen Pass f\u00fchren, vom niedrigsten, Le Collet (FR-04-0991), bis zum h\u00f6chsten, dem Col de la Bonnette (FR-04-2715). Der Col de Larche (FR-04-1991) oder Colle della Maddalena (IT-CN-1996) erm\u00f6glicht den Zugang zum Val Stura in der Provinz Cuneo. Die Haupt- und Nebenk\u00e4mme bieten die M\u00f6glichkeit, zahlreiche Maultierp\u00e4sse zu besteigen, darunter vielleicht den legend\u00e4rsten unter ihnen, den Col du Parpaillon (FR-04-2637-Tunnel). Die zahlreichen Milit\u00e4rpfade, die urspr\u00fcnglich die Verteidigungsanlagen bedienten, erm\u00f6glichen eine vorteilhafte Ann\u00e4herung an die Maultierp\u00e4sse. Die wirtschaftliche Aktivit\u00e4t des Tals ist haupts\u00e4chlich auf den Tourismus ausgerichtet. Es gibt einige alpine Skigebiete, doch dank ihrer geringen Gr\u00f6\u00dfe konnten die Natur und die traditionelle Seite vieler Orte erhalten bleiben. Andere sportliche Aktivit\u00e4ten runden das Bild ab, darunter Radfahren (Brevet des 7 cols de l'Ubaye) und Mountainbiking. Weitere Einkommensquellen sind die Schafzucht und der Verkauf verschiedener lokaler Produkte. Die allgegenw\u00e4rtigen hohen Gipfel entlang des gesamten Haupttals und der Satellitent\u00e4ler sowie der Lac de Serre-Pon\u00e7on bieten spektakul\u00e4re Ausblicke.  Barcelonnette, die Stadt der \u00abMexikaner\u00bb (Ubayer, die zur\u00fcckkehrten, nachdem sie in Mexiko ihr Gl\u00fcck gemacht hatten), sowie andere D\u00f6rfer besitzen einige sch\u00f6ne Sehensw\u00fcrdigkeiten, die es zu besichtigen gilt. Aufgrund seiner geografischen Lage und des Vorhandenseins eines \u00abniedrigen\u00bb Passes, des Col de Larche (1991 m), reicht die Milit\u00e4rgeschichte des Ubaye bis in die Antike zur\u00fcck. Die spektakul\u00e4ren Festungsanlagen aus dem 19. Jahrhundert sind die letzten \u00dcberbleibsel und geh\u00f6ren zum touristischen Erbe. Die Ubaye liegt in den S\u00fcdalpen, das Klima ist daher ein mediterran beeinflusstes Bergklima, das sich durch au\u00dfergew\u00f6hnlich viel Sonnenschein auszeichnet. Im Winter ist es kalt, im Sommer hei\u00df und st\u00fcrmisch. Die Tier- und Pflanzenwelt ist typisch f\u00fcr die Alpen. Man findet hier die \u00fcblichen Arten (Murmeltiere, G\u00e4msen, F\u00fcchse, Schneeh\u00fchner, Steinb\u00f6cke und Steinadler). Im Parpaillon-Massiv soll sich vor einigen Jahren ein Wolfsrudel angesiedelt haben. Adret und Ubac stehen sich in dem Ost-West verlaufenden Haupttal deutlich gegen\u00fcber, wobei am linken Ufer dunkle Tannen-, Fichten- und L\u00e4rchenw\u00e4lder zu finden sind, w\u00e4hrend sich am rechten Ufer die Anbaufl\u00e4chen staffeln.<\/p>\n\n\n\n<h2 class=\"wp-block-heading\"><a href=\"https:\/\/centcols.org\/de\/membres\/cctours\/tours.php\/?lieu=M\u00e9olans&amp;an=2021\">Rundreisen<\/a> :<\/h2>\n\n\n\n<p>Zu Beginn des Aufenthalts wird davon abgeraten, die gro\u00dfen P\u00e4sse zu befahren, denn vom 03. bis 05. September findet ein <a href=\"https:\/\/www.barcelonnette.com\/agendas\/evenements\/alpes-aventure-motofestival--4878675.html\" target=\"_blank\" rel=\"noreferrer noopener\">Motorradfestival<\/a> Radfahren in der <a href=\"https:\/\/centcols.org\/wp-content\/uploads\/2025\/08\/Parc-National-du-Mercantour.pdf\" target=\"_blank\" rel=\"noreferrer noopener\">Nationalpark Mercantour<\/a> ist reglementiert. Route: Die Strecken k\u00f6nnen Ihnen lang und mit gro\u00dfen H\u00f6henunterschieden vorkommen, aber Sie haben mehrere M\u00f6glichkeiten, sie abzuk\u00fcrzen. Die letzte Ausgabe des <a href=\"https:\/\/centcols.org\/wp-content\/uploads\/2025\/08\/echappee-en-ubaye-\u00a9-Big-Bike-Magazine.pdf\" target=\"_blank\" rel=\"noreferrer noopener\">Big Bike Magazin<\/a> ist der Ubaye gewidmet. R1: zwischen Durance und Monges - 118 km - 2090 m - 9 P\u00e4sse: Col de Saint-Martin, col des Garcinets, col des Sagnes, Le Coulet, col du Ch\u00e2teau, col du Haut Forest, col de Gr\u00eale, col de Sarraut, col des Mey\u00e8res<\/p>\n\n\n\n<figure class=\"wp-block-gallery has-nested-images columns-3 is-cropped wp-block-gallery-1 is-layout-flex wp-block-gallery-is-layout-flex\">\n<figure class=\"wp-block-image size-full\"><a href=\"https:\/\/centcols.org\/wp-content\/uploads\/2021\/06\/R1-village-de-Bellafaire-1.jpg\"><img loading=\"lazy\" decoding=\"async\" width=\"1200\" height=\"900\" data-id=\"85944\" src=\"https:\/\/centcols.org\/wp-content\/uploads\/2021\/06\/R1-village-de-Bellafaire-1.jpg\" alt=\"\" class=\"wp-image-85944\" srcset=\"https:\/\/centcols.org\/wp-content\/uploads\/2021\/06\/R1-village-de-Bellafaire-1.jpg 1200w, https:\/\/centcols.org\/wp-content\/uploads\/2021\/06\/R1-village-de-Bellafaire-1-768x576.jpg 768w\" sizes=\"auto, (max-width: 1200px) 100vw, 1200px\" \/><\/a><figcaption class=\"wp-element-caption\">R1 - Dorf Bellafaire \u00a9 Robert Yonnet<\/figcaption><\/figure>\n\n\n\n<figure class=\"wp-block-image size-full\"><a href=\"https:\/\/centcols.org\/wp-content\/uploads\/2021\/06\/R1-descente-col-de-Sarraut.jpg\"><img loading=\"lazy\" decoding=\"async\" width=\"1200\" height=\"900\" data-id=\"85945\" src=\"https:\/\/centcols.org\/wp-content\/uploads\/2021\/06\/R1-descente-col-de-Sarraut.jpg\" alt=\"\" class=\"wp-image-85945\" srcset=\"https:\/\/centcols.org\/wp-content\/uploads\/2021\/06\/R1-descente-col-de-Sarraut.jpg 1200w, https:\/\/centcols.org\/wp-content\/uploads\/2021\/06\/R1-descente-col-de-Sarraut-768x576.jpg 768w\" sizes=\"auto, (max-width: 1200px) 100vw, 1200px\" \/><\/a><figcaption class=\"wp-element-caption\">R1 - Abstieg Col de Sarraut - \u00a9 Robert Yonnet<\/figcaption><\/figure>\n\n\n\n<figure class=\"wp-block-image size-full\"><a href=\"https:\/\/centcols.org\/wp-content\/uploads\/2021\/06\/R1-col-des-Garcinets-1.jpg\"><img loading=\"lazy\" decoding=\"async\" width=\"1200\" height=\"900\" data-id=\"85946\" src=\"https:\/\/centcols.org\/wp-content\/uploads\/2021\/06\/R1-col-des-Garcinets-1.jpg\" alt=\"\" class=\"wp-image-85946\" srcset=\"https:\/\/centcols.org\/wp-content\/uploads\/2021\/06\/R1-col-des-Garcinets-1.jpg 1200w, https:\/\/centcols.org\/wp-content\/uploads\/2021\/06\/R1-col-des-Garcinets-1-768x576.jpg 768w\" sizes=\"auto, (max-width: 1200px) 100vw, 1200px\" \/><\/a><figcaption class=\"wp-element-caption\">R1 - Col des Garcinets \u00a9 Robert Yonnet<\/figcaption><\/figure>\n\n\n\n<figure class=\"wp-block-image size-large\"><img loading=\"lazy\" decoding=\"async\" width=\"1200\" height=\"867\" data-id=\"85964\" src=\"https:\/\/centcols.org\/wp-content\/uploads\/2021\/06\/R1-5-col-de-Vars.jpg\" alt=\"\" class=\"wp-image-85964\" srcset=\"https:\/\/centcols.org\/wp-content\/uploads\/2021\/06\/R1-5-col-de-Vars.jpg 1200w, https:\/\/centcols.org\/wp-content\/uploads\/2021\/06\/R1-5-col-de-Vars-768x555.jpg 768w\" sizes=\"auto, (max-width: 1200px) 100vw, 1200px\" \/><figcaption class=\"wp-element-caption\">Vars-Pass<\/figcaption><\/figure>\n<\/figure>\n\n\n\n<p>R2: Vars - 96 km - 1900 Meter - 3 P\u00e4sse: Le Pertus, le Collet, Col de Vars<\/p>\n\n\n\n<p>R3: Rund um den See von Serre-Pon\u00e7on - 80 km - 1968 Meter - 5 P\u00e4sse: Col de Pontis, le Collet, Col de Charmentier, Col Lebraut, le Collet<\/p>\n\n\n\n<figure class=\"wp-block-gallery has-nested-images columns-4 is-cropped wp-block-gallery-2 is-layout-flex wp-block-gallery-is-layout-flex\">\n<figure class=\"wp-block-image size-full\"><a href=\"https:\/\/centcols.org\/wp-content\/uploads\/2021\/06\/R3-lac-4.jpg\"><img loading=\"lazy\" decoding=\"async\" width=\"1200\" height=\"900\" data-id=\"85947\" src=\"https:\/\/centcols.org\/wp-content\/uploads\/2021\/06\/R3-lac-4.jpg\" alt=\"\" class=\"wp-image-85947\" srcset=\"https:\/\/centcols.org\/wp-content\/uploads\/2021\/06\/R3-lac-4.jpg 1200w, https:\/\/centcols.org\/wp-content\/uploads\/2021\/06\/R3-lac-4-768x576.jpg 768w\" sizes=\"auto, (max-width: 1200px) 100vw, 1200px\" \/><\/a><figcaption class=\"wp-element-caption\">R3 - See von Serre Pon\u00e7on \u00a9 Robert Yonnet<\/figcaption><\/figure>\n\n\n\n<figure class=\"wp-block-image size-full\"><a href=\"https:\/\/centcols.org\/wp-content\/uploads\/2021\/06\/R3-gorges-de-la-Blanche-1.jpg\"><img loading=\"lazy\" decoding=\"async\" width=\"1200\" height=\"900\" data-id=\"85948\" src=\"https:\/\/centcols.org\/wp-content\/uploads\/2021\/06\/R3-gorges-de-la-Blanche-1.jpg\" alt=\"\" class=\"wp-image-85948\" srcset=\"https:\/\/centcols.org\/wp-content\/uploads\/2021\/06\/R3-gorges-de-la-Blanche-1.jpg 1200w, https:\/\/centcols.org\/wp-content\/uploads\/2021\/06\/R3-gorges-de-la-Blanche-1-768x576.jpg 768w\" sizes=\"auto, (max-width: 1200px) 100vw, 1200px\" \/><\/a><figcaption class=\"wp-element-caption\">R3 - Schlucht von La Blanche \u00a9 Robert Yonnet<\/figcaption><\/figure>\n\n\n\n<figure class=\"wp-block-image size-full\"><a href=\"https:\/\/centcols.org\/wp-content\/uploads\/2021\/06\/R3-col-Lebraut-2.jpg\"><img loading=\"lazy\" decoding=\"async\" width=\"1200\" height=\"900\" data-id=\"85949\" src=\"https:\/\/centcols.org\/wp-content\/uploads\/2021\/06\/R3-col-Lebraut-2.jpg\" alt=\"\" class=\"wp-image-85949\" srcset=\"https:\/\/centcols.org\/wp-content\/uploads\/2021\/06\/R3-col-Lebraut-2.jpg 1200w, https:\/\/centcols.org\/wp-content\/uploads\/2021\/06\/R3-col-Lebraut-2-768x576.jpg 768w\" sizes=\"auto, (max-width: 1200px) 100vw, 1200px\" \/><\/a><figcaption class=\"wp-element-caption\">R3 - Col Lebraut \u00a9 Robert Yonnet<\/figcaption><\/figure>\n\n\n\n<figure class=\"wp-block-image size-full\"><a href=\"https:\/\/centcols.org\/wp-content\/uploads\/2021\/06\/R3-barrage-2.jpg\"><img loading=\"lazy\" decoding=\"async\" width=\"1200\" height=\"900\" data-id=\"85950\" src=\"https:\/\/centcols.org\/wp-content\/uploads\/2021\/06\/R3-barrage-2.jpg\" alt=\"\" class=\"wp-image-85950\" srcset=\"https:\/\/centcols.org\/wp-content\/uploads\/2021\/06\/R3-barrage-2.jpg 1200w, https:\/\/centcols.org\/wp-content\/uploads\/2021\/06\/R3-barrage-2-768x576.jpg 768w\" sizes=\"auto, (max-width: 1200px) 100vw, 1200px\" \/><\/a><figcaption class=\"wp-element-caption\">R3 - Staudamm \u00a9 Robert Yonnet<\/figcaption><\/figure>\n<\/figure>\n\n\n\n<p>R4: Restefonds - 60 km - 2050 Meter - 3 P\u00e4sse (optional Col de la Mouti\u00e8re) : Faux col de Restefonds, col de la Bonette, col des Granges Communes R5: Basse Ubaye - Blanche - 95 km - 2000 Meter - 9 P\u00e4sse: col Saint-Jean, le Coulet, col du Fanget, col du Labouret, col de Maure, col de Fillys, col de Font Sainte, col de Charamel, le Collet.<\/p>\n\n\n\n<figure class=\"wp-block-gallery has-nested-images columns-3 is-cropped wp-block-gallery-3 is-layout-flex wp-block-gallery-is-layout-flex\">\n<figure class=\"wp-block-image size-full\"><a href=\"https:\/\/centcols.org\/wp-content\/uploads\/2021\/06\/R5-col-des-Fyllis.jpg\"><img loading=\"lazy\" decoding=\"async\" width=\"1200\" height=\"900\" data-id=\"85951\" src=\"https:\/\/centcols.org\/wp-content\/uploads\/2021\/06\/R5-col-des-Fyllis.jpg\" alt=\"\" class=\"wp-image-85951\" srcset=\"https:\/\/centcols.org\/wp-content\/uploads\/2021\/06\/R5-col-des-Fyllis.jpg 1200w, https:\/\/centcols.org\/wp-content\/uploads\/2021\/06\/R5-col-des-Fyllis-768x576.jpg 768w\" sizes=\"auto, (max-width: 1200px) 100vw, 1200px\" \/><\/a><figcaption class=\"wp-element-caption\">R5 - Col des Fyllis \u00a9 Robert Yonnet<\/figcaption><\/figure>\n\n\n\n<figure class=\"wp-block-image size-full\"><a href=\"https:\/\/centcols.org\/wp-content\/uploads\/2021\/06\/R5-col-du-Labouret.jpg\"><img loading=\"lazy\" decoding=\"async\" width=\"1200\" height=\"900\" data-id=\"85952\" src=\"https:\/\/centcols.org\/wp-content\/uploads\/2021\/06\/R5-col-du-Labouret.jpg\" alt=\"\" class=\"wp-image-85952\" srcset=\"https:\/\/centcols.org\/wp-content\/uploads\/2021\/06\/R5-col-du-Labouret.jpg 1200w, https:\/\/centcols.org\/wp-content\/uploads\/2021\/06\/R5-col-du-Labouret-768x576.jpg 768w\" sizes=\"auto, (max-width: 1200px) 100vw, 1200px\" \/><\/a><figcaption class=\"wp-element-caption\">R5 - Labouret-Pass \u00a9 Robert Yonnet<\/figcaption><\/figure>\n\n\n\n<figure class=\"wp-block-image size-full\"><a href=\"https:\/\/centcols.org\/wp-content\/uploads\/2021\/06\/R5-village-de-Seyne-Les-Alpes.jpg\"><img loading=\"lazy\" decoding=\"async\" width=\"1200\" height=\"900\" data-id=\"85953\" src=\"https:\/\/centcols.org\/wp-content\/uploads\/2021\/06\/R5-village-de-Seyne-Les-Alpes.jpg\" alt=\"\" class=\"wp-image-85953\" srcset=\"https:\/\/centcols.org\/wp-content\/uploads\/2021\/06\/R5-village-de-Seyne-Les-Alpes.jpg 1200w, https:\/\/centcols.org\/wp-content\/uploads\/2021\/06\/R5-village-de-Seyne-Les-Alpes-768x576.jpg 768w\" sizes=\"auto, (max-width: 1200px) 100vw, 1200px\" \/><\/a><figcaption class=\"wp-element-caption\">R5 - Dorf Seyne Les Alpes \u00a9 Robert Yonnet<\/figcaption><\/figure>\n<\/figure>\n\n\n\n<p>R6: Die drei P\u00e4sse - 120 km - 3300 Meter - 3 P\u00e4sse: Col de la Cayolle, Col des Champs, Col d'Allos R7: Zusammenkunft - 50 km - 920 Meter - 2 P\u00e4sse: Le Pertus - Col Saint-Jean<\/p>\n\n\n\n<figure class=\"wp-block-gallery has-nested-images columns-2 is-cropped wp-block-gallery-4 is-layout-flex wp-block-gallery-is-layout-flex\">\n<figure class=\"wp-block-image size-full\"><a href=\"https:\/\/centcols.org\/wp-content\/uploads\/2021\/06\/R7-station-du-col-St-Jean-1.jpg\"><img loading=\"lazy\" decoding=\"async\" width=\"1200\" height=\"900\" data-id=\"85954\" src=\"https:\/\/centcols.org\/wp-content\/uploads\/2021\/06\/R7-station-du-col-St-Jean-1.jpg\" alt=\"\" class=\"wp-image-85954\" srcset=\"https:\/\/centcols.org\/wp-content\/uploads\/2021\/06\/R7-station-du-col-St-Jean-1.jpg 1200w, https:\/\/centcols.org\/wp-content\/uploads\/2021\/06\/R7-station-du-col-St-Jean-1-768x576.jpg 768w\" sizes=\"auto, (max-width: 1200px) 100vw, 1200px\" \/><\/a><figcaption class=\"wp-element-caption\">R7 - Station Col St Jean \u00a9 Robert Yonnet<\/figcaption><\/figure>\n\n\n\n<figure class=\"wp-block-image size-full\"><a href=\"https:\/\/centcols.org\/wp-content\/uploads\/2021\/06\/R7-col-St-Jean.jpg\"><img loading=\"lazy\" decoding=\"async\" width=\"1200\" height=\"900\" data-id=\"85955\" src=\"https:\/\/centcols.org\/wp-content\/uploads\/2021\/06\/R7-col-St-Jean.jpg\" alt=\"\" class=\"wp-image-85955\" srcset=\"https:\/\/centcols.org\/wp-content\/uploads\/2021\/06\/R7-col-St-Jean.jpg 1200w, https:\/\/centcols.org\/wp-content\/uploads\/2021\/06\/R7-col-St-Jean-768x576.jpg 768w\" sizes=\"auto, (max-width: 1200px) 100vw, 1200px\" \/><\/a><figcaption class=\"wp-element-caption\">R7 - Col St Jean \u00a9 Robert Yonnet<\/figcaption><\/figure>\n<\/figure>\n\n\n\n<p>MTB: V1: Bersezio - 30 km - 1550 m - 5 P\u00e4sse: Colletto Ferriere, Bassa di Colombart, Col de Pouriac, Bassa Ferriere, Colletto Incianao<\/p>\n\n\n\n<figure class=\"wp-block-gallery has-nested-images columns-4 is-cropped wp-block-gallery-5 is-layout-flex wp-block-gallery-is-layout-flex\">\n<figure class=\"wp-block-image size-full\"><a href=\"https:\/\/centcols.org\/wp-content\/uploads\/2021\/06\/V1-21-sentinelle-des-lieux.jpg\"><img loading=\"lazy\" decoding=\"async\" width=\"900\" height=\"1200\" data-id=\"85956\" src=\"https:\/\/centcols.org\/wp-content\/uploads\/2021\/06\/V1-21-sentinelle-des-lieux.jpg\" alt=\"\" class=\"wp-image-85956\" srcset=\"https:\/\/centcols.org\/wp-content\/uploads\/2021\/06\/V1-21-sentinelle-des-lieux.jpg 900w, https:\/\/centcols.org\/wp-content\/uploads\/2021\/06\/V1-21-sentinelle-des-lieux-768x1024.jpg 768w\" sizes=\"auto, (max-width: 900px) 100vw, 900px\" \/><\/a><figcaption class=\"wp-element-caption\">V1 - W\u00e4chter des Ortes \u00a9 Robert Yonnet<\/figcaption><\/figure>\n\n\n\n<figure class=\"wp-block-image size-full\"><a href=\"https:\/\/centcols.org\/wp-content\/uploads\/2021\/06\/V1-13-bassa-di-Colombart-2.jpg\"><img loading=\"lazy\" decoding=\"async\" width=\"1200\" height=\"900\" data-id=\"85957\" src=\"https:\/\/centcols.org\/wp-content\/uploads\/2021\/06\/V1-13-bassa-di-Colombart-2.jpg\" alt=\"\" class=\"wp-image-85957\" srcset=\"https:\/\/centcols.org\/wp-content\/uploads\/2021\/06\/V1-13-bassa-di-Colombart-2.jpg 1200w, https:\/\/centcols.org\/wp-content\/uploads\/2021\/06\/V1-13-bassa-di-Colombart-2-768x576.jpg 768w\" sizes=\"auto, (max-width: 1200px) 100vw, 1200px\" \/><\/a><figcaption class=\"wp-element-caption\">V1 - bassa di Colombart 2 \u00a9 Robert Yonnet<\/figcaption><\/figure>\n\n\n\n<figure class=\"wp-block-image size-full\"><a href=\"https:\/\/centcols.org\/wp-content\/uploads\/2021\/06\/V1-20-Cime-de-la-Lose.jpg\"><img loading=\"lazy\" decoding=\"async\" width=\"1200\" height=\"900\" data-id=\"85958\" src=\"https:\/\/centcols.org\/wp-content\/uploads\/2021\/06\/V1-20-Cime-de-la-Lose.jpg\" alt=\"\" class=\"wp-image-85958\" srcset=\"https:\/\/centcols.org\/wp-content\/uploads\/2021\/06\/V1-20-Cime-de-la-Lose.jpg 1200w, https:\/\/centcols.org\/wp-content\/uploads\/2021\/06\/V1-20-Cime-de-la-Lose-768x576.jpg 768w\" sizes=\"auto, (max-width: 1200px) 100vw, 1200px\" \/><\/a><figcaption class=\"wp-element-caption\">V1 - Cime de la Lose \u00a9 Robert Yonnet<\/figcaption><\/figure>\n\n\n\n<figure class=\"wp-block-image size-full\"><a href=\"https:\/\/centcols.org\/wp-content\/uploads\/2021\/06\/V1-2-village-de-Bersezio.jpg\"><img loading=\"lazy\" decoding=\"async\" width=\"1200\" height=\"900\" data-id=\"85959\" src=\"https:\/\/centcols.org\/wp-content\/uploads\/2021\/06\/V1-2-village-de-Bersezio.jpg\" alt=\"\" class=\"wp-image-85959\" srcset=\"https:\/\/centcols.org\/wp-content\/uploads\/2021\/06\/V1-2-village-de-Bersezio.jpg 1200w, https:\/\/centcols.org\/wp-content\/uploads\/2021\/06\/V1-2-village-de-Bersezio-768x576.jpg 768w\" sizes=\"auto, (max-width: 1200px) 100vw, 1200px\" \/><\/a><figcaption class=\"wp-element-caption\">V1 - Dorf Bersezio \u00a9 Robert Yonnet<\/figcaption><\/figure>\n<\/figure>\n\n\n\n<p>V2: Vars - Risoul - 31 km - 1230 Meter - 5 P\u00e4sse: Col de Jaffueil, Col de Saluces, Col du Vallon, Col de Valbelle, Col de Ch\u00e9rine<\/p>\n\n\n\n<figure class=\"wp-block-gallery has-nested-images columns-3 is-cropped wp-block-gallery-6 is-layout-flex wp-block-gallery-is-layout-flex\">\n<figure class=\"wp-block-image size-full\"><a href=\"https:\/\/centcols.org\/wp-content\/uploads\/2021\/06\/V2-11-pic-St-Andre.jpg\"><img loading=\"lazy\" decoding=\"async\" width=\"1200\" height=\"900\" data-id=\"85960\" src=\"https:\/\/centcols.org\/wp-content\/uploads\/2021\/06\/V2-11-pic-St-Andre.jpg\" alt=\"\" class=\"wp-image-85960\" srcset=\"https:\/\/centcols.org\/wp-content\/uploads\/2021\/06\/V2-11-pic-St-Andre.jpg 1200w, https:\/\/centcols.org\/wp-content\/uploads\/2021\/06\/V2-11-pic-St-Andre-768x576.jpg 768w\" sizes=\"auto, (max-width: 1200px) 100vw, 1200px\" \/><\/a><figcaption class=\"wp-element-caption\">V2 - Pic St Andr\u00e9 \u00a9 Robert Yonnet<\/figcaption><\/figure>\n\n\n\n<figure class=\"wp-block-image size-full\"><a href=\"https:\/\/centcols.org\/wp-content\/uploads\/2021\/06\/V2-10-col-du-Vallon.jpg\"><img loading=\"lazy\" decoding=\"async\" width=\"1200\" height=\"900\" data-id=\"85961\" src=\"https:\/\/centcols.org\/wp-content\/uploads\/2021\/06\/V2-10-col-du-Vallon.jpg\" alt=\"\" class=\"wp-image-85961\" srcset=\"https:\/\/centcols.org\/wp-content\/uploads\/2021\/06\/V2-10-col-du-Vallon.jpg 1200w, https:\/\/centcols.org\/wp-content\/uploads\/2021\/06\/V2-10-col-du-Vallon-768x576.jpg 768w\" sizes=\"auto, (max-width: 1200px) 100vw, 1200px\" \/><\/a><figcaption class=\"wp-element-caption\">V2 - Col du Vallon \u00a9 Robert Yonnet<\/figcaption><\/figure>\n\n\n\n<figure class=\"wp-block-image size-full\"><a href=\"https:\/\/centcols.org\/wp-content\/uploads\/2021\/06\/V2-5-station-de-Vars-Les-Claux.jpg\"><img loading=\"lazy\" decoding=\"async\" width=\"1200\" height=\"900\" data-id=\"85962\" src=\"https:\/\/centcols.org\/wp-content\/uploads\/2021\/06\/V2-5-station-de-Vars-Les-Claux.jpg\" alt=\"\" class=\"wp-image-85962\" srcset=\"https:\/\/centcols.org\/wp-content\/uploads\/2021\/06\/V2-5-station-de-Vars-Les-Claux.jpg 1200w, https:\/\/centcols.org\/wp-content\/uploads\/2021\/06\/V2-5-station-de-Vars-Les-Claux-768x576.jpg 768w\" sizes=\"auto, (max-width: 1200px) 100vw, 1200px\" \/><\/a><figcaption class=\"wp-element-caption\">V2 - Station Vars Les Claux \u00a9 Robert Yonnet<\/figcaption><\/figure>\n<\/figure>\n\n\n\n<p>V3: Le Parpaillon - 41 km - 2130 m - 4 P\u00e4sse: Col du Parpaillon (Tunnel), Col de Girabeau, Col de la Pare, Pas du Reverdillon<\/p>\n\n\n<div class=\"wp-block-image\">\n<figure class=\"aligncenter size-full is-resized\"><img loading=\"lazy\" decoding=\"async\" width=\"1094\" height=\"821\" src=\"https:\/\/centcols.org\/wp-content\/uploads\/2021\/06\/42-Col-du-Parpaillon.jpg\" alt=\"V3: Col du Parpaillon \u00a9 Enrico Alberini\" class=\"wp-image-85963\" style=\"width:800px\" srcset=\"https:\/\/centcols.org\/wp-content\/uploads\/2021\/06\/42-Col-du-Parpaillon.jpg 1094w, https:\/\/centcols.org\/wp-content\/uploads\/2021\/06\/42-Col-du-Parpaillon-768x576.jpg 768w\" sizes=\"auto, (max-width: 1094px) 100vw, 1094px\" \/><figcaption class=\"wp-element-caption\">V3: Col du Parpaillon \u00a9 Enrico Alberini<\/figcaption><\/figure>\n<\/div>\n\n\n<p>V4: Restefonds - 32 km - 1075 Meter - 5 P\u00e4sse: Pas de Toureis, Faux col de Restefond, col de la Mouti\u00e8re, col de la Bonette, col des Granges Communes V5: Orrenaye - 24 km - 1200 Meter - 6 P\u00e4sse: Col R\u00e9my, Col des Monges, Col d'Aguya, Col de la Gypi\u00e8re de l'Orrenaye, Col de Ruburent, Colle della Scaletta V6: Col d'Allos (noch nicht erkannt, da die Stra\u00dfe nach dem Erdrutsch gesperrt ist) V7: Versammlung - 21 km - 530 Meter - 3 P\u00e4sse: Col de Font Sainte, Col de Charamel, Col Saint-Jean <strong>Das j\u00e4hrliche Treffen des \"Club des Cent Cols<\/strong><\/p>\n\n\n\n<figure class=\"wp-block-gallery has-nested-images columns-2 is-cropped wp-block-gallery-7 is-layout-flex wp-block-gallery-is-layout-flex\">\n<figure class=\"wp-block-image size-full\"><a href=\"https:\/\/centcols.org\/wp-content\/uploads\/2021\/06\/V7-pic-du-Morgon.jpg\"><img loading=\"lazy\" decoding=\"async\" width=\"1200\" height=\"900\" data-id=\"85965\" src=\"https:\/\/centcols.org\/wp-content\/uploads\/2021\/06\/V7-pic-du-Morgon.jpg\" alt=\"\" class=\"wp-image-85965\" srcset=\"https:\/\/centcols.org\/wp-content\/uploads\/2021\/06\/V7-pic-du-Morgon.jpg 1200w, https:\/\/centcols.org\/wp-content\/uploads\/2021\/06\/V7-pic-du-Morgon-768x576.jpg 768w\" sizes=\"auto, (max-width: 1200px) 100vw, 1200px\" \/><\/a><figcaption class=\"wp-element-caption\">V7 - Gipfel des Morgon \u00a9 Robert Yonnet<\/figcaption><\/figure>\n\n\n\n<figure class=\"wp-block-image size-full\"><a href=\"https:\/\/centcols.org\/wp-content\/uploads\/2021\/06\/V7-Font-Sainte.jpg\"><img loading=\"lazy\" decoding=\"async\" width=\"1200\" height=\"900\" data-id=\"85966\" src=\"https:\/\/centcols.org\/wp-content\/uploads\/2021\/06\/V7-Font-Sainte.jpg\" alt=\"\" class=\"wp-image-85966\" srcset=\"https:\/\/centcols.org\/wp-content\/uploads\/2021\/06\/V7-Font-Sainte.jpg 1200w, https:\/\/centcols.org\/wp-content\/uploads\/2021\/06\/V7-Font-Sainte-768x576.jpg 768w\" sizes=\"auto, (max-width: 1200px) 100vw, 1200px\" \/><\/a><figcaption class=\"wp-element-caption\">V7 - Font Sainte \u00a9 Robert Yonnet<\/figcaption><\/figure>\n<\/figure>\n\n\n\n<p>Urspr\u00fcnglich sollte die Versammlung auf dem Col d'Allos stattfinden. Aufgrund eines schweren Erdrutsches, der sich am 16. April 2021 zwischen Uvernet-Fours und dem Col d'Allos ereignete, und der Ungewissheit \u00fcber die Wiederer\u00f6ffnung der Stra\u00dfe wurde beschlossen, dass die Versammlung am Samstag, den 11. September 2021 ab 11:00 Uhr im <a href=\"https:\/\/centcols.org\/de\/util\/geo\/visuGen.php\/?code=FR-04-1333\" target=\"_blank\" rel=\"noreferrer noopener\">col Saint-Jean FR-04-1333<\/a><\/p>\n\n\n\n<figure class=\"wp-block-gallery has-nested-images columns-4 is-cropped wp-block-gallery-8 is-layout-flex wp-block-gallery-is-layout-flex\">\n<figure class=\"wp-block-image size-full\"><a href=\"https:\/\/centcols.org\/wp-content\/uploads\/2021\/06\/Club-des-100-Cols-11.09.2021-4.jpg\"><img loading=\"lazy\" decoding=\"async\" width=\"1200\" height=\"800\" data-id=\"85967\" src=\"https:\/\/centcols.org\/wp-content\/uploads\/2021\/06\/Club-des-100-Cols-11.09.2021-4.jpg\" alt=\"\" class=\"wp-image-85967\" srcset=\"https:\/\/centcols.org\/wp-content\/uploads\/2021\/06\/Club-des-100-Cols-11.09.2021-4.jpg 1200w, https:\/\/centcols.org\/wp-content\/uploads\/2021\/06\/Club-des-100-Cols-11.09.2021-4-768x512.jpg 768w\" sizes=\"auto, (max-width: 1200px) 100vw, 1200px\" \/><\/a><figcaption class=\"wp-element-caption\">petit mot de Guillaume de Lou Riouclar \u00a9 Sylvie Arnaud<\/figcaption><\/figure>\n\n\n\n<figure class=\"wp-block-image size-full\"><a href=\"https:\/\/centcols.org\/wp-content\/uploads\/2021\/06\/Club-des-100-Cols-11.09.2021-3.jpg\"><img loading=\"lazy\" decoding=\"async\" width=\"1200\" height=\"800\" data-id=\"85968\" src=\"https:\/\/centcols.org\/wp-content\/uploads\/2021\/06\/Club-des-100-Cols-11.09.2021-3.jpg\" alt=\"\" class=\"wp-image-85968\" srcset=\"https:\/\/centcols.org\/wp-content\/uploads\/2021\/06\/Club-des-100-Cols-11.09.2021-3.jpg 1200w, https:\/\/centcols.org\/wp-content\/uploads\/2021\/06\/Club-des-100-Cols-11.09.2021-3-768x512.jpg 768w\" sizes=\"auto, (max-width: 1200px) 100vw, 1200px\" \/><\/a><figcaption class=\"wp-element-caption\">das Team von Lou Riouclar \u00a9 Sylvie Arnaud<\/figcaption><\/figure>\n\n\n\n<figure class=\"wp-block-image size-full\"><a href=\"https:\/\/centcols.org\/wp-content\/uploads\/2021\/06\/Club-des-100-Cols-11.09.2021-2.jpg\"><img loading=\"lazy\" decoding=\"async\" width=\"1200\" height=\"994\" data-id=\"85969\" src=\"https:\/\/centcols.org\/wp-content\/uploads\/2021\/06\/Club-des-100-Cols-11.09.2021-2.jpg\" alt=\"\" class=\"wp-image-85969\" srcset=\"https:\/\/centcols.org\/wp-content\/uploads\/2021\/06\/Club-des-100-Cols-11.09.2021-2.jpg 1200w, https:\/\/centcols.org\/wp-content\/uploads\/2021\/06\/Club-des-100-Cols-11.09.2021-2-768x636.jpg 768w\" sizes=\"auto, (max-width: 1200px) 100vw, 1200px\" \/><\/a><figcaption class=\"wp-element-caption\">\u00dcbergabe des Buches der 40 Jahre an Madame la maire de Montclar \u00a9 Sylvie Arnaud<\/figcaption><\/figure>\n\n\n\n<figure class=\"wp-block-image size-full\"><a href=\"https:\/\/centcols.org\/wp-content\/uploads\/2021\/06\/Club-des-100-Cols-11.09.2021-1.jpg\"><img loading=\"lazy\" decoding=\"async\" width=\"1200\" height=\"800\" data-id=\"85970\" src=\"https:\/\/centcols.org\/wp-content\/uploads\/2021\/06\/Club-des-100-Cols-11.09.2021-1.jpg\" alt=\"\" class=\"wp-image-85970\" srcset=\"https:\/\/centcols.org\/wp-content\/uploads\/2021\/06\/Club-des-100-Cols-11.09.2021-1.jpg 1200w, https:\/\/centcols.org\/wp-content\/uploads\/2021\/06\/Club-des-100-Cols-11.09.2021-1-768x512.jpg 768w\" sizes=\"auto, (max-width: 1200px) 100vw, 1200px\" \/><\/a><figcaption class=\"wp-element-caption\">Versammlung Montclar \u00a9 Sylvie Arnaud<\/figcaption><\/figure>\n<\/figure>\n\n\n\n<p class=\"has-medium-font-size\"><a href=\"https:\/\/centcols.org\/wp-content\/uploads\/2025\/08\/La-Provence-Editions-Alpes-Page-Blanche-Ubaye-13.09.2021.pdf\" target=\"_blank\" rel=\"noreferrer noopener\">Artikel aus der Provence<\/a> <a href=\"https:\/\/centcols.org\/wp-content\/uploads\/2025\/08\/La-Provence-Editions-Alpes-Page-Blanche-Ubaye-13.09.2021.pdf\" target=\"_blank\" rel=\"noreferrer noopener\">erschienen am Montag, den 13. September 2021<\/a><\/p>\n\n\n\n<h2 class=\"wp-block-heading\">Unterkunft<\/h2>\n\n\n\n<div class=\"wp-block-columns is-layout-flex wp-container-core-columns-is-layout-9d6595d7 wp-block-columns-is-layout-flex\">\n<div class=\"wp-block-column is-layout-flow wp-block-column-is-layout-flow\" style=\"flex-basis:66.66%\">\n<p>Wir werden im Feriendorf Cap France, Lou Riouclar, empfangen. Es befindet sich auf den H\u00f6hen des Dorfes M\u00e9olans-Revel <strong>Lou Riouclar<\/strong> 04340 M\u00e9olans-Revel Tel: +33 (0)4 92 80 75 75. E-Mail: <a href=\"\/de\/&\/#x63;o&#x6e;&#116;&#x61;&#99;&#x74;&#x40;l&#x6f;&#117;&#x72;&#105;&#x6f;&#117;c&#x6c;&#97;&#x72;&#46;&#x63;&#111;m\" target=\"_blank\" rel=\"noreferrer noopener\">contact@louriouclar.com<\/a> - <a href=\"https:\/\/www.louriouclar.com\" target=\"_blank\" rel=\"noreferrer noopener\">Webseite von Lou Riouclar<\/a> Es verf\u00fcgt \u00fcber 118 Zweibettzimmer, die alle mit einem eigenen Badezimmer mit Dusche, Waschbecken und WC ausgestattet sind. Handt\u00fccher und Bettw\u00e4sche werden gestellt. Die Gastronomie bietet regionale Produkte, vor Ort gekochte, hausgemachte Gerichte und bevorzugt kurze Wege mit lokalen Produzenten. Der Parkplatz des Feriendorfs kann Wohnmobile akzeptieren, die sich f\u00fcr die Formel \u00abPauschale 7 Abendessen\u00bb oder \u00abPauschale 7 Tage Verpflegung\u00bb entschieden haben. INFORMATIONEN: Wenn Sie eine fr\u00fchere Anreise w\u00fcnschen, wenden Sie sich bitte direkt an das Zentrum.<\/p>\n\n\n\n<figure class=\"wp-block-gallery has-nested-images columns-3 is-cropped wp-block-gallery-9 is-layout-flex wp-block-gallery-is-layout-flex\">\n<figure class=\"wp-block-image size-full\"><a href=\"https:\/\/centcols.org\/wp-content\/uploads\/2021\/06\/photo-drone-rioclar-2.jpg\"><img loading=\"lazy\" decoding=\"async\" width=\"1278\" height=\"720\" data-id=\"85978\" src=\"https:\/\/centcols.org\/wp-content\/uploads\/2021\/06\/photo-drone-rioclar-2.jpg\" alt=\"\" class=\"wp-image-85978\" srcset=\"https:\/\/centcols.org\/wp-content\/uploads\/2021\/06\/photo-drone-rioclar-2.jpg 1278w, https:\/\/centcols.org\/wp-content\/uploads\/2021\/06\/photo-drone-rioclar-2-1200x676.jpg 1200w, https:\/\/centcols.org\/wp-content\/uploads\/2021\/06\/photo-drone-rioclar-2-768x433.jpg 768w\" sizes=\"auto, (max-width: 1278px) 100vw, 1278px\" \/><\/a><figcaption class=\"wp-element-caption\">Lou Riouclar<\/figcaption><\/figure>\n\n\n\n<figure class=\"wp-block-image size-full\"><a href=\"https:\/\/centcols.org\/wp-content\/uploads\/2021\/06\/Vue-generale-Chalet-1-2.jpg\"><img loading=\"lazy\" decoding=\"async\" width=\"1200\" height=\"648\" data-id=\"85976\" src=\"https:\/\/centcols.org\/wp-content\/uploads\/2021\/06\/Vue-generale-Chalet-1-2.jpg\" alt=\"\" class=\"wp-image-85976\" srcset=\"https:\/\/centcols.org\/wp-content\/uploads\/2021\/06\/Vue-generale-Chalet-1-2.jpg 1200w, https:\/\/centcols.org\/wp-content\/uploads\/2021\/06\/Vue-generale-Chalet-1-2-768x415.jpg 768w\" sizes=\"auto, (max-width: 1200px) 100vw, 1200px\" \/><\/a><figcaption class=\"wp-element-caption\">Lou Riouclar<\/figcaption><\/figure>\n\n\n\n<figure class=\"wp-block-image size-full\"><a href=\"https:\/\/centcols.org\/wp-content\/uploads\/2021\/06\/Le-Chalet-vu-de-la-terrsasse-EU-2.jpg\"><img loading=\"lazy\" decoding=\"async\" width=\"1200\" height=\"800\" data-id=\"85977\" src=\"https:\/\/centcols.org\/wp-content\/uploads\/2021\/06\/Le-Chalet-vu-de-la-terrsasse-EU-2.jpg\" alt=\"\" class=\"wp-image-85977\" srcset=\"https:\/\/centcols.org\/wp-content\/uploads\/2021\/06\/Le-Chalet-vu-de-la-terrsasse-EU-2.jpg 1200w, https:\/\/centcols.org\/wp-content\/uploads\/2021\/06\/Le-Chalet-vu-de-la-terrsasse-EU-2-768x512.jpg 768w\" sizes=\"auto, (max-width: 1200px) 100vw, 1200px\" \/><\/a><figcaption class=\"wp-element-caption\">Lou Riouclar<\/figcaption><\/figure>\n<\/figure>\n<\/div>\n\n\n\n<div class=\"wp-block-column is-layout-flow wp-block-column-is-layout-flow\" style=\"flex-basis:33.33%\">\n<div style=\"height:50px\" aria-hidden=\"true\" class=\"wp-block-spacer\"><\/div>\n\n\n\n<h2 class=\"wp-block-heading\">Anmerkung des Verwaltungsrats<\/h2>\n\n\n\n<p>Wenn Sie f\u00fcr Ihre Unterkunft au\u00dferhalb des Feriendorfs Lou Riouclar sorgen, denken Sie daran, sich als \u00abEinfacher Teilnehmer\u00bb zu registrieren:<\/p>\n\n\n\n<ol class=\"wp-block-list\">\n<li>Um gemeinsame Veranstaltungen (Informationsveranstaltungen, Begr\u00fc\u00dfungs- und Abschiedstrinken) richtig dimensionieren zu k\u00f6nnen.<\/li>\n\n\n\n<li>Um Ihnen das Heft zum Aufenthalt zur Verf\u00fcgung stellen zu k\u00f6nnen<\/li>\n\n\n\n<li>F\u00fcr eine angepasste Verteilung der Vorbereitungs- und Organisationskosten.<\/li>\n<\/ol>\n<\/div>\n<\/div>\n\n\n\n<p>F\u00fcr Wohnmobilisten, die sich ein wenig mehr Komfort w\u00fcnschen, schlagen wir diese beiden Adressen vor:<\/p>\n\n\n\n<ul class=\"wp-block-list\">\n<li>Parkplatz hinter dem st\u00e4dtischen Stadion L\u00e9on Signoret in Barcelonnette<\/li>\n<\/ul>\n\n\n\n<h6 class=\"wp-block-heading\">\u00dcbernachtung: 6 Euro pro Tag<\/h6>\n\n\n\n<h6 class=\"wp-block-heading\">Strom: 2 Euro pro Tag<\/h6>\n\n\n\n<h6 class=\"wp-block-heading\">Zahlung am Automaten mit Bankkarte<\/h6>\n\n\n\n<ul class=\"wp-block-list\">\n<li>camping restaurant River Le Martinet 04340 M\u00e9olans-Revel 04 92 85 57 13 \/ 07 77 86 93 65 <a href=\"https:\/\/camping-river.eu\/fr\/bienvenue-2\/\" target=\"_blank\" rel=\"noreferrer noopener\">Campingplatzseite<\/a> &nbsp;<\/li>\n<\/ul>\n\n\n\n<h2 class=\"wp-block-heading\">Anmeldungen<\/h2>\n\n\n\n<p>Um sich anzumelden, laden Sie das PDF-Anmeldeformular mit dem untenstehenden Link herunter. Bitte beachten Sie, dass das Anmeldeformular aus zwei Seiten besteht: der eigentlichen Anmeldung (achten Sie darauf, alle f\u00fcr Sie relevanten Rubriken auszuf\u00fcllen und unten auf der Seite zu unterschreiben) und den besonderen Bedingungen, die Sie ebenfalls unterschreiben m\u00f6chten. Wenn Sie vorhaben, sich von Ihrem Partner\/Ihrer Partnerin begleiten zu lassen, achten Sie darauf, ihn\/sie vorher bei Ihrem Territorialen oder Nationalen Delegierten als assoziiertes Mitglied anzumelden und vergessen Sie nicht, seine\/ihre Mitgliedsnummer in das daf\u00fcr vorgesehene Feld einzutragen. F\u00fcr diejenigen unter Ihnen, die selbstst\u00e4ndig wohnen und sich um ihre Mahlzeiten k\u00fcmmern, empfiehlt es sich, die Pauschale \u00abSimple Participant\u00bb zu buchen, die der Teilnahme an allen Leistungen und Diensten entspricht, von denen sie profitieren, wenn sie am Aufenthalt teilnehmen: Kosten f\u00fcr die Vorbereitung des Aufenthalts und der Rundreisen, Ausgabe der angezeigten Karten und des Trombinoskops, Begr\u00fc\u00dfungs- und Abschlussgetr\u00e4nk, Brosch\u00fcre des Aufenthalts, Organisation der Aktivit\u00e4ten der Begleitpersonen, Versicherung des Clubs, usw. Sie k\u00f6nnen die Formeln :<\/p>\n\n\n\n<ul class=\"wp-block-list\">\n<li>\u00abVollpension\u00bb f\u00fcr 478\u20ac, zu der Sie die Nebenkosten von 18,50\u20ac hinzuf\u00fcgen m\u00fcssen<\/li>\n\n\n\n<li>\u00ab7-Dinner-Paket\u00bb f\u00fcr 117\u20ac, wenn du dich selbst unterbringst, aber die Abendessen mit deinen Freunden teilen m\u00f6chtest. Sie m\u00fcssen die Nebenkosten in H\u00f6he von 18,50\u20ac hinzuf\u00fcgen.<\/li>\n\n\n\n<li>\u00ab7-Tage-Pauschale f\u00fcr Verpflegung\u00bb f\u00fcr 233\u20ac mit Fr\u00fchst\u00fcck, Lunchpaketen, Abendessen und Nebenkosten von 18,50\u20ac.<\/li>\n\n\n\n<li>Optionaler Abschluss der Gritchen-Versicherung (2,34 % des Leistungsbetrags mit einem Minimum von 8\u20ac pro Person bzw. 16\u20ac f\u00fcr ein Paar)<\/li>\n\n\n\n<li>\u00abEinfache Teilnehmerpauschale\u00bb f\u00fcr 18,50\u20ac, wenn Sie selbstst\u00e4ndig \u00fcbernachten und f\u00fcr Ihr Abendessen sorgen.<\/li>\n<\/ul>\n\n\n\n<p>Wenn, und nur wenn, ein Teilnehmer nicht <strong>nicht FFCT-lizenziert<\/strong>, F\u00fcr die Teilnahme an der Veranstaltung m\u00fcssen Sie zus\u00e4tzlich eine Pflichtversicherung in H\u00f6he von 7 \u20ac abschlie\u00dfen. Sie k\u00f6nnen den Betrag f\u00fcr die Anmeldung bezahlen <strong>per Scheck oder \u00dcberweisung<\/strong> auf das Konto des Clubs \u00fcberweisen. Aufgrund der zus\u00e4tzlichen Geb\u00fchren, die von der Organisation, die das Konto verwaltet, erhoben werden, nehmen wir keine Zahlungen per PayPal an. <strong>Die Zuweisung von Mitgliedern<\/strong> erfolgt in der Reihenfolge des Versands des Schecks oder der Ausstellung der \u00dcberweisung. Bei ersterem gilt der Poststempel, bei letzterem achten Sie bitte darauf, uns eine Kopie des \u00dcberweisungsauftrags zu schicken. Wenn der Aufenthalt ausgebucht ist, wird eine Warteliste eingerichtet, die nach denselben Regeln f\u00fcr die Priorit\u00e4t der Zuteilung funktioniert wie die direkten Anmeldungen.<\/p>\n\n\n\n<h3 class=\"wp-block-heading\">Trombinoskop<\/h3>\n\n\n\n<p> Wenn Sie Ihr Foto noch nicht f\u00fcr den <strong>trombinoskop <\/strong>und darin erscheinen m\u00f6chten, denken Sie bitte daran, das entsprechende K\u00e4stchen anzukreuzen und uns ein Foto im JPG-Format per E-Mail zu schicken. Von <strong>Zusatzinformationen<\/strong> werden zu einem sp\u00e4teren Zeitpunkt auf der Website, die Sie regelm\u00e4\u00dfig besuchen k\u00f6nnen, ver\u00f6ffentlicht. Jedes Mal stellt der Verantwortliche f\u00fcr die Aufenthalte eine kleine Mail auf die Mailingliste. Wenn Sie diese Mails erhalten m\u00f6chten, laden wir Sie dazu ein <strong>sich in die Mailingliste eintragen<\/strong>, Wenn Sie es noch nicht getan haben. <strong>Wenn Sie Fragen haben<\/strong> z\u00f6gern Sie nicht, den Verantwortlichen f\u00fcr den Aufenthalt anzurufen: +33 6 78 87 33 67. ERINNERUNG: Auf der Sitzung vom 26. September 2020 hat der Verwaltungsrat beschlossen, dass assoziierte Mitglieder nicht mehr \u00abdie einfache Teilnehmerpauschale\u00bb oder \u00abdie Nebenkostenpauschale\u00bb abschlie\u00dfen m\u00fcssen. <\/p>\n\n\n\n<h3 class=\"wp-block-heading\">Newsletter herunterladen :<\/h3>\n\n\n\n<ul class=\"wp-block-list\">\n<li>Anmeldeformular M\u00e9olans-Revel auf Franz\u00f6sisch<\/li>\n\n\n\n<li>Booking form M\u00e9olans-Revel in English<\/li>\n\n\n\n<li>Modulo d'iscrizione M\u00e9olans-Revel in italiano<\/li>\n<\/ul>\n\n\n\n<p><strong>Die Frist f\u00fcr den Eingang der Anmeldungen wurde auf den 10. August 2021 festgelegt.<\/strong><\/p>\n\n\n\n<p>Sie k\u00f6nnen bl\u00e4ttern <a href=\"https:\/\/centcols.org\/wp-content\/uploads\/2025\/08\/Livret-Ubaye-1.pdf\" target=\"_blank\" rel=\"noreferrer noopener\"><strong>hier<\/strong> das Heft<\/a> das w\u00e4hrend des Aufenthalts verteilt wird und neben Willkommensgr\u00fc\u00dfen auch Informationen \u00fcber die Region und die Anreise, Sicherheitsaspekte und eine detaillierte Beschreibung der Touren enth\u00e4lt.<\/p>\n\n\n\n<h2 class=\"wp-block-heading\">Andere Aktivit\u00e4ten oder Besuche<\/h2>\n\n\n\n<h3 class=\"wp-block-heading\">MEOLANS-REVEL<\/h3>\n\n\n\n<p><strong>Verschiedene Weiler, die bis auf 1500 m H\u00f6he verstreut liegen, haben ihren Charakter bewahrt und ihre landwirtschaftlichen, handwerklichen und touristischen Aktivit\u00e4ten harmonisch miteinander vermischt. M\u00e9olans, das von der Stra\u00dfe aus sichtbar ist, schmiegt sich hinter einem Felsen mit einem stolzen Glockenturm inmitten einer bewaldeten Landschaft. Die Gemeinde und der Wald erstrecken sich bis zum Vallon du Laverq, einem Priorat der Benediktiner, das von der Abtei Boscodon abh\u00e4ngt und ein Lehen der Rodungsm\u00f6nche ist.<\/strong> Das Dorf Rioclar ist der wichtigste Weiler der Gemeinde mit der Gemeindeschule und der Kirche mit Glasfenstern, die die Kapellen der Umgebung im Laufe der Jahreszeiten darstellen. Das Haus Chauvet, heute Auberge \u00abdes Terres Blanches\u00bb, tr\u00e4gt eine Sonnenuhr aus dem Jahr 1773 mit der Legende \u00abdonne moi le soleil, je vous donnerai l'heure\u00bb (Gebt mir die Sonne, ich gebe euch die Uhrzeit). Das Holzhaus ist ein Schaufenster der Holzbranche und empf\u00e4ngt das Publikum in R\u00e4umen f\u00fcr Beobachtungen, Informationen und Spiele, die dem Wald und den H\u00f6lzern der Alpen gewidmet sind. Der Besuch endet mit einer Vorf\u00fchrung des Drechselns, der Laubs\u00e4ge oder der Arbeit mit der Oberfr\u00e4se mit dem Betreuer des Hauses. <a href=\"http:\/\/www.maisondubois.fr\">http:\/\/www.maisondubois.fr<\/a><\/p>\n\n\n\n<h3 class=\"wp-block-heading\">PATRIMOINE<\/h3>\n\n\n\n<p>Das Ubaye-Tal ist reich an Kultursch\u00e4tzen, die von H\u00f6henfestungen (von Vauban bis Maginot) bis hin zu Villen und Gr\u00e4bern reichen, die von ehemaligen Auswanderern nach ihrer R\u00fcckkehr aus Mexiko errichtet wurden. Als Durchgangsweg f\u00fcr Menschen und Kulturen, der ebenso gern nach Italien wie nach Frankreich blickt, l\u00e4dt Sie das Ubaye-Tal zur Entdeckung seiner bewohnten Landschaften ein. Um von den Abenteuern seiner Hausierer-Bauern und k\u00fchnen Auswanderer, der geduldigen Erschlie\u00dfung seiner L\u00e4ndereien, Gesten und Kenntnisse zu erz\u00e4hlen, hat das Ubaye-Tal f\u00fcnf Museen eingerichtet und organisiert Themenf\u00fchrungen durch seine Forts, Kirchen und Kapellen, D\u00f6rfer und Ferienorte, Landschaften und Natursch\u00e4tze. Als milit\u00e4rstrategischer Knotenpunkt zwischen der Provence, der Dauphin\u00e9 und den Staaten von Savoyen war das Ubaye-Tal lange Zeit umk\u00e4mpft. Nachdem das Ubaye-Tal 1713 durch den Vertrag von Utrecht an Frankreich angegliedert wurde, wurde es gr\u00fcndlich befestigt. Jahrhundert unter der nachfolgenden Leitung von General Haxo und sp\u00e4ter von General S\u00e9r\u00e9 de Rivi\u00e8res werden die Hauptforts in den Einm\u00fcndungsbereichen oder auf den Gipfeln errichtet. Diese Bauten werden ab 1931 durch die Werke der Maginot-Linie erg\u00e4nzt. Dieses einzigartige und unvergleichliche architektonische Erbe ist ein Zeugnis der franz\u00f6sischen Geschichte in einer Landschaft, in der es keine Grenzen mehr gibt, und kann besichtigt werden.<\/p>\n\n\n\n<figure class=\"wp-block-gallery has-nested-images columns-2 is-cropped wp-block-gallery-10 is-layout-flex wp-block-gallery-is-layout-flex\">\n<figure class=\"wp-block-image size-full\"><a href=\"https:\/\/centcols.org\/wp-content\/uploads\/2021\/06\/Fort-de-Tournoux-\u00a9-Claude-Gouron-3-1200x800-1.jpg\"><img loading=\"lazy\" decoding=\"async\" width=\"1200\" height=\"800\" data-id=\"85973\" src=\"https:\/\/centcols.org\/wp-content\/uploads\/2021\/06\/Fort-de-Tournoux-\u00a9-Claude-Gouron-3-1200x800-1.jpg\" alt=\"\" class=\"wp-image-85973\" srcset=\"https:\/\/centcols.org\/wp-content\/uploads\/2021\/06\/Fort-de-Tournoux-\u00a9-Claude-Gouron-3-1200x800-1.jpg 1200w, https:\/\/centcols.org\/wp-content\/uploads\/2021\/06\/Fort-de-Tournoux-\u00a9-Claude-Gouron-3-1200x800-1-768x512.jpg 768w\" sizes=\"auto, (max-width: 1200px) 100vw, 1200px\" \/><\/a><figcaption class=\"wp-element-caption\">Fort de Tournoux \u00a9-Claude-Gouron<\/figcaption><\/figure>\n\n\n\n<figure class=\"wp-block-image size-full\"><a href=\"https:\/\/centcols.org\/wp-content\/uploads\/2021\/06\/Fort-de-Saint-Ours-\u00a9-CCVUSP-7-300x300-1.jpg\"><img loading=\"lazy\" decoding=\"async\" width=\"300\" height=\"300\" data-id=\"85974\" src=\"https:\/\/centcols.org\/wp-content\/uploads\/2021\/06\/Fort-de-Saint-Ours-\u00a9-CCVUSP-7-300x300-1.jpg\" alt=\"\" class=\"wp-image-85974\" srcset=\"https:\/\/centcols.org\/wp-content\/uploads\/2021\/06\/Fort-de-Saint-Ours-\u00a9-CCVUSP-7-300x300-1.jpg 300w, https:\/\/centcols.org\/wp-content\/uploads\/2021\/06\/Fort-de-Saint-Ours-\u00a9-CCVUSP-7-300x300-1-150x150.jpg 150w\" sizes=\"auto, (max-width: 300px) 100vw, 300px\" \/><\/a><figcaption class=\"wp-element-caption\">Fort von Saint-Ours \u00a9 CCVUSP <\/figcaption><\/figure>\n<\/figure>\n\n\n\n<h3 class=\"wp-block-heading\">MUSEEN<\/h3>\n\n\n\n<p><strong>Ein Museum im Verlauf des Tals<\/strong> : Indem es die Landschaften des Tals und den Reichtum seiner Flora und Fauna enth\u00fcllt, zeigt das Museum von Le Lauzet-Ubaye die Fertigkeiten, die der Mensch f\u00fcr die Viehzucht, das Handwerk, die Architektur, die Jagd, das Sammeln usw. entwickelt hat. Das Museum befindet sich im Herzen des Dorfes in einem ehemaligen Gesch\u00e4ft und l\u00e4dt zur Entdeckung des Tals ein. <strong>Talmuseum :<\/strong> Jahrhundert, der einzigen Villa \u00abder Mexikaner\u00bb, die besichtigt werden kann, entdecken Sie die weltoffenen Sammlungen des Mus\u00e9e de la Vall\u00e9e: Volkskunst aus Mexiko, China, Burma usw., die orientalistischen Gem\u00e4lde von Jean und Marie Caire, das Kuriosit\u00e4tenkabinett des Migranten und Reisenden Emile Chabrand und nicht zuletzt die Abenteuer der Einwohner von Barcelonnette (genannt \u00bbles barcelonnettes\u00bb) in Mexiko (1805-1950), die von einem Nachfahren erz\u00e4hlt werden.<\/p>\n\n\n<div class=\"wp-block-image size-full wp-image-57712\">\n<figure class=\"aligncenter is-resized\"><a href=\"https:\/\/centcols.org\/wp-content\/uploads\/2021\/06\/Musee-de-la-Vallee-exterieur-\u00a9-Claude-Gouron-2-1200x900-1.jpg\"><img loading=\"lazy\" decoding=\"async\" width=\"1200\" height=\"900\" src=\"https:\/\/centcols.org\/wp-content\/uploads\/2021\/06\/Musee-de-la-Vallee-exterieur-\u00a9-Claude-Gouron-2-1200x900-1.jpg\" alt=\"\" class=\"wp-image-85975\" style=\"aspect-ratio:1;width:600px\" srcset=\"https:\/\/centcols.org\/wp-content\/uploads\/2021\/06\/Musee-de-la-Vallee-exterieur-\u00a9-Claude-Gouron-2-1200x900-1.jpg 1200w, https:\/\/centcols.org\/wp-content\/uploads\/2021\/06\/Musee-de-la-Vallee-exterieur-\u00a9-Claude-Gouron-2-1200x900-1-768x576.jpg 768w\" sizes=\"auto, (max-width: 1200px) 100vw, 1200px\" \/><\/a><figcaption class=\"wp-element-caption\">Museum des Tals \u00a9 Claude Gouron<\/figcaption><\/figure>\n<\/div>\n\n\n<p>F\u00fcr Arch\u00e4ologiebegeisterte: Das Museum beherbergt die Bronzen der ber\u00fchmten Sammlung Ollivier (Schenkung Gleize) Parc de la Sapini\u00e8re - Avenue de la Lib\u00e9ration - 04400 Barcelonnette <strong>See-Museoskop :<\/strong> Es erz\u00e4hlt die Geschichte des Baus des Staudamms von Serre-Pon\u00e7on (des gr\u00f6\u00dften Staudamms Europas) und der versunkenen D\u00f6rfer. Entdecken Sie auf einem visuellen und akustischen Rundgang diesen Ort, der das Erwachen der Kinder f\u00f6rdert und Freizeit und Kultur in einem einzigen B\u00fchnenraum vereint. <a href=\"http:\/\/www.museoscope-du-lac.com\">http:\/\/www.museoscope-du-lac.com<\/a><\/p>","protected":false},"excerpt":{"rendered":"<p>Ont contribu\u00e9 \u00e0 cette page de pr\u00e9sentation du s\u00e9jour Enrico Alberini, Christophe Badonnel, Bernard Giraudeau et les responsables informatiques. Le s\u00e9jour d\u2019\u00e9t\u00e9 2021 se d\u00e9roulera du 04 au 11 septembre dans le d\u00e9partement des Alpes de Haute Provence, plus pr\u00e9cis\u00e9ment \u00e0 M\u00e9olans-Revel. Il a \u00e9t\u00e9 pr\u00e9par\u00e9 par une petite \u00e9quipe locale : Paulette Autric, Robert [&hellip;]<\/p>\n","protected":false},"author":64,"featured_media":85941,"comment_status":"closed","ping_status":"open","sticky":false,"template":"","format":"standard","meta":{"_acf_changed":false,"footnotes":""},"categories":[349,381,353,355,135,231],"tags":[],"class_list":["post-82284","post","type-post","status-publish","format-standard","has-post-thumbnail","hentry","category-france-pays-sejours","category-04-alpes-de-haute-provence","category-alpes-francaises-du-sud-massif-sejours","category-provence-alpes-cote-dazur-region-sejours","category-calendrier","category-sejours"],"acf":[],"yoast_head":"<!-- This site is optimized with the Yoast SEO plugin v27.2 - https:\/\/yoast.com\/product\/yoast-seo-wordpress\/ -->\n<title>S\u00e9jour d&#039;\u00e9t\u00e9 \u00e0 M\u00e9olans-Revel, 04 au 11 septembre 2021 - Club des Cent Cols<\/title>\n<meta name=\"robots\" content=\"index, follow, max-snippet:-1, max-image-preview:large, max-video-preview:-1\" \/>\n<link rel=\"canonical\" href=\"https:\/\/centcols.org\/de\/aufenthalt-2021-meolans-revel\/\" \/>\n<meta property=\"og:locale\" content=\"de_DE\" \/>\n<meta property=\"og:type\" content=\"article\" \/>\n<meta property=\"og:title\" content=\"S\u00e9jour d&#039;\u00e9t\u00e9 \u00e0 M\u00e9olans-Revel, 04 au 11 septembre 2021 - Club des Cent Cols\" \/>\n<meta property=\"og:description\" content=\"Ont contribu\u00e9 \u00e0 cette page de pr\u00e9sentation du s\u00e9jour Enrico Alberini, Christophe Badonnel, Bernard Giraudeau et les responsables informatiques. Le s\u00e9jour d\u2019\u00e9t\u00e9 2021 se d\u00e9roulera du 04 au 11 septembre dans le d\u00e9partement des Alpes de Haute Provence, plus pr\u00e9cis\u00e9ment \u00e0 M\u00e9olans-Revel. Il a \u00e9t\u00e9 pr\u00e9par\u00e9 par une petite \u00e9quipe locale : Paulette Autric, Robert [&hellip;]\" \/>\n<meta property=\"og:url\" content=\"https:\/\/centcols.org\/de\/aufenthalt-2021-meolans-revel\/\" \/>\n<meta property=\"og:site_name\" content=\"Club des Cent Cols\" \/>\n<meta property=\"article:publisher\" content=\"https:\/\/www.facebook.com\/groups\/5261880558\/?locale=fr_FR\" \/>\n<meta property=\"article:published_time\" content=\"2021-06-06T12:15:39+00:00\" \/>\n<meta property=\"article:modified_time\" content=\"2025-09-08T23:48:41+00:00\" \/>\n<meta property=\"og:image\" content=\"https:\/\/centcols.org\/wp-content\/uploads\/2021\/06\/barcelonette1-2.jpg\" \/>\n\t<meta property=\"og:image:width\" content=\"1200\" \/>\n\t<meta property=\"og:image:height\" content=\"900\" \/>\n\t<meta property=\"og:image:type\" content=\"image\/jpeg\" \/>\n<meta name=\"author\" content=\"Christophe Badonnel\" \/>\n<meta name=\"twitter:card\" content=\"summary_large_image\" \/>\n<meta name=\"twitter:label1\" content=\"Verfasst von\" \/>\n\t<meta name=\"twitter:data1\" content=\"Christophe Badonnel\" \/>\n\t<meta name=\"twitter:label2\" content=\"Gesch\u00e4tzte Lesezeit\" \/>\n\t<meta name=\"twitter:data2\" content=\"24\u00a0Minuten\" \/>\n<script type=\"application\/ld+json\" class=\"yoast-schema-graph\">{\"@context\":\"https:\/\/schema.org\",\"@graph\":[{\"@type\":\"Article\",\"@id\":\"https:\/\/centcols.org\/sejour-2021-meolans-revel\/#article\",\"isPartOf\":{\"@id\":\"https:\/\/centcols.org\/sejour-2021-meolans-revel\/\"},\"author\":{\"name\":\"Christophe Badonnel\",\"@id\":\"https:\/\/centcols.org\/#\/schema\/person\/5c1a9d61132fb33ccec149272abff6e1\"},\"headline\":\"S\u00e9jour d&rsquo;\u00e9t\u00e9 \u00e0 M\u00e9olans-Revel, 04 au 11 septembre 2021\",\"datePublished\":\"2021-06-06T12:15:39+00:00\",\"dateModified\":\"2025-09-08T23:48:41+00:00\",\"mainEntityOfPage\":{\"@id\":\"https:\/\/centcols.org\/sejour-2021-meolans-revel\/\"},\"wordCount\":3419,\"publisher\":{\"@id\":\"https:\/\/centcols.org\/#organization\"},\"image\":{\"@id\":\"https:\/\/centcols.org\/sejour-2021-meolans-revel\/#primaryimage\"},\"thumbnailUrl\":\"https:\/\/centcols.org\/wp-content\/uploads\/2021\/06\/barcelonette1-2.jpg\",\"articleSection\":[\"France\",\"04-Alpes-de-Haute-Provence\",\"Alpes fran\u00e7aises du sud\",\"Provence-Alpes-C\u00f4te d'Azur\",\"Calendrier\",\"S\u00e9jours du Club des Cent Cols\"],\"inLanguage\":\"de\"},{\"@type\":\"WebPage\",\"@id\":\"https:\/\/centcols.org\/sejour-2021-meolans-revel\/\",\"url\":\"https:\/\/centcols.org\/sejour-2021-meolans-revel\/\",\"name\":\"S\u00e9jour d'\u00e9t\u00e9 \u00e0 M\u00e9olans-Revel, 04 au 11 septembre 2021 - Club des Cent Cols\",\"isPartOf\":{\"@id\":\"https:\/\/centcols.org\/#website\"},\"primaryImageOfPage\":{\"@id\":\"https:\/\/centcols.org\/sejour-2021-meolans-revel\/#primaryimage\"},\"image\":{\"@id\":\"https:\/\/centcols.org\/sejour-2021-meolans-revel\/#primaryimage\"},\"thumbnailUrl\":\"https:\/\/centcols.org\/wp-content\/uploads\/2021\/06\/barcelonette1-2.jpg\",\"datePublished\":\"2021-06-06T12:15:39+00:00\",\"dateModified\":\"2025-09-08T23:48:41+00:00\",\"breadcrumb\":{\"@id\":\"https:\/\/centcols.org\/sejour-2021-meolans-revel\/#breadcrumb\"},\"inLanguage\":\"de\",\"potentialAction\":[{\"@type\":\"ReadAction\",\"target\":[\"https:\/\/centcols.org\/sejour-2021-meolans-revel\/\"]}]},{\"@type\":\"ImageObject\",\"inLanguage\":\"de\",\"@id\":\"https:\/\/centcols.org\/sejour-2021-meolans-revel\/#primaryimage\",\"url\":\"https:\/\/centcols.org\/wp-content\/uploads\/2021\/06\/barcelonette1-2.jpg\",\"contentUrl\":\"https:\/\/centcols.org\/wp-content\/uploads\/2021\/06\/barcelonette1-2.jpg\",\"width\":1200,\"height\":900},{\"@type\":\"BreadcrumbList\",\"@id\":\"https:\/\/centcols.org\/sejour-2021-meolans-revel\/#breadcrumb\",\"itemListElement\":[{\"@type\":\"ListItem\",\"position\":1,\"name\":\"Accueil\",\"item\":\"https:\/\/centcols.org\/\"},{\"@type\":\"ListItem\",\"position\":2,\"name\":\"S\u00e9jours du Club des Cent Cols\",\"item\":\"https:\/\/centcols.org\/rubrique\/sejours\/\"},{\"@type\":\"ListItem\",\"position\":3,\"name\":\"Pays\",\"item\":\"https:\/\/centcols.org\/rubrique\/sejours\/pays-sejours\/\"},{\"@type\":\"ListItem\",\"position\":4,\"name\":\"France\",\"item\":\"https:\/\/centcols.org\/rubrique\/sejours\/pays-sejours\/france-pays-sejours\/\"},{\"@type\":\"ListItem\",\"position\":5,\"name\":\"S\u00e9jour d&rsquo;\u00e9t\u00e9 \u00e0 M\u00e9olans-Revel, 04 au 11 septembre 2021\"}]},{\"@type\":\"WebSite\",\"@id\":\"https:\/\/centcols.org\/#website\",\"url\":\"https:\/\/centcols.org\/\",\"name\":\"Club des Cent Cols\",\"description\":\"\",\"publisher\":{\"@id\":\"https:\/\/centcols.org\/#organization\"},\"potentialAction\":[{\"@type\":\"SearchAction\",\"target\":{\"@type\":\"EntryPoint\",\"urlTemplate\":\"https:\/\/centcols.org\/?s={search_term_string}\"},\"query-input\":{\"@type\":\"PropertyValueSpecification\",\"valueRequired\":true,\"valueName\":\"search_term_string\"}}],\"inLanguage\":\"de\"},{\"@type\":\"Organization\",\"@id\":\"https:\/\/centcols.org\/#organization\",\"name\":\"Club des Cent Cols\",\"url\":\"https:\/\/centcols.org\/\",\"logo\":{\"@type\":\"ImageObject\",\"inLanguage\":\"de\",\"@id\":\"https:\/\/centcols.org\/#\/schema\/logo\/image\/\",\"url\":\"https:\/\/centcols.org\/wp-content\/uploads\/2025\/01\/carte-icone.png\",\"contentUrl\":\"https:\/\/centcols.org\/wp-content\/uploads\/2025\/01\/carte-icone.png\",\"width\":250,\"height\":250,\"caption\":\"Club des Cent Cols\"},\"image\":{\"@id\":\"https:\/\/centcols.org\/#\/schema\/logo\/image\/\"},\"sameAs\":[\"https:\/\/www.facebook.com\/groups\/5261880558\/?locale=fr_FR\"]},{\"@type\":\"Person\",\"@id\":\"https:\/\/centcols.org\/#\/schema\/person\/5c1a9d61132fb33ccec149272abff6e1\",\"name\":\"Christophe Badonnel\",\"image\":{\"@type\":\"ImageObject\",\"inLanguage\":\"de\",\"@id\":\"https:\/\/centcols.org\/wp-content\/litespeed\/avatar\/9f363966b51271bd99ebbb6ebd632889.jpg?ver=1777238111\",\"url\":\"https:\/\/centcols.org\/wp-content\/litespeed\/avatar\/9f363966b51271bd99ebbb6ebd632889.jpg?ver=1777238111\",\"contentUrl\":\"https:\/\/centcols.org\/wp-content\/litespeed\/avatar\/9f363966b51271bd99ebbb6ebd632889.jpg?ver=1777238111\",\"caption\":\"Christophe Badonnel\"},\"url\":\"https:\/\/centcols.org\/de\/author\/5799\/\"}]}<\/script>\n<!-- \/ Yoast SEO plugin. -->","yoast_head_json":{"title":"Sommeraufenthalt in M\u00e9olans-Revel, 04. bis 11. September 2021 - Club des Cent Cols","robots":{"index":"index","follow":"follow","max-snippet":"max-snippet:-1","max-image-preview":"max-image-preview:large","max-video-preview":"max-video-preview:-1"},"canonical":"https:\/\/centcols.org\/de\/aufenthalt-2021-meolans-revel\/","og_locale":"de_DE","og_type":"article","og_title":"S\u00e9jour d'\u00e9t\u00e9 \u00e0 M\u00e9olans-Revel, 04 au 11 septembre 2021 - Club des Cent Cols","og_description":"Ont contribu\u00e9 \u00e0 cette page de pr\u00e9sentation du s\u00e9jour Enrico Alberini, Christophe Badonnel, Bernard Giraudeau et les responsables informatiques. Le s\u00e9jour d\u2019\u00e9t\u00e9 2021 se d\u00e9roulera du 04 au 11 septembre dans le d\u00e9partement des Alpes de Haute Provence, plus pr\u00e9cis\u00e9ment \u00e0 M\u00e9olans-Revel. Il a \u00e9t\u00e9 pr\u00e9par\u00e9 par une petite \u00e9quipe locale : Paulette Autric, Robert [&hellip;]","og_url":"https:\/\/centcols.org\/de\/aufenthalt-2021-meolans-revel\/","og_site_name":"Club des Cent Cols","article_publisher":"https:\/\/www.facebook.com\/groups\/5261880558\/?locale=fr_FR","article_published_time":"2021-06-06T12:15:39+00:00","article_modified_time":"2025-09-08T23:48:41+00:00","og_image":[{"width":1200,"height":900,"url":"https:\/\/centcols.org\/wp-content\/uploads\/2021\/06\/barcelonette1-2.jpg","type":"image\/jpeg"}],"author":"Christophe Badonnel","twitter_card":"summary_large_image","twitter_misc":{"Verfasst von":"Christophe Badonnel","Gesch\u00e4tzte Lesezeit":"24\u00a0Minuten"},"schema":{"@context":"https:\/\/schema.org","@graph":[{"@type":"Article","@id":"https:\/\/centcols.org\/sejour-2021-meolans-revel\/#article","isPartOf":{"@id":"https:\/\/centcols.org\/sejour-2021-meolans-revel\/"},"author":{"name":"Christophe Badonnel","@id":"https:\/\/centcols.org\/#\/schema\/person\/5c1a9d61132fb33ccec149272abff6e1"},"headline":"S\u00e9jour d&rsquo;\u00e9t\u00e9 \u00e0 M\u00e9olans-Revel, 04 au 11 septembre 2021","datePublished":"2021-06-06T12:15:39+00:00","dateModified":"2025-09-08T23:48:41+00:00","mainEntityOfPage":{"@id":"https:\/\/centcols.org\/sejour-2021-meolans-revel\/"},"wordCount":3419,"publisher":{"@id":"https:\/\/centcols.org\/#organization"},"image":{"@id":"https:\/\/centcols.org\/sejour-2021-meolans-revel\/#primaryimage"},"thumbnailUrl":"https:\/\/centcols.org\/wp-content\/uploads\/2021\/06\/barcelonette1-2.jpg","articleSection":["France","04-Alpes-de-Haute-Provence","Alpes fran\u00e7aises du sud","Provence-Alpes-C\u00f4te d'Azur","Calendrier","S\u00e9jours du Club des Cent Cols"],"inLanguage":"de"},{"@type":"WebPage","@id":"https:\/\/centcols.org\/sejour-2021-meolans-revel\/","url":"https:\/\/centcols.org\/sejour-2021-meolans-revel\/","name":"Sommeraufenthalt in M\u00e9olans-Revel, 04. bis 11. September 2021 - Club des Cent Cols","isPartOf":{"@id":"https:\/\/centcols.org\/#website"},"primaryImageOfPage":{"@id":"https:\/\/centcols.org\/sejour-2021-meolans-revel\/#primaryimage"},"image":{"@id":"https:\/\/centcols.org\/sejour-2021-meolans-revel\/#primaryimage"},"thumbnailUrl":"https:\/\/centcols.org\/wp-content\/uploads\/2021\/06\/barcelonette1-2.jpg","datePublished":"2021-06-06T12:15:39+00:00","dateModified":"2025-09-08T23:48:41+00:00","breadcrumb":{"@id":"https:\/\/centcols.org\/sejour-2021-meolans-revel\/#breadcrumb"},"inLanguage":"de","potentialAction":[{"@type":"ReadAction","target":["https:\/\/centcols.org\/sejour-2021-meolans-revel\/"]}]},{"@type":"ImageObject","inLanguage":"de","@id":"https:\/\/centcols.org\/sejour-2021-meolans-revel\/#primaryimage","url":"https:\/\/centcols.org\/wp-content\/uploads\/2021\/06\/barcelonette1-2.jpg","contentUrl":"https:\/\/centcols.org\/wp-content\/uploads\/2021\/06\/barcelonette1-2.jpg","width":1200,"height":900},{"@type":"BreadcrumbList","@id":"https:\/\/centcols.org\/sejour-2021-meolans-revel\/#breadcrumb","itemListElement":[{"@type":"ListItem","position":1,"name":"Accueil","item":"https:\/\/centcols.org\/"},{"@type":"ListItem","position":2,"name":"S\u00e9jours du Club des Cent Cols","item":"https:\/\/centcols.org\/rubrique\/sejours\/"},{"@type":"ListItem","position":3,"name":"Pays","item":"https:\/\/centcols.org\/rubrique\/sejours\/pays-sejours\/"},{"@type":"ListItem","position":4,"name":"France","item":"https:\/\/centcols.org\/rubrique\/sejours\/pays-sejours\/france-pays-sejours\/"},{"@type":"ListItem","position":5,"name":"S\u00e9jour d&rsquo;\u00e9t\u00e9 \u00e0 M\u00e9olans-Revel, 04 au 11 septembre 2021"}]},{"@type":"WebSite","@id":"https:\/\/centcols.org\/#website","url":"https:\/\/centcols.org\/","name":"Club des Cent Cols","description":"","publisher":{"@id":"https:\/\/centcols.org\/#organization"},"potentialAction":[{"@type":"SearchAction","target":{"@type":"EntryPoint","urlTemplate":"https:\/\/centcols.org\/?s={search_term_string}"},"query-input":{"@type":"PropertyValueSpecification","valueRequired":true,"valueName":"search_term_string"}}],"inLanguage":"de"},{"@type":"Organization","@id":"https:\/\/centcols.org\/#organization","name":"Club des Cent Cols","url":"https:\/\/centcols.org\/","logo":{"@type":"ImageObject","inLanguage":"de","@id":"https:\/\/centcols.org\/#\/schema\/logo\/image\/","url":"https:\/\/centcols.org\/wp-content\/uploads\/2025\/01\/carte-icone.png","contentUrl":"https:\/\/centcols.org\/wp-content\/uploads\/2025\/01\/carte-icone.png","width":250,"height":250,"caption":"Club des Cent Cols"},"image":{"@id":"https:\/\/centcols.org\/#\/schema\/logo\/image\/"},"sameAs":["https:\/\/www.facebook.com\/groups\/5261880558\/?locale=fr_FR"]},{"@type":"Person","@id":"https:\/\/centcols.org\/#\/schema\/person\/5c1a9d61132fb33ccec149272abff6e1","name":"Christophe Badonnel","image":{"@type":"ImageObject","inLanguage":"de","@id":"https:\/\/centcols.org\/wp-content\/litespeed\/avatar\/9f363966b51271bd99ebbb6ebd632889.jpg?ver=1777238111","url":"https:\/\/centcols.org\/wp-content\/litespeed\/avatar\/9f363966b51271bd99ebbb6ebd632889.jpg?ver=1777238111","contentUrl":"https:\/\/centcols.org\/wp-content\/litespeed\/avatar\/9f363966b51271bd99ebbb6ebd632889.jpg?ver=1777238111","caption":"Christophe Badonnel"},"url":"https:\/\/centcols.org\/de\/author\/5799\/"}]}},"_links":{"self":[{"href":"https:\/\/centcols.org\/de\/wp-json\/wp\/v2\/posts\/82284","targetHints":{"allow":["GET"]}}],"collection":[{"href":"https:\/\/centcols.org\/de\/wp-json\/wp\/v2\/posts"}],"about":[{"href":"https:\/\/centcols.org\/de\/wp-json\/wp\/v2\/types\/post"}],"author":[{"embeddable":true,"href":"https:\/\/centcols.org\/de\/wp-json\/wp\/v2\/users\/64"}],"replies":[{"embeddable":true,"href":"https:\/\/centcols.org\/de\/wp-json\/wp\/v2\/comments?post=82284"}],"version-history":[{"count":0,"href":"https:\/\/centcols.org\/de\/wp-json\/wp\/v2\/posts\/82284\/revisions"}],"wp:featuredmedia":[{"embeddable":true,"href":"https:\/\/centcols.org\/de\/wp-json\/wp\/v2\/media\/85941"}],"wp:attachment":[{"href":"https:\/\/centcols.org\/de\/wp-json\/wp\/v2\/media?parent=82284"}],"wp:term":[{"taxonomy":"category","embeddable":true,"href":"https:\/\/centcols.org\/de\/wp-json\/wp\/v2\/categories?post=82284"},{"taxonomy":"post_tag","embeddable":true,"href":"https:\/\/centcols.org\/de\/wp-json\/wp\/v2\/tags?post=82284"}],"curies":[{"name":"wp","href":"https:\/\/api.w.org\/{rel}","templated":true}]}}