{"id":82300,"date":"2021-07-10T06:10:55","date_gmt":"2021-07-10T04:10:55","guid":{"rendered":"https:\/\/centcols.org\/sejour-dautomne-et-assemblee-generale-a-sainte-maxime-var-10-au-14-novembre-2021\/"},"modified":"2026-01-09T23:49:21","modified_gmt":"2026-01-09T21:49:21","slug":"ag-2021-ste-maxime","status":"publish","type":"post","link":"https:\/\/centcols.org\/de\/ag-2021-ste-maxime\/","title":{"rendered":"Herbstaufenthalt und Generalversammlung in Sainte-Maxime (Var), 10. bis 14. November 2021"},"content":{"rendered":"<p><span style=\"color: #808080;\">An dieser Seite zur Vorstellung des Aufenthalts haben die IT-Verantwortlichen Bernard Giraudeau, Enrico Alberini und Christophe Badonnel mitgewirkt.<\/span><\/p>\n\n\n\n<p><span style=\"color: #000000;\">Nachfolgend finden Sie die Rubriken :<\/span><\/p>\n\n\n\n<ul class=\"wp-block-list\">\n<li><span style=\"color: #000000;\">Vorstellung der Region<\/span><\/li>\n\n\n\n<li>Schaltungen, <a href=\"\/de\/membres\/cctours\/tours.php\/?lieu=Ste-Maxime&amp;an=2021&amp;genre=R\" target=\"_blank\" rel=\"noopener\" data-wplink-url-error=\"true\">Stra\u00dfenverkehr<\/a> und <a href=\"\/de\/membres\/cctours\/tours.php\/?lieu=Ste-Maxime&amp;an=2021&amp;genre=V\" target=\"_blank\" rel=\"noopener\">MOUNTAINBIKE<\/a><\/li>\n\n\n\n<li><span style=\"color: #000000;\">Unterkunft<\/span><\/li>\n\n\n\n<li><span style=\"color: #000000;\">Anmerkung des Verwaltungsrats<\/span><\/li>\n\n\n\n<li><span style=\"color: #000000;\">Anmeldungen<\/span><\/li>\n\n\n\n<li><span style=\"color: #000000;\">Andere Aktivit\u00e4ten oder Besuche&nbsp; &nbsp;<\/span><\/li>\n<\/ul>\n\n\n\n<h2 class=\"wp-block-heading\">Vorstellung der Region :<\/h2>\n\n\n\n<p>Es gibt einen kleinen Golf im S\u00fcden Frankreichs, der keilf\u00f6rmig in das Massif des Maures hineinragt und den Namen Golf von Saint-Tropez tr\u00e4gt. Die kleine Stadt Sainte-Maxime grenzt an das Nordufer des Golfs. Diese Namen, die an Str\u00e4nde und Sonne erinnern, sind mythische Orte, die aufgrund ihrer elit\u00e4ren Besucherzahlen weltweit bekannt sind.  Daher haben wir Sainte-Maxime ausgew\u00e4hlt, um den Herbstaufenthalt des Club des Cent Cols 2021 zu organisieren und unsere Generalversammlung dort abzuhalten.<\/p>\n\n\n<div class=\"wp-block-image\">\n<figure class=\"alignright size-full\"><img loading=\"lazy\" decoding=\"async\" width=\"890\" height=\"567\" src=\"https:\/\/centcols.org\/wp-content\/uploads\/2025\/05\/extrait-de-carte.jpg\" alt=\"\" class=\"wp-image-82301\" srcset=\"https:\/\/centcols.org\/wp-content\/uploads\/2025\/05\/extrait-de-carte.jpg 890w, https:\/\/centcols.org\/wp-content\/uploads\/2025\/05\/extrait-de-carte-768x489.jpg 768w\" sizes=\"auto, (max-width: 890px) 100vw, 890px\" \/><\/figure>\n<\/div>\n\n\n<p>Wir werden in der VVF-Anlage \u00abClub Intense Golf de Saint-Tropez\u00bb am Rande des Plage de la Nartelle und in der N\u00e4he der Pointe des Sardinaux untergebracht.<\/p>\n\n\n\n<p>Sainte Maxime ist eine Gemeinde im D\u00e9partement Var (83) und liegt in der Region Provence-Alpes-C\u00f4tes d'Azur am s\u00fcdlichen Ende des Alpenmassivs. Das von der K\u00fcste des Mittelmeers umrahmte Var mit seinem sonnigen und warmen Klima ist nat\u00fcrlich ein wichtiges Reiseziel auf der franz\u00f6sischen Tourismuskarte. Die Gemeinde hat 14.000 st\u00e4ndige Einwohner, zu denen in der warmen Jahreszeit noch einige Tausend hinzukommen. Sie hat das Label \u00abstation touristique\u00bb f\u00fcr eine qualitativ hochwertige Tourismuspolitik und das Label \u00abFamille Plus\u00bb f\u00fcr familienfreundliche Dienstleistungen und Services erhalten. Sainte-Maxime ist eine typische K\u00fcstenstadt am Mittelmeer.<\/p>\n\n\n\n<p>Die Stadt geh\u00f6rt zu den Produktionsgebieten des\u2019<a href=\"https:\/\/fr.wikipedia.org\/wiki\/Huile_d%27olive_de_Provence_AOC\" target=\"_blank\" rel=\"noreferrer noopener\">Oliven\u00f6l aus der Provence AOC<\/a>&nbsp;und der Weinproduktion &nbsp;<a href=\"https:\/\/fr.wikipedia.org\/wiki\/C%C3%B4tes-de-provence\" target=\"_blank\" rel=\"noreferrer noopener\">C\u00f4tes-de-Provence<\/a>, Die beiden Produkte, die von einer&nbsp;<a href=\"https:\/\/fr.wikipedia.org\/wiki\/AOC\" target=\"_blank\" rel=\"noreferrer noopener\">AOC<\/a>.  Die Gemeinde geh\u00f6rt auch zu den Produktionsgebieten der&nbsp;<a href=\"https:\/\/fr.wikipedia.org\/wiki\/Maures_(IGP)\" target=\"_blank\" rel=\"noreferrer noopener\">Landweine aus den Mauren<\/a>, Die&nbsp;<a href=\"https:\/\/fr.wikipedia.org\/wiki\/M%C3%A9diterran%C3%A9e_(IGP)\" target=\"_blank\" rel=\"noreferrer noopener\">Landweine aus dem Mittelmeerraum<\/a>, und des&nbsp;<a href=\"https:\/\/fr.wikipedia.org\/wiki\/Miel_de_Provence\" target=\"_blank\" rel=\"noreferrer noopener\">Honig aus der Provence<\/a>, drei Produkte, die von einer&nbsp;<a href=\"https:\/\/fr.wikipedia.org\/wiki\/Indication_g%C3%A9ographique_prot%C3%A9g%C3%A9e\" target=\"_blank\" rel=\"noreferrer noopener\">IGP<\/a><sup><a href=\"https:\/\/fr.wikipedia.org\/wiki\/Sainte-Maxime#cite_note-30\">.<\/a><\/sup> Die Stadt besitzt auch einige andere kulturelle und touristische Sehensw\u00fcrdigkeiten wie den Tour Carr\u00e9e, der das Museum f\u00fcr lokale Traditionen und Folklore beherbergt.  Parks, G\u00e4rten, Str\u00e4nde und Promenaden laden zu einem Besuch in der Cit\u00e9 maximoise ein.<\/p>\n\n\n\n<p>Sainte-Maxime breitet seine Bauten entlang des Golfs aus, schiebt sich aber auch in die ausstrahlenden T\u00e4ler vom Massif des Maures, das die Badestadt \u00fcberragt und sie vor dem Mistral sch\u00fctzt, einem kalten, kr\u00e4ftigen Wind, der aus dem Norden herunterkommt.  Der h\u00f6chste Punkt der Gemeinde befindet sich in Le Peigros auf 526 m H\u00f6he am Lot des Col de Gratteloup (FR-83-0225) auf der D44 und des Col de Peigros (FR-83-0350a), R1. Das Gebiet, in dem wir uns befinden, das Massif des Maures, hat eine L\u00e4nge von 60 km und eine maximale Breite von 30 km. Es wird von der Mittelmeerk\u00fcste und den Ebenen der Fl\u00fcsse Argens, Maures und Gapeau begrenzt. Es gibt drei K\u00e4mme, die in S-W-N-E-Richtung verlaufen und von Norden nach S\u00fcden an H\u00f6he verlieren. Der h\u00f6chste Punkt liegt bei 776 m. Mehrere Dutzend Stra\u00dfenp\u00e4sse oder Maultierp\u00e4sse f\u00fcr Fahrr\u00e4der f\u00fchren zwischen diesen K\u00e4mmen hindurch und wecken unsere Begierde.<\/p>\n\n\n\n<p>Das Internet bietet uns drei Seiten, auf denen wir etwas mehr \u00fcber Sainte-Maxime und seine Umgebung erfahren k\u00f6nnen:<br>Das Fremdenverkehrsamt : <a href=\"https:\/\/www.sainte-maxime.com\/\" target=\"_blank\" rel=\"noreferrer noopener\">Internetseite<\/a><br>Die Seite der Gemeinde :<a href=\"http:\/\/www.ville-sainte-maxime.fr\/\" target=\"_blank\" rel=\"noreferrer noopener\"> Internetseite<\/a><br>Wikipedia: <a href=\"https:\/\/fr.wikipedia.org\/wiki\/Sainte-Maxime\" target=\"_blank\" rel=\"noreferrer noopener\">Internetseite<\/a><\/p>\n\n\n\n<h2 class=\"wp-block-heading\"><a href=\"\/de\/membres\/cctours\/tours.php\/?lieu=Ste-Maxime&amp;an=2021\">DIE PARCOURS<\/a><\/h2>\n\n\n\n<p>Die Strecken wurden von S\u00e9bastien Golzio vorbereitet.<\/p>\n\n\n\n<p>F\u00fcr die Tage Donnerstag und Freitag nehmen die Teilnehmer ihr Picknick mit. F\u00fcr die Vormittage am Samstag und Sonntag werden Ihnen eine Stra\u00dfen- und eine Mountainbiketour angeboten und das Mittagessen wird im Feriendorf eingenommen. Sie sind alle von der L\u00e4nge, dem H\u00f6henunterschied und dem Schwierigkeitsgrad her f\u00fcr alle unsere Mitglieder zug\u00e4nglich.<br>Die Kurzbeschreibung der Strecken sowie die gpx-Tracks sind verf\u00fcgbar, siehe hier :<\/p>\n\n\n\n<h4 class=\"wp-block-heading\"><a href=\"\/de\/membres\/cctours\/tours.php\/?lieu=Ste-Maxime&amp;an=2021&amp;genre=R\">Stra\u00dfenrundfahrten<\/a><\/h4>\n\n\n\n<h4 class=\"wp-block-heading\"><a href=\"\/de\/membres\/cctours\/tours.php\/?lieu=Ste-Maxime&amp;an=2021&amp;genre=V\">Mountainbike-Routen<\/a><\/h4>\n\n\n\n<h2 class=\"wp-block-heading\">Unterkunft<\/h2>\n\n\n\n<h4 class=\"wp-block-heading\">Andere Unterkunftsm\u00f6glichkeiten<\/h4>\n\n\n\n<ol class=\"wp-block-list\">\n<li>Um gemeinsame Veranstaltungen (Informationsveranstaltungen, Begr\u00fc\u00dfungs- und Abschiedstrinken) richtig dimensionieren zu k\u00f6nnen.<\/li>\n\n\n\n<li>Um eine Aufteilung in mehrere Gruppen auf den Strecken vorsehen zu k\u00f6nnen, um die Sicherheit jedes Einzelnen zu verbessern.<\/li>\n\n\n\n<li>Zur besseren Einsch\u00e4tzung aller unvorhergesehenen Ereignisse durch die Organisatoren.<\/li>\n<\/ol>\n\n\n\n<div class=\"wp-block-columns is-layout-flex wp-container-core-columns-is-layout-9d6595d7 wp-block-columns-is-layout-flex\">\n<div class=\"wp-block-column is-layout-flow wp-block-column-is-layout-flow\" style=\"flex-basis:66.66%\">\n<p><strong><br>VVF \u00ab Club intense Golf de Saint-Tropez - Sainte-Maxime \u00bb 64 chemin de la Vierge Noire - 83120 Sainte-Maxime<\/strong><\/p>\n\n\n\n<p>Tel: +33 (0)4 94 55 04 00. <a href=\"https:\/\/www.vvf-villages.fr\/villages-vacances\/vacances-sainte-maxime-vvf-villages.html\" target=\"_blank\" rel=\"noreferrer noopener\">Internetseite<\/a><\/p>\n\n\n\n<p>Es befindet sich im Herzen eines bekannten Badeortes an der C\u00f4te d'Azur, nur einen Steinwurf von Saint-Tropez entfernt.<\/p>\n\n\n\n<p>Mit Blick auf das Meer und inmitten eines 2,5 Hektar gro\u00dfen Parks verteilen sich die 95 klimatisierten Zimmer auf Pavillons und eine zweist\u00f6ckige Villa.<\/p>\n\n\n\n<figure class=\"wp-block-gallery has-nested-images columns-3 is-cropped wp-block-gallery-1 is-layout-flex wp-block-gallery-is-layout-flex\">\n<figure class=\"wp-block-image size-full\"><a href=\"https:\/\/centcols.org\/wp-content\/uploads\/2021\/07\/Ste-Maxime-resto-2.jpg\"><img loading=\"lazy\" decoding=\"async\" width=\"600\" height=\"395\" data-id=\"88536\" src=\"https:\/\/centcols.org\/wp-content\/uploads\/2021\/07\/Ste-Maxime-resto-2.jpg\" alt=\"\" class=\"wp-image-88536\"\/><\/a><figcaption class=\"wp-element-caption\">Restaurant \u00a9 VVF<\/figcaption><\/figure>\n\n\n\n<figure class=\"wp-block-image size-full\"><a href=\"https:\/\/centcols.org\/wp-content\/uploads\/2021\/07\/Sainte-Maxime-20-1.jpg\"><img loading=\"lazy\" decoding=\"async\" width=\"1820\" height=\"1024\" data-id=\"88537\" src=\"https:\/\/centcols.org\/wp-content\/uploads\/2021\/07\/Sainte-Maxime-20-1.jpg\" alt=\"\" class=\"wp-image-88537\" srcset=\"https:\/\/centcols.org\/wp-content\/uploads\/2021\/07\/Sainte-Maxime-20-1.jpg 1820w, https:\/\/centcols.org\/wp-content\/uploads\/2021\/07\/Sainte-Maxime-20-1-1200x675.jpg 1200w, https:\/\/centcols.org\/wp-content\/uploads\/2021\/07\/Sainte-Maxime-20-1-768x432.jpg 768w, https:\/\/centcols.org\/wp-content\/uploads\/2021\/07\/Sainte-Maxime-20-1-1536x864.jpg 1536w\" sizes=\"auto, (max-width: 1820px) 100vw, 1820px\" \/><\/a><figcaption class=\"wp-element-caption\"> Gesamtansicht \u00a9 VVF<\/figcaption><\/figure>\n\n\n\n<figure class=\"wp-block-image size-full\"><a href=\"https:\/\/centcols.org\/wp-content\/uploads\/2021\/07\/Sainte-Maxime-2-1200x675-1.jpg\"><img loading=\"lazy\" decoding=\"async\" width=\"1200\" height=\"675\" data-id=\"88538\" src=\"https:\/\/centcols.org\/wp-content\/uploads\/2021\/07\/Sainte-Maxime-2-1200x675-1.jpg\" alt=\"\" class=\"wp-image-88538\" srcset=\"https:\/\/centcols.org\/wp-content\/uploads\/2021\/07\/Sainte-Maxime-2-1200x675-1.jpg 1200w, https:\/\/centcols.org\/wp-content\/uploads\/2021\/07\/Sainte-Maxime-2-1200x675-1-768x432.jpg 768w\" sizes=\"auto, (max-width: 1200px) 100vw, 1200px\" \/><\/a><figcaption class=\"wp-element-caption\">Zimmer \u00a9 VVF<\/figcaption><\/figure>\n<\/figure>\n<\/div>\n\n\n\n<div class=\"wp-block-column is-layout-flow wp-block-column-is-layout-flow\" style=\"flex-basis:33.33%\">\n<div style=\"height:45px\" aria-hidden=\"true\" class=\"wp-block-spacer\"><\/div>\n\n\n\n<h2 class=\"wp-block-heading\">Anmerkung des Verwaltungsrats<\/h2>\n\n\n\n<p>Wenn Sie f\u00fcr Ihre Unterkunft anderswo als im Feriendorf sorgen, bitten wir Sie trotzdem, uns \u00fcber Ihre Teilnahme am Aufenthalt zu informieren, und zwar aus drei Gr\u00fcnden:<\/p>\n\n\n\n<ul class=\"wp-block-list\">\n<li>Um gemeinsame Veranstaltungen (Informationsveranstaltungen, Begr\u00fc\u00dfungs- und Abschiedstrinken) richtig dimensionieren zu k\u00f6nnen.<\/li>\n\n\n\n<li>Um Ihnen das Heft zum Aufenthalt zur Verf\u00fcgung stellen zu k\u00f6nnen<\/li>\n\n\n\n<li>F\u00fcr eine angepasste Verteilung der Vorbereitungs- und Organisationskosten.<\/li>\n<\/ul>\n<\/div>\n<\/div>\n\n\n\n<h2 class=\"wp-block-heading\">Anmeldungen<\/h2>\n\n\n\n<p>Um sich anzumelden, laden Sie das PDF-Anmeldeformular mit dem untenstehenden Link herunter und folgen Sie den darin enthaltenen Anweisungen.<br>Achtung, das auf der Website des Clubs verf\u00fcgbare Anmeldeformular enth\u00e4lt <strong>zwei Seiten<\/strong> (Achten Sie darauf, dass Sie alle f\u00fcr Sie relevanten Rubriken ausf\u00fcllen und unten auf der Seite unterschreiben), und die Bedingungen der Gritchen-Versicherung, die Sie ebenfalls unterschreiben. Wenn Sie vorhaben, sich von Ihrem Partner\/Ihrer Partnerin begleiten zu lassen, achten Sie bitte darauf, ihn\/sie vorher bei Ihrem Territorialen Delegierten als assoziiertes Mitglied anzumelden und vergessen Sie nicht, seine\/ihre Mitgliedsnummer in das daf\u00fcr vorgesehene Feld einzutragen. Wenn, und nur wenn, ein Teilnehmer keine FFCT-Lizenz besitzt, muss f\u00fcr ihn zus\u00e4tzlich die Pflichtversicherung f\u00fcr 1 \u20ac pro Tag abgeschlossen werden.<\/p>\n\n\n\n<p><strong>Je nachdem, wann Sie ankommen und wann Sie abreisen, ist die Pauschale nicht dieselbe:<\/strong><\/p>\n\n\n\n<ul class=\"wp-block-list\">\n<li>Wenn Sie am Mittwoch zum Abendessen ankommen und am Sonntag nach dem Mittagessen abreisen, nehmen Sie das Paket f\u00fcr 242 Euro.<\/li>\n\n\n\n<li>Wenn Sie am Freitag zum Abendessen ankommen und am Sonntag nach dem Mittagessen abreisen, nehmen Sie die Pauschale f\u00fcr 138 Euro.<\/li>\n\n\n\n<li>Wenn Sie am Samstag zum Abendessen anreisen und am Sonntag nach dem Mittagessen abreisen, nehmen Sie das Paket f\u00fcr 85 Euro.<\/li>\n\n\n\n<li>Wenn Sie am Samstag zum Abendessen anreisen und am Sonntag nach dem Fr\u00fchst\u00fcck abreisen, nehmen Sie das Halbpensionspaket f\u00fcr 79 Euro.<\/li>\n\n\n\n<li>Wenn Sie ohne Unterkunft kommen (entweder AR am Tag oder Unterkunft auf eigene Faust), k\u00f6nnen Sie sich f\u00fcr die Mahlzeiten anmelden: Mittagessen f\u00fcr 14 Euro und Abendessen f\u00fcr 15,50 Euro. Das verbesserte Essen am Samstagabend kostet 18 Euro.<\/li>\n\n\n\n<li>usw.<\/li>\n<\/ul>\n\n\n\n<p>F\u00fcr alle Anfragen bez\u00fcglich einer fr\u00fcheren Ankunft nehmen Sie bitte direkt Kontakt mit der Reservierungszentrale auf: Tel: +33 (0)4 73 43 00 43. Es wird nicht m\u00f6glich sein, \u00fcber den 14. November hinaus zu verl\u00e4ngern, da das Zentrum nach unserer Abreise wegen des Jahresurlaubs geschlossen wird.<\/p>\n\n\n\n<p>Sie k\u00f6nnen den Betrag f\u00fcr die Anmeldung bezahlen <strong>per Scheck oder \u00dcberweisung<\/strong> auf das Konto des Clubs \u00fcberweisen. Aufgrund der zus\u00e4tzlichen Geb\u00fchren, die von der Organisation, die das Konto verwaltet, erhoben werden, nehmen wir keine Zahlungen per PayPal an. <strong>Die Zuweisung von Mitgliedern<\/strong> erfolgt in der Reihenfolge des Versands des Schecks oder der Ausstellung der \u00dcberweisung. Bei ersterem gilt der Poststempel, bei letzterem achten Sie bitte darauf, uns eine Kopie des \u00dcberweisungsauftrags zu schicken. Wenn der Aufenthalt ausgebucht ist, wird eine Warteliste eingerichtet, die nach denselben Regeln f\u00fcr die Priorit\u00e4t der Zuteilung funktioniert wie die direkten Anmeldungen. <strong>Trombinoskop :<\/strong> Wenn Sie Ihr Foto noch nicht f\u00fcr den <strong>trombinoskop <\/strong>und auf der Seite erscheinen m\u00f6chten, denken Sie daran, das entsprechende K\u00e4stchen anzukreuzen und uns ein Foto im JPG-Format per E-Mail zu schicken.<\/p>\n\n\n\n<p>Von <strong>Zusatzinformationen<\/strong> werden zu einem sp\u00e4teren Zeitpunkt auf der Website, die Sie regelm\u00e4\u00dfig besuchen k\u00f6nnen, ver\u00f6ffentlicht. Jedes Mal stellt der Verantwortliche f\u00fcr die Aufenthalte eine kleine Mail auf die Mailingliste. Wenn Sie diese Mails erhalten m\u00f6chten, laden wir Sie dazu ein <strong>sich in die Mailingliste eintragen<\/strong>, Wenn Sie es noch nicht getan haben.<\/p>\n\n\n\n<p><strong>Wenn Sie Fragen haben<\/strong> z\u00f6gern Sie nicht, den Verantwortlichen f\u00fcr den Aufenthalt anzurufen: +33 6 78 87 33 67.<\/p>\n\n\n\n<h3 class=\"wp-block-heading\">Newsletter herunterladen :<\/h3>\n\n\n\n<ul class=\"wp-block-list\">\n<li><strong>Anmeldeformular Sainte-Maxime auf Franz\u00f6sisch<\/strong><\/li>\n\n\n\n<li><strong>Booking form Sainte-Maxime in English<\/strong><\/li>\n\n\n\n<li><strong>Modulo d'iscrizione Sainte-Maxime in italiano<\/strong><\/li>\n<\/ul>\n\n\n\n<p><strong>Die Frist f\u00fcr den Eingang der Anmeldungen wurde auf den 01. Oktober 2021 festgelegt.<\/strong><\/p>\n\n\n\n<h2 class=\"wp-block-heading\">Generalversammlung des \"Club des Cent Cols<\/h2>\n\n\n\n<p>Sie wird am Samstagnachmittag vor Ort stattfinden. Weitere Informationen finden Sie auf der Seite&nbsp;<a href=\"https:\/\/centcols.org\/de\/ag-2021\/\" target=\"_blank\" rel=\"noreferrer noopener\"><strong>Generalversammlung<\/strong>.<\/a><\/p>\n\n\n\n<p>Die Einberufung und die satzungsgem\u00e4\u00dfen Dokumente werden wie \u00fcblich \u00fcber ein Info Cent Cols im Oktober verteilt und auf der Website verf\u00fcgbar sein.<\/p>\n\n\n\n<p>Am Ende der Arbeiten wird es einen Umtrunk geben, bei dem wir uns in einer weniger protokollarischen Form treffen k\u00f6nnen.<\/p>\n\n\n\n<h2 class=\"wp-block-heading\">Andere Aktivit\u00e4ten oder Besuche<\/h2>\n\n\n\n<p>F\u00fcr Begleitpersonen k\u00f6nnen wir einige Besichtigungen in der N\u00e4he von Sainte-Maxime vorschlagen<\/p>\n\n\n\n<ul class=\"wp-block-list\">\n<li>Die Str\u00e4nde<\/li>\n\n\n\n<li>Die Pointe des Sardinaux ist eine nat\u00fcrliche und wilde Halbinsel. Sie ist Teil des K\u00fcstenwanderwegs und bietet zwei Sehensw\u00fcrdigkeiten: einen Bunker aus dem Zweiten Weltkrieg und einen Fischteich aus der R\u00f6merzeit.<\/li>\n\n\n\n<li>Der gro\u00dfe Markt in Sainte-Maxime jeden Freitagvormittag<\/li>\n\n\n\n<li>Botanischer Garten der Myrten<\/li>\n<\/ul>","protected":false},"excerpt":{"rendered":"<p>Ont contribu\u00e9 \u00e0 cette page de pr\u00e9sentation du s\u00e9jour les responsables informatiques, Bernard Giraudeau, Enrico Alberini et Christophe Badonnel Vous trouverez ci-dessous les rubriques : Pr\u00e9sentation de la r\u00e9gion : Il est un petit golfe situ\u00e9 au sud de la France, en forme de coin entrant dans le Massif des Maures &nbsp;nomm\u00e9 Golfe de Saint-Tropez. [&hellip;]<\/p>\n","protected":false},"author":64,"featured_media":83257,"comment_status":"closed","ping_status":"closed","sticky":false,"template":"","format":"standard","meta":{"_acf_changed":false,"footnotes":""},"categories":[349,407,355,135,380,231],"tags":[],"class_list":["post-82300","post","type-post","status-publish","format-standard","has-post-thumbnail","hentry","category-france-pays-sejours","category-massif-des-maures","category-provence-alpes-cote-dazur-region-sejours","category-calendrier","category-83-var-departement-sejours","category-sejours"],"acf":[],"yoast_head":"<!-- This site is optimized with the Yoast SEO plugin v27.2 - https:\/\/yoast.com\/product\/yoast-seo-wordpress\/ -->\n<title>S\u00e9jour d&#039;automne et assembl\u00e9e g\u00e9n\u00e9rale \u00e0 Sainte-Maxime (Var), 10 au 14 novembre 2021 - Club des Cent Cols<\/title>\n<meta name=\"robots\" content=\"index, follow, max-snippet:-1, max-image-preview:large, max-video-preview:-1\" \/>\n<link rel=\"canonical\" href=\"https:\/\/centcols.org\/de\/ag-2021-ste-maxime\/\" \/>\n<meta property=\"og:locale\" content=\"de_DE\" \/>\n<meta property=\"og:type\" content=\"article\" \/>\n<meta property=\"og:title\" content=\"S\u00e9jour d&#039;automne et assembl\u00e9e g\u00e9n\u00e9rale \u00e0 Sainte-Maxime (Var), 10 au 14 novembre 2021 - Club des Cent Cols\" \/>\n<meta property=\"og:description\" content=\"Ont contribu\u00e9 \u00e0 cette page de pr\u00e9sentation du s\u00e9jour les responsables informatiques, Bernard Giraudeau, Enrico Alberini et Christophe Badonnel Vous trouverez ci-dessous les rubriques : Pr\u00e9sentation de la r\u00e9gion : Il est un petit golfe situ\u00e9 au sud de la France, en forme de coin entrant dans le Massif des Maures &nbsp;nomm\u00e9 Golfe de Saint-Tropez. [&hellip;]\" \/>\n<meta property=\"og:url\" content=\"https:\/\/centcols.org\/de\/ag-2021-ste-maxime\/\" \/>\n<meta property=\"og:site_name\" content=\"Club des Cent Cols\" \/>\n<meta property=\"article:publisher\" content=\"https:\/\/www.facebook.com\/groups\/5261880558\/?locale=fr_FR\" \/>\n<meta property=\"article:published_time\" content=\"2021-07-10T04:10:55+00:00\" \/>\n<meta property=\"article:modified_time\" content=\"2026-01-09T21:49:21+00:00\" \/>\n<meta property=\"og:image\" content=\"https:\/\/centcols.org\/wp-content\/uploads\/2021\/07\/Sainte-Maxime-20-1-scaled1.jpg\" \/>\n\t<meta property=\"og:image:width\" content=\"1820\" \/>\n\t<meta property=\"og:image:height\" content=\"1024\" \/>\n\t<meta property=\"og:image:type\" content=\"image\/jpeg\" \/>\n<meta name=\"author\" content=\"Christophe Badonnel\" \/>\n<meta name=\"twitter:card\" content=\"summary_large_image\" \/>\n<meta name=\"twitter:label1\" content=\"Verfasst von\" \/>\n\t<meta name=\"twitter:data1\" content=\"Christophe Badonnel\" \/>\n\t<meta name=\"twitter:label2\" content=\"Gesch\u00e4tzte Lesezeit\" \/>\n\t<meta name=\"twitter:data2\" content=\"9\u00a0Minuten\" \/>\n<script type=\"application\/ld+json\" class=\"yoast-schema-graph\">{\"@context\":\"https:\/\/schema.org\",\"@graph\":[{\"@type\":\"Article\",\"@id\":\"https:\/\/centcols.org\/ag-2021-ste-maxime\/#article\",\"isPartOf\":{\"@id\":\"https:\/\/centcols.org\/ag-2021-ste-maxime\/\"},\"author\":{\"name\":\"Christophe Badonnel\",\"@id\":\"https:\/\/centcols.org\/#\/schema\/person\/5c1a9d61132fb33ccec149272abff6e1\"},\"headline\":\"S\u00e9jour d&rsquo;automne et assembl\u00e9e g\u00e9n\u00e9rale \u00e0 Sainte-Maxime (Var), 10 au 14 novembre 2021\",\"datePublished\":\"2021-07-10T04:10:55+00:00\",\"dateModified\":\"2026-01-09T21:49:21+00:00\",\"mainEntityOfPage\":{\"@id\":\"https:\/\/centcols.org\/ag-2021-ste-maxime\/\"},\"wordCount\":1708,\"publisher\":{\"@id\":\"https:\/\/centcols.org\/#organization\"},\"image\":{\"@id\":\"https:\/\/centcols.org\/ag-2021-ste-maxime\/#primaryimage\"},\"thumbnailUrl\":\"https:\/\/centcols.org\/wp-content\/uploads\/2021\/07\/Sainte-Maxime-20-1-scaled1.jpg\",\"articleSection\":[\"France\",\"Massif des Maures\",\"Provence-Alpes-C\u00f4te d'Azur\",\"Calendrier\",\"83-Var\",\"S\u00e9jours du Club des Cent Cols\"],\"inLanguage\":\"de\"},{\"@type\":\"WebPage\",\"@id\":\"https:\/\/centcols.org\/ag-2021-ste-maxime\/\",\"url\":\"https:\/\/centcols.org\/ag-2021-ste-maxime\/\",\"name\":\"S\u00e9jour d'automne et assembl\u00e9e g\u00e9n\u00e9rale \u00e0 Sainte-Maxime (Var), 10 au 14 novembre 2021 - Club des Cent Cols\",\"isPartOf\":{\"@id\":\"https:\/\/centcols.org\/#website\"},\"primaryImageOfPage\":{\"@id\":\"https:\/\/centcols.org\/ag-2021-ste-maxime\/#primaryimage\"},\"image\":{\"@id\":\"https:\/\/centcols.org\/ag-2021-ste-maxime\/#primaryimage\"},\"thumbnailUrl\":\"https:\/\/centcols.org\/wp-content\/uploads\/2021\/07\/Sainte-Maxime-20-1-scaled1.jpg\",\"datePublished\":\"2021-07-10T04:10:55+00:00\",\"dateModified\":\"2026-01-09T21:49:21+00:00\",\"breadcrumb\":{\"@id\":\"https:\/\/centcols.org\/ag-2021-ste-maxime\/#breadcrumb\"},\"inLanguage\":\"de\",\"potentialAction\":[{\"@type\":\"ReadAction\",\"target\":[\"https:\/\/centcols.org\/ag-2021-ste-maxime\/\"]}]},{\"@type\":\"ImageObject\",\"inLanguage\":\"de\",\"@id\":\"https:\/\/centcols.org\/ag-2021-ste-maxime\/#primaryimage\",\"url\":\"https:\/\/centcols.org\/wp-content\/uploads\/2021\/07\/Sainte-Maxime-20-1-scaled1.jpg\",\"contentUrl\":\"https:\/\/centcols.org\/wp-content\/uploads\/2021\/07\/Sainte-Maxime-20-1-scaled1.jpg\",\"width\":1820,\"height\":1024},{\"@type\":\"BreadcrumbList\",\"@id\":\"https:\/\/centcols.org\/ag-2021-ste-maxime\/#breadcrumb\",\"itemListElement\":[{\"@type\":\"ListItem\",\"position\":1,\"name\":\"Accueil\",\"item\":\"https:\/\/centcols.org\/\"},{\"@type\":\"ListItem\",\"position\":2,\"name\":\"S\u00e9jours du Club des Cent Cols\",\"item\":\"https:\/\/centcols.org\/rubrique\/sejours\/\"},{\"@type\":\"ListItem\",\"position\":3,\"name\":\"Pays\",\"item\":\"https:\/\/centcols.org\/rubrique\/sejours\/pays-sejours\/\"},{\"@type\":\"ListItem\",\"position\":4,\"name\":\"France\",\"item\":\"https:\/\/centcols.org\/rubrique\/sejours\/pays-sejours\/france-pays-sejours\/\"},{\"@type\":\"ListItem\",\"position\":5,\"name\":\"S\u00e9jour d&rsquo;automne et assembl\u00e9e g\u00e9n\u00e9rale \u00e0 Sainte-Maxime (Var), 10 au 14 novembre 2021\"}]},{\"@type\":\"WebSite\",\"@id\":\"https:\/\/centcols.org\/#website\",\"url\":\"https:\/\/centcols.org\/\",\"name\":\"Club des Cent Cols\",\"description\":\"\",\"publisher\":{\"@id\":\"https:\/\/centcols.org\/#organization\"},\"potentialAction\":[{\"@type\":\"SearchAction\",\"target\":{\"@type\":\"EntryPoint\",\"urlTemplate\":\"https:\/\/centcols.org\/?s={search_term_string}\"},\"query-input\":{\"@type\":\"PropertyValueSpecification\",\"valueRequired\":true,\"valueName\":\"search_term_string\"}}],\"inLanguage\":\"de\"},{\"@type\":\"Organization\",\"@id\":\"https:\/\/centcols.org\/#organization\",\"name\":\"Club des Cent Cols\",\"url\":\"https:\/\/centcols.org\/\",\"logo\":{\"@type\":\"ImageObject\",\"inLanguage\":\"de\",\"@id\":\"https:\/\/centcols.org\/#\/schema\/logo\/image\/\",\"url\":\"https:\/\/centcols.org\/wp-content\/uploads\/2025\/01\/carte-icone.png\",\"contentUrl\":\"https:\/\/centcols.org\/wp-content\/uploads\/2025\/01\/carte-icone.png\",\"width\":250,\"height\":250,\"caption\":\"Club des Cent Cols\"},\"image\":{\"@id\":\"https:\/\/centcols.org\/#\/schema\/logo\/image\/\"},\"sameAs\":[\"https:\/\/www.facebook.com\/groups\/5261880558\/?locale=fr_FR\"]},{\"@type\":\"Person\",\"@id\":\"https:\/\/centcols.org\/#\/schema\/person\/5c1a9d61132fb33ccec149272abff6e1\",\"name\":\"Christophe Badonnel\",\"image\":{\"@type\":\"ImageObject\",\"inLanguage\":\"de\",\"@id\":\"https:\/\/centcols.org\/wp-content\/litespeed\/avatar\/9f363966b51271bd99ebbb6ebd632889.jpg?ver=1777238111\",\"url\":\"https:\/\/centcols.org\/wp-content\/litespeed\/avatar\/9f363966b51271bd99ebbb6ebd632889.jpg?ver=1777238111\",\"contentUrl\":\"https:\/\/centcols.org\/wp-content\/litespeed\/avatar\/9f363966b51271bd99ebbb6ebd632889.jpg?ver=1777238111\",\"caption\":\"Christophe Badonnel\"},\"url\":\"https:\/\/centcols.org\/de\/author\/5799\/\"}]}<\/script>\n<!-- \/ Yoast SEO plugin. -->","yoast_head_json":{"title":"Herbstaufenthalt und Generalversammlung in Sainte-Maxime (Var), 10. bis 14. November 2021 - Club des Cent Cols","robots":{"index":"index","follow":"follow","max-snippet":"max-snippet:-1","max-image-preview":"max-image-preview:large","max-video-preview":"max-video-preview:-1"},"canonical":"https:\/\/centcols.org\/de\/ag-2021-ste-maxime\/","og_locale":"de_DE","og_type":"article","og_title":"S\u00e9jour d'automne et assembl\u00e9e g\u00e9n\u00e9rale \u00e0 Sainte-Maxime (Var), 10 au 14 novembre 2021 - Club des Cent Cols","og_description":"Ont contribu\u00e9 \u00e0 cette page de pr\u00e9sentation du s\u00e9jour les responsables informatiques, Bernard Giraudeau, Enrico Alberini et Christophe Badonnel Vous trouverez ci-dessous les rubriques : Pr\u00e9sentation de la r\u00e9gion : Il est un petit golfe situ\u00e9 au sud de la France, en forme de coin entrant dans le Massif des Maures &nbsp;nomm\u00e9 Golfe de Saint-Tropez. [&hellip;]","og_url":"https:\/\/centcols.org\/de\/ag-2021-ste-maxime\/","og_site_name":"Club des Cent Cols","article_publisher":"https:\/\/www.facebook.com\/groups\/5261880558\/?locale=fr_FR","article_published_time":"2021-07-10T04:10:55+00:00","article_modified_time":"2026-01-09T21:49:21+00:00","og_image":[{"width":1820,"height":1024,"url":"https:\/\/centcols.org\/wp-content\/uploads\/2021\/07\/Sainte-Maxime-20-1-scaled1.jpg","type":"image\/jpeg"}],"author":"Christophe Badonnel","twitter_card":"summary_large_image","twitter_misc":{"Verfasst von":"Christophe Badonnel","Gesch\u00e4tzte Lesezeit":"9\u00a0Minuten"},"schema":{"@context":"https:\/\/schema.org","@graph":[{"@type":"Article","@id":"https:\/\/centcols.org\/ag-2021-ste-maxime\/#article","isPartOf":{"@id":"https:\/\/centcols.org\/ag-2021-ste-maxime\/"},"author":{"name":"Christophe Badonnel","@id":"https:\/\/centcols.org\/#\/schema\/person\/5c1a9d61132fb33ccec149272abff6e1"},"headline":"S\u00e9jour d&rsquo;automne et assembl\u00e9e g\u00e9n\u00e9rale \u00e0 Sainte-Maxime (Var), 10 au 14 novembre 2021","datePublished":"2021-07-10T04:10:55+00:00","dateModified":"2026-01-09T21:49:21+00:00","mainEntityOfPage":{"@id":"https:\/\/centcols.org\/ag-2021-ste-maxime\/"},"wordCount":1708,"publisher":{"@id":"https:\/\/centcols.org\/#organization"},"image":{"@id":"https:\/\/centcols.org\/ag-2021-ste-maxime\/#primaryimage"},"thumbnailUrl":"https:\/\/centcols.org\/wp-content\/uploads\/2021\/07\/Sainte-Maxime-20-1-scaled1.jpg","articleSection":["France","Massif des Maures","Provence-Alpes-C\u00f4te d'Azur","Calendrier","83-Var","S\u00e9jours du Club des Cent Cols"],"inLanguage":"de"},{"@type":"WebPage","@id":"https:\/\/centcols.org\/ag-2021-ste-maxime\/","url":"https:\/\/centcols.org\/ag-2021-ste-maxime\/","name":"Herbstaufenthalt und Generalversammlung in Sainte-Maxime (Var), 10. bis 14. November 2021 - Club des Cent Cols","isPartOf":{"@id":"https:\/\/centcols.org\/#website"},"primaryImageOfPage":{"@id":"https:\/\/centcols.org\/ag-2021-ste-maxime\/#primaryimage"},"image":{"@id":"https:\/\/centcols.org\/ag-2021-ste-maxime\/#primaryimage"},"thumbnailUrl":"https:\/\/centcols.org\/wp-content\/uploads\/2021\/07\/Sainte-Maxime-20-1-scaled1.jpg","datePublished":"2021-07-10T04:10:55+00:00","dateModified":"2026-01-09T21:49:21+00:00","breadcrumb":{"@id":"https:\/\/centcols.org\/ag-2021-ste-maxime\/#breadcrumb"},"inLanguage":"de","potentialAction":[{"@type":"ReadAction","target":["https:\/\/centcols.org\/ag-2021-ste-maxime\/"]}]},{"@type":"ImageObject","inLanguage":"de","@id":"https:\/\/centcols.org\/ag-2021-ste-maxime\/#primaryimage","url":"https:\/\/centcols.org\/wp-content\/uploads\/2021\/07\/Sainte-Maxime-20-1-scaled1.jpg","contentUrl":"https:\/\/centcols.org\/wp-content\/uploads\/2021\/07\/Sainte-Maxime-20-1-scaled1.jpg","width":1820,"height":1024},{"@type":"BreadcrumbList","@id":"https:\/\/centcols.org\/ag-2021-ste-maxime\/#breadcrumb","itemListElement":[{"@type":"ListItem","position":1,"name":"Accueil","item":"https:\/\/centcols.org\/"},{"@type":"ListItem","position":2,"name":"S\u00e9jours du Club des Cent Cols","item":"https:\/\/centcols.org\/rubrique\/sejours\/"},{"@type":"ListItem","position":3,"name":"Pays","item":"https:\/\/centcols.org\/rubrique\/sejours\/pays-sejours\/"},{"@type":"ListItem","position":4,"name":"France","item":"https:\/\/centcols.org\/rubrique\/sejours\/pays-sejours\/france-pays-sejours\/"},{"@type":"ListItem","position":5,"name":"S\u00e9jour d&rsquo;automne et assembl\u00e9e g\u00e9n\u00e9rale \u00e0 Sainte-Maxime (Var), 10 au 14 novembre 2021"}]},{"@type":"WebSite","@id":"https:\/\/centcols.org\/#website","url":"https:\/\/centcols.org\/","name":"Club des Cent Cols","description":"","publisher":{"@id":"https:\/\/centcols.org\/#organization"},"potentialAction":[{"@type":"SearchAction","target":{"@type":"EntryPoint","urlTemplate":"https:\/\/centcols.org\/?s={search_term_string}"},"query-input":{"@type":"PropertyValueSpecification","valueRequired":true,"valueName":"search_term_string"}}],"inLanguage":"de"},{"@type":"Organization","@id":"https:\/\/centcols.org\/#organization","name":"Club des Cent Cols","url":"https:\/\/centcols.org\/","logo":{"@type":"ImageObject","inLanguage":"de","@id":"https:\/\/centcols.org\/#\/schema\/logo\/image\/","url":"https:\/\/centcols.org\/wp-content\/uploads\/2025\/01\/carte-icone.png","contentUrl":"https:\/\/centcols.org\/wp-content\/uploads\/2025\/01\/carte-icone.png","width":250,"height":250,"caption":"Club des Cent Cols"},"image":{"@id":"https:\/\/centcols.org\/#\/schema\/logo\/image\/"},"sameAs":["https:\/\/www.facebook.com\/groups\/5261880558\/?locale=fr_FR"]},{"@type":"Person","@id":"https:\/\/centcols.org\/#\/schema\/person\/5c1a9d61132fb33ccec149272abff6e1","name":"Christophe Badonnel","image":{"@type":"ImageObject","inLanguage":"de","@id":"https:\/\/centcols.org\/wp-content\/litespeed\/avatar\/9f363966b51271bd99ebbb6ebd632889.jpg?ver=1777238111","url":"https:\/\/centcols.org\/wp-content\/litespeed\/avatar\/9f363966b51271bd99ebbb6ebd632889.jpg?ver=1777238111","contentUrl":"https:\/\/centcols.org\/wp-content\/litespeed\/avatar\/9f363966b51271bd99ebbb6ebd632889.jpg?ver=1777238111","caption":"Christophe Badonnel"},"url":"https:\/\/centcols.org\/de\/author\/5799\/"}]}},"_links":{"self":[{"href":"https:\/\/centcols.org\/de\/wp-json\/wp\/v2\/posts\/82300","targetHints":{"allow":["GET"]}}],"collection":[{"href":"https:\/\/centcols.org\/de\/wp-json\/wp\/v2\/posts"}],"about":[{"href":"https:\/\/centcols.org\/de\/wp-json\/wp\/v2\/types\/post"}],"author":[{"embeddable":true,"href":"https:\/\/centcols.org\/de\/wp-json\/wp\/v2\/users\/64"}],"replies":[{"embeddable":true,"href":"https:\/\/centcols.org\/de\/wp-json\/wp\/v2\/comments?post=82300"}],"version-history":[{"count":0,"href":"https:\/\/centcols.org\/de\/wp-json\/wp\/v2\/posts\/82300\/revisions"}],"wp:featuredmedia":[{"embeddable":true,"href":"https:\/\/centcols.org\/de\/wp-json\/wp\/v2\/media\/83257"}],"wp:attachment":[{"href":"https:\/\/centcols.org\/de\/wp-json\/wp\/v2\/media?parent=82300"}],"wp:term":[{"taxonomy":"category","embeddable":true,"href":"https:\/\/centcols.org\/de\/wp-json\/wp\/v2\/categories?post=82300"},{"taxonomy":"post_tag","embeddable":true,"href":"https:\/\/centcols.org\/de\/wp-json\/wp\/v2\/tags?post=82300"}],"curies":[{"name":"wp","href":"https:\/\/api.w.org\/{rel}","templated":true}]}}