{"id":82307,"date":"2021-10-29T07:29:22","date_gmt":"2021-10-29T05:29:22","guid":{"rendered":"https:\/\/centcols.org\/sejour-de-printemps-a-cavi-di-lavagna-ligurie-1-au-08-mai-2022\/"},"modified":"2025-08-23T17:03:34","modified_gmt":"2025-08-23T15:03:34","slug":"aufenthalt-2022-lavagna","status":"publish","type":"post","link":"https:\/\/centcols.org\/de\/sejour-2022-lavagna\/","title":{"rendered":"Fr\u00fchlingsaufenthalt in Cavi di Lavagna (Ligurien) 1. bis 08. Mai 2022"},"content":{"rendered":"\n<p><span style=\"color: #808080;\">Ont contribu\u00e9 \u00e0 cette page de pr\u00e9sentation du s\u00e9jour G\u00e9rard Birelli et les responsables informatique et s\u00e9jours.<\/span><\/p>\n\n\n\n<p><strong>Acc\u00e8s \u00e0 l\u2019Italie<\/strong><\/p>\n\n\n\n<p>Les conditions d\u2019acc\u00e8s pouvant \u00e9voluer d\u2019ici le d\u00e9but du s\u00e9jour, nous ferons r\u00e9guli\u00e8rement une information.<\/p>\n\n\n\n<p>Vous pouvez avoir tous les d\u00e9tails sur les sites respectifs des Affaires \u00e9trang\u00e8res pour la France ou \u00e9quivalent pour les pays europ\u00e9ens, ou bien le site du Minist\u00e8re de la Sant\u00e9 italien pour ceux qui ma\u00eetrise la langue de Dante.<\/p>\n\n\n\n<p>Actuellement tous les voyageurs venant de France ou des pays de la liste \u00ab&nbsp;C&nbsp;\u00bb (Elenco C) doivent au choix&nbsp;:<\/p>\n\n\n\n<ul class=\"wp-block-list\">\n<li>Soit -pr\u00e9senter le r\u00e9sultat n\u00e9gatif d\u2019un test PCR ou antig\u00e9nique de moins de 48h ;<\/li>\n\n\n\n<li>Soit pr\u00e9senter la preuve d\u2019une vaccination compl\u00e8te avec un vaccin reconnu par l\u2019AEM&nbsp;;<\/li>\n\n\n\n<li>Soit pr\u00e9senter un certificat de gu\u00e9rison (valable du 21<sup>\u00e8me<\/sup> jour&nbsp; au 180<sup>\u00e8me<\/sup> jour apr\u00e8s le premier test positif).<\/li>\n<\/ul>\n\n\n\n<p>Le Certificat Covid Num\u00e9rique Europ\u00e9en int\u00e8gre ces preuves. (Certificat Verde COVID 19).<\/p>\n\n\n\n<p>Les voyageurs doivent remplir au pr\u00e9alable le formulaire de localisation <strong>Passenger locator form<\/strong> que l\u2019on remplit en ligne sur le site<\/p>\n\n\n\n<p><a href=\"https:\/\/app.euplf.eu\/#\/\">https:\/\/app.euplf.eu\/#\/<\/a><\/p>\n\n\n\n<p>En cas de probl\u00e8me informatique il est possible de remplir un formulaire \u00e9quivalent italien&nbsp;:<\/p>\n\n\n\n<p><a href=\"https:\/\/www.esteri.it\/mae\/resource\/doc\/2021\/05\/modulo_rientro_sintetico_14_maggio.pdf\">https:\/\/www.esteri.it\/mae\/resource\/doc\/2021\/05\/modulo_rientro_sintetico_14_maggio.pdf<\/a><\/p>\n\n\n\n<p><strong>Contraintes COVID 19<\/strong><\/p>\n\n\n\n<p>Les contraintes peuvent \u00e9voluer d\u2019ici le d\u00e9but du s\u00e9jour. Actuellement il n\u2019y a pas de contrainte en ce qui concerne l\u2019occupation des chambres \u00e0 deux personnes.<\/p>\n\n\n\n<p>Les prix n\u00e9goci\u00e9s par le Club aupr\u00e8s des h\u00e9bergeurs sont sur la base de chambre double et de quelques chambres individuelles donnant lieu \u00e0 un suppl\u00e9ment.<\/p>\n\n\n\n<p>Si la situation sanitaire venait \u00e0 remettre en cause ce sch\u00e9ma \u00e0 une date inconnue \u00e0 ce jour et imposer, notamment des chambres individuelles pour les non couples, la r\u00e9partition des chambres pourrait le cas \u00e9ch\u00e9ant \u00eatre effectu\u00e9e de la mani\u00e8re suivante&nbsp;:<\/p>\n\n\n\n<ul class=\"wp-block-list\">\n<li>Les couples et les Bulletins d\u2019inscriptions uniques pour deux personnes demandant express\u00e9ment \u00e0 \u00eatre dans la m\u00eame chambre seraient r\u00e9partis prioritairement en chambre double, comme pr\u00e9vu \u00e0 l&rsquo;origine.<\/li>\n\n\n\n<li>Les participants s&rsquo;\u00e9tant inscrits d\u00e8s le d\u00e9part en chambre individuelle seraient r\u00e9partis prioritairement en chambre simple, comme pr\u00e9vu \u00e0 l&rsquo;origine.<\/li>\n\n\n\n<li>Les autres participants qui seraient r\u00e9partis dans des chambres doubles \u00e0 usage individuel pour se conformer aux exigences sanitaires, pourraient se voir appliquer un suppl\u00e9ment de l\u2019ordre de 100\u20ac pour la dur\u00e9e du s\u00e9jour (m\u00eame montant que les participants ayant r\u00e9serv\u00e9 \u00e0 l&rsquo;origine en chambre individuelle).<\/li>\n<\/ul>\n\n\n\n<p>Eventuellement certains seraient orient\u00e9s, si possible, vers un troisi\u00e8me h\u00f4tel en chambre individuelle selon les dispositions financi\u00e8res et d\u2019organisation que le Conseil d\u2019Administration d\u00e9ciderait \u00e0 ce moment-l\u00e0.<\/p>\n\n\n\n<p>Dans ce dernier cas, le participant aurait deux possibilit\u00e9s&nbsp;:<\/p>\n\n\n\n<ul class=\"wp-block-list\">\n<li>Accepter l\u2019\u00e9volution tarifaire et organisationnelle li\u00e9e aux contraintes sanitaires impos\u00e9es aux h\u00e9bergeurs, et r\u00e9gler le suppl\u00e9ment de 100\u20ac lorsqu&rsquo;il sera demand\u00e9<\/li>\n\n\n\n<li>Annuler la r\u00e9servation et, le cas \u00e9ch\u00e9ant, faire jouer l\u2019assurance annulation que si elle a \u00e9t\u00e9 souscrite. Il serait retenu du montant vers\u00e9 au Club des Cent Cols 37.64\u20ac de frais de r\u00e9solution.<\/li>\n<\/ul>\n\n\n\n<figure class=\"wp-block-image size-full is-resized alignnone wp-image-36407\"><a href=\"https:\/\/centcols.org\/wp-content\/uploads\/2021\/10\/cinque-terre-italy-mediterranean-sea-.jpg\"><img loading=\"lazy\" decoding=\"async\" width=\"1200\" height=\"795\" src=\"https:\/\/centcols.org\/wp-content\/uploads\/2021\/10\/cinque-terre-italy-mediterranean-sea-.jpg\" alt=\"\" class=\"wp-image-85908\" style=\"width:800px\" srcset=\"https:\/\/centcols.org\/wp-content\/uploads\/2021\/10\/cinque-terre-italy-mediterranean-sea-.jpg 1200w, https:\/\/centcols.org\/wp-content\/uploads\/2021\/10\/cinque-terre-italy-mediterranean-sea--768x509.jpg 768w\" sizes=\"auto, (max-width: 1200px) 100vw, 1200px\" \/><\/a><figcaption class=\"wp-element-caption\">Cinque Terre (libre de droits)<\/figcaption><\/figure>\n\n\n\n<p><span style=\"color: #000000;\"><span style=\"color: #000000;\">Pour la deuxi\u00e8me fois, le Club organise un s\u00e9jour en Italie sur la Riviera di Levante, principalement dans les Cinque Terre (en ligure : Cinque Taere) mais \u00e9galement dans les Parcs Nationaux de Portofino et de l&rsquo;Aveto.<\/span><\/span><\/p>\n\n\n\n<p><span style=\"color: #000000;\">Nous s\u00e9journerons \u00e0 Cavi di Lavagna qui est situ\u00e9 entre G\u00eanes et La Spezia et nos <a href=\"\/membres\/cctours\/tours.php?lieu=Lavagna&amp;an=2022\">circuits<\/a> seront r\u00e9partis tout autour de cette base. Ils n\u00e9cessiteront fr\u00e9quemment des mises en place en voiture de quelques dizaines de minutes. Nous pourrons profiter de ces circuits pour parcourir les parcs et sites mentionn\u00e9s ci-dessus, mais aussi ces belles montagnes de l&rsquo;Apennin qui, souvent, plongent directement dans la mer.&nbsp;<\/span><br><span style=\"color: #000000;\">Les accompagnants trouveront leur bonheur dans ces m\u00eames sites et parcs.<\/span><\/p>\n\n\n\n<p><span style=\"color: #000000;\">Nous serons log\u00e9s dans deux h\u00f4tels situ\u00e9s \u00e0 un peu plus de 800 m l&rsquo;un de l&rsquo;autre. Le Real Park est situ\u00e9 \u00e0 proximit\u00e9 imm\u00e9diate de la plage et le Doria \u00e0 quelques centaines de m\u00e8tres de celle-ci.&nbsp;<\/span><\/p>\n\n\n\n<figure class=\"wp-block-image size-full is-resized alignnone wp-image-36332\"><a href=\"https:\/\/centcols.org\/wp-content\/uploads\/2021\/10\/IMG_3790.jpg\"><img loading=\"lazy\" decoding=\"async\" width=\"1200\" height=\"800\" src=\"https:\/\/centcols.org\/wp-content\/uploads\/2021\/10\/IMG_3790.jpg\" alt=\"\" class=\"wp-image-85938\" style=\"width:800px\" srcset=\"https:\/\/centcols.org\/wp-content\/uploads\/2021\/10\/IMG_3790.jpg 1200w, https:\/\/centcols.org\/wp-content\/uploads\/2021\/10\/IMG_3790-768x512.jpg 768w\" sizes=\"auto, (max-width: 1200px) 100vw, 1200px\" \/><\/a><figcaption class=\"wp-element-caption\">V2 Carro, village de Castiglione Chiavarese (\u00a9 Thierry Labour)<\/figcaption><\/figure>\n\n\n\n<p><span style=\"color: #000000;\">Vous trouverez ci-dessous les rubriques :<\/span><\/p>\n\n\n\n<ul class=\"wp-block-list\">\n<li><span style=\"color: #000000;\">Pr\u00e9sentation de la r\u00e9gion<\/span><\/li>\n\n\n\n<li><a href=\"\/membres\/cctours\/tours.php?lieu=Lavagna&amp;an=2022\" target=\"_blank\" rel=\"noopener\"><span style=\"color: #000000;\">Les circuits<\/span><\/a><\/li>\n\n\n\n<li><span style=\"color: #000000;\">H\u00e9bergement<\/span><\/li>\n\n\n\n<li><span style=\"color: #000000;\">Note du Conseil d&rsquo;Administration<\/span><\/li>\n\n\n\n<li><span style=\"color: #000000;\">Inscription, avec une carte de situation<\/span><\/li>\n\n\n\n<li><span style=\"color: #000000;\">Autres activit\u00e9s ou visites&nbsp; &nbsp;<\/span><\/li>\n<\/ul>\n\n\n\n<h2 class=\"wp-block-heading\"><strong>Pr\u00e9sentation de la r\u00e9gion et de son histoire&nbsp;<\/strong><\/h2>\n\n\n\n<h3 class=\"wp-block-heading\"><strong>Histoire<br><\/strong>&nbsp; &nbsp;<\/h3>\n\n\n<div class=\"wp-block-image wp-image-36429\">\n<figure class=\"alignright size-full\"><img loading=\"lazy\" decoding=\"async\" width=\"500\" height=\"271\" src=\"https:\/\/centcols.org\/wp-content\/uploads\/2021\/10\/Les-Cinque-terre-500x271-1.jpg\" alt=\"\" class=\"wp-image-85909\"\/><figcaption class=\"wp-element-caption\">Les Cinque Terre<\/figcaption><\/figure>\n<\/div>\n\n\n<p>&nbsp;Les Cinque Terre s&rsquo;\u00e9tendent sur pr\u00e8s de trente kilom\u00e8tres de longueur \u00e0 l&rsquo;ouest de La Spezia chef-lieu de la province et base navale de la flotte italienne. Cette r\u00e9gion est un Parc National Italien qui est class\u00e9, depuis 1997, au Patrimoine de l&rsquo;Humanit\u00e9 de l&rsquo;Unesco avec Portovenere et l&rsquo;\u00eele de Palmaria. Les Cinque Terre font partie de la Ligurie, qui est une r\u00e9gion du nord de l&rsquo;Italie. Son littoral est montagneux et d\u00e9coup\u00e9 avec des promontoires rocheux tombant directement dans la mer. Cette chaine montagneuse constitue l\u2019Apennin Septentrional.<br>&nbsp; &nbsp; &nbsp;Au Moyen-\u00e2ge, le terme <em>Terre<\/em> avait la signification de bourg, d&rsquo;o\u00f9 l&rsquo;appellation de Cinque Terre (Cinque Taere) correspondant aux cinq villages&nbsp;: Riomaggiore, Manarola, Corniglia, Vernazza, Monterosso al Mare, tous sur la c\u00f4te. Ils sont caract\u00e9ris\u00e9s par le regroupement de vieilles maisons hautes et color\u00e9es qui sont accroch\u00e9es \u00e0 des rochers abrupts au pied desquels se nichent des petits ports de p\u00e9cheurs.<br>Au nord les Cinque Terre touchent Levanto et au sud Portovenere. Riomaggiore est \u00e0 moins de dix kilom\u00e8tres de La Spezia et Levanto \u00e9galement \u00e0 une dizaine de Sestri Levante.<br>Un <a href=\"https:\/\/www.youtube.com\/watch?v=CFDoifWjFO4\" target=\"_blank\" rel=\"noreferrer noopener\">reportage de l&rsquo;\u00e9mission \u00ab\u00a0Des Racines et des Ailes\u00a0\u00bb<\/a> offre une visite rapide sur cette merveille.<br>La meilleure fa\u00e7on de visiter les Cinque Terre est d&#8217;emprunter les sentiers p\u00e9destres. \u00c0 l&rsquo;origine ils \u00e9taient les seules voies d&rsquo;acc\u00e8s et de communication entre les villages. Entre Portovenere et Levanto, le parcours est de 36 kilom\u00e8tres en passant par les cinq villages. Ces sentiers permettent de d\u00e9couvrir des panoramas magnifiques et de traverser des vignobles et des \u00e9tendues d&rsquo;oliviers cultiv\u00e9s en terrasses ou des zones de maquis m\u00e9diterran\u00e9en : <a href=\"https:\/\/www.youtube.com\/watch?v=zKBvaj4BSQQ\" target=\"_blank\" rel=\"noreferrer noopener\">regardez ce petit reportage.<\/a><br>&nbsp; &nbsp; &nbsp;La section tr\u00e8s active du Club Alpin Italien de La Spezia a balis\u00e9 185 sentiers localis\u00e9s sur son site.<br>&nbsp; &nbsp; &nbsp;Le Gouvernement Italien a fait construire la ligne de chemin de fer entre G\u00eanes et La Spezia dans les ann\u00e9es 1870. Cette ligne a permis d&rsquo;ouvrir les Cinque Terre au monde ext\u00e9rieur. La ligne de chemin de fer longe la c\u00f4te, franchit de nombreux tunnels et dessert tous les villages. Pour les touristes, c&rsquo;est la voie de communication \u00e0 recommander, entre Sestri-Levante et La Spezia, pour d\u00e9couvrir tous les villages.<br>&nbsp; &nbsp; &nbsp;A noter que cette ligne de chemin de fer a \u00e9t\u00e9 r\u00e9nov\u00e9e et modifi\u00e9e. Certaines parties d\u00e9saffect\u00e9es ont \u00e9t\u00e9 transform\u00e9es en piste cyclable entre Bonassola et Framura et, \u00e0 terme, il sera possible d\u2019aller jusqu\u2019\u00e0 Deiva Marina.<br>&nbsp; &nbsp; &nbsp;Une autre mani\u00e8re de faire la visite du parc national est d&#8217;emprunter le bateau de La Spezia \u00e0 Monterosso al Mare, puis de revenir par \u00e9tapes (en passant par chaque village), soit par les sentiers p\u00e9destres soit par le chemin de fer en sens inverse jusqu&rsquo;\u00e0 La Spezia. Tous les sentiers p\u00e9destres offrent des panoramas magnifiques.<\/p>\n\n\n\n<h3 class=\"wp-block-heading\"><strong>Agriculture<\/strong><\/h3>\n\n\n<div class=\"wp-block-image wp-image-36449 size-full\">\n<figure class=\"alignleft\"><a href=\"https:\/\/centcols.org\/wp-content\/uploads\/2021\/10\/Vignes-Cinque-terre.jpg\"><img loading=\"lazy\" decoding=\"async\" width=\"647\" height=\"349\" src=\"https:\/\/centcols.org\/wp-content\/uploads\/2021\/10\/Vignes-Cinque-terre.jpg\" alt=\"\" class=\"wp-image-85910\"\/><\/a><figcaption class=\"wp-element-caption\">Vignes Cinque Terre<\/figcaption><\/figure>\n<\/div>\n\n\n<p>&nbsp; &nbsp; &nbsp;Des g\u00e9n\u00e9rations de paysans, sans doute d&rsquo;origine Etrusque, ont travaill\u00e9 une montagne parfois tr\u00e8s abrupte pour cultiver la terre en terrasses o\u00f9 sont plant\u00e9es vignes, fruits et oliviers depuis des si\u00e8cles. Les terrasses sont faites de remblai soutenu par des murs de pierres s\u00e8ches, l&rsquo;\u00e9valuation de la longueur de tous ces murs de pierre d\u00e9passe les 5000 km. La construction de l&rsquo;ensemble de ces terrasses repr\u00e9sente un travail consid\u00e9rable qui s&rsquo;est \u00e9tal\u00e9 sur plus d&rsquo;un millier d&rsquo;ann\u00e9es. Cette agriculture et la p\u00eache ont permis de nourrir les populations qui ont ainsi pu rester et vivre dans ces villages. Il y a plus de mille ans ils \u00e9taient surtout situ\u00e9s en hauteur pour se pr\u00e9server des incursions des Sarrasins, la s\u00e9curisation progressive des mers en a fait descendre certains sur la c\u00f4te.<\/p>\n\n\n\n<p>&nbsp; &nbsp; &nbsp;Les vignobles produisent un vin blanc doux r\u00e9put\u00e9, le <em>Cinque Terre<\/em>, et aussi le <em>Sciacchettra<\/em> que les Romains surnommaient l&rsquo;<em>\u00e9lixir des Dieux<\/em>. Les oliviers donnent une huile de qualit\u00e9 avec un ar\u00f4me exceptionnel. Et la p\u00eache fournit des anchois tr\u00e8s r\u00e9put\u00e9s. <a href=\"https:\/\/www.youtube.com\/watch?v=BvEIdYJIH-s\" target=\"_blank\" rel=\"noreferrer noopener\">Voir ce reportage.<\/a><br>Une visite d\u2019une huilerie locale sera propos\u00e9e. (Oliveraie Orseggi)<\/p>\n\n\n\n<h3 class=\"wp-block-heading\">Deux parcs m\u00e9ritent votre attention :<\/h3>\n\n\n<div class=\"wp-block-image\">\n<figure class=\"alignleft size-full is-resized\"><img loading=\"lazy\" decoding=\"async\" width=\"1200\" height=\"900\" src=\"https:\/\/centcols.org\/wp-content\/uploads\/2021\/10\/IPH_3249.jpg\" alt=\"\" class=\"wp-image-85911\" style=\"width:500px\" srcset=\"https:\/\/centcols.org\/wp-content\/uploads\/2021\/10\/IPH_3249.jpg 1200w, https:\/\/centcols.org\/wp-content\/uploads\/2021\/10\/IPH_3249-768x576.jpg 768w\" sizes=\"auto, (max-width: 1200px) 100vw, 1200px\" \/><figcaption class=\"wp-element-caption\">V7b Parc de Portofino, au loin, G\u00eanes (\u00a9 Thierry Labour)<\/figcaption><\/figure>\n<\/div>\n\n\n<p><strong>&nbsp; &nbsp; &nbsp; &nbsp; &nbsp; &nbsp; &nbsp; &nbsp; &nbsp; &nbsp; &nbsp; &nbsp; &nbsp; &nbsp; &nbsp; &nbsp; &nbsp; &nbsp; &nbsp; &nbsp; Parc National de Portofino<br><\/strong>&nbsp; &nbsp; &nbsp;D\u2019une superficie de 1500 ha, le Parc de Portofino et ses 80 kilom\u00e8tres de sentiers balis\u00e9s sont un vrai paradis pour tous les amoureux de la randonn\u00e9e. Il offre une grande vari\u00e9t\u00e9 de parcours qui n\u00e9anmoins, se destinent plus \u00e0 des randonneurs entrain\u00e9s qu\u2019\u00e0 des promeneurs \u00e0 la recherche de balades sans grande difficult\u00e9.<br>&nbsp; &nbsp; &nbsp;Avec les chaussures de randonn\u00e9e, il est possible de parcourir les diff\u00e9rents chemins dans un environnement naturel relativement sauvage, avec de magnifiques paysages, de nombreux points de vue : baies et falaises ainsi que diff\u00e9rents espaces ruraux, villages et hameaux marins riches d\u2019art et d\u2019histoire.<br>&nbsp; &nbsp; &nbsp;Les panneaux indicateurs que l\u2019on retrouve sur les diff\u00e9rents sentiers du Parc ainsi que la carte d\u00e9taill\u00e9e des sentiers (disponible aupr\u00e8s des points d\u2019information du Parc et des principales librairies des villages limitrophes) permettent aussi \u00e0 des randonneurs moins exp\u00e9riment\u00e9s de mieux s\u2019orienter et de choisir l\u2019itin\u00e9raire le plus adapt\u00e9 \u00e0 leur propre exigence.<\/p>\n\n\n\n<p>&nbsp; &nbsp; &nbsp; &nbsp;Des pistes ou sentiers d\u00e9di\u00e9s au VTT sont identifi\u00e9s par un logo sp\u00e9cifique.<br><strong>ATTENTION<br><\/strong>&nbsp; &nbsp; &nbsp; Nous avons obtenu l\u2019autorisation d\u2019atteindre \u00e0 VTT les cols Passo Porcile et Sella Toca qui sont dans un secteur interdit. Veillez, en parcourant ce circuit, \u00e0 ne pas sortir du sentier balis\u00e9 et suivre pr\u00e9cis\u00e9ment la trace.<\/p>\n\n\n<div class=\"wp-block-image\">\n<figure class=\"alignright size-full is-resized\"><img loading=\"lazy\" decoding=\"async\" width=\"1200\" height=\"674\" src=\"https:\/\/centcols.org\/wp-content\/uploads\/2021\/10\/IMG_3368.jpg\" alt=\"\" class=\"wp-image-85912\" style=\"width:500px\" srcset=\"https:\/\/centcols.org\/wp-content\/uploads\/2021\/10\/IMG_3368.jpg 1200w, https:\/\/centcols.org\/wp-content\/uploads\/2021\/10\/IMG_3368-768x431.jpg 768w\" sizes=\"auto, (max-width: 1200px) 100vw, 1200px\" \/><figcaption class=\"wp-element-caption\">V5 Parco dell&rsquo;Aveto, passo Cento Croci (\u00a9 Thierry Labour)<\/figcaption><\/figure>\n<\/div>\n\n\n<p><strong>&nbsp; &nbsp; &nbsp; &nbsp; &nbsp; &nbsp; &nbsp; &nbsp; &nbsp; &nbsp; &nbsp; &nbsp; &nbsp; &nbsp; &nbsp; &nbsp; &nbsp; &nbsp; &nbsp; &nbsp; &nbsp; &nbsp; &nbsp; &nbsp; &nbsp;Parc de l\u2019Aveto<br><\/strong>&nbsp; &nbsp; &nbsp; &nbsp;Situ\u00e9 dans l&rsquo;arri\u00e8re-pays du Tigullio, <a href=\"http:\/\/www.parks.it\/parco.aveto\/Fpar.php\" target=\"_blank\" rel=\"noreferrer noopener\">Parco dell&rsquo;Aveto<\/a> prot\u00e8ge l&rsquo;une des r\u00e9gions les plus belles et repr\u00e9sentatives de l&rsquo;Apennin ligurien. L&rsquo;espace prot\u00e9g\u00e9 s&rsquo;\u00e9tend sur une superficie d&rsquo;environ 3 000 hectares et int\u00e9resse trois vall\u00e9es : Val d&rsquo;Aveto, Val Graveglia et Valle Sturla. Les trois vall\u00e9es se distinguent par des caract\u00e8res particuliers : paysages de haute montagne, p\u00e2turages et vastes h\u00eatraies dans la Val d&rsquo;Aveto ; pr\u00e9s p\u00e2tur\u00e9s, ch\u00e2taigneraies, bois de noisetiers, potagers et oliveraies dans la Valle Sturla; un paysage rural bien conserv\u00e9 avec oliveraies et vignobles et, surtout, une grande vari\u00e9t\u00e9 de roches et de min\u00e9raux, et donc carri\u00e8res et mines, en Val Graveglia.<\/p>\n\n\n\n<h2 class=\"wp-block-heading\"><strong>Les circuits<\/strong><\/h2>\n\n\n\n<p><strong>AVERTISSEMENT<\/strong><br>Une \u00e9pid\u00e9mie de grippe porcine s\u00e9vit actuellement en Ligurie dans certaines zones.<br>Les autorit\u00e9 locales ont pris la d\u00e9cision d&rsquo;interdire la pratique du VTT afin d&rsquo;\u00e9viter sa propagation. Sans danger pour les humains mais fatale pour les porcs et les sangliers.<br>L&rsquo;interdiction prend effet&nbsp; du 13\/01\/2022 au 13\/07\/2022.<br>Nous avons v\u00e9rifi\u00e9 si les parcours au programme du s\u00e9jour de la Primavera \u00e0 Cavi di Lavagna \u00e9taient impact\u00e9s.<br>Il s&rsquo;av\u00e8re que seuls les parcours <strong>V8<\/strong> <strong>(Neirone)<\/strong> sur les communes de Bargagli et Lumarzo \u00e9taient concern\u00e9s.<br>Ce parcours peut \u00eatre avantageusement remplac\u00e9 par le <strong>V12 Monte Aiona.<\/strong><br>Il en est de m\u00eame pour les parcours du Bonus <strong>V13 (Campo Ligure) , V14 (Campomorone) et V19 (Parco Beguia).<\/strong><br>Ces parcours non programm\u00e9s (Libre) seront supprim\u00e9s mais peuvent \u00eatre r\u00e9alis\u00e9s apr\u00e8s le 13 juillet 2022.<br>Les participants qui arrivent avant ou qui restent apr\u00e8s la semaine du s\u00e9jour seront avertis de cette contrainte sanitaire.<br>La carte ci-apr\u00e8s montre les communes concern\u00e9es par cette interdiction.<br>A noter que la pratique du v\u00e9lo sur route n&rsquo;est pas interdite dans toutes ces zones.<\/p>\n\n\n\n<p><a href=\"https:\/\/centcols.org\/wp-content\/uploads\/2025\/08\/carta-dei-comuni-interessati.pdf\" target=\"_blank\" rel=\"noreferrer noopener\">voir ici les zones concern\u00e9es<\/a><\/p>\n\n\n\n<p>Chaque jour, du lundi au samedi, un circuit routier et un circuit VTT vous seront propos\u00e9s, certains avec variantes. En outre, quelques circuits suppl\u00e9mentaires pourront satisfaire celles et ceux qui envisagent de rester un peu plus longtemps.<\/p>\n\n\n\n<p>Dans le livret qui vous sera remis \u00e0 votre arriv\u00e9e (et pour lequel vous trouverez un lien dans la rubrique \u00ab\u00a0Inscriptions\u00a0\u00bb), vous trouverez la description de tous ces circuits ainsi que toutes les consignes et r\u00e8gles de s\u00e9curit\u00e9 concernant la pratique de notre passion. Nous vous invitons \u00e0 les lire avec attention.<\/p>\n\n\n\n<p>Vous trouverez plus loin le d\u00e9tail des circuits, la liste des cols, les liens pour t\u00e9l\u00e9charger les traces GPS, etc. Et, bien entendu, tout sera dans le livret !<br>Sur les cartes ci-dessous, le nombre de cols entre parenth\u00e8ses correspond au nombre maximal de cols que l&rsquo;on peut franchir, en parcourant la totalit\u00e9 des circuits propos\u00e9s (par exemple 10 circuits pour le s\u00e9jour de 6 jours), le premier nombre correspond \u00e0 ceux que l&rsquo;on franchit en parcourant simplement les circuits programm\u00e9s durant les 6 jours du s\u00e9jour.<\/p>\n\n\n\n<p><strong><a href=\"\/membres\/cctours\/tours.php?lieu=Lavagna&amp;an=2022&amp;genre=R\" target=\"_blank\" rel=\"noreferrer noopener\">Circuits routiers<\/a> :<\/strong><\/p>\n\n\n<div class=\"wp-block-image\">\n<figure class=\"aligncenter size-full is-resized\"><a href=\"https:\/\/centcols.org\/wp-content\/uploads\/2021\/10\/Situation-des-departs-circuits-Routiers-2020-01-26-1200x675-1.jpg\"><img loading=\"lazy\" decoding=\"async\" width=\"1200\" height=\"675\" src=\"https:\/\/centcols.org\/wp-content\/uploads\/2021\/10\/Situation-des-departs-circuits-Routiers-2020-01-26-1200x675-1.jpg\" alt=\"\" class=\"wp-image-85932\" style=\"width:800px\" srcset=\"https:\/\/centcols.org\/wp-content\/uploads\/2021\/10\/Situation-des-departs-circuits-Routiers-2020-01-26-1200x675-1.jpg 1200w, https:\/\/centcols.org\/wp-content\/uploads\/2021\/10\/Situation-des-departs-circuits-Routiers-2020-01-26-1200x675-1-768x432.jpg 768w\" sizes=\"auto, (max-width: 1200px) 100vw, 1200px\" \/><\/a><figcaption class=\"wp-element-caption\">Parcours routiers<\/figcaption><\/figure>\n<\/div>\n\n\n<p><strong><a href=\"\/membres\/cctours\/tours.php?lieu=Lavagna&amp;an=2022&amp;genre=V\" target=\"_blank\" rel=\"noreferrer noopener\">Circuits VTT<\/a> :<\/strong><\/p>\n\n\n<div class=\"wp-block-image\">\n<figure class=\"aligncenter size-full is-resized\"><a href=\"https:\/\/centcols.org\/wp-content\/uploads\/2021\/10\/Situation-des-departs-circuits-VTT-2020-01-26-1200x669-1.jpg\"><img loading=\"lazy\" decoding=\"async\" width=\"1200\" height=\"669\" src=\"https:\/\/centcols.org\/wp-content\/uploads\/2021\/10\/Situation-des-departs-circuits-VTT-2020-01-26-1200x669-1.jpg\" alt=\"\" class=\"wp-image-85933\" style=\"width:800px\" srcset=\"https:\/\/centcols.org\/wp-content\/uploads\/2021\/10\/Situation-des-departs-circuits-VTT-2020-01-26-1200x669-1.jpg 1200w, https:\/\/centcols.org\/wp-content\/uploads\/2021\/10\/Situation-des-departs-circuits-VTT-2020-01-26-1200x669-1-768x428.jpg 768w\" sizes=\"auto, (max-width: 1200px) 100vw, 1200px\" \/><\/a><figcaption class=\"wp-element-caption\">Parcours muletiers<\/figcaption><\/figure>\n<\/div>\n\n\n<figure class=\"wp-block-gallery has-nested-images columns-3 is-cropped wp-block-gallery-1 is-layout-flex wp-block-gallery-is-layout-flex\">\n<figure class=\"wp-block-image size-full\"><a href=\"https:\/\/centcols.org\/wp-content\/uploads\/2021\/10\/IMG_3798-1200x800-1.jpg\"><img loading=\"lazy\" decoding=\"async\" width=\"1200\" height=\"800\" data-id=\"85913\" src=\"https:\/\/centcols.org\/wp-content\/uploads\/2021\/10\/IMG_3798-1200x800-1.jpg\" alt=\"\" class=\"wp-image-85913\" srcset=\"https:\/\/centcols.org\/wp-content\/uploads\/2021\/10\/IMG_3798-1200x800-1.jpg 1200w, https:\/\/centcols.org\/wp-content\/uploads\/2021\/10\/IMG_3798-1200x800-1-768x512.jpg 768w\" sizes=\"auto, (max-width: 1200px) 100vw, 1200px\" \/><\/a><figcaption class=\"wp-element-caption\">V1 Bracco Framura, la c\u00f4te vers Framura (\u00a9 Thierry Labour)<\/figcaption><\/figure>\n\n\n\n<figure class=\"wp-block-image size-full\"><a href=\"https:\/\/centcols.org\/wp-content\/uploads\/2021\/10\/IMG_3795.jpg\"><img loading=\"lazy\" decoding=\"async\" width=\"1200\" height=\"800\" data-id=\"85914\" src=\"https:\/\/centcols.org\/wp-content\/uploads\/2021\/10\/IMG_3795.jpg\" alt=\"\" class=\"wp-image-85914\" srcset=\"https:\/\/centcols.org\/wp-content\/uploads\/2021\/10\/IMG_3795.jpg 1200w, https:\/\/centcols.org\/wp-content\/uploads\/2021\/10\/IMG_3795-768x512.jpg 768w\" sizes=\"auto, (max-width: 1200px) 100vw, 1200px\" \/><\/a><figcaption class=\"wp-element-caption\">V1 Bracco Framura, tour-clocher de Costa (\u00a9 Thierry Labour)<\/figcaption><\/figure>\n\n\n\n<figure class=\"wp-block-image size-full\"><a href=\"https:\/\/centcols.org\/wp-content\/uploads\/2021\/10\/SDC16397-1200x900-1.jpg\"><img loading=\"lazy\" decoding=\"async\" width=\"1200\" height=\"900\" data-id=\"85915\" src=\"https:\/\/centcols.org\/wp-content\/uploads\/2021\/10\/SDC16397-1200x900-1.jpg\" alt=\"\" class=\"wp-image-85915\" srcset=\"https:\/\/centcols.org\/wp-content\/uploads\/2021\/10\/SDC16397-1200x900-1.jpg 1200w, https:\/\/centcols.org\/wp-content\/uploads\/2021\/10\/SDC16397-1200x900-1-768x576.jpg 768w\" sizes=\"auto, (max-width: 1200px) 100vw, 1200px\" \/><\/a><figcaption class=\"wp-element-caption\">V3 Hauts de Cinque Terre (\u00a9 Michel Aussert)<\/figcaption><\/figure>\n\n\n\n<figure class=\"wp-block-image size-full\"><a href=\"https:\/\/centcols.org\/wp-content\/uploads\/2021\/10\/IMG_3404.jpg\"><img loading=\"lazy\" decoding=\"async\" width=\"1200\" height=\"674\" data-id=\"85917\" src=\"https:\/\/centcols.org\/wp-content\/uploads\/2021\/10\/IMG_3404.jpg\" alt=\"\" class=\"wp-image-85917\" srcset=\"https:\/\/centcols.org\/wp-content\/uploads\/2021\/10\/IMG_3404.jpg 1200w, https:\/\/centcols.org\/wp-content\/uploads\/2021\/10\/IMG_3404-768x431.jpg 768w\" sizes=\"auto, (max-width: 1200px) 100vw, 1200px\" \/><\/a><figcaption class=\"wp-element-caption\">V4a Monte Zatta, Colla del Chiappozzo (\u00a9 Thierry Labour)<\/figcaption><\/figure>\n\n\n\n<figure class=\"wp-block-image size-full\"><a href=\"https:\/\/centcols.org\/wp-content\/uploads\/2021\/10\/IMG_3395.jpg\"><img loading=\"lazy\" decoding=\"async\" width=\"1200\" height=\"674\" data-id=\"85918\" src=\"https:\/\/centcols.org\/wp-content\/uploads\/2021\/10\/IMG_3395.jpg\" alt=\"\" class=\"wp-image-85918\" srcset=\"https:\/\/centcols.org\/wp-content\/uploads\/2021\/10\/IMG_3395.jpg 1200w, https:\/\/centcols.org\/wp-content\/uploads\/2021\/10\/IMG_3395-768x431.jpg 768w\" sizes=\"auto, (max-width: 1200px) 100vw, 1200px\" \/><\/a><figcaption class=\"wp-element-caption\">V4a Monte Zatta, village de Cassego (\u00a9 Thierry Labour)<\/figcaption><\/figure>\n\n\n\n<figure class=\"wp-block-image size-full\"><a href=\"https:\/\/centcols.org\/wp-content\/uploads\/2021\/10\/IMG_3388.jpg\"><img loading=\"lazy\" decoding=\"async\" width=\"1200\" height=\"674\" data-id=\"85919\" src=\"https:\/\/centcols.org\/wp-content\/uploads\/2021\/10\/IMG_3388.jpg\" alt=\"\" class=\"wp-image-85919\" srcset=\"https:\/\/centcols.org\/wp-content\/uploads\/2021\/10\/IMG_3388.jpg 1200w, https:\/\/centcols.org\/wp-content\/uploads\/2021\/10\/IMG_3388-768x431.jpg 768w\" sizes=\"auto, (max-width: 1200px) 100vw, 1200px\" \/><\/a><figcaption class=\"wp-element-caption\">V4a Monte Zatta, village de Montemoggio (\u00a9 Thierry Labour)<\/figcaption><\/figure>\n\n\n\n<figure class=\"wp-block-image size-full\"><a href=\"https:\/\/centcols.org\/wp-content\/uploads\/2021\/10\/Varese-Ligure.jpg\"><img loading=\"lazy\" decoding=\"async\" width=\"900\" height=\"1200\" data-id=\"85920\" src=\"https:\/\/centcols.org\/wp-content\/uploads\/2021\/10\/Varese-Ligure.jpg\" alt=\"\" class=\"wp-image-85920\" srcset=\"https:\/\/centcols.org\/wp-content\/uploads\/2021\/10\/Varese-Ligure.jpg 900w, https:\/\/centcols.org\/wp-content\/uploads\/2021\/10\/Varese-Ligure-768x1024.jpg 768w\" sizes=\"auto, (max-width: 900px) 100vw, 900px\" \/><\/a><figcaption class=\"wp-element-caption\">V5 Portes de l&rsquo;Emilie Romagne, Varese Ligure (\u00a9 G\u00e9rard Birelli)<\/figcaption><\/figure>\n\n\n\n<figure class=\"wp-block-image size-full\"><a href=\"https:\/\/centcols.org\/wp-content\/uploads\/2021\/10\/IMG_3382.jpg\"><img loading=\"lazy\" decoding=\"async\" width=\"1200\" height=\"674\" data-id=\"85921\" src=\"https:\/\/centcols.org\/wp-content\/uploads\/2021\/10\/IMG_3382.jpg\" alt=\"\" class=\"wp-image-85921\" srcset=\"https:\/\/centcols.org\/wp-content\/uploads\/2021\/10\/IMG_3382.jpg 1200w, https:\/\/centcols.org\/wp-content\/uploads\/2021\/10\/IMG_3382-768x431.jpg 768w\" sizes=\"auto, (max-width: 1200px) 100vw, 1200px\" \/><\/a><figcaption class=\"wp-element-caption\">V5 Parco dell&rsquo;Aveto, village de Caranza (\u00a9 Thierry Labour)<\/figcaption><\/figure>\n\n\n\n<figure class=\"wp-block-image size-full\"><a href=\"https:\/\/centcols.org\/wp-content\/uploads\/2021\/10\/IMG_3805-1200x800-1.jpg\"><img loading=\"lazy\" decoding=\"async\" width=\"1200\" height=\"800\" data-id=\"85922\" src=\"https:\/\/centcols.org\/wp-content\/uploads\/2021\/10\/IMG_3805-1200x800-1.jpg\" alt=\"\" class=\"wp-image-85922\" srcset=\"https:\/\/centcols.org\/wp-content\/uploads\/2021\/10\/IMG_3805-1200x800-1.jpg 1200w, https:\/\/centcols.org\/wp-content\/uploads\/2021\/10\/IMG_3805-1200x800-1-768x512.jpg 768w\" sizes=\"auto, (max-width: 1200px) 100vw, 1200px\" \/><\/a><figcaption class=\"wp-element-caption\">V7a Santuario Montallegro, la piste en cr\u00eate (\u00a9 Thierry Labour)<\/figcaption><\/figure>\n\n\n\n<figure class=\"wp-block-image size-full\"><a href=\"https:\/\/centcols.org\/wp-content\/uploads\/2021\/10\/IPH_3250-1200x900-1.jpg\"><img loading=\"lazy\" decoding=\"async\" width=\"1200\" height=\"900\" data-id=\"85923\" src=\"https:\/\/centcols.org\/wp-content\/uploads\/2021\/10\/IPH_3250-1200x900-1.jpg\" alt=\"\" class=\"wp-image-85923\" srcset=\"https:\/\/centcols.org\/wp-content\/uploads\/2021\/10\/IPH_3250-1200x900-1.jpg 1200w, https:\/\/centcols.org\/wp-content\/uploads\/2021\/10\/IPH_3250-1200x900-1-768x576.jpg 768w\" sizes=\"auto, (max-width: 1200px) 100vw, 1200px\" \/><\/a><figcaption class=\"wp-element-caption\">V7b Parc de Portofino, au milieu du parc (\u00a9 Thierry Labour)<\/figcaption><\/figure>\n\n\n\n<figure class=\"wp-block-image size-full\"><a href=\"https:\/\/centcols.org\/wp-content\/uploads\/2021\/10\/SDC16404.jpg\"><img loading=\"lazy\" decoding=\"async\" width=\"900\" height=\"1200\" data-id=\"85924\" src=\"https:\/\/centcols.org\/wp-content\/uploads\/2021\/10\/SDC16404.jpg\" alt=\"\" class=\"wp-image-85924\" srcset=\"https:\/\/centcols.org\/wp-content\/uploads\/2021\/10\/SDC16404.jpg 900w, https:\/\/centcols.org\/wp-content\/uploads\/2021\/10\/SDC16404-768x1024.jpg 768w\" sizes=\"auto, (max-width: 900px) 100vw, 900px\" \/><\/a><figcaption class=\"wp-element-caption\">V7a Santuario Montallegro (\u00a9 Michel Aussert)<\/figcaption><\/figure>\n\n\n\n<figure class=\"wp-block-image size-full\"><a href=\"https:\/\/centcols.org\/wp-content\/uploads\/2021\/10\/73F54D75-86DE-e1566460169489.jpg\"><img loading=\"lazy\" decoding=\"async\" width=\"900\" height=\"1200\" data-id=\"85925\" src=\"https:\/\/centcols.org\/wp-content\/uploads\/2021\/10\/73F54D75-86DE-e1566460169489.jpg\" alt=\"\" class=\"wp-image-85925\" srcset=\"https:\/\/centcols.org\/wp-content\/uploads\/2021\/10\/73F54D75-86DE-e1566460169489.jpg 900w, https:\/\/centcols.org\/wp-content\/uploads\/2021\/10\/73F54D75-86DE-e1566460169489-768x1024.jpg 768w\" sizes=\"auto, (max-width: 900px) 100vw, 900px\" \/><\/a><figcaption class=\"wp-element-caption\">V8b Monte Caucaso, vers Acquapendente (\u00a9 G\u00e9rard Birelli)<\/figcaption><\/figure>\n\n\n\n<figure class=\"wp-block-image size-full\"><a href=\"https:\/\/centcols.org\/wp-content\/uploads\/2021\/10\/IMG_3410.jpg\"><img loading=\"lazy\" decoding=\"async\" width=\"1200\" height=\"674\" data-id=\"85926\" src=\"https:\/\/centcols.org\/wp-content\/uploads\/2021\/10\/IMG_3410.jpg\" alt=\"\" class=\"wp-image-85926\" srcset=\"https:\/\/centcols.org\/wp-content\/uploads\/2021\/10\/IMG_3410.jpg 1200w, https:\/\/centcols.org\/wp-content\/uploads\/2021\/10\/IMG_3410-768x431.jpg 768w\" sizes=\"auto, (max-width: 1200px) 100vw, 1200px\" \/><\/a><figcaption class=\"wp-element-caption\">V8b Monte Caucaso,Stretta di Ciapusso (\u00a9 Thierry Labour)<\/figcaption><\/figure>\n\n\n\n<figure class=\"wp-block-image size-full\"><a href=\"https:\/\/centcols.org\/wp-content\/uploads\/2021\/10\/SDC16412-1200x900-1.jpg\"><img loading=\"lazy\" decoding=\"async\" width=\"1200\" height=\"900\" data-id=\"85927\" src=\"https:\/\/centcols.org\/wp-content\/uploads\/2021\/10\/SDC16412-1200x900-1.jpg\" alt=\"\" class=\"wp-image-85927\" srcset=\"https:\/\/centcols.org\/wp-content\/uploads\/2021\/10\/SDC16412-1200x900-1.jpg 1200w, https:\/\/centcols.org\/wp-content\/uploads\/2021\/10\/SDC16412-1200x900-1-768x576.jpg 768w\" sizes=\"auto, (max-width: 1200px) 100vw, 1200px\" \/><\/a><figcaption class=\"wp-element-caption\">V9 Val di Vara, au loin Monterosso (\u00a9 Michel Aussert)<\/figcaption><\/figure>\n<\/figure>\n\n\n\n<h2 class=\"wp-block-heading\">H\u00e9bergement<\/h2>\n\n\n\n<p>Contrairement \u00e0 Ceriale o\u00f9 nous avions pu loger tous les participants dans un Camping, la topographie des lieux ne permet pas d\u2019implanter de tels am\u00e9nagements. Les participants seront donc r\u00e9partis entre deux h\u00f4tels voisins&nbsp;:<br><strong>H\u00f4tel Doria<\/strong> \u00e0 Cavi de Lavagna (Bourg) qui sera la base du s\u00e9jour (pot d\u2019accueil, forfait repas pour les externes, pr\u00e9sentation des parcours, remise des dipl\u00f4mes, boutique, pot de d\u00e9part, etc.) et <strong>l\u2019h\u00f4tel Real Park<\/strong> \u00e0 800 m du premier.<\/p>\n\n\n\n<div class=\"wp-block-columns is-layout-flex wp-container-core-columns-is-layout-9d6595d7 wp-block-columns-is-layout-flex\">\n<div class=\"wp-block-column is-layout-flow wp-block-column-is-layout-flow\" style=\"flex-basis:66.66%\"><div class=\"wp-block-image\">\n<figure class=\"alignleft size-full is-resized\"><a href=\"https:\/\/centcols.org\/wp-content\/uploads\/2021\/10\/Situation-des-hotels.png\"><img loading=\"lazy\" decoding=\"async\" width=\"1464\" height=\"1024\" src=\"https:\/\/centcols.org\/wp-content\/uploads\/2021\/10\/Situation-des-hotels.png\" alt=\"\" class=\"wp-image-85934\" style=\"width:800px\" srcset=\"https:\/\/centcols.org\/wp-content\/uploads\/2021\/10\/Situation-des-hotels.png 1464w, https:\/\/centcols.org\/wp-content\/uploads\/2021\/10\/Situation-des-hotels-1200x839.png 1200w, https:\/\/centcols.org\/wp-content\/uploads\/2021\/10\/Situation-des-hotels-768x537.png 768w\" sizes=\"auto, (max-width: 1464px) 100vw, 1464px\" \/><\/a><figcaption class=\"wp-element-caption\">Situation des ho\u0302tels\n<\/figcaption><\/figure>\n<\/div><\/div>\n\n\n\n<div class=\"wp-block-column is-layout-flow wp-block-column-is-layout-flow\" style=\"flex-basis:33.33%\">\n<h2 class=\"wp-block-heading has-text-align-center\">Note du Conseil d&rsquo;Administration<\/h2>\n\n\n\n<p>Si vous prenez en charge votre h\u00e9bergement ailleurs qu&rsquo;au village de vacances, merci malgr\u00e9 tout de de vous inscrire comme \u00ab\u00a0simple participant\u00a0\u00bb&nbsp; ceci pour 4 raisons :<\/p>\n\n\n\n<ol class=\"wp-block-list\">\n<li>Pour que tous contribuent aux charges de pr\u00e9paration et d&rsquo;organisation du s\u00e9jour (autres que l&rsquo;h\u00e9bergement)<\/li>\n\n\n\n<li>Pour pouvoir dimensionner correctement les \u00e9v\u00e9nements en commun (s\u00e9ances d&rsquo;informations, pots d&rsquo;accueil et de d\u00e9part).<\/li>\n\n\n\n<li>Pour pouvoir pr\u00e9voir une r\u00e9partition en plusieurs groupes sur les parcours afin d&rsquo;am\u00e9liorer la s\u00e9curit\u00e9 de chacun.<\/li>\n\n\n\n<li>Pour une meilleure appr\u00e9hension de tous les impr\u00e9vus par les organisateurs.<\/li>\n<\/ol>\n<\/div>\n<\/div>\n\n\n\n<p><strong>Hotel Doria<\/strong>,&nbsp;via Torrente Barassi 3, 16033 CAVI DI LAVAGNA (GE) Italie.<br>Tel. +39 185 392 191&nbsp; &nbsp; <a href=\"http:\/\/www.doriahotel.com\" target=\"_blank\" rel=\"noreferrer noopener\">Site<\/a>&nbsp; &nbsp; &nbsp; &nbsp;Courriel&nbsp;&nbsp;<a href=\"&#x6d;&#97;&#x69;&#x6c;t&#x6f;&#58;i&#x6e;&#102;o&#x40;&#100;&#x6f;&#x72;i&#x61;&#104;o&#x74;&#101;l&#x2e;&#99;&#x6f;&#x6d;\">i&#110;&#102;&#111;&#x40;&#x64;&#x6f;ri&#97;&#104;&#x6f;&#x74;&#x65;&#x6c;&#46;c&#111;&#109;<\/a><\/p>\n\n\n\n<p><strong>Real Park Hotel<\/strong>, via Aurelia 2242, 16033 CAVI DI LAVAGNA (GE) Italie.<br>Tel. +39 185 395 400&nbsp; &nbsp;&nbsp;<a href=\"http:\/\/hotelrealpark.com\" target=\"_blank\" rel=\"noreferrer noopener\">Site<\/a>&nbsp; &nbsp; &nbsp; &nbsp;Courriel&nbsp;&nbsp;<a href=\"&#x6d;&#x61;&#105;lt&#x6f;&#x3a;&#105;&#110;f&#x6f;&#x40;&#104;&#111;t&#x65;&#x6c;&#x72;&#101;al&#x70;&#x61;&#114;&#107;&#46;&#x63;&#x6f;&#109;\">&#x69;&#x6e;&#102;o&#x40;&#x68;&#111;te&#x6c;&#x72;&#101;a&#x6c;&#x70;&#97;&#114;k&#x2e;&#x63;&#111;m<\/a><\/p>\n\n\n\n<figure class=\"wp-block-gallery has-nested-images columns-2 is-cropped wp-block-gallery-2 is-layout-flex wp-block-gallery-is-layout-flex\">\n<figure class=\"wp-block-image size-full\"><img loading=\"lazy\" decoding=\"async\" width=\"1538\" height=\"1024\" data-id=\"85928\" src=\"https:\/\/centcols.org\/wp-content\/uploads\/2021\/10\/Hotel-Real-Park.png\" alt=\"\" class=\"wp-image-85928\" srcset=\"https:\/\/centcols.org\/wp-content\/uploads\/2021\/10\/Hotel-Real-Park.png 1538w, https:\/\/centcols.org\/wp-content\/uploads\/2021\/10\/Hotel-Real-Park-1200x799.png 1200w, https:\/\/centcols.org\/wp-content\/uploads\/2021\/10\/Hotel-Real-Park-768x511.png 768w, https:\/\/centcols.org\/wp-content\/uploads\/2021\/10\/Hotel-Real-Park-1536x1023.png 1536w\" sizes=\"auto, (max-width: 1538px) 100vw, 1538px\" \/><figcaption class=\"wp-element-caption\">Ho\u0302tel Real Park (\u00a9 Real Park)<\/figcaption><\/figure>\n\n\n\n<figure class=\"wp-block-image size-full\"><img loading=\"lazy\" decoding=\"async\" width=\"1532\" height=\"1024\" data-id=\"85929\" src=\"https:\/\/centcols.org\/wp-content\/uploads\/2021\/10\/Hotel-Doria.png\" alt=\"\" class=\"wp-image-85929\" srcset=\"https:\/\/centcols.org\/wp-content\/uploads\/2021\/10\/Hotel-Doria.png 1532w, https:\/\/centcols.org\/wp-content\/uploads\/2021\/10\/Hotel-Doria-1200x802.png 1200w, https:\/\/centcols.org\/wp-content\/uploads\/2021\/10\/Hotel-Doria-768x513.png 768w\" sizes=\"auto, (max-width: 1532px) 100vw, 1532px\" \/><figcaption class=\"wp-element-caption\">Ho\u0302tel Doria (\u00a9 Ho\u0302tel Doria)<\/figcaption><\/figure>\n<\/figure>\n\n\n\n<p><strong>Question stationnement<\/strong><\/p>\n\n\n\n<p>Dans cette localit\u00e9 en bordure de mer, serr\u00e9e entre les montagnes et la plage, le stationnement est difficile, m\u00eame si les parkings sont gratuits \u00e0 cette p\u00e9riode de l\u2019ann\u00e9e. Chacun des h\u00f4tels dispose d\u2019\u2019un parking priv\u00e9 avec un nombre de places tr\u00e8s limit\u00e9, tout \u00e0 fait insuffisant pour satisfaire la totalit\u00e9 des participants. Bien que ces parkings aient un co\u00fbt, le Conseil d\u2019Administration a d\u00e9cid\u00e9 de la gratuit\u00e9 des places disponibles. Il n\u2019y aura pas de r\u00e9servation a priori sauf pour les personnes \u00e0 mobilit\u00e9 r\u00e9duite. Sur place les participants feront preuve de civisme et de convivialit\u00e9 selon le principe habituel \u00ab&nbsp;premier arriv\u00e9 premier servi&nbsp;\u00bb.<\/p>\n\n\n\n<p>Les autres membres pourront stationner leur v\u00e9hicule \u00e0 proximit\u00e9 sur les zones r\u00e9glement\u00e9es gratuites \u00e0 cette \u00e9poque de l\u2019ann\u00e9e.<\/p>\n\n\n\n<p>Pour ceux qui souhaitent venir en caravane ou en Camping car il y a un camping \u00ab\u00a0Lo Scoglio\u00a0\u00bb \u00e0 proximit\u00e9 ou le Camping Tigullio \u00e0 Sestri Levante.<\/p>\n\n\n\n<p><strong>Vous n\u2019avez pu \u00eatre affect\u00e9, faute de place<\/strong><\/p>\n\n\n\n<p>Les ann\u00e9es pr\u00e9c\u00e9dentes nous disposions d\u2019un accord avec un troisi\u00e8me h\u00f4tel \u00ab Le Tirreno \u00bb. A ce jour l\u2019accord n\u2019est pas encore reconduit. Nous devrions \u00eatre fix\u00e9 sur la possibilit\u00e9 de reconduire cet accord d\u2019ici la fin de l\u2019ann\u00e9e.<\/p>\n\n\n\n<p>Dans le cas o\u00f9 nous arriverions \u00e0 conclure un nouvel accord, vous devrez prendre contact avec cet h\u00f4tel pour r\u00e9server et \u00e9galement vous inscrire au s\u00e9jour comme simple participant avec le forfait de 37.00\u20ac.<\/p>\n\n\n\n<p><strong>Hotel Tirreno<\/strong><\/p>\n\n\n\n<p>Adresse&nbsp;: Via Como,41,16033 Lavagna GE, Italie<\/p>\n\n\n\n<p>T\u00e9l\u00e9phone&nbsp;: 0+39 0185 390411<\/p>\n\n\n\n<p>Mail&nbsp;: <a href=\"&#109;&#x61;&#105;&#x6c;&#116;&#x6f;:&#x68;o&#x74;e&#108;&#x2d;&#116;&#x69;&#114;&#x72;&#101;&#x6e;o&#x40;l&#x69;b&#101;&#x72;&#111;&#x2e;&#105;&#x74;\">&#x68;&#x6f;&#x74;&#x65;&#x6c;&#x2d;&#x74;&#x69;&#x72;&#x72;&#x65;&#x6e;&#x6f;&#x40;&#x6c;&#x69;&#x62;&#x65;&#x72;&#x6f;&#x2e;&#x69;&#116;<\/a><\/p>\n\n\n\n<p>Interlocuteur&nbsp;: SOLARI Luca (se pr\u00e9senter comme membre du Club des Cent Cols)<\/p>\n\n\n<div class=\"wp-block-image wp-image-36966\">\n<figure class=\"aligncenter size-full\"><img loading=\"lazy\" decoding=\"async\" width=\"500\" height=\"440\" src=\"https:\/\/centcols.org\/wp-content\/uploads\/2021\/10\/gclmbgclfjapdob.png\" alt=\"\" class=\"wp-image-85930\"\/><figcaption class=\"wp-element-caption\"><span style=\"color: #000000;\">Plan de situation de l&rsquo;H\u00f4tel Tirreno<\/span><\/figcaption><\/figure>\n<\/div>\n\n\n<h2 class=\"wp-block-heading\">Inscriptions<\/h2>\n\n\n\n<p><strong>Cr\u00e9ation d&rsquo;un Forfait Simple Participant<\/strong>.<br>Le co\u00fbt d&rsquo;un s\u00e9jour ne se limite pas \u00e0 la simple r\u00e9servation des chambres et des repas. En plus de ces prestations factur\u00e9es par l&rsquo;\u00e9tablissement (ou les \u00e9tablissements) qui nous re\u00e7oit, de nombreuses autres d\u00e9penses viennent s&rsquo;ajouter. Ainsi, tr\u00e8s souvent l&rsquo;h\u00e9bergeur nous facture en plus des frais pour la ou les salles mises \u00e0 notre disposition (pour garer les v\u00e9los, pour la boutique, une grande salle sonoris\u00e9e pour les pr\u00e9sentations, les pots et les discours, etc.). Dans de nombreux cas les pots de d\u00e9but et\/ou de fin nous sont factur\u00e9s \u00e0 part et en fonction du nombre r\u00e9el de personnes. Dans les autres d\u00e9penses, nous retrouvons la r\u00e9alisation et l&rsquo;impression de la plaquette, du trombinoscope et des cartes affich\u00e9es, les frais engag\u00e9s pour la pr\u00e9paration des s\u00e9jours (visite des \u00e9tablissement lorsque c&rsquo;est n\u00e9cessaire, pr\u00e9paration des circuits sur carte, reconnaissance sur le terrain, etc.), etc.<br>Pour un s\u00e9jour comme celui-ci, tout cela repr\u00e9sente plusieurs dizaines d&rsquo;euros par participant. Jusqu&rsquo;en 2019 ces frais \u00e9taient pris en charge par les seuls membres inscrits \u00e0 l&rsquo;h\u00e9bergement et inclus dans le tarif correspondant. Par souci d&rsquo;\u00e9quit\u00e9, le CA a pris en 2018 la d\u00e9cision de r\u00e9partir ces frais sur l&rsquo;ensemble des participants aux s\u00e9jours et nous avons donc mis en place, depuis le s\u00e9jour de Chessy, un \u00a0\u00bb <strong>Forfait Simple Participant<\/strong>\u00a0\u00bb qui doit, maintenant, \u00eatre souscrit par tous les membres participant au s\u00e9jour (qu&rsquo;ils choisissent la pension compl\u00e8te, le forfait 7 d\u00eeners, ou qu&rsquo;ils se logent et se nourrissent par leur propres moyens) \u00e0 l&rsquo;exception des seuls membres associ\u00e9s. La souscription de ce forfait leur donnera acc\u00e8s au livret du s\u00e9jour (sauf pour les membres associ\u00e9s), aux pots, aux installations de l&rsquo;h\u00e9bergeur et aux autres activit\u00e9s.&nbsp;<\/p>\n\n\n\n<p>Les s\u00e9jours n&rsquo;\u00e9tant accessibles, pour des raisons l\u00e9gales, qu&rsquo;aux seuls membres du Club, veillez \u00e0 \u00eatre <strong>\u00e0 jour de cotisation<\/strong> avant d&rsquo;envoyer votre bulletin d&rsquo;inscription.<\/p>\n\n\n\n<p>Attention, le <strong>bulletin d&rsquo;inscription<\/strong> ci-dessous comprend trois pages : l&rsquo;inscription proprement dite (veillez \u00e0 bien remplir toutes les rubriques qui vous concernent et \u00e0 signer au bas de la page), et les conditions d&rsquo;inscription, les conditions particuli\u00e8res du forfait simple participant, les garanties annulation rapatriement et les contraintes COVID 19. Si vous envisagez de vous faire accompagner par votre compagnon\/compagne, veillez bien \u00e0 l&rsquo;inscrire auparavant comme membre associ\u00e9 aupr\u00e8s de votre D\u00e9l\u00e9gu\u00e9 Territorial ou National et n\u2019oubliez pas de mettre son N\u00b0 de membre associ\u00e9 dans la case pr\u00e9vue.<br>Si, et seulement si, un participant n&rsquo;est <strong>pas licenci\u00e9 FFCT<\/strong>, il convient de prendre en plus l&rsquo;assurance obligatoire.<br>Vous pouvez r\u00e9gler le montant de l&rsquo;inscription par <strong>ch\u00e8que<\/strong> ou par <strong>virement<\/strong> sur le compte du Club. Compte tenu des frais suppl\u00e9mentaires factur\u00e9s par l&rsquo;organisme qui le g\u00e8re, nous ne prenons <strong>pas de paiement par PayPal<\/strong>.<\/p>\n\n\n\n<p><strong>L&rsquo;affectation des membres<\/strong> se fait dans l&rsquo;ordre des dates d&rsquo;envoi du ch\u00e8que ou d&rsquo;\u00e9mission du virement. Pour le premier, c&rsquo;est le cachet de la Poste qui fait foi, pour le second, veiller \u00e0 nous envoyer une copie de l&rsquo;ordre de virement. Si le s\u00e9jour est complet, une liste d&rsquo;attente est mise en place, elle fonctionne avec les m\u00eames r\u00e8gles de priorit\u00e9 d&rsquo;affectation que les inscriptions directes.<br>&nbsp; &nbsp; &nbsp;Pour tous les s\u00e9jours, nous essayons de satisfaire au mieux les demandes des uns et des autres, notamment pour la personne avec laquelle ils souhaitent partager la chambre. Pour ce s\u00e9jour, dans la mesure o\u00f9 nous disposons de chambres dans deux h\u00f4tels de m\u00eame niveau de confort et de prix \u00e0 environ 500 m l&rsquo;un de l&rsquo;autre, sauf demande sp\u00e9cifique de votre part, vous serez affect\u00e9 indiff\u00e9remment dans l&rsquo;un ou l&rsquo;autre. <strong>Si vous souhaitez \u00eatre regroup\u00e9<\/strong> avec votre petit groupe d&rsquo;amis dans un m\u00eame h\u00f4tel, alors il convient de l&rsquo;indiquer d\u00e8s l&rsquo;envoi de votre inscription (par mail ou par courrier) en pr\u00e9cisant bien la liste des membres qui souhaitent \u00eatre dans le m\u00eame h\u00f4tel. Nous ferons tout notre possible pour vous donner satisfaction.<\/p>\n\n\n\n<p>Pour r\u00e9sumer&nbsp;:<\/p>\n\n\n\n<ul class=\"wp-block-list\">\n<li>Si vous voulez un h\u00e9bergement en pension compl\u00e8te, choisissez le forfait \u00e0 380\u20ac et ajoutez le \u00ab\u00a0forfait simple participant\u00a0\u00bb \u00e0 37\u20ac = 417\u20ac ;<\/li>\n\n\n\n<li>Si vous voulez seulement les repas du soir, choisissez le forfait \u00e0 115\u20ac et ajoutez le \u00ab\u00a0forfait simple participant\u00a0\u00bb \u00e0 37\u20ac= 152\u20ac ;<\/li>\n\n\n\n<li>Si vous faites votre affaire de l\u2019h\u00e9bergement et de la restauration&nbsp;; choisissez le forfait simple participant \u00e0 37\u20ac&nbsp;;<\/li>\n\n\n\n<li>Si vous souscrivez \u00e0 l&rsquo;assurance Gritchen, son montant est de 2,34 % du montant des prestations avec un minimum de 8 euros pour une personne seule et 16 euros minimum pour un couple<\/li>\n\n\n\n<li>Si vous n\u2019\u00eates pas licenci\u00e9 FFCT, ajoutez l\u2019assurance obligatoire \u00e0 7\u20ac par personne ;<\/li>\n\n\n\n<li>Si vous \u00eates membre associ\u00e9 vous \u00eates dispens\u00e9 du forfait simple participant&nbsp;;<\/li>\n\n\n\n<li>Si vous \u00eates un couple dont un membre est membre associ\u00e9 non adh\u00e9rent \u00e0 la FFCT et que vous souhaitez souscrire \u00e0 l&rsquo;assurance Gritchen vous choisissez 2 forfaits \u00e0 380\u20ac, 1 forfait simple participant \u00e0 37\u20ac, soit 797\u20ac, vous ajoutez l&rsquo;assurance Gritchen 2,34&#215;797=18,65\u20ac (qui est sup\u00e9rieur au minimum de 16\u20ac) et l&rsquo;assurance non FFCT \u00e0 7\u20ac, soit un total de 822,65\u20ac<\/li>\n\n\n\n<li>Si vous souhaiter choisir votre compagnon de chambre, mentionnez-le \u00e0 part&nbsp;;<\/li>\n\n\n\n<li>Si vous souhaitez un regroupement d\u2019un petit groupe dans le m\u00eame h\u00f4tel, mentionnez-le \u00e0 part. Nous ferons de notre mieux dans la mesure du possible ;<\/li>\n<\/ul>\n\n\n\n<p>Des informations compl\u00e9mentaires seront diffus\u00e9es ult\u00e9rieurement sur le site que vous pourrez consulter r\u00e9guli\u00e8rement. A chaque fois le responsable s\u00e9jours met un petit mail sur la liste de discussion.<\/p>\n\n\n\n<p>Si vous souhaitez recevoir ces mails, nous vous invitions \u00e0 vous inscrire sur la liste de discussion.(si ce n\u2019est d\u00e9j\u00e0 fait)<\/p>\n\n\n\n<p>Pour vous inscrire, t\u00e9l\u00e9chargez le bulletin d\u2019inscription PDF avec le lien ci-dessous et suivez les instructions qui s\u2019y trouvent.<\/p>\n\n\n\n<p>La date de r\u00e9ception des inscriptions a \u00e9t\u00e9 fix\u00e9e <strong>au 15 f\u00e9vrier 2022.<\/strong><\/p>\n\n\n\n<p><strong>T\u00e9l\u00e9charger le bulletin d&rsquo;inscription<\/strong> :<\/p>\n\n\n\n<ul class=\"wp-block-list\">\n<li>Bulletin d\u2019Inscription Lavagna<\/li>\n\n\n\n<li>Cavi di Lavagna booking form<\/li>\n\n\n\n<li>Modulo d\u2019iscrizione Cavi di Lavagna<\/li>\n<\/ul>\n\n\n\n<p>Vous pouvez feuilleter la<strong> <a href=\"https:\/\/centcols.org\/wp-content\/uploads\/2025\/08\/Plaquette-Primavera-2022.pdf\" target=\"_blank\" rel=\"noreferrer noopener\">Plaquette du s\u00e9jour<\/a><\/strong>\u00a0 qui sera distribu\u00e9e lors du s\u00e9jour et qui contient, outre les messages de bienvenue, des informations sur la r\u00e9gion et sur l&rsquo;acc\u00e8s, des \u00e9l\u00e9ments sur la s\u00e9curit\u00e9 et le descriptif d\u00e9taill\u00e9 des <a href=\"\/membres\/cctours\/tours.php?lieu=Lavagna&amp;an=2022\">circuits<\/a>.<\/p>\n\n\n\n<p>Pour ceux qui veulent venir avant ou rester plus longtemps, voici des <a href=\"https:\/\/centcols.org\/wp-content\/uploads\/2025\/08\/Bonus.pdf\" target=\"_blank\" rel=\"noreferrer noopener\">parcours suppl\u00e9mentaires.<\/a><\/p>\n\n\n\n<p>Cette plaquette sera disponible uniquement en t\u00e9l\u00e9chargement.<\/p>\n\n\n\n<p>[mapsmarker layer=\u00a0\u00bb2&Prime;]<\/p>\n\n\n\n<p><strong>Et toujours, le trombinoscope, ce n&rsquo;est plus si nouveau :<br><\/strong>Lorsque nous nous retrouvons aux s\u00e9jours (et autres manifestations), nous rencontrons beaucoup d&rsquo;amis et de t\u00eates connues mais nous ne sommes pas certains de conna\u00eetre leur nom \u00e0 tous, et nous n&rsquo;osons pas toujours l&rsquo;avouer et le demander. Pour essayer d&rsquo;y rem\u00e9dier, comme annonc\u00e9 \u00e0 l&rsquo;AG de B\u00e9doin, nous affichons, \u00e0 c\u00f4t\u00e9 des cartes des parcours, un trombinoscope tout simple des pr\u00e9sents, avec la photo, le nom et le N\u00b0 de membre de tous ceux qui auront bien transmis (soit auparavant, soit avec leur inscription au s\u00e9jour) leur photo et l&rsquo;autorisation de publier celle-ci sur la page trombinoscope du site web du Club.<br>Vous pouvez transmettre une photo num\u00e9rique de <strong>votre seul visage vu de face et sans casque<\/strong> sous forme de <strong>fichier JPG<\/strong> de bonnes d\u00e9finition et qualit\u00e9, avec un rapport largeur\/hauteur de \u00be, en mentionnant bien votre nom et votre N\u00b0 de membre, \u00e0 <a href=\"&#109;&#x61;&#x69;l&#116;&#x6f;:&#112;&#x68;&#x6f;&#116;&#x6f;&#x64;e&#109;&#x65;m&#98;&#x72;&#x65;&#64;&#x63;&#x65;n&#116;&#x63;o&#108;&#x73;&#x2e;&#111;&#x72;&#x67;\">&#112;&#x68;o&#116;&#x6f;d&#101;&#x6d;e&#109;&#x62;r&#101;&#x40;&#99;&#x65;&#x6e;&#116;&#x63;&#x6f;&#108;&#x73;&#46;&#111;&#x72;g<\/a>, ou directement \u00e0 <a href=\"&#x6d;&#x61;&#105;l&#x74;&#x6f;&#x3a;&#115;e&#x6a;&#x6f;&#x75;&#114;s&#x40;&#x63;&#x65;&#110;t&#x63;&#x6f;&#x6c;&#115;&#46;&#x6f;&#x72;&#x67;\">&#115;&#x65;&#106;&#x6f;u&#x72;s&#64;&#x63;&#101;&#x6e;&#116;&#x63;o&#x6c;s&#46;&#x6f;&#114;&#x67;<\/a> qui transmettra.<br>Veillez \u00e0 bien cocher la case oui ou non sur le bulletin d&rsquo;inscription selon que vous acceptez ou non. Dans le cas o\u00f9 aucune case n&rsquo;est coch\u00e9e, la r\u00e9ponse sera r\u00e9put\u00e9e n\u00e9gative. Si vous avez d\u00e9j\u00e0 transmis une photo pour le trombinoscope du Club ou pour un pr\u00e9c\u00e9dent s\u00e9jour, vous n&rsquo;avez pas besoin de renouveler l&rsquo;envoi, vous serez syst\u00e9matiquement mis sur le trombinoscope du s\u00e9jour.<\/p>\n\n\n\n<h2 class=\"wp-block-heading\">Autres activit\u00e9s ou visites<\/h2>\n\n\n\n<p>Cette rubrique sera compl\u00e9t\u00e9e ult\u00e9rieurement.<\/p>\n\n\n\n<p>Visite des Cinque Terre :<\/p>\n\n\n\n<figure class=\"wp-block-image size-full alignnone wp-image-36419\"><img loading=\"lazy\" decoding=\"async\" width=\"1031\" height=\"662\" src=\"https:\/\/centcols.org\/wp-content\/uploads\/2021\/10\/Deplacement-en-train.jpg\" alt=\"\" class=\"wp-image-85931\" srcset=\"https:\/\/centcols.org\/wp-content\/uploads\/2021\/10\/Deplacement-en-train.jpg 1031w, https:\/\/centcols.org\/wp-content\/uploads\/2021\/10\/Deplacement-en-train-768x493.jpg 768w\" sizes=\"auto, (max-width: 1031px) 100vw, 1031px\" \/><figcaption class=\"wp-element-caption\"><span style=\"color: #333333;\">Cinque Terre, d\u00e9placements en train<\/span><\/figcaption><\/figure>\n\n\n\n<p>Visite de la Spezia et de son mus\u00e9e, voir ce <a href=\"http:\/\/www.guideturisticheliguria.eu\/fr\" target=\"_blank\" rel=\"noreferrer noopener\">guide touristique<\/a>. :&nbsp;<\/p>\n","protected":false},"excerpt":{"rendered":"<p>Zum zweiten Mal organisiert der Club einen Aufenthalt in Italien an der Riviera di Levante, haupts\u00e4chlich in den Cinque Terre (ligurisch: Cinque Taere), aber auch in den Nationalparks von Portofino und Aveto.<\/p>\n<p>Nous s\u00e9journerons \u00e0 Cavi di Lavagna qui est situ\u00e9 entre G\u00eanes et La Spezia &#8230;<\/p>","protected":false},"author":64,"featured_media":82308,"comment_status":"closed","ping_status":"open","sticky":false,"template":"","format":"standard","meta":{"_acf_changed":false,"footnotes":""},"categories":[358,135,357,416,231],"tags":[],"class_list":["post-82307","post","type-post","status-publish","format-standard","has-post-thumbnail","hentry","category-italie-pays-sejours","category-calendrier","category-ligurie","category-apennins-ligures","category-sejours"],"acf":[],"yoast_head":"<!-- This site is optimized with the Yoast SEO plugin v27.2 - https:\/\/yoast.com\/product\/yoast-seo-wordpress\/ -->\n<title>S\u00e9jour de printemps \u00e0 Cavi di Lavagna (Ligurie) 1 au 08 mai 2022 - Club des Cent Cols<\/title>\n<meta name=\"robots\" content=\"index, follow, max-snippet:-1, max-image-preview:large, max-video-preview:-1\" \/>\n<link rel=\"canonical\" href=\"https:\/\/centcols.org\/de\/aufenthalt-2022-lavagna\/\" \/>\n<meta property=\"og:locale\" content=\"de_DE\" \/>\n<meta property=\"og:type\" content=\"article\" \/>\n<meta property=\"og:title\" content=\"S\u00e9jour de printemps \u00e0 Cavi di Lavagna (Ligurie) 1 au 08 mai 2022 - Club des Cent Cols\" \/>\n<meta property=\"og:description\" content=\"Pour la deuxi\u00e8me fois, le Club organise un s\u00e9jour en Italie sur la Riviera di Levante, principalement dans les Cinque Terre (en ligure : Cinque Taere) mais \u00e9galement dans les Parcs Nationaux de Portofino et de l&#039;Aveto. Nous s\u00e9journerons \u00e0 Cavi di Lavagna qui est situ\u00e9 entre G\u00eanes et La Spezia ...\" \/>\n<meta property=\"og:url\" content=\"https:\/\/centcols.org\/de\/aufenthalt-2022-lavagna\/\" \/>\n<meta property=\"og:site_name\" content=\"Club des Cent Cols\" \/>\n<meta property=\"article:publisher\" content=\"https:\/\/www.facebook.com\/groups\/5261880558\/?locale=fr_FR\" \/>\n<meta property=\"article:published_time\" content=\"2021-10-29T05:29:22+00:00\" \/>\n<meta property=\"article:modified_time\" content=\"2025-08-23T15:03:34+00:00\" \/>\n<meta property=\"og:image\" content=\"https:\/\/centcols.org\/wp-content\/uploads\/2025\/05\/IMG_3790-e1566460063757.jpg\" \/>\n\t<meta property=\"og:image:width\" content=\"1200\" \/>\n\t<meta property=\"og:image:height\" content=\"800\" \/>\n\t<meta property=\"og:image:type\" content=\"image\/jpeg\" \/>\n<meta name=\"author\" content=\"Christophe Badonnel\" \/>\n<meta name=\"twitter:card\" content=\"summary_large_image\" \/>\n<meta name=\"twitter:label1\" content=\"Verfasst von\" \/>\n\t<meta name=\"twitter:data1\" content=\"Christophe Badonnel\" \/>\n\t<meta name=\"twitter:label2\" content=\"Gesch\u00e4tzte Lesezeit\" \/>\n\t<meta name=\"twitter:data2\" content=\"26\u00a0Minuten\" \/>\n<script type=\"application\/ld+json\" class=\"yoast-schema-graph\">{\"@context\":\"https:\/\/schema.org\",\"@graph\":[{\"@type\":\"Article\",\"@id\":\"https:\/\/centcols.org\/sejour-2022-lavagna\/#article\",\"isPartOf\":{\"@id\":\"https:\/\/centcols.org\/sejour-2022-lavagna\/\"},\"author\":{\"name\":\"Christophe Badonnel\",\"@id\":\"https:\/\/centcols.org\/#\/schema\/person\/5c1a9d61132fb33ccec149272abff6e1\"},\"headline\":\"S\u00e9jour de printemps \u00e0 Cavi di Lavagna (Ligurie) 1 au 08 mai 2022\",\"datePublished\":\"2021-10-29T05:29:22+00:00\",\"dateModified\":\"2025-08-23T15:03:34+00:00\",\"mainEntityOfPage\":{\"@id\":\"https:\/\/centcols.org\/sejour-2022-lavagna\/\"},\"wordCount\":4501,\"publisher\":{\"@id\":\"https:\/\/centcols.org\/#organization\"},\"image\":{\"@id\":\"https:\/\/centcols.org\/sejour-2022-lavagna\/#primaryimage\"},\"thumbnailUrl\":\"https:\/\/centcols.org\/wp-content\/uploads\/2025\/05\/IMG_3790-e1566460063757.jpg\",\"articleSection\":[\"Italie\",\"Calendrier\",\"Ligurie\",\"Apennins Ligures\",\"S\u00e9jours du Club des Cent Cols\"],\"inLanguage\":\"de\"},{\"@type\":\"WebPage\",\"@id\":\"https:\/\/centcols.org\/sejour-2022-lavagna\/\",\"url\":\"https:\/\/centcols.org\/sejour-2022-lavagna\/\",\"name\":\"S\u00e9jour de printemps \u00e0 Cavi di Lavagna (Ligurie) 1 au 08 mai 2022 - Club des Cent Cols\",\"isPartOf\":{\"@id\":\"https:\/\/centcols.org\/#website\"},\"primaryImageOfPage\":{\"@id\":\"https:\/\/centcols.org\/sejour-2022-lavagna\/#primaryimage\"},\"image\":{\"@id\":\"https:\/\/centcols.org\/sejour-2022-lavagna\/#primaryimage\"},\"thumbnailUrl\":\"https:\/\/centcols.org\/wp-content\/uploads\/2025\/05\/IMG_3790-e1566460063757.jpg\",\"datePublished\":\"2021-10-29T05:29:22+00:00\",\"dateModified\":\"2025-08-23T15:03:34+00:00\",\"breadcrumb\":{\"@id\":\"https:\/\/centcols.org\/sejour-2022-lavagna\/#breadcrumb\"},\"inLanguage\":\"de\",\"potentialAction\":[{\"@type\":\"ReadAction\",\"target\":[\"https:\/\/centcols.org\/sejour-2022-lavagna\/\"]}]},{\"@type\":\"ImageObject\",\"inLanguage\":\"de\",\"@id\":\"https:\/\/centcols.org\/sejour-2022-lavagna\/#primaryimage\",\"url\":\"https:\/\/centcols.org\/wp-content\/uploads\/2025\/05\/IMG_3790-e1566460063757.jpg\",\"contentUrl\":\"https:\/\/centcols.org\/wp-content\/uploads\/2025\/05\/IMG_3790-e1566460063757.jpg\",\"width\":1200,\"height\":800},{\"@type\":\"BreadcrumbList\",\"@id\":\"https:\/\/centcols.org\/sejour-2022-lavagna\/#breadcrumb\",\"itemListElement\":[{\"@type\":\"ListItem\",\"position\":1,\"name\":\"Accueil\",\"item\":\"https:\/\/centcols.org\/\"},{\"@type\":\"ListItem\",\"position\":2,\"name\":\"S\u00e9jours du Club des Cent Cols\",\"item\":\"https:\/\/centcols.org\/rubrique\/sejours\/\"},{\"@type\":\"ListItem\",\"position\":3,\"name\":\"Pays\",\"item\":\"https:\/\/centcols.org\/rubrique\/sejours\/pays-sejours\/\"},{\"@type\":\"ListItem\",\"position\":4,\"name\":\"Italie\",\"item\":\"https:\/\/centcols.org\/rubrique\/sejours\/pays-sejours\/italie-pays-sejours\/\"},{\"@type\":\"ListItem\",\"position\":5,\"name\":\"S\u00e9jour de printemps \u00e0 Cavi di Lavagna (Ligurie) 1 au 08 mai 2022\"}]},{\"@type\":\"WebSite\",\"@id\":\"https:\/\/centcols.org\/#website\",\"url\":\"https:\/\/centcols.org\/\",\"name\":\"Club des Cent Cols\",\"description\":\"\",\"publisher\":{\"@id\":\"https:\/\/centcols.org\/#organization\"},\"potentialAction\":[{\"@type\":\"SearchAction\",\"target\":{\"@type\":\"EntryPoint\",\"urlTemplate\":\"https:\/\/centcols.org\/?s={search_term_string}\"},\"query-input\":{\"@type\":\"PropertyValueSpecification\",\"valueRequired\":true,\"valueName\":\"search_term_string\"}}],\"inLanguage\":\"de\"},{\"@type\":\"Organization\",\"@id\":\"https:\/\/centcols.org\/#organization\",\"name\":\"Club des Cent Cols\",\"url\":\"https:\/\/centcols.org\/\",\"logo\":{\"@type\":\"ImageObject\",\"inLanguage\":\"de\",\"@id\":\"https:\/\/centcols.org\/#\/schema\/logo\/image\/\",\"url\":\"https:\/\/centcols.org\/wp-content\/uploads\/2025\/01\/carte-icone.png\",\"contentUrl\":\"https:\/\/centcols.org\/wp-content\/uploads\/2025\/01\/carte-icone.png\",\"width\":250,\"height\":250,\"caption\":\"Club des Cent Cols\"},\"image\":{\"@id\":\"https:\/\/centcols.org\/#\/schema\/logo\/image\/\"},\"sameAs\":[\"https:\/\/www.facebook.com\/groups\/5261880558\/?locale=fr_FR\"]},{\"@type\":\"Person\",\"@id\":\"https:\/\/centcols.org\/#\/schema\/person\/5c1a9d61132fb33ccec149272abff6e1\",\"name\":\"Christophe Badonnel\",\"image\":{\"@type\":\"ImageObject\",\"inLanguage\":\"de\",\"@id\":\"https:\/\/centcols.org\/wp-content\/litespeed\/avatar\/9f363966b51271bd99ebbb6ebd632889.jpg?ver=1777238111\",\"url\":\"https:\/\/centcols.org\/wp-content\/litespeed\/avatar\/9f363966b51271bd99ebbb6ebd632889.jpg?ver=1777238111\",\"contentUrl\":\"https:\/\/centcols.org\/wp-content\/litespeed\/avatar\/9f363966b51271bd99ebbb6ebd632889.jpg?ver=1777238111\",\"caption\":\"Christophe Badonnel\"},\"url\":\"https:\/\/centcols.org\/de\/author\/5799\/\"}]}<\/script>\n<!-- \/ Yoast SEO plugin. -->","yoast_head_json":{"title":"Fr\u00fchlingsferien in Cavi di Lavagna (Ligurien) 1. bis 08. Mai 2022 - Club des Cent Cols","robots":{"index":"index","follow":"follow","max-snippet":"max-snippet:-1","max-image-preview":"max-image-preview:large","max-video-preview":"max-video-preview:-1"},"canonical":"https:\/\/centcols.org\/de\/aufenthalt-2022-lavagna\/","og_locale":"de_DE","og_type":"article","og_title":"S\u00e9jour de printemps \u00e0 Cavi di Lavagna (Ligurie) 1 au 08 mai 2022 - Club des Cent Cols","og_description":"Pour la deuxi\u00e8me fois, le Club organise un s\u00e9jour en Italie sur la Riviera di Levante, principalement dans les Cinque Terre (en ligure : Cinque Taere) mais \u00e9galement dans les Parcs Nationaux de Portofino et de l'Aveto. Nous s\u00e9journerons \u00e0 Cavi di Lavagna qui est situ\u00e9 entre G\u00eanes et La Spezia ...","og_url":"https:\/\/centcols.org\/de\/aufenthalt-2022-lavagna\/","og_site_name":"Club des Cent Cols","article_publisher":"https:\/\/www.facebook.com\/groups\/5261880558\/?locale=fr_FR","article_published_time":"2021-10-29T05:29:22+00:00","article_modified_time":"2025-08-23T15:03:34+00:00","og_image":[{"width":1200,"height":800,"url":"https:\/\/centcols.org\/wp-content\/uploads\/2025\/05\/IMG_3790-e1566460063757.jpg","type":"image\/jpeg"}],"author":"Christophe Badonnel","twitter_card":"summary_large_image","twitter_misc":{"Verfasst von":"Christophe Badonnel","Gesch\u00e4tzte Lesezeit":"26\u00a0Minuten"},"schema":{"@context":"https:\/\/schema.org","@graph":[{"@type":"Article","@id":"https:\/\/centcols.org\/sejour-2022-lavagna\/#article","isPartOf":{"@id":"https:\/\/centcols.org\/sejour-2022-lavagna\/"},"author":{"name":"Christophe Badonnel","@id":"https:\/\/centcols.org\/#\/schema\/person\/5c1a9d61132fb33ccec149272abff6e1"},"headline":"S\u00e9jour de printemps \u00e0 Cavi di Lavagna (Ligurie) 1 au 08 mai 2022","datePublished":"2021-10-29T05:29:22+00:00","dateModified":"2025-08-23T15:03:34+00:00","mainEntityOfPage":{"@id":"https:\/\/centcols.org\/sejour-2022-lavagna\/"},"wordCount":4501,"publisher":{"@id":"https:\/\/centcols.org\/#organization"},"image":{"@id":"https:\/\/centcols.org\/sejour-2022-lavagna\/#primaryimage"},"thumbnailUrl":"https:\/\/centcols.org\/wp-content\/uploads\/2025\/05\/IMG_3790-e1566460063757.jpg","articleSection":["Italie","Calendrier","Ligurie","Apennins Ligures","S\u00e9jours du Club des Cent Cols"],"inLanguage":"de"},{"@type":"WebPage","@id":"https:\/\/centcols.org\/sejour-2022-lavagna\/","url":"https:\/\/centcols.org\/sejour-2022-lavagna\/","name":"Fr\u00fchlingsferien in Cavi di Lavagna (Ligurien) 1. bis 08. Mai 2022 - Club des Cent Cols","isPartOf":{"@id":"https:\/\/centcols.org\/#website"},"primaryImageOfPage":{"@id":"https:\/\/centcols.org\/sejour-2022-lavagna\/#primaryimage"},"image":{"@id":"https:\/\/centcols.org\/sejour-2022-lavagna\/#primaryimage"},"thumbnailUrl":"https:\/\/centcols.org\/wp-content\/uploads\/2025\/05\/IMG_3790-e1566460063757.jpg","datePublished":"2021-10-29T05:29:22+00:00","dateModified":"2025-08-23T15:03:34+00:00","breadcrumb":{"@id":"https:\/\/centcols.org\/sejour-2022-lavagna\/#breadcrumb"},"inLanguage":"de","potentialAction":[{"@type":"ReadAction","target":["https:\/\/centcols.org\/sejour-2022-lavagna\/"]}]},{"@type":"ImageObject","inLanguage":"de","@id":"https:\/\/centcols.org\/sejour-2022-lavagna\/#primaryimage","url":"https:\/\/centcols.org\/wp-content\/uploads\/2025\/05\/IMG_3790-e1566460063757.jpg","contentUrl":"https:\/\/centcols.org\/wp-content\/uploads\/2025\/05\/IMG_3790-e1566460063757.jpg","width":1200,"height":800},{"@type":"BreadcrumbList","@id":"https:\/\/centcols.org\/sejour-2022-lavagna\/#breadcrumb","itemListElement":[{"@type":"ListItem","position":1,"name":"Accueil","item":"https:\/\/centcols.org\/"},{"@type":"ListItem","position":2,"name":"S\u00e9jours du Club des Cent Cols","item":"https:\/\/centcols.org\/rubrique\/sejours\/"},{"@type":"ListItem","position":3,"name":"Pays","item":"https:\/\/centcols.org\/rubrique\/sejours\/pays-sejours\/"},{"@type":"ListItem","position":4,"name":"Italie","item":"https:\/\/centcols.org\/rubrique\/sejours\/pays-sejours\/italie-pays-sejours\/"},{"@type":"ListItem","position":5,"name":"S\u00e9jour de printemps \u00e0 Cavi di Lavagna (Ligurie) 1 au 08 mai 2022"}]},{"@type":"WebSite","@id":"https:\/\/centcols.org\/#website","url":"https:\/\/centcols.org\/","name":"Club des Cent Cols","description":"","publisher":{"@id":"https:\/\/centcols.org\/#organization"},"potentialAction":[{"@type":"SearchAction","target":{"@type":"EntryPoint","urlTemplate":"https:\/\/centcols.org\/?s={search_term_string}"},"query-input":{"@type":"PropertyValueSpecification","valueRequired":true,"valueName":"search_term_string"}}],"inLanguage":"de"},{"@type":"Organization","@id":"https:\/\/centcols.org\/#organization","name":"Club des Cent Cols","url":"https:\/\/centcols.org\/","logo":{"@type":"ImageObject","inLanguage":"de","@id":"https:\/\/centcols.org\/#\/schema\/logo\/image\/","url":"https:\/\/centcols.org\/wp-content\/uploads\/2025\/01\/carte-icone.png","contentUrl":"https:\/\/centcols.org\/wp-content\/uploads\/2025\/01\/carte-icone.png","width":250,"height":250,"caption":"Club des Cent Cols"},"image":{"@id":"https:\/\/centcols.org\/#\/schema\/logo\/image\/"},"sameAs":["https:\/\/www.facebook.com\/groups\/5261880558\/?locale=fr_FR"]},{"@type":"Person","@id":"https:\/\/centcols.org\/#\/schema\/person\/5c1a9d61132fb33ccec149272abff6e1","name":"Christophe Badonnel","image":{"@type":"ImageObject","inLanguage":"de","@id":"https:\/\/centcols.org\/wp-content\/litespeed\/avatar\/9f363966b51271bd99ebbb6ebd632889.jpg?ver=1777238111","url":"https:\/\/centcols.org\/wp-content\/litespeed\/avatar\/9f363966b51271bd99ebbb6ebd632889.jpg?ver=1777238111","contentUrl":"https:\/\/centcols.org\/wp-content\/litespeed\/avatar\/9f363966b51271bd99ebbb6ebd632889.jpg?ver=1777238111","caption":"Christophe Badonnel"},"url":"https:\/\/centcols.org\/de\/author\/5799\/"}]}},"_links":{"self":[{"href":"https:\/\/centcols.org\/de\/wp-json\/wp\/v2\/posts\/82307","targetHints":{"allow":["GET"]}}],"collection":[{"href":"https:\/\/centcols.org\/de\/wp-json\/wp\/v2\/posts"}],"about":[{"href":"https:\/\/centcols.org\/de\/wp-json\/wp\/v2\/types\/post"}],"author":[{"embeddable":true,"href":"https:\/\/centcols.org\/de\/wp-json\/wp\/v2\/users\/64"}],"replies":[{"embeddable":true,"href":"https:\/\/centcols.org\/de\/wp-json\/wp\/v2\/comments?post=82307"}],"version-history":[{"count":0,"href":"https:\/\/centcols.org\/de\/wp-json\/wp\/v2\/posts\/82307\/revisions"}],"wp:featuredmedia":[{"embeddable":true,"href":"https:\/\/centcols.org\/de\/wp-json\/wp\/v2\/media\/82308"}],"wp:attachment":[{"href":"https:\/\/centcols.org\/de\/wp-json\/wp\/v2\/media?parent=82307"}],"wp:term":[{"taxonomy":"category","embeddable":true,"href":"https:\/\/centcols.org\/de\/wp-json\/wp\/v2\/categories?post=82307"},{"taxonomy":"post_tag","embeddable":true,"href":"https:\/\/centcols.org\/de\/wp-json\/wp\/v2\/tags?post=82307"}],"curies":[{"name":"wp","href":"https:\/\/api.w.org\/{rel}","templated":true}]}}