{"id":82318,"date":"2021-12-01T10:25:00","date_gmt":"2021-12-01T08:25:00","guid":{"rendered":"https:\/\/centcols.org\/grand-ouest-lac-de-sille-le-guillaume-sarthe-72-11-juin-2022\/"},"modified":"2025-09-13T12:50:01","modified_gmt":"2025-09-13T10:50:01","slug":"grand-ouest-lac-de-sille-le-guillaume-sarthe-72-11-juni-2022","status":"publish","type":"post","link":"https:\/\/centcols.org\/de\/grand-ouest-lac-de-sille-le-guillaume-sarthe-72-11-juin-2022\/","title":{"rendered":"Grand-Ouest, See von Sill\u00e9-le-Guillaume, Sarthe (72), 11. Juni 2022"},"content":{"rendered":"\n<p>Le rassemblement r\u00e9gional du Grand Ouest 2022 se tiendra au lac de Sill\u00e9-le-Guillaume le samedi 11 juin.<\/p>\n\n\n\n<h4 class=\"wp-block-heading\">Accueil&nbsp;:<\/h4>\n\n\n\n<p>\u00e0 8h30, au bord du lac de Sill\u00e9-le-Guillaume, sur l\u2019espace de loisirs entre le Camping de la For\u00eat et le bar \u00ab&nbsp;l\u2019Embarcad\u00e8re&nbsp;\u00bb.<\/p>\n\n\n\n<h4 class=\"wp-block-heading\">Parcours \u00e0 v\u00e9lo&nbsp;:<\/h4>\n\n\n\n<p>D\u00e9part vers 9h du lieu de l\u2019accueil.<\/p>\n\n\n\n<p>Parcours routier de 50 km (d\u00e9nivellation&nbsp;: 728 m) visible et t\u00e9l\u00e9chargeable sur le site Openrunner avec le mot cl\u00e9 RCCC72.<\/p>\n\n\n\n<p>Il permet de gravir le Col de la Croix de La Mare (FR-72-0273) et le Col de la Source (FR-72-0243) et de parcourir la For\u00eat Domaniale de Sill\u00e9-le-Guillaume.<\/p>\n\n\n\n<h4 class=\"wp-block-heading\">Pique-nique&nbsp;:<\/h4>\n\n\n\n<p>Pour ceux qui le souhaitent, possibilit\u00e9 de pique-niquer ensemble apr\u00e8s la balade \u00e0 v\u00e9lo (pr\u00e9voir son pique-nique, bien s\u00fbr).<\/p>\n\n\n<div class=\"wp-block-image\">\n<figure class=\"aligncenter size-full\"><img loading=\"lazy\" decoding=\"async\" width=\"497\" height=\"373\" src=\"https:\/\/centcols.org\/wp-content\/uploads\/2021\/12\/image-1.png\" alt=\"\" class=\"wp-image-90114\" srcset=\"https:\/\/centcols.org\/wp-content\/uploads\/2021\/12\/image-1.png 497w, https:\/\/centcols.org\/wp-content\/uploads\/2021\/12\/image-1-16x12.png 16w\" sizes=\"auto, (max-width: 497px) 100vw, 497px\" \/><figcaption class=\"wp-element-caption\">Le lac de Sill\u00e9-le-Guillaume en hiver<\/figcaption><\/figure>\n<\/div>\n\n\n<h3 class=\"wp-block-heading\">Contact :<\/h3>\n\n\n\n<p>Bernard Migot CC n\u00b0 844<\/p>\n\n\n\n<p>[email]&#x62;&#x65;&#x72;&#110;&#97;rd&#x6d;&#x69;&#x67;&#x6f;&#116;&#64;li&#x76;&#x65;&#x2e;&#102;&#114;[email]<\/p>\n\n\n\n<p>0033 (0)6 08 74 95 99<\/p>\n\n\n\n<p><\/p>\n","protected":false},"excerpt":{"rendered":"<p>Le rassemblement r\u00e9gional du Grand Ouest 2022 se tiendra au lac de Sill\u00e9-le-Guillaume le samedi 11 juin. Accueil&nbsp;: \u00e0 8h30, au bord du lac de Sill\u00e9-le-Guillaume, sur l\u2019espace de loisirs entre le Camping de la For\u00eat et le bar \u00ab&nbsp;l\u2019Embarcad\u00e8re&nbsp;\u00bb. Parcours \u00e0 v\u00e9lo&nbsp;: D\u00e9part vers 9h du lieu de l\u2019accueil. Parcours routier de 50 km [&hellip;]<\/p>\n","protected":false},"author":58,"featured_media":0,"comment_status":"open","ping_status":"closed","sticky":false,"template":"","format":"standard","meta":{"_acf_changed":false,"footnotes":""},"categories":[290,135,216],"tags":[],"class_list":["post-82318","post","type-post","status-publish","format-standard","hentry","category-les-rassemblements-de-2022","category-calendrier","category-rencontres-regionales"],"acf":[],"yoast_head":"<!-- This site is optimized with the Yoast SEO plugin v27.2 - https:\/\/yoast.com\/product\/yoast-seo-wordpress\/ -->\n<title>Grand-Ouest, lac de Sill\u00e9-le-Guillaume, Sarthe (72), 11 juin 2022 - Club des Cent Cols<\/title>\n<meta name=\"robots\" content=\"index, follow, max-snippet:-1, max-image-preview:large, max-video-preview:-1\" \/>\n<link rel=\"canonical\" href=\"https:\/\/centcols.org\/de\/grand-ouest-lac-de-sille-le-guillaume-sarthe-72-11-juni-2022\/\" \/>\n<meta property=\"og:locale\" content=\"de_DE\" \/>\n<meta property=\"og:type\" content=\"article\" \/>\n<meta property=\"og:title\" content=\"Grand-Ouest, lac de Sill\u00e9-le-Guillaume, Sarthe (72), 11 juin 2022 - Club des Cent Cols\" \/>\n<meta property=\"og:description\" content=\"Le rassemblement r\u00e9gional du Grand Ouest 2022 se tiendra au lac de Sill\u00e9-le-Guillaume le samedi 11 juin. Accueil&nbsp;: \u00e0 8h30, au bord du lac de Sill\u00e9-le-Guillaume, sur l\u2019espace de loisirs entre le Camping de la For\u00eat et le bar \u00ab&nbsp;l\u2019Embarcad\u00e8re&nbsp;\u00bb. Parcours \u00e0 v\u00e9lo&nbsp;: D\u00e9part vers 9h du lieu de l\u2019accueil. Parcours routier de 50 km [&hellip;]\" \/>\n<meta property=\"og:url\" content=\"https:\/\/centcols.org\/de\/grand-ouest-lac-de-sille-le-guillaume-sarthe-72-11-juni-2022\/\" \/>\n<meta property=\"og:site_name\" content=\"Club des Cent Cols\" \/>\n<meta property=\"article:publisher\" content=\"https:\/\/www.facebook.com\/groups\/5261880558\/?locale=fr_FR\" \/>\n<meta property=\"article:published_time\" content=\"2021-12-01T08:25:00+00:00\" \/>\n<meta property=\"article:modified_time\" content=\"2025-09-13T10:50:01+00:00\" \/>\n<meta property=\"og:image\" content=\"https:\/\/centcols.org\/wp-content\/uploads\/2025\/05\/image-14.png\" \/>\n\t<meta property=\"og:image:width\" content=\"497\" \/>\n\t<meta property=\"og:image:height\" content=\"373\" \/>\n\t<meta property=\"og:image:type\" content=\"image\/png\" \/>\n<meta name=\"author\" content=\"Enrico Alberini\" \/>\n<meta name=\"twitter:card\" content=\"summary_large_image\" \/>\n<meta name=\"twitter:label1\" content=\"Verfasst von\" \/>\n\t<meta name=\"twitter:data1\" content=\"Enrico Alberini\" \/>\n\t<meta name=\"twitter:label2\" content=\"Gesch\u00e4tzte Lesezeit\" \/>\n\t<meta name=\"twitter:data2\" content=\"2\u00a0Minuten\" \/>\n<script type=\"application\/ld+json\" class=\"yoast-schema-graph\">{\"@context\":\"https:\/\/schema.org\",\"@graph\":[{\"@type\":\"Article\",\"@id\":\"https:\/\/centcols.org\/grand-ouest-lac-de-sille-le-guillaume-sarthe-72-11-juin-2022\/#article\",\"isPartOf\":{\"@id\":\"https:\/\/centcols.org\/grand-ouest-lac-de-sille-le-guillaume-sarthe-72-11-juin-2022\/\"},\"author\":{\"name\":\"Enrico Alberini\",\"@id\":\"https:\/\/centcols.org\/#\/schema\/person\/86c3ec6889d88501a29fccac614bebf8\"},\"headline\":\"Grand-Ouest, lac de Sill\u00e9-le-Guillaume, Sarthe (72), 11 juin 2022\",\"datePublished\":\"2021-12-01T08:25:00+00:00\",\"dateModified\":\"2025-09-13T10:50:01+00:00\",\"mainEntityOfPage\":{\"@id\":\"https:\/\/centcols.org\/grand-ouest-lac-de-sille-le-guillaume-sarthe-72-11-juin-2022\/\"},\"wordCount\":162,\"commentCount\":0,\"publisher\":{\"@id\":\"https:\/\/centcols.org\/#organization\"},\"image\":{\"@id\":\"https:\/\/centcols.org\/grand-ouest-lac-de-sille-le-guillaume-sarthe-72-11-juin-2022\/#primaryimage\"},\"thumbnailUrl\":\"https:\/\/centcols.org\/wp-content\/uploads\/2021\/12\/image-1.png\",\"articleSection\":[\"2022-rassemblements\",\"Calendrier\",\"Rencontres r\u00e9gionales\"],\"inLanguage\":\"de\",\"potentialAction\":[{\"@type\":\"CommentAction\",\"name\":\"Comment\",\"target\":[\"https:\/\/centcols.org\/grand-ouest-lac-de-sille-le-guillaume-sarthe-72-11-juin-2022\/#respond\"]}]},{\"@type\":\"WebPage\",\"@id\":\"https:\/\/centcols.org\/grand-ouest-lac-de-sille-le-guillaume-sarthe-72-11-juin-2022\/\",\"url\":\"https:\/\/centcols.org\/grand-ouest-lac-de-sille-le-guillaume-sarthe-72-11-juin-2022\/\",\"name\":\"Grand-Ouest, lac de Sill\u00e9-le-Guillaume, Sarthe (72), 11 juin 2022 - Club des Cent Cols\",\"isPartOf\":{\"@id\":\"https:\/\/centcols.org\/#website\"},\"primaryImageOfPage\":{\"@id\":\"https:\/\/centcols.org\/grand-ouest-lac-de-sille-le-guillaume-sarthe-72-11-juin-2022\/#primaryimage\"},\"image\":{\"@id\":\"https:\/\/centcols.org\/grand-ouest-lac-de-sille-le-guillaume-sarthe-72-11-juin-2022\/#primaryimage\"},\"thumbnailUrl\":\"https:\/\/centcols.org\/wp-content\/uploads\/2021\/12\/image-1.png\",\"datePublished\":\"2021-12-01T08:25:00+00:00\",\"dateModified\":\"2025-09-13T10:50:01+00:00\",\"breadcrumb\":{\"@id\":\"https:\/\/centcols.org\/grand-ouest-lac-de-sille-le-guillaume-sarthe-72-11-juin-2022\/#breadcrumb\"},\"inLanguage\":\"de\",\"potentialAction\":[{\"@type\":\"ReadAction\",\"target\":[\"https:\/\/centcols.org\/grand-ouest-lac-de-sille-le-guillaume-sarthe-72-11-juin-2022\/\"]}]},{\"@type\":\"ImageObject\",\"inLanguage\":\"de\",\"@id\":\"https:\/\/centcols.org\/grand-ouest-lac-de-sille-le-guillaume-sarthe-72-11-juin-2022\/#primaryimage\",\"url\":\"https:\/\/centcols.org\/wp-content\/uploads\/2021\/12\/image-1.png\",\"contentUrl\":\"https:\/\/centcols.org\/wp-content\/uploads\/2021\/12\/image-1.png\"},{\"@type\":\"BreadcrumbList\",\"@id\":\"https:\/\/centcols.org\/grand-ouest-lac-de-sille-le-guillaume-sarthe-72-11-juin-2022\/#breadcrumb\",\"itemListElement\":[{\"@type\":\"ListItem\",\"position\":1,\"name\":\"Accueil\",\"item\":\"https:\/\/centcols.org\/\"},{\"@type\":\"ListItem\",\"position\":2,\"name\":\"Calendrier\",\"item\":\"https:\/\/centcols.org\/rubrique\/calendrier\/\"},{\"@type\":\"ListItem\",\"position\":3,\"name\":\"Grand-Ouest, lac de Sill\u00e9-le-Guillaume, Sarthe (72), 11 juin 2022\"}]},{\"@type\":\"WebSite\",\"@id\":\"https:\/\/centcols.org\/#website\",\"url\":\"https:\/\/centcols.org\/\",\"name\":\"Club des Cent Cols\",\"description\":\"\",\"publisher\":{\"@id\":\"https:\/\/centcols.org\/#organization\"},\"potentialAction\":[{\"@type\":\"SearchAction\",\"target\":{\"@type\":\"EntryPoint\",\"urlTemplate\":\"https:\/\/centcols.org\/?s={search_term_string}\"},\"query-input\":{\"@type\":\"PropertyValueSpecification\",\"valueRequired\":true,\"valueName\":\"search_term_string\"}}],\"inLanguage\":\"de\"},{\"@type\":\"Organization\",\"@id\":\"https:\/\/centcols.org\/#organization\",\"name\":\"Club des Cent Cols\",\"url\":\"https:\/\/centcols.org\/\",\"logo\":{\"@type\":\"ImageObject\",\"inLanguage\":\"de\",\"@id\":\"https:\/\/centcols.org\/#\/schema\/logo\/image\/\",\"url\":\"https:\/\/centcols.org\/wp-content\/uploads\/2025\/01\/carte-icone.png\",\"contentUrl\":\"https:\/\/centcols.org\/wp-content\/uploads\/2025\/01\/carte-icone.png\",\"width\":250,\"height\":250,\"caption\":\"Club des Cent Cols\"},\"image\":{\"@id\":\"https:\/\/centcols.org\/#\/schema\/logo\/image\/\"},\"sameAs\":[\"https:\/\/www.facebook.com\/groups\/5261880558\/?locale=fr_FR\"]},{\"@type\":\"Person\",\"@id\":\"https:\/\/centcols.org\/#\/schema\/person\/86c3ec6889d88501a29fccac614bebf8\",\"name\":\"Enrico Alberini\",\"image\":{\"@type\":\"ImageObject\",\"inLanguage\":\"de\",\"@id\":\"https:\/\/centcols.org\/wp-content\/litespeed\/avatar\/1b26e36a18d85acc8b0f860f9628213f.jpg?ver=1777240766\",\"url\":\"https:\/\/centcols.org\/wp-content\/litespeed\/avatar\/1b26e36a18d85acc8b0f860f9628213f.jpg?ver=1777240766\",\"contentUrl\":\"https:\/\/centcols.org\/wp-content\/litespeed\/avatar\/1b26e36a18d85acc8b0f860f9628213f.jpg?ver=1777240766\",\"caption\":\"Enrico Alberini\"},\"url\":\"https:\/\/centcols.org\/de\/author\/5065\/\"}]}<\/script>\n<!-- \/ Yoast SEO plugin. -->","yoast_head_json":{"title":"Grand-Ouest, See von Sill\u00e9-le-Guillaume, Sarthe (72), 11. Juni 2022 - Club des Cent Cols","robots":{"index":"index","follow":"follow","max-snippet":"max-snippet:-1","max-image-preview":"max-image-preview:large","max-video-preview":"max-video-preview:-1"},"canonical":"https:\/\/centcols.org\/de\/grand-ouest-lac-de-sille-le-guillaume-sarthe-72-11-juni-2022\/","og_locale":"de_DE","og_type":"article","og_title":"Grand-Ouest, lac de Sill\u00e9-le-Guillaume, Sarthe (72), 11 juin 2022 - Club des Cent Cols","og_description":"Le rassemblement r\u00e9gional du Grand Ouest 2022 se tiendra au lac de Sill\u00e9-le-Guillaume le samedi 11 juin. Accueil&nbsp;: \u00e0 8h30, au bord du lac de Sill\u00e9-le-Guillaume, sur l\u2019espace de loisirs entre le Camping de la For\u00eat et le bar \u00ab&nbsp;l\u2019Embarcad\u00e8re&nbsp;\u00bb. Parcours \u00e0 v\u00e9lo&nbsp;: D\u00e9part vers 9h du lieu de l\u2019accueil. Parcours routier de 50 km [&hellip;]","og_url":"https:\/\/centcols.org\/de\/grand-ouest-lac-de-sille-le-guillaume-sarthe-72-11-juni-2022\/","og_site_name":"Club des Cent Cols","article_publisher":"https:\/\/www.facebook.com\/groups\/5261880558\/?locale=fr_FR","article_published_time":"2021-12-01T08:25:00+00:00","article_modified_time":"2025-09-13T10:50:01+00:00","og_image":[{"width":497,"height":373,"url":"https:\/\/centcols.org\/wp-content\/uploads\/2025\/05\/image-14.png","type":"image\/png"}],"author":"Enrico Alberini","twitter_card":"summary_large_image","twitter_misc":{"Verfasst von":"Enrico Alberini","Gesch\u00e4tzte Lesezeit":"2\u00a0Minuten"},"schema":{"@context":"https:\/\/schema.org","@graph":[{"@type":"Article","@id":"https:\/\/centcols.org\/grand-ouest-lac-de-sille-le-guillaume-sarthe-72-11-juin-2022\/#article","isPartOf":{"@id":"https:\/\/centcols.org\/grand-ouest-lac-de-sille-le-guillaume-sarthe-72-11-juin-2022\/"},"author":{"name":"Enrico Alberini","@id":"https:\/\/centcols.org\/#\/schema\/person\/86c3ec6889d88501a29fccac614bebf8"},"headline":"Grand-Ouest, lac de Sill\u00e9-le-Guillaume, Sarthe (72), 11 juin 2022","datePublished":"2021-12-01T08:25:00+00:00","dateModified":"2025-09-13T10:50:01+00:00","mainEntityOfPage":{"@id":"https:\/\/centcols.org\/grand-ouest-lac-de-sille-le-guillaume-sarthe-72-11-juin-2022\/"},"wordCount":162,"commentCount":0,"publisher":{"@id":"https:\/\/centcols.org\/#organization"},"image":{"@id":"https:\/\/centcols.org\/grand-ouest-lac-de-sille-le-guillaume-sarthe-72-11-juin-2022\/#primaryimage"},"thumbnailUrl":"https:\/\/centcols.org\/wp-content\/uploads\/2021\/12\/image-1.png","articleSection":["2022-rassemblements","Calendrier","Rencontres r\u00e9gionales"],"inLanguage":"de","potentialAction":[{"@type":"CommentAction","name":"Comment","target":["https:\/\/centcols.org\/grand-ouest-lac-de-sille-le-guillaume-sarthe-72-11-juin-2022\/#respond"]}]},{"@type":"WebPage","@id":"https:\/\/centcols.org\/grand-ouest-lac-de-sille-le-guillaume-sarthe-72-11-juin-2022\/","url":"https:\/\/centcols.org\/grand-ouest-lac-de-sille-le-guillaume-sarthe-72-11-juin-2022\/","name":"Grand-Ouest, See von Sill\u00e9-le-Guillaume, Sarthe (72), 11. Juni 2022 - Club des Cent Cols","isPartOf":{"@id":"https:\/\/centcols.org\/#website"},"primaryImageOfPage":{"@id":"https:\/\/centcols.org\/grand-ouest-lac-de-sille-le-guillaume-sarthe-72-11-juin-2022\/#primaryimage"},"image":{"@id":"https:\/\/centcols.org\/grand-ouest-lac-de-sille-le-guillaume-sarthe-72-11-juin-2022\/#primaryimage"},"thumbnailUrl":"https:\/\/centcols.org\/wp-content\/uploads\/2021\/12\/image-1.png","datePublished":"2021-12-01T08:25:00+00:00","dateModified":"2025-09-13T10:50:01+00:00","breadcrumb":{"@id":"https:\/\/centcols.org\/grand-ouest-lac-de-sille-le-guillaume-sarthe-72-11-juin-2022\/#breadcrumb"},"inLanguage":"de","potentialAction":[{"@type":"ReadAction","target":["https:\/\/centcols.org\/grand-ouest-lac-de-sille-le-guillaume-sarthe-72-11-juin-2022\/"]}]},{"@type":"ImageObject","inLanguage":"de","@id":"https:\/\/centcols.org\/grand-ouest-lac-de-sille-le-guillaume-sarthe-72-11-juin-2022\/#primaryimage","url":"https:\/\/centcols.org\/wp-content\/uploads\/2021\/12\/image-1.png","contentUrl":"https:\/\/centcols.org\/wp-content\/uploads\/2021\/12\/image-1.png"},{"@type":"BreadcrumbList","@id":"https:\/\/centcols.org\/grand-ouest-lac-de-sille-le-guillaume-sarthe-72-11-juin-2022\/#breadcrumb","itemListElement":[{"@type":"ListItem","position":1,"name":"Accueil","item":"https:\/\/centcols.org\/"},{"@type":"ListItem","position":2,"name":"Calendrier","item":"https:\/\/centcols.org\/rubrique\/calendrier\/"},{"@type":"ListItem","position":3,"name":"Grand-Ouest, lac de Sill\u00e9-le-Guillaume, Sarthe (72), 11 juin 2022"}]},{"@type":"WebSite","@id":"https:\/\/centcols.org\/#website","url":"https:\/\/centcols.org\/","name":"Club des Cent Cols","description":"","publisher":{"@id":"https:\/\/centcols.org\/#organization"},"potentialAction":[{"@type":"SearchAction","target":{"@type":"EntryPoint","urlTemplate":"https:\/\/centcols.org\/?s={search_term_string}"},"query-input":{"@type":"PropertyValueSpecification","valueRequired":true,"valueName":"search_term_string"}}],"inLanguage":"de"},{"@type":"Organization","@id":"https:\/\/centcols.org\/#organization","name":"Club des Cent Cols","url":"https:\/\/centcols.org\/","logo":{"@type":"ImageObject","inLanguage":"de","@id":"https:\/\/centcols.org\/#\/schema\/logo\/image\/","url":"https:\/\/centcols.org\/wp-content\/uploads\/2025\/01\/carte-icone.png","contentUrl":"https:\/\/centcols.org\/wp-content\/uploads\/2025\/01\/carte-icone.png","width":250,"height":250,"caption":"Club des Cent Cols"},"image":{"@id":"https:\/\/centcols.org\/#\/schema\/logo\/image\/"},"sameAs":["https:\/\/www.facebook.com\/groups\/5261880558\/?locale=fr_FR"]},{"@type":"Person","@id":"https:\/\/centcols.org\/#\/schema\/person\/86c3ec6889d88501a29fccac614bebf8","name":"Enrico Alberini","image":{"@type":"ImageObject","inLanguage":"de","@id":"https:\/\/centcols.org\/wp-content\/litespeed\/avatar\/1b26e36a18d85acc8b0f860f9628213f.jpg?ver=1777240766","url":"https:\/\/centcols.org\/wp-content\/litespeed\/avatar\/1b26e36a18d85acc8b0f860f9628213f.jpg?ver=1777240766","contentUrl":"https:\/\/centcols.org\/wp-content\/litespeed\/avatar\/1b26e36a18d85acc8b0f860f9628213f.jpg?ver=1777240766","caption":"Enrico Alberini"},"url":"https:\/\/centcols.org\/de\/author\/5065\/"}]}},"_links":{"self":[{"href":"https:\/\/centcols.org\/de\/wp-json\/wp\/v2\/posts\/82318","targetHints":{"allow":["GET"]}}],"collection":[{"href":"https:\/\/centcols.org\/de\/wp-json\/wp\/v2\/posts"}],"about":[{"href":"https:\/\/centcols.org\/de\/wp-json\/wp\/v2\/types\/post"}],"author":[{"embeddable":true,"href":"https:\/\/centcols.org\/de\/wp-json\/wp\/v2\/users\/58"}],"replies":[{"embeddable":true,"href":"https:\/\/centcols.org\/de\/wp-json\/wp\/v2\/comments?post=82318"}],"version-history":[{"count":0,"href":"https:\/\/centcols.org\/de\/wp-json\/wp\/v2\/posts\/82318\/revisions"}],"wp:attachment":[{"href":"https:\/\/centcols.org\/de\/wp-json\/wp\/v2\/media?parent=82318"}],"wp:term":[{"taxonomy":"category","embeddable":true,"href":"https:\/\/centcols.org\/de\/wp-json\/wp\/v2\/categories?post=82318"},{"taxonomy":"post_tag","embeddable":true,"href":"https:\/\/centcols.org\/de\/wp-json\/wp\/v2\/tags?post=82318"}],"curies":[{"name":"wp","href":"https:\/\/api.w.org\/{rel}","templated":true}]}}