{"id":82323,"date":"2022-01-29T10:51:00","date_gmt":"2022-01-29T08:51:00","guid":{"rendered":"https:\/\/centcols.org\/rassemblement-nationale-belgique-nationale-bijeenkomst-belgie-geraardsbergen-grammont-17-9-2022\/"},"modified":"2025-09-13T12:33:59","modified_gmt":"2025-09-13T10:33:59","slug":"nationale-versammlung-belgien-nationale-bijeenkomst-belgie-geraardsbergen-grammont-17-9-2022","status":"publish","type":"post","link":"https:\/\/centcols.org\/de\/rassemblement-nationale-belgique-nationale-bijeenkomst-belgie-geraardsbergen-grammont-17-9-2022\/","title":{"rendered":"Rassemblement nationale Belgique\/Nationale bijeenkomst Belgi\u00eb, Geraardsbergen\/Grammont, 17.9.2022"},"content":{"rendered":"\n<p>Le rassemblement national du Club des Cent Cols aura lieu le samedi 17 septembre \u00e0 Grammont. Rendez-vous \u00e0 9h30 (lieu suivra) Le parcours nous emm\u00e8nera &nbsp;vers le Col de la croix Jubaru BE-WHT-0099 (Tournai). Nous passerons quelques bergs (pas de cols&nbsp;\u2639) qui sont renomm\u00e9s gr\u00e2ce au Tour des Flandres (Mur, Bosberg\u2026). Chaque participant recevra une bi\u00e8re locale et une tarte aux maton (sp\u00e9cialit\u00e9 Grammontoise)<\/p>\n\n\n\n<p>De nationale bijeenkomst van de Club des Cent Cols zal plaatvinden op zaterdag 17 september te Geraardsbergen.&nbsp; Afspraak om 9u30 (plaats zal later gecommuniceerd worden) .Er zal een parcours uitgetekend worden waarbij we naar de Col de la croix Jubaru BE-WHT-0099 (Doornik) rijden. Onderweg kunnen we enkele beklimmingen (geen cols \u2639) doen die bekend zijn van de Ronde van Vlaanderen (De muur, bosberg, \u2026.).&nbsp; Elke deelnemer krijgt een plaatselijk biertje en een mattetaart (Geraardbergse specialiteit).<\/p>\n\n\n\n<figure class=\"wp-block-gallery has-nested-images columns-default is-cropped wp-block-gallery-1 is-layout-flex wp-block-gallery-is-layout-flex\">\n<figure class=\"wp-block-image size-large\"><img loading=\"lazy\" decoding=\"async\" width=\"580\" height=\"433\" data-id=\"90104\" src=\"https:\/\/centcols.org\/wp-content\/uploads\/2022\/01\/Col-Jubaru.jpg\" alt=\"\" class=\"wp-image-90104\" srcset=\"https:\/\/centcols.org\/wp-content\/uploads\/2022\/01\/Col-Jubaru.jpg 580w, https:\/\/centcols.org\/wp-content\/uploads\/2022\/01\/Col-Jubaru-16x12.jpg 16w\" sizes=\"auto, (max-width: 580px) 100vw, 580px\" \/><figcaption class=\"wp-element-caption\">BE-WHT-0099 Col de la Croix Jubaru<\/figcaption><\/figure>\n\n\n\n<figure class=\"wp-block-image size-large\"><img loading=\"lazy\" decoding=\"async\" width=\"248\" height=\"203\" data-id=\"90105\" src=\"https:\/\/centcols.org\/wp-content\/uploads\/2022\/01\/Mur-de-Grammont.jpg\" alt=\"\" class=\"wp-image-90105\" srcset=\"https:\/\/centcols.org\/wp-content\/uploads\/2022\/01\/Mur-de-Grammont.jpg 248w, https:\/\/centcols.org\/wp-content\/uploads\/2022\/01\/Mur-de-Grammont-15x12.jpg 15w\" sizes=\"auto, (max-width: 248px) 100vw, 248px\" \/><figcaption class=\"wp-element-caption\">Mur de Grammont<\/figcaption><\/figure>\n<\/figure>\n\n\n\n<h3 class=\"wp-block-heading\">Contact :<\/h3>\n\n\n\n<p>Henk Leroy<br>0032475627404<br>[email]&#x64;&#x74;&#46;&#98;e&#x40;&#x63;&#x65;&#110;tc&#x6f;&#x6c;&#115;&#46;o&#x72;&#x67;[\/email]<\/p>\n\n\n\n<p><strong><em>Beste leden van de Club des Cent Cols<\/em><\/strong><\/p>\n\n\n\n<p>Zoals eerder werd aangekondigd gaat de nationale bijeenkomst van onze Club in Belgi\u00eb door op zaterdag 17\/9 te Geraardsbergen.<\/p>\n\n\n\n<p>Geraardsbergen, een in wielermiddens bekend en zelfs wat mythisch stadje met zijn beruchte \u201cMuur\u201d.<\/p>\n\n\n\n<p>Deze organisatie staat open voor zowel de leden van de Club als niet-leden. Iedereen mag dus vrienden of kennissen meebrengen<\/p>\n\n\n\n<p>We gaan samen (in 1 of 2 groepen) een fietstocht van ongeveer 110km doen. We rijden via rustige wegen richting Doornik tot aan de &nbsp;Mont Saint-Aubert (145m). We passeren de Col du Croix du Jubaru (99m), de eerste col die door de CCC werd erkend in Belgi\u00eb.<\/p>\n\n\n\n<p>Op de Mont Saint Aubert zal de bevoorrading (drankje en wat koeken) &nbsp;aangeboden worden door de wielerclub Audax Tournai. Zij vieren hun erkenning als \u201cSoci\u00e9t\u00e9 Royale\u201d omwille van hun 50-jarig bestaan. Wie zin heeft kan de zondag \u201cB\u00e9bert du Mont Saint-Aubert\u201d worden door 5 keer een parcours van 5km af te leggen.<\/p>\n\n\n\n<p>We keren via andere landelijke wegen terug naar Geraardsbergen. Wie nog zin heeft kan in schoonheid eindigen en &nbsp;de beruchte Muur nog beklimmen. Je moet dit minstens 1 keer in je leven gedaan hebben.<\/p>\n\n\n\n<p>Na de fietstocht zal er gelegenheid zijn om zich te douchen.<\/p>\n\n\n\n<p>\u2019s Avonds zouden we met degenen die zin hebben samen gaan eten in het Hemelrijk, het wielercaf\u00e9 op de muur. (Prijs voor voor \u2013 en hoofdgerecht: 30 \u00e0 40 euro)<\/p>\n\n\n\n<p><em><u>Wat praktische info:<\/u><\/em><\/p>\n\n\n\n<ul class=\"wp-block-list\">\n<li>Uur van samenkomst : 9u30<\/li>\n\n\n\n<li>Plaats van samenkomst: Cafe \u2018t BIT op de Markt 17 in Geraardsbergen<\/li>\n\n\n\n<li>Uur van vertrek : 10u<\/li>\n\n\n\n<li>Plaats van vertrek: Markt van Geraadsbergen.<\/li>\n\n\n\n<li>Het parcours is niet bewegwijzerd, maar een GPS-file zal aan de deelnemers doorgestuurd worden en ook op de website van de Club terug te vinden zijn.<\/li>\n\n\n\n<li>Alle deelnemers krijgen bij vertrek een koffie en croissant. Bij terugkomst zal hen een echte Geraardsbergse mattentaart aangeboden worden.<\/li>\n\n\n\n<li>Voor de leden van de CCC is deelname gratis, voor de niet-leden is de deelnameprijs 5 euro.<\/li>\n<\/ul>\n\n\n\n<p>Wij zouden graag een seintje krijgen van jullie<\/p>\n\n\n\n<ul class=\"wp-block-list\">\n<li>met bevestiging van deelname aan deze fietstocht en met hoeveel.<\/li>\n\n\n\n<li>of jullie \u2019s avonds zouden aanschuiven aan tafel in het Hemelrijk.<\/li>\n<\/ul>\n\n\n\n<p>Alvast bedankt voor jullie antwoord<\/p>\n\n\n\n<p><strong><em>Henk Leroy<\/em><\/strong><\/p>\n\n\n\n<p><strong><em>Membre 6999<\/em><\/strong><\/p>\n\n\n\n<p><strong><em>DT Belgi\u00eb<\/em><\/strong><\/p>\n\n\n\n<p>&#8212;&#8212;&#8212;&#8212;&#8212;&#8212;&#8212;&#8212;&#8212;&#8212;&#8212;&#8212;&#8212;&#8212;&#8212;&#8212;&#8212;&#8212;&#8212;&#8212;&#8212;&#8212;&#8212;&#8212;&#8212;&#8212;&#8212;&#8212;&#8212;&#8212;&#8212;&#8212;&#8212;&#8212;&#8212;&#8212;&#8212;&#8212;&#8212;&#8212;&#8212;&#8212;&#8212;&#8212;&#8212;&#8212;&#8212;&#8212;&#8212;&#8212;&#8212;&#8212;&#8212;&#8212;&#8212;&#8212;&#8212;&#8212;&#8212;&#8212;&#8212;&#8212;&#8212;&#8212;&#8212;&#8212;&#8212;&#8212;&#8212;&#8212;&#8212;&#8212;&#8212;&#8212;&#8212;&#8212;&#8212;&#8212;&#8212;&#8212;&#8212;&#8212;&#8212;&#8212;&#8212;&#8212;&#8212;&#8212;&#8212;&#8212;&#8212;&#8212;&#8212;&#8212;&#8212;&#8212;&#8212;&#8212;&#8212;&#8212;&#8212;&#8212;&#8212;&#8212;&#8212;&#8212;&#8212;&#8212;&#8212;&#8211;<\/p>\n\n\n\n<p>&nbsp;<strong><em>Chers membres du Club des Cent Cols<\/em><\/strong><em>,<\/em><\/p>\n\n\n\n<p><em>&nbsp;<\/em>Comme annonc\u00e9 pr\u00e9c\u00e9demment, le rassemblement national de notre Club en Belgique aura lieu le samedi 17 septembre \u00e0 Grammont (Geraardsbergen).<\/p>\n\n\n\n<p>Grammont, une ville bien connue car mythique dans le milieu du cyclisme, avec son redoutable \u00ab&nbsp;Muur&nbsp;\u00bb. Cette organisation est ouverte aux membres du Club et aux non-membres. Ainsi, chacun peut venir accompagn\u00e9 d\u2019amis ou de connaissances.<\/p>\n\n\n\n<p>Nous allons faire ensemble (en 1 ou 2 groupes) une balade \u00e0 v\u00e9lo d&rsquo;environ 110km sur routes tranquilles en direction de Tournai, jusqu&rsquo;au Mont Saint-Aubert (145m). Avec passage au col de la Croix Jubaru (99m), le premier col reconnu par le CCC en Belgique.<\/p>\n\n\n\n<p>Au Mont Saint Aubert le club cyclo des Audax Tournai, qui f\u00eate son titre de \u00ab&nbsp;Soci\u00e9t\u00e9 Royale&nbsp; pour 50 ans d\u2019existence, offre le ravitaillement cyclo (biscuits et boissons. Ceux qui le souhaitent peuvent devenir \u00ab&nbsp;B\u00e9berts du Mont Saint Aubert&nbsp;\u00bb, en bouclant au moins 5 tours du circuit local de 5 km&nbsp;!<\/p>\n\n\n\n<p>Nous rentrons ensuite \u00e0 Grammont (Geraardsbergen) par d&rsquo;autres routes rurales. Si vous en avez encore envie, vous pouvez finir en beaut\u00e9 avec l\u2019escalade du fameux&nbsp; \u00ab&nbsp;Muur&nbsp;\u00bb. Il faut l\u2019avoir fait&nbsp;!<\/p>\n\n\n\n<p>Apr\u00e8s la balade \u00e0 v\u00e9lo, il sera possible de prendre une douche.<\/p>\n\n\n\n<p>Le soir, vers 19h30 nous nous retrouverons au \u00ab&nbsp;Hemelrijk&nbsp;\u00bb, le caf\u00e9 des cyclistes sur le Muur. Avec repas pour ceux qui le souhaitent (entr\u00e9e +plat&nbsp; entre 30 et 40 euro)<\/p>\n\n\n\n<p>Quelques infos pratiques :<\/p>\n\n\n\n<ul class=\"wp-block-list\">\n<li>Heure de rendez-vous : 9h30h &#8211; Lieu de rendez-vous : Caf\u00e9 BIT sur le march\u00e9 de\u00a0 Grammont (Geraardsbergen)<\/li>\n\n\n\n<li>Heure de d\u00e9part : 10h &#8211; Lieu de d\u00e9part : march\u00e9 de Grammont (Geraardsbergen)<\/li>\n\n\n\n<li>Le parcours n&rsquo;est pas balis\u00e9, mais un fichier GPS sera envoy\u00e9 aux participants et pourra\u00a0 \u00e9galement \u00eatre consult\u00e9 sur le site internet du Club.<\/li>\n\n\n\n<li>Tous les participants re\u00e7oivent un caf\u00e9 et un croissant au d\u00e9part. Au retour, une vraie \u00abTarte \u00e0 matons\u00a0\u00bb \u00a0de Grammont sera offerte \u00e0 chacun.<\/li>\n\n\n\n<li>La participation est gratuite pour les membres du CCC. Pour les non-membres, la\u00a0 participation est de 5 euros.<\/li>\n<\/ul>\n\n\n\n<p>Nous aimerions recevoir un message de votre part<\/p>\n\n\n\n<p>1.&nbsp;&nbsp;&nbsp;&nbsp;&nbsp;&nbsp;<em>avec confirmation que vous participerez \u00e0 ce tour \u00e0 v\u00e9lo et avec combien de personnes<\/em><\/p>\n\n\n\n<p>2.&nbsp;&nbsp;&nbsp;&nbsp;&nbsp;&nbsp;<em>si vous dinez avec nous au Hemelrijk, le soir.<\/em><\/p>\n\n\n\n<p><em>Merci beaucoup pour votre r\u00e9ponse<\/em><\/p>\n\n\n\n<p><strong><em>Henk Leroy<\/em><\/strong><\/p>\n\n\n\n<p><strong><em>Membre 6999<\/em><\/strong><\/p>\n\n\n\n<p><strong><em>DT Belgique<\/em><\/strong><\/p>\n","protected":false},"excerpt":{"rendered":"<p>Le rassemblement national du Club des Cent Cols aura lieu le samedi 17 septembre \u00e0 Grammont. Rendez-vous \u00e0 9h30 (lieu suivra) Le parcours nous emm\u00e8nera &nbsp;vers le Col de la croix Jubaru BE-WHT-0099 (Tournai). Nous passerons quelques bergs (pas de cols&nbsp;\u2639) qui sont renomm\u00e9s gr\u00e2ce au Tour des Flandres (Mur, Bosberg\u2026). Chaque participant recevra une [&hellip;]<\/p>\n","protected":false},"author":58,"featured_media":84205,"comment_status":"open","ping_status":"open","sticky":false,"template":"","format":"standard","meta":{"_acf_changed":false,"footnotes":""},"categories":[290,135,216],"tags":[],"class_list":["post-82323","post","type-post","status-publish","format-standard","has-post-thumbnail","hentry","category-les-rassemblements-de-2022","category-calendrier","category-rencontres-regionales"],"acf":[],"yoast_head":"<!-- This site is optimized with the Yoast SEO plugin v27.2 - https:\/\/yoast.com\/product\/yoast-seo-wordpress\/ -->\n<title>Rassemblement nationale Belgique\/Nationale bijeenkomst Belgi\u00eb, Geraardsbergen\/Grammont, 17\/9\/2022 - Club des Cent Cols<\/title>\n<meta name=\"robots\" content=\"index, follow, max-snippet:-1, max-image-preview:large, max-video-preview:-1\" \/>\n<link rel=\"canonical\" href=\"https:\/\/centcols.org\/de\/nationale-versammlung-belgien-nationale-bijeenkomst-belgie-geraardsbergen-grammont-17-9-2022\/\" \/>\n<meta property=\"og:locale\" content=\"de_DE\" \/>\n<meta property=\"og:type\" content=\"article\" \/>\n<meta property=\"og:title\" content=\"Rassemblement nationale Belgique\/Nationale bijeenkomst Belgi\u00eb, Geraardsbergen\/Grammont, 17\/9\/2022 - Club des Cent Cols\" \/>\n<meta property=\"og:description\" content=\"Le rassemblement national du Club des Cent Cols aura lieu le samedi 17 septembre \u00e0 Grammont. Rendez-vous \u00e0 9h30 (lieu suivra) Le parcours nous emm\u00e8nera &nbsp;vers le Col de la croix Jubaru BE-WHT-0099 (Tournai). Nous passerons quelques bergs (pas de cols&nbsp;\u2639) qui sont renomm\u00e9s gr\u00e2ce au Tour des Flandres (Mur, Bosberg\u2026). Chaque participant recevra une [&hellip;]\" \/>\n<meta property=\"og:url\" content=\"https:\/\/centcols.org\/de\/nationale-versammlung-belgien-nationale-bijeenkomst-belgie-geraardsbergen-grammont-17-9-2022\/\" \/>\n<meta property=\"og:site_name\" content=\"Club des Cent Cols\" \/>\n<meta property=\"article:publisher\" content=\"https:\/\/www.facebook.com\/groups\/5261880558\/?locale=fr_FR\" \/>\n<meta property=\"article:published_time\" content=\"2022-01-29T08:51:00+00:00\" \/>\n<meta property=\"article:modified_time\" content=\"2025-09-13T10:33:59+00:00\" \/>\n<meta property=\"og:image\" content=\"https:\/\/centcols.org\/wp-content\/uploads\/2022\/01\/44001.jpg\" \/>\n\t<meta property=\"og:image:width\" content=\"800\" \/>\n\t<meta property=\"og:image:height\" content=\"600\" \/>\n\t<meta property=\"og:image:type\" content=\"image\/jpeg\" \/>\n<meta name=\"author\" content=\"Enrico Alberini\" \/>\n<meta name=\"twitter:card\" content=\"summary_large_image\" \/>\n<meta name=\"twitter:label1\" content=\"Verfasst von\" \/>\n\t<meta name=\"twitter:data1\" content=\"Enrico Alberini\" \/>\n\t<meta name=\"twitter:label2\" content=\"Gesch\u00e4tzte Lesezeit\" \/>\n\t<meta name=\"twitter:data2\" content=\"6\u00a0Minuten\" \/>\n<script type=\"application\/ld+json\" class=\"yoast-schema-graph\">{\"@context\":\"https:\/\/schema.org\",\"@graph\":[{\"@type\":\"Article\",\"@id\":\"https:\/\/centcols.org\/rassemblement-nationale-belgique-nationale-bijeenkomst-belgie-geraardsbergen-grammont-17-9-2022\/#article\",\"isPartOf\":{\"@id\":\"https:\/\/centcols.org\/rassemblement-nationale-belgique-nationale-bijeenkomst-belgie-geraardsbergen-grammont-17-9-2022\/\"},\"author\":{\"name\":\"Enrico Alberini\",\"@id\":\"https:\/\/centcols.org\/#\/schema\/person\/86c3ec6889d88501a29fccac614bebf8\"},\"headline\":\"Rassemblement nationale Belgique\/Nationale bijeenkomst Belgi\u00eb, Geraardsbergen\/Grammont, 17\/9\/2022\",\"datePublished\":\"2022-01-29T08:51:00+00:00\",\"dateModified\":\"2025-09-13T10:33:59+00:00\",\"mainEntityOfPage\":{\"@id\":\"https:\/\/centcols.org\/rassemblement-nationale-belgique-nationale-bijeenkomst-belgie-geraardsbergen-grammont-17-9-2022\/\"},\"wordCount\":932,\"commentCount\":0,\"publisher\":{\"@id\":\"https:\/\/centcols.org\/#organization\"},\"image\":{\"@id\":\"https:\/\/centcols.org\/rassemblement-nationale-belgique-nationale-bijeenkomst-belgie-geraardsbergen-grammont-17-9-2022\/#primaryimage\"},\"thumbnailUrl\":\"https:\/\/centcols.org\/wp-content\/uploads\/2022\/01\/44001.jpg\",\"articleSection\":[\"2022-rassemblements\",\"Calendrier\",\"Rencontres r\u00e9gionales\"],\"inLanguage\":\"de\",\"potentialAction\":[{\"@type\":\"CommentAction\",\"name\":\"Comment\",\"target\":[\"https:\/\/centcols.org\/rassemblement-nationale-belgique-nationale-bijeenkomst-belgie-geraardsbergen-grammont-17-9-2022\/#respond\"]}]},{\"@type\":\"WebPage\",\"@id\":\"https:\/\/centcols.org\/rassemblement-nationale-belgique-nationale-bijeenkomst-belgie-geraardsbergen-grammont-17-9-2022\/\",\"url\":\"https:\/\/centcols.org\/rassemblement-nationale-belgique-nationale-bijeenkomst-belgie-geraardsbergen-grammont-17-9-2022\/\",\"name\":\"Rassemblement nationale Belgique\/Nationale bijeenkomst Belgi\u00eb, Geraardsbergen\/Grammont, 17\/9\/2022 - Club des Cent Cols\",\"isPartOf\":{\"@id\":\"https:\/\/centcols.org\/#website\"},\"primaryImageOfPage\":{\"@id\":\"https:\/\/centcols.org\/rassemblement-nationale-belgique-nationale-bijeenkomst-belgie-geraardsbergen-grammont-17-9-2022\/#primaryimage\"},\"image\":{\"@id\":\"https:\/\/centcols.org\/rassemblement-nationale-belgique-nationale-bijeenkomst-belgie-geraardsbergen-grammont-17-9-2022\/#primaryimage\"},\"thumbnailUrl\":\"https:\/\/centcols.org\/wp-content\/uploads\/2022\/01\/44001.jpg\",\"datePublished\":\"2022-01-29T08:51:00+00:00\",\"dateModified\":\"2025-09-13T10:33:59+00:00\",\"breadcrumb\":{\"@id\":\"https:\/\/centcols.org\/rassemblement-nationale-belgique-nationale-bijeenkomst-belgie-geraardsbergen-grammont-17-9-2022\/#breadcrumb\"},\"inLanguage\":\"de\",\"potentialAction\":[{\"@type\":\"ReadAction\",\"target\":[\"https:\/\/centcols.org\/rassemblement-nationale-belgique-nationale-bijeenkomst-belgie-geraardsbergen-grammont-17-9-2022\/\"]}]},{\"@type\":\"ImageObject\",\"inLanguage\":\"de\",\"@id\":\"https:\/\/centcols.org\/rassemblement-nationale-belgique-nationale-bijeenkomst-belgie-geraardsbergen-grammont-17-9-2022\/#primaryimage\",\"url\":\"https:\/\/centcols.org\/wp-content\/uploads\/2022\/01\/44001.jpg\",\"contentUrl\":\"https:\/\/centcols.org\/wp-content\/uploads\/2022\/01\/44001.jpg\",\"width\":800,\"height\":600},{\"@type\":\"BreadcrumbList\",\"@id\":\"https:\/\/centcols.org\/rassemblement-nationale-belgique-nationale-bijeenkomst-belgie-geraardsbergen-grammont-17-9-2022\/#breadcrumb\",\"itemListElement\":[{\"@type\":\"ListItem\",\"position\":1,\"name\":\"Accueil\",\"item\":\"https:\/\/centcols.org\/\"},{\"@type\":\"ListItem\",\"position\":2,\"name\":\"Calendrier\",\"item\":\"https:\/\/centcols.org\/rubrique\/calendrier\/\"},{\"@type\":\"ListItem\",\"position\":3,\"name\":\"Rassemblement nationale Belgique\/Nationale bijeenkomst Belgi\u00eb, Geraardsbergen\/Grammont, 17\/9\/2022\"}]},{\"@type\":\"WebSite\",\"@id\":\"https:\/\/centcols.org\/#website\",\"url\":\"https:\/\/centcols.org\/\",\"name\":\"Club des Cent Cols\",\"description\":\"\",\"publisher\":{\"@id\":\"https:\/\/centcols.org\/#organization\"},\"potentialAction\":[{\"@type\":\"SearchAction\",\"target\":{\"@type\":\"EntryPoint\",\"urlTemplate\":\"https:\/\/centcols.org\/?s={search_term_string}\"},\"query-input\":{\"@type\":\"PropertyValueSpecification\",\"valueRequired\":true,\"valueName\":\"search_term_string\"}}],\"inLanguage\":\"de\"},{\"@type\":\"Organization\",\"@id\":\"https:\/\/centcols.org\/#organization\",\"name\":\"Club des Cent Cols\",\"url\":\"https:\/\/centcols.org\/\",\"logo\":{\"@type\":\"ImageObject\",\"inLanguage\":\"de\",\"@id\":\"https:\/\/centcols.org\/#\/schema\/logo\/image\/\",\"url\":\"https:\/\/centcols.org\/wp-content\/uploads\/2025\/01\/carte-icone.png\",\"contentUrl\":\"https:\/\/centcols.org\/wp-content\/uploads\/2025\/01\/carte-icone.png\",\"width\":250,\"height\":250,\"caption\":\"Club des Cent Cols\"},\"image\":{\"@id\":\"https:\/\/centcols.org\/#\/schema\/logo\/image\/\"},\"sameAs\":[\"https:\/\/www.facebook.com\/groups\/5261880558\/?locale=fr_FR\"]},{\"@type\":\"Person\",\"@id\":\"https:\/\/centcols.org\/#\/schema\/person\/86c3ec6889d88501a29fccac614bebf8\",\"name\":\"Enrico Alberini\",\"image\":{\"@type\":\"ImageObject\",\"inLanguage\":\"de\",\"@id\":\"https:\/\/centcols.org\/wp-content\/litespeed\/avatar\/1b26e36a18d85acc8b0f860f9628213f.jpg?ver=1777240766\",\"url\":\"https:\/\/centcols.org\/wp-content\/litespeed\/avatar\/1b26e36a18d85acc8b0f860f9628213f.jpg?ver=1777240766\",\"contentUrl\":\"https:\/\/centcols.org\/wp-content\/litespeed\/avatar\/1b26e36a18d85acc8b0f860f9628213f.jpg?ver=1777240766\",\"caption\":\"Enrico Alberini\"},\"url\":\"https:\/\/centcols.org\/de\/author\/5065\/\"}]}<\/script>\n<!-- \/ Yoast SEO plugin. -->","yoast_head_json":{"title":"Rassemblement nationale Belgique\/Nationale bijeenkomst Belgi\u00eb, Geraardsbergen\/Grammont, 17\/9\/2022 - Club des Cent Cols","robots":{"index":"index","follow":"follow","max-snippet":"max-snippet:-1","max-image-preview":"max-image-preview:large","max-video-preview":"max-video-preview:-1"},"canonical":"https:\/\/centcols.org\/de\/nationale-versammlung-belgien-nationale-bijeenkomst-belgie-geraardsbergen-grammont-17-9-2022\/","og_locale":"de_DE","og_type":"article","og_title":"Rassemblement nationale Belgique\/Nationale bijeenkomst Belgi\u00eb, Geraardsbergen\/Grammont, 17\/9\/2022 - Club des Cent Cols","og_description":"Le rassemblement national du Club des Cent Cols aura lieu le samedi 17 septembre \u00e0 Grammont. Rendez-vous \u00e0 9h30 (lieu suivra) Le parcours nous emm\u00e8nera &nbsp;vers le Col de la croix Jubaru BE-WHT-0099 (Tournai). Nous passerons quelques bergs (pas de cols&nbsp;\u2639) qui sont renomm\u00e9s gr\u00e2ce au Tour des Flandres (Mur, Bosberg\u2026). Chaque participant recevra une [&hellip;]","og_url":"https:\/\/centcols.org\/de\/nationale-versammlung-belgien-nationale-bijeenkomst-belgie-geraardsbergen-grammont-17-9-2022\/","og_site_name":"Club des Cent Cols","article_publisher":"https:\/\/www.facebook.com\/groups\/5261880558\/?locale=fr_FR","article_published_time":"2022-01-29T08:51:00+00:00","article_modified_time":"2025-09-13T10:33:59+00:00","og_image":[{"width":800,"height":600,"url":"https:\/\/centcols.org\/wp-content\/uploads\/2022\/01\/44001.jpg","type":"image\/jpeg"}],"author":"Enrico Alberini","twitter_card":"summary_large_image","twitter_misc":{"Verfasst von":"Enrico Alberini","Gesch\u00e4tzte Lesezeit":"6\u00a0Minuten"},"schema":{"@context":"https:\/\/schema.org","@graph":[{"@type":"Article","@id":"https:\/\/centcols.org\/rassemblement-nationale-belgique-nationale-bijeenkomst-belgie-geraardsbergen-grammont-17-9-2022\/#article","isPartOf":{"@id":"https:\/\/centcols.org\/rassemblement-nationale-belgique-nationale-bijeenkomst-belgie-geraardsbergen-grammont-17-9-2022\/"},"author":{"name":"Enrico Alberini","@id":"https:\/\/centcols.org\/#\/schema\/person\/86c3ec6889d88501a29fccac614bebf8"},"headline":"Rassemblement nationale Belgique\/Nationale bijeenkomst Belgi\u00eb, Geraardsbergen\/Grammont, 17\/9\/2022","datePublished":"2022-01-29T08:51:00+00:00","dateModified":"2025-09-13T10:33:59+00:00","mainEntityOfPage":{"@id":"https:\/\/centcols.org\/rassemblement-nationale-belgique-nationale-bijeenkomst-belgie-geraardsbergen-grammont-17-9-2022\/"},"wordCount":932,"commentCount":0,"publisher":{"@id":"https:\/\/centcols.org\/#organization"},"image":{"@id":"https:\/\/centcols.org\/rassemblement-nationale-belgique-nationale-bijeenkomst-belgie-geraardsbergen-grammont-17-9-2022\/#primaryimage"},"thumbnailUrl":"https:\/\/centcols.org\/wp-content\/uploads\/2022\/01\/44001.jpg","articleSection":["2022-rassemblements","Calendrier","Rencontres r\u00e9gionales"],"inLanguage":"de","potentialAction":[{"@type":"CommentAction","name":"Comment","target":["https:\/\/centcols.org\/rassemblement-nationale-belgique-nationale-bijeenkomst-belgie-geraardsbergen-grammont-17-9-2022\/#respond"]}]},{"@type":"WebPage","@id":"https:\/\/centcols.org\/rassemblement-nationale-belgique-nationale-bijeenkomst-belgie-geraardsbergen-grammont-17-9-2022\/","url":"https:\/\/centcols.org\/rassemblement-nationale-belgique-nationale-bijeenkomst-belgie-geraardsbergen-grammont-17-9-2022\/","name":"Rassemblement nationale Belgique\/Nationale bijeenkomst Belgi\u00eb, Geraardsbergen\/Grammont, 17\/9\/2022 - Club des Cent Cols","isPartOf":{"@id":"https:\/\/centcols.org\/#website"},"primaryImageOfPage":{"@id":"https:\/\/centcols.org\/rassemblement-nationale-belgique-nationale-bijeenkomst-belgie-geraardsbergen-grammont-17-9-2022\/#primaryimage"},"image":{"@id":"https:\/\/centcols.org\/rassemblement-nationale-belgique-nationale-bijeenkomst-belgie-geraardsbergen-grammont-17-9-2022\/#primaryimage"},"thumbnailUrl":"https:\/\/centcols.org\/wp-content\/uploads\/2022\/01\/44001.jpg","datePublished":"2022-01-29T08:51:00+00:00","dateModified":"2025-09-13T10:33:59+00:00","breadcrumb":{"@id":"https:\/\/centcols.org\/rassemblement-nationale-belgique-nationale-bijeenkomst-belgie-geraardsbergen-grammont-17-9-2022\/#breadcrumb"},"inLanguage":"de","potentialAction":[{"@type":"ReadAction","target":["https:\/\/centcols.org\/rassemblement-nationale-belgique-nationale-bijeenkomst-belgie-geraardsbergen-grammont-17-9-2022\/"]}]},{"@type":"ImageObject","inLanguage":"de","@id":"https:\/\/centcols.org\/rassemblement-nationale-belgique-nationale-bijeenkomst-belgie-geraardsbergen-grammont-17-9-2022\/#primaryimage","url":"https:\/\/centcols.org\/wp-content\/uploads\/2022\/01\/44001.jpg","contentUrl":"https:\/\/centcols.org\/wp-content\/uploads\/2022\/01\/44001.jpg","width":800,"height":600},{"@type":"BreadcrumbList","@id":"https:\/\/centcols.org\/rassemblement-nationale-belgique-nationale-bijeenkomst-belgie-geraardsbergen-grammont-17-9-2022\/#breadcrumb","itemListElement":[{"@type":"ListItem","position":1,"name":"Accueil","item":"https:\/\/centcols.org\/"},{"@type":"ListItem","position":2,"name":"Calendrier","item":"https:\/\/centcols.org\/rubrique\/calendrier\/"},{"@type":"ListItem","position":3,"name":"Rassemblement nationale Belgique\/Nationale bijeenkomst Belgi\u00eb, Geraardsbergen\/Grammont, 17\/9\/2022"}]},{"@type":"WebSite","@id":"https:\/\/centcols.org\/#website","url":"https:\/\/centcols.org\/","name":"Club des Cent Cols","description":"","publisher":{"@id":"https:\/\/centcols.org\/#organization"},"potentialAction":[{"@type":"SearchAction","target":{"@type":"EntryPoint","urlTemplate":"https:\/\/centcols.org\/?s={search_term_string}"},"query-input":{"@type":"PropertyValueSpecification","valueRequired":true,"valueName":"search_term_string"}}],"inLanguage":"de"},{"@type":"Organization","@id":"https:\/\/centcols.org\/#organization","name":"Club des Cent Cols","url":"https:\/\/centcols.org\/","logo":{"@type":"ImageObject","inLanguage":"de","@id":"https:\/\/centcols.org\/#\/schema\/logo\/image\/","url":"https:\/\/centcols.org\/wp-content\/uploads\/2025\/01\/carte-icone.png","contentUrl":"https:\/\/centcols.org\/wp-content\/uploads\/2025\/01\/carte-icone.png","width":250,"height":250,"caption":"Club des Cent Cols"},"image":{"@id":"https:\/\/centcols.org\/#\/schema\/logo\/image\/"},"sameAs":["https:\/\/www.facebook.com\/groups\/5261880558\/?locale=fr_FR"]},{"@type":"Person","@id":"https:\/\/centcols.org\/#\/schema\/person\/86c3ec6889d88501a29fccac614bebf8","name":"Enrico Alberini","image":{"@type":"ImageObject","inLanguage":"de","@id":"https:\/\/centcols.org\/wp-content\/litespeed\/avatar\/1b26e36a18d85acc8b0f860f9628213f.jpg?ver=1777240766","url":"https:\/\/centcols.org\/wp-content\/litespeed\/avatar\/1b26e36a18d85acc8b0f860f9628213f.jpg?ver=1777240766","contentUrl":"https:\/\/centcols.org\/wp-content\/litespeed\/avatar\/1b26e36a18d85acc8b0f860f9628213f.jpg?ver=1777240766","caption":"Enrico Alberini"},"url":"https:\/\/centcols.org\/de\/author\/5065\/"}]}},"_links":{"self":[{"href":"https:\/\/centcols.org\/de\/wp-json\/wp\/v2\/posts\/82323","targetHints":{"allow":["GET"]}}],"collection":[{"href":"https:\/\/centcols.org\/de\/wp-json\/wp\/v2\/posts"}],"about":[{"href":"https:\/\/centcols.org\/de\/wp-json\/wp\/v2\/types\/post"}],"author":[{"embeddable":true,"href":"https:\/\/centcols.org\/de\/wp-json\/wp\/v2\/users\/58"}],"replies":[{"embeddable":true,"href":"https:\/\/centcols.org\/de\/wp-json\/wp\/v2\/comments?post=82323"}],"version-history":[{"count":0,"href":"https:\/\/centcols.org\/de\/wp-json\/wp\/v2\/posts\/82323\/revisions"}],"wp:featuredmedia":[{"embeddable":true,"href":"https:\/\/centcols.org\/de\/wp-json\/wp\/v2\/media\/84205"}],"wp:attachment":[{"href":"https:\/\/centcols.org\/de\/wp-json\/wp\/v2\/media?parent=82323"}],"wp:term":[{"taxonomy":"category","embeddable":true,"href":"https:\/\/centcols.org\/de\/wp-json\/wp\/v2\/categories?post=82323"},{"taxonomy":"post_tag","embeddable":true,"href":"https:\/\/centcols.org\/de\/wp-json\/wp\/v2\/tags?post=82323"}],"curies":[{"name":"wp","href":"https:\/\/api.w.org\/{rel}","templated":true}]}}