{"id":82330,"date":"2022-01-30T10:33:00","date_gmt":"2022-01-30T08:33:00","guid":{"rendered":"https:\/\/centcols.org\/rassemblement-massif-central-est-dimanche-25-septembre-2022-col-de-la-croix-de-presles\/"},"modified":"2025-09-09T13:31:39","modified_gmt":"2025-09-09T11:31:39","slug":"zusammenkunft-massif-central-est-sonntag-25-september-2022-col-de-la-croix-de-presles","status":"publish","type":"post","link":"https:\/\/centcols.org\/de\/rassemblement-massif-central-est-dimanche-25-septembre-2022-col-de-la-croix-de-presles\/","title":{"rendered":"Rassemblement Massif Central Est, Sonntag, 25. September 2022, Col de La Croix de Presles"},"content":{"rendered":"\n<p>Dimanche 25 septembre 2022 au Col de la Croix de Presles (FR-69-0527).<\/p>\n\n\n\n<p>[osm_map_v3 map_center=\u00a0\u00bb45.8405,4.7920&Prime; zoom=\u00a0\u00bb12.1&Prime; width=\u00a0\u00bb95%\u00a0\u00bb height=\u00a0\u00bb450&Prime; post_markers=\u00a0\u00bb1&Prime; control=\u00a0\u00bbfullscreen,scaleline,mouseposition,overview\u00a0\u00bb bckgrndimg=\u00a0\u00bbGDPR_bckgrnd.png\u00a0\u00bb ]<\/p>\n\n\n\n<p>Il vous est propos\u00e9 une rencontre amicale \u00e0 ce col du massif des Monts d\u2019Or au nord de Lyon sur le territoire de la m\u00e9tropole urbaine de Lyon .<\/p>\n\n\n\n<p>Un circuit route d\u2019une quarantaine de kilom\u00e8tres vous sera propos\u00e9 au d\u00e9part de Limonest ( ou sur le lieu de votre choix) pour franchir les trois cols de la m\u00e9tropole lyonnaise avec outre le col&nbsp;&nbsp;rendez vous de la mi-journ\u00e9e&nbsp;, les cols de Trion (FR-69-0266) et le col de Verdun (FR-69-0602b) .<\/p>\n\n\n\n<p>L\u2019occasion de d\u00e9couvrir La r\u00e9gion lyonnaise d\u2019une mani\u00e8re originale , les vues sur la ville et m\u00eame sur les Alpes par temps d\u00e9gag\u00e9s seront au programme ainsi que certains lieux embl\u00e9matiques de la capitale des Gaules telles que Fourvi\u00e8re , La cath\u00e9drale Saint Jean , les quais de Sa\u00f4ne , le restaurant Bocuse etc ..<\/p>\n\n\n\n<p>Rendez vous est donn\u00e9 au col de la Croix de Presles (FR-69-0527 ) \u00e0 partir de 11 h&nbsp; pour partager le vin et le fromage dans la plus pure tradition cent cols . .<\/p>\n\n\n\n<p>Contact&nbsp;: Philippe CHAZOTTIER <br>06 24 33 78 13&nbsp;&nbsp;&nbsp;<br>[email]<a href=\"&#x6d;a&#x69;&#108;&#x74;&#x6f;:&#x70;&#99;&#x68;&#x61;z&#x6f;&#116;&#x74;&#x69;e&#x72;&#64;&#x77;&#x61;n&#x61;&#100;&#x6f;&#x6f;&#46;&#x66;&#114;\" target=\"_blank\" rel=\"noreferrer noopener\">&#x70;&#99;h&#x61;&#x7a;&#111;t&#x74;&#x69;&#101;r&#x40;&#119;a&#x6e;&#x61;&#100;o&#x6f;&#x2e;&#102;r<\/a>[\/email]<\/p>\n\n\n\n<p>Rendez vous annul\u00e9 en cas de mauvais temps .<\/p>\n\n\n\n<p>&nbsp;PARKING LIMONEST : parc des sports , route de Saint Didier au mont d&rsquo;Or .<\/p>\n\n\n\n<p>Attention le samedi et le dimanche la mont\u00e9e Limonest &#8211; Col du Verdun est interdit \u00e0 la circulation automobile .<\/p>\n\n\n\n<p>Le parcours est sur Open Runner <a href=\"https:\/\/www.openrunner.com\/route-details\/14229840\" target=\"_blank\" rel=\"noreferrer noopener\">14229840<\/a><\/p>\n","protected":false},"excerpt":{"rendered":"<p>Dimanche 25 septembre 2022 au Col de la Croix de Presles (FR-69-0527). [osm_map_v3 map_center=\u00a0\u00bb45.8405,4.7920&Prime; zoom=\u00a0\u00bb12.1&Prime; width=\u00a0\u00bb95%\u00a0\u00bb height=\u00a0\u00bb450&Prime; post_markers=\u00a0\u00bb1&Prime; control=\u00a0\u00bbfullscreen,scaleline,mouseposition,overview\u00a0\u00bb bckgrndimg=\u00a0\u00bbGDPR_bckgrnd.png\u00a0\u00bb ] Il vous est propos\u00e9 une rencontre amicale \u00e0 ce col du massif des Monts d\u2019Or au nord de Lyon sur le territoire de la m\u00e9tropole urbaine de Lyon . Un circuit route d\u2019une quarantaine [&hellip;]<\/p>\n","protected":false},"author":58,"featured_media":84203,"comment_status":"open","ping_status":"open","sticky":false,"template":"","format":"standard","meta":{"_acf_changed":false,"footnotes":""},"categories":[290,135,216],"tags":[],"class_list":["post-82330","post","type-post","status-publish","format-standard","has-post-thumbnail","hentry","category-les-rassemblements-de-2022","category-calendrier","category-rencontres-regionales"],"acf":[],"yoast_head":"<!-- This site is optimized with the Yoast SEO plugin v27.2 - https:\/\/yoast.com\/product\/yoast-seo-wordpress\/ -->\n<title>Rassemblement Massif Central Est, dimanche 25 septembre 2022, Col de La Croix de Presles - Club des Cent Cols<\/title>\n<meta name=\"robots\" content=\"index, follow, max-snippet:-1, max-image-preview:large, max-video-preview:-1\" \/>\n<link rel=\"canonical\" href=\"https:\/\/centcols.org\/de\/zusammenkunft-massif-central-est-sonntag-25-september-2022-col-de-la-croix-de-presles\/\" \/>\n<meta property=\"og:locale\" content=\"de_DE\" \/>\n<meta property=\"og:type\" content=\"article\" \/>\n<meta property=\"og:title\" content=\"Rassemblement Massif Central Est, dimanche 25 septembre 2022, Col de La Croix de Presles - Club des Cent Cols\" \/>\n<meta property=\"og:description\" content=\"Dimanche 25 septembre 2022 au Col de la Croix de Presles (FR-69-0527). [osm_map_v3 map_center=\u00a0\u00bb45.8405,4.7920&Prime; zoom=\u00a0\u00bb12.1&Prime; width=\u00a0\u00bb95%\u00a0\u00bb height=\u00a0\u00bb450&Prime; post_markers=\u00a0\u00bb1&Prime; control=\u00a0\u00bbfullscreen,scaleline,mouseposition,overview\u00a0\u00bb bckgrndimg=\u00a0\u00bbGDPR_bckgrnd.png\u00a0\u00bb ] Il vous est propos\u00e9 une rencontre amicale \u00e0 ce col du massif des Monts d\u2019Or au nord de Lyon sur le territoire de la m\u00e9tropole urbaine de Lyon . Un circuit route d\u2019une quarantaine [&hellip;]\" \/>\n<meta property=\"og:url\" content=\"https:\/\/centcols.org\/de\/zusammenkunft-massif-central-est-sonntag-25-september-2022-col-de-la-croix-de-presles\/\" \/>\n<meta property=\"og:site_name\" content=\"Club des Cent Cols\" \/>\n<meta property=\"article:publisher\" content=\"https:\/\/www.facebook.com\/groups\/5261880558\/?locale=fr_FR\" \/>\n<meta property=\"article:published_time\" content=\"2022-01-30T08:33:00+00:00\" \/>\n<meta property=\"article:modified_time\" content=\"2025-09-09T11:31:39+00:00\" \/>\n<meta property=\"og:image\" content=\"https:\/\/centcols.org\/wp-content\/uploads\/2022\/01\/34031.jpg\" \/>\n\t<meta property=\"og:image:width\" content=\"800\" \/>\n\t<meta property=\"og:image:height\" content=\"600\" \/>\n\t<meta property=\"og:image:type\" content=\"image\/jpeg\" \/>\n<meta name=\"author\" content=\"Enrico Alberini\" \/>\n<meta name=\"twitter:card\" content=\"summary_large_image\" \/>\n<meta name=\"twitter:label1\" content=\"Verfasst von\" \/>\n\t<meta name=\"twitter:data1\" content=\"Enrico Alberini\" \/>\n\t<meta name=\"twitter:label2\" content=\"Gesch\u00e4tzte Lesezeit\" \/>\n\t<meta name=\"twitter:data2\" content=\"2\u00a0Minuten\" \/>\n<script type=\"application\/ld+json\" class=\"yoast-schema-graph\">{\"@context\":\"https:\/\/schema.org\",\"@graph\":[{\"@type\":\"Article\",\"@id\":\"https:\/\/centcols.org\/rassemblement-massif-central-est-dimanche-25-septembre-2022-col-de-la-croix-de-presles\/#article\",\"isPartOf\":{\"@id\":\"https:\/\/centcols.org\/rassemblement-massif-central-est-dimanche-25-septembre-2022-col-de-la-croix-de-presles\/\"},\"author\":{\"name\":\"Enrico Alberini\",\"@id\":\"https:\/\/centcols.org\/#\/schema\/person\/86c3ec6889d88501a29fccac614bebf8\"},\"headline\":\"Rassemblement Massif Central Est, dimanche 25 septembre 2022, Col de La Croix de Presles\",\"datePublished\":\"2022-01-30T08:33:00+00:00\",\"dateModified\":\"2025-09-09T11:31:39+00:00\",\"mainEntityOfPage\":{\"@id\":\"https:\/\/centcols.org\/rassemblement-massif-central-est-dimanche-25-septembre-2022-col-de-la-croix-de-presles\/\"},\"wordCount\":284,\"commentCount\":0,\"publisher\":{\"@id\":\"https:\/\/centcols.org\/#organization\"},\"image\":{\"@id\":\"https:\/\/centcols.org\/rassemblement-massif-central-est-dimanche-25-septembre-2022-col-de-la-croix-de-presles\/#primaryimage\"},\"thumbnailUrl\":\"https:\/\/centcols.org\/wp-content\/uploads\/2022\/01\/34031.jpg\",\"articleSection\":[\"2022-rassemblements\",\"Calendrier\",\"Rencontres r\u00e9gionales\"],\"inLanguage\":\"de\",\"potentialAction\":[{\"@type\":\"CommentAction\",\"name\":\"Comment\",\"target\":[\"https:\/\/centcols.org\/rassemblement-massif-central-est-dimanche-25-septembre-2022-col-de-la-croix-de-presles\/#respond\"]}]},{\"@type\":\"WebPage\",\"@id\":\"https:\/\/centcols.org\/rassemblement-massif-central-est-dimanche-25-septembre-2022-col-de-la-croix-de-presles\/\",\"url\":\"https:\/\/centcols.org\/rassemblement-massif-central-est-dimanche-25-septembre-2022-col-de-la-croix-de-presles\/\",\"name\":\"Rassemblement Massif Central Est, dimanche 25 septembre 2022, Col de La Croix de Presles - Club des Cent Cols\",\"isPartOf\":{\"@id\":\"https:\/\/centcols.org\/#website\"},\"primaryImageOfPage\":{\"@id\":\"https:\/\/centcols.org\/rassemblement-massif-central-est-dimanche-25-septembre-2022-col-de-la-croix-de-presles\/#primaryimage\"},\"image\":{\"@id\":\"https:\/\/centcols.org\/rassemblement-massif-central-est-dimanche-25-septembre-2022-col-de-la-croix-de-presles\/#primaryimage\"},\"thumbnailUrl\":\"https:\/\/centcols.org\/wp-content\/uploads\/2022\/01\/34031.jpg\",\"datePublished\":\"2022-01-30T08:33:00+00:00\",\"dateModified\":\"2025-09-09T11:31:39+00:00\",\"breadcrumb\":{\"@id\":\"https:\/\/centcols.org\/rassemblement-massif-central-est-dimanche-25-septembre-2022-col-de-la-croix-de-presles\/#breadcrumb\"},\"inLanguage\":\"de\",\"potentialAction\":[{\"@type\":\"ReadAction\",\"target\":[\"https:\/\/centcols.org\/rassemblement-massif-central-est-dimanche-25-septembre-2022-col-de-la-croix-de-presles\/\"]}]},{\"@type\":\"ImageObject\",\"inLanguage\":\"de\",\"@id\":\"https:\/\/centcols.org\/rassemblement-massif-central-est-dimanche-25-septembre-2022-col-de-la-croix-de-presles\/#primaryimage\",\"url\":\"https:\/\/centcols.org\/wp-content\/uploads\/2022\/01\/34031.jpg\",\"contentUrl\":\"https:\/\/centcols.org\/wp-content\/uploads\/2022\/01\/34031.jpg\",\"width\":800,\"height\":600},{\"@type\":\"BreadcrumbList\",\"@id\":\"https:\/\/centcols.org\/rassemblement-massif-central-est-dimanche-25-septembre-2022-col-de-la-croix-de-presles\/#breadcrumb\",\"itemListElement\":[{\"@type\":\"ListItem\",\"position\":1,\"name\":\"Accueil\",\"item\":\"https:\/\/centcols.org\/\"},{\"@type\":\"ListItem\",\"position\":2,\"name\":\"Calendrier\",\"item\":\"https:\/\/centcols.org\/rubrique\/calendrier\/\"},{\"@type\":\"ListItem\",\"position\":3,\"name\":\"Rassemblement Massif Central Est, dimanche 25 septembre 2022, Col de La Croix de Presles\"}]},{\"@type\":\"WebSite\",\"@id\":\"https:\/\/centcols.org\/#website\",\"url\":\"https:\/\/centcols.org\/\",\"name\":\"Club des Cent Cols\",\"description\":\"\",\"publisher\":{\"@id\":\"https:\/\/centcols.org\/#organization\"},\"potentialAction\":[{\"@type\":\"SearchAction\",\"target\":{\"@type\":\"EntryPoint\",\"urlTemplate\":\"https:\/\/centcols.org\/?s={search_term_string}\"},\"query-input\":{\"@type\":\"PropertyValueSpecification\",\"valueRequired\":true,\"valueName\":\"search_term_string\"}}],\"inLanguage\":\"de\"},{\"@type\":\"Organization\",\"@id\":\"https:\/\/centcols.org\/#organization\",\"name\":\"Club des Cent Cols\",\"url\":\"https:\/\/centcols.org\/\",\"logo\":{\"@type\":\"ImageObject\",\"inLanguage\":\"de\",\"@id\":\"https:\/\/centcols.org\/#\/schema\/logo\/image\/\",\"url\":\"https:\/\/centcols.org\/wp-content\/uploads\/2025\/01\/carte-icone.png\",\"contentUrl\":\"https:\/\/centcols.org\/wp-content\/uploads\/2025\/01\/carte-icone.png\",\"width\":250,\"height\":250,\"caption\":\"Club des Cent Cols\"},\"image\":{\"@id\":\"https:\/\/centcols.org\/#\/schema\/logo\/image\/\"},\"sameAs\":[\"https:\/\/www.facebook.com\/groups\/5261880558\/?locale=fr_FR\"]},{\"@type\":\"Person\",\"@id\":\"https:\/\/centcols.org\/#\/schema\/person\/86c3ec6889d88501a29fccac614bebf8\",\"name\":\"Enrico Alberini\",\"image\":{\"@type\":\"ImageObject\",\"inLanguage\":\"de\",\"@id\":\"https:\/\/centcols.org\/wp-content\/litespeed\/avatar\/1b26e36a18d85acc8b0f860f9628213f.jpg?ver=1777240766\",\"url\":\"https:\/\/centcols.org\/wp-content\/litespeed\/avatar\/1b26e36a18d85acc8b0f860f9628213f.jpg?ver=1777240766\",\"contentUrl\":\"https:\/\/centcols.org\/wp-content\/litespeed\/avatar\/1b26e36a18d85acc8b0f860f9628213f.jpg?ver=1777240766\",\"caption\":\"Enrico Alberini\"},\"url\":\"https:\/\/centcols.org\/de\/author\/5065\/\"}]}<\/script>\n<!-- \/ Yoast SEO plugin. -->","yoast_head_json":{"title":"Rassemblement Massif Central Est, Sonntag, 25. September 2022, Col de La Croix de Presles - Club des Cent Cols","robots":{"index":"index","follow":"follow","max-snippet":"max-snippet:-1","max-image-preview":"max-image-preview:large","max-video-preview":"max-video-preview:-1"},"canonical":"https:\/\/centcols.org\/de\/zusammenkunft-massif-central-est-sonntag-25-september-2022-col-de-la-croix-de-presles\/","og_locale":"de_DE","og_type":"article","og_title":"Rassemblement Massif Central Est, dimanche 25 septembre 2022, Col de La Croix de Presles - Club des Cent Cols","og_description":"Dimanche 25 septembre 2022 au Col de la Croix de Presles (FR-69-0527). [osm_map_v3 map_center=\u00a0\u00bb45.8405,4.7920&Prime; zoom=\u00a0\u00bb12.1&Prime; width=\u00a0\u00bb95%\u00a0\u00bb height=\u00a0\u00bb450&Prime; post_markers=\u00a0\u00bb1&Prime; control=\u00a0\u00bbfullscreen,scaleline,mouseposition,overview\u00a0\u00bb bckgrndimg=\u00a0\u00bbGDPR_bckgrnd.png\u00a0\u00bb ] Il vous est propos\u00e9 une rencontre amicale \u00e0 ce col du massif des Monts d\u2019Or au nord de Lyon sur le territoire de la m\u00e9tropole urbaine de Lyon . Un circuit route d\u2019une quarantaine [&hellip;]","og_url":"https:\/\/centcols.org\/de\/zusammenkunft-massif-central-est-sonntag-25-september-2022-col-de-la-croix-de-presles\/","og_site_name":"Club des Cent Cols","article_publisher":"https:\/\/www.facebook.com\/groups\/5261880558\/?locale=fr_FR","article_published_time":"2022-01-30T08:33:00+00:00","article_modified_time":"2025-09-09T11:31:39+00:00","og_image":[{"width":800,"height":600,"url":"https:\/\/centcols.org\/wp-content\/uploads\/2022\/01\/34031.jpg","type":"image\/jpeg"}],"author":"Enrico Alberini","twitter_card":"summary_large_image","twitter_misc":{"Verfasst von":"Enrico Alberini","Gesch\u00e4tzte Lesezeit":"2\u00a0Minuten"},"schema":{"@context":"https:\/\/schema.org","@graph":[{"@type":"Article","@id":"https:\/\/centcols.org\/rassemblement-massif-central-est-dimanche-25-septembre-2022-col-de-la-croix-de-presles\/#article","isPartOf":{"@id":"https:\/\/centcols.org\/rassemblement-massif-central-est-dimanche-25-septembre-2022-col-de-la-croix-de-presles\/"},"author":{"name":"Enrico Alberini","@id":"https:\/\/centcols.org\/#\/schema\/person\/86c3ec6889d88501a29fccac614bebf8"},"headline":"Rassemblement Massif Central Est, dimanche 25 septembre 2022, Col de La Croix de Presles","datePublished":"2022-01-30T08:33:00+00:00","dateModified":"2025-09-09T11:31:39+00:00","mainEntityOfPage":{"@id":"https:\/\/centcols.org\/rassemblement-massif-central-est-dimanche-25-septembre-2022-col-de-la-croix-de-presles\/"},"wordCount":284,"commentCount":0,"publisher":{"@id":"https:\/\/centcols.org\/#organization"},"image":{"@id":"https:\/\/centcols.org\/rassemblement-massif-central-est-dimanche-25-septembre-2022-col-de-la-croix-de-presles\/#primaryimage"},"thumbnailUrl":"https:\/\/centcols.org\/wp-content\/uploads\/2022\/01\/34031.jpg","articleSection":["2022-rassemblements","Calendrier","Rencontres r\u00e9gionales"],"inLanguage":"de","potentialAction":[{"@type":"CommentAction","name":"Comment","target":["https:\/\/centcols.org\/rassemblement-massif-central-est-dimanche-25-septembre-2022-col-de-la-croix-de-presles\/#respond"]}]},{"@type":"WebPage","@id":"https:\/\/centcols.org\/rassemblement-massif-central-est-dimanche-25-septembre-2022-col-de-la-croix-de-presles\/","url":"https:\/\/centcols.org\/rassemblement-massif-central-est-dimanche-25-septembre-2022-col-de-la-croix-de-presles\/","name":"Rassemblement Massif Central Est, Sonntag, 25. September 2022, Col de La Croix de Presles - Club des Cent Cols","isPartOf":{"@id":"https:\/\/centcols.org\/#website"},"primaryImageOfPage":{"@id":"https:\/\/centcols.org\/rassemblement-massif-central-est-dimanche-25-septembre-2022-col-de-la-croix-de-presles\/#primaryimage"},"image":{"@id":"https:\/\/centcols.org\/rassemblement-massif-central-est-dimanche-25-septembre-2022-col-de-la-croix-de-presles\/#primaryimage"},"thumbnailUrl":"https:\/\/centcols.org\/wp-content\/uploads\/2022\/01\/34031.jpg","datePublished":"2022-01-30T08:33:00+00:00","dateModified":"2025-09-09T11:31:39+00:00","breadcrumb":{"@id":"https:\/\/centcols.org\/rassemblement-massif-central-est-dimanche-25-septembre-2022-col-de-la-croix-de-presles\/#breadcrumb"},"inLanguage":"de","potentialAction":[{"@type":"ReadAction","target":["https:\/\/centcols.org\/rassemblement-massif-central-est-dimanche-25-septembre-2022-col-de-la-croix-de-presles\/"]}]},{"@type":"ImageObject","inLanguage":"de","@id":"https:\/\/centcols.org\/rassemblement-massif-central-est-dimanche-25-septembre-2022-col-de-la-croix-de-presles\/#primaryimage","url":"https:\/\/centcols.org\/wp-content\/uploads\/2022\/01\/34031.jpg","contentUrl":"https:\/\/centcols.org\/wp-content\/uploads\/2022\/01\/34031.jpg","width":800,"height":600},{"@type":"BreadcrumbList","@id":"https:\/\/centcols.org\/rassemblement-massif-central-est-dimanche-25-septembre-2022-col-de-la-croix-de-presles\/#breadcrumb","itemListElement":[{"@type":"ListItem","position":1,"name":"Accueil","item":"https:\/\/centcols.org\/"},{"@type":"ListItem","position":2,"name":"Calendrier","item":"https:\/\/centcols.org\/rubrique\/calendrier\/"},{"@type":"ListItem","position":3,"name":"Rassemblement Massif Central Est, dimanche 25 septembre 2022, Col de La Croix de Presles"}]},{"@type":"WebSite","@id":"https:\/\/centcols.org\/#website","url":"https:\/\/centcols.org\/","name":"Club des Cent Cols","description":"","publisher":{"@id":"https:\/\/centcols.org\/#organization"},"potentialAction":[{"@type":"SearchAction","target":{"@type":"EntryPoint","urlTemplate":"https:\/\/centcols.org\/?s={search_term_string}"},"query-input":{"@type":"PropertyValueSpecification","valueRequired":true,"valueName":"search_term_string"}}],"inLanguage":"de"},{"@type":"Organization","@id":"https:\/\/centcols.org\/#organization","name":"Club des Cent Cols","url":"https:\/\/centcols.org\/","logo":{"@type":"ImageObject","inLanguage":"de","@id":"https:\/\/centcols.org\/#\/schema\/logo\/image\/","url":"https:\/\/centcols.org\/wp-content\/uploads\/2025\/01\/carte-icone.png","contentUrl":"https:\/\/centcols.org\/wp-content\/uploads\/2025\/01\/carte-icone.png","width":250,"height":250,"caption":"Club des Cent Cols"},"image":{"@id":"https:\/\/centcols.org\/#\/schema\/logo\/image\/"},"sameAs":["https:\/\/www.facebook.com\/groups\/5261880558\/?locale=fr_FR"]},{"@type":"Person","@id":"https:\/\/centcols.org\/#\/schema\/person\/86c3ec6889d88501a29fccac614bebf8","name":"Enrico Alberini","image":{"@type":"ImageObject","inLanguage":"de","@id":"https:\/\/centcols.org\/wp-content\/litespeed\/avatar\/1b26e36a18d85acc8b0f860f9628213f.jpg?ver=1777240766","url":"https:\/\/centcols.org\/wp-content\/litespeed\/avatar\/1b26e36a18d85acc8b0f860f9628213f.jpg?ver=1777240766","contentUrl":"https:\/\/centcols.org\/wp-content\/litespeed\/avatar\/1b26e36a18d85acc8b0f860f9628213f.jpg?ver=1777240766","caption":"Enrico Alberini"},"url":"https:\/\/centcols.org\/de\/author\/5065\/"}]}},"_links":{"self":[{"href":"https:\/\/centcols.org\/de\/wp-json\/wp\/v2\/posts\/82330","targetHints":{"allow":["GET"]}}],"collection":[{"href":"https:\/\/centcols.org\/de\/wp-json\/wp\/v2\/posts"}],"about":[{"href":"https:\/\/centcols.org\/de\/wp-json\/wp\/v2\/types\/post"}],"author":[{"embeddable":true,"href":"https:\/\/centcols.org\/de\/wp-json\/wp\/v2\/users\/58"}],"replies":[{"embeddable":true,"href":"https:\/\/centcols.org\/de\/wp-json\/wp\/v2\/comments?post=82330"}],"version-history":[{"count":0,"href":"https:\/\/centcols.org\/de\/wp-json\/wp\/v2\/posts\/82330\/revisions"}],"wp:featuredmedia":[{"embeddable":true,"href":"https:\/\/centcols.org\/de\/wp-json\/wp\/v2\/media\/84203"}],"wp:attachment":[{"href":"https:\/\/centcols.org\/de\/wp-json\/wp\/v2\/media?parent=82330"}],"wp:term":[{"taxonomy":"category","embeddable":true,"href":"https:\/\/centcols.org\/de\/wp-json\/wp\/v2\/categories?post=82330"},{"taxonomy":"post_tag","embeddable":true,"href":"https:\/\/centcols.org\/de\/wp-json\/wp\/v2\/tags?post=82330"}],"curies":[{"name":"wp","href":"https:\/\/api.w.org\/{rel}","templated":true}]}}