{"id":82339,"date":"2022-05-27T14:36:28","date_gmt":"2022-05-27T12:36:28","guid":{"rendered":"https:\/\/centcols.org\/sejour-dautomne-et-assemblee-generale-pour-le-50-ieme-anniversaire-de-la-confrerie-a-annecy-haute-savoie-du-04-au-06-novembre-2022\/"},"modified":"2025-09-14T06:32:25","modified_gmt":"2025-09-14T04:32:25","slug":"ag-2022-annecy","status":"publish","type":"post","link":"https:\/\/centcols.org\/de\/ag-2022-annecy\/","title":{"rendered":"Herbstaufenthalt und Generalversammlung zum 50. Jubil\u00e4um der Bruderschaft in Annecy (Hochsavoyen), 04. bis 06. November 2022"},"content":{"rendered":"<blockquote class=\"wp-block-quote is-layout-flow wp-block-quote-is-layout-flow\">\n<p><span style=\"color: #808080;\">An dieser Seite zur Vorstellung des Aufenthalts haben die IT-Verantwortlichen Enrico Alberini, Jean-Luc Matte und Christophe Badonnel mitgewirkt.<\/span><\/p>\n<\/blockquote>\n\n\n\n<h2 class=\"wp-block-heading\">Echos :<\/h2>\n\n\n\n<div class=\"wp-block-columns is-layout-flex wp-container-core-columns-is-layout-9d6595d7 wp-block-columns-is-layout-flex\">\n<div class=\"wp-block-column is-layout-flow wp-block-column-is-layout-flow\">\n<p><a href=\"https:\/\/centcols.org\/de\/cr-ag-2022-annecy\/\" target=\"_blank\" rel=\"noreferrer noopener\">Bericht<\/a><br><a href=\"https:\/\/centcols.org\/de\/generalversammlung-5-november-2022-lalbum-foto-von-stein-mai\/\" target=\"_blank\" rel=\"noreferrer noopener\">Das Fotoalbum von Pierre Mai<\/a><\/p>\n<\/div>\n\n\n\n<div class=\"wp-block-column is-layout-flow wp-block-column-is-layout-flow\">\n<p><a href=\"https:\/\/centcols.org\/de\/die-tische-beim-abendessen-nach-der-generalversammlung-5-november-2022\/\" target=\"_blank\" rel=\"noreferrer noopener\">Die Tische beim Abendessen nach der Generalversammlung<\/a><br><a href=\"https:\/\/love-velo.fr\/ag-du-cinquantenaire-du-club-des-cent-cols-2022\/\">Das GA auf dem Blog von Guy Garcin<\/a><\/p>\n<\/div>\n<\/div>\n\n\n\n<p><span style=\"color: #000000;\">Nachfolgend finden Sie die Rubriken :<\/span><\/p>\n\n\n\n<ul class=\"wp-block-list\">\n<li><span style=\"color: #000000;\">Vorstellung der Region<\/span><\/li>\n\n\n\n<li>Das Programm<\/li>\n\n\n\n<li><span style=\"color: #000000;\">Unterkunft<\/span><\/li>\n\n\n\n<li><span style=\"color: #000000;\">Anmerkung des Verwaltungsrats<\/span><\/li>\n\n\n\n<li><span style=\"color: #000000;\">Anmeldungen<\/span><\/li>\n\n\n\n<li><span style=\"color: #000000;\">Generalversammlung des Club des Cent Cols<\/span><\/li>\n\n\n\n<li>Verleihung von Diplomen und Patenten<\/li>\n<\/ul>\n\n\n\n<h2 class=\"wp-block-heading\">Vorstellung der Region :<\/h2>\n\n\n\n<p>Nach 2012 und 2017 ist es erneut die Haute-Savoie, die uns f\u00fcr diesen Herbstaufenthalt des Club des Cent Cols empf\u00e4ngt. Wir werden in einer Unterkunft von Cap France \u201cLes Balcons du Lac\u201d untergebracht sein, die auf den H\u00f6hen der Gemeinde Sevrier mit Blick auf den See von Annecy liegt. 2022 ist ein besonderes Jahr, da unsere Bruderschaft ihr 50-j\u00e4hriges Bestehen feiert. <a href=\"https:\/\/centcols.org\/wp-content\/uploads\/2025\/08\/Edito-Jean-Perdoux.pdf\" target=\"_blank\" rel=\"noreferrer noopener\">F\u00fcnfzig Jahre Leidenschaft, f\u00fcnfzig Jahre Freundschaft<\/a> Auf den Anh\u00f6hen des Sees mit dem saubersten Wasser Europas ist das Feriendorf ein idealer Ausgangspunkt, um die Haute-Savoie zu erkunden. Zwischen See und Bergen l\u00e4dt die mittelalterliche Altstadt von Annecy zu Spazierg\u00e4ngen und Entdeckungen ein. Mit seinen gepflasterten Gassen, bunten Geb\u00e4uden und symboltr\u00e4chtigen Bauwerken ist das Venedig der Alpen eine Stadt mit einem reichen Kulturerbe. Entlang der Kan\u00e4le von Annecy, die von eleganten H\u00e4usern aus dem 17. Jahrhundert ges\u00e4umt werden, k\u00f6nnen Sie sich von den Reicht\u00fcmern der Vergangenheit erz\u00e4hlen lassen. Der See l\u00e4dt Sie ein, seine Naturschutzgebiete zu entdecken, die reich an einheimischer Flora und Fauna sind. Auf dem Roc de Ch\u00e8re, einem Vorsprung \u00fcber dem See, k\u00f6nnen Sie auf einem Familienspaziergang die zahlreichen Baumarten entdecken. Eine halbe Autostunde entfernt entdecken Sie das einzigartige Panorama des Semnoz mit einem 360-Grad-Blick auf die Nordalpen und den Jura. W\u00e4hrend eines halbt\u00e4gigen Ausflugs k\u00f6nnen Sie auch seine typischen kleinen D\u00f6rfer und das lokale Kunsthandwerk kennenlernen, ohne den lokalen K\u00e4se \u201cla tome des Bauges\u201d zu vergessen. An den Ufern des Sees von Annecy k\u00f6nnen Sie auf einem \u00fcber 40 km langen Radweg die Weiler der Region und die Str\u00e4nde entdecken.<\/p>\n\n\n\n<h2 class=\"wp-block-heading\">Das Programm<\/h2>\n\n\n\n<p><strong>Samstag<\/strong> Besuch des Paccard-Museums von 09:00 bis 11:00 Uhr Die 1796 gegr\u00fcndete Gie\u00dferei Paccard ist eine Institution des industriellen Erbes der Savoyen. Die Familie Paccard enth\u00fcllt Ihnen die Geheimnisse ihres \u00fcberlieferten Know-hows. Treten Sie ein in die Welt der Glockengie\u00dfer, erleben Sie den Zauber des brennenden Metalls und die Herstellungstechniken von der Antike bis heute. Eine F\u00fchrung durch die Werkst\u00e4tten der Glockengie\u00dferei mit einem kurzen Film \u00fcber einen der Weltrekorde des Hauses und einer Vorf\u00fchrung des elektronischen Glockenspiels. <a href=\"https:\/\/musee-paccard.com\/\" target=\"_blank\" rel=\"noreferrer noopener\">Website<\/a> Auf das festliche Abendessen folgt ein musikalischer Abend, der von einem Duo der Formation Odys\u00e9e gestaltet wird. <strong>Sonntag<\/strong> Umrundung des Sees von Annecy im Uhrzeigersinn auf dem Radweg, Treffpunkt vor der Kirche von Sevrier um 9 Uhr.<\/p>\n\n\n\n<figure class=\"wp-block-image size-full\"><img loading=\"lazy\" decoding=\"async\" width=\"1365\" height=\"1024\" src=\"https:\/\/centcols.org\/wp-content\/uploads\/2025\/08\/IMG_20210927_091815.jpg\" alt=\"\" class=\"wp-image-88516\" srcset=\"https:\/\/centcols.org\/wp-content\/uploads\/2025\/08\/IMG_20210927_091815.jpg 1365w, https:\/\/centcols.org\/wp-content\/uploads\/2025\/08\/IMG_20210927_091815-1200x900.jpg 1200w, https:\/\/centcols.org\/wp-content\/uploads\/2025\/08\/IMG_20210927_091815-768x576.jpg 768w\" sizes=\"auto, (max-width: 1365px) 100vw, 1365px\" \/><\/figure>\n\n\n\n<h2 class=\"wp-block-heading\"><a href=\"https:\/\/centcols.org\/de\/membres\/cctours\/tours.php\/?lieu=Annecy&amp;an=2022\" target=\"_blank\" rel=\"noreferrer noopener\">Die Rundreisen<\/a><\/h2>\n\n\n\n<h4 class=\"wp-block-heading\"><a href=\"https:\/\/centcols.org\/de\/membres\/cctours\/tours.php\/?lieu=Annecy&amp;an=2022&amp;genre=R\" target=\"_blank\" rel=\"noreferrer noopener\">Stra\u00dfenrundfahrten<\/a><\/h4>\n\n\n\n<h4 class=\"wp-block-heading\"><a href=\"https:\/\/centcols.org\/de\/membres\/cctours\/tours.php\/?lieu=Annecy&amp;an=2022&amp;genre=V\" target=\"_blank\" rel=\"noreferrer noopener\">Mountainbike-Routen<\/a><\/h4>\n\n\n\n<h2 class=\"wp-block-heading\">Unterkunft<\/h2>\n\n\n\n<p>Im Herzen der Haute-Savoie, im regionalen Naturpark Les Bauges, profitiert das Feriendorf \u201cLes Balcons du lac\u201d von einer privilegierten Lage. Das Dorf liegt in Sevrier, 8 km von Annecy entfernt, auf der Stra\u00dfe zum Col de Leschaux, dem sogenannten \u201csavoyischen Venedig\u201d, und \u00fcberblickt den See von Annecy und seine Bergwelt. Der Panoramasalon und das Restaurant bieten Ihnen einen 180\u00b0-Blick auf den See und die Bergmassive im Norden der Haute-Savoie. Die Einrichtung wurde vor dem Covid umfassend renoviert. Les Balcons du Lac d'Annecy - 1487 Route de Cessenaz - 74320 Sevrier Tel: +33 (0)4 50 52 44 25 <a href=\"https:\/\/www.neaclub.com\/les-balcons-du-lac-annecy-sevrier\/\" target=\"_blank\" rel=\"noreferrer noopener\">Website<\/a><a href=\"https:\/\/centcols.org\/de\/img_20210927_133954\/\"><\/a> Christophe Badonnel die Bar <a href=\"https:\/\/centcols.org\/de\/img_20210927_125708\/\"><\/a> Christophe Badonnel das Restaurant<\/p>\n\n\n\n<div class=\"wp-block-columns is-layout-flex wp-container-core-columns-is-layout-9d6595d7 wp-block-columns-is-layout-flex\">\n<div class=\"wp-block-column is-layout-flow wp-block-column-is-layout-flow\" style=\"flex-basis:66.66%\">\n<div style=\"height:40px\" aria-hidden=\"true\" class=\"wp-block-spacer\"><\/div>\n\n\n\n<figure class=\"wp-block-gallery has-nested-images columns-default is-cropped wp-block-gallery-1 is-layout-flex wp-block-gallery-is-layout-flex\">\n<figure class=\"wp-block-image size-full\"><a href=\"https:\/\/centcols.org\/wp-content\/uploads\/2025\/08\/IMG_20210927_133954.jpg\"><img loading=\"lazy\" decoding=\"async\" width=\"1365\" height=\"1024\" data-id=\"88518\" src=\"https:\/\/centcols.org\/wp-content\/uploads\/2025\/08\/IMG_20210927_133954.jpg\" alt=\"\" class=\"wp-image-88518\" srcset=\"https:\/\/centcols.org\/wp-content\/uploads\/2025\/08\/IMG_20210927_133954.jpg 1365w, https:\/\/centcols.org\/wp-content\/uploads\/2025\/08\/IMG_20210927_133954-1200x900.jpg 1200w, https:\/\/centcols.org\/wp-content\/uploads\/2025\/08\/IMG_20210927_133954-768x576.jpg 768w\" sizes=\"auto, (max-width: 1365px) 100vw, 1365px\" \/><\/a><figcaption class=\"wp-element-caption\">Christophe Badonnel die Bar<\/figcaption><\/figure>\n\n\n\n<figure class=\"wp-block-image size-full\"><a href=\"https:\/\/centcols.org\/wp-content\/uploads\/2025\/08\/IMG_20210927_125708.jpg\"><img loading=\"lazy\" decoding=\"async\" width=\"1365\" height=\"1024\" data-id=\"88520\" src=\"https:\/\/centcols.org\/wp-content\/uploads\/2025\/08\/IMG_20210927_125708.jpg\" alt=\"\" class=\"wp-image-88520\" srcset=\"https:\/\/centcols.org\/wp-content\/uploads\/2025\/08\/IMG_20210927_125708.jpg 1365w, https:\/\/centcols.org\/wp-content\/uploads\/2025\/08\/IMG_20210927_125708-1200x900.jpg 1200w, https:\/\/centcols.org\/wp-content\/uploads\/2025\/08\/IMG_20210927_125708-768x576.jpg 768w\" sizes=\"auto, (max-width: 1365px) 100vw, 1365px\" \/><\/a><figcaption class=\"wp-element-caption\">Christophe Badonnel das Restaurant<\/figcaption><\/figure>\n<\/figure>\n\n\n\n<p>Sie werden in einem Zweibettzimmer untergebracht, das mit einem Fernseher und einem Haartrockner ausgestattet ist. Die Betten sind bei der Ankunft bezogen und die Handt\u00fccher werden gestellt. Eine Belegung im Einzelzimmer ist je nach Verf\u00fcgbarkeit m\u00f6glich (gegen Aufpreis).<\/p>\n<\/div>\n\n\n\n<div class=\"wp-block-column is-layout-flow wp-block-column-is-layout-flow\" style=\"flex-basis:33.33%\">\n<h2 class=\"wp-block-heading has-text-align-center\">Anmerkung des Verwaltungsrats<\/h2>\n\n\n\n<p>Wenn Sie f\u00fcr Ihre Unterkunft anderswo als im Feriendorf sorgen, bitten wir Sie trotzdem, uns \u00fcber Ihre Teilnahme am Aufenthalt zu informieren, und zwar aus drei Gr\u00fcnden:<\/p>\n\n\n\n<ol class=\"wp-block-list\">\n<li>Um die Organisation dieses Ereignisses zu erleichtern (Anpassung der Leistungen: Empfangst\u00f6pfe, \u00dcberreichung der Geschenke speziell f\u00fcr 50 Jahre).<\/li>\n\n\n\n<li>Um eine Aufteilung in mehrere Gruppen auf den Strecken vorsehen zu k\u00f6nnen, um die Sicherheit jedes Einzelnen zu verbessern.<\/li>\n\n\n\n<li>Zur besseren Einsch\u00e4tzung aller unvorhergesehenen Ereignisse durch die Organisatoren.<\/li>\n<\/ol>\n<\/div>\n<\/div>\n\n\n\n<h2 class=\"wp-block-heading\">Anmeldungen<\/h2>\n\n\n\n<p>Um sich anzumelden, laden Sie das PDF-Anmeldeformular mit dem unten stehenden Link herunter und befolgen Sie die Anweisungen darin. Bitte beachten Sie, dass das Anmeldeformular auf der Website des Clubs Folgendes enth\u00e4lt <strong>vier Seiten<\/strong> (Achten Sie darauf, alle f\u00fcr Sie relevanten Rubriken auszuf\u00fcllen und unten auf der Seite zu unterschreiben), und die Bedingungen der Gritchen-Versicherung, die Sie ebenfalls unterschreiben. Wenn Sie vorhaben, sich von Ihrem Partner\/Ihrer Partnerin begleiten zu lassen, achten Sie bitte darauf, ihn\/sie vorher bei Ihrem Territorialen Delegierten als assoziiertes Mitglied anzumelden und vergessen Sie nicht, seine\/ihre Mitgliedsnummer in das daf\u00fcr vorgesehene Feld einzutragen. Wenn, und nur wenn, ein Teilnehmer keine FFCT-Lizenz besitzt, muss f\u00fcr ihn zus\u00e4tzlich die Pflichtversicherung f\u00fcr 1 \u20ac pro Tag abgeschlossen werden. <strong>Je nachdem, wann Sie ankommen und wann Sie abreisen, ist die Pauschale nicht dieselbe:<\/strong><\/p>\n\n\n\n<ul class=\"wp-block-list\">\n<li>Wenn Sie am Freitag zum Abendessen anreisen und am Sonntag nach dem Mittagessen abreisen, nehmen Sie das Paket f\u00fcr 165 Euro.<\/li>\n\n\n\n<li>Wenn Sie am Samstag zum Abendessen anreisen und am Sonntag nach dem Mittagessen abreisen, nehmen Sie das Paket f\u00fcr 89 Euro.<\/li>\n\n\n\n<li>Wenn Sie am Samstag zum Abendessen anreisen und am Sonntag nach dem Fr\u00fchst\u00fcck abreisen, nehmen Sie das Halbpensionspaket f\u00fcr 79 Euro.<\/li>\n\n\n\n<li>Wenn Sie ohne Unterkunft kommen (entweder AR am Tag oder Unterkunft auf eigene Faust), k\u00f6nnen Sie sich f\u00fcr die Mahlzeiten anmelden: Mittag- und Abendessen f\u00fcr 20,50 Euro. Das verbesserte Essen am Samstagabend kostet 33 Euro.<\/li>\n\n\n\n<li>Besuch des Paccard-Museums am Samstagmorgen f\u00fcr 11 Euro.<\/li>\n<\/ul>\n\n\n\n<p>F\u00fcr alle Antr\u00e4ge auf vorzeitige Anreise nehmen Sie bitte direkt Kontakt mit der Buchungszentrale auf: Tel: +33 (0)4 50 52 61 51. Sie k\u00f6nnen den Betrag der Anmeldung bezahlen <strong>per Scheck oder \u00dcberweisung<\/strong> auf das Konto des Clubs \u00fcberweisen. Aufgrund der zus\u00e4tzlichen Geb\u00fchren, die von der Organisation, die das Konto verwaltet, erhoben werden, nehmen wir keine Zahlungen per PayPal an. <strong>Die Zuweisung von Mitgliedern<\/strong> erfolgt in der Reihenfolge des Versands des Schecks oder der Ausstellung der \u00dcberweisung. Bei ersterem gilt der Poststempel, bei letzterem achten Sie bitte darauf, uns eine Kopie des \u00dcberweisungsauftrags zu schicken. Wenn der Aufenthalt ausgebucht ist, wird eine Warteliste eingerichtet, die nach denselben Regeln f\u00fcr die Priorit\u00e4t der Zuteilung funktioniert wie die direkten Anmeldungen. <strong>Trombinoskop :<\/strong> Wenn Sie Ihr Foto noch nicht f\u00fcr den <strong>trombinoskop <\/strong>und darin erscheinen m\u00f6chten, denken Sie bitte daran, das entsprechende K\u00e4stchen anzukreuzen und uns ein Foto im JPG-Format per E-Mail zu schicken. Von <strong>Zusatzinformationen<\/strong> werden zu einem sp\u00e4teren Zeitpunkt auf der Website, die Sie regelm\u00e4\u00dfig besuchen k\u00f6nnen, ver\u00f6ffentlicht. Jedes Mal stellt der Verantwortliche f\u00fcr die Aufenthalte eine kleine Mail auf die Mailingliste. Wenn Sie diese Mails erhalten m\u00f6chten, laden wir Sie dazu ein <strong>sich in die Mailingliste eintragen<\/strong>, Wenn Sie es noch nicht getan haben. <strong>Wenn Sie Fragen haben<\/strong> z\u00f6gern Sie nicht, den Verantwortlichen f\u00fcr den Aufenthalt anzurufen: +33 6 78 87 33 67.<\/p>\n\n\n\n<h3 class=\"wp-block-heading\">Newsletter herunterladen<\/h3>\n\n\n\n<ul class=\"wp-block-list\">\n<li>Anmeldeformular Annecy auf Franz\u00f6sisch<\/li>\n\n\n\n<li>Booking form Annecy in English<\/li>\n\n\n\n<li>Modulo d'iscrizione Annecy in italiano<\/li>\n<\/ul>\n\n\n\n<p>Die Frist f\u00fcr den Eingang der Anmeldungen wurde am<strong> :<\/strong><\/p>\n\n\n\n<p><strong>02. September 2022 f\u00fcr Personen, die eine Unterkunft nehmen.<\/strong><\/p>\n\n\n\n<p><strong>04. Oktober 2022 f\u00fcr Personen, die eine Mahlzeit einnehmen, das Paccard-Museum besichtigen und nur an der Generalversammlung teilnehmen<\/strong><\/p>\n\n\n\n<h2 class=\"wp-block-heading\">Generalversammlung des \"Club des Cent Cols<\/h2>\n\n\n\n<p>Die Generalversammlung wird im Imperial Palace am Ufer des Sees abgehalten. Sie findet am Samstag, den 05. November 2022, ab 14.30 Uhr im Saal Europa statt. Anschlie\u00dfend findet ein Aperitif statt. Weitere Informationen finden Sie auf der Seite Generalversammlung. Die Einladung und die Statutendokumente werden wie \u00fcblich \u00fcber ein Info Cent Cols im Oktober verteilt und sind auf der Website verf\u00fcgbar.<\/p>\n\n\n\n<h2 class=\"wp-block-heading\">Verleihung von Diplomen und Patenten<\/h2>\n\n\n\n<p>Wenn Sie ein Cap (500 Cols, 1000 Cols, etc.) \u00fcberschritten oder ein Brevet des cols routiers abgeschlossen haben, m\u00fcssen Sie Nadine Giraudeau f\u00fcr das Diplom und Bernard Giraudeau f\u00fcr das Brevet fragen. Die \u00dcbergabe erfolgt am Freitagabend, den 04. November, in Anwesenheit unseres Gr\u00fcndungspr\u00e4sidenten Jean Perdoux. W\u00e4hrend der Generalversammlung wird denjenigen, die den Challenge Jean Perdoux abgeschlossen haben, das Brevet und unserem Mitglied Nr. 8000, Christophe Marchal, der auf hohem Niveau Handbike f\u00e4hrt, das Diplom \u00fcberreicht.<\/p>","protected":false},"excerpt":{"rendered":"<p>Ont contribu\u00e9 \u00e0 cette page de pr\u00e9sentation du s\u00e9jour les responsables informatiques, Enrico Alberini, Jean-Luc Matte et Christophe Badonnel Les \u00e9chos : Compte-renduL\u2019album photo de Pierre Mai Les tables au d\u00eener apr\u00e8s l\u2019Assembl\u00e9e g\u00e9n\u00e9raleL\u2019AG sur le blog de Guy Garcin Vous trouverez ci-dessous les rubriques : Pr\u00e9sentation de la r\u00e9gion : Apr\u00e8s 2012 et 2017, [&hellip;]<\/p>\n","protected":false},"author":64,"featured_media":0,"comment_status":"closed","ping_status":"closed","sticky":false,"template":"","format":"standard","meta":{"_acf_changed":false,"footnotes":""},"categories":[349,367,373,374,231],"tags":[],"class_list":["post-82339","post","type-post","status-publish","format-standard","hentry","category-france-pays-sejours","category-auvergne-rhone-alpes-region-sejours","category-alpes-francaises-du-nord-massif-sejours","category-74-haute-savoie","category-sejours"],"acf":[],"yoast_head":"<!-- This site is optimized with the Yoast SEO plugin v27.2 - https:\/\/yoast.com\/product\/yoast-seo-wordpress\/ -->\n<title>S\u00e9jour d&#039;automne et assembl\u00e9e g\u00e9n\u00e9rale pour le 50 i\u00e8me anniversaire de la confr\u00e9rie \u00e0 Annecy (Haute Savoie), du 04 au 06 novembre 2022 - Club des Cent Cols<\/title>\n<meta name=\"robots\" content=\"index, follow, max-snippet:-1, max-image-preview:large, max-video-preview:-1\" \/>\n<link rel=\"canonical\" href=\"https:\/\/centcols.org\/de\/ag-2022-annecy\/\" \/>\n<meta property=\"og:locale\" content=\"de_DE\" \/>\n<meta property=\"og:type\" content=\"article\" \/>\n<meta property=\"og:title\" content=\"S\u00e9jour d&#039;automne et assembl\u00e9e g\u00e9n\u00e9rale pour le 50 i\u00e8me anniversaire de la confr\u00e9rie \u00e0 Annecy (Haute Savoie), du 04 au 06 novembre 2022 - Club des Cent Cols\" \/>\n<meta property=\"og:description\" content=\"Ont contribu\u00e9 \u00e0 cette page de pr\u00e9sentation du s\u00e9jour les responsables informatiques, Enrico Alberini, Jean-Luc Matte et Christophe Badonnel Les \u00e9chos : Compte-renduL\u2019album photo de Pierre Mai Les tables au d\u00eener apr\u00e8s l\u2019Assembl\u00e9e g\u00e9n\u00e9raleL\u2019AG sur le blog de Guy Garcin Vous trouverez ci-dessous les rubriques : Pr\u00e9sentation de la r\u00e9gion : Apr\u00e8s 2012 et 2017, [&hellip;]\" \/>\n<meta property=\"og:url\" content=\"https:\/\/centcols.org\/de\/ag-2022-annecy\/\" \/>\n<meta property=\"og:site_name\" content=\"Club des Cent Cols\" \/>\n<meta property=\"article:publisher\" content=\"https:\/\/www.facebook.com\/groups\/5261880558\/?locale=fr_FR\" \/>\n<meta property=\"article:published_time\" content=\"2022-05-27T12:36:28+00:00\" \/>\n<meta property=\"article:modified_time\" content=\"2025-09-14T04:32:25+00:00\" \/>\n<meta property=\"og:image\" content=\"https:\/\/centcols.org\/wp-content\/uploads\/2025\/08\/IMG_20210927_091815.jpg\" \/>\n\t<meta property=\"og:image:width\" content=\"1365\" \/>\n\t<meta property=\"og:image:height\" content=\"1024\" \/>\n\t<meta property=\"og:image:type\" content=\"image\/jpeg\" \/>\n<meta name=\"author\" content=\"Christophe Badonnel\" \/>\n<meta name=\"twitter:card\" content=\"summary_large_image\" \/>\n<meta name=\"twitter:label1\" content=\"Verfasst von\" \/>\n\t<meta name=\"twitter:data1\" content=\"Christophe Badonnel\" \/>\n\t<meta name=\"twitter:label2\" content=\"Gesch\u00e4tzte Lesezeit\" \/>\n\t<meta name=\"twitter:data2\" content=\"8\u00a0Minuten\" \/>\n<script type=\"application\/ld+json\" class=\"yoast-schema-graph\">{\"@context\":\"https:\/\/schema.org\",\"@graph\":[{\"@type\":\"Article\",\"@id\":\"https:\/\/centcols.org\/ag-2022-annecy\/#article\",\"isPartOf\":{\"@id\":\"https:\/\/centcols.org\/ag-2022-annecy\/\"},\"author\":{\"name\":\"Christophe Badonnel\",\"@id\":\"https:\/\/centcols.org\/#\/schema\/person\/5c1a9d61132fb33ccec149272abff6e1\"},\"headline\":\"S\u00e9jour d&rsquo;automne et assembl\u00e9e g\u00e9n\u00e9rale pour le 50 i\u00e8me anniversaire de la confr\u00e9rie \u00e0 Annecy (Haute Savoie), du 04 au 06 novembre 2022\",\"datePublished\":\"2022-05-27T12:36:28+00:00\",\"dateModified\":\"2025-09-14T04:32:25+00:00\",\"mainEntityOfPage\":{\"@id\":\"https:\/\/centcols.org\/ag-2022-annecy\/\"},\"wordCount\":1598,\"publisher\":{\"@id\":\"https:\/\/centcols.org\/#organization\"},\"image\":{\"@id\":\"https:\/\/centcols.org\/ag-2022-annecy\/#primaryimage\"},\"thumbnailUrl\":\"https:\/\/centcols.org\/wp-content\/uploads\/2025\/08\/IMG_20210927_091815.jpg\",\"articleSection\":[\"France\",\"Auvergne-Rh\u00f4ne-Alpes\",\"Alpes fran\u00e7aises du Nord\",\"74-Haute-Savoie\",\"S\u00e9jours du Club des Cent Cols\"],\"inLanguage\":\"de\"},{\"@type\":\"WebPage\",\"@id\":\"https:\/\/centcols.org\/ag-2022-annecy\/\",\"url\":\"https:\/\/centcols.org\/ag-2022-annecy\/\",\"name\":\"S\u00e9jour d'automne et assembl\u00e9e g\u00e9n\u00e9rale pour le 50 i\u00e8me anniversaire de la confr\u00e9rie \u00e0 Annecy (Haute Savoie), du 04 au 06 novembre 2022 - Club des Cent Cols\",\"isPartOf\":{\"@id\":\"https:\/\/centcols.org\/#website\"},\"primaryImageOfPage\":{\"@id\":\"https:\/\/centcols.org\/ag-2022-annecy\/#primaryimage\"},\"image\":{\"@id\":\"https:\/\/centcols.org\/ag-2022-annecy\/#primaryimage\"},\"thumbnailUrl\":\"https:\/\/centcols.org\/wp-content\/uploads\/2025\/08\/IMG_20210927_091815.jpg\",\"datePublished\":\"2022-05-27T12:36:28+00:00\",\"dateModified\":\"2025-09-14T04:32:25+00:00\",\"breadcrumb\":{\"@id\":\"https:\/\/centcols.org\/ag-2022-annecy\/#breadcrumb\"},\"inLanguage\":\"de\",\"potentialAction\":[{\"@type\":\"ReadAction\",\"target\":[\"https:\/\/centcols.org\/ag-2022-annecy\/\"]}]},{\"@type\":\"ImageObject\",\"inLanguage\":\"de\",\"@id\":\"https:\/\/centcols.org\/ag-2022-annecy\/#primaryimage\",\"url\":\"https:\/\/centcols.org\/wp-content\/uploads\/2025\/08\/IMG_20210927_091815.jpg\",\"contentUrl\":\"https:\/\/centcols.org\/wp-content\/uploads\/2025\/08\/IMG_20210927_091815.jpg\"},{\"@type\":\"BreadcrumbList\",\"@id\":\"https:\/\/centcols.org\/ag-2022-annecy\/#breadcrumb\",\"itemListElement\":[{\"@type\":\"ListItem\",\"position\":1,\"name\":\"Accueil\",\"item\":\"https:\/\/centcols.org\/\"},{\"@type\":\"ListItem\",\"position\":2,\"name\":\"S\u00e9jours du Club des Cent Cols\",\"item\":\"https:\/\/centcols.org\/rubrique\/sejours\/\"},{\"@type\":\"ListItem\",\"position\":3,\"name\":\"Pays\",\"item\":\"https:\/\/centcols.org\/rubrique\/sejours\/pays-sejours\/\"},{\"@type\":\"ListItem\",\"position\":4,\"name\":\"France\",\"item\":\"https:\/\/centcols.org\/rubrique\/sejours\/pays-sejours\/france-pays-sejours\/\"},{\"@type\":\"ListItem\",\"position\":5,\"name\":\"S\u00e9jour d&rsquo;automne et assembl\u00e9e g\u00e9n\u00e9rale pour le 50 i\u00e8me anniversaire de la confr\u00e9rie \u00e0 Annecy (Haute Savoie), du 04 au 06 novembre 2022\"}]},{\"@type\":\"WebSite\",\"@id\":\"https:\/\/centcols.org\/#website\",\"url\":\"https:\/\/centcols.org\/\",\"name\":\"Club des Cent Cols\",\"description\":\"\",\"publisher\":{\"@id\":\"https:\/\/centcols.org\/#organization\"},\"potentialAction\":[{\"@type\":\"SearchAction\",\"target\":{\"@type\":\"EntryPoint\",\"urlTemplate\":\"https:\/\/centcols.org\/?s={search_term_string}\"},\"query-input\":{\"@type\":\"PropertyValueSpecification\",\"valueRequired\":true,\"valueName\":\"search_term_string\"}}],\"inLanguage\":\"de\"},{\"@type\":\"Organization\",\"@id\":\"https:\/\/centcols.org\/#organization\",\"name\":\"Club des Cent Cols\",\"url\":\"https:\/\/centcols.org\/\",\"logo\":{\"@type\":\"ImageObject\",\"inLanguage\":\"de\",\"@id\":\"https:\/\/centcols.org\/#\/schema\/logo\/image\/\",\"url\":\"https:\/\/centcols.org\/wp-content\/uploads\/2025\/01\/carte-icone.png\",\"contentUrl\":\"https:\/\/centcols.org\/wp-content\/uploads\/2025\/01\/carte-icone.png\",\"width\":250,\"height\":250,\"caption\":\"Club des Cent Cols\"},\"image\":{\"@id\":\"https:\/\/centcols.org\/#\/schema\/logo\/image\/\"},\"sameAs\":[\"https:\/\/www.facebook.com\/groups\/5261880558\/?locale=fr_FR\"]},{\"@type\":\"Person\",\"@id\":\"https:\/\/centcols.org\/#\/schema\/person\/5c1a9d61132fb33ccec149272abff6e1\",\"name\":\"Christophe Badonnel\",\"image\":{\"@type\":\"ImageObject\",\"inLanguage\":\"de\",\"@id\":\"https:\/\/centcols.org\/wp-content\/litespeed\/avatar\/9f363966b51271bd99ebbb6ebd632889.jpg?ver=1777238111\",\"url\":\"https:\/\/centcols.org\/wp-content\/litespeed\/avatar\/9f363966b51271bd99ebbb6ebd632889.jpg?ver=1777238111\",\"contentUrl\":\"https:\/\/centcols.org\/wp-content\/litespeed\/avatar\/9f363966b51271bd99ebbb6ebd632889.jpg?ver=1777238111\",\"caption\":\"Christophe Badonnel\"},\"url\":\"https:\/\/centcols.org\/de\/author\/5799\/\"}]}<\/script>\n<!-- \/ Yoast SEO plugin. -->","yoast_head_json":{"title":"Herbstaufenthalt und Generalversammlung zum 50. Jubil\u00e4um der Bruderschaft in Annecy (Hochsavoyen), 04. bis 06. November 2022 - Club des Cent Cols","robots":{"index":"index","follow":"follow","max-snippet":"max-snippet:-1","max-image-preview":"max-image-preview:large","max-video-preview":"max-video-preview:-1"},"canonical":"https:\/\/centcols.org\/de\/ag-2022-annecy\/","og_locale":"de_DE","og_type":"article","og_title":"S\u00e9jour d'automne et assembl\u00e9e g\u00e9n\u00e9rale pour le 50 i\u00e8me anniversaire de la confr\u00e9rie \u00e0 Annecy (Haute Savoie), du 04 au 06 novembre 2022 - Club des Cent Cols","og_description":"Ont contribu\u00e9 \u00e0 cette page de pr\u00e9sentation du s\u00e9jour les responsables informatiques, Enrico Alberini, Jean-Luc Matte et Christophe Badonnel Les \u00e9chos : Compte-renduL\u2019album photo de Pierre Mai Les tables au d\u00eener apr\u00e8s l\u2019Assembl\u00e9e g\u00e9n\u00e9raleL\u2019AG sur le blog de Guy Garcin Vous trouverez ci-dessous les rubriques : Pr\u00e9sentation de la r\u00e9gion : Apr\u00e8s 2012 et 2017, [&hellip;]","og_url":"https:\/\/centcols.org\/de\/ag-2022-annecy\/","og_site_name":"Club des Cent Cols","article_publisher":"https:\/\/www.facebook.com\/groups\/5261880558\/?locale=fr_FR","article_published_time":"2022-05-27T12:36:28+00:00","article_modified_time":"2025-09-14T04:32:25+00:00","og_image":[{"width":1365,"height":1024,"url":"https:\/\/centcols.org\/wp-content\/uploads\/2025\/08\/IMG_20210927_091815.jpg","type":"image\/jpeg"}],"author":"Christophe Badonnel","twitter_card":"summary_large_image","twitter_misc":{"Verfasst von":"Christophe Badonnel","Gesch\u00e4tzte Lesezeit":"8\u00a0Minuten"},"schema":{"@context":"https:\/\/schema.org","@graph":[{"@type":"Article","@id":"https:\/\/centcols.org\/ag-2022-annecy\/#article","isPartOf":{"@id":"https:\/\/centcols.org\/ag-2022-annecy\/"},"author":{"name":"Christophe Badonnel","@id":"https:\/\/centcols.org\/#\/schema\/person\/5c1a9d61132fb33ccec149272abff6e1"},"headline":"S\u00e9jour d&rsquo;automne et assembl\u00e9e g\u00e9n\u00e9rale pour le 50 i\u00e8me anniversaire de la confr\u00e9rie \u00e0 Annecy (Haute Savoie), du 04 au 06 novembre 2022","datePublished":"2022-05-27T12:36:28+00:00","dateModified":"2025-09-14T04:32:25+00:00","mainEntityOfPage":{"@id":"https:\/\/centcols.org\/ag-2022-annecy\/"},"wordCount":1598,"publisher":{"@id":"https:\/\/centcols.org\/#organization"},"image":{"@id":"https:\/\/centcols.org\/ag-2022-annecy\/#primaryimage"},"thumbnailUrl":"https:\/\/centcols.org\/wp-content\/uploads\/2025\/08\/IMG_20210927_091815.jpg","articleSection":["France","Auvergne-Rh\u00f4ne-Alpes","Alpes fran\u00e7aises du Nord","74-Haute-Savoie","S\u00e9jours du Club des Cent Cols"],"inLanguage":"de"},{"@type":"WebPage","@id":"https:\/\/centcols.org\/ag-2022-annecy\/","url":"https:\/\/centcols.org\/ag-2022-annecy\/","name":"Herbstaufenthalt und Generalversammlung zum 50. Jubil\u00e4um der Bruderschaft in Annecy (Hochsavoyen), 04. bis 06. November 2022 - Club des Cent Cols","isPartOf":{"@id":"https:\/\/centcols.org\/#website"},"primaryImageOfPage":{"@id":"https:\/\/centcols.org\/ag-2022-annecy\/#primaryimage"},"image":{"@id":"https:\/\/centcols.org\/ag-2022-annecy\/#primaryimage"},"thumbnailUrl":"https:\/\/centcols.org\/wp-content\/uploads\/2025\/08\/IMG_20210927_091815.jpg","datePublished":"2022-05-27T12:36:28+00:00","dateModified":"2025-09-14T04:32:25+00:00","breadcrumb":{"@id":"https:\/\/centcols.org\/ag-2022-annecy\/#breadcrumb"},"inLanguage":"de","potentialAction":[{"@type":"ReadAction","target":["https:\/\/centcols.org\/ag-2022-annecy\/"]}]},{"@type":"ImageObject","inLanguage":"de","@id":"https:\/\/centcols.org\/ag-2022-annecy\/#primaryimage","url":"https:\/\/centcols.org\/wp-content\/uploads\/2025\/08\/IMG_20210927_091815.jpg","contentUrl":"https:\/\/centcols.org\/wp-content\/uploads\/2025\/08\/IMG_20210927_091815.jpg"},{"@type":"BreadcrumbList","@id":"https:\/\/centcols.org\/ag-2022-annecy\/#breadcrumb","itemListElement":[{"@type":"ListItem","position":1,"name":"Accueil","item":"https:\/\/centcols.org\/"},{"@type":"ListItem","position":2,"name":"S\u00e9jours du Club des Cent Cols","item":"https:\/\/centcols.org\/rubrique\/sejours\/"},{"@type":"ListItem","position":3,"name":"Pays","item":"https:\/\/centcols.org\/rubrique\/sejours\/pays-sejours\/"},{"@type":"ListItem","position":4,"name":"France","item":"https:\/\/centcols.org\/rubrique\/sejours\/pays-sejours\/france-pays-sejours\/"},{"@type":"ListItem","position":5,"name":"S\u00e9jour d&rsquo;automne et assembl\u00e9e g\u00e9n\u00e9rale pour le 50 i\u00e8me anniversaire de la confr\u00e9rie \u00e0 Annecy (Haute Savoie), du 04 au 06 novembre 2022"}]},{"@type":"WebSite","@id":"https:\/\/centcols.org\/#website","url":"https:\/\/centcols.org\/","name":"Club des Cent Cols","description":"","publisher":{"@id":"https:\/\/centcols.org\/#organization"},"potentialAction":[{"@type":"SearchAction","target":{"@type":"EntryPoint","urlTemplate":"https:\/\/centcols.org\/?s={search_term_string}"},"query-input":{"@type":"PropertyValueSpecification","valueRequired":true,"valueName":"search_term_string"}}],"inLanguage":"de"},{"@type":"Organization","@id":"https:\/\/centcols.org\/#organization","name":"Club des Cent Cols","url":"https:\/\/centcols.org\/","logo":{"@type":"ImageObject","inLanguage":"de","@id":"https:\/\/centcols.org\/#\/schema\/logo\/image\/","url":"https:\/\/centcols.org\/wp-content\/uploads\/2025\/01\/carte-icone.png","contentUrl":"https:\/\/centcols.org\/wp-content\/uploads\/2025\/01\/carte-icone.png","width":250,"height":250,"caption":"Club des Cent Cols"},"image":{"@id":"https:\/\/centcols.org\/#\/schema\/logo\/image\/"},"sameAs":["https:\/\/www.facebook.com\/groups\/5261880558\/?locale=fr_FR"]},{"@type":"Person","@id":"https:\/\/centcols.org\/#\/schema\/person\/5c1a9d61132fb33ccec149272abff6e1","name":"Christophe Badonnel","image":{"@type":"ImageObject","inLanguage":"de","@id":"https:\/\/centcols.org\/wp-content\/litespeed\/avatar\/9f363966b51271bd99ebbb6ebd632889.jpg?ver=1777238111","url":"https:\/\/centcols.org\/wp-content\/litespeed\/avatar\/9f363966b51271bd99ebbb6ebd632889.jpg?ver=1777238111","contentUrl":"https:\/\/centcols.org\/wp-content\/litespeed\/avatar\/9f363966b51271bd99ebbb6ebd632889.jpg?ver=1777238111","caption":"Christophe Badonnel"},"url":"https:\/\/centcols.org\/de\/author\/5799\/"}]}},"_links":{"self":[{"href":"https:\/\/centcols.org\/de\/wp-json\/wp\/v2\/posts\/82339","targetHints":{"allow":["GET"]}}],"collection":[{"href":"https:\/\/centcols.org\/de\/wp-json\/wp\/v2\/posts"}],"about":[{"href":"https:\/\/centcols.org\/de\/wp-json\/wp\/v2\/types\/post"}],"author":[{"embeddable":true,"href":"https:\/\/centcols.org\/de\/wp-json\/wp\/v2\/users\/64"}],"replies":[{"embeddable":true,"href":"https:\/\/centcols.org\/de\/wp-json\/wp\/v2\/comments?post=82339"}],"version-history":[{"count":0,"href":"https:\/\/centcols.org\/de\/wp-json\/wp\/v2\/posts\/82339\/revisions"}],"wp:attachment":[{"href":"https:\/\/centcols.org\/de\/wp-json\/wp\/v2\/media?parent=82339"}],"wp:term":[{"taxonomy":"category","embeddable":true,"href":"https:\/\/centcols.org\/de\/wp-json\/wp\/v2\/categories?post=82339"},{"taxonomy":"post_tag","embeddable":true,"href":"https:\/\/centcols.org\/de\/wp-json\/wp\/v2\/tags?post=82339"}],"curies":[{"name":"wp","href":"https:\/\/api.w.org\/{rel}","templated":true}]}}