{"id":82398,"date":"2022-12-26T09:18:20","date_gmt":"2022-12-26T07:18:20","guid":{"rendered":"https:\/\/centcols.org\/sejour-dete-a-praz-sur-arly-26-aout-au-02-septembre-2023\/"},"modified":"2025-08-27T07:46:23","modified_gmt":"2025-08-27T05:46:23","slug":"aufenthalt-2023-praz-sur-arly","status":"publish","type":"post","link":"https:\/\/centcols.org\/de\/sejour-2023-praz-sur-arly\/","title":{"rendered":"Sommeraufenthalt in Praz-sur-Arly, 26. August bis 02. September 2023"},"content":{"rendered":"\n<p class=\"has-text-align-left\"><span style=\"color: #808080;\">Ont contribu\u00e9 \u00e0 cette page de pr\u00e9sentation du s\u00e9jour Enrico Alberini, Jean Luc Matte, Christophe Badonnel et les responsables informatiques.<\/span><\/p>\n\n\n\n<p><span style=\"color: #000000;\">Le s\u00e9jour d\u2019\u00e9t\u00e9 2023 se d\u00e9roulera du 26 ao\u00fbt au 02 septembre 2023 dans le d\u00e9partement de Haute-Savoie au coeur du Pays du Mont-Blanc. Il a \u00e9t\u00e9 pr\u00e9par\u00e9 par une petite \u00e9quipe locale : Sylvie R\u00e9mond, Didier R\u00e9mond et S\u00e9bastien Vadot.<\/span><\/p>\n\n\n\n<p><a href=\"https:\/\/photos.google.com\/share\/AF1QipMV6lSVuLWkdfolxu-LK54r4_aKLN6dCgHazxXXZFlSz7BT-qIFEHl68xWcETVYCw\/photo\/AF1QipP21G4DKb2p9PLM7AyoH_UHrP2nmQRhK-hok3v-?key=SUw2ZC1mcFhFMlhJV2k3cTJEelYzR1F4TnA3SmN3\" target=\"_blank\" rel=\"noopener\">Album photos de Didier R\u00e9mond<\/a><\/p>\n\n\n<div class=\"wp-block-image size-thumbnail wp-image-69447\">\n<figure class=\"aligncenter size-full\"><img loading=\"lazy\" decoding=\"async\" width=\"300\" height=\"300\" src=\"https:\/\/centcols.org\/wp-content\/uploads\/2025\/08\/vue-sur-le-Mont-Blanc.jpg\" alt=\"\" class=\"wp-image-85871\" srcset=\"https:\/\/centcols.org\/wp-content\/uploads\/2025\/08\/vue-sur-le-Mont-Blanc.jpg 300w, https:\/\/centcols.org\/wp-content\/uploads\/2025\/08\/vue-sur-le-Mont-Blanc-150x150.jpg 150w\" sizes=\"auto, (max-width: 300px) 100vw, 300px\" \/><figcaption class=\"wp-element-caption\">vue sur le Mont Blanc \u00a9 Didier R\u00e9mond<\/figcaption><\/figure>\n<\/div>\n\n\n<p><span style=\"color: #000000;\">Nous s\u00e9journerons dans le village vacances Belambra \u00ab\u00a0l&rsquo;Alisier\u00a0\u00bb<br><\/span><\/p>\n\n\n<p><div class=\"leaflet-map WPLeafletMap\" style=\"height:700px; width:100%;\"><\/div><script>\nwindow.WPLeafletMapPlugin = window.WPLeafletMapPlugin || [];\nwindow.WPLeafletMapPlugin.push(function WPLeafletMapShortcode() {\/*<script>*\/\nvar baseUrl = atob('aHR0cHM6Ly90aWxlLm9wZW5zdHJlZXRtYXAub3JnL3t6fS97eH0ve3l9LnBuZw==');\nvar base = (!baseUrl && window.MQ) ?\n    window.MQ.mapLayer() : L.tileLayer(baseUrl,\n        L.Util.extend({}, {\n            detectRetina: 0,\n        },\n        {\"subdomains\":\"abc\",\"noWrap\":false,\"maxZoom\":19}        )\n    );\n    var options = L.Util.extend({}, {\n        layers: [base],\n        attributionControl: false\n    },\n    {\"zoomControl\":false,\"scrollWheelZoom\":false,\"doubleClickZoom\":false,\"fitBounds\":false,\"minZoom\":0,\"maxZoom\":19,\"maxBounds\":null,\"attribution\":\"<a href=\\\"http:\\\/\\\/leafletjs.com\\\" title=\\\"Une biblioth\\u00e8que JS pour des cartes interactives\\\">Leaflet<\\\/a>; \\u00a9 <a href=\\\"http:\\\/\\\/www.openstreetmap.org\\\/copyright\\\">OpenStreetMap<\\\/a> contributeurs\\\/contributrices\"},\n    {});\nwindow.WPLeafletMapPlugin.createMap(options).setView([45.836,6.566],14);});<\/script><br \/>\n<script>\nwindow.WPLeafletMapPlugin = window.WPLeafletMapPlugin || [];\nwindow.WPLeafletMapPlugin.push(function WPLeafletMarkerShortcode() {\/*<script>*\/\nvar map = window.WPLeafletMapPlugin.getCurrentMap();\nvar group = window.WPLeafletMapPlugin.getCurrentGroup();\nvar marker_options = window.WPLeafletMapPlugin.getIconOptions({\"iconUrl\":\"\\\/res\\\/lib\\\/leaflet\\\/images\\\/hotel.png\",\"iconSize\":\"24,72\",\"popupAnchor\":\"0,-32\"});\nvar marker = L.marker(\n    [45.836,6.566],\n    marker_options\n);\nvar is_image = map.is_image_map;\nif (marker_options.draggable) {\n    marker.on('dragend', function () {\n        var latlng = this.getLatLng();\n        var lat = latlng.lat;\n        var lng = latlng.lng;\n        if (is_image) {\n            console.log('leaflet-marker y=' + lat + ' x=' + lng);\n        } else {\n            console.log('leaflet-marker lat=' + lat + ' lng=' + lng);\n        }\n    });\n}\nmarker.addTo( group );\nmarker.bindPopup(window.WPLeafletMapPlugin.unescape('Club Belambra L&amp;rsquo;Alisier'));window.WPLeafletMapPlugin.markers.push( marker );\n        });<\/script><\/p>\n\n\n        <div class=\"toc-wrapper\" data-columns=\"3\"\n            data-headings=\"[{&quot;level&quot;:2,&quot;text&quot;:&quot;Pr\\u00e9sentation de la r\\u00e9gion&quot;,&quot;id&quot;:&quot;0-pr%C3%A9sentation-de-la-r%C3%A9gion&quot;,&quot;page&quot;:1,&quot;existing_id&quot;:true},{&quot;level&quot;:4,&quot;text&quot;:&quot;Histoire&quot;,&quot;id&quot;:&quot;1-histoire-&quot;,&quot;page&quot;:1,&quot;existing_id&quot;:true},{&quot;level&quot;:4,&quot;text&quot;:&quot;Tourisme&quot;,&quot;id&quot;:&quot;2-tourisme-&quot;,&quot;page&quot;:1,&quot;existing_id&quot;:true},{&quot;level&quot;:4,&quot;text&quot;:&quot;Gastronomie&quot;,&quot;id&quot;:&quot;3-gastronomie-&quot;,&quot;page&quot;:1,&quot;existing_id&quot;:true},{&quot;level&quot;:2,&quot;text&quot;:&quot;Circuits&quot;,&quot;id&quot;:&quot;4-circuits-&quot;,&quot;page&quot;:1,&quot;existing_id&quot;:true},{&quot;level&quot;:3,&quot;text&quot;:&quot;Parcours route&quot;,&quot;id&quot;:&quot;5-parcours-route-&quot;,&quot;page&quot;:1,&quot;existing_id&quot;:true},{&quot;level&quot;:3,&quot;text&quot;:&quot;Parcours VTT&quot;,&quot;id&quot;:&quot;6-parcours-vtt-&quot;,&quot;page&quot;:1,&quot;existing_id&quot;:true},{&quot;level&quot;:2,&quot;text&quot;:&quot;Le rassemblement international annuel&quot;,&quot;id&quot;:&quot;7-le-rassemblement-international-annuel&quot;,&quot;page&quot;:1,&quot;existing_id&quot;:true},{&quot;level&quot;:2,&quot;text&quot;:&quot;H\\u00e9bergement&quot;,&quot;id&quot;:&quot;8-h%C3%A9bergement&quot;,&quot;page&quot;:1,&quot;existing_id&quot;:true},{&quot;level&quot;:2,&quot;text&quot;:&quot;Note du Conseil d\\u2019Administration&quot;,&quot;id&quot;:&quot;heading-1751057926500-5&quot;,&quot;page&quot;:1,&quot;existing_id&quot;:true},{&quot;level&quot;:3,&quot;text&quot;:&quot;Autres h\\u00e9bergements&quot;,&quot;id&quot;:&quot;9-autres-h%C3%A9bergements&quot;,&quot;page&quot;:1,&quot;existing_id&quot;:true},{&quot;level&quot;:4,&quot;text&quot;:&quot;Campings&quot;,&quot;id&quot;:&quot;10-campings&quot;,&quot;page&quot;:1,&quot;existing_id&quot;:true},{&quot;level&quot;:3,&quot;text&quot;:&quot;Aire de services sans stationnement&quot;,&quot;id&quot;:&quot;11-aire-de-services-sans-stationnement&quot;,&quot;page&quot;:1,&quot;existing_id&quot;:true},{&quot;level&quot;:2,&quot;text&quot;:&quot;Inscriptions&quot;,&quot;id&quot;:&quot;12-inscriptions&quot;,&quot;page&quot;:1,&quot;existing_id&quot;:true},{&quot;level&quot;:3,&quot;text&quot;:&quot;T\\u00e9l\\u00e9charger le bulletin :&quot;,&quot;id&quot;:&quot;13-t%C3%A9l%C3%A9charger-le-bulletin-&quot;,&quot;page&quot;:1,&quot;existing_id&quot;:true},{&quot;level&quot;:2,&quot;text&quot;:&quot;Autres activit\\u00e9s ou visites&quot;,&quot;id&quot;:&quot;14-autres-activit%C3%A9s-ou-visites&quot;,&quot;page&quot;:1,&quot;existing_id&quot;:true}]\"\n            data-current-page=\"1\"\n            data-base-url=\"https:\/\/centcols.org\/de\/sejour-2023-praz-sur-arly\/\">\n            <div class=\"toc-title\">\n                Table des mati\u00e8res            <\/div>\n            <div class=\"toc-content\" style=\"column-count: 3;\">\n                <ul class=\"toc-list\"><li class=\"toc-item toc-level-2\"><a href=\"#0-pr%C3%A9sentation-de-la-r%C3%A9gion\" class=\"toc-link\" data-same-page=\"true\">Pr\u00e9sentation de la r\u00e9gion<\/a><ul class=\"toc-sublist\"><li class=\"toc-item toc-level-4\"><a href=\"#1-histoire-\" class=\"toc-link\" data-same-page=\"true\">Histoire<\/a><\/li><li class=\"toc-item toc-level-4\"><a href=\"#2-tourisme-\" class=\"toc-link\" data-same-page=\"true\">Tourisme<\/a><\/li><li class=\"toc-item toc-level-4\"><a href=\"#3-gastronomie-\" class=\"toc-link\" data-same-page=\"true\">Gastronomie<\/a><\/li><\/ul><\/li><li class=\"toc-item toc-level-2\"><a href=\"#4-circuits-\" class=\"toc-link\" data-same-page=\"true\">Circuits<\/a><ul class=\"toc-sublist\"><li class=\"toc-item toc-level-3\"><a href=\"#5-parcours-route-\" class=\"toc-link\" data-same-page=\"true\">Parcours route<\/a><\/li><li class=\"toc-item toc-level-3\"><a href=\"#6-parcours-vtt-\" class=\"toc-link\" data-same-page=\"true\">Parcours VTT<\/a><\/li><\/ul><\/li><li class=\"toc-item toc-level-2\"><a href=\"#7-le-rassemblement-international-annuel\" class=\"toc-link\" data-same-page=\"true\">Le rassemblement international annuel<\/a><\/li><li class=\"toc-item toc-level-2\"><a href=\"#8-h%C3%A9bergement\" class=\"toc-link\" data-same-page=\"true\">H\u00e9bergement<\/a><\/li><li class=\"toc-item toc-level-2\"><a href=\"#heading-1751057926500-5\" class=\"toc-link\" data-same-page=\"true\">Note du Conseil d\u2019Administration<\/a><ul class=\"toc-sublist\"><li class=\"toc-item toc-level-3\"><a href=\"#9-autres-h%C3%A9bergements\" class=\"toc-link\" data-same-page=\"true\">Autres h\u00e9bergements<\/a><ul class=\"toc-sublist\"><li class=\"toc-item toc-level-4\"><a href=\"#10-campings\" class=\"toc-link\" data-same-page=\"true\">Campings<\/a><\/li><\/ul><\/li><li class=\"toc-item toc-level-3\"><a href=\"#11-aire-de-services-sans-stationnement\" class=\"toc-link\" data-same-page=\"true\">Aire de services sans stationnement<\/a><\/li><\/ul><\/li><li class=\"toc-item toc-level-2\"><a href=\"#12-inscriptions\" class=\"toc-link\" data-same-page=\"true\">Inscriptions<\/a><ul class=\"toc-sublist\"><li class=\"toc-item toc-level-3\"><a href=\"#13-t%C3%A9l%C3%A9charger-le-bulletin-\" class=\"toc-link\" data-same-page=\"true\">T\u00e9l\u00e9charger le bulletin :<\/a><\/li><\/ul><\/li><li class=\"toc-item toc-level-2\"><a href=\"#14-autres-activit%C3%A9s-ou-visites\" class=\"toc-link\" data-same-page=\"true\">Autres activit\u00e9s ou visites<\/a><\/li><\/ul>            <\/div>\n        <\/div>\n    \n\n\n<h2 class=\"wp-block-heading\" id=\"0-pr%C3%A9sentation-de-la-r%C3%A9gion\">Pr\u00e9sentation de la r\u00e9gion<\/h2>\n\n\n\n<p>Praz-sur-Arly est une commune francaise situ\u00e9e dans le d\u00e9partement de la Haute-Savoie, en r\u00e9gion Auvergne-Rh\u00f4ne-Alpes.<br>Le village de Praz-sur-Arly est situ\u00e9 \u00e0 1 035 m\u00e8tres d&rsquo;altitude, dans le val d&rsquo;Arly,<br>entre Meg\u00e8ve et Flumet. Il est baign\u00e9 par l&rsquo;Arly, en amont de ses gorges et voit passer le ruisseau de Cassioz et le ruisseau des Varins.<\/p>\n\n\n\n<h4 class=\"wp-block-heading\" id=\"1-histoire-\"><strong>Histoire<\/strong><\/h4>\n\n\n\n<p>Au XIVe si\u00e8cle, quelques agriculteurs s\u2019installent et b\u00e2tissent les premi\u00e8res fermes \u00e0 la Thona (la Tonnaz aujourd\u2019hui). Ce sont donc les premiers habitants de ce qui deviendra bien plus tard le Pratz de Meg\u00e8ve, puis Praz-sur-Arly. Au fil du temps, d\u2019autres hameaux voient le jour : R\u00e9on, puis le Pratz (origine du centre actuel du village de Praz-sur-Arly).<br>Le XVII\u00e8me si\u00e8cle voit la construction de chapelles (Tonnaz en 1600 et Pratz en 1643) puis d\u2019une \u00e9glise, fond\u00e9e en 1696. Il s\u2019agit de l\u2019\u00e9glise Sainte Marie-Madeleine, unie \u00e0 la paroisse de Meg\u00e8ve.<br>Comme toute la r\u00e9gion, Pratz de Meg\u00e8ve a travers\u00e9 de nombreux bouleversements. Sous la R\u00e9volution fran\u00e7aise, la Savoie est annex\u00e9e par la nouvelle r\u00e9publique avant de revenir au royaume du Pi\u00e9mont-Sardaigne. Une seconde p\u00e9riode de troubles permet le rattachement de la Savoie \u00e0 la France, et le 14 juin 1860, Pratz de Meg\u00e8ve devient d\u00e9finitivement fran\u00e7aise, mais les Pralins restent Meg\u00e8vants.<br>La s\u00e9paration avec Meg\u00e8ve sera prononc\u00e9e en 1869, par d\u00e9cret, \u00e0 la suite de divergences politiques entre Meg\u00e8ve et l\u2019administration imp\u00e9riale, et deviendra effective en 1870.<br>En 1907, \u00e0 la demande du conseil municipal et par d\u00e9cision gouvernementale, Pratz de Meg\u00e8ve devient Praz-sur-Arly. Cette d\u00e9cision va rendre totalement ind\u00e9pendante la commune et la couper d\u00e9finitivement de Meg\u00e8ve.<\/p>\n\n\n\n<h4 class=\"wp-block-heading\" id=\"2-tourisme-\"><strong>Tourisme<\/strong><\/h4>\n\n\n\n<p>Le village a marqu\u00e9 l&rsquo;histoire du tourisme en accueillant la premi\u00e8re classe de neige en France. Des enfants d&rsquo;une \u00e9cole parisienne ont \u00e9t\u00e9 accueillis \u00e0 Praz-sur-Arly du 9 au 30 mars 1950 au chalet les Bambinos (appel\u00e9 maintenant chalet Val Soleil).<br>Le village poss\u00e8de une station de ski. Son domaine est reli\u00e9 \u00e0 celui de l&rsquo;Espace Diamant, qui permet d&rsquo;associer les stations et villages des Saisies, de Crest-Voland, de Notre-Dame-de-Bellecombe ainsi que de Flumet.<\/p>\n\n\n\n<p>C\u2019est le seul village des Alpes fran\u00e7aises \u00e0 disposer d\u2019un spot de montgolfi\u00e8res avec une compagnie a\u00e9rienne sp\u00e9cialis\u00e9e ouverte presque toute l\u2019ann\u00e9e. Cela est d\u00fb aux conditions a\u00e9rologiques favorables de cette vall\u00e9e alpine ouverte et prot\u00e9g\u00e9e des vents.<\/p>\n\n\n\n<p><a href=\"https:\/\/www.youtube.com\/watch?v=LAVIqbPOrlg\" target=\"_blank\" rel=\"noreferrer noopener\">Praz-sur-Arly, destination Mont-Blanc<\/a><\/p>\n\n\n\n<h4 class=\"wp-block-heading\" id=\"3-gastronomie-\"><strong>Gastronomie<\/strong><\/h4>\n\n\n\n<p>Le territoire de Praz-sur-Arly accueille la production de quatre fromages b\u00e9n\u00e9ficiant du label AOP (appellation d&rsquo;origine prot\u00e9g\u00e9e) et deux autres b\u00e9n\u00e9ficiant du label IGP (indication g\u00e9ographique prot\u00e9g\u00e9e).<br>pour l&rsquo;AOP : le reblochon \u2013 le beaufort \u2013 le chevrotin \u2013 l&rsquo;abondance ;<\/p>\n\n\n\n<p>\u2022pour l&rsquo;IGP : l&#8217;emmental de Savoie \u2013 la tomme de Savoie.<br>Concernant le beaufort, Praz-sur-Arly est la seule commune de Haute-Savoie \u00e0 b\u00e9n\u00e9ficier de son label AOP sur l&rsquo;ensemble de son territoire.<\/p>\n\n\n\n<h2 class=\"wp-block-heading\" id=\"4-circuits-\"><a href=\"https:\/\/centcols.org\/membres\/cctours\/tours.php?lieu=Praz&amp;an=2023\">Circuits<\/a><\/h2>\n\n\n\n<h3 class=\"wp-block-heading\" id=\"5-parcours-route-\"><a href=\"https:\/\/centcols.org\/membres\/cctours\/tours.php?lieu=Praz&amp;an=2023&amp;genre=R\" target=\"_blank\" rel=\"noreferrer noopener\">Parcours route<\/a><\/h3>\n\n\n\n<figure class=\"wp-block-gallery has-nested-images columns-4 is-cropped wp-block-gallery-1 is-layout-flex wp-block-gallery-is-layout-flex\">\n<figure class=\"wp-block-image size-full\"><a href=\"https:\/\/centcols.org\/wp-content\/uploads\/2025\/08\/Seuil-de-Megeve.jpg\"><img loading=\"lazy\" decoding=\"async\" width=\"1200\" height=\"675\" data-id=\"85870\" src=\"https:\/\/centcols.org\/wp-content\/uploads\/2025\/08\/Seuil-de-Megeve.jpg\" alt=\"seuil de Meg\u00e8ve\" class=\"wp-image-85870\" srcset=\"https:\/\/centcols.org\/wp-content\/uploads\/2025\/08\/Seuil-de-Megeve.jpg 1200w, https:\/\/centcols.org\/wp-content\/uploads\/2025\/08\/Seuil-de-Megeve-768x432.jpg 768w\" sizes=\"auto, (max-width: 1200px) 100vw, 1200px\" \/><\/a><figcaption class=\"wp-element-caption\">Seuil de Meg\u00e8ve \u00a9 Didier R\u00e9mond<\/figcaption><\/figure>\n\n\n\n<figure class=\"wp-block-image size-full\"><a href=\"https:\/\/centcols.org\/wp-content\/uploads\/2025\/08\/col-de-Romme.jpg\"><img loading=\"lazy\" decoding=\"async\" width=\"1200\" height=\"675\" data-id=\"85864\" src=\"https:\/\/centcols.org\/wp-content\/uploads\/2025\/08\/col-de-Romme.jpg\" alt=\"col-de-Romme\" class=\"wp-image-85864\" srcset=\"https:\/\/centcols.org\/wp-content\/uploads\/2025\/08\/col-de-Romme.jpg 1200w, https:\/\/centcols.org\/wp-content\/uploads\/2025\/08\/col-de-Romme-768x432.jpg 768w\" sizes=\"auto, (max-width: 1200px) 100vw, 1200px\" \/><\/a><figcaption class=\"wp-element-caption\">col de Romme \u00a9 Didier R\u00e9mond<\/figcaption><\/figure>\n\n\n\n<figure class=\"wp-block-image size-full\"><a href=\"https:\/\/centcols.org\/wp-content\/uploads\/2025\/08\/chapelle-des-Aravis.jpg\"><img loading=\"lazy\" decoding=\"async\" width=\"1200\" height=\"675\" data-id=\"85861\" src=\"https:\/\/centcols.org\/wp-content\/uploads\/2025\/08\/chapelle-des-Aravis.jpg\" alt=\"\" class=\"wp-image-85861\" srcset=\"https:\/\/centcols.org\/wp-content\/uploads\/2025\/08\/chapelle-des-Aravis.jpg 1200w, https:\/\/centcols.org\/wp-content\/uploads\/2025\/08\/chapelle-des-Aravis-768x432.jpg 768w\" sizes=\"auto, (max-width: 1200px) 100vw, 1200px\" \/><\/a><figcaption class=\"wp-element-caption\">chapelle des Aravis \u00a9 Didier R\u00e9mond<\/figcaption><\/figure>\n\n\n\n<figure class=\"wp-block-image size-full\"><a href=\"https:\/\/centcols.org\/wp-content\/uploads\/2025\/08\/col-de-la-Colombiere.jpg\"><img loading=\"lazy\" decoding=\"async\" width=\"1024\" height=\"682\" data-id=\"85862\" src=\"https:\/\/centcols.org\/wp-content\/uploads\/2025\/08\/col-de-la-Colombiere.jpg\" alt=\"\" class=\"wp-image-85862\" srcset=\"https:\/\/centcols.org\/wp-content\/uploads\/2025\/08\/col-de-la-Colombiere.jpg 1024w, https:\/\/centcols.org\/wp-content\/uploads\/2025\/08\/col-de-la-Colombiere-768x512.jpg 768w\" sizes=\"auto, (max-width: 1024px) 100vw, 1024px\" \/><\/a><figcaption class=\"wp-element-caption\">col de la Colombi\u00e8re \u00a9 Didier R\u00e9mond<\/figcaption><\/figure>\n<\/figure>\n\n\n\n<p><a href=\"https:\/\/centcols.org\/wp-content\/uploads\/2025\/08\/LOCALISATION-CIRCUITS-ROUTE.pdf\" target=\"_blank\" rel=\"noreferrer noopener\">localisation des parcours routiers<\/a><\/p>\n\n\n\n<p>6 circuits route avec une quarantaine de cols connus (Aravis (FR-73-1486), Colombi\u00e8re,<br>Romme, Ramaz, etc &#8230;) ou plus paisibles Arpettaz (FR-73-1581), Encrenaz, Plan Bois,<br>etc &#8230;).<\/p>\n\n\n\n<h3 class=\"wp-block-heading\" id=\"6-parcours-vtt-\"><a href=\"https:\/\/centcols.org\/membres\/cctours\/tours.php?lieu=Praz&amp;an=2023&amp;genre=V\" target=\"_blank\" rel=\"noreferrer noopener\">Parcours VTT<\/a><\/h3>\n\n\n\n<figure class=\"wp-block-gallery has-nested-images columns-2 is-cropped wp-block-gallery-2 is-layout-flex wp-block-gallery-is-layout-flex\">\n<figure class=\"wp-block-image size-full\"><a href=\"https:\/\/centcols.org\/wp-content\/uploads\/2025\/08\/col-des-Grands-Vans.jpg\"><img loading=\"lazy\" decoding=\"async\" width=\"1200\" height=\"675\" data-id=\"85865\" src=\"https:\/\/centcols.org\/wp-content\/uploads\/2025\/08\/col-des-Grands-Vans.jpg\" alt=\"col des Grands Vans\" class=\"wp-image-85865\" srcset=\"https:\/\/centcols.org\/wp-content\/uploads\/2025\/08\/col-des-Grands-Vans.jpg 1200w, https:\/\/centcols.org\/wp-content\/uploads\/2025\/08\/col-des-Grands-Vans-768x432.jpg 768w\" sizes=\"auto, (max-width: 1200px) 100vw, 1200px\" \/><\/a><figcaption class=\"wp-element-caption\">col des Grands Vans<\/figcaption><\/figure>\n\n\n\n<figure class=\"wp-block-image size-full\"><a href=\"https:\/\/centcols.org\/wp-content\/uploads\/2025\/08\/Cols-de-Very-et-Croix-de-Pierre.jpg\"><img loading=\"lazy\" decoding=\"async\" width=\"1200\" height=\"675\" data-id=\"85866\" src=\"https:\/\/centcols.org\/wp-content\/uploads\/2025\/08\/Cols-de-Very-et-Croix-de-Pierre.jpg\" alt=\"\" class=\"wp-image-85866\" srcset=\"https:\/\/centcols.org\/wp-content\/uploads\/2025\/08\/Cols-de-Very-et-Croix-de-Pierre.jpg 1200w, https:\/\/centcols.org\/wp-content\/uploads\/2025\/08\/Cols-de-Very-et-Croix-de-Pierre-768x432.jpg 768w\" sizes=\"auto, (max-width: 1200px) 100vw, 1200px\" \/><\/a><figcaption class=\"wp-element-caption\">cols de Very et de la Croix de Pierre<\/figcaption><\/figure>\n<\/figure>\n\n\n\n<p><a href=\"https:\/\/centcols.org\/wp-content\/uploads\/2025\/08\/LOCALISATION-CIRCUITS-VTT.pdf\" target=\"_blank\" rel=\"noreferrer noopener\">localisation des parcours VTT<\/a><\/p>\n\n\n\n<p>6 circuits VTT \u00e0 la d\u00e9couverte d\u2019une cinquantaine de cols situ\u00e9s dans l\u2019Espace Diamant, les<br>Gli\u00e8res ou autour de Flaine avec 4 cols ayant une altitude sup\u00e9rieure \u00ab 2000 m \u00bb.<\/p>\n\n\n\n<p>Une option Gravel sera propos\u00e9e suivant les circuits.<br>Nombreuses randonn\u00e9es p\u00e9destres ou autres sites \u00e0 d\u00e9couvrir pour les non p\u00e9dalant.<br>4 contr\u00f4les BPF seront plus ou moins proches de certains parcours.<br>Pour les participants arrivant avant ou restant apr\u00e8s le s\u00e9jour et r\u00e9sidant ailleurs qu\u2019au Belambra, possibilit\u00e9 de parcours route ou VTT en option.<\/p>\n\n\n\n<h2 class=\"wp-block-heading\" id=\"7-le-rassemblement-international-annuel\">Le rassemblement international annuel<\/h2>\n\n\n\n<p>Le traditionnel rassemblement international annuel aura lieu le dimanche 27 ao\u00fbt 2023 \u00e0 partir de 11H00 au <a href=\"https:\/\/centcols.org\/util\/geo\/visu.php?code=FR-73-1786\" target=\"_blank\" rel=\"noreferrer noopener\">Col de la L\u00e9zette FR-73-1786<\/a>. Un buffet ap\u00e9ritif sera servi sur place et tous nos membres pourront en b\u00e9n\u00e9ficier et pas uniquement aux personnes inscrites en pension compl\u00e8te. Il suffira juste de s&rsquo;inscrire \u00e0 ce repas d\u00e9port\u00e9 (voir \u00e0 la rubrique inscriptions).<\/p>\n\n\n<div class=\"wp-block-image\">\n<figure class=\"aligncenter size-full is-resized\"><img loading=\"lazy\" decoding=\"async\" width=\"1200\" height=\"675\" src=\"https:\/\/centcols.org\/wp-content\/uploads\/2025\/08\/Col-de-la-Lezette.jpg\" alt=\"\" class=\"wp-image-85863\" style=\"width:800px\" srcset=\"https:\/\/centcols.org\/wp-content\/uploads\/2025\/08\/Col-de-la-Lezette.jpg 1200w, https:\/\/centcols.org\/wp-content\/uploads\/2025\/08\/Col-de-la-Lezette-768x432.jpg 768w\" sizes=\"auto, (max-width: 1200px) 100vw, 1200px\" \/><figcaption class=\"wp-element-caption\">col de la Lezette<\/figcaption><\/figure>\n<\/div>\n\n\n<h2 class=\"wp-block-heading\" id=\"8-h%C3%A9bergement\">H\u00e9bergement<\/h2>\n\n\n\n<div class=\"wp-block-columns is-layout-flex wp-container-core-columns-is-layout-9d6595d7 wp-block-columns-is-layout-flex\">\n<div class=\"wp-block-column is-layout-flow wp-block-column-is-layout-flow\" style=\"flex-basis:66.66%\">\n<p>Situ\u00e9 \u00e0 5km de Meg\u00e8ve, le club Belambra \u00ab\u00a0Alisier\u00a0\u00bb est nich\u00e9 au c\u0153ur d\u2019une station-village au charme \u00e0 la fois traditionnel et familial. Les logements dont dispose le Club, \u00e0 la fois design, contemporains et pens\u00e9s pour votre confort, offrent une vue imprenable sur la montagne et donnent acc\u00e8s \u00e0 un restaurant avec vue sur les pistes. Vous serez log\u00e9s \u00e0 deux par chambre et possibilit\u00e9 de chambre individuelle. Le linge de toilette et de lit est fourni.<\/p>\n\n\n\n<p>Club Belambra \u00ab\u00a0L&rsquo;Alisier\u00a0\u00bb<br>476 route du Val d&rsquo;Arly<br>74120 Praz-sur-Arly<\/p>\n\n\n\n<p>+33(0)4 50 21 91 02<\/p>\n\n\n\n<p><a href=\"https:\/\/www.belambra.fr\/club-praz-sur-arly-l-alisier\/hiver\">https:\/\/www.belambra.fr\/club-praz-sur-arly-l-alisier\/hiver<\/a><\/p>\n<\/div>\n\n\n\n<div class=\"wp-block-column is-layout-flow wp-block-column-is-layout-flow\" style=\"flex-basis:33.33%\">\n<h2 class=\"wp-block-heading\" id=\"heading-1751057926500-5\">Note du Conseil d\u2019Administration<\/h2>\n\n\n\n<p>Si vous organisez votre h\u00e9bergement ailleurs que dans le centre de s\u00e9jour, n\u2019oubliez pas de vous inscrire en tant que \u00ab Simple Participant \u00bb :<\/p>\n\n\n\n<ul class=\"wp-block-list\">\n<li>Afin de pouvoir dimensionner correctement les \u00e9v\u00e9nements communs (sessions d\u2019information, boissons de bienvenue et de cl\u00f4ture).<\/li>\n\n\n\n<li>Pour pouvoir fournir le livret de vacances.<\/li>\n\n\n\n<li>Afin d\u2019assurer une bonne r\u00e9partition des co\u00fbts de pr\u00e9paration et d\u2019organisation.<\/li>\n<\/ul>\n<\/div>\n<\/div>\n\n\n\n<h3 class=\"wp-block-heading\" id=\"9-autres-h%C3%A9bergements\">Autres h\u00e9bergements<\/h3>\n\n\n\n<h4 class=\"wp-block-heading\" id=\"10-campings\">Campings<\/h4>\n\n\n\n<p class=\"has-text-align-center\">Camping chantalouette 384 Route du Val d&rsquo;Arly<br>&#x63;&#x68;&#97;nt&#x61;&#x6c;&#111;&#117;e&#x74;&#x74;&#101;&#64;p&#x72;&#x61;&#x7a;&#97;rl&#x79;&#x2e;&#102;&#114;<br>+33 6 70 06 19 71<\/p>\n\n\n<div class=\"wp-block-image size-thumbnail wp-image-69399\">\n<figure class=\"aligncenter size-full\"><a href=\"https:\/\/centcols.org\/wp-content\/uploads\/2025\/08\/camping-chantalouette1.jpg\"><img loading=\"lazy\" decoding=\"async\" width=\"800\" height=\"600\" src=\"https:\/\/centcols.org\/wp-content\/uploads\/2025\/08\/camping-chantalouette1.jpg\" alt=\"\" class=\"wp-image-85857\" srcset=\"https:\/\/centcols.org\/wp-content\/uploads\/2025\/08\/camping-chantalouette1.jpg 800w, https:\/\/centcols.org\/wp-content\/uploads\/2025\/08\/camping-chantalouette1-768x576.jpg 768w\" sizes=\"auto, (max-width: 800px) 100vw, 800px\" \/><\/a><figcaption class=\"wp-element-caption\">camping chantalouette \u00a9 Didier R\u00e9mond<\/figcaption><\/figure>\n<\/div>\n\n\n<p class=\"has-text-align-center\"><br>Camping les pr\u00e9s de l&rsquo;Arly Route des Touvassi\u00e8res<br><a href=\"https:\/\/www.campinglespresdelarly.com\/\" target=\"_blank\" rel=\"noreferrer noopener\">site<\/a><br>+33 6 10 44 02 33<\/p>\n\n\n\n<h3 class=\"wp-block-heading\" id=\"11-aire-de-services-sans-stationnement\">Aire de services sans stationnement<\/h3>\n\n\n\n<p>\u00c0 la sortie de Praz-sur-Arly, direction Flumet, sur le parking du garagiste, borne type euro relais, vidange eaux us\u00e9es et grises (pas d&#8217;emplacement)<\/p>\n\n\n\n<p>Praz-sur-Arly, 1418 Route du Val d&rsquo;Arly,<\/p>\n\n\n\n<h2 class=\"wp-block-heading\" id=\"12-inscriptions\">Inscriptions<\/h2>\n\n\n\n<p>Pour vous inscrire, t\u00e9l\u00e9chargez le bulletin d\u2019inscription PDF avec le lien ci-dessous. Attention, le bulletin d&rsquo;inscription comprend deux pages : l&rsquo;inscription proprement dite (veillez \u00e0 bien remplir toutes les rubriques qui vous concernent et \u00e0 signer au bas de la page), et les conditions particuli\u00e8res que vous voudrez bien signer \u00e9galement. Si vous envisagez de vous faire accompagner par votre compagnon\/compagne, veillez bien \u00e0 l&rsquo;inscrire <strong>auparavant<\/strong> comme membre associ\u00e9 aupr\u00e8s de votre D\u00e9l\u00e9gu\u00e9 Territorial ou National et n\u2019oubliez pas de mettre son N\u00b0 de membre associ\u00e9 dans la case pr\u00e9vue. \u00ab\u00a0Le Forfait Frais d&rsquo;Organisation\u00a0\u00bb doit \u00eatre souscrit par tous les membres participant au s\u00e9jour (qu\u2019ils choisissent la pension compl\u00e8te, le forfait 7 d\u00eeners, ou qu\u2019ils se logent et se nourrissent par leur propres moyens) \u00e0 l\u2019exception des seuls membres associ\u00e9s (d\u00e9cision du CA du 26 septembre 2020). Ce forfait est une participation \u00e0 toutes les prestations et services dont ils b\u00e9n\u00e9ficient en prenant part au s\u00e9jour : co\u00fbt de la pr\u00e9paration du s\u00e9jour et des circuits, \u00e9dition des cartes affich\u00e9es et du trombinoscope, pot d&rsquo;accueil et pot de fin de s\u00e9jour, plaquette du s\u00e9jour, organisation des activit\u00e9s des accompagnants, assurance du Club, etc.<\/p>\n\n\n\n<p>Les s\u00e9jours n\u2019\u00e9tant accessibles, pour des raisons l\u00e9gales, qu\u2019aux seuls membres du Club, veillez \u00e0 \u00eatre <strong>\u00e0 jour de cotisation<\/strong> avant d\u2019envoyer votre bulletin d\u2019inscription<\/p>\n\n\n\n<p>Vous pouvez choisir les formules :<\/p>\n\n\n\n<ul class=\"wp-block-list\">\n<li>\u00ab\u00a0Pension Compl\u00e8te\u00a0\u00bb \u00e0&nbsp; 390\u20ac auquel vous devez rajouter le forfait \u00ab\u00a0frais d&rsquo;organisation\u00a0\u00bb \u00e0 16\u20ac soit un total de&nbsp; 406 euros<\/li>\n\n\n\n<li>\u00ab\u00a0Forfait 7 d\u00eeners\u00a0\u00bb \u00e0&nbsp; 129\u20ac si vous vous logez par vos propres moyens mais souhaitez partager les d\u00eeners avec vos amis. Vous devez rajouter le forfait \u00ab\u00a0frais d&rsquo;organisation \u00e0&nbsp; 16\u20ac soit un total de 145 euros<\/li>\n\n\n\n<li>\u00ab\u00a0Forfait frais d&rsquo;organisation\u00a0\u00bb \u00e0&nbsp; 16\u20ac si vous logez et assurez vos d\u00eeners par vos propres moyens (sauf les membres associ\u00e9s)<\/li>\n\n\n\n<li>Souscription facultative \u00e0 l&rsquo;assurance Gritchen (2,34 % du montant des prestations avec un minimum de 8\u20ac par personne soit 16\u20ac pour un couple)<\/li>\n\n\n\n<li>Si vous n\u2019\u00eates pas licenci\u00e9 FFCT, ajoutez l\u2019assurance obligatoire \u00e0 7\u20ac par personne<\/li>\n\n\n\n<li>Si vous \u00eates un couple dont un membre est membre associ\u00e9 non licenci\u00e9 \u00e0 la FFCT et que vous souhaitez souscrire \u00e0 l&rsquo;assurance Gritchen, vous choisissez deux forfaits \u00e0 390 euros, un forfait frais d&rsquo;organisation \u00e0 16 euros soit un total de 796 euros, vous ajoutez l&rsquo;assurance Gritchen 2,34 % x 796 euros = 18,63 euros (qui est sup\u00e9rieur au minimum de 16 euros) et l&rsquo;assurance non FFCT \u00e0 7 euros soit un total de 796 + 18,63 + 7 =821,63 euros<\/li>\n<\/ul>\n\n\n\n<p>Vous pouvez r\u00e9gler le montant de l&rsquo;inscription <strong>par ch\u00e8que ou par virement<\/strong> sur le compte du Club. Compte tenu des frais suppl\u00e9mentaires factur\u00e9s par l&rsquo;organisme qui le g\u00e8re, nous ne prenons pas de paiement par PayPal. <strong>L&rsquo;affectation des membres<\/strong> se fait dans l&rsquo;ordre d&rsquo;envoi du ch\u00e8que ou d&rsquo;\u00e9mission du virement. Pour le premier, c&rsquo;est le cachet de la Poste qui fait foi, pour le second, veillez \u00e0 nous envoyer une copie de l&rsquo;ordre de virement. Si le s\u00e9jour est complet, une liste d&rsquo;attente est mise en place, elle fonctionne avec les m\u00eames r\u00e8gles de priorit\u00e9 d&rsquo;affectation que les inscriptions directes. <strong>Trombinoscope :<\/strong> Si vous n&rsquo;avez pas encore fourni votre photo pour le <strong>trombinoscope <\/strong>et souhaitez y figurer, penser \u00e0 cocher la case correspondante et \u00e0 nous faire parvenir par mail une photo au format JPG. Des <strong>informations compl\u00e9mentaires<\/strong> seront diffus\u00e9es ult\u00e9rieurement sur le site que vous pouvez consulter r\u00e9guli\u00e8rement. A chaque fois le responsable des s\u00e9jours met un petit mail sur la liste de diffusion. Si vous souhaitez recevoir ces mails, nous vous invitons \u00e0 <strong>vous inscrire sur la liste de diffusion<\/strong>, si vous ne l&rsquo;avez pas encore fait. <strong>Si vous avez des questions<\/strong> n&rsquo;h\u00e9sitez pas \u00e0 appeler le responsable du s\u00e9jour : +33 6 78 87 33 67.<\/p>\n\n\n\n<h3 class=\"wp-block-heading\" id=\"13-t%C3%A9l%C3%A9charger-le-bulletin-\">T\u00e9l\u00e9charger le bulletin :<\/h3>\n\n\n\n<ul class=\"wp-block-list\">\n<li>Bulletin d&rsquo;Inscription Praz sur Arly en fran\u00e7ais<\/li>\n\n\n\n<li>Booking form Praz sur Arly in English<\/li>\n\n\n\n<li>Modulo d\u2019iscrizione Praz sur Arly in italiano<\/li>\n<\/ul>\n\n\n\n<p><strong>La date limite de r\u00e9ception des inscriptions a \u00e9t\u00e9 fix\u00e9e au 27 mai 2023 .<\/strong><\/p>\n\n\n\n<p>Vous pouvez feuilleter <a href=\"https:\/\/centcols.org\/wp-content\/uploads\/2025\/08\/livret-Praz-sur-Arly-1.pdf\" target=\"_blank\" rel=\"noreferrer noopener\"><strong>ici<\/strong><\/a> le Livret qui sera distribu\u00e9 lors du s\u00e9jour et qui contient, outre les messages de bienvenue, des informations sur la r\u00e9gion et sur l&rsquo;acc\u00e8s, des \u00e9l\u00e9ments sur la s\u00e9curit\u00e9 et le descriptif d\u00e9taill\u00e9 des circuits.<\/p>\n\n\n\n<h2 class=\"wp-block-heading\" id=\"14-autres-activit%C3%A9s-ou-visites\">Autres activit\u00e9s ou visites<\/h2>\n\n\n\n<ul class=\"wp-block-list\">\n<li>Circuits p\u00e9destres autour de Praz-sur-Arly dont le <a href=\"https:\/\/www.prazsurarly.com\/le-chemin-des-contrebandiers\/Le_sentier.html\" target=\"_blank\" rel=\"noreferrer noopener\">sentier des contrebandiers<\/a><\/li>\n\n\n\n<li><a href=\"https:\/\/www.montblancnaturalresort.com\/fr\/tramway-montblanc\" target=\"_blank\" rel=\"noreferrer noopener\">tramway du Mont-Blanc<\/a>, dernier train \u00e0 cr\u00e9maill\u00e8re, le plus haut de France<\/li>\n\n\n\n<li><a href=\"https:\/\/www.montblancnaturalresort.com\/fr\/montenvers-mer-de-glace\" target=\"_blank\" rel=\"noreferrer noopener\">train du Montenvers<\/a> au d\u00e9part de Chamonix<\/li>\n\n\n\n<li><a href=\"https:\/\/www.megeve-tourisme.fr\/\" target=\"_blank\" rel=\"noreferrer noopener\">le centre historique de Meg\u00e8ve<\/a> qui a su pr\u00e9server tout le charme d&rsquo;un vrai village savoyard<\/li>\n\n\n\n<li><a href=\"https:\/\/www.gorgesdeladiosaz.com\/fran%C3%A7ais\/pr%C3%A9sentation\/\" target=\"_blank\" rel=\"noreferrer noopener\">les gorges de la Diosaz<\/a><\/li>\n\n\n\n<li>le march\u00e9 de Combloux, tous les mercredis de 08h00 \u00e0 12h00<\/li>\n\n\n\n<li><a href=\"https:\/\/coopvaldarly.com\/?gclid=Cj0KCQiAtbqdBhDvARIsAGYnXBMRVHRa7Rbst8RtJ0Um2mdhhnGAvGbzfFRyDStJKt9aTxTfihwV7CkaAsDAEALw_wcB\" target=\"_blank\" rel=\"noreferrer noopener\">la fruiti\u00e8re du Val d&rsquo;Arly<\/a><\/li>\n<\/ul>\n","protected":false},"excerpt":{"rendered":"<p>Ont contribu\u00e9 \u00e0 cette page de pr\u00e9sentation du s\u00e9jour Enrico Alberini, Jean Luc Matte, Christophe Badonnel et les responsables informatiques. Le s\u00e9jour d\u2019\u00e9t\u00e9 2023 se d\u00e9roulera du 26 ao\u00fbt au 02 septembre 2023 dans le d\u00e9partement de Haute-Savoie au coeur du Pays du Mont-Blanc. Il a \u00e9t\u00e9 pr\u00e9par\u00e9 par une petite \u00e9quipe locale : Sylvie [&hellip;]<\/p>\n","protected":false},"author":64,"featured_media":82399,"comment_status":"closed","ping_status":"open","sticky":false,"template":"","format":"standard","meta":{"_acf_changed":false,"footnotes":""},"categories":[349,367,373,135,374,231],"tags":[],"class_list":["post-82398","post","type-post","status-publish","format-standard","has-post-thumbnail","hentry","category-france-pays-sejours","category-auvergne-rhone-alpes-region-sejours","category-alpes-francaises-du-nord-massif-sejours","category-calendrier","category-74-haute-savoie","category-sejours"],"acf":[],"yoast_head":"<!-- This site is optimized with the Yoast SEO plugin v27.2 - https:\/\/yoast.com\/product\/yoast-seo-wordpress\/ -->\n<title>S\u00e9jour d&#039;\u00e9t\u00e9 \u00e0 Praz-sur-Arly, 26 ao\u00fbt au 02 septembre 2023 - Club des Cent Cols<\/title>\n<meta name=\"robots\" content=\"index, follow, max-snippet:-1, max-image-preview:large, max-video-preview:-1\" \/>\n<link rel=\"canonical\" href=\"https:\/\/centcols.org\/de\/aufenthalt-2023-praz-sur-arly\/\" \/>\n<meta property=\"og:locale\" content=\"de_DE\" \/>\n<meta property=\"og:type\" content=\"article\" \/>\n<meta property=\"og:title\" content=\"S\u00e9jour d&#039;\u00e9t\u00e9 \u00e0 Praz-sur-Arly, 26 ao\u00fbt au 02 septembre 2023 - Club des Cent Cols\" \/>\n<meta property=\"og:description\" content=\"Ont contribu\u00e9 \u00e0 cette page de pr\u00e9sentation du s\u00e9jour Enrico Alberini, Jean Luc Matte, Christophe Badonnel et les responsables informatiques. Le s\u00e9jour d\u2019\u00e9t\u00e9 2023 se d\u00e9roulera du 26 ao\u00fbt au 02 septembre 2023 dans le d\u00e9partement de Haute-Savoie au coeur du Pays du Mont-Blanc. Il a \u00e9t\u00e9 pr\u00e9par\u00e9 par une petite \u00e9quipe locale : Sylvie [&hellip;]\" \/>\n<meta property=\"og:url\" content=\"https:\/\/centcols.org\/de\/aufenthalt-2023-praz-sur-arly\/\" \/>\n<meta property=\"og:site_name\" content=\"Club des Cent Cols\" \/>\n<meta property=\"article:publisher\" content=\"https:\/\/www.facebook.com\/groups\/5261880558\/?locale=fr_FR\" \/>\n<meta property=\"article:published_time\" content=\"2022-12-26T07:18:20+00:00\" \/>\n<meta property=\"article:modified_time\" content=\"2025-08-27T05:46:23+00:00\" \/>\n<meta property=\"og:image\" content=\"https:\/\/centcols.org\/wp-content\/uploads\/2025\/05\/camping-chantalouette-scaled-1.jpg\" \/>\n\t<meta property=\"og:image:width\" content=\"2560\" \/>\n\t<meta property=\"og:image:height\" content=\"1920\" \/>\n\t<meta property=\"og:image:type\" content=\"image\/jpeg\" \/>\n<meta name=\"author\" content=\"Christophe Badonnel\" \/>\n<meta name=\"twitter:card\" content=\"summary_large_image\" \/>\n<meta name=\"twitter:label1\" content=\"Verfasst von\" \/>\n\t<meta name=\"twitter:data1\" content=\"Christophe Badonnel\" \/>\n\t<meta name=\"twitter:label2\" content=\"Gesch\u00e4tzte Lesezeit\" \/>\n\t<meta name=\"twitter:data2\" content=\"12\u00a0Minuten\" \/>\n<script type=\"application\/ld+json\" class=\"yoast-schema-graph\">{\"@context\":\"https:\/\/schema.org\",\"@graph\":[{\"@type\":\"Article\",\"@id\":\"https:\/\/centcols.org\/sejour-2023-praz-sur-arly\/#article\",\"isPartOf\":{\"@id\":\"https:\/\/centcols.org\/sejour-2023-praz-sur-arly\/\"},\"author\":{\"name\":\"Christophe Badonnel\",\"@id\":\"https:\/\/centcols.org\/#\/schema\/person\/5c1a9d61132fb33ccec149272abff6e1\"},\"headline\":\"S\u00e9jour d&rsquo;\u00e9t\u00e9 \u00e0 Praz-sur-Arly, 26 ao\u00fbt au 02 septembre 2023\",\"datePublished\":\"2022-12-26T07:18:20+00:00\",\"dateModified\":\"2025-08-27T05:46:23+00:00\",\"mainEntityOfPage\":{\"@id\":\"https:\/\/centcols.org\/sejour-2023-praz-sur-arly\/\"},\"wordCount\":1931,\"publisher\":{\"@id\":\"https:\/\/centcols.org\/#organization\"},\"image\":{\"@id\":\"https:\/\/centcols.org\/sejour-2023-praz-sur-arly\/#primaryimage\"},\"thumbnailUrl\":\"https:\/\/centcols.org\/wp-content\/uploads\/2025\/05\/camping-chantalouette-scaled-1.jpg\",\"articleSection\":[\"France\",\"Auvergne-Rh\u00f4ne-Alpes\",\"Alpes fran\u00e7aises du Nord\",\"Calendrier\",\"74-Haute-Savoie\",\"S\u00e9jours du Club des Cent Cols\"],\"inLanguage\":\"de\"},{\"@type\":\"WebPage\",\"@id\":\"https:\/\/centcols.org\/sejour-2023-praz-sur-arly\/\",\"url\":\"https:\/\/centcols.org\/sejour-2023-praz-sur-arly\/\",\"name\":\"S\u00e9jour d'\u00e9t\u00e9 \u00e0 Praz-sur-Arly, 26 ao\u00fbt au 02 septembre 2023 - Club des Cent Cols\",\"isPartOf\":{\"@id\":\"https:\/\/centcols.org\/#website\"},\"primaryImageOfPage\":{\"@id\":\"https:\/\/centcols.org\/sejour-2023-praz-sur-arly\/#primaryimage\"},\"image\":{\"@id\":\"https:\/\/centcols.org\/sejour-2023-praz-sur-arly\/#primaryimage\"},\"thumbnailUrl\":\"https:\/\/centcols.org\/wp-content\/uploads\/2025\/05\/camping-chantalouette-scaled-1.jpg\",\"datePublished\":\"2022-12-26T07:18:20+00:00\",\"dateModified\":\"2025-08-27T05:46:23+00:00\",\"breadcrumb\":{\"@id\":\"https:\/\/centcols.org\/sejour-2023-praz-sur-arly\/#breadcrumb\"},\"inLanguage\":\"de\",\"potentialAction\":[{\"@type\":\"ReadAction\",\"target\":[\"https:\/\/centcols.org\/sejour-2023-praz-sur-arly\/\"]}]},{\"@type\":\"ImageObject\",\"inLanguage\":\"de\",\"@id\":\"https:\/\/centcols.org\/sejour-2023-praz-sur-arly\/#primaryimage\",\"url\":\"https:\/\/centcols.org\/wp-content\/uploads\/2025\/05\/camping-chantalouette-scaled-1.jpg\",\"contentUrl\":\"https:\/\/centcols.org\/wp-content\/uploads\/2025\/05\/camping-chantalouette-scaled-1.jpg\",\"width\":2560,\"height\":1920},{\"@type\":\"BreadcrumbList\",\"@id\":\"https:\/\/centcols.org\/sejour-2023-praz-sur-arly\/#breadcrumb\",\"itemListElement\":[{\"@type\":\"ListItem\",\"position\":1,\"name\":\"Accueil\",\"item\":\"https:\/\/centcols.org\/\"},{\"@type\":\"ListItem\",\"position\":2,\"name\":\"S\u00e9jours du Club des Cent Cols\",\"item\":\"https:\/\/centcols.org\/rubrique\/sejours\/\"},{\"@type\":\"ListItem\",\"position\":3,\"name\":\"Pays\",\"item\":\"https:\/\/centcols.org\/rubrique\/sejours\/pays-sejours\/\"},{\"@type\":\"ListItem\",\"position\":4,\"name\":\"France\",\"item\":\"https:\/\/centcols.org\/rubrique\/sejours\/pays-sejours\/france-pays-sejours\/\"},{\"@type\":\"ListItem\",\"position\":5,\"name\":\"S\u00e9jour d&rsquo;\u00e9t\u00e9 \u00e0 Praz-sur-Arly, 26 ao\u00fbt au 02 septembre 2023\"}]},{\"@type\":\"WebSite\",\"@id\":\"https:\/\/centcols.org\/#website\",\"url\":\"https:\/\/centcols.org\/\",\"name\":\"Club des Cent Cols\",\"description\":\"\",\"publisher\":{\"@id\":\"https:\/\/centcols.org\/#organization\"},\"potentialAction\":[{\"@type\":\"SearchAction\",\"target\":{\"@type\":\"EntryPoint\",\"urlTemplate\":\"https:\/\/centcols.org\/?s={search_term_string}\"},\"query-input\":{\"@type\":\"PropertyValueSpecification\",\"valueRequired\":true,\"valueName\":\"search_term_string\"}}],\"inLanguage\":\"de\"},{\"@type\":\"Organization\",\"@id\":\"https:\/\/centcols.org\/#organization\",\"name\":\"Club des Cent Cols\",\"url\":\"https:\/\/centcols.org\/\",\"logo\":{\"@type\":\"ImageObject\",\"inLanguage\":\"de\",\"@id\":\"https:\/\/centcols.org\/#\/schema\/logo\/image\/\",\"url\":\"https:\/\/centcols.org\/wp-content\/uploads\/2025\/01\/carte-icone.png\",\"contentUrl\":\"https:\/\/centcols.org\/wp-content\/uploads\/2025\/01\/carte-icone.png\",\"width\":250,\"height\":250,\"caption\":\"Club des Cent Cols\"},\"image\":{\"@id\":\"https:\/\/centcols.org\/#\/schema\/logo\/image\/\"},\"sameAs\":[\"https:\/\/www.facebook.com\/groups\/5261880558\/?locale=fr_FR\"]},{\"@type\":\"Person\",\"@id\":\"https:\/\/centcols.org\/#\/schema\/person\/5c1a9d61132fb33ccec149272abff6e1\",\"name\":\"Christophe Badonnel\",\"image\":{\"@type\":\"ImageObject\",\"inLanguage\":\"de\",\"@id\":\"https:\/\/centcols.org\/wp-content\/litespeed\/avatar\/9f363966b51271bd99ebbb6ebd632889.jpg?ver=1777238111\",\"url\":\"https:\/\/centcols.org\/wp-content\/litespeed\/avatar\/9f363966b51271bd99ebbb6ebd632889.jpg?ver=1777238111\",\"contentUrl\":\"https:\/\/centcols.org\/wp-content\/litespeed\/avatar\/9f363966b51271bd99ebbb6ebd632889.jpg?ver=1777238111\",\"caption\":\"Christophe Badonnel\"},\"url\":\"https:\/\/centcols.org\/de\/author\/5799\/\"}]}<\/script>\n<!-- \/ Yoast SEO plugin. -->","yoast_head_json":{"title":"Sommeraufenthalt in Praz-sur-Arly, 26. August bis 02. September 2023 - Club des Cent Cols","robots":{"index":"index","follow":"follow","max-snippet":"max-snippet:-1","max-image-preview":"max-image-preview:large","max-video-preview":"max-video-preview:-1"},"canonical":"https:\/\/centcols.org\/de\/aufenthalt-2023-praz-sur-arly\/","og_locale":"de_DE","og_type":"article","og_title":"S\u00e9jour d'\u00e9t\u00e9 \u00e0 Praz-sur-Arly, 26 ao\u00fbt au 02 septembre 2023 - Club des Cent Cols","og_description":"Ont contribu\u00e9 \u00e0 cette page de pr\u00e9sentation du s\u00e9jour Enrico Alberini, Jean Luc Matte, Christophe Badonnel et les responsables informatiques. Le s\u00e9jour d\u2019\u00e9t\u00e9 2023 se d\u00e9roulera du 26 ao\u00fbt au 02 septembre 2023 dans le d\u00e9partement de Haute-Savoie au coeur du Pays du Mont-Blanc. Il a \u00e9t\u00e9 pr\u00e9par\u00e9 par une petite \u00e9quipe locale : Sylvie [&hellip;]","og_url":"https:\/\/centcols.org\/de\/aufenthalt-2023-praz-sur-arly\/","og_site_name":"Club des Cent Cols","article_publisher":"https:\/\/www.facebook.com\/groups\/5261880558\/?locale=fr_FR","article_published_time":"2022-12-26T07:18:20+00:00","article_modified_time":"2025-08-27T05:46:23+00:00","og_image":[{"width":2560,"height":1920,"url":"https:\/\/centcols.org\/wp-content\/uploads\/2025\/05\/camping-chantalouette-scaled-1.jpg","type":"image\/jpeg"}],"author":"Christophe Badonnel","twitter_card":"summary_large_image","twitter_misc":{"Verfasst von":"Christophe Badonnel","Gesch\u00e4tzte Lesezeit":"12\u00a0Minuten"},"schema":{"@context":"https:\/\/schema.org","@graph":[{"@type":"Article","@id":"https:\/\/centcols.org\/sejour-2023-praz-sur-arly\/#article","isPartOf":{"@id":"https:\/\/centcols.org\/sejour-2023-praz-sur-arly\/"},"author":{"name":"Christophe Badonnel","@id":"https:\/\/centcols.org\/#\/schema\/person\/5c1a9d61132fb33ccec149272abff6e1"},"headline":"S\u00e9jour d&rsquo;\u00e9t\u00e9 \u00e0 Praz-sur-Arly, 26 ao\u00fbt au 02 septembre 2023","datePublished":"2022-12-26T07:18:20+00:00","dateModified":"2025-08-27T05:46:23+00:00","mainEntityOfPage":{"@id":"https:\/\/centcols.org\/sejour-2023-praz-sur-arly\/"},"wordCount":1931,"publisher":{"@id":"https:\/\/centcols.org\/#organization"},"image":{"@id":"https:\/\/centcols.org\/sejour-2023-praz-sur-arly\/#primaryimage"},"thumbnailUrl":"https:\/\/centcols.org\/wp-content\/uploads\/2025\/05\/camping-chantalouette-scaled-1.jpg","articleSection":["France","Auvergne-Rh\u00f4ne-Alpes","Alpes fran\u00e7aises du Nord","Calendrier","74-Haute-Savoie","S\u00e9jours du Club des Cent Cols"],"inLanguage":"de"},{"@type":"WebPage","@id":"https:\/\/centcols.org\/sejour-2023-praz-sur-arly\/","url":"https:\/\/centcols.org\/sejour-2023-praz-sur-arly\/","name":"Sommeraufenthalt in Praz-sur-Arly, 26. August bis 02. September 2023 - Club des Cent Cols","isPartOf":{"@id":"https:\/\/centcols.org\/#website"},"primaryImageOfPage":{"@id":"https:\/\/centcols.org\/sejour-2023-praz-sur-arly\/#primaryimage"},"image":{"@id":"https:\/\/centcols.org\/sejour-2023-praz-sur-arly\/#primaryimage"},"thumbnailUrl":"https:\/\/centcols.org\/wp-content\/uploads\/2025\/05\/camping-chantalouette-scaled-1.jpg","datePublished":"2022-12-26T07:18:20+00:00","dateModified":"2025-08-27T05:46:23+00:00","breadcrumb":{"@id":"https:\/\/centcols.org\/sejour-2023-praz-sur-arly\/#breadcrumb"},"inLanguage":"de","potentialAction":[{"@type":"ReadAction","target":["https:\/\/centcols.org\/sejour-2023-praz-sur-arly\/"]}]},{"@type":"ImageObject","inLanguage":"de","@id":"https:\/\/centcols.org\/sejour-2023-praz-sur-arly\/#primaryimage","url":"https:\/\/centcols.org\/wp-content\/uploads\/2025\/05\/camping-chantalouette-scaled-1.jpg","contentUrl":"https:\/\/centcols.org\/wp-content\/uploads\/2025\/05\/camping-chantalouette-scaled-1.jpg","width":2560,"height":1920},{"@type":"BreadcrumbList","@id":"https:\/\/centcols.org\/sejour-2023-praz-sur-arly\/#breadcrumb","itemListElement":[{"@type":"ListItem","position":1,"name":"Accueil","item":"https:\/\/centcols.org\/"},{"@type":"ListItem","position":2,"name":"S\u00e9jours du Club des Cent Cols","item":"https:\/\/centcols.org\/rubrique\/sejours\/"},{"@type":"ListItem","position":3,"name":"Pays","item":"https:\/\/centcols.org\/rubrique\/sejours\/pays-sejours\/"},{"@type":"ListItem","position":4,"name":"France","item":"https:\/\/centcols.org\/rubrique\/sejours\/pays-sejours\/france-pays-sejours\/"},{"@type":"ListItem","position":5,"name":"S\u00e9jour d&rsquo;\u00e9t\u00e9 \u00e0 Praz-sur-Arly, 26 ao\u00fbt au 02 septembre 2023"}]},{"@type":"WebSite","@id":"https:\/\/centcols.org\/#website","url":"https:\/\/centcols.org\/","name":"Club des Cent Cols","description":"","publisher":{"@id":"https:\/\/centcols.org\/#organization"},"potentialAction":[{"@type":"SearchAction","target":{"@type":"EntryPoint","urlTemplate":"https:\/\/centcols.org\/?s={search_term_string}"},"query-input":{"@type":"PropertyValueSpecification","valueRequired":true,"valueName":"search_term_string"}}],"inLanguage":"de"},{"@type":"Organization","@id":"https:\/\/centcols.org\/#organization","name":"Club des Cent Cols","url":"https:\/\/centcols.org\/","logo":{"@type":"ImageObject","inLanguage":"de","@id":"https:\/\/centcols.org\/#\/schema\/logo\/image\/","url":"https:\/\/centcols.org\/wp-content\/uploads\/2025\/01\/carte-icone.png","contentUrl":"https:\/\/centcols.org\/wp-content\/uploads\/2025\/01\/carte-icone.png","width":250,"height":250,"caption":"Club des Cent Cols"},"image":{"@id":"https:\/\/centcols.org\/#\/schema\/logo\/image\/"},"sameAs":["https:\/\/www.facebook.com\/groups\/5261880558\/?locale=fr_FR"]},{"@type":"Person","@id":"https:\/\/centcols.org\/#\/schema\/person\/5c1a9d61132fb33ccec149272abff6e1","name":"Christophe Badonnel","image":{"@type":"ImageObject","inLanguage":"de","@id":"https:\/\/centcols.org\/wp-content\/litespeed\/avatar\/9f363966b51271bd99ebbb6ebd632889.jpg?ver=1777238111","url":"https:\/\/centcols.org\/wp-content\/litespeed\/avatar\/9f363966b51271bd99ebbb6ebd632889.jpg?ver=1777238111","contentUrl":"https:\/\/centcols.org\/wp-content\/litespeed\/avatar\/9f363966b51271bd99ebbb6ebd632889.jpg?ver=1777238111","caption":"Christophe Badonnel"},"url":"https:\/\/centcols.org\/de\/author\/5799\/"}]}},"_links":{"self":[{"href":"https:\/\/centcols.org\/de\/wp-json\/wp\/v2\/posts\/82398","targetHints":{"allow":["GET"]}}],"collection":[{"href":"https:\/\/centcols.org\/de\/wp-json\/wp\/v2\/posts"}],"about":[{"href":"https:\/\/centcols.org\/de\/wp-json\/wp\/v2\/types\/post"}],"author":[{"embeddable":true,"href":"https:\/\/centcols.org\/de\/wp-json\/wp\/v2\/users\/64"}],"replies":[{"embeddable":true,"href":"https:\/\/centcols.org\/de\/wp-json\/wp\/v2\/comments?post=82398"}],"version-history":[{"count":0,"href":"https:\/\/centcols.org\/de\/wp-json\/wp\/v2\/posts\/82398\/revisions"}],"wp:featuredmedia":[{"embeddable":true,"href":"https:\/\/centcols.org\/de\/wp-json\/wp\/v2\/media\/82399"}],"wp:attachment":[{"href":"https:\/\/centcols.org\/de\/wp-json\/wp\/v2\/media?parent=82398"}],"wp:term":[{"taxonomy":"category","embeddable":true,"href":"https:\/\/centcols.org\/de\/wp-json\/wp\/v2\/categories?post=82398"},{"taxonomy":"post_tag","embeddable":true,"href":"https:\/\/centcols.org\/de\/wp-json\/wp\/v2\/tags?post=82398"}],"curies":[{"name":"wp","href":"https:\/\/api.w.org\/{rel}","templated":true}]}}