{"id":82445,"date":"2023-07-18T07:36:19","date_gmt":"2023-07-18T05:36:19","guid":{"rendered":"https:\/\/centcols.org\/fr-06-tende-est-vtt-79-km-d-2550-m-20-cols\/"},"modified":"2026-03-31T17:21:35","modified_gmt":"2026-03-31T15:21:35","slug":"de-06-tende-est-mountainbike-79-km-d-2550-m-20-passe","status":"publish","type":"post","link":"https:\/\/centcols.org\/de\/fr-06-tende-est-vtt-79-km-d-2550-m-20-cols\/","title":{"rendered":"FR-06 Tende Est - MTB 79 km, D+ 2550 m, 20 P\u00e4sse"},"content":{"rendered":"<h2 class=\"wp-block-heading\">Mitgliederstrecke - Mountainbike- 9 P\u00e4sse<\/h2>\n\n\n\n<iframe width=\"100%\" height=\"650\" loading=\"lazy\" src=\"https:\/\/www.openrunner.com\/embed\/3777594c4363656e534d33557879754977354e3935393751655a7954482f577063444d657a32304b676c733d3a3a0fce84900b3e2cf3b1f5407186203ae2?unit=metric\" style=\"border: none;\"><\/iframe>\n\n\n\n<h2 class=\"wp-block-heading\">Beschreibung des Autors<\/h2>\n\n\n\n<p><strong>Autor<\/strong>: Ren\u00e9 Rial<\/p>\n\n\n\n<p><strong>Parcours <\/strong>durchgef\u00fchrt am 07\/09\/2016.<\/p>\n\n\n\n<p><strong>Startpunkt<\/strong> : Zentrum von Tende, Nordausgang, in der N\u00e4he des Bahnhofs. Alt: 824 m<\/p>\n\n\n\n<h2 class=\"wp-block-heading\">Touristische Beschreibung<\/h2>\n\n\n\n<p>Die Gemeinden Tende und La Brigue nehmen den \u00f6stlichsten Teil der Seealpen ein, entlang der Grenze zu Ligurien und Piemont. Die zahlreichen milit\u00e4rischen Anlagen entlang der Strecke zeugen von der bewegten Geschichte der Region. Die Wallfahrtskirche Notre-Dame-des-Fontaines in La Brigue (km 10,2) beherbergt ein bemerkenswertes Fresko aus dem 15.<\/p>\n\n\n\n<p>Entlang der Strecke k\u00f6nnen zahlreiche Aussichtspunkte bewundert werden.<\/p>\n\n\n\n<p><strong>20 <\/strong>Kragen<\/p>\n\n\n\n<figure class=\"wp-block-table is-style-stripes\"><table class=\"has-fixed-layout\"><tbody><tr><td>Linary Pass<br>Baisse de Sanson West \/Bassa di Sanson<br>Baisse de Sanson Est \/ Colla di Sanson<br>Pas de Colle Ardente \/ Passo di Collardente<br>Baisse des Fraches \/ Baisse Fraches<br>Lari\u00e9e-Pass<br>Tanarello-Pass \/ Passo del Tanarello<br>Col de Gravairole \/ Gravairole-Pass<br>Col Roux \/ Colla Rossa<br>Col de l'Ev\u00eaque \/ Bischofspass<br>Col de la Celle Vieille \/ Col de Celle Vieille<br>Col des Seigneurs \/ Colle dei Signori<br>Marguareis-Pass <br>Chevolail-Pass <br>Col de la Boa\u00efra \/ Colle della Boaria<br>Col de la Perle \/ Col de la Perle<br>Colletto Campanino <br>Col de Cannelle \/ Zimtpass<br>Col de Tende Est \/ Col de Tende Est<br>Col de Tende West \/ Colle di Tenda<br>Optional: (abseits des Pfades, 30 m rechts, 5 m h\u00f6her).<br>Colle di Capoves \/ Colle di Capoves<\/td><td><a href=\"https:\/\/centcols.org\/de\/util\/geo\/visu.php\/?code=FR-06-1430\" target=\"_blank\" rel=\"noreferrer noopener\">DE-06-1430<\/a><br><a href=\"https:\/\/centcols.org\/de\/util\/geo\/visu.php\/?code=FR-06-1694\" target=\"_blank\" rel=\"noreferrer noopener\">DE-06-1694<\/a> \/<a href=\"https:\/\/centcols.org\/de\/util\/geo\/visu.php\/?code=IT-IM-1685b\" target=\"_blank\" rel=\"noreferrer noopener\">IT-IM-1685b<\/a><br><a href=\"https:\/\/centcols.org\/de\/util\/geo\/visu.php\/?code=FR-06-1680a\" target=\"_blank\" rel=\"noreferrer noopener\">DE-06-1680a<\/a> \/  <a href=\"https:\/\/centcols.org\/de\/util\/geo\/visu.php\/?code=IT-IM-1696\" target=\"_blank\" rel=\"noreferrer noopener\">IT-IM-1696<\/a><br><a href=\"https:\/\/centcols.org\/de\/util\/geo\/visu.php\/?code=FR-06-1599\" target=\"_blank\" rel=\"noreferrer noopener\">DE-06-1599<\/a> \/ <a href=\"https:\/\/centcols.org\/de\/util\/geo\/visu.php\/?code=IT-IM-1600\" target=\"_blank\" rel=\"noreferrer noopener\">IT-IM-1600<\/a><br><a href=\"https:\/\/centcols.org\/de\/util\/geo\/visu.php\/?code=FR-06-1599a\" target=\"_blank\" rel=\"noreferrer noopener\">DE-06-1599a<\/a> \/ <a href=\"https:\/\/centcols.org\/de\/util\/geo\/visu.php\/?code=IT-IM-1599\" target=\"_blank\" rel=\"noreferrer noopener\">IT-IM-1599<\/a><br><a href=\"https:\/\/centcols.org\/de\/util\/geo\/visu.php\/?code=FR-06-1956\" target=\"_blank\" rel=\"noreferrer noopener\">DE-06-1956<\/a> <br><a href=\"https:\/\/centcols.org\/de\/util\/geo\/visu.php\/?code=FR-06-2045\" target=\"_blank\" rel=\"noreferrer noopener\">DE-06-2045<\/a> \/ <a href=\"https:\/\/centcols.org\/de\/util\/geo\/visu.php\/?code=IT-CN-2045\" target=\"_blank\" rel=\"noreferrer noopener\">IT-CN-2045<\/a><br><a href=\"https:\/\/centcols.org\/de\/util\/geo\/visu.php\/?code=FR-06-2250\" target=\"_blank\" rel=\"noreferrer noopener\">DE-06-2250<\/a> \/ <a href=\"https:\/\/centcols.org\/de\/util\/geo\/visu.php\/?code=IT-CN-2250\" target=\"_blank\" rel=\"noreferrer noopener\">IT-CN-2250<\/a> <br><a href=\"https:\/\/centcols.org\/de\/util\/geo\/visu.php\/?code=FR-06-2175\" target=\"_blank\" rel=\"noreferrer noopener\">DE-06-2175<\/a> \/  <a href=\"https:\/\/centcols.org\/de\/util\/geo\/visu.php\/?code=IT-CN-2175\" target=\"_blank\" rel=\"noreferrer noopener\">IT-CN-2175<\/a><br><a href=\"https:\/\/centcols.org\/de\/util\/geo\/visu.php\/?code=FR-06-2161\" target=\"_blank\" rel=\"noreferrer noopener\">DE-06-2161<\/a> \/  <a href=\"https:\/\/centcols.org\/de\/util\/geo\/visu.php\/?code=IT-CN-2161\" target=\"_blank\" rel=\"noreferrer noopener\">IT-CN-2161<\/a><br><a href=\"https:\/\/centcols.org\/de\/util\/geo\/visu.php\/?code=FR-06-2099\" target=\"_blank\" rel=\"noreferrer noopener\">DE-06-2099<\/a> \/ <a href=\"https:\/\/centcols.org\/de\/util\/geo\/visu.php\/?code=IT-CN-2099\" target=\"_blank\" rel=\"noreferrer noopener\">IT-CN-2099<\/a><br><a href=\"https:\/\/centcols.org\/de\/util\/geo\/visu.php\/?code=FR-06-2111\" target=\"_blank\" rel=\"noreferrer noopener\">DE-06-2111<\/a> \/ <a href=\"https:\/\/centcols.org\/de\/util\/geo\/visu.php\/?code=IT-CN-2111\" target=\"_blank\" rel=\"noreferrer noopener\">IT-CN-2111<\/a><br><a href=\"https:\/\/centcols.org\/de\/util\/geo\/visu.php\/?code=FR-06-2085\" target=\"_blank\" rel=\"noreferrer noopener\">DE-06-2085<\/a><br><a href=\"https:\/\/centcols.org\/de\/util\/geo\/visu.php\/?code=FR-06-2235\" target=\"_blank\" rel=\"noreferrer noopener\">DE-06-2235<\/a><br><a href=\"https:\/\/centcols.org\/de\/util\/geo\/visu.php\/?code=FR-06-2102\" target=\"_blank\" rel=\"noreferrer noopener\">DE-06-2102<\/a> \/  <a href=\"https:\/\/centcols.org\/de\/util\/geo\/visu.php\/?code=IT-CN-2102\" target=\"_blank\" rel=\"noreferrer noopener\">IT-CN-02102<\/a><br><a href=\"https:\/\/centcols.org\/de\/util\/geo\/visu.php\/?code=FR-06-2086\" target=\"_blank\" rel=\"noreferrer noopener\">DE-06-2086 <\/a>&nbsp;\/  <a href=\"https:\/\/centcols.org\/de\/util\/geo\/visu.php\/?code=IT-CN-2086\" target=\"_blank\" rel=\"noreferrer noopener\">IT-CN-2086<\/a><br><a href=\"https:\/\/centcols.org\/de\/util\/geo\/visu.php\/?code=IT-CN-2142\" target=\"_blank\" rel=\"noreferrer noopener\">IT-CN-2142<\/a><br><a href=\"https:\/\/centcols.org\/de\/util\/geo\/visu.php\/?code=FR-06-1882\" target=\"_blank\" rel=\"noreferrer noopener\">DE-06-1882 <\/a>&nbsp;\/  <a href=\"https:\/\/centcols.org\/de\/util\/geo\/visu.php\/?code=IT-CN-1882\" target=\"_blank\" rel=\"noreferrer noopener\">IT-CN-1882<\/a><br><a href=\"https:\/\/centcols.org\/de\/util\/geo\/visu.php\/?code=FR-06-1890\" target=\"_blank\" rel=\"noreferrer noopener\">DE-06-1890 <\/a> \/ <a href=\"https:\/\/centcols.org\/de\/util\/geo\/visu.php\/?code=IT-CN-1890\" target=\"_blank\" rel=\"noreferrer noopener\">IT-CN-1890<\/a><br><a href=\"https:\/\/centcols.org\/de\/util\/geo\/visu.php\/?code=FR-06-1871\" target=\"_blank\" rel=\"noreferrer noopener\">DE-06-1871 <\/a>&nbsp;\/  <a href=\"https:\/\/centcols.org\/de\/util\/geo\/visu.php\/?code=IT-CN-1871\" target=\"_blank\" rel=\"noreferrer noopener\">IT-CN-1871<\/a><br><br><a href=\"https:\/\/centcols.org\/de\/util\/geo\/visu.php\/?code=FR-06-2207\" target=\"_blank\" rel=\"noreferrer noopener\">DE-06-2207<\/a> \/ <a href=\"https:\/\/centcols.org\/de\/util\/geo\/visu.php\/?code=IT-CN-2212\" target=\"_blank\" rel=\"noreferrer noopener\">IT-CN-2212<\/a><\/td><\/tr><\/tbody><\/table><\/figure>\n\n\n\n<h2 class=\"wp-block-heading\">Technische Beschreibung<\/h2>\n\n\n\n<p>Nach Notre-Dame-des-Fontaines steigt die Route auf einer langen, sch\u00f6nen Stra\u00dfe (R1\/2) bis zum Pas de Tanarel an. Es folgt eine Reihe von P\u00e4ssen auf teilweise fahrradfreundlichen Wegen, die bis zum Col de Celle Vieille (S2\/3) einen kleinen Schub erfordern. Danach geht es auf einem anderen Pfad R1\/2 weiter bis zum Pass der Route de Tenda. Eine Reihe von 48 Haarnadelkurven f\u00fchrt zur\u00fcck zum Dorf Tende.<\/p>\n\n\n\n<p><strong>Schl\u00fcsselw\u00f6rter<\/strong> : Centcols,Tende,Tenda,Saint Dalmas de Tende, La Brigue,<\/p>\n\n\n\n<p><strong>OpenRunner-Link, interaktive Karte, Profil, gpx-Track : <a href=\"https:\/\/www.openrunner.com\/route-details\/6593420\" target=\"_blank\" rel=\"noreferrer noopener\">https:\/\/www.openrunner.com\/route-details\/6593420<\/a><\/strong><\/p>\n\n\n\n<p>Diese Route wird nur zur Orientierung vorgeschlagen. Der Autor lehnt jegliche Haftung sowie die des Club des Cent Cols f\u00fcr Unw\u00e4gbarkeiten ab, die auf den Radfahrer selbst, das verwendete Material oder alles, was mit der Stra\u00dfe, den Pisten und Wegen, ihrer Umgebung und den anderen Verkehrsteilnehmern zusammenh\u00e4ngt, zur\u00fcckzuf\u00fchren sind.<\/p>\n\n\n\n<h2 class=\"wp-block-heading\">Fotos<\/h2>\n\n\n\n<p>Fotoalbum : <a href=\"https:\/\/photos.app.goo.gl\/C88VUYadbEtxqpqd9\" target=\"_blank\" rel=\"noreferrer noopener\">https:\/\/photos.app.goo.gl\/C88VUYadbEtxqpqd9<\/a><\/p>\n\n\n<div class=\"wp-block-image\">\n<figure class=\"aligncenter size-full is-resized\"><a href=\"https:\/\/centcols.org\/wp-content\/uploads\/2023\/07\/Vue-1-1200x6751-1.jpg\"><img loading=\"lazy\" decoding=\"async\" width=\"1200\" height=\"675\" src=\"https:\/\/centcols.org\/wp-content\/uploads\/2023\/07\/Vue-1-1200x6751-1.jpg\" alt=\"\" class=\"wp-image-89889\" style=\"width:800px\" srcset=\"https:\/\/centcols.org\/wp-content\/uploads\/2023\/07\/Vue-1-1200x6751-1.jpg 1200w, https:\/\/centcols.org\/wp-content\/uploads\/2023\/07\/Vue-1-1200x6751-1-768x432.jpg 768w, https:\/\/centcols.org\/wp-content\/uploads\/2023\/07\/Vue-1-1200x6751-1-18x10.jpg 18w\" sizes=\"auto, (max-width: 1200px) 100vw, 1200px\" \/><\/a><\/figure>\n<\/div>\n\n\n<div style=\"height:10px\" aria-hidden=\"true\" class=\"wp-block-spacer\"><\/div>\n\n\n\n<div style=\"height:10px\" aria-hidden=\"true\" class=\"wp-block-spacer\"><\/div>\n\n\n<div class=\"wp-block-image\">\n<figure class=\"aligncenter size-full is-resized\"><a href=\"https:\/\/centcols.org\/wp-content\/uploads\/2023\/07\/Vue-2-1200x6751-1.jpg\"><img loading=\"lazy\" decoding=\"async\" width=\"1200\" height=\"675\" src=\"https:\/\/centcols.org\/wp-content\/uploads\/2023\/07\/Vue-2-1200x6751-1.jpg\" alt=\"\" class=\"wp-image-89890\" style=\"width:800px\" srcset=\"https:\/\/centcols.org\/wp-content\/uploads\/2023\/07\/Vue-2-1200x6751-1.jpg 1200w, https:\/\/centcols.org\/wp-content\/uploads\/2023\/07\/Vue-2-1200x6751-1-768x432.jpg 768w, https:\/\/centcols.org\/wp-content\/uploads\/2023\/07\/Vue-2-1200x6751-1-18x10.jpg 18w\" sizes=\"auto, (max-width: 1200px) 100vw, 1200px\" \/><\/a><\/figure>\n<\/div>\n\n\n<p class=\"has-text-align-center\"><strong>Die K\u00e4mme von Tend<\/strong>sten<\/p>\n\n\n<div class=\"wp-block-image\">\n<figure class=\"aligncenter size-large is-resized\"><a href=\"https:\/\/centcols.org\/util\/geo\/visu\/FR\/img\/1312\/8202.jpg\"><img decoding=\"async\" src=\"https:\/\/centcols.org\/util\/geo\/visu\/FR\/img\/1312\/8202.jpg\" alt=\"\" style=\"width:800px\"\/><\/a><figcaption class=\"wp-element-caption\"><strong>Linary Pass<\/strong><\/figcaption><\/figure>\n<\/div>\n\n<div class=\"wp-block-image\">\n<figure class=\"aligncenter size-large is-resized\"><a href=\"https:\/\/centcols.org\/util\/geo\/visu\/FR\/img\/1313\/2204.jpg\"><img decoding=\"async\" src=\"https:\/\/centcols.org\/util\/geo\/visu\/FR\/img\/1313\/2204.jpg\" alt=\"\" style=\"width:800px\"\/><\/a><figcaption class=\"wp-element-caption\"><strong>Kein Gl\u00fchender Leim<\/strong><\/figcaption><\/figure>\n<\/div>\n\n<div class=\"wp-block-image\">\n<figure class=\"aligncenter size-large is-resized\"><img decoding=\"async\" src=\"https:\/\/centcols.org\/util\/geo\/visu\/FR\/img\/1314\/2303.jpg\" alt=\"\" style=\"width:800px\"\/><figcaption class=\"wp-element-caption\"><strong>Tanarel-Schritt<\/strong><\/figcaption><\/figure>\n<\/div>\n\n<div class=\"wp-block-image\">\n<figure class=\"aligncenter size-large is-resized\"><img decoding=\"async\" src=\"https:\/\/centcols.org\/util\/geo\/visu\/FR\/img\/1314\/6401.jpg\" alt=\"\" style=\"width:800px\"\/><figcaption class=\"wp-element-caption\"><strong>Gravairole-Pass<\/strong><\/figcaption><\/figure>\n<\/div>\n\n<div class=\"wp-block-image\">\n<figure class=\"aligncenter size-large is-resized\"><img decoding=\"async\" src=\"https:\/\/centcols.org\/util\/geo\/visu\/FR\/img\/1314\/4601.jpg\" alt=\"\" style=\"width:800px\"\/><figcaption class=\"wp-element-caption\"><strong>Col de l'Ev\u00eaque (Bischofspass)<\/strong><\/figcaption><\/figure>\n<\/div>\n\n<div class=\"wp-block-image\">\n<figure class=\"aligncenter size-large is-resized\"><img decoding=\"async\" src=\"https:\/\/centcols.org\/util\/geo\/visu\/FR\/img\/1314\/3902.jpg\" alt=\"\" style=\"width:800px\"\/><figcaption class=\"wp-element-caption\"><strong>Col des Seigneurs<\/strong><\/figcaption><\/figure>\n<\/div>\n\n<div class=\"wp-block-image\">\n<figure class=\"aligncenter size-large\"><img decoding=\"async\" src=\"https:\/\/centcols.org\/util\/geo\/visu\/FR\/img\/1314\/3200.jpg\" alt=\"\"\/><figcaption class=\"wp-element-caption\"><strong>Col de la Perle<\/strong><\/figcaption><\/figure>\n<\/div>\n\n<div class=\"wp-block-image\">\n<figure class=\"aligncenter size-large is-resized\"><img decoding=\"async\" src=\"https:\/\/centcols.org\/util\/geo\/visu\/IT\/img\/1465\/5201.jpg\" alt=\"\" style=\"width:800px\"\/><figcaption class=\"wp-element-caption\"><strong>Colletto Campanino<\/strong><\/figcaption><\/figure>\n<\/div>\n\n<div class=\"wp-block-image\">\n<figure class=\"aligncenter size-large is-resized\"><img decoding=\"async\" src=\"https:\/\/centcols.org\/util\/geo\/visu\/FR\/img\/1313\/8901.jpg\" alt=\"\" style=\"width:800px\"\/><figcaption class=\"wp-element-caption\"><strong>Zimtpass<\/strong><\/figcaption><\/figure>\n<\/div>\n\n<div class=\"wp-block-image\">\n<figure class=\"aligncenter size-large is-resized\"><img decoding=\"async\" src=\"https:\/\/centcols.org\/util\/geo\/visu\/FR\/img\/1313\/9103.jpg\" alt=\"\" style=\"width:800px\"\/><figcaption class=\"wp-element-caption\"><strong>Col de Tende Ost<\/strong><\/figcaption><\/figure>\n<\/div>","protected":false},"excerpt":{"rendered":"<p>Parcours des membres &#8211; VTT- 9 cols Description de l\u2019auteur Auteur: Ren\u00e9 Rial Parcours effectu\u00e9 le 07\/09\/2016. Point de d\u00e9part : Centre de Tende, sortie nord, pr\u00e8s de la gare. Alt : 824 m Description touristique Les communes de Tende et de La Brigue occupent la partie la plus orientale des Alpes maritimes, le long [&hellip;]<\/p>\n","protected":false},"author":3,"featured_media":82880,"comment_status":"open","ping_status":"open","sticky":false,"template":"","format":"standard","meta":{"_acf_changed":false,"footnotes":""},"categories":[303,319,344,392,343,220],"tags":[],"class_list":["post-82445","post","type-post","status-publish","format-standard","has-post-thumbnail","hentry","category-parcours-france","category-vtt-type-parcours","category-alpes-francaises-du-sud","category-06-alpes-maritimes","category-provence-alpes-cote-dazur-parcours-membres","category-parcours-membres"],"acf":[],"yoast_head":"<!-- This site is optimized with the Yoast SEO plugin v27.2 - https:\/\/yoast.com\/product\/yoast-seo-wordpress\/ -->\n<title>FR-06 Tende Est - VTT 79 km, D+ 2550 m, 20 cols - Club des Cent Cols<\/title>\n<meta name=\"robots\" content=\"index, follow, max-snippet:-1, max-image-preview:large, max-video-preview:-1\" \/>\n<link rel=\"canonical\" href=\"https:\/\/centcols.org\/de\/de-06-tende-est-mountainbike-79-km-d-2550-m-20-passe\/\" \/>\n<meta property=\"og:locale\" content=\"de_DE\" \/>\n<meta property=\"og:type\" content=\"article\" \/>\n<meta property=\"og:title\" content=\"FR-06 Tende Est - VTT 79 km, D+ 2550 m, 20 cols - Club des Cent Cols\" \/>\n<meta property=\"og:description\" content=\"Parcours des membres &#8211; VTT- 9 cols Description de l\u2019auteur Auteur: Ren\u00e9 Rial Parcours effectu\u00e9 le 07\/09\/2016. Point de d\u00e9part : Centre de Tende, sortie nord, pr\u00e8s de la gare. Alt : 824 m Description touristique Les communes de Tende et de La Brigue occupent la partie la plus orientale des Alpes maritimes, le long [&hellip;]\" \/>\n<meta property=\"og:url\" content=\"https:\/\/centcols.org\/de\/de-06-tende-est-mountainbike-79-km-d-2550-m-20-passe\/\" \/>\n<meta property=\"og:site_name\" content=\"Club des Cent Cols\" \/>\n<meta property=\"article:publisher\" content=\"https:\/\/www.facebook.com\/groups\/5261880558\/?locale=fr_FR\" \/>\n<meta property=\"article:published_time\" content=\"2023-07-18T05:36:19+00:00\" \/>\n<meta property=\"article:modified_time\" content=\"2026-03-31T15:21:35+00:00\" \/>\n<meta property=\"og:image\" content=\"https:\/\/centcols.org\/wp-content\/uploads\/2023\/07\/32001.jpg\" \/>\n\t<meta property=\"og:image:width\" content=\"640\" \/>\n\t<meta property=\"og:image:height\" content=\"480\" \/>\n\t<meta property=\"og:image:type\" content=\"image\/jpeg\" \/>\n<meta name=\"author\" content=\"Webmestre\" \/>\n<meta name=\"twitter:card\" content=\"summary_large_image\" \/>\n<meta name=\"twitter:label1\" content=\"Verfasst von\" \/>\n\t<meta name=\"twitter:data1\" content=\"Webmestre\" \/>\n\t<meta name=\"twitter:label2\" content=\"Gesch\u00e4tzte Lesezeit\" \/>\n\t<meta name=\"twitter:data2\" content=\"6\u00a0Minuten\" \/>\n<script type=\"application\/ld+json\" class=\"yoast-schema-graph\">{\"@context\":\"https:\/\/schema.org\",\"@graph\":[{\"@type\":\"Article\",\"@id\":\"https:\/\/centcols.org\/fr-06-tende-est-vtt-79-km-d-2550-m-20-cols\/#article\",\"isPartOf\":{\"@id\":\"https:\/\/centcols.org\/fr-06-tende-est-vtt-79-km-d-2550-m-20-cols\/\"},\"author\":{\"name\":\"Webmestre\",\"@id\":\"https:\/\/centcols.org\/#\/schema\/person\/911b404fb133d8c913dd27cdcf71c8e5\"},\"headline\":\"FR-06 Tende Est &#8211; VTT 79 km, D+ 2550 m, 20 cols\",\"datePublished\":\"2023-07-18T05:36:19+00:00\",\"dateModified\":\"2026-03-31T15:21:35+00:00\",\"mainEntityOfPage\":{\"@id\":\"https:\/\/centcols.org\/fr-06-tende-est-vtt-79-km-d-2550-m-20-cols\/\"},\"wordCount\":509,\"commentCount\":0,\"publisher\":{\"@id\":\"https:\/\/centcols.org\/#organization\"},\"image\":{\"@id\":\"https:\/\/centcols.org\/fr-06-tende-est-vtt-79-km-d-2550-m-20-cols\/#primaryimage\"},\"thumbnailUrl\":\"https:\/\/centcols.org\/wp-content\/uploads\/2023\/07\/32001.jpg\",\"articleSection\":[\"Parcours France\",\"VTT\",\"Alpes fran\u00e7aises du sud\",\"06-Alpes Maritimes\",\"Provence-Alpes-C\u00f4te d'Azur\",\"Parcours membres\"],\"inLanguage\":\"de\",\"potentialAction\":[{\"@type\":\"CommentAction\",\"name\":\"Comment\",\"target\":[\"https:\/\/centcols.org\/fr-06-tende-est-vtt-79-km-d-2550-m-20-cols\/#respond\"]}]},{\"@type\":\"WebPage\",\"@id\":\"https:\/\/centcols.org\/fr-06-tende-est-vtt-79-km-d-2550-m-20-cols\/\",\"url\":\"https:\/\/centcols.org\/fr-06-tende-est-vtt-79-km-d-2550-m-20-cols\/\",\"name\":\"FR-06 Tende Est - VTT 79 km, D+ 2550 m, 20 cols - Club des Cent Cols\",\"isPartOf\":{\"@id\":\"https:\/\/centcols.org\/#website\"},\"primaryImageOfPage\":{\"@id\":\"https:\/\/centcols.org\/fr-06-tende-est-vtt-79-km-d-2550-m-20-cols\/#primaryimage\"},\"image\":{\"@id\":\"https:\/\/centcols.org\/fr-06-tende-est-vtt-79-km-d-2550-m-20-cols\/#primaryimage\"},\"thumbnailUrl\":\"https:\/\/centcols.org\/wp-content\/uploads\/2023\/07\/32001.jpg\",\"datePublished\":\"2023-07-18T05:36:19+00:00\",\"dateModified\":\"2026-03-31T15:21:35+00:00\",\"breadcrumb\":{\"@id\":\"https:\/\/centcols.org\/fr-06-tende-est-vtt-79-km-d-2550-m-20-cols\/#breadcrumb\"},\"inLanguage\":\"de\",\"potentialAction\":[{\"@type\":\"ReadAction\",\"target\":[\"https:\/\/centcols.org\/fr-06-tende-est-vtt-79-km-d-2550-m-20-cols\/\"]}]},{\"@type\":\"ImageObject\",\"inLanguage\":\"de\",\"@id\":\"https:\/\/centcols.org\/fr-06-tende-est-vtt-79-km-d-2550-m-20-cols\/#primaryimage\",\"url\":\"https:\/\/centcols.org\/wp-content\/uploads\/2023\/07\/32001.jpg\",\"contentUrl\":\"https:\/\/centcols.org\/wp-content\/uploads\/2023\/07\/32001.jpg\",\"width\":640,\"height\":480},{\"@type\":\"BreadcrumbList\",\"@id\":\"https:\/\/centcols.org\/fr-06-tende-est-vtt-79-km-d-2550-m-20-cols\/#breadcrumb\",\"itemListElement\":[{\"@type\":\"ListItem\",\"position\":1,\"name\":\"Accueil\",\"item\":\"https:\/\/centcols.org\/\"},{\"@type\":\"ListItem\",\"position\":2,\"name\":\"Parcours membres\",\"item\":\"https:\/\/centcols.org\/rubrique\/parcours-membres\/\"},{\"@type\":\"ListItem\",\"position\":3,\"name\":\"Pays\",\"item\":\"https:\/\/centcols.org\/rubrique\/parcours-membres\/pays-parcours-membres\/\"},{\"@type\":\"ListItem\",\"position\":4,\"name\":\"Parcours France\",\"item\":\"https:\/\/centcols.org\/rubrique\/parcours-membres\/pays-parcours-membres\/parcours-france\/\"},{\"@type\":\"ListItem\",\"position\":5,\"name\":\"FR-06 Tende Est &#8211; VTT 79 km, D+ 2550 m, 20 cols\"}]},{\"@type\":\"WebSite\",\"@id\":\"https:\/\/centcols.org\/#website\",\"url\":\"https:\/\/centcols.org\/\",\"name\":\"Club des Cent Cols\",\"description\":\"\",\"publisher\":{\"@id\":\"https:\/\/centcols.org\/#organization\"},\"potentialAction\":[{\"@type\":\"SearchAction\",\"target\":{\"@type\":\"EntryPoint\",\"urlTemplate\":\"https:\/\/centcols.org\/?s={search_term_string}\"},\"query-input\":{\"@type\":\"PropertyValueSpecification\",\"valueRequired\":true,\"valueName\":\"search_term_string\"}}],\"inLanguage\":\"de\"},{\"@type\":\"Organization\",\"@id\":\"https:\/\/centcols.org\/#organization\",\"name\":\"Club des Cent Cols\",\"url\":\"https:\/\/centcols.org\/\",\"logo\":{\"@type\":\"ImageObject\",\"inLanguage\":\"de\",\"@id\":\"https:\/\/centcols.org\/#\/schema\/logo\/image\/\",\"url\":\"https:\/\/centcols.org\/wp-content\/uploads\/2025\/01\/carte-icone.png\",\"contentUrl\":\"https:\/\/centcols.org\/wp-content\/uploads\/2025\/01\/carte-icone.png\",\"width\":250,\"height\":250,\"caption\":\"Club des Cent Cols\"},\"image\":{\"@id\":\"https:\/\/centcols.org\/#\/schema\/logo\/image\/\"},\"sameAs\":[\"https:\/\/www.facebook.com\/groups\/5261880558\/?locale=fr_FR\"]},{\"@type\":\"Person\",\"@id\":\"https:\/\/centcols.org\/#\/schema\/person\/911b404fb133d8c913dd27cdcf71c8e5\",\"name\":\"Webmestre\",\"image\":{\"@type\":\"ImageObject\",\"inLanguage\":\"de\",\"@id\":\"https:\/\/centcols.org\/wp-content\/litespeed\/avatar\/2d246e4b6b4f773e08515e1ffc53690b.jpg?ver=1777222892\",\"url\":\"https:\/\/centcols.org\/wp-content\/litespeed\/avatar\/2d246e4b6b4f773e08515e1ffc53690b.jpg?ver=1777222892\",\"contentUrl\":\"https:\/\/centcols.org\/wp-content\/litespeed\/avatar\/2d246e4b6b4f773e08515e1ffc53690b.jpg?ver=1777222892\",\"caption\":\"Webmestre\"},\"url\":\"https:\/\/centcols.org\/de\/author\/webmestre\/\"}]}<\/script>\n<!-- \/ Yoast SEO plugin. -->","yoast_head_json":{"title":"FR-06 Tende Est - MTB 79 km, D+ 2550 m, 20 P\u00e4sse - Club des Cent Cols","robots":{"index":"index","follow":"follow","max-snippet":"max-snippet:-1","max-image-preview":"max-image-preview:large","max-video-preview":"max-video-preview:-1"},"canonical":"https:\/\/centcols.org\/de\/de-06-tende-est-mountainbike-79-km-d-2550-m-20-passe\/","og_locale":"de_DE","og_type":"article","og_title":"FR-06 Tende Est - VTT 79 km, D+ 2550 m, 20 cols - Club des Cent Cols","og_description":"Parcours des membres &#8211; VTT- 9 cols Description de l\u2019auteur Auteur: Ren\u00e9 Rial Parcours effectu\u00e9 le 07\/09\/2016. Point de d\u00e9part : Centre de Tende, sortie nord, pr\u00e8s de la gare. Alt : 824 m Description touristique Les communes de Tende et de La Brigue occupent la partie la plus orientale des Alpes maritimes, le long [&hellip;]","og_url":"https:\/\/centcols.org\/de\/de-06-tende-est-mountainbike-79-km-d-2550-m-20-passe\/","og_site_name":"Club des Cent Cols","article_publisher":"https:\/\/www.facebook.com\/groups\/5261880558\/?locale=fr_FR","article_published_time":"2023-07-18T05:36:19+00:00","article_modified_time":"2026-03-31T15:21:35+00:00","og_image":[{"width":640,"height":480,"url":"https:\/\/centcols.org\/wp-content\/uploads\/2023\/07\/32001.jpg","type":"image\/jpeg"}],"author":"Webmestre","twitter_card":"summary_large_image","twitter_misc":{"Verfasst von":"Webmestre","Gesch\u00e4tzte Lesezeit":"6\u00a0Minuten"},"schema":{"@context":"https:\/\/schema.org","@graph":[{"@type":"Article","@id":"https:\/\/centcols.org\/fr-06-tende-est-vtt-79-km-d-2550-m-20-cols\/#article","isPartOf":{"@id":"https:\/\/centcols.org\/fr-06-tende-est-vtt-79-km-d-2550-m-20-cols\/"},"author":{"name":"Webmestre","@id":"https:\/\/centcols.org\/#\/schema\/person\/911b404fb133d8c913dd27cdcf71c8e5"},"headline":"FR-06 Tende Est &#8211; VTT 79 km, D+ 2550 m, 20 cols","datePublished":"2023-07-18T05:36:19+00:00","dateModified":"2026-03-31T15:21:35+00:00","mainEntityOfPage":{"@id":"https:\/\/centcols.org\/fr-06-tende-est-vtt-79-km-d-2550-m-20-cols\/"},"wordCount":509,"commentCount":0,"publisher":{"@id":"https:\/\/centcols.org\/#organization"},"image":{"@id":"https:\/\/centcols.org\/fr-06-tende-est-vtt-79-km-d-2550-m-20-cols\/#primaryimage"},"thumbnailUrl":"https:\/\/centcols.org\/wp-content\/uploads\/2023\/07\/32001.jpg","articleSection":["Parcours France","VTT","Alpes fran\u00e7aises du sud","06-Alpes Maritimes","Provence-Alpes-C\u00f4te d'Azur","Parcours membres"],"inLanguage":"de","potentialAction":[{"@type":"CommentAction","name":"Comment","target":["https:\/\/centcols.org\/fr-06-tende-est-vtt-79-km-d-2550-m-20-cols\/#respond"]}]},{"@type":"WebPage","@id":"https:\/\/centcols.org\/fr-06-tende-est-vtt-79-km-d-2550-m-20-cols\/","url":"https:\/\/centcols.org\/fr-06-tende-est-vtt-79-km-d-2550-m-20-cols\/","name":"FR-06 Tende Est - MTB 79 km, D+ 2550 m, 20 P\u00e4sse - Club des Cent Cols","isPartOf":{"@id":"https:\/\/centcols.org\/#website"},"primaryImageOfPage":{"@id":"https:\/\/centcols.org\/fr-06-tende-est-vtt-79-km-d-2550-m-20-cols\/#primaryimage"},"image":{"@id":"https:\/\/centcols.org\/fr-06-tende-est-vtt-79-km-d-2550-m-20-cols\/#primaryimage"},"thumbnailUrl":"https:\/\/centcols.org\/wp-content\/uploads\/2023\/07\/32001.jpg","datePublished":"2023-07-18T05:36:19+00:00","dateModified":"2026-03-31T15:21:35+00:00","breadcrumb":{"@id":"https:\/\/centcols.org\/fr-06-tende-est-vtt-79-km-d-2550-m-20-cols\/#breadcrumb"},"inLanguage":"de","potentialAction":[{"@type":"ReadAction","target":["https:\/\/centcols.org\/fr-06-tende-est-vtt-79-km-d-2550-m-20-cols\/"]}]},{"@type":"ImageObject","inLanguage":"de","@id":"https:\/\/centcols.org\/fr-06-tende-est-vtt-79-km-d-2550-m-20-cols\/#primaryimage","url":"https:\/\/centcols.org\/wp-content\/uploads\/2023\/07\/32001.jpg","contentUrl":"https:\/\/centcols.org\/wp-content\/uploads\/2023\/07\/32001.jpg","width":640,"height":480},{"@type":"BreadcrumbList","@id":"https:\/\/centcols.org\/fr-06-tende-est-vtt-79-km-d-2550-m-20-cols\/#breadcrumb","itemListElement":[{"@type":"ListItem","position":1,"name":"Accueil","item":"https:\/\/centcols.org\/"},{"@type":"ListItem","position":2,"name":"Parcours membres","item":"https:\/\/centcols.org\/rubrique\/parcours-membres\/"},{"@type":"ListItem","position":3,"name":"Pays","item":"https:\/\/centcols.org\/rubrique\/parcours-membres\/pays-parcours-membres\/"},{"@type":"ListItem","position":4,"name":"Parcours France","item":"https:\/\/centcols.org\/rubrique\/parcours-membres\/pays-parcours-membres\/parcours-france\/"},{"@type":"ListItem","position":5,"name":"FR-06 Tende Est &#8211; VTT 79 km, D+ 2550 m, 20 cols"}]},{"@type":"WebSite","@id":"https:\/\/centcols.org\/#website","url":"https:\/\/centcols.org\/","name":"Club des Cent Cols","description":"","publisher":{"@id":"https:\/\/centcols.org\/#organization"},"potentialAction":[{"@type":"SearchAction","target":{"@type":"EntryPoint","urlTemplate":"https:\/\/centcols.org\/?s={search_term_string}"},"query-input":{"@type":"PropertyValueSpecification","valueRequired":true,"valueName":"search_term_string"}}],"inLanguage":"de"},{"@type":"Organization","@id":"https:\/\/centcols.org\/#organization","name":"Club des Cent Cols","url":"https:\/\/centcols.org\/","logo":{"@type":"ImageObject","inLanguage":"de","@id":"https:\/\/centcols.org\/#\/schema\/logo\/image\/","url":"https:\/\/centcols.org\/wp-content\/uploads\/2025\/01\/carte-icone.png","contentUrl":"https:\/\/centcols.org\/wp-content\/uploads\/2025\/01\/carte-icone.png","width":250,"height":250,"caption":"Club des Cent Cols"},"image":{"@id":"https:\/\/centcols.org\/#\/schema\/logo\/image\/"},"sameAs":["https:\/\/www.facebook.com\/groups\/5261880558\/?locale=fr_FR"]},{"@type":"Person","@id":"https:\/\/centcols.org\/#\/schema\/person\/911b404fb133d8c913dd27cdcf71c8e5","name":"Webmaster","image":{"@type":"ImageObject","inLanguage":"de","@id":"https:\/\/centcols.org\/wp-content\/litespeed\/avatar\/2d246e4b6b4f773e08515e1ffc53690b.jpg?ver=1777222892","url":"https:\/\/centcols.org\/wp-content\/litespeed\/avatar\/2d246e4b6b4f773e08515e1ffc53690b.jpg?ver=1777222892","contentUrl":"https:\/\/centcols.org\/wp-content\/litespeed\/avatar\/2d246e4b6b4f773e08515e1ffc53690b.jpg?ver=1777222892","caption":"Webmestre"},"url":"https:\/\/centcols.org\/de\/author\/webmestre\/"}]}},"_links":{"self":[{"href":"https:\/\/centcols.org\/de\/wp-json\/wp\/v2\/posts\/82445","targetHints":{"allow":["GET"]}}],"collection":[{"href":"https:\/\/centcols.org\/de\/wp-json\/wp\/v2\/posts"}],"about":[{"href":"https:\/\/centcols.org\/de\/wp-json\/wp\/v2\/types\/post"}],"author":[{"embeddable":true,"href":"https:\/\/centcols.org\/de\/wp-json\/wp\/v2\/users\/3"}],"replies":[{"embeddable":true,"href":"https:\/\/centcols.org\/de\/wp-json\/wp\/v2\/comments?post=82445"}],"version-history":[{"count":0,"href":"https:\/\/centcols.org\/de\/wp-json\/wp\/v2\/posts\/82445\/revisions"}],"wp:featuredmedia":[{"embeddable":true,"href":"https:\/\/centcols.org\/de\/wp-json\/wp\/v2\/media\/82880"}],"wp:attachment":[{"href":"https:\/\/centcols.org\/de\/wp-json\/wp\/v2\/media?parent=82445"}],"wp:term":[{"taxonomy":"category","embeddable":true,"href":"https:\/\/centcols.org\/de\/wp-json\/wp\/v2\/categories?post=82445"},{"taxonomy":"post_tag","embeddable":true,"href":"https:\/\/centcols.org\/de\/wp-json\/wp\/v2\/tags?post=82445"}],"curies":[{"name":"wp","href":"https:\/\/api.w.org\/{rel}","templated":true}]}}