{"id":82448,"date":"2023-05-10T13:33:22","date_gmt":"2023-05-10T11:33:22","guid":{"rendered":"https:\/\/centcols.org\/es-b-dosrius-route-gravel-28-km-d-590-m-6-cols\/"},"modified":"2026-03-31T18:06:19","modified_gmt":"2026-03-31T16:06:19","slug":"es-b-dosrius-gravel","status":"publish","type":"post","link":"https:\/\/centcols.org\/de\/es-b-dosrius-gravel\/","title":{"rendered":"ES-B Dosrius - Gravel 27 km, D+ 590 m, 6 P\u00e4sse"},"content":{"rendered":"<iframe width=\"100%\" height=\"650\" loading=\"lazy\" src=\"https:\/\/www.openrunner.com\/embed\/3272323767453156436d2f554a4c6b7374584d6c754a636f4e36324f6476553236694b414842637442564d3d3a3a7c629571daed79bcf7245900b4e64dee?unit=metric\" style=\"border: none;\"><\/iframe>\n\n\n\n<div style=\"height:30px\" aria-hidden=\"true\" class=\"wp-block-spacer\"><\/div>\n\n\n\n<h2 class=\"wp-block-heading\">Beschreibung des Autors<\/h2>\n\n\n\n<p><strong>Autor <\/strong>: Guy Garcin<br><strong>Parcours<\/strong> : durchgef\u00fchrt im M\u00e4rz 2016<br><strong>Abreise<\/strong> Dosrius, Dorfzentrum, carrer de Moss\u00e8n Jacint Verdaguer. Alt: 148 m.<\/p>\n\n\n\n<div style=\"height:30px\" aria-hidden=\"true\" class=\"wp-block-spacer\"><\/div>\n\n\n\n<h2 class=\"wp-block-heading\">Touristische Beschreibung<\/h2>\n\n\n\n<p>Dosrius liegt im Zentrum des kleinen K\u00fcstengebirges nord\u00f6stlich von Barcelona. Sie dominiert die Mittelmeerk\u00fcste und gew\u00e4hrt ihr nur einen kleinen, stark bebauten K\u00fcstenstreifen. Die Berge und ihre W\u00e4lder sind jedoch durch zahlreiche Naturparks gesch\u00fctzt, die \u00fcber die gesamte Bergkette verteilt sind.<\/p>\n\n\n\n<div style=\"height:30px\" aria-hidden=\"true\" class=\"wp-block-spacer\"><\/div>\n\n\n\n<h2 class=\"wp-block-heading\">Technische Beschreibung<\/h2>\n\n\n\n<p>Die P\u00e4sse liegen auf asphaltierten Stra\u00dfen oder auf unbefestigten Pisten, den sogenannten R1-Pisten, und sind daher zu 100% mit dem Fahrrad befahrbar. Die 85% der Strecke verlaufen auf Stra\u00dfen.<\/p>\n\n\n\n<div style=\"height:30px\" aria-hidden=\"true\" class=\"wp-block-spacer\"><\/div>\n\n\n\n<p><strong>6 P\u00e4sse<\/strong><\/p>\n\n\n\n<figure class=\"wp-block-table tableau-cols\"><table class=\"has-background\" style=\"background-color:#f0f0f0\"><tbody><tr><td>1 - Coll de la Creueta<\/td><td>202 m<\/td><td><a href=\"\/de\/util\/geo\/visu.php\/?code=ES-B-0200\" target=\"_blank\" rel=\"noreferrer noopener\">ES-B-0200<\/a><\/td><\/tr><tr><td>2 - Creueta de Can Martorell<\/td><td>199 m<\/td><td><a href=\"\/de\/util\/geo\/visu.php\/?code=ES-B-0199a\" target=\"_blank\" rel=\"noreferrer noopener\">ES-B-0199a<\/a><\/td><\/tr><tr><td>3 - El Portell<\/td><td>339 m<\/td><td><a href=\"\/de\/util\/geo\/visu.php\/?code=ES-B-0336\" target=\"_blank\" rel=\"noreferrer noopener\">ES-B-0336<\/a><\/td><\/tr><tr><td>4 - El Coll<\/td><td>263 m<\/td><td><a href=\"\/de\/util\/geo\/visu.php\/?code=ES-B-0262\" target=\"_blank\" rel=\"noreferrer noopener\">ES-B-0262<\/a><\/td><\/tr><tr><td>5 - Coll de Castellans<\/td><td>348 m<\/td><td><a href=\"\/de\/util\/geo\/visu.php\/?code=ES-B-0348\" target=\"_blank\" rel=\"noreferrer noopener\">ES-B-0348<\/a><\/td><\/tr><tr><td>6 - Coll de Parpers<\/td><td>293 m<\/td><td><a href=\"\/de\/util\/geo\/visu.php\/?code=ES-B-0295a\" target=\"_blank\" rel=\"noreferrer noopener\">ES-B-0295a<\/a><\/td><\/tr><\/tbody><\/table><\/figure>\n\n\n\n<p><strong>Schlagw\u00f6rter<\/strong> : Dosrius, Katalonien, El Corredor, Mataro, centcols<\/p>\n\n\n\n<p>Openrunner-Link, interaktive Karte, Profil, Track : <a href=\"https:\/\/www.openrunner.com\/route-details\/5888650\" target=\"_blank\" rel=\"noreferrer noopener\">https:\/\/www.openrunner.com\/route-details\/5888650<\/a><\/p>\n\n\n\n<p>Diese Route wird nur zur Orientierung vorgeschlagen. Der Autor \u00fcbernimmt keine Haftung f\u00fcr Unw\u00e4gbarkeiten, die auf den Radfahrer selbst, das verwendete Material und alles, was die Stra\u00dfe, die Pisten und Wege, ihre Umgebung und andere Benutzer betrifft, zur\u00fcckzuf\u00fchren sind, sowie f\u00fcr die Haftung des Club des Cent Cols.<\/p>\n\n\n\n<div style=\"height:30px\" aria-hidden=\"true\" class=\"wp-block-spacer\"><\/div>\n\n\n\n<h2 class=\"wp-block-heading\">Fotos<\/h2>\n\n\n<div class=\"wp-block-image\">\n<figure class=\"aligncenter size-full is-resized\"><a href=\"https:\/\/centcols.org\/wp-content\/uploads\/2023\/05\/Dosrius-Piste-1200x6741-1.jpg\"><img loading=\"lazy\" decoding=\"async\" width=\"1200\" height=\"674\" src=\"https:\/\/centcols.org\/wp-content\/uploads\/2023\/05\/Dosrius-Piste-1200x6741-1.jpg\" alt=\"\" class=\"wp-image-89953\" style=\"width:800px\" srcset=\"https:\/\/centcols.org\/wp-content\/uploads\/2023\/05\/Dosrius-Piste-1200x6741-1.jpg 1200w, https:\/\/centcols.org\/wp-content\/uploads\/2023\/05\/Dosrius-Piste-1200x6741-1-768x431.jpg 768w, https:\/\/centcols.org\/wp-content\/uploads\/2023\/05\/Dosrius-Piste-1200x6741-1-18x10.jpg 18w\" sizes=\"auto, (max-width: 1200px) 100vw, 1200px\" \/><\/a><figcaption class=\"wp-element-caption\">18. M\u00e4rz, immer noch sch\u00f6ne Spuren (\u00a9 T.Labour)<\/figcaption><\/figure>\n<\/div>\n\n\n<div style=\"height:15px\" aria-hidden=\"true\" class=\"wp-block-spacer\"><\/div>\n\n\n<div class=\"wp-block-image\">\n<figure class=\"aligncenter size-full is-resized\"><a href=\"https:\/\/centcols.org\/wp-content\/uploads\/2023\/05\/Paysage-Dosrius-2-1200x9001-1.jpg\"><img loading=\"lazy\" decoding=\"async\" width=\"1200\" height=\"900\" src=\"https:\/\/centcols.org\/wp-content\/uploads\/2023\/05\/Paysage-Dosrius-2-1200x9001-1.jpg\" alt=\"\" class=\"wp-image-89954\" style=\"width:800px\" srcset=\"https:\/\/centcols.org\/wp-content\/uploads\/2023\/05\/Paysage-Dosrius-2-1200x9001-1.jpg 1200w, https:\/\/centcols.org\/wp-content\/uploads\/2023\/05\/Paysage-Dosrius-2-1200x9001-1-768x576.jpg 768w, https:\/\/centcols.org\/wp-content\/uploads\/2023\/05\/Paysage-Dosrius-2-1200x9001-1-16x12.jpg 16w\" sizes=\"auto, (max-width: 1200px) 100vw, 1200px\" \/><\/a><figcaption class=\"wp-element-caption\">ES-B-0336 El Portell<\/figcaption><\/figure>\n<\/div>\n\n\n<div style=\"height:15px\" aria-hidden=\"true\" class=\"wp-block-spacer\"><\/div>\n\n\n<div class=\"wp-block-image\">\n<figure class=\"aligncenter size-full is-resized\"><a href=\"https:\/\/centcols.org\/wp-content\/uploads\/2023\/05\/Paysage-Dosrius1.jpg\"><img loading=\"lazy\" decoding=\"async\" width=\"678\" height=\"904\" src=\"https:\/\/centcols.org\/wp-content\/uploads\/2023\/05\/Paysage-Dosrius1.jpg\" alt=\"\" class=\"wp-image-89955\" style=\"width:auto;height:600px\" srcset=\"https:\/\/centcols.org\/wp-content\/uploads\/2023\/05\/Paysage-Dosrius1.jpg 678w, https:\/\/centcols.org\/wp-content\/uploads\/2023\/05\/Paysage-Dosrius1-9x12.jpg 9w\" sizes=\"auto, (max-width: 678px) 100vw, 678px\" \/><\/a><\/figure>\n<\/div>\n\n\n<p class=\"has-text-align-center\"><strong>Landschaften um Dosrius<\/strong><\/p>\n\n\n<div class=\"wp-block-image\">\n<figure class=\"aligncenter size-full is-resized\"><img loading=\"lazy\" decoding=\"async\" width=\"800\" height=\"532\" src=\"https:\/\/centcols.org\/wp-content\/uploads\/2023\/05\/image.jpeg\" alt=\"\" class=\"wp-image-94831\" style=\"width:800px\" srcset=\"https:\/\/centcols.org\/wp-content\/uploads\/2023\/05\/image.jpeg 800w, https:\/\/centcols.org\/wp-content\/uploads\/2023\/05\/image-768x511.jpeg 768w, https:\/\/centcols.org\/wp-content\/uploads\/2023\/05\/image-18x12.jpeg 18w\" sizes=\"auto, (max-width: 800px) 100vw, 800px\" \/><\/figure>\n<\/div>\n\n<div class=\"wp-block-image\">\n<figure class=\"aligncenter size-large is-resized\"><img decoding=\"async\" src=\"https:\/\/centcols.org\/util\/geo\/visu\/ES\/img\/1111\/9803.jpg\" alt=\"\" style=\"width:800px\"\/><figcaption class=\"wp-element-caption\"><strong>Creueta de Can Martorell<\/strong><\/figcaption><\/figure>\n<\/div>\n\n<div class=\"wp-block-image\">\n<figure class=\"aligncenter size-large is-resized\"><img decoding=\"async\" src=\"https:\/\/centcols.org\/util\/geo\/visu\/ES\/img\/1113\/0000.jpg\" alt=\"\" style=\"width:800px\"\/><figcaption class=\"wp-element-caption\"><strong>El Portell<\/strong><\/figcaption><\/figure>\n<\/div>\n\n<div class=\"wp-block-image\">\n<figure class=\"aligncenter size-large is-resized\"><img decoding=\"async\" src=\"https:\/\/centcols.org\/util\/geo\/visu\/ES\/img\/1112\/5202.jpg\" alt=\"\" style=\"width:800px\"\/><figcaption class=\"wp-element-caption\"><strong>El Coll<\/strong><\/figcaption><\/figure>\n<\/div>\n\n<div class=\"wp-block-image\">\n<figure class=\"aligncenter size-large is-resized\"><img decoding=\"async\" src=\"https:\/\/centcols.org\/util\/geo\/visu\/ES\/img\/1113\/0701.jpg\" alt=\"\" style=\"width:800px\"\/><figcaption class=\"wp-element-caption\"><strong>Coll de Castellans<\/strong><\/figcaption><\/figure>\n<\/div>\n\n<div class=\"wp-block-image\">\n<figure class=\"aligncenter size-large is-resized\"><img decoding=\"async\" src=\"https:\/\/centcols.org\/util\/geo\/visu\/ES\/img\/1112\/7301.jpg\" alt=\"\" style=\"width:800px\"\/><\/figure>\n<\/div>","protected":false},"excerpt":{"rendered":"<p>Description de l\u2019auteur Auteur : Guy GarcinParcours : effectu\u00e9 en mars 2016D\u00e9part : Dosrius, centre du village, carrer de Moss\u00e8n Jacint Verdaguer. Alt : 148 m. Descriptif touristique Dosrius se loge au centre de la petite cordill\u00e8re c\u00f4ti\u00e8re situ\u00e9e au nord-est de Barcelone. Elle domine le littoral m\u00e9diterran\u00e9en en ne lui octroyant qu\u2019une petite bande [&hellip;]<\/p>\n","protected":false},"author":3,"featured_media":82898,"comment_status":"open","ping_status":"open","sticky":false,"template":"","format":"standard","meta":{"_acf_changed":false,"footnotes":""},"categories":[305,320,345,220],"tags":[],"class_list":["post-82448","post","type-post","status-publish","format-standard","has-post-thumbnail","hentry","category-parcours-espagne","category-gravel-type-parcours","category-barcelone","category-parcours-membres"],"acf":[],"yoast_head":"<!-- This site is optimized with the Yoast SEO plugin v27.2 - https:\/\/yoast.com\/product\/yoast-seo-wordpress\/ -->\n<title>ES-B Dosrius - Gravel 27 km, D+ 590 m, 6 cols - Club des Cent Cols<\/title>\n<meta name=\"robots\" content=\"index, follow, max-snippet:-1, max-image-preview:large, max-video-preview:-1\" \/>\n<link rel=\"canonical\" href=\"https:\/\/centcols.org\/de\/es-b-dosrius-gravel\/\" \/>\n<meta property=\"og:locale\" content=\"de_DE\" \/>\n<meta property=\"og:type\" content=\"article\" \/>\n<meta property=\"og:title\" content=\"ES-B Dosrius - Gravel 27 km, D+ 590 m, 6 cols - Club des Cent Cols\" \/>\n<meta property=\"og:description\" content=\"Description de l\u2019auteur Auteur : Guy GarcinParcours : effectu\u00e9 en mars 2016D\u00e9part : Dosrius, centre du village, carrer de Moss\u00e8n Jacint Verdaguer. Alt : 148 m. Descriptif touristique Dosrius se loge au centre de la petite cordill\u00e8re c\u00f4ti\u00e8re situ\u00e9e au nord-est de Barcelone. Elle domine le littoral m\u00e9diterran\u00e9en en ne lui octroyant qu\u2019une petite bande [&hellip;]\" \/>\n<meta property=\"og:url\" content=\"https:\/\/centcols.org\/de\/es-b-dosrius-gravel\/\" \/>\n<meta property=\"og:site_name\" content=\"Club des Cent Cols\" \/>\n<meta property=\"article:publisher\" content=\"https:\/\/www.facebook.com\/groups\/5261880558\/?locale=fr_FR\" \/>\n<meta property=\"article:published_time\" content=\"2023-05-10T11:33:22+00:00\" \/>\n<meta property=\"article:modified_time\" content=\"2026-03-31T16:06:19+00:00\" \/>\n<meta property=\"og:image\" content=\"https:\/\/centcols.org\/wp-content\/uploads\/2023\/05\/73011.jpg\" \/>\n\t<meta property=\"og:image:width\" content=\"800\" \/>\n\t<meta property=\"og:image:height\" content=\"472\" \/>\n\t<meta property=\"og:image:type\" content=\"image\/jpeg\" \/>\n<meta name=\"author\" content=\"Webmestre\" \/>\n<meta name=\"twitter:card\" content=\"summary_large_image\" \/>\n<meta name=\"twitter:label1\" content=\"Verfasst von\" \/>\n\t<meta name=\"twitter:data1\" content=\"Webmestre\" \/>\n\t<meta name=\"twitter:label2\" content=\"Gesch\u00e4tzte Lesezeit\" \/>\n\t<meta name=\"twitter:data2\" content=\"4\u00a0Minuten\" \/>\n<script type=\"application\/ld+json\" class=\"yoast-schema-graph\">{\"@context\":\"https:\/\/schema.org\",\"@graph\":[{\"@type\":\"Article\",\"@id\":\"https:\/\/centcols.org\/es-b-dosrius-gravel\/#article\",\"isPartOf\":{\"@id\":\"https:\/\/centcols.org\/es-b-dosrius-gravel\/\"},\"author\":{\"name\":\"Webmestre\",\"@id\":\"https:\/\/centcols.org\/#\/schema\/person\/911b404fb133d8c913dd27cdcf71c8e5\"},\"headline\":\"ES-B Dosrius &#8211; Gravel 27 km, D+ 590 m, 6 cols\",\"datePublished\":\"2023-05-10T11:33:22+00:00\",\"dateModified\":\"2026-03-31T16:06:19+00:00\",\"mainEntityOfPage\":{\"@id\":\"https:\/\/centcols.org\/es-b-dosrius-gravel\/\"},\"wordCount\":261,\"commentCount\":0,\"publisher\":{\"@id\":\"https:\/\/centcols.org\/#organization\"},\"image\":{\"@id\":\"https:\/\/centcols.org\/es-b-dosrius-gravel\/#primaryimage\"},\"thumbnailUrl\":\"https:\/\/centcols.org\/wp-content\/uploads\/2023\/05\/73011.jpg\",\"articleSection\":[\"Parcours Espagne\",\"Gravel\",\"Barcelone\",\"Parcours membres\"],\"inLanguage\":\"de\",\"potentialAction\":[{\"@type\":\"CommentAction\",\"name\":\"Comment\",\"target\":[\"https:\/\/centcols.org\/es-b-dosrius-gravel\/#respond\"]}]},{\"@type\":\"WebPage\",\"@id\":\"https:\/\/centcols.org\/es-b-dosrius-gravel\/\",\"url\":\"https:\/\/centcols.org\/es-b-dosrius-gravel\/\",\"name\":\"ES-B Dosrius - Gravel 27 km, D+ 590 m, 6 cols - Club des Cent Cols\",\"isPartOf\":{\"@id\":\"https:\/\/centcols.org\/#website\"},\"primaryImageOfPage\":{\"@id\":\"https:\/\/centcols.org\/es-b-dosrius-gravel\/#primaryimage\"},\"image\":{\"@id\":\"https:\/\/centcols.org\/es-b-dosrius-gravel\/#primaryimage\"},\"thumbnailUrl\":\"https:\/\/centcols.org\/wp-content\/uploads\/2023\/05\/73011.jpg\",\"datePublished\":\"2023-05-10T11:33:22+00:00\",\"dateModified\":\"2026-03-31T16:06:19+00:00\",\"breadcrumb\":{\"@id\":\"https:\/\/centcols.org\/es-b-dosrius-gravel\/#breadcrumb\"},\"inLanguage\":\"de\",\"potentialAction\":[{\"@type\":\"ReadAction\",\"target\":[\"https:\/\/centcols.org\/es-b-dosrius-gravel\/\"]}]},{\"@type\":\"ImageObject\",\"inLanguage\":\"de\",\"@id\":\"https:\/\/centcols.org\/es-b-dosrius-gravel\/#primaryimage\",\"url\":\"https:\/\/centcols.org\/wp-content\/uploads\/2023\/05\/73011.jpg\",\"contentUrl\":\"https:\/\/centcols.org\/wp-content\/uploads\/2023\/05\/73011.jpg\",\"width\":800,\"height\":472},{\"@type\":\"BreadcrumbList\",\"@id\":\"https:\/\/centcols.org\/es-b-dosrius-gravel\/#breadcrumb\",\"itemListElement\":[{\"@type\":\"ListItem\",\"position\":1,\"name\":\"Accueil\",\"item\":\"https:\/\/centcols.org\/\"},{\"@type\":\"ListItem\",\"position\":2,\"name\":\"Parcours membres\",\"item\":\"https:\/\/centcols.org\/rubrique\/parcours-membres\/\"},{\"@type\":\"ListItem\",\"position\":3,\"name\":\"Pays\",\"item\":\"https:\/\/centcols.org\/rubrique\/parcours-membres\/pays-parcours-membres\/\"},{\"@type\":\"ListItem\",\"position\":4,\"name\":\"Parcours Espagne\",\"item\":\"https:\/\/centcols.org\/rubrique\/parcours-membres\/pays-parcours-membres\/parcours-espagne\/\"},{\"@type\":\"ListItem\",\"position\":5,\"name\":\"ES-B Dosrius &#8211; Gravel 27 km, D+ 590 m, 6 cols\"}]},{\"@type\":\"WebSite\",\"@id\":\"https:\/\/centcols.org\/#website\",\"url\":\"https:\/\/centcols.org\/\",\"name\":\"Club des Cent Cols\",\"description\":\"\",\"publisher\":{\"@id\":\"https:\/\/centcols.org\/#organization\"},\"potentialAction\":[{\"@type\":\"SearchAction\",\"target\":{\"@type\":\"EntryPoint\",\"urlTemplate\":\"https:\/\/centcols.org\/?s={search_term_string}\"},\"query-input\":{\"@type\":\"PropertyValueSpecification\",\"valueRequired\":true,\"valueName\":\"search_term_string\"}}],\"inLanguage\":\"de\"},{\"@type\":\"Organization\",\"@id\":\"https:\/\/centcols.org\/#organization\",\"name\":\"Club des Cent Cols\",\"url\":\"https:\/\/centcols.org\/\",\"logo\":{\"@type\":\"ImageObject\",\"inLanguage\":\"de\",\"@id\":\"https:\/\/centcols.org\/#\/schema\/logo\/image\/\",\"url\":\"https:\/\/centcols.org\/wp-content\/uploads\/2025\/01\/carte-icone.png\",\"contentUrl\":\"https:\/\/centcols.org\/wp-content\/uploads\/2025\/01\/carte-icone.png\",\"width\":250,\"height\":250,\"caption\":\"Club des Cent Cols\"},\"image\":{\"@id\":\"https:\/\/centcols.org\/#\/schema\/logo\/image\/\"},\"sameAs\":[\"https:\/\/www.facebook.com\/groups\/5261880558\/?locale=fr_FR\"]},{\"@type\":\"Person\",\"@id\":\"https:\/\/centcols.org\/#\/schema\/person\/911b404fb133d8c913dd27cdcf71c8e5\",\"name\":\"Webmestre\",\"image\":{\"@type\":\"ImageObject\",\"inLanguage\":\"de\",\"@id\":\"https:\/\/centcols.org\/wp-content\/litespeed\/avatar\/2d246e4b6b4f773e08515e1ffc53690b.jpg?ver=1777222892\",\"url\":\"https:\/\/centcols.org\/wp-content\/litespeed\/avatar\/2d246e4b6b4f773e08515e1ffc53690b.jpg?ver=1777222892\",\"contentUrl\":\"https:\/\/centcols.org\/wp-content\/litespeed\/avatar\/2d246e4b6b4f773e08515e1ffc53690b.jpg?ver=1777222892\",\"caption\":\"Webmestre\"},\"url\":\"https:\/\/centcols.org\/de\/author\/webmestre\/\"}]}<\/script>\n<!-- \/ Yoast SEO plugin. -->","yoast_head_json":{"title":"ES-B Dosrius - Gravel 27 km, D+ 590 m, 6 P\u00e4sse - Club des Cent Cols","robots":{"index":"index","follow":"follow","max-snippet":"max-snippet:-1","max-image-preview":"max-image-preview:large","max-video-preview":"max-video-preview:-1"},"canonical":"https:\/\/centcols.org\/de\/es-b-dosrius-gravel\/","og_locale":"de_DE","og_type":"article","og_title":"ES-B Dosrius - Gravel 27 km, D+ 590 m, 6 cols - Club des Cent Cols","og_description":"Description de l\u2019auteur Auteur : Guy GarcinParcours : effectu\u00e9 en mars 2016D\u00e9part : Dosrius, centre du village, carrer de Moss\u00e8n Jacint Verdaguer. Alt : 148 m. Descriptif touristique Dosrius se loge au centre de la petite cordill\u00e8re c\u00f4ti\u00e8re situ\u00e9e au nord-est de Barcelone. Elle domine le littoral m\u00e9diterran\u00e9en en ne lui octroyant qu\u2019une petite bande [&hellip;]","og_url":"https:\/\/centcols.org\/de\/es-b-dosrius-gravel\/","og_site_name":"Club des Cent Cols","article_publisher":"https:\/\/www.facebook.com\/groups\/5261880558\/?locale=fr_FR","article_published_time":"2023-05-10T11:33:22+00:00","article_modified_time":"2026-03-31T16:06:19+00:00","og_image":[{"width":800,"height":472,"url":"https:\/\/centcols.org\/wp-content\/uploads\/2023\/05\/73011.jpg","type":"image\/jpeg"}],"author":"Webmestre","twitter_card":"summary_large_image","twitter_misc":{"Verfasst von":"Webmestre","Gesch\u00e4tzte Lesezeit":"4\u00a0Minuten"},"schema":{"@context":"https:\/\/schema.org","@graph":[{"@type":"Article","@id":"https:\/\/centcols.org\/es-b-dosrius-gravel\/#article","isPartOf":{"@id":"https:\/\/centcols.org\/es-b-dosrius-gravel\/"},"author":{"name":"Webmestre","@id":"https:\/\/centcols.org\/#\/schema\/person\/911b404fb133d8c913dd27cdcf71c8e5"},"headline":"ES-B Dosrius &#8211; Gravel 27 km, D+ 590 m, 6 cols","datePublished":"2023-05-10T11:33:22+00:00","dateModified":"2026-03-31T16:06:19+00:00","mainEntityOfPage":{"@id":"https:\/\/centcols.org\/es-b-dosrius-gravel\/"},"wordCount":261,"commentCount":0,"publisher":{"@id":"https:\/\/centcols.org\/#organization"},"image":{"@id":"https:\/\/centcols.org\/es-b-dosrius-gravel\/#primaryimage"},"thumbnailUrl":"https:\/\/centcols.org\/wp-content\/uploads\/2023\/05\/73011.jpg","articleSection":["Parcours Espagne","Gravel","Barcelone","Parcours membres"],"inLanguage":"de","potentialAction":[{"@type":"CommentAction","name":"Comment","target":["https:\/\/centcols.org\/es-b-dosrius-gravel\/#respond"]}]},{"@type":"WebPage","@id":"https:\/\/centcols.org\/es-b-dosrius-gravel\/","url":"https:\/\/centcols.org\/es-b-dosrius-gravel\/","name":"ES-B Dosrius - Gravel 27 km, D+ 590 m, 6 P\u00e4sse - Club des Cent Cols","isPartOf":{"@id":"https:\/\/centcols.org\/#website"},"primaryImageOfPage":{"@id":"https:\/\/centcols.org\/es-b-dosrius-gravel\/#primaryimage"},"image":{"@id":"https:\/\/centcols.org\/es-b-dosrius-gravel\/#primaryimage"},"thumbnailUrl":"https:\/\/centcols.org\/wp-content\/uploads\/2023\/05\/73011.jpg","datePublished":"2023-05-10T11:33:22+00:00","dateModified":"2026-03-31T16:06:19+00:00","breadcrumb":{"@id":"https:\/\/centcols.org\/es-b-dosrius-gravel\/#breadcrumb"},"inLanguage":"de","potentialAction":[{"@type":"ReadAction","target":["https:\/\/centcols.org\/es-b-dosrius-gravel\/"]}]},{"@type":"ImageObject","inLanguage":"de","@id":"https:\/\/centcols.org\/es-b-dosrius-gravel\/#primaryimage","url":"https:\/\/centcols.org\/wp-content\/uploads\/2023\/05\/73011.jpg","contentUrl":"https:\/\/centcols.org\/wp-content\/uploads\/2023\/05\/73011.jpg","width":800,"height":472},{"@type":"BreadcrumbList","@id":"https:\/\/centcols.org\/es-b-dosrius-gravel\/#breadcrumb","itemListElement":[{"@type":"ListItem","position":1,"name":"Accueil","item":"https:\/\/centcols.org\/"},{"@type":"ListItem","position":2,"name":"Parcours membres","item":"https:\/\/centcols.org\/rubrique\/parcours-membres\/"},{"@type":"ListItem","position":3,"name":"Pays","item":"https:\/\/centcols.org\/rubrique\/parcours-membres\/pays-parcours-membres\/"},{"@type":"ListItem","position":4,"name":"Parcours Espagne","item":"https:\/\/centcols.org\/rubrique\/parcours-membres\/pays-parcours-membres\/parcours-espagne\/"},{"@type":"ListItem","position":5,"name":"ES-B Dosrius &#8211; Gravel 27 km, D+ 590 m, 6 cols"}]},{"@type":"WebSite","@id":"https:\/\/centcols.org\/#website","url":"https:\/\/centcols.org\/","name":"Club des Cent Cols","description":"","publisher":{"@id":"https:\/\/centcols.org\/#organization"},"potentialAction":[{"@type":"SearchAction","target":{"@type":"EntryPoint","urlTemplate":"https:\/\/centcols.org\/?s={search_term_string}"},"query-input":{"@type":"PropertyValueSpecification","valueRequired":true,"valueName":"search_term_string"}}],"inLanguage":"de"},{"@type":"Organization","@id":"https:\/\/centcols.org\/#organization","name":"Club des Cent Cols","url":"https:\/\/centcols.org\/","logo":{"@type":"ImageObject","inLanguage":"de","@id":"https:\/\/centcols.org\/#\/schema\/logo\/image\/","url":"https:\/\/centcols.org\/wp-content\/uploads\/2025\/01\/carte-icone.png","contentUrl":"https:\/\/centcols.org\/wp-content\/uploads\/2025\/01\/carte-icone.png","width":250,"height":250,"caption":"Club des Cent Cols"},"image":{"@id":"https:\/\/centcols.org\/#\/schema\/logo\/image\/"},"sameAs":["https:\/\/www.facebook.com\/groups\/5261880558\/?locale=fr_FR"]},{"@type":"Person","@id":"https:\/\/centcols.org\/#\/schema\/person\/911b404fb133d8c913dd27cdcf71c8e5","name":"Webmaster","image":{"@type":"ImageObject","inLanguage":"de","@id":"https:\/\/centcols.org\/wp-content\/litespeed\/avatar\/2d246e4b6b4f773e08515e1ffc53690b.jpg?ver=1777222892","url":"https:\/\/centcols.org\/wp-content\/litespeed\/avatar\/2d246e4b6b4f773e08515e1ffc53690b.jpg?ver=1777222892","contentUrl":"https:\/\/centcols.org\/wp-content\/litespeed\/avatar\/2d246e4b6b4f773e08515e1ffc53690b.jpg?ver=1777222892","caption":"Webmestre"},"url":"https:\/\/centcols.org\/de\/author\/webmestre\/"}]}},"_links":{"self":[{"href":"https:\/\/centcols.org\/de\/wp-json\/wp\/v2\/posts\/82448","targetHints":{"allow":["GET"]}}],"collection":[{"href":"https:\/\/centcols.org\/de\/wp-json\/wp\/v2\/posts"}],"about":[{"href":"https:\/\/centcols.org\/de\/wp-json\/wp\/v2\/types\/post"}],"author":[{"embeddable":true,"href":"https:\/\/centcols.org\/de\/wp-json\/wp\/v2\/users\/3"}],"replies":[{"embeddable":true,"href":"https:\/\/centcols.org\/de\/wp-json\/wp\/v2\/comments?post=82448"}],"version-history":[{"count":0,"href":"https:\/\/centcols.org\/de\/wp-json\/wp\/v2\/posts\/82448\/revisions"}],"wp:featuredmedia":[{"embeddable":true,"href":"https:\/\/centcols.org\/de\/wp-json\/wp\/v2\/media\/82898"}],"wp:attachment":[{"href":"https:\/\/centcols.org\/de\/wp-json\/wp\/v2\/media?parent=82448"}],"wp:term":[{"taxonomy":"category","embeddable":true,"href":"https:\/\/centcols.org\/de\/wp-json\/wp\/v2\/categories?post=82448"},{"taxonomy":"post_tag","embeddable":true,"href":"https:\/\/centcols.org\/de\/wp-json\/wp\/v2\/tags?post=82448"}],"curies":[{"name":"wp","href":"https:\/\/api.w.org\/{rel}","templated":true}]}}