{"id":82457,"date":"2023-07-08T08:40:26","date_gmt":"2023-07-08T06:40:26","guid":{"rendered":"https:\/\/centcols.org\/fr-38-le-plateau-demparis-vtt-41-km-d-1410-m-4-cols\/"},"modified":"2026-02-01T13:09:42","modified_gmt":"2026-02-01T11:09:42","slug":"le-plateau-demparis-vtt","status":"publish","type":"post","link":"https:\/\/centcols.org\/de\/le-plateau-demparis-vtt\/","title":{"rendered":"FR-38 Le plateau d'Emparis - MTB 41 km, D+ 1410 m, 4 P\u00e4sse"},"content":{"rendered":"<iframe width=\"100%\" height=\"650\" loading=\"lazy\" src=\"https:\/\/www.openrunner.com\/embed\/57627551484a49756f464e33715930654e366f6c4f784c57786c7a555970725765503659753431685530493d3a3aa04248e1027865a3e09422c4fc0b780e?unit=metric\" style=\"border: none;\"><\/iframe>\n\n\n\n<h2 class=\"wp-block-heading\">Beschreibung des Autors<\/h2>\n\n\n\n<p><strong>Autor <\/strong>: Guy Garcin<\/p>\n\n\n\n<p><strong>Abreise <\/strong>: im Zentrum des Dorfes Mizo\u00ebn. Alt: 1187 m.<\/p>\n\n\n\n<h2 class=\"wp-block-heading\">Touristische Beschreibung<\/h2>\n\n\n\n<p>Wundersch\u00f6ne Mountainbike-Runde auf der gr\u00f6\u00dften Alm Frankreichs gegen\u00fcber den Gletschern der Meije, zwischen kristallklaren Seen, Herden und der Hochlandflora.<\/p>\n\n\n\n<p>Das Plateau d'Emparis liegt auf \u00fcber 2 000 m H\u00f6he in den franz\u00f6sischen Departements Is\u00e8re und Hautes-Alpes. Es geh\u00f6rt zum Massif des Arves und ist dem Massif des \u00c9crins und insbesondere La Meije und Rateau gegen\u00fcbergestellt. Er befindet sich in den Gemeinden Besse, Mizo\u00ebn und La Grave.<\/p>\n\n\n\n<p>Das Plateau d'Emparis besitzt eine sehr reiche Flora und Fauna und geh\u00f6rt zu den franz\u00f6sischen Natura-2000-Gebieten.<\/p>\n\n\n\n<p>Die Strecke f\u00fchrt durch das wundersch\u00f6ne Dorf Besse en Oisans mit seinen H\u00e4usern aus trockenem Stein.<\/p>\n\n\n\n<p><strong>4 P\u00e4sse<\/strong><\/p>\n\n\n\n<figure class=\"wp-block-table is-style-stripes\"><table class=\"has-fixed-layout\"><tbody><tr><td>1 - Souchet-Pass<br>2 - Die Breche<br>3 - Col Saint Georges<br>4 - Nazi\u00e9-Pass<\/td><td><a href=\"https:\/\/centcols.org\/de\/util\/geo\/visu.php\/?code=FR-05-2365\" target=\"_blank\" rel=\"noreferrer noopener\">DE-05-2365 <\/a>&nbsp;<br><a href=\"https:\/\/centcols.org\/de\/util\/geo\/visu.php\/?code=FR-05-2390\" target=\"_blank\" rel=\"noreferrer noopener\">DE-05-2390<\/a><br><a href=\"https:\/\/centcols.org\/de\/util\/geo\/visu.php\/?code=FR-38-2245a\" target=\"_blank\" rel=\"noreferrer noopener\">DE-38-2245a<\/a><br><a href=\"https:\/\/centcols.org\/de\/util\/geo\/visu.php\/?code=FR-38-1902b\" target=\"_blank\" rel=\"noreferrer noopener\">DE-38-1902b<\/a><\/td><\/tr><\/tbody><\/table><\/figure>\n\n\n\n<h2 class=\"wp-block-heading\">Technische Beschreibung<\/h2>\n\n\n\n<p>Auf der 41 km langen Strecke :<br>- 30 km erfolgen auf R1,<br>&nbsp;- ca. 10 km auf dem Wanderweg hin und zur\u00fcck zum Col du Souchet und La Br\u00eache, gesch\u00e4tzter Radweg ca. 30 %,&nbsp;<br>- 90 m auf dem Pfad, um den Col Nazi\u00e9 zu erreichen<\/p>\n\n\n\n<p><strong>Openrunner-Link, interaktive Karte, Profil, gpx-Track<\/strong><br><a href=\"https:\/\/www.openrunner.com\/route-details\/16807439\" target=\"_blank\" rel=\"noreferrer noopener\">https:\/\/www.openrunner.com\/route-details\/16807439<\/a><\/p>\n\n\n\n<p><strong>Schl\u00fcsselw\u00f6rter<\/strong> : Plateau d'Amparis, Mizo\u00ebn, Besse-en-Oisans, centcols<\/p>\n\n\n\n<p>Mehr Infos zu \u201cPlateau d'Emparis mit A.R. in La Br\u00e8che - 2390m :<br><a href=\"https:\/\/love-velo.fr\/plateau-demparis-avec-a-r-a-la-breche-2390m\/\">https:\/\/love-velo.fr\/plateau-demparis-avec-a-r-a-la-breche-2390m\/<\/a><\/p>\n\n\n\n<p>Diese Route wird nur zur Orientierung vorgeschlagen. Der Autor haftet nicht f\u00fcr Unw\u00e4gbarkeiten, die auf den Radfahrer selbst, das verwendete Material und alles, was die Stra\u00dfe, ihre Umgebung und andere Benutzer betrifft, zur\u00fcckzuf\u00fchren sind, und auch nicht f\u00fcr die Haftung des Club des Cent Cols.<\/p>\n\n\n\n<h2 class=\"wp-block-heading\">Fotos<\/h2>\n\n\n\n<p>Fotoalbum : <a href=\"https:\/\/photos.app.goo.gl\/2i8gooLhewLex5Q16\">https:\/\/photos.app.goo.gl\/2i8gooLhewLex5Q16<\/a><\/p>\n\n\n<div class=\"wp-block-image\">\n<figure class=\"aligncenter size-full is-resized\"><a href=\"https:\/\/centcols.org\/wp-content\/uploads\/2023\/07\/Vue-depuis-le-gite-lAmparis-sur-le-lac-Chambon-1200x6121-1.jpg\"><img loading=\"lazy\" decoding=\"async\" width=\"1200\" height=\"612\" src=\"https:\/\/centcols.org\/wp-content\/uploads\/2023\/07\/Vue-depuis-le-gite-lAmparis-sur-le-lac-Chambon-1200x6121-1.jpg\" alt=\"\" class=\"wp-image-89927\" style=\"width:800px\" srcset=\"https:\/\/centcols.org\/wp-content\/uploads\/2023\/07\/Vue-depuis-le-gite-lAmparis-sur-le-lac-Chambon-1200x6121-1.jpg 1200w, https:\/\/centcols.org\/wp-content\/uploads\/2023\/07\/Vue-depuis-le-gite-lAmparis-sur-le-lac-Chambon-1200x6121-1-768x392.jpg 768w, https:\/\/centcols.org\/wp-content\/uploads\/2023\/07\/Vue-depuis-le-gite-lAmparis-sur-le-lac-Chambon-1200x6121-1-18x9.jpg 18w\" sizes=\"auto, (max-width: 1200px) 100vw, 1200px\" \/><\/a><figcaption class=\"wp-element-caption\"><strong>Blick von der Unterkunft<\/strong><\/figcaption><\/figure>\n<\/div>\n\n<div class=\"wp-block-image\">\n<figure class=\"aligncenter size-full is-resized\"><a href=\"https:\/\/centcols.org\/wp-content\/uploads\/2023\/07\/Les-lacets-depuis-Mizoen-1200x6751-1.jpg\"><img loading=\"lazy\" decoding=\"async\" width=\"1200\" height=\"675\" src=\"https:\/\/centcols.org\/wp-content\/uploads\/2023\/07\/Les-lacets-depuis-Mizoen-1200x6751-1.jpg\" alt=\"\" class=\"wp-image-89928\" style=\"width:800px\" srcset=\"https:\/\/centcols.org\/wp-content\/uploads\/2023\/07\/Les-lacets-depuis-Mizoen-1200x6751-1.jpg 1200w, https:\/\/centcols.org\/wp-content\/uploads\/2023\/07\/Les-lacets-depuis-Mizoen-1200x6751-1-768x432.jpg 768w, https:\/\/centcols.org\/wp-content\/uploads\/2023\/07\/Les-lacets-depuis-Mizoen-1200x6751-1-18x10.jpg 18w\" sizes=\"auto, (max-width: 1200px) 100vw, 1200px\" \/><\/a><figcaption class=\"wp-element-caption\"><strong>Die Serpentinen von Mizo\u00ebn aus<\/strong><\/figcaption><\/figure>\n<\/div>\n\n<div class=\"wp-block-image\">\n<figure class=\"aligncenter size-full is-resized\"><a href=\"https:\/\/centcols.org\/wp-content\/uploads\/2023\/07\/Vue-sur-le-Col-du-Coing-non-reconnu-1200x6741-1.jpg\"><img loading=\"lazy\" decoding=\"async\" width=\"1200\" height=\"674\" src=\"https:\/\/centcols.org\/wp-content\/uploads\/2023\/07\/Vue-sur-le-Col-du-Coing-non-reconnu-1200x6741-1.jpg\" alt=\"\" class=\"wp-image-89929\" style=\"width:800px\" srcset=\"https:\/\/centcols.org\/wp-content\/uploads\/2023\/07\/Vue-sur-le-Col-du-Coing-non-reconnu-1200x6741-1.jpg 1200w, https:\/\/centcols.org\/wp-content\/uploads\/2023\/07\/Vue-sur-le-Col-du-Coing-non-reconnu-1200x6741-1-768x431.jpg 768w, https:\/\/centcols.org\/wp-content\/uploads\/2023\/07\/Vue-sur-le-Col-du-Coing-non-reconnu-1200x6741-1-18x10.jpg 18w\" sizes=\"auto, (max-width: 1200px) 100vw, 1200px\" \/><\/a><figcaption class=\"wp-element-caption\"><strong>Blick auf den \u00abCol du Coing\u00bb (nicht anerkannt)<\/strong><\/figcaption><\/figure>\n<\/div>\n\n<div class=\"wp-block-image\">\n<figure class=\"aligncenter size-full is-resized\"><a href=\"https:\/\/centcols.org\/wp-content\/uploads\/2023\/07\/La-piste-de-descente-au-retour-1200x6741-1.jpg\"><img loading=\"lazy\" decoding=\"async\" width=\"1200\" height=\"674\" src=\"https:\/\/centcols.org\/wp-content\/uploads\/2023\/07\/La-piste-de-descente-au-retour-1200x6741-1.jpg\" alt=\"\" class=\"wp-image-89930\" style=\"width:800px\" srcset=\"https:\/\/centcols.org\/wp-content\/uploads\/2023\/07\/La-piste-de-descente-au-retour-1200x6741-1.jpg 1200w, https:\/\/centcols.org\/wp-content\/uploads\/2023\/07\/La-piste-de-descente-au-retour-1200x6741-1-768x431.jpg 768w, https:\/\/centcols.org\/wp-content\/uploads\/2023\/07\/La-piste-de-descente-au-retour-1200x6741-1-18x10.jpg 18w\" sizes=\"auto, (max-width: 1200px) 100vw, 1200px\" \/><\/a><figcaption class=\"wp-element-caption\"><strong>Die Schn\u00fcrsenkel bergab auf dem R\u00fcckweg<\/strong><\/figcaption><\/figure>\n<\/div>\n\n<div class=\"wp-block-image\">\n<figure class=\"aligncenter size-full is-resized\"><a href=\"https:\/\/centcols.org\/wp-content\/uploads\/2023\/07\/Le-Plateau-dAmparis-1200x6741-1.jpg\"><img loading=\"lazy\" decoding=\"async\" width=\"1200\" height=\"674\" src=\"https:\/\/centcols.org\/wp-content\/uploads\/2023\/07\/Le-Plateau-dAmparis-1200x6741-1.jpg\" alt=\"\" class=\"wp-image-89931\" style=\"width:800px\" srcset=\"https:\/\/centcols.org\/wp-content\/uploads\/2023\/07\/Le-Plateau-dAmparis-1200x6741-1.jpg 1200w, https:\/\/centcols.org\/wp-content\/uploads\/2023\/07\/Le-Plateau-dAmparis-1200x6741-1-768x431.jpg 768w, https:\/\/centcols.org\/wp-content\/uploads\/2023\/07\/Le-Plateau-dAmparis-1200x6741-1-18x10.jpg 18w\" sizes=\"auto, (max-width: 1200px) 100vw, 1200px\" \/><\/a><figcaption class=\"wp-element-caption\"><strong>Das Plateau von Emparis<\/strong><\/figcaption><\/figure>\n<\/div>\n\n<div class=\"wp-block-image\">\n<figure class=\"aligncenter size-full is-resized\"><a href=\"https:\/\/centcols.org\/wp-content\/uploads\/2023\/07\/Au-Col-du-Souchet-La-Meije-et-le-Rateau-1200x5371-1.jpg\"><img loading=\"lazy\" decoding=\"async\" width=\"1200\" height=\"537\" src=\"https:\/\/centcols.org\/wp-content\/uploads\/2023\/07\/Au-Col-du-Souchet-La-Meije-et-le-Rateau-1200x5371-1.jpg\" alt=\"\" class=\"wp-image-89932\" style=\"width:800px\" srcset=\"https:\/\/centcols.org\/wp-content\/uploads\/2023\/07\/Au-Col-du-Souchet-La-Meije-et-le-Rateau-1200x5371-1.jpg 1200w, https:\/\/centcols.org\/wp-content\/uploads\/2023\/07\/Au-Col-du-Souchet-La-Meije-et-le-Rateau-1200x5371-1-768x344.jpg 768w, https:\/\/centcols.org\/wp-content\/uploads\/2023\/07\/Au-Col-du-Souchet-La-Meije-et-le-Rateau-1200x5371-1-18x8.jpg 18w\" sizes=\"auto, (max-width: 1200px) 100vw, 1200px\" \/><\/a><figcaption class=\"wp-element-caption\"><strong>Am Col du Souchet, La Meije zur Rechten und Rateau<\/strong><\/figcaption><\/figure>\n<\/div>\n\n<div class=\"wp-block-image\">\n<figure class=\"aligncenter size-full is-resized\"><a href=\"https:\/\/centcols.org\/wp-content\/uploads\/2023\/07\/Vue-depuis-La-Breche1.jpg\"><img loading=\"lazy\" decoding=\"async\" width=\"1143\" height=\"700\" src=\"https:\/\/centcols.org\/wp-content\/uploads\/2023\/07\/Vue-depuis-La-Breche1.jpg\" alt=\"\" class=\"wp-image-89933\" style=\"width:800px\" srcset=\"https:\/\/centcols.org\/wp-content\/uploads\/2023\/07\/Vue-depuis-La-Breche1.jpg 1143w, https:\/\/centcols.org\/wp-content\/uploads\/2023\/07\/Vue-depuis-La-Breche1-768x470.jpg 768w, https:\/\/centcols.org\/wp-content\/uploads\/2023\/07\/Vue-depuis-La-Breche1-18x12.jpg 18w\" sizes=\"auto, (max-width: 1143px) 100vw, 1143px\" \/><\/a><figcaption class=\"wp-element-caption\"><strong>Blick von La Br\u00eache<\/strong><\/figcaption><\/figure>\n<\/div>\n\n<div class=\"wp-block-image\">\n<figure class=\"aligncenter size-large is-resized\"><img decoding=\"async\" src=\"https:\/\/centcols.org\/util\/geo\/visu\/FR\/img\/1360\/8802.jpg\" alt=\"\" style=\"width:800px\"\/><figcaption class=\"wp-element-caption\"><strong>Col Saint Georges<\/strong><\/figcaption><\/figure>\n<\/div>\n\n<div class=\"wp-block-image\">\n<figure class=\"aligncenter size-large is-resized\"><img decoding=\"async\" src=\"https:\/\/centcols.org\/util\/geo\/visu\/FR\/img\/1360\/2802.jpg\" alt=\"\" style=\"width:800px\"\/><figcaption class=\"wp-element-caption\"><strong>Nazie-Pass<\/strong><\/figcaption><\/figure>\n<\/div>","protected":false},"excerpt":{"rendered":"<p>Description de l\u2019auteur Auteur : Guy Garcin D\u00e9part : au centre du village de Mizo\u00ebn. Alt&nbsp;: 1187 m. Descriptif touristique Superbe boucle \u00e0 VTT dans le plus grand alpage de France face aux glaciers de la Meije, parmi les lacs cristallins, les troupeaux et la flore d\u2019altitude. Le plateau d\u2019Emparis est situ\u00e9 \u00e0 plus de [&hellip;]<\/p>\n","protected":false},"author":3,"featured_media":82887,"comment_status":"open","ping_status":"open","sticky":false,"template":"","format":"standard","meta":{"_acf_changed":false,"footnotes":""},"categories":[303,329,319,328,220],"tags":[],"class_list":["post-82457","post","type-post","status-publish","format-standard","has-post-thumbnail","hentry","category-parcours-france","category-alpes-francaises-du-nord","category-vtt-type-parcours","category-38-isere","category-parcours-membres"],"acf":[],"yoast_head":"<!-- This site is optimized with the Yoast SEO plugin v27.2 - https:\/\/yoast.com\/product\/yoast-seo-wordpress\/ -->\n<title>FR-38 Le plateau d&#039;Emparis - VTT 41 km, D+ 1410 m, 4 cols - Club des Cent Cols<\/title>\n<meta name=\"robots\" content=\"index, follow, max-snippet:-1, max-image-preview:large, max-video-preview:-1\" \/>\n<link rel=\"canonical\" href=\"https:\/\/centcols.org\/de\/le-plateau-demparis-vtt\/\" \/>\n<meta property=\"og:locale\" content=\"de_DE\" \/>\n<meta property=\"og:type\" content=\"article\" \/>\n<meta property=\"og:title\" content=\"FR-38 Le plateau d&#039;Emparis - VTT 41 km, D+ 1410 m, 4 cols - Club des Cent Cols\" \/>\n<meta property=\"og:description\" content=\"Description de l\u2019auteur Auteur : Guy Garcin D\u00e9part : au centre du village de Mizo\u00ebn. Alt&nbsp;: 1187 m. Descriptif touristique Superbe boucle \u00e0 VTT dans le plus grand alpage de France face aux glaciers de la Meije, parmi les lacs cristallins, les troupeaux et la flore d\u2019altitude. Le plateau d\u2019Emparis est situ\u00e9 \u00e0 plus de [&hellip;]\" \/>\n<meta property=\"og:url\" content=\"https:\/\/centcols.org\/de\/le-plateau-demparis-vtt\/\" \/>\n<meta property=\"og:site_name\" content=\"Club des Cent Cols\" \/>\n<meta property=\"article:publisher\" content=\"https:\/\/www.facebook.com\/groups\/5261880558\/?locale=fr_FR\" \/>\n<meta property=\"article:published_time\" content=\"2023-07-08T06:40:26+00:00\" \/>\n<meta property=\"article:modified_time\" content=\"2026-02-01T11:09:42+00:00\" \/>\n<meta property=\"og:image\" content=\"https:\/\/centcols.org\/wp-content\/uploads\/2023\/07\/88021.jpg\" \/>\n\t<meta property=\"og:image:width\" content=\"800\" \/>\n\t<meta property=\"og:image:height\" content=\"600\" \/>\n\t<meta property=\"og:image:type\" content=\"image\/jpeg\" \/>\n<meta name=\"author\" content=\"Webmestre\" \/>\n<meta name=\"twitter:card\" content=\"summary_large_image\" \/>\n<meta name=\"twitter:label1\" content=\"Verfasst von\" \/>\n\t<meta name=\"twitter:data1\" content=\"Webmestre\" \/>\n\t<meta name=\"twitter:label2\" content=\"Gesch\u00e4tzte Lesezeit\" \/>\n\t<meta name=\"twitter:data2\" content=\"4\u00a0Minuten\" \/>\n<script type=\"application\/ld+json\" class=\"yoast-schema-graph\">{\"@context\":\"https:\/\/schema.org\",\"@graph\":[{\"@type\":\"Article\",\"@id\":\"https:\/\/centcols.org\/le-plateau-demparis-vtt\/#article\",\"isPartOf\":{\"@id\":\"https:\/\/centcols.org\/le-plateau-demparis-vtt\/\"},\"author\":{\"name\":\"Webmestre\",\"@id\":\"https:\/\/centcols.org\/#\/schema\/person\/911b404fb133d8c913dd27cdcf71c8e5\"},\"headline\":\"FR-38 Le plateau d&rsquo;Emparis &#8211; VTT 41 km, D+ 1410 m, 4 cols\",\"datePublished\":\"2023-07-08T06:40:26+00:00\",\"dateModified\":\"2026-02-01T11:09:42+00:00\",\"mainEntityOfPage\":{\"@id\":\"https:\/\/centcols.org\/le-plateau-demparis-vtt\/\"},\"wordCount\":375,\"commentCount\":0,\"publisher\":{\"@id\":\"https:\/\/centcols.org\/#organization\"},\"image\":{\"@id\":\"https:\/\/centcols.org\/le-plateau-demparis-vtt\/#primaryimage\"},\"thumbnailUrl\":\"https:\/\/centcols.org\/wp-content\/uploads\/2023\/07\/88021.jpg\",\"articleSection\":[\"Parcours France\",\"Alpes fran\u00e7aises du nord\",\"VTT\",\"38-Is\u00e8re\",\"Parcours membres\"],\"inLanguage\":\"de\",\"potentialAction\":[{\"@type\":\"CommentAction\",\"name\":\"Comment\",\"target\":[\"https:\/\/centcols.org\/le-plateau-demparis-vtt\/#respond\"]}]},{\"@type\":\"WebPage\",\"@id\":\"https:\/\/centcols.org\/le-plateau-demparis-vtt\/\",\"url\":\"https:\/\/centcols.org\/le-plateau-demparis-vtt\/\",\"name\":\"FR-38 Le plateau d'Emparis - VTT 41 km, D+ 1410 m, 4 cols - Club des Cent Cols\",\"isPartOf\":{\"@id\":\"https:\/\/centcols.org\/#website\"},\"primaryImageOfPage\":{\"@id\":\"https:\/\/centcols.org\/le-plateau-demparis-vtt\/#primaryimage\"},\"image\":{\"@id\":\"https:\/\/centcols.org\/le-plateau-demparis-vtt\/#primaryimage\"},\"thumbnailUrl\":\"https:\/\/centcols.org\/wp-content\/uploads\/2023\/07\/88021.jpg\",\"datePublished\":\"2023-07-08T06:40:26+00:00\",\"dateModified\":\"2026-02-01T11:09:42+00:00\",\"breadcrumb\":{\"@id\":\"https:\/\/centcols.org\/le-plateau-demparis-vtt\/#breadcrumb\"},\"inLanguage\":\"de\",\"potentialAction\":[{\"@type\":\"ReadAction\",\"target\":[\"https:\/\/centcols.org\/le-plateau-demparis-vtt\/\"]}]},{\"@type\":\"ImageObject\",\"inLanguage\":\"de\",\"@id\":\"https:\/\/centcols.org\/le-plateau-demparis-vtt\/#primaryimage\",\"url\":\"https:\/\/centcols.org\/wp-content\/uploads\/2023\/07\/88021.jpg\",\"contentUrl\":\"https:\/\/centcols.org\/wp-content\/uploads\/2023\/07\/88021.jpg\",\"width\":800,\"height\":600},{\"@type\":\"BreadcrumbList\",\"@id\":\"https:\/\/centcols.org\/le-plateau-demparis-vtt\/#breadcrumb\",\"itemListElement\":[{\"@type\":\"ListItem\",\"position\":1,\"name\":\"Accueil\",\"item\":\"https:\/\/centcols.org\/\"},{\"@type\":\"ListItem\",\"position\":2,\"name\":\"Parcours membres\",\"item\":\"https:\/\/centcols.org\/rubrique\/parcours-membres\/\"},{\"@type\":\"ListItem\",\"position\":3,\"name\":\"Pays\",\"item\":\"https:\/\/centcols.org\/rubrique\/parcours-membres\/pays-parcours-membres\/\"},{\"@type\":\"ListItem\",\"position\":4,\"name\":\"Parcours France\",\"item\":\"https:\/\/centcols.org\/rubrique\/parcours-membres\/pays-parcours-membres\/parcours-france\/\"},{\"@type\":\"ListItem\",\"position\":5,\"name\":\"FR-38 Le plateau d&rsquo;Emparis &#8211; VTT 41 km, D+ 1410 m, 4 cols\"}]},{\"@type\":\"WebSite\",\"@id\":\"https:\/\/centcols.org\/#website\",\"url\":\"https:\/\/centcols.org\/\",\"name\":\"Club des Cent Cols\",\"description\":\"\",\"publisher\":{\"@id\":\"https:\/\/centcols.org\/#organization\"},\"potentialAction\":[{\"@type\":\"SearchAction\",\"target\":{\"@type\":\"EntryPoint\",\"urlTemplate\":\"https:\/\/centcols.org\/?s={search_term_string}\"},\"query-input\":{\"@type\":\"PropertyValueSpecification\",\"valueRequired\":true,\"valueName\":\"search_term_string\"}}],\"inLanguage\":\"de\"},{\"@type\":\"Organization\",\"@id\":\"https:\/\/centcols.org\/#organization\",\"name\":\"Club des Cent Cols\",\"url\":\"https:\/\/centcols.org\/\",\"logo\":{\"@type\":\"ImageObject\",\"inLanguage\":\"de\",\"@id\":\"https:\/\/centcols.org\/#\/schema\/logo\/image\/\",\"url\":\"https:\/\/centcols.org\/wp-content\/uploads\/2025\/01\/carte-icone.png\",\"contentUrl\":\"https:\/\/centcols.org\/wp-content\/uploads\/2025\/01\/carte-icone.png\",\"width\":250,\"height\":250,\"caption\":\"Club des Cent Cols\"},\"image\":{\"@id\":\"https:\/\/centcols.org\/#\/schema\/logo\/image\/\"},\"sameAs\":[\"https:\/\/www.facebook.com\/groups\/5261880558\/?locale=fr_FR\"]},{\"@type\":\"Person\",\"@id\":\"https:\/\/centcols.org\/#\/schema\/person\/911b404fb133d8c913dd27cdcf71c8e5\",\"name\":\"Webmestre\",\"image\":{\"@type\":\"ImageObject\",\"inLanguage\":\"de\",\"@id\":\"https:\/\/centcols.org\/wp-content\/litespeed\/avatar\/2d246e4b6b4f773e08515e1ffc53690b.jpg?ver=1777222892\",\"url\":\"https:\/\/centcols.org\/wp-content\/litespeed\/avatar\/2d246e4b6b4f773e08515e1ffc53690b.jpg?ver=1777222892\",\"contentUrl\":\"https:\/\/centcols.org\/wp-content\/litespeed\/avatar\/2d246e4b6b4f773e08515e1ffc53690b.jpg?ver=1777222892\",\"caption\":\"Webmestre\"},\"url\":\"https:\/\/centcols.org\/de\/author\/webmestre\/\"}]}<\/script>\n<!-- \/ Yoast SEO plugin. -->","yoast_head_json":{"title":"FR-38 Le plateau d'Emparis - MTB 41 km, D+ 1410 m, 4 P\u00e4sse - Club des Cent Cols","robots":{"index":"index","follow":"follow","max-snippet":"max-snippet:-1","max-image-preview":"max-image-preview:large","max-video-preview":"max-video-preview:-1"},"canonical":"https:\/\/centcols.org\/de\/le-plateau-demparis-vtt\/","og_locale":"de_DE","og_type":"article","og_title":"FR-38 Le plateau d'Emparis - VTT 41 km, D+ 1410 m, 4 cols - Club des Cent Cols","og_description":"Description de l\u2019auteur Auteur : Guy Garcin D\u00e9part : au centre du village de Mizo\u00ebn. Alt&nbsp;: 1187 m. Descriptif touristique Superbe boucle \u00e0 VTT dans le plus grand alpage de France face aux glaciers de la Meije, parmi les lacs cristallins, les troupeaux et la flore d\u2019altitude. Le plateau d\u2019Emparis est situ\u00e9 \u00e0 plus de [&hellip;]","og_url":"https:\/\/centcols.org\/de\/le-plateau-demparis-vtt\/","og_site_name":"Club des Cent Cols","article_publisher":"https:\/\/www.facebook.com\/groups\/5261880558\/?locale=fr_FR","article_published_time":"2023-07-08T06:40:26+00:00","article_modified_time":"2026-02-01T11:09:42+00:00","og_image":[{"width":800,"height":600,"url":"https:\/\/centcols.org\/wp-content\/uploads\/2023\/07\/88021.jpg","type":"image\/jpeg"}],"author":"Webmestre","twitter_card":"summary_large_image","twitter_misc":{"Verfasst von":"Webmestre","Gesch\u00e4tzte Lesezeit":"4\u00a0Minuten"},"schema":{"@context":"https:\/\/schema.org","@graph":[{"@type":"Article","@id":"https:\/\/centcols.org\/le-plateau-demparis-vtt\/#article","isPartOf":{"@id":"https:\/\/centcols.org\/le-plateau-demparis-vtt\/"},"author":{"name":"Webmestre","@id":"https:\/\/centcols.org\/#\/schema\/person\/911b404fb133d8c913dd27cdcf71c8e5"},"headline":"FR-38 Le plateau d&rsquo;Emparis &#8211; VTT 41 km, D+ 1410 m, 4 cols","datePublished":"2023-07-08T06:40:26+00:00","dateModified":"2026-02-01T11:09:42+00:00","mainEntityOfPage":{"@id":"https:\/\/centcols.org\/le-plateau-demparis-vtt\/"},"wordCount":375,"commentCount":0,"publisher":{"@id":"https:\/\/centcols.org\/#organization"},"image":{"@id":"https:\/\/centcols.org\/le-plateau-demparis-vtt\/#primaryimage"},"thumbnailUrl":"https:\/\/centcols.org\/wp-content\/uploads\/2023\/07\/88021.jpg","articleSection":["Parcours France","Alpes fran\u00e7aises du nord","VTT","38-Is\u00e8re","Parcours membres"],"inLanguage":"de","potentialAction":[{"@type":"CommentAction","name":"Comment","target":["https:\/\/centcols.org\/le-plateau-demparis-vtt\/#respond"]}]},{"@type":"WebPage","@id":"https:\/\/centcols.org\/le-plateau-demparis-vtt\/","url":"https:\/\/centcols.org\/le-plateau-demparis-vtt\/","name":"FR-38 Le plateau d'Emparis - MTB 41 km, D+ 1410 m, 4 P\u00e4sse - Club des Cent Cols","isPartOf":{"@id":"https:\/\/centcols.org\/#website"},"primaryImageOfPage":{"@id":"https:\/\/centcols.org\/le-plateau-demparis-vtt\/#primaryimage"},"image":{"@id":"https:\/\/centcols.org\/le-plateau-demparis-vtt\/#primaryimage"},"thumbnailUrl":"https:\/\/centcols.org\/wp-content\/uploads\/2023\/07\/88021.jpg","datePublished":"2023-07-08T06:40:26+00:00","dateModified":"2026-02-01T11:09:42+00:00","breadcrumb":{"@id":"https:\/\/centcols.org\/le-plateau-demparis-vtt\/#breadcrumb"},"inLanguage":"de","potentialAction":[{"@type":"ReadAction","target":["https:\/\/centcols.org\/le-plateau-demparis-vtt\/"]}]},{"@type":"ImageObject","inLanguage":"de","@id":"https:\/\/centcols.org\/le-plateau-demparis-vtt\/#primaryimage","url":"https:\/\/centcols.org\/wp-content\/uploads\/2023\/07\/88021.jpg","contentUrl":"https:\/\/centcols.org\/wp-content\/uploads\/2023\/07\/88021.jpg","width":800,"height":600},{"@type":"BreadcrumbList","@id":"https:\/\/centcols.org\/le-plateau-demparis-vtt\/#breadcrumb","itemListElement":[{"@type":"ListItem","position":1,"name":"Accueil","item":"https:\/\/centcols.org\/"},{"@type":"ListItem","position":2,"name":"Parcours membres","item":"https:\/\/centcols.org\/rubrique\/parcours-membres\/"},{"@type":"ListItem","position":3,"name":"Pays","item":"https:\/\/centcols.org\/rubrique\/parcours-membres\/pays-parcours-membres\/"},{"@type":"ListItem","position":4,"name":"Parcours France","item":"https:\/\/centcols.org\/rubrique\/parcours-membres\/pays-parcours-membres\/parcours-france\/"},{"@type":"ListItem","position":5,"name":"FR-38 Le plateau d&rsquo;Emparis &#8211; VTT 41 km, D+ 1410 m, 4 cols"}]},{"@type":"WebSite","@id":"https:\/\/centcols.org\/#website","url":"https:\/\/centcols.org\/","name":"Club des Cent Cols","description":"","publisher":{"@id":"https:\/\/centcols.org\/#organization"},"potentialAction":[{"@type":"SearchAction","target":{"@type":"EntryPoint","urlTemplate":"https:\/\/centcols.org\/?s={search_term_string}"},"query-input":{"@type":"PropertyValueSpecification","valueRequired":true,"valueName":"search_term_string"}}],"inLanguage":"de"},{"@type":"Organization","@id":"https:\/\/centcols.org\/#organization","name":"Club des Cent Cols","url":"https:\/\/centcols.org\/","logo":{"@type":"ImageObject","inLanguage":"de","@id":"https:\/\/centcols.org\/#\/schema\/logo\/image\/","url":"https:\/\/centcols.org\/wp-content\/uploads\/2025\/01\/carte-icone.png","contentUrl":"https:\/\/centcols.org\/wp-content\/uploads\/2025\/01\/carte-icone.png","width":250,"height":250,"caption":"Club des Cent Cols"},"image":{"@id":"https:\/\/centcols.org\/#\/schema\/logo\/image\/"},"sameAs":["https:\/\/www.facebook.com\/groups\/5261880558\/?locale=fr_FR"]},{"@type":"Person","@id":"https:\/\/centcols.org\/#\/schema\/person\/911b404fb133d8c913dd27cdcf71c8e5","name":"Webmaster","image":{"@type":"ImageObject","inLanguage":"de","@id":"https:\/\/centcols.org\/wp-content\/litespeed\/avatar\/2d246e4b6b4f773e08515e1ffc53690b.jpg?ver=1777222892","url":"https:\/\/centcols.org\/wp-content\/litespeed\/avatar\/2d246e4b6b4f773e08515e1ffc53690b.jpg?ver=1777222892","contentUrl":"https:\/\/centcols.org\/wp-content\/litespeed\/avatar\/2d246e4b6b4f773e08515e1ffc53690b.jpg?ver=1777222892","caption":"Webmestre"},"url":"https:\/\/centcols.org\/de\/author\/webmestre\/"}]}},"_links":{"self":[{"href":"https:\/\/centcols.org\/de\/wp-json\/wp\/v2\/posts\/82457","targetHints":{"allow":["GET"]}}],"collection":[{"href":"https:\/\/centcols.org\/de\/wp-json\/wp\/v2\/posts"}],"about":[{"href":"https:\/\/centcols.org\/de\/wp-json\/wp\/v2\/types\/post"}],"author":[{"embeddable":true,"href":"https:\/\/centcols.org\/de\/wp-json\/wp\/v2\/users\/3"}],"replies":[{"embeddable":true,"href":"https:\/\/centcols.org\/de\/wp-json\/wp\/v2\/comments?post=82457"}],"version-history":[{"count":0,"href":"https:\/\/centcols.org\/de\/wp-json\/wp\/v2\/posts\/82457\/revisions"}],"wp:featuredmedia":[{"embeddable":true,"href":"https:\/\/centcols.org\/de\/wp-json\/wp\/v2\/media\/82887"}],"wp:attachment":[{"href":"https:\/\/centcols.org\/de\/wp-json\/wp\/v2\/media?parent=82457"}],"wp:term":[{"taxonomy":"category","embeddable":true,"href":"https:\/\/centcols.org\/de\/wp-json\/wp\/v2\/categories?post=82457"},{"taxonomy":"post_tag","embeddable":true,"href":"https:\/\/centcols.org\/de\/wp-json\/wp\/v2\/tags?post=82457"}],"curies":[{"name":"wp","href":"https:\/\/api.w.org\/{rel}","templated":true}]}}