{"id":82466,"date":"2023-08-15T11:48:45","date_gmt":"2023-08-15T09:48:45","guid":{"rendered":"https:\/\/centcols.org\/de-bw-foret-noire-haslach-im-kinsigtal-sud-gravel-38-km-d-900-m-8-cols\/"},"modified":"2026-04-07T08:23:36","modified_gmt":"2026-04-07T06:23:36","slug":"de-bw-foret-noire-haslach-im-kinsigtal-sud-gravel","status":"publish","type":"post","link":"https:\/\/centcols.org\/de\/de-bw-foret-noire-haslach-im-kinsigtal-sud-gravel\/","title":{"rendered":"DE-BW Schwarzwald Haslach im Kinsigtal S\u00fcd - Gravel 37 km, D+ 890 m, 8 P\u00e4sse"},"content":{"rendered":"<iframe width=\"100%\" height=\"650\" loading=\"lazy\" src=\"https:\/\/www.openrunner.com\/embed\/35636d50446234567831545a2f7a4f586a735456722b356c694c5234694d57677a4d4c55744c47335462513d3a3a84fcf1c6031970fff95f10969dada428?unit=metric\" style=\"border: none;\"><\/iframe>\n\n\n\n<div style=\"height:30px\" aria-hidden=\"true\" class=\"wp-block-spacer\"><\/div>\n\n\n\n<h2 class=\"wp-block-heading\">Beschreibung des Autors<\/h2>\n\n\n\n<p><strong>Autor <\/strong>: Jean-Luc Ceccato<br><strong>Parcours<\/strong> : durchgef\u00fchrt im Jahr 2021<br><strong>Abreise <\/strong>: von Haslach im Kinsingtal, von einem Parkplatz, der sich in der Mitte des Strickerwegs zwischen Friedhof und Stadien befindet. Alt: 228 m.<\/p>\n\n\n\n<div style=\"height:30px\" aria-hidden=\"true\" class=\"wp-block-spacer\"><\/div>\n\n\n\n<h2 class=\"wp-block-heading\">Touristische Beschreibung<\/h2>\n\n\n\n<p>Haslach im Tal des Flusses Kinsig liegt ungef\u00e4hr in der Mitte des Schwarzwalds, sowohl auf dem Breiten- als auch auf dem L\u00e4ngengrad.  Die H\u00e4user in dieser Stadt sind reich verziert und haben oft Fachwerk.<strong>.<\/strong><br>Mit den Strecken von <a href=\"\/de\/de-bw-foret-noire-haslach-im-kinsigtal-est-gravel-69-km-d-2150-m-18-cols\/\" target=\"_blank\" rel=\"noreferrer noopener\">Haslach im Kinsigtal ist<\/a> und <a href=\"\/de\/de-bw-foret-noire-haslach-im-kinsigtal-ouest-gravel-87-km-d-2550-m-20-cols\/\" target=\"_blank\" rel=\"noreferrer noopener\">Westen<\/a>, <a href=\"https:\/\/centcols.org\/de\/de-bw-haslach-ouest\/\" target=\"_blank\" rel=\"noreferrer noopener\"><\/a>Die Konzentration von P\u00e4ssen an diesem Ort ist absolut bemerkenswert. Ein Kurzurlaub in Haslach verbindet das Sammeln von P\u00e4ssen mit einem Besuch des malerischen Dorfes.<\/p>\n\n\n\n<div style=\"height:30px\" aria-hidden=\"true\" class=\"wp-block-spacer\"><\/div>\n\n\n\n<h2 class=\"wp-block-heading\">Technische Beschreibung<\/h2>\n\n\n\n<p>Diese Strecke weist keine Schwierigkeiten und einen m\u00e4\u00dfigen H\u00f6henunterschied auf. Sie wurde mit einem Gravel ohne Probleme absolviert. Es handelt sich um eine Strecke von etwa 30% auf sch\u00f6nen Trails und der Rest auf asphaltierten Stra\u00dfen.<br>Zwischen dem Pass DE-BW-0375a und dem Pass DE-BW-0556a wird ein kleines, leichtes Schieben erforderlich sein.<\/p>\n\n\n\n<div style=\"height:30px\" aria-hidden=\"true\" class=\"wp-block-spacer\"><\/div>\n\n\n\n<p><strong>8 P\u00e4sse<\/strong><\/p>\n\n\n\n<figure class=\"wp-block-table tableau-cols\"><table class=\"has-background\" style=\"background-color:#f0f0f0\"><tbody><tr><td>1 - Birklesattel<\/td><td>375 m<\/td><td><a href=\"\/de\/util\/geo\/visu.php\/?code=DE-BW-0375a\" target=\"_blank\" rel=\"noreferrer noopener\">DE-BW-0375a<\/a><\/td><\/tr><tr><td>2 - Grandeckle<\/td><td>442 m<\/td><td><a href=\"\/de\/util\/geo\/visu.php\/?code=DE-BW-0442a\" target=\"_blank\" rel=\"noreferrer noopener\">DE-BW-0442a<\/a><\/td><\/tr><tr><td>3 - Nautensattel<\/td><td>556 m<\/td><td><a href=\"\/de\/util\/geo\/visu.php\/?code=DE-BW-0556a\" target=\"_blank\" rel=\"noreferrer noopener\">DE-BW-0556a<\/a><\/td><\/tr><tr><td>4 - Schmiedebure Eck<\/td><td>532 m<\/td><td><a href=\"\/de\/util\/geo\/visu.php\/?code=DE-BW-0532\" target=\"_blank\" rel=\"noreferrer noopener\">DE-BW-0532<\/a><\/td><\/tr><tr><td>5 - Passh\u00f6he Heidburg<\/td><td>530 m<\/td><td><a href=\"\/de\/util\/geo\/visu.php\/?code=DE-BW-0595\" target=\"_blank\" rel=\"noreferrer noopener\">DE-BW-0595<\/a><\/td><\/tr><tr><td>6 - Eck<\/td><td>546 m<\/td><td><a href=\"\/de\/util\/geo\/visu.php\/?code=DE-BW-0546c\" target=\"_blank\" rel=\"noreferrer noopener\">DE-BW-0546c<\/a><\/td><\/tr><tr><td>7 - Biereck<\/td><td>587 m<\/td><td><a href=\"\/de\/util\/geo\/visu.php\/?code=DE-BW-0587\" target=\"_blank\" rel=\"noreferrer noopener\">DE-BW-0587<\/a><\/td><\/tr><tr><td>8 - Sattellege<\/td><td>443 m<\/td><td><a href=\"\/de\/util\/geo\/visu.php\/?code=DE-BW-0443\" target=\"_blank\" rel=\"noreferrer noopener\">DE-BW-0443<\/a><\/td><\/tr><\/tbody><\/table><\/figure>\n\n\n\n<p><strong>Schlagw\u00f6rter<\/strong> : Schwarzwald, Haslach im Kinsigtal, Baden, centcols<\/p>\n\n\n\n<p>Openrunner-Link, interaktive Karte, Profil, Track : <a href=\"https:\/\/www.openrunner.com\/route-details\/16636658\" target=\"_blank\" rel=\"noreferrer noopener\">https:\/\/www.openrunner.com\/route-details\/16636658<\/a><\/p>\n\n\n\n<p>Diese Route wird nur zur Orientierung vorgeschlagen. Der Autor \u00fcbernimmt keine Haftung f\u00fcr Unw\u00e4gbarkeiten, die auf den Radfahrer selbst, das verwendete Material und alles, was die Stra\u00dfe, die Pisten und Wege, ihre Umgebung und andere Benutzer betrifft, zur\u00fcckzuf\u00fchren sind, sowie f\u00fcr die Haftung des Club des Cent Cols.<\/p>\n\n\n\n<div style=\"height:30px\" aria-hidden=\"true\" class=\"wp-block-spacer\"><\/div>\n\n\n\n<h2 class=\"wp-block-heading\">Fotos<\/h2>\n\n\n\n<figure class=\"wp-block-gallery has-nested-images columns-default is-cropped wp-block-gallery-1 is-layout-flex wp-block-gallery-is-layout-flex\">\n<figure class=\"wp-block-image size-large\"><a href=\"https:\/\/centcols.org\/wp-content\/uploads\/2023\/08\/Piste-R1-SUD1.jpg\"><img loading=\"lazy\" decoding=\"async\" width=\"1000\" height=\"750\" data-id=\"89828\" src=\"https:\/\/centcols.org\/wp-content\/uploads\/2023\/08\/Piste-R1-SUD1.jpg\" alt=\"\" class=\"wp-image-89828\" srcset=\"https:\/\/centcols.org\/wp-content\/uploads\/2023\/08\/Piste-R1-SUD1.jpg 1000w, https:\/\/centcols.org\/wp-content\/uploads\/2023\/08\/Piste-R1-SUD1-768x576.jpg 768w, https:\/\/centcols.org\/wp-content\/uploads\/2023\/08\/Piste-R1-SUD1-16x12.jpg 16w\" sizes=\"auto, (max-width: 1000px) 100vw, 1000px\" \/><\/a><figcaption class=\"wp-element-caption\">Piste<\/figcaption><\/figure>\n\n\n\n<figure class=\"wp-block-image size-large\"><a href=\"https:\/\/centcols.org\/wp-content\/uploads\/2023\/08\/Paysage-pres-dHaslach-im-Kinsigtal-SUD1.jpg\"><img loading=\"lazy\" decoding=\"async\" width=\"1000\" height=\"750\" data-id=\"89829\" src=\"https:\/\/centcols.org\/wp-content\/uploads\/2023\/08\/Paysage-pres-dHaslach-im-Kinsigtal-SUD1.jpg\" alt=\"\" class=\"wp-image-89829\" srcset=\"https:\/\/centcols.org\/wp-content\/uploads\/2023\/08\/Paysage-pres-dHaslach-im-Kinsigtal-SUD1.jpg 1000w, https:\/\/centcols.org\/wp-content\/uploads\/2023\/08\/Paysage-pres-dHaslach-im-Kinsigtal-SUD1-768x576.jpg 768w, https:\/\/centcols.org\/wp-content\/uploads\/2023\/08\/Paysage-pres-dHaslach-im-Kinsigtal-SUD1-16x12.jpg 16w\" sizes=\"auto, (max-width: 1000px) 100vw, 1000px\" \/><\/a><figcaption class=\"wp-element-caption\">Landschaft<\/figcaption><\/figure>\n\n\n\n<figure class=\"wp-block-image size-large\"><a href=\"https:\/\/centcols.org\/wp-content\/uploads\/2023\/08\/image-53.jpeg\"><img loading=\"lazy\" decoding=\"async\" width=\"734\" height=\"499\" data-id=\"94939\" src=\"https:\/\/centcols.org\/wp-content\/uploads\/2023\/08\/image-53.jpeg\" alt=\"\" class=\"wp-image-94939\" srcset=\"https:\/\/centcols.org\/wp-content\/uploads\/2023\/08\/image-53.jpeg 734w, https:\/\/centcols.org\/wp-content\/uploads\/2023\/08\/image-53-18x12.jpeg 18w\" sizes=\"auto, (max-width: 734px) 100vw, 734px\" \/><\/a><figcaption class=\"wp-element-caption\">Birklesattel<\/figcaption><\/figure>\n\n\n\n<figure class=\"wp-block-image size-large\"><a href=\"https:\/\/centcols.org\/wp-content\/uploads\/2023\/08\/image-54.jpeg\"><img loading=\"lazy\" decoding=\"async\" width=\"724\" height=\"528\" data-id=\"94941\" src=\"https:\/\/centcols.org\/wp-content\/uploads\/2023\/08\/image-54.jpeg\" alt=\"\" class=\"wp-image-94941\" srcset=\"https:\/\/centcols.org\/wp-content\/uploads\/2023\/08\/image-54.jpeg 724w, https:\/\/centcols.org\/wp-content\/uploads\/2023\/08\/image-54-16x12.jpeg 16w\" sizes=\"auto, (max-width: 724px) 100vw, 724px\" \/><\/a><figcaption class=\"wp-element-caption\">Grandeckle<\/figcaption><\/figure>\n\n\n\n<figure class=\"wp-block-image size-large\"><a href=\"https:\/\/centcols.org\/wp-content\/uploads\/2023\/08\/image-55.jpeg\"><img loading=\"lazy\" decoding=\"async\" width=\"640\" height=\"480\" data-id=\"94942\" src=\"https:\/\/centcols.org\/wp-content\/uploads\/2023\/08\/image-55.jpeg\" alt=\"\" class=\"wp-image-94942\" srcset=\"https:\/\/centcols.org\/wp-content\/uploads\/2023\/08\/image-55.jpeg 640w, https:\/\/centcols.org\/wp-content\/uploads\/2023\/08\/image-55-16x12.jpeg 16w\" sizes=\"auto, (max-width: 640px) 100vw, 640px\" \/><\/a><figcaption class=\"wp-element-caption\">Passh\u00f6he Heidburg<\/figcaption><\/figure>\n<\/figure>","protected":false},"excerpt":{"rendered":"<p>Description de l\u2019auteur Auteur : Jean-Luc CeccatoParcours : effectu\u00e9 en 2021D\u00e9part : depuis Haslach im Kinsingtal, d\u2019un parking situ\u00e9 au milieu de la Strickerweg entre cimeti\u00e8re et stades. Alt : 228 m. Descriptif touristique Haslach, dans la vall\u00e9e de la Kinsig, se trouve approximativement au centre de la For\u00eat-Noire, en latitude et longitude.\u00a0 Les maisons [&hellip;]<\/p>\n","protected":false},"author":3,"featured_media":82863,"comment_status":"open","ping_status":"open","sticky":false,"template":"","format":"standard","meta":{"_acf_changed":false,"footnotes":""},"categories":[302,320,323,220],"tags":[],"class_list":["post-82466","post","type-post","status-publish","format-standard","has-post-thumbnail","hentry","category-parcours-allemagne","category-gravel-type-parcours","category-foret-noire-massif-parcours-membres","category-parcours-membres"],"acf":[],"yoast_head":"<!-- This site is optimized with the Yoast SEO plugin v27.2 - https:\/\/yoast.com\/product\/yoast-seo-wordpress\/ -->\n<title>DE-BW For\u00eat-Noire Haslach im Kinsigtal sud - Gravel 37 km, D+ 890 m, 8 cols - Club des Cent Cols<\/title>\n<meta name=\"robots\" content=\"index, follow, max-snippet:-1, max-image-preview:large, max-video-preview:-1\" \/>\n<link rel=\"canonical\" href=\"https:\/\/centcols.org\/de\/de-bw-foret-noire-haslach-im-kinsigtal-sud-gravel\/\" \/>\n<meta property=\"og:locale\" content=\"de_DE\" \/>\n<meta property=\"og:type\" content=\"article\" \/>\n<meta property=\"og:title\" content=\"DE-BW For\u00eat-Noire Haslach im Kinsigtal sud - Gravel 37 km, D+ 890 m, 8 cols - Club des Cent Cols\" \/>\n<meta property=\"og:description\" content=\"Description de l\u2019auteur Auteur : Jean-Luc CeccatoParcours : effectu\u00e9 en 2021D\u00e9part : depuis Haslach im Kinsingtal, d\u2019un parking situ\u00e9 au milieu de la Strickerweg entre cimeti\u00e8re et stades. Alt : 228 m. Descriptif touristique Haslach, dans la vall\u00e9e de la Kinsig, se trouve approximativement au centre de la For\u00eat-Noire, en latitude et longitude.\u00a0 Les maisons [&hellip;]\" \/>\n<meta property=\"og:url\" content=\"https:\/\/centcols.org\/de\/de-bw-foret-noire-haslach-im-kinsigtal-sud-gravel\/\" \/>\n<meta property=\"og:site_name\" content=\"Club des Cent Cols\" \/>\n<meta property=\"article:publisher\" content=\"https:\/\/www.facebook.com\/groups\/5261880558\/?locale=fr_FR\" \/>\n<meta property=\"article:published_time\" content=\"2023-08-15T09:48:45+00:00\" \/>\n<meta property=\"article:modified_time\" content=\"2026-04-07T06:23:36+00:00\" \/>\n<meta property=\"og:image\" content=\"https:\/\/centcols.org\/wp-content\/uploads\/2023\/08\/68011.jpg\" \/>\n\t<meta property=\"og:image:width\" content=\"734\" \/>\n\t<meta property=\"og:image:height\" content=\"499\" \/>\n\t<meta property=\"og:image:type\" content=\"image\/jpeg\" \/>\n<meta name=\"author\" content=\"Webmestre\" \/>\n<meta name=\"twitter:card\" content=\"summary_large_image\" \/>\n<meta name=\"twitter:label1\" content=\"Verfasst von\" \/>\n\t<meta name=\"twitter:data1\" content=\"Webmestre\" \/>\n\t<meta name=\"twitter:label2\" content=\"Gesch\u00e4tzte Lesezeit\" \/>\n\t<meta name=\"twitter:data2\" content=\"3\u00a0Minuten\" \/>\n<script type=\"application\/ld+json\" class=\"yoast-schema-graph\">{\"@context\":\"https:\/\/schema.org\",\"@graph\":[{\"@type\":\"Article\",\"@id\":\"https:\/\/centcols.org\/de-bw-foret-noire-haslach-im-kinsigtal-sud-gravel\/#article\",\"isPartOf\":{\"@id\":\"https:\/\/centcols.org\/de-bw-foret-noire-haslach-im-kinsigtal-sud-gravel\/\"},\"author\":{\"name\":\"Webmestre\",\"@id\":\"https:\/\/centcols.org\/#\/schema\/person\/911b404fb133d8c913dd27cdcf71c8e5\"},\"headline\":\"DE-BW For\u00eat-Noire Haslach im Kinsigtal sud &#8211; Gravel 37 km, D+ 890 m, 8 cols\",\"datePublished\":\"2023-08-15T09:48:45+00:00\",\"dateModified\":\"2026-04-07T06:23:36+00:00\",\"mainEntityOfPage\":{\"@id\":\"https:\/\/centcols.org\/de-bw-foret-noire-haslach-im-kinsigtal-sud-gravel\/\"},\"wordCount\":303,\"commentCount\":0,\"publisher\":{\"@id\":\"https:\/\/centcols.org\/#organization\"},\"image\":{\"@id\":\"https:\/\/centcols.org\/de-bw-foret-noire-haslach-im-kinsigtal-sud-gravel\/#primaryimage\"},\"thumbnailUrl\":\"https:\/\/centcols.org\/wp-content\/uploads\/2023\/08\/68011.jpg\",\"articleSection\":[\"Parcours Allemagne\",\"Gravel\",\"For\u00eat-Noire\",\"Parcours membres\"],\"inLanguage\":\"de\",\"potentialAction\":[{\"@type\":\"CommentAction\",\"name\":\"Comment\",\"target\":[\"https:\/\/centcols.org\/de-bw-foret-noire-haslach-im-kinsigtal-sud-gravel\/#respond\"]}]},{\"@type\":\"WebPage\",\"@id\":\"https:\/\/centcols.org\/de-bw-foret-noire-haslach-im-kinsigtal-sud-gravel\/\",\"url\":\"https:\/\/centcols.org\/de-bw-foret-noire-haslach-im-kinsigtal-sud-gravel\/\",\"name\":\"DE-BW For\u00eat-Noire Haslach im Kinsigtal sud - Gravel 37 km, D+ 890 m, 8 cols - Club des Cent Cols\",\"isPartOf\":{\"@id\":\"https:\/\/centcols.org\/#website\"},\"primaryImageOfPage\":{\"@id\":\"https:\/\/centcols.org\/de-bw-foret-noire-haslach-im-kinsigtal-sud-gravel\/#primaryimage\"},\"image\":{\"@id\":\"https:\/\/centcols.org\/de-bw-foret-noire-haslach-im-kinsigtal-sud-gravel\/#primaryimage\"},\"thumbnailUrl\":\"https:\/\/centcols.org\/wp-content\/uploads\/2023\/08\/68011.jpg\",\"datePublished\":\"2023-08-15T09:48:45+00:00\",\"dateModified\":\"2026-04-07T06:23:36+00:00\",\"breadcrumb\":{\"@id\":\"https:\/\/centcols.org\/de-bw-foret-noire-haslach-im-kinsigtal-sud-gravel\/#breadcrumb\"},\"inLanguage\":\"de\",\"potentialAction\":[{\"@type\":\"ReadAction\",\"target\":[\"https:\/\/centcols.org\/de-bw-foret-noire-haslach-im-kinsigtal-sud-gravel\/\"]}]},{\"@type\":\"ImageObject\",\"inLanguage\":\"de\",\"@id\":\"https:\/\/centcols.org\/de-bw-foret-noire-haslach-im-kinsigtal-sud-gravel\/#primaryimage\",\"url\":\"https:\/\/centcols.org\/wp-content\/uploads\/2023\/08\/68011.jpg\",\"contentUrl\":\"https:\/\/centcols.org\/wp-content\/uploads\/2023\/08\/68011.jpg\",\"width\":734,\"height\":499,\"caption\":\"La photo BW-375a Birklesattel3.JPG a \u00e9t\u00e9 r\u00e9duite de 98.13 % le Lundi 09 Mars 2020 \u00e0 17:03 par Photo R\u00e9ducteur v4.10 \u00e0 t\u00e9l\u00e9charger sur http:\/\/www.emjysoft.com\/\"},{\"@type\":\"BreadcrumbList\",\"@id\":\"https:\/\/centcols.org\/de-bw-foret-noire-haslach-im-kinsigtal-sud-gravel\/#breadcrumb\",\"itemListElement\":[{\"@type\":\"ListItem\",\"position\":1,\"name\":\"Accueil\",\"item\":\"https:\/\/centcols.org\/\"},{\"@type\":\"ListItem\",\"position\":2,\"name\":\"Parcours membres\",\"item\":\"https:\/\/centcols.org\/rubrique\/parcours-membres\/\"},{\"@type\":\"ListItem\",\"position\":3,\"name\":\"Pays\",\"item\":\"https:\/\/centcols.org\/rubrique\/parcours-membres\/pays-parcours-membres\/\"},{\"@type\":\"ListItem\",\"position\":4,\"name\":\"Parcours Allemagne\",\"item\":\"https:\/\/centcols.org\/rubrique\/parcours-membres\/pays-parcours-membres\/parcours-allemagne\/\"},{\"@type\":\"ListItem\",\"position\":5,\"name\":\"DE-BW For\u00eat-Noire Haslach im Kinsigtal sud &#8211; Gravel 37 km, D+ 890 m, 8 cols\"}]},{\"@type\":\"WebSite\",\"@id\":\"https:\/\/centcols.org\/#website\",\"url\":\"https:\/\/centcols.org\/\",\"name\":\"Club des Cent Cols\",\"description\":\"\",\"publisher\":{\"@id\":\"https:\/\/centcols.org\/#organization\"},\"potentialAction\":[{\"@type\":\"SearchAction\",\"target\":{\"@type\":\"EntryPoint\",\"urlTemplate\":\"https:\/\/centcols.org\/?s={search_term_string}\"},\"query-input\":{\"@type\":\"PropertyValueSpecification\",\"valueRequired\":true,\"valueName\":\"search_term_string\"}}],\"inLanguage\":\"de\"},{\"@type\":\"Organization\",\"@id\":\"https:\/\/centcols.org\/#organization\",\"name\":\"Club des Cent Cols\",\"url\":\"https:\/\/centcols.org\/\",\"logo\":{\"@type\":\"ImageObject\",\"inLanguage\":\"de\",\"@id\":\"https:\/\/centcols.org\/#\/schema\/logo\/image\/\",\"url\":\"https:\/\/centcols.org\/wp-content\/uploads\/2025\/01\/carte-icone.png\",\"contentUrl\":\"https:\/\/centcols.org\/wp-content\/uploads\/2025\/01\/carte-icone.png\",\"width\":250,\"height\":250,\"caption\":\"Club des Cent Cols\"},\"image\":{\"@id\":\"https:\/\/centcols.org\/#\/schema\/logo\/image\/\"},\"sameAs\":[\"https:\/\/www.facebook.com\/groups\/5261880558\/?locale=fr_FR\"]},{\"@type\":\"Person\",\"@id\":\"https:\/\/centcols.org\/#\/schema\/person\/911b404fb133d8c913dd27cdcf71c8e5\",\"name\":\"Webmestre\",\"image\":{\"@type\":\"ImageObject\",\"inLanguage\":\"de\",\"@id\":\"https:\/\/centcols.org\/wp-content\/litespeed\/avatar\/2d246e4b6b4f773e08515e1ffc53690b.jpg?ver=1777222892\",\"url\":\"https:\/\/centcols.org\/wp-content\/litespeed\/avatar\/2d246e4b6b4f773e08515e1ffc53690b.jpg?ver=1777222892\",\"contentUrl\":\"https:\/\/centcols.org\/wp-content\/litespeed\/avatar\/2d246e4b6b4f773e08515e1ffc53690b.jpg?ver=1777222892\",\"caption\":\"Webmestre\"},\"url\":\"https:\/\/centcols.org\/de\/author\/webmestre\/\"}]}<\/script>\n<!-- \/ Yoast SEO plugin. -->","yoast_head_json":{"title":"DE-BW Schwarzwald Haslach im Kinsigtal S\u00fcd - Gravel 37 km, D+ 890 m, 8 P\u00e4sse - Club des Cent Cols","robots":{"index":"index","follow":"follow","max-snippet":"max-snippet:-1","max-image-preview":"max-image-preview:large","max-video-preview":"max-video-preview:-1"},"canonical":"https:\/\/centcols.org\/de\/de-bw-foret-noire-haslach-im-kinsigtal-sud-gravel\/","og_locale":"de_DE","og_type":"article","og_title":"DE-BW For\u00eat-Noire Haslach im Kinsigtal sud - Gravel 37 km, D+ 890 m, 8 cols - Club des Cent Cols","og_description":"Description de l\u2019auteur Auteur : Jean-Luc CeccatoParcours : effectu\u00e9 en 2021D\u00e9part : depuis Haslach im Kinsingtal, d\u2019un parking situ\u00e9 au milieu de la Strickerweg entre cimeti\u00e8re et stades. Alt : 228 m. Descriptif touristique Haslach, dans la vall\u00e9e de la Kinsig, se trouve approximativement au centre de la For\u00eat-Noire, en latitude et longitude.\u00a0 Les maisons [&hellip;]","og_url":"https:\/\/centcols.org\/de\/de-bw-foret-noire-haslach-im-kinsigtal-sud-gravel\/","og_site_name":"Club des Cent Cols","article_publisher":"https:\/\/www.facebook.com\/groups\/5261880558\/?locale=fr_FR","article_published_time":"2023-08-15T09:48:45+00:00","article_modified_time":"2026-04-07T06:23:36+00:00","og_image":[{"width":734,"height":499,"url":"https:\/\/centcols.org\/wp-content\/uploads\/2023\/08\/68011.jpg","type":"image\/jpeg"}],"author":"Webmestre","twitter_card":"summary_large_image","twitter_misc":{"Verfasst von":"Webmestre","Gesch\u00e4tzte Lesezeit":"3\u00a0Minuten"},"schema":{"@context":"https:\/\/schema.org","@graph":[{"@type":"Article","@id":"https:\/\/centcols.org\/de-bw-foret-noire-haslach-im-kinsigtal-sud-gravel\/#article","isPartOf":{"@id":"https:\/\/centcols.org\/de-bw-foret-noire-haslach-im-kinsigtal-sud-gravel\/"},"author":{"name":"Webmestre","@id":"https:\/\/centcols.org\/#\/schema\/person\/911b404fb133d8c913dd27cdcf71c8e5"},"headline":"DE-BW For\u00eat-Noire Haslach im Kinsigtal sud &#8211; Gravel 37 km, D+ 890 m, 8 cols","datePublished":"2023-08-15T09:48:45+00:00","dateModified":"2026-04-07T06:23:36+00:00","mainEntityOfPage":{"@id":"https:\/\/centcols.org\/de-bw-foret-noire-haslach-im-kinsigtal-sud-gravel\/"},"wordCount":303,"commentCount":0,"publisher":{"@id":"https:\/\/centcols.org\/#organization"},"image":{"@id":"https:\/\/centcols.org\/de-bw-foret-noire-haslach-im-kinsigtal-sud-gravel\/#primaryimage"},"thumbnailUrl":"https:\/\/centcols.org\/wp-content\/uploads\/2023\/08\/68011.jpg","articleSection":["Parcours Allemagne","Gravel","For\u00eat-Noire","Parcours membres"],"inLanguage":"de","potentialAction":[{"@type":"CommentAction","name":"Comment","target":["https:\/\/centcols.org\/de-bw-foret-noire-haslach-im-kinsigtal-sud-gravel\/#respond"]}]},{"@type":"WebPage","@id":"https:\/\/centcols.org\/de-bw-foret-noire-haslach-im-kinsigtal-sud-gravel\/","url":"https:\/\/centcols.org\/de-bw-foret-noire-haslach-im-kinsigtal-sud-gravel\/","name":"DE-BW Schwarzwald Haslach im Kinsigtal S\u00fcd - Gravel 37 km, D+ 890 m, 8 P\u00e4sse - Club des Cent Cols","isPartOf":{"@id":"https:\/\/centcols.org\/#website"},"primaryImageOfPage":{"@id":"https:\/\/centcols.org\/de-bw-foret-noire-haslach-im-kinsigtal-sud-gravel\/#primaryimage"},"image":{"@id":"https:\/\/centcols.org\/de-bw-foret-noire-haslach-im-kinsigtal-sud-gravel\/#primaryimage"},"thumbnailUrl":"https:\/\/centcols.org\/wp-content\/uploads\/2023\/08\/68011.jpg","datePublished":"2023-08-15T09:48:45+00:00","dateModified":"2026-04-07T06:23:36+00:00","breadcrumb":{"@id":"https:\/\/centcols.org\/de-bw-foret-noire-haslach-im-kinsigtal-sud-gravel\/#breadcrumb"},"inLanguage":"de","potentialAction":[{"@type":"ReadAction","target":["https:\/\/centcols.org\/de-bw-foret-noire-haslach-im-kinsigtal-sud-gravel\/"]}]},{"@type":"ImageObject","inLanguage":"de","@id":"https:\/\/centcols.org\/de-bw-foret-noire-haslach-im-kinsigtal-sud-gravel\/#primaryimage","url":"https:\/\/centcols.org\/wp-content\/uploads\/2023\/08\/68011.jpg","contentUrl":"https:\/\/centcols.org\/wp-content\/uploads\/2023\/08\/68011.jpg","width":734,"height":499,"caption":"La photo BW-375a Birklesattel3.JPG a \u00e9t\u00e9 r\u00e9duite de 98.13 % le Lundi 09 Mars 2020 \u00e0 17:03 par Photo R\u00e9ducteur v4.10 \u00e0 t\u00e9l\u00e9charger sur http:\/\/www.emjysoft.com\/"},{"@type":"BreadcrumbList","@id":"https:\/\/centcols.org\/de-bw-foret-noire-haslach-im-kinsigtal-sud-gravel\/#breadcrumb","itemListElement":[{"@type":"ListItem","position":1,"name":"Accueil","item":"https:\/\/centcols.org\/"},{"@type":"ListItem","position":2,"name":"Parcours membres","item":"https:\/\/centcols.org\/rubrique\/parcours-membres\/"},{"@type":"ListItem","position":3,"name":"Pays","item":"https:\/\/centcols.org\/rubrique\/parcours-membres\/pays-parcours-membres\/"},{"@type":"ListItem","position":4,"name":"Parcours Allemagne","item":"https:\/\/centcols.org\/rubrique\/parcours-membres\/pays-parcours-membres\/parcours-allemagne\/"},{"@type":"ListItem","position":5,"name":"DE-BW For\u00eat-Noire Haslach im Kinsigtal sud &#8211; Gravel 37 km, D+ 890 m, 8 cols"}]},{"@type":"WebSite","@id":"https:\/\/centcols.org\/#website","url":"https:\/\/centcols.org\/","name":"Club des Cent Cols","description":"","publisher":{"@id":"https:\/\/centcols.org\/#organization"},"potentialAction":[{"@type":"SearchAction","target":{"@type":"EntryPoint","urlTemplate":"https:\/\/centcols.org\/?s={search_term_string}"},"query-input":{"@type":"PropertyValueSpecification","valueRequired":true,"valueName":"search_term_string"}}],"inLanguage":"de"},{"@type":"Organization","@id":"https:\/\/centcols.org\/#organization","name":"Club des Cent Cols","url":"https:\/\/centcols.org\/","logo":{"@type":"ImageObject","inLanguage":"de","@id":"https:\/\/centcols.org\/#\/schema\/logo\/image\/","url":"https:\/\/centcols.org\/wp-content\/uploads\/2025\/01\/carte-icone.png","contentUrl":"https:\/\/centcols.org\/wp-content\/uploads\/2025\/01\/carte-icone.png","width":250,"height":250,"caption":"Club des Cent Cols"},"image":{"@id":"https:\/\/centcols.org\/#\/schema\/logo\/image\/"},"sameAs":["https:\/\/www.facebook.com\/groups\/5261880558\/?locale=fr_FR"]},{"@type":"Person","@id":"https:\/\/centcols.org\/#\/schema\/person\/911b404fb133d8c913dd27cdcf71c8e5","name":"Webmaster","image":{"@type":"ImageObject","inLanguage":"de","@id":"https:\/\/centcols.org\/wp-content\/litespeed\/avatar\/2d246e4b6b4f773e08515e1ffc53690b.jpg?ver=1777222892","url":"https:\/\/centcols.org\/wp-content\/litespeed\/avatar\/2d246e4b6b4f773e08515e1ffc53690b.jpg?ver=1777222892","contentUrl":"https:\/\/centcols.org\/wp-content\/litespeed\/avatar\/2d246e4b6b4f773e08515e1ffc53690b.jpg?ver=1777222892","caption":"Webmestre"},"url":"https:\/\/centcols.org\/de\/author\/webmestre\/"}]}},"_links":{"self":[{"href":"https:\/\/centcols.org\/de\/wp-json\/wp\/v2\/posts\/82466","targetHints":{"allow":["GET"]}}],"collection":[{"href":"https:\/\/centcols.org\/de\/wp-json\/wp\/v2\/posts"}],"about":[{"href":"https:\/\/centcols.org\/de\/wp-json\/wp\/v2\/types\/post"}],"author":[{"embeddable":true,"href":"https:\/\/centcols.org\/de\/wp-json\/wp\/v2\/users\/3"}],"replies":[{"embeddable":true,"href":"https:\/\/centcols.org\/de\/wp-json\/wp\/v2\/comments?post=82466"}],"version-history":[{"count":0,"href":"https:\/\/centcols.org\/de\/wp-json\/wp\/v2\/posts\/82466\/revisions"}],"wp:featuredmedia":[{"embeddable":true,"href":"https:\/\/centcols.org\/de\/wp-json\/wp\/v2\/media\/82863"}],"wp:attachment":[{"href":"https:\/\/centcols.org\/de\/wp-json\/wp\/v2\/media?parent=82466"}],"wp:term":[{"taxonomy":"category","embeddable":true,"href":"https:\/\/centcols.org\/de\/wp-json\/wp\/v2\/categories?post=82466"},{"taxonomy":"post_tag","embeddable":true,"href":"https:\/\/centcols.org\/de\/wp-json\/wp\/v2\/tags?post=82466"}],"curies":[{"name":"wp","href":"https:\/\/api.w.org\/{rel}","templated":true}]}}