{"id":82494,"date":"2023-07-03T14:26:26","date_gmt":"2023-07-03T12:26:26","guid":{"rendered":"https:\/\/centcols.org\/fr-70-rassemblement-grand-est-2023-vtt-36-km-d-1220-m-4-cols\/"},"modified":"2025-09-12T20:10:34","modified_gmt":"2025-09-12T18:10:34","slug":"fr-70-rassemblement-grand-est-2023-mountainbike-36-km-d-1220-m-4-cols","status":"publish","type":"post","link":"https:\/\/centcols.org\/de\/fr-70-rassemblement-grand-est-2023-vtt-36-km-d-1220-m-4-cols\/","title":{"rendered":"DE-70 Rassemblement Grand Est 2023 - MTB 36 km, D+ 1220 m, 4 P\u00e4sse"},"content":{"rendered":"<iframe width=\"100%\" height=\"650\" loading=\"lazy\" src=\"https:\/\/www.openrunner.com\/embed\/725562436b3673325949367276737847434549573462447a504c6445653558454e754572796f4d2b784d303d3a3ab314b7d9aecb377a7136ac48b10e3a35?unit=metric\" style=\"border: none;\"><\/iframe>\n\n\n\n<h2 class=\"wp-block-heading\">Beschreibung des Autors<\/h2>\n\n\n\n<p><strong>Autor<\/strong> : Denis Mathieu<\/p>\n\n\n\n<p><strong>Parcours<\/strong> durchgef\u00fchrt am 27. Mai 2023<\/p>\n\n\n\n<p><strong>Abreise <\/strong>: Parkplatz in der Gemeinde Plancher les Mines, impasse du canal (rechts in die rue du pont du Var abbiegen, der Parkplatz befindet sich nach der kleinen Br\u00fccke auf der linken Seite). Alt: 500 m<\/p>\n\n\n\n<h2 class=\"wp-block-heading\">Touristische Beschreibung<\/h2>\n\n\n\n<p>Nach dem Col de la Chevestraye durchquert man die Gemeinde BELFAHY. Das Dorfzentrum liegt auf 840 m und ist die h\u00f6chstgelegene Gemeinde der Haute-Sa\u00f4ne und sogar des Vogesenmassivs. Am Col des Chevr\u00e8res f\u00fchrt die Spur dann zum brandneuen Col Sans-Nom und zum Wasserfall Goutte des Saules. Vor der R\u00fcckkehr nach Plancher Les Mines steht die Super Planche \u00fcber die Planche des Belles Filles, die durch die Tour de France weltber\u00fchmt wurde, auf dem Programm. Der Col d'Auxelles, der zwischen den Departements Haute-Sa\u00f4ne (70) und Territoire de Belfort (90) liegt, befindet sich am s\u00fcdlichen Rand der Vogesen. Er erm\u00f6glicht den Blick nach S\u00fcden auf die ber\u00fchmte Trou\u00e9e de Belfort, eine 20 km breite Passage zwischen den Vogesen und dem Jura, die auch als Burgundische Pforte bezeichnet wird.<\/p>\n\n\n\n<p class=\"has-medium-font-size\"><strong>4 P\u00e4sse<\/strong><\/p>\n\n\n\n<figure class=\"wp-block-table is-style-stripes\"><table class=\"has-fixed-layout\"><tbody><tr><td>Col de la Chevestraye <br>Col des Chevr\u00e8res&nbsp; &nbsp; &nbsp; &nbsp;<br>Pass ohne Namen&nbsp; &nbsp; &nbsp; &nbsp; &nbsp; &nbsp; &nbsp; &nbsp;<br>Col d'Auxelles&nbsp; &nbsp; &nbsp; &nbsp; &nbsp; &nbsp; &nbsp; <\/td><td><a href=\"https:\/\/centcols.org\/de\/util\/geo\/visu.php\/?code=FR-70-0640\" target=\"_blank\" rel=\"noopener\">DE-70-0640<\/a><br><a href=\"https:\/\/centcols.org\/de\/util\/geo\/visu.php\/?code=FR-70-0914\" target=\"_blank\" rel=\"noopener\">DE-70-0914<\/a><br><a href=\"https:\/\/centcols.org\/de\/util\/geo\/visu.php\/?code=FR-70-1001\" target=\"_blank\" rel=\"noopener\">DE-70-1001<\/a><br><a href=\"https:\/\/centcols.org\/de\/util\/geo\/visu.php\/?code=FR-70-0827\" target=\"_blank\" rel=\"noopener\">DE-70-0827<\/a><\/td><\/tr><\/tbody><\/table><\/figure>\n\n\n\n<h2 class=\"wp-block-heading\">Technische Beschreibung<\/h2>\n\n\n\n<p>Die Strecke verl\u00e4uft zun\u00e4chst auf einer Stra\u00dfe, die bis zum Col des Chevr\u00e8res etwas steil und befahren ist. Ein Radweg auf der rechten Seite f\u00fchrt \u00fcber den Pass ohne Nom (au\u00dfer die letzten 50 Meter).<\/p>\n\n\n\n<p>Ein sch\u00f6ner Waldweg, gefolgt von einer heiklen Passage, f\u00fchrt uns zum Wasserfall. Diese heikle Passage l\u00e4sst sich vermeiden, indem man geradeaus auf der Piste weitergeht. Der Anstieg zum Super-Planches des Belles Filles ist hart (7 km bei 600 m H\u00f6henunterschied mit sehr steilen Passagen). Die R\u00fcckkehr zum Parkplatz erfolgt ohne Schwierigkeiten.<\/p>\n\n\n\n<p><strong>Link<\/strong> <strong>Openrunner, interaktive Karte, Profil, gpx-Track<\/strong> <a href=\"https:\/\/www.openrunner.com\/route-details\/17034241\" target=\"_blank\" rel=\"noreferrer noopener\">https:\/\/www.openrunner.com\/route-details\/17034241<\/a><\/p>\n\n\n\n<p><strong>Schl\u00fcsselw\u00f6rter<\/strong>: Plancher les mines, Belfahy, Haute Sa\u00f4ne, Planches des belles filles, Chevr\u00e8res<\/p>\n\n\n\n<p>Diese Route dient lediglich der Orientierung. Der Autor lehnt jegliche Haftung sowie die Haftung des Club des Cent Cols f\u00fcr Unw\u00e4gbarkeiten ab, die durch den Radfahrer selbst, das verwendete Material oder alles, was die Stra\u00dfe, ihre Umgebung oder andere Verkehrsteilnehmer betrifft, verursacht werden.<\/p>\n\n\n\n<h2 class=\"wp-block-heading\">Fotos<\/h2>\n\n\n<div class=\"wp-block-image\">\n<figure class=\"aligncenter size-full is-resized\"><a href=\"https:\/\/centcols.org\/wp-content\/uploads\/2023\/07\/019-Au-niveau-de-la-station-il-ne-reste-quun-kilom_tre.-768x512-1.jpg\"><img loading=\"lazy\" decoding=\"async\" width=\"768\" height=\"512\" src=\"https:\/\/centcols.org\/wp-content\/uploads\/2023\/07\/019-Au-niveau-de-la-station-il-ne-reste-quun-kilom_tre.-768x512-1.jpg\" alt=\"\" class=\"wp-image-89483\" style=\"width:798px\" srcset=\"https:\/\/centcols.org\/wp-content\/uploads\/2023\/07\/019-Au-niveau-de-la-station-il-ne-reste-quun-kilom_tre.-768x512-1.jpg 768w, https:\/\/centcols.org\/wp-content\/uploads\/2023\/07\/019-Au-niveau-de-la-station-il-ne-reste-quun-kilom_tre.-768x512-1-18x12.jpg 18w\" sizes=\"auto, (max-width: 768px) 100vw, 768px\" \/><\/a><figcaption class=\"wp-element-caption\"><strong>Auf Stationsebene nur noch 1 km<\/strong><\/figcaption><\/figure>\n<\/div>\n\n<div class=\"wp-block-image\">\n<figure class=\"aligncenter size-full is-resized\"><a href=\"https:\/\/centcols.org\/wp-content\/uploads\/2023\/07\/021.jpg\"><img loading=\"lazy\" decoding=\"async\" width=\"1200\" height=\"800\" src=\"https:\/\/centcols.org\/wp-content\/uploads\/2023\/07\/021.jpg\" alt=\"\" class=\"wp-image-89484\" style=\"width:800px\" srcset=\"https:\/\/centcols.org\/wp-content\/uploads\/2023\/07\/021.jpg 1200w, https:\/\/centcols.org\/wp-content\/uploads\/2023\/07\/021-768x512.jpg 768w, https:\/\/centcols.org\/wp-content\/uploads\/2023\/07\/021-18x12.jpg 18w\" sizes=\"auto, (max-width: 1200px) 100vw, 1200px\" \/><\/a><figcaption class=\"wp-element-caption\"><strong>Von der Super Planche aus Blick auf die Trou\u00e9e de Belfort<\/strong><\/figcaption><\/figure>\n<\/div>\n\n<div class=\"wp-block-image\">\n<figure class=\"aligncenter size-full is-resized\"><a href=\"https:\/\/centcols.org\/wp-content\/uploads\/2023\/07\/027.jpg\"><img loading=\"lazy\" decoding=\"async\" width=\"1200\" height=\"800\" src=\"https:\/\/centcols.org\/wp-content\/uploads\/2023\/07\/027.jpg\" alt=\"\" class=\"wp-image-89485\" style=\"width:800px\" srcset=\"https:\/\/centcols.org\/wp-content\/uploads\/2023\/07\/027.jpg 1200w, https:\/\/centcols.org\/wp-content\/uploads\/2023\/07\/027-768x512.jpg 768w, https:\/\/centcols.org\/wp-content\/uploads\/2023\/07\/027-18x12.jpg 18w\" sizes=\"auto, (max-width: 1200px) 100vw, 1200px\" \/><\/a><figcaption class=\"wp-element-caption\"><strong>Beim Abstieg von der Superplanche<\/strong><\/figcaption><\/figure>\n<\/div>\n\n<div class=\"wp-block-image\">\n<figure class=\"aligncenter size-large is-resized\"><img decoding=\"async\" src=\"https:\/\/centcols.org\/util\/geo\/visu\/FR\/img\/1383\/0304.jpg\" alt=\"\" style=\"width:800px\"\/><figcaption class=\"wp-element-caption\"><strong>Col de la Chevestraye<\/strong><\/figcaption><\/figure>\n<\/div>\n\n<div class=\"wp-block-image\">\n<figure class=\"aligncenter size-large is-resized\"><img decoding=\"async\" src=\"https:\/\/centcols.org\/util\/geo\/visu\/FR\/img\/1383\/0807.jpg\" alt=\"\" style=\"width:800px\"\/><figcaption class=\"wp-element-caption\"><strong>Col des Chevr\u00e8res<\/strong><\/figcaption><\/figure>\n<\/div>\n\n<div class=\"wp-block-image\">\n<figure class=\"aligncenter size-large is-resized\"><img decoding=\"async\" src=\"https:\/\/centcols.org\/util\/geo\/visu\/FR\/img\/1865\/4702.jpg\" alt=\"\" style=\"width:800px\"\/><figcaption class=\"wp-element-caption\"><strong>Namenloser Kragen<\/strong><\/figcaption><\/figure>\n<\/div>\n\n<div class=\"wp-block-image\">\n<figure class=\"aligncenter size-large is-resized\"><img decoding=\"async\" src=\"https:\/\/centcols.org\/util\/geo\/visu\/FR\/img\/1383\/0701.jpg\" alt=\"\" style=\"width:800px\"\/><figcaption class=\"wp-element-caption\"><strong>Col d'Auxelles<\/strong><\/figcaption><\/figure>\n<\/div>\n\n<div class=\"wp-block-image\">\n<figure class=\"aligncenter size-full is-resized\"><img loading=\"lazy\" decoding=\"async\" width=\"1200\" height=\"800\" src=\"https:\/\/centcols.org\/wp-content\/uploads\/2023\/07\/030.jpg\" alt=\"\" class=\"wp-image-89546\" style=\"width:800px\" srcset=\"https:\/\/centcols.org\/wp-content\/uploads\/2023\/07\/030.jpg 1200w, https:\/\/centcols.org\/wp-content\/uploads\/2023\/07\/030-768x512.jpg 768w, https:\/\/centcols.org\/wp-content\/uploads\/2023\/07\/030-18x12.jpg 18w\" sizes=\"auto, (max-width: 1200px) 100vw, 1200px\" \/><figcaption class=\"wp-element-caption\"><strong>Nach dem Col d'Auxelles<\/strong><\/figcaption><\/figure>\n<\/div>","protected":false},"excerpt":{"rendered":"<p>Description de l\u2019auteur Auteur : Denis Mathieu Parcours effectu\u00e9 le 27 mai 2023 D\u00e9part : Parking situ\u00e9 dans la commune de Plancher les Mines, \u00e0 l\u2019impasse du canal (prendre \u00e0 droite la rue du pont du Var, le parking est \u00e0 gauche apr\u00e8s le petit pont). Alt&nbsp;: 500 m Description touristique Apr\u00e8s le col de [&hellip;]<\/p>\n","protected":false},"author":3,"featured_media":82892,"comment_status":"open","ping_status":"open","sticky":false,"template":"","format":"standard","meta":{"_acf_changed":false,"footnotes":""},"categories":[303,319,332,335,338,220],"tags":[],"class_list":["post-82494","post","type-post","status-publish","format-standard","has-post-thumbnail","hentry","category-parcours-france","category-vtt-type-parcours","category-bourgogne-franche-comte-region-parcours-membres","category-vosges-massif-parcours-membres","category-70-haute-saone","category-parcours-membres"],"acf":[],"yoast_head":"<!-- This site is optimized with the Yoast SEO plugin v27.2 - https:\/\/yoast.com\/product\/yoast-seo-wordpress\/ -->\n<title>FR-70 Rassemblement Grand Est 2023 - VTT 36 km, D+ 1220 m, 4 cols - Club des Cent Cols<\/title>\n<meta name=\"robots\" content=\"index, follow, max-snippet:-1, max-image-preview:large, max-video-preview:-1\" \/>\n<link rel=\"canonical\" href=\"https:\/\/centcols.org\/de\/fr-70-rassemblement-grand-est-2023-mountainbike-36-km-d-1220-m-4-cols\/\" \/>\n<meta property=\"og:locale\" content=\"de_DE\" \/>\n<meta property=\"og:type\" content=\"article\" \/>\n<meta property=\"og:title\" content=\"FR-70 Rassemblement Grand Est 2023 - VTT 36 km, D+ 1220 m, 4 cols - Club des Cent Cols\" \/>\n<meta property=\"og:description\" content=\"Description de l\u2019auteur Auteur : Denis Mathieu Parcours effectu\u00e9 le 27 mai 2023 D\u00e9part : Parking situ\u00e9 dans la commune de Plancher les Mines, \u00e0 l\u2019impasse du canal (prendre \u00e0 droite la rue du pont du Var, le parking est \u00e0 gauche apr\u00e8s le petit pont). Alt&nbsp;: 500 m Description touristique Apr\u00e8s le col de [&hellip;]\" \/>\n<meta property=\"og:url\" content=\"https:\/\/centcols.org\/de\/fr-70-rassemblement-grand-est-2023-mountainbike-36-km-d-1220-m-4-cols\/\" \/>\n<meta property=\"og:site_name\" content=\"Club des Cent Cols\" \/>\n<meta property=\"article:publisher\" content=\"https:\/\/www.facebook.com\/groups\/5261880558\/?locale=fr_FR\" \/>\n<meta property=\"article:published_time\" content=\"2023-07-03T12:26:26+00:00\" \/>\n<meta property=\"article:modified_time\" content=\"2025-09-12T18:10:34+00:00\" \/>\n<meta property=\"og:image\" content=\"https:\/\/centcols.org\/wp-content\/uploads\/2023\/07\/07011.jpg\" \/>\n\t<meta property=\"og:image:width\" content=\"800\" \/>\n\t<meta property=\"og:image:height\" content=\"532\" \/>\n\t<meta property=\"og:image:type\" content=\"image\/jpeg\" \/>\n<meta name=\"author\" content=\"Webmestre\" \/>\n<meta name=\"twitter:card\" content=\"summary_large_image\" \/>\n<meta name=\"twitter:label1\" content=\"Verfasst von\" \/>\n\t<meta name=\"twitter:data1\" content=\"Webmestre\" \/>\n\t<meta name=\"twitter:label2\" content=\"Gesch\u00e4tzte Lesezeit\" \/>\n\t<meta name=\"twitter:data2\" content=\"4\u00a0Minuten\" \/>\n<script type=\"application\/ld+json\" class=\"yoast-schema-graph\">{\"@context\":\"https:\/\/schema.org\",\"@graph\":[{\"@type\":\"Article\",\"@id\":\"https:\/\/centcols.org\/fr-70-rassemblement-grand-est-2023-vtt-36-km-d-1220-m-4-cols\/#article\",\"isPartOf\":{\"@id\":\"https:\/\/centcols.org\/fr-70-rassemblement-grand-est-2023-vtt-36-km-d-1220-m-4-cols\/\"},\"author\":{\"name\":\"Webmestre\",\"@id\":\"https:\/\/centcols.org\/#\/schema\/person\/911b404fb133d8c913dd27cdcf71c8e5\"},\"headline\":\"FR-70 Rassemblement Grand Est 2023 &#8211; VTT 36 km, D+ 1220 m, 4 cols\",\"datePublished\":\"2023-07-03T12:26:26+00:00\",\"dateModified\":\"2025-09-12T18:10:34+00:00\",\"mainEntityOfPage\":{\"@id\":\"https:\/\/centcols.org\/fr-70-rassemblement-grand-est-2023-vtt-36-km-d-1220-m-4-cols\/\"},\"wordCount\":469,\"commentCount\":0,\"publisher\":{\"@id\":\"https:\/\/centcols.org\/#organization\"},\"image\":{\"@id\":\"https:\/\/centcols.org\/fr-70-rassemblement-grand-est-2023-vtt-36-km-d-1220-m-4-cols\/#primaryimage\"},\"thumbnailUrl\":\"https:\/\/centcols.org\/wp-content\/uploads\/2023\/07\/07011.jpg\",\"articleSection\":[\"Parcours France\",\"VTT\",\"Bourgogne-Franche-Comt\u00e9\",\"Vosges\",\"70-Haute-Sa\u00f4ne\",\"Parcours membres\"],\"inLanguage\":\"de\",\"potentialAction\":[{\"@type\":\"CommentAction\",\"name\":\"Comment\",\"target\":[\"https:\/\/centcols.org\/fr-70-rassemblement-grand-est-2023-vtt-36-km-d-1220-m-4-cols\/#respond\"]}]},{\"@type\":\"WebPage\",\"@id\":\"https:\/\/centcols.org\/fr-70-rassemblement-grand-est-2023-vtt-36-km-d-1220-m-4-cols\/\",\"url\":\"https:\/\/centcols.org\/fr-70-rassemblement-grand-est-2023-vtt-36-km-d-1220-m-4-cols\/\",\"name\":\"FR-70 Rassemblement Grand Est 2023 - VTT 36 km, D+ 1220 m, 4 cols - Club des Cent Cols\",\"isPartOf\":{\"@id\":\"https:\/\/centcols.org\/#website\"},\"primaryImageOfPage\":{\"@id\":\"https:\/\/centcols.org\/fr-70-rassemblement-grand-est-2023-vtt-36-km-d-1220-m-4-cols\/#primaryimage\"},\"image\":{\"@id\":\"https:\/\/centcols.org\/fr-70-rassemblement-grand-est-2023-vtt-36-km-d-1220-m-4-cols\/#primaryimage\"},\"thumbnailUrl\":\"https:\/\/centcols.org\/wp-content\/uploads\/2023\/07\/07011.jpg\",\"datePublished\":\"2023-07-03T12:26:26+00:00\",\"dateModified\":\"2025-09-12T18:10:34+00:00\",\"breadcrumb\":{\"@id\":\"https:\/\/centcols.org\/fr-70-rassemblement-grand-est-2023-vtt-36-km-d-1220-m-4-cols\/#breadcrumb\"},\"inLanguage\":\"de\",\"potentialAction\":[{\"@type\":\"ReadAction\",\"target\":[\"https:\/\/centcols.org\/fr-70-rassemblement-grand-est-2023-vtt-36-km-d-1220-m-4-cols\/\"]}]},{\"@type\":\"ImageObject\",\"inLanguage\":\"de\",\"@id\":\"https:\/\/centcols.org\/fr-70-rassemblement-grand-est-2023-vtt-36-km-d-1220-m-4-cols\/#primaryimage\",\"url\":\"https:\/\/centcols.org\/wp-content\/uploads\/2023\/07\/07011.jpg\",\"contentUrl\":\"https:\/\/centcols.org\/wp-content\/uploads\/2023\/07\/07011.jpg\",\"width\":800,\"height\":532},{\"@type\":\"BreadcrumbList\",\"@id\":\"https:\/\/centcols.org\/fr-70-rassemblement-grand-est-2023-vtt-36-km-d-1220-m-4-cols\/#breadcrumb\",\"itemListElement\":[{\"@type\":\"ListItem\",\"position\":1,\"name\":\"Accueil\",\"item\":\"https:\/\/centcols.org\/\"},{\"@type\":\"ListItem\",\"position\":2,\"name\":\"Parcours membres\",\"item\":\"https:\/\/centcols.org\/rubrique\/parcours-membres\/\"},{\"@type\":\"ListItem\",\"position\":3,\"name\":\"Pays\",\"item\":\"https:\/\/centcols.org\/rubrique\/parcours-membres\/pays-parcours-membres\/\"},{\"@type\":\"ListItem\",\"position\":4,\"name\":\"Parcours France\",\"item\":\"https:\/\/centcols.org\/rubrique\/parcours-membres\/pays-parcours-membres\/parcours-france\/\"},{\"@type\":\"ListItem\",\"position\":5,\"name\":\"FR-70 Rassemblement Grand Est 2023 &#8211; VTT 36 km, D+ 1220 m, 4 cols\"}]},{\"@type\":\"WebSite\",\"@id\":\"https:\/\/centcols.org\/#website\",\"url\":\"https:\/\/centcols.org\/\",\"name\":\"Club des Cent Cols\",\"description\":\"\",\"publisher\":{\"@id\":\"https:\/\/centcols.org\/#organization\"},\"potentialAction\":[{\"@type\":\"SearchAction\",\"target\":{\"@type\":\"EntryPoint\",\"urlTemplate\":\"https:\/\/centcols.org\/?s={search_term_string}\"},\"query-input\":{\"@type\":\"PropertyValueSpecification\",\"valueRequired\":true,\"valueName\":\"search_term_string\"}}],\"inLanguage\":\"de\"},{\"@type\":\"Organization\",\"@id\":\"https:\/\/centcols.org\/#organization\",\"name\":\"Club des Cent Cols\",\"url\":\"https:\/\/centcols.org\/\",\"logo\":{\"@type\":\"ImageObject\",\"inLanguage\":\"de\",\"@id\":\"https:\/\/centcols.org\/#\/schema\/logo\/image\/\",\"url\":\"https:\/\/centcols.org\/wp-content\/uploads\/2025\/01\/carte-icone.png\",\"contentUrl\":\"https:\/\/centcols.org\/wp-content\/uploads\/2025\/01\/carte-icone.png\",\"width\":250,\"height\":250,\"caption\":\"Club des Cent Cols\"},\"image\":{\"@id\":\"https:\/\/centcols.org\/#\/schema\/logo\/image\/\"},\"sameAs\":[\"https:\/\/www.facebook.com\/groups\/5261880558\/?locale=fr_FR\"]},{\"@type\":\"Person\",\"@id\":\"https:\/\/centcols.org\/#\/schema\/person\/911b404fb133d8c913dd27cdcf71c8e5\",\"name\":\"Webmestre\",\"image\":{\"@type\":\"ImageObject\",\"inLanguage\":\"de\",\"@id\":\"https:\/\/centcols.org\/wp-content\/litespeed\/avatar\/2d246e4b6b4f773e08515e1ffc53690b.jpg?ver=1777222892\",\"url\":\"https:\/\/centcols.org\/wp-content\/litespeed\/avatar\/2d246e4b6b4f773e08515e1ffc53690b.jpg?ver=1777222892\",\"contentUrl\":\"https:\/\/centcols.org\/wp-content\/litespeed\/avatar\/2d246e4b6b4f773e08515e1ffc53690b.jpg?ver=1777222892\",\"caption\":\"Webmestre\"},\"url\":\"https:\/\/centcols.org\/de\/author\/webmestre\/\"}]}<\/script>\n<!-- \/ Yoast SEO plugin. -->","yoast_head_json":{"title":"DE-70 Rassemblement Grand Est 2023 - MTB 36 km, D+ 1220 m, 4 P\u00e4sse - Club des Cent Cols","robots":{"index":"index","follow":"follow","max-snippet":"max-snippet:-1","max-image-preview":"max-image-preview:large","max-video-preview":"max-video-preview:-1"},"canonical":"https:\/\/centcols.org\/de\/fr-70-rassemblement-grand-est-2023-mountainbike-36-km-d-1220-m-4-cols\/","og_locale":"de_DE","og_type":"article","og_title":"FR-70 Rassemblement Grand Est 2023 - VTT 36 km, D+ 1220 m, 4 cols - Club des Cent Cols","og_description":"Description de l\u2019auteur Auteur : Denis Mathieu Parcours effectu\u00e9 le 27 mai 2023 D\u00e9part : Parking situ\u00e9 dans la commune de Plancher les Mines, \u00e0 l\u2019impasse du canal (prendre \u00e0 droite la rue du pont du Var, le parking est \u00e0 gauche apr\u00e8s le petit pont). Alt&nbsp;: 500 m Description touristique Apr\u00e8s le col de [&hellip;]","og_url":"https:\/\/centcols.org\/de\/fr-70-rassemblement-grand-est-2023-mountainbike-36-km-d-1220-m-4-cols\/","og_site_name":"Club des Cent Cols","article_publisher":"https:\/\/www.facebook.com\/groups\/5261880558\/?locale=fr_FR","article_published_time":"2023-07-03T12:26:26+00:00","article_modified_time":"2025-09-12T18:10:34+00:00","og_image":[{"width":800,"height":532,"url":"https:\/\/centcols.org\/wp-content\/uploads\/2023\/07\/07011.jpg","type":"image\/jpeg"}],"author":"Webmestre","twitter_card":"summary_large_image","twitter_misc":{"Verfasst von":"Webmestre","Gesch\u00e4tzte Lesezeit":"4\u00a0Minuten"},"schema":{"@context":"https:\/\/schema.org","@graph":[{"@type":"Article","@id":"https:\/\/centcols.org\/fr-70-rassemblement-grand-est-2023-vtt-36-km-d-1220-m-4-cols\/#article","isPartOf":{"@id":"https:\/\/centcols.org\/fr-70-rassemblement-grand-est-2023-vtt-36-km-d-1220-m-4-cols\/"},"author":{"name":"Webmestre","@id":"https:\/\/centcols.org\/#\/schema\/person\/911b404fb133d8c913dd27cdcf71c8e5"},"headline":"FR-70 Rassemblement Grand Est 2023 &#8211; VTT 36 km, D+ 1220 m, 4 cols","datePublished":"2023-07-03T12:26:26+00:00","dateModified":"2025-09-12T18:10:34+00:00","mainEntityOfPage":{"@id":"https:\/\/centcols.org\/fr-70-rassemblement-grand-est-2023-vtt-36-km-d-1220-m-4-cols\/"},"wordCount":469,"commentCount":0,"publisher":{"@id":"https:\/\/centcols.org\/#organization"},"image":{"@id":"https:\/\/centcols.org\/fr-70-rassemblement-grand-est-2023-vtt-36-km-d-1220-m-4-cols\/#primaryimage"},"thumbnailUrl":"https:\/\/centcols.org\/wp-content\/uploads\/2023\/07\/07011.jpg","articleSection":["Parcours France","VTT","Bourgogne-Franche-Comt\u00e9","Vosges","70-Haute-Sa\u00f4ne","Parcours membres"],"inLanguage":"de","potentialAction":[{"@type":"CommentAction","name":"Comment","target":["https:\/\/centcols.org\/fr-70-rassemblement-grand-est-2023-vtt-36-km-d-1220-m-4-cols\/#respond"]}]},{"@type":"WebPage","@id":"https:\/\/centcols.org\/fr-70-rassemblement-grand-est-2023-vtt-36-km-d-1220-m-4-cols\/","url":"https:\/\/centcols.org\/fr-70-rassemblement-grand-est-2023-vtt-36-km-d-1220-m-4-cols\/","name":"DE-70 Rassemblement Grand Est 2023 - MTB 36 km, D+ 1220 m, 4 P\u00e4sse - Club des Cent Cols","isPartOf":{"@id":"https:\/\/centcols.org\/#website"},"primaryImageOfPage":{"@id":"https:\/\/centcols.org\/fr-70-rassemblement-grand-est-2023-vtt-36-km-d-1220-m-4-cols\/#primaryimage"},"image":{"@id":"https:\/\/centcols.org\/fr-70-rassemblement-grand-est-2023-vtt-36-km-d-1220-m-4-cols\/#primaryimage"},"thumbnailUrl":"https:\/\/centcols.org\/wp-content\/uploads\/2023\/07\/07011.jpg","datePublished":"2023-07-03T12:26:26+00:00","dateModified":"2025-09-12T18:10:34+00:00","breadcrumb":{"@id":"https:\/\/centcols.org\/fr-70-rassemblement-grand-est-2023-vtt-36-km-d-1220-m-4-cols\/#breadcrumb"},"inLanguage":"de","potentialAction":[{"@type":"ReadAction","target":["https:\/\/centcols.org\/fr-70-rassemblement-grand-est-2023-vtt-36-km-d-1220-m-4-cols\/"]}]},{"@type":"ImageObject","inLanguage":"de","@id":"https:\/\/centcols.org\/fr-70-rassemblement-grand-est-2023-vtt-36-km-d-1220-m-4-cols\/#primaryimage","url":"https:\/\/centcols.org\/wp-content\/uploads\/2023\/07\/07011.jpg","contentUrl":"https:\/\/centcols.org\/wp-content\/uploads\/2023\/07\/07011.jpg","width":800,"height":532},{"@type":"BreadcrumbList","@id":"https:\/\/centcols.org\/fr-70-rassemblement-grand-est-2023-vtt-36-km-d-1220-m-4-cols\/#breadcrumb","itemListElement":[{"@type":"ListItem","position":1,"name":"Accueil","item":"https:\/\/centcols.org\/"},{"@type":"ListItem","position":2,"name":"Parcours membres","item":"https:\/\/centcols.org\/rubrique\/parcours-membres\/"},{"@type":"ListItem","position":3,"name":"Pays","item":"https:\/\/centcols.org\/rubrique\/parcours-membres\/pays-parcours-membres\/"},{"@type":"ListItem","position":4,"name":"Parcours France","item":"https:\/\/centcols.org\/rubrique\/parcours-membres\/pays-parcours-membres\/parcours-france\/"},{"@type":"ListItem","position":5,"name":"FR-70 Rassemblement Grand Est 2023 &#8211; VTT 36 km, D+ 1220 m, 4 cols"}]},{"@type":"WebSite","@id":"https:\/\/centcols.org\/#website","url":"https:\/\/centcols.org\/","name":"Club des Cent Cols","description":"","publisher":{"@id":"https:\/\/centcols.org\/#organization"},"potentialAction":[{"@type":"SearchAction","target":{"@type":"EntryPoint","urlTemplate":"https:\/\/centcols.org\/?s={search_term_string}"},"query-input":{"@type":"PropertyValueSpecification","valueRequired":true,"valueName":"search_term_string"}}],"inLanguage":"de"},{"@type":"Organization","@id":"https:\/\/centcols.org\/#organization","name":"Club des Cent Cols","url":"https:\/\/centcols.org\/","logo":{"@type":"ImageObject","inLanguage":"de","@id":"https:\/\/centcols.org\/#\/schema\/logo\/image\/","url":"https:\/\/centcols.org\/wp-content\/uploads\/2025\/01\/carte-icone.png","contentUrl":"https:\/\/centcols.org\/wp-content\/uploads\/2025\/01\/carte-icone.png","width":250,"height":250,"caption":"Club des Cent Cols"},"image":{"@id":"https:\/\/centcols.org\/#\/schema\/logo\/image\/"},"sameAs":["https:\/\/www.facebook.com\/groups\/5261880558\/?locale=fr_FR"]},{"@type":"Person","@id":"https:\/\/centcols.org\/#\/schema\/person\/911b404fb133d8c913dd27cdcf71c8e5","name":"Webmaster","image":{"@type":"ImageObject","inLanguage":"de","@id":"https:\/\/centcols.org\/wp-content\/litespeed\/avatar\/2d246e4b6b4f773e08515e1ffc53690b.jpg?ver=1777222892","url":"https:\/\/centcols.org\/wp-content\/litespeed\/avatar\/2d246e4b6b4f773e08515e1ffc53690b.jpg?ver=1777222892","contentUrl":"https:\/\/centcols.org\/wp-content\/litespeed\/avatar\/2d246e4b6b4f773e08515e1ffc53690b.jpg?ver=1777222892","caption":"Webmestre"},"url":"https:\/\/centcols.org\/de\/author\/webmestre\/"}]}},"_links":{"self":[{"href":"https:\/\/centcols.org\/de\/wp-json\/wp\/v2\/posts\/82494","targetHints":{"allow":["GET"]}}],"collection":[{"href":"https:\/\/centcols.org\/de\/wp-json\/wp\/v2\/posts"}],"about":[{"href":"https:\/\/centcols.org\/de\/wp-json\/wp\/v2\/types\/post"}],"author":[{"embeddable":true,"href":"https:\/\/centcols.org\/de\/wp-json\/wp\/v2\/users\/3"}],"replies":[{"embeddable":true,"href":"https:\/\/centcols.org\/de\/wp-json\/wp\/v2\/comments?post=82494"}],"version-history":[{"count":0,"href":"https:\/\/centcols.org\/de\/wp-json\/wp\/v2\/posts\/82494\/revisions"}],"wp:featuredmedia":[{"embeddable":true,"href":"https:\/\/centcols.org\/de\/wp-json\/wp\/v2\/media\/82892"}],"wp:attachment":[{"href":"https:\/\/centcols.org\/de\/wp-json\/wp\/v2\/media?parent=82494"}],"wp:term":[{"taxonomy":"category","embeddable":true,"href":"https:\/\/centcols.org\/de\/wp-json\/wp\/v2\/categories?post=82494"},{"taxonomy":"post_tag","embeddable":true,"href":"https:\/\/centcols.org\/de\/wp-json\/wp\/v2\/tags?post=82494"}],"curies":[{"name":"wp","href":"https:\/\/api.w.org\/{rel}","templated":true}]}}