{"id":82511,"date":"2023-07-12T14:38:22","date_gmt":"2023-07-12T12:38:22","guid":{"rendered":"https:\/\/centcols.org\/le-col-du-glandon\/"},"modified":"2025-10-20T20:28:04","modified_gmt":"2025-10-20T18:28:04","slug":"der-eichelhals","status":"publish","type":"post","link":"https:\/\/centcols.org\/de\/le-col-du-glandon\/","title":{"rendered":"Der Glandon-Pass"},"content":{"rendered":"<h2 class=\"wp-block-heading\">Ortsnamenkunde<\/h2>\n\n\n\n<p class=\"has-medium-font-size\">Der Col du Glandon (<a href=\"https:\/\/centcols.org\/de\/util\/geo\/visu.php\/?code=FR-73-1924\" target=\"_blank\" rel=\"noopener\" title=\"\">DE-73-1924<\/a>) hat seinen Namen von einem Ort in der Gemeinde&nbsp;<a href=\"https:\/\/fr.wikipedia.org\/wiki\/Saint-Colomban-des-Villards\" target=\"_blank\" rel=\"noopener\" title=\"\">Saint-Colomban-des-Villards<\/a>.<br>Ein gleichnamiger Gebirgsbach entspringt auf dem Pass.<\/p>\n\n\n\n<h2 class=\"wp-block-heading\">Geographische Lage<\/h2>\n\n\n\n<h3 class=\"wp-block-heading\">Massive<\/h3>\n\n\n\n<p class=\"has-medium-font-size\">&nbsp;Der Pass befindet sich an der Grenze zwischen den Massiven von&nbsp;<a href=\"https:\/\/fr.wikipedia.org\/wiki\/Belledonne\" target=\"_blank\" rel=\"noopener\" title=\"\">Belledonne<\/a>&nbsp;und&nbsp;<a href=\"https:\/\/fr.wikipedia.org\/wiki\/Massif_des_Arves\" target=\"_blank\" rel=\"noopener\" title=\"\">Arves<\/a>, Das Gebiet liegt westlich des Col de la Croix-de-Fer.&nbsp;<\/p>\n\n\n\n<h3 class=\"wp-block-heading\">Geologie<\/h3>\n\n\n\n<p class=\"has-medium-font-size\">Der Col du Glandon und der Col de la Croix de Fer liegen geografisch sehr nah beieinander, da sie weniger als 3 km voneinander entfernt sind und sich beide im Massif des Grandes Rousses befinden.<\/p>\n\n\n<div class=\"wp-block-image is-resized\">\n<figure class=\"aligncenter size-full\"><img loading=\"lazy\" decoding=\"async\" width=\"987\" height=\"414\" src=\"https:\/\/centcols.org\/wp-content\/uploads\/2025\/05\/Glandon-photo.jpg\" alt=\"\" class=\"wp-image-82512\" style=\"width:800px\" srcset=\"https:\/\/centcols.org\/wp-content\/uploads\/2025\/05\/Glandon-photo.jpg 987w, https:\/\/centcols.org\/wp-content\/uploads\/2025\/05\/Glandon-photo-768x322.jpg 768w\" sizes=\"auto, (max-width: 987px) 100vw, 987px\" \/><\/figure>\n<\/div>\n\n\n<p class=\"has-medium-font-size\">Sie unterscheiden sich jedoch stark in ihrem geologischen Erscheinungsbild. Wenn man der Stra\u00dfe zwischen diesen beiden P\u00e4ssen folgt, die sich im Vallon de l'Eau Dolle befindet, zeigt sich der Wechsel der Gesteinsarten - kristallin im S\u00fcden und sediment\u00e4r (Kalkstein) im Norden - durch einen deutlich wahrnehmbaren Unterschied in der Vegetation und der Formgebung des Reliefs.  Das gesamte s\u00fcdlich gelegene Massiv (Rochers de la Curiaz) sinkt vom Col du Glandon bis zu den Chalets d'Olle unter die Sedimentdecke.&nbsp;<\/p>\n\n\n<div class=\"wp-block-image is-resized\">\n<figure class=\"aligncenter size-full\"><img loading=\"lazy\" decoding=\"async\" width=\"921\" height=\"381\" src=\"https:\/\/centcols.org\/wp-content\/uploads\/2025\/05\/glandon-geologie.png\" alt=\"\" class=\"wp-image-82513\" style=\"width:800px\" srcset=\"https:\/\/centcols.org\/wp-content\/uploads\/2025\/05\/glandon-geologie.png 921w, https:\/\/centcols.org\/wp-content\/uploads\/2025\/05\/glandon-geologie-768x318.png 768w\" sizes=\"auto, (max-width: 921px) 100vw, 921px\" \/><\/figure>\n<\/div>\n\n\n<p class=\"has-medium-font-size\">Der interessierte Leser sollte den sehr ausf\u00fchrlichen Artikel von&nbsp;<a href=\"http:\/\/www.geol-alp.com\/h_oisans\/_lieux\/Rousses\/glandon.html\" target=\"_blank\" rel=\"noopener\" title=\"\">geol-alp.com<\/a>&nbsp;<\/p>\n\n\n\n<h3 class=\"wp-block-heading\">Hydrographie<\/h3>\n\n\n\n<p class=\"has-medium-font-size\"><strong>S\u00fcdhang (auf der Seite der Is\u00e8re)<\/strong>&nbsp;: Tal der Eau d'Olle. <br>Die Eau d'Olle ist ein Nebenfluss der Romanche, der in der N\u00e4he des Col de la Croix de Fer entspringt.<\/p>\n\n\n\n<p class=\"has-medium-font-size\"><strong>Nordhang (Savoyer Seite) : <\/strong>der Glandon entspringt in der N\u00e4he des Passes und flie\u00dft das Villards-Tal hinunter, bevor er in Saint-Avre in den Arc m\u00fcndet, nachdem er die A43 \u00fcber eine Kanalbr\u00fccke \u00fcberquert hat.<\/p>\n\n\n\n<p class=\"has-medium-font-size\">Es ist ein <a href=\"https:\/\/www.st-etienne-cuines.fr\/sortir\/musee-ouvert\/le-glandon-un-torrent-capricieux\/\" target=\"_blank\" rel=\"noopener\" title=\"\">launischer Wildbach<\/a> :<\/p>\n\n\n\n<figure class=\"wp-block-image size-full\"><img loading=\"lazy\" decoding=\"async\" width=\"508\" height=\"81\" src=\"https:\/\/centcols.org\/wp-content\/uploads\/2025\/05\/Glandon-capricieux.jpg\" alt=\"\" class=\"wp-image-82514\"\/><\/figure>\n\n\n\n<h3 class=\"wp-block-heading\">Zugang<\/h3>\n\n\n\n<p class=\"has-medium-font-size\"><strong>Is\u00e8re-Seite<\/strong><\/p>\n\n\n\n<p class=\"has-medium-font-size\">Der Zugang ist gemeinsam mit dem Col de la Croix de Fer bis zur Kreuzung D926 \/ D927 (alt. 1907 m), 200 m vom Col du Glandon und 2,7 km vom Col de la Croix de Fer entfernt.<\/p>\n\n\n\n<p class=\"has-medium-font-size\">Die D526 beginnt in Rochetaill\u00e9e (30 km, 711 m \u00fc. d. M.), f\u00fchrt durch Allemond (27 km), \u00fcber den Verneys-Staudamm und am See entlang (linkes Ufer), \u00fcberquert den Rivier d'Allemond (15 km - 1264 m \u00fc. d. M.) , in der N\u00e4he des Grand'Maison-Staudamms (7 km - 7 km - 1264 m \u00fc. d. M.), in der N\u00e4he des Grand'Maison-Staudamms (7 km - 711 m \u00fc. d. M.) und am linken Ufer entlang. Sie wird zur D926 und \u00fcberquert den Rieu Claret (4 km entfernt, Grenze Is\u00e8re\/Savoyen, 1773 m \u00fc. d. M.), bevor sie die Kreuzung mit der D927 zum Col de la Croix de Fer erreicht.<\/p>\n\n\n<div class=\"wp-block-image is-resized\">\n<figure class=\"aligncenter size-full\"><img loading=\"lazy\" decoding=\"async\" width=\"964\" height=\"822\" src=\"https:\/\/centcols.org\/wp-content\/uploads\/2025\/05\/Glandon-carte.jpg\" alt=\"\" class=\"wp-image-82515\" style=\"width:800px\" srcset=\"https:\/\/centcols.org\/wp-content\/uploads\/2025\/05\/Glandon-carte.jpg 964w, https:\/\/centcols.org\/wp-content\/uploads\/2025\/05\/Glandon-carte-768x655.jpg 768w\" sizes=\"auto, (max-width: 964px) 100vw, 964px\" \/><\/figure>\n<\/div>\n\n\n<p class=\"has-medium-font-size\"><strong>Savoyer Seite<\/strong><\/p>\n\n\n\n<p class=\"has-medium-font-size\">Die D927 bietet Zugang zum Col du Glandon (<a href=\"https:\/\/centcols.org\/de\/util\/geo\/visu.php\/?code=FR-73-1924\" target=\"_blank\" rel=\"noopener\" title=\"\">DE-73-1924<\/a>) von der Maurienne (Saint-Etienne de Cuines 21 km entfernt - alt. 450 m) \u00fcber Saint-Colomban-des-Villards (10 km vom Pass entfernt - alt. 1100 m).<\/p>\n\n\n\n<h2 class=\"wp-block-heading\">\u00c4nderung der Zug\u00e4nge<\/h2>\n\n\n\n<p class=\"has-medium-font-size\"><strong>Is\u00e8re-Seite <\/strong>(gemeinsam mit Col de la Croix de Fer)<\/p>\n\n\n\n<p class=\"has-medium-font-size\">Die Stra\u00dfe wurde 1898 gebaut (und 1912 bis zum Col de la Croix de Fer verl\u00e4ngert).<\/p>\n\n\n\n<p class=\"has-medium-font-size\">Sie erlitt am Ende des 20.<sup>\u00e9me<\/sup>&nbsp;Jahrhundert zwei \u00c4nderungen :<\/p>\n\n\n\n<ul class=\"wp-block-list\">\n<li>Eine \u00c4nderung der Streckenf\u00fchrung erfolgte mit dem Bau des&nbsp;<a href=\"https:\/\/fr.wikipedia.org\/wiki\/Barrage_de_Grand%27Maison\" target=\"_blank\" rel=\"noreferrer noopener\">Grand-Maison-Staudamm<\/a>&nbsp;von 1978 bis 1985. Die Stra\u00dfe verl\u00e4uft leicht \u00fcberh\u00e4ngend \u00fcber den See (ca. 50 m) und n\u00e4hert sich dann \u00fcber eine leichte Abfahrt dem Flusslauf des Eau d'Olle.<\/li>\n\n\n\n<li>Am 23. April 1989 wurde ein&nbsp;<a href=\"http:\/\/www.irma-grenoble.com\/04risques_isere\/00commune_evenements_fiche.php?id_evenements=771\" target=\"_blank\" rel=\"noreferrer noopener\">Erdrutsch aus dem Pic Bunard&nbsp;<\/a>&nbsp;(300 bis 400 m<sup>3<\/sup>&nbsp;von Felsen) riss die Stra\u00dfe (rechtes Ufer des Eau d'Olle) \u00fcber den Rivier d'Allemond auf H\u00f6he des Wasserfalls von Maupas mit sich. Die Stra\u00dfe wurde auf dem linken Ufer auf einer L\u00e4nge von 2 km wieder aufgebaut, mit einem Abstieg (62 m in 600 m), um den Wildbach zu \u00fcberqueren, und dann einem ziemlich steilen Aufstieg (11% f\u00fcr den ersten Kilometer). Die alte Stra\u00dfe ist entlang der Bergflanke am rechten Ufer noch sichtbar.&nbsp;<em>(Es war ein Jahr mit Murmeltier und BRA.  Eine neue Stra\u00dfe wurde in zwei Monaten gebaut! Ein Wunder der Entscheidung).<\/em><\/li>\n<\/ul>\n\n\n<div class=\"wp-block-image is-resized\">\n<figure class=\"aligncenter size-full\"><img loading=\"lazy\" decoding=\"async\" width=\"992\" height=\"744\" src=\"https:\/\/centcols.org\/wp-content\/uploads\/2025\/05\/EBOULEMENT-MAUPAS.jpg\" alt=\"\" class=\"wp-image-82516\" style=\"width:800px\" srcset=\"https:\/\/centcols.org\/wp-content\/uploads\/2025\/05\/EBOULEMENT-MAUPAS.jpg 992w, https:\/\/centcols.org\/wp-content\/uploads\/2025\/05\/EBOULEMENT-MAUPAS-768x576.jpg 768w\" sizes=\"auto, (max-width: 992px) 100vw, 992px\" \/><figcaption class=\"wp-element-caption\"><em>Der Erdrutsch von 1989 aus dem Pic Bunard; unten rechts die neue Stra\u00dfe, die am linken Ufer des Eau D'Olle verl\u00e4uft und in Richtung Col du Glandon f\u00fchrt.&nbsp;<\/em><br><em>Oben rechts: Der Berg Rissou, der die Schlucht von Maupas \u00fcberragt.&nbsp; <a href=\"http:\/\/forayrandobrie.free.fr\/Belledonne\/Belledonne1314\/index_fichiers\/Page1126.htm\" target=\"_blank\" rel=\"noopener\" title=\"\">Quelle: forayrandobrie.free.fr\/Belledonne<\/a><\/em><\/figcaption><\/figure>\n<\/div>\n\n\n<p class=\"has-medium-font-size\"><strong>Savoyer Seite<\/strong><\/p>\n\n\n\n<p class=\"has-medium-font-size\">In der R\u00f6merzeit war das<strong>&nbsp;Glandon-Pass<\/strong>&nbsp;erm\u00f6glichte den \u00dcbergang von Oisans nach Maurienne, indem er durch das Tal von Villards wieder hinunterf\u00fchrte.<\/p>\n\n\n\n<h2 class=\"wp-block-heading\">Sehenswertes - Tourismus\u00a0<\/h2>\n\n\n\n<h4 class=\"wp-block-heading has-medium-font-size\">Is\u00e8re-Hang (gemeinsam mit Col de la Croix de Fer)<\/h4>\n\n\n\n<p class=\"has-medium-font-size\">Die <strong><a href=\"https:\/\/france3-regions.francetvinfo.fr\/auvergne-rhone-alpes\/isere\/video-immersion-a-la-centrale-hydroelectrique-de-grand-maison-en-isere-la-plus-puissante-d-europe-2274700.html\" target=\"_blank\" rel=\"noopener\" title=\"\">Kraftwerk in Grand'Maison<\/a><\/strong> ist eine Pump Energy Transfer Station (PTEP). <\/p>\n\n\n\n<p class=\"has-medium-font-size\">Eine h\u00f6here Zur\u00fcckhaltung (<strong>See von Grand'Maison<\/strong>, 1695 m) ist durch Druckleitungen mit einem unteren Becken verbunden, der <strong>Le Verney Staudamm,<\/strong> 900 m tiefer auf der H\u00f6he des Kraftwerks gelegen <strong>(See von Verney<\/strong>, 725 m, 15 Millionen m\u00b3 Wasser). In Zeiten hohen Verbrauchs turbiniert das Kraftwerk das Wasser aus dem oberen Stausee. Das Wasser flie\u00dft dann in das untere Becken. In Schwachlastzeiten, vor allem nachts und am Wochenende, wird das Wasser aus dem unteren Stausee in den oberen Stausee gepumpt.<\/p>\n\n\n\n<p class=\"has-medium-font-size\">Das System erm\u00f6glicht somit die Speicherung von Energie und die schnelle Bew\u00e4ltigung von Spitzenlasten. <\/p>\n\n\n\n<p class=\"has-medium-font-size\">Als leistungsst\u00e4rkster Staudamm Europas kann er das \u00c4quivalent von zwei Kernreaktoren der alten Generation erzeugen.<\/p>\n\n\n\n<figure class=\"wp-block-image size-full is-resized\"><img loading=\"lazy\" decoding=\"async\" width=\"1200\" height=\"680\" src=\"https:\/\/centcols.org\/wp-content\/uploads\/2025\/05\/Glandon-Gd-Maison.jpg\" alt=\"\" class=\"wp-image-82517\" style=\"width:800px\" srcset=\"https:\/\/centcols.org\/wp-content\/uploads\/2025\/05\/Glandon-Gd-Maison.jpg 1200w, https:\/\/centcols.org\/wp-content\/uploads\/2025\/05\/Glandon-Gd-Maison-768x435.jpg 768w\" sizes=\"auto, (max-width: 1200px) 100vw, 1200px\" \/><\/figure>\n\n\n\n<p class=\"has-medium-font-size\">Die <strong><a href=\"https:\/\/www.edf.fr\/groupe-edf\/agir-en-entreprise-responsable\/fondation-et-mecenat-patrimoine-sport\/site-emblematique-grandmaison-hydrelec\/hydrelec-un-musee-dedie-a-lhydroelectricite\" target=\"_blank\" rel=\"noopener\" title=\"\">Museum EDF Hydr\u00e9lec<\/a><\/strong> zwischen der Stra\u00dfe und dem See von Verney liegt, ist mit einem G\u00fctesiegel versehen.&nbsp;<em>Museum in Frankreich<\/em>&nbsp;und zeigt einzigartige Sammlungen aus dem Alpenraum aus dem 19. und 20. Jahrhundert.<sup>sten<\/sup>&nbsp;Jahrhundert und xx<sup>sten<\/sup>&nbsp;Jahrhundert. Ein szenografischer Rundgang w\u00fcrdigt die Wissenschaftler, Ingenieure und Techniker oder Hilfsarbeiter, die an der Errichtung von Wasserkraftwerken und Staud\u00e4mmen beteiligt waren.<\/p>\n\n\n\n<h4 class=\"wp-block-heading has-medium-font-size\">Am Pass<\/h4>\n\n\n\n<div class=\"wp-block-media-text has-media-on-the-right is-stacked-on-mobile\" style=\"grid-template-columns:auto 40%\"><div class=\"wp-block-media-text__content\">\n<p>Eine <strong>Gedenkst\u00e4tte<\/strong> auf der Passh\u00f6he erinnert daran, dass im Juli und August 1944, als die Landung in der Provence vorbereitet wurde, die mobile Gruppe Nr. 5 des Maquis de l'Oisans einen deutschen Angriff in der N\u00e4he des Passes zeitweise zur\u00fcckschlug<\/p>\n<\/div><figure class=\"wp-block-media-text__media\"><img loading=\"lazy\" decoding=\"async\" width=\"1200\" height=\"900\" src=\"https:\/\/centcols.org\/wp-content\/uploads\/2023\/07\/P1020418-stele-situee-au-col-du-Glandon-revue-1200x9001-1.jpg\" alt=\"\" class=\"wp-image-83297 size-full\" srcset=\"https:\/\/centcols.org\/wp-content\/uploads\/2023\/07\/P1020418-stele-situee-au-col-du-Glandon-revue-1200x9001-1.jpg 1200w, https:\/\/centcols.org\/wp-content\/uploads\/2023\/07\/P1020418-stele-situee-au-col-du-Glandon-revue-1200x9001-1-768x576.jpg 768w\" sizes=\"auto, (max-width: 1200px) 100vw, 1200px\" \/><\/figure><\/div>\n\n\n\n<p class=\"has-medium-font-size\">\u00dcber dem Parkplatz am Glandon-Pass wurden vier S\u00e4ulen errichtet, um in der Achse - den Mont-Blanc - zu visualisieren.<\/p>\n\n\n<div class=\"wp-block-image is-resized\">\n<figure class=\"aligncenter size-full\"><img loading=\"lazy\" decoding=\"async\" width=\"767\" height=\"436\" src=\"https:\/\/centcols.org\/wp-content\/uploads\/2025\/05\/Glandon-piliers.jpg\" alt=\"\" class=\"wp-image-82518\" style=\"width:800px\"\/><\/figure>\n<\/div>\n\n\n<h2 class=\"wp-block-heading\">Administrative Situation<\/h2>\n\n\n\n<h3 class=\"wp-block-heading\">Derzeit<\/h3>\n\n\n\n<p class=\"has-medium-font-size\">Beide Seiten des Passes liegen im Departement Savoie (Commune de <a href=\"https:\/\/fr.wikipedia.org\/wiki\/Saint-Colomban-des-Villards\">Saint-Colomban-des-Villards<\/a>).<\/p>\n\n\n\n<p class=\"has-medium-font-size\">Die Grenze zwischen Is\u00e8re und Savoyen verl\u00e4uft auf der Is\u00e8re-Seite an der Pont du Rieu Claret (1730 m), 3,8 km vom Pass entfernt.<\/p>\n\n\n\n<h3 class=\"wp-block-heading\">Geschichte<\/h3>\n\n\n\n<p class=\"has-medium-font-size\">Warum ist die Grenze Is\u00e8re \/ Savoyen nicht auf der LPE Arc \/ Is\u00e8re?&nbsp;<em>(d. h. am Col de la Croix de Fer und am Col du Glandon)<\/em><\/p>\n\n\n\n<p class=\"has-medium-font-size\"><strong>Laut&nbsp;<a href=\"https:\/\/www.oisans.com\/decouvrir\/les-incontournables\/col-glandon-col-de-croix-de-fer\/\" target=\"_blank\" rel=\"noopener\" title=\"\">\u00aboisans.com\u00bb<\/a><\/strong><\/p>\n\n\n\n<p class=\"has-medium-font-size\">Bis 1860 markierte der Col du Sabot die Grenze zwischen Frankreich und Savoyen. Vaujany auf der Stra\u00dfe der P\u00e4sse war damals mit einem&nbsp;<strong>Grenzposten<\/strong>&nbsp;um die Provinz Dauphin\u00e9 zu sch\u00fctzen. ... \/ ... Dort, wo sich heute der Grand'Maison-Stausee erstreckt,&nbsp;<strong>fr\u00fcher wurden gro\u00dfe Almen zwischen Franzosen und Savoyarden geteilt<\/strong>. Das Grand'Maison war ein gro\u00dfes Geb\u00e4ude, in dem die Hirten untergebracht waren. Informationen erg\u00e4nzt durch&nbsp;<strong>\u00ab&nbsp;<a href=\"https:\/\/www.isere-tourisme.com\/patrimoine-naturel\/au-col-du-sabot-2100-m\" target=\"_blank\" rel=\"noopener\" title=\"\">Is\u00e8re-Tourismus&nbsp;<\/a>\u00bb&nbsp;<\/strong>Hinter dem Col du Sabot befand sich ein Grenzposten, von dem noch einige Ruinen existieren.&nbsp;<\/p>\n\n\n\n<p class=\"has-medium-font-size\"><strong>ChatGPT erg\u00e4nzt diese Informationen<\/strong> (ohne Quellenangabe) :<\/p>\n\n\n\n<p class=\"has-medium-font-size\">\u00abDie Gegend um die P\u00e4sse Croix de Fer und Glandon ist ein Almgebiet, in dem die Bauern aus Savoyen und Dauphin\u00e9 seit Jahrhunderten Landwirtschaft betrieben haben. Die Bewohner auf beiden Seiten des Berges hatten enge Beziehungen und teilten sich oft die Weiden und das Ackerland.<\/p>\n\n\n\n<p class=\"has-medium-font-size\">Als die Grenze im Rahmen des Vertrags von Turin 1860 festgelegt wurde, war es wichtig, die St\u00f6rungen f\u00fcr die lokale Bev\u00f6lkerung so gering wie m\u00f6glich zu halten. Die Grenze am Rieu Claret, einem klar erkennbaren Wasserlauf, festzulegen, half dabei, die traditionellen Nutzungsrechte der Bauern auf beiden Seiten der Grenze aufrechtzuerhalten.\u00bb<\/p>\n\n\n\n<h2 class=\"wp-block-heading\">Radfahren und Fahrradtourismus<\/h2>\n\n\n\n<h3 class=\"wp-block-heading\">Tour de France<\/h3>\n\n\n\n<p class=\"has-medium-font-size\">Die Tour de France fuhr 1947 zum ersten Mal \u00fcber diesen Pass.<\/p>\n\n\n\n<h3 class=\"wp-block-heading\">BRA<\/h3>\n\n\n\n<p class=\"has-medium-font-size\">In seiner traditionellen Version f\u00fchrte der BRA nicht \u00fcber den Col du Glandon (er verl\u00e4uft an der Kreuzung 200 m vom Pass entfernt auf der Stra\u00dfe zum Col de la Croix de Fer).<\/p>\n\n\n\n<p class=\"has-medium-font-size\">Allerdings :<\/p>\n\n\n\n<ul class=\"wp-block-list\">\n<li>2015 wird aufgrund der Schlie\u00dfung des Chambon-Tunnels, die eine Passage \u00fcber den Col du Galibier unm\u00f6glich macht, Plan B mit dem Col du Glandon, den 18 Serpentinen von Montvernier, dem Col du Mollard und dem Col de la Croix de Fer umgesetzt.<\/li>\n\n\n\n<li>Im Jahr 2019 werden Sie nach der Verpflegungskontrolle am Col de la Croix de Fer eine Kehrtwende machen und den Glandon hinunterfahren, um die Serpentinen von Montvernier zu erklimmen.<\/li>\n<\/ul>\n\n\n\n<h3 class=\"wp-block-heading\">Murmeltier<\/h3>\n\n\n\n<p class=\"has-medium-font-size\">Von seiner Gr\u00fcndung im Jahr 1982 bis 1999 f\u00fchrte das Radrennen \u00abLa Marmotte\u00bb \u00fcber den Col de La Croix de Fer, danach f\u00fchrte die Strecke \u00fcber den Col du Glandon.<\/p>\n\n\n\n<p class=\"has-medium-font-size\">Im Jahr 2023 war der Glandon nicht mehr im Programm, die Strecke f\u00fchrte \u00fcber den Col de la Croix de Fer (und den Col du Mollard).<\/p>\n\n\n\n<h3 class=\"wp-block-heading\">Profil<\/h3>\n\n\n\n<p class=\"has-medium-font-size\">Im Internet findet man zahlreiche Profile des Col du Glandon. Die angegebenen Prozents\u00e4tze sind ziemlich ... unterschiedlich.<\/p>\n\n\n\n<p class=\"has-medium-font-size\">Am besten ist es wohl, seine Strecke auf Openrunner zu zeichnen und auf \u00abH\u00f6henprofil anzeigen\u00bb zu klicken ... wie hier zwischen Rochetaill\u00e9e (Is\u00e8re) und La Chambre (Savoyen) :<\/p>\n\n\n\n<figure class=\"wp-block-image size-large\"><img loading=\"lazy\" decoding=\"async\" width=\"1920\" height=\"512\" src=\"https:\/\/centcols.org\/wp-content\/uploads\/2025\/05\/Glandon-Profil-scaled-1-1920x512.jpeg\" alt=\"\" class=\"wp-image-82519\" srcset=\"https:\/\/centcols.org\/wp-content\/uploads\/2025\/05\/Glandon-Profil-scaled-1-1920x512.jpeg 1920w, https:\/\/centcols.org\/wp-content\/uploads\/2025\/05\/Glandon-Profil-scaled-1-1200x320.jpeg 1200w, https:\/\/centcols.org\/wp-content\/uploads\/2025\/05\/Glandon-Profil-scaled-1-768x205.jpeg 768w, https:\/\/centcols.org\/wp-content\/uploads\/2025\/05\/Glandon-Profil-scaled-1-1536x410.jpeg 1536w, https:\/\/centcols.org\/wp-content\/uploads\/2025\/05\/Glandon-Profil-scaled-1-2048x546.jpeg 2048w\" sizes=\"auto, (max-width: 1920px) 100vw, 1920px\" \/><\/figure>\n\n\n\n<p class=\"has-medium-font-size\">Und zum Schluss noch ein paar Bilder \u00fcber die <a href=\"https:\/\/photos.google.com\/share\/AF1QipNUY8MWRR6tpN6-_6JnRAzdohNr0gCjlPkL_F4usBghZoTmF3xzs-fg8P3LImWI2Q?key=dDhoYW9vaXdNLXo0cURlaHdYMHE4YUxDS28wX3lR\" target=\"_blank\" rel=\"noopener\" title=\"\">Croix de Fer und du Glandon<\/a><\/p>\n\n\n\n<p class=\"has-text-align-right\"><em>Ein Artikel von G\u00e9rard Galland (und Bernard Giraudeau f\u00fcr den geologischen Teil)<\/em><\/p>","protected":false},"excerpt":{"rendered":"<p>Toponymie Le col du Glandon (FR-73-1924) &nbsp;prend son nom d&rsquo;un&nbsp;lieu-dit&nbsp;de la commune de&nbsp;Saint-Colomban-des-Villards.Un torrent&nbsp;\u00e9ponyme&nbsp;prend sa source au col. Situation g\u00e9ographique Massifs &nbsp;Le col se trouve \u00e0 la limite des massifs de&nbsp;Belledonne&nbsp;et des&nbsp;Arves, \u00e0 l&rsquo;ouest du&nbsp;col de la Croix-de-Fer.&nbsp; G\u00e9ologie Le col du Glandon et le col de la Croix de Fer sont g\u00e9ographiquement tr\u00e8s proches [&hellip;]<\/p>\n","protected":false},"author":3,"featured_media":83299,"comment_status":"closed","ping_status":"closed","sticky":false,"template":"","format":"standard","meta":{"_acf_changed":false,"footnotes":""},"categories":[308],"tags":[],"class_list":["post-82511","post","type-post","status-publish","format-standard","has-post-thumbnail","hentry","category-cols-en-vrac"],"acf":[],"yoast_head":"<!-- This site is optimized with the Yoast SEO plugin v27.2 - https:\/\/yoast.com\/product\/yoast-seo-wordpress\/ -->\n<title>Le col du Glandon - Club des Cent Cols<\/title>\n<meta name=\"robots\" content=\"index, follow, max-snippet:-1, max-image-preview:large, max-video-preview:-1\" \/>\n<link rel=\"canonical\" href=\"https:\/\/centcols.org\/de\/der-eichelhals\/\" \/>\n<meta property=\"og:locale\" content=\"de_DE\" \/>\n<meta property=\"og:type\" content=\"article\" \/>\n<meta property=\"og:title\" content=\"Le col du Glandon - Club des Cent Cols\" \/>\n<meta property=\"og:description\" content=\"Toponymie Le col du Glandon (FR-73-1924) &nbsp;prend son nom d&rsquo;un&nbsp;lieu-dit&nbsp;de la commune de&nbsp;Saint-Colomban-des-Villards.Un torrent&nbsp;\u00e9ponyme&nbsp;prend sa source au col. Situation g\u00e9ographique Massifs &nbsp;Le col se trouve \u00e0 la limite des massifs de&nbsp;Belledonne&nbsp;et des&nbsp;Arves, \u00e0 l&rsquo;ouest du&nbsp;col de la Croix-de-Fer.&nbsp; G\u00e9ologie Le col du Glandon et le col de la Croix de Fer sont g\u00e9ographiquement tr\u00e8s proches [&hellip;]\" \/>\n<meta property=\"og:url\" content=\"https:\/\/centcols.org\/de\/der-eichelhals\/\" \/>\n<meta property=\"og:site_name\" content=\"Club des Cent Cols\" \/>\n<meta property=\"article:publisher\" content=\"https:\/\/www.facebook.com\/groups\/5261880558\/?locale=fr_FR\" \/>\n<meta property=\"article:published_time\" content=\"2023-07-12T12:38:22+00:00\" \/>\n<meta property=\"article:modified_time\" content=\"2025-10-20T18:28:04+00:00\" \/>\n<meta property=\"og:image\" content=\"https:\/\/centcols.org\/wp-content\/uploads\/2023\/07\/glandon.jpg\" \/>\n\t<meta property=\"og:image:width\" content=\"1280\" \/>\n\t<meta property=\"og:image:height\" content=\"720\" \/>\n\t<meta property=\"og:image:type\" content=\"image\/jpeg\" \/>\n<meta name=\"author\" content=\"Webmestre\" \/>\n<meta name=\"twitter:card\" content=\"summary_large_image\" \/>\n<meta name=\"twitter:label1\" content=\"Verfasst von\" \/>\n\t<meta name=\"twitter:data1\" content=\"Webmestre\" \/>\n\t<meta name=\"twitter:label2\" content=\"Gesch\u00e4tzte Lesezeit\" \/>\n\t<meta name=\"twitter:data2\" content=\"10\u00a0Minuten\" \/>\n<script type=\"application\/ld+json\" class=\"yoast-schema-graph\">{\"@context\":\"https:\/\/schema.org\",\"@graph\":[{\"@type\":\"Article\",\"@id\":\"https:\/\/centcols.org\/le-col-du-glandon\/#article\",\"isPartOf\":{\"@id\":\"https:\/\/centcols.org\/le-col-du-glandon\/\"},\"author\":{\"name\":\"Webmestre\",\"@id\":\"https:\/\/centcols.org\/#\/schema\/person\/911b404fb133d8c913dd27cdcf71c8e5\"},\"headline\":\"Le col du Glandon\",\"datePublished\":\"2023-07-12T12:38:22+00:00\",\"dateModified\":\"2025-10-20T18:28:04+00:00\",\"mainEntityOfPage\":{\"@id\":\"https:\/\/centcols.org\/le-col-du-glandon\/\"},\"wordCount\":1611,\"publisher\":{\"@id\":\"https:\/\/centcols.org\/#organization\"},\"image\":{\"@id\":\"https:\/\/centcols.org\/le-col-du-glandon\/#primaryimage\"},\"thumbnailUrl\":\"https:\/\/centcols.org\/wp-content\/uploads\/2023\/07\/glandon.jpg\",\"articleSection\":[\"Cols en vrac\"],\"inLanguage\":\"de\"},{\"@type\":\"WebPage\",\"@id\":\"https:\/\/centcols.org\/le-col-du-glandon\/\",\"url\":\"https:\/\/centcols.org\/le-col-du-glandon\/\",\"name\":\"Le col du Glandon - Club des Cent Cols\",\"isPartOf\":{\"@id\":\"https:\/\/centcols.org\/#website\"},\"primaryImageOfPage\":{\"@id\":\"https:\/\/centcols.org\/le-col-du-glandon\/#primaryimage\"},\"image\":{\"@id\":\"https:\/\/centcols.org\/le-col-du-glandon\/#primaryimage\"},\"thumbnailUrl\":\"https:\/\/centcols.org\/wp-content\/uploads\/2023\/07\/glandon.jpg\",\"datePublished\":\"2023-07-12T12:38:22+00:00\",\"dateModified\":\"2025-10-20T18:28:04+00:00\",\"breadcrumb\":{\"@id\":\"https:\/\/centcols.org\/le-col-du-glandon\/#breadcrumb\"},\"inLanguage\":\"de\",\"potentialAction\":[{\"@type\":\"ReadAction\",\"target\":[\"https:\/\/centcols.org\/le-col-du-glandon\/\"]}]},{\"@type\":\"ImageObject\",\"inLanguage\":\"de\",\"@id\":\"https:\/\/centcols.org\/le-col-du-glandon\/#primaryimage\",\"url\":\"https:\/\/centcols.org\/wp-content\/uploads\/2023\/07\/glandon.jpg\",\"contentUrl\":\"https:\/\/centcols.org\/wp-content\/uploads\/2023\/07\/glandon.jpg\",\"width\":1280,\"height\":720,\"caption\":\"Image par Monika de Pixabay\"},{\"@type\":\"BreadcrumbList\",\"@id\":\"https:\/\/centcols.org\/le-col-du-glandon\/#breadcrumb\",\"itemListElement\":[{\"@type\":\"ListItem\",\"position\":1,\"name\":\"Accueil\",\"item\":\"https:\/\/centcols.org\/\"},{\"@type\":\"ListItem\",\"position\":2,\"name\":\"Cols en vrac\",\"item\":\"https:\/\/centcols.org\/rubrique\/cols-en-vrac\/\"},{\"@type\":\"ListItem\",\"position\":3,\"name\":\"Le col du Glandon\"}]},{\"@type\":\"WebSite\",\"@id\":\"https:\/\/centcols.org\/#website\",\"url\":\"https:\/\/centcols.org\/\",\"name\":\"Club des Cent Cols\",\"description\":\"\",\"publisher\":{\"@id\":\"https:\/\/centcols.org\/#organization\"},\"potentialAction\":[{\"@type\":\"SearchAction\",\"target\":{\"@type\":\"EntryPoint\",\"urlTemplate\":\"https:\/\/centcols.org\/?s={search_term_string}\"},\"query-input\":{\"@type\":\"PropertyValueSpecification\",\"valueRequired\":true,\"valueName\":\"search_term_string\"}}],\"inLanguage\":\"de\"},{\"@type\":\"Organization\",\"@id\":\"https:\/\/centcols.org\/#organization\",\"name\":\"Club des Cent Cols\",\"url\":\"https:\/\/centcols.org\/\",\"logo\":{\"@type\":\"ImageObject\",\"inLanguage\":\"de\",\"@id\":\"https:\/\/centcols.org\/#\/schema\/logo\/image\/\",\"url\":\"https:\/\/centcols.org\/wp-content\/uploads\/2025\/01\/carte-icone.png\",\"contentUrl\":\"https:\/\/centcols.org\/wp-content\/uploads\/2025\/01\/carte-icone.png\",\"width\":250,\"height\":250,\"caption\":\"Club des Cent Cols\"},\"image\":{\"@id\":\"https:\/\/centcols.org\/#\/schema\/logo\/image\/\"},\"sameAs\":[\"https:\/\/www.facebook.com\/groups\/5261880558\/?locale=fr_FR\"]},{\"@type\":\"Person\",\"@id\":\"https:\/\/centcols.org\/#\/schema\/person\/911b404fb133d8c913dd27cdcf71c8e5\",\"name\":\"Webmestre\",\"image\":{\"@type\":\"ImageObject\",\"inLanguage\":\"de\",\"@id\":\"https:\/\/centcols.org\/wp-content\/litespeed\/avatar\/2d246e4b6b4f773e08515e1ffc53690b.jpg?ver=1777222892\",\"url\":\"https:\/\/centcols.org\/wp-content\/litespeed\/avatar\/2d246e4b6b4f773e08515e1ffc53690b.jpg?ver=1777222892\",\"contentUrl\":\"https:\/\/centcols.org\/wp-content\/litespeed\/avatar\/2d246e4b6b4f773e08515e1ffc53690b.jpg?ver=1777222892\",\"caption\":\"Webmestre\"},\"url\":\"https:\/\/centcols.org\/de\/author\/webmestre\/\"}]}<\/script>\n<!-- \/ Yoast SEO plugin. -->","yoast_head_json":{"title":"Der Col du Glandon - Club des Cent Cols","robots":{"index":"index","follow":"follow","max-snippet":"max-snippet:-1","max-image-preview":"max-image-preview:large","max-video-preview":"max-video-preview:-1"},"canonical":"https:\/\/centcols.org\/de\/der-eichelhals\/","og_locale":"de_DE","og_type":"article","og_title":"Le col du Glandon - Club des Cent Cols","og_description":"Toponymie Le col du Glandon (FR-73-1924) &nbsp;prend son nom d&rsquo;un&nbsp;lieu-dit&nbsp;de la commune de&nbsp;Saint-Colomban-des-Villards.Un torrent&nbsp;\u00e9ponyme&nbsp;prend sa source au col. Situation g\u00e9ographique Massifs &nbsp;Le col se trouve \u00e0 la limite des massifs de&nbsp;Belledonne&nbsp;et des&nbsp;Arves, \u00e0 l&rsquo;ouest du&nbsp;col de la Croix-de-Fer.&nbsp; G\u00e9ologie Le col du Glandon et le col de la Croix de Fer sont g\u00e9ographiquement tr\u00e8s proches [&hellip;]","og_url":"https:\/\/centcols.org\/de\/der-eichelhals\/","og_site_name":"Club des Cent Cols","article_publisher":"https:\/\/www.facebook.com\/groups\/5261880558\/?locale=fr_FR","article_published_time":"2023-07-12T12:38:22+00:00","article_modified_time":"2025-10-20T18:28:04+00:00","og_image":[{"width":1280,"height":720,"url":"https:\/\/centcols.org\/wp-content\/uploads\/2023\/07\/glandon.jpg","type":"image\/jpeg"}],"author":"Webmestre","twitter_card":"summary_large_image","twitter_misc":{"Verfasst von":"Webmestre","Gesch\u00e4tzte Lesezeit":"10\u00a0Minuten"},"schema":{"@context":"https:\/\/schema.org","@graph":[{"@type":"Article","@id":"https:\/\/centcols.org\/le-col-du-glandon\/#article","isPartOf":{"@id":"https:\/\/centcols.org\/le-col-du-glandon\/"},"author":{"name":"Webmestre","@id":"https:\/\/centcols.org\/#\/schema\/person\/911b404fb133d8c913dd27cdcf71c8e5"},"headline":"Le col du Glandon","datePublished":"2023-07-12T12:38:22+00:00","dateModified":"2025-10-20T18:28:04+00:00","mainEntityOfPage":{"@id":"https:\/\/centcols.org\/le-col-du-glandon\/"},"wordCount":1611,"publisher":{"@id":"https:\/\/centcols.org\/#organization"},"image":{"@id":"https:\/\/centcols.org\/le-col-du-glandon\/#primaryimage"},"thumbnailUrl":"https:\/\/centcols.org\/wp-content\/uploads\/2023\/07\/glandon.jpg","articleSection":["Cols en vrac"],"inLanguage":"de"},{"@type":"WebPage","@id":"https:\/\/centcols.org\/le-col-du-glandon\/","url":"https:\/\/centcols.org\/le-col-du-glandon\/","name":"Der Col du Glandon - Club des Cent Cols","isPartOf":{"@id":"https:\/\/centcols.org\/#website"},"primaryImageOfPage":{"@id":"https:\/\/centcols.org\/le-col-du-glandon\/#primaryimage"},"image":{"@id":"https:\/\/centcols.org\/le-col-du-glandon\/#primaryimage"},"thumbnailUrl":"https:\/\/centcols.org\/wp-content\/uploads\/2023\/07\/glandon.jpg","datePublished":"2023-07-12T12:38:22+00:00","dateModified":"2025-10-20T18:28:04+00:00","breadcrumb":{"@id":"https:\/\/centcols.org\/le-col-du-glandon\/#breadcrumb"},"inLanguage":"de","potentialAction":[{"@type":"ReadAction","target":["https:\/\/centcols.org\/le-col-du-glandon\/"]}]},{"@type":"ImageObject","inLanguage":"de","@id":"https:\/\/centcols.org\/le-col-du-glandon\/#primaryimage","url":"https:\/\/centcols.org\/wp-content\/uploads\/2023\/07\/glandon.jpg","contentUrl":"https:\/\/centcols.org\/wp-content\/uploads\/2023\/07\/glandon.jpg","width":1280,"height":720,"caption":"Image par Monika de Pixabay"},{"@type":"BreadcrumbList","@id":"https:\/\/centcols.org\/le-col-du-glandon\/#breadcrumb","itemListElement":[{"@type":"ListItem","position":1,"name":"Accueil","item":"https:\/\/centcols.org\/"},{"@type":"ListItem","position":2,"name":"Cols en vrac","item":"https:\/\/centcols.org\/rubrique\/cols-en-vrac\/"},{"@type":"ListItem","position":3,"name":"Le col du Glandon"}]},{"@type":"WebSite","@id":"https:\/\/centcols.org\/#website","url":"https:\/\/centcols.org\/","name":"Club des Cent Cols","description":"","publisher":{"@id":"https:\/\/centcols.org\/#organization"},"potentialAction":[{"@type":"SearchAction","target":{"@type":"EntryPoint","urlTemplate":"https:\/\/centcols.org\/?s={search_term_string}"},"query-input":{"@type":"PropertyValueSpecification","valueRequired":true,"valueName":"search_term_string"}}],"inLanguage":"de"},{"@type":"Organization","@id":"https:\/\/centcols.org\/#organization","name":"Club des Cent Cols","url":"https:\/\/centcols.org\/","logo":{"@type":"ImageObject","inLanguage":"de","@id":"https:\/\/centcols.org\/#\/schema\/logo\/image\/","url":"https:\/\/centcols.org\/wp-content\/uploads\/2025\/01\/carte-icone.png","contentUrl":"https:\/\/centcols.org\/wp-content\/uploads\/2025\/01\/carte-icone.png","width":250,"height":250,"caption":"Club des Cent Cols"},"image":{"@id":"https:\/\/centcols.org\/#\/schema\/logo\/image\/"},"sameAs":["https:\/\/www.facebook.com\/groups\/5261880558\/?locale=fr_FR"]},{"@type":"Person","@id":"https:\/\/centcols.org\/#\/schema\/person\/911b404fb133d8c913dd27cdcf71c8e5","name":"Webmaster","image":{"@type":"ImageObject","inLanguage":"de","@id":"https:\/\/centcols.org\/wp-content\/litespeed\/avatar\/2d246e4b6b4f773e08515e1ffc53690b.jpg?ver=1777222892","url":"https:\/\/centcols.org\/wp-content\/litespeed\/avatar\/2d246e4b6b4f773e08515e1ffc53690b.jpg?ver=1777222892","contentUrl":"https:\/\/centcols.org\/wp-content\/litespeed\/avatar\/2d246e4b6b4f773e08515e1ffc53690b.jpg?ver=1777222892","caption":"Webmestre"},"url":"https:\/\/centcols.org\/de\/author\/webmestre\/"}]}},"_links":{"self":[{"href":"https:\/\/centcols.org\/de\/wp-json\/wp\/v2\/posts\/82511","targetHints":{"allow":["GET"]}}],"collection":[{"href":"https:\/\/centcols.org\/de\/wp-json\/wp\/v2\/posts"}],"about":[{"href":"https:\/\/centcols.org\/de\/wp-json\/wp\/v2\/types\/post"}],"author":[{"embeddable":true,"href":"https:\/\/centcols.org\/de\/wp-json\/wp\/v2\/users\/3"}],"replies":[{"embeddable":true,"href":"https:\/\/centcols.org\/de\/wp-json\/wp\/v2\/comments?post=82511"}],"version-history":[{"count":0,"href":"https:\/\/centcols.org\/de\/wp-json\/wp\/v2\/posts\/82511\/revisions"}],"wp:featuredmedia":[{"embeddable":true,"href":"https:\/\/centcols.org\/de\/wp-json\/wp\/v2\/media\/83299"}],"wp:attachment":[{"href":"https:\/\/centcols.org\/de\/wp-json\/wp\/v2\/media?parent=82511"}],"wp:term":[{"taxonomy":"category","embeddable":true,"href":"https:\/\/centcols.org\/de\/wp-json\/wp\/v2\/categories?post=82511"},{"taxonomy":"post_tag","embeddable":true,"href":"https:\/\/centcols.org\/de\/wp-json\/wp\/v2\/tags?post=82511"}],"curies":[{"name":"wp","href":"https:\/\/api.w.org\/{rel}","templated":true}]}}