{"id":82521,"date":"2023-07-28T15:57:54","date_gmt":"2023-07-28T13:57:54","guid":{"rendered":"https:\/\/centcols.org\/le-col-de-sarenne\/"},"modified":"2025-10-20T20:09:58","modified_gmt":"2025-10-20T18:09:58","slug":"der-sarenne-pass","status":"publish","type":"post","link":"https:\/\/centcols.org\/de\/le-col-de-sarenne\/","title":{"rendered":"Der Sarenne-Pass"},"content":{"rendered":"<h2 class=\"wp-block-heading\">H\u00f6he<\/h2>\n\n\n\n<p class=\"has-medium-font-size\">Der Sarenne-Pass (<a href=\"https:\/\/centcols.org\/de\/util\/geo\/visu.php\/?code=FR-38-1999\">FR-38-1999<\/a>), also mehr oder weniger als 2000 m?<\/p>\n\n\n\n<p class=\"has-medium-font-size\">Nach einer langen Debatte sieht es so aus, als ob der Col de Sarenne die Pr\u00fcfung f\u00fcr die Kategorie \u00fcber 2000 m nicht bestanden hat. Es fehlt ein Meter (und sein Fahrrad wie auf dem Foto einen Meter h\u00f6her zu stellen, bringt nichts!).<\/p>\n\n\n<div class=\"wp-block-image\">\n<figure class=\"aligncenter size-full is-resized\"><img loading=\"lazy\" decoding=\"async\" width=\"1200\" height=\"800\" src=\"https:\/\/centcols.org\/wp-content\/uploads\/2025\/05\/Col_de_Sarenne_090918.jpg\" alt=\"\" class=\"wp-image-82522\" style=\"width:800px\" srcset=\"https:\/\/centcols.org\/wp-content\/uploads\/2025\/05\/Col_de_Sarenne_090918.jpg 1200w, https:\/\/centcols.org\/wp-content\/uploads\/2025\/05\/Col_de_Sarenne_090918-768x512.jpg 768w\" sizes=\"auto, (max-width: 1200px) 100vw, 1200px\" \/><\/figure>\n<\/div>\n\n\n<p class=\"has-medium-font-size\">Auf der Grundlage der IGN-Karte 1:50.000, Ausgabe 1974, war die Diskussion er\u00f6ffnet: <\/p>\n\n\n<div class=\"wp-block-image is-resized\">\n<figure class=\"aligncenter size-full\"><img loading=\"lazy\" decoding=\"async\" width=\"300\" height=\"225\" src=\"https:\/\/centcols.org\/wp-content\/uploads\/2025\/05\/Sarenne1.jpg\" alt=\"\" class=\"wp-image-82523\" style=\"width:600px\"\/><\/figure>\n<\/div>\n\n\n<p class=\"has-medium-font-size\">Aber die von 2021 schlie\u00dft die Diskussion ab:<\/p>\n\n\n<div class=\"wp-block-image\">\n<figure class=\"aligncenter size-full\"><img loading=\"lazy\" decoding=\"async\" width=\"487\" height=\"354\" src=\"https:\/\/centcols.org\/wp-content\/uploads\/2025\/05\/Sarenne2.jpg\" alt=\"\" class=\"wp-image-82524\"\/><\/figure>\n<\/div>\n\n\n<p class=\"has-medium-font-size\">F\u00fcr die kurze Geschichte und weitere Details siehe den Artikel :&nbsp;<a href=\"https:\/\/cyclotouristes-grenoblois.assoconnect.com\/articles\/130691-le-col-de-sarenne-1999-m-ou-2009-m\" target=\"_blank\" rel=\"noreferrer noopener\">Der Col de Sarenne: 1999 m oder 2009 m<\/a> geschrieben im M\u00e4rz 2020 auf der CTG-Website unter Mitarbeit mehrerer CCC-Mitglieder.<\/p>\n\n\n\n<h2 class=\"wp-block-heading\">Ortsnamenkunde<\/h2>\n\n\n\n<p class=\"has-medium-font-size\">Sarenne ist der Name<\/p>\n\n\n\n<ul class=\"wp-block-list\">\n<li>des Gletschers oberhalb von l'Alpe d'Huez, der bei Skifahrern sehr bekannt ist. er erm\u00f6glichte das Skifahren im Sommer, aber sein starkes Abschmelzen im XIX.<sup>sten<\/sup>&nbsp;Jahrhundert bedroht seine Existenz<\/li>\n\n\n\n<li>des dort entspringenden Wildbachs ... und<\/li>\n\n\n\n<li>vom Pass oberhalb des Sarenne-Tals (wo ein Nebenfluss, der Nou, entspringt)<\/li>\n<\/ul>\n\n\n\n<h2 class=\"wp-block-heading\">Geographische Lage<\/h2>\n\n\n\n<h3 class=\"wp-block-heading\">Massiv<\/h3>\n\n\n\n<p class=\"has-medium-font-size\">Der Col de Sarenne befindet sich im Massif des&nbsp;<a href=\"https:\/\/fr.wikipedia.org\/wiki\/Grandes_Rousses\" target=\"_blank\" rel=\"noopener\" title=\"\">Grandes Rousses<\/a><\/p>\n\n\n\n<h3 class=\"wp-block-heading\">Geologie<\/h3>\n\n\n\n<p class=\"has-medium-font-size\">Der Col de Sarenne befindet sich am Ende eines langen Tals, das das s\u00fcdliche Ende der m\u00e4chtigen Kette der Grandes Rousses quer durchschneidet. Der Fluss Sarenne hat hier unterhalb der Station Alpe d'Huez einen tiefen Canyon gegraben, indem er sich zwischen den Sedimentablagerungen der Trias im S\u00fcden und den stark geb\u00e4nderten Gneisen (Wechsel von hellen und dunklen Schichten) im Norden durchschl\u00e4gt. <\/p>\n\n\n\n<p class=\"has-medium-font-size\">Das Ch\u00e2teau Noir, das den Pass im Norden \u00fcberragt, ist das Ergebnis einer Extrusion von Vulkangestein in die alte hercynische Verwerfung, die als Cassini-Verwerfung bezeichnet wird. <\/p>\n\n\n\n<p class=\"has-medium-font-size\">Eine geologische Besonderheit zwischen Alpe d'Huez und dem Col de Sarenne sind die fr\u00fcher ausgebeuteten Kohlefl\u00f6ze (Minen von Herpie, im Norden und auf halbem Weg zwischen dem Pass und dem Ferienort). <\/p>\n\n\n\n<p class=\"has-medium-font-size\">Auch der wei\u00dfe Sarenne-Gletscher hat seinen offenen Stollen in ein dunkles Kohlefl\u00f6z gegraben.<\/p>\n\n\n\n<p class=\"has-medium-font-size\">Der interessierte Leser sollte den sehr ausf\u00fchrlichen Artikel von&nbsp;<a href=\"http:\/\/www.geol-alp.com\/h_oisans\/_lieux\/Rousses\/sarenne.html#:~:text=Il%20forment%20un%20plateau%20suspendu,sur%C3%A9lev%C3%A9e%20par%20les%20d%C3%A9formations%20alpines\" target=\"_blank\" rel=\"noopener\" title=\"\">geol-alp.com<\/a><a href=\"http:\/\/www.geol-alp.com\/h_oisans\/_lieux\/guisane_vallouise\/Lautaret.html\" target=\"_blank\" rel=\"noopener\" title=\"\">&nbsp;<\/a><\/p>\n\n\n\n<h3 class=\"wp-block-heading\">Hydrographie<\/h3>\n\n\n\n<p class=\"has-medium-font-size\">Auf beiden Seiten flie\u00dfen zwei Nebenfl\u00fcsse der Romanche: der Ferrand, der unterhalb des Chambon-Staudamms in die Romanche m\u00fcndet, und der Bach Nou, der unterhalb des Passes (H\u00f6he 1826 m) mit der Sarenne zusammenflie\u00dft.&nbsp;<\/p>\n\n\n\n<p class=\"has-medium-font-size\"><em>Die Sarenne entspringt am Sarenne-Gletscher n\u00f6rdlich des Passes, der den Skifahrern von Alpe d'Huez wohlbekannt ist. Sie m\u00fcndet in La Paute unterhalb von Bourg-d'Oisans in die Romanche.<\/em><\/p>\n\n\n\n<h3 class=\"wp-block-heading\">Zugang<\/h3>\n\n\n\n<p class=\"has-medium-font-size\">Er setzt die\u2019<a href=\"https:\/\/fr.wikipedia.org\/wiki\/Alpe_d%27Huez\" target=\"_blank\" rel=\"noopener\" title=\"\">Alpe d'Huez<\/a> und die <a href=\"https:\/\/valleeduferrand.com\/\" target=\"_blank\" rel=\"noopener\" title=\"\">Ferrand-Tal<\/a> (Clavans en Haut-Oisans).<\/p>\n\n\n\n<figure class=\"wp-block-image size-full is-resized\"><img loading=\"lazy\" decoding=\"async\" width=\"1107\" height=\"592\" src=\"https:\/\/centcols.org\/wp-content\/uploads\/2025\/05\/Carte-Sarenne-1.jpg\" alt=\"\" class=\"wp-image-82529\" style=\"width:800px\" srcset=\"https:\/\/centcols.org\/wp-content\/uploads\/2025\/05\/Carte-Sarenne-1.jpg 1107w, https:\/\/centcols.org\/wp-content\/uploads\/2025\/05\/Carte-Sarenne-1-768x411.jpg 768w\" sizes=\"auto, (max-width: 1107px) 100vw, 1107px\" \/><\/figure>\n\n\n\n<p class=\"has-medium-font-size\"><strong>Westlicher Hang<\/strong><\/p>\n\n\n\n<div class=\"wp-block-media-text has-media-on-the-right is-stacked-on-mobile\"><div class=\"wp-block-media-text__content\">\n<p>Die N85 f\u00fchrt von Grenoble (90 km entfernt, 214 m \u00fc. M.) nach Vizille (72 km entfernt, 278 m \u00fc. M.), dann die D1091 nach Bourg d'Oisans (40 km entfernt, 719 m \u00fc. M.).<\/p>\n\n\n\n<p>Abfahrt von <strong>Bourg d'Oisans<\/strong> die <strong>D211<\/strong>, Die RD25A (auch Route du Col de Sarenne genannt) f\u00fchrt auf 13,8 km mit einem Durchschnitt von 7,9 % und 21 Serpentinen nach Alpe d'Huez (1800 m), von wo aus die RD25A (auch Route du Col de Sarenne genannt) auf 8,3 km durch die Schlucht von Sarenne zum Pass f\u00fchrt.<\/p>\n<\/div><figure class=\"wp-block-media-text__media\"><img loading=\"lazy\" decoding=\"async\" width=\"300\" height=\"225\" src=\"https:\/\/centcols.org\/wp-content\/uploads\/2023\/07\/Rte-Sarenne1.jpg\" alt=\"\" class=\"wp-image-83331 size-full\"\/><\/figure><\/div>\n\n\n\n<p class=\"has-text-align-right\"><strong>Die Stra\u00dfe und die Sarenne-Schlucht<\/strong><\/p>\n\n\n\n<p class=\"has-medium-font-size\"><strong>S\u00fcdosthang<\/strong><\/p>\n\n\n\n<div class=\"wp-block-media-text is-stacked-on-mobile\"><figure class=\"wp-block-media-text__media\"><img loading=\"lazy\" decoding=\"async\" width=\"300\" height=\"225\" src=\"https:\/\/centcols.org\/wp-content\/uploads\/2023\/07\/Rte-Sarenne2-11.jpg\" alt=\"\" class=\"wp-image-83332 size-full\"\/><\/figure><div class=\"wp-block-media-text__content\">\n<p>Der Zugang erfolgt, in 13 km, von der <strong>RD1091<\/strong>, auf der Ebene des&nbsp;<strong>Chambon-Staudamm<\/strong> (H\u00f6he 1050 m), \u00fcber die RD25 (sp\u00e4ter 25A), die durch Mizo\u00ebn, Clavans le Bas und Clavans en Haut-Oisans f\u00fchrt).<\/p>\n\n\n\n<p>Von <strong>Brian\u00e7on <\/strong>(in 27 km Entfernung, Alt. 1215 m) f\u00fchrt die D1091 zum Lautaret-Pass, indem sie den Ferienort Serre-Chevalier und seine verschiedenen D\u00f6rfer durchquert: Chantemerle (Gemeinde St Chaffrey - in 22,5 km Entfernung, Alt. 1350m), Villeneuve (Gemeinde La Salle-les-Alpes, in 19 km Entfernung Alt. 1385), Monetier les Bains (in 13 km Entfernung, Alt.1500 m).<\/p>\n<\/div><\/div>\n\n\n\n<p class=\"has-text-align-left\"><strong>Die Stra\u00dfe hinunter nach Clavans<\/strong><\/p>\n\n\n\n<h2 class=\"wp-block-heading\">\u00c4nderung der Zug\u00e4nge<\/h2>\n\n\n\n<p class=\"has-medium-font-size\">(Kopie des Artikels aus 2020 : <a href=\"https:\/\/cyclotouristes-grenoblois.assoconnect.com\/articles\/130691-le-col-de-sarenne-1999-m-ou-2009-m\" target=\"_blank\" rel=\"noreferrer noopener\">Der Col de Sarenne: 1999 m oder 2009 m<\/a>)<\/p>\n\n\n\n<p class=\"has-medium-font-size\">Um die Geschichte des Baus der Stra\u00dfe zum Col de Sarenne zu erfahren, befragten wir <strong>das Rathaus von L'Alpe d'Huez.<\/strong><\/p>\n\n\n\n<p class=\"has-medium-font-size\">Fr\u00e9d\u00e9rik TANE hat uns die folgende Antwort geschickt:&nbsp;<em>\u00abDer Bau der Stra\u00dfe zwischen Alpe d'Huez und dem Col de Sarenne erfolgte zeitgleich mit dem Bau des ber\u00fchmten Tunnels (schwarze Piste, die 1964 unterhalb des Pic Blanc er\u00f6ffnet wurde).  Es war \u00fcbrigens die gleiche Firma, die diesen Stra\u00dfenabschnitt und den Tunnel baute: die Firma Vigne aus Isere. Damals f\u00fchrte die Stra\u00dfe durch die arch\u00e4ologische St\u00e4tte von Brandes.<\/em><\/p>\n\n\n\n<p class=\"has-medium-font-size\"><em>1967 verl\u00e4uft der Start nicht mehr \u00fcber Brandes, sondern dank des Baus der Stra\u00dfe zum Altiport etwas weiter oben. Im selben Jahr wurde die Stra\u00dfe zwischen dem Col de Sarenne und dem Ort Le Perron im Ferrand-Tal (ein gro\u00dfer Felsbrocken sch\u00fctzt ein Haus vor Lawinen) verl\u00e4ngert. Die 1967 durchgef\u00fchrten Arbeiten sind dem Unternehmen Pegaz &amp; Pugeat zu verdanken, das auch die Bobbahn in Alpe d'Huez baut (Weltmeisterschaft 1967 und Olympische Spiele 1968).<\/em><\/p>\n\n\n\n<p class=\"has-medium-font-size\"><em>Der Abschnitt der Stra\u00dfe zwischen Perron und Chambon existierte bereits vorher.<br>Vielen Dank, dass Sie in Ihrem Artikel den Namen von Herrn Robert Hustache, einer lebendigen Erinnerung an L'Alpe d'Huez, erw\u00e4hnen.  Er hat mir wertvolle Informationen f\u00fcr Ihre Antwort \u00fcbermittelt<\/em><em>.<\/em>&nbsp;\u00bb<\/p>\n\n\n\n<p class=\"has-medium-font-size\"><strong>Wann wurde die Stra\u00dfe, die zum Sarenne-Pass f\u00fchrt, gepflastert?<\/strong><br>Es war schwierig, diese Informationen zu erhalten. Wir wussten, dass die Strecke 1980 und 1982 f\u00fcr den zweiten und dritten BRO (siehe unten) 10 km Schotterstra\u00dfe umfasste und dass die Stra\u00dfe 2008 auf beiden Seiten asphaltiert war, weil wir dort vorbeigefahren sind (Fotos oben).<\/p>\n\n\n\n<p class=\"has-medium-font-size\">Die Centcollisten haben uns folgende Informationen gebracht:<\/p>\n\n\n\n<p class=\"has-medium-font-size\">&nbsp;1985 war die Stra\u00dfe auf der Ostseite und nach Clavans nicht vollst\u00e4ndig asphaltiert.<\/p>\n\n\n\n<p class=\"has-medium-font-size\">Erst in der Erg\u00e4nzung von 1989 (Seite 61) wurde der Col de Sarenne ohne Angabe der Hanglage zum Col routier (CV). Er wurde also wahrscheinlich 1988 asphaltiert. Der Pass wird im Chauvot (Buchformat) Ausgabe 1994 als Routier (Stra\u00dfe) angegeben.<\/p>\n\n\n\n<h2 class=\"wp-block-heading\">Sehenswertes - Tourismus\u00a0<\/h2>\n\n\n\n<h4 class=\"wp-block-heading has-medium-font-size\"><br>Berghang Alpe d'Huez<\/h4>\n\n\n\n<p class=\"has-medium-font-size\">Neben dem Skigebiet und den 21 Serpentinen ist die\u2019<strong>Alpe d'Huez<\/strong> besitzt eine moderne und originelle Kirche, deren Aussehen an eine Silhouette der Jungfrau Maria erinnert. Auf Anregung von Pater Jaap Reuten, der von 1964 bis 1992 Pfarrer der Gemeinde war, wurde sie in den 1960er Jahren von dem Architekten Jean Marol entworfen (1970 fertiggestellt) und mit farbenpr\u00e4chtigen Glasfenstern des K\u00fcnstlers&nbsp;<a href=\"https:\/\/fr.wikipedia.org\/wiki\/Arcabas\" target=\"_blank\" rel=\"noopener\" title=\"\">Arcabas<\/a>.<\/p>\n\n\n\n<p class=\"has-medium-font-size\">Diese Kirche beherbergt eine weltweit einzigartige Orgel in Form einer in den Himmel gereckten Hand, die von dem Komponisten&nbsp;<a href=\"https:\/\/fr.wikipedia.org\/wiki\/Jean_Guillou\" target=\"_blank\" rel=\"noopener\" title=\"\">Jean Guillou<\/a>&nbsp;und der deutsche Orgelbauer&nbsp;<a href=\"https:\/\/fr.wikipedia.org\/wiki\/Detlef_Kleuker\" target=\"_blank\" rel=\"noopener\" title=\"\">Detlef Kleuker<\/a>. Jedes Jahr werden im Winter wie im Sommer am Donnerstagabend Konzerte rund um dieses Instrument veranstaltet, und im Sommer finden Workshops f\u00fcr Orgel, Panfl\u00f6te und Chorgesang statt.<\/p>\n\n\n\n<h4 class=\"wp-block-heading\">Hang des Ferrand-Tals<\/h4>\n\n\n\n<div class=\"wp-block-media-text has-media-on-the-right is-stacked-on-mobile\" style=\"grid-template-columns:auto 40%\"><div class=\"wp-block-media-text__content\">\n<p>Die alten H\u00e4user, die haupts\u00e4chlich aus Stein gebaut wurden, f\u00fcgen sich in das abfallende Gel\u00e4nde ein. Sie enthalten R\u00e4ume, die f\u00fcr die Unterbringung der Tiere im Winter und die Lagerung von Heu bestimmt sind.<\/p>\n\n\n\n<p>Die Pfarrkirche Saint-Jacques-et-Saint-Christophe in Mizo\u00ebn<br>die 1889 erbaut wurde, dominiert das Dorf.<br>&nbsp;Sie ist vom Chambon-Staudamm aus sichtbar<\/p>\n<\/div><figure class=\"wp-block-media-text__media\"><img loading=\"lazy\" decoding=\"async\" width=\"450\" height=\"600\" src=\"https:\/\/centcols.org\/wp-content\/uploads\/2023\/07\/Sarenne-St-Jacques1.jpg\" alt=\"\" class=\"wp-image-83333 size-full\"\/><\/figure><\/div>\n\n\n\n<h4 class=\"wp-block-heading\">Der Chambon-Damm<\/h4>\n\n\n\n<p class=\"has-medium-font-size\">&nbsp;Die Bauarbeiten begannen im September 1929 und wurden im Dezember 1935 abgeschlossen.<\/p>\n\n\n<div class=\"wp-block-image\">\n<figure class=\"aligncenter size-full is-resized\"><img loading=\"lazy\" decoding=\"async\" width=\"1200\" height=\"800\" src=\"https:\/\/centcols.org\/wp-content\/uploads\/2023\/08\/4528492-diaporama1.jpg\" alt=\"\" class=\"wp-image-89751\" style=\"width:800px\" srcset=\"https:\/\/centcols.org\/wp-content\/uploads\/2023\/08\/4528492-diaporama1.jpg 1200w, https:\/\/centcols.org\/wp-content\/uploads\/2023\/08\/4528492-diaporama1-768x512.jpg 768w, https:\/\/centcols.org\/wp-content\/uploads\/2023\/08\/4528492-diaporama1-18x12.jpg 18w\" sizes=\"auto, (max-width: 1200px) 100vw, 1200px\" \/><\/figure>\n<\/div>\n\n\n<p class=\"has-medium-font-size\">Seit 2003 tr\u00e4gt es das G\u00fctesiegel<strong>&nbsp;<a href=\"https:\/\/fr.wikipedia.org\/wiki\/Liste_des_%C3%A9difices_labellis%C3%A9s_%C2%AB_Patrimoine_du_XXe_si%C3%A8cle_%C2%BB_de_l%27Is%C3%A8re\" target=\"_blank\" rel=\"noopener\" title=\"\">\u00abErbgut des 20. Jahrhunderts\u00bb des Departements Is\u00e8re<\/a><\/strong>.<\/p>\n\n\n\n<p class=\"has-medium-font-size\">Nach 80 Jahren ist der Damm Opfer des Ph\u00e4nomens der Alkalireaktion (Betonkrankheit) geworden und muss alle 15 Jahre einer besonderen Behandlung unterzogen werden. Aus diesem Grund wird in den n\u00e4chsten 20 Jahren ein Austausch des Staudamms in Betracht gezogen.<\/p>\n\n\n\n<p class=\"has-medium-font-size\"><strong>Am Pass h\u00e4tte man die Bergh\u00fctte des Col de Sarenne sehen k\u00f6nnen:<\/strong><\/p>\n\n\n<div class=\"wp-block-image\">\n<figure class=\"aligncenter size-full is-resized\"><img loading=\"lazy\" decoding=\"async\" width=\"300\" height=\"196\" src=\"https:\/\/centcols.org\/wp-content\/uploads\/2025\/05\/Sarenne-refuge.jpg\" alt=\"\" class=\"wp-image-82531\" style=\"width:768px;height:502px\"\/><\/figure>\n<\/div>\n\n\n<p class=\"has-medium-font-size\">&nbsp;Die H\u00fctte wurde 2003 gebaut. Sie befand sich auf der linken Seite, als Sie von Alpe d'Huez zum Pass kamen.<\/p>\n\n\n\n<p class=\"has-medium-font-size\">Es wurde am 27. Dezember 2016 durch einen Brand verw\u00fcstet (<em><a href=\"https:\/\/cyclotouristes-grenoblois.assoconnect.com\/articles\/149725-2017-serie-noire-sur-la-route-du-brale-feu-au-col-de-sarenne\" target=\"_blank\" rel=\"noreferrer noopener\">siehe den Artikel von Jules A<\/a>)<\/em>. Auszug \u00abVon diesem gro\u00dfen und sch\u00f6nen Geb\u00e4ude von 1000 m<sup>2<\/sup> die im Jahr 2000 gebaut wurde, revolution\u00e4r durch ihre Konstruktion aus Jura-Tannen mit St\u00e4mmen von \u00fcber einem Meter Durchmesser, aber auch durch ihre Autarkie in Bezug auf nicht-fossile Energie (Windr\u00e4der und Solarpaneele), sind nur noch verkohlte Tr\u00fcmmer \u00fcbrig .\u00bb<\/p>\n\n\n\n<h2 class=\"wp-block-heading\">Administrative Situation<\/h2>\n\n\n\n<p class=\"has-medium-font-size\">Der Col de Sarenne befindet sich in der Gemeinde <a href=\"http:\/\/clavans-en-oisans.com\/\" target=\"_blank\" rel=\"noopener\" title=\"\">Clavans-en-Haut-Oisans.<\/a><\/p>\n\n\n\n<p class=\"has-medium-font-size\">Auf der Westseite, dem Bach Le Nou folgend, gelangt man schnell in die Gemeinde von <a href=\"https:\/\/lefreneydoisans.fr\/\" target=\"_blank\" rel=\"noopener\" title=\"\">Freney d'Oisans<\/a>... dann kurz nach dem Zusammenfluss von Nou und Sarenne in der Gemeinde L'Alpe d'Huez.<\/p>\n\n\n\n<h2 class=\"wp-block-heading\">Radfahren und Fahrradtourismus<\/h2>\n\n\n\n<p class=\"has-medium-font-size\"><strong>Tour de France und Crit\u00e9rium du Dauphin\u00e9 :<\/strong><\/p>\n\n\n\n<p class=\"has-medium-font-size\">Im Jahr 2013 fuhren das Crit\u00e9rium du Dauphin\u00e9 und anschlie\u00dfend die Tour de France nach dem Anstieg auf die Alpe d'Huez \u00fcber den Col de Sarenne.<\/p>\n\n\n\n<p class=\"has-medium-font-size\"><em>&nbsp;Die Durchfahrt der Tour \u00fcber den Col de Sarenne l\u00f6ste eine heftige Reaktion lokaler Umweltsch\u00fctzer aus, die kritisierten, dass die Strecke in der N\u00e4he eines Gebiets verl\u00e4uft, das einem pr\u00e4fektoralen Biotopschutzerlass unterliegt, und dass die Durchfahrt einer so gro\u00dfen Veranstaltung wie der Tour de France eine potenzielle Bedrohung f\u00fcr den nat\u00fcrlichen Lebensraum darstellt.<\/em><\/p>\n\n\n\n<p class=\"has-medium-font-size\"><em>Trotz der Proteste und Einspr\u00fcche wurde die Strecke unver\u00e4ndert beibehalten, allerdings mit besonderen Einrichtungen: Die Karawane der Tour musste bei der ersten Passage in Alpe d'Huez anhalten und im Bereich des Passes wurden besondere Einrichtungen geschaffen, um die \u00f6kologischen Auswirkungen so gering wie m\u00f6glich zu halten (Verbot von Wohnmobilen, L\u00e4rm- und Geschwindigkeitsreduzierung, Warnschilder bez\u00fcglich des nat\u00fcrlichen Charakters des Ortes...).<\/em>.<\/p>\n\n\n\n<p class=\"has-medium-font-size\"><strong>BRO<\/strong> (Brevet de Randonneur de l'Oisans)<\/p>\n\n\n\n<div class=\"wp-block-columns is-layout-flex wp-container-core-columns-is-layout-9d6595d7 wp-block-columns-is-layout-flex\">\n<div class=\"wp-block-column is-layout-flow wp-block-column-is-layout-flow\" style=\"flex-basis:50%\">\n<p class=\"has-medium-font-size\">die BRO f\u00fcr ihre zweite Ausgabe vorbei (f\u00fcr die 1.<sup>\u00e4ische Kommission&nbsp;<\/sup>Mal) auf dem Col de Sarenne im Juni 1980 war die Passstra\u00dfe vom Torrent de la Sarenne bis zum Perron oberhalb von Clavans le haut unbefestigt....und in diesem Jahr war der Col de Sarenne auf dem IGN mit 2009 m vermerkt!<\/p>\n\n\n\n<p class=\"has-medium-font-size\"><em>Hier, <strong><em>Der Col de Sarenne - Stra\u00dfe nach Clavans - bei der ersten BRO im Jahr 1980<\/em><\/strong><\/em><\/p>\n<\/div>\n\n\n\n<div class=\"wp-block-column is-layout-flow wp-block-column-is-layout-flow\" style=\"flex-basis:50%\"><\/div>\n<\/div>\n\n\n\n<p class=\"has-medium-font-size\"><strong>BRA<\/strong> (Brevet de Randonneur des Alpes)<\/p>\n\n\n\n<p class=\"has-medium-font-size\">F\u00fcr den&nbsp;<strong>BRA<\/strong>&nbsp;(alle 2 Jahre, ungerade Jahre), die Optionen \u00abSuper BRA und Super BRA+\u00bb schlie\u00dfen den Col de Sarenne in die Strecke mit ein.<\/p>\n\n\n\n<p class=\"has-medium-font-size\">Bei der Ausgabe 2023 (Start in Bourg d'Oisans) wurde der Pass von Clavans erklommen, d. h. die Strecken waren 197 km lang und hatten 5200 m H\u00f6henunterschied bzw. 209 km lang und hatten 5252 m H\u00f6henunterschied.<\/p>\n\n\n\n<h3 class=\"wp-block-heading\">Profil<\/h3>\n\n\n\n<p class=\"has-medium-font-size\">Im Internet finden sich zahlreiche Profile.<\/p>\n\n\n\n<p class=\"has-medium-font-size\">Als Beispiel sei hier der von OpenRunner : <\/p>\n\n\n<div class=\"wp-block-image\">\n<figure class=\"aligncenter size-full is-resized\"><img loading=\"lazy\" decoding=\"async\" width=\"714\" height=\"392\" src=\"https:\/\/centcols.org\/wp-content\/uploads\/2025\/05\/Sarenne-profil.jpg\" alt=\"\" class=\"wp-image-82532\" style=\"width:600px\"\/><\/figure>\n<\/div>\n\n\n<p class=\"has-medium-font-size\">Und zum Schluss noch ein paar Bilder zum Thema Col de Sarenne :&nbsp;<a href=\"https:\/\/photos.google.com\/share\/AF1QipNgFj3CbUHXB9IeA15SMnq4vtJaSNNNqcbzBxB4_30Yv5cFVuIh4S_rIelO3cb96w?key=UjJmcFRkQTdSbE02ZUJScGVwdnB4NmEwdlRUTHlR\" target=\"_blank\" rel=\"noreferrer noopener\">SARENNE-PASS 1999 oder 2009<\/a><\/p>\n\n\n\n<p class=\"has-text-align-right\"><em><em>Ein Artikel von G\u00e9rard Galland<\/em><\/em><br><em><em>und Bernard Giraudeau (f\u00fcr den geologischen Teil)<\/em><\/em><\/p>","protected":false},"excerpt":{"rendered":"<p>Altitude Le col de Sarenne (FR-38-1999), alors plus ou moins de 2000 m ? Apr\u00e8s un long d\u00e9bat il semble bien que le col de Sarenne ait \u00e9chou\u00e9 \u00e0 l\u2019examen de passage dans la cat\u00e9gorie des plus de 2000 m. Il manque un m\u00e8tre (et monter son v\u00e9lo d&rsquo;un m\u00e8tre comme sur la photo ne [&hellip;]<\/p>\n","protected":false},"author":3,"featured_media":82522,"comment_status":"closed","ping_status":"closed","sticky":false,"template":"","format":"standard","meta":{"_acf_changed":false,"footnotes":""},"categories":[308],"tags":[],"class_list":["post-82521","post","type-post","status-publish","format-standard","has-post-thumbnail","hentry","category-cols-en-vrac"],"acf":[],"yoast_head":"<!-- This site is optimized with the Yoast SEO plugin v27.2 - https:\/\/yoast.com\/product\/yoast-seo-wordpress\/ -->\n<title>Le col de Sarenne - Club des Cent Cols<\/title>\n<meta name=\"robots\" content=\"index, follow, max-snippet:-1, max-image-preview:large, max-video-preview:-1\" \/>\n<link rel=\"canonical\" href=\"https:\/\/centcols.org\/de\/der-sarenne-pass\/\" \/>\n<meta property=\"og:locale\" content=\"de_DE\" \/>\n<meta property=\"og:type\" content=\"article\" \/>\n<meta property=\"og:title\" content=\"Le col de Sarenne - Club des Cent Cols\" \/>\n<meta property=\"og:description\" content=\"Altitude Le col de Sarenne (FR-38-1999), alors plus ou moins de 2000 m ? Apr\u00e8s un long d\u00e9bat il semble bien que le col de Sarenne ait \u00e9chou\u00e9 \u00e0 l\u2019examen de passage dans la cat\u00e9gorie des plus de 2000 m. Il manque un m\u00e8tre (et monter son v\u00e9lo d&rsquo;un m\u00e8tre comme sur la photo ne [&hellip;]\" \/>\n<meta property=\"og:url\" content=\"https:\/\/centcols.org\/de\/der-sarenne-pass\/\" \/>\n<meta property=\"og:site_name\" content=\"Club des Cent Cols\" \/>\n<meta property=\"article:publisher\" content=\"https:\/\/www.facebook.com\/groups\/5261880558\/?locale=fr_FR\" \/>\n<meta property=\"article:published_time\" content=\"2023-07-28T13:57:54+00:00\" \/>\n<meta property=\"article:modified_time\" content=\"2025-10-20T18:09:58+00:00\" \/>\n<meta property=\"og:image\" content=\"https:\/\/centcols.org\/wp-content\/uploads\/2025\/05\/Col_de_Sarenne_090918.jpg\" \/>\n\t<meta property=\"og:image:width\" content=\"1200\" \/>\n\t<meta property=\"og:image:height\" content=\"800\" \/>\n\t<meta property=\"og:image:type\" content=\"image\/jpeg\" \/>\n<meta name=\"author\" content=\"Webmestre\" \/>\n<meta name=\"twitter:card\" content=\"summary_large_image\" \/>\n<meta name=\"twitter:label1\" content=\"Verfasst von\" \/>\n\t<meta name=\"twitter:data1\" content=\"Webmestre\" \/>\n\t<meta name=\"twitter:label2\" content=\"Gesch\u00e4tzte Lesezeit\" \/>\n\t<meta name=\"twitter:data2\" content=\"12\u00a0Minuten\" \/>\n<script type=\"application\/ld+json\" class=\"yoast-schema-graph\">{\"@context\":\"https:\/\/schema.org\",\"@graph\":[{\"@type\":\"Article\",\"@id\":\"https:\/\/centcols.org\/le-col-de-sarenne\/#article\",\"isPartOf\":{\"@id\":\"https:\/\/centcols.org\/le-col-de-sarenne\/\"},\"author\":{\"name\":\"Webmestre\",\"@id\":\"https:\/\/centcols.org\/#\/schema\/person\/911b404fb133d8c913dd27cdcf71c8e5\"},\"headline\":\"Le col de Sarenne\",\"datePublished\":\"2023-07-28T13:57:54+00:00\",\"dateModified\":\"2025-10-20T18:09:58+00:00\",\"mainEntityOfPage\":{\"@id\":\"https:\/\/centcols.org\/le-col-de-sarenne\/\"},\"wordCount\":1911,\"publisher\":{\"@id\":\"https:\/\/centcols.org\/#organization\"},\"image\":{\"@id\":\"https:\/\/centcols.org\/le-col-de-sarenne\/#primaryimage\"},\"thumbnailUrl\":\"https:\/\/centcols.org\/wp-content\/uploads\/2025\/05\/Col_de_Sarenne_090918.jpg\",\"articleSection\":[\"Cols en vrac\"],\"inLanguage\":\"de\"},{\"@type\":\"WebPage\",\"@id\":\"https:\/\/centcols.org\/le-col-de-sarenne\/\",\"url\":\"https:\/\/centcols.org\/le-col-de-sarenne\/\",\"name\":\"Le col de Sarenne - Club des Cent Cols\",\"isPartOf\":{\"@id\":\"https:\/\/centcols.org\/#website\"},\"primaryImageOfPage\":{\"@id\":\"https:\/\/centcols.org\/le-col-de-sarenne\/#primaryimage\"},\"image\":{\"@id\":\"https:\/\/centcols.org\/le-col-de-sarenne\/#primaryimage\"},\"thumbnailUrl\":\"https:\/\/centcols.org\/wp-content\/uploads\/2025\/05\/Col_de_Sarenne_090918.jpg\",\"datePublished\":\"2023-07-28T13:57:54+00:00\",\"dateModified\":\"2025-10-20T18:09:58+00:00\",\"breadcrumb\":{\"@id\":\"https:\/\/centcols.org\/le-col-de-sarenne\/#breadcrumb\"},\"inLanguage\":\"de\",\"potentialAction\":[{\"@type\":\"ReadAction\",\"target\":[\"https:\/\/centcols.org\/le-col-de-sarenne\/\"]}]},{\"@type\":\"ImageObject\",\"inLanguage\":\"de\",\"@id\":\"https:\/\/centcols.org\/le-col-de-sarenne\/#primaryimage\",\"url\":\"https:\/\/centcols.org\/wp-content\/uploads\/2025\/05\/Col_de_Sarenne_090918.jpg\",\"contentUrl\":\"https:\/\/centcols.org\/wp-content\/uploads\/2025\/05\/Col_de_Sarenne_090918.jpg\",\"width\":1200,\"height\":800},{\"@type\":\"BreadcrumbList\",\"@id\":\"https:\/\/centcols.org\/le-col-de-sarenne\/#breadcrumb\",\"itemListElement\":[{\"@type\":\"ListItem\",\"position\":1,\"name\":\"Accueil\",\"item\":\"https:\/\/centcols.org\/\"},{\"@type\":\"ListItem\",\"position\":2,\"name\":\"Cols en vrac\",\"item\":\"https:\/\/centcols.org\/rubrique\/cols-en-vrac\/\"},{\"@type\":\"ListItem\",\"position\":3,\"name\":\"Le col de Sarenne\"}]},{\"@type\":\"WebSite\",\"@id\":\"https:\/\/centcols.org\/#website\",\"url\":\"https:\/\/centcols.org\/\",\"name\":\"Club des Cent Cols\",\"description\":\"\",\"publisher\":{\"@id\":\"https:\/\/centcols.org\/#organization\"},\"potentialAction\":[{\"@type\":\"SearchAction\",\"target\":{\"@type\":\"EntryPoint\",\"urlTemplate\":\"https:\/\/centcols.org\/?s={search_term_string}\"},\"query-input\":{\"@type\":\"PropertyValueSpecification\",\"valueRequired\":true,\"valueName\":\"search_term_string\"}}],\"inLanguage\":\"de\"},{\"@type\":\"Organization\",\"@id\":\"https:\/\/centcols.org\/#organization\",\"name\":\"Club des Cent Cols\",\"url\":\"https:\/\/centcols.org\/\",\"logo\":{\"@type\":\"ImageObject\",\"inLanguage\":\"de\",\"@id\":\"https:\/\/centcols.org\/#\/schema\/logo\/image\/\",\"url\":\"https:\/\/centcols.org\/wp-content\/uploads\/2025\/01\/carte-icone.png\",\"contentUrl\":\"https:\/\/centcols.org\/wp-content\/uploads\/2025\/01\/carte-icone.png\",\"width\":250,\"height\":250,\"caption\":\"Club des Cent Cols\"},\"image\":{\"@id\":\"https:\/\/centcols.org\/#\/schema\/logo\/image\/\"},\"sameAs\":[\"https:\/\/www.facebook.com\/groups\/5261880558\/?locale=fr_FR\"]},{\"@type\":\"Person\",\"@id\":\"https:\/\/centcols.org\/#\/schema\/person\/911b404fb133d8c913dd27cdcf71c8e5\",\"name\":\"Webmestre\",\"image\":{\"@type\":\"ImageObject\",\"inLanguage\":\"de\",\"@id\":\"https:\/\/centcols.org\/wp-content\/litespeed\/avatar\/2d246e4b6b4f773e08515e1ffc53690b.jpg?ver=1777222892\",\"url\":\"https:\/\/centcols.org\/wp-content\/litespeed\/avatar\/2d246e4b6b4f773e08515e1ffc53690b.jpg?ver=1777222892\",\"contentUrl\":\"https:\/\/centcols.org\/wp-content\/litespeed\/avatar\/2d246e4b6b4f773e08515e1ffc53690b.jpg?ver=1777222892\",\"caption\":\"Webmestre\"},\"url\":\"https:\/\/centcols.org\/de\/author\/webmestre\/\"}]}<\/script>\n<!-- \/ Yoast SEO plugin. -->","yoast_head_json":{"title":"Der Col de Sarenne - Club des Cent Cols","robots":{"index":"index","follow":"follow","max-snippet":"max-snippet:-1","max-image-preview":"max-image-preview:large","max-video-preview":"max-video-preview:-1"},"canonical":"https:\/\/centcols.org\/de\/der-sarenne-pass\/","og_locale":"de_DE","og_type":"article","og_title":"Le col de Sarenne - Club des Cent Cols","og_description":"Altitude Le col de Sarenne (FR-38-1999), alors plus ou moins de 2000 m ? Apr\u00e8s un long d\u00e9bat il semble bien que le col de Sarenne ait \u00e9chou\u00e9 \u00e0 l\u2019examen de passage dans la cat\u00e9gorie des plus de 2000 m. Il manque un m\u00e8tre (et monter son v\u00e9lo d&rsquo;un m\u00e8tre comme sur la photo ne [&hellip;]","og_url":"https:\/\/centcols.org\/de\/der-sarenne-pass\/","og_site_name":"Club des Cent Cols","article_publisher":"https:\/\/www.facebook.com\/groups\/5261880558\/?locale=fr_FR","article_published_time":"2023-07-28T13:57:54+00:00","article_modified_time":"2025-10-20T18:09:58+00:00","og_image":[{"width":1200,"height":800,"url":"https:\/\/centcols.org\/wp-content\/uploads\/2025\/05\/Col_de_Sarenne_090918.jpg","type":"image\/jpeg"}],"author":"Webmestre","twitter_card":"summary_large_image","twitter_misc":{"Verfasst von":"Webmestre","Gesch\u00e4tzte Lesezeit":"12\u00a0Minuten"},"schema":{"@context":"https:\/\/schema.org","@graph":[{"@type":"Article","@id":"https:\/\/centcols.org\/le-col-de-sarenne\/#article","isPartOf":{"@id":"https:\/\/centcols.org\/le-col-de-sarenne\/"},"author":{"name":"Webmestre","@id":"https:\/\/centcols.org\/#\/schema\/person\/911b404fb133d8c913dd27cdcf71c8e5"},"headline":"Le col de Sarenne","datePublished":"2023-07-28T13:57:54+00:00","dateModified":"2025-10-20T18:09:58+00:00","mainEntityOfPage":{"@id":"https:\/\/centcols.org\/le-col-de-sarenne\/"},"wordCount":1911,"publisher":{"@id":"https:\/\/centcols.org\/#organization"},"image":{"@id":"https:\/\/centcols.org\/le-col-de-sarenne\/#primaryimage"},"thumbnailUrl":"https:\/\/centcols.org\/wp-content\/uploads\/2025\/05\/Col_de_Sarenne_090918.jpg","articleSection":["Cols en vrac"],"inLanguage":"de"},{"@type":"WebPage","@id":"https:\/\/centcols.org\/le-col-de-sarenne\/","url":"https:\/\/centcols.org\/le-col-de-sarenne\/","name":"Der Col de Sarenne - Club des Cent Cols","isPartOf":{"@id":"https:\/\/centcols.org\/#website"},"primaryImageOfPage":{"@id":"https:\/\/centcols.org\/le-col-de-sarenne\/#primaryimage"},"image":{"@id":"https:\/\/centcols.org\/le-col-de-sarenne\/#primaryimage"},"thumbnailUrl":"https:\/\/centcols.org\/wp-content\/uploads\/2025\/05\/Col_de_Sarenne_090918.jpg","datePublished":"2023-07-28T13:57:54+00:00","dateModified":"2025-10-20T18:09:58+00:00","breadcrumb":{"@id":"https:\/\/centcols.org\/le-col-de-sarenne\/#breadcrumb"},"inLanguage":"de","potentialAction":[{"@type":"ReadAction","target":["https:\/\/centcols.org\/le-col-de-sarenne\/"]}]},{"@type":"ImageObject","inLanguage":"de","@id":"https:\/\/centcols.org\/le-col-de-sarenne\/#primaryimage","url":"https:\/\/centcols.org\/wp-content\/uploads\/2025\/05\/Col_de_Sarenne_090918.jpg","contentUrl":"https:\/\/centcols.org\/wp-content\/uploads\/2025\/05\/Col_de_Sarenne_090918.jpg","width":1200,"height":800},{"@type":"BreadcrumbList","@id":"https:\/\/centcols.org\/le-col-de-sarenne\/#breadcrumb","itemListElement":[{"@type":"ListItem","position":1,"name":"Accueil","item":"https:\/\/centcols.org\/"},{"@type":"ListItem","position":2,"name":"Cols en vrac","item":"https:\/\/centcols.org\/rubrique\/cols-en-vrac\/"},{"@type":"ListItem","position":3,"name":"Le col de Sarenne"}]},{"@type":"WebSite","@id":"https:\/\/centcols.org\/#website","url":"https:\/\/centcols.org\/","name":"Club des Cent Cols","description":"","publisher":{"@id":"https:\/\/centcols.org\/#organization"},"potentialAction":[{"@type":"SearchAction","target":{"@type":"EntryPoint","urlTemplate":"https:\/\/centcols.org\/?s={search_term_string}"},"query-input":{"@type":"PropertyValueSpecification","valueRequired":true,"valueName":"search_term_string"}}],"inLanguage":"de"},{"@type":"Organization","@id":"https:\/\/centcols.org\/#organization","name":"Club des Cent Cols","url":"https:\/\/centcols.org\/","logo":{"@type":"ImageObject","inLanguage":"de","@id":"https:\/\/centcols.org\/#\/schema\/logo\/image\/","url":"https:\/\/centcols.org\/wp-content\/uploads\/2025\/01\/carte-icone.png","contentUrl":"https:\/\/centcols.org\/wp-content\/uploads\/2025\/01\/carte-icone.png","width":250,"height":250,"caption":"Club des Cent Cols"},"image":{"@id":"https:\/\/centcols.org\/#\/schema\/logo\/image\/"},"sameAs":["https:\/\/www.facebook.com\/groups\/5261880558\/?locale=fr_FR"]},{"@type":"Person","@id":"https:\/\/centcols.org\/#\/schema\/person\/911b404fb133d8c913dd27cdcf71c8e5","name":"Webmaster","image":{"@type":"ImageObject","inLanguage":"de","@id":"https:\/\/centcols.org\/wp-content\/litespeed\/avatar\/2d246e4b6b4f773e08515e1ffc53690b.jpg?ver=1777222892","url":"https:\/\/centcols.org\/wp-content\/litespeed\/avatar\/2d246e4b6b4f773e08515e1ffc53690b.jpg?ver=1777222892","contentUrl":"https:\/\/centcols.org\/wp-content\/litespeed\/avatar\/2d246e4b6b4f773e08515e1ffc53690b.jpg?ver=1777222892","caption":"Webmestre"},"url":"https:\/\/centcols.org\/de\/author\/webmestre\/"}]}},"_links":{"self":[{"href":"https:\/\/centcols.org\/de\/wp-json\/wp\/v2\/posts\/82521","targetHints":{"allow":["GET"]}}],"collection":[{"href":"https:\/\/centcols.org\/de\/wp-json\/wp\/v2\/posts"}],"about":[{"href":"https:\/\/centcols.org\/de\/wp-json\/wp\/v2\/types\/post"}],"author":[{"embeddable":true,"href":"https:\/\/centcols.org\/de\/wp-json\/wp\/v2\/users\/3"}],"replies":[{"embeddable":true,"href":"https:\/\/centcols.org\/de\/wp-json\/wp\/v2\/comments?post=82521"}],"version-history":[{"count":0,"href":"https:\/\/centcols.org\/de\/wp-json\/wp\/v2\/posts\/82521\/revisions"}],"wp:featuredmedia":[{"embeddable":true,"href":"https:\/\/centcols.org\/de\/wp-json\/wp\/v2\/media\/82522"}],"wp:attachment":[{"href":"https:\/\/centcols.org\/de\/wp-json\/wp\/v2\/media?parent=82521"}],"wp:term":[{"taxonomy":"category","embeddable":true,"href":"https:\/\/centcols.org\/de\/wp-json\/wp\/v2\/categories?post=82521"},{"taxonomy":"post_tag","embeddable":true,"href":"https:\/\/centcols.org\/de\/wp-json\/wp\/v2\/tags?post=82521"}],"curies":[{"name":"wp","href":"https:\/\/api.w.org\/{rel}","templated":true}]}}