{"id":82534,"date":"2023-08-06T07:30:29","date_gmt":"2023-08-06T05:30:29","guid":{"rendered":"https:\/\/centcols.org\/le-col-du-telegraphe\/"},"modified":"2026-01-31T19:03:49","modified_gmt":"2026-01-31T17:03:49","slug":"der-telegrafenpass","status":"publish","type":"post","link":"https:\/\/centcols.org\/de\/le-col-du-telegraphe\/","title":{"rendered":"Der Telegrafenpass"},"content":{"rendered":"<div class=\"wp-block-image\">\n<figure class=\"aligncenter size-full is-resized\"><img loading=\"lazy\" decoding=\"async\" width=\"1200\" height=\"900\" src=\"https:\/\/centcols.org\/wp-content\/uploads\/2023\/08\/telegraphe01.jpg\" alt=\"\" class=\"wp-image-83285\" style=\"width:800px\" srcset=\"https:\/\/centcols.org\/wp-content\/uploads\/2023\/08\/telegraphe01.jpg 1200w, https:\/\/centcols.org\/wp-content\/uploads\/2023\/08\/telegraphe01-768x576.jpg 768w, https:\/\/centcols.org\/wp-content\/uploads\/2023\/08\/telegraphe01-16x12.jpg 16w\" sizes=\"auto, (max-width: 1200px) 100vw, 1200px\" \/><\/figure>\n<\/div>\n\n\n<h2 class=\"wp-block-heading\">Ortsnamenkunde<\/h2>\n\n\n\n<p class=\"has-medium-font-size\">Der Telegrafenpass (<a href=\"https:\/\/centcols.org\/de\/util\/geo\/visu.php\/?code=FR-73-1566\" target=\"_blank\" rel=\"noopener\" title=\"\">DE-73-1566<\/a>) wird so genannt, weil ein Turm des <a href=\"https:\/\/fr.wikipedia.org\/wiki\/T%C3%A9l%C3%A9graphe_Chappe\" target=\"_blank\" rel=\"noopener\" title=\"\">Chappe-Telegraf<\/a>, Sie wurde 1807 am Rande der Klippen errichtet. Der&nbsp;<a href=\"https:\/\/fr.wikipedia.org\/wiki\/Fort_du_T%C3%A9l%C3%A9graphe\" target=\"_blank\" rel=\"noopener\" title=\"\">fort du t\u00e9l\u00e9graphe<\/a>&nbsp;in der N\u00e4he des Passes profitierte voll von seiner strategischen Lage \u00fcber dem Maurienne-Tal.<\/p>\n\n\n\n<h2 class=\"wp-block-heading\">Geographische Lage<\/h2>\n\n\n\n<h3 class=\"wp-block-heading\">Massiv<\/h3>\n\n\n\n<p class=\"has-medium-font-size\">Der Col du T\u00e9l\u00e9graphe befindet sich im<strong>&nbsp;<a href=\"https:\/\/fr.wikipedia.org\/wiki\/Massif_des_Cerces\" target=\"_blank\" rel=\"noreferrer noopener\">Massif des Cerces<\/a>,<\/strong><\/p>\n\n\n\n<h3 class=\"wp-block-heading\">Geologie<\/h3>\n\n\n\n<p class=\"has-medium-font-size\">Die Stra\u00dfe zum Col du T\u00e9l\u00e9graphe, die St-Michel-de-Maurienne verl\u00e4sst, wird im Westen von dem Felsriegel Pas du Roc dominiert. Dieses Kalksteinrelief wird in seinem unteren Teil vom Fluss Arc durchflossen, der hier die Klus des D\u00e9fil\u00e9 du Pas du Roc geschaffen hat.  Danach steigt das Massiv kr\u00e4ftig an bis zum Fort und zum Col du T\u00e9l\u00e9graphe. <\/p>\n\n\n\n<p class=\"has-medium-font-size\">Sobald man den Pass \u00fcberquert hat, f\u00e4llt der Blick auf das Tal der Valloirette. Der Bach hat sein Bett in den konkaven Teil der durch tektonische Vorst\u00f6\u00dfe verursachten Faltung des Reliefs, die Synklinale, gegraben, w\u00e4hrend sich Fort und Pass auf dem konvexen Teil derselben Faltung, der \u00f6stlichen Antiklinale, befinden. <\/p>\n\n\n\n<p class=\"has-medium-font-size\">Der Col d'Albanne (<a href=\"https:\/\/centcols.org\/de\/util\/geo\/visu.php\/?code=FR-73-1652\" target=\"_blank\" rel=\"noopener\" title=\"\">DE-73-1652<\/a>) befindet sich seinerseits auf der westlichen Antiklinale.<\/p>\n\n\n<div class=\"wp-block-image\">\n<figure class=\"aligncenter size-full is-resized\"><img loading=\"lazy\" decoding=\"async\" width=\"818\" height=\"695\" src=\"https:\/\/centcols.org\/wp-content\/uploads\/2023\/08\/photo21.png\" alt=\"\" class=\"wp-image-89756\" style=\"width:800px\" srcset=\"https:\/\/centcols.org\/wp-content\/uploads\/2023\/08\/photo21.png 818w, https:\/\/centcols.org\/wp-content\/uploads\/2023\/08\/photo21-768x653.png 768w, https:\/\/centcols.org\/wp-content\/uploads\/2023\/08\/photo21-14x12.png 14w\" sizes=\"auto, (max-width: 818px) 100vw, 818px\" \/><figcaption class=\"wp-element-caption\"><strong>Die beschriebene Faltung =&gt; Kartenausschnitt von Openrunner und Open Street Map<\/strong><\/figcaption><\/figure>\n<\/div>\n\n\n<h3 class=\"wp-block-heading\">Hydrographie<\/h3>\n\n\n\n<p class=\"has-medium-font-size\">&nbsp;Der Pass befindet sich auf einem EPL zwischen Nebenfl\u00fcssen des Arc, darunter die Valloirette im Westen und B\u00e4che, die dem Seignes-Bach im Osten tribut\u00e4r sind.<\/p>\n\n\n\n<h3 class=\"wp-block-heading\">Zugang und Nachbarpass<\/h3>\n\n\n\n<p class=\"has-medium-font-size\">Die D902 verbindet Saint-Michel de Maurienne (im Norden, 11,8 km - alt. 730 m) \u00fcber den Col du T\u00e9l\u00e9graphe mit Valloire (im S\u00fcden, 4,8 km - alt. 1430 m).<\/p>\n\n\n<div class=\"wp-block-image\">\n<figure class=\"aligncenter size-full is-resized\"><img loading=\"lazy\" decoding=\"async\" width=\"795\" height=\"528\" src=\"https:\/\/centcols.org\/wp-content\/uploads\/2023\/08\/photo31.png\" alt=\"\" class=\"wp-image-89757\" style=\"width:800px\" srcset=\"https:\/\/centcols.org\/wp-content\/uploads\/2023\/08\/photo31.png 795w, https:\/\/centcols.org\/wp-content\/uploads\/2023\/08\/photo31-768x510.png 768w, https:\/\/centcols.org\/wp-content\/uploads\/2023\/08\/photo31-18x12.png 18w\" sizes=\"auto, (max-width: 795px) 100vw, 795px\" \/><\/figure>\n<\/div>\n\n\n<div class=\"wp-block-columns is-layout-flex wp-container-core-columns-is-layout-9d6595d7 wp-block-columns-is-layout-flex\">\n<div class=\"wp-block-column is-layout-flow wp-block-column-is-layout-flow\" style=\"flex-basis:50%\">\n<p class=\"has-medium-font-size\">Die D902 f\u00fchrt auf der Abfahrt nach Valloire durch den Weiler namens Le Col (<a title=\"\" href=\"https:\/\/centcols.org\/de\/util\/geo\/visu.php\/?code=FR-73-1522\" target=\"_blank\" rel=\"noopener\">DE-73-1522<\/a>), ist ein Flankenpass, der im Katalog des Club des Cent Cols verzeichnet ist.<\/p>\n\n\n\n<p class=\"has-medium-font-size\">&nbsp;Er befindet sich auf einer Wasserscheide zwischen Nebenfl\u00fcssen der Valloirette.<\/p>\n<\/div>\n\n\n\n<div class=\"wp-block-column is-layout-flow wp-block-column-is-layout-flow\" style=\"flex-basis:50%\">\n<figure class=\"wp-block-image size-full\"><img loading=\"lazy\" decoding=\"async\" width=\"400\" height=\"225\" src=\"https:\/\/centcols.org\/wp-content\/uploads\/2023\/08\/Photo4-11.jpg\" alt=\"\" class=\"wp-image-89758\" srcset=\"https:\/\/centcols.org\/wp-content\/uploads\/2023\/08\/Photo4-11.jpg 400w, https:\/\/centcols.org\/wp-content\/uploads\/2023\/08\/Photo4-11-18x10.jpg 18w\" sizes=\"auto, (max-width: 400px) 100vw, 400px\" \/><figcaption class=\"wp-element-caption\">Der Pass - Foto von Guy Garcin<\/figcaption><\/figure>\n<\/div>\n<\/div>\n\n\n\n<h2 class=\"wp-block-heading\">\u00c4nderung der Zug\u00e4nge<\/h2>\n\n\n\n<p class=\"has-medium-font-size\">Die Stra\u00dfenroute w\u00e4hrend der BRA 1936 bis 1942 (die BRA fand jedes Jahr statt) f\u00fchrte durch einen Tunnel, der etwa 500 m vor dem heutigen Durchgang (auf der Seite von Valloire) begann und in einer Kurve in der N\u00e4he des noch stehenden Kantinenhauses auf der Seite des Arc-Tals wieder austrat. Dieser Tunnel wurde 1944 von den Deutschen zerst\u00f6rt.&nbsp;<em>(die BRA fand in den Jahren 1943 und 1944 nicht statt)<\/em>. Eine Stra\u00dfe, die \u00fcber den heutigen Pass f\u00fchrt, wurde er\u00f6ffnet. Einst\u00fcrze und Vegetation haben den Eingang dieses Tunnels tal- und bergw\u00e4rts v\u00f6llig versperrt, sodass man nicht einmal mehr eine Spur davon erahnen kann ...<\/p>\n\n\n\n<h2 class=\"wp-block-heading\">Sehenswertes - Tourismus\u00a0<\/h2>\n\n\n\n<p class=\"has-medium-font-size\">1 km n\u00f6rdlich des Passes befindet sich Le&nbsp;<strong>fort du t\u00e9l\u00e9graphe<\/strong>, (selten auch als&nbsp;<strong>fort Berwick<\/strong>), ist 1.620 Meter \u00fcber dem Meeresspiegel. Er \u00fcberragt das Maurienne-Tal um 900 Meter.<\/p>\n\n\n\n<p class=\"has-medium-font-size\">An seiner Stelle befand sich urspr\u00fcnglich ein Posten der&nbsp;<a href=\"https:\/\/fr.wikipedia.org\/wiki\/T%C3%A9l%C3%A9graphe\">Telegraphie<\/a>&nbsp;<a href=\"https:\/\/fr.wikipedia.org\/wiki\/Tour_de_Chappe\">Chappe<\/a>&nbsp;(optische Telegrafie mit Gelenkarmen), die sich auf der Strecke von Lyon nach Mailand (ab 1809 Venedig) befindet. <\/p>\n\n\n\n<p class=\"has-medium-font-size\">Das Fort wurde zwischen 1886 und 1890 erbaut und geh\u00f6rt dem&nbsp;<a href=\"https:\/\/fr.wikipedia.org\/wiki\/Syst%C3%A8me_S%C3%A9r%C3%A9_de_Rivi%C3%A8res\">System S\u00e9r\u00e9 de Rivi\u00e8res<\/a>.<\/p>\n\n\n<div class=\"wp-block-image\">\n<figure class=\"aligncenter size-full is-resized\"><img loading=\"lazy\" decoding=\"async\" width=\"1024\" height=\"683\" src=\"https:\/\/centcols.org\/wp-content\/uploads\/2023\/08\/Photo61.jpg\" alt=\"\" class=\"wp-image-89759\" style=\"width:800px\" srcset=\"https:\/\/centcols.org\/wp-content\/uploads\/2023\/08\/Photo61.jpg 1024w, https:\/\/centcols.org\/wp-content\/uploads\/2023\/08\/Photo61-768x512.jpg 768w, https:\/\/centcols.org\/wp-content\/uploads\/2023\/08\/Photo61-18x12.jpg 18w\" sizes=\"auto, (max-width: 1024px) 100vw, 1024px\" \/><\/figure>\n<\/div>\n\n\n<p class=\"has-medium-font-size\">Das Fort ist jeden Sommer von Juli bis August f\u00fcr Besucher ge\u00f6ffnet,&nbsp;<\/p>\n\n\n\n<div class=\"wp-block-columns is-layout-flex wp-container-core-columns-is-layout-9d6595d7 wp-block-columns-is-layout-flex\">\n<div class=\"wp-block-column is-layout-flow wp-block-column-is-layout-flow\" style=\"flex-basis:50%\"><\/div>\n\n\n\n<div class=\"wp-block-column is-layout-flow wp-block-column-is-layout-flow\" style=\"flex-basis:50%\"><\/div>\n<\/div>\n\n\n\n<h2 class=\"wp-block-heading\">Radfahren und Fahrradtourismus<\/h2>\n\n\n\n<p class=\"has-medium-font-size\">Die verschiedenen Pr\u00fcfungen f\u00fchren \u00fcber den Col du T\u00e9l\u00e9graphe ... wenn sie am <a href=\"https:\/\/centcols.org\/de\/der-col-du-galibier\/\" target=\"_blank\" rel=\"noopener\" title=\"\">Col du Galibier<\/a>. <\/p>\n\n\n<div class=\"wp-block-image\">\n<figure class=\"aligncenter size-full is-resized\"><img loading=\"lazy\" decoding=\"async\" width=\"1024\" height=\"768\" src=\"https:\/\/centcols.org\/wp-content\/uploads\/2025\/05\/photo5-1.jpg\" alt=\"\" class=\"wp-image-82537\" style=\"width:800px\" srcset=\"https:\/\/centcols.org\/wp-content\/uploads\/2025\/05\/photo5-1.jpg 1024w, https:\/\/centcols.org\/wp-content\/uploads\/2025\/05\/photo5-1-768x576.jpg 768w\" sizes=\"auto, (max-width: 1024px) 100vw, 1024px\" \/><figcaption class=\"wp-element-caption\">BRA 2023: Der Club von Bourbon-Lancy (Sa\u00f4ne et Loire) - die meisten au\u00dferhalb von Is\u00e8re<br><em>(Anmerkung: Die Statue des Fahrrads ist neu - nicht auf alten Fotos oder im Internet)<\/em><\/figcaption><\/figure>\n<\/div>\n\n\n<h3 class=\"wp-block-heading\">Profil<\/h3>\n\n\n\n<p class=\"has-medium-font-size\">F\u00fcr die Maurienne-Seite (11,8 km, D+: 856 m): einige Passagen mit mehr als 10 % (in rot)<\/p>\n\n\n<div class=\"wp-block-image is-resized\">\n<figure class=\"aligncenter size-full\"><img loading=\"lazy\" decoding=\"async\" width=\"450\" height=\"281\" src=\"https:\/\/centcols.org\/wp-content\/uploads\/2025\/05\/Photo9.png\" alt=\"\" class=\"wp-image-82535\"\/><\/figure>\n<\/div>\n\n\n<p class=\"has-medium-font-size\">Und von St-Michel-de-Maurienne nach Valloire (Openrunner)<\/p>\n\n\n<div class=\"wp-block-image is-resized\">\n<figure class=\"aligncenter size-full\"><img loading=\"lazy\" decoding=\"async\" width=\"1012\" height=\"409\" src=\"https:\/\/centcols.org\/wp-content\/uploads\/2025\/05\/photo8.jpg\" alt=\"\" class=\"wp-image-82536\" srcset=\"https:\/\/centcols.org\/wp-content\/uploads\/2025\/05\/photo8.jpg 1012w, https:\/\/centcols.org\/wp-content\/uploads\/2025\/05\/photo8-768x310.jpg 768w\" sizes=\"auto, (max-width: 1012px) 100vw, 1012px\" \/><\/figure>\n<\/div>\n\n\n<p><\/p>\n\n\n\n<p class=\"has-text-align-right\"><em><em>Ein Artikel von G\u00e9rard Galland<\/em><\/em><br><em>und Bernard Giraudeau (f\u00fcr den geologischen Teil) <\/em><\/p>","protected":false},"excerpt":{"rendered":"<p>Toponymie Le col du T\u00e9l\u00e9graphe (FR-73-1566) est appel\u00e9 ainsi en raison d\u2019une tour du t\u00e9l\u00e9graphe Chappe, \u00e0 bras articul\u00e9s, construite en&nbsp;1807&nbsp;au bord de la falaise. Le&nbsp;fort du T\u00e9l\u00e9graphe&nbsp;\u00e0 proximit\u00e9 du col profitait pleinement de sa position strat\u00e9gique au-dessus de la vall\u00e9e de la&nbsp;Maurienne. Situation g\u00e9ographique Massif Le col du T\u00e9l\u00e9graphe est situ\u00e9 dans le le&nbsp;massif [&hellip;]<\/p>\n","protected":false},"author":3,"featured_media":83284,"comment_status":"closed","ping_status":"closed","sticky":false,"template":"","format":"standard","meta":{"_acf_changed":false,"footnotes":""},"categories":[308],"tags":[],"class_list":["post-82534","post","type-post","status-publish","format-standard","has-post-thumbnail","hentry","category-cols-en-vrac"],"acf":[],"yoast_head":"<!-- This site is optimized with the Yoast SEO plugin v27.2 - https:\/\/yoast.com\/product\/yoast-seo-wordpress\/ -->\n<title>Le col du T\u00e9l\u00e9graphe - Club des Cent Cols<\/title>\n<meta name=\"robots\" content=\"index, follow, max-snippet:-1, max-image-preview:large, max-video-preview:-1\" \/>\n<link rel=\"canonical\" href=\"https:\/\/centcols.org\/de\/der-telegrafenpass\/\" \/>\n<meta property=\"og:locale\" content=\"de_DE\" \/>\n<meta property=\"og:type\" content=\"article\" \/>\n<meta property=\"og:title\" content=\"Le col du T\u00e9l\u00e9graphe - Club des Cent Cols\" \/>\n<meta property=\"og:description\" content=\"Toponymie Le col du T\u00e9l\u00e9graphe (FR-73-1566) est appel\u00e9 ainsi en raison d\u2019une tour du t\u00e9l\u00e9graphe Chappe, \u00e0 bras articul\u00e9s, construite en&nbsp;1807&nbsp;au bord de la falaise. Le&nbsp;fort du T\u00e9l\u00e9graphe&nbsp;\u00e0 proximit\u00e9 du col profitait pleinement de sa position strat\u00e9gique au-dessus de la vall\u00e9e de la&nbsp;Maurienne. Situation g\u00e9ographique Massif Le col du T\u00e9l\u00e9graphe est situ\u00e9 dans le le&nbsp;massif [&hellip;]\" \/>\n<meta property=\"og:url\" content=\"https:\/\/centcols.org\/de\/der-telegrafenpass\/\" \/>\n<meta property=\"og:site_name\" content=\"Club des Cent Cols\" \/>\n<meta property=\"article:publisher\" content=\"https:\/\/www.facebook.com\/groups\/5261880558\/?locale=fr_FR\" \/>\n<meta property=\"article:published_time\" content=\"2023-08-06T05:30:29+00:00\" \/>\n<meta property=\"article:modified_time\" content=\"2026-01-31T17:03:49+00:00\" \/>\n<meta property=\"og:image\" content=\"https:\/\/centcols.org\/wp-content\/uploads\/\/2023\/08\/telegraphe02.jpg\" \/>\n\t<meta property=\"og:image:width\" content=\"1200\" \/>\n\t<meta property=\"og:image:height\" content=\"675\" \/>\n\t<meta property=\"og:image:type\" content=\"image\/jpeg\" \/>\n<meta name=\"author\" content=\"Webmestre\" \/>\n<meta name=\"twitter:card\" content=\"summary_large_image\" \/>\n<meta name=\"twitter:label1\" content=\"Verfasst von\" \/>\n\t<meta name=\"twitter:data1\" content=\"Webmestre\" \/>\n\t<meta name=\"twitter:label2\" content=\"Gesch\u00e4tzte Lesezeit\" \/>\n\t<meta name=\"twitter:data2\" content=\"5\u00a0Minuten\" \/>\n<script type=\"application\/ld+json\" class=\"yoast-schema-graph\">{\"@context\":\"https:\/\/schema.org\",\"@graph\":[{\"@type\":\"Article\",\"@id\":\"https:\/\/centcols.org\/le-col-du-telegraphe\/#article\",\"isPartOf\":{\"@id\":\"https:\/\/centcols.org\/le-col-du-telegraphe\/\"},\"author\":{\"name\":\"Webmestre\",\"@id\":\"https:\/\/centcols.org\/#\/schema\/person\/911b404fb133d8c913dd27cdcf71c8e5\"},\"headline\":\"Le col du T\u00e9l\u00e9graphe\",\"datePublished\":\"2023-08-06T05:30:29+00:00\",\"dateModified\":\"2026-01-31T17:03:49+00:00\",\"mainEntityOfPage\":{\"@id\":\"https:\/\/centcols.org\/le-col-du-telegraphe\/\"},\"wordCount\":688,\"publisher\":{\"@id\":\"https:\/\/centcols.org\/#organization\"},\"image\":{\"@id\":\"https:\/\/centcols.org\/le-col-du-telegraphe\/#primaryimage\"},\"thumbnailUrl\":\"https:\/\/centcols.org\/wp-content\/uploads\/\/2023\/08\/telegraphe02.jpg\",\"articleSection\":[\"Cols en vrac\"],\"inLanguage\":\"de\"},{\"@type\":\"WebPage\",\"@id\":\"https:\/\/centcols.org\/le-col-du-telegraphe\/\",\"url\":\"https:\/\/centcols.org\/le-col-du-telegraphe\/\",\"name\":\"Le col du T\u00e9l\u00e9graphe - Club des Cent Cols\",\"isPartOf\":{\"@id\":\"https:\/\/centcols.org\/#website\"},\"primaryImageOfPage\":{\"@id\":\"https:\/\/centcols.org\/le-col-du-telegraphe\/#primaryimage\"},\"image\":{\"@id\":\"https:\/\/centcols.org\/le-col-du-telegraphe\/#primaryimage\"},\"thumbnailUrl\":\"https:\/\/centcols.org\/wp-content\/uploads\/\/2023\/08\/telegraphe02.jpg\",\"datePublished\":\"2023-08-06T05:30:29+00:00\",\"dateModified\":\"2026-01-31T17:03:49+00:00\",\"breadcrumb\":{\"@id\":\"https:\/\/centcols.org\/le-col-du-telegraphe\/#breadcrumb\"},\"inLanguage\":\"de\",\"potentialAction\":[{\"@type\":\"ReadAction\",\"target\":[\"https:\/\/centcols.org\/le-col-du-telegraphe\/\"]}]},{\"@type\":\"ImageObject\",\"inLanguage\":\"de\",\"@id\":\"https:\/\/centcols.org\/le-col-du-telegraphe\/#primaryimage\",\"url\":\"https:\/\/centcols.org\/wp-content\/uploads\/\/2023\/08\/telegraphe02.jpg\",\"contentUrl\":\"https:\/\/centcols.org\/wp-content\/uploads\/\/2023\/08\/telegraphe02.jpg\",\"width\":1200,\"height\":675},{\"@type\":\"BreadcrumbList\",\"@id\":\"https:\/\/centcols.org\/le-col-du-telegraphe\/#breadcrumb\",\"itemListElement\":[{\"@type\":\"ListItem\",\"position\":1,\"name\":\"Accueil\",\"item\":\"https:\/\/centcols.org\/\"},{\"@type\":\"ListItem\",\"position\":2,\"name\":\"Cols en vrac\",\"item\":\"https:\/\/centcols.org\/rubrique\/cols-en-vrac\/\"},{\"@type\":\"ListItem\",\"position\":3,\"name\":\"Le col du T\u00e9l\u00e9graphe\"}]},{\"@type\":\"WebSite\",\"@id\":\"https:\/\/centcols.org\/#website\",\"url\":\"https:\/\/centcols.org\/\",\"name\":\"Club des Cent Cols\",\"description\":\"\",\"publisher\":{\"@id\":\"https:\/\/centcols.org\/#organization\"},\"potentialAction\":[{\"@type\":\"SearchAction\",\"target\":{\"@type\":\"EntryPoint\",\"urlTemplate\":\"https:\/\/centcols.org\/?s={search_term_string}\"},\"query-input\":{\"@type\":\"PropertyValueSpecification\",\"valueRequired\":true,\"valueName\":\"search_term_string\"}}],\"inLanguage\":\"de\"},{\"@type\":\"Organization\",\"@id\":\"https:\/\/centcols.org\/#organization\",\"name\":\"Club des Cent Cols\",\"url\":\"https:\/\/centcols.org\/\",\"logo\":{\"@type\":\"ImageObject\",\"inLanguage\":\"de\",\"@id\":\"https:\/\/centcols.org\/#\/schema\/logo\/image\/\",\"url\":\"https:\/\/centcols.org\/wp-content\/uploads\/2025\/01\/carte-icone.png\",\"contentUrl\":\"https:\/\/centcols.org\/wp-content\/uploads\/2025\/01\/carte-icone.png\",\"width\":250,\"height\":250,\"caption\":\"Club des Cent Cols\"},\"image\":{\"@id\":\"https:\/\/centcols.org\/#\/schema\/logo\/image\/\"},\"sameAs\":[\"https:\/\/www.facebook.com\/groups\/5261880558\/?locale=fr_FR\"]},{\"@type\":\"Person\",\"@id\":\"https:\/\/centcols.org\/#\/schema\/person\/911b404fb133d8c913dd27cdcf71c8e5\",\"name\":\"Webmestre\",\"image\":{\"@type\":\"ImageObject\",\"inLanguage\":\"de\",\"@id\":\"https:\/\/centcols.org\/wp-content\/litespeed\/avatar\/2d246e4b6b4f773e08515e1ffc53690b.jpg?ver=1777222892\",\"url\":\"https:\/\/centcols.org\/wp-content\/litespeed\/avatar\/2d246e4b6b4f773e08515e1ffc53690b.jpg?ver=1777222892\",\"contentUrl\":\"https:\/\/centcols.org\/wp-content\/litespeed\/avatar\/2d246e4b6b4f773e08515e1ffc53690b.jpg?ver=1777222892\",\"caption\":\"Webmestre\"},\"url\":\"https:\/\/centcols.org\/de\/author\/webmestre\/\"}]}<\/script>\n<!-- \/ Yoast SEO plugin. -->","yoast_head_json":{"title":"Der Col du T\u00e9l\u00e9graphe - Club des Cent Cols","robots":{"index":"index","follow":"follow","max-snippet":"max-snippet:-1","max-image-preview":"max-image-preview:large","max-video-preview":"max-video-preview:-1"},"canonical":"https:\/\/centcols.org\/de\/der-telegrafenpass\/","og_locale":"de_DE","og_type":"article","og_title":"Le col du T\u00e9l\u00e9graphe - Club des Cent Cols","og_description":"Toponymie Le col du T\u00e9l\u00e9graphe (FR-73-1566) est appel\u00e9 ainsi en raison d\u2019une tour du t\u00e9l\u00e9graphe Chappe, \u00e0 bras articul\u00e9s, construite en&nbsp;1807&nbsp;au bord de la falaise. Le&nbsp;fort du T\u00e9l\u00e9graphe&nbsp;\u00e0 proximit\u00e9 du col profitait pleinement de sa position strat\u00e9gique au-dessus de la vall\u00e9e de la&nbsp;Maurienne. Situation g\u00e9ographique Massif Le col du T\u00e9l\u00e9graphe est situ\u00e9 dans le le&nbsp;massif [&hellip;]","og_url":"https:\/\/centcols.org\/de\/der-telegrafenpass\/","og_site_name":"Club des Cent Cols","article_publisher":"https:\/\/www.facebook.com\/groups\/5261880558\/?locale=fr_FR","article_published_time":"2023-08-06T05:30:29+00:00","article_modified_time":"2026-01-31T17:03:49+00:00","og_image":[{"width":1200,"height":675,"url":"https:\/\/centcols.org\/wp-content\/uploads\/\/2023\/08\/telegraphe02.jpg","type":"image\/jpeg"}],"author":"Webmestre","twitter_card":"summary_large_image","twitter_misc":{"Verfasst von":"Webmestre","Gesch\u00e4tzte Lesezeit":"5\u00a0Minuten"},"schema":{"@context":"https:\/\/schema.org","@graph":[{"@type":"Article","@id":"https:\/\/centcols.org\/le-col-du-telegraphe\/#article","isPartOf":{"@id":"https:\/\/centcols.org\/le-col-du-telegraphe\/"},"author":{"name":"Webmestre","@id":"https:\/\/centcols.org\/#\/schema\/person\/911b404fb133d8c913dd27cdcf71c8e5"},"headline":"Le col du T\u00e9l\u00e9graphe","datePublished":"2023-08-06T05:30:29+00:00","dateModified":"2026-01-31T17:03:49+00:00","mainEntityOfPage":{"@id":"https:\/\/centcols.org\/le-col-du-telegraphe\/"},"wordCount":688,"publisher":{"@id":"https:\/\/centcols.org\/#organization"},"image":{"@id":"https:\/\/centcols.org\/le-col-du-telegraphe\/#primaryimage"},"thumbnailUrl":"https:\/\/centcols.org\/wp-content\/uploads\/\/2023\/08\/telegraphe02.jpg","articleSection":["Cols en vrac"],"inLanguage":"de"},{"@type":"WebPage","@id":"https:\/\/centcols.org\/le-col-du-telegraphe\/","url":"https:\/\/centcols.org\/le-col-du-telegraphe\/","name":"Der Col du T\u00e9l\u00e9graphe - Club des Cent Cols","isPartOf":{"@id":"https:\/\/centcols.org\/#website"},"primaryImageOfPage":{"@id":"https:\/\/centcols.org\/le-col-du-telegraphe\/#primaryimage"},"image":{"@id":"https:\/\/centcols.org\/le-col-du-telegraphe\/#primaryimage"},"thumbnailUrl":"https:\/\/centcols.org\/wp-content\/uploads\/\/2023\/08\/telegraphe02.jpg","datePublished":"2023-08-06T05:30:29+00:00","dateModified":"2026-01-31T17:03:49+00:00","breadcrumb":{"@id":"https:\/\/centcols.org\/le-col-du-telegraphe\/#breadcrumb"},"inLanguage":"de","potentialAction":[{"@type":"ReadAction","target":["https:\/\/centcols.org\/le-col-du-telegraphe\/"]}]},{"@type":"ImageObject","inLanguage":"de","@id":"https:\/\/centcols.org\/le-col-du-telegraphe\/#primaryimage","url":"https:\/\/centcols.org\/wp-content\/uploads\/\/2023\/08\/telegraphe02.jpg","contentUrl":"https:\/\/centcols.org\/wp-content\/uploads\/\/2023\/08\/telegraphe02.jpg","width":1200,"height":675},{"@type":"BreadcrumbList","@id":"https:\/\/centcols.org\/le-col-du-telegraphe\/#breadcrumb","itemListElement":[{"@type":"ListItem","position":1,"name":"Accueil","item":"https:\/\/centcols.org\/"},{"@type":"ListItem","position":2,"name":"Cols en vrac","item":"https:\/\/centcols.org\/rubrique\/cols-en-vrac\/"},{"@type":"ListItem","position":3,"name":"Le col du T\u00e9l\u00e9graphe"}]},{"@type":"WebSite","@id":"https:\/\/centcols.org\/#website","url":"https:\/\/centcols.org\/","name":"Club des Cent Cols","description":"","publisher":{"@id":"https:\/\/centcols.org\/#organization"},"potentialAction":[{"@type":"SearchAction","target":{"@type":"EntryPoint","urlTemplate":"https:\/\/centcols.org\/?s={search_term_string}"},"query-input":{"@type":"PropertyValueSpecification","valueRequired":true,"valueName":"search_term_string"}}],"inLanguage":"de"},{"@type":"Organization","@id":"https:\/\/centcols.org\/#organization","name":"Club des Cent Cols","url":"https:\/\/centcols.org\/","logo":{"@type":"ImageObject","inLanguage":"de","@id":"https:\/\/centcols.org\/#\/schema\/logo\/image\/","url":"https:\/\/centcols.org\/wp-content\/uploads\/2025\/01\/carte-icone.png","contentUrl":"https:\/\/centcols.org\/wp-content\/uploads\/2025\/01\/carte-icone.png","width":250,"height":250,"caption":"Club des Cent Cols"},"image":{"@id":"https:\/\/centcols.org\/#\/schema\/logo\/image\/"},"sameAs":["https:\/\/www.facebook.com\/groups\/5261880558\/?locale=fr_FR"]},{"@type":"Person","@id":"https:\/\/centcols.org\/#\/schema\/person\/911b404fb133d8c913dd27cdcf71c8e5","name":"Webmaster","image":{"@type":"ImageObject","inLanguage":"de","@id":"https:\/\/centcols.org\/wp-content\/litespeed\/avatar\/2d246e4b6b4f773e08515e1ffc53690b.jpg?ver=1777222892","url":"https:\/\/centcols.org\/wp-content\/litespeed\/avatar\/2d246e4b6b4f773e08515e1ffc53690b.jpg?ver=1777222892","contentUrl":"https:\/\/centcols.org\/wp-content\/litespeed\/avatar\/2d246e4b6b4f773e08515e1ffc53690b.jpg?ver=1777222892","caption":"Webmestre"},"url":"https:\/\/centcols.org\/de\/author\/webmestre\/"}]}},"_links":{"self":[{"href":"https:\/\/centcols.org\/de\/wp-json\/wp\/v2\/posts\/82534","targetHints":{"allow":["GET"]}}],"collection":[{"href":"https:\/\/centcols.org\/de\/wp-json\/wp\/v2\/posts"}],"about":[{"href":"https:\/\/centcols.org\/de\/wp-json\/wp\/v2\/types\/post"}],"author":[{"embeddable":true,"href":"https:\/\/centcols.org\/de\/wp-json\/wp\/v2\/users\/3"}],"replies":[{"embeddable":true,"href":"https:\/\/centcols.org\/de\/wp-json\/wp\/v2\/comments?post=82534"}],"version-history":[{"count":0,"href":"https:\/\/centcols.org\/de\/wp-json\/wp\/v2\/posts\/82534\/revisions"}],"wp:featuredmedia":[{"embeddable":true,"href":"https:\/\/centcols.org\/de\/wp-json\/wp\/v2\/media\/83284"}],"wp:attachment":[{"href":"https:\/\/centcols.org\/de\/wp-json\/wp\/v2\/media?parent=82534"}],"wp:term":[{"taxonomy":"category","embeddable":true,"href":"https:\/\/centcols.org\/de\/wp-json\/wp\/v2\/categories?post=82534"},{"taxonomy":"post_tag","embeddable":true,"href":"https:\/\/centcols.org\/de\/wp-json\/wp\/v2\/tags?post=82534"}],"curies":[{"name":"wp","href":"https:\/\/api.w.org\/{rel}","templated":true}]}}