{"id":82538,"date":"2023-08-06T09:05:53","date_gmt":"2023-08-06T07:05:53","guid":{"rendered":"https:\/\/centcols.org\/le-col-du-lautaret\/"},"modified":"2025-10-20T19:45:16","modified_gmt":"2025-10-20T17:45:16","slug":"der-col-du-lautaret","status":"publish","type":"post","link":"https:\/\/centcols.org\/de\/le-col-du-lautaret\/","title":{"rendered":"Der Lautaret-Pass"},"content":{"rendered":"<h2 class=\"wp-block-heading\">Ortsnamenkunde<\/h2>\n\n\n\n<p>Das Toponym des Col du Lautaret (<strong><a href=\"https:\/\/centcols.org\/de\/util\/geo\/visu.php\/?code=FR-05-2057\" target=\"_blank\" rel=\"noreferrer noopener\">DE-05-2057<\/a><\/strong>) hat einen umstrittenen Ursprung. Der Name soll sich von :<\/p>\n\n\n\n<ul class=\"wp-block-list\">\n<li>von autaret (von lateinisch altare - Altar) kleine H\u00f6he, auf der den G\u00f6ttern geopfert wurde<\/li>\n\n\n\n<li>oder wahrscheinlicher vom vorindoeurop\u00e4ischen Stamm&nbsp;<em>aut&nbsp;<\/em>das die Idee von \u00abH\u00f6he\u00bb, \u00abErhebung\u00bb ausdr\u00fcckt, ein Wortstamm, von dem einerseits das lateinische Wort&nbsp;<em>all\u00e2re<\/em>, Sie haben die M\u00f6glichkeit, sich in einem anderen Raum aufzuhalten,&nbsp;<em>allaret<\/em>,&nbsp;<em>allare<\/em>&nbsp;oder&nbsp;<em>autaret<\/em>, Der h\u00f6chste Punkt eines Pfades, der zu einem Pass, einer Alm oder einem Berg f\u00fchrt.<\/li>\n<\/ul>\n\n\n\n<p>Hinweis: Der Katalog der P\u00e4sse in Frankreich enth\u00e4lt 2 Cols du Lautaret und 4 Cols de l'Autaret.<\/p>\n\n\n<div class=\"wp-block-image\">\n<figure class=\"aligncenter size-full is-resized\"><img loading=\"lazy\" decoding=\"async\" width=\"1200\" height=\"900\" src=\"https:\/\/centcols.org\/wp-content\/uploads\/2023\/08\/lautaret-photo-1200x9001-1.jpg\" alt=\"\" class=\"wp-image-89747\" style=\"width:800px\" srcset=\"https:\/\/centcols.org\/wp-content\/uploads\/2023\/08\/lautaret-photo-1200x9001-1.jpg 1200w, https:\/\/centcols.org\/wp-content\/uploads\/2023\/08\/lautaret-photo-1200x9001-1-768x576.jpg 768w, https:\/\/centcols.org\/wp-content\/uploads\/2023\/08\/lautaret-photo-1200x9001-1-16x12.jpg 16w\" sizes=\"auto, (max-width: 1200px) 100vw, 1200px\" \/><\/figure>\n<\/div>\n\n\n<h2 class=\"wp-block-heading\">Geographische Lage<\/h2>\n\n\n\n<h3 class=\"wp-block-heading\">Massive<\/h3>\n\n\n\n<p>Es ist einer der tiefsten Punkte auf der Kammlinie, die die&nbsp;<a href=\"https:\/\/fr.wikipedia.org\/wiki\/Alpes_du_Nord\" target=\"_blank\" rel=\"noreferrer noopener\">N\u00f6rdliche Alpen<\/a>&nbsp;und die&nbsp;<a href=\"https:\/\/fr.wikipedia.org\/wiki\/Alpes_du_Sud_(France)\" target=\"_blank\" rel=\"noreferrer noopener\">S\u00fcdalpen<\/a>, zwischen dem Massif des&nbsp;<a href=\"https:\/\/fr.wikipedia.org\/wiki\/Massif_des_Arves\" target=\"_blank\" rel=\"noreferrer noopener\">Arves<\/a>&nbsp;im Norden und der &nbsp;<a href=\"https:\/\/fr.wikipedia.org\/wiki\/Massif_des_%C3%89crins\" target=\"_blank\" rel=\"noreferrer noopener\">\u00c9crins-Massiv<\/a>&nbsp;im S\u00fcden. &nbsp;<\/p>\n\n\n\n<h3 class=\"wp-block-heading\">Geologie<\/h3>\n\n\n\n<p>Der Col du Lautaret ist keine Ausnahme von der Regel, die in diesem alpinen Gebiet vorherrscht.  Unterschiedliche geologische Schichten liegen hier nebeneinander und \u00fcberlappen sich munter unter dem Druck der noch immer andauernden Alpenhebung.<\/p>\n\n\n\n<p>Das charakteristische Merkmal des Col du Lautaret ist sein schaumiger, abgerundeter Kamm, der das Ergebnis der abschleifenden Wirkung eines Gletschers ist, der sich in jedes der beiden angrenzenden T\u00e4ler ausbreitete. Eine Mor\u00e4nenablagerung am Ende des Gletschers hat die Flachheit des Passes noch verst\u00e4rkt.  Serre Orel, die kleine Kuppe s\u00fcdlich des Passes, ist widerstandsf\u00e4higer und hat ein kr\u00e4ftigeres Relief behalten.<\/p>\n\n\n\n<p>Viele der religi\u00f6sen Geb\u00e4ude im Oisans, in den T\u00e4lern der Guisane, der Clar\u00e9e, der Haute Durance und der Haute Romanche wurden aus Kalksteintuff mit Pflanzenwuchs errichtet, der aus den \u00f6rtlichen Tuffgruben gewonnen wurde, von denen sich eine am Col du Lautaret im Jardin alpin befindet. Sie werden so genannt, weil sie sich durch die Interaktion von Kalkstein, Wasser und Pflanzen auf besondere Weise bilden.&nbsp;<\/p>\n\n\n\n<p>Der interessierte Leser sollte den sehr ausf\u00fchrlichen Artikel von&nbsp;<a href=\"http:\/\/www.geol-alp.com\/h_oisans\/_lieux\/guisane_vallouise\/Lautaret.html\" target=\"_blank\" rel=\"noreferrer noopener\">geol-alp.com&nbsp;<\/a><\/p>\n\n\n\n<h3 class=\"wp-block-heading\">Hydrographie<\/h3>\n\n\n\n<p>Der Col du Lautaret liegt auf der Wasserscheide zwischen dem \u00a0<a href=\"https:\/\/cyclotouristes-grenoblois.assoconnect.com\/articles\/135683-les-cols-situes-sur-les-lignes-de-p-des-e-autour-du-bassin-de-lisere\" target=\"_blank\" rel=\"noreferrer noopener\">Is\u00e8re-Becken<\/a>\u00a0und der\u00a0<a href=\"https:\/\/cyclotouristes-grenoblois.assoconnect.com\/articles\/138513-les-cols-situes-sur-les-lpe-autour-du-bassin-de-la-durance\" target=\"_blank\" rel=\"noreferrer noopener\">Durance-Becken<\/a>\u00a0(beide sind Nebenfl\u00fcsse der Rh\u00f4ne).<\/p>\n\n\n\n<p>Seite&nbsp;<strong>N\u00f6rdliche Alpen<\/strong>&nbsp;(am Col du Lautaret jedoch nach Westen gerichtet), die&nbsp;<a href=\"https:\/\/fr.wikipedia.org\/wiki\/Romanche_(rivi%C3%A8re)\" target=\"_blank\" rel=\"noreferrer noopener\">Romanche<\/a>&nbsp;(ein Nebenfluss des Drac und sp\u00e4ter der Is\u00e8re) entspringt s\u00fcdwestlich des Passes am Gletscher Plate des Agneaux im n\u00f6rdlichen Teil des \u00c9crins-Massivs.<\/p>\n\n\n\n<p>Seite&nbsp;<strong>S\u00fcdalpen<\/strong>,&nbsp;<a href=\"https:\/\/fr.wikipedia.org\/wiki\/Vall%C3%A9e_de_la_Guisane\" target=\"_blank\" rel=\"noreferrer noopener\">&nbsp;der Guisane<\/a>&nbsp;(Nebenfluss der Durance) entspringt in der N\u00e4he des Passes, s\u00fcdlich davon, am Nordhang des&nbsp;<a href=\"https:\/\/fr.wikipedia.org\/wiki\/Combeynot\" target=\"_blank\" rel=\"noreferrer noopener\">Combeynot<\/a>.<\/p>\n\n\n\n<h3 class=\"wp-block-heading\">Zugang<\/h3>\n\n\n<div class=\"wp-block-image is-resized\">\n<figure class=\"aligncenter size-full\"><img loading=\"lazy\" decoding=\"async\" width=\"802\" height=\"439\" src=\"https:\/\/centcols.org\/wp-content\/uploads\/2023\/08\/Lautaret1.jpg\" alt=\"\" class=\"wp-image-89749\" style=\"width:800px\" srcset=\"https:\/\/centcols.org\/wp-content\/uploads\/2023\/08\/Lautaret1.jpg 802w, https:\/\/centcols.org\/wp-content\/uploads\/2023\/08\/Lautaret1-768x420.jpg 768w, https:\/\/centcols.org\/wp-content\/uploads\/2023\/08\/Lautaret1-18x10.jpg 18w\" sizes=\"auto, (max-width: 802px) 100vw, 802px\" \/><\/figure>\n<\/div>\n\n\n<p><strong>Westhang (Nordalpen)<\/strong><\/p>\n\n\n\n<p>Die N85 f\u00fchrt von Grenoble (90 km entfernt, 214 m \u00fc. M.) nach Vizille (72 km entfernt, 278 m \u00fc. M.), dann die D1091 nach Bourg d'Oisans (40 km entfernt, 719 m \u00fc. M.).<\/p>\n\n\n\n<p>Nach Bourg d'Oisans f\u00fchrt die 4,5 km lange Gerade entlang des rechten Ufers der Romanche nach Le Clapier. Auf H\u00f6he des gleichnamigen Staudamms nimmt die D1091 die Rampe von Les Comm\u00e8res in Angriff, oberhalb der Schlucht von Infernet.<br>Die Bezeichnung \u00abRampe der Klatschweiber\u00bb stammt aus dem kollektiven Ged\u00e4chtnis, da die Reisenden auf diesem steilen Abschnitt der Stra\u00dfe aus der Kutsche aussteigen mussten, um die Pferde nicht zu ersch\u00f6pfen. Dieser erzwungene Marsch l\u00f6ste die Zungen, vor allem die der Damen, die \u00fcber alles und nichts redeten.<br>Eine rationalere Erkl\u00e4rung besagt, dass der Name auf den Bach \"Les Comm\u00e8res\" zur\u00fcckzuf\u00fchren ist, der f\u00fcr die Stra\u00dfe kanalisiert werden musste. Weitere Informationen :<br><a href=\"https:\/\/freneydoisans.com\/freneytique\/mystere-de-la-rampe-des-commeres\/\" target=\"_blank\" rel=\"noreferrer noopener\">https:\/\/freneydoisans.com\/freneytique\/mystere-de-la-rampe-des-commeres\/<\/a><\/p>\n\n\n\n<p>Dann f\u00fchrt die Stra\u00dfe zum Chambon-Staudamm (25 km entfernt, Alt. 1040 m), und \u00fcberquert die Grenze Is\u00e8re \/ Hautes-Alpes 19 km vom Pass entfernt, (Alt. 1134 m) und durchquert dann La Grave (11 km entfernt, Alt.1526 m).<\/p>\n\n\n\n<p><strong>S\u00fcdosthang (S\u00fcdalpen)<\/strong><\/p>\n\n\n\n<p>Von Brian\u00e7on (27 km entfernt, Alt. 1215 m) f\u00fchrt die D1091 zum Lautaret-Pass und durchquert dabei den Ferienort Serre-Chevalier und seine verschiedenen D\u00f6rfer: Chantemerle (Gemeinde St Chaffrey - 22,5 km entfernt, Alt. 1350m), Villeneuve (Gemeinde La Salle-les-Alpes, 19 km entfernt, Alt. 1385), Monetier les Bains (13 km entfernt, Alt. 1500 m).<\/p>\n\n\n\n<p><strong>Zugang vom Galibier<\/strong><\/p>\n\n\n\n<p>Vom Col du Galibier (2642 m) zum Col du Lautaret (2057 m), 8,7 km Abfahrt \u00fcber die D1091 (durchschnittliche Steigung 6,7 %).<\/p>\n\n\n\n<h3 class=\"wp-block-heading\"><strong>\u00c4nderungen des Zugangs<\/strong><\/h3>\n\n\n\n<p><strong>Westhang (Nordalpen)<\/strong><\/p>\n\n\n\n<p>Dieser Stra\u00dfe durch die Alpen gingen mehrere andere Verkehrswege voraus, darunter eine R\u00f6merstra\u00dfe, die in der Antike Grenoble mit Brian\u00e7on verband, und Jahrhunderte sp\u00e4ter die Stra\u00dfe von Grenoble nach Brian\u00e7on, die auch als kleine Stra\u00dfe des Oisans und sp\u00e4ter als Kaiserstra\u00dfe n<sup>o<\/sup>&nbsp;110 zu Beginn des 19.<sup>sten<\/sup>&nbsp;Jahrhundert. Jahrhundert. Ihr Verlauf war zwar nicht identisch, aber im Gro\u00dfen und Ganzen \u00e4hnlich.<\/p>\n\n\n\n<p>Vor der Erstellung des&nbsp;<a href=\"https:\/\/fr.wikipedia.org\/wiki\/Barrage_du_Chambon\" target=\"_blank\" rel=\"noreferrer noopener\">Chambon-Staudamm<\/a>&nbsp;(1935 aufgestaut) verlief die Stra\u00dfe in der Talsohle. Da der Stausee diese Stelle ertr\u00e4nkte, wurde f\u00fcr die Stra\u00dfe ein neuer Verlauf gew\u00e4hlt, der \u00fcber die Krone des Stausees f\u00fchrte, bevor er den See auf seiner Nordseite \u00fcber den&nbsp;<a href=\"https:\/\/fr.wikipedia.org\/wiki\/Tunnel_du_Chambon\" target=\"_blank\" rel=\"noreferrer noopener\">Chambon-Tunnel<\/a>.<\/p>\n\n\n\n<p>Am 10. April 2015 hat der&nbsp;<a href=\"https:\/\/fr.wikipedia.org\/wiki\/Tunnel_du_Chambon\" target=\"_blank\" rel=\"noreferrer noopener\">Chambon-Tunnel<\/a>&nbsp;&nbsp;ist komplett f\u00fcr den Verkehr gesperrt, aufgrund von\u2019<a href=\"https:\/\/fr.wikipedia.org\/wiki\/Glissement_de_terrain_du_Chambon\" target=\"_blank\" rel=\"noreferrer noopener\">Felsst\u00fcrze und Erdrutsche<\/a>&nbsp;die das Bauwerk geschw\u00e4cht hatten. Dies f\u00fchrt zu einer vollst\u00e4ndigen Unterbrechung der D1091 und zu erheblichen Verkehrsproblemen im Tal, sowohl f\u00fcr die Bewohner als auch f\u00fcr die Berufst\u00e4tigen und Touristen, die die Stra\u00dfe gew\u00f6hnlich benutzen.&nbsp;<a href=\"https:\/\/fr.wikipedia.org\/wiki\/Route_de_secours_1091\" target=\"_blank\" rel=\"noreferrer noopener\">Notstra\u00dfe (SR 1091)<\/a>&nbsp;wurde am 24. November 2015 am linken Ufer des Sees er\u00f6ffnet. Er wurde 2017 (aus Pflichtgr\u00fcnden) und 2019 (anl\u00e4sslich der Einweihung des neuen Tunnels durch das D\u00e9partement Is\u00e8re) vom BRA befahren. Seit 2020 ist er ein Gr\u00fcner Weg und wurde 2023 befahren, um die Durchfahrt durch den 990 m langen Tunnel zu vermeiden.<\/p>\n\n\n\n<p class=\"has-medium-font-size\"><strong>Westhang (Nordalpen)<\/strong><\/p>\n\n\n<div class=\"wp-block-image is-resized\">\n<figure class=\"aligncenter size-full\"><img loading=\"lazy\" decoding=\"async\" width=\"860\" height=\"466\" src=\"https:\/\/centcols.org\/wp-content\/uploads\/2023\/08\/Chambon1.jpg\" alt=\"\" class=\"wp-image-89750\" style=\"width:800px\" srcset=\"https:\/\/centcols.org\/wp-content\/uploads\/2023\/08\/Chambon1.jpg 860w, https:\/\/centcols.org\/wp-content\/uploads\/2023\/08\/Chambon1-768x416.jpg 768w, https:\/\/centcols.org\/wp-content\/uploads\/2023\/08\/Chambon1-18x10.jpg 18w\" sizes=\"auto, (max-width: 860px) 100vw, 860px\" \/><figcaption class=\"wp-element-caption\"><strong>Im Mai 2016 begannen die Arbeiten f\u00fcr den Bau eines Umleitungstunnels, die vom D\u00e9partement Is\u00e8re durchgef\u00fchrt wurden. Dieser&nbsp;<a href=\"http:\/\/geoconfluences.ens-lyon.fr\/actualites\/veille\/la-fermeture-du-tunnel-du-chambon-un-exemple-de-risque-en-montagne#:~:text=D'une%20\" target=\"_blank\" rel=\"noopener\" title=\"\">Umleitungstunnel<\/a>&nbsp;wird tiefer in den Berg gegraben und erm\u00f6glicht es, das geschw\u00e4chte Gebiet zu umgehen. Nach vor\u00fcbergehenden \u00d6ffnungen erfolgte die endg\u00fcltige Er\u00f6ffnung am 15. Dezember 2017, nachdem sie zweieinhalb Jahre lang geschlossen war.<\/strong><\/figcaption><\/figure>\n<\/div>\n\n\n<p><strong>Zum Galibier<\/strong><\/p>\n\n\n\n<p>Die heutige Stra\u00dfe stammt aus dem Jahr 1936.<\/p>\n\n\n\n<p>Einen historischen \u00dcberblick \u00fcber die \u00c4nderungen an der Stra\u00dfe bietet der Artikel von Lucien Chevalier :&nbsp;<strong><u><a href=\"https:\/\/centcols.org\/wp-admin\/Une%20histoire%20de%20la%20route%20du%20col%20du%20Galibier%20.\" target=\"_blank\" rel=\"noreferrer noopener\">Eine <\/a><a href=\"https:\/\/cyclotouristes-grenoblois.assoconnect.com\/articles\/125949-une-histoire-de-la-route-du-col-du-galibier\" target=\"_blank\" rel=\"noreferrer noopener\">Geschichte der Stra\u00dfe \u00fcber den Galibier-Pass<\/a><\/u><\/strong>.<\/p>\n\n\n\n<h2 class=\"wp-block-heading\">Sehenswertes - Tourismus\u00a0<\/h2>\n\n\n\n<h4 class=\"wp-block-heading\"><br>Westhang (Nordalpen)<\/h4>\n\n\n\n<p><strong>Der Chambon-Damm<\/strong><\/p>\n\n\n\n<p>&nbsp;Die Bauarbeiten begannen im September 1929 und wurden im Dezember 1935 abgeschlossen.<\/p>\n\n\n<div class=\"wp-block-image\">\n<figure class=\"aligncenter size-full is-resized\"><img loading=\"lazy\" decoding=\"async\" width=\"1200\" height=\"800\" src=\"https:\/\/centcols.org\/wp-content\/uploads\/2023\/08\/4528492-diaporama1.jpg\" alt=\"\" class=\"wp-image-89751\" style=\"width:800px\" srcset=\"https:\/\/centcols.org\/wp-content\/uploads\/2023\/08\/4528492-diaporama1.jpg 1200w, https:\/\/centcols.org\/wp-content\/uploads\/2023\/08\/4528492-diaporama1-768x512.jpg 768w, https:\/\/centcols.org\/wp-content\/uploads\/2023\/08\/4528492-diaporama1-18x12.jpg 18w\" sizes=\"auto, (max-width: 1200px) 100vw, 1200px\" \/><\/figure>\n<\/div>\n\n\n<p>Seit 2003 tr\u00e4gt es das G\u00fctesiegel<strong>&nbsp;<a href=\"https:\/\/fr.wikipedia.org\/wiki\/Liste_des_%C3%A9difices_labellis%C3%A9s_%C2%AB_Patrimoine_du_XXe_si%C3%A8cle_%C2%BB_de_l%27Is%C3%A8re\" target=\"_blank\" rel=\"noreferrer noopener\">\u00abErbgut des 20. Jahrhunderts\u00bb des Departements Is\u00e8re<\/a><\/strong>.<\/p>\n\n\n\n<p>Nach 80 Jahren ist der Damm Opfer des Ph\u00e4nomens der Alkalireaktion (Betonkrankheit) geworden und muss alle 15 Jahre einer besonderen Behandlung unterzogen werden. Aus diesem Grund wird in den n\u00e4chsten 20 Jahren ein Austausch des Staudamms in Betracht gezogen.<\/p>\n\n\n<div class=\"wp-block-image\">\n<figure class=\"alignright size-full\"><img loading=\"lazy\" decoding=\"async\" width=\"502\" height=\"683\" src=\"https:\/\/centcols.org\/wp-content\/uploads\/2023\/08\/image-52.png\" alt=\"\" class=\"wp-image-89752\" srcset=\"https:\/\/centcols.org\/wp-content\/uploads\/2023\/08\/image-52.png 502w, https:\/\/centcols.org\/wp-content\/uploads\/2023\/08\/image-52-9x12.png 9w\" sizes=\"auto, (max-width: 502px) 100vw, 502px\" \/><\/figure>\n<\/div>\n\n\n<p><strong>La Grave&nbsp;<\/strong><\/p>\n\n\n\n<ul class=\"wp-block-list\">\n<li>Gro\u00dfes, international bekanntes Off-Piste-Skigebiet mit den Vallons de la Meije.<\/li>\n\n\n\n<li>Religi\u00f6ser Komplex, bestehend aus der Pfarrkirche, einer Kapelle und dem Friedhof, in La Grave, seit 1959 als historisches Monument klassifiziert. Dieser Komplex umfasst die<strong>\u2018<\/strong><strong><a href=\"https:\/\/fr.wikipedia.org\/wiki\/%C3%89glise_Notre-Dame-de-l%27Assomption_de_La_Grave\" target=\"_blank\" rel=\"noreferrer noopener\">Kirche Notre-Dame-de-l'Assomption<\/a><\/strong>, urspr\u00fcnglich aus dem XI.<sup>sten<\/sup>&nbsp;Jahrhundert im romanisch-lombardischen Stil erbaut und wurde im 15. und 16.<sup>sten<\/sup>,XVII<sup>sten<\/sup>&nbsp;und XIX<sup>sten<\/sup>&nbsp;Jahrhundert. Zum religi\u00f6sen Komplex geh\u00f6ren auch: der Friedhof rund um die Kirche und die&nbsp;<em>Kapelle der Wei\u00dfen B\u00fc\u00dfer<\/em><sup>.<\/sup><\/li>\n<\/ul>\n\n\n\n<p><strong>Villar-d'Ar\u00eane&nbsp;<\/strong><\/p>\n\n\n\n<p>Das Geb\u00e4ude des Bannofens beherbergt noch immer die Tradition des Brotbackens, an einigen Tagen im Jahr und insbesondere am 3.<sup>sten<\/sup>&nbsp;Wochenende im November, mit der Herstellung von \u00abgesottenem Brot\u00bb.\u00bb<\/p>\n\n\n\n<h4 class=\"wp-block-heading\">S\u00fcdosthang (S\u00fcdalpen)<\/h4>\n\n\n\n<ul class=\"wp-block-list\">\n<li>Skigebiet Serre-Chevalier<\/li>\n\n\n\n<li><a href=\"https:\/\/lesgrandsbainsdumonetier.fr\/\" target=\"_blank\" rel=\"noreferrer noopener\">Les Grands Bains du Monetier&nbsp;<\/a>Das SPA Les Grands Bains du Mon\u00eatier liegt im Herzen des Skiortes Serre-Chevalier in den S\u00fcdalpen und profitiert von nat\u00fcrlich warmem Wasser, das mit einer Temperatur von 44\u00b0C aus der Quelle sprudelt.<\/li>\n\n\n\n<li>Le Casset (Gemeinde Mon\u00e9tier-les Bains). Auf&nbsp;<a href=\"https:\/\/www.serre-chevalier.com\/fr\/faune-flore\/centre-accueil-parc-national-ecrins-casset\" target=\"_blank\" rel=\"noreferrer noopener\">Besucherzentrum des Nationalparks Les \u00c9crins<\/a>&nbsp;: Filmvorf\u00fchrungen, Workshops, Treffen mit einem Betreuer, ...<\/li>\n<\/ul>\n\n\n\n<h4 class=\"wp-block-heading\">Am Pass<\/h4>\n\n\n\n<p><strong>Der Alpenort<\/strong>&nbsp;Joseph-Fourier ist eine Einrichtung der Universit\u00e4t Grenoble-Alpes und des CNRS. Sie besteht aus drei Einheiten, von denen sich zwei auf dem Lautaret-Pass befinden:<\/p>\n\n\n\n<ul class=\"wp-block-list\">\n<li>das Chalet-Labor auf dem Lautaret ;<\/li>\n\n\n\n<li>die&nbsp;<a href=\"https:\/\/fr.wikipedia.org\/wiki\/Jardin_botanique_du_col_du_Lautaret\" target=\"_blank\" rel=\"noreferrer noopener\">alpiner botanischer Garten in Lautaret<\/a>&nbsp;(die ebenfalls unter Denkmalschutz steht) ;<\/li>\n\n\n\n<li>l\u2019<a href=\"https:\/\/fr.wikipedia.org\/wiki\/Arboretum_Robert_Ruffier-Lanche\" target=\"_blank\" rel=\"noreferrer noopener\">Arboretum Robert Ruffier-Lanche<\/a>&nbsp;(auf dem Campus in Saint-Martin d'H\u00e8res).<\/li>\n<\/ul>\n\n\n\n<p>Der botanische Garten zeigt Pflanzen aus der Region um den Col du Lautaret und aus anderen Gebirgen der Welt. Die Sammlungen des Gartens zeigen mehr als 2 000 Arten. Er ist in eine nat\u00fcrliche Umgebung eingebettet, die ihrerseits von besonderen klimatischen Bedingungen und einer gro\u00dfen Artenvielfalt gepr\u00e4gt ist. In diesem Gebiet wurden und werden verschiedene wissenschaftliche Studien in Verbindung mit der Alpenstation Joseph-Fourier und anderen wissenschaftlichen Forschungseinrichtungen durchgef\u00fchrt. Die&nbsp;<em>Illustrierte Hefte von Lautaret<\/em>&nbsp;sind ein Beispiel f\u00fcr die \u00f6ffentliche Wiedergabe von Arbeiten, die in Verbindung mit dieser Station durchgef\u00fchrt wurden, durch ver\u00f6ffentlichte Dokumente.<\/p>\n\n\n\n<p>Seit 2016 werden die Einrichtungen am Lautaret-Pass durch die Galerie de l'Alpe erg\u00e4nzt, ein Geb\u00e4ude, das f\u00fcr die Aktivit\u00e4ten der Alpenstation in den Bereichen Publikumsverkehr, Forschung und Ausbildung besser geeignet ist als die bestehenden Chalets.<\/p>\n\n\n\n<p>Zu beachten:<br><em>- bevor er sich am Lautaret-Pass befand, war der Alpengarten in Villar-d'Ar\u00eane (etwas oberhalb des Dorfes auf dem Weg zum Fu\u00df des Passes).<br>- mit der Klimaerw\u00e4rmung werden an den H\u00e4ngen des Galibier oberhalb von 2400 m Versuchsanpflanzungen durchgef\u00fchrt .....<\/em><\/p>\n\n\n\n<p><strong>Die<\/strong>&nbsp;<strong>Kapelle der Erschossenen<\/strong>&nbsp;: Hoch oben auf dem Lautaret-Pass wurde eine Kapelle zum Gedenken an mehrere Opfer des Zweiten Weltkriegs errichtet.<br>Anfang August 1944 bewegt sich eine Kolonne deutscher Soldaten auf dem R\u00fcckzug m\u00fchsam von Brian\u00e7on in Richtung Grenoble. Sie werden von den Widerstandsk\u00e4mpfern bedr\u00e4ngt und bringen auf ihrem Weg den Tod. Am 11. August werden siebzehn Widerstandsk\u00e4mpfer am Lautaret-Pass hingerichtet. Am selben Tag nehmen die Deutschen alle m\u00e4nnlichen Einwohner von Villar-d'Ar\u00eane als Geiseln. Sechs Geiseln und ein deutscher Soldat kommen bei der Explosion einer Mine unter dem Tunnel von Chambon ums Leben. Am 14. und 15. August 1944 exekutieren die Nazis in Bourg-d'Oisans Juden, Widerstandsk\u00e4mpfer und Geiseln, bevor sie ihren Weg nach Grenoble fortsetzen.<\/p>\n\n\n\n<h2 class=\"wp-block-heading\">Administrative Situation<\/h2>\n\n\n\n<h3 class=\"wp-block-heading\">Derzeit<\/h3>\n\n\n\n<p>Der Pass markiert die Grenze zwischen zwei Gemeinden in den Hautes-Alpes \u00a0<a href=\"https:\/\/fr.wikipedia.org\/wiki\/Villar-d%27Ar%C3%AAne\" target=\"_blank\" rel=\"noreferrer noopener\">Villar-d'Ar\u00eane<\/a>\u00a0und\u00a0<a href=\"https:\/\/fr.wikipedia.org\/wiki\/Le_Mon%C3%AAtier-les-Bains\" target=\"_blank\" rel=\"noreferrer noopener\">Mon\u00eatier-les-Bains<\/a>.<\/p>\n\n\n\n<h3 class=\"wp-block-heading\">Geschichte<\/h3>\n\n\n\n<p>Beide Seiten des Col du Lautaret liegen im D\u00e9partement Hautes-Alpes.<\/p>\n\n\n\n<p>&nbsp;Warum f\u00e4llt die Grenze der Departements Is\u00e8re Hautes-Alpes nicht mit der LPE Is\u00e8re \/ Durance am Col du Lautaret zusammen?<\/p>\n\n\n\n<p><em>Auf die Gr\u00fcndung des Departements,<\/em>&nbsp;<em>im Jahr 1790 die Gemeinden La Grave und&nbsp;<a href=\"https:\/\/fr.wikipedia.org\/wiki\/Villar-d%27Ar%C3%AAne\" target=\"_blank\" rel=\"noreferrer noopener\">Villar-d'Ar\u00eane<\/a>&nbsp;(Romanche-Tal) forderten ihre Zugeh\u00f6rigkeit zu den Hautes-Alpes (und nicht zu Is\u00e8re), weil sie hofften, so vom vorteilhaften Status der&nbsp;<u><a href=\"https:\/\/fr.wikipedia.org\/wiki\/R%C3%A9publique_des_Escartons\" target=\"_blank\" rel=\"noreferrer noopener\">Escartons du Brian\u00e7onnais<\/a><\/u>.<\/em><\/p>\n\n\n\n<p>Bis 1790 geh\u00f6rten beide Seiten des Col du Lautaret zur Provinz Dauphin\u00e9 und seit 1790 liegen sie im D\u00e9partement Hautes-Alpes.<\/p>\n\n\n\n<h2 class=\"wp-block-heading\">Radfahren und Fahrradtourismus<\/h2>\n\n\n\n<p>Der Col du Lautaret ist \u201cein Klassiker\u201d auf dem Weg zum&nbsp;<a href=\"https:\/\/centcols.org\/de\/der-col-du-galibier\/\" target=\"_blank\" rel=\"noreferrer noopener\">Col du Galibier<\/a>&nbsp;: Alle Radsportveranstaltungen (Tour de France, Crit\u00e9rium du Dauphin\u00e9), alle Radtouristikstrecken (Marmotte, BRA) f\u00fchren hier vorbei.<\/p>\n\n\n\n<h3 class=\"wp-block-heading\">Profil<\/h3>\n\n\n\n<p>Im Internet finden sich zahlreiche Profile.<\/p>\n\n\n\n<p>Als Beispiel seien diejenigen genannt, die auf den&nbsp;<a href=\"https:\/\/www.cols-cyclisme.com\/arves-et-grandes-rousses\/france\/col-du-lautaret-depuis-le-clapier-c48.htm\" target=\"_blank\" rel=\"noreferrer noopener\">cols-cyclisme-Website<\/a>&nbsp;zeigen, dass es keine \u00abschweren\u00bb Passagen im Aufstieg zum Lautaret gibt.<\/p>\n\n\n<div class=\"wp-block-image\">\n<figure class=\"aligncenter size-full\"><img loading=\"lazy\" decoding=\"async\" width=\"636\" height=\"420\" src=\"https:\/\/centcols.org\/wp-content\/uploads\/2023\/08\/Profil1-11.jpg\" alt=\"\" class=\"wp-image-89753\" srcset=\"https:\/\/centcols.org\/wp-content\/uploads\/2023\/08\/Profil1-11.jpg 636w, https:\/\/centcols.org\/wp-content\/uploads\/2023\/08\/Profil1-11-18x12.jpg 18w\" sizes=\"auto, (max-width: 636px) 100vw, 636px\" \/><\/figure>\n<\/div>\n\n<div class=\"wp-block-image\">\n<figure class=\"aligncenter size-full\"><img loading=\"lazy\" decoding=\"async\" width=\"633\" height=\"352\" src=\"https:\/\/centcols.org\/wp-content\/uploads\/2023\/08\/Profil21.jpg\" alt=\"\" class=\"wp-image-89754\" srcset=\"https:\/\/centcols.org\/wp-content\/uploads\/2023\/08\/Profil21.jpg 633w, https:\/\/centcols.org\/wp-content\/uploads\/2023\/08\/Profil21-18x10.jpg 18w\" sizes=\"auto, (max-width: 633px) 100vw, 633px\" \/><\/figure>\n<\/div>\n\n\n<p class=\"has-text-align-right\"><em><em>Ein Artikel von G\u00e9rard Galland <\/em><\/em><br><em><em>mit Beitr\u00e4gen von Jules Arnaud und <\/em><\/em><br><em><em>Bernard Giraudeau (f\u00fcr den geologischen Teil)<\/em><\/em><\/p>","protected":false},"excerpt":{"rendered":"<p>Toponymie Le toponyme du col du Lautaret (FR-05-2057) a une origine discut\u00e9e. Ce nom d\u00e9riverait&nbsp;: A noter&nbsp;: le catalogue des cols de France contient 2 cols du Lautaret et 4 cols de l\u2019Autaret. Situation g\u00e9ographique Massifs C\u2019est un des points les plus bas de la ligne de cr\u00eate s\u00e9parant&nbsp;les&nbsp;Alpes du Nord&nbsp;et les&nbsp;Alpes du Sud, entre [&hellip;]<\/p>\n","protected":false},"author":3,"featured_media":90425,"comment_status":"closed","ping_status":"closed","sticky":false,"template":"","format":"standard","meta":{"_acf_changed":false,"footnotes":""},"categories":[308],"tags":[],"class_list":["post-82538","post","type-post","status-publish","format-standard","has-post-thumbnail","hentry","category-cols-en-vrac"],"acf":[],"yoast_head":"<!-- This site is optimized with the Yoast SEO plugin v27.2 - https:\/\/yoast.com\/product\/yoast-seo-wordpress\/ -->\n<title>Le col du Lautaret - Club des Cent Cols<\/title>\n<meta name=\"robots\" content=\"index, follow, max-snippet:-1, max-image-preview:large, max-video-preview:-1\" \/>\n<link rel=\"canonical\" href=\"https:\/\/centcols.org\/de\/der-col-du-lautaret\/\" \/>\n<meta property=\"og:locale\" content=\"de_DE\" \/>\n<meta property=\"og:type\" content=\"article\" \/>\n<meta property=\"og:title\" content=\"Le col du Lautaret - Club des Cent Cols\" \/>\n<meta property=\"og:description\" content=\"Toponymie Le toponyme du col du Lautaret (FR-05-2057) a une origine discut\u00e9e. Ce nom d\u00e9riverait&nbsp;: A noter&nbsp;: le catalogue des cols de France contient 2 cols du Lautaret et 4 cols de l\u2019Autaret. Situation g\u00e9ographique Massifs C\u2019est un des points les plus bas de la ligne de cr\u00eate s\u00e9parant&nbsp;les&nbsp;Alpes du Nord&nbsp;et les&nbsp;Alpes du Sud, entre [&hellip;]\" \/>\n<meta property=\"og:url\" content=\"https:\/\/centcols.org\/de\/der-col-du-lautaret\/\" \/>\n<meta property=\"og:site_name\" content=\"Club des Cent Cols\" \/>\n<meta property=\"article:publisher\" content=\"https:\/\/www.facebook.com\/groups\/5261880558\/?locale=fr_FR\" \/>\n<meta property=\"article:published_time\" content=\"2023-08-06T07:05:53+00:00\" \/>\n<meta property=\"article:modified_time\" content=\"2025-10-20T17:45:16+00:00\" \/>\n<meta property=\"og:image\" content=\"https:\/\/centcols.org\/wp-content\/uploads\/2023\/08\/lautaret01-1.jpg\" \/>\n\t<meta property=\"og:image:width\" content=\"1200\" \/>\n\t<meta property=\"og:image:height\" content=\"675\" \/>\n\t<meta property=\"og:image:type\" content=\"image\/jpeg\" \/>\n<meta name=\"author\" content=\"Webmestre\" \/>\n<meta name=\"twitter:card\" content=\"summary_large_image\" \/>\n<meta name=\"twitter:label1\" content=\"Verfasst von\" \/>\n\t<meta name=\"twitter:data1\" content=\"Webmestre\" \/>\n\t<meta name=\"twitter:label2\" content=\"Gesch\u00e4tzte Lesezeit\" \/>\n\t<meta name=\"twitter:data2\" content=\"12\u00a0Minuten\" \/>\n<script type=\"application\/ld+json\" class=\"yoast-schema-graph\">{\"@context\":\"https:\/\/schema.org\",\"@graph\":[{\"@type\":\"Article\",\"@id\":\"https:\/\/centcols.org\/le-col-du-lautaret\/#article\",\"isPartOf\":{\"@id\":\"https:\/\/centcols.org\/le-col-du-lautaret\/\"},\"author\":{\"name\":\"Webmestre\",\"@id\":\"https:\/\/centcols.org\/#\/schema\/person\/911b404fb133d8c913dd27cdcf71c8e5\"},\"headline\":\"Le col du Lautaret\",\"datePublished\":\"2023-08-06T07:05:53+00:00\",\"dateModified\":\"2025-10-20T17:45:16+00:00\",\"mainEntityOfPage\":{\"@id\":\"https:\/\/centcols.org\/le-col-du-lautaret\/\"},\"wordCount\":2181,\"publisher\":{\"@id\":\"https:\/\/centcols.org\/#organization\"},\"image\":{\"@id\":\"https:\/\/centcols.org\/le-col-du-lautaret\/#primaryimage\"},\"thumbnailUrl\":\"https:\/\/centcols.org\/wp-content\/uploads\/2023\/08\/lautaret01-1.jpg\",\"articleSection\":[\"Cols en vrac\"],\"inLanguage\":\"de\"},{\"@type\":\"WebPage\",\"@id\":\"https:\/\/centcols.org\/le-col-du-lautaret\/\",\"url\":\"https:\/\/centcols.org\/le-col-du-lautaret\/\",\"name\":\"Le col du Lautaret - Club des Cent Cols\",\"isPartOf\":{\"@id\":\"https:\/\/centcols.org\/#website\"},\"primaryImageOfPage\":{\"@id\":\"https:\/\/centcols.org\/le-col-du-lautaret\/#primaryimage\"},\"image\":{\"@id\":\"https:\/\/centcols.org\/le-col-du-lautaret\/#primaryimage\"},\"thumbnailUrl\":\"https:\/\/centcols.org\/wp-content\/uploads\/2023\/08\/lautaret01-1.jpg\",\"datePublished\":\"2023-08-06T07:05:53+00:00\",\"dateModified\":\"2025-10-20T17:45:16+00:00\",\"breadcrumb\":{\"@id\":\"https:\/\/centcols.org\/le-col-du-lautaret\/#breadcrumb\"},\"inLanguage\":\"de\",\"potentialAction\":[{\"@type\":\"ReadAction\",\"target\":[\"https:\/\/centcols.org\/le-col-du-lautaret\/\"]}]},{\"@type\":\"ImageObject\",\"inLanguage\":\"de\",\"@id\":\"https:\/\/centcols.org\/le-col-du-lautaret\/#primaryimage\",\"url\":\"https:\/\/centcols.org\/wp-content\/uploads\/2023\/08\/lautaret01-1.jpg\",\"contentUrl\":\"https:\/\/centcols.org\/wp-content\/uploads\/2023\/08\/lautaret01-1.jpg\",\"width\":1200,\"height\":675},{\"@type\":\"BreadcrumbList\",\"@id\":\"https:\/\/centcols.org\/le-col-du-lautaret\/#breadcrumb\",\"itemListElement\":[{\"@type\":\"ListItem\",\"position\":1,\"name\":\"Accueil\",\"item\":\"https:\/\/centcols.org\/\"},{\"@type\":\"ListItem\",\"position\":2,\"name\":\"Cols en vrac\",\"item\":\"https:\/\/centcols.org\/rubrique\/cols-en-vrac\/\"},{\"@type\":\"ListItem\",\"position\":3,\"name\":\"Le col du Lautaret\"}]},{\"@type\":\"WebSite\",\"@id\":\"https:\/\/centcols.org\/#website\",\"url\":\"https:\/\/centcols.org\/\",\"name\":\"Club des Cent Cols\",\"description\":\"\",\"publisher\":{\"@id\":\"https:\/\/centcols.org\/#organization\"},\"potentialAction\":[{\"@type\":\"SearchAction\",\"target\":{\"@type\":\"EntryPoint\",\"urlTemplate\":\"https:\/\/centcols.org\/?s={search_term_string}\"},\"query-input\":{\"@type\":\"PropertyValueSpecification\",\"valueRequired\":true,\"valueName\":\"search_term_string\"}}],\"inLanguage\":\"de\"},{\"@type\":\"Organization\",\"@id\":\"https:\/\/centcols.org\/#organization\",\"name\":\"Club des Cent Cols\",\"url\":\"https:\/\/centcols.org\/\",\"logo\":{\"@type\":\"ImageObject\",\"inLanguage\":\"de\",\"@id\":\"https:\/\/centcols.org\/#\/schema\/logo\/image\/\",\"url\":\"https:\/\/centcols.org\/wp-content\/uploads\/2025\/01\/carte-icone.png\",\"contentUrl\":\"https:\/\/centcols.org\/wp-content\/uploads\/2025\/01\/carte-icone.png\",\"width\":250,\"height\":250,\"caption\":\"Club des Cent Cols\"},\"image\":{\"@id\":\"https:\/\/centcols.org\/#\/schema\/logo\/image\/\"},\"sameAs\":[\"https:\/\/www.facebook.com\/groups\/5261880558\/?locale=fr_FR\"]},{\"@type\":\"Person\",\"@id\":\"https:\/\/centcols.org\/#\/schema\/person\/911b404fb133d8c913dd27cdcf71c8e5\",\"name\":\"Webmestre\",\"image\":{\"@type\":\"ImageObject\",\"inLanguage\":\"de\",\"@id\":\"https:\/\/centcols.org\/wp-content\/litespeed\/avatar\/2d246e4b6b4f773e08515e1ffc53690b.jpg?ver=1777222892\",\"url\":\"https:\/\/centcols.org\/wp-content\/litespeed\/avatar\/2d246e4b6b4f773e08515e1ffc53690b.jpg?ver=1777222892\",\"contentUrl\":\"https:\/\/centcols.org\/wp-content\/litespeed\/avatar\/2d246e4b6b4f773e08515e1ffc53690b.jpg?ver=1777222892\",\"caption\":\"Webmestre\"},\"url\":\"https:\/\/centcols.org\/de\/author\/webmestre\/\"}]}<\/script>\n<!-- \/ Yoast SEO plugin. -->","yoast_head_json":{"title":"Der Col du Lautaret - Club des Cent Cols","robots":{"index":"index","follow":"follow","max-snippet":"max-snippet:-1","max-image-preview":"max-image-preview:large","max-video-preview":"max-video-preview:-1"},"canonical":"https:\/\/centcols.org\/de\/der-col-du-lautaret\/","og_locale":"de_DE","og_type":"article","og_title":"Le col du Lautaret - Club des Cent Cols","og_description":"Toponymie Le toponyme du col du Lautaret (FR-05-2057) a une origine discut\u00e9e. Ce nom d\u00e9riverait&nbsp;: A noter&nbsp;: le catalogue des cols de France contient 2 cols du Lautaret et 4 cols de l\u2019Autaret. Situation g\u00e9ographique Massifs C\u2019est un des points les plus bas de la ligne de cr\u00eate s\u00e9parant&nbsp;les&nbsp;Alpes du Nord&nbsp;et les&nbsp;Alpes du Sud, entre [&hellip;]","og_url":"https:\/\/centcols.org\/de\/der-col-du-lautaret\/","og_site_name":"Club des Cent Cols","article_publisher":"https:\/\/www.facebook.com\/groups\/5261880558\/?locale=fr_FR","article_published_time":"2023-08-06T07:05:53+00:00","article_modified_time":"2025-10-20T17:45:16+00:00","og_image":[{"width":1200,"height":675,"url":"https:\/\/centcols.org\/wp-content\/uploads\/2023\/08\/lautaret01-1.jpg","type":"image\/jpeg"}],"author":"Webmestre","twitter_card":"summary_large_image","twitter_misc":{"Verfasst von":"Webmestre","Gesch\u00e4tzte Lesezeit":"12\u00a0Minuten"},"schema":{"@context":"https:\/\/schema.org","@graph":[{"@type":"Article","@id":"https:\/\/centcols.org\/le-col-du-lautaret\/#article","isPartOf":{"@id":"https:\/\/centcols.org\/le-col-du-lautaret\/"},"author":{"name":"Webmestre","@id":"https:\/\/centcols.org\/#\/schema\/person\/911b404fb133d8c913dd27cdcf71c8e5"},"headline":"Le col du Lautaret","datePublished":"2023-08-06T07:05:53+00:00","dateModified":"2025-10-20T17:45:16+00:00","mainEntityOfPage":{"@id":"https:\/\/centcols.org\/le-col-du-lautaret\/"},"wordCount":2181,"publisher":{"@id":"https:\/\/centcols.org\/#organization"},"image":{"@id":"https:\/\/centcols.org\/le-col-du-lautaret\/#primaryimage"},"thumbnailUrl":"https:\/\/centcols.org\/wp-content\/uploads\/2023\/08\/lautaret01-1.jpg","articleSection":["Cols en vrac"],"inLanguage":"de"},{"@type":"WebPage","@id":"https:\/\/centcols.org\/le-col-du-lautaret\/","url":"https:\/\/centcols.org\/le-col-du-lautaret\/","name":"Der Col du Lautaret - Club des Cent Cols","isPartOf":{"@id":"https:\/\/centcols.org\/#website"},"primaryImageOfPage":{"@id":"https:\/\/centcols.org\/le-col-du-lautaret\/#primaryimage"},"image":{"@id":"https:\/\/centcols.org\/le-col-du-lautaret\/#primaryimage"},"thumbnailUrl":"https:\/\/centcols.org\/wp-content\/uploads\/2023\/08\/lautaret01-1.jpg","datePublished":"2023-08-06T07:05:53+00:00","dateModified":"2025-10-20T17:45:16+00:00","breadcrumb":{"@id":"https:\/\/centcols.org\/le-col-du-lautaret\/#breadcrumb"},"inLanguage":"de","potentialAction":[{"@type":"ReadAction","target":["https:\/\/centcols.org\/le-col-du-lautaret\/"]}]},{"@type":"ImageObject","inLanguage":"de","@id":"https:\/\/centcols.org\/le-col-du-lautaret\/#primaryimage","url":"https:\/\/centcols.org\/wp-content\/uploads\/2023\/08\/lautaret01-1.jpg","contentUrl":"https:\/\/centcols.org\/wp-content\/uploads\/2023\/08\/lautaret01-1.jpg","width":1200,"height":675},{"@type":"BreadcrumbList","@id":"https:\/\/centcols.org\/le-col-du-lautaret\/#breadcrumb","itemListElement":[{"@type":"ListItem","position":1,"name":"Accueil","item":"https:\/\/centcols.org\/"},{"@type":"ListItem","position":2,"name":"Cols en vrac","item":"https:\/\/centcols.org\/rubrique\/cols-en-vrac\/"},{"@type":"ListItem","position":3,"name":"Le col du Lautaret"}]},{"@type":"WebSite","@id":"https:\/\/centcols.org\/#website","url":"https:\/\/centcols.org\/","name":"Club des Cent Cols","description":"","publisher":{"@id":"https:\/\/centcols.org\/#organization"},"potentialAction":[{"@type":"SearchAction","target":{"@type":"EntryPoint","urlTemplate":"https:\/\/centcols.org\/?s={search_term_string}"},"query-input":{"@type":"PropertyValueSpecification","valueRequired":true,"valueName":"search_term_string"}}],"inLanguage":"de"},{"@type":"Organization","@id":"https:\/\/centcols.org\/#organization","name":"Club des Cent Cols","url":"https:\/\/centcols.org\/","logo":{"@type":"ImageObject","inLanguage":"de","@id":"https:\/\/centcols.org\/#\/schema\/logo\/image\/","url":"https:\/\/centcols.org\/wp-content\/uploads\/2025\/01\/carte-icone.png","contentUrl":"https:\/\/centcols.org\/wp-content\/uploads\/2025\/01\/carte-icone.png","width":250,"height":250,"caption":"Club des Cent Cols"},"image":{"@id":"https:\/\/centcols.org\/#\/schema\/logo\/image\/"},"sameAs":["https:\/\/www.facebook.com\/groups\/5261880558\/?locale=fr_FR"]},{"@type":"Person","@id":"https:\/\/centcols.org\/#\/schema\/person\/911b404fb133d8c913dd27cdcf71c8e5","name":"Webmaster","image":{"@type":"ImageObject","inLanguage":"de","@id":"https:\/\/centcols.org\/wp-content\/litespeed\/avatar\/2d246e4b6b4f773e08515e1ffc53690b.jpg?ver=1777222892","url":"https:\/\/centcols.org\/wp-content\/litespeed\/avatar\/2d246e4b6b4f773e08515e1ffc53690b.jpg?ver=1777222892","contentUrl":"https:\/\/centcols.org\/wp-content\/litespeed\/avatar\/2d246e4b6b4f773e08515e1ffc53690b.jpg?ver=1777222892","caption":"Webmestre"},"url":"https:\/\/centcols.org\/de\/author\/webmestre\/"}]}},"_links":{"self":[{"href":"https:\/\/centcols.org\/de\/wp-json\/wp\/v2\/posts\/82538","targetHints":{"allow":["GET"]}}],"collection":[{"href":"https:\/\/centcols.org\/de\/wp-json\/wp\/v2\/posts"}],"about":[{"href":"https:\/\/centcols.org\/de\/wp-json\/wp\/v2\/types\/post"}],"author":[{"embeddable":true,"href":"https:\/\/centcols.org\/de\/wp-json\/wp\/v2\/users\/3"}],"replies":[{"embeddable":true,"href":"https:\/\/centcols.org\/de\/wp-json\/wp\/v2\/comments?post=82538"}],"version-history":[{"count":0,"href":"https:\/\/centcols.org\/de\/wp-json\/wp\/v2\/posts\/82538\/revisions"}],"wp:featuredmedia":[{"embeddable":true,"href":"https:\/\/centcols.org\/de\/wp-json\/wp\/v2\/media\/90425"}],"wp:attachment":[{"href":"https:\/\/centcols.org\/de\/wp-json\/wp\/v2\/media?parent=82538"}],"wp:term":[{"taxonomy":"category","embeddable":true,"href":"https:\/\/centcols.org\/de\/wp-json\/wp\/v2\/categories?post=82538"},{"taxonomy":"post_tag","embeddable":true,"href":"https:\/\/centcols.org\/de\/wp-json\/wp\/v2\/tags?post=82538"}],"curies":[{"name":"wp","href":"https:\/\/api.w.org\/{rel}","templated":true}]}}