{"id":82539,"date":"2023-08-20T12:49:03","date_gmt":"2023-08-20T10:49:03","guid":{"rendered":"https:\/\/centcols.org\/le-col-du-mollard\/"},"modified":"2026-01-16T10:29:20","modified_gmt":"2026-01-16T08:29:20","slug":"der-col-du-mollard","status":"publish","type":"post","link":"https:\/\/centcols.org\/de\/le-col-du-mollard\/","title":{"rendered":"Der Col du Mollard"},"content":{"rendered":"<h2 class=\"wp-block-heading\">Ortsnamenkunde<\/h2>\n\n\n\n<p class=\"has-medium-font-size\">Der Col du Mollard <a href=\"https:\/\/centcols.org\/de\/util\/geo\/visu.php\/?code=FR-73-1638\" target=\"_blank\" rel=\"noopener\" title=\"\">DE-73-1638<\/a> hat einen Ortsnamen, der regelm\u00e4\u00dfig in den Alpen vorkommt<\/p>\n\n\n<div class=\"wp-block-image is-resized\">\n<figure class=\"aligncenter size-full\"><img loading=\"lazy\" decoding=\"async\" width=\"1200\" height=\"900\" src=\"https:\/\/centcols.org\/wp-content\/uploads\/2023\/08\/BRA-1200x9001-1.jpg\" alt=\"\" class=\"wp-image-89736\" style=\"width:800px\" srcset=\"https:\/\/centcols.org\/wp-content\/uploads\/2023\/08\/BRA-1200x9001-1.jpg 1200w, https:\/\/centcols.org\/wp-content\/uploads\/2023\/08\/BRA-1200x9001-1-768x576.jpg 768w, https:\/\/centcols.org\/wp-content\/uploads\/2023\/08\/BRA-1200x9001-1-16x12.jpg 16w\" sizes=\"auto, (max-width: 1200px) 100vw, 1200px\" \/><\/figure>\n<\/div>\n\n\n<p class=\"has-medium-font-size\"> Der Name von&nbsp;<em>Mollard<\/em>, in fr\u00fcher geschrieben&nbsp;<em>molar<\/em>&nbsp;oder&nbsp;<em>molard<\/em>, Die Art kommt regelm\u00e4\u00dfig in den Alpen vor.<\/p>\n\n\n\n<p class=\"has-medium-font-size\">Der Ortsname leitet sich vom lateinischen&nbsp;<em>molarum<\/em>&nbsp;das einen Weiler bezeichnet, der \u00abauf einem Mamelon - einer abgerundeten Spitze eines H\u00fcgels\/Berges - oder einem kleinen Plateau\u00bb angesiedelt ist.<\/p>\n\n\n\n<p class=\"has-medium-font-size\"><em>Hinweis: Es gibt zwei Cols du Mollard in Savoyen der andere: (<\/em><em><u><a href=\"https:\/\/centcols.org\/de\/util\/geo\/visu.php\/?code=FR-73-1320b\">FR-73-1320b<\/a><\/u><\/em><em>), mit R1 bewertet, befindet sich im Norden des Chartreuse-Massivs (auf dem GR9).<\/em><\/p>\n\n\n\n<h2 class=\"wp-block-heading\">Geographische Lage<\/h2>\n\n\n\n<h3 class=\"wp-block-heading\">Massiv<\/h3>\n\n\n\n<p class=\"has-medium-font-size\">Der Col du Mollard befindet sich im <strong>Arves-Massiv<\/strong><\/p>\n\n\n<div class=\"wp-block-image is-resized\">\n<figure class=\"aligncenter size-full\"><img loading=\"lazy\" decoding=\"async\" width=\"1200\" height=\"327\" src=\"https:\/\/centcols.org\/wp-content\/uploads\/2023\/08\/Arves-1200x3271-1.jpg\" alt=\"\" class=\"wp-image-89737\" srcset=\"https:\/\/centcols.org\/wp-content\/uploads\/2023\/08\/Arves-1200x3271-1.jpg 1200w, https:\/\/centcols.org\/wp-content\/uploads\/2023\/08\/Arves-1200x3271-1-768x209.jpg 768w, https:\/\/centcols.org\/wp-content\/uploads\/2023\/08\/Arves-1200x3271-1-18x5.jpg 18w\" sizes=\"auto, (max-width: 1200px) 100vw, 1200px\" \/><figcaption class=\"wp-element-caption\">Blick auf die Aiguilles d'Arves am Col du Mollard (Foto von alpes4ever)<\/figcaption><\/figure>\n<\/div>\n\n\n<h3 class=\"wp-block-heading\">Geologie<\/h3>\n\n\n\n<p class=\"has-medium-font-size\">Der Col du Mollard liegt am Rande des Plateau d'Albiez, das grob nach S\u00fcd-Nord geneigt ist. Das Plateau bietet eine breite, f\u00fcr diese Gegend ungew\u00f6hnliche Abflachung. Er stammt zun\u00e4chst aus einem Graben, der in horizontalen, weil ungefalteten Mergelschichten angelegt wurde. Dieser Graben wurde durch den nach Norden absteigenden Aiguilles d'Arves-Gletscher erweitert und sp\u00e4ter durch Gletscherablagerungen verstopft. <\/p>\n\n\n<div class=\"wp-block-image\">\n<figure class=\"aligncenter size-full\"><img loading=\"lazy\" decoding=\"async\" width=\"680\" height=\"448\" src=\"https:\/\/centcols.org\/wp-content\/uploads\/2023\/08\/Massif1.jpg\" alt=\"\" class=\"wp-image-89738\" srcset=\"https:\/\/centcols.org\/wp-content\/uploads\/2023\/08\/Massif1.jpg 680w, https:\/\/centcols.org\/wp-content\/uploads\/2023\/08\/Massif1-18x12.jpg 18w\" sizes=\"auto, (max-width: 680px) 100vw, 680px\" \/><\/figure>\n<\/div>\n\n\n<p class=\"has-medium-font-size\">Im Westen zieht der Mont Charvin die Aufmerksamkeit auf sich mit der gro\u00dfen Wunde der Combe G\u00e9nin, die in die Gipsschichten gegraben wurde und eine Egge mit spitz zulaufenden Spitzen aus Cargneule, einem Kalkstein, der wesentlich h\u00e4rter zu erodieren ist, hervorbringt. &nbsp;<\/p>\n\n\n<div class=\"wp-block-image\">\n<figure class=\"aligncenter size-full\"><img loading=\"lazy\" decoding=\"async\" width=\"420\" height=\"281\" src=\"https:\/\/centcols.org\/wp-content\/uploads\/2023\/08\/pointes1.jpg\" alt=\"\" class=\"wp-image-89739\" srcset=\"https:\/\/centcols.org\/wp-content\/uploads\/2023\/08\/pointes1.jpg 420w, https:\/\/centcols.org\/wp-content\/uploads\/2023\/08\/pointes1-18x12.jpg 18w\" sizes=\"auto, (max-width: 420px) 100vw, 420px\" \/><figcaption class=\"wp-element-caption\">2 Fotos aus www.geol-alp.com<\/figcaption><\/figure>\n<\/div>\n\n\n<h3 class=\"wp-block-heading\">Hydrographie<\/h3>\n\n\n\n<p class=\"has-medium-font-size\">Im Norden zwischen Albiez le Vieux und Albiez le Jeune flie\u00dft der Torrent du Merderel.<\/p>\n\n\n\n<p class=\"has-medium-font-size\">Im S\u00fcden flie\u00dft das Wasser in den Rieu Gilbert.<\/p>\n\n\n\n<p class=\"has-medium-font-size\">Diese 2 Wildb\u00e4che sind Nebenfl\u00fcsse des Arvan (Nebenfluss des Arc).<\/p>\n\n\n\n<h3 class=\"wp-block-heading\">Administrative Situation<\/h3>\n\n\n\n<p class=\"has-medium-font-size\">Der Col du Mollard befindet sich in der Gemeinde Albiez-Montrond (Savoyen),<\/p>\n\n\n\n<h3 class=\"wp-block-heading\">Zugang und benachbarte P\u00e4sse<\/h3>\n\n\n<div class=\"wp-block-image is-resized\">\n<figure class=\"aligncenter size-full\"><img loading=\"lazy\" decoding=\"async\" width=\"997\" height=\"756\" src=\"https:\/\/centcols.org\/wp-content\/uploads\/2023\/08\/carte1.png\" alt=\"\" class=\"wp-image-89741\" style=\"width:800px\" srcset=\"https:\/\/centcols.org\/wp-content\/uploads\/2023\/08\/carte1.png 997w, https:\/\/centcols.org\/wp-content\/uploads\/2023\/08\/carte1-768x582.png 768w, https:\/\/centcols.org\/wp-content\/uploads\/2023\/08\/carte1-16x12.png 16w\" sizes=\"auto, (max-width: 997px) 100vw, 997px\" \/><\/figure>\n<\/div>\n\n\n<p class=\"has-medium-font-size\"><strong>Im S\u00fcden<\/strong> die D80 trifft auf die Route de la Croix de Fer - D526 (Saint Jean de Maurienne - Saint Sorlin d'Arves) an der Br\u00fccke von Belleville (1228 m).<\/p>\n\n\n\n<p class=\"has-medium-font-size\"><strong>Im Norden<\/strong> die D80, passiert Albiez-le-Vieux und nimmt nach Albiez-le-Jeune die Serpentinen von Villargondran, um in die Maurienne zu gelangen.<\/p>\n\n\n\n<p class=\"has-medium-font-size\">Nach Albiez-le-Vieux f\u00fchrt die D110 \u00fcber G\u00e9voudaz in das Arvan-Tal und nach Saint Jean de Maurienne. Diese Stra\u00dfe wurde 1979 zum ersten Mal vom BRA in Aufstiegsrichtung befahren (St Jean de Maurienne - G\u00e9voudaz -Albiez).<\/p>\n\n\n\n<p class=\"has-medium-font-size\">Diese Route f\u00fchrt \u00fcber zwei P\u00e4sse, die im Katalog des \"Club des Cent Cols\" aufgef\u00fchrt sind:<br><strong>Das Schweinchen<\/strong>&nbsp;(<strong><u><a href=\"http:\/\/centcols.org\/de\/util\/geo\/visuFR.php\/?code=FR-73-1355\" target=\"_blank\" rel=\"noopener\" title=\"\">DE-73-1355<\/a>)<\/u><\/strong>&nbsp; und&nbsp; &nbsp;<strong>Le Collet<\/strong>&nbsp;<strong><u>(<a href=\"http:\/\/centcols.org\/de\/util\/geo\/visuFR.php\/?code=FR-73-1150\" target=\"_blank\" rel=\"noopener\" title=\"\">FR-73-1150<\/a>)<br><\/u><\/strong><em>F\u00fcr \u00abPuristen\u00bb sei angemerkt, dass - obwohl im CCC-Katalog auf der D110 vermerkt - La Cochette leicht n\u00f6rdlich der D110 liegt, in der Mitte des gleichnamigen Weilers (siehe CCWay - Google Earth).<\/em><\/p>\n\n\n<div class=\"wp-block-image\">\n<figure class=\"aligncenter size-full is-resized\"><img loading=\"lazy\" decoding=\"async\" width=\"1017\" height=\"557\" src=\"https:\/\/centcols.org\/wp-content\/uploads\/2023\/08\/carte21.png\" alt=\"\" class=\"wp-image-89742\" style=\"width:800px\" srcset=\"https:\/\/centcols.org\/wp-content\/uploads\/2023\/08\/carte21.png 1017w, https:\/\/centcols.org\/wp-content\/uploads\/2023\/08\/carte21-768x421.png 768w, https:\/\/centcols.org\/wp-content\/uploads\/2023\/08\/carte21-18x10.png 18w\" sizes=\"auto, (max-width: 1017px) 100vw, 1017px\" \/><\/figure>\n<\/div>\n\n\n<div class=\"wp-block-columns are-vertically-aligned-center is-layout-flex wp-container-core-columns-is-layout-9d6595d7 wp-block-columns-is-layout-flex\">\n<div class=\"wp-block-column is-vertically-aligned-center is-layout-flow wp-block-column-is-layout-flow\"><\/div>\n\n\n\n<div class=\"wp-block-column is-vertically-aligned-center is-layout-flow wp-block-column-is-layout-flow\"><\/div>\n<\/div>\n\n\n\n<h2 class=\"wp-block-heading\">Sehensw\u00fcrdigkeiten - Tourismus - Geschichte<\/h2>\n\n\n\n<ul class=\"wp-block-list\">\n<li>A <strong>Albiez-Montrond<\/strong> (Chemin de l'Adret, le Mollard) : \u00c9comus\u00e9e le temps d'Antan.<\/li>\n\n\n\n<li>Das Opinel-Messer wurde von Joseph Opinel (1872-1960) 1890, als er 18 Jahre alt war, in <strong>Gevoudaz,<\/strong> Weiler von Albiez-le-Vieux.<\/li>\n<\/ul>\n\n\n\n<h2 class=\"wp-block-heading\">Radfahren und Fahrradtourismus<\/h2>\n\n\n\n<h3 class=\"wp-block-heading\">Tour de France&nbsp;<\/h3>\n\n\n\n<p class=\"has-medium-font-size\">Der Col du Mollard wurde zum ersten Mal von den Fahrern der Tour de France w\u00e4hrend der 16.<sup>sten<\/sup>&nbsp;Etappe der Ausgabe 2006.&nbsp;<\/p>\n\n\n\n<h3 class=\"wp-block-heading\">BRA<\/h3>\n\n\n\n<p class=\"has-medium-font-size\">Dieser Pass wurde von den BRA-Teilnehmern erstmals 1979 in der Richtung Maurienne - Col du Mollard bestiegen.<\/p>\n\n\n\n<p class=\"has-medium-font-size\">Er war 2017 eine Option, stand 2019 nicht auf dem Programm und war 2023 in allen Optionen enthalten (nach dem Croix de Fer, von der Pont de Belleville aus).<\/p>\n\n\n\n<h3 class=\"wp-block-heading\">Profil<\/h3>\n\n\n\n<p class=\"has-medium-font-size\">Im Internet finden sich zahlreiche Profile. <a href=\"https:\/\/www.cols-cyclisme.com\/arves-et-grandes-rousses\/france\/col-du-mollard-depuis-saint-jean-de-maurienne-c2212.htm\" target=\"_blank\" rel=\"noopener\" title=\"\">Laut Cols-Cyclisme.com<\/a> :<\/p>\n\n\n<div class=\"wp-block-image\">\n<figure class=\"aligncenter size-full is-resized\"><img loading=\"lazy\" decoding=\"async\" width=\"901\" height=\"539\" src=\"https:\/\/centcols.org\/wp-content\/uploads\/2023\/08\/profil3-11.png\" alt=\"\" class=\"wp-image-89743\" style=\"width:800px\" srcset=\"https:\/\/centcols.org\/wp-content\/uploads\/2023\/08\/profil3-11.png 901w, https:\/\/centcols.org\/wp-content\/uploads\/2023\/08\/profil3-11-768x459.png 768w, https:\/\/centcols.org\/wp-content\/uploads\/2023\/08\/profil3-11-18x12.png 18w\" sizes=\"auto, (max-width: 901px) 100vw, 901px\" \/><figcaption class=\"wp-element-caption\">Von der Br\u00fccke von Belleville (6 km, D+ 413 m)<\/figcaption><\/figure>\n<\/div>\n\n<div class=\"wp-block-image\">\n<figure class=\"aligncenter size-full is-resized\"><img loading=\"lazy\" decoding=\"async\" width=\"1014\" height=\"600\" src=\"https:\/\/centcols.org\/wp-content\/uploads\/2023\/08\/Profil21.png\" alt=\"\" class=\"wp-image-89744\" style=\"width:800px\" srcset=\"https:\/\/centcols.org\/wp-content\/uploads\/2023\/08\/Profil21.png 1014w, https:\/\/centcols.org\/wp-content\/uploads\/2023\/08\/Profil21-768x454.png 768w, https:\/\/centcols.org\/wp-content\/uploads\/2023\/08\/Profil21-18x12.png 18w\" sizes=\"auto, (max-width: 1014px) 100vw, 1014px\" \/><figcaption class=\"wp-element-caption\">\u00dcber die Serpentinen von Villardgondran (17 km, H\u00f6henunterschied: 1038 m)<\/figcaption><\/figure>\n<\/div>\n\n<div class=\"wp-block-image\">\n<figure class=\"aligncenter size-full is-resized\"><img loading=\"lazy\" decoding=\"async\" width=\"1200\" height=\"600\" src=\"https:\/\/centcols.org\/wp-content\/uploads\/2023\/08\/Profil1-1200x6001-1.png\" alt=\"\" class=\"wp-image-89745\" style=\"width:800px\" srcset=\"https:\/\/centcols.org\/wp-content\/uploads\/2023\/08\/Profil1-1200x6001-1.png 1200w, https:\/\/centcols.org\/wp-content\/uploads\/2023\/08\/Profil1-1200x6001-1-768x384.png 768w, https:\/\/centcols.org\/wp-content\/uploads\/2023\/08\/Profil1-1200x6001-1-18x9.png 18w\" sizes=\"auto, (max-width: 1200px) 100vw, 1200px\" \/><figcaption class=\"wp-element-caption\">Von der Maurienne \u00fcber Le Collet und La Cochette (16,9 km, D+: 1038 m)<\/figcaption><\/figure>\n<\/div>\n\n\n<p class=\"has-text-align-right\"><em><em>Ein Artikel von G\u00e9rard Galland <\/em><\/em><br><em><em>mit Beitr\u00e4gen von Jules Arnaud und <\/em><\/em><br><em><em>Bernard Giraudeau (f\u00fcr den geologischen Teil)<\/em><\/em><\/p>","protected":false},"excerpt":{"rendered":"<p>Toponymie Le col du Mollard FR-73-1638 a un toponyme qui se rencontre r\u00e9guli\u00e8rement dans les Alpes Le nom de&nbsp;Mollard, dans \u00e9crit anciennement&nbsp;molar&nbsp;ou&nbsp;molard, se rencontre r\u00e9guli\u00e8rement dans les Alpes. Le&nbsp;toponyme&nbsp;provient du latin&nbsp;molarum&nbsp;qui d\u00e9signe un hameau install\u00e9 \u00ab&nbsp;sur un mamelon \u2014&nbsp;un sommet arrondi d&rsquo;une colline\/montagne&nbsp;\u2014 ou un petit plateau&nbsp;\u00bb. A noter&nbsp;: il y a deux cols du [&hellip;]<\/p>\n","protected":false},"author":3,"featured_media":83279,"comment_status":"closed","ping_status":"open","sticky":false,"template":"","format":"standard","meta":{"_acf_changed":false,"footnotes":""},"categories":[308],"tags":[],"class_list":["post-82539","post","type-post","status-publish","format-standard","has-post-thumbnail","hentry","category-cols-en-vrac"],"acf":[],"yoast_head":"<!-- This site is optimized with the Yoast SEO plugin v27.2 - https:\/\/yoast.com\/product\/yoast-seo-wordpress\/ -->\n<title>Le col du Mollard - Club des Cent Cols<\/title>\n<meta name=\"robots\" content=\"index, follow, max-snippet:-1, max-image-preview:large, max-video-preview:-1\" \/>\n<link rel=\"canonical\" href=\"https:\/\/centcols.org\/de\/der-col-du-mollard\/\" \/>\n<meta property=\"og:locale\" content=\"de_DE\" \/>\n<meta property=\"og:type\" content=\"article\" \/>\n<meta property=\"og:title\" content=\"Le col du Mollard - Club des Cent Cols\" \/>\n<meta property=\"og:description\" content=\"Toponymie Le col du Mollard FR-73-1638 a un toponyme qui se rencontre r\u00e9guli\u00e8rement dans les Alpes Le nom de&nbsp;Mollard, dans \u00e9crit anciennement&nbsp;molar&nbsp;ou&nbsp;molard, se rencontre r\u00e9guli\u00e8rement dans les Alpes. Le&nbsp;toponyme&nbsp;provient du latin&nbsp;molarum&nbsp;qui d\u00e9signe un hameau install\u00e9 \u00ab&nbsp;sur un mamelon \u2014&nbsp;un sommet arrondi d&rsquo;une colline\/montagne&nbsp;\u2014 ou un petit plateau&nbsp;\u00bb. A noter&nbsp;: il y a deux cols du [&hellip;]\" \/>\n<meta property=\"og:url\" content=\"https:\/\/centcols.org\/de\/der-col-du-mollard\/\" \/>\n<meta property=\"og:site_name\" content=\"Club des Cent Cols\" \/>\n<meta property=\"article:publisher\" content=\"https:\/\/www.facebook.com\/groups\/5261880558\/?locale=fr_FR\" \/>\n<meta property=\"article:published_time\" content=\"2023-08-20T10:49:03+00:00\" \/>\n<meta property=\"article:modified_time\" content=\"2026-01-16T08:29:20+00:00\" \/>\n<meta property=\"og:image\" content=\"https:\/\/centcols.org\/wp-content\/uploads\/2023\/08\/mollardjpg.jpg\" \/>\n\t<meta property=\"og:image:width\" content=\"1200\" \/>\n\t<meta property=\"og:image:height\" content=\"675\" \/>\n\t<meta property=\"og:image:type\" content=\"image\/jpeg\" \/>\n<meta name=\"author\" content=\"Webmestre\" \/>\n<meta name=\"twitter:card\" content=\"summary_large_image\" \/>\n<meta name=\"twitter:label1\" content=\"Verfasst von\" \/>\n\t<meta name=\"twitter:data1\" content=\"Webmestre\" \/>\n\t<meta name=\"twitter:label2\" content=\"Gesch\u00e4tzte Lesezeit\" \/>\n\t<meta name=\"twitter:data2\" content=\"6\u00a0Minuten\" \/>\n<script type=\"application\/ld+json\" class=\"yoast-schema-graph\">{\"@context\":\"https:\/\/schema.org\",\"@graph\":[{\"@type\":\"Article\",\"@id\":\"https:\/\/centcols.org\/le-col-du-mollard\/#article\",\"isPartOf\":{\"@id\":\"https:\/\/centcols.org\/le-col-du-mollard\/\"},\"author\":{\"name\":\"Webmestre\",\"@id\":\"https:\/\/centcols.org\/#\/schema\/person\/911b404fb133d8c913dd27cdcf71c8e5\"},\"headline\":\"Le col du Mollard\",\"datePublished\":\"2023-08-20T10:49:03+00:00\",\"dateModified\":\"2026-01-16T08:29:20+00:00\",\"mainEntityOfPage\":{\"@id\":\"https:\/\/centcols.org\/le-col-du-mollard\/\"},\"wordCount\":692,\"publisher\":{\"@id\":\"https:\/\/centcols.org\/#organization\"},\"image\":{\"@id\":\"https:\/\/centcols.org\/le-col-du-mollard\/#primaryimage\"},\"thumbnailUrl\":\"https:\/\/centcols.org\/wp-content\/uploads\/2023\/08\/mollardjpg.jpg\",\"articleSection\":[\"Cols en vrac\"],\"inLanguage\":\"de\"},{\"@type\":\"WebPage\",\"@id\":\"https:\/\/centcols.org\/le-col-du-mollard\/\",\"url\":\"https:\/\/centcols.org\/le-col-du-mollard\/\",\"name\":\"Le col du Mollard - Club des Cent Cols\",\"isPartOf\":{\"@id\":\"https:\/\/centcols.org\/#website\"},\"primaryImageOfPage\":{\"@id\":\"https:\/\/centcols.org\/le-col-du-mollard\/#primaryimage\"},\"image\":{\"@id\":\"https:\/\/centcols.org\/le-col-du-mollard\/#primaryimage\"},\"thumbnailUrl\":\"https:\/\/centcols.org\/wp-content\/uploads\/2023\/08\/mollardjpg.jpg\",\"datePublished\":\"2023-08-20T10:49:03+00:00\",\"dateModified\":\"2026-01-16T08:29:20+00:00\",\"breadcrumb\":{\"@id\":\"https:\/\/centcols.org\/le-col-du-mollard\/#breadcrumb\"},\"inLanguage\":\"de\",\"potentialAction\":[{\"@type\":\"ReadAction\",\"target\":[\"https:\/\/centcols.org\/le-col-du-mollard\/\"]}]},{\"@type\":\"ImageObject\",\"inLanguage\":\"de\",\"@id\":\"https:\/\/centcols.org\/le-col-du-mollard\/#primaryimage\",\"url\":\"https:\/\/centcols.org\/wp-content\/uploads\/2023\/08\/mollardjpg.jpg\",\"contentUrl\":\"https:\/\/centcols.org\/wp-content\/uploads\/2023\/08\/mollardjpg.jpg\",\"width\":1200,\"height\":675},{\"@type\":\"BreadcrumbList\",\"@id\":\"https:\/\/centcols.org\/le-col-du-mollard\/#breadcrumb\",\"itemListElement\":[{\"@type\":\"ListItem\",\"position\":1,\"name\":\"Accueil\",\"item\":\"https:\/\/centcols.org\/\"},{\"@type\":\"ListItem\",\"position\":2,\"name\":\"Cols en vrac\",\"item\":\"https:\/\/centcols.org\/rubrique\/cols-en-vrac\/\"},{\"@type\":\"ListItem\",\"position\":3,\"name\":\"Le col du Mollard\"}]},{\"@type\":\"WebSite\",\"@id\":\"https:\/\/centcols.org\/#website\",\"url\":\"https:\/\/centcols.org\/\",\"name\":\"Club des Cent Cols\",\"description\":\"\",\"publisher\":{\"@id\":\"https:\/\/centcols.org\/#organization\"},\"potentialAction\":[{\"@type\":\"SearchAction\",\"target\":{\"@type\":\"EntryPoint\",\"urlTemplate\":\"https:\/\/centcols.org\/?s={search_term_string}\"},\"query-input\":{\"@type\":\"PropertyValueSpecification\",\"valueRequired\":true,\"valueName\":\"search_term_string\"}}],\"inLanguage\":\"de\"},{\"@type\":\"Organization\",\"@id\":\"https:\/\/centcols.org\/#organization\",\"name\":\"Club des Cent Cols\",\"url\":\"https:\/\/centcols.org\/\",\"logo\":{\"@type\":\"ImageObject\",\"inLanguage\":\"de\",\"@id\":\"https:\/\/centcols.org\/#\/schema\/logo\/image\/\",\"url\":\"https:\/\/centcols.org\/wp-content\/uploads\/2025\/01\/carte-icone.png\",\"contentUrl\":\"https:\/\/centcols.org\/wp-content\/uploads\/2025\/01\/carte-icone.png\",\"width\":250,\"height\":250,\"caption\":\"Club des Cent Cols\"},\"image\":{\"@id\":\"https:\/\/centcols.org\/#\/schema\/logo\/image\/\"},\"sameAs\":[\"https:\/\/www.facebook.com\/groups\/5261880558\/?locale=fr_FR\"]},{\"@type\":\"Person\",\"@id\":\"https:\/\/centcols.org\/#\/schema\/person\/911b404fb133d8c913dd27cdcf71c8e5\",\"name\":\"Webmestre\",\"image\":{\"@type\":\"ImageObject\",\"inLanguage\":\"de\",\"@id\":\"https:\/\/centcols.org\/wp-content\/litespeed\/avatar\/2d246e4b6b4f773e08515e1ffc53690b.jpg?ver=1777222892\",\"url\":\"https:\/\/centcols.org\/wp-content\/litespeed\/avatar\/2d246e4b6b4f773e08515e1ffc53690b.jpg?ver=1777222892\",\"contentUrl\":\"https:\/\/centcols.org\/wp-content\/litespeed\/avatar\/2d246e4b6b4f773e08515e1ffc53690b.jpg?ver=1777222892\",\"caption\":\"Webmestre\"},\"url\":\"https:\/\/centcols.org\/de\/author\/webmestre\/\"}]}<\/script>\n<!-- \/ Yoast SEO plugin. -->","yoast_head_json":{"title":"Der Col du Mollard - Club des Cent Cols","robots":{"index":"index","follow":"follow","max-snippet":"max-snippet:-1","max-image-preview":"max-image-preview:large","max-video-preview":"max-video-preview:-1"},"canonical":"https:\/\/centcols.org\/de\/der-col-du-mollard\/","og_locale":"de_DE","og_type":"article","og_title":"Le col du Mollard - Club des Cent Cols","og_description":"Toponymie Le col du Mollard FR-73-1638 a un toponyme qui se rencontre r\u00e9guli\u00e8rement dans les Alpes Le nom de&nbsp;Mollard, dans \u00e9crit anciennement&nbsp;molar&nbsp;ou&nbsp;molard, se rencontre r\u00e9guli\u00e8rement dans les Alpes. Le&nbsp;toponyme&nbsp;provient du latin&nbsp;molarum&nbsp;qui d\u00e9signe un hameau install\u00e9 \u00ab&nbsp;sur un mamelon \u2014&nbsp;un sommet arrondi d&rsquo;une colline\/montagne&nbsp;\u2014 ou un petit plateau&nbsp;\u00bb. A noter&nbsp;: il y a deux cols du [&hellip;]","og_url":"https:\/\/centcols.org\/de\/der-col-du-mollard\/","og_site_name":"Club des Cent Cols","article_publisher":"https:\/\/www.facebook.com\/groups\/5261880558\/?locale=fr_FR","article_published_time":"2023-08-20T10:49:03+00:00","article_modified_time":"2026-01-16T08:29:20+00:00","og_image":[{"width":1200,"height":675,"url":"https:\/\/centcols.org\/wp-content\/uploads\/2023\/08\/mollardjpg.jpg","type":"image\/jpeg"}],"author":"Webmestre","twitter_card":"summary_large_image","twitter_misc":{"Verfasst von":"Webmestre","Gesch\u00e4tzte Lesezeit":"6\u00a0Minuten"},"schema":{"@context":"https:\/\/schema.org","@graph":[{"@type":"Article","@id":"https:\/\/centcols.org\/le-col-du-mollard\/#article","isPartOf":{"@id":"https:\/\/centcols.org\/le-col-du-mollard\/"},"author":{"name":"Webmestre","@id":"https:\/\/centcols.org\/#\/schema\/person\/911b404fb133d8c913dd27cdcf71c8e5"},"headline":"Le col du Mollard","datePublished":"2023-08-20T10:49:03+00:00","dateModified":"2026-01-16T08:29:20+00:00","mainEntityOfPage":{"@id":"https:\/\/centcols.org\/le-col-du-mollard\/"},"wordCount":692,"publisher":{"@id":"https:\/\/centcols.org\/#organization"},"image":{"@id":"https:\/\/centcols.org\/le-col-du-mollard\/#primaryimage"},"thumbnailUrl":"https:\/\/centcols.org\/wp-content\/uploads\/2023\/08\/mollardjpg.jpg","articleSection":["Cols en vrac"],"inLanguage":"de"},{"@type":"WebPage","@id":"https:\/\/centcols.org\/le-col-du-mollard\/","url":"https:\/\/centcols.org\/le-col-du-mollard\/","name":"Der Col du Mollard - Club des Cent Cols","isPartOf":{"@id":"https:\/\/centcols.org\/#website"},"primaryImageOfPage":{"@id":"https:\/\/centcols.org\/le-col-du-mollard\/#primaryimage"},"image":{"@id":"https:\/\/centcols.org\/le-col-du-mollard\/#primaryimage"},"thumbnailUrl":"https:\/\/centcols.org\/wp-content\/uploads\/2023\/08\/mollardjpg.jpg","datePublished":"2023-08-20T10:49:03+00:00","dateModified":"2026-01-16T08:29:20+00:00","breadcrumb":{"@id":"https:\/\/centcols.org\/le-col-du-mollard\/#breadcrumb"},"inLanguage":"de","potentialAction":[{"@type":"ReadAction","target":["https:\/\/centcols.org\/le-col-du-mollard\/"]}]},{"@type":"ImageObject","inLanguage":"de","@id":"https:\/\/centcols.org\/le-col-du-mollard\/#primaryimage","url":"https:\/\/centcols.org\/wp-content\/uploads\/2023\/08\/mollardjpg.jpg","contentUrl":"https:\/\/centcols.org\/wp-content\/uploads\/2023\/08\/mollardjpg.jpg","width":1200,"height":675},{"@type":"BreadcrumbList","@id":"https:\/\/centcols.org\/le-col-du-mollard\/#breadcrumb","itemListElement":[{"@type":"ListItem","position":1,"name":"Accueil","item":"https:\/\/centcols.org\/"},{"@type":"ListItem","position":2,"name":"Cols en vrac","item":"https:\/\/centcols.org\/rubrique\/cols-en-vrac\/"},{"@type":"ListItem","position":3,"name":"Le col du Mollard"}]},{"@type":"WebSite","@id":"https:\/\/centcols.org\/#website","url":"https:\/\/centcols.org\/","name":"Club des Cent Cols","description":"","publisher":{"@id":"https:\/\/centcols.org\/#organization"},"potentialAction":[{"@type":"SearchAction","target":{"@type":"EntryPoint","urlTemplate":"https:\/\/centcols.org\/?s={search_term_string}"},"query-input":{"@type":"PropertyValueSpecification","valueRequired":true,"valueName":"search_term_string"}}],"inLanguage":"de"},{"@type":"Organization","@id":"https:\/\/centcols.org\/#organization","name":"Club des Cent Cols","url":"https:\/\/centcols.org\/","logo":{"@type":"ImageObject","inLanguage":"de","@id":"https:\/\/centcols.org\/#\/schema\/logo\/image\/","url":"https:\/\/centcols.org\/wp-content\/uploads\/2025\/01\/carte-icone.png","contentUrl":"https:\/\/centcols.org\/wp-content\/uploads\/2025\/01\/carte-icone.png","width":250,"height":250,"caption":"Club des Cent Cols"},"image":{"@id":"https:\/\/centcols.org\/#\/schema\/logo\/image\/"},"sameAs":["https:\/\/www.facebook.com\/groups\/5261880558\/?locale=fr_FR"]},{"@type":"Person","@id":"https:\/\/centcols.org\/#\/schema\/person\/911b404fb133d8c913dd27cdcf71c8e5","name":"Webmaster","image":{"@type":"ImageObject","inLanguage":"de","@id":"https:\/\/centcols.org\/wp-content\/litespeed\/avatar\/2d246e4b6b4f773e08515e1ffc53690b.jpg?ver=1777222892","url":"https:\/\/centcols.org\/wp-content\/litespeed\/avatar\/2d246e4b6b4f773e08515e1ffc53690b.jpg?ver=1777222892","contentUrl":"https:\/\/centcols.org\/wp-content\/litespeed\/avatar\/2d246e4b6b4f773e08515e1ffc53690b.jpg?ver=1777222892","caption":"Webmestre"},"url":"https:\/\/centcols.org\/de\/author\/webmestre\/"}]}},"_links":{"self":[{"href":"https:\/\/centcols.org\/de\/wp-json\/wp\/v2\/posts\/82539","targetHints":{"allow":["GET"]}}],"collection":[{"href":"https:\/\/centcols.org\/de\/wp-json\/wp\/v2\/posts"}],"about":[{"href":"https:\/\/centcols.org\/de\/wp-json\/wp\/v2\/types\/post"}],"author":[{"embeddable":true,"href":"https:\/\/centcols.org\/de\/wp-json\/wp\/v2\/users\/3"}],"replies":[{"embeddable":true,"href":"https:\/\/centcols.org\/de\/wp-json\/wp\/v2\/comments?post=82539"}],"version-history":[{"count":0,"href":"https:\/\/centcols.org\/de\/wp-json\/wp\/v2\/posts\/82539\/revisions"}],"wp:featuredmedia":[{"embeddable":true,"href":"https:\/\/centcols.org\/de\/wp-json\/wp\/v2\/media\/83279"}],"wp:attachment":[{"href":"https:\/\/centcols.org\/de\/wp-json\/wp\/v2\/media?parent=82539"}],"wp:term":[{"taxonomy":"category","embeddable":true,"href":"https:\/\/centcols.org\/de\/wp-json\/wp\/v2\/categories?post=82539"},{"taxonomy":"post_tag","embeddable":true,"href":"https:\/\/centcols.org\/de\/wp-json\/wp\/v2\/tags?post=82539"}],"curies":[{"name":"wp","href":"https:\/\/api.w.org\/{rel}","templated":true}]}}