{"id":82540,"date":"2023-08-23T12:48:33","date_gmt":"2023-08-23T10:48:33","guid":{"rendered":"https:\/\/centcols.org\/le-collet-du-plan-nicolas\/"},"modified":"2025-10-30T10:27:42","modified_gmt":"2025-10-30T08:27:42","slug":"le-collet-du-plan-nicolas","status":"publish","type":"post","link":"https:\/\/centcols.org\/de\/le-collet-du-plan-nicolas\/","title":{"rendered":"Der Collet du Plan Nicolas"},"content":{"rendered":"<figure class=\"wp-block-image size-full is-resized\"><img loading=\"lazy\" decoding=\"async\" width=\"720\" height=\"604\" src=\"https:\/\/centcols.org\/wp-content\/uploads\/2023\/08\/Carte1.jpg\" alt=\"\" class=\"wp-image-89729\" style=\"width:600px\" srcset=\"https:\/\/centcols.org\/wp-content\/uploads\/2023\/08\/Carte1.jpg 720w, https:\/\/centcols.org\/wp-content\/uploads\/2023\/08\/Carte1-14x12.jpg 14w\" sizes=\"auto, (max-width: 720px) 100vw, 720px\" \/><\/figure>\n\n\n\n<h2 class=\"wp-block-heading\">Ortsnamenkunde<\/h2>\n\n\n\n<p class=\"has-medium-font-size\">Der Collet du Plan Nicolas (<a href=\"\/de\/util\/geo\/visu.php\/?code=FR-73-2406\" target=\"_blank\" rel=\"noopener\" title=\"\">DE-73-2406<\/a>) ist gleichnamig mit einem Gebiet, das sich nordwestlich des Passes befindet (siehe Karte oben).<\/p>\n\n\n\n<p class=\"has-medium-font-size\">Er wird auch Col du Colomban Noir genannt (Geo-alp)<\/p>\n\n\n\n<h2 class=\"wp-block-heading\">Geographische Lage<\/h2>\n\n\n\n<h3 class=\"wp-block-heading\">Massiv<\/h3>\n\n\n\n<p class=\"has-medium-font-size\">Der Collet de Plan Nicolas liegt im Osten des <strong><a href=\"https:\/\/fr.wikipedia.org\/wiki\/Massif_des_Arves\" target=\"_blank\" rel=\"noopener\" title=\"\">Arves-Massiv<\/a><\/strong>.<\/p>\n\n\n\n<p class=\"has-medium-font-size\">Der Gipfel des Colomban Noir (auf ca. 2500 m) befindet sich unmittelbar n\u00f6rdlich des Collet.<\/p>\n\n\n\n<p class=\"has-medium-font-size\">Unterhalb des Colomban Noir zeigt die IGN-Karte (siehe oben) im Nordwesten ein Gebiet mit dem Namen \u00abPlan Nicolas\u00bb.\u00bb<\/p>\n\n\n\n<h3 class=\"wp-block-heading\">Hydrographie<\/h3>\n\n\n\n<p class=\"has-medium-font-size\">Der Pass trennt das Tal der Valloirette, Nordhang der Galibierstra\u00dfe, vom Tal des Torrent de la Lauzette, einem Nebenfluss der Valloirette oberhalb von Bonnenuit.<\/p>\n\n\n\n<h3 class=\"wp-block-heading\">Zugang<\/h3>\n\n\n\n<p class=\"has-medium-font-size\">Der Collet du Plan Nicolas kann beim Aufstieg zum Galibier \u00fcberquert werden, 5 km nach Plan Lachat und 3 km vom Gipfel entfernt.<\/p>\n\n\n\n<p class=\"has-medium-font-size\">&nbsp;L<em>er geografische Pass liegt nur wenige Meter entfernt, an der B\u00f6schung rechts von der Stra\u00dfe<\/em>.<\/p>\n\n\n<div class=\"wp-block-image\">\n<figure class=\"aligncenter size-full\"><img loading=\"lazy\" decoding=\"async\" width=\"789\" height=\"520\" src=\"https:\/\/centcols.org\/wp-content\/uploads\/2023\/08\/Carte2-11.png\" alt=\"\" class=\"wp-image-89730\" srcset=\"https:\/\/centcols.org\/wp-content\/uploads\/2023\/08\/Carte2-11.png 789w, https:\/\/centcols.org\/wp-content\/uploads\/2023\/08\/Carte2-11-768x506.png 768w, https:\/\/centcols.org\/wp-content\/uploads\/2023\/08\/Carte2-11-18x12.png 18w\" sizes=\"auto, (max-width: 789px) 100vw, 789px\" \/><\/figure>\n<\/div>\n\n<div class=\"wp-block-image is-resized\">\n<figure class=\"aligncenter size-full\"><img loading=\"lazy\" decoding=\"async\" width=\"800\" height=\"600\" src=\"https:\/\/centcols.org\/wp-content\/uploads\/2023\/08\/Photo11.jpg\" alt=\"\" class=\"wp-image-89732\" srcset=\"https:\/\/centcols.org\/wp-content\/uploads\/2023\/08\/Photo11.jpg 800w, https:\/\/centcols.org\/wp-content\/uploads\/2023\/08\/Photo11-768x576.jpg 768w, https:\/\/centcols.org\/wp-content\/uploads\/2023\/08\/Photo11-16x12.jpg 16w\" sizes=\"auto, (max-width: 800px) 100vw, 800px\" \/><figcaption class=\"wp-element-caption\"><strong>Der Collet du Plan Nicolas von der Galibier-Stra\u00dfe aus (Foto: cols visualizer - Club des Cent Cols)<\/strong><\/figcaption><\/figure>\n<\/div>\n\n<div class=\"wp-block-image is-resized\">\n<figure class=\"aligncenter size-full\"><img loading=\"lazy\" decoding=\"async\" width=\"800\" height=\"600\" src=\"https:\/\/centcols.org\/wp-content\/uploads\/2023\/08\/Photo21.jpg\" alt=\"\" class=\"wp-image-89733\" srcset=\"https:\/\/centcols.org\/wp-content\/uploads\/2023\/08\/Photo21.jpg 800w, https:\/\/centcols.org\/wp-content\/uploads\/2023\/08\/Photo21-768x576.jpg 768w, https:\/\/centcols.org\/wp-content\/uploads\/2023\/08\/Photo21-16x12.jpg 16w\" sizes=\"auto, (max-width: 800px) 100vw, 800px\" \/><figcaption class=\"wp-element-caption\"><strong>Vom Collet du Plan Nicolas in Richtung Osten <em>(Quelle: Website von Patrick Schleppi)<br><\/em>Die Galibier-Route<\/strong> <strong>rechts<\/strong><\/figcaption><\/figure>\n<\/div>\n\n\n<h2 class=\"wp-block-heading\">Sehenswertes - Tourismus&nbsp;<\/h2>\n\n\n\n<div class=\"wp-block-media-text has-media-on-the-right is-stacked-on-mobile\" style=\"grid-template-columns:auto 40%\"><div class=\"wp-block-media-text__content\">\n<p>In Les Granges du Galibier (H\u00f6he 2300 m), rechts im Anstieg, 1,6 km unterhalb von Le Collet findet man :<\/p>\n\n\n\n<ul class=\"wp-block-list\">\n<li>eine Stele \u00abPantani Forever\u00bb zu Ehren des italienischen Bergfahrers Marco Pantani (verstorben 2004). Sie wurde im Juni 2011 genau an der Stelle eingeweiht, an der er bei der Tour de France am 27. Juli 1998 angriff und Jan Ulrich um fast 9 Minuten distanzierte.<\/li>\n\n\n\n<li>Der Laden in der&nbsp;<strong>Kooperative K\u00e4serei des Arves-Tals<\/strong> (ge\u00f6ffnet von Mitte Juni bis Mitte September). Beaufort schmeckt gut!<\/li>\n<\/ul>\n<\/div><figure class=\"wp-block-media-text__media\"><img loading=\"lazy\" decoding=\"async\" width=\"1200\" height=\"930\" src=\"https:\/\/centcols.org\/wp-content\/uploads\/2023\/08\/Valloire_Stele_Marco_Pantani-1200x9301-1.jpg\" alt=\"\" class=\"wp-image-83323 size-full\" srcset=\"https:\/\/centcols.org\/wp-content\/uploads\/2023\/08\/Valloire_Stele_Marco_Pantani-1200x9301-1.jpg 1200w, https:\/\/centcols.org\/wp-content\/uploads\/2023\/08\/Valloire_Stele_Marco_Pantani-1200x9301-1-768x595.jpg 768w, https:\/\/centcols.org\/wp-content\/uploads\/2023\/08\/Valloire_Stele_Marco_Pantani-1200x9301-1-15x12.jpg 15w\" sizes=\"auto, (max-width: 1200px) 100vw, 1200px\" \/><\/figure><\/div>\n\n\n\n<h2 class=\"wp-block-heading\">Radfahren und Fahrradtourismus<\/h2>\n\n\n\n<p class=\"has-medium-font-size\">Es ist unn\u00f6tig, daran zu erinnern, dass jedes Mal, wenn ein Rennen \u00fcber den Col du Galibier f\u00fchrte, es am Collet du Plan Nicolas vorbeikam.<\/p>\n\n\n<div class=\"wp-block-image is-resized\">\n<figure class=\"aligncenter size-full\"><img loading=\"lazy\" decoding=\"async\" width=\"1200\" height=\"900\" src=\"https:\/\/centcols.org\/wp-content\/uploads\/2023\/08\/Photo3-1200x9001-1.jpg\" alt=\"\" class=\"wp-image-83277\" style=\"width:800px\" srcset=\"https:\/\/centcols.org\/wp-content\/uploads\/2023\/08\/Photo3-1200x9001-1.jpg 1200w, https:\/\/centcols.org\/wp-content\/uploads\/2023\/08\/Photo3-1200x9001-1-768x576.jpg 768w, https:\/\/centcols.org\/wp-content\/uploads\/2023\/08\/Photo3-1200x9001-1-16x12.jpg 16w\" sizes=\"auto, (max-width: 1200px) 100vw, 1200px\" \/><\/figure>\n<\/div>\n\n\n<blockquote class=\"wp-block-quote is-layout-flow wp-block-quote-is-layout-flow\">\n<p class=\"has-medium-font-size\">am 24. Juli 2013 hatte ich das Vergn\u00fcgen, drei Pr\u00e4sidenten des Club des Cents cols beim Aufstieg zum Galibier zu begleiten, die sich hier am Collet de Plan Nicolas anl\u00e4sslich des 80. Geburtstags von Henri Dusseau versammelt hatten. Von links nach rechts<\/p>\n<\/blockquote>\n\n\n\n<ul class=\"wp-block-list\">\n<li>R\u00e9gis Paraz (amtierender Vorsitzender im Jahr 2013),<\/li>\n\n\n\n<li>Henri Dusseau (Pr\u00e4sident Honoris Causa)<\/li>\n\n\n\n<li>Jean Perdoux (Gr\u00fcndungspr\u00e4sident des \"Club des Cent Cols\").<\/li>\n<\/ul>\n\n\n\n<h3 class=\"wp-block-heading\">Profil<\/h3>\n\n\n<div class=\"wp-block-image is-resized\">\n<figure class=\"aligncenter size-full\"><img loading=\"lazy\" decoding=\"async\" width=\"384\" height=\"768\" src=\"https:\/\/centcols.org\/wp-content\/uploads\/2023\/08\/Photo41.jpg\" alt=\"\" class=\"wp-image-89734\" style=\"width:auto;height:500px\" srcset=\"https:\/\/centcols.org\/wp-content\/uploads\/2023\/08\/Photo41.jpg 384w, https:\/\/centcols.org\/wp-content\/uploads\/2023\/08\/Photo41-6x12.jpg 6w\" sizes=\"auto, (max-width: 384px) 100vw, 384px\" \/><\/figure>\n<\/div>\n\n\n<p class=\"has-text-align-right\"><em><em>Ein Artikel von G\u00e9rard Galland <\/em><\/em><\/p>","protected":false},"excerpt":{"rendered":"<p>Toponymie Le collet du Plan Nicolas (FR-73-2406) est \u00e9ponyme d\u2019une zone situ\u00e9e au nord-ouest du col. (voir carte ci-dessus). Il est \u00e9galement nomm\u00e9 Col du Colomban Noir (Geo-alp) Situation g\u00e9ographique Massif Le Collet de Plan Nicolas est situ\u00e9 \u00e0 l\u2019est du massif des Arves. Le sommet du Colomban Noir (\u00e0 environ 2500 m) est situ\u00e9 [&hellip;]<\/p>\n","protected":false},"author":3,"featured_media":79614,"comment_status":"closed","ping_status":"closed","sticky":false,"template":"","format":"standard","meta":{"_acf_changed":false,"footnotes":""},"categories":[308],"tags":[],"class_list":["post-82540","post","type-post","status-publish","format-standard","has-post-thumbnail","hentry","category-cols-en-vrac"],"acf":[],"yoast_head":"<!-- This site is optimized with the Yoast SEO plugin v27.2 - https:\/\/yoast.com\/product\/yoast-seo-wordpress\/ -->\n<title>Le collet du Plan Nicolas - Club des Cent Cols<\/title>\n<meta name=\"robots\" content=\"index, follow, max-snippet:-1, max-image-preview:large, max-video-preview:-1\" \/>\n<link rel=\"canonical\" href=\"https:\/\/centcols.org\/de\/le-collet-du-plan-nicolas\/\" \/>\n<meta property=\"og:locale\" content=\"de_DE\" \/>\n<meta property=\"og:type\" content=\"article\" \/>\n<meta property=\"og:title\" content=\"Le collet du Plan Nicolas - Club des Cent Cols\" \/>\n<meta property=\"og:description\" content=\"Toponymie Le collet du Plan Nicolas (FR-73-2406) est \u00e9ponyme d\u2019une zone situ\u00e9e au nord-ouest du col. (voir carte ci-dessus). Il est \u00e9galement nomm\u00e9 Col du Colomban Noir (Geo-alp) Situation g\u00e9ographique Massif Le Collet de Plan Nicolas est situ\u00e9 \u00e0 l\u2019est du massif des Arves. Le sommet du Colomban Noir (\u00e0 environ 2500 m) est situ\u00e9 [&hellip;]\" \/>\n<meta property=\"og:url\" content=\"https:\/\/centcols.org\/de\/le-collet-du-plan-nicolas\/\" \/>\n<meta property=\"og:site_name\" content=\"Club des Cent Cols\" \/>\n<meta property=\"article:publisher\" content=\"https:\/\/www.facebook.com\/groups\/5261880558\/?locale=fr_FR\" \/>\n<meta property=\"article:published_time\" content=\"2023-08-23T10:48:33+00:00\" \/>\n<meta property=\"article:modified_time\" content=\"2025-10-30T08:27:42+00:00\" \/>\n<meta property=\"og:image\" content=\"https:\/\/centcols.org\/wp-content\/uploads\/2025\/02\/plannicolas.jpg\" \/>\n\t<meta property=\"og:image:width\" content=\"1200\" \/>\n\t<meta property=\"og:image:height\" content=\"675\" \/>\n\t<meta property=\"og:image:type\" content=\"image\/jpeg\" \/>\n<meta name=\"author\" content=\"Webmestre\" \/>\n<meta name=\"twitter:card\" content=\"summary_large_image\" \/>\n<meta name=\"twitter:label1\" content=\"Verfasst von\" \/>\n\t<meta name=\"twitter:data1\" content=\"Webmestre\" \/>\n\t<meta name=\"twitter:label2\" content=\"Gesch\u00e4tzte Lesezeit\" \/>\n\t<meta name=\"twitter:data2\" content=\"4\u00a0Minuten\" \/>\n<script type=\"application\/ld+json\" class=\"yoast-schema-graph\">{\"@context\":\"https:\/\/schema.org\",\"@graph\":[{\"@type\":\"Article\",\"@id\":\"https:\/\/centcols.org\/le-collet-du-plan-nicolas\/#article\",\"isPartOf\":{\"@id\":\"https:\/\/centcols.org\/le-collet-du-plan-nicolas\/\"},\"author\":{\"name\":\"Webmestre\",\"@id\":\"https:\/\/centcols.org\/#\/schema\/person\/911b404fb133d8c913dd27cdcf71c8e5\"},\"headline\":\"Le collet du Plan Nicolas\",\"datePublished\":\"2023-08-23T10:48:33+00:00\",\"dateModified\":\"2025-10-30T08:27:42+00:00\",\"mainEntityOfPage\":{\"@id\":\"https:\/\/centcols.org\/le-collet-du-plan-nicolas\/\"},\"wordCount\":404,\"publisher\":{\"@id\":\"https:\/\/centcols.org\/#organization\"},\"image\":{\"@id\":\"https:\/\/centcols.org\/le-collet-du-plan-nicolas\/#primaryimage\"},\"thumbnailUrl\":\"https:\/\/centcols.org\/wp-content\/uploads\/2025\/02\/plannicolas.jpg\",\"articleSection\":[\"Cols en vrac\"],\"inLanguage\":\"de\"},{\"@type\":\"WebPage\",\"@id\":\"https:\/\/centcols.org\/le-collet-du-plan-nicolas\/\",\"url\":\"https:\/\/centcols.org\/le-collet-du-plan-nicolas\/\",\"name\":\"Le collet du Plan Nicolas - Club des Cent Cols\",\"isPartOf\":{\"@id\":\"https:\/\/centcols.org\/#website\"},\"primaryImageOfPage\":{\"@id\":\"https:\/\/centcols.org\/le-collet-du-plan-nicolas\/#primaryimage\"},\"image\":{\"@id\":\"https:\/\/centcols.org\/le-collet-du-plan-nicolas\/#primaryimage\"},\"thumbnailUrl\":\"https:\/\/centcols.org\/wp-content\/uploads\/2025\/02\/plannicolas.jpg\",\"datePublished\":\"2023-08-23T10:48:33+00:00\",\"dateModified\":\"2025-10-30T08:27:42+00:00\",\"breadcrumb\":{\"@id\":\"https:\/\/centcols.org\/le-collet-du-plan-nicolas\/#breadcrumb\"},\"inLanguage\":\"de\",\"potentialAction\":[{\"@type\":\"ReadAction\",\"target\":[\"https:\/\/centcols.org\/le-collet-du-plan-nicolas\/\"]}]},{\"@type\":\"ImageObject\",\"inLanguage\":\"de\",\"@id\":\"https:\/\/centcols.org\/le-collet-du-plan-nicolas\/#primaryimage\",\"url\":\"https:\/\/centcols.org\/wp-content\/uploads\/2025\/02\/plannicolas.jpg\",\"contentUrl\":\"https:\/\/centcols.org\/wp-content\/uploads\/2025\/02\/plannicolas.jpg\",\"width\":1200,\"height\":675},{\"@type\":\"BreadcrumbList\",\"@id\":\"https:\/\/centcols.org\/le-collet-du-plan-nicolas\/#breadcrumb\",\"itemListElement\":[{\"@type\":\"ListItem\",\"position\":1,\"name\":\"Accueil\",\"item\":\"https:\/\/centcols.org\/\"},{\"@type\":\"ListItem\",\"position\":2,\"name\":\"Cols en vrac\",\"item\":\"https:\/\/centcols.org\/rubrique\/cols-en-vrac\/\"},{\"@type\":\"ListItem\",\"position\":3,\"name\":\"Le collet du Plan Nicolas\"}]},{\"@type\":\"WebSite\",\"@id\":\"https:\/\/centcols.org\/#website\",\"url\":\"https:\/\/centcols.org\/\",\"name\":\"Club des Cent Cols\",\"description\":\"\",\"publisher\":{\"@id\":\"https:\/\/centcols.org\/#organization\"},\"potentialAction\":[{\"@type\":\"SearchAction\",\"target\":{\"@type\":\"EntryPoint\",\"urlTemplate\":\"https:\/\/centcols.org\/?s={search_term_string}\"},\"query-input\":{\"@type\":\"PropertyValueSpecification\",\"valueRequired\":true,\"valueName\":\"search_term_string\"}}],\"inLanguage\":\"de\"},{\"@type\":\"Organization\",\"@id\":\"https:\/\/centcols.org\/#organization\",\"name\":\"Club des Cent Cols\",\"url\":\"https:\/\/centcols.org\/\",\"logo\":{\"@type\":\"ImageObject\",\"inLanguage\":\"de\",\"@id\":\"https:\/\/centcols.org\/#\/schema\/logo\/image\/\",\"url\":\"https:\/\/centcols.org\/wp-content\/uploads\/2025\/01\/carte-icone.png\",\"contentUrl\":\"https:\/\/centcols.org\/wp-content\/uploads\/2025\/01\/carte-icone.png\",\"width\":250,\"height\":250,\"caption\":\"Club des Cent Cols\"},\"image\":{\"@id\":\"https:\/\/centcols.org\/#\/schema\/logo\/image\/\"},\"sameAs\":[\"https:\/\/www.facebook.com\/groups\/5261880558\/?locale=fr_FR\"]},{\"@type\":\"Person\",\"@id\":\"https:\/\/centcols.org\/#\/schema\/person\/911b404fb133d8c913dd27cdcf71c8e5\",\"name\":\"Webmestre\",\"image\":{\"@type\":\"ImageObject\",\"inLanguage\":\"de\",\"@id\":\"https:\/\/centcols.org\/wp-content\/litespeed\/avatar\/2d246e4b6b4f773e08515e1ffc53690b.jpg?ver=1777222892\",\"url\":\"https:\/\/centcols.org\/wp-content\/litespeed\/avatar\/2d246e4b6b4f773e08515e1ffc53690b.jpg?ver=1777222892\",\"contentUrl\":\"https:\/\/centcols.org\/wp-content\/litespeed\/avatar\/2d246e4b6b4f773e08515e1ffc53690b.jpg?ver=1777222892\",\"caption\":\"Webmestre\"},\"url\":\"https:\/\/centcols.org\/de\/author\/webmestre\/\"}]}<\/script>\n<!-- \/ Yoast SEO plugin. -->","yoast_head_json":{"title":"Der Collet du Plan Nicolas - Club des Cent Cols","robots":{"index":"index","follow":"follow","max-snippet":"max-snippet:-1","max-image-preview":"max-image-preview:large","max-video-preview":"max-video-preview:-1"},"canonical":"https:\/\/centcols.org\/de\/le-collet-du-plan-nicolas\/","og_locale":"de_DE","og_type":"article","og_title":"Le collet du Plan Nicolas - Club des Cent Cols","og_description":"Toponymie Le collet du Plan Nicolas (FR-73-2406) est \u00e9ponyme d\u2019une zone situ\u00e9e au nord-ouest du col. (voir carte ci-dessus). Il est \u00e9galement nomm\u00e9 Col du Colomban Noir (Geo-alp) Situation g\u00e9ographique Massif Le Collet de Plan Nicolas est situ\u00e9 \u00e0 l\u2019est du massif des Arves. Le sommet du Colomban Noir (\u00e0 environ 2500 m) est situ\u00e9 [&hellip;]","og_url":"https:\/\/centcols.org\/de\/le-collet-du-plan-nicolas\/","og_site_name":"Club des Cent Cols","article_publisher":"https:\/\/www.facebook.com\/groups\/5261880558\/?locale=fr_FR","article_published_time":"2023-08-23T10:48:33+00:00","article_modified_time":"2025-10-30T08:27:42+00:00","og_image":[{"width":1200,"height":675,"url":"https:\/\/centcols.org\/wp-content\/uploads\/2025\/02\/plannicolas.jpg","type":"image\/jpeg"}],"author":"Webmestre","twitter_card":"summary_large_image","twitter_misc":{"Verfasst von":"Webmestre","Gesch\u00e4tzte Lesezeit":"4\u00a0Minuten"},"schema":{"@context":"https:\/\/schema.org","@graph":[{"@type":"Article","@id":"https:\/\/centcols.org\/le-collet-du-plan-nicolas\/#article","isPartOf":{"@id":"https:\/\/centcols.org\/le-collet-du-plan-nicolas\/"},"author":{"name":"Webmestre","@id":"https:\/\/centcols.org\/#\/schema\/person\/911b404fb133d8c913dd27cdcf71c8e5"},"headline":"Le collet du Plan Nicolas","datePublished":"2023-08-23T10:48:33+00:00","dateModified":"2025-10-30T08:27:42+00:00","mainEntityOfPage":{"@id":"https:\/\/centcols.org\/le-collet-du-plan-nicolas\/"},"wordCount":404,"publisher":{"@id":"https:\/\/centcols.org\/#organization"},"image":{"@id":"https:\/\/centcols.org\/le-collet-du-plan-nicolas\/#primaryimage"},"thumbnailUrl":"https:\/\/centcols.org\/wp-content\/uploads\/2025\/02\/plannicolas.jpg","articleSection":["Cols en vrac"],"inLanguage":"de"},{"@type":"WebPage","@id":"https:\/\/centcols.org\/le-collet-du-plan-nicolas\/","url":"https:\/\/centcols.org\/le-collet-du-plan-nicolas\/","name":"Der Collet du Plan Nicolas - Club des Cent Cols","isPartOf":{"@id":"https:\/\/centcols.org\/#website"},"primaryImageOfPage":{"@id":"https:\/\/centcols.org\/le-collet-du-plan-nicolas\/#primaryimage"},"image":{"@id":"https:\/\/centcols.org\/le-collet-du-plan-nicolas\/#primaryimage"},"thumbnailUrl":"https:\/\/centcols.org\/wp-content\/uploads\/2025\/02\/plannicolas.jpg","datePublished":"2023-08-23T10:48:33+00:00","dateModified":"2025-10-30T08:27:42+00:00","breadcrumb":{"@id":"https:\/\/centcols.org\/le-collet-du-plan-nicolas\/#breadcrumb"},"inLanguage":"de","potentialAction":[{"@type":"ReadAction","target":["https:\/\/centcols.org\/le-collet-du-plan-nicolas\/"]}]},{"@type":"ImageObject","inLanguage":"de","@id":"https:\/\/centcols.org\/le-collet-du-plan-nicolas\/#primaryimage","url":"https:\/\/centcols.org\/wp-content\/uploads\/2025\/02\/plannicolas.jpg","contentUrl":"https:\/\/centcols.org\/wp-content\/uploads\/2025\/02\/plannicolas.jpg","width":1200,"height":675},{"@type":"BreadcrumbList","@id":"https:\/\/centcols.org\/le-collet-du-plan-nicolas\/#breadcrumb","itemListElement":[{"@type":"ListItem","position":1,"name":"Accueil","item":"https:\/\/centcols.org\/"},{"@type":"ListItem","position":2,"name":"Cols en vrac","item":"https:\/\/centcols.org\/rubrique\/cols-en-vrac\/"},{"@type":"ListItem","position":3,"name":"Le collet du Plan Nicolas"}]},{"@type":"WebSite","@id":"https:\/\/centcols.org\/#website","url":"https:\/\/centcols.org\/","name":"Club des Cent Cols","description":"","publisher":{"@id":"https:\/\/centcols.org\/#organization"},"potentialAction":[{"@type":"SearchAction","target":{"@type":"EntryPoint","urlTemplate":"https:\/\/centcols.org\/?s={search_term_string}"},"query-input":{"@type":"PropertyValueSpecification","valueRequired":true,"valueName":"search_term_string"}}],"inLanguage":"de"},{"@type":"Organization","@id":"https:\/\/centcols.org\/#organization","name":"Club des Cent Cols","url":"https:\/\/centcols.org\/","logo":{"@type":"ImageObject","inLanguage":"de","@id":"https:\/\/centcols.org\/#\/schema\/logo\/image\/","url":"https:\/\/centcols.org\/wp-content\/uploads\/2025\/01\/carte-icone.png","contentUrl":"https:\/\/centcols.org\/wp-content\/uploads\/2025\/01\/carte-icone.png","width":250,"height":250,"caption":"Club des Cent Cols"},"image":{"@id":"https:\/\/centcols.org\/#\/schema\/logo\/image\/"},"sameAs":["https:\/\/www.facebook.com\/groups\/5261880558\/?locale=fr_FR"]},{"@type":"Person","@id":"https:\/\/centcols.org\/#\/schema\/person\/911b404fb133d8c913dd27cdcf71c8e5","name":"Webmaster","image":{"@type":"ImageObject","inLanguage":"de","@id":"https:\/\/centcols.org\/wp-content\/litespeed\/avatar\/2d246e4b6b4f773e08515e1ffc53690b.jpg?ver=1777222892","url":"https:\/\/centcols.org\/wp-content\/litespeed\/avatar\/2d246e4b6b4f773e08515e1ffc53690b.jpg?ver=1777222892","contentUrl":"https:\/\/centcols.org\/wp-content\/litespeed\/avatar\/2d246e4b6b4f773e08515e1ffc53690b.jpg?ver=1777222892","caption":"Webmestre"},"url":"https:\/\/centcols.org\/de\/author\/webmestre\/"}]}},"_links":{"self":[{"href":"https:\/\/centcols.org\/de\/wp-json\/wp\/v2\/posts\/82540","targetHints":{"allow":["GET"]}}],"collection":[{"href":"https:\/\/centcols.org\/de\/wp-json\/wp\/v2\/posts"}],"about":[{"href":"https:\/\/centcols.org\/de\/wp-json\/wp\/v2\/types\/post"}],"author":[{"embeddable":true,"href":"https:\/\/centcols.org\/de\/wp-json\/wp\/v2\/users\/3"}],"replies":[{"embeddable":true,"href":"https:\/\/centcols.org\/de\/wp-json\/wp\/v2\/comments?post=82540"}],"version-history":[{"count":0,"href":"https:\/\/centcols.org\/de\/wp-json\/wp\/v2\/posts\/82540\/revisions"}],"wp:featuredmedia":[{"embeddable":true,"href":"https:\/\/centcols.org\/de\/wp-json\/wp\/v2\/media\/79614"}],"wp:attachment":[{"href":"https:\/\/centcols.org\/de\/wp-json\/wp\/v2\/media?parent=82540"}],"wp:term":[{"taxonomy":"category","embeddable":true,"href":"https:\/\/centcols.org\/de\/wp-json\/wp\/v2\/categories?post=82540"},{"taxonomy":"post_tag","embeddable":true,"href":"https:\/\/centcols.org\/de\/wp-json\/wp\/v2\/tags?post=82540"}],"curies":[{"name":"wp","href":"https:\/\/api.w.org\/{rel}","templated":true}]}}